{"id":40738,"date":"2025-03-10T18:44:06","date_gmt":"2025-03-10T21:44:06","guid":{"rendered":"https:\/\/maranhaotv.com.br\/?p=40738"},"modified":"2025-03-10T18:45:41","modified_gmt":"2025-03-10T21:45:41","slug":"carlos-lula-participa-da-posse-de-alexandre-padilha-como-novo-ministro-da-saude","status":"publish","type":"post","link":"https:\/\/maranhaotv.com.br\/index.php\/2025\/03\/10\/carlos-lula-participa-da-posse-de-alexandre-padilha-como-novo-ministro-da-saude\/","title":{"rendered":"Carlos Lula participa da posse de Alexandre Padilha como novo Ministro da Sa\u00fade"},"content":{"rendered":"\n<p><\/p>\n\n\n\n<p><br \/><br \/><em>Deputado maranhense refor\u00e7a compromisso com avan\u00e7os no SUS e elogia foco na redu\u00e7\u00e3o do tempo de espera por atendimento especializado<\/em><br \/><br \/>O deputado estadual Carlos Lula, ex-secret\u00e1rio de Sa\u00fade do Maranh\u00e3o e ex-presidente do Conselho Nacional de Secret\u00e1rios de Sa\u00fade (Conass), participou, nesta segunda-feira (10), da posse do novo Ministro da Sa\u00fade, Alexandre Padilha. O evento, realizado em Bras\u00edlia, marcou a transi\u00e7\u00e3o no comando da pasta, com Padilha assumindo o cargo no lugar de N\u00edsia Trindade.<br \/><br \/>Com uma trajet\u00f3ria reconhecida no fortalecimento do Sistema \u00danico de Sa\u00fade (SUS), Padilha destacou que sua gest\u00e3o ter\u00e1 como principal desafio a redu\u00e7\u00e3o do tempo de espera por atendimentos especializados, um problema hist\u00f3rico no Brasil.<br \/><br \/>\u201cChego ao Minist\u00e9rio da Sa\u00fade com uma obsess\u00e3o: reduzir o tempo de espera para quem precisa de atendimento especializado no nosso pa\u00eds. Assumo o compromisso de trazer esse desafio para o centro de nossas a\u00e7\u00f5es. Al\u00e9m disso, defender a ci\u00eancia e a vida, promover um Brasil mais saud\u00e1vel e valorizar quem trabalha e defende a sa\u00fade\u201d, afirmou o novo ministro.<br \/><br \/>Para acelerar a solu\u00e7\u00e3o do problema, Padilha anunciou que buscar\u00e1 parcerias com o setor privado, aproveitando estruturas existentes e reduzindo gargalos na sa\u00fade p\u00fablica.<br \/><br \/>\u201cVamos fortalecer e envolver a Aten\u00e7\u00e3o Prim\u00e1ria \u00e0 Sa\u00fade. Sem sua pot\u00eancia na coordena\u00e7\u00e3o do cuidado, n\u00e3o se reduz o tempo de espera no atendimento especializado. Al\u00e9m disso, vamos ouvir e buscar apoio do setor privado, utilizando seus servi\u00e7os especializados e diagn\u00f3sticos com capacidade ociosa para construir uma resposta eficaz\u201d, ressaltou.<br \/><br \/>Carlos Lula, que ao longo dos anos mant\u00e9m di\u00e1logo com Padilha, destacou a import\u00e2ncia de medidas que aprimorem a efici\u00eancia do SUS, especialmente no financiamento e na organiza\u00e7\u00e3o da rede.<br \/><br \/>\u201cA fala do ministro Alexandre Padilha foi muito firme e acertada. Ele trouxe para o centro do debate um problema real: a fila por cirurgias e exames no Brasil. O compromisso de rever a Tabela SUS e condicionar o financiamento \u00e0 entrega de mais procedimentos por estados e munic\u00edpios pode transformar o atendimento na rede p\u00fablica. Estou confiante de que o novo ministro trar\u00e1 resultados concretos para a popula\u00e7\u00e3o\u201d, avaliou o deputado.<br \/><br \/>A posse de Padilha refor\u00e7a o compromisso do governo do presidente Lula em continuar avan\u00e7ando na sa\u00fade p\u00fablica, modernizando o SUS e garantindo mais acesso e qualidade no atendimento \u00e0 popula\u00e7\u00e3o.<\/p>\n\n\n\n<figure class=\"wp-block-image size-large\"><img loading=\"lazy\" decoding=\"async\" width=\"765\" height=\"1024\" src=\"https:\/\/maranhaotv.com.br\/wp-content\/uploads\/2025\/03\/img-20250310-wa01495791179060798915546-765x1024.jpg\" alt=\"\" class=\"wp-image-40740\" srcset=\"https:\/\/maranhaotv.com.br\/wp-content\/uploads\/2025\/03\/img-20250310-wa01495791179060798915546-765x1024.jpg 765w, https:\/\/maranhaotv.com.br\/wp-content\/uploads\/2025\/03\/img-20250310-wa01495791179060798915546-224x300.jpg 224w, https:\/\/maranhaotv.com.br\/wp-content\/uploads\/2025\/03\/img-20250310-wa01495791179060798915546-768x1028.jpg 768w, https:\/\/maranhaotv.com.br\/wp-content\/uploads\/2025\/03\/img-20250310-wa01495791179060798915546.jpg 1027w\" sizes=\"auto, (max-width: 765px) 100vw, 765px\" \/><\/figure>\n","protected":false},"excerpt":{"rendered":"<p>Deputado maranhense refor\u00e7a compromisso com avan\u00e7os no SUS e elogia foco na redu\u00e7\u00e3o do tempo de espera por atendimento especializado<\/p>\n","protected":false},"author":2,"featured_media":40737,"comment_status":"open","ping_status":"open","sticky":false,"template":"","format":"standard","meta":{"colormag_page_container_layout":"default_layout","colormag_page_sidebar_layout":"default_layout","_jetpack_memberships_contains_paid_content":false,"footnotes":""},"categories":[2],"tags":[],"class_list":["post-40738","post","type-post","status-publish","format-standard","has-post-thumbnail","hentry","category-noticias"],"magazineBlocksPostFeaturedMedia":{"thumbnail":"https:\/\/maranhaotv.com.br\/wp-content\/uploads\/2025\/03\/image_editor_output_image1859869798-1741643048907-150x150.jpg","medium":"https:\/\/maranhaotv.com.br\/wp-content\/uploads\/2025\/03\/image_editor_output_image1859869798-1741643048907-300x281.jpg","medium_large":"https:\/\/maranhaotv.com.br\/wp-content\/uploads\/2025\/03\/image_editor_output_image1859869798-1741643048907-768x719.jpg","large":"https:\/\/maranhaotv.com.br\/wp-content\/uploads\/2025\/03\/image_editor_output_image1859869798-1741643048907-1024x958.jpg","1536x1536":"https:\/\/maranhaotv.com.br\/wp-content\/uploads\/2025\/03\/image_editor_output_image1859869798-1741643048907.jpg","2048x2048":"https:\/\/maranhaotv.com.br\/wp-content\/uploads\/2025\/03\/image_editor_output_image1859869798-1741643048907.jpg","colormag-highlighted-post":"https:\/\/maranhaotv.com.br\/wp-content\/uploads\/2025\/03\/image_editor_output_image1859869798-1741643048907-392x272.jpg","colormag-featured-post-medium":"https:\/\/maranhaotv.com.br\/wp-content\/uploads\/2025\/03\/image_editor_output_image1859869798-1741643048907-390x205.jpg","colormag-featured-post-small":"https:\/\/maranhaotv.com.br\/wp-content\/uploads\/2025\/03\/image_editor_output_image1859869798-1741643048907-130x90.jpg","colormag-featured-image":"https:\/\/maranhaotv.com.br\/wp-content\/uploads\/2025\/03\/image_editor_output_image1859869798-1741643048907-800x445.jpg","colormag-default-news":"https:\/\/maranhaotv.com.br\/wp-content\/uploads\/2025\/03\/image_editor_output_image1859869798-1741643048907-150x150.jpg","colormag-featured-image-large":"https:\/\/maranhaotv.com.br\/wp-content\/uploads\/2025\/03\/image_editor_output_image1859869798-1741643048907-1027x600.jpg"},"magazineBlocksPostAuthor":{"name":"maranhaotv","avatar":"https:\/\/secure.gravatar.com\/avatar\/8fadbca458d4cb68b1dd399ae9a40618d747bb1af65ac9fad21c89220a143eb4?s=96&d=mm&r=g"},"magazineBlocksPostCommentsNumber":"0","magazineBlocksPostExcerpt":"Deputado maranhense refor\u00e7a compromisso com avan\u00e7os no SUS e elogia foco na redu\u00e7\u00e3o do tempo de espera por atendimento especializado","magazineBlocksPostCategories":["not\u00edcias"],"magazineBlocksPostViewCount":332,"magazineBlocksPostReadTime":3,"magazine_blocks_featured_image_url":{"full":["https:\/\/maranhaotv.com.br\/wp-content\/uploads\/2025\/03\/image_editor_output_image1859869798-1741643048907.jpg",1027,961,false],"medium":["https:\/\/maranhaotv.com.br\/wp-content\/uploads\/2025\/03\/image_editor_output_image1859869798-1741643048907-300x281.jpg",300,281,true],"thumbnail":["https:\/\/maranhaotv.com.br\/wp-content\/uploads\/2025\/03\/image_editor_output_image1859869798-1741643048907-150x150.jpg",150,150,true]},"magazine_blocks_author":{"display_name":"maranhaotv","author_link":"https:\/\/maranhaotv.com.br\/index.php\/author\/maranhaotv\/"},"magazine_blocks_comment":0,"magazine_blocks_author_image":"https:\/\/secure.gravatar.com\/avatar\/8fadbca458d4cb68b1dd399ae9a40618d747bb1af65ac9fad21c89220a143eb4?s=96&d=mm&r=g","magazine_blocks_category":"<a href=\"#\" class=\"category-link category-link-2\">not\u00edcias<\/a>","yoast_head":"<!-- This site is optimized with the Yoast SEO plugin v27.4 - https:\/\/yoast.com\/product\/yoast-seo-wordpress\/ -->\n<title>Carlos Lula participa da posse de Alexandre Padilha como novo Ministro da Sa\u00fade - NOT\u00cdCIAS EM TEMPO REAL<\/title>\n<meta name=\"robots\" content=\"index, follow, max-snippet:-1, max-image-preview:large, max-video-preview:-1\" \/>\n<link rel=\"canonical\" href=\"https:\/\/maranhaotv.com.br\/index.php\/2025\/03\/10\/carlos-lula-participa-da-posse-de-alexandre-padilha-como-novo-ministro-da-saude\/\" \/>\n<meta property=\"og:locale\" content=\"pt_BR\" \/>\n<meta property=\"og:type\" content=\"article\" \/>\n<meta property=\"og:title\" content=\"Carlos Lula participa da posse de Alexandre Padilha como novo Ministro da Sa\u00fade - NOT\u00cdCIAS EM TEMPO REAL\" \/>\n<meta property=\"og:description\" content=\"Deputado maranhense refor\u00e7a compromisso com avan\u00e7os no SUS e elogia foco na redu\u00e7\u00e3o do tempo de espera por atendimento especializado\" \/>\n<meta property=\"og:url\" content=\"https:\/\/maranhaotv.com.br\/index.php\/2025\/03\/10\/carlos-lula-participa-da-posse-de-alexandre-padilha-como-novo-ministro-da-saude\/\" \/>\n<meta property=\"og:site_name\" content=\"NOT\u00cdCIAS EM TEMPO REAL\" \/>\n<meta property=\"article:publisher\" content=\"https:\/\/www.facebook.com\/maiobaotv\" \/>\n<meta property=\"article:published_time\" content=\"2025-03-10T21:44:06+00:00\" \/>\n<meta property=\"article:modified_time\" content=\"2025-03-10T21:45:41+00:00\" \/>\n<meta property=\"og:image\" content=\"https:\/\/maranhaotv.com.br\/wp-content\/uploads\/2025\/03\/image_editor_output_image1859869798-1741643048907.jpg\" \/>\n\t<meta property=\"og:image:width\" content=\"1027\" \/>\n\t<meta property=\"og:image:height\" content=\"961\" \/>\n\t<meta property=\"og:image:type\" content=\"image\/jpeg\" \/>\n<meta name=\"author\" content=\"maranhaotv\" \/>\n<meta name=\"twitter:card\" content=\"summary_large_image\" \/>\n<meta name=\"twitter:creator\" content=\"@sitemaranhaotv\" \/>\n<meta name=\"twitter:site\" content=\"@sitemaranhaotv\" \/>\n<meta name=\"twitter:label1\" content=\"Escrito por\" \/>\n\t<meta name=\"twitter:data1\" content=\"maranhaotv\" \/>\n\t<meta name=\"twitter:label2\" content=\"Est. tempo de leitura\" \/>\n\t<meta name=\"twitter:data2\" content=\"2 minutos\" \/>\n<script type=\"application\/ld+json\" class=\"yoast-schema-graph\">{\"@context\":\"https:\\\/\\\/schema.org\",\"@graph\":[{\"@type\":\"Article\",\"@id\":\"https:\\\/\\\/maranhaotv.com.br\\\/index.php\\\/2025\\\/03\\\/10\\\/carlos-lula-participa-da-posse-de-alexandre-padilha-como-novo-ministro-da-saude\\\/#article\",\"isPartOf\":{\"@id\":\"https:\\\/\\\/maranhaotv.com.br\\\/index.php\\\/2025\\\/03\\\/10\\\/carlos-lula-participa-da-posse-de-alexandre-padilha-como-novo-ministro-da-saude\\\/\"},\"author\":{\"name\":\"maranhaotv\",\"@id\":\"https:\\\/\\\/maranhaotv.com.br\\\/#\\\/schema\\\/person\\\/3d54238e86b20bb5c89ab2fdb8f8829a\"},\"headline\":\"Carlos Lula participa da posse de Alexandre Padilha como novo Ministro da Sa\u00fade\",\"datePublished\":\"2025-03-10T21:44:06+00:00\",\"dateModified\":\"2025-03-10T21:45:41+00:00\",\"mainEntityOfPage\":{\"@id\":\"https:\\\/\\\/maranhaotv.com.br\\\/index.php\\\/2025\\\/03\\\/10\\\/carlos-lula-participa-da-posse-de-alexandre-padilha-como-novo-ministro-da-saude\\\/\"},\"wordCount\":439,\"commentCount\":0,\"publisher\":{\"@id\":\"https:\\\/\\\/maranhaotv.com.br\\\/#organization\"},\"image\":{\"@id\":\"https:\\\/\\\/maranhaotv.com.br\\\/index.php\\\/2025\\\/03\\\/10\\\/carlos-lula-participa-da-posse-de-alexandre-padilha-como-novo-ministro-da-saude\\\/#primaryimage\"},\"thumbnailUrl\":\"https:\\\/\\\/maranhaotv.com.br\\\/wp-content\\\/uploads\\\/2025\\\/03\\\/image_editor_output_image1859869798-1741643048907.jpg\",\"articleSection\":[\"not\u00edcias\"],\"inLanguage\":\"pt-BR\",\"potentialAction\":[{\"@type\":\"CommentAction\",\"name\":\"Comment\",\"target\":[\"https:\\\/\\\/maranhaotv.com.br\\\/index.php\\\/2025\\\/03\\\/10\\\/carlos-lula-participa-da-posse-de-alexandre-padilha-como-novo-ministro-da-saude\\\/#respond\"]}]},{\"@type\":\"WebPage\",\"@id\":\"https:\\\/\\\/maranhaotv.com.br\\\/index.php\\\/2025\\\/03\\\/10\\\/carlos-lula-participa-da-posse-de-alexandre-padilha-como-novo-ministro-da-saude\\\/\",\"url\":\"https:\\\/\\\/maranhaotv.com.br\\\/index.php\\\/2025\\\/03\\\/10\\\/carlos-lula-participa-da-posse-de-alexandre-padilha-como-novo-ministro-da-saude\\\/\",\"name\":\"Carlos Lula participa da posse de Alexandre Padilha como novo Ministro da Sa\u00fade - NOT\u00cdCIAS EM TEMPO REAL\",\"isPartOf\":{\"@id\":\"https:\\\/\\\/maranhaotv.com.br\\\/#website\"},\"primaryImageOfPage\":{\"@id\":\"https:\\\/\\\/maranhaotv.com.br\\\/index.php\\\/2025\\\/03\\\/10\\\/carlos-lula-participa-da-posse-de-alexandre-padilha-como-novo-ministro-da-saude\\\/#primaryimage\"},\"image\":{\"@id\":\"https:\\\/\\\/maranhaotv.com.br\\\/index.php\\\/2025\\\/03\\\/10\\\/carlos-lula-participa-da-posse-de-alexandre-padilha-como-novo-ministro-da-saude\\\/#primaryimage\"},\"thumbnailUrl\":\"https:\\\/\\\/maranhaotv.com.br\\\/wp-content\\\/uploads\\\/2025\\\/03\\\/image_editor_output_image1859869798-1741643048907.jpg\",\"datePublished\":\"2025-03-10T21:44:06+00:00\",\"dateModified\":\"2025-03-10T21:45:41+00:00\",\"breadcrumb\":{\"@id\":\"https:\\\/\\\/maranhaotv.com.br\\\/index.php\\\/2025\\\/03\\\/10\\\/carlos-lula-participa-da-posse-de-alexandre-padilha-como-novo-ministro-da-saude\\\/#breadcrumb\"},\"inLanguage\":\"pt-BR\",\"potentialAction\":[{\"@type\":\"ReadAction\",\"target\":[\"https:\\\/\\\/maranhaotv.com.br\\\/index.php\\\/2025\\\/03\\\/10\\\/carlos-lula-participa-da-posse-de-alexandre-padilha-como-novo-ministro-da-saude\\\/\"]}]},{\"@type\":\"ImageObject\",\"inLanguage\":\"pt-BR\",\"@id\":\"https:\\\/\\\/maranhaotv.com.br\\\/index.php\\\/2025\\\/03\\\/10\\\/carlos-lula-participa-da-posse-de-alexandre-padilha-como-novo-ministro-da-saude\\\/#primaryimage\",\"url\":\"https:\\\/\\\/maranhaotv.com.br\\\/wp-content\\\/uploads\\\/2025\\\/03\\\/image_editor_output_image1859869798-1741643048907.jpg\",\"contentUrl\":\"https:\\\/\\\/maranhaotv.com.br\\\/wp-content\\\/uploads\\\/2025\\\/03\\\/image_editor_output_image1859869798-1741643048907.jpg\",\"width\":1027,\"height\":961},{\"@type\":\"BreadcrumbList\",\"@id\":\"https:\\\/\\\/maranhaotv.com.br\\\/index.php\\\/2025\\\/03\\\/10\\\/carlos-lula-participa-da-posse-de-alexandre-padilha-como-novo-ministro-da-saude\\\/#breadcrumb\",\"itemListElement\":[{\"@type\":\"ListItem\",\"position\":1,\"name\":\"In\u00edcio\",\"item\":\"https:\\\/\\\/maranhaotv.com.br\\\/\"},{\"@type\":\"ListItem\",\"position\":2,\"name\":\"Carlos Lula participa da posse de Alexandre Padilha como novo Ministro da Sa\u00fade\"}]},{\"@type\":\"WebSite\",\"@id\":\"https:\\\/\\\/maranhaotv.com.br\\\/#website\",\"url\":\"https:\\\/\\\/maranhaotv.com.br\\\/\",\"name\":\"Maranh\u00e3oTV\",\"description\":\"\",\"publisher\":{\"@id\":\"https:\\\/\\\/maranhaotv.com.br\\\/#organization\"},\"potentialAction\":[{\"@type\":\"SearchAction\",\"target\":{\"@type\":\"EntryPoint\",\"urlTemplate\":\"https:\\\/\\\/maranhaotv.com.br\\\/?s={search_term_string}\"},\"query-input\":{\"@type\":\"PropertyValueSpecification\",\"valueRequired\":true,\"valueName\":\"search_term_string\"}}],\"inLanguage\":\"pt-BR\"},{\"@type\":\"Organization\",\"@id\":\"https:\\\/\\\/maranhaotv.com.br\\\/#organization\",\"name\":\"Portal de Not\u00edcias\",\"url\":\"https:\\\/\\\/maranhaotv.com.br\\\/\",\"logo\":{\"@type\":\"ImageObject\",\"inLanguage\":\"pt-BR\",\"@id\":\"https:\\\/\\\/maranhaotv.com.br\\\/#\\\/schema\\\/logo\\\/image\\\/\",\"url\":\"https:\\\/\\\/maranhaotv.com.br\\\/wp-content\\\/uploads\\\/2024\\\/05\\\/cropped-cropped-avatar-1.png\",\"contentUrl\":\"https:\\\/\\\/maranhaotv.com.br\\\/wp-content\\\/uploads\\\/2024\\\/05\\\/cropped-cropped-avatar-1.png\",\"width\":792,\"height\":428,\"caption\":\"Portal de Not\u00edcias\"},\"image\":{\"@id\":\"https:\\\/\\\/maranhaotv.com.br\\\/#\\\/schema\\\/logo\\\/image\\\/\"},\"sameAs\":[\"https:\\\/\\\/www.facebook.com\\\/maiobaotv\",\"https:\\\/\\\/x.com\\\/sitemaranhaotv\",\"https:\\\/\\\/www.instagram.com\\\/maranhao.tv\",\"https:\\\/\\\/www.threads.net\\\/@maranhao.tv\"]},{\"@type\":\"Person\",\"@id\":\"https:\\\/\\\/maranhaotv.com.br\\\/#\\\/schema\\\/person\\\/3d54238e86b20bb5c89ab2fdb8f8829a\",\"name\":\"maranhaotv\",\"image\":{\"@type\":\"ImageObject\",\"inLanguage\":\"pt-BR\",\"@id\":\"https:\\\/\\\/secure.gravatar.com\\\/avatar\\\/8fadbca458d4cb68b1dd399ae9a40618d747bb1af65ac9fad21c89220a143eb4?s=96&d=mm&r=g\",\"url\":\"https:\\\/\\\/secure.gravatar.com\\\/avatar\\\/8fadbca458d4cb68b1dd399ae9a40618d747bb1af65ac9fad21c89220a143eb4?s=96&d=mm&r=g\",\"contentUrl\":\"https:\\\/\\\/secure.gravatar.com\\\/avatar\\\/8fadbca458d4cb68b1dd399ae9a40618d747bb1af65ac9fad21c89220a143eb4?s=96&d=mm&r=g\",\"caption\":\"maranhaotv\"},\"sameAs\":[\"https:\\\/\\\/maranhaotv.com.br\\\/\"],\"url\":\"https:\\\/\\\/maranhaotv.com.br\\\/index.php\\\/author\\\/maranhaotv\\\/\"}]}<\/script>\n<!-- \/ Yoast SEO plugin. -->","yoast_head_json":{"title":"Carlos Lula participa da posse de Alexandre Padilha como novo Ministro da Sa\u00fade - NOT\u00cdCIAS EM TEMPO REAL","robots":{"index":"index","follow":"follow","max-snippet":"max-snippet:-1","max-image-preview":"max-image-preview:large","max-video-preview":"max-video-preview:-1"},"canonical":"https:\/\/maranhaotv.com.br\/index.php\/2025\/03\/10\/carlos-lula-participa-da-posse-de-alexandre-padilha-como-novo-ministro-da-saude\/","og_locale":"pt_BR","og_type":"article","og_title":"Carlos Lula participa da posse de Alexandre Padilha como novo Ministro da Sa\u00fade - NOT\u00cdCIAS EM TEMPO REAL","og_description":"Deputado maranhense refor\u00e7a compromisso com avan\u00e7os no SUS e elogia foco na redu\u00e7\u00e3o do tempo de espera por atendimento especializado","og_url":"https:\/\/maranhaotv.com.br\/index.php\/2025\/03\/10\/carlos-lula-participa-da-posse-de-alexandre-padilha-como-novo-ministro-da-saude\/","og_site_name":"NOT\u00cdCIAS EM TEMPO REAL","article_publisher":"https:\/\/www.facebook.com\/maiobaotv","article_published_time":"2025-03-10T21:44:06+00:00","article_modified_time":"2025-03-10T21:45:41+00:00","og_image":[{"width":1027,"height":961,"url":"https:\/\/maranhaotv.com.br\/wp-content\/uploads\/2025\/03\/image_editor_output_image1859869798-1741643048907.jpg","type":"image\/jpeg"}],"author":"maranhaotv","twitter_card":"summary_large_image","twitter_creator":"@sitemaranhaotv","twitter_site":"@sitemaranhaotv","twitter_misc":{"Escrito por":"maranhaotv","Est. tempo de leitura":"2 minutos"},"schema":{"@context":"https:\/\/schema.org","@graph":[{"@type":"Article","@id":"https:\/\/maranhaotv.com.br\/index.php\/2025\/03\/10\/carlos-lula-participa-da-posse-de-alexandre-padilha-como-novo-ministro-da-saude\/#article","isPartOf":{"@id":"https:\/\/maranhaotv.com.br\/index.php\/2025\/03\/10\/carlos-lula-participa-da-posse-de-alexandre-padilha-como-novo-ministro-da-saude\/"},"author":{"name":"maranhaotv","@id":"https:\/\/maranhaotv.com.br\/#\/schema\/person\/3d54238e86b20bb5c89ab2fdb8f8829a"},"headline":"Carlos Lula participa da posse de Alexandre Padilha como novo Ministro da Sa\u00fade","datePublished":"2025-03-10T21:44:06+00:00","dateModified":"2025-03-10T21:45:41+00:00","mainEntityOfPage":{"@id":"https:\/\/maranhaotv.com.br\/index.php\/2025\/03\/10\/carlos-lula-participa-da-posse-de-alexandre-padilha-como-novo-ministro-da-saude\/"},"wordCount":439,"commentCount":0,"publisher":{"@id":"https:\/\/maranhaotv.com.br\/#organization"},"image":{"@id":"https:\/\/maranhaotv.com.br\/index.php\/2025\/03\/10\/carlos-lula-participa-da-posse-de-alexandre-padilha-como-novo-ministro-da-saude\/#primaryimage"},"thumbnailUrl":"https:\/\/maranhaotv.com.br\/wp-content\/uploads\/2025\/03\/image_editor_output_image1859869798-1741643048907.jpg","articleSection":["not\u00edcias"],"inLanguage":"pt-BR","potentialAction":[{"@type":"CommentAction","name":"Comment","target":["https:\/\/maranhaotv.com.br\/index.php\/2025\/03\/10\/carlos-lula-participa-da-posse-de-alexandre-padilha-como-novo-ministro-da-saude\/#respond"]}]},{"@type":"WebPage","@id":"https:\/\/maranhaotv.com.br\/index.php\/2025\/03\/10\/carlos-lula-participa-da-posse-de-alexandre-padilha-como-novo-ministro-da-saude\/","url":"https:\/\/maranhaotv.com.br\/index.php\/2025\/03\/10\/carlos-lula-participa-da-posse-de-alexandre-padilha-como-novo-ministro-da-saude\/","name":"Carlos Lula participa da posse de Alexandre Padilha como novo Ministro da Sa\u00fade - NOT\u00cdCIAS EM TEMPO REAL","isPartOf":{"@id":"https:\/\/maranhaotv.com.br\/#website"},"primaryImageOfPage":{"@id":"https:\/\/maranhaotv.com.br\/index.php\/2025\/03\/10\/carlos-lula-participa-da-posse-de-alexandre-padilha-como-novo-ministro-da-saude\/#primaryimage"},"image":{"@id":"https:\/\/maranhaotv.com.br\/index.php\/2025\/03\/10\/carlos-lula-participa-da-posse-de-alexandre-padilha-como-novo-ministro-da-saude\/#primaryimage"},"thumbnailUrl":"https:\/\/maranhaotv.com.br\/wp-content\/uploads\/2025\/03\/image_editor_output_image1859869798-1741643048907.jpg","datePublished":"2025-03-10T21:44:06+00:00","dateModified":"2025-03-10T21:45:41+00:00","breadcrumb":{"@id":"https:\/\/maranhaotv.com.br\/index.php\/2025\/03\/10\/carlos-lula-participa-da-posse-de-alexandre-padilha-como-novo-ministro-da-saude\/#breadcrumb"},"inLanguage":"pt-BR","potentialAction":[{"@type":"ReadAction","target":["https:\/\/maranhaotv.com.br\/index.php\/2025\/03\/10\/carlos-lula-participa-da-posse-de-alexandre-padilha-como-novo-ministro-da-saude\/"]}]},{"@type":"ImageObject","inLanguage":"pt-BR","@id":"https:\/\/maranhaotv.com.br\/index.php\/2025\/03\/10\/carlos-lula-participa-da-posse-de-alexandre-padilha-como-novo-ministro-da-saude\/#primaryimage","url":"https:\/\/maranhaotv.com.br\/wp-content\/uploads\/2025\/03\/image_editor_output_image1859869798-1741643048907.jpg","contentUrl":"https:\/\/maranhaotv.com.br\/wp-content\/uploads\/2025\/03\/image_editor_output_image1859869798-1741643048907.jpg","width":1027,"height":961},{"@type":"BreadcrumbList","@id":"https:\/\/maranhaotv.com.br\/index.php\/2025\/03\/10\/carlos-lula-participa-da-posse-de-alexandre-padilha-como-novo-ministro-da-saude\/#breadcrumb","itemListElement":[{"@type":"ListItem","position":1,"name":"In\u00edcio","item":"https:\/\/maranhaotv.com.br\/"},{"@type":"ListItem","position":2,"name":"Carlos Lula participa da posse de Alexandre Padilha como novo Ministro da Sa\u00fade"}]},{"@type":"WebSite","@id":"https:\/\/maranhaotv.com.br\/#website","url":"https:\/\/maranhaotv.com.br\/","name":"Maranh\u00e3oTV","description":"","publisher":{"@id":"https:\/\/maranhaotv.com.br\/#organization"},"potentialAction":[{"@type":"SearchAction","target":{"@type":"EntryPoint","urlTemplate":"https:\/\/maranhaotv.com.br\/?s={search_term_string}"},"query-input":{"@type":"PropertyValueSpecification","valueRequired":true,"valueName":"search_term_string"}}],"inLanguage":"pt-BR"},{"@type":"Organization","@id":"https:\/\/maranhaotv.com.br\/#organization","name":"Portal de Not\u00edcias","url":"https:\/\/maranhaotv.com.br\/","logo":{"@type":"ImageObject","inLanguage":"pt-BR","@id":"https:\/\/maranhaotv.com.br\/#\/schema\/logo\/image\/","url":"https:\/\/maranhaotv.com.br\/wp-content\/uploads\/2024\/05\/cropped-cropped-avatar-1.png","contentUrl":"https:\/\/maranhaotv.com.br\/wp-content\/uploads\/2024\/05\/cropped-cropped-avatar-1.png","width":792,"height":428,"caption":"Portal de Not\u00edcias"},"image":{"@id":"https:\/\/maranhaotv.com.br\/#\/schema\/logo\/image\/"},"sameAs":["https:\/\/www.facebook.com\/maiobaotv","https:\/\/x.com\/sitemaranhaotv","https:\/\/www.instagram.com\/maranhao.tv","https:\/\/www.threads.net\/@maranhao.tv"]},{"@type":"Person","@id":"https:\/\/maranhaotv.com.br\/#\/schema\/person\/3d54238e86b20bb5c89ab2fdb8f8829a","name":"maranhaotv","image":{"@type":"ImageObject","inLanguage":"pt-BR","@id":"https:\/\/secure.gravatar.com\/avatar\/8fadbca458d4cb68b1dd399ae9a40618d747bb1af65ac9fad21c89220a143eb4?s=96&d=mm&r=g","url":"https:\/\/secure.gravatar.com\/avatar\/8fadbca458d4cb68b1dd399ae9a40618d747bb1af65ac9fad21c89220a143eb4?s=96&d=mm&r=g","contentUrl":"https:\/\/secure.gravatar.com\/avatar\/8fadbca458d4cb68b1dd399ae9a40618d747bb1af65ac9fad21c89220a143eb4?s=96&d=mm&r=g","caption":"maranhaotv"},"sameAs":["https:\/\/maranhaotv.com.br\/"],"url":"https:\/\/maranhaotv.com.br\/index.php\/author\/maranhaotv\/"}]}},"jetpack_featured_media_url":"https:\/\/maranhaotv.com.br\/wp-content\/uploads\/2025\/03\/image_editor_output_image1859869798-1741643048907.jpg","jetpack_sharing_enabled":true,"_links":{"self":[{"href":"https:\/\/maranhaotv.com.br\/index.php\/wp-json\/wp\/v2\/posts\/40738","targetHints":{"allow":["GET"]}}],"collection":[{"href":"https:\/\/maranhaotv.com.br\/index.php\/wp-json\/wp\/v2\/posts"}],"about":[{"href":"https:\/\/maranhaotv.com.br\/index.php\/wp-json\/wp\/v2\/types\/post"}],"author":[{"embeddable":true,"href":"https:\/\/maranhaotv.com.br\/index.php\/wp-json\/wp\/v2\/users\/2"}],"replies":[{"embeddable":true,"href":"https:\/\/maranhaotv.com.br\/index.php\/wp-json\/wp\/v2\/comments?post=40738"}],"version-history":[{"count":2,"href":"https:\/\/maranhaotv.com.br\/index.php\/wp-json\/wp\/v2\/posts\/40738\/revisions"}],"predecessor-version":[{"id":40741,"href":"https:\/\/maranhaotv.com.br\/index.php\/wp-json\/wp\/v2\/posts\/40738\/revisions\/40741"}],"wp:featuredmedia":[{"embeddable":true,"href":"https:\/\/maranhaotv.com.br\/index.php\/wp-json\/wp\/v2\/media\/40737"}],"wp:attachment":[{"href":"https:\/\/maranhaotv.com.br\/index.php\/wp-json\/wp\/v2\/media?parent=40738"}],"wp:term":[{"taxonomy":"category","embeddable":true,"href":"https:\/\/maranhaotv.com.br\/index.php\/wp-json\/wp\/v2\/categories?post=40738"},{"taxonomy":"post_tag","embeddable":true,"href":"https:\/\/maranhaotv.com.br\/index.php\/wp-json\/wp\/v2\/tags?post=40738"}],"curies":[{"name":"wp","href":"https:\/\/api.w.org\/{rel}","templated":true}]}}