{"id":40763,"date":"2025-03-11T21:22:39","date_gmt":"2025-03-12T00:22:39","guid":{"rendered":"https:\/\/maranhaotv.com.br\/?p=40763"},"modified":"2025-03-11T21:23:36","modified_gmt":"2025-03-12T00:23:36","slug":"felipe-camarao-participa-das-comemoracoes-pelos-63-anos-de-mata-roma","status":"publish","type":"post","link":"https:\/\/maranhaotv.com.br\/index.php\/2025\/03\/11\/felipe-camarao-participa-das-comemoracoes-pelos-63-anos-de-mata-roma\/","title":{"rendered":"Felipe Camar\u00e3o participa das comemora\u00e7\u00f5es pelos 63 anos de Mata Roma"},"content":{"rendered":"\n<p><br><br>O vice-governador do Maranh\u00e3o, Felipe Camar\u00e3o, participou das comemora\u00e7\u00f5es pelos 63 anos de Mata Roma, nesta ter\u00e7a-feira (11). Ainda em agenda pela Regi\u00e3o do Baixo Parna\u00edba, e a convite do prefeito Besaliel Albuquerque, Camar\u00e3o realizou a entrega de seis obras institucionais que t\u00eam como objetivo melhorar a qualidade de vida da comunidade de Mata Roma.<br><br>\u201cQuero agradecer ao prefeito Besaliel pelo convite. E quando um convidado vem para uma festa, ele traz presente. E gra\u00e7as ao trabalho e esfor\u00e7o do prefeito Besaliel, o presidente Lula j\u00e1 enviou recurso e est\u00e1 em fase de licita\u00e7\u00e3o uma bel\u00edssima escola quilombola no Povoado Bom Sucesso. Em breve, n\u00f3s voltaremos aqui para assinar a Ordem de Servi\u00e7o, para in\u00edcio das obras. \u00c9 mais uma obra fruto da forte parceria entre Governos: Federal, Estadual e Municipal. Assim vamos seguindo com o trabalho forte pelo melhor para todos e todas\u201d, declarou o vice-governador Felipe Camar\u00e3o.<br><br>Ao todo, foram entregues seis obras municipais, entre reformas e constru\u00e7\u00f5es, sendo elas: pr\u00e9dios sedes da Prefeitura Municipal e da Secretaria Municipal de Educa\u00e7\u00e3o, Pra\u00e7a Juca Brand\u00e3o, Cl\u00ednica AAMAR+, Col\u00e9gio Manoel Cust\u00f3dio de Meireles; al\u00e9m do cal\u00e7amento de rua, no Conjunto Bom Pastor.<br><br>Os espa\u00e7os agora contam com novos mobili\u00e1rios e equipamentos que proporcionar\u00e3o mais dignidade e melhorias para toda a popula\u00e7\u00e3o mata-romenses.<br><br>Durante o discurso, o prefeito Besaliel Albuquerque agradeceu a presen\u00e7a do vice-governador Felipe Camar\u00e3o e a parceira do Governo do Estado e do Governo do presidente Lula.<br><br>\u201cUma satisfa\u00e7\u00e3o e uma alegria poder estar aqui hoje celebrando os 63 anos de Mata Roma com a presen\u00e7a do vice-governador Felipe Camar\u00e3o. S\u00e3o pouco mais de dois meses de gest\u00e3o e, s\u00f3 hoje aqui, entregamos essas seis obras t\u00e3o estruturantes. E n\u00e3o vamos parar e este ano n\u00f3s vamos para cima, buscando ainda mais parcerias para o nosso munic\u00edpio\u201d, afirmou o prefeito.<br><br>As comemora\u00e7\u00f5es na cidade inclu\u00edram ainda o tradicional corte do bolo e distribui\u00e7\u00e3o \u00e0 comunidade.<\/p>\n\n\n\n<figure class=\"wp-block-image size-large\"><img loading=\"lazy\" decoding=\"async\" width=\"1024\" height=\"674\" src=\"https:\/\/maranhaotv.com.br\/wp-content\/uploads\/2025\/03\/img-20250311-wa01671510301778110286977-1024x674.jpg\" alt=\"\" class=\"wp-image-40761\" srcset=\"https:\/\/maranhaotv.com.br\/wp-content\/uploads\/2025\/03\/img-20250311-wa01671510301778110286977-1024x674.jpg 1024w, https:\/\/maranhaotv.com.br\/wp-content\/uploads\/2025\/03\/img-20250311-wa01671510301778110286977-300x197.jpg 300w, https:\/\/maranhaotv.com.br\/wp-content\/uploads\/2025\/03\/img-20250311-wa01671510301778110286977-768x505.jpg 768w, https:\/\/maranhaotv.com.br\/wp-content\/uploads\/2025\/03\/img-20250311-wa01671510301778110286977-1536x1010.jpg 1536w, https:\/\/maranhaotv.com.br\/wp-content\/uploads\/2025\/03\/img-20250311-wa01671510301778110286977.jpg 1999w\" sizes=\"auto, (max-width: 1024px) 100vw, 1024px\" \/><\/figure>\n\n\n\n<figure class=\"wp-block-image\"><img loading=\"lazy\" decoding=\"async\" width=\"1024\" height=\"683\" src=\"https:\/\/maranhaotv.com.br\/wp-content\/uploads\/2025\/03\/img-20250311-wa01633432566053320956206-1024x683.jpg\" alt=\"\" class=\"wp-image-40758\" srcset=\"https:\/\/maranhaotv.com.br\/wp-content\/uploads\/2025\/03\/img-20250311-wa01633432566053320956206-1024x683.jpg 1024w, https:\/\/maranhaotv.com.br\/wp-content\/uploads\/2025\/03\/img-20250311-wa01633432566053320956206-300x200.jpg 300w, https:\/\/maranhaotv.com.br\/wp-content\/uploads\/2025\/03\/img-20250311-wa01633432566053320956206-768x512.jpg 768w, https:\/\/maranhaotv.com.br\/wp-content\/uploads\/2025\/03\/img-20250311-wa01633432566053320956206-1536x1025.jpg 1536w, https:\/\/maranhaotv.com.br\/wp-content\/uploads\/2025\/03\/img-20250311-wa01633432566053320956206.jpg 2000w\" sizes=\"auto, (max-width: 1024px) 100vw, 1024px\" \/><\/figure>\n\n\n\n<figure class=\"wp-block-image\"><img loading=\"lazy\" decoding=\"async\" width=\"1024\" height=\"683\" src=\"https:\/\/maranhaotv.com.br\/wp-content\/uploads\/2025\/03\/img-20250311-wa01614277218087721345737-1024x683.jpg\" alt=\"\" class=\"wp-image-40759\" srcset=\"https:\/\/maranhaotv.com.br\/wp-content\/uploads\/2025\/03\/img-20250311-wa01614277218087721345737-1024x683.jpg 1024w, https:\/\/maranhaotv.com.br\/wp-content\/uploads\/2025\/03\/img-20250311-wa01614277218087721345737-300x200.jpg 300w, https:\/\/maranhaotv.com.br\/wp-content\/uploads\/2025\/03\/img-20250311-wa01614277218087721345737-768x512.jpg 768w, https:\/\/maranhaotv.com.br\/wp-content\/uploads\/2025\/03\/img-20250311-wa01614277218087721345737-1536x1025.jpg 1536w, https:\/\/maranhaotv.com.br\/wp-content\/uploads\/2025\/03\/img-20250311-wa01614277218087721345737.jpg 2000w\" sizes=\"auto, (max-width: 1024px) 100vw, 1024px\" \/><\/figure>\n\n\n\n<figure class=\"wp-block-image\"><img loading=\"lazy\" decoding=\"async\" width=\"1024\" height=\"691\" src=\"https:\/\/maranhaotv.com.br\/wp-content\/uploads\/2025\/03\/img-20250311-wa01698220238170077215682-1024x691.jpg\" alt=\"\" class=\"wp-image-40760\" srcset=\"https:\/\/maranhaotv.com.br\/wp-content\/uploads\/2025\/03\/img-20250311-wa01698220238170077215682-1024x691.jpg 1024w, https:\/\/maranhaotv.com.br\/wp-content\/uploads\/2025\/03\/img-20250311-wa01698220238170077215682-300x203.jpg 300w, https:\/\/maranhaotv.com.br\/wp-content\/uploads\/2025\/03\/img-20250311-wa01698220238170077215682-768x518.jpg 768w, https:\/\/maranhaotv.com.br\/wp-content\/uploads\/2025\/03\/img-20250311-wa01698220238170077215682-1536x1037.jpg 1536w, https:\/\/maranhaotv.com.br\/wp-content\/uploads\/2025\/03\/img-20250311-wa01698220238170077215682.jpg 2000w\" sizes=\"auto, (max-width: 1024px) 100vw, 1024px\" \/><\/figure>\n","protected":false},"excerpt":{"rendered":"<p>O vice-governador do Maranh\u00e3o, Felipe Camar\u00e3o, participou das comemora\u00e7\u00f5es pelos 63 anos de Mata Roma, nesta ter\u00e7a-feira (11). Ainda em<\/p>\n","protected":false},"author":2,"featured_media":40762,"comment_status":"open","ping_status":"open","sticky":false,"template":"","format":"standard","meta":{"colormag_page_container_layout":"default_layout","colormag_page_sidebar_layout":"default_layout","_jetpack_memberships_contains_paid_content":false,"footnotes":""},"categories":[2],"tags":[352],"class_list":["post-40763","post","type-post","status-publish","format-standard","has-post-thumbnail","hentry","category-noticias","tag-felipe-camarao"],"magazineBlocksPostFeaturedMedia":{"thumbnail":"https:\/\/maranhaotv.com.br\/wp-content\/uploads\/2025\/03\/IMG-20250311-WA0157-150x150.jpg","medium":"https:\/\/maranhaotv.com.br\/wp-content\/uploads\/2025\/03\/IMG-20250311-WA0157-300x200.jpg","medium_large":"https:\/\/maranhaotv.com.br\/wp-content\/uploads\/2025\/03\/IMG-20250311-WA0157-768x512.jpg","large":"https:\/\/maranhaotv.com.br\/wp-content\/uploads\/2025\/03\/IMG-20250311-WA0157-1024x683.jpg","1536x1536":"https:\/\/maranhaotv.com.br\/wp-content\/uploads\/2025\/03\/IMG-20250311-WA0157-1536x1024.jpg","2048x2048":"https:\/\/maranhaotv.com.br\/wp-content\/uploads\/2025\/03\/IMG-20250311-WA0157-2048x1365.jpg","colormag-highlighted-post":"https:\/\/maranhaotv.com.br\/wp-content\/uploads\/2025\/03\/IMG-20250311-WA0157-392x272.jpg","colormag-featured-post-medium":"https:\/\/maranhaotv.com.br\/wp-content\/uploads\/2025\/03\/IMG-20250311-WA0157-390x205.jpg","colormag-featured-post-small":"https:\/\/maranhaotv.com.br\/wp-content\/uploads\/2025\/03\/IMG-20250311-WA0157-130x90.jpg","colormag-featured-image":"https:\/\/maranhaotv.com.br\/wp-content\/uploads\/2025\/03\/IMG-20250311-WA0157-800x445.jpg","colormag-default-news":"https:\/\/maranhaotv.com.br\/wp-content\/uploads\/2025\/03\/IMG-20250311-WA0157-150x150.jpg","colormag-featured-image-large":"https:\/\/maranhaotv.com.br\/wp-content\/uploads\/2025\/03\/IMG-20250311-WA0157-1400x600.jpg"},"magazineBlocksPostAuthor":{"name":"maranhaotv","avatar":"https:\/\/secure.gravatar.com\/avatar\/8fadbca458d4cb68b1dd399ae9a40618d747bb1af65ac9fad21c89220a143eb4?s=96&d=mm&r=g"},"magazineBlocksPostCommentsNumber":"0","magazineBlocksPostExcerpt":"O vice-governador do Maranh\u00e3o, Felipe Camar\u00e3o, participou das comemora\u00e7\u00f5es pelos 63 anos de Mata Roma, nesta ter\u00e7a-feira (11). Ainda em","magazineBlocksPostCategories":["not\u00edcias"],"magazineBlocksPostViewCount":371,"magazineBlocksPostReadTime":2,"magazine_blocks_featured_image_url":{"full":["https:\/\/maranhaotv.com.br\/wp-content\/uploads\/2025\/03\/IMG-20250311-WA0157-scaled.jpg",2560,1706,false],"medium":["https:\/\/maranhaotv.com.br\/wp-content\/uploads\/2025\/03\/IMG-20250311-WA0157-300x200.jpg",300,200,true],"thumbnail":["https:\/\/maranhaotv.com.br\/wp-content\/uploads\/2025\/03\/IMG-20250311-WA0157-150x150.jpg",150,150,true]},"magazine_blocks_author":{"display_name":"maranhaotv","author_link":"https:\/\/maranhaotv.com.br\/index.php\/author\/maranhaotv\/"},"magazine_blocks_comment":0,"magazine_blocks_author_image":"https:\/\/secure.gravatar.com\/avatar\/8fadbca458d4cb68b1dd399ae9a40618d747bb1af65ac9fad21c89220a143eb4?s=96&d=mm&r=g","magazine_blocks_category":"<a href=\"#\" class=\"category-link category-link-2\">not\u00edcias<\/a>","yoast_head":"<!-- This site is optimized with the Yoast SEO plugin v27.4 - https:\/\/yoast.com\/product\/yoast-seo-wordpress\/ -->\n<title>Felipe Camar\u00e3o participa das comemora\u00e7\u00f5es pelos 63 anos de Mata Roma - NOT\u00cdCIAS EM TEMPO REAL<\/title>\n<meta name=\"robots\" content=\"index, follow, max-snippet:-1, max-image-preview:large, max-video-preview:-1\" \/>\n<link rel=\"canonical\" href=\"https:\/\/maranhaotv.com.br\/index.php\/2025\/03\/11\/felipe-camarao-participa-das-comemoracoes-pelos-63-anos-de-mata-roma\/\" \/>\n<meta property=\"og:locale\" content=\"pt_BR\" \/>\n<meta property=\"og:type\" content=\"article\" \/>\n<meta property=\"og:title\" content=\"Felipe Camar\u00e3o participa das comemora\u00e7\u00f5es pelos 63 anos de Mata Roma - NOT\u00cdCIAS EM TEMPO REAL\" \/>\n<meta property=\"og:description\" content=\"O vice-governador do Maranh\u00e3o, Felipe Camar\u00e3o, participou das comemora\u00e7\u00f5es pelos 63 anos de Mata Roma, nesta ter\u00e7a-feira (11). Ainda em\" \/>\n<meta property=\"og:url\" content=\"https:\/\/maranhaotv.com.br\/index.php\/2025\/03\/11\/felipe-camarao-participa-das-comemoracoes-pelos-63-anos-de-mata-roma\/\" \/>\n<meta property=\"og:site_name\" content=\"NOT\u00cdCIAS EM TEMPO REAL\" \/>\n<meta property=\"article:publisher\" content=\"https:\/\/www.facebook.com\/maiobaotv\" \/>\n<meta property=\"article:published_time\" content=\"2025-03-12T00:22:39+00:00\" \/>\n<meta property=\"article:modified_time\" content=\"2025-03-12T00:23:36+00:00\" \/>\n<meta property=\"og:image\" content=\"https:\/\/maranhaotv.com.br\/wp-content\/uploads\/2025\/03\/IMG-20250311-WA0157-scaled.jpg\" \/>\n\t<meta property=\"og:image:width\" content=\"2560\" \/>\n\t<meta property=\"og:image:height\" content=\"1706\" \/>\n\t<meta property=\"og:image:type\" content=\"image\/jpeg\" \/>\n<meta name=\"author\" content=\"maranhaotv\" \/>\n<meta name=\"twitter:card\" content=\"summary_large_image\" \/>\n<meta name=\"twitter:creator\" content=\"@sitemaranhaotv\" \/>\n<meta name=\"twitter:site\" content=\"@sitemaranhaotv\" \/>\n<meta name=\"twitter:label1\" content=\"Escrito por\" \/>\n\t<meta name=\"twitter:data1\" content=\"maranhaotv\" \/>\n\t<meta name=\"twitter:label2\" content=\"Est. tempo de leitura\" \/>\n\t<meta name=\"twitter:data2\" content=\"2 minutos\" \/>\n<script type=\"application\/ld+json\" class=\"yoast-schema-graph\">{\"@context\":\"https:\\\/\\\/schema.org\",\"@graph\":[{\"@type\":\"Article\",\"@id\":\"https:\\\/\\\/maranhaotv.com.br\\\/index.php\\\/2025\\\/03\\\/11\\\/felipe-camarao-participa-das-comemoracoes-pelos-63-anos-de-mata-roma\\\/#article\",\"isPartOf\":{\"@id\":\"https:\\\/\\\/maranhaotv.com.br\\\/index.php\\\/2025\\\/03\\\/11\\\/felipe-camarao-participa-das-comemoracoes-pelos-63-anos-de-mata-roma\\\/\"},\"author\":{\"name\":\"maranhaotv\",\"@id\":\"https:\\\/\\\/maranhaotv.com.br\\\/#\\\/schema\\\/person\\\/3d54238e86b20bb5c89ab2fdb8f8829a\"},\"headline\":\"Felipe Camar\u00e3o participa das comemora\u00e7\u00f5es pelos 63 anos de Mata Roma\",\"datePublished\":\"2025-03-12T00:22:39+00:00\",\"dateModified\":\"2025-03-12T00:23:36+00:00\",\"mainEntityOfPage\":{\"@id\":\"https:\\\/\\\/maranhaotv.com.br\\\/index.php\\\/2025\\\/03\\\/11\\\/felipe-camarao-participa-das-comemoracoes-pelos-63-anos-de-mata-roma\\\/\"},\"wordCount\":368,\"commentCount\":0,\"publisher\":{\"@id\":\"https:\\\/\\\/maranhaotv.com.br\\\/#organization\"},\"image\":{\"@id\":\"https:\\\/\\\/maranhaotv.com.br\\\/index.php\\\/2025\\\/03\\\/11\\\/felipe-camarao-participa-das-comemoracoes-pelos-63-anos-de-mata-roma\\\/#primaryimage\"},\"thumbnailUrl\":\"https:\\\/\\\/maranhaotv.com.br\\\/wp-content\\\/uploads\\\/2025\\\/03\\\/IMG-20250311-WA0157-scaled.jpg\",\"keywords\":[\"Felipe Camar\u00e3o\"],\"articleSection\":[\"not\u00edcias\"],\"inLanguage\":\"pt-BR\",\"potentialAction\":[{\"@type\":\"CommentAction\",\"name\":\"Comment\",\"target\":[\"https:\\\/\\\/maranhaotv.com.br\\\/index.php\\\/2025\\\/03\\\/11\\\/felipe-camarao-participa-das-comemoracoes-pelos-63-anos-de-mata-roma\\\/#respond\"]}]},{\"@type\":\"WebPage\",\"@id\":\"https:\\\/\\\/maranhaotv.com.br\\\/index.php\\\/2025\\\/03\\\/11\\\/felipe-camarao-participa-das-comemoracoes-pelos-63-anos-de-mata-roma\\\/\",\"url\":\"https:\\\/\\\/maranhaotv.com.br\\\/index.php\\\/2025\\\/03\\\/11\\\/felipe-camarao-participa-das-comemoracoes-pelos-63-anos-de-mata-roma\\\/\",\"name\":\"Felipe Camar\u00e3o participa das comemora\u00e7\u00f5es pelos 63 anos de Mata Roma - NOT\u00cdCIAS EM TEMPO REAL\",\"isPartOf\":{\"@id\":\"https:\\\/\\\/maranhaotv.com.br\\\/#website\"},\"primaryImageOfPage\":{\"@id\":\"https:\\\/\\\/maranhaotv.com.br\\\/index.php\\\/2025\\\/03\\\/11\\\/felipe-camarao-participa-das-comemoracoes-pelos-63-anos-de-mata-roma\\\/#primaryimage\"},\"image\":{\"@id\":\"https:\\\/\\\/maranhaotv.com.br\\\/index.php\\\/2025\\\/03\\\/11\\\/felipe-camarao-participa-das-comemoracoes-pelos-63-anos-de-mata-roma\\\/#primaryimage\"},\"thumbnailUrl\":\"https:\\\/\\\/maranhaotv.com.br\\\/wp-content\\\/uploads\\\/2025\\\/03\\\/IMG-20250311-WA0157-scaled.jpg\",\"datePublished\":\"2025-03-12T00:22:39+00:00\",\"dateModified\":\"2025-03-12T00:23:36+00:00\",\"breadcrumb\":{\"@id\":\"https:\\\/\\\/maranhaotv.com.br\\\/index.php\\\/2025\\\/03\\\/11\\\/felipe-camarao-participa-das-comemoracoes-pelos-63-anos-de-mata-roma\\\/#breadcrumb\"},\"inLanguage\":\"pt-BR\",\"potentialAction\":[{\"@type\":\"ReadAction\",\"target\":[\"https:\\\/\\\/maranhaotv.com.br\\\/index.php\\\/2025\\\/03\\\/11\\\/felipe-camarao-participa-das-comemoracoes-pelos-63-anos-de-mata-roma\\\/\"]}]},{\"@type\":\"ImageObject\",\"inLanguage\":\"pt-BR\",\"@id\":\"https:\\\/\\\/maranhaotv.com.br\\\/index.php\\\/2025\\\/03\\\/11\\\/felipe-camarao-participa-das-comemoracoes-pelos-63-anos-de-mata-roma\\\/#primaryimage\",\"url\":\"https:\\\/\\\/maranhaotv.com.br\\\/wp-content\\\/uploads\\\/2025\\\/03\\\/IMG-20250311-WA0157-scaled.jpg\",\"contentUrl\":\"https:\\\/\\\/maranhaotv.com.br\\\/wp-content\\\/uploads\\\/2025\\\/03\\\/IMG-20250311-WA0157-scaled.jpg\",\"width\":2560,\"height\":1706},{\"@type\":\"BreadcrumbList\",\"@id\":\"https:\\\/\\\/maranhaotv.com.br\\\/index.php\\\/2025\\\/03\\\/11\\\/felipe-camarao-participa-das-comemoracoes-pelos-63-anos-de-mata-roma\\\/#breadcrumb\",\"itemListElement\":[{\"@type\":\"ListItem\",\"position\":1,\"name\":\"In\u00edcio\",\"item\":\"https:\\\/\\\/maranhaotv.com.br\\\/\"},{\"@type\":\"ListItem\",\"position\":2,\"name\":\"Felipe Camar\u00e3o participa das comemora\u00e7\u00f5es pelos 63 anos de Mata Roma\"}]},{\"@type\":\"WebSite\",\"@id\":\"https:\\\/\\\/maranhaotv.com.br\\\/#website\",\"url\":\"https:\\\/\\\/maranhaotv.com.br\\\/\",\"name\":\"Maranh\u00e3oTV\",\"description\":\"\",\"publisher\":{\"@id\":\"https:\\\/\\\/maranhaotv.com.br\\\/#organization\"},\"potentialAction\":[{\"@type\":\"SearchAction\",\"target\":{\"@type\":\"EntryPoint\",\"urlTemplate\":\"https:\\\/\\\/maranhaotv.com.br\\\/?s={search_term_string}\"},\"query-input\":{\"@type\":\"PropertyValueSpecification\",\"valueRequired\":true,\"valueName\":\"search_term_string\"}}],\"inLanguage\":\"pt-BR\"},{\"@type\":\"Organization\",\"@id\":\"https:\\\/\\\/maranhaotv.com.br\\\/#organization\",\"name\":\"Portal de Not\u00edcias\",\"url\":\"https:\\\/\\\/maranhaotv.com.br\\\/\",\"logo\":{\"@type\":\"ImageObject\",\"inLanguage\":\"pt-BR\",\"@id\":\"https:\\\/\\\/maranhaotv.com.br\\\/#\\\/schema\\\/logo\\\/image\\\/\",\"url\":\"https:\\\/\\\/maranhaotv.com.br\\\/wp-content\\\/uploads\\\/2024\\\/05\\\/cropped-cropped-avatar-1.png\",\"contentUrl\":\"https:\\\/\\\/maranhaotv.com.br\\\/wp-content\\\/uploads\\\/2024\\\/05\\\/cropped-cropped-avatar-1.png\",\"width\":792,\"height\":428,\"caption\":\"Portal de Not\u00edcias\"},\"image\":{\"@id\":\"https:\\\/\\\/maranhaotv.com.br\\\/#\\\/schema\\\/logo\\\/image\\\/\"},\"sameAs\":[\"https:\\\/\\\/www.facebook.com\\\/maiobaotv\",\"https:\\\/\\\/x.com\\\/sitemaranhaotv\",\"https:\\\/\\\/www.instagram.com\\\/maranhao.tv\",\"https:\\\/\\\/www.threads.net\\\/@maranhao.tv\"]},{\"@type\":\"Person\",\"@id\":\"https:\\\/\\\/maranhaotv.com.br\\\/#\\\/schema\\\/person\\\/3d54238e86b20bb5c89ab2fdb8f8829a\",\"name\":\"maranhaotv\",\"image\":{\"@type\":\"ImageObject\",\"inLanguage\":\"pt-BR\",\"@id\":\"https:\\\/\\\/secure.gravatar.com\\\/avatar\\\/8fadbca458d4cb68b1dd399ae9a40618d747bb1af65ac9fad21c89220a143eb4?s=96&d=mm&r=g\",\"url\":\"https:\\\/\\\/secure.gravatar.com\\\/avatar\\\/8fadbca458d4cb68b1dd399ae9a40618d747bb1af65ac9fad21c89220a143eb4?s=96&d=mm&r=g\",\"contentUrl\":\"https:\\\/\\\/secure.gravatar.com\\\/avatar\\\/8fadbca458d4cb68b1dd399ae9a40618d747bb1af65ac9fad21c89220a143eb4?s=96&d=mm&r=g\",\"caption\":\"maranhaotv\"},\"sameAs\":[\"https:\\\/\\\/maranhaotv.com.br\\\/\"],\"url\":\"https:\\\/\\\/maranhaotv.com.br\\\/index.php\\\/author\\\/maranhaotv\\\/\"}]}<\/script>\n<!-- \/ Yoast SEO plugin. -->","yoast_head_json":{"title":"Felipe Camar\u00e3o participa das comemora\u00e7\u00f5es pelos 63 anos de Mata Roma - NOT\u00cdCIAS EM TEMPO REAL","robots":{"index":"index","follow":"follow","max-snippet":"max-snippet:-1","max-image-preview":"max-image-preview:large","max-video-preview":"max-video-preview:-1"},"canonical":"https:\/\/maranhaotv.com.br\/index.php\/2025\/03\/11\/felipe-camarao-participa-das-comemoracoes-pelos-63-anos-de-mata-roma\/","og_locale":"pt_BR","og_type":"article","og_title":"Felipe Camar\u00e3o participa das comemora\u00e7\u00f5es pelos 63 anos de Mata Roma - NOT\u00cdCIAS EM TEMPO REAL","og_description":"O vice-governador do Maranh\u00e3o, Felipe Camar\u00e3o, participou das comemora\u00e7\u00f5es pelos 63 anos de Mata Roma, nesta ter\u00e7a-feira (11). Ainda em","og_url":"https:\/\/maranhaotv.com.br\/index.php\/2025\/03\/11\/felipe-camarao-participa-das-comemoracoes-pelos-63-anos-de-mata-roma\/","og_site_name":"NOT\u00cdCIAS EM TEMPO REAL","article_publisher":"https:\/\/www.facebook.com\/maiobaotv","article_published_time":"2025-03-12T00:22:39+00:00","article_modified_time":"2025-03-12T00:23:36+00:00","og_image":[{"width":2560,"height":1706,"url":"https:\/\/maranhaotv.com.br\/wp-content\/uploads\/2025\/03\/IMG-20250311-WA0157-scaled.jpg","type":"image\/jpeg"}],"author":"maranhaotv","twitter_card":"summary_large_image","twitter_creator":"@sitemaranhaotv","twitter_site":"@sitemaranhaotv","twitter_misc":{"Escrito por":"maranhaotv","Est. tempo de leitura":"2 minutos"},"schema":{"@context":"https:\/\/schema.org","@graph":[{"@type":"Article","@id":"https:\/\/maranhaotv.com.br\/index.php\/2025\/03\/11\/felipe-camarao-participa-das-comemoracoes-pelos-63-anos-de-mata-roma\/#article","isPartOf":{"@id":"https:\/\/maranhaotv.com.br\/index.php\/2025\/03\/11\/felipe-camarao-participa-das-comemoracoes-pelos-63-anos-de-mata-roma\/"},"author":{"name":"maranhaotv","@id":"https:\/\/maranhaotv.com.br\/#\/schema\/person\/3d54238e86b20bb5c89ab2fdb8f8829a"},"headline":"Felipe Camar\u00e3o participa das comemora\u00e7\u00f5es pelos 63 anos de Mata Roma","datePublished":"2025-03-12T00:22:39+00:00","dateModified":"2025-03-12T00:23:36+00:00","mainEntityOfPage":{"@id":"https:\/\/maranhaotv.com.br\/index.php\/2025\/03\/11\/felipe-camarao-participa-das-comemoracoes-pelos-63-anos-de-mata-roma\/"},"wordCount":368,"commentCount":0,"publisher":{"@id":"https:\/\/maranhaotv.com.br\/#organization"},"image":{"@id":"https:\/\/maranhaotv.com.br\/index.php\/2025\/03\/11\/felipe-camarao-participa-das-comemoracoes-pelos-63-anos-de-mata-roma\/#primaryimage"},"thumbnailUrl":"https:\/\/maranhaotv.com.br\/wp-content\/uploads\/2025\/03\/IMG-20250311-WA0157-scaled.jpg","keywords":["Felipe Camar\u00e3o"],"articleSection":["not\u00edcias"],"inLanguage":"pt-BR","potentialAction":[{"@type":"CommentAction","name":"Comment","target":["https:\/\/maranhaotv.com.br\/index.php\/2025\/03\/11\/felipe-camarao-participa-das-comemoracoes-pelos-63-anos-de-mata-roma\/#respond"]}]},{"@type":"WebPage","@id":"https:\/\/maranhaotv.com.br\/index.php\/2025\/03\/11\/felipe-camarao-participa-das-comemoracoes-pelos-63-anos-de-mata-roma\/","url":"https:\/\/maranhaotv.com.br\/index.php\/2025\/03\/11\/felipe-camarao-participa-das-comemoracoes-pelos-63-anos-de-mata-roma\/","name":"Felipe Camar\u00e3o participa das comemora\u00e7\u00f5es pelos 63 anos de Mata Roma - NOT\u00cdCIAS EM TEMPO REAL","isPartOf":{"@id":"https:\/\/maranhaotv.com.br\/#website"},"primaryImageOfPage":{"@id":"https:\/\/maranhaotv.com.br\/index.php\/2025\/03\/11\/felipe-camarao-participa-das-comemoracoes-pelos-63-anos-de-mata-roma\/#primaryimage"},"image":{"@id":"https:\/\/maranhaotv.com.br\/index.php\/2025\/03\/11\/felipe-camarao-participa-das-comemoracoes-pelos-63-anos-de-mata-roma\/#primaryimage"},"thumbnailUrl":"https:\/\/maranhaotv.com.br\/wp-content\/uploads\/2025\/03\/IMG-20250311-WA0157-scaled.jpg","datePublished":"2025-03-12T00:22:39+00:00","dateModified":"2025-03-12T00:23:36+00:00","breadcrumb":{"@id":"https:\/\/maranhaotv.com.br\/index.php\/2025\/03\/11\/felipe-camarao-participa-das-comemoracoes-pelos-63-anos-de-mata-roma\/#breadcrumb"},"inLanguage":"pt-BR","potentialAction":[{"@type":"ReadAction","target":["https:\/\/maranhaotv.com.br\/index.php\/2025\/03\/11\/felipe-camarao-participa-das-comemoracoes-pelos-63-anos-de-mata-roma\/"]}]},{"@type":"ImageObject","inLanguage":"pt-BR","@id":"https:\/\/maranhaotv.com.br\/index.php\/2025\/03\/11\/felipe-camarao-participa-das-comemoracoes-pelos-63-anos-de-mata-roma\/#primaryimage","url":"https:\/\/maranhaotv.com.br\/wp-content\/uploads\/2025\/03\/IMG-20250311-WA0157-scaled.jpg","contentUrl":"https:\/\/maranhaotv.com.br\/wp-content\/uploads\/2025\/03\/IMG-20250311-WA0157-scaled.jpg","width":2560,"height":1706},{"@type":"BreadcrumbList","@id":"https:\/\/maranhaotv.com.br\/index.php\/2025\/03\/11\/felipe-camarao-participa-das-comemoracoes-pelos-63-anos-de-mata-roma\/#breadcrumb","itemListElement":[{"@type":"ListItem","position":1,"name":"In\u00edcio","item":"https:\/\/maranhaotv.com.br\/"},{"@type":"ListItem","position":2,"name":"Felipe Camar\u00e3o participa das comemora\u00e7\u00f5es pelos 63 anos de Mata Roma"}]},{"@type":"WebSite","@id":"https:\/\/maranhaotv.com.br\/#website","url":"https:\/\/maranhaotv.com.br\/","name":"Maranh\u00e3oTV","description":"","publisher":{"@id":"https:\/\/maranhaotv.com.br\/#organization"},"potentialAction":[{"@type":"SearchAction","target":{"@type":"EntryPoint","urlTemplate":"https:\/\/maranhaotv.com.br\/?s={search_term_string}"},"query-input":{"@type":"PropertyValueSpecification","valueRequired":true,"valueName":"search_term_string"}}],"inLanguage":"pt-BR"},{"@type":"Organization","@id":"https:\/\/maranhaotv.com.br\/#organization","name":"Portal de Not\u00edcias","url":"https:\/\/maranhaotv.com.br\/","logo":{"@type":"ImageObject","inLanguage":"pt-BR","@id":"https:\/\/maranhaotv.com.br\/#\/schema\/logo\/image\/","url":"https:\/\/maranhaotv.com.br\/wp-content\/uploads\/2024\/05\/cropped-cropped-avatar-1.png","contentUrl":"https:\/\/maranhaotv.com.br\/wp-content\/uploads\/2024\/05\/cropped-cropped-avatar-1.png","width":792,"height":428,"caption":"Portal de Not\u00edcias"},"image":{"@id":"https:\/\/maranhaotv.com.br\/#\/schema\/logo\/image\/"},"sameAs":["https:\/\/www.facebook.com\/maiobaotv","https:\/\/x.com\/sitemaranhaotv","https:\/\/www.instagram.com\/maranhao.tv","https:\/\/www.threads.net\/@maranhao.tv"]},{"@type":"Person","@id":"https:\/\/maranhaotv.com.br\/#\/schema\/person\/3d54238e86b20bb5c89ab2fdb8f8829a","name":"maranhaotv","image":{"@type":"ImageObject","inLanguage":"pt-BR","@id":"https:\/\/secure.gravatar.com\/avatar\/8fadbca458d4cb68b1dd399ae9a40618d747bb1af65ac9fad21c89220a143eb4?s=96&d=mm&r=g","url":"https:\/\/secure.gravatar.com\/avatar\/8fadbca458d4cb68b1dd399ae9a40618d747bb1af65ac9fad21c89220a143eb4?s=96&d=mm&r=g","contentUrl":"https:\/\/secure.gravatar.com\/avatar\/8fadbca458d4cb68b1dd399ae9a40618d747bb1af65ac9fad21c89220a143eb4?s=96&d=mm&r=g","caption":"maranhaotv"},"sameAs":["https:\/\/maranhaotv.com.br\/"],"url":"https:\/\/maranhaotv.com.br\/index.php\/author\/maranhaotv\/"}]}},"jetpack_featured_media_url":"https:\/\/maranhaotv.com.br\/wp-content\/uploads\/2025\/03\/IMG-20250311-WA0157-scaled.jpg","jetpack_sharing_enabled":true,"_links":{"self":[{"href":"https:\/\/maranhaotv.com.br\/index.php\/wp-json\/wp\/v2\/posts\/40763","targetHints":{"allow":["GET"]}}],"collection":[{"href":"https:\/\/maranhaotv.com.br\/index.php\/wp-json\/wp\/v2\/posts"}],"about":[{"href":"https:\/\/maranhaotv.com.br\/index.php\/wp-json\/wp\/v2\/types\/post"}],"author":[{"embeddable":true,"href":"https:\/\/maranhaotv.com.br\/index.php\/wp-json\/wp\/v2\/users\/2"}],"replies":[{"embeddable":true,"href":"https:\/\/maranhaotv.com.br\/index.php\/wp-json\/wp\/v2\/comments?post=40763"}],"version-history":[{"count":1,"href":"https:\/\/maranhaotv.com.br\/index.php\/wp-json\/wp\/v2\/posts\/40763\/revisions"}],"predecessor-version":[{"id":40764,"href":"https:\/\/maranhaotv.com.br\/index.php\/wp-json\/wp\/v2\/posts\/40763\/revisions\/40764"}],"wp:featuredmedia":[{"embeddable":true,"href":"https:\/\/maranhaotv.com.br\/index.php\/wp-json\/wp\/v2\/media\/40762"}],"wp:attachment":[{"href":"https:\/\/maranhaotv.com.br\/index.php\/wp-json\/wp\/v2\/media?parent=40763"}],"wp:term":[{"taxonomy":"category","embeddable":true,"href":"https:\/\/maranhaotv.com.br\/index.php\/wp-json\/wp\/v2\/categories?post=40763"},{"taxonomy":"post_tag","embeddable":true,"href":"https:\/\/maranhaotv.com.br\/index.php\/wp-json\/wp\/v2\/tags?post=40763"}],"curies":[{"name":"wp","href":"https:\/\/api.w.org\/{rel}","templated":true}]}}