{"id":40911,"date":"2025-03-19T14:32:27","date_gmt":"2025-03-19T17:32:27","guid":{"rendered":"https:\/\/maranhaotv.com.br\/?p=40911"},"modified":"2025-03-19T14:32:28","modified_gmt":"2025-03-19T17:32:28","slug":"prefeitura-de-sao-jose-de-ribamar-lanca-o-minha-casa-minha-vida-nesta-sexta-feira","status":"publish","type":"post","link":"https:\/\/maranhaotv.com.br\/index.php\/2025\/03\/19\/prefeitura-de-sao-jose-de-ribamar-lanca-o-minha-casa-minha-vida-nesta-sexta-feira\/","title":{"rendered":"Prefeitura de S\u00e3o Jos\u00e9 de Ribamar lan\u00e7a o \u201cMinha Casa Minha Vida\u201d nesta sexta-feira"},"content":{"rendered":"\n<p><\/p>\n\n\n\n<p>A prefeitura de Ribamar far\u00e1 nesta sexta-feira (21), o lan\u00e7amento do programa habitacional do munic\u00edpio.<\/p>\n\n\n\n<p>O programa \u201cCasa da Nossa Gente\u201d, faz parte do minha casa minha vida e vai beneficiar as fam\u00edlias ribamarenses.<\/p>\n\n\n\n<p>S\u00e3o Jos\u00e9 de Ribamar foi contemplada com mais de 1900 casas do programa \u2018Minha Casa, Minha Vida\u2019 do Governo Federal, por meio do Minist\u00e9rio das Cidades. As unidades habitacionais ter\u00e3o sala de estar, sala de jantar, banheiro, cozinha, dois quartos, varanda, lavanderia e \u00e1rea de circula\u00e7\u00e3o.<\/p>\n\n\n\n<figure class=\"wp-block-image\" id=\"attachment_1273\"><img decoding=\"async\" src=\"https:\/\/estadaoma.com.br\/wp-content\/uploads\/2025\/03\/5DA9D2A5-9363-4477-AF80-EEBD0524E5BA-264x300.jpeg\" alt=\"\" class=\"wp-image-1273\"\/><figcaption class=\"wp-element-caption\">Screenshot<\/figcaption><\/figure>\n\n\n\n<p>Atendendo aos requisitos do programa \u2018Minha Casa, Minha Vida\u2019 o complexo habitacional ter\u00e1 uma ampla \u00e1rea verde e condominial com biblioteca, sala de conviv\u00eancia e \u00e1reas de lazer.<\/p>\n\n\n\n<p>O lan\u00e7amento acontecer\u00e1 na escola Liceu I, nesta sexta-feira (21), as 9h.<\/p>\n","protected":false},"excerpt":{"rendered":"<p>A prefeitura de Ribamar far\u00e1 nesta sexta-feira (21), o lan\u00e7amento do programa habitacional do munic\u00edpio. O programa \u201cCasa da Nossa<\/p>\n","protected":false},"author":2,"featured_media":40912,"comment_status":"open","ping_status":"open","sticky":false,"template":"","format":"standard","meta":{"colormag_page_container_layout":"default_layout","colormag_page_sidebar_layout":"default_layout","_jetpack_memberships_contains_paid_content":false,"footnotes":""},"categories":[8],"tags":[],"class_list":["post-40911","post","type-post","status-publish","format-standard","has-post-thumbnail","hentry","category-servicos"],"magazineBlocksPostFeaturedMedia":{"thumbnail":"https:\/\/maranhaotv.com.br\/wp-content\/uploads\/2025\/03\/42439502-837C-4A14-A516-8BC32299FE4A-750x375-1-150x150.jpeg","medium":"https:\/\/maranhaotv.com.br\/wp-content\/uploads\/2025\/03\/42439502-837C-4A14-A516-8BC32299FE4A-750x375-1-300x150.jpeg","medium_large":"https:\/\/maranhaotv.com.br\/wp-content\/uploads\/2025\/03\/42439502-837C-4A14-A516-8BC32299FE4A-750x375-1.jpeg","large":"https:\/\/maranhaotv.com.br\/wp-content\/uploads\/2025\/03\/42439502-837C-4A14-A516-8BC32299FE4A-750x375-1.jpeg","1536x1536":"https:\/\/maranhaotv.com.br\/wp-content\/uploads\/2025\/03\/42439502-837C-4A14-A516-8BC32299FE4A-750x375-1.jpeg","2048x2048":"https:\/\/maranhaotv.com.br\/wp-content\/uploads\/2025\/03\/42439502-837C-4A14-A516-8BC32299FE4A-750x375-1.jpeg","colormag-highlighted-post":"https:\/\/maranhaotv.com.br\/wp-content\/uploads\/2025\/03\/42439502-837C-4A14-A516-8BC32299FE4A-750x375-1-392x272.jpeg","colormag-featured-post-medium":"https:\/\/maranhaotv.com.br\/wp-content\/uploads\/2025\/03\/42439502-837C-4A14-A516-8BC32299FE4A-750x375-1-390x205.jpeg","colormag-featured-post-small":"https:\/\/maranhaotv.com.br\/wp-content\/uploads\/2025\/03\/42439502-837C-4A14-A516-8BC32299FE4A-750x375-1-130x90.jpeg","colormag-featured-image":"https:\/\/maranhaotv.com.br\/wp-content\/uploads\/2025\/03\/42439502-837C-4A14-A516-8BC32299FE4A-750x375-1.jpeg","colormag-default-news":"https:\/\/maranhaotv.com.br\/wp-content\/uploads\/2025\/03\/42439502-837C-4A14-A516-8BC32299FE4A-750x375-1-150x150.jpeg","colormag-featured-image-large":"https:\/\/maranhaotv.com.br\/wp-content\/uploads\/2025\/03\/42439502-837C-4A14-A516-8BC32299FE4A-750x375-1.jpeg"},"magazineBlocksPostAuthor":{"name":"maranhaotv","avatar":"https:\/\/secure.gravatar.com\/avatar\/8fadbca458d4cb68b1dd399ae9a40618d747bb1af65ac9fad21c89220a143eb4?s=96&d=mm&r=g"},"magazineBlocksPostCommentsNumber":"0","magazineBlocksPostExcerpt":"A prefeitura de Ribamar far\u00e1 nesta sexta-feira (21), o lan\u00e7amento do programa habitacional do munic\u00edpio. O programa \u201cCasa da Nossa","magazineBlocksPostCategories":["servi\u00e7os"],"magazineBlocksPostViewCount":2150,"magazineBlocksPostReadTime":1,"magazine_blocks_featured_image_url":{"full":["https:\/\/maranhaotv.com.br\/wp-content\/uploads\/2025\/03\/42439502-837C-4A14-A516-8BC32299FE4A-750x375-1.jpeg",750,375,false],"medium":["https:\/\/maranhaotv.com.br\/wp-content\/uploads\/2025\/03\/42439502-837C-4A14-A516-8BC32299FE4A-750x375-1-300x150.jpeg",300,150,true],"thumbnail":["https:\/\/maranhaotv.com.br\/wp-content\/uploads\/2025\/03\/42439502-837C-4A14-A516-8BC32299FE4A-750x375-1-150x150.jpeg",150,150,true]},"magazine_blocks_author":{"display_name":"maranhaotv","author_link":"https:\/\/maranhaotv.com.br\/index.php\/author\/maranhaotv\/"},"magazine_blocks_comment":0,"magazine_blocks_author_image":"https:\/\/secure.gravatar.com\/avatar\/8fadbca458d4cb68b1dd399ae9a40618d747bb1af65ac9fad21c89220a143eb4?s=96&d=mm&r=g","magazine_blocks_category":"<a href=\"#\" class=\"category-link category-link-8\">servi\u00e7os<\/a>","yoast_head":"<!-- This site is optimized with the Yoast SEO plugin v27.4 - https:\/\/yoast.com\/product\/yoast-seo-wordpress\/ -->\n<title>Prefeitura de S\u00e3o Jos\u00e9 de Ribamar lan\u00e7a o \u201cMinha Casa Minha Vida\u201d nesta sexta-feira - NOT\u00cdCIAS EM TEMPO REAL<\/title>\n<meta name=\"robots\" content=\"index, follow, max-snippet:-1, max-image-preview:large, max-video-preview:-1\" \/>\n<link rel=\"canonical\" href=\"https:\/\/maranhaotv.com.br\/index.php\/2025\/03\/19\/prefeitura-de-sao-jose-de-ribamar-lanca-o-minha-casa-minha-vida-nesta-sexta-feira\/\" \/>\n<meta property=\"og:locale\" content=\"pt_BR\" \/>\n<meta property=\"og:type\" content=\"article\" \/>\n<meta property=\"og:title\" content=\"Prefeitura de S\u00e3o Jos\u00e9 de Ribamar lan\u00e7a o \u201cMinha Casa Minha Vida\u201d nesta sexta-feira - NOT\u00cdCIAS EM TEMPO REAL\" \/>\n<meta property=\"og:description\" content=\"A prefeitura de Ribamar far\u00e1 nesta sexta-feira (21), o lan\u00e7amento do programa habitacional do munic\u00edpio. O programa \u201cCasa da Nossa\" \/>\n<meta property=\"og:url\" content=\"https:\/\/maranhaotv.com.br\/index.php\/2025\/03\/19\/prefeitura-de-sao-jose-de-ribamar-lanca-o-minha-casa-minha-vida-nesta-sexta-feira\/\" \/>\n<meta property=\"og:site_name\" content=\"NOT\u00cdCIAS EM TEMPO REAL\" \/>\n<meta property=\"article:publisher\" content=\"https:\/\/www.facebook.com\/maiobaotv\" \/>\n<meta property=\"article:published_time\" content=\"2025-03-19T17:32:27+00:00\" \/>\n<meta property=\"article:modified_time\" content=\"2025-03-19T17:32:28+00:00\" \/>\n<meta property=\"og:image\" content=\"https:\/\/maranhaotv.com.br\/wp-content\/uploads\/2025\/03\/42439502-837C-4A14-A516-8BC32299FE4A-750x375-1.jpeg\" \/>\n\t<meta property=\"og:image:width\" content=\"750\" \/>\n\t<meta property=\"og:image:height\" content=\"375\" \/>\n\t<meta property=\"og:image:type\" content=\"image\/jpeg\" \/>\n<meta name=\"author\" content=\"maranhaotv\" \/>\n<meta name=\"twitter:card\" content=\"summary_large_image\" \/>\n<meta name=\"twitter:creator\" content=\"@sitemaranhaotv\" \/>\n<meta name=\"twitter:site\" content=\"@sitemaranhaotv\" \/>\n<meta name=\"twitter:label1\" content=\"Escrito por\" \/>\n\t<meta name=\"twitter:data1\" content=\"maranhaotv\" \/>\n\t<meta name=\"twitter:label2\" content=\"Est. tempo de leitura\" \/>\n\t<meta name=\"twitter:data2\" content=\"2 minutos\" \/>\n<script type=\"application\/ld+json\" class=\"yoast-schema-graph\">{\"@context\":\"https:\\\/\\\/schema.org\",\"@graph\":[{\"@type\":\"Article\",\"@id\":\"https:\\\/\\\/maranhaotv.com.br\\\/index.php\\\/2025\\\/03\\\/19\\\/prefeitura-de-sao-jose-de-ribamar-lanca-o-minha-casa-minha-vida-nesta-sexta-feira\\\/#article\",\"isPartOf\":{\"@id\":\"https:\\\/\\\/maranhaotv.com.br\\\/index.php\\\/2025\\\/03\\\/19\\\/prefeitura-de-sao-jose-de-ribamar-lanca-o-minha-casa-minha-vida-nesta-sexta-feira\\\/\"},\"author\":{\"name\":\"maranhaotv\",\"@id\":\"https:\\\/\\\/maranhaotv.com.br\\\/#\\\/schema\\\/person\\\/3d54238e86b20bb5c89ab2fdb8f8829a\"},\"headline\":\"Prefeitura de S\u00e3o Jos\u00e9 de Ribamar lan\u00e7a o \u201cMinha Casa Minha Vida\u201d nesta sexta-feira\",\"datePublished\":\"2025-03-19T17:32:27+00:00\",\"dateModified\":\"2025-03-19T17:32:28+00:00\",\"mainEntityOfPage\":{\"@id\":\"https:\\\/\\\/maranhaotv.com.br\\\/index.php\\\/2025\\\/03\\\/19\\\/prefeitura-de-sao-jose-de-ribamar-lanca-o-minha-casa-minha-vida-nesta-sexta-feira\\\/\"},\"wordCount\":143,\"commentCount\":0,\"publisher\":{\"@id\":\"https:\\\/\\\/maranhaotv.com.br\\\/#organization\"},\"image\":{\"@id\":\"https:\\\/\\\/maranhaotv.com.br\\\/index.php\\\/2025\\\/03\\\/19\\\/prefeitura-de-sao-jose-de-ribamar-lanca-o-minha-casa-minha-vida-nesta-sexta-feira\\\/#primaryimage\"},\"thumbnailUrl\":\"https:\\\/\\\/maranhaotv.com.br\\\/wp-content\\\/uploads\\\/2025\\\/03\\\/42439502-837C-4A14-A516-8BC32299FE4A-750x375-1.jpeg\",\"articleSection\":[\"servi\u00e7os\"],\"inLanguage\":\"pt-BR\",\"potentialAction\":[{\"@type\":\"CommentAction\",\"name\":\"Comment\",\"target\":[\"https:\\\/\\\/maranhaotv.com.br\\\/index.php\\\/2025\\\/03\\\/19\\\/prefeitura-de-sao-jose-de-ribamar-lanca-o-minha-casa-minha-vida-nesta-sexta-feira\\\/#respond\"]}]},{\"@type\":\"WebPage\",\"@id\":\"https:\\\/\\\/maranhaotv.com.br\\\/index.php\\\/2025\\\/03\\\/19\\\/prefeitura-de-sao-jose-de-ribamar-lanca-o-minha-casa-minha-vida-nesta-sexta-feira\\\/\",\"url\":\"https:\\\/\\\/maranhaotv.com.br\\\/index.php\\\/2025\\\/03\\\/19\\\/prefeitura-de-sao-jose-de-ribamar-lanca-o-minha-casa-minha-vida-nesta-sexta-feira\\\/\",\"name\":\"Prefeitura de S\u00e3o Jos\u00e9 de Ribamar lan\u00e7a o \u201cMinha Casa Minha Vida\u201d nesta sexta-feira - NOT\u00cdCIAS EM TEMPO REAL\",\"isPartOf\":{\"@id\":\"https:\\\/\\\/maranhaotv.com.br\\\/#website\"},\"primaryImageOfPage\":{\"@id\":\"https:\\\/\\\/maranhaotv.com.br\\\/index.php\\\/2025\\\/03\\\/19\\\/prefeitura-de-sao-jose-de-ribamar-lanca-o-minha-casa-minha-vida-nesta-sexta-feira\\\/#primaryimage\"},\"image\":{\"@id\":\"https:\\\/\\\/maranhaotv.com.br\\\/index.php\\\/2025\\\/03\\\/19\\\/prefeitura-de-sao-jose-de-ribamar-lanca-o-minha-casa-minha-vida-nesta-sexta-feira\\\/#primaryimage\"},\"thumbnailUrl\":\"https:\\\/\\\/maranhaotv.com.br\\\/wp-content\\\/uploads\\\/2025\\\/03\\\/42439502-837C-4A14-A516-8BC32299FE4A-750x375-1.jpeg\",\"datePublished\":\"2025-03-19T17:32:27+00:00\",\"dateModified\":\"2025-03-19T17:32:28+00:00\",\"breadcrumb\":{\"@id\":\"https:\\\/\\\/maranhaotv.com.br\\\/index.php\\\/2025\\\/03\\\/19\\\/prefeitura-de-sao-jose-de-ribamar-lanca-o-minha-casa-minha-vida-nesta-sexta-feira\\\/#breadcrumb\"},\"inLanguage\":\"pt-BR\",\"potentialAction\":[{\"@type\":\"ReadAction\",\"target\":[\"https:\\\/\\\/maranhaotv.com.br\\\/index.php\\\/2025\\\/03\\\/19\\\/prefeitura-de-sao-jose-de-ribamar-lanca-o-minha-casa-minha-vida-nesta-sexta-feira\\\/\"]}]},{\"@type\":\"ImageObject\",\"inLanguage\":\"pt-BR\",\"@id\":\"https:\\\/\\\/maranhaotv.com.br\\\/index.php\\\/2025\\\/03\\\/19\\\/prefeitura-de-sao-jose-de-ribamar-lanca-o-minha-casa-minha-vida-nesta-sexta-feira\\\/#primaryimage\",\"url\":\"https:\\\/\\\/maranhaotv.com.br\\\/wp-content\\\/uploads\\\/2025\\\/03\\\/42439502-837C-4A14-A516-8BC32299FE4A-750x375-1.jpeg\",\"contentUrl\":\"https:\\\/\\\/maranhaotv.com.br\\\/wp-content\\\/uploads\\\/2025\\\/03\\\/42439502-837C-4A14-A516-8BC32299FE4A-750x375-1.jpeg\",\"width\":750,\"height\":375},{\"@type\":\"BreadcrumbList\",\"@id\":\"https:\\\/\\\/maranhaotv.com.br\\\/index.php\\\/2025\\\/03\\\/19\\\/prefeitura-de-sao-jose-de-ribamar-lanca-o-minha-casa-minha-vida-nesta-sexta-feira\\\/#breadcrumb\",\"itemListElement\":[{\"@type\":\"ListItem\",\"position\":1,\"name\":\"In\u00edcio\",\"item\":\"https:\\\/\\\/maranhaotv.com.br\\\/\"},{\"@type\":\"ListItem\",\"position\":2,\"name\":\"Prefeitura de S\u00e3o Jos\u00e9 de Ribamar lan\u00e7a o \u201cMinha Casa Minha Vida\u201d nesta sexta-feira\"}]},{\"@type\":\"WebSite\",\"@id\":\"https:\\\/\\\/maranhaotv.com.br\\\/#website\",\"url\":\"https:\\\/\\\/maranhaotv.com.br\\\/\",\"name\":\"Maranh\u00e3oTV\",\"description\":\"\",\"publisher\":{\"@id\":\"https:\\\/\\\/maranhaotv.com.br\\\/#organization\"},\"potentialAction\":[{\"@type\":\"SearchAction\",\"target\":{\"@type\":\"EntryPoint\",\"urlTemplate\":\"https:\\\/\\\/maranhaotv.com.br\\\/?s={search_term_string}\"},\"query-input\":{\"@type\":\"PropertyValueSpecification\",\"valueRequired\":true,\"valueName\":\"search_term_string\"}}],\"inLanguage\":\"pt-BR\"},{\"@type\":\"Organization\",\"@id\":\"https:\\\/\\\/maranhaotv.com.br\\\/#organization\",\"name\":\"Portal de Not\u00edcias\",\"url\":\"https:\\\/\\\/maranhaotv.com.br\\\/\",\"logo\":{\"@type\":\"ImageObject\",\"inLanguage\":\"pt-BR\",\"@id\":\"https:\\\/\\\/maranhaotv.com.br\\\/#\\\/schema\\\/logo\\\/image\\\/\",\"url\":\"https:\\\/\\\/maranhaotv.com.br\\\/wp-content\\\/uploads\\\/2024\\\/05\\\/cropped-cropped-avatar-1.png\",\"contentUrl\":\"https:\\\/\\\/maranhaotv.com.br\\\/wp-content\\\/uploads\\\/2024\\\/05\\\/cropped-cropped-avatar-1.png\",\"width\":792,\"height\":428,\"caption\":\"Portal de Not\u00edcias\"},\"image\":{\"@id\":\"https:\\\/\\\/maranhaotv.com.br\\\/#\\\/schema\\\/logo\\\/image\\\/\"},\"sameAs\":[\"https:\\\/\\\/www.facebook.com\\\/maiobaotv\",\"https:\\\/\\\/x.com\\\/sitemaranhaotv\",\"https:\\\/\\\/www.instagram.com\\\/maranhao.tv\",\"https:\\\/\\\/www.threads.net\\\/@maranhao.tv\"]},{\"@type\":\"Person\",\"@id\":\"https:\\\/\\\/maranhaotv.com.br\\\/#\\\/schema\\\/person\\\/3d54238e86b20bb5c89ab2fdb8f8829a\",\"name\":\"maranhaotv\",\"image\":{\"@type\":\"ImageObject\",\"inLanguage\":\"pt-BR\",\"@id\":\"https:\\\/\\\/secure.gravatar.com\\\/avatar\\\/8fadbca458d4cb68b1dd399ae9a40618d747bb1af65ac9fad21c89220a143eb4?s=96&d=mm&r=g\",\"url\":\"https:\\\/\\\/secure.gravatar.com\\\/avatar\\\/8fadbca458d4cb68b1dd399ae9a40618d747bb1af65ac9fad21c89220a143eb4?s=96&d=mm&r=g\",\"contentUrl\":\"https:\\\/\\\/secure.gravatar.com\\\/avatar\\\/8fadbca458d4cb68b1dd399ae9a40618d747bb1af65ac9fad21c89220a143eb4?s=96&d=mm&r=g\",\"caption\":\"maranhaotv\"},\"sameAs\":[\"https:\\\/\\\/maranhaotv.com.br\\\/\"],\"url\":\"https:\\\/\\\/maranhaotv.com.br\\\/index.php\\\/author\\\/maranhaotv\\\/\"}]}<\/script>\n<!-- \/ Yoast SEO plugin. -->","yoast_head_json":{"title":"Prefeitura de S\u00e3o Jos\u00e9 de Ribamar lan\u00e7a o \u201cMinha Casa Minha Vida\u201d nesta sexta-feira - NOT\u00cdCIAS EM TEMPO REAL","robots":{"index":"index","follow":"follow","max-snippet":"max-snippet:-1","max-image-preview":"max-image-preview:large","max-video-preview":"max-video-preview:-1"},"canonical":"https:\/\/maranhaotv.com.br\/index.php\/2025\/03\/19\/prefeitura-de-sao-jose-de-ribamar-lanca-o-minha-casa-minha-vida-nesta-sexta-feira\/","og_locale":"pt_BR","og_type":"article","og_title":"Prefeitura de S\u00e3o Jos\u00e9 de Ribamar lan\u00e7a o \u201cMinha Casa Minha Vida\u201d nesta sexta-feira - NOT\u00cdCIAS EM TEMPO REAL","og_description":"A prefeitura de Ribamar far\u00e1 nesta sexta-feira (21), o lan\u00e7amento do programa habitacional do munic\u00edpio. O programa \u201cCasa da Nossa","og_url":"https:\/\/maranhaotv.com.br\/index.php\/2025\/03\/19\/prefeitura-de-sao-jose-de-ribamar-lanca-o-minha-casa-minha-vida-nesta-sexta-feira\/","og_site_name":"NOT\u00cdCIAS EM TEMPO REAL","article_publisher":"https:\/\/www.facebook.com\/maiobaotv","article_published_time":"2025-03-19T17:32:27+00:00","article_modified_time":"2025-03-19T17:32:28+00:00","og_image":[{"width":750,"height":375,"url":"https:\/\/maranhaotv.com.br\/wp-content\/uploads\/2025\/03\/42439502-837C-4A14-A516-8BC32299FE4A-750x375-1.jpeg","type":"image\/jpeg"}],"author":"maranhaotv","twitter_card":"summary_large_image","twitter_creator":"@sitemaranhaotv","twitter_site":"@sitemaranhaotv","twitter_misc":{"Escrito por":"maranhaotv","Est. tempo de leitura":"2 minutos"},"schema":{"@context":"https:\/\/schema.org","@graph":[{"@type":"Article","@id":"https:\/\/maranhaotv.com.br\/index.php\/2025\/03\/19\/prefeitura-de-sao-jose-de-ribamar-lanca-o-minha-casa-minha-vida-nesta-sexta-feira\/#article","isPartOf":{"@id":"https:\/\/maranhaotv.com.br\/index.php\/2025\/03\/19\/prefeitura-de-sao-jose-de-ribamar-lanca-o-minha-casa-minha-vida-nesta-sexta-feira\/"},"author":{"name":"maranhaotv","@id":"https:\/\/maranhaotv.com.br\/#\/schema\/person\/3d54238e86b20bb5c89ab2fdb8f8829a"},"headline":"Prefeitura de S\u00e3o Jos\u00e9 de Ribamar lan\u00e7a o \u201cMinha Casa Minha Vida\u201d nesta sexta-feira","datePublished":"2025-03-19T17:32:27+00:00","dateModified":"2025-03-19T17:32:28+00:00","mainEntityOfPage":{"@id":"https:\/\/maranhaotv.com.br\/index.php\/2025\/03\/19\/prefeitura-de-sao-jose-de-ribamar-lanca-o-minha-casa-minha-vida-nesta-sexta-feira\/"},"wordCount":143,"commentCount":0,"publisher":{"@id":"https:\/\/maranhaotv.com.br\/#organization"},"image":{"@id":"https:\/\/maranhaotv.com.br\/index.php\/2025\/03\/19\/prefeitura-de-sao-jose-de-ribamar-lanca-o-minha-casa-minha-vida-nesta-sexta-feira\/#primaryimage"},"thumbnailUrl":"https:\/\/maranhaotv.com.br\/wp-content\/uploads\/2025\/03\/42439502-837C-4A14-A516-8BC32299FE4A-750x375-1.jpeg","articleSection":["servi\u00e7os"],"inLanguage":"pt-BR","potentialAction":[{"@type":"CommentAction","name":"Comment","target":["https:\/\/maranhaotv.com.br\/index.php\/2025\/03\/19\/prefeitura-de-sao-jose-de-ribamar-lanca-o-minha-casa-minha-vida-nesta-sexta-feira\/#respond"]}]},{"@type":"WebPage","@id":"https:\/\/maranhaotv.com.br\/index.php\/2025\/03\/19\/prefeitura-de-sao-jose-de-ribamar-lanca-o-minha-casa-minha-vida-nesta-sexta-feira\/","url":"https:\/\/maranhaotv.com.br\/index.php\/2025\/03\/19\/prefeitura-de-sao-jose-de-ribamar-lanca-o-minha-casa-minha-vida-nesta-sexta-feira\/","name":"Prefeitura de S\u00e3o Jos\u00e9 de Ribamar lan\u00e7a o \u201cMinha Casa Minha Vida\u201d nesta sexta-feira - NOT\u00cdCIAS EM TEMPO REAL","isPartOf":{"@id":"https:\/\/maranhaotv.com.br\/#website"},"primaryImageOfPage":{"@id":"https:\/\/maranhaotv.com.br\/index.php\/2025\/03\/19\/prefeitura-de-sao-jose-de-ribamar-lanca-o-minha-casa-minha-vida-nesta-sexta-feira\/#primaryimage"},"image":{"@id":"https:\/\/maranhaotv.com.br\/index.php\/2025\/03\/19\/prefeitura-de-sao-jose-de-ribamar-lanca-o-minha-casa-minha-vida-nesta-sexta-feira\/#primaryimage"},"thumbnailUrl":"https:\/\/maranhaotv.com.br\/wp-content\/uploads\/2025\/03\/42439502-837C-4A14-A516-8BC32299FE4A-750x375-1.jpeg","datePublished":"2025-03-19T17:32:27+00:00","dateModified":"2025-03-19T17:32:28+00:00","breadcrumb":{"@id":"https:\/\/maranhaotv.com.br\/index.php\/2025\/03\/19\/prefeitura-de-sao-jose-de-ribamar-lanca-o-minha-casa-minha-vida-nesta-sexta-feira\/#breadcrumb"},"inLanguage":"pt-BR","potentialAction":[{"@type":"ReadAction","target":["https:\/\/maranhaotv.com.br\/index.php\/2025\/03\/19\/prefeitura-de-sao-jose-de-ribamar-lanca-o-minha-casa-minha-vida-nesta-sexta-feira\/"]}]},{"@type":"ImageObject","inLanguage":"pt-BR","@id":"https:\/\/maranhaotv.com.br\/index.php\/2025\/03\/19\/prefeitura-de-sao-jose-de-ribamar-lanca-o-minha-casa-minha-vida-nesta-sexta-feira\/#primaryimage","url":"https:\/\/maranhaotv.com.br\/wp-content\/uploads\/2025\/03\/42439502-837C-4A14-A516-8BC32299FE4A-750x375-1.jpeg","contentUrl":"https:\/\/maranhaotv.com.br\/wp-content\/uploads\/2025\/03\/42439502-837C-4A14-A516-8BC32299FE4A-750x375-1.jpeg","width":750,"height":375},{"@type":"BreadcrumbList","@id":"https:\/\/maranhaotv.com.br\/index.php\/2025\/03\/19\/prefeitura-de-sao-jose-de-ribamar-lanca-o-minha-casa-minha-vida-nesta-sexta-feira\/#breadcrumb","itemListElement":[{"@type":"ListItem","position":1,"name":"In\u00edcio","item":"https:\/\/maranhaotv.com.br\/"},{"@type":"ListItem","position":2,"name":"Prefeitura de S\u00e3o Jos\u00e9 de Ribamar lan\u00e7a o \u201cMinha Casa Minha Vida\u201d nesta sexta-feira"}]},{"@type":"WebSite","@id":"https:\/\/maranhaotv.com.br\/#website","url":"https:\/\/maranhaotv.com.br\/","name":"Maranh\u00e3oTV","description":"","publisher":{"@id":"https:\/\/maranhaotv.com.br\/#organization"},"potentialAction":[{"@type":"SearchAction","target":{"@type":"EntryPoint","urlTemplate":"https:\/\/maranhaotv.com.br\/?s={search_term_string}"},"query-input":{"@type":"PropertyValueSpecification","valueRequired":true,"valueName":"search_term_string"}}],"inLanguage":"pt-BR"},{"@type":"Organization","@id":"https:\/\/maranhaotv.com.br\/#organization","name":"Portal de Not\u00edcias","url":"https:\/\/maranhaotv.com.br\/","logo":{"@type":"ImageObject","inLanguage":"pt-BR","@id":"https:\/\/maranhaotv.com.br\/#\/schema\/logo\/image\/","url":"https:\/\/maranhaotv.com.br\/wp-content\/uploads\/2024\/05\/cropped-cropped-avatar-1.png","contentUrl":"https:\/\/maranhaotv.com.br\/wp-content\/uploads\/2024\/05\/cropped-cropped-avatar-1.png","width":792,"height":428,"caption":"Portal de Not\u00edcias"},"image":{"@id":"https:\/\/maranhaotv.com.br\/#\/schema\/logo\/image\/"},"sameAs":["https:\/\/www.facebook.com\/maiobaotv","https:\/\/x.com\/sitemaranhaotv","https:\/\/www.instagram.com\/maranhao.tv","https:\/\/www.threads.net\/@maranhao.tv"]},{"@type":"Person","@id":"https:\/\/maranhaotv.com.br\/#\/schema\/person\/3d54238e86b20bb5c89ab2fdb8f8829a","name":"maranhaotv","image":{"@type":"ImageObject","inLanguage":"pt-BR","@id":"https:\/\/secure.gravatar.com\/avatar\/8fadbca458d4cb68b1dd399ae9a40618d747bb1af65ac9fad21c89220a143eb4?s=96&d=mm&r=g","url":"https:\/\/secure.gravatar.com\/avatar\/8fadbca458d4cb68b1dd399ae9a40618d747bb1af65ac9fad21c89220a143eb4?s=96&d=mm&r=g","contentUrl":"https:\/\/secure.gravatar.com\/avatar\/8fadbca458d4cb68b1dd399ae9a40618d747bb1af65ac9fad21c89220a143eb4?s=96&d=mm&r=g","caption":"maranhaotv"},"sameAs":["https:\/\/maranhaotv.com.br\/"],"url":"https:\/\/maranhaotv.com.br\/index.php\/author\/maranhaotv\/"}]}},"jetpack_featured_media_url":"https:\/\/maranhaotv.com.br\/wp-content\/uploads\/2025\/03\/42439502-837C-4A14-A516-8BC32299FE4A-750x375-1.jpeg","jetpack_sharing_enabled":true,"_links":{"self":[{"href":"https:\/\/maranhaotv.com.br\/index.php\/wp-json\/wp\/v2\/posts\/40911","targetHints":{"allow":["GET"]}}],"collection":[{"href":"https:\/\/maranhaotv.com.br\/index.php\/wp-json\/wp\/v2\/posts"}],"about":[{"href":"https:\/\/maranhaotv.com.br\/index.php\/wp-json\/wp\/v2\/types\/post"}],"author":[{"embeddable":true,"href":"https:\/\/maranhaotv.com.br\/index.php\/wp-json\/wp\/v2\/users\/2"}],"replies":[{"embeddable":true,"href":"https:\/\/maranhaotv.com.br\/index.php\/wp-json\/wp\/v2\/comments?post=40911"}],"version-history":[{"count":1,"href":"https:\/\/maranhaotv.com.br\/index.php\/wp-json\/wp\/v2\/posts\/40911\/revisions"}],"predecessor-version":[{"id":40913,"href":"https:\/\/maranhaotv.com.br\/index.php\/wp-json\/wp\/v2\/posts\/40911\/revisions\/40913"}],"wp:featuredmedia":[{"embeddable":true,"href":"https:\/\/maranhaotv.com.br\/index.php\/wp-json\/wp\/v2\/media\/40912"}],"wp:attachment":[{"href":"https:\/\/maranhaotv.com.br\/index.php\/wp-json\/wp\/v2\/media?parent=40911"}],"wp:term":[{"taxonomy":"category","embeddable":true,"href":"https:\/\/maranhaotv.com.br\/index.php\/wp-json\/wp\/v2\/categories?post=40911"},{"taxonomy":"post_tag","embeddable":true,"href":"https:\/\/maranhaotv.com.br\/index.php\/wp-json\/wp\/v2\/tags?post=40911"}],"curies":[{"name":"wp","href":"https:\/\/api.w.org\/{rel}","templated":true}]}}