{"id":40941,"date":"2025-03-20T13:12:12","date_gmt":"2025-03-20T16:12:12","guid":{"rendered":"https:\/\/maranhaotv.com.br\/?p=40941"},"modified":"2025-03-20T13:12:28","modified_gmt":"2025-03-20T16:12:28","slug":"pedro-lucas-homenageia-jose-sarney-nos-40-anos-de-redemocratizacao","status":"publish","type":"post","link":"https:\/\/maranhaotv.com.br\/index.php\/2025\/03\/20\/pedro-lucas-homenageia-jose-sarney-nos-40-anos-de-redemocratizacao\/","title":{"rendered":"Pedro Lucas homenageia Jos\u00e9 Sarney nos 40 anos de redemocratiza\u00e7\u00e3o"},"content":{"rendered":"\n<p><\/p>\n\n\n\n<p><br><br>O deputado federal Pedro Lucas (UNI\u00c3O\/MA) foi autor da proposta que concedeu ao ex-presidente Jos\u00e9 Sarney a Medalha do M\u00e9rito Legislativo, a maior honraria concedida pela C\u00e2mara dos Deputados. A entrega ocorreu na sess\u00e3o solene em celebra\u00e7\u00e3o aos 40 anos da redemocratiza\u00e7\u00e3o do Brasil.<br><br>O maranhense Jos\u00e9 Sarney, nascido no munic\u00edpio de Pinheiro, foi governador do Maranh\u00e3o, presidente do Senado por tr\u00eas vezes e o primeiro presidente civil do Brasil ap\u00f3s o Regime Militar, governou o pa\u00eds entre 1985 e 1890. Sarney foi fundamental para a manuten\u00e7\u00e3o democr\u00e1tica ap\u00f3s mais de 20 anos de ditadura, sendo respons\u00e1vel pela organiza\u00e7\u00e3o das institui\u00e7\u00f5es republicanas, o apoio \u00e0 liberdade de imprensa e todo o processo de abertura democr\u00e1tica.<br><br>\u201cH\u00e1 40 anos o Brasil iniciava um novo ciclo, deixando para tr\u00e1s todo um per\u00edodo sob o Regime Militar e retornando o caminho da liberdade, do direito ao voto e da plena participa\u00e7\u00e3o pol\u00edtica dos cidad\u00e3os O governo de Jos\u00e9 Sarney garantiu o pleno exerc\u00edcio da cidadania gra\u00e7as ao di\u00e1logo e \u00e0 concilia\u00e7\u00e3o, o Brasil atravessou um momento cr\u00edtico e conseguiu a paz rumo \u00e0 democracia.\u201d destacou o deputado Pedro Lucas.<br><br>A sess\u00e3o ocorreu no plen\u00e1rio da C\u00e2mara dos Deputados e foi conduzida pelo presidente Hugo Motta (Republicanos\/PB). Contou com a participa\u00e7\u00e3o de diversos parlamentares, ministros e autoridades, como o governador do Maranh\u00e3o, Carlos Brand\u00e3o (PSB\/MA) e o presidente do STF, Lu\u00eds Roberto Barroso.<\/p>\n","protected":false},"excerpt":{"rendered":"<p>O deputado federal Pedro Lucas (UNI\u00c3O\/MA) foi autor da proposta que concedeu ao ex-presidente Jos\u00e9 Sarney a Medalha do M\u00e9rito<\/p>\n","protected":false},"author":2,"featured_media":40940,"comment_status":"open","ping_status":"open","sticky":false,"template":"","format":"standard","meta":{"colormag_page_container_layout":"default_layout","colormag_page_sidebar_layout":"default_layout","_jetpack_memberships_contains_paid_content":false,"footnotes":""},"categories":[2],"tags":[],"class_list":["post-40941","post","type-post","status-publish","format-standard","has-post-thumbnail","hentry","category-noticias"],"magazineBlocksPostFeaturedMedia":{"thumbnail":"https:\/\/maranhaotv.com.br\/wp-content\/uploads\/2025\/03\/IMG-20250320-WA0114-150x150.jpg","medium":"https:\/\/maranhaotv.com.br\/wp-content\/uploads\/2025\/03\/IMG-20250320-WA0114-300x200.jpg","medium_large":"https:\/\/maranhaotv.com.br\/wp-content\/uploads\/2025\/03\/IMG-20250320-WA0114-768x512.jpg","large":"https:\/\/maranhaotv.com.br\/wp-content\/uploads\/2025\/03\/IMG-20250320-WA0114-1024x682.jpg","1536x1536":"https:\/\/maranhaotv.com.br\/wp-content\/uploads\/2025\/03\/IMG-20250320-WA0114-1536x1023.jpg","2048x2048":"https:\/\/maranhaotv.com.br\/wp-content\/uploads\/2025\/03\/IMG-20250320-WA0114.jpg","colormag-highlighted-post":"https:\/\/maranhaotv.com.br\/wp-content\/uploads\/2025\/03\/IMG-20250320-WA0114-392x272.jpg","colormag-featured-post-medium":"https:\/\/maranhaotv.com.br\/wp-content\/uploads\/2025\/03\/IMG-20250320-WA0114-390x205.jpg","colormag-featured-post-small":"https:\/\/maranhaotv.com.br\/wp-content\/uploads\/2025\/03\/IMG-20250320-WA0114-130x90.jpg","colormag-featured-image":"https:\/\/maranhaotv.com.br\/wp-content\/uploads\/2025\/03\/IMG-20250320-WA0114-800x445.jpg","colormag-default-news":"https:\/\/maranhaotv.com.br\/wp-content\/uploads\/2025\/03\/IMG-20250320-WA0114-150x150.jpg","colormag-featured-image-large":"https:\/\/maranhaotv.com.br\/wp-content\/uploads\/2025\/03\/IMG-20250320-WA0114-1400x600.jpg"},"magazineBlocksPostAuthor":{"name":"maranhaotv","avatar":"https:\/\/secure.gravatar.com\/avatar\/8fadbca458d4cb68b1dd399ae9a40618d747bb1af65ac9fad21c89220a143eb4?s=96&d=mm&r=g"},"magazineBlocksPostCommentsNumber":"0","magazineBlocksPostExcerpt":"O deputado federal Pedro Lucas (UNI\u00c3O\/MA) foi autor da proposta que concedeu ao ex-presidente Jos\u00e9 Sarney a Medalha do M\u00e9rito","magazineBlocksPostCategories":["not\u00edcias"],"magazineBlocksPostViewCount":441,"magazineBlocksPostReadTime":2,"magazine_blocks_featured_image_url":{"full":["https:\/\/maranhaotv.com.br\/wp-content\/uploads\/2025\/03\/IMG-20250320-WA0114.jpg",1600,1066,false],"medium":["https:\/\/maranhaotv.com.br\/wp-content\/uploads\/2025\/03\/IMG-20250320-WA0114-300x200.jpg",300,200,true],"thumbnail":["https:\/\/maranhaotv.com.br\/wp-content\/uploads\/2025\/03\/IMG-20250320-WA0114-150x150.jpg",150,150,true]},"magazine_blocks_author":{"display_name":"maranhaotv","author_link":"https:\/\/maranhaotv.com.br\/index.php\/author\/maranhaotv\/"},"magazine_blocks_comment":0,"magazine_blocks_author_image":"https:\/\/secure.gravatar.com\/avatar\/8fadbca458d4cb68b1dd399ae9a40618d747bb1af65ac9fad21c89220a143eb4?s=96&d=mm&r=g","magazine_blocks_category":"<a href=\"#\" class=\"category-link category-link-2\">not\u00edcias<\/a>","yoast_head":"<!-- This site is optimized with the Yoast SEO plugin v27.4 - https:\/\/yoast.com\/product\/yoast-seo-wordpress\/ -->\n<title>Pedro Lucas homenageia Jos\u00e9 Sarney nos 40 anos de redemocratiza\u00e7\u00e3o - NOT\u00cdCIAS EM TEMPO REAL<\/title>\n<meta name=\"robots\" content=\"index, follow, max-snippet:-1, max-image-preview:large, max-video-preview:-1\" \/>\n<link rel=\"canonical\" href=\"https:\/\/maranhaotv.com.br\/index.php\/2025\/03\/20\/pedro-lucas-homenageia-jose-sarney-nos-40-anos-de-redemocratizacao\/\" \/>\n<meta property=\"og:locale\" content=\"pt_BR\" \/>\n<meta property=\"og:type\" content=\"article\" \/>\n<meta property=\"og:title\" content=\"Pedro Lucas homenageia Jos\u00e9 Sarney nos 40 anos de redemocratiza\u00e7\u00e3o - NOT\u00cdCIAS EM TEMPO REAL\" \/>\n<meta property=\"og:description\" content=\"O deputado federal Pedro Lucas (UNI\u00c3O\/MA) foi autor da proposta que concedeu ao ex-presidente Jos\u00e9 Sarney a Medalha do M\u00e9rito\" \/>\n<meta property=\"og:url\" content=\"https:\/\/maranhaotv.com.br\/index.php\/2025\/03\/20\/pedro-lucas-homenageia-jose-sarney-nos-40-anos-de-redemocratizacao\/\" \/>\n<meta property=\"og:site_name\" content=\"NOT\u00cdCIAS EM TEMPO REAL\" \/>\n<meta property=\"article:publisher\" content=\"https:\/\/www.facebook.com\/maiobaotv\" \/>\n<meta property=\"article:published_time\" content=\"2025-03-20T16:12:12+00:00\" \/>\n<meta property=\"article:modified_time\" content=\"2025-03-20T16:12:28+00:00\" \/>\n<meta property=\"og:image\" content=\"https:\/\/maranhaotv.com.br\/wp-content\/uploads\/2025\/03\/IMG-20250320-WA0114.jpg\" \/>\n\t<meta property=\"og:image:width\" content=\"1600\" \/>\n\t<meta property=\"og:image:height\" content=\"1066\" \/>\n\t<meta property=\"og:image:type\" content=\"image\/jpeg\" \/>\n<meta name=\"author\" content=\"maranhaotv\" \/>\n<meta name=\"twitter:card\" content=\"summary_large_image\" \/>\n<meta name=\"twitter:creator\" content=\"@sitemaranhaotv\" \/>\n<meta name=\"twitter:site\" content=\"@sitemaranhaotv\" \/>\n<meta name=\"twitter:label1\" content=\"Escrito por\" \/>\n\t<meta name=\"twitter:data1\" content=\"maranhaotv\" \/>\n\t<meta name=\"twitter:label2\" content=\"Est. tempo de leitura\" \/>\n\t<meta name=\"twitter:data2\" content=\"1 minuto\" \/>\n<script type=\"application\/ld+json\" class=\"yoast-schema-graph\">{\"@context\":\"https:\\\/\\\/schema.org\",\"@graph\":[{\"@type\":\"Article\",\"@id\":\"https:\\\/\\\/maranhaotv.com.br\\\/index.php\\\/2025\\\/03\\\/20\\\/pedro-lucas-homenageia-jose-sarney-nos-40-anos-de-redemocratizacao\\\/#article\",\"isPartOf\":{\"@id\":\"https:\\\/\\\/maranhaotv.com.br\\\/index.php\\\/2025\\\/03\\\/20\\\/pedro-lucas-homenageia-jose-sarney-nos-40-anos-de-redemocratizacao\\\/\"},\"author\":{\"name\":\"maranhaotv\",\"@id\":\"https:\\\/\\\/maranhaotv.com.br\\\/#\\\/schema\\\/person\\\/3d54238e86b20bb5c89ab2fdb8f8829a\"},\"headline\":\"Pedro Lucas homenageia Jos\u00e9 Sarney nos 40 anos de redemocratiza\u00e7\u00e3o\",\"datePublished\":\"2025-03-20T16:12:12+00:00\",\"dateModified\":\"2025-03-20T16:12:28+00:00\",\"mainEntityOfPage\":{\"@id\":\"https:\\\/\\\/maranhaotv.com.br\\\/index.php\\\/2025\\\/03\\\/20\\\/pedro-lucas-homenageia-jose-sarney-nos-40-anos-de-redemocratizacao\\\/\"},\"wordCount\":269,\"commentCount\":0,\"publisher\":{\"@id\":\"https:\\\/\\\/maranhaotv.com.br\\\/#organization\"},\"image\":{\"@id\":\"https:\\\/\\\/maranhaotv.com.br\\\/index.php\\\/2025\\\/03\\\/20\\\/pedro-lucas-homenageia-jose-sarney-nos-40-anos-de-redemocratizacao\\\/#primaryimage\"},\"thumbnailUrl\":\"https:\\\/\\\/maranhaotv.com.br\\\/wp-content\\\/uploads\\\/2025\\\/03\\\/IMG-20250320-WA0114.jpg\",\"articleSection\":[\"not\u00edcias\"],\"inLanguage\":\"pt-BR\",\"potentialAction\":[{\"@type\":\"CommentAction\",\"name\":\"Comment\",\"target\":[\"https:\\\/\\\/maranhaotv.com.br\\\/index.php\\\/2025\\\/03\\\/20\\\/pedro-lucas-homenageia-jose-sarney-nos-40-anos-de-redemocratizacao\\\/#respond\"]}]},{\"@type\":\"WebPage\",\"@id\":\"https:\\\/\\\/maranhaotv.com.br\\\/index.php\\\/2025\\\/03\\\/20\\\/pedro-lucas-homenageia-jose-sarney-nos-40-anos-de-redemocratizacao\\\/\",\"url\":\"https:\\\/\\\/maranhaotv.com.br\\\/index.php\\\/2025\\\/03\\\/20\\\/pedro-lucas-homenageia-jose-sarney-nos-40-anos-de-redemocratizacao\\\/\",\"name\":\"Pedro Lucas homenageia Jos\u00e9 Sarney nos 40 anos de redemocratiza\u00e7\u00e3o - NOT\u00cdCIAS EM TEMPO REAL\",\"isPartOf\":{\"@id\":\"https:\\\/\\\/maranhaotv.com.br\\\/#website\"},\"primaryImageOfPage\":{\"@id\":\"https:\\\/\\\/maranhaotv.com.br\\\/index.php\\\/2025\\\/03\\\/20\\\/pedro-lucas-homenageia-jose-sarney-nos-40-anos-de-redemocratizacao\\\/#primaryimage\"},\"image\":{\"@id\":\"https:\\\/\\\/maranhaotv.com.br\\\/index.php\\\/2025\\\/03\\\/20\\\/pedro-lucas-homenageia-jose-sarney-nos-40-anos-de-redemocratizacao\\\/#primaryimage\"},\"thumbnailUrl\":\"https:\\\/\\\/maranhaotv.com.br\\\/wp-content\\\/uploads\\\/2025\\\/03\\\/IMG-20250320-WA0114.jpg\",\"datePublished\":\"2025-03-20T16:12:12+00:00\",\"dateModified\":\"2025-03-20T16:12:28+00:00\",\"breadcrumb\":{\"@id\":\"https:\\\/\\\/maranhaotv.com.br\\\/index.php\\\/2025\\\/03\\\/20\\\/pedro-lucas-homenageia-jose-sarney-nos-40-anos-de-redemocratizacao\\\/#breadcrumb\"},\"inLanguage\":\"pt-BR\",\"potentialAction\":[{\"@type\":\"ReadAction\",\"target\":[\"https:\\\/\\\/maranhaotv.com.br\\\/index.php\\\/2025\\\/03\\\/20\\\/pedro-lucas-homenageia-jose-sarney-nos-40-anos-de-redemocratizacao\\\/\"]}]},{\"@type\":\"ImageObject\",\"inLanguage\":\"pt-BR\",\"@id\":\"https:\\\/\\\/maranhaotv.com.br\\\/index.php\\\/2025\\\/03\\\/20\\\/pedro-lucas-homenageia-jose-sarney-nos-40-anos-de-redemocratizacao\\\/#primaryimage\",\"url\":\"https:\\\/\\\/maranhaotv.com.br\\\/wp-content\\\/uploads\\\/2025\\\/03\\\/IMG-20250320-WA0114.jpg\",\"contentUrl\":\"https:\\\/\\\/maranhaotv.com.br\\\/wp-content\\\/uploads\\\/2025\\\/03\\\/IMG-20250320-WA0114.jpg\",\"width\":1600,\"height\":1066},{\"@type\":\"BreadcrumbList\",\"@id\":\"https:\\\/\\\/maranhaotv.com.br\\\/index.php\\\/2025\\\/03\\\/20\\\/pedro-lucas-homenageia-jose-sarney-nos-40-anos-de-redemocratizacao\\\/#breadcrumb\",\"itemListElement\":[{\"@type\":\"ListItem\",\"position\":1,\"name\":\"In\u00edcio\",\"item\":\"https:\\\/\\\/maranhaotv.com.br\\\/\"},{\"@type\":\"ListItem\",\"position\":2,\"name\":\"Pedro Lucas homenageia Jos\u00e9 Sarney nos 40 anos de redemocratiza\u00e7\u00e3o\"}]},{\"@type\":\"WebSite\",\"@id\":\"https:\\\/\\\/maranhaotv.com.br\\\/#website\",\"url\":\"https:\\\/\\\/maranhaotv.com.br\\\/\",\"name\":\"Maranh\u00e3oTV\",\"description\":\"\",\"publisher\":{\"@id\":\"https:\\\/\\\/maranhaotv.com.br\\\/#organization\"},\"potentialAction\":[{\"@type\":\"SearchAction\",\"target\":{\"@type\":\"EntryPoint\",\"urlTemplate\":\"https:\\\/\\\/maranhaotv.com.br\\\/?s={search_term_string}\"},\"query-input\":{\"@type\":\"PropertyValueSpecification\",\"valueRequired\":true,\"valueName\":\"search_term_string\"}}],\"inLanguage\":\"pt-BR\"},{\"@type\":\"Organization\",\"@id\":\"https:\\\/\\\/maranhaotv.com.br\\\/#organization\",\"name\":\"Portal de Not\u00edcias\",\"url\":\"https:\\\/\\\/maranhaotv.com.br\\\/\",\"logo\":{\"@type\":\"ImageObject\",\"inLanguage\":\"pt-BR\",\"@id\":\"https:\\\/\\\/maranhaotv.com.br\\\/#\\\/schema\\\/logo\\\/image\\\/\",\"url\":\"https:\\\/\\\/maranhaotv.com.br\\\/wp-content\\\/uploads\\\/2024\\\/05\\\/cropped-cropped-avatar-1.png\",\"contentUrl\":\"https:\\\/\\\/maranhaotv.com.br\\\/wp-content\\\/uploads\\\/2024\\\/05\\\/cropped-cropped-avatar-1.png\",\"width\":792,\"height\":428,\"caption\":\"Portal de Not\u00edcias\"},\"image\":{\"@id\":\"https:\\\/\\\/maranhaotv.com.br\\\/#\\\/schema\\\/logo\\\/image\\\/\"},\"sameAs\":[\"https:\\\/\\\/www.facebook.com\\\/maiobaotv\",\"https:\\\/\\\/x.com\\\/sitemaranhaotv\",\"https:\\\/\\\/www.instagram.com\\\/maranhao.tv\",\"https:\\\/\\\/www.threads.net\\\/@maranhao.tv\"]},{\"@type\":\"Person\",\"@id\":\"https:\\\/\\\/maranhaotv.com.br\\\/#\\\/schema\\\/person\\\/3d54238e86b20bb5c89ab2fdb8f8829a\",\"name\":\"maranhaotv\",\"image\":{\"@type\":\"ImageObject\",\"inLanguage\":\"pt-BR\",\"@id\":\"https:\\\/\\\/secure.gravatar.com\\\/avatar\\\/8fadbca458d4cb68b1dd399ae9a40618d747bb1af65ac9fad21c89220a143eb4?s=96&d=mm&r=g\",\"url\":\"https:\\\/\\\/secure.gravatar.com\\\/avatar\\\/8fadbca458d4cb68b1dd399ae9a40618d747bb1af65ac9fad21c89220a143eb4?s=96&d=mm&r=g\",\"contentUrl\":\"https:\\\/\\\/secure.gravatar.com\\\/avatar\\\/8fadbca458d4cb68b1dd399ae9a40618d747bb1af65ac9fad21c89220a143eb4?s=96&d=mm&r=g\",\"caption\":\"maranhaotv\"},\"sameAs\":[\"https:\\\/\\\/maranhaotv.com.br\\\/\"],\"url\":\"https:\\\/\\\/maranhaotv.com.br\\\/index.php\\\/author\\\/maranhaotv\\\/\"}]}<\/script>\n<!-- \/ Yoast SEO plugin. -->","yoast_head_json":{"title":"Pedro Lucas homenageia Jos\u00e9 Sarney nos 40 anos de redemocratiza\u00e7\u00e3o - NOT\u00cdCIAS EM TEMPO REAL","robots":{"index":"index","follow":"follow","max-snippet":"max-snippet:-1","max-image-preview":"max-image-preview:large","max-video-preview":"max-video-preview:-1"},"canonical":"https:\/\/maranhaotv.com.br\/index.php\/2025\/03\/20\/pedro-lucas-homenageia-jose-sarney-nos-40-anos-de-redemocratizacao\/","og_locale":"pt_BR","og_type":"article","og_title":"Pedro Lucas homenageia Jos\u00e9 Sarney nos 40 anos de redemocratiza\u00e7\u00e3o - NOT\u00cdCIAS EM TEMPO REAL","og_description":"O deputado federal Pedro Lucas (UNI\u00c3O\/MA) foi autor da proposta que concedeu ao ex-presidente Jos\u00e9 Sarney a Medalha do M\u00e9rito","og_url":"https:\/\/maranhaotv.com.br\/index.php\/2025\/03\/20\/pedro-lucas-homenageia-jose-sarney-nos-40-anos-de-redemocratizacao\/","og_site_name":"NOT\u00cdCIAS EM TEMPO REAL","article_publisher":"https:\/\/www.facebook.com\/maiobaotv","article_published_time":"2025-03-20T16:12:12+00:00","article_modified_time":"2025-03-20T16:12:28+00:00","og_image":[{"width":1600,"height":1066,"url":"https:\/\/maranhaotv.com.br\/wp-content\/uploads\/2025\/03\/IMG-20250320-WA0114.jpg","type":"image\/jpeg"}],"author":"maranhaotv","twitter_card":"summary_large_image","twitter_creator":"@sitemaranhaotv","twitter_site":"@sitemaranhaotv","twitter_misc":{"Escrito por":"maranhaotv","Est. tempo de leitura":"1 minuto"},"schema":{"@context":"https:\/\/schema.org","@graph":[{"@type":"Article","@id":"https:\/\/maranhaotv.com.br\/index.php\/2025\/03\/20\/pedro-lucas-homenageia-jose-sarney-nos-40-anos-de-redemocratizacao\/#article","isPartOf":{"@id":"https:\/\/maranhaotv.com.br\/index.php\/2025\/03\/20\/pedro-lucas-homenageia-jose-sarney-nos-40-anos-de-redemocratizacao\/"},"author":{"name":"maranhaotv","@id":"https:\/\/maranhaotv.com.br\/#\/schema\/person\/3d54238e86b20bb5c89ab2fdb8f8829a"},"headline":"Pedro Lucas homenageia Jos\u00e9 Sarney nos 40 anos de redemocratiza\u00e7\u00e3o","datePublished":"2025-03-20T16:12:12+00:00","dateModified":"2025-03-20T16:12:28+00:00","mainEntityOfPage":{"@id":"https:\/\/maranhaotv.com.br\/index.php\/2025\/03\/20\/pedro-lucas-homenageia-jose-sarney-nos-40-anos-de-redemocratizacao\/"},"wordCount":269,"commentCount":0,"publisher":{"@id":"https:\/\/maranhaotv.com.br\/#organization"},"image":{"@id":"https:\/\/maranhaotv.com.br\/index.php\/2025\/03\/20\/pedro-lucas-homenageia-jose-sarney-nos-40-anos-de-redemocratizacao\/#primaryimage"},"thumbnailUrl":"https:\/\/maranhaotv.com.br\/wp-content\/uploads\/2025\/03\/IMG-20250320-WA0114.jpg","articleSection":["not\u00edcias"],"inLanguage":"pt-BR","potentialAction":[{"@type":"CommentAction","name":"Comment","target":["https:\/\/maranhaotv.com.br\/index.php\/2025\/03\/20\/pedro-lucas-homenageia-jose-sarney-nos-40-anos-de-redemocratizacao\/#respond"]}]},{"@type":"WebPage","@id":"https:\/\/maranhaotv.com.br\/index.php\/2025\/03\/20\/pedro-lucas-homenageia-jose-sarney-nos-40-anos-de-redemocratizacao\/","url":"https:\/\/maranhaotv.com.br\/index.php\/2025\/03\/20\/pedro-lucas-homenageia-jose-sarney-nos-40-anos-de-redemocratizacao\/","name":"Pedro Lucas homenageia Jos\u00e9 Sarney nos 40 anos de redemocratiza\u00e7\u00e3o - NOT\u00cdCIAS EM TEMPO REAL","isPartOf":{"@id":"https:\/\/maranhaotv.com.br\/#website"},"primaryImageOfPage":{"@id":"https:\/\/maranhaotv.com.br\/index.php\/2025\/03\/20\/pedro-lucas-homenageia-jose-sarney-nos-40-anos-de-redemocratizacao\/#primaryimage"},"image":{"@id":"https:\/\/maranhaotv.com.br\/index.php\/2025\/03\/20\/pedro-lucas-homenageia-jose-sarney-nos-40-anos-de-redemocratizacao\/#primaryimage"},"thumbnailUrl":"https:\/\/maranhaotv.com.br\/wp-content\/uploads\/2025\/03\/IMG-20250320-WA0114.jpg","datePublished":"2025-03-20T16:12:12+00:00","dateModified":"2025-03-20T16:12:28+00:00","breadcrumb":{"@id":"https:\/\/maranhaotv.com.br\/index.php\/2025\/03\/20\/pedro-lucas-homenageia-jose-sarney-nos-40-anos-de-redemocratizacao\/#breadcrumb"},"inLanguage":"pt-BR","potentialAction":[{"@type":"ReadAction","target":["https:\/\/maranhaotv.com.br\/index.php\/2025\/03\/20\/pedro-lucas-homenageia-jose-sarney-nos-40-anos-de-redemocratizacao\/"]}]},{"@type":"ImageObject","inLanguage":"pt-BR","@id":"https:\/\/maranhaotv.com.br\/index.php\/2025\/03\/20\/pedro-lucas-homenageia-jose-sarney-nos-40-anos-de-redemocratizacao\/#primaryimage","url":"https:\/\/maranhaotv.com.br\/wp-content\/uploads\/2025\/03\/IMG-20250320-WA0114.jpg","contentUrl":"https:\/\/maranhaotv.com.br\/wp-content\/uploads\/2025\/03\/IMG-20250320-WA0114.jpg","width":1600,"height":1066},{"@type":"BreadcrumbList","@id":"https:\/\/maranhaotv.com.br\/index.php\/2025\/03\/20\/pedro-lucas-homenageia-jose-sarney-nos-40-anos-de-redemocratizacao\/#breadcrumb","itemListElement":[{"@type":"ListItem","position":1,"name":"In\u00edcio","item":"https:\/\/maranhaotv.com.br\/"},{"@type":"ListItem","position":2,"name":"Pedro Lucas homenageia Jos\u00e9 Sarney nos 40 anos de redemocratiza\u00e7\u00e3o"}]},{"@type":"WebSite","@id":"https:\/\/maranhaotv.com.br\/#website","url":"https:\/\/maranhaotv.com.br\/","name":"Maranh\u00e3oTV","description":"","publisher":{"@id":"https:\/\/maranhaotv.com.br\/#organization"},"potentialAction":[{"@type":"SearchAction","target":{"@type":"EntryPoint","urlTemplate":"https:\/\/maranhaotv.com.br\/?s={search_term_string}"},"query-input":{"@type":"PropertyValueSpecification","valueRequired":true,"valueName":"search_term_string"}}],"inLanguage":"pt-BR"},{"@type":"Organization","@id":"https:\/\/maranhaotv.com.br\/#organization","name":"Portal de Not\u00edcias","url":"https:\/\/maranhaotv.com.br\/","logo":{"@type":"ImageObject","inLanguage":"pt-BR","@id":"https:\/\/maranhaotv.com.br\/#\/schema\/logo\/image\/","url":"https:\/\/maranhaotv.com.br\/wp-content\/uploads\/2024\/05\/cropped-cropped-avatar-1.png","contentUrl":"https:\/\/maranhaotv.com.br\/wp-content\/uploads\/2024\/05\/cropped-cropped-avatar-1.png","width":792,"height":428,"caption":"Portal de Not\u00edcias"},"image":{"@id":"https:\/\/maranhaotv.com.br\/#\/schema\/logo\/image\/"},"sameAs":["https:\/\/www.facebook.com\/maiobaotv","https:\/\/x.com\/sitemaranhaotv","https:\/\/www.instagram.com\/maranhao.tv","https:\/\/www.threads.net\/@maranhao.tv"]},{"@type":"Person","@id":"https:\/\/maranhaotv.com.br\/#\/schema\/person\/3d54238e86b20bb5c89ab2fdb8f8829a","name":"maranhaotv","image":{"@type":"ImageObject","inLanguage":"pt-BR","@id":"https:\/\/secure.gravatar.com\/avatar\/8fadbca458d4cb68b1dd399ae9a40618d747bb1af65ac9fad21c89220a143eb4?s=96&d=mm&r=g","url":"https:\/\/secure.gravatar.com\/avatar\/8fadbca458d4cb68b1dd399ae9a40618d747bb1af65ac9fad21c89220a143eb4?s=96&d=mm&r=g","contentUrl":"https:\/\/secure.gravatar.com\/avatar\/8fadbca458d4cb68b1dd399ae9a40618d747bb1af65ac9fad21c89220a143eb4?s=96&d=mm&r=g","caption":"maranhaotv"},"sameAs":["https:\/\/maranhaotv.com.br\/"],"url":"https:\/\/maranhaotv.com.br\/index.php\/author\/maranhaotv\/"}]}},"jetpack_featured_media_url":"https:\/\/maranhaotv.com.br\/wp-content\/uploads\/2025\/03\/IMG-20250320-WA0114.jpg","jetpack_sharing_enabled":true,"_links":{"self":[{"href":"https:\/\/maranhaotv.com.br\/index.php\/wp-json\/wp\/v2\/posts\/40941","targetHints":{"allow":["GET"]}}],"collection":[{"href":"https:\/\/maranhaotv.com.br\/index.php\/wp-json\/wp\/v2\/posts"}],"about":[{"href":"https:\/\/maranhaotv.com.br\/index.php\/wp-json\/wp\/v2\/types\/post"}],"author":[{"embeddable":true,"href":"https:\/\/maranhaotv.com.br\/index.php\/wp-json\/wp\/v2\/users\/2"}],"replies":[{"embeddable":true,"href":"https:\/\/maranhaotv.com.br\/index.php\/wp-json\/wp\/v2\/comments?post=40941"}],"version-history":[{"count":1,"href":"https:\/\/maranhaotv.com.br\/index.php\/wp-json\/wp\/v2\/posts\/40941\/revisions"}],"predecessor-version":[{"id":40942,"href":"https:\/\/maranhaotv.com.br\/index.php\/wp-json\/wp\/v2\/posts\/40941\/revisions\/40942"}],"wp:featuredmedia":[{"embeddable":true,"href":"https:\/\/maranhaotv.com.br\/index.php\/wp-json\/wp\/v2\/media\/40940"}],"wp:attachment":[{"href":"https:\/\/maranhaotv.com.br\/index.php\/wp-json\/wp\/v2\/media?parent=40941"}],"wp:term":[{"taxonomy":"category","embeddable":true,"href":"https:\/\/maranhaotv.com.br\/index.php\/wp-json\/wp\/v2\/categories?post=40941"},{"taxonomy":"post_tag","embeddable":true,"href":"https:\/\/maranhaotv.com.br\/index.php\/wp-json\/wp\/v2\/tags?post=40941"}],"curies":[{"name":"wp","href":"https:\/\/api.w.org\/{rel}","templated":true}]}}