{"id":40981,"date":"2025-03-23T12:25:52","date_gmt":"2025-03-23T15:25:52","guid":{"rendered":"https:\/\/maranhaotv.com.br\/?p=40981"},"modified":"2025-03-23T12:27:25","modified_gmt":"2025-03-23T15:27:25","slug":"brandao-aponta-2025-como-o-ano-da-colheita-e-cumpre-maratona-de-inauguracoes-a-caminho-de-2026","status":"publish","type":"post","link":"https:\/\/maranhaotv.com.br\/index.php\/2025\/03\/23\/brandao-aponta-2025-como-o-ano-da-colheita-e-cumpre-maratona-de-inauguracoes-a-caminho-de-2026\/","title":{"rendered":"Brand\u00e3o aponta 2025 como \u201co ano da colheita\u201d e cumpre maratona de inaugura\u00e7\u00f5es a caminho de 2026"},"content":{"rendered":"\n<p><\/p>\n\n\n\n<p>Numa das suas declara\u00e7\u00f5es mais emblem\u00e1ticas feitas no in\u00edcio do ano, mais precisamente no discurso que pronunciou na Assembleia Legislativa, na abertura do ano legislativo, no dia 2 de fevereiro, o governador Carlos Brand\u00e3o (PSB) disse que 2025 ser\u00e1 \u201co melhor ano do seu Governo\u201d, porque ser\u00e1 \u201co ano da colheita\u201d. De l\u00e1 para c\u00e1, decorridos quase dois meses, o governante maranhense tem cumprido uma agenda fren\u00e9tica de eventos e inaugura\u00e7\u00f5es nas mais diversas regi\u00f5es do estado. A \u00faltima semana, iniciada no s\u00e1bado (15), na Regi\u00e3o Tocantina, Carlos Brand\u00e3o encarou uma maratona que incluiu a entrega de novos espa\u00e7os e equipamentos cient\u00edficos para a UemaSul, a festiva inaugura\u00e7\u00e3o em Buritirana do 183\u00ba Restaurante Popular, avan\u00e7ando no compromisso de levar esse programa aos 217 munic\u00edpios \u2013 hoje j\u00e1 alcan\u00e7ou 163. Acompanhado da primeira-dama Larissa Brand\u00e3o, o governador participou das duas noites do Lava-Pratos de Imperatriz, que atra\u00edram multid\u00f5es na simb\u00f3lica Avenida Bernardo Sai\u00e3o.<br><br>O dado a mais dessa agenda, que fez muita diferen\u00e7a no foco pol\u00edtico da a\u00e7\u00e3o governamental, foi a presen\u00e7a de um animado vice-governador Felipe Camar\u00e3o (PT) na comitiva, composta tamb\u00e9m pelo chefe da Casa Civil Sebasti\u00e3o Madeira (PSDB), o experiente ex-prefeito de Imperatriz, e do secret\u00e1rio de Assuntos Municipalistas Orleans Brand\u00e3o (MDB), o mais ativo integrante do n\u00facleo pol\u00edtico do Governo, os quatro muito bem cotados para as elei\u00e7\u00f5es do ano que vem. Na sua maratona, o governador entregou parte da sua agenda ao vice-governador, que recebeu a incumb\u00eancia de representa-lo em inaugura\u00e7\u00f5es importantes em Montes Altos, Campestre do Maranh\u00e3o, Ribamar Fiquene e Davin\u00f3polis, numa rela\u00e7\u00e3o que est\u00e1 turbinando o potencial pol\u00edtico e eleitoral do virtual candidato \u00e0 sua sucess\u00e3o. Na sexta-feira, ainda em S\u00e3o Lu\u00eds, Felipe Camar\u00e3o fora escalado para inaugurar, em nome do governador, uma quadra esportiva e um audit\u00f3rio no Col\u00e9gio Militar Tiradentes I, enquanto o mandat\u00e1rio entregava duas novas escolas na regi\u00e3o da Estiva. Junto com o vice-governador estava o secret\u00e1rio de Assuntos Municipalistas.<br><br>Na segunda-feira, o governador desembarcou cedo em Barreirinhas, acompanhado da presidente da Assembleia Legislativa, Iracema Vale (PSB), e do prefeito Vin\u00edcius Vale (MDB), onde entregou um necess\u00e1rio e providencial Centro de Hemodi\u00e1lise, reduzindo o vaiv\u00e9m de ambul\u00e2ncias na regi\u00e3o. Na ter\u00e7a-feira, depois de compromissos em S\u00e3o Lu\u00eds, Carlos Brand\u00e3o embarcou para Bras\u00edlia, onde cumpriu compromissos pol\u00edticos e administrativos, e participou, na C\u00e2mara Federal, como convidado especial, da homenagem ao ex-presidente Jos\u00e9 Sarney (MDB) como o grande condutor da transi\u00e7\u00e3o do Pa\u00eds da ditadura militar para a democracia, h\u00e1 40 anos. Ainda em Bras\u00edlia, cumpriu agenda em minist\u00e9rios, e declarou apoio \u00e0 ministra das Rela\u00e7\u00f5es Institucionais, Gleisi Hoffmann. De volta a S\u00e3o Lu\u00eds, Carlos Brand\u00e3o dedicou a sexta-feira a uma intensa agenda de audi\u00eancias com prefeitos, que come\u00e7ou \u00e0s 9h e terminou por volta das 21h, com r\u00e1pido intervalo para o almo\u00e7o.<br><br>O intenso trabalho do Governo nas mais diversas \u00e1reas e nas mais diversas regi\u00f5es do estado tem uma associa\u00e7\u00e3o l\u00f3gica com as rela\u00e7\u00f5es pol\u00edticas, que t\u00eam como foco as elei\u00e7\u00f5es de 2026. O governador Carlos Brand\u00e3o trabalha com um olho nos bons resultados administrativos e com outro nas urnas do ano que vem. E quando convoca o vice-governador Felipe Camar\u00e3o, emite sinais de que est\u00e1 disposto a colocar em marcha a ideia original da chapa Camar\u00e3o\/Brand\u00e3o, em sintonia com o presidente Lula da Silva (PT) e a fatia dinista do seu grupo, com a qual est\u00e1 estremecido, mas com n\u00edtida possibilidade de realinhamento.<br><br>Com as finan\u00e7as ajustadas, sem maiores problemas de caixa, o governador Carlos Brand\u00e3o est\u00e1 colocando em marcha uma locomotiva cuja primeira parada se se dar\u00e1 em 3 de abril do ano que vem, quando ele decidir\u00e1 se passa ou n\u00e3o comando ao seu sucessor. Os primeiros movimentos indicam que ele pensa seriamente em passar oito anos em Bras\u00edlia como senador da Rep\u00fablica. Tem cacife para isso.<\/p>\n","protected":false},"excerpt":{"rendered":"<p>Numa das suas declara\u00e7\u00f5es mais emblem\u00e1ticas feitas no in\u00edcio do ano, mais precisamente no discurso que pronunciou na Assembleia Legislativa,<\/p>\n","protected":false},"author":2,"featured_media":40980,"comment_status":"open","ping_status":"open","sticky":false,"template":"","format":"standard","meta":{"colormag_page_container_layout":"default_layout","colormag_page_sidebar_layout":"default_layout","_jetpack_memberships_contains_paid_content":false,"footnotes":""},"categories":[6],"tags":[],"class_list":["post-40981","post","type-post","status-publish","format-standard","has-post-thumbnail","hentry","category-politica"],"magazineBlocksPostFeaturedMedia":{"thumbnail":"https:\/\/maranhaotv.com.br\/wp-content\/uploads\/2025\/03\/images-2-2-150x150.jpeg","medium":"https:\/\/maranhaotv.com.br\/wp-content\/uploads\/2025\/03\/images-2-2-300x200.jpeg","medium_large":"https:\/\/maranhaotv.com.br\/wp-content\/uploads\/2025\/03\/images-2-2.jpeg","large":"https:\/\/maranhaotv.com.br\/wp-content\/uploads\/2025\/03\/images-2-2.jpeg","1536x1536":"https:\/\/maranhaotv.com.br\/wp-content\/uploads\/2025\/03\/images-2-2.jpeg","2048x2048":"https:\/\/maranhaotv.com.br\/wp-content\/uploads\/2025\/03\/images-2-2.jpeg","colormag-highlighted-post":"https:\/\/maranhaotv.com.br\/wp-content\/uploads\/2025\/03\/images-2-2-392x272.jpeg","colormag-featured-post-medium":"https:\/\/maranhaotv.com.br\/wp-content\/uploads\/2025\/03\/images-2-2-390x205.jpeg","colormag-featured-post-small":"https:\/\/maranhaotv.com.br\/wp-content\/uploads\/2025\/03\/images-2-2-130x90.jpeg","colormag-featured-image":"https:\/\/maranhaotv.com.br\/wp-content\/uploads\/2025\/03\/images-2-2-678x445.jpeg","colormag-default-news":"https:\/\/maranhaotv.com.br\/wp-content\/uploads\/2025\/03\/images-2-2-150x150.jpeg","colormag-featured-image-large":"https:\/\/maranhaotv.com.br\/wp-content\/uploads\/2025\/03\/images-2-2.jpeg"},"magazineBlocksPostAuthor":{"name":"maranhaotv","avatar":"https:\/\/secure.gravatar.com\/avatar\/8fadbca458d4cb68b1dd399ae9a40618d747bb1af65ac9fad21c89220a143eb4?s=96&d=mm&r=g"},"magazineBlocksPostCommentsNumber":"0","magazineBlocksPostExcerpt":"Numa das suas declara\u00e7\u00f5es mais emblem\u00e1ticas feitas no in\u00edcio do ano, mais precisamente no discurso que pronunciou na Assembleia Legislativa,","magazineBlocksPostCategories":["pol\u00edtica"],"magazineBlocksPostViewCount":487,"magazineBlocksPostReadTime":4,"magazine_blocks_featured_image_url":{"full":["https:\/\/maranhaotv.com.br\/wp-content\/uploads\/2025\/03\/images-2-2.jpeg",678,452,false],"medium":["https:\/\/maranhaotv.com.br\/wp-content\/uploads\/2025\/03\/images-2-2-300x200.jpeg",300,200,true],"thumbnail":["https:\/\/maranhaotv.com.br\/wp-content\/uploads\/2025\/03\/images-2-2-150x150.jpeg",150,150,true]},"magazine_blocks_author":{"display_name":"maranhaotv","author_link":"https:\/\/maranhaotv.com.br\/index.php\/author\/maranhaotv\/"},"magazine_blocks_comment":0,"magazine_blocks_author_image":"https:\/\/secure.gravatar.com\/avatar\/8fadbca458d4cb68b1dd399ae9a40618d747bb1af65ac9fad21c89220a143eb4?s=96&d=mm&r=g","magazine_blocks_category":"<a href=\"#\" class=\"category-link category-link-6\">pol\u00edtica<\/a>","yoast_head":"<!-- This site is optimized with the Yoast SEO plugin v27.4 - https:\/\/yoast.com\/product\/yoast-seo-wordpress\/ -->\n<title>Brand\u00e3o aponta 2025 como \u201co ano da colheita\u201d e cumpre maratona de inaugura\u00e7\u00f5es a caminho de 2026 - NOT\u00cdCIAS EM TEMPO REAL<\/title>\n<meta name=\"robots\" content=\"index, follow, max-snippet:-1, max-image-preview:large, max-video-preview:-1\" \/>\n<link rel=\"canonical\" href=\"https:\/\/maranhaotv.com.br\/index.php\/2025\/03\/23\/brandao-aponta-2025-como-o-ano-da-colheita-e-cumpre-maratona-de-inauguracoes-a-caminho-de-2026\/\" \/>\n<meta property=\"og:locale\" content=\"pt_BR\" \/>\n<meta property=\"og:type\" content=\"article\" \/>\n<meta property=\"og:title\" content=\"Brand\u00e3o aponta 2025 como \u201co ano da colheita\u201d e cumpre maratona de inaugura\u00e7\u00f5es a caminho de 2026 - NOT\u00cdCIAS EM TEMPO REAL\" \/>\n<meta property=\"og:description\" content=\"Numa das suas declara\u00e7\u00f5es mais emblem\u00e1ticas feitas no in\u00edcio do ano, mais precisamente no discurso que pronunciou na Assembleia Legislativa,\" \/>\n<meta property=\"og:url\" content=\"https:\/\/maranhaotv.com.br\/index.php\/2025\/03\/23\/brandao-aponta-2025-como-o-ano-da-colheita-e-cumpre-maratona-de-inauguracoes-a-caminho-de-2026\/\" \/>\n<meta property=\"og:site_name\" content=\"NOT\u00cdCIAS EM TEMPO REAL\" \/>\n<meta property=\"article:publisher\" content=\"https:\/\/www.facebook.com\/maiobaotv\" \/>\n<meta property=\"article:published_time\" content=\"2025-03-23T15:25:52+00:00\" \/>\n<meta property=\"article:modified_time\" content=\"2025-03-23T15:27:25+00:00\" \/>\n<meta property=\"og:image\" content=\"https:\/\/maranhaotv.com.br\/wp-content\/uploads\/2025\/03\/images-2-2.jpeg\" \/>\n\t<meta property=\"og:image:width\" content=\"678\" \/>\n\t<meta property=\"og:image:height\" content=\"452\" \/>\n\t<meta property=\"og:image:type\" content=\"image\/jpeg\" \/>\n<meta name=\"author\" content=\"maranhaotv\" \/>\n<meta name=\"twitter:card\" content=\"summary_large_image\" \/>\n<meta name=\"twitter:creator\" content=\"@sitemaranhaotv\" \/>\n<meta name=\"twitter:site\" content=\"@sitemaranhaotv\" \/>\n<meta name=\"twitter:label1\" content=\"Escrito por\" \/>\n\t<meta name=\"twitter:data1\" content=\"maranhaotv\" \/>\n\t<meta name=\"twitter:label2\" content=\"Est. tempo de leitura\" \/>\n\t<meta name=\"twitter:data2\" content=\"4 minutos\" \/>\n<script type=\"application\/ld+json\" class=\"yoast-schema-graph\">{\"@context\":\"https:\\\/\\\/schema.org\",\"@graph\":[{\"@type\":\"Article\",\"@id\":\"https:\\\/\\\/maranhaotv.com.br\\\/index.php\\\/2025\\\/03\\\/23\\\/brandao-aponta-2025-como-o-ano-da-colheita-e-cumpre-maratona-de-inauguracoes-a-caminho-de-2026\\\/#article\",\"isPartOf\":{\"@id\":\"https:\\\/\\\/maranhaotv.com.br\\\/index.php\\\/2025\\\/03\\\/23\\\/brandao-aponta-2025-como-o-ano-da-colheita-e-cumpre-maratona-de-inauguracoes-a-caminho-de-2026\\\/\"},\"author\":{\"name\":\"maranhaotv\",\"@id\":\"https:\\\/\\\/maranhaotv.com.br\\\/#\\\/schema\\\/person\\\/3d54238e86b20bb5c89ab2fdb8f8829a\"},\"headline\":\"Brand\u00e3o aponta 2025 como \u201co ano da colheita\u201d e cumpre maratona de inaugura\u00e7\u00f5es a caminho de 2026\",\"datePublished\":\"2025-03-23T15:25:52+00:00\",\"dateModified\":\"2025-03-23T15:27:25+00:00\",\"mainEntityOfPage\":{\"@id\":\"https:\\\/\\\/maranhaotv.com.br\\\/index.php\\\/2025\\\/03\\\/23\\\/brandao-aponta-2025-como-o-ano-da-colheita-e-cumpre-maratona-de-inauguracoes-a-caminho-de-2026\\\/\"},\"wordCount\":726,\"commentCount\":0,\"publisher\":{\"@id\":\"https:\\\/\\\/maranhaotv.com.br\\\/#organization\"},\"image\":{\"@id\":\"https:\\\/\\\/maranhaotv.com.br\\\/index.php\\\/2025\\\/03\\\/23\\\/brandao-aponta-2025-como-o-ano-da-colheita-e-cumpre-maratona-de-inauguracoes-a-caminho-de-2026\\\/#primaryimage\"},\"thumbnailUrl\":\"https:\\\/\\\/maranhaotv.com.br\\\/wp-content\\\/uploads\\\/2025\\\/03\\\/images-2-2.jpeg\",\"articleSection\":[\"pol\u00edtica\"],\"inLanguage\":\"pt-BR\",\"potentialAction\":[{\"@type\":\"CommentAction\",\"name\":\"Comment\",\"target\":[\"https:\\\/\\\/maranhaotv.com.br\\\/index.php\\\/2025\\\/03\\\/23\\\/brandao-aponta-2025-como-o-ano-da-colheita-e-cumpre-maratona-de-inauguracoes-a-caminho-de-2026\\\/#respond\"]}]},{\"@type\":\"WebPage\",\"@id\":\"https:\\\/\\\/maranhaotv.com.br\\\/index.php\\\/2025\\\/03\\\/23\\\/brandao-aponta-2025-como-o-ano-da-colheita-e-cumpre-maratona-de-inauguracoes-a-caminho-de-2026\\\/\",\"url\":\"https:\\\/\\\/maranhaotv.com.br\\\/index.php\\\/2025\\\/03\\\/23\\\/brandao-aponta-2025-como-o-ano-da-colheita-e-cumpre-maratona-de-inauguracoes-a-caminho-de-2026\\\/\",\"name\":\"Brand\u00e3o aponta 2025 como \u201co ano da colheita\u201d e cumpre maratona de inaugura\u00e7\u00f5es a caminho de 2026 - NOT\u00cdCIAS EM TEMPO REAL\",\"isPartOf\":{\"@id\":\"https:\\\/\\\/maranhaotv.com.br\\\/#website\"},\"primaryImageOfPage\":{\"@id\":\"https:\\\/\\\/maranhaotv.com.br\\\/index.php\\\/2025\\\/03\\\/23\\\/brandao-aponta-2025-como-o-ano-da-colheita-e-cumpre-maratona-de-inauguracoes-a-caminho-de-2026\\\/#primaryimage\"},\"image\":{\"@id\":\"https:\\\/\\\/maranhaotv.com.br\\\/index.php\\\/2025\\\/03\\\/23\\\/brandao-aponta-2025-como-o-ano-da-colheita-e-cumpre-maratona-de-inauguracoes-a-caminho-de-2026\\\/#primaryimage\"},\"thumbnailUrl\":\"https:\\\/\\\/maranhaotv.com.br\\\/wp-content\\\/uploads\\\/2025\\\/03\\\/images-2-2.jpeg\",\"datePublished\":\"2025-03-23T15:25:52+00:00\",\"dateModified\":\"2025-03-23T15:27:25+00:00\",\"breadcrumb\":{\"@id\":\"https:\\\/\\\/maranhaotv.com.br\\\/index.php\\\/2025\\\/03\\\/23\\\/brandao-aponta-2025-como-o-ano-da-colheita-e-cumpre-maratona-de-inauguracoes-a-caminho-de-2026\\\/#breadcrumb\"},\"inLanguage\":\"pt-BR\",\"potentialAction\":[{\"@type\":\"ReadAction\",\"target\":[\"https:\\\/\\\/maranhaotv.com.br\\\/index.php\\\/2025\\\/03\\\/23\\\/brandao-aponta-2025-como-o-ano-da-colheita-e-cumpre-maratona-de-inauguracoes-a-caminho-de-2026\\\/\"]}]},{\"@type\":\"ImageObject\",\"inLanguage\":\"pt-BR\",\"@id\":\"https:\\\/\\\/maranhaotv.com.br\\\/index.php\\\/2025\\\/03\\\/23\\\/brandao-aponta-2025-como-o-ano-da-colheita-e-cumpre-maratona-de-inauguracoes-a-caminho-de-2026\\\/#primaryimage\",\"url\":\"https:\\\/\\\/maranhaotv.com.br\\\/wp-content\\\/uploads\\\/2025\\\/03\\\/images-2-2.jpeg\",\"contentUrl\":\"https:\\\/\\\/maranhaotv.com.br\\\/wp-content\\\/uploads\\\/2025\\\/03\\\/images-2-2.jpeg\",\"width\":678,\"height\":452},{\"@type\":\"BreadcrumbList\",\"@id\":\"https:\\\/\\\/maranhaotv.com.br\\\/index.php\\\/2025\\\/03\\\/23\\\/brandao-aponta-2025-como-o-ano-da-colheita-e-cumpre-maratona-de-inauguracoes-a-caminho-de-2026\\\/#breadcrumb\",\"itemListElement\":[{\"@type\":\"ListItem\",\"position\":1,\"name\":\"In\u00edcio\",\"item\":\"https:\\\/\\\/maranhaotv.com.br\\\/\"},{\"@type\":\"ListItem\",\"position\":2,\"name\":\"Brand\u00e3o aponta 2025 como \u201co ano da colheita\u201d e cumpre maratona de inaugura\u00e7\u00f5es a caminho de 2026\"}]},{\"@type\":\"WebSite\",\"@id\":\"https:\\\/\\\/maranhaotv.com.br\\\/#website\",\"url\":\"https:\\\/\\\/maranhaotv.com.br\\\/\",\"name\":\"Maranh\u00e3oTV\",\"description\":\"\",\"publisher\":{\"@id\":\"https:\\\/\\\/maranhaotv.com.br\\\/#organization\"},\"potentialAction\":[{\"@type\":\"SearchAction\",\"target\":{\"@type\":\"EntryPoint\",\"urlTemplate\":\"https:\\\/\\\/maranhaotv.com.br\\\/?s={search_term_string}\"},\"query-input\":{\"@type\":\"PropertyValueSpecification\",\"valueRequired\":true,\"valueName\":\"search_term_string\"}}],\"inLanguage\":\"pt-BR\"},{\"@type\":\"Organization\",\"@id\":\"https:\\\/\\\/maranhaotv.com.br\\\/#organization\",\"name\":\"Portal de Not\u00edcias\",\"url\":\"https:\\\/\\\/maranhaotv.com.br\\\/\",\"logo\":{\"@type\":\"ImageObject\",\"inLanguage\":\"pt-BR\",\"@id\":\"https:\\\/\\\/maranhaotv.com.br\\\/#\\\/schema\\\/logo\\\/image\\\/\",\"url\":\"https:\\\/\\\/maranhaotv.com.br\\\/wp-content\\\/uploads\\\/2024\\\/05\\\/cropped-cropped-avatar-1.png\",\"contentUrl\":\"https:\\\/\\\/maranhaotv.com.br\\\/wp-content\\\/uploads\\\/2024\\\/05\\\/cropped-cropped-avatar-1.png\",\"width\":792,\"height\":428,\"caption\":\"Portal de Not\u00edcias\"},\"image\":{\"@id\":\"https:\\\/\\\/maranhaotv.com.br\\\/#\\\/schema\\\/logo\\\/image\\\/\"},\"sameAs\":[\"https:\\\/\\\/www.facebook.com\\\/maiobaotv\",\"https:\\\/\\\/x.com\\\/sitemaranhaotv\",\"https:\\\/\\\/www.instagram.com\\\/maranhao.tv\",\"https:\\\/\\\/www.threads.net\\\/@maranhao.tv\"]},{\"@type\":\"Person\",\"@id\":\"https:\\\/\\\/maranhaotv.com.br\\\/#\\\/schema\\\/person\\\/3d54238e86b20bb5c89ab2fdb8f8829a\",\"name\":\"maranhaotv\",\"image\":{\"@type\":\"ImageObject\",\"inLanguage\":\"pt-BR\",\"@id\":\"https:\\\/\\\/secure.gravatar.com\\\/avatar\\\/8fadbca458d4cb68b1dd399ae9a40618d747bb1af65ac9fad21c89220a143eb4?s=96&d=mm&r=g\",\"url\":\"https:\\\/\\\/secure.gravatar.com\\\/avatar\\\/8fadbca458d4cb68b1dd399ae9a40618d747bb1af65ac9fad21c89220a143eb4?s=96&d=mm&r=g\",\"contentUrl\":\"https:\\\/\\\/secure.gravatar.com\\\/avatar\\\/8fadbca458d4cb68b1dd399ae9a40618d747bb1af65ac9fad21c89220a143eb4?s=96&d=mm&r=g\",\"caption\":\"maranhaotv\"},\"sameAs\":[\"https:\\\/\\\/maranhaotv.com.br\\\/\"],\"url\":\"https:\\\/\\\/maranhaotv.com.br\\\/index.php\\\/author\\\/maranhaotv\\\/\"}]}<\/script>\n<!-- \/ Yoast SEO plugin. -->","yoast_head_json":{"title":"Brand\u00e3o aponta 2025 como \u201co ano da colheita\u201d e cumpre maratona de inaugura\u00e7\u00f5es a caminho de 2026 - NOT\u00cdCIAS EM TEMPO REAL","robots":{"index":"index","follow":"follow","max-snippet":"max-snippet:-1","max-image-preview":"max-image-preview:large","max-video-preview":"max-video-preview:-1"},"canonical":"https:\/\/maranhaotv.com.br\/index.php\/2025\/03\/23\/brandao-aponta-2025-como-o-ano-da-colheita-e-cumpre-maratona-de-inauguracoes-a-caminho-de-2026\/","og_locale":"pt_BR","og_type":"article","og_title":"Brand\u00e3o aponta 2025 como \u201co ano da colheita\u201d e cumpre maratona de inaugura\u00e7\u00f5es a caminho de 2026 - NOT\u00cdCIAS EM TEMPO REAL","og_description":"Numa das suas declara\u00e7\u00f5es mais emblem\u00e1ticas feitas no in\u00edcio do ano, mais precisamente no discurso que pronunciou na Assembleia Legislativa,","og_url":"https:\/\/maranhaotv.com.br\/index.php\/2025\/03\/23\/brandao-aponta-2025-como-o-ano-da-colheita-e-cumpre-maratona-de-inauguracoes-a-caminho-de-2026\/","og_site_name":"NOT\u00cdCIAS EM TEMPO REAL","article_publisher":"https:\/\/www.facebook.com\/maiobaotv","article_published_time":"2025-03-23T15:25:52+00:00","article_modified_time":"2025-03-23T15:27:25+00:00","og_image":[{"width":678,"height":452,"url":"https:\/\/maranhaotv.com.br\/wp-content\/uploads\/2025\/03\/images-2-2.jpeg","type":"image\/jpeg"}],"author":"maranhaotv","twitter_card":"summary_large_image","twitter_creator":"@sitemaranhaotv","twitter_site":"@sitemaranhaotv","twitter_misc":{"Escrito por":"maranhaotv","Est. tempo de leitura":"4 minutos"},"schema":{"@context":"https:\/\/schema.org","@graph":[{"@type":"Article","@id":"https:\/\/maranhaotv.com.br\/index.php\/2025\/03\/23\/brandao-aponta-2025-como-o-ano-da-colheita-e-cumpre-maratona-de-inauguracoes-a-caminho-de-2026\/#article","isPartOf":{"@id":"https:\/\/maranhaotv.com.br\/index.php\/2025\/03\/23\/brandao-aponta-2025-como-o-ano-da-colheita-e-cumpre-maratona-de-inauguracoes-a-caminho-de-2026\/"},"author":{"name":"maranhaotv","@id":"https:\/\/maranhaotv.com.br\/#\/schema\/person\/3d54238e86b20bb5c89ab2fdb8f8829a"},"headline":"Brand\u00e3o aponta 2025 como \u201co ano da colheita\u201d e cumpre maratona de inaugura\u00e7\u00f5es a caminho de 2026","datePublished":"2025-03-23T15:25:52+00:00","dateModified":"2025-03-23T15:27:25+00:00","mainEntityOfPage":{"@id":"https:\/\/maranhaotv.com.br\/index.php\/2025\/03\/23\/brandao-aponta-2025-como-o-ano-da-colheita-e-cumpre-maratona-de-inauguracoes-a-caminho-de-2026\/"},"wordCount":726,"commentCount":0,"publisher":{"@id":"https:\/\/maranhaotv.com.br\/#organization"},"image":{"@id":"https:\/\/maranhaotv.com.br\/index.php\/2025\/03\/23\/brandao-aponta-2025-como-o-ano-da-colheita-e-cumpre-maratona-de-inauguracoes-a-caminho-de-2026\/#primaryimage"},"thumbnailUrl":"https:\/\/maranhaotv.com.br\/wp-content\/uploads\/2025\/03\/images-2-2.jpeg","articleSection":["pol\u00edtica"],"inLanguage":"pt-BR","potentialAction":[{"@type":"CommentAction","name":"Comment","target":["https:\/\/maranhaotv.com.br\/index.php\/2025\/03\/23\/brandao-aponta-2025-como-o-ano-da-colheita-e-cumpre-maratona-de-inauguracoes-a-caminho-de-2026\/#respond"]}]},{"@type":"WebPage","@id":"https:\/\/maranhaotv.com.br\/index.php\/2025\/03\/23\/brandao-aponta-2025-como-o-ano-da-colheita-e-cumpre-maratona-de-inauguracoes-a-caminho-de-2026\/","url":"https:\/\/maranhaotv.com.br\/index.php\/2025\/03\/23\/brandao-aponta-2025-como-o-ano-da-colheita-e-cumpre-maratona-de-inauguracoes-a-caminho-de-2026\/","name":"Brand\u00e3o aponta 2025 como \u201co ano da colheita\u201d e cumpre maratona de inaugura\u00e7\u00f5es a caminho de 2026 - NOT\u00cdCIAS EM TEMPO REAL","isPartOf":{"@id":"https:\/\/maranhaotv.com.br\/#website"},"primaryImageOfPage":{"@id":"https:\/\/maranhaotv.com.br\/index.php\/2025\/03\/23\/brandao-aponta-2025-como-o-ano-da-colheita-e-cumpre-maratona-de-inauguracoes-a-caminho-de-2026\/#primaryimage"},"image":{"@id":"https:\/\/maranhaotv.com.br\/index.php\/2025\/03\/23\/brandao-aponta-2025-como-o-ano-da-colheita-e-cumpre-maratona-de-inauguracoes-a-caminho-de-2026\/#primaryimage"},"thumbnailUrl":"https:\/\/maranhaotv.com.br\/wp-content\/uploads\/2025\/03\/images-2-2.jpeg","datePublished":"2025-03-23T15:25:52+00:00","dateModified":"2025-03-23T15:27:25+00:00","breadcrumb":{"@id":"https:\/\/maranhaotv.com.br\/index.php\/2025\/03\/23\/brandao-aponta-2025-como-o-ano-da-colheita-e-cumpre-maratona-de-inauguracoes-a-caminho-de-2026\/#breadcrumb"},"inLanguage":"pt-BR","potentialAction":[{"@type":"ReadAction","target":["https:\/\/maranhaotv.com.br\/index.php\/2025\/03\/23\/brandao-aponta-2025-como-o-ano-da-colheita-e-cumpre-maratona-de-inauguracoes-a-caminho-de-2026\/"]}]},{"@type":"ImageObject","inLanguage":"pt-BR","@id":"https:\/\/maranhaotv.com.br\/index.php\/2025\/03\/23\/brandao-aponta-2025-como-o-ano-da-colheita-e-cumpre-maratona-de-inauguracoes-a-caminho-de-2026\/#primaryimage","url":"https:\/\/maranhaotv.com.br\/wp-content\/uploads\/2025\/03\/images-2-2.jpeg","contentUrl":"https:\/\/maranhaotv.com.br\/wp-content\/uploads\/2025\/03\/images-2-2.jpeg","width":678,"height":452},{"@type":"BreadcrumbList","@id":"https:\/\/maranhaotv.com.br\/index.php\/2025\/03\/23\/brandao-aponta-2025-como-o-ano-da-colheita-e-cumpre-maratona-de-inauguracoes-a-caminho-de-2026\/#breadcrumb","itemListElement":[{"@type":"ListItem","position":1,"name":"In\u00edcio","item":"https:\/\/maranhaotv.com.br\/"},{"@type":"ListItem","position":2,"name":"Brand\u00e3o aponta 2025 como \u201co ano da colheita\u201d e cumpre maratona de inaugura\u00e7\u00f5es a caminho de 2026"}]},{"@type":"WebSite","@id":"https:\/\/maranhaotv.com.br\/#website","url":"https:\/\/maranhaotv.com.br\/","name":"Maranh\u00e3oTV","description":"","publisher":{"@id":"https:\/\/maranhaotv.com.br\/#organization"},"potentialAction":[{"@type":"SearchAction","target":{"@type":"EntryPoint","urlTemplate":"https:\/\/maranhaotv.com.br\/?s={search_term_string}"},"query-input":{"@type":"PropertyValueSpecification","valueRequired":true,"valueName":"search_term_string"}}],"inLanguage":"pt-BR"},{"@type":"Organization","@id":"https:\/\/maranhaotv.com.br\/#organization","name":"Portal de Not\u00edcias","url":"https:\/\/maranhaotv.com.br\/","logo":{"@type":"ImageObject","inLanguage":"pt-BR","@id":"https:\/\/maranhaotv.com.br\/#\/schema\/logo\/image\/","url":"https:\/\/maranhaotv.com.br\/wp-content\/uploads\/2024\/05\/cropped-cropped-avatar-1.png","contentUrl":"https:\/\/maranhaotv.com.br\/wp-content\/uploads\/2024\/05\/cropped-cropped-avatar-1.png","width":792,"height":428,"caption":"Portal de Not\u00edcias"},"image":{"@id":"https:\/\/maranhaotv.com.br\/#\/schema\/logo\/image\/"},"sameAs":["https:\/\/www.facebook.com\/maiobaotv","https:\/\/x.com\/sitemaranhaotv","https:\/\/www.instagram.com\/maranhao.tv","https:\/\/www.threads.net\/@maranhao.tv"]},{"@type":"Person","@id":"https:\/\/maranhaotv.com.br\/#\/schema\/person\/3d54238e86b20bb5c89ab2fdb8f8829a","name":"maranhaotv","image":{"@type":"ImageObject","inLanguage":"pt-BR","@id":"https:\/\/secure.gravatar.com\/avatar\/8fadbca458d4cb68b1dd399ae9a40618d747bb1af65ac9fad21c89220a143eb4?s=96&d=mm&r=g","url":"https:\/\/secure.gravatar.com\/avatar\/8fadbca458d4cb68b1dd399ae9a40618d747bb1af65ac9fad21c89220a143eb4?s=96&d=mm&r=g","contentUrl":"https:\/\/secure.gravatar.com\/avatar\/8fadbca458d4cb68b1dd399ae9a40618d747bb1af65ac9fad21c89220a143eb4?s=96&d=mm&r=g","caption":"maranhaotv"},"sameAs":["https:\/\/maranhaotv.com.br\/"],"url":"https:\/\/maranhaotv.com.br\/index.php\/author\/maranhaotv\/"}]}},"jetpack_featured_media_url":"https:\/\/maranhaotv.com.br\/wp-content\/uploads\/2025\/03\/images-2-2.jpeg","jetpack_sharing_enabled":true,"_links":{"self":[{"href":"https:\/\/maranhaotv.com.br\/index.php\/wp-json\/wp\/v2\/posts\/40981","targetHints":{"allow":["GET"]}}],"collection":[{"href":"https:\/\/maranhaotv.com.br\/index.php\/wp-json\/wp\/v2\/posts"}],"about":[{"href":"https:\/\/maranhaotv.com.br\/index.php\/wp-json\/wp\/v2\/types\/post"}],"author":[{"embeddable":true,"href":"https:\/\/maranhaotv.com.br\/index.php\/wp-json\/wp\/v2\/users\/2"}],"replies":[{"embeddable":true,"href":"https:\/\/maranhaotv.com.br\/index.php\/wp-json\/wp\/v2\/comments?post=40981"}],"version-history":[{"count":1,"href":"https:\/\/maranhaotv.com.br\/index.php\/wp-json\/wp\/v2\/posts\/40981\/revisions"}],"predecessor-version":[{"id":40982,"href":"https:\/\/maranhaotv.com.br\/index.php\/wp-json\/wp\/v2\/posts\/40981\/revisions\/40982"}],"wp:featuredmedia":[{"embeddable":true,"href":"https:\/\/maranhaotv.com.br\/index.php\/wp-json\/wp\/v2\/media\/40980"}],"wp:attachment":[{"href":"https:\/\/maranhaotv.com.br\/index.php\/wp-json\/wp\/v2\/media?parent=40981"}],"wp:term":[{"taxonomy":"category","embeddable":true,"href":"https:\/\/maranhaotv.com.br\/index.php\/wp-json\/wp\/v2\/categories?post=40981"},{"taxonomy":"post_tag","embeddable":true,"href":"https:\/\/maranhaotv.com.br\/index.php\/wp-json\/wp\/v2\/tags?post=40981"}],"curies":[{"name":"wp","href":"https:\/\/api.w.org\/{rel}","templated":true}]}}