{"id":41033,"date":"2025-03-26T17:21:45","date_gmt":"2025-03-26T20:21:45","guid":{"rendered":"https:\/\/maranhaotv.com.br\/?p=41033"},"modified":"2025-03-26T17:22:27","modified_gmt":"2025-03-26T20:22:27","slug":"felipe-camarao-entrega-escola-nova-construida-e-realiza-sonho-de-estudantes-e-professores-no-municipio-de-esperantinopolis","status":"publish","type":"post","link":"https:\/\/maranhaotv.com.br\/index.php\/2025\/03\/26\/felipe-camarao-entrega-escola-nova-construida-e-realiza-sonho-de-estudantes-e-professores-no-municipio-de-esperantinopolis\/","title":{"rendered":"Felipe Camar\u00e3o entrega escola nova constru\u00edda e realiza sonho de estudantes e professores, no munic\u00edpio de Esperantin\u00f3polis"},"content":{"rendered":"\n<p><\/p>\n\n\n\n<p>O vice-governador do Maranh\u00e3o, Felipe Camar\u00e3o, esteve na manh\u00e3 desta quarta-feira (26), em Esperantinop\u00f3lis, para entregar o Centro de Ensino Jo\u00e3o Almeida, escola da rede p\u00fablica estadual constru\u00edda para ofertar Ensino M\u00e9dio Regular e da Educa\u00e7\u00e3o de Jovens e Adultos (EJA) para cerca de 500 estudantes do munic\u00edpio. A entrega foi acompanhada do secret\u00e1rio de Assuntos Municipalistas, Orleans Brand\u00e3o, e o subsecret\u00e1rio da Educa\u00e7\u00e3o, Ant\u00f4nio Heluy.<br \/>A constru\u00e7\u00e3o do pr\u00e9dio escolar era um compromisso do Governo do Maranh\u00e3o, visando mais conforto e dignidade ao dia a dia escolar de estudantes e professores do munic\u00edpio, que antes dividiam espa\u00e7o em outra escola.<\/p>\n\n\n\n<p>\u201cEstou muito feliz em retornar a essa querida cidade de Esperantin\u00f3polis, para entregar um pr\u00e9dio escolar lindo, confort\u00e1vel e digno para os quase 500 estudantes do Ensino M\u00e9dio regular e da EJA. Estive aqui anteriormente, quando ainda era secret\u00e1rio, para visitar o terreno e assinar a ordem de servi\u00e7o para constru\u00e7\u00e3o da escola. E hoje, retorno para cumprir com esse compromisso que assumimos, o governador Carlos Brand\u00e3o e eu, de entregarmos \u00e0 comunidade escolar um pr\u00e9dio pr\u00f3prio para que a escola cumpra a sua fun\u00e7\u00e3o social de transformar vidas. E hoje, estamos cumprindo a nossa palavra\u201d, destacou o vice-governador, Felipe Camar\u00e3o.<\/p>\n\n\n\n<figure class=\"wp-block-image size-large\"><img loading=\"lazy\" decoding=\"async\" width=\"1024\" height=\"576\" src=\"https:\/\/maranhaotv.com.br\/wp-content\/uploads\/2025\/03\/img-20250326-wa03386278963645625198954-1024x576.jpg\" alt=\"\" class=\"wp-image-41031\" srcset=\"https:\/\/maranhaotv.com.br\/wp-content\/uploads\/2025\/03\/img-20250326-wa03386278963645625198954-1024x576.jpg 1024w, https:\/\/maranhaotv.com.br\/wp-content\/uploads\/2025\/03\/img-20250326-wa03386278963645625198954-300x169.jpg 300w, https:\/\/maranhaotv.com.br\/wp-content\/uploads\/2025\/03\/img-20250326-wa03386278963645625198954-768x432.jpg 768w, https:\/\/maranhaotv.com.br\/wp-content\/uploads\/2025\/03\/img-20250326-wa03386278963645625198954-1536x864.jpg 1536w, https:\/\/maranhaotv.com.br\/wp-content\/uploads\/2025\/03\/img-20250326-wa03386278963645625198954.jpg 2000w\" sizes=\"auto, (max-width: 1024px) 100vw, 1024px\" \/><\/figure>\n\n\n\n<p>A unidade escolar tem 56 anos de hist\u00f3ria, mas durante sua exist\u00eancia sempre funcionou em pr\u00e9dios cedidos. Agora, \u00e9 um novo momento para a comunidade escolar, que recebeu um pr\u00e9dio pr\u00f3prio, constru\u00eddo com investimentos da ordem de R$ 2,5 milh\u00f5es, por meio de parceria com o Fundo Nacional de Desenvolvimento da Educa\u00e7\u00e3o (FNDE).<\/p>\n\n\n\n<p>\u2018Hoje \u00e9 um dia \u00edmpar na hist\u00f3ria da nossa escola, porque n\u00f3s estamos dando continuidade a esse processo de desenvolver os nossos alunos, de formar os nossos alunos n\u00e3o s\u00f3 enquanto ensino m\u00e9dio, mas n\u00f3s temos o papel no \u201cJo\u00e3o Almeida\u201d de form\u00e1-los para a vida. Ent\u00e3o, hoje, \u00e9 a continuidade desse legado, dessa hist\u00f3ria de 54 anos de exist\u00eancia da nossa escola\u201d, declarou a gestora Jucilene.<\/p>\n\n\n\n<p>A estudante Beatriz Melo, de 15 anos, participou da inaugura\u00e7\u00e3o e falou da sua felicidade em ver o novo espa\u00e7o escolar. \u201cEu fico muito feliz em estar aqui, eu quero adquirir mais conhecimento para o Enem que \u00e9 muito importante para o futuro, novas experi\u00eancias e a nova estrutura vai nos ajudar bastante. O que a gente n\u00e3o podia fazer no antigo pr\u00e9dio, podemos fazer nesse. Aqui temos mais espa\u00e7os, mais privacidade, muito mais estrutura, e com isso mais foco para conquistar nossos objetivos\u201d, refor\u00e7ou.<\/p>\n\n\n\n<figure class=\"wp-block-image size-large\"><img loading=\"lazy\" decoding=\"async\" width=\"1024\" height=\"576\" src=\"https:\/\/maranhaotv.com.br\/wp-content\/uploads\/2025\/03\/img-20250326-wa03385419712628028751894-1024x576.jpg\" alt=\"\" class=\"wp-image-41030\" srcset=\"https:\/\/maranhaotv.com.br\/wp-content\/uploads\/2025\/03\/img-20250326-wa03385419712628028751894-1024x576.jpg 1024w, https:\/\/maranhaotv.com.br\/wp-content\/uploads\/2025\/03\/img-20250326-wa03385419712628028751894-300x169.jpg 300w, https:\/\/maranhaotv.com.br\/wp-content\/uploads\/2025\/03\/img-20250326-wa03385419712628028751894-768x432.jpg 768w, https:\/\/maranhaotv.com.br\/wp-content\/uploads\/2025\/03\/img-20250326-wa03385419712628028751894-1536x864.jpg 1536w, https:\/\/maranhaotv.com.br\/wp-content\/uploads\/2025\/03\/img-20250326-wa03385419712628028751894.jpg 2000w\" sizes=\"auto, (max-width: 1024px) 100vw, 1024px\" \/><\/figure>\n\n\n\n<figure class=\"wp-block-image\"><img loading=\"lazy\" decoding=\"async\" width=\"1024\" height=\"575\" src=\"https:\/\/maranhaotv.com.br\/wp-content\/uploads\/2025\/03\/img-20250326-wa03282933316887175601020-1024x575.jpg\" alt=\"\" class=\"wp-image-41028\" srcset=\"https:\/\/maranhaotv.com.br\/wp-content\/uploads\/2025\/03\/img-20250326-wa03282933316887175601020-1024x575.jpg 1024w, https:\/\/maranhaotv.com.br\/wp-content\/uploads\/2025\/03\/img-20250326-wa03282933316887175601020-300x168.jpg 300w, https:\/\/maranhaotv.com.br\/wp-content\/uploads\/2025\/03\/img-20250326-wa03282933316887175601020-768x431.jpg 768w, https:\/\/maranhaotv.com.br\/wp-content\/uploads\/2025\/03\/img-20250326-wa03282933316887175601020-1536x862.jpg 1536w, https:\/\/maranhaotv.com.br\/wp-content\/uploads\/2025\/03\/img-20250326-wa03282933316887175601020.jpg 2000w\" sizes=\"auto, (max-width: 1024px) 100vw, 1024px\" \/><\/figure>\n\n\n\n<figure class=\"wp-block-image\"><img decoding=\"async\" src=\"file:\/\/\/data\/user\/0\/com.jetpack.android\/cache\/img-20250326-wa03313226683182950030550.jpg\" alt=\"\" class=\"wp-image-3354\"\/><\/figure>\n","protected":false},"excerpt":{"rendered":"<p>O vice-governador do Maranh\u00e3o, Felipe Camar\u00e3o, esteve na manh\u00e3 desta quarta-feira (26), em Esperantinop\u00f3lis, para entregar o Centro de Ensino<\/p>\n","protected":false},"author":2,"featured_media":41032,"comment_status":"open","ping_status":"open","sticky":false,"template":"","format":"standard","meta":{"colormag_page_container_layout":"default_layout","colormag_page_sidebar_layout":"default_layout","_jetpack_memberships_contains_paid_content":false,"footnotes":""},"categories":[6],"tags":[352,458],"class_list":["post-41033","post","type-post","status-publish","format-standard","has-post-thumbnail","hentry","category-politica","tag-felipe-camarao","tag-orleans-brandao"],"magazineBlocksPostFeaturedMedia":{"thumbnail":"https:\/\/maranhaotv.com.br\/wp-content\/uploads\/2025\/03\/IMG-20250326-WA0337-150x150.jpg","medium":"https:\/\/maranhaotv.com.br\/wp-content\/uploads\/2025\/03\/IMG-20250326-WA0337-300x168.jpg","medium_large":"https:\/\/maranhaotv.com.br\/wp-content\/uploads\/2025\/03\/IMG-20250326-WA0337-768x431.jpg","large":"https:\/\/maranhaotv.com.br\/wp-content\/uploads\/2025\/03\/IMG-20250326-WA0337-1024x575.jpg","1536x1536":"https:\/\/maranhaotv.com.br\/wp-content\/uploads\/2025\/03\/IMG-20250326-WA0337-1536x862.jpg","2048x2048":"https:\/\/maranhaotv.com.br\/wp-content\/uploads\/2025\/03\/IMG-20250326-WA0337-2048x1150.jpg","colormag-highlighted-post":"https:\/\/maranhaotv.com.br\/wp-content\/uploads\/2025\/03\/IMG-20250326-WA0337-392x272.jpg","colormag-featured-post-medium":"https:\/\/maranhaotv.com.br\/wp-content\/uploads\/2025\/03\/IMG-20250326-WA0337-390x205.jpg","colormag-featured-post-small":"https:\/\/maranhaotv.com.br\/wp-content\/uploads\/2025\/03\/IMG-20250326-WA0337-130x90.jpg","colormag-featured-image":"https:\/\/maranhaotv.com.br\/wp-content\/uploads\/2025\/03\/IMG-20250326-WA0337-800x445.jpg","colormag-default-news":"https:\/\/maranhaotv.com.br\/wp-content\/uploads\/2025\/03\/IMG-20250326-WA0337-150x150.jpg","colormag-featured-image-large":"https:\/\/maranhaotv.com.br\/wp-content\/uploads\/2025\/03\/IMG-20250326-WA0337-1400x600.jpg"},"magazineBlocksPostAuthor":{"name":"maranhaotv","avatar":"https:\/\/secure.gravatar.com\/avatar\/8fadbca458d4cb68b1dd399ae9a40618d747bb1af65ac9fad21c89220a143eb4?s=96&d=mm&r=g"},"magazineBlocksPostCommentsNumber":"0","magazineBlocksPostExcerpt":"O vice-governador do Maranh\u00e3o, Felipe Camar\u00e3o, esteve na manh\u00e3 desta quarta-feira (26), em Esperantinop\u00f3lis, para entregar o Centro de Ensino","magazineBlocksPostCategories":["pol\u00edtica"],"magazineBlocksPostViewCount":397,"magazineBlocksPostReadTime":3,"magazine_blocks_featured_image_url":{"full":["https:\/\/maranhaotv.com.br\/wp-content\/uploads\/2025\/03\/IMG-20250326-WA0337-scaled.jpg",2560,1437,false],"medium":["https:\/\/maranhaotv.com.br\/wp-content\/uploads\/2025\/03\/IMG-20250326-WA0337-300x168.jpg",300,168,true],"thumbnail":["https:\/\/maranhaotv.com.br\/wp-content\/uploads\/2025\/03\/IMG-20250326-WA0337-150x150.jpg",150,150,true]},"magazine_blocks_author":{"display_name":"maranhaotv","author_link":"https:\/\/maranhaotv.com.br\/index.php\/author\/maranhaotv\/"},"magazine_blocks_comment":0,"magazine_blocks_author_image":"https:\/\/secure.gravatar.com\/avatar\/8fadbca458d4cb68b1dd399ae9a40618d747bb1af65ac9fad21c89220a143eb4?s=96&d=mm&r=g","magazine_blocks_category":"<a href=\"#\" class=\"category-link category-link-6\">pol\u00edtica<\/a>","jetpack_featured_media_url":"https:\/\/maranhaotv.com.br\/wp-content\/uploads\/2025\/03\/IMG-20250326-WA0337-scaled.jpg","jetpack_sharing_enabled":true,"_links":{"self":[{"href":"https:\/\/maranhaotv.com.br\/index.php\/wp-json\/wp\/v2\/posts\/41033","targetHints":{"allow":["GET"]}}],"collection":[{"href":"https:\/\/maranhaotv.com.br\/index.php\/wp-json\/wp\/v2\/posts"}],"about":[{"href":"https:\/\/maranhaotv.com.br\/index.php\/wp-json\/wp\/v2\/types\/post"}],"author":[{"embeddable":true,"href":"https:\/\/maranhaotv.com.br\/index.php\/wp-json\/wp\/v2\/users\/2"}],"replies":[{"embeddable":true,"href":"https:\/\/maranhaotv.com.br\/index.php\/wp-json\/wp\/v2\/comments?post=41033"}],"version-history":[{"count":1,"href":"https:\/\/maranhaotv.com.br\/index.php\/wp-json\/wp\/v2\/posts\/41033\/revisions"}],"predecessor-version":[{"id":41034,"href":"https:\/\/maranhaotv.com.br\/index.php\/wp-json\/wp\/v2\/posts\/41033\/revisions\/41034"}],"wp:featuredmedia":[{"embeddable":true,"href":"https:\/\/maranhaotv.com.br\/index.php\/wp-json\/wp\/v2\/media\/41032"}],"wp:attachment":[{"href":"https:\/\/maranhaotv.com.br\/index.php\/wp-json\/wp\/v2\/media?parent=41033"}],"wp:term":[{"taxonomy":"category","embeddable":true,"href":"https:\/\/maranhaotv.com.br\/index.php\/wp-json\/wp\/v2\/categories?post=41033"},{"taxonomy":"post_tag","embeddable":true,"href":"https:\/\/maranhaotv.com.br\/index.php\/wp-json\/wp\/v2\/tags?post=41033"}],"curies":[{"name":"wp","href":"https:\/\/api.w.org\/{rel}","templated":true}]}}