{"id":41053,"date":"2025-03-27T22:26:36","date_gmt":"2025-03-28T01:26:36","guid":{"rendered":"https:\/\/maranhaotv.com.br\/?p=41053"},"modified":"2025-03-27T22:29:29","modified_gmt":"2025-03-28T01:29:29","slug":"prefeito-fred-campos-chegara-aos-100-dias-de-governo-com-mais-de-100-acoes-entregues-em-paco-do-lumiar","status":"publish","type":"post","link":"https:\/\/maranhaotv.com.br\/index.php\/2025\/03\/27\/prefeito-fred-campos-chegara-aos-100-dias-de-governo-com-mais-de-100-acoes-entregues-em-paco-do-lumiar\/","title":{"rendered":"Prefeito Fred Campos chegar\u00e1 aos 100 dias de governo com mais de 100 a\u00e7\u00f5es entregues em Pa\u00e7o do Lumiar"},"content":{"rendered":"\n<p><br \/>No pr\u00f3ximo dia 10 de abril, o prefeito Fred Campos completa seus primeiros 100 dias \u00e0 frente da Prefeitura de Pa\u00e7o do Lumiar, e j\u00e1 tem um motivo especial para comemorar com a popula\u00e7\u00e3o: ser\u00e3o mais de 100 a\u00e7\u00f5es concretas entregues ao longo desse per\u00edodo.<br \/><br \/>Desde o in\u00edcio da gest\u00e3o, Fred Campos vem mostrando que trabalho e compromisso caminham juntos. Nos pr\u00f3ximos dias, o prefeito se prepara para intensificar ainda mais as entregas com uma s\u00e9rie de inaugura\u00e7\u00f5es e a\u00e7\u00f5es em v\u00e1rias comunidades do munic\u00edpio.<br \/><br \/>Entre os destaques est\u00e1 o programa Pavimenta Pa\u00e7o, que est\u00e1 mudando a realidade de ruas que antes eram sin\u00f4nimo de abandono. \u201cVamos entregar ruas totalmente recuperadas, com bloquete no ch\u00e3o e dignidade para os moradores. Essa \u00e9 uma das nossas prioridades desde o primeiro dia: garantir mobilidade e qualidade de vida para quem mais precisa\u201d, afirmou Fred.<br \/><br \/>Outro grande avan\u00e7o vem com o Ilumina Pa\u00e7o, programa que j\u00e1 levou ilumina\u00e7\u00e3o de LED para diversas comunidades, garantindo mais seguran\u00e7a, economia e um visual renovado para os bairros. \u201cOnde antes era escurid\u00e3o, agora tem luz forte e moderna chegando para fazer a diferen\u00e7a na vida das pessoas\u201d, destacou o prefeito.<br \/><br \/>Al\u00e9m disso, escolas totalmente revitalizadas e novas pra\u00e7as p\u00fablicas tamb\u00e9m est\u00e3o no pacote de entregas. \u201cQueremos que as pessoas se sintam acolhidas, que tenham espa\u00e7os de lazer, educa\u00e7\u00e3o e conviv\u00eancia com qualidade. Estamos trabalhando todos os dias com esse objetivo\u201d, completou Fred Campos.<br \/><br \/>O prefeito ainda anunciou que o calend\u00e1rio de entregas ser\u00e1 intenso nas pr\u00f3ximas semanas e reafirmou o compromisso de continuar ouvindo a popula\u00e7\u00e3o. \u201cGovernar \u00e9 cuidar de gente. E \u00e9 com esse esp\u00edrito que vamos seguir avan\u00e7ando, com responsabilidade, di\u00e1logo e a\u00e7\u00e3o\u201d, finalizou.<br \/><br \/>Pa\u00e7o do Lumiar vive um novo momento, e os 100 primeiros dias da gest\u00e3o Fred Campos j\u00e1 deixam claro que o futuro chegou \u2014 e chegou com trabalho de verdade.<\/p>\n\n\n\n<p><blockquote class=\"instagram-media\" data-instgrm-captioned data-instgrm-permalink=\"https:\/\/www.instagram.com\/reel\/DHuWrh1sV-Z\/?utm_source=ig_embed&amp;utm_campaign=loading\" data-instgrm-version=\"14\" style=\" background:#FFF; border:0; border-radius:3px; box-shadow:0 0 1px 0 rgba(0,0,0,0.5),0 1px 10px 0 rgba(0,0,0,0.15); margin: 1px; max-width:658px; min-width:326px; padding:0; width:99.375%; width:-webkit-calc(100% - 2px); width:calc(100% - 2px);\"><div style=\"padding:16px;\"> <a href=\"https:\/\/www.instagram.com\/reel\/DHuWrh1sV-Z\/?utm_source=ig_embed&amp;utm_campaign=loading\" style=\" background:#FFFFFF; line-height:0; padding:0 0; text-align:center; text-decoration:none; width:100%;\" target=\"_blank\"> <div style=\" display: flex; flex-direction: row; align-items: center;\"> <div style=\"background-color: #F4F4F4; border-radius: 50%; flex-grow: 0; height: 40px; margin-right: 14px; width: 40px;\"><\/div> <div style=\"display: flex; flex-direction: column; flex-grow: 1; justify-content: center;\"> <div style=\" background-color: #F4F4F4; border-radius: 4px; flex-grow: 0; height: 14px; margin-bottom: 6px; width: 100px;\"><\/div> <div style=\" background-color: #F4F4F4; border-radius: 4px; flex-grow: 0; height: 14px; width: 60px;\"><\/div><\/div><\/div><div style=\"padding: 19% 0;\"><\/div> <div style=\"display:block; height:50px; margin:0 auto 12px; width:50px;\"><svg width=\"50px\" height=\"50px\" viewBox=\"0 0 60 60\" version=\"1.1\" xmlns=\"https:\/\/www.w3.org\/2000\/svg\" xmlns:xlink=\"https:\/\/www.w3.org\/1999\/xlink\"><g stroke=\"none\" stroke-width=\"1\" fill=\"none\" fill-rule=\"evenodd\"><g transform=\"translate(-511.000000, -20.000000)\" fill=\"#000000\"><g><path d=\"M556.869,30.41 C554.814,30.41 553.148,32.076 553.148,34.131 C553.148,36.186 554.814,37.852 556.869,37.852 C558.924,37.852 560.59,36.186 560.59,34.131 C560.59,32.076 558.924,30.41 556.869,30.41 M541,60.657 C535.114,60.657 530.342,55.887 530.342,50 C530.342,44.114 535.114,39.342 541,39.342 C546.887,39.342 551.658,44.114 551.658,50 C551.658,55.887 546.887,60.657 541,60.657 M541,33.886 C532.1,33.886 524.886,41.1 524.886,50 C524.886,58.899 532.1,66.113 541,66.113 C549.9,66.113 557.115,58.899 557.115,50 C557.115,41.1 549.9,33.886 541,33.886 M565.378,62.101 C565.244,65.022 564.756,66.606 564.346,67.663 C563.803,69.06 563.154,70.057 562.106,71.106 C561.058,72.155 560.06,72.803 558.662,73.347 C557.607,73.757 556.021,74.244 553.102,74.378 C549.944,74.521 548.997,74.552 541,74.552 C533.003,74.552 532.056,74.521 528.898,74.378 C525.979,74.244 524.393,73.757 523.338,73.347 C521.94,72.803 520.942,72.155 519.894,71.106 C518.846,70.057 518.197,69.06 517.654,67.663 C517.244,66.606 516.755,65.022 516.623,62.101 C516.479,58.943 516.448,57.996 516.448,50 C516.448,42.003 516.479,41.056 516.623,37.899 C516.755,34.978 517.244,33.391 517.654,32.338 C518.197,30.938 518.846,29.942 519.894,28.894 C520.942,27.846 521.94,27.196 523.338,26.654 C524.393,26.244 525.979,25.756 528.898,25.623 C532.057,25.479 533.004,25.448 541,25.448 C548.997,25.448 549.943,25.479 553.102,25.623 C556.021,25.756 557.607,26.244 558.662,26.654 C560.06,27.196 561.058,27.846 562.106,28.894 C563.154,29.942 563.803,30.938 564.346,32.338 C564.756,33.391 565.244,34.978 565.378,37.899 C565.522,41.056 565.552,42.003 565.552,50 C565.552,57.996 565.522,58.943 565.378,62.101 M570.82,37.631 C570.674,34.438 570.167,32.258 569.425,30.349 C568.659,28.377 567.633,26.702 565.965,25.035 C564.297,23.368 562.623,22.342 560.652,21.575 C558.743,20.834 556.562,20.326 553.369,20.18 C550.169,20.033 549.148,20 541,20 C532.853,20 531.831,20.033 528.631,20.18 C525.438,20.326 523.257,20.834 521.349,21.575 C519.376,22.342 517.703,23.368 516.035,25.035 C514.368,26.702 513.342,28.377 512.574,30.349 C511.834,32.258 511.326,34.438 511.181,37.631 C511.035,40.831 511,41.851 511,50 C511,58.147 511.035,59.17 511.181,62.369 C511.326,65.562 511.834,67.743 512.574,69.651 C513.342,71.625 514.368,73.296 516.035,74.965 C517.703,76.634 519.376,77.658 521.349,78.425 C523.257,79.167 525.438,79.673 528.631,79.82 C531.831,79.965 532.853,80.001 541,80.001 C549.148,80.001 550.169,79.965 553.369,79.82 C556.562,79.673 558.743,79.167 560.652,78.425 C562.623,77.658 564.297,76.634 565.965,74.965 C567.633,73.296 568.659,71.625 569.425,69.651 C570.167,67.743 570.674,65.562 570.82,62.369 C570.966,59.17 571,58.147 571,50 C571,41.851 570.966,40.831 570.82,37.631\"><\/path><\/g><\/g><\/g><\/svg><\/div><div style=\"padding-top: 8px;\"> <div style=\" color:#3897f0; font-family:Arial,sans-serif; font-size:14px; font-style:normal; font-weight:550; line-height:18px;\">View this post on Instagram<\/div><\/div><div style=\"padding: 12.5% 0;\"><\/div> <div style=\"display: flex; flex-direction: row; margin-bottom: 14px; align-items: center;\"><div> <div style=\"background-color: #F4F4F4; border-radius: 50%; height: 12.5px; width: 12.5px; transform: translateX(0px) translateY(7px);\"><\/div> <div style=\"background-color: #F4F4F4; height: 12.5px; transform: rotate(-45deg) translateX(3px) translateY(1px); width: 12.5px; flex-grow: 0; margin-right: 14px; margin-left: 2px;\"><\/div> <div style=\"background-color: #F4F4F4; border-radius: 50%; height: 12.5px; width: 12.5px; transform: translateX(9px) translateY(-18px);\"><\/div><\/div><div style=\"margin-left: 8px;\"> <div style=\" background-color: #F4F4F4; border-radius: 50%; flex-grow: 0; height: 20px; width: 20px;\"><\/div> <div style=\" width: 0; height: 0; border-top: 2px solid transparent; border-left: 6px solid #f4f4f4; border-bottom: 2px solid transparent; transform: translateX(16px) translateY(-4px) rotate(30deg)\"><\/div><\/div><div style=\"margin-left: auto;\"> <div style=\" width: 0px; border-top: 8px solid #F4F4F4; border-right: 8px solid transparent; transform: translateY(16px);\"><\/div> <div style=\" background-color: #F4F4F4; flex-grow: 0; height: 12px; width: 16px; transform: translateY(-4px);\"><\/div> <div style=\" width: 0; height: 0; border-top: 8px solid #F4F4F4; border-left: 8px solid transparent; transform: translateY(-4px) translateX(8px);\"><\/div><\/div><\/div> <div style=\"display: flex; flex-direction: column; flex-grow: 1; justify-content: center; margin-bottom: 24px;\"> <div style=\" background-color: #F4F4F4; border-radius: 4px; flex-grow: 0; height: 14px; margin-bottom: 6px; width: 224px;\"><\/div> <div style=\" background-color: #F4F4F4; border-radius: 4px; flex-grow: 0; height: 14px; width: 144px;\"><\/div><\/div><\/a><p style=\" color:#c9c8cd; font-family:Arial,sans-serif; font-size:14px; line-height:17px; margin-bottom:0; margin-top:8px; overflow:hidden; padding:8px 0 7px; text-align:center; text-overflow:ellipsis; white-space:nowrap;\"><a href=\"https:\/\/www.instagram.com\/reel\/DHuWrh1sV-Z\/?utm_source=ig_embed&amp;utm_campaign=loading\" style=\" color:#c9c8cd; font-family:Arial,sans-serif; font-size:14px; font-style:normal; font-weight:normal; line-height:17px; text-decoration:none;\" target=\"_blank\">A post shared by Fred Campos (@fredcamposoficial)<\/a><\/p><\/div><\/blockquote><script async src=\"\/\/platform.instagram.com\/en_US\/embeds.js\"><\/script><\/p>\n\n\n\n<figure class=\"wp-block-image size-large\"><img loading=\"lazy\" decoding=\"async\" width=\"819\" height=\"1024\" src=\"https:\/\/maranhaotv.com.br\/wp-content\/uploads\/2025\/03\/img-20250327-wa08213198376078701443342-819x1024.jpg\" alt=\"\" class=\"wp-image-41057\" srcset=\"https:\/\/maranhaotv.com.br\/wp-content\/uploads\/2025\/03\/img-20250327-wa08213198376078701443342-819x1024.jpg 819w, https:\/\/maranhaotv.com.br\/wp-content\/uploads\/2025\/03\/img-20250327-wa08213198376078701443342-240x300.jpg 240w, https:\/\/maranhaotv.com.br\/wp-content\/uploads\/2025\/03\/img-20250327-wa08213198376078701443342-768x960.jpg 768w, https:\/\/maranhaotv.com.br\/wp-content\/uploads\/2025\/03\/img-20250327-wa08213198376078701443342.jpg 1080w\" sizes=\"auto, (max-width: 819px) 100vw, 819px\" \/><\/figure>\n","protected":false},"excerpt":{"rendered":"<p>No pr\u00f3ximo dia 10 de abril, o prefeito Fred Campos completa seus primeiros 100 dias \u00e0 frente da Prefeitura de<\/p>\n","protected":false},"author":2,"featured_media":41056,"comment_status":"open","ping_status":"open","sticky":false,"template":"","format":"standard","meta":{"colormag_page_container_layout":"default_layout","colormag_page_sidebar_layout":"default_layout","_jetpack_memberships_contains_paid_content":false,"footnotes":""},"categories":[2],"tags":[],"class_list":["post-41053","post","type-post","status-publish","format-standard","has-post-thumbnail","hentry","category-noticias"],"magazineBlocksPostFeaturedMedia":{"thumbnail":"https:\/\/maranhaotv.com.br\/wp-content\/uploads\/2025\/03\/image_editor_output_image62631833-1743125294511-150x150.jpg","medium":"https:\/\/maranhaotv.com.br\/wp-content\/uploads\/2025\/03\/image_editor_output_image62631833-1743125294511-300x165.jpg","medium_large":"https:\/\/maranhaotv.com.br\/wp-content\/uploads\/2025\/03\/image_editor_output_image62631833-1743125294511-768x422.jpg","large":"https:\/\/maranhaotv.com.br\/wp-content\/uploads\/2025\/03\/image_editor_output_image62631833-1743125294511-1024x562.jpg","1536x1536":"https:\/\/maranhaotv.com.br\/wp-content\/uploads\/2025\/03\/image_editor_output_image62631833-1743125294511.jpg","2048x2048":"https:\/\/maranhaotv.com.br\/wp-content\/uploads\/2025\/03\/image_editor_output_image62631833-1743125294511.jpg","colormag-highlighted-post":"https:\/\/maranhaotv.com.br\/wp-content\/uploads\/2025\/03\/image_editor_output_image62631833-1743125294511-392x272.jpg","colormag-featured-post-medium":"https:\/\/maranhaotv.com.br\/wp-content\/uploads\/2025\/03\/image_editor_output_image62631833-1743125294511-390x205.jpg","colormag-featured-post-small":"https:\/\/maranhaotv.com.br\/wp-content\/uploads\/2025\/03\/image_editor_output_image62631833-1743125294511-130x90.jpg","colormag-featured-image":"https:\/\/maranhaotv.com.br\/wp-content\/uploads\/2025\/03\/image_editor_output_image62631833-1743125294511-800x445.jpg","colormag-default-news":"https:\/\/maranhaotv.com.br\/wp-content\/uploads\/2025\/03\/image_editor_output_image62631833-1743125294511-150x150.jpg","colormag-featured-image-large":"https:\/\/maranhaotv.com.br\/wp-content\/uploads\/2025\/03\/image_editor_output_image62631833-1743125294511.jpg"},"magazineBlocksPostAuthor":{"name":"maranhaotv","avatar":"https:\/\/secure.gravatar.com\/avatar\/8fadbca458d4cb68b1dd399ae9a40618d747bb1af65ac9fad21c89220a143eb4?s=96&d=mm&r=g"},"magazineBlocksPostCommentsNumber":"0","magazineBlocksPostExcerpt":"No pr\u00f3ximo dia 10 de abril, o prefeito Fred Campos completa seus primeiros 100 dias \u00e0 frente da Prefeitura de","magazineBlocksPostCategories":["not\u00edcias"],"magazineBlocksPostViewCount":514,"magazineBlocksPostReadTime":2,"magazine_blocks_featured_image_url":{"full":["https:\/\/maranhaotv.com.br\/wp-content\/uploads\/2025\/03\/image_editor_output_image62631833-1743125294511.jpg",1080,593,false],"medium":["https:\/\/maranhaotv.com.br\/wp-content\/uploads\/2025\/03\/image_editor_output_image62631833-1743125294511-300x165.jpg",300,165,true],"thumbnail":["https:\/\/maranhaotv.com.br\/wp-content\/uploads\/2025\/03\/image_editor_output_image62631833-1743125294511-150x150.jpg",150,150,true]},"magazine_blocks_author":{"display_name":"maranhaotv","author_link":"https:\/\/maranhaotv.com.br\/index.php\/author\/maranhaotv\/"},"magazine_blocks_comment":0,"magazine_blocks_author_image":"https:\/\/secure.gravatar.com\/avatar\/8fadbca458d4cb68b1dd399ae9a40618d747bb1af65ac9fad21c89220a143eb4?s=96&d=mm&r=g","magazine_blocks_category":"<a href=\"#\" class=\"category-link category-link-2\">not\u00edcias<\/a>","yoast_head":"<!-- This site is optimized with the Yoast SEO plugin v27.4 - https:\/\/yoast.com\/product\/yoast-seo-wordpress\/ -->\n<title>Prefeito Fred Campos chegar\u00e1 aos 100 dias de governo com mais de 100 a\u00e7\u00f5es entregues em Pa\u00e7o do Lumiar - NOT\u00cdCIAS EM TEMPO REAL<\/title>\n<meta name=\"robots\" content=\"index, follow, max-snippet:-1, max-image-preview:large, max-video-preview:-1\" \/>\n<link rel=\"canonical\" href=\"https:\/\/maranhaotv.com.br\/index.php\/2025\/03\/27\/prefeito-fred-campos-chegara-aos-100-dias-de-governo-com-mais-de-100-acoes-entregues-em-paco-do-lumiar\/\" \/>\n<meta property=\"og:locale\" content=\"pt_BR\" \/>\n<meta property=\"og:type\" content=\"article\" \/>\n<meta property=\"og:title\" content=\"Prefeito Fred Campos chegar\u00e1 aos 100 dias de governo com mais de 100 a\u00e7\u00f5es entregues em Pa\u00e7o do Lumiar - NOT\u00cdCIAS EM TEMPO REAL\" \/>\n<meta property=\"og:description\" content=\"No pr\u00f3ximo dia 10 de abril, o prefeito Fred Campos completa seus primeiros 100 dias \u00e0 frente da Prefeitura de\" \/>\n<meta property=\"og:url\" content=\"https:\/\/maranhaotv.com.br\/index.php\/2025\/03\/27\/prefeito-fred-campos-chegara-aos-100-dias-de-governo-com-mais-de-100-acoes-entregues-em-paco-do-lumiar\/\" \/>\n<meta property=\"og:site_name\" content=\"NOT\u00cdCIAS EM TEMPO REAL\" \/>\n<meta property=\"article:publisher\" content=\"https:\/\/www.facebook.com\/maiobaotv\" \/>\n<meta property=\"article:published_time\" content=\"2025-03-28T01:26:36+00:00\" \/>\n<meta property=\"article:modified_time\" content=\"2025-03-28T01:29:29+00:00\" \/>\n<meta property=\"og:image\" content=\"https:\/\/maranhaotv.com.br\/wp-content\/uploads\/2025\/03\/image_editor_output_image62631833-1743125294511.jpg\" \/>\n\t<meta property=\"og:image:width\" content=\"1080\" \/>\n\t<meta property=\"og:image:height\" content=\"593\" \/>\n\t<meta property=\"og:image:type\" content=\"image\/jpeg\" \/>\n<meta name=\"author\" content=\"maranhaotv\" \/>\n<meta name=\"twitter:card\" content=\"summary_large_image\" \/>\n<meta name=\"twitter:creator\" content=\"@sitemaranhaotv\" \/>\n<meta name=\"twitter:site\" content=\"@sitemaranhaotv\" \/>\n<meta name=\"twitter:label1\" content=\"Escrito por\" \/>\n\t<meta name=\"twitter:data1\" content=\"maranhaotv\" \/>\n\t<meta name=\"twitter:label2\" content=\"Est. tempo de leitura\" \/>\n\t<meta name=\"twitter:data2\" content=\"2 minutos\" \/>\n<script type=\"application\/ld+json\" class=\"yoast-schema-graph\">{\"@context\":\"https:\\\/\\\/schema.org\",\"@graph\":[{\"@type\":\"Article\",\"@id\":\"https:\\\/\\\/maranhaotv.com.br\\\/index.php\\\/2025\\\/03\\\/27\\\/prefeito-fred-campos-chegara-aos-100-dias-de-governo-com-mais-de-100-acoes-entregues-em-paco-do-lumiar\\\/#article\",\"isPartOf\":{\"@id\":\"https:\\\/\\\/maranhaotv.com.br\\\/index.php\\\/2025\\\/03\\\/27\\\/prefeito-fred-campos-chegara-aos-100-dias-de-governo-com-mais-de-100-acoes-entregues-em-paco-do-lumiar\\\/\"},\"author\":{\"name\":\"maranhaotv\",\"@id\":\"https:\\\/\\\/maranhaotv.com.br\\\/#\\\/schema\\\/person\\\/3d54238e86b20bb5c89ab2fdb8f8829a\"},\"headline\":\"Prefeito Fred Campos chegar\u00e1 aos 100 dias de governo com mais de 100 a\u00e7\u00f5es entregues em Pa\u00e7o do Lumiar\",\"datePublished\":\"2025-03-28T01:26:36+00:00\",\"dateModified\":\"2025-03-28T01:29:29+00:00\",\"mainEntityOfPage\":{\"@id\":\"https:\\\/\\\/maranhaotv.com.br\\\/index.php\\\/2025\\\/03\\\/27\\\/prefeito-fred-campos-chegara-aos-100-dias-de-governo-com-mais-de-100-acoes-entregues-em-paco-do-lumiar\\\/\"},\"wordCount\":369,\"commentCount\":0,\"publisher\":{\"@id\":\"https:\\\/\\\/maranhaotv.com.br\\\/#organization\"},\"image\":{\"@id\":\"https:\\\/\\\/maranhaotv.com.br\\\/index.php\\\/2025\\\/03\\\/27\\\/prefeito-fred-campos-chegara-aos-100-dias-de-governo-com-mais-de-100-acoes-entregues-em-paco-do-lumiar\\\/#primaryimage\"},\"thumbnailUrl\":\"https:\\\/\\\/maranhaotv.com.br\\\/wp-content\\\/uploads\\\/2025\\\/03\\\/image_editor_output_image62631833-1743125294511.jpg\",\"articleSection\":[\"not\u00edcias\"],\"inLanguage\":\"pt-BR\",\"potentialAction\":[{\"@type\":\"CommentAction\",\"name\":\"Comment\",\"target\":[\"https:\\\/\\\/maranhaotv.com.br\\\/index.php\\\/2025\\\/03\\\/27\\\/prefeito-fred-campos-chegara-aos-100-dias-de-governo-com-mais-de-100-acoes-entregues-em-paco-do-lumiar\\\/#respond\"]}]},{\"@type\":\"WebPage\",\"@id\":\"https:\\\/\\\/maranhaotv.com.br\\\/index.php\\\/2025\\\/03\\\/27\\\/prefeito-fred-campos-chegara-aos-100-dias-de-governo-com-mais-de-100-acoes-entregues-em-paco-do-lumiar\\\/\",\"url\":\"https:\\\/\\\/maranhaotv.com.br\\\/index.php\\\/2025\\\/03\\\/27\\\/prefeito-fred-campos-chegara-aos-100-dias-de-governo-com-mais-de-100-acoes-entregues-em-paco-do-lumiar\\\/\",\"name\":\"Prefeito Fred Campos chegar\u00e1 aos 100 dias de governo com mais de 100 a\u00e7\u00f5es entregues em Pa\u00e7o do Lumiar - NOT\u00cdCIAS EM TEMPO REAL\",\"isPartOf\":{\"@id\":\"https:\\\/\\\/maranhaotv.com.br\\\/#website\"},\"primaryImageOfPage\":{\"@id\":\"https:\\\/\\\/maranhaotv.com.br\\\/index.php\\\/2025\\\/03\\\/27\\\/prefeito-fred-campos-chegara-aos-100-dias-de-governo-com-mais-de-100-acoes-entregues-em-paco-do-lumiar\\\/#primaryimage\"},\"image\":{\"@id\":\"https:\\\/\\\/maranhaotv.com.br\\\/index.php\\\/2025\\\/03\\\/27\\\/prefeito-fred-campos-chegara-aos-100-dias-de-governo-com-mais-de-100-acoes-entregues-em-paco-do-lumiar\\\/#primaryimage\"},\"thumbnailUrl\":\"https:\\\/\\\/maranhaotv.com.br\\\/wp-content\\\/uploads\\\/2025\\\/03\\\/image_editor_output_image62631833-1743125294511.jpg\",\"datePublished\":\"2025-03-28T01:26:36+00:00\",\"dateModified\":\"2025-03-28T01:29:29+00:00\",\"breadcrumb\":{\"@id\":\"https:\\\/\\\/maranhaotv.com.br\\\/index.php\\\/2025\\\/03\\\/27\\\/prefeito-fred-campos-chegara-aos-100-dias-de-governo-com-mais-de-100-acoes-entregues-em-paco-do-lumiar\\\/#breadcrumb\"},\"inLanguage\":\"pt-BR\",\"potentialAction\":[{\"@type\":\"ReadAction\",\"target\":[\"https:\\\/\\\/maranhaotv.com.br\\\/index.php\\\/2025\\\/03\\\/27\\\/prefeito-fred-campos-chegara-aos-100-dias-de-governo-com-mais-de-100-acoes-entregues-em-paco-do-lumiar\\\/\"]}]},{\"@type\":\"ImageObject\",\"inLanguage\":\"pt-BR\",\"@id\":\"https:\\\/\\\/maranhaotv.com.br\\\/index.php\\\/2025\\\/03\\\/27\\\/prefeito-fred-campos-chegara-aos-100-dias-de-governo-com-mais-de-100-acoes-entregues-em-paco-do-lumiar\\\/#primaryimage\",\"url\":\"https:\\\/\\\/maranhaotv.com.br\\\/wp-content\\\/uploads\\\/2025\\\/03\\\/image_editor_output_image62631833-1743125294511.jpg\",\"contentUrl\":\"https:\\\/\\\/maranhaotv.com.br\\\/wp-content\\\/uploads\\\/2025\\\/03\\\/image_editor_output_image62631833-1743125294511.jpg\",\"width\":1080,\"height\":593},{\"@type\":\"BreadcrumbList\",\"@id\":\"https:\\\/\\\/maranhaotv.com.br\\\/index.php\\\/2025\\\/03\\\/27\\\/prefeito-fred-campos-chegara-aos-100-dias-de-governo-com-mais-de-100-acoes-entregues-em-paco-do-lumiar\\\/#breadcrumb\",\"itemListElement\":[{\"@type\":\"ListItem\",\"position\":1,\"name\":\"In\u00edcio\",\"item\":\"https:\\\/\\\/maranhaotv.com.br\\\/\"},{\"@type\":\"ListItem\",\"position\":2,\"name\":\"Prefeito Fred Campos chegar\u00e1 aos 100 dias de governo com mais de 100 a\u00e7\u00f5es entregues em Pa\u00e7o do Lumiar\"}]},{\"@type\":\"WebSite\",\"@id\":\"https:\\\/\\\/maranhaotv.com.br\\\/#website\",\"url\":\"https:\\\/\\\/maranhaotv.com.br\\\/\",\"name\":\"Maranh\u00e3oTV\",\"description\":\"\",\"publisher\":{\"@id\":\"https:\\\/\\\/maranhaotv.com.br\\\/#organization\"},\"potentialAction\":[{\"@type\":\"SearchAction\",\"target\":{\"@type\":\"EntryPoint\",\"urlTemplate\":\"https:\\\/\\\/maranhaotv.com.br\\\/?s={search_term_string}\"},\"query-input\":{\"@type\":\"PropertyValueSpecification\",\"valueRequired\":true,\"valueName\":\"search_term_string\"}}],\"inLanguage\":\"pt-BR\"},{\"@type\":\"Organization\",\"@id\":\"https:\\\/\\\/maranhaotv.com.br\\\/#organization\",\"name\":\"Portal de Not\u00edcias\",\"url\":\"https:\\\/\\\/maranhaotv.com.br\\\/\",\"logo\":{\"@type\":\"ImageObject\",\"inLanguage\":\"pt-BR\",\"@id\":\"https:\\\/\\\/maranhaotv.com.br\\\/#\\\/schema\\\/logo\\\/image\\\/\",\"url\":\"https:\\\/\\\/maranhaotv.com.br\\\/wp-content\\\/uploads\\\/2024\\\/05\\\/cropped-cropped-avatar-1.png\",\"contentUrl\":\"https:\\\/\\\/maranhaotv.com.br\\\/wp-content\\\/uploads\\\/2024\\\/05\\\/cropped-cropped-avatar-1.png\",\"width\":792,\"height\":428,\"caption\":\"Portal de Not\u00edcias\"},\"image\":{\"@id\":\"https:\\\/\\\/maranhaotv.com.br\\\/#\\\/schema\\\/logo\\\/image\\\/\"},\"sameAs\":[\"https:\\\/\\\/www.facebook.com\\\/maiobaotv\",\"https:\\\/\\\/x.com\\\/sitemaranhaotv\",\"https:\\\/\\\/www.instagram.com\\\/maranhao.tv\",\"https:\\\/\\\/www.threads.net\\\/@maranhao.tv\"]},{\"@type\":\"Person\",\"@id\":\"https:\\\/\\\/maranhaotv.com.br\\\/#\\\/schema\\\/person\\\/3d54238e86b20bb5c89ab2fdb8f8829a\",\"name\":\"maranhaotv\",\"image\":{\"@type\":\"ImageObject\",\"inLanguage\":\"pt-BR\",\"@id\":\"https:\\\/\\\/secure.gravatar.com\\\/avatar\\\/8fadbca458d4cb68b1dd399ae9a40618d747bb1af65ac9fad21c89220a143eb4?s=96&d=mm&r=g\",\"url\":\"https:\\\/\\\/secure.gravatar.com\\\/avatar\\\/8fadbca458d4cb68b1dd399ae9a40618d747bb1af65ac9fad21c89220a143eb4?s=96&d=mm&r=g\",\"contentUrl\":\"https:\\\/\\\/secure.gravatar.com\\\/avatar\\\/8fadbca458d4cb68b1dd399ae9a40618d747bb1af65ac9fad21c89220a143eb4?s=96&d=mm&r=g\",\"caption\":\"maranhaotv\"},\"sameAs\":[\"https:\\\/\\\/maranhaotv.com.br\\\/\"],\"url\":\"https:\\\/\\\/maranhaotv.com.br\\\/index.php\\\/author\\\/maranhaotv\\\/\"}]}<\/script>\n<!-- \/ Yoast SEO plugin. -->","yoast_head_json":{"title":"Prefeito Fred Campos chegar\u00e1 aos 100 dias de governo com mais de 100 a\u00e7\u00f5es entregues em Pa\u00e7o do Lumiar - NOT\u00cdCIAS EM TEMPO REAL","robots":{"index":"index","follow":"follow","max-snippet":"max-snippet:-1","max-image-preview":"max-image-preview:large","max-video-preview":"max-video-preview:-1"},"canonical":"https:\/\/maranhaotv.com.br\/index.php\/2025\/03\/27\/prefeito-fred-campos-chegara-aos-100-dias-de-governo-com-mais-de-100-acoes-entregues-em-paco-do-lumiar\/","og_locale":"pt_BR","og_type":"article","og_title":"Prefeito Fred Campos chegar\u00e1 aos 100 dias de governo com mais de 100 a\u00e7\u00f5es entregues em Pa\u00e7o do Lumiar - NOT\u00cdCIAS EM TEMPO REAL","og_description":"No pr\u00f3ximo dia 10 de abril, o prefeito Fred Campos completa seus primeiros 100 dias \u00e0 frente da Prefeitura de","og_url":"https:\/\/maranhaotv.com.br\/index.php\/2025\/03\/27\/prefeito-fred-campos-chegara-aos-100-dias-de-governo-com-mais-de-100-acoes-entregues-em-paco-do-lumiar\/","og_site_name":"NOT\u00cdCIAS EM TEMPO REAL","article_publisher":"https:\/\/www.facebook.com\/maiobaotv","article_published_time":"2025-03-28T01:26:36+00:00","article_modified_time":"2025-03-28T01:29:29+00:00","og_image":[{"width":1080,"height":593,"url":"https:\/\/maranhaotv.com.br\/wp-content\/uploads\/2025\/03\/image_editor_output_image62631833-1743125294511.jpg","type":"image\/jpeg"}],"author":"maranhaotv","twitter_card":"summary_large_image","twitter_creator":"@sitemaranhaotv","twitter_site":"@sitemaranhaotv","twitter_misc":{"Escrito por":"maranhaotv","Est. tempo de leitura":"2 minutos"},"schema":{"@context":"https:\/\/schema.org","@graph":[{"@type":"Article","@id":"https:\/\/maranhaotv.com.br\/index.php\/2025\/03\/27\/prefeito-fred-campos-chegara-aos-100-dias-de-governo-com-mais-de-100-acoes-entregues-em-paco-do-lumiar\/#article","isPartOf":{"@id":"https:\/\/maranhaotv.com.br\/index.php\/2025\/03\/27\/prefeito-fred-campos-chegara-aos-100-dias-de-governo-com-mais-de-100-acoes-entregues-em-paco-do-lumiar\/"},"author":{"name":"maranhaotv","@id":"https:\/\/maranhaotv.com.br\/#\/schema\/person\/3d54238e86b20bb5c89ab2fdb8f8829a"},"headline":"Prefeito Fred Campos chegar\u00e1 aos 100 dias de governo com mais de 100 a\u00e7\u00f5es entregues em Pa\u00e7o do Lumiar","datePublished":"2025-03-28T01:26:36+00:00","dateModified":"2025-03-28T01:29:29+00:00","mainEntityOfPage":{"@id":"https:\/\/maranhaotv.com.br\/index.php\/2025\/03\/27\/prefeito-fred-campos-chegara-aos-100-dias-de-governo-com-mais-de-100-acoes-entregues-em-paco-do-lumiar\/"},"wordCount":369,"commentCount":0,"publisher":{"@id":"https:\/\/maranhaotv.com.br\/#organization"},"image":{"@id":"https:\/\/maranhaotv.com.br\/index.php\/2025\/03\/27\/prefeito-fred-campos-chegara-aos-100-dias-de-governo-com-mais-de-100-acoes-entregues-em-paco-do-lumiar\/#primaryimage"},"thumbnailUrl":"https:\/\/maranhaotv.com.br\/wp-content\/uploads\/2025\/03\/image_editor_output_image62631833-1743125294511.jpg","articleSection":["not\u00edcias"],"inLanguage":"pt-BR","potentialAction":[{"@type":"CommentAction","name":"Comment","target":["https:\/\/maranhaotv.com.br\/index.php\/2025\/03\/27\/prefeito-fred-campos-chegara-aos-100-dias-de-governo-com-mais-de-100-acoes-entregues-em-paco-do-lumiar\/#respond"]}]},{"@type":"WebPage","@id":"https:\/\/maranhaotv.com.br\/index.php\/2025\/03\/27\/prefeito-fred-campos-chegara-aos-100-dias-de-governo-com-mais-de-100-acoes-entregues-em-paco-do-lumiar\/","url":"https:\/\/maranhaotv.com.br\/index.php\/2025\/03\/27\/prefeito-fred-campos-chegara-aos-100-dias-de-governo-com-mais-de-100-acoes-entregues-em-paco-do-lumiar\/","name":"Prefeito Fred Campos chegar\u00e1 aos 100 dias de governo com mais de 100 a\u00e7\u00f5es entregues em Pa\u00e7o do Lumiar - NOT\u00cdCIAS EM TEMPO REAL","isPartOf":{"@id":"https:\/\/maranhaotv.com.br\/#website"},"primaryImageOfPage":{"@id":"https:\/\/maranhaotv.com.br\/index.php\/2025\/03\/27\/prefeito-fred-campos-chegara-aos-100-dias-de-governo-com-mais-de-100-acoes-entregues-em-paco-do-lumiar\/#primaryimage"},"image":{"@id":"https:\/\/maranhaotv.com.br\/index.php\/2025\/03\/27\/prefeito-fred-campos-chegara-aos-100-dias-de-governo-com-mais-de-100-acoes-entregues-em-paco-do-lumiar\/#primaryimage"},"thumbnailUrl":"https:\/\/maranhaotv.com.br\/wp-content\/uploads\/2025\/03\/image_editor_output_image62631833-1743125294511.jpg","datePublished":"2025-03-28T01:26:36+00:00","dateModified":"2025-03-28T01:29:29+00:00","breadcrumb":{"@id":"https:\/\/maranhaotv.com.br\/index.php\/2025\/03\/27\/prefeito-fred-campos-chegara-aos-100-dias-de-governo-com-mais-de-100-acoes-entregues-em-paco-do-lumiar\/#breadcrumb"},"inLanguage":"pt-BR","potentialAction":[{"@type":"ReadAction","target":["https:\/\/maranhaotv.com.br\/index.php\/2025\/03\/27\/prefeito-fred-campos-chegara-aos-100-dias-de-governo-com-mais-de-100-acoes-entregues-em-paco-do-lumiar\/"]}]},{"@type":"ImageObject","inLanguage":"pt-BR","@id":"https:\/\/maranhaotv.com.br\/index.php\/2025\/03\/27\/prefeito-fred-campos-chegara-aos-100-dias-de-governo-com-mais-de-100-acoes-entregues-em-paco-do-lumiar\/#primaryimage","url":"https:\/\/maranhaotv.com.br\/wp-content\/uploads\/2025\/03\/image_editor_output_image62631833-1743125294511.jpg","contentUrl":"https:\/\/maranhaotv.com.br\/wp-content\/uploads\/2025\/03\/image_editor_output_image62631833-1743125294511.jpg","width":1080,"height":593},{"@type":"BreadcrumbList","@id":"https:\/\/maranhaotv.com.br\/index.php\/2025\/03\/27\/prefeito-fred-campos-chegara-aos-100-dias-de-governo-com-mais-de-100-acoes-entregues-em-paco-do-lumiar\/#breadcrumb","itemListElement":[{"@type":"ListItem","position":1,"name":"In\u00edcio","item":"https:\/\/maranhaotv.com.br\/"},{"@type":"ListItem","position":2,"name":"Prefeito Fred Campos chegar\u00e1 aos 100 dias de governo com mais de 100 a\u00e7\u00f5es entregues em Pa\u00e7o do Lumiar"}]},{"@type":"WebSite","@id":"https:\/\/maranhaotv.com.br\/#website","url":"https:\/\/maranhaotv.com.br\/","name":"Maranh\u00e3oTV","description":"","publisher":{"@id":"https:\/\/maranhaotv.com.br\/#organization"},"potentialAction":[{"@type":"SearchAction","target":{"@type":"EntryPoint","urlTemplate":"https:\/\/maranhaotv.com.br\/?s={search_term_string}"},"query-input":{"@type":"PropertyValueSpecification","valueRequired":true,"valueName":"search_term_string"}}],"inLanguage":"pt-BR"},{"@type":"Organization","@id":"https:\/\/maranhaotv.com.br\/#organization","name":"Portal de Not\u00edcias","url":"https:\/\/maranhaotv.com.br\/","logo":{"@type":"ImageObject","inLanguage":"pt-BR","@id":"https:\/\/maranhaotv.com.br\/#\/schema\/logo\/image\/","url":"https:\/\/maranhaotv.com.br\/wp-content\/uploads\/2024\/05\/cropped-cropped-avatar-1.png","contentUrl":"https:\/\/maranhaotv.com.br\/wp-content\/uploads\/2024\/05\/cropped-cropped-avatar-1.png","width":792,"height":428,"caption":"Portal de Not\u00edcias"},"image":{"@id":"https:\/\/maranhaotv.com.br\/#\/schema\/logo\/image\/"},"sameAs":["https:\/\/www.facebook.com\/maiobaotv","https:\/\/x.com\/sitemaranhaotv","https:\/\/www.instagram.com\/maranhao.tv","https:\/\/www.threads.net\/@maranhao.tv"]},{"@type":"Person","@id":"https:\/\/maranhaotv.com.br\/#\/schema\/person\/3d54238e86b20bb5c89ab2fdb8f8829a","name":"maranhaotv","image":{"@type":"ImageObject","inLanguage":"pt-BR","@id":"https:\/\/secure.gravatar.com\/avatar\/8fadbca458d4cb68b1dd399ae9a40618d747bb1af65ac9fad21c89220a143eb4?s=96&d=mm&r=g","url":"https:\/\/secure.gravatar.com\/avatar\/8fadbca458d4cb68b1dd399ae9a40618d747bb1af65ac9fad21c89220a143eb4?s=96&d=mm&r=g","contentUrl":"https:\/\/secure.gravatar.com\/avatar\/8fadbca458d4cb68b1dd399ae9a40618d747bb1af65ac9fad21c89220a143eb4?s=96&d=mm&r=g","caption":"maranhaotv"},"sameAs":["https:\/\/maranhaotv.com.br\/"],"url":"https:\/\/maranhaotv.com.br\/index.php\/author\/maranhaotv\/"}]}},"jetpack_featured_media_url":"https:\/\/maranhaotv.com.br\/wp-content\/uploads\/2025\/03\/image_editor_output_image62631833-1743125294511.jpg","jetpack_sharing_enabled":true,"_links":{"self":[{"href":"https:\/\/maranhaotv.com.br\/index.php\/wp-json\/wp\/v2\/posts\/41053","targetHints":{"allow":["GET"]}}],"collection":[{"href":"https:\/\/maranhaotv.com.br\/index.php\/wp-json\/wp\/v2\/posts"}],"about":[{"href":"https:\/\/maranhaotv.com.br\/index.php\/wp-json\/wp\/v2\/types\/post"}],"author":[{"embeddable":true,"href":"https:\/\/maranhaotv.com.br\/index.php\/wp-json\/wp\/v2\/users\/2"}],"replies":[{"embeddable":true,"href":"https:\/\/maranhaotv.com.br\/index.php\/wp-json\/wp\/v2\/comments?post=41053"}],"version-history":[{"count":4,"href":"https:\/\/maranhaotv.com.br\/index.php\/wp-json\/wp\/v2\/posts\/41053\/revisions"}],"predecessor-version":[{"id":41059,"href":"https:\/\/maranhaotv.com.br\/index.php\/wp-json\/wp\/v2\/posts\/41053\/revisions\/41059"}],"wp:featuredmedia":[{"embeddable":true,"href":"https:\/\/maranhaotv.com.br\/index.php\/wp-json\/wp\/v2\/media\/41056"}],"wp:attachment":[{"href":"https:\/\/maranhaotv.com.br\/index.php\/wp-json\/wp\/v2\/media?parent=41053"}],"wp:term":[{"taxonomy":"category","embeddable":true,"href":"https:\/\/maranhaotv.com.br\/index.php\/wp-json\/wp\/v2\/categories?post=41053"},{"taxonomy":"post_tag","embeddable":true,"href":"https:\/\/maranhaotv.com.br\/index.php\/wp-json\/wp\/v2\/tags?post=41053"}],"curies":[{"name":"wp","href":"https:\/\/api.w.org\/{rel}","templated":true}]}}