{"id":41139,"date":"2025-04-01T09:16:40","date_gmt":"2025-04-01T12:16:40","guid":{"rendered":"https:\/\/maranhaotv.com.br\/?p=41139"},"modified":"2025-04-01T09:18:57","modified_gmt":"2025-04-01T12:18:57","slug":"policia-avanca-na-investigacao-da-morte-de-influenciadora-no-maranhao","status":"publish","type":"post","link":"https:\/\/maranhaotv.com.br\/index.php\/2025\/04\/01\/policia-avanca-na-investigacao-da-morte-de-influenciadora-no-maranhao\/","title":{"rendered":"Pol\u00edcia avan\u00e7a na investiga\u00e7\u00e3o da morte de influenciadora no Maranh\u00e3o"},"content":{"rendered":"\n<p><\/p>\n\n\n\n<p>A pol\u00edcia trabalha para desvendar o caso da influenciadora Adriana Oliveira, que foi assassinada a tiros em Santa Luzia (MA) no \u00faltimo dia 15 de mar\u00e7o. Nesta segunda-feira, 31, novas informa\u00e7\u00f5es foram divulgadas e apontam para poss\u00edveis detalhes do crime.<\/p>\n\n\n\n<p>Na \u00faltima sexta-feira, 28, Jo\u00e3o Batista dos Santos, de 55 anos, foi preso pela pol\u00edcia na cidade de Paraibano, em comprimento de mandado de pris\u00e3o em aberto por um assassinato.<\/p>\n\n\n\n<p>De acordo com o secret\u00e1rio de Seguran\u00e7a P\u00fablica do Maranh\u00e3o, delegado Maur\u00edcio Martins, ind\u00edcios apontam para a participa\u00e7\u00e3o de Jo\u00e3o Batista no crime. Transfer\u00eancias banc\u00e1rias entre o marido e o sogro da v\u00edtima, al\u00e9m do registro de uma conversa telef\u00f4nica entre os tr\u00eas, teriam sido identificadas.<\/p>\n\n\n\n<p>\u201cS\u00e3o transfer\u00eancias banc\u00e1rias dos dois primeiros indiv\u00edduos que foram presos, um dia ap\u00f3s o crime, para a conta de familiares do indiv\u00edduo que foi preso hoje. E, tamb\u00e9m, uma conversa telef\u00f4nica que em certo momento eles preferiram parar a conversa, para manterem o di\u00e1logo de forma presencial, com medo assim de um suposto vazamento, de algu\u00e9m ouvir aquela conversa. Ent\u00e3o, esses s\u00e3o os principais pontos que nos levam a crer da participa\u00e7\u00e3o desse indiv\u00edduo\u201d, disse o delegado.<\/p>\n\n\n\n<p>A pol\u00edcia tamb\u00e9m descobriu que o suspeito \u00e9 acusado de matar outras pessoas com as mesmas caracter\u00edsticas do crime contra a influenciadora. A motiva\u00e7\u00e3o do crime ainda \u00e9 desconhecida, mas a investiga\u00e7\u00e3o est\u00e1 avan\u00e7ada.<\/p>\n\n\n\n<p>\u201cAnos atr\u00e1s, praticou crimes na cidade de Pedreiras. Foram dois homic\u00eddios com caracter\u00edsticas de pistolagem, portanto, j\u00e1 \u00e9 indiv\u00edduo que tem envolvimento com crimes. E, aliados a esses ind\u00edcios, n\u00f3s fizemos uma representa\u00e7\u00e3o pela terceira pris\u00e3o dele, portanto, s\u00e3o tr\u00eas pris\u00f5es que v\u00e3o acontecer. Os dois cumprimentos do mandado de pris\u00e3o pelos crimes de homic\u00eddio da cidade de Pedreiras e mais um agora, da influenciadora Adriana, que n\u00f3s j\u00e1 demos entrada e vamos dar cumprimento tamb\u00e9m.\u201d<\/p>\n","protected":false},"excerpt":{"rendered":"<p>A pol\u00edcia trabalha para desvendar o caso da influenciadora Adriana Oliveira, que foi assassinada a tiros em Santa Luzia (MA)<\/p>\n","protected":false},"author":2,"featured_media":41140,"comment_status":"open","ping_status":"open","sticky":false,"template":"","format":"standard","meta":{"colormag_page_container_layout":"default_layout","colormag_page_sidebar_layout":"default_layout","_jetpack_memberships_contains_paid_content":false,"footnotes":""},"categories":[3],"tags":[],"class_list":["post-41139","post","type-post","status-publish","format-standard","has-post-thumbnail","hentry","category-policial"],"magazineBlocksPostFeaturedMedia":{"thumbnail":"https:\/\/maranhaotv.com.br\/wp-content\/uploads\/2025\/04\/YAMFh4R9bICks3NvjPjRvAXOemcrKs1K4XjeUd2C-150x150.webp","medium":"https:\/\/maranhaotv.com.br\/wp-content\/uploads\/2025\/04\/YAMFh4R9bICks3NvjPjRvAXOemcrKs1K4XjeUd2C-300x151.webp","medium_large":"https:\/\/maranhaotv.com.br\/wp-content\/uploads\/2025\/04\/YAMFh4R9bICks3NvjPjRvAXOemcrKs1K4XjeUd2C-768x386.webp","large":"https:\/\/maranhaotv.com.br\/wp-content\/uploads\/2025\/04\/YAMFh4R9bICks3NvjPjRvAXOemcrKs1K4XjeUd2C-1024x515.webp","1536x1536":"https:\/\/maranhaotv.com.br\/wp-content\/uploads\/2025\/04\/YAMFh4R9bICks3NvjPjRvAXOemcrKs1K4XjeUd2C.webp","2048x2048":"https:\/\/maranhaotv.com.br\/wp-content\/uploads\/2025\/04\/YAMFh4R9bICks3NvjPjRvAXOemcrKs1K4XjeUd2C.webp","colormag-highlighted-post":"https:\/\/maranhaotv.com.br\/wp-content\/uploads\/2025\/04\/YAMFh4R9bICks3NvjPjRvAXOemcrKs1K4XjeUd2C-392x272.webp","colormag-featured-post-medium":"https:\/\/maranhaotv.com.br\/wp-content\/uploads\/2025\/04\/YAMFh4R9bICks3NvjPjRvAXOemcrKs1K4XjeUd2C-390x205.webp","colormag-featured-post-small":"https:\/\/maranhaotv.com.br\/wp-content\/uploads\/2025\/04\/YAMFh4R9bICks3NvjPjRvAXOemcrKs1K4XjeUd2C-130x90.webp","colormag-featured-image":"https:\/\/maranhaotv.com.br\/wp-content\/uploads\/2025\/04\/YAMFh4R9bICks3NvjPjRvAXOemcrKs1K4XjeUd2C-800x445.webp","colormag-default-news":"https:\/\/maranhaotv.com.br\/wp-content\/uploads\/2025\/04\/YAMFh4R9bICks3NvjPjRvAXOemcrKs1K4XjeUd2C-150x150.webp","colormag-featured-image-large":"https:\/\/maranhaotv.com.br\/wp-content\/uploads\/2025\/04\/YAMFh4R9bICks3NvjPjRvAXOemcrKs1K4XjeUd2C-1198x600.webp"},"magazineBlocksPostAuthor":{"name":"maranhaotv","avatar":"https:\/\/secure.gravatar.com\/avatar\/8fadbca458d4cb68b1dd399ae9a40618d747bb1af65ac9fad21c89220a143eb4?s=96&d=mm&r=g"},"magazineBlocksPostCommentsNumber":"0","magazineBlocksPostExcerpt":"A pol\u00edcia trabalha para desvendar o caso da influenciadora Adriana Oliveira, que foi assassinada a tiros em Santa Luzia (MA)","magazineBlocksPostCategories":["policial"],"magazineBlocksPostViewCount":272,"magazineBlocksPostReadTime":2,"magazine_blocks_featured_image_url":{"full":["https:\/\/maranhaotv.com.br\/wp-content\/uploads\/2025\/04\/YAMFh4R9bICks3NvjPjRvAXOemcrKs1K4XjeUd2C.webp",1198,602,false],"medium":["https:\/\/maranhaotv.com.br\/wp-content\/uploads\/2025\/04\/YAMFh4R9bICks3NvjPjRvAXOemcrKs1K4XjeUd2C-300x151.webp",300,151,true],"thumbnail":["https:\/\/maranhaotv.com.br\/wp-content\/uploads\/2025\/04\/YAMFh4R9bICks3NvjPjRvAXOemcrKs1K4XjeUd2C-150x150.webp",150,150,true]},"magazine_blocks_author":{"display_name":"maranhaotv","author_link":"https:\/\/maranhaotv.com.br\/index.php\/author\/maranhaotv\/"},"magazine_blocks_comment":0,"magazine_blocks_author_image":"https:\/\/secure.gravatar.com\/avatar\/8fadbca458d4cb68b1dd399ae9a40618d747bb1af65ac9fad21c89220a143eb4?s=96&d=mm&r=g","magazine_blocks_category":"<a href=\"#\" class=\"category-link category-link-3\">policial<\/a>","yoast_head":"<!-- This site is optimized with the Yoast SEO plugin v27.4 - https:\/\/yoast.com\/product\/yoast-seo-wordpress\/ -->\n<title>Pol\u00edcia avan\u00e7a na investiga\u00e7\u00e3o da morte de influenciadora no Maranh\u00e3o - NOT\u00cdCIAS EM TEMPO REAL<\/title>\n<meta name=\"robots\" content=\"index, follow, max-snippet:-1, max-image-preview:large, max-video-preview:-1\" \/>\n<link rel=\"canonical\" href=\"https:\/\/maranhaotv.com.br\/index.php\/2025\/04\/01\/policia-avanca-na-investigacao-da-morte-de-influenciadora-no-maranhao\/\" \/>\n<meta property=\"og:locale\" content=\"pt_BR\" \/>\n<meta property=\"og:type\" content=\"article\" \/>\n<meta property=\"og:title\" content=\"Pol\u00edcia avan\u00e7a na investiga\u00e7\u00e3o da morte de influenciadora no Maranh\u00e3o - NOT\u00cdCIAS EM TEMPO REAL\" \/>\n<meta property=\"og:description\" content=\"A pol\u00edcia trabalha para desvendar o caso da influenciadora Adriana Oliveira, que foi assassinada a tiros em Santa Luzia (MA)\" \/>\n<meta property=\"og:url\" content=\"https:\/\/maranhaotv.com.br\/index.php\/2025\/04\/01\/policia-avanca-na-investigacao-da-morte-de-influenciadora-no-maranhao\/\" \/>\n<meta property=\"og:site_name\" content=\"NOT\u00cdCIAS EM TEMPO REAL\" \/>\n<meta property=\"article:publisher\" content=\"https:\/\/www.facebook.com\/maiobaotv\" \/>\n<meta property=\"article:published_time\" content=\"2025-04-01T12:16:40+00:00\" \/>\n<meta property=\"article:modified_time\" content=\"2025-04-01T12:18:57+00:00\" \/>\n<meta property=\"og:image\" content=\"https:\/\/maranhaotv.com.br\/wp-content\/uploads\/2025\/04\/YAMFh4R9bICks3NvjPjRvAXOemcrKs1K4XjeUd2C.webp\" \/>\n\t<meta property=\"og:image:width\" content=\"1198\" \/>\n\t<meta property=\"og:image:height\" content=\"602\" \/>\n\t<meta property=\"og:image:type\" content=\"image\/webp\" \/>\n<meta name=\"author\" content=\"maranhaotv\" \/>\n<meta name=\"twitter:card\" content=\"summary_large_image\" \/>\n<meta name=\"twitter:creator\" content=\"@sitemaranhaotv\" \/>\n<meta name=\"twitter:site\" content=\"@sitemaranhaotv\" \/>\n<meta name=\"twitter:label1\" content=\"Escrito por\" \/>\n\t<meta name=\"twitter:data1\" content=\"maranhaotv\" \/>\n\t<meta name=\"twitter:label2\" content=\"Est. tempo de leitura\" \/>\n\t<meta name=\"twitter:data2\" content=\"2 minutos\" \/>\n<script type=\"application\/ld+json\" class=\"yoast-schema-graph\">{\"@context\":\"https:\\\/\\\/schema.org\",\"@graph\":[{\"@type\":\"Article\",\"@id\":\"https:\\\/\\\/maranhaotv.com.br\\\/index.php\\\/2025\\\/04\\\/01\\\/policia-avanca-na-investigacao-da-morte-de-influenciadora-no-maranhao\\\/#article\",\"isPartOf\":{\"@id\":\"https:\\\/\\\/maranhaotv.com.br\\\/index.php\\\/2025\\\/04\\\/01\\\/policia-avanca-na-investigacao-da-morte-de-influenciadora-no-maranhao\\\/\"},\"author\":{\"name\":\"maranhaotv\",\"@id\":\"https:\\\/\\\/maranhaotv.com.br\\\/#\\\/schema\\\/person\\\/3d54238e86b20bb5c89ab2fdb8f8829a\"},\"headline\":\"Pol\u00edcia avan\u00e7a na investiga\u00e7\u00e3o da morte de influenciadora no Maranh\u00e3o\",\"datePublished\":\"2025-04-01T12:16:40+00:00\",\"dateModified\":\"2025-04-01T12:18:57+00:00\",\"mainEntityOfPage\":{\"@id\":\"https:\\\/\\\/maranhaotv.com.br\\\/index.php\\\/2025\\\/04\\\/01\\\/policia-avanca-na-investigacao-da-morte-de-influenciadora-no-maranhao\\\/\"},\"wordCount\":367,\"commentCount\":0,\"publisher\":{\"@id\":\"https:\\\/\\\/maranhaotv.com.br\\\/#organization\"},\"image\":{\"@id\":\"https:\\\/\\\/maranhaotv.com.br\\\/index.php\\\/2025\\\/04\\\/01\\\/policia-avanca-na-investigacao-da-morte-de-influenciadora-no-maranhao\\\/#primaryimage\"},\"thumbnailUrl\":\"https:\\\/\\\/maranhaotv.com.br\\\/wp-content\\\/uploads\\\/2025\\\/04\\\/YAMFh4R9bICks3NvjPjRvAXOemcrKs1K4XjeUd2C.webp\",\"articleSection\":[\"policial\"],\"inLanguage\":\"pt-BR\",\"potentialAction\":[{\"@type\":\"CommentAction\",\"name\":\"Comment\",\"target\":[\"https:\\\/\\\/maranhaotv.com.br\\\/index.php\\\/2025\\\/04\\\/01\\\/policia-avanca-na-investigacao-da-morte-de-influenciadora-no-maranhao\\\/#respond\"]}]},{\"@type\":\"WebPage\",\"@id\":\"https:\\\/\\\/maranhaotv.com.br\\\/index.php\\\/2025\\\/04\\\/01\\\/policia-avanca-na-investigacao-da-morte-de-influenciadora-no-maranhao\\\/\",\"url\":\"https:\\\/\\\/maranhaotv.com.br\\\/index.php\\\/2025\\\/04\\\/01\\\/policia-avanca-na-investigacao-da-morte-de-influenciadora-no-maranhao\\\/\",\"name\":\"Pol\u00edcia avan\u00e7a na investiga\u00e7\u00e3o da morte de influenciadora no Maranh\u00e3o - NOT\u00cdCIAS EM TEMPO REAL\",\"isPartOf\":{\"@id\":\"https:\\\/\\\/maranhaotv.com.br\\\/#website\"},\"primaryImageOfPage\":{\"@id\":\"https:\\\/\\\/maranhaotv.com.br\\\/index.php\\\/2025\\\/04\\\/01\\\/policia-avanca-na-investigacao-da-morte-de-influenciadora-no-maranhao\\\/#primaryimage\"},\"image\":{\"@id\":\"https:\\\/\\\/maranhaotv.com.br\\\/index.php\\\/2025\\\/04\\\/01\\\/policia-avanca-na-investigacao-da-morte-de-influenciadora-no-maranhao\\\/#primaryimage\"},\"thumbnailUrl\":\"https:\\\/\\\/maranhaotv.com.br\\\/wp-content\\\/uploads\\\/2025\\\/04\\\/YAMFh4R9bICks3NvjPjRvAXOemcrKs1K4XjeUd2C.webp\",\"datePublished\":\"2025-04-01T12:16:40+00:00\",\"dateModified\":\"2025-04-01T12:18:57+00:00\",\"breadcrumb\":{\"@id\":\"https:\\\/\\\/maranhaotv.com.br\\\/index.php\\\/2025\\\/04\\\/01\\\/policia-avanca-na-investigacao-da-morte-de-influenciadora-no-maranhao\\\/#breadcrumb\"},\"inLanguage\":\"pt-BR\",\"potentialAction\":[{\"@type\":\"ReadAction\",\"target\":[\"https:\\\/\\\/maranhaotv.com.br\\\/index.php\\\/2025\\\/04\\\/01\\\/policia-avanca-na-investigacao-da-morte-de-influenciadora-no-maranhao\\\/\"]}]},{\"@type\":\"ImageObject\",\"inLanguage\":\"pt-BR\",\"@id\":\"https:\\\/\\\/maranhaotv.com.br\\\/index.php\\\/2025\\\/04\\\/01\\\/policia-avanca-na-investigacao-da-morte-de-influenciadora-no-maranhao\\\/#primaryimage\",\"url\":\"https:\\\/\\\/maranhaotv.com.br\\\/wp-content\\\/uploads\\\/2025\\\/04\\\/YAMFh4R9bICks3NvjPjRvAXOemcrKs1K4XjeUd2C.webp\",\"contentUrl\":\"https:\\\/\\\/maranhaotv.com.br\\\/wp-content\\\/uploads\\\/2025\\\/04\\\/YAMFh4R9bICks3NvjPjRvAXOemcrKs1K4XjeUd2C.webp\",\"width\":1198,\"height\":602},{\"@type\":\"BreadcrumbList\",\"@id\":\"https:\\\/\\\/maranhaotv.com.br\\\/index.php\\\/2025\\\/04\\\/01\\\/policia-avanca-na-investigacao-da-morte-de-influenciadora-no-maranhao\\\/#breadcrumb\",\"itemListElement\":[{\"@type\":\"ListItem\",\"position\":1,\"name\":\"In\u00edcio\",\"item\":\"https:\\\/\\\/maranhaotv.com.br\\\/\"},{\"@type\":\"ListItem\",\"position\":2,\"name\":\"Pol\u00edcia avan\u00e7a na investiga\u00e7\u00e3o da morte de influenciadora no Maranh\u00e3o\"}]},{\"@type\":\"WebSite\",\"@id\":\"https:\\\/\\\/maranhaotv.com.br\\\/#website\",\"url\":\"https:\\\/\\\/maranhaotv.com.br\\\/\",\"name\":\"Maranh\u00e3oTV\",\"description\":\"\",\"publisher\":{\"@id\":\"https:\\\/\\\/maranhaotv.com.br\\\/#organization\"},\"potentialAction\":[{\"@type\":\"SearchAction\",\"target\":{\"@type\":\"EntryPoint\",\"urlTemplate\":\"https:\\\/\\\/maranhaotv.com.br\\\/?s={search_term_string}\"},\"query-input\":{\"@type\":\"PropertyValueSpecification\",\"valueRequired\":true,\"valueName\":\"search_term_string\"}}],\"inLanguage\":\"pt-BR\"},{\"@type\":\"Organization\",\"@id\":\"https:\\\/\\\/maranhaotv.com.br\\\/#organization\",\"name\":\"Portal de Not\u00edcias\",\"url\":\"https:\\\/\\\/maranhaotv.com.br\\\/\",\"logo\":{\"@type\":\"ImageObject\",\"inLanguage\":\"pt-BR\",\"@id\":\"https:\\\/\\\/maranhaotv.com.br\\\/#\\\/schema\\\/logo\\\/image\\\/\",\"url\":\"https:\\\/\\\/maranhaotv.com.br\\\/wp-content\\\/uploads\\\/2024\\\/05\\\/cropped-cropped-avatar-1.png\",\"contentUrl\":\"https:\\\/\\\/maranhaotv.com.br\\\/wp-content\\\/uploads\\\/2024\\\/05\\\/cropped-cropped-avatar-1.png\",\"width\":792,\"height\":428,\"caption\":\"Portal de Not\u00edcias\"},\"image\":{\"@id\":\"https:\\\/\\\/maranhaotv.com.br\\\/#\\\/schema\\\/logo\\\/image\\\/\"},\"sameAs\":[\"https:\\\/\\\/www.facebook.com\\\/maiobaotv\",\"https:\\\/\\\/x.com\\\/sitemaranhaotv\",\"https:\\\/\\\/www.instagram.com\\\/maranhao.tv\",\"https:\\\/\\\/www.threads.net\\\/@maranhao.tv\"]},{\"@type\":\"Person\",\"@id\":\"https:\\\/\\\/maranhaotv.com.br\\\/#\\\/schema\\\/person\\\/3d54238e86b20bb5c89ab2fdb8f8829a\",\"name\":\"maranhaotv\",\"image\":{\"@type\":\"ImageObject\",\"inLanguage\":\"pt-BR\",\"@id\":\"https:\\\/\\\/secure.gravatar.com\\\/avatar\\\/8fadbca458d4cb68b1dd399ae9a40618d747bb1af65ac9fad21c89220a143eb4?s=96&d=mm&r=g\",\"url\":\"https:\\\/\\\/secure.gravatar.com\\\/avatar\\\/8fadbca458d4cb68b1dd399ae9a40618d747bb1af65ac9fad21c89220a143eb4?s=96&d=mm&r=g\",\"contentUrl\":\"https:\\\/\\\/secure.gravatar.com\\\/avatar\\\/8fadbca458d4cb68b1dd399ae9a40618d747bb1af65ac9fad21c89220a143eb4?s=96&d=mm&r=g\",\"caption\":\"maranhaotv\"},\"sameAs\":[\"https:\\\/\\\/maranhaotv.com.br\\\/\"],\"url\":\"https:\\\/\\\/maranhaotv.com.br\\\/index.php\\\/author\\\/maranhaotv\\\/\"}]}<\/script>\n<!-- \/ Yoast SEO plugin. -->","yoast_head_json":{"title":"Pol\u00edcia avan\u00e7a na investiga\u00e7\u00e3o da morte de influenciadora no Maranh\u00e3o - NOT\u00cdCIAS EM TEMPO REAL","robots":{"index":"index","follow":"follow","max-snippet":"max-snippet:-1","max-image-preview":"max-image-preview:large","max-video-preview":"max-video-preview:-1"},"canonical":"https:\/\/maranhaotv.com.br\/index.php\/2025\/04\/01\/policia-avanca-na-investigacao-da-morte-de-influenciadora-no-maranhao\/","og_locale":"pt_BR","og_type":"article","og_title":"Pol\u00edcia avan\u00e7a na investiga\u00e7\u00e3o da morte de influenciadora no Maranh\u00e3o - NOT\u00cdCIAS EM TEMPO REAL","og_description":"A pol\u00edcia trabalha para desvendar o caso da influenciadora Adriana Oliveira, que foi assassinada a tiros em Santa Luzia (MA)","og_url":"https:\/\/maranhaotv.com.br\/index.php\/2025\/04\/01\/policia-avanca-na-investigacao-da-morte-de-influenciadora-no-maranhao\/","og_site_name":"NOT\u00cdCIAS EM TEMPO REAL","article_publisher":"https:\/\/www.facebook.com\/maiobaotv","article_published_time":"2025-04-01T12:16:40+00:00","article_modified_time":"2025-04-01T12:18:57+00:00","og_image":[{"width":1198,"height":602,"url":"https:\/\/maranhaotv.com.br\/wp-content\/uploads\/2025\/04\/YAMFh4R9bICks3NvjPjRvAXOemcrKs1K4XjeUd2C.webp","type":"image\/webp"}],"author":"maranhaotv","twitter_card":"summary_large_image","twitter_creator":"@sitemaranhaotv","twitter_site":"@sitemaranhaotv","twitter_misc":{"Escrito por":"maranhaotv","Est. tempo de leitura":"2 minutos"},"schema":{"@context":"https:\/\/schema.org","@graph":[{"@type":"Article","@id":"https:\/\/maranhaotv.com.br\/index.php\/2025\/04\/01\/policia-avanca-na-investigacao-da-morte-de-influenciadora-no-maranhao\/#article","isPartOf":{"@id":"https:\/\/maranhaotv.com.br\/index.php\/2025\/04\/01\/policia-avanca-na-investigacao-da-morte-de-influenciadora-no-maranhao\/"},"author":{"name":"maranhaotv","@id":"https:\/\/maranhaotv.com.br\/#\/schema\/person\/3d54238e86b20bb5c89ab2fdb8f8829a"},"headline":"Pol\u00edcia avan\u00e7a na investiga\u00e7\u00e3o da morte de influenciadora no Maranh\u00e3o","datePublished":"2025-04-01T12:16:40+00:00","dateModified":"2025-04-01T12:18:57+00:00","mainEntityOfPage":{"@id":"https:\/\/maranhaotv.com.br\/index.php\/2025\/04\/01\/policia-avanca-na-investigacao-da-morte-de-influenciadora-no-maranhao\/"},"wordCount":367,"commentCount":0,"publisher":{"@id":"https:\/\/maranhaotv.com.br\/#organization"},"image":{"@id":"https:\/\/maranhaotv.com.br\/index.php\/2025\/04\/01\/policia-avanca-na-investigacao-da-morte-de-influenciadora-no-maranhao\/#primaryimage"},"thumbnailUrl":"https:\/\/maranhaotv.com.br\/wp-content\/uploads\/2025\/04\/YAMFh4R9bICks3NvjPjRvAXOemcrKs1K4XjeUd2C.webp","articleSection":["policial"],"inLanguage":"pt-BR","potentialAction":[{"@type":"CommentAction","name":"Comment","target":["https:\/\/maranhaotv.com.br\/index.php\/2025\/04\/01\/policia-avanca-na-investigacao-da-morte-de-influenciadora-no-maranhao\/#respond"]}]},{"@type":"WebPage","@id":"https:\/\/maranhaotv.com.br\/index.php\/2025\/04\/01\/policia-avanca-na-investigacao-da-morte-de-influenciadora-no-maranhao\/","url":"https:\/\/maranhaotv.com.br\/index.php\/2025\/04\/01\/policia-avanca-na-investigacao-da-morte-de-influenciadora-no-maranhao\/","name":"Pol\u00edcia avan\u00e7a na investiga\u00e7\u00e3o da morte de influenciadora no Maranh\u00e3o - NOT\u00cdCIAS EM TEMPO REAL","isPartOf":{"@id":"https:\/\/maranhaotv.com.br\/#website"},"primaryImageOfPage":{"@id":"https:\/\/maranhaotv.com.br\/index.php\/2025\/04\/01\/policia-avanca-na-investigacao-da-morte-de-influenciadora-no-maranhao\/#primaryimage"},"image":{"@id":"https:\/\/maranhaotv.com.br\/index.php\/2025\/04\/01\/policia-avanca-na-investigacao-da-morte-de-influenciadora-no-maranhao\/#primaryimage"},"thumbnailUrl":"https:\/\/maranhaotv.com.br\/wp-content\/uploads\/2025\/04\/YAMFh4R9bICks3NvjPjRvAXOemcrKs1K4XjeUd2C.webp","datePublished":"2025-04-01T12:16:40+00:00","dateModified":"2025-04-01T12:18:57+00:00","breadcrumb":{"@id":"https:\/\/maranhaotv.com.br\/index.php\/2025\/04\/01\/policia-avanca-na-investigacao-da-morte-de-influenciadora-no-maranhao\/#breadcrumb"},"inLanguage":"pt-BR","potentialAction":[{"@type":"ReadAction","target":["https:\/\/maranhaotv.com.br\/index.php\/2025\/04\/01\/policia-avanca-na-investigacao-da-morte-de-influenciadora-no-maranhao\/"]}]},{"@type":"ImageObject","inLanguage":"pt-BR","@id":"https:\/\/maranhaotv.com.br\/index.php\/2025\/04\/01\/policia-avanca-na-investigacao-da-morte-de-influenciadora-no-maranhao\/#primaryimage","url":"https:\/\/maranhaotv.com.br\/wp-content\/uploads\/2025\/04\/YAMFh4R9bICks3NvjPjRvAXOemcrKs1K4XjeUd2C.webp","contentUrl":"https:\/\/maranhaotv.com.br\/wp-content\/uploads\/2025\/04\/YAMFh4R9bICks3NvjPjRvAXOemcrKs1K4XjeUd2C.webp","width":1198,"height":602},{"@type":"BreadcrumbList","@id":"https:\/\/maranhaotv.com.br\/index.php\/2025\/04\/01\/policia-avanca-na-investigacao-da-morte-de-influenciadora-no-maranhao\/#breadcrumb","itemListElement":[{"@type":"ListItem","position":1,"name":"In\u00edcio","item":"https:\/\/maranhaotv.com.br\/"},{"@type":"ListItem","position":2,"name":"Pol\u00edcia avan\u00e7a na investiga\u00e7\u00e3o da morte de influenciadora no Maranh\u00e3o"}]},{"@type":"WebSite","@id":"https:\/\/maranhaotv.com.br\/#website","url":"https:\/\/maranhaotv.com.br\/","name":"Maranh\u00e3oTV","description":"","publisher":{"@id":"https:\/\/maranhaotv.com.br\/#organization"},"potentialAction":[{"@type":"SearchAction","target":{"@type":"EntryPoint","urlTemplate":"https:\/\/maranhaotv.com.br\/?s={search_term_string}"},"query-input":{"@type":"PropertyValueSpecification","valueRequired":true,"valueName":"search_term_string"}}],"inLanguage":"pt-BR"},{"@type":"Organization","@id":"https:\/\/maranhaotv.com.br\/#organization","name":"Portal de Not\u00edcias","url":"https:\/\/maranhaotv.com.br\/","logo":{"@type":"ImageObject","inLanguage":"pt-BR","@id":"https:\/\/maranhaotv.com.br\/#\/schema\/logo\/image\/","url":"https:\/\/maranhaotv.com.br\/wp-content\/uploads\/2024\/05\/cropped-cropped-avatar-1.png","contentUrl":"https:\/\/maranhaotv.com.br\/wp-content\/uploads\/2024\/05\/cropped-cropped-avatar-1.png","width":792,"height":428,"caption":"Portal de Not\u00edcias"},"image":{"@id":"https:\/\/maranhaotv.com.br\/#\/schema\/logo\/image\/"},"sameAs":["https:\/\/www.facebook.com\/maiobaotv","https:\/\/x.com\/sitemaranhaotv","https:\/\/www.instagram.com\/maranhao.tv","https:\/\/www.threads.net\/@maranhao.tv"]},{"@type":"Person","@id":"https:\/\/maranhaotv.com.br\/#\/schema\/person\/3d54238e86b20bb5c89ab2fdb8f8829a","name":"maranhaotv","image":{"@type":"ImageObject","inLanguage":"pt-BR","@id":"https:\/\/secure.gravatar.com\/avatar\/8fadbca458d4cb68b1dd399ae9a40618d747bb1af65ac9fad21c89220a143eb4?s=96&d=mm&r=g","url":"https:\/\/secure.gravatar.com\/avatar\/8fadbca458d4cb68b1dd399ae9a40618d747bb1af65ac9fad21c89220a143eb4?s=96&d=mm&r=g","contentUrl":"https:\/\/secure.gravatar.com\/avatar\/8fadbca458d4cb68b1dd399ae9a40618d747bb1af65ac9fad21c89220a143eb4?s=96&d=mm&r=g","caption":"maranhaotv"},"sameAs":["https:\/\/maranhaotv.com.br\/"],"url":"https:\/\/maranhaotv.com.br\/index.php\/author\/maranhaotv\/"}]}},"jetpack_featured_media_url":"https:\/\/maranhaotv.com.br\/wp-content\/uploads\/2025\/04\/YAMFh4R9bICks3NvjPjRvAXOemcrKs1K4XjeUd2C.webp","jetpack_sharing_enabled":true,"_links":{"self":[{"href":"https:\/\/maranhaotv.com.br\/index.php\/wp-json\/wp\/v2\/posts\/41139","targetHints":{"allow":["GET"]}}],"collection":[{"href":"https:\/\/maranhaotv.com.br\/index.php\/wp-json\/wp\/v2\/posts"}],"about":[{"href":"https:\/\/maranhaotv.com.br\/index.php\/wp-json\/wp\/v2\/types\/post"}],"author":[{"embeddable":true,"href":"https:\/\/maranhaotv.com.br\/index.php\/wp-json\/wp\/v2\/users\/2"}],"replies":[{"embeddable":true,"href":"https:\/\/maranhaotv.com.br\/index.php\/wp-json\/wp\/v2\/comments?post=41139"}],"version-history":[{"count":1,"href":"https:\/\/maranhaotv.com.br\/index.php\/wp-json\/wp\/v2\/posts\/41139\/revisions"}],"predecessor-version":[{"id":41141,"href":"https:\/\/maranhaotv.com.br\/index.php\/wp-json\/wp\/v2\/posts\/41139\/revisions\/41141"}],"wp:featuredmedia":[{"embeddable":true,"href":"https:\/\/maranhaotv.com.br\/index.php\/wp-json\/wp\/v2\/media\/41140"}],"wp:attachment":[{"href":"https:\/\/maranhaotv.com.br\/index.php\/wp-json\/wp\/v2\/media?parent=41139"}],"wp:term":[{"taxonomy":"category","embeddable":true,"href":"https:\/\/maranhaotv.com.br\/index.php\/wp-json\/wp\/v2\/categories?post=41139"},{"taxonomy":"post_tag","embeddable":true,"href":"https:\/\/maranhaotv.com.br\/index.php\/wp-json\/wp\/v2\/tags?post=41139"}],"curies":[{"name":"wp","href":"https:\/\/api.w.org\/{rel}","templated":true}]}}