{"id":41191,"date":"2025-04-02T17:04:47","date_gmt":"2025-04-02T20:04:47","guid":{"rendered":"https:\/\/maranhaotv.com.br\/?p=41191"},"modified":"2025-04-02T17:05:41","modified_gmt":"2025-04-02T20:05:41","slug":"em-brasilia-felipe-camarao-debate-com-agu-sobre-desbloqueio-de-seguro-defeso-de-2015-para-pescadores-artesanais-do-maranhao","status":"publish","type":"post","link":"https:\/\/maranhaotv.com.br\/index.php\/2025\/04\/02\/em-brasilia-felipe-camarao-debate-com-agu-sobre-desbloqueio-de-seguro-defeso-de-2015-para-pescadores-artesanais-do-maranhao\/","title":{"rendered":"Em Bras\u00edlia, Felipe Camar\u00e3o debate com AGU sobre desbloqueio de seguro defeso de 2015, para pescadores artesanais do Maranh\u00e3o"},"content":{"rendered":"\n<p><br><br>O vice-governador do Maranh\u00e3o, Felipe Camar\u00e3o, esteve nesta quarta-feira (02), em Bras\u00edlia, reunido com representantes da Advocacia-Geral da Uni\u00e3o (AGU), para tratar sobre o pagamento do Seguro Defeso a mais de 60 mil pescadores do Maranh\u00e3o, que tiveram seu direito a esse benef\u00edcio bloqueado, referente ao bi\u00eanio 2015\/2016.<br><br>O acordo foi firmado judicialmente entre a Uni\u00e3o, o Instituto Nacional de Seguro Social (INSS) e a Confedera\u00e7\u00e3o Nacional dos Pescadores e Aquicultores (CNP), garantindo o pagamento do Seguro Defeso a todos os pescadores do Brasil.<br><br>No Maranh\u00e3o, entre a\u00e7\u00f5es judiciais individuais e coletivas em andamento, o montante de profissionais que aguardam a libera\u00e7\u00e3o desse benef\u00edcio chega a mais de 60 mil pescadores artesanais. Para o vice-governador Felipe Camar\u00e3o, a viabiliza\u00e7\u00e3o desse pagamento \u00e9 uma conquista para a categoria, que h\u00e1 anos espera essa decis\u00e3o.<br><br>\u201cA pedido de entidades representativas dos pescadores artesanais, vim acompanhar de perto o andamento sobre o seguro defeso de 2015 que ainda se encontra bloqueado. Recebi todas as informa\u00e7\u00f5es t\u00e9cnicas da Procuradoria-Geral Federal que est\u00e1 cuidando desse caso e, em breve, milhares de pescadores e pescadoras do Maranh\u00e3o que foram prejudicados, receber\u00e3o seus direitos&#8221;, destacou o vice-governador. <br> <br><br>&#8220;Eu fico muito feliz de estar trabalhando novamente com o Felipe Camar\u00e3o, pois conhe\u00e7o seu esp\u00edrito p\u00fablico e \u00e9 muito bom saber que a gente vai poder finalmente entregar esse direito a quem tem direito. Isso j\u00e1 foi reconhecido pelo Governo, em um acordo aqui no \u00e2mbito da Advocacia-Geral da Uni\u00e3o e agora a gente est\u00e1 finalizando as quest\u00f5es jur\u00eddicas para que quem tenha direito possa receber no menor espa\u00e7o de tempo possivel. E \u00e9 muito bom saber que podemos contar com o apoio do estado do Maranh\u00e3o para isso&#8221;, declarou a Procuradora-Geral Federal, Adriana Venturini.<\/p>\n\n\n\n<figure class=\"wp-block-image size-large\"><img loading=\"lazy\" decoding=\"async\" width=\"1024\" height=\"800\" src=\"https:\/\/maranhaotv.com.br\/wp-content\/uploads\/2025\/04\/img-20250402-wa01252327382254730219993-1024x800.jpg\" alt=\"\" class=\"wp-image-41189\" srcset=\"https:\/\/maranhaotv.com.br\/wp-content\/uploads\/2025\/04\/img-20250402-wa01252327382254730219993-1024x800.jpg 1024w, https:\/\/maranhaotv.com.br\/wp-content\/uploads\/2025\/04\/img-20250402-wa01252327382254730219993-300x234.jpg 300w, https:\/\/maranhaotv.com.br\/wp-content\/uploads\/2025\/04\/img-20250402-wa01252327382254730219993-768x600.jpg 768w, https:\/\/maranhaotv.com.br\/wp-content\/uploads\/2025\/04\/img-20250402-wa01252327382254730219993-1536x1200.jpg 1536w, https:\/\/maranhaotv.com.br\/wp-content\/uploads\/2025\/04\/img-20250402-wa01252327382254730219993.jpg 1999w\" sizes=\"auto, (max-width: 1024px) 100vw, 1024px\" \/><\/figure>\n","protected":false},"excerpt":{"rendered":"<p>O vice-governador do Maranh\u00e3o, Felipe Camar\u00e3o, esteve nesta quarta-feira (02), em Bras\u00edlia, reunido com representantes da Advocacia-Geral da Uni\u00e3o (AGU),<\/p>\n","protected":false},"author":2,"featured_media":41190,"comment_status":"open","ping_status":"open","sticky":false,"template":"","format":"standard","meta":{"colormag_page_container_layout":"default_layout","colormag_page_sidebar_layout":"default_layout","_jetpack_memberships_contains_paid_content":false,"footnotes":""},"categories":[6],"tags":[352],"class_list":["post-41191","post","type-post","status-publish","format-standard","has-post-thumbnail","hentry","category-politica","tag-felipe-camarao"],"magazineBlocksPostFeaturedMedia":{"thumbnail":"https:\/\/maranhaotv.com.br\/wp-content\/uploads\/2025\/04\/image_editor_output_image1843080190-1743624296378-150x150.jpg","medium":"https:\/\/maranhaotv.com.br\/wp-content\/uploads\/2025\/04\/image_editor_output_image1843080190-1743624296378-300x171.jpg","medium_large":"https:\/\/maranhaotv.com.br\/wp-content\/uploads\/2025\/04\/image_editor_output_image1843080190-1743624296378-768x437.jpg","large":"https:\/\/maranhaotv.com.br\/wp-content\/uploads\/2025\/04\/image_editor_output_image1843080190-1743624296378-1024x583.jpg","1536x1536":"https:\/\/maranhaotv.com.br\/wp-content\/uploads\/2025\/04\/image_editor_output_image1843080190-1743624296378-1536x875.jpg","2048x2048":"https:\/\/maranhaotv.com.br\/wp-content\/uploads\/2025\/04\/image_editor_output_image1843080190-1743624296378-2048x1166.jpg","colormag-highlighted-post":"https:\/\/maranhaotv.com.br\/wp-content\/uploads\/2025\/04\/image_editor_output_image1843080190-1743624296378-392x272.jpg","colormag-featured-post-medium":"https:\/\/maranhaotv.com.br\/wp-content\/uploads\/2025\/04\/image_editor_output_image1843080190-1743624296378-390x205.jpg","colormag-featured-post-small":"https:\/\/maranhaotv.com.br\/wp-content\/uploads\/2025\/04\/image_editor_output_image1843080190-1743624296378-130x90.jpg","colormag-featured-image":"https:\/\/maranhaotv.com.br\/wp-content\/uploads\/2025\/04\/image_editor_output_image1843080190-1743624296378-800x445.jpg","colormag-default-news":"https:\/\/maranhaotv.com.br\/wp-content\/uploads\/2025\/04\/image_editor_output_image1843080190-1743624296378-150x150.jpg","colormag-featured-image-large":"https:\/\/maranhaotv.com.br\/wp-content\/uploads\/2025\/04\/image_editor_output_image1843080190-1743624296378-1400x600.jpg"},"magazineBlocksPostAuthor":{"name":"maranhaotv","avatar":"https:\/\/secure.gravatar.com\/avatar\/8fadbca458d4cb68b1dd399ae9a40618d747bb1af65ac9fad21c89220a143eb4?s=96&d=mm&r=g"},"magazineBlocksPostCommentsNumber":"0","magazineBlocksPostExcerpt":"O vice-governador do Maranh\u00e3o, Felipe Camar\u00e3o, esteve nesta quarta-feira (02), em Bras\u00edlia, reunido com representantes da Advocacia-Geral da Uni\u00e3o (AGU),","magazineBlocksPostCategories":["pol\u00edtica"],"magazineBlocksPostViewCount":538,"magazineBlocksPostReadTime":2,"magazine_blocks_featured_image_url":{"full":["https:\/\/maranhaotv.com.br\/wp-content\/uploads\/2025\/04\/image_editor_output_image1843080190-1743624296378-scaled.jpg",2560,1458,false],"medium":["https:\/\/maranhaotv.com.br\/wp-content\/uploads\/2025\/04\/image_editor_output_image1843080190-1743624296378-300x171.jpg",300,171,true],"thumbnail":["https:\/\/maranhaotv.com.br\/wp-content\/uploads\/2025\/04\/image_editor_output_image1843080190-1743624296378-150x150.jpg",150,150,true]},"magazine_blocks_author":{"display_name":"maranhaotv","author_link":"https:\/\/maranhaotv.com.br\/index.php\/author\/maranhaotv\/"},"magazine_blocks_comment":0,"magazine_blocks_author_image":"https:\/\/secure.gravatar.com\/avatar\/8fadbca458d4cb68b1dd399ae9a40618d747bb1af65ac9fad21c89220a143eb4?s=96&d=mm&r=g","magazine_blocks_category":"<a href=\"#\" class=\"category-link category-link-6\">pol\u00edtica<\/a>","yoast_head":"<!-- This site is optimized with the Yoast SEO plugin v27.4 - https:\/\/yoast.com\/product\/yoast-seo-wordpress\/ -->\n<title>Em Bras\u00edlia, Felipe Camar\u00e3o debate com AGU sobre desbloqueio de seguro defeso de 2015, para pescadores artesanais do Maranh\u00e3o - NOT\u00cdCIAS EM TEMPO REAL<\/title>\n<meta name=\"robots\" content=\"index, follow, max-snippet:-1, max-image-preview:large, max-video-preview:-1\" \/>\n<link rel=\"canonical\" href=\"https:\/\/maranhaotv.com.br\/index.php\/2025\/04\/02\/em-brasilia-felipe-camarao-debate-com-agu-sobre-desbloqueio-de-seguro-defeso-de-2015-para-pescadores-artesanais-do-maranhao\/\" \/>\n<meta property=\"og:locale\" content=\"pt_BR\" \/>\n<meta property=\"og:type\" content=\"article\" \/>\n<meta property=\"og:title\" content=\"Em Bras\u00edlia, Felipe Camar\u00e3o debate com AGU sobre desbloqueio de seguro defeso de 2015, para pescadores artesanais do Maranh\u00e3o - NOT\u00cdCIAS EM TEMPO REAL\" \/>\n<meta property=\"og:description\" content=\"O vice-governador do Maranh\u00e3o, Felipe Camar\u00e3o, esteve nesta quarta-feira (02), em Bras\u00edlia, reunido com representantes da Advocacia-Geral da Uni\u00e3o (AGU),\" \/>\n<meta property=\"og:url\" content=\"https:\/\/maranhaotv.com.br\/index.php\/2025\/04\/02\/em-brasilia-felipe-camarao-debate-com-agu-sobre-desbloqueio-de-seguro-defeso-de-2015-para-pescadores-artesanais-do-maranhao\/\" \/>\n<meta property=\"og:site_name\" content=\"NOT\u00cdCIAS EM TEMPO REAL\" \/>\n<meta property=\"article:publisher\" content=\"https:\/\/www.facebook.com\/maiobaotv\" \/>\n<meta property=\"article:published_time\" content=\"2025-04-02T20:04:47+00:00\" \/>\n<meta property=\"article:modified_time\" content=\"2025-04-02T20:05:41+00:00\" \/>\n<meta property=\"og:image\" content=\"https:\/\/maranhaotv.com.br\/wp-content\/uploads\/2025\/04\/image_editor_output_image1843080190-1743624296378-scaled.jpg\" \/>\n\t<meta property=\"og:image:width\" content=\"2560\" \/>\n\t<meta property=\"og:image:height\" content=\"1458\" \/>\n\t<meta property=\"og:image:type\" content=\"image\/jpeg\" \/>\n<meta name=\"author\" content=\"maranhaotv\" \/>\n<meta name=\"twitter:card\" content=\"summary_large_image\" \/>\n<meta name=\"twitter:creator\" content=\"@sitemaranhaotv\" \/>\n<meta name=\"twitter:site\" content=\"@sitemaranhaotv\" \/>\n<meta name=\"twitter:label1\" content=\"Escrito por\" \/>\n\t<meta name=\"twitter:data1\" content=\"maranhaotv\" \/>\n\t<meta name=\"twitter:label2\" content=\"Est. tempo de leitura\" \/>\n\t<meta name=\"twitter:data2\" content=\"2 minutos\" \/>\n<script type=\"application\/ld+json\" class=\"yoast-schema-graph\">{\"@context\":\"https:\\\/\\\/schema.org\",\"@graph\":[{\"@type\":\"Article\",\"@id\":\"https:\\\/\\\/maranhaotv.com.br\\\/index.php\\\/2025\\\/04\\\/02\\\/em-brasilia-felipe-camarao-debate-com-agu-sobre-desbloqueio-de-seguro-defeso-de-2015-para-pescadores-artesanais-do-maranhao\\\/#article\",\"isPartOf\":{\"@id\":\"https:\\\/\\\/maranhaotv.com.br\\\/index.php\\\/2025\\\/04\\\/02\\\/em-brasilia-felipe-camarao-debate-com-agu-sobre-desbloqueio-de-seguro-defeso-de-2015-para-pescadores-artesanais-do-maranhao\\\/\"},\"author\":{\"name\":\"maranhaotv\",\"@id\":\"https:\\\/\\\/maranhaotv.com.br\\\/#\\\/schema\\\/person\\\/3d54238e86b20bb5c89ab2fdb8f8829a\"},\"headline\":\"Em Bras\u00edlia, Felipe Camar\u00e3o debate com AGU sobre desbloqueio de seguro defeso de 2015, para pescadores artesanais do Maranh\u00e3o\",\"datePublished\":\"2025-04-02T20:04:47+00:00\",\"dateModified\":\"2025-04-02T20:05:41+00:00\",\"mainEntityOfPage\":{\"@id\":\"https:\\\/\\\/maranhaotv.com.br\\\/index.php\\\/2025\\\/04\\\/02\\\/em-brasilia-felipe-camarao-debate-com-agu-sobre-desbloqueio-de-seguro-defeso-de-2015-para-pescadores-artesanais-do-maranhao\\\/\"},\"wordCount\":328,\"commentCount\":0,\"publisher\":{\"@id\":\"https:\\\/\\\/maranhaotv.com.br\\\/#organization\"},\"image\":{\"@id\":\"https:\\\/\\\/maranhaotv.com.br\\\/index.php\\\/2025\\\/04\\\/02\\\/em-brasilia-felipe-camarao-debate-com-agu-sobre-desbloqueio-de-seguro-defeso-de-2015-para-pescadores-artesanais-do-maranhao\\\/#primaryimage\"},\"thumbnailUrl\":\"https:\\\/\\\/maranhaotv.com.br\\\/wp-content\\\/uploads\\\/2025\\\/04\\\/image_editor_output_image1843080190-1743624296378-scaled.jpg\",\"keywords\":[\"Felipe Camar\u00e3o\"],\"articleSection\":[\"pol\u00edtica\"],\"inLanguage\":\"pt-BR\",\"potentialAction\":[{\"@type\":\"CommentAction\",\"name\":\"Comment\",\"target\":[\"https:\\\/\\\/maranhaotv.com.br\\\/index.php\\\/2025\\\/04\\\/02\\\/em-brasilia-felipe-camarao-debate-com-agu-sobre-desbloqueio-de-seguro-defeso-de-2015-para-pescadores-artesanais-do-maranhao\\\/#respond\"]}]},{\"@type\":\"WebPage\",\"@id\":\"https:\\\/\\\/maranhaotv.com.br\\\/index.php\\\/2025\\\/04\\\/02\\\/em-brasilia-felipe-camarao-debate-com-agu-sobre-desbloqueio-de-seguro-defeso-de-2015-para-pescadores-artesanais-do-maranhao\\\/\",\"url\":\"https:\\\/\\\/maranhaotv.com.br\\\/index.php\\\/2025\\\/04\\\/02\\\/em-brasilia-felipe-camarao-debate-com-agu-sobre-desbloqueio-de-seguro-defeso-de-2015-para-pescadores-artesanais-do-maranhao\\\/\",\"name\":\"Em Bras\u00edlia, Felipe Camar\u00e3o debate com AGU sobre desbloqueio de seguro defeso de 2015, para pescadores artesanais do Maranh\u00e3o - NOT\u00cdCIAS EM TEMPO REAL\",\"isPartOf\":{\"@id\":\"https:\\\/\\\/maranhaotv.com.br\\\/#website\"},\"primaryImageOfPage\":{\"@id\":\"https:\\\/\\\/maranhaotv.com.br\\\/index.php\\\/2025\\\/04\\\/02\\\/em-brasilia-felipe-camarao-debate-com-agu-sobre-desbloqueio-de-seguro-defeso-de-2015-para-pescadores-artesanais-do-maranhao\\\/#primaryimage\"},\"image\":{\"@id\":\"https:\\\/\\\/maranhaotv.com.br\\\/index.php\\\/2025\\\/04\\\/02\\\/em-brasilia-felipe-camarao-debate-com-agu-sobre-desbloqueio-de-seguro-defeso-de-2015-para-pescadores-artesanais-do-maranhao\\\/#primaryimage\"},\"thumbnailUrl\":\"https:\\\/\\\/maranhaotv.com.br\\\/wp-content\\\/uploads\\\/2025\\\/04\\\/image_editor_output_image1843080190-1743624296378-scaled.jpg\",\"datePublished\":\"2025-04-02T20:04:47+00:00\",\"dateModified\":\"2025-04-02T20:05:41+00:00\",\"breadcrumb\":{\"@id\":\"https:\\\/\\\/maranhaotv.com.br\\\/index.php\\\/2025\\\/04\\\/02\\\/em-brasilia-felipe-camarao-debate-com-agu-sobre-desbloqueio-de-seguro-defeso-de-2015-para-pescadores-artesanais-do-maranhao\\\/#breadcrumb\"},\"inLanguage\":\"pt-BR\",\"potentialAction\":[{\"@type\":\"ReadAction\",\"target\":[\"https:\\\/\\\/maranhaotv.com.br\\\/index.php\\\/2025\\\/04\\\/02\\\/em-brasilia-felipe-camarao-debate-com-agu-sobre-desbloqueio-de-seguro-defeso-de-2015-para-pescadores-artesanais-do-maranhao\\\/\"]}]},{\"@type\":\"ImageObject\",\"inLanguage\":\"pt-BR\",\"@id\":\"https:\\\/\\\/maranhaotv.com.br\\\/index.php\\\/2025\\\/04\\\/02\\\/em-brasilia-felipe-camarao-debate-com-agu-sobre-desbloqueio-de-seguro-defeso-de-2015-para-pescadores-artesanais-do-maranhao\\\/#primaryimage\",\"url\":\"https:\\\/\\\/maranhaotv.com.br\\\/wp-content\\\/uploads\\\/2025\\\/04\\\/image_editor_output_image1843080190-1743624296378-scaled.jpg\",\"contentUrl\":\"https:\\\/\\\/maranhaotv.com.br\\\/wp-content\\\/uploads\\\/2025\\\/04\\\/image_editor_output_image1843080190-1743624296378-scaled.jpg\",\"width\":2560,\"height\":1458},{\"@type\":\"BreadcrumbList\",\"@id\":\"https:\\\/\\\/maranhaotv.com.br\\\/index.php\\\/2025\\\/04\\\/02\\\/em-brasilia-felipe-camarao-debate-com-agu-sobre-desbloqueio-de-seguro-defeso-de-2015-para-pescadores-artesanais-do-maranhao\\\/#breadcrumb\",\"itemListElement\":[{\"@type\":\"ListItem\",\"position\":1,\"name\":\"In\u00edcio\",\"item\":\"https:\\\/\\\/maranhaotv.com.br\\\/\"},{\"@type\":\"ListItem\",\"position\":2,\"name\":\"Em Bras\u00edlia, Felipe Camar\u00e3o debate com AGU sobre desbloqueio de seguro defeso de 2015, para pescadores artesanais do Maranh\u00e3o\"}]},{\"@type\":\"WebSite\",\"@id\":\"https:\\\/\\\/maranhaotv.com.br\\\/#website\",\"url\":\"https:\\\/\\\/maranhaotv.com.br\\\/\",\"name\":\"Maranh\u00e3oTV\",\"description\":\"\",\"publisher\":{\"@id\":\"https:\\\/\\\/maranhaotv.com.br\\\/#organization\"},\"potentialAction\":[{\"@type\":\"SearchAction\",\"target\":{\"@type\":\"EntryPoint\",\"urlTemplate\":\"https:\\\/\\\/maranhaotv.com.br\\\/?s={search_term_string}\"},\"query-input\":{\"@type\":\"PropertyValueSpecification\",\"valueRequired\":true,\"valueName\":\"search_term_string\"}}],\"inLanguage\":\"pt-BR\"},{\"@type\":\"Organization\",\"@id\":\"https:\\\/\\\/maranhaotv.com.br\\\/#organization\",\"name\":\"Portal de Not\u00edcias\",\"url\":\"https:\\\/\\\/maranhaotv.com.br\\\/\",\"logo\":{\"@type\":\"ImageObject\",\"inLanguage\":\"pt-BR\",\"@id\":\"https:\\\/\\\/maranhaotv.com.br\\\/#\\\/schema\\\/logo\\\/image\\\/\",\"url\":\"https:\\\/\\\/maranhaotv.com.br\\\/wp-content\\\/uploads\\\/2024\\\/05\\\/cropped-cropped-avatar-1.png\",\"contentUrl\":\"https:\\\/\\\/maranhaotv.com.br\\\/wp-content\\\/uploads\\\/2024\\\/05\\\/cropped-cropped-avatar-1.png\",\"width\":792,\"height\":428,\"caption\":\"Portal de Not\u00edcias\"},\"image\":{\"@id\":\"https:\\\/\\\/maranhaotv.com.br\\\/#\\\/schema\\\/logo\\\/image\\\/\"},\"sameAs\":[\"https:\\\/\\\/www.facebook.com\\\/maiobaotv\",\"https:\\\/\\\/x.com\\\/sitemaranhaotv\",\"https:\\\/\\\/www.instagram.com\\\/maranhao.tv\",\"https:\\\/\\\/www.threads.net\\\/@maranhao.tv\"]},{\"@type\":\"Person\",\"@id\":\"https:\\\/\\\/maranhaotv.com.br\\\/#\\\/schema\\\/person\\\/3d54238e86b20bb5c89ab2fdb8f8829a\",\"name\":\"maranhaotv\",\"image\":{\"@type\":\"ImageObject\",\"inLanguage\":\"pt-BR\",\"@id\":\"https:\\\/\\\/secure.gravatar.com\\\/avatar\\\/8fadbca458d4cb68b1dd399ae9a40618d747bb1af65ac9fad21c89220a143eb4?s=96&d=mm&r=g\",\"url\":\"https:\\\/\\\/secure.gravatar.com\\\/avatar\\\/8fadbca458d4cb68b1dd399ae9a40618d747bb1af65ac9fad21c89220a143eb4?s=96&d=mm&r=g\",\"contentUrl\":\"https:\\\/\\\/secure.gravatar.com\\\/avatar\\\/8fadbca458d4cb68b1dd399ae9a40618d747bb1af65ac9fad21c89220a143eb4?s=96&d=mm&r=g\",\"caption\":\"maranhaotv\"},\"sameAs\":[\"https:\\\/\\\/maranhaotv.com.br\\\/\"],\"url\":\"https:\\\/\\\/maranhaotv.com.br\\\/index.php\\\/author\\\/maranhaotv\\\/\"}]}<\/script>\n<!-- \/ Yoast SEO plugin. -->","yoast_head_json":{"title":"Em Bras\u00edlia, Felipe Camar\u00e3o debate com AGU sobre desbloqueio de seguro defeso de 2015, para pescadores artesanais do Maranh\u00e3o - NOT\u00cdCIAS EM TEMPO REAL","robots":{"index":"index","follow":"follow","max-snippet":"max-snippet:-1","max-image-preview":"max-image-preview:large","max-video-preview":"max-video-preview:-1"},"canonical":"https:\/\/maranhaotv.com.br\/index.php\/2025\/04\/02\/em-brasilia-felipe-camarao-debate-com-agu-sobre-desbloqueio-de-seguro-defeso-de-2015-para-pescadores-artesanais-do-maranhao\/","og_locale":"pt_BR","og_type":"article","og_title":"Em Bras\u00edlia, Felipe Camar\u00e3o debate com AGU sobre desbloqueio de seguro defeso de 2015, para pescadores artesanais do Maranh\u00e3o - NOT\u00cdCIAS EM TEMPO REAL","og_description":"O vice-governador do Maranh\u00e3o, Felipe Camar\u00e3o, esteve nesta quarta-feira (02), em Bras\u00edlia, reunido com representantes da Advocacia-Geral da Uni\u00e3o (AGU),","og_url":"https:\/\/maranhaotv.com.br\/index.php\/2025\/04\/02\/em-brasilia-felipe-camarao-debate-com-agu-sobre-desbloqueio-de-seguro-defeso-de-2015-para-pescadores-artesanais-do-maranhao\/","og_site_name":"NOT\u00cdCIAS EM TEMPO REAL","article_publisher":"https:\/\/www.facebook.com\/maiobaotv","article_published_time":"2025-04-02T20:04:47+00:00","article_modified_time":"2025-04-02T20:05:41+00:00","og_image":[{"width":2560,"height":1458,"url":"https:\/\/maranhaotv.com.br\/wp-content\/uploads\/2025\/04\/image_editor_output_image1843080190-1743624296378-scaled.jpg","type":"image\/jpeg"}],"author":"maranhaotv","twitter_card":"summary_large_image","twitter_creator":"@sitemaranhaotv","twitter_site":"@sitemaranhaotv","twitter_misc":{"Escrito por":"maranhaotv","Est. tempo de leitura":"2 minutos"},"schema":{"@context":"https:\/\/schema.org","@graph":[{"@type":"Article","@id":"https:\/\/maranhaotv.com.br\/index.php\/2025\/04\/02\/em-brasilia-felipe-camarao-debate-com-agu-sobre-desbloqueio-de-seguro-defeso-de-2015-para-pescadores-artesanais-do-maranhao\/#article","isPartOf":{"@id":"https:\/\/maranhaotv.com.br\/index.php\/2025\/04\/02\/em-brasilia-felipe-camarao-debate-com-agu-sobre-desbloqueio-de-seguro-defeso-de-2015-para-pescadores-artesanais-do-maranhao\/"},"author":{"name":"maranhaotv","@id":"https:\/\/maranhaotv.com.br\/#\/schema\/person\/3d54238e86b20bb5c89ab2fdb8f8829a"},"headline":"Em Bras\u00edlia, Felipe Camar\u00e3o debate com AGU sobre desbloqueio de seguro defeso de 2015, para pescadores artesanais do Maranh\u00e3o","datePublished":"2025-04-02T20:04:47+00:00","dateModified":"2025-04-02T20:05:41+00:00","mainEntityOfPage":{"@id":"https:\/\/maranhaotv.com.br\/index.php\/2025\/04\/02\/em-brasilia-felipe-camarao-debate-com-agu-sobre-desbloqueio-de-seguro-defeso-de-2015-para-pescadores-artesanais-do-maranhao\/"},"wordCount":328,"commentCount":0,"publisher":{"@id":"https:\/\/maranhaotv.com.br\/#organization"},"image":{"@id":"https:\/\/maranhaotv.com.br\/index.php\/2025\/04\/02\/em-brasilia-felipe-camarao-debate-com-agu-sobre-desbloqueio-de-seguro-defeso-de-2015-para-pescadores-artesanais-do-maranhao\/#primaryimage"},"thumbnailUrl":"https:\/\/maranhaotv.com.br\/wp-content\/uploads\/2025\/04\/image_editor_output_image1843080190-1743624296378-scaled.jpg","keywords":["Felipe Camar\u00e3o"],"articleSection":["pol\u00edtica"],"inLanguage":"pt-BR","potentialAction":[{"@type":"CommentAction","name":"Comment","target":["https:\/\/maranhaotv.com.br\/index.php\/2025\/04\/02\/em-brasilia-felipe-camarao-debate-com-agu-sobre-desbloqueio-de-seguro-defeso-de-2015-para-pescadores-artesanais-do-maranhao\/#respond"]}]},{"@type":"WebPage","@id":"https:\/\/maranhaotv.com.br\/index.php\/2025\/04\/02\/em-brasilia-felipe-camarao-debate-com-agu-sobre-desbloqueio-de-seguro-defeso-de-2015-para-pescadores-artesanais-do-maranhao\/","url":"https:\/\/maranhaotv.com.br\/index.php\/2025\/04\/02\/em-brasilia-felipe-camarao-debate-com-agu-sobre-desbloqueio-de-seguro-defeso-de-2015-para-pescadores-artesanais-do-maranhao\/","name":"Em Bras\u00edlia, Felipe Camar\u00e3o debate com AGU sobre desbloqueio de seguro defeso de 2015, para pescadores artesanais do Maranh\u00e3o - NOT\u00cdCIAS EM TEMPO REAL","isPartOf":{"@id":"https:\/\/maranhaotv.com.br\/#website"},"primaryImageOfPage":{"@id":"https:\/\/maranhaotv.com.br\/index.php\/2025\/04\/02\/em-brasilia-felipe-camarao-debate-com-agu-sobre-desbloqueio-de-seguro-defeso-de-2015-para-pescadores-artesanais-do-maranhao\/#primaryimage"},"image":{"@id":"https:\/\/maranhaotv.com.br\/index.php\/2025\/04\/02\/em-brasilia-felipe-camarao-debate-com-agu-sobre-desbloqueio-de-seguro-defeso-de-2015-para-pescadores-artesanais-do-maranhao\/#primaryimage"},"thumbnailUrl":"https:\/\/maranhaotv.com.br\/wp-content\/uploads\/2025\/04\/image_editor_output_image1843080190-1743624296378-scaled.jpg","datePublished":"2025-04-02T20:04:47+00:00","dateModified":"2025-04-02T20:05:41+00:00","breadcrumb":{"@id":"https:\/\/maranhaotv.com.br\/index.php\/2025\/04\/02\/em-brasilia-felipe-camarao-debate-com-agu-sobre-desbloqueio-de-seguro-defeso-de-2015-para-pescadores-artesanais-do-maranhao\/#breadcrumb"},"inLanguage":"pt-BR","potentialAction":[{"@type":"ReadAction","target":["https:\/\/maranhaotv.com.br\/index.php\/2025\/04\/02\/em-brasilia-felipe-camarao-debate-com-agu-sobre-desbloqueio-de-seguro-defeso-de-2015-para-pescadores-artesanais-do-maranhao\/"]}]},{"@type":"ImageObject","inLanguage":"pt-BR","@id":"https:\/\/maranhaotv.com.br\/index.php\/2025\/04\/02\/em-brasilia-felipe-camarao-debate-com-agu-sobre-desbloqueio-de-seguro-defeso-de-2015-para-pescadores-artesanais-do-maranhao\/#primaryimage","url":"https:\/\/maranhaotv.com.br\/wp-content\/uploads\/2025\/04\/image_editor_output_image1843080190-1743624296378-scaled.jpg","contentUrl":"https:\/\/maranhaotv.com.br\/wp-content\/uploads\/2025\/04\/image_editor_output_image1843080190-1743624296378-scaled.jpg","width":2560,"height":1458},{"@type":"BreadcrumbList","@id":"https:\/\/maranhaotv.com.br\/index.php\/2025\/04\/02\/em-brasilia-felipe-camarao-debate-com-agu-sobre-desbloqueio-de-seguro-defeso-de-2015-para-pescadores-artesanais-do-maranhao\/#breadcrumb","itemListElement":[{"@type":"ListItem","position":1,"name":"In\u00edcio","item":"https:\/\/maranhaotv.com.br\/"},{"@type":"ListItem","position":2,"name":"Em Bras\u00edlia, Felipe Camar\u00e3o debate com AGU sobre desbloqueio de seguro defeso de 2015, para pescadores artesanais do Maranh\u00e3o"}]},{"@type":"WebSite","@id":"https:\/\/maranhaotv.com.br\/#website","url":"https:\/\/maranhaotv.com.br\/","name":"Maranh\u00e3oTV","description":"","publisher":{"@id":"https:\/\/maranhaotv.com.br\/#organization"},"potentialAction":[{"@type":"SearchAction","target":{"@type":"EntryPoint","urlTemplate":"https:\/\/maranhaotv.com.br\/?s={search_term_string}"},"query-input":{"@type":"PropertyValueSpecification","valueRequired":true,"valueName":"search_term_string"}}],"inLanguage":"pt-BR"},{"@type":"Organization","@id":"https:\/\/maranhaotv.com.br\/#organization","name":"Portal de Not\u00edcias","url":"https:\/\/maranhaotv.com.br\/","logo":{"@type":"ImageObject","inLanguage":"pt-BR","@id":"https:\/\/maranhaotv.com.br\/#\/schema\/logo\/image\/","url":"https:\/\/maranhaotv.com.br\/wp-content\/uploads\/2024\/05\/cropped-cropped-avatar-1.png","contentUrl":"https:\/\/maranhaotv.com.br\/wp-content\/uploads\/2024\/05\/cropped-cropped-avatar-1.png","width":792,"height":428,"caption":"Portal de Not\u00edcias"},"image":{"@id":"https:\/\/maranhaotv.com.br\/#\/schema\/logo\/image\/"},"sameAs":["https:\/\/www.facebook.com\/maiobaotv","https:\/\/x.com\/sitemaranhaotv","https:\/\/www.instagram.com\/maranhao.tv","https:\/\/www.threads.net\/@maranhao.tv"]},{"@type":"Person","@id":"https:\/\/maranhaotv.com.br\/#\/schema\/person\/3d54238e86b20bb5c89ab2fdb8f8829a","name":"maranhaotv","image":{"@type":"ImageObject","inLanguage":"pt-BR","@id":"https:\/\/secure.gravatar.com\/avatar\/8fadbca458d4cb68b1dd399ae9a40618d747bb1af65ac9fad21c89220a143eb4?s=96&d=mm&r=g","url":"https:\/\/secure.gravatar.com\/avatar\/8fadbca458d4cb68b1dd399ae9a40618d747bb1af65ac9fad21c89220a143eb4?s=96&d=mm&r=g","contentUrl":"https:\/\/secure.gravatar.com\/avatar\/8fadbca458d4cb68b1dd399ae9a40618d747bb1af65ac9fad21c89220a143eb4?s=96&d=mm&r=g","caption":"maranhaotv"},"sameAs":["https:\/\/maranhaotv.com.br\/"],"url":"https:\/\/maranhaotv.com.br\/index.php\/author\/maranhaotv\/"}]}},"jetpack_featured_media_url":"https:\/\/maranhaotv.com.br\/wp-content\/uploads\/2025\/04\/image_editor_output_image1843080190-1743624296378-scaled.jpg","jetpack_sharing_enabled":true,"_links":{"self":[{"href":"https:\/\/maranhaotv.com.br\/index.php\/wp-json\/wp\/v2\/posts\/41191","targetHints":{"allow":["GET"]}}],"collection":[{"href":"https:\/\/maranhaotv.com.br\/index.php\/wp-json\/wp\/v2\/posts"}],"about":[{"href":"https:\/\/maranhaotv.com.br\/index.php\/wp-json\/wp\/v2\/types\/post"}],"author":[{"embeddable":true,"href":"https:\/\/maranhaotv.com.br\/index.php\/wp-json\/wp\/v2\/users\/2"}],"replies":[{"embeddable":true,"href":"https:\/\/maranhaotv.com.br\/index.php\/wp-json\/wp\/v2\/comments?post=41191"}],"version-history":[{"count":1,"href":"https:\/\/maranhaotv.com.br\/index.php\/wp-json\/wp\/v2\/posts\/41191\/revisions"}],"predecessor-version":[{"id":41192,"href":"https:\/\/maranhaotv.com.br\/index.php\/wp-json\/wp\/v2\/posts\/41191\/revisions\/41192"}],"wp:featuredmedia":[{"embeddable":true,"href":"https:\/\/maranhaotv.com.br\/index.php\/wp-json\/wp\/v2\/media\/41190"}],"wp:attachment":[{"href":"https:\/\/maranhaotv.com.br\/index.php\/wp-json\/wp\/v2\/media?parent=41191"}],"wp:term":[{"taxonomy":"category","embeddable":true,"href":"https:\/\/maranhaotv.com.br\/index.php\/wp-json\/wp\/v2\/categories?post=41191"},{"taxonomy":"post_tag","embeddable":true,"href":"https:\/\/maranhaotv.com.br\/index.php\/wp-json\/wp\/v2\/tags?post=41191"}],"curies":[{"name":"wp","href":"https:\/\/api.w.org\/{rel}","templated":true}]}}