{"id":41306,"date":"2025-04-09T11:36:33","date_gmt":"2025-04-09T14:36:33","guid":{"rendered":"https:\/\/maranhaotv.com.br\/?p=41306"},"modified":"2025-04-09T11:41:17","modified_gmt":"2025-04-09T14:41:17","slug":"iracema-vale-parabeniza-governador-carlos-brandao-por-alta-aprovacao-popular-no-maranhao","status":"publish","type":"post","link":"https:\/\/maranhaotv.com.br\/index.php\/2025\/04\/09\/iracema-vale-parabeniza-governador-carlos-brandao-por-alta-aprovacao-popular-no-maranhao\/","title":{"rendered":"Iracema Vale parabeniza governador Carlos Brand\u00e3o por alta aprova\u00e7\u00e3o popular no Maranh\u00e3o"},"content":{"rendered":"\n<p><\/p>\n\n\n\n<p>A presidente da Assembleia Legislativa do Maranh\u00e3o, deputada Iracema Vale (PSB), utilizou suas redes sociais na manh\u00e3 desta quarta-feira (9) para parabenizar o governador Carlos Brand\u00e3o (PSB) pelos resultados positivos da pesquisa divulgada pelo Instituto Quaest, que mede a avalia\u00e7\u00e3o do governo estadual.<\/p>\n\n\n\n<p>Segundo o levantamento, encomendado pelo Grupo Mirante e apresentado no telejornal&nbsp;<em>JM2<\/em>&nbsp;da TV Mirante nesta ter\u00e7a-feira (8), Brand\u00e3o tem 62% de aprova\u00e7\u00e3o entre os maranhenses \u2014 um \u00edndice considerado expressivo e que refor\u00e7a o respaldo popular \u00e0 sua gest\u00e3o.<\/p>\n\n\n\n<p>Em sua mensagem, Iracema destacou o compromisso do governador com o desenvolvimento do estado:<br><img loading=\"lazy\" decoding=\"async\" src=\"https:\/\/leonardocardoso.com.br\/wp-content\/uploads\/2025\/04\/IMG_5195-252x300.jpeg\" alt=\"\" width=\"252\" height=\"300\" srcset=\"https:\/\/leonardocardoso.com.br\/wp-content\/uploads\/2025\/04\/IMG_5195-252x300.jpeg 252w, https:\/\/leonardocardoso.com.br\/wp-content\/uploads\/2025\/04\/IMG_5195-861x1024.jpeg 861w, https:\/\/leonardocardoso.com.br\/wp-content\/uploads\/2025\/04\/IMG_5195-768x913.jpeg 768w, https:\/\/leonardocardoso.com.br\/wp-content\/uploads\/2025\/04\/IMG_5195.jpeg 1290w\"><\/p>\n\n\n\n<p>A manifesta\u00e7\u00e3o de apoio refor\u00e7a a sintonia entre o Executivo e o Legislativo estadual, em um momento em que Carlos Brand\u00e3o consolida sua lideran\u00e7a pol\u00edtica e amplia sua base de apoio institucional.<\/p>\n","protected":false},"excerpt":{"rendered":"<p>A presidente da Assembleia Legislativa do Maranh\u00e3o, deputada Iracema Vale (PSB), utilizou suas redes sociais na manh\u00e3 desta quarta-feira (9)<\/p>\n","protected":false},"author":2,"featured_media":41309,"comment_status":"open","ping_status":"open","sticky":false,"template":"","format":"standard","meta":{"colormag_page_container_layout":"default_layout","colormag_page_sidebar_layout":"default_layout","_jetpack_memberships_contains_paid_content":false,"footnotes":""},"categories":[6],"tags":[],"class_list":["post-41306","post","type-post","status-publish","format-standard","has-post-thumbnail","hentry","category-politica"],"magazineBlocksPostFeaturedMedia":{"thumbnail":"https:\/\/maranhaotv.com.br\/wp-content\/uploads\/2025\/04\/images-2-150x150.jpeg","medium":"https:\/\/maranhaotv.com.br\/wp-content\/uploads\/2025\/04\/images-2-300x178.jpeg","medium_large":"https:\/\/maranhaotv.com.br\/wp-content\/uploads\/2025\/04\/images-2.jpeg","large":"https:\/\/maranhaotv.com.br\/wp-content\/uploads\/2025\/04\/images-2.jpeg","1536x1536":"https:\/\/maranhaotv.com.br\/wp-content\/uploads\/2025\/04\/images-2.jpeg","2048x2048":"https:\/\/maranhaotv.com.br\/wp-content\/uploads\/2025\/04\/images-2.jpeg","colormag-highlighted-post":"https:\/\/maranhaotv.com.br\/wp-content\/uploads\/2025\/04\/images-2-392x272.jpeg","colormag-featured-post-medium":"https:\/\/maranhaotv.com.br\/wp-content\/uploads\/2025\/04\/images-2-390x205.jpeg","colormag-featured-post-small":"https:\/\/maranhaotv.com.br\/wp-content\/uploads\/2025\/04\/images-2-130x90.jpeg","colormag-featured-image":"https:\/\/maranhaotv.com.br\/wp-content\/uploads\/2025\/04\/images-2.jpeg","colormag-default-news":"https:\/\/maranhaotv.com.br\/wp-content\/uploads\/2025\/04\/images-2-150x150.jpeg","colormag-featured-image-large":"https:\/\/maranhaotv.com.br\/wp-content\/uploads\/2025\/04\/images-2.jpeg"},"magazineBlocksPostAuthor":{"name":"maranhaotv","avatar":"https:\/\/secure.gravatar.com\/avatar\/8fadbca458d4cb68b1dd399ae9a40618d747bb1af65ac9fad21c89220a143eb4?s=96&d=mm&r=g"},"magazineBlocksPostCommentsNumber":"0","magazineBlocksPostExcerpt":"A presidente da Assembleia Legislativa do Maranh\u00e3o, deputada Iracema Vale (PSB), utilizou suas redes sociais na manh\u00e3 desta quarta-feira (9)","magazineBlocksPostCategories":["pol\u00edtica"],"magazineBlocksPostViewCount":460,"magazineBlocksPostReadTime":1,"magazine_blocks_featured_image_url":{"full":["https:\/\/maranhaotv.com.br\/wp-content\/uploads\/2025\/04\/images-2.jpeg",719,427,false],"medium":["https:\/\/maranhaotv.com.br\/wp-content\/uploads\/2025\/04\/images-2-300x178.jpeg",300,178,true],"thumbnail":["https:\/\/maranhaotv.com.br\/wp-content\/uploads\/2025\/04\/images-2-150x150.jpeg",150,150,true]},"magazine_blocks_author":{"display_name":"maranhaotv","author_link":"https:\/\/maranhaotv.com.br\/index.php\/author\/maranhaotv\/"},"magazine_blocks_comment":0,"magazine_blocks_author_image":"https:\/\/secure.gravatar.com\/avatar\/8fadbca458d4cb68b1dd399ae9a40618d747bb1af65ac9fad21c89220a143eb4?s=96&d=mm&r=g","magazine_blocks_category":"<a href=\"#\" class=\"category-link category-link-6\">pol\u00edtica<\/a>","yoast_head":"<!-- This site is optimized with the Yoast SEO plugin v27.4 - https:\/\/yoast.com\/product\/yoast-seo-wordpress\/ -->\n<title>Iracema Vale parabeniza governador Carlos Brand\u00e3o por alta aprova\u00e7\u00e3o popular no Maranh\u00e3o - NOT\u00cdCIAS EM TEMPO REAL<\/title>\n<meta name=\"robots\" content=\"index, follow, max-snippet:-1, max-image-preview:large, max-video-preview:-1\" \/>\n<link rel=\"canonical\" href=\"https:\/\/maranhaotv.com.br\/index.php\/2025\/04\/09\/iracema-vale-parabeniza-governador-carlos-brandao-por-alta-aprovacao-popular-no-maranhao\/\" \/>\n<meta property=\"og:locale\" content=\"pt_BR\" \/>\n<meta property=\"og:type\" content=\"article\" \/>\n<meta property=\"og:title\" content=\"Iracema Vale parabeniza governador Carlos Brand\u00e3o por alta aprova\u00e7\u00e3o popular no Maranh\u00e3o - NOT\u00cdCIAS EM TEMPO REAL\" \/>\n<meta property=\"og:description\" content=\"A presidente da Assembleia Legislativa do Maranh\u00e3o, deputada Iracema Vale (PSB), utilizou suas redes sociais na manh\u00e3 desta quarta-feira (9)\" \/>\n<meta property=\"og:url\" content=\"https:\/\/maranhaotv.com.br\/index.php\/2025\/04\/09\/iracema-vale-parabeniza-governador-carlos-brandao-por-alta-aprovacao-popular-no-maranhao\/\" \/>\n<meta property=\"og:site_name\" content=\"NOT\u00cdCIAS EM TEMPO REAL\" \/>\n<meta property=\"article:publisher\" content=\"https:\/\/www.facebook.com\/maiobaotv\" \/>\n<meta property=\"article:published_time\" content=\"2025-04-09T14:36:33+00:00\" \/>\n<meta property=\"article:modified_time\" content=\"2025-04-09T14:41:17+00:00\" \/>\n<meta property=\"og:image\" content=\"https:\/\/maranhaotv.com.br\/wp-content\/uploads\/2025\/04\/images-2.jpeg\" \/>\n\t<meta property=\"og:image:width\" content=\"719\" \/>\n\t<meta property=\"og:image:height\" content=\"427\" \/>\n\t<meta property=\"og:image:type\" content=\"image\/jpeg\" \/>\n<meta name=\"author\" content=\"maranhaotv\" \/>\n<meta name=\"twitter:card\" content=\"summary_large_image\" \/>\n<meta name=\"twitter:creator\" content=\"@sitemaranhaotv\" \/>\n<meta name=\"twitter:site\" content=\"@sitemaranhaotv\" \/>\n<meta name=\"twitter:label1\" content=\"Escrito por\" \/>\n\t<meta name=\"twitter:data1\" content=\"maranhaotv\" \/>\n\t<meta name=\"twitter:label2\" content=\"Est. tempo de leitura\" \/>\n\t<meta name=\"twitter:data2\" content=\"2 minutos\" \/>\n<script type=\"application\/ld+json\" class=\"yoast-schema-graph\">{\"@context\":\"https:\\\/\\\/schema.org\",\"@graph\":[{\"@type\":\"Article\",\"@id\":\"https:\\\/\\\/maranhaotv.com.br\\\/index.php\\\/2025\\\/04\\\/09\\\/iracema-vale-parabeniza-governador-carlos-brandao-por-alta-aprovacao-popular-no-maranhao\\\/#article\",\"isPartOf\":{\"@id\":\"https:\\\/\\\/maranhaotv.com.br\\\/index.php\\\/2025\\\/04\\\/09\\\/iracema-vale-parabeniza-governador-carlos-brandao-por-alta-aprovacao-popular-no-maranhao\\\/\"},\"author\":{\"name\":\"maranhaotv\",\"@id\":\"https:\\\/\\\/maranhaotv.com.br\\\/#\\\/schema\\\/person\\\/3d54238e86b20bb5c89ab2fdb8f8829a\"},\"headline\":\"Iracema Vale parabeniza governador Carlos Brand\u00e3o por alta aprova\u00e7\u00e3o popular no Maranh\u00e3o\",\"datePublished\":\"2025-04-09T14:36:33+00:00\",\"dateModified\":\"2025-04-09T14:41:17+00:00\",\"mainEntityOfPage\":{\"@id\":\"https:\\\/\\\/maranhaotv.com.br\\\/index.php\\\/2025\\\/04\\\/09\\\/iracema-vale-parabeniza-governador-carlos-brandao-por-alta-aprovacao-popular-no-maranhao\\\/\"},\"wordCount\":154,\"commentCount\":0,\"publisher\":{\"@id\":\"https:\\\/\\\/maranhaotv.com.br\\\/#organization\"},\"image\":{\"@id\":\"https:\\\/\\\/maranhaotv.com.br\\\/index.php\\\/2025\\\/04\\\/09\\\/iracema-vale-parabeniza-governador-carlos-brandao-por-alta-aprovacao-popular-no-maranhao\\\/#primaryimage\"},\"thumbnailUrl\":\"https:\\\/\\\/maranhaotv.com.br\\\/wp-content\\\/uploads\\\/2025\\\/04\\\/images-2.jpeg\",\"articleSection\":[\"pol\u00edtica\"],\"inLanguage\":\"pt-BR\",\"potentialAction\":[{\"@type\":\"CommentAction\",\"name\":\"Comment\",\"target\":[\"https:\\\/\\\/maranhaotv.com.br\\\/index.php\\\/2025\\\/04\\\/09\\\/iracema-vale-parabeniza-governador-carlos-brandao-por-alta-aprovacao-popular-no-maranhao\\\/#respond\"]}]},{\"@type\":\"WebPage\",\"@id\":\"https:\\\/\\\/maranhaotv.com.br\\\/index.php\\\/2025\\\/04\\\/09\\\/iracema-vale-parabeniza-governador-carlos-brandao-por-alta-aprovacao-popular-no-maranhao\\\/\",\"url\":\"https:\\\/\\\/maranhaotv.com.br\\\/index.php\\\/2025\\\/04\\\/09\\\/iracema-vale-parabeniza-governador-carlos-brandao-por-alta-aprovacao-popular-no-maranhao\\\/\",\"name\":\"Iracema Vale parabeniza governador Carlos Brand\u00e3o por alta aprova\u00e7\u00e3o popular no Maranh\u00e3o - NOT\u00cdCIAS EM TEMPO REAL\",\"isPartOf\":{\"@id\":\"https:\\\/\\\/maranhaotv.com.br\\\/#website\"},\"primaryImageOfPage\":{\"@id\":\"https:\\\/\\\/maranhaotv.com.br\\\/index.php\\\/2025\\\/04\\\/09\\\/iracema-vale-parabeniza-governador-carlos-brandao-por-alta-aprovacao-popular-no-maranhao\\\/#primaryimage\"},\"image\":{\"@id\":\"https:\\\/\\\/maranhaotv.com.br\\\/index.php\\\/2025\\\/04\\\/09\\\/iracema-vale-parabeniza-governador-carlos-brandao-por-alta-aprovacao-popular-no-maranhao\\\/#primaryimage\"},\"thumbnailUrl\":\"https:\\\/\\\/maranhaotv.com.br\\\/wp-content\\\/uploads\\\/2025\\\/04\\\/images-2.jpeg\",\"datePublished\":\"2025-04-09T14:36:33+00:00\",\"dateModified\":\"2025-04-09T14:41:17+00:00\",\"breadcrumb\":{\"@id\":\"https:\\\/\\\/maranhaotv.com.br\\\/index.php\\\/2025\\\/04\\\/09\\\/iracema-vale-parabeniza-governador-carlos-brandao-por-alta-aprovacao-popular-no-maranhao\\\/#breadcrumb\"},\"inLanguage\":\"pt-BR\",\"potentialAction\":[{\"@type\":\"ReadAction\",\"target\":[\"https:\\\/\\\/maranhaotv.com.br\\\/index.php\\\/2025\\\/04\\\/09\\\/iracema-vale-parabeniza-governador-carlos-brandao-por-alta-aprovacao-popular-no-maranhao\\\/\"]}]},{\"@type\":\"ImageObject\",\"inLanguage\":\"pt-BR\",\"@id\":\"https:\\\/\\\/maranhaotv.com.br\\\/index.php\\\/2025\\\/04\\\/09\\\/iracema-vale-parabeniza-governador-carlos-brandao-por-alta-aprovacao-popular-no-maranhao\\\/#primaryimage\",\"url\":\"https:\\\/\\\/maranhaotv.com.br\\\/wp-content\\\/uploads\\\/2025\\\/04\\\/images-2.jpeg\",\"contentUrl\":\"https:\\\/\\\/maranhaotv.com.br\\\/wp-content\\\/uploads\\\/2025\\\/04\\\/images-2.jpeg\",\"width\":719,\"height\":427},{\"@type\":\"BreadcrumbList\",\"@id\":\"https:\\\/\\\/maranhaotv.com.br\\\/index.php\\\/2025\\\/04\\\/09\\\/iracema-vale-parabeniza-governador-carlos-brandao-por-alta-aprovacao-popular-no-maranhao\\\/#breadcrumb\",\"itemListElement\":[{\"@type\":\"ListItem\",\"position\":1,\"name\":\"In\u00edcio\",\"item\":\"https:\\\/\\\/maranhaotv.com.br\\\/\"},{\"@type\":\"ListItem\",\"position\":2,\"name\":\"Iracema Vale parabeniza governador Carlos Brand\u00e3o por alta aprova\u00e7\u00e3o popular no Maranh\u00e3o\"}]},{\"@type\":\"WebSite\",\"@id\":\"https:\\\/\\\/maranhaotv.com.br\\\/#website\",\"url\":\"https:\\\/\\\/maranhaotv.com.br\\\/\",\"name\":\"Maranh\u00e3oTV\",\"description\":\"\",\"publisher\":{\"@id\":\"https:\\\/\\\/maranhaotv.com.br\\\/#organization\"},\"potentialAction\":[{\"@type\":\"SearchAction\",\"target\":{\"@type\":\"EntryPoint\",\"urlTemplate\":\"https:\\\/\\\/maranhaotv.com.br\\\/?s={search_term_string}\"},\"query-input\":{\"@type\":\"PropertyValueSpecification\",\"valueRequired\":true,\"valueName\":\"search_term_string\"}}],\"inLanguage\":\"pt-BR\"},{\"@type\":\"Organization\",\"@id\":\"https:\\\/\\\/maranhaotv.com.br\\\/#organization\",\"name\":\"Portal de Not\u00edcias\",\"url\":\"https:\\\/\\\/maranhaotv.com.br\\\/\",\"logo\":{\"@type\":\"ImageObject\",\"inLanguage\":\"pt-BR\",\"@id\":\"https:\\\/\\\/maranhaotv.com.br\\\/#\\\/schema\\\/logo\\\/image\\\/\",\"url\":\"https:\\\/\\\/maranhaotv.com.br\\\/wp-content\\\/uploads\\\/2024\\\/05\\\/cropped-cropped-avatar-1.png\",\"contentUrl\":\"https:\\\/\\\/maranhaotv.com.br\\\/wp-content\\\/uploads\\\/2024\\\/05\\\/cropped-cropped-avatar-1.png\",\"width\":792,\"height\":428,\"caption\":\"Portal de Not\u00edcias\"},\"image\":{\"@id\":\"https:\\\/\\\/maranhaotv.com.br\\\/#\\\/schema\\\/logo\\\/image\\\/\"},\"sameAs\":[\"https:\\\/\\\/www.facebook.com\\\/maiobaotv\",\"https:\\\/\\\/x.com\\\/sitemaranhaotv\",\"https:\\\/\\\/www.instagram.com\\\/maranhao.tv\",\"https:\\\/\\\/www.threads.net\\\/@maranhao.tv\"]},{\"@type\":\"Person\",\"@id\":\"https:\\\/\\\/maranhaotv.com.br\\\/#\\\/schema\\\/person\\\/3d54238e86b20bb5c89ab2fdb8f8829a\",\"name\":\"maranhaotv\",\"image\":{\"@type\":\"ImageObject\",\"inLanguage\":\"pt-BR\",\"@id\":\"https:\\\/\\\/secure.gravatar.com\\\/avatar\\\/8fadbca458d4cb68b1dd399ae9a40618d747bb1af65ac9fad21c89220a143eb4?s=96&d=mm&r=g\",\"url\":\"https:\\\/\\\/secure.gravatar.com\\\/avatar\\\/8fadbca458d4cb68b1dd399ae9a40618d747bb1af65ac9fad21c89220a143eb4?s=96&d=mm&r=g\",\"contentUrl\":\"https:\\\/\\\/secure.gravatar.com\\\/avatar\\\/8fadbca458d4cb68b1dd399ae9a40618d747bb1af65ac9fad21c89220a143eb4?s=96&d=mm&r=g\",\"caption\":\"maranhaotv\"},\"sameAs\":[\"https:\\\/\\\/maranhaotv.com.br\\\/\"],\"url\":\"https:\\\/\\\/maranhaotv.com.br\\\/index.php\\\/author\\\/maranhaotv\\\/\"}]}<\/script>\n<!-- \/ Yoast SEO plugin. -->","yoast_head_json":{"title":"Iracema Vale parabeniza governador Carlos Brand\u00e3o por alta aprova\u00e7\u00e3o popular no Maranh\u00e3o - NOT\u00cdCIAS EM TEMPO REAL","robots":{"index":"index","follow":"follow","max-snippet":"max-snippet:-1","max-image-preview":"max-image-preview:large","max-video-preview":"max-video-preview:-1"},"canonical":"https:\/\/maranhaotv.com.br\/index.php\/2025\/04\/09\/iracema-vale-parabeniza-governador-carlos-brandao-por-alta-aprovacao-popular-no-maranhao\/","og_locale":"pt_BR","og_type":"article","og_title":"Iracema Vale parabeniza governador Carlos Brand\u00e3o por alta aprova\u00e7\u00e3o popular no Maranh\u00e3o - NOT\u00cdCIAS EM TEMPO REAL","og_description":"A presidente da Assembleia Legislativa do Maranh\u00e3o, deputada Iracema Vale (PSB), utilizou suas redes sociais na manh\u00e3 desta quarta-feira (9)","og_url":"https:\/\/maranhaotv.com.br\/index.php\/2025\/04\/09\/iracema-vale-parabeniza-governador-carlos-brandao-por-alta-aprovacao-popular-no-maranhao\/","og_site_name":"NOT\u00cdCIAS EM TEMPO REAL","article_publisher":"https:\/\/www.facebook.com\/maiobaotv","article_published_time":"2025-04-09T14:36:33+00:00","article_modified_time":"2025-04-09T14:41:17+00:00","og_image":[{"width":719,"height":427,"url":"https:\/\/maranhaotv.com.br\/wp-content\/uploads\/2025\/04\/images-2.jpeg","type":"image\/jpeg"}],"author":"maranhaotv","twitter_card":"summary_large_image","twitter_creator":"@sitemaranhaotv","twitter_site":"@sitemaranhaotv","twitter_misc":{"Escrito por":"maranhaotv","Est. tempo de leitura":"2 minutos"},"schema":{"@context":"https:\/\/schema.org","@graph":[{"@type":"Article","@id":"https:\/\/maranhaotv.com.br\/index.php\/2025\/04\/09\/iracema-vale-parabeniza-governador-carlos-brandao-por-alta-aprovacao-popular-no-maranhao\/#article","isPartOf":{"@id":"https:\/\/maranhaotv.com.br\/index.php\/2025\/04\/09\/iracema-vale-parabeniza-governador-carlos-brandao-por-alta-aprovacao-popular-no-maranhao\/"},"author":{"name":"maranhaotv","@id":"https:\/\/maranhaotv.com.br\/#\/schema\/person\/3d54238e86b20bb5c89ab2fdb8f8829a"},"headline":"Iracema Vale parabeniza governador Carlos Brand\u00e3o por alta aprova\u00e7\u00e3o popular no Maranh\u00e3o","datePublished":"2025-04-09T14:36:33+00:00","dateModified":"2025-04-09T14:41:17+00:00","mainEntityOfPage":{"@id":"https:\/\/maranhaotv.com.br\/index.php\/2025\/04\/09\/iracema-vale-parabeniza-governador-carlos-brandao-por-alta-aprovacao-popular-no-maranhao\/"},"wordCount":154,"commentCount":0,"publisher":{"@id":"https:\/\/maranhaotv.com.br\/#organization"},"image":{"@id":"https:\/\/maranhaotv.com.br\/index.php\/2025\/04\/09\/iracema-vale-parabeniza-governador-carlos-brandao-por-alta-aprovacao-popular-no-maranhao\/#primaryimage"},"thumbnailUrl":"https:\/\/maranhaotv.com.br\/wp-content\/uploads\/2025\/04\/images-2.jpeg","articleSection":["pol\u00edtica"],"inLanguage":"pt-BR","potentialAction":[{"@type":"CommentAction","name":"Comment","target":["https:\/\/maranhaotv.com.br\/index.php\/2025\/04\/09\/iracema-vale-parabeniza-governador-carlos-brandao-por-alta-aprovacao-popular-no-maranhao\/#respond"]}]},{"@type":"WebPage","@id":"https:\/\/maranhaotv.com.br\/index.php\/2025\/04\/09\/iracema-vale-parabeniza-governador-carlos-brandao-por-alta-aprovacao-popular-no-maranhao\/","url":"https:\/\/maranhaotv.com.br\/index.php\/2025\/04\/09\/iracema-vale-parabeniza-governador-carlos-brandao-por-alta-aprovacao-popular-no-maranhao\/","name":"Iracema Vale parabeniza governador Carlos Brand\u00e3o por alta aprova\u00e7\u00e3o popular no Maranh\u00e3o - NOT\u00cdCIAS EM TEMPO REAL","isPartOf":{"@id":"https:\/\/maranhaotv.com.br\/#website"},"primaryImageOfPage":{"@id":"https:\/\/maranhaotv.com.br\/index.php\/2025\/04\/09\/iracema-vale-parabeniza-governador-carlos-brandao-por-alta-aprovacao-popular-no-maranhao\/#primaryimage"},"image":{"@id":"https:\/\/maranhaotv.com.br\/index.php\/2025\/04\/09\/iracema-vale-parabeniza-governador-carlos-brandao-por-alta-aprovacao-popular-no-maranhao\/#primaryimage"},"thumbnailUrl":"https:\/\/maranhaotv.com.br\/wp-content\/uploads\/2025\/04\/images-2.jpeg","datePublished":"2025-04-09T14:36:33+00:00","dateModified":"2025-04-09T14:41:17+00:00","breadcrumb":{"@id":"https:\/\/maranhaotv.com.br\/index.php\/2025\/04\/09\/iracema-vale-parabeniza-governador-carlos-brandao-por-alta-aprovacao-popular-no-maranhao\/#breadcrumb"},"inLanguage":"pt-BR","potentialAction":[{"@type":"ReadAction","target":["https:\/\/maranhaotv.com.br\/index.php\/2025\/04\/09\/iracema-vale-parabeniza-governador-carlos-brandao-por-alta-aprovacao-popular-no-maranhao\/"]}]},{"@type":"ImageObject","inLanguage":"pt-BR","@id":"https:\/\/maranhaotv.com.br\/index.php\/2025\/04\/09\/iracema-vale-parabeniza-governador-carlos-brandao-por-alta-aprovacao-popular-no-maranhao\/#primaryimage","url":"https:\/\/maranhaotv.com.br\/wp-content\/uploads\/2025\/04\/images-2.jpeg","contentUrl":"https:\/\/maranhaotv.com.br\/wp-content\/uploads\/2025\/04\/images-2.jpeg","width":719,"height":427},{"@type":"BreadcrumbList","@id":"https:\/\/maranhaotv.com.br\/index.php\/2025\/04\/09\/iracema-vale-parabeniza-governador-carlos-brandao-por-alta-aprovacao-popular-no-maranhao\/#breadcrumb","itemListElement":[{"@type":"ListItem","position":1,"name":"In\u00edcio","item":"https:\/\/maranhaotv.com.br\/"},{"@type":"ListItem","position":2,"name":"Iracema Vale parabeniza governador Carlos Brand\u00e3o por alta aprova\u00e7\u00e3o popular no Maranh\u00e3o"}]},{"@type":"WebSite","@id":"https:\/\/maranhaotv.com.br\/#website","url":"https:\/\/maranhaotv.com.br\/","name":"Maranh\u00e3oTV","description":"","publisher":{"@id":"https:\/\/maranhaotv.com.br\/#organization"},"potentialAction":[{"@type":"SearchAction","target":{"@type":"EntryPoint","urlTemplate":"https:\/\/maranhaotv.com.br\/?s={search_term_string}"},"query-input":{"@type":"PropertyValueSpecification","valueRequired":true,"valueName":"search_term_string"}}],"inLanguage":"pt-BR"},{"@type":"Organization","@id":"https:\/\/maranhaotv.com.br\/#organization","name":"Portal de Not\u00edcias","url":"https:\/\/maranhaotv.com.br\/","logo":{"@type":"ImageObject","inLanguage":"pt-BR","@id":"https:\/\/maranhaotv.com.br\/#\/schema\/logo\/image\/","url":"https:\/\/maranhaotv.com.br\/wp-content\/uploads\/2024\/05\/cropped-cropped-avatar-1.png","contentUrl":"https:\/\/maranhaotv.com.br\/wp-content\/uploads\/2024\/05\/cropped-cropped-avatar-1.png","width":792,"height":428,"caption":"Portal de Not\u00edcias"},"image":{"@id":"https:\/\/maranhaotv.com.br\/#\/schema\/logo\/image\/"},"sameAs":["https:\/\/www.facebook.com\/maiobaotv","https:\/\/x.com\/sitemaranhaotv","https:\/\/www.instagram.com\/maranhao.tv","https:\/\/www.threads.net\/@maranhao.tv"]},{"@type":"Person","@id":"https:\/\/maranhaotv.com.br\/#\/schema\/person\/3d54238e86b20bb5c89ab2fdb8f8829a","name":"maranhaotv","image":{"@type":"ImageObject","inLanguage":"pt-BR","@id":"https:\/\/secure.gravatar.com\/avatar\/8fadbca458d4cb68b1dd399ae9a40618d747bb1af65ac9fad21c89220a143eb4?s=96&d=mm&r=g","url":"https:\/\/secure.gravatar.com\/avatar\/8fadbca458d4cb68b1dd399ae9a40618d747bb1af65ac9fad21c89220a143eb4?s=96&d=mm&r=g","contentUrl":"https:\/\/secure.gravatar.com\/avatar\/8fadbca458d4cb68b1dd399ae9a40618d747bb1af65ac9fad21c89220a143eb4?s=96&d=mm&r=g","caption":"maranhaotv"},"sameAs":["https:\/\/maranhaotv.com.br\/"],"url":"https:\/\/maranhaotv.com.br\/index.php\/author\/maranhaotv\/"}]}},"jetpack_featured_media_url":"https:\/\/maranhaotv.com.br\/wp-content\/uploads\/2025\/04\/images-2.jpeg","jetpack_sharing_enabled":true,"_links":{"self":[{"href":"https:\/\/maranhaotv.com.br\/index.php\/wp-json\/wp\/v2\/posts\/41306","targetHints":{"allow":["GET"]}}],"collection":[{"href":"https:\/\/maranhaotv.com.br\/index.php\/wp-json\/wp\/v2\/posts"}],"about":[{"href":"https:\/\/maranhaotv.com.br\/index.php\/wp-json\/wp\/v2\/types\/post"}],"author":[{"embeddable":true,"href":"https:\/\/maranhaotv.com.br\/index.php\/wp-json\/wp\/v2\/users\/2"}],"replies":[{"embeddable":true,"href":"https:\/\/maranhaotv.com.br\/index.php\/wp-json\/wp\/v2\/comments?post=41306"}],"version-history":[{"count":1,"href":"https:\/\/maranhaotv.com.br\/index.php\/wp-json\/wp\/v2\/posts\/41306\/revisions"}],"predecessor-version":[{"id":41308,"href":"https:\/\/maranhaotv.com.br\/index.php\/wp-json\/wp\/v2\/posts\/41306\/revisions\/41308"}],"wp:featuredmedia":[{"embeddable":true,"href":"https:\/\/maranhaotv.com.br\/index.php\/wp-json\/wp\/v2\/media\/41309"}],"wp:attachment":[{"href":"https:\/\/maranhaotv.com.br\/index.php\/wp-json\/wp\/v2\/media?parent=41306"}],"wp:term":[{"taxonomy":"category","embeddable":true,"href":"https:\/\/maranhaotv.com.br\/index.php\/wp-json\/wp\/v2\/categories?post=41306"},{"taxonomy":"post_tag","embeddable":true,"href":"https:\/\/maranhaotv.com.br\/index.php\/wp-json\/wp\/v2\/tags?post=41306"}],"curies":[{"name":"wp","href":"https:\/\/api.w.org\/{rel}","templated":true}]}}