{"id":41341,"date":"2025-04-10T11:01:07","date_gmt":"2025-04-10T14:01:07","guid":{"rendered":"https:\/\/maranhaotv.com.br\/?p=41341"},"modified":"2025-04-10T11:12:16","modified_gmt":"2025-04-10T14:12:16","slug":"desenvolvimento-pedro-lucas-articula-projeto-importante-para-a-logistica-nacional-com-apoio-de-autoridades-em-brasilia","status":"publish","type":"post","link":"https:\/\/maranhaotv.com.br\/index.php\/2025\/04\/10\/desenvolvimento-pedro-lucas-articula-projeto-importante-para-a-logistica-nacional-com-apoio-de-autoridades-em-brasilia\/","title":{"rendered":"Desenvolvimento: Pedro Lucas articula projeto importante para a log\u00edstica nacional com apoio de autoridades em Bras\u00edlia"},"content":{"rendered":"\n<p><br><br><br><strong><em>Projeto ser\u00e1 apresentado hoje (10) em Bras\u00edlia e \u00e9 apontado por especialistas como a \u201csolu\u00e7\u00e3o para a log\u00edstica do pa\u00eds\u201d<\/em><\/strong><br><br>O deputado federal Pedro Lucas Fernandes (Uni\u00e3o) tem uma miss\u00e3o importante em Bras\u00edlia: apresentar um grande projeto de transporte e log\u00edstica que pode ajudar no desenvolvimento do Maranh\u00e3o e de todo o Brasil.<br><br>Mesmo antes de ser cogitado para ser Ministro das Comunica\u00e7\u00f5es, Pedro Lucas j\u00e1 tinha marcado uma reuni\u00e3o com o vice-presidente da Rep\u00fablica, Geraldo Alckmin, e com o ministro do Desenvolvimento, Ind\u00fastria, Com\u00e9rcio e Servi\u00e7os. A reuni\u00e3o acontece nesta quinta-feira (10) e contar\u00e1 tamb\u00e9m com a presen\u00e7a do ex-governador Jos\u00e9 Reinaldo Tavares, que hoje \u00e9 secret\u00e1rio de Desenvolvimento Econ\u00f4mico.<br><br>Durante o encontro, eles v\u00e3o apresentar um projeto que liga o futuro Terminal Portu\u00e1rio de Alc\u00e2ntara \u00e0 ferrovia EF-317. A ideia \u00e9 melhorar o transporte de cargas no Brasil, facilitando o escoamento da produ\u00e7\u00e3o pelos portos. A ferrovia EF-317 foi apontada pelo Banco Mundial como essencial para melhorar a malha ferrovi\u00e1ria do pa\u00eds e lig\u00e1-la \u00e0 Ferrovia Norte-Sul, que j\u00e1 est\u00e1 pronta, mas precisa de liga\u00e7\u00e3o direta com os portos.<br><br>Especialistas afirmam que esse projeto pode ser uma solu\u00e7\u00e3o para os problemas de transporte do pa\u00eds. Segundo um estudo da Confedera\u00e7\u00e3o Nacional da Ind\u00fastria (CNI), s\u00f3 30% das estradas brasileiras est\u00e3o em boas condi\u00e7\u00f5es. Al\u00e9m disso, os portos est\u00e3o operando no limite e as obras de ferrovias demoram muito para ficar prontas.<br><br>Pedro Lucas tamb\u00e9m \u00e9 conhecido por defender o desenvolvimento das regi\u00f5es Norte e Nordeste. Ele criou a Frente Parlamentar em Defesa da Explora\u00e7\u00e3o da Margem Equatorial, \u00e1rea rica em petr\u00f3leo e g\u00e1s, que vai do Amap\u00e1 ao Rio Grande do Norte. Ao lado de Jos\u00e9 Reinaldo Tavares, Pedro Lucas tem um objetivo claro: ajudar o Maranh\u00e3o e o Brasil a crescerem com mais infraestrutura e oportunidades.<\/p>\n","protected":false},"excerpt":{"rendered":"<p>Projeto ser\u00e1 apresentado hoje (10) em Bras\u00edlia e \u00e9 apontado por especialistas como a \u201csolu\u00e7\u00e3o para a log\u00edstica do pa\u00eds\u201d<\/p>\n","protected":false},"author":2,"featured_media":41340,"comment_status":"open","ping_status":"open","sticky":false,"template":"","format":"standard","meta":{"colormag_page_container_layout":"default_layout","colormag_page_sidebar_layout":"default_layout","_jetpack_memberships_contains_paid_content":false,"footnotes":""},"categories":[2],"tags":[],"class_list":["post-41341","post","type-post","status-publish","format-standard","has-post-thumbnail","hentry","category-noticias"],"magazineBlocksPostFeaturedMedia":{"thumbnail":"https:\/\/maranhaotv.com.br\/wp-content\/uploads\/2025\/04\/IMG-20250410-WA0032-1-150x150.jpg","medium":"https:\/\/maranhaotv.com.br\/wp-content\/uploads\/2025\/04\/IMG-20250410-WA0032-1-300x187.jpg","medium_large":"https:\/\/maranhaotv.com.br\/wp-content\/uploads\/2025\/04\/IMG-20250410-WA0032-1-768x479.jpg","large":"https:\/\/maranhaotv.com.br\/wp-content\/uploads\/2025\/04\/IMG-20250410-WA0032-1-1024x638.jpg","1536x1536":"https:\/\/maranhaotv.com.br\/wp-content\/uploads\/2025\/04\/IMG-20250410-WA0032-1.jpg","2048x2048":"https:\/\/maranhaotv.com.br\/wp-content\/uploads\/2025\/04\/IMG-20250410-WA0032-1.jpg","colormag-highlighted-post":"https:\/\/maranhaotv.com.br\/wp-content\/uploads\/2025\/04\/IMG-20250410-WA0032-1-392x272.jpg","colormag-featured-post-medium":"https:\/\/maranhaotv.com.br\/wp-content\/uploads\/2025\/04\/IMG-20250410-WA0032-1-390x205.jpg","colormag-featured-post-small":"https:\/\/maranhaotv.com.br\/wp-content\/uploads\/2025\/04\/IMG-20250410-WA0032-1-130x90.jpg","colormag-featured-image":"https:\/\/maranhaotv.com.br\/wp-content\/uploads\/2025\/04\/IMG-20250410-WA0032-1-800x445.jpg","colormag-default-news":"https:\/\/maranhaotv.com.br\/wp-content\/uploads\/2025\/04\/IMG-20250410-WA0032-1-150x150.jpg","colormag-featured-image-large":"https:\/\/maranhaotv.com.br\/wp-content\/uploads\/2025\/04\/IMG-20250410-WA0032-1-1067x600.jpg"},"magazineBlocksPostAuthor":{"name":"maranhaotv","avatar":"https:\/\/secure.gravatar.com\/avatar\/8fadbca458d4cb68b1dd399ae9a40618d747bb1af65ac9fad21c89220a143eb4?s=96&d=mm&r=g"},"magazineBlocksPostCommentsNumber":"0","magazineBlocksPostExcerpt":"Projeto ser\u00e1 apresentado hoje (10) em Bras\u00edlia e \u00e9 apontado por especialistas como a \u201csolu\u00e7\u00e3o para a log\u00edstica do pa\u00eds\u201d","magazineBlocksPostCategories":["not\u00edcias"],"magazineBlocksPostViewCount":351,"magazineBlocksPostReadTime":2,"magazine_blocks_featured_image_url":{"full":["https:\/\/maranhaotv.com.br\/wp-content\/uploads\/2025\/04\/IMG-20250410-WA0032-1.jpg",1067,665,false],"medium":["https:\/\/maranhaotv.com.br\/wp-content\/uploads\/2025\/04\/IMG-20250410-WA0032-1-300x187.jpg",300,187,true],"thumbnail":["https:\/\/maranhaotv.com.br\/wp-content\/uploads\/2025\/04\/IMG-20250410-WA0032-1-150x150.jpg",150,150,true]},"magazine_blocks_author":{"display_name":"maranhaotv","author_link":"https:\/\/maranhaotv.com.br\/index.php\/author\/maranhaotv\/"},"magazine_blocks_comment":0,"magazine_blocks_author_image":"https:\/\/secure.gravatar.com\/avatar\/8fadbca458d4cb68b1dd399ae9a40618d747bb1af65ac9fad21c89220a143eb4?s=96&d=mm&r=g","magazine_blocks_category":"<a href=\"#\" class=\"category-link category-link-2\">not\u00edcias<\/a>","yoast_head":"<!-- This site is optimized with the Yoast SEO plugin v27.4 - https:\/\/yoast.com\/product\/yoast-seo-wordpress\/ -->\n<title>Desenvolvimento: Pedro Lucas articula projeto importante para a log\u00edstica nacional com apoio de autoridades em Bras\u00edlia - NOT\u00cdCIAS EM TEMPO REAL<\/title>\n<meta name=\"robots\" content=\"index, follow, max-snippet:-1, max-image-preview:large, max-video-preview:-1\" \/>\n<link rel=\"canonical\" href=\"https:\/\/maranhaotv.com.br\/index.php\/2025\/04\/10\/desenvolvimento-pedro-lucas-articula-projeto-importante-para-a-logistica-nacional-com-apoio-de-autoridades-em-brasilia\/\" \/>\n<meta property=\"og:locale\" content=\"pt_BR\" \/>\n<meta property=\"og:type\" content=\"article\" \/>\n<meta property=\"og:title\" content=\"Desenvolvimento: Pedro Lucas articula projeto importante para a log\u00edstica nacional com apoio de autoridades em Bras\u00edlia - NOT\u00cdCIAS EM TEMPO REAL\" \/>\n<meta property=\"og:description\" content=\"Projeto ser\u00e1 apresentado hoje (10) em Bras\u00edlia e \u00e9 apontado por especialistas como a \u201csolu\u00e7\u00e3o para a log\u00edstica do pa\u00eds\u201d\" \/>\n<meta property=\"og:url\" content=\"https:\/\/maranhaotv.com.br\/index.php\/2025\/04\/10\/desenvolvimento-pedro-lucas-articula-projeto-importante-para-a-logistica-nacional-com-apoio-de-autoridades-em-brasilia\/\" \/>\n<meta property=\"og:site_name\" content=\"NOT\u00cdCIAS EM TEMPO REAL\" \/>\n<meta property=\"article:publisher\" content=\"https:\/\/www.facebook.com\/maiobaotv\" \/>\n<meta property=\"article:published_time\" content=\"2025-04-10T14:01:07+00:00\" \/>\n<meta property=\"article:modified_time\" content=\"2025-04-10T14:12:16+00:00\" \/>\n<meta property=\"og:image\" content=\"https:\/\/maranhaotv.com.br\/wp-content\/uploads\/2025\/04\/IMG-20250410-WA0032-1.jpg\" \/>\n\t<meta property=\"og:image:width\" content=\"1067\" \/>\n\t<meta property=\"og:image:height\" content=\"665\" \/>\n\t<meta property=\"og:image:type\" content=\"image\/jpeg\" \/>\n<meta name=\"author\" content=\"maranhaotv\" \/>\n<meta name=\"twitter:card\" content=\"summary_large_image\" \/>\n<meta name=\"twitter:creator\" content=\"@sitemaranhaotv\" \/>\n<meta name=\"twitter:site\" content=\"@sitemaranhaotv\" \/>\n<meta name=\"twitter:label1\" content=\"Escrito por\" \/>\n\t<meta name=\"twitter:data1\" content=\"maranhaotv\" \/>\n\t<meta name=\"twitter:label2\" content=\"Est. tempo de leitura\" \/>\n\t<meta name=\"twitter:data2\" content=\"2 minutos\" \/>\n<script type=\"application\/ld+json\" class=\"yoast-schema-graph\">{\"@context\":\"https:\\\/\\\/schema.org\",\"@graph\":[{\"@type\":\"Article\",\"@id\":\"https:\\\/\\\/maranhaotv.com.br\\\/index.php\\\/2025\\\/04\\\/10\\\/desenvolvimento-pedro-lucas-articula-projeto-importante-para-a-logistica-nacional-com-apoio-de-autoridades-em-brasilia\\\/#article\",\"isPartOf\":{\"@id\":\"https:\\\/\\\/maranhaotv.com.br\\\/index.php\\\/2025\\\/04\\\/10\\\/desenvolvimento-pedro-lucas-articula-projeto-importante-para-a-logistica-nacional-com-apoio-de-autoridades-em-brasilia\\\/\"},\"author\":{\"name\":\"maranhaotv\",\"@id\":\"https:\\\/\\\/maranhaotv.com.br\\\/#\\\/schema\\\/person\\\/3d54238e86b20bb5c89ab2fdb8f8829a\"},\"headline\":\"Desenvolvimento: Pedro Lucas articula projeto importante para a log\u00edstica nacional com apoio de autoridades em Bras\u00edlia\",\"datePublished\":\"2025-04-10T14:01:07+00:00\",\"dateModified\":\"2025-04-10T14:12:16+00:00\",\"mainEntityOfPage\":{\"@id\":\"https:\\\/\\\/maranhaotv.com.br\\\/index.php\\\/2025\\\/04\\\/10\\\/desenvolvimento-pedro-lucas-articula-projeto-importante-para-a-logistica-nacional-com-apoio-de-autoridades-em-brasilia\\\/\"},\"wordCount\":350,\"commentCount\":0,\"publisher\":{\"@id\":\"https:\\\/\\\/maranhaotv.com.br\\\/#organization\"},\"image\":{\"@id\":\"https:\\\/\\\/maranhaotv.com.br\\\/index.php\\\/2025\\\/04\\\/10\\\/desenvolvimento-pedro-lucas-articula-projeto-importante-para-a-logistica-nacional-com-apoio-de-autoridades-em-brasilia\\\/#primaryimage\"},\"thumbnailUrl\":\"https:\\\/\\\/maranhaotv.com.br\\\/wp-content\\\/uploads\\\/2025\\\/04\\\/IMG-20250410-WA0032-1.jpg\",\"articleSection\":[\"not\u00edcias\"],\"inLanguage\":\"pt-BR\",\"potentialAction\":[{\"@type\":\"CommentAction\",\"name\":\"Comment\",\"target\":[\"https:\\\/\\\/maranhaotv.com.br\\\/index.php\\\/2025\\\/04\\\/10\\\/desenvolvimento-pedro-lucas-articula-projeto-importante-para-a-logistica-nacional-com-apoio-de-autoridades-em-brasilia\\\/#respond\"]}]},{\"@type\":\"WebPage\",\"@id\":\"https:\\\/\\\/maranhaotv.com.br\\\/index.php\\\/2025\\\/04\\\/10\\\/desenvolvimento-pedro-lucas-articula-projeto-importante-para-a-logistica-nacional-com-apoio-de-autoridades-em-brasilia\\\/\",\"url\":\"https:\\\/\\\/maranhaotv.com.br\\\/index.php\\\/2025\\\/04\\\/10\\\/desenvolvimento-pedro-lucas-articula-projeto-importante-para-a-logistica-nacional-com-apoio-de-autoridades-em-brasilia\\\/\",\"name\":\"Desenvolvimento: Pedro Lucas articula projeto importante para a log\u00edstica nacional com apoio de autoridades em Bras\u00edlia - NOT\u00cdCIAS EM TEMPO REAL\",\"isPartOf\":{\"@id\":\"https:\\\/\\\/maranhaotv.com.br\\\/#website\"},\"primaryImageOfPage\":{\"@id\":\"https:\\\/\\\/maranhaotv.com.br\\\/index.php\\\/2025\\\/04\\\/10\\\/desenvolvimento-pedro-lucas-articula-projeto-importante-para-a-logistica-nacional-com-apoio-de-autoridades-em-brasilia\\\/#primaryimage\"},\"image\":{\"@id\":\"https:\\\/\\\/maranhaotv.com.br\\\/index.php\\\/2025\\\/04\\\/10\\\/desenvolvimento-pedro-lucas-articula-projeto-importante-para-a-logistica-nacional-com-apoio-de-autoridades-em-brasilia\\\/#primaryimage\"},\"thumbnailUrl\":\"https:\\\/\\\/maranhaotv.com.br\\\/wp-content\\\/uploads\\\/2025\\\/04\\\/IMG-20250410-WA0032-1.jpg\",\"datePublished\":\"2025-04-10T14:01:07+00:00\",\"dateModified\":\"2025-04-10T14:12:16+00:00\",\"breadcrumb\":{\"@id\":\"https:\\\/\\\/maranhaotv.com.br\\\/index.php\\\/2025\\\/04\\\/10\\\/desenvolvimento-pedro-lucas-articula-projeto-importante-para-a-logistica-nacional-com-apoio-de-autoridades-em-brasilia\\\/#breadcrumb\"},\"inLanguage\":\"pt-BR\",\"potentialAction\":[{\"@type\":\"ReadAction\",\"target\":[\"https:\\\/\\\/maranhaotv.com.br\\\/index.php\\\/2025\\\/04\\\/10\\\/desenvolvimento-pedro-lucas-articula-projeto-importante-para-a-logistica-nacional-com-apoio-de-autoridades-em-brasilia\\\/\"]}]},{\"@type\":\"ImageObject\",\"inLanguage\":\"pt-BR\",\"@id\":\"https:\\\/\\\/maranhaotv.com.br\\\/index.php\\\/2025\\\/04\\\/10\\\/desenvolvimento-pedro-lucas-articula-projeto-importante-para-a-logistica-nacional-com-apoio-de-autoridades-em-brasilia\\\/#primaryimage\",\"url\":\"https:\\\/\\\/maranhaotv.com.br\\\/wp-content\\\/uploads\\\/2025\\\/04\\\/IMG-20250410-WA0032-1.jpg\",\"contentUrl\":\"https:\\\/\\\/maranhaotv.com.br\\\/wp-content\\\/uploads\\\/2025\\\/04\\\/IMG-20250410-WA0032-1.jpg\",\"width\":1067,\"height\":665},{\"@type\":\"BreadcrumbList\",\"@id\":\"https:\\\/\\\/maranhaotv.com.br\\\/index.php\\\/2025\\\/04\\\/10\\\/desenvolvimento-pedro-lucas-articula-projeto-importante-para-a-logistica-nacional-com-apoio-de-autoridades-em-brasilia\\\/#breadcrumb\",\"itemListElement\":[{\"@type\":\"ListItem\",\"position\":1,\"name\":\"In\u00edcio\",\"item\":\"https:\\\/\\\/maranhaotv.com.br\\\/\"},{\"@type\":\"ListItem\",\"position\":2,\"name\":\"Desenvolvimento: Pedro Lucas articula projeto importante para a log\u00edstica nacional com apoio de autoridades em Bras\u00edlia\"}]},{\"@type\":\"WebSite\",\"@id\":\"https:\\\/\\\/maranhaotv.com.br\\\/#website\",\"url\":\"https:\\\/\\\/maranhaotv.com.br\\\/\",\"name\":\"Maranh\u00e3oTV\",\"description\":\"\",\"publisher\":{\"@id\":\"https:\\\/\\\/maranhaotv.com.br\\\/#organization\"},\"potentialAction\":[{\"@type\":\"SearchAction\",\"target\":{\"@type\":\"EntryPoint\",\"urlTemplate\":\"https:\\\/\\\/maranhaotv.com.br\\\/?s={search_term_string}\"},\"query-input\":{\"@type\":\"PropertyValueSpecification\",\"valueRequired\":true,\"valueName\":\"search_term_string\"}}],\"inLanguage\":\"pt-BR\"},{\"@type\":\"Organization\",\"@id\":\"https:\\\/\\\/maranhaotv.com.br\\\/#organization\",\"name\":\"Portal de Not\u00edcias\",\"url\":\"https:\\\/\\\/maranhaotv.com.br\\\/\",\"logo\":{\"@type\":\"ImageObject\",\"inLanguage\":\"pt-BR\",\"@id\":\"https:\\\/\\\/maranhaotv.com.br\\\/#\\\/schema\\\/logo\\\/image\\\/\",\"url\":\"https:\\\/\\\/maranhaotv.com.br\\\/wp-content\\\/uploads\\\/2024\\\/05\\\/cropped-cropped-avatar-1.png\",\"contentUrl\":\"https:\\\/\\\/maranhaotv.com.br\\\/wp-content\\\/uploads\\\/2024\\\/05\\\/cropped-cropped-avatar-1.png\",\"width\":792,\"height\":428,\"caption\":\"Portal de Not\u00edcias\"},\"image\":{\"@id\":\"https:\\\/\\\/maranhaotv.com.br\\\/#\\\/schema\\\/logo\\\/image\\\/\"},\"sameAs\":[\"https:\\\/\\\/www.facebook.com\\\/maiobaotv\",\"https:\\\/\\\/x.com\\\/sitemaranhaotv\",\"https:\\\/\\\/www.instagram.com\\\/maranhao.tv\",\"https:\\\/\\\/www.threads.net\\\/@maranhao.tv\"]},{\"@type\":\"Person\",\"@id\":\"https:\\\/\\\/maranhaotv.com.br\\\/#\\\/schema\\\/person\\\/3d54238e86b20bb5c89ab2fdb8f8829a\",\"name\":\"maranhaotv\",\"image\":{\"@type\":\"ImageObject\",\"inLanguage\":\"pt-BR\",\"@id\":\"https:\\\/\\\/secure.gravatar.com\\\/avatar\\\/8fadbca458d4cb68b1dd399ae9a40618d747bb1af65ac9fad21c89220a143eb4?s=96&d=mm&r=g\",\"url\":\"https:\\\/\\\/secure.gravatar.com\\\/avatar\\\/8fadbca458d4cb68b1dd399ae9a40618d747bb1af65ac9fad21c89220a143eb4?s=96&d=mm&r=g\",\"contentUrl\":\"https:\\\/\\\/secure.gravatar.com\\\/avatar\\\/8fadbca458d4cb68b1dd399ae9a40618d747bb1af65ac9fad21c89220a143eb4?s=96&d=mm&r=g\",\"caption\":\"maranhaotv\"},\"sameAs\":[\"https:\\\/\\\/maranhaotv.com.br\\\/\"],\"url\":\"https:\\\/\\\/maranhaotv.com.br\\\/index.php\\\/author\\\/maranhaotv\\\/\"}]}<\/script>\n<!-- \/ Yoast SEO plugin. -->","yoast_head_json":{"title":"Desenvolvimento: Pedro Lucas articula projeto importante para a log\u00edstica nacional com apoio de autoridades em Bras\u00edlia - NOT\u00cdCIAS EM TEMPO REAL","robots":{"index":"index","follow":"follow","max-snippet":"max-snippet:-1","max-image-preview":"max-image-preview:large","max-video-preview":"max-video-preview:-1"},"canonical":"https:\/\/maranhaotv.com.br\/index.php\/2025\/04\/10\/desenvolvimento-pedro-lucas-articula-projeto-importante-para-a-logistica-nacional-com-apoio-de-autoridades-em-brasilia\/","og_locale":"pt_BR","og_type":"article","og_title":"Desenvolvimento: Pedro Lucas articula projeto importante para a log\u00edstica nacional com apoio de autoridades em Bras\u00edlia - NOT\u00cdCIAS EM TEMPO REAL","og_description":"Projeto ser\u00e1 apresentado hoje (10) em Bras\u00edlia e \u00e9 apontado por especialistas como a \u201csolu\u00e7\u00e3o para a log\u00edstica do pa\u00eds\u201d","og_url":"https:\/\/maranhaotv.com.br\/index.php\/2025\/04\/10\/desenvolvimento-pedro-lucas-articula-projeto-importante-para-a-logistica-nacional-com-apoio-de-autoridades-em-brasilia\/","og_site_name":"NOT\u00cdCIAS EM TEMPO REAL","article_publisher":"https:\/\/www.facebook.com\/maiobaotv","article_published_time":"2025-04-10T14:01:07+00:00","article_modified_time":"2025-04-10T14:12:16+00:00","og_image":[{"width":1067,"height":665,"url":"https:\/\/maranhaotv.com.br\/wp-content\/uploads\/2025\/04\/IMG-20250410-WA0032-1.jpg","type":"image\/jpeg"}],"author":"maranhaotv","twitter_card":"summary_large_image","twitter_creator":"@sitemaranhaotv","twitter_site":"@sitemaranhaotv","twitter_misc":{"Escrito por":"maranhaotv","Est. tempo de leitura":"2 minutos"},"schema":{"@context":"https:\/\/schema.org","@graph":[{"@type":"Article","@id":"https:\/\/maranhaotv.com.br\/index.php\/2025\/04\/10\/desenvolvimento-pedro-lucas-articula-projeto-importante-para-a-logistica-nacional-com-apoio-de-autoridades-em-brasilia\/#article","isPartOf":{"@id":"https:\/\/maranhaotv.com.br\/index.php\/2025\/04\/10\/desenvolvimento-pedro-lucas-articula-projeto-importante-para-a-logistica-nacional-com-apoio-de-autoridades-em-brasilia\/"},"author":{"name":"maranhaotv","@id":"https:\/\/maranhaotv.com.br\/#\/schema\/person\/3d54238e86b20bb5c89ab2fdb8f8829a"},"headline":"Desenvolvimento: Pedro Lucas articula projeto importante para a log\u00edstica nacional com apoio de autoridades em Bras\u00edlia","datePublished":"2025-04-10T14:01:07+00:00","dateModified":"2025-04-10T14:12:16+00:00","mainEntityOfPage":{"@id":"https:\/\/maranhaotv.com.br\/index.php\/2025\/04\/10\/desenvolvimento-pedro-lucas-articula-projeto-importante-para-a-logistica-nacional-com-apoio-de-autoridades-em-brasilia\/"},"wordCount":350,"commentCount":0,"publisher":{"@id":"https:\/\/maranhaotv.com.br\/#organization"},"image":{"@id":"https:\/\/maranhaotv.com.br\/index.php\/2025\/04\/10\/desenvolvimento-pedro-lucas-articula-projeto-importante-para-a-logistica-nacional-com-apoio-de-autoridades-em-brasilia\/#primaryimage"},"thumbnailUrl":"https:\/\/maranhaotv.com.br\/wp-content\/uploads\/2025\/04\/IMG-20250410-WA0032-1.jpg","articleSection":["not\u00edcias"],"inLanguage":"pt-BR","potentialAction":[{"@type":"CommentAction","name":"Comment","target":["https:\/\/maranhaotv.com.br\/index.php\/2025\/04\/10\/desenvolvimento-pedro-lucas-articula-projeto-importante-para-a-logistica-nacional-com-apoio-de-autoridades-em-brasilia\/#respond"]}]},{"@type":"WebPage","@id":"https:\/\/maranhaotv.com.br\/index.php\/2025\/04\/10\/desenvolvimento-pedro-lucas-articula-projeto-importante-para-a-logistica-nacional-com-apoio-de-autoridades-em-brasilia\/","url":"https:\/\/maranhaotv.com.br\/index.php\/2025\/04\/10\/desenvolvimento-pedro-lucas-articula-projeto-importante-para-a-logistica-nacional-com-apoio-de-autoridades-em-brasilia\/","name":"Desenvolvimento: Pedro Lucas articula projeto importante para a log\u00edstica nacional com apoio de autoridades em Bras\u00edlia - NOT\u00cdCIAS EM TEMPO REAL","isPartOf":{"@id":"https:\/\/maranhaotv.com.br\/#website"},"primaryImageOfPage":{"@id":"https:\/\/maranhaotv.com.br\/index.php\/2025\/04\/10\/desenvolvimento-pedro-lucas-articula-projeto-importante-para-a-logistica-nacional-com-apoio-de-autoridades-em-brasilia\/#primaryimage"},"image":{"@id":"https:\/\/maranhaotv.com.br\/index.php\/2025\/04\/10\/desenvolvimento-pedro-lucas-articula-projeto-importante-para-a-logistica-nacional-com-apoio-de-autoridades-em-brasilia\/#primaryimage"},"thumbnailUrl":"https:\/\/maranhaotv.com.br\/wp-content\/uploads\/2025\/04\/IMG-20250410-WA0032-1.jpg","datePublished":"2025-04-10T14:01:07+00:00","dateModified":"2025-04-10T14:12:16+00:00","breadcrumb":{"@id":"https:\/\/maranhaotv.com.br\/index.php\/2025\/04\/10\/desenvolvimento-pedro-lucas-articula-projeto-importante-para-a-logistica-nacional-com-apoio-de-autoridades-em-brasilia\/#breadcrumb"},"inLanguage":"pt-BR","potentialAction":[{"@type":"ReadAction","target":["https:\/\/maranhaotv.com.br\/index.php\/2025\/04\/10\/desenvolvimento-pedro-lucas-articula-projeto-importante-para-a-logistica-nacional-com-apoio-de-autoridades-em-brasilia\/"]}]},{"@type":"ImageObject","inLanguage":"pt-BR","@id":"https:\/\/maranhaotv.com.br\/index.php\/2025\/04\/10\/desenvolvimento-pedro-lucas-articula-projeto-importante-para-a-logistica-nacional-com-apoio-de-autoridades-em-brasilia\/#primaryimage","url":"https:\/\/maranhaotv.com.br\/wp-content\/uploads\/2025\/04\/IMG-20250410-WA0032-1.jpg","contentUrl":"https:\/\/maranhaotv.com.br\/wp-content\/uploads\/2025\/04\/IMG-20250410-WA0032-1.jpg","width":1067,"height":665},{"@type":"BreadcrumbList","@id":"https:\/\/maranhaotv.com.br\/index.php\/2025\/04\/10\/desenvolvimento-pedro-lucas-articula-projeto-importante-para-a-logistica-nacional-com-apoio-de-autoridades-em-brasilia\/#breadcrumb","itemListElement":[{"@type":"ListItem","position":1,"name":"In\u00edcio","item":"https:\/\/maranhaotv.com.br\/"},{"@type":"ListItem","position":2,"name":"Desenvolvimento: Pedro Lucas articula projeto importante para a log\u00edstica nacional com apoio de autoridades em Bras\u00edlia"}]},{"@type":"WebSite","@id":"https:\/\/maranhaotv.com.br\/#website","url":"https:\/\/maranhaotv.com.br\/","name":"Maranh\u00e3oTV","description":"","publisher":{"@id":"https:\/\/maranhaotv.com.br\/#organization"},"potentialAction":[{"@type":"SearchAction","target":{"@type":"EntryPoint","urlTemplate":"https:\/\/maranhaotv.com.br\/?s={search_term_string}"},"query-input":{"@type":"PropertyValueSpecification","valueRequired":true,"valueName":"search_term_string"}}],"inLanguage":"pt-BR"},{"@type":"Organization","@id":"https:\/\/maranhaotv.com.br\/#organization","name":"Portal de Not\u00edcias","url":"https:\/\/maranhaotv.com.br\/","logo":{"@type":"ImageObject","inLanguage":"pt-BR","@id":"https:\/\/maranhaotv.com.br\/#\/schema\/logo\/image\/","url":"https:\/\/maranhaotv.com.br\/wp-content\/uploads\/2024\/05\/cropped-cropped-avatar-1.png","contentUrl":"https:\/\/maranhaotv.com.br\/wp-content\/uploads\/2024\/05\/cropped-cropped-avatar-1.png","width":792,"height":428,"caption":"Portal de Not\u00edcias"},"image":{"@id":"https:\/\/maranhaotv.com.br\/#\/schema\/logo\/image\/"},"sameAs":["https:\/\/www.facebook.com\/maiobaotv","https:\/\/x.com\/sitemaranhaotv","https:\/\/www.instagram.com\/maranhao.tv","https:\/\/www.threads.net\/@maranhao.tv"]},{"@type":"Person","@id":"https:\/\/maranhaotv.com.br\/#\/schema\/person\/3d54238e86b20bb5c89ab2fdb8f8829a","name":"maranhaotv","image":{"@type":"ImageObject","inLanguage":"pt-BR","@id":"https:\/\/secure.gravatar.com\/avatar\/8fadbca458d4cb68b1dd399ae9a40618d747bb1af65ac9fad21c89220a143eb4?s=96&d=mm&r=g","url":"https:\/\/secure.gravatar.com\/avatar\/8fadbca458d4cb68b1dd399ae9a40618d747bb1af65ac9fad21c89220a143eb4?s=96&d=mm&r=g","contentUrl":"https:\/\/secure.gravatar.com\/avatar\/8fadbca458d4cb68b1dd399ae9a40618d747bb1af65ac9fad21c89220a143eb4?s=96&d=mm&r=g","caption":"maranhaotv"},"sameAs":["https:\/\/maranhaotv.com.br\/"],"url":"https:\/\/maranhaotv.com.br\/index.php\/author\/maranhaotv\/"}]}},"jetpack_featured_media_url":"https:\/\/maranhaotv.com.br\/wp-content\/uploads\/2025\/04\/IMG-20250410-WA0032-1.jpg","jetpack_sharing_enabled":true,"_links":{"self":[{"href":"https:\/\/maranhaotv.com.br\/index.php\/wp-json\/wp\/v2\/posts\/41341","targetHints":{"allow":["GET"]}}],"collection":[{"href":"https:\/\/maranhaotv.com.br\/index.php\/wp-json\/wp\/v2\/posts"}],"about":[{"href":"https:\/\/maranhaotv.com.br\/index.php\/wp-json\/wp\/v2\/types\/post"}],"author":[{"embeddable":true,"href":"https:\/\/maranhaotv.com.br\/index.php\/wp-json\/wp\/v2\/users\/2"}],"replies":[{"embeddable":true,"href":"https:\/\/maranhaotv.com.br\/index.php\/wp-json\/wp\/v2\/comments?post=41341"}],"version-history":[{"count":2,"href":"https:\/\/maranhaotv.com.br\/index.php\/wp-json\/wp\/v2\/posts\/41341\/revisions"}],"predecessor-version":[{"id":41343,"href":"https:\/\/maranhaotv.com.br\/index.php\/wp-json\/wp\/v2\/posts\/41341\/revisions\/41343"}],"wp:featuredmedia":[{"embeddable":true,"href":"https:\/\/maranhaotv.com.br\/index.php\/wp-json\/wp\/v2\/media\/41340"}],"wp:attachment":[{"href":"https:\/\/maranhaotv.com.br\/index.php\/wp-json\/wp\/v2\/media?parent=41341"}],"wp:term":[{"taxonomy":"category","embeddable":true,"href":"https:\/\/maranhaotv.com.br\/index.php\/wp-json\/wp\/v2\/categories?post=41341"},{"taxonomy":"post_tag","embeddable":true,"href":"https:\/\/maranhaotv.com.br\/index.php\/wp-json\/wp\/v2\/tags?post=41341"}],"curies":[{"name":"wp","href":"https:\/\/api.w.org\/{rel}","templated":true}]}}