{"id":41424,"date":"2025-04-13T15:58:15","date_gmt":"2025-04-13T18:58:15","guid":{"rendered":"https:\/\/maranhaotv.com.br\/?p=41424"},"modified":"2025-04-13T15:58:24","modified_gmt":"2025-04-13T18:58:24","slug":"fred-campos-completa-100-dias-de-gestao-com-mais-de-130-acoes-e-se-consagra-como-o-prefeito-mais-atuante-do-maranhao","status":"publish","type":"post","link":"https:\/\/maranhaotv.com.br\/index.php\/2025\/04\/13\/fred-campos-completa-100-dias-de-gestao-com-mais-de-130-acoes-e-se-consagra-como-o-prefeito-mais-atuante-do-maranhao\/","title":{"rendered":"Fred Campos completa 100 dias de gest\u00e3o com mais de 130 a\u00e7\u00f5es e se consagra como o prefeito mais atuante do Maranh\u00e3o."},"content":{"rendered":"\n<p><br>Pa\u00e7o do Lumiar vive um novo tempo. Um tempo de trabalho, de entrega, de reconstru\u00e7\u00e3o. Um tempo de esperan\u00e7a. E no centro dessa transforma\u00e7\u00e3o est\u00e1 um nome: Fred Campos, o prefeito que n\u00e3o perdeu tempo para arrega\u00e7ar as mangas e fazer hist\u00f3ria.<br>Nos primeiros 100 dias \u00e0 frente da Prefeitura, Fred protagonizou uma virada que impressiona: s\u00e3o mais de 130 a\u00e7\u00f5es realizadas em sa\u00fade, educa\u00e7\u00e3o, infraestrutura, cultura, esporte, assist\u00eancia social e desenvolvimento urbano. N\u00fameros que colocam Fred Campos como o prefeito mais atuante do Maranh\u00e3o nesse in\u00edcio de gest\u00e3o.<br>Do caos \u00e0 reconstru\u00e7\u00e3o.<br>Quando assumiu, encontrou uma cidade de cabe\u00e7a baixa. Sal\u00e1rios atrasados, contas bloqueadas, escolas sucateadas, postos de sa\u00fade desestruturados, ruas abandonadas. Mas ao inv\u00e9s de desculpas, Fred escolheu o caminho da coragem.<br><br>Quitou d\u00edvidas deixadas pela antiga gest\u00e3o, desbloqueou as contas do munic\u00edpio e deu in\u00edcio a uma verdadeira for\u00e7a-tarefa para devolver Pa\u00e7o do Lumiar ao seu povo.<br>100 dias, mais de 130 entregas.<br>Em pouco mais de tr\u00eas meses, Fred Campos entregou mais de 15 escolas reformadas e climatizadas, com salas dignas, ar-condicionado, estrutura moderna e respeito a professores e estudantes.<br>UBSs foram reformadas, o SAMU voltou a funcionar, o CAPS II foi revitalizado, e Pa\u00e7o ganhou o seu primeiro Centro de Combate Integrado \u00e0s Endemias e Zoonoses.<br>Al\u00e9m disso, a cidade passou a contar com o novo Centro de Especialidades e Diagn\u00f3stico, refer\u00eancia no cuidado a pessoas com Transtorno do Espectro Autista (TEA).<br>Obras por todos os lados.<br>As frentes de trabalho do Pavimenta Pa\u00e7o est\u00e3o espalhadas por diversos bairros, levando asfalto, bloquetes e infraestrutura onde antes s\u00f3 havia lama e poeira. O Ilumina Pa\u00e7o est\u00e1 trocando a ilumina\u00e7\u00e3o antiga por LED, trazendo mais seguran\u00e7a e dignidade para as ruas.<br>A nova sede da Prefeitura foi inaugurada, moderna, funcional e eficiente. Novas pra\u00e7as foram entregues, como a do bairro Mana\u00edra. Quadras esportivas, areninhas, a\u00e7\u00f5es ambientais e apoio ao empreendedorismo fazem parte de uma gest\u00e3o que pensa no presente e constr\u00f3i o futuro.<br>Educa\u00e7\u00e3o como prioridade.<br>Destaque para o programa EducaPa\u00e7o, um dos maiores do Maranh\u00e3o voltado ao contraturno escolar, que vai atender cerca de 10 mil crian\u00e7as e adolescentes com esporte, rob\u00f3tica, cultura, refor\u00e7o escolar e inclus\u00e3o digital. \u00c9 educa\u00e7\u00e3o com inova\u00e7\u00e3o, oportunidade e transforma\u00e7\u00e3o.<br>For\u00e7a das parcerias.<br>A gest\u00e3o de Fred Campos tamb\u00e9m mostra habilidade pol\u00edtica. Firmou parcerias fundamentais com o Governo do Estado do Maranh\u00e3o, com o Governo Federal e com \u00f3rg\u00e3os como CODEVASF, PROCON, Defensoria P\u00fablica e CTA.<br>Essas alian\u00e7as garantiram equipamentos, ve\u00edculos, investimentos e apoio t\u00e9cnico para as mais diversas \u00e1reas.<br>Uma gest\u00e3o com coragem, ritmo e resultado.<br>No \u00faltimo domingo, 13 de abril, Fred encerrou as a\u00e7\u00f5es dos 100 primeiros dias de gest\u00e3o.&nbsp; Ao lado da vice-prefeita Mariana Brand\u00e3o, do Governador do Maranh\u00e3o Carlos Brand\u00e3o, do Senador Weverton Rocha, da Presidente da Assembleia Legislativa do Maranh\u00e3o Iracema Vale, de vereadores do munic\u00edpio, secret\u00e1rios e comunidade, Fred entregou a a inaugura\u00e7\u00e3o da nova Feira Municipal da Vila Epit\u00e1cio Cafeteira, localizada na Rua 4, na pr\u00f3pria comunidade, a Pra\u00e7a do Paran\u00e3 I e duas Pra\u00e7as na Avenida 01 do Maiob\u00e3o.<br>\u201cN\u00e3o entrei na pol\u00edtica pra ser mais um. Entrei pra fazer a diferen\u00e7a. Encontrei um munic\u00edpio em situa\u00e7\u00e3o cr\u00edtica, mas nunca deixei o povo perder a esperan\u00e7a. E hoje, com muito trabalho e compromisso, mostramos que \u00e9 poss\u00edvel mudar a realidade de verdade. Esses 100 dias s\u00e3o s\u00f3 o come\u00e7o. Ainda tem muito por vir, e podem contar comigo todos os dias\u201d, pontuou Fred Campos, prefeito de Pa\u00e7o do Lumiar.<br>E vem muito mais pela frente.<br>Com um estilo arrojado, incans\u00e1vel e focado em resultados, Fred Campos est\u00e1 redefinindo o que \u00e9 governar Pa\u00e7o do Lumiar. Ele j\u00e1 deixou claro que sua meta n\u00e3o \u00e9 s\u00f3 administrar, \u00e9 transformar. E com esse ritmo de trabalho, o povo pode esperar muito mais.<br><br>Lista das A\u00e7\u00f5es dos 100 Primeiros Dias de Governo da Gest\u00e3o Fred Campos.<br><br>1. Nova Sede da Prefeitura Municipal de Pa\u00e7o do Lumiar \u2013 Agora com estrutura moderna e eficiente. (Parceria com o Governo do Estado do Maranh\u00e3o)<br>2. Reativa\u00e7\u00e3o do SAMU em Pa\u00e7o do Lumiar. <br>3. An\u00fancio da Nova Pra\u00e7a da Avenida 13 \u2013 Mais lazer e qualidade de vida. (Parceria com o Governo do Estado do Maranh\u00e3o)<br>4. Pagamento do 13\u00ba sal\u00e1rio e do m\u00eas de dezembro de 2024 \u2013 Compromisso com o servidor p\u00fablico.<br>5. Atualiza\u00e7\u00e3o Vacinal com recorde de vacina\u00e7\u00e3o.<br>6. Recebimento de uma P\u00e1 Carregadeira da CODEVASF \u2013 Mais infraestrutura para o munic\u00edpio.<br>7. Lan\u00e7amento do Programa Pavimenta Pa\u00e7o na Avenida Edson Lob\u00e3o &#8211; Vila S\u00e3o Jos\u00e9.<br>8. 100% das escolas municipais inseridas no Programa Sa\u00fade na Escola \u2013 Educa\u00e7\u00e3o e bem-estar lado a lado.<br>9. An\u00fancio da Reforma da Creche Sebastiana Sobreiro.<br>10. Desbloqueio das Contas do Munic\u00edpio \u2013 Transpar\u00eancia e responsabilidade financeira.<br>11. Lan\u00e7amento do Pavimenta Pa\u00e7o na Avenida dos Veteranos &#8211; Residencial Nova Vida.<br>12. A\u00e7\u00f5es de enfrentamento das enchentes \u2013 Garantindo seguran\u00e7a e preven\u00e7\u00e3o. (Parceria com o Governo do Estado do Maranh\u00e3o)<br>13. Lan\u00e7amento do Programa Ilumina Pa\u00e7o.<br>14. Lan\u00e7amento do Programa Limpa Pa\u00e7o \u2013 Cidade limpa e bem cuidada!<br>15. Ilumina Pa\u00e7o na sede do munic\u00edpio \u2013 Moderniza\u00e7\u00e3o da ilumina\u00e7\u00e3o p\u00fablica.<br>16. An\u00fancio do Pavimenta Pa\u00e7o no Residencial Safira \u2013 Melhorando a infraestrutura do bairro.<br>17. Limpeza e manuten\u00e7\u00e3o de po\u00e7os artesianos \u2013 \u00c1gua de qualidade para todos.<br>18. Pagamento da contribui\u00e7\u00e3o para escolas comunit\u00e1rias (nov\/dez 2024).<br>19. Entrega de kit enxoval para gestantes do munic\u00edpio \u2013 Cuidando das futuras mam\u00e3es.<br>20. Pavimenta\u00e7\u00e3o da Estrada do Guaruj\u00e1 com sarjeta e meio-fio. (Parceria com o Governo do Estado do Maranh\u00e3o)<br>21. An\u00fancio da Reforma da Escola Jos\u00e9 Raimundo Rubim. (Parceria com o Governo do Estado do Maranh\u00e3o)<br>22. An\u00fancio da chegada de 2 novos supermercados da Rede Mateus \u2013 Desenvolvimento econ\u00f4mico em alta!<br>23. Incentivo Adicional Financeiro (IFA) para ACS e ACE. (Parceria com o Governo Federal)<br>24. 1\u00ba Encontro de Gestores Municipais de Educa\u00e7\u00e3o \u2013 Capacita\u00e7\u00e3o e avan\u00e7o educacional.<br>25. Ilumina Pa\u00e7o no Loteamento Presidente Vargas e Santa Clara \u2013 Ruas mais seguras!<br>26. F\u00f3rum de Capacita\u00e7\u00e3o Janeiro Roxo &#8211; Fortalecendo a luta contra a hansen\u00edase com conhecimento e preven\u00e7\u00e3o.<br>27. Mutir\u00e3o de Oftalmologia e Ultrassom na UBS do Paran\u00e3 &#8211; Mais sa\u00fade para nossa gente! Atendimento oftalmol\u00f3gico e exames gratuitos.<br>28. Feira Viva \u2013 edi\u00e7\u00e3o Viva Maiob\u00e3o &#8211; Fomentando o empreendedorismo e fortalecendo a economia local.<br>29. Governo do Estado do Maranh\u00e3o presente nos 64 anos de Pa\u00e7o do Lumiar Uma parceria que celebra o passado e constr\u00f3i o futuro da nossa cidade.<br>30. Entrega da Pra\u00e7a Ren\u00ea Duarte &#8211; Mais lazer e qualidade de vida para a popula\u00e7\u00e3o! (Parceria com o Governo do Estado do Maranh\u00e3o)<br>31. Entrega da quadra do col\u00e9gio Militar 2 de Julho no Paran\u00e3 &#8211; Esporte e educa\u00e7\u00e3o caminhando juntos! (Parceria com o Governo do Estado do Maranh\u00e3o)<br>32. Entrega do complexo Pra\u00e7a e Areninha do Jaguarema &#8211; Espa\u00e7o de lazer e esportes para toda a comunidade. (Parceria com o Governo do Estado do Maranh\u00e3o)<br>33. An\u00fancio da cria\u00e7\u00e3o de 4 novas escolas militares &#8211; Mais oportunidades e educa\u00e7\u00e3o de qualidade! (Parceria com o Governo do Estado do Maranh\u00e3o)<br>34. Certifica\u00e7\u00e3o e Entrega de carrinhos do Mais Renda &#8211; Gerando trabalho e dignidade para os luminenses. (Parceria com o Governo do Estado do Maranh\u00e3o)<br>35. 3 anos da maternidade de Pa\u00e7o do Lumiar &#8211; Uma data especial para celebrar mais de XXX nascimentos. (Parceria com o Governo do Estado do Maranh\u00e3o)<br>36. An\u00fancio de 100 casas do programa Minha Casa, Minha Vida &#8211; O sonho da casa pr\u00f3pria mais perto da realidade! (Parceria com o Governo Federal)<br>37. Cinema Itinerante \u2013 Edi\u00e7\u00e3o Jaguarema &#8211; Cultura e divers\u00e3o acess\u00edvel para todas as idades.<br>38. Campanha de Multivacina\u00e7\u00e3o &#8211; Protegendo nossas crian\u00e7as e garantindo sa\u00fade para o futuro.<br>39. Entrega de caminh\u00e3o Mercedes Benz 0 KM da CODEVASF para o munic\u00edpio &#8211; Mais infraestrutura para atender nossa cidade com qualidade.<br>40. Apoio no 1\u00ba pr\u00e9-retiros culturais &#8211; Valorizando nossa cultura e fortalecendo a tradi\u00e7\u00e3o local.<br>41. Assinatura de decreto que reduz de 40 para 30 horas semanais a jornada dos professores da rede municipal &#8211; Respeito e valoriza\u00e7\u00e3o aos educadores de Pa\u00e7o do Lumiar.<br>42. Lan\u00e7amento Pavimenta Pa\u00e7o na Rua da F\u00e9 no Pau Deitado.<br>43. An\u00fancio da Nova Pra\u00e7a da Avenida 01 no Maiob\u00e3o! (Parceria com o Governo do Estado do Maranh\u00e3o)<br>44. Parceria com o Tribunal de Justi\u00e7a para regulariza\u00e7\u00e3o fundi\u00e1ria no Alto do Laranjal, Residencial Santa Clara, Lot. Presidente Vargas, Pau Deitado e Timbuba &#8211; Garantindo o direito \u00e0 moradia com seguran\u00e7a jur\u00eddica.<br>45. Lan\u00e7amento do Pavimenta Pa\u00e7o na Rua das Acerolas \u2013 Orqu\u00eddeas II &#8211; Mais asfalto, mais qualidade de vida!<br>46. Entrega dos Kits de Visitas Domiciliares para os gestores das unidades de sa\u00fade do munic\u00edpio.<br>47. Entrega da nova sede do SEMTRANS &#8211; Mobilidade e seguran\u00e7a para um tr\u00e2nsito mais organizado.<br>48. An\u00fancio da nova sede da Defensoria P\u00fablica do Estado aqui em Pa\u00e7o.<br>49. An\u00fancio de pavimenta\u00e7\u00e3o e cal\u00e7amento na Avenida 12 &#8211; Mais infraestrutura para os luminenses. (Parceria com o Governo do Estado do Maranh\u00e3o)<br>50. Limpa Pa\u00e7o no Lix\u00e3o da MA 204 &#8211; Pa\u00e7o mais limpo, mais organizado e com mais qualidade de vida.<br>51. Concretagem da Avenida Principal do Paran\u00e3 &#8211; Mais mobilidade para os luminenses!<br>52. Jornada Pedag\u00f3gica 2025 &#8211; Capacita\u00e7\u00e3o e planejamento para um ensino de qualidade.<br>53. Reformula\u00e7\u00e3o do programa Melhor em Casa &#8211; Atendimento domiciliar mais eficiente para quem precisa.<br>54. Parceria com a Delegacia de Pol\u00edcia Civil do Maiob\u00e3o para p\u00f4r fim aos lix\u00f5es &#8211; Seguran\u00e7a e meio ambiente caminhando juntos.<br>55. Chegada de aparelhos de ar-condicionado para as escolas municipais em Pa\u00e7o \u2013 Nevou em Pa\u00e7o. (PARCERIA COM O GOVERNO DO ESTADO DO MARANH\u00c3O).<br>56. Parceria com o PROCON para emiss\u00e3o de documentos para os nossos estudantes &#8211; Facilitando o acesso \u00e0 cidadania.<br>57. Recadastramento dos taxistas &#8211; Organizando e modernizando o transporte da cidade.<br>58. Lan\u00e7amento do Regulariza Pa\u00e7o com entrega de t\u00edtulos no Cohabiano X.<br>59. An\u00fancio do fardamento escolar para alunos da rede municipal e col\u00e9gio militar &#8211; Investindo na identidade e disciplina escolar.<br>60. An\u00fancio da reforma da UBS Merc\u00eas.<br>61. Treinamento Aero t\u00e1tico em parceria com o CTA &#8211; Capacita\u00e7\u00e3o para nossos agentes de seguran\u00e7a. (PARCERIA COM O GOVERNO DO ESTADO DO MARANH\u00c3O).<br>62. Prefeitura extingue mais de R$ 150 mil em cobran\u00e7as indevidas.<br>63. Apresenta\u00e7\u00e3o dos ve\u00edculos do transporte escolar &#8211; Mais conforto e seguran\u00e7a para os estudantes.<br>64. Lan\u00e7amento da Semana de Combate \u00e0 Dengue nas Escolas Maranhenses &#8211; Educa\u00e7\u00e3o e preven\u00e7\u00e3o em sa\u00fade.<br>65. An\u00fancio de 2 Unidades B\u00e1sicas de Sa\u00fade para Pa\u00e7o do Lumiar. (PARCERIA COM O GOVERNO DO ESTADO DO MARANH\u00c3O E GOVERNO FEDERAL).<br>66. Entrega de 78 tablets DMC para os agentes comunit\u00e1rios de sa\u00fade. (PARCERIA COM O GOVERNO FEDERAL).<br>67. Parceria com o UNIESF para desconto de 60% em cursos para servidores &#8211; Investindo na capacita\u00e7\u00e3o profissional.<br>68. Apoio na 1\u00aa Caminhada e Lavagem de Luz e Ax\u00e9 no Viva Maiob\u00e3o &#8211; Valorizando as tradi\u00e7\u00f5es culturais da nossa cidade.<br>69. Anunciada a reforma do pr\u00e9dio conhecido como \u201cTitanic\u201d, antigo espa\u00e7o da APAE de Pa\u00e7o do Lumiar.<br>70. An\u00fancio da constru\u00e7\u00e3o da nova Pra\u00e7a do bairro Mana\u00edra.<br>71. Apoio aos alunos da rede municipal para participarem de torneios de rob\u00f3tica em outros estados.<br>72. Pa\u00e7o do Lumiar recebeu uma retroescavadeira e um caminh\u00e3o \u00be doados pela CODEVASF, com apoio do deputado federal Duarte Jr.<br>73. Realiza\u00e7\u00e3o do \u201cCarna da Sa\u00fade\u201d com distribui\u00e7\u00e3o de preservativos, materiais educativos e orienta\u00e7\u00f5es sobre preven\u00e7\u00e3o de ISTs e promo\u00e7\u00e3o de h\u00e1bitos saud\u00e1veis.<br>74. Anunciada a reforma da Unidade B\u00e1sica de Sa\u00fade da Vila S\u00e3o Pedro, no bairro Pau Deitado.<br>75. Lan\u00e7ado o Pavimenta Pa\u00e7o nas ruas S\u00e3o Pedro e B, na Vila S\u00e3o Jos\u00e9 I.<br>76. Anunciada a reforma da Unidade B\u00e1sica de Sa\u00fade do bairro Copacabana.<br>77. Munic\u00edpio recebeu um novo trator agr\u00edcola, fruto de doa\u00e7\u00e3o da CODEVASF, fortalecendo o apoio \u00e0 agricultura local.<br>78. Lan\u00e7amento do Pavimenta Pa\u00e7o na Rua D, no Alto Paran\u00e3.<br>79. Anunciada a constru\u00e7\u00e3o da segunda pra\u00e7a da Avenida 01, no bairro Maiob\u00e3o.<br>80. Realizada a 1\u00aa edi\u00e7\u00e3o do evento &#8220;Flores\u00e7a \u2013 Cultivando a beleza da Mulher&#8221;, em homenagem ao Dia Internacional da Mulher.<br>81. An\u00fancio da reforma do Gin\u00e1sio Ciric\u00e3o, incentivando o esporte e a conviv\u00eancia comunit\u00e1ria.<br>82. Lan\u00e7ado o programa Pa\u00e7o Mais Renda, com entrega de carrinhos para pequenos empreendedores iniciarem ou ampliarem seus neg\u00f3cios.<br>83. Anunciada a constru\u00e7\u00e3o de uma quadra poliesportiva entre as escolas L\u00eada Tajra e T\u00e1cito Caldas.<br>84. Lan\u00e7ado o Pavimenta Pa\u00e7o na Avenida 01 do Residencial Mana\u00edra e na Avenida 01 do Residencial Cordeiro.<br>85. Munic\u00edpio recebeu um tatame ol\u00edmpico para as pr\u00e1ticas esportivas do programa Educa Pa\u00e7o.<br>86. Conclu\u00edda a semana de adapta\u00e7\u00e3o no Col\u00e9gio Militar 2 de Julho \u2013 Unidade XLIII Jos\u00e9 Carlos.<br>87. Regulariza Pa\u00e7o chega \u00e0 Vila Epit\u00e1cio Cafeteira com a entrega de t\u00edtulos de propriedade para fam\u00edlias da comunidade.<br>88. Retorno \u00e0s aulas na Escola Municipal Professor Jos\u00e9 Maria Ramos Martins com estrutura adequada.<br>89. Anunciada a constru\u00e7\u00e3o de uma quadra poliesportiva no Col\u00e9gio Militar 2 de Julho \u2013 Unidade XLI Monteiro Lobato.<br>90. Entregues motores de popa para fortalecer o trabalho dos pescadores luminenses.<br>91. Lan\u00e7ado o Pavimenta Pa\u00e7o na Avenida 3 do Mana\u00edra e na Rua B do Residencial Cordeiro.<br>92. Realiza\u00e7\u00e3o do evento \u201cElas Fazem Pa\u00e7o\u201d, na sede do munic\u00edpio, em parceria com o Governo do Estado do Maranh\u00e3o.<br>93. Anunciada a reforma da Unidade B\u00e1sica de Sa\u00fade da comunidade Itapera.<br>94. Anunciada a reforma da quadra esportiva do bairro Mocajutuba.<br>95. Inaugurada a Escola Municipal Integral Alana Ludmila, completamente reformada e climatizada.<br>96. Encerrada a semana de adapta\u00e7\u00e3o no Col\u00e9gio Militar 2 de Julho \u2013 Unidade Monteiro Lobato.<br>97. Inaugurada a Escola Municipal Emmanuel Aroso, totalmente reformada e climatizada, oferecendo mais conforto para alunos e profissionais.<br>98. Entregue o Ilumina Pa\u00e7o no Conjunto Roseana Sarney, com a substitui\u00e7\u00e3o completa por l\u00e2mpadas de LED.<br>99. Realizado o I Encontro Municipal da Educa\u00e7\u00e3o de Jovens e Adultos (EJA).<br>100. Lan\u00e7ado o Pavimenta Pa\u00e7o na Avenida da Uni\u00e3o, no Residencial Maria Firmina II.<br>101. Lan\u00e7ado o Pavimenta Pa\u00e7o na Rua 01 do Parque Horizonte.<br>102. Inaugurado o novo Centro Educacional S\u00e3o Francisco de Assis \u2013 CEFRAN, agora municipalizado e totalmente climatizado.<br>103. Inaugurada a reforma completa da Creche Municipal Integral Geralda Melo, no bairro Cotovelo.<br>104. Inaugurada a reforma da Escola Municipal Nascimento Moraes, na comunidade Itapera. Tudo no ar-condicionado.<br>105. A Escola Municipal Roberto Macieira, tamb\u00e9m localizada na Itapera foi reformada e climatizada.<br>106. A Escola Municipal Igua\u00edba passou por uma ampla reforma, climatiza\u00e7\u00e3o e agora conta com uma estrutura renovada para atender os estudantes da regi\u00e3o.<br>107. A Escola Municipal Maria Ferreira, no Igua\u00edba, tamb\u00e9m foi revitalizada e climatizada, refor\u00e7ando o compromisso com a educa\u00e7\u00e3o luminense.<br>108. A Unidade B\u00e1sica de Sa\u00fade (UBS) do Igua\u00edba foi entregue totalmente reformada, oferecendo melhores condi\u00e7\u00f5es de atendimento \u00e0 popula\u00e7\u00e3o.<br>109. A Prefeitura anunciou a constru\u00e7\u00e3o da nova quadra poliesportiva do Igua\u00edba, ampliando o acesso ao esporte e ao lazer.<br>110. Conclu\u00edda a reforma da Escola Municipal Carlos Cunha, na comunidade Igua\u00edba, com melhorias que garantem um ambiente mais adequado para o ensino.<br>111. Tamb\u00e9m no Igua\u00edba, a Escola Municipal Alcilene Moraes foi reformada, climatizada e entregue \u00e0 popula\u00e7\u00e3o escolar.<br>112. A Sede do munic\u00edpio agora conta com o novo Centro de Especialidades e Diagn\u00f3stico, que se tornou refer\u00eancia no atendimento especializado e para pessoas com Transtorno do Espectro Autista (TEA).<br>113. O programa Ilumina Pa\u00e7o chegou ao bairro Copacabana, promovendo mais seguran\u00e7a e qualidade de vida \u00e0 popula\u00e7\u00e3o.<br>114. Inaugura\u00e7\u00e3o da Rua 33, no Residencial Safira, que recebeu pavimenta\u00e7\u00e3o em bloquetes por meio do programa Pavimenta Pa\u00e7o.<br>115. Foi anunciada a constru\u00e7\u00e3o do novo pr\u00e9dio da Secretaria Municipal de Cultura, Esporte e Juventude, que ser\u00e1 erguido na Pra\u00e7a da Juventude, no Maiob\u00e3o.<br>116. A Rua 07, no Residencial Safira, tamb\u00e9m foi beneficiada com pavimenta\u00e7\u00e3o em bloquetes, dentro do Pavimenta Pa\u00e7o.<br>117. O Centro de Aten\u00e7\u00e3o Psicossocial (CAPS II), localizado na Avenida 14, no Maiob\u00e3o, foi reformado e entregue, fortalecendo o cuidado em sa\u00fade mental.<br>118. An\u00fancio da pavimenta\u00e7\u00e3o da Rua 09, no Residencial Safira.<br>119. Pa\u00e7o do Lumiar lan\u00e7ou o Programa de Inser\u00e7\u00e3o Gratuita do DIU, sendo o primeiro munic\u00edpio do Maranh\u00e3o a ofertar esse servi\u00e7o na Aten\u00e7\u00e3o Prim\u00e1ria.<br>120. An\u00fancio do Pavimenta Pa\u00e7o na Rua 35, no Residencial Safira.<br>121. A Escola Municipal Jo\u00e3o Galberto, na comunidade Tendal, foi reformada, climatizada e entregue com nova estrutura.<br>122. A Escola Municipal L\u00eada Tajra, na Sede do Pa\u00e7o, passou por reforma, climatiza\u00e7\u00e3o e foi reinaugurada.<br>123. A popula\u00e7\u00e3o da Sede do Pa\u00e7o recebeu o novo Col\u00e9gio Militar 2 de Julho \u2013 T\u00e1cito Caldas, ampliando as op\u00e7\u00f5es de ensino de qualidade.<br>124. Foi entregue a nova estrutura da Escola Municipal Maria de Lourdes, tamb\u00e9m na Sede do munic\u00edpio.<br>125. A nova Pra\u00e7a do Mana\u00edra foi inaugurada, em parceria com o Governo do Estado do Maranh\u00e3o, proporcionando mais lazer e conviv\u00eancia para a comunidade.<br>126. Lan\u00e7ado o programa EducaPa\u00e7o, que vai transformar o contraturno escolar com esporte, arte, cultura, tecnologia para cerca de 10 mil jovens e crian\u00e7as.<br>127. Em parceria com o Governo do Estado, a Prefeitura realizou um grande mutir\u00e3o de cirurgias de catarata e pter\u00edgio, no Hospital da Ilha.<br>128. Inaugurada a nova Quadra Poliesportiva Ciric\u00e3o, na Sede do Pa\u00e7o, fortalecendo as a\u00e7\u00f5es de incentivo ao esporte.<br>129. Realizada a\u00e7\u00e3o de limpeza e instala\u00e7\u00e3o dos Pontos de Entrega Volunt\u00e1ria (PEVs) na Praia Olho de Porco, refor\u00e7ando o compromisso com o meio ambiente e a sustentabilidade.<br>130. Realiza\u00e7\u00e3o do SESI Itinerante em Pa\u00e7o do Lumiar, com o apoio da Prefeitura e do Governo do Estado do Maranh\u00e3o.<br>131. Inaugura\u00e7\u00e3o da reforma da Unidade B\u00e1sica de Sa\u00fade (UBS) do bairro Copacabana.<br>132. Inaugura\u00e7\u00e3o da pavimenta\u00e7\u00e3o da Rua da F\u00e9, no bairro Pau Deitado, por meio do programa Pavimenta Pa\u00e7o.<br>133. Inaugura\u00e7\u00e3o da nova Unidade B\u00e1sica de Sa\u00fade (UBS) S\u00e3o Pedro, no bairro Pau Deitado.<br>134. Inaugura\u00e7\u00e3o da reforma da Escola Municipal Vereador Jos\u00e9 Ribamar Coelho, no bairro Pau Deitado.<br>135. Inaugura\u00e7\u00e3o da reforma da Escola Municipal Maria do Perp\u00e9tuo Socorro, tamb\u00e9m no bairro Pau Deitado.<br>136. Inaugura\u00e7\u00e3o do 1\u00ba Centro Luminense de Combate Integrado \u00e0s Endemias e Zoonoses do Maranh\u00e3o, localizado em Pa\u00e7o do Lumiar.<br>137. Inaugura\u00e7\u00e3o da Base Descentralizada do SAMU.<br>138. Entrega mais de 100 t\u00edtulos de propriedade na Comunidade Moj\u00f3.<br>139. Entrega nova Feira da Vila Epit\u00e1cio Cafeteira.<br>140. Entrega da Pra\u00e7a do Paran\u00e3.<br>141. Inaugura\u00e7\u00e3o das Pra\u00e7as da Avenida 01 \u2013 Maiob\u00e3o.<br><br>Pa\u00e7o do Lumiar vive hoje a gest\u00e3o que sempre sonhou. Uma gest\u00e3o que escuta, que age e que entrega. Fred Campos \u00e9 o nome da mudan\u00e7a. E o melhor ainda est\u00e1 por vir.<\/p>\n\n\n\n<figure class=\"wp-block-image size-large\"><img loading=\"lazy\" decoding=\"async\" width=\"1024\" height=\"682\" src=\"https:\/\/maranhaotv.com.br\/wp-content\/uploads\/2025\/04\/img-20250413-wa02297024126955820618026-1024x682.jpg\" alt=\"\" class=\"wp-image-41421\" srcset=\"https:\/\/maranhaotv.com.br\/wp-content\/uploads\/2025\/04\/img-20250413-wa02297024126955820618026-1024x682.jpg 1024w, https:\/\/maranhaotv.com.br\/wp-content\/uploads\/2025\/04\/img-20250413-wa02297024126955820618026-300x200.jpg 300w, https:\/\/maranhaotv.com.br\/wp-content\/uploads\/2025\/04\/img-20250413-wa02297024126955820618026-768x512.jpg 768w, https:\/\/maranhaotv.com.br\/wp-content\/uploads\/2025\/04\/img-20250413-wa02297024126955820618026-1536x1023.jpg 1536w, https:\/\/maranhaotv.com.br\/wp-content\/uploads\/2025\/04\/img-20250413-wa02297024126955820618026.jpg 1600w\" sizes=\"auto, (max-width: 1024px) 100vw, 1024px\" \/><\/figure>\n\n\n\n<figure class=\"wp-block-image\"><img loading=\"lazy\" decoding=\"async\" width=\"1024\" height=\"682\" src=\"https:\/\/maranhaotv.com.br\/wp-content\/uploads\/2025\/04\/img-20250413-wa02267925443571859862985-1024x682.jpg\" alt=\"\" class=\"wp-image-41419\" srcset=\"https:\/\/maranhaotv.com.br\/wp-content\/uploads\/2025\/04\/img-20250413-wa02267925443571859862985-1024x682.jpg 1024w, https:\/\/maranhaotv.com.br\/wp-content\/uploads\/2025\/04\/img-20250413-wa02267925443571859862985-300x200.jpg 300w, https:\/\/maranhaotv.com.br\/wp-content\/uploads\/2025\/04\/img-20250413-wa02267925443571859862985-768x512.jpg 768w, https:\/\/maranhaotv.com.br\/wp-content\/uploads\/2025\/04\/img-20250413-wa02267925443571859862985-1536x1023.jpg 1536w, https:\/\/maranhaotv.com.br\/wp-content\/uploads\/2025\/04\/img-20250413-wa02267925443571859862985.jpg 1600w\" sizes=\"auto, (max-width: 1024px) 100vw, 1024px\" \/><\/figure>\n\n\n\n<figure class=\"wp-block-image\"><img loading=\"lazy\" decoding=\"async\" width=\"1024\" height=\"682\" src=\"https:\/\/maranhaotv.com.br\/wp-content\/uploads\/2025\/04\/img-20250413-wa02286552970194592274567-1024x682.jpg\" alt=\"\" class=\"wp-image-41417\" srcset=\"https:\/\/maranhaotv.com.br\/wp-content\/uploads\/2025\/04\/img-20250413-wa02286552970194592274567-1024x682.jpg 1024w, https:\/\/maranhaotv.com.br\/wp-content\/uploads\/2025\/04\/img-20250413-wa02286552970194592274567-300x200.jpg 300w, https:\/\/maranhaotv.com.br\/wp-content\/uploads\/2025\/04\/img-20250413-wa02286552970194592274567-768x512.jpg 768w, https:\/\/maranhaotv.com.br\/wp-content\/uploads\/2025\/04\/img-20250413-wa02286552970194592274567-1536x1023.jpg 1536w, https:\/\/maranhaotv.com.br\/wp-content\/uploads\/2025\/04\/img-20250413-wa02286552970194592274567.jpg 1600w\" sizes=\"auto, (max-width: 1024px) 100vw, 1024px\" \/><\/figure>\n\n\n\n<figure class=\"wp-block-image\"><img loading=\"lazy\" decoding=\"async\" width=\"1024\" height=\"682\" src=\"https:\/\/maranhaotv.com.br\/wp-content\/uploads\/2025\/04\/img-20250413-wa02255018091680445655046-1024x682.jpg\" alt=\"\" class=\"wp-image-41418\" srcset=\"https:\/\/maranhaotv.com.br\/wp-content\/uploads\/2025\/04\/img-20250413-wa02255018091680445655046-1024x682.jpg 1024w, https:\/\/maranhaotv.com.br\/wp-content\/uploads\/2025\/04\/img-20250413-wa02255018091680445655046-300x200.jpg 300w, https:\/\/maranhaotv.com.br\/wp-content\/uploads\/2025\/04\/img-20250413-wa02255018091680445655046-768x512.jpg 768w, https:\/\/maranhaotv.com.br\/wp-content\/uploads\/2025\/04\/img-20250413-wa02255018091680445655046-1536x1023.jpg 1536w, https:\/\/maranhaotv.com.br\/wp-content\/uploads\/2025\/04\/img-20250413-wa02255018091680445655046.jpg 1600w\" sizes=\"auto, (max-width: 1024px) 100vw, 1024px\" \/><\/figure>\n\n\n\n<figure class=\"wp-block-image\"><img loading=\"lazy\" decoding=\"async\" width=\"1024\" height=\"682\" src=\"https:\/\/maranhaotv.com.br\/wp-content\/uploads\/2025\/04\/img-20250413-wa02243915594323664225559-1024x682.jpg\" alt=\"\" class=\"wp-image-41420\" srcset=\"https:\/\/maranhaotv.com.br\/wp-content\/uploads\/2025\/04\/img-20250413-wa02243915594323664225559-1024x682.jpg 1024w, https:\/\/maranhaotv.com.br\/wp-content\/uploads\/2025\/04\/img-20250413-wa02243915594323664225559-300x200.jpg 300w, https:\/\/maranhaotv.com.br\/wp-content\/uploads\/2025\/04\/img-20250413-wa02243915594323664225559-768x512.jpg 768w, https:\/\/maranhaotv.com.br\/wp-content\/uploads\/2025\/04\/img-20250413-wa02243915594323664225559-1536x1023.jpg 1536w, https:\/\/maranhaotv.com.br\/wp-content\/uploads\/2025\/04\/img-20250413-wa02243915594323664225559.jpg 1600w\" sizes=\"auto, (max-width: 1024px) 100vw, 1024px\" \/><\/figure>\n\n\n\n<figure class=\"wp-block-image\"><img loading=\"lazy\" decoding=\"async\" width=\"1024\" height=\"682\" src=\"https:\/\/maranhaotv.com.br\/wp-content\/uploads\/2025\/04\/img-20250413-wa02232838996304298131665-1024x682.jpg\" alt=\"\" class=\"wp-image-41422\" srcset=\"https:\/\/maranhaotv.com.br\/wp-content\/uploads\/2025\/04\/img-20250413-wa02232838996304298131665-1024x682.jpg 1024w, https:\/\/maranhaotv.com.br\/wp-content\/uploads\/2025\/04\/img-20250413-wa02232838996304298131665-300x200.jpg 300w, https:\/\/maranhaotv.com.br\/wp-content\/uploads\/2025\/04\/img-20250413-wa02232838996304298131665-768x512.jpg 768w, https:\/\/maranhaotv.com.br\/wp-content\/uploads\/2025\/04\/img-20250413-wa02232838996304298131665-1536x1023.jpg 1536w, https:\/\/maranhaotv.com.br\/wp-content\/uploads\/2025\/04\/img-20250413-wa02232838996304298131665.jpg 1600w\" sizes=\"auto, (max-width: 1024px) 100vw, 1024px\" \/><\/figure>\n","protected":false},"excerpt":{"rendered":"<p>Pa\u00e7o do Lumiar vive um novo tempo. Um tempo de trabalho, de entrega, de reconstru\u00e7\u00e3o. Um tempo de esperan\u00e7a. E<\/p>\n","protected":false},"author":2,"featured_media":41423,"comment_status":"open","ping_status":"open","sticky":false,"template":"","format":"standard","meta":{"colormag_page_container_layout":"default_layout","colormag_page_sidebar_layout":"default_layout","_jetpack_memberships_contains_paid_content":false,"footnotes":""},"categories":[6],"tags":[],"class_list":["post-41424","post","type-post","status-publish","format-standard","has-post-thumbnail","hentry","category-politica"],"magazineBlocksPostFeaturedMedia":{"thumbnail":"https:\/\/maranhaotv.com.br\/wp-content\/uploads\/2025\/04\/IMG-20250413-WA0227-150x150.jpg","medium":"https:\/\/maranhaotv.com.br\/wp-content\/uploads\/2025\/04\/IMG-20250413-WA0227-300x200.jpg","medium_large":"https:\/\/maranhaotv.com.br\/wp-content\/uploads\/2025\/04\/IMG-20250413-WA0227-768x512.jpg","large":"https:\/\/maranhaotv.com.br\/wp-content\/uploads\/2025\/04\/IMG-20250413-WA0227-1024x682.jpg","1536x1536":"https:\/\/maranhaotv.com.br\/wp-content\/uploads\/2025\/04\/IMG-20250413-WA0227-1536x1023.jpg","2048x2048":"https:\/\/maranhaotv.com.br\/wp-content\/uploads\/2025\/04\/IMG-20250413-WA0227.jpg","colormag-highlighted-post":"https:\/\/maranhaotv.com.br\/wp-content\/uploads\/2025\/04\/IMG-20250413-WA0227-392x272.jpg","colormag-featured-post-medium":"https:\/\/maranhaotv.com.br\/wp-content\/uploads\/2025\/04\/IMG-20250413-WA0227-390x205.jpg","colormag-featured-post-small":"https:\/\/maranhaotv.com.br\/wp-content\/uploads\/2025\/04\/IMG-20250413-WA0227-130x90.jpg","colormag-featured-image":"https:\/\/maranhaotv.com.br\/wp-content\/uploads\/2025\/04\/IMG-20250413-WA0227-800x445.jpg","colormag-default-news":"https:\/\/maranhaotv.com.br\/wp-content\/uploads\/2025\/04\/IMG-20250413-WA0227-150x150.jpg","colormag-featured-image-large":"https:\/\/maranhaotv.com.br\/wp-content\/uploads\/2025\/04\/IMG-20250413-WA0227-1400x600.jpg"},"magazineBlocksPostAuthor":{"name":"maranhaotv","avatar":"https:\/\/secure.gravatar.com\/avatar\/8fadbca458d4cb68b1dd399ae9a40618d747bb1af65ac9fad21c89220a143eb4?s=96&d=mm&r=g"},"magazineBlocksPostCommentsNumber":"0","magazineBlocksPostExcerpt":"Pa\u00e7o do Lumiar vive um novo tempo. Um tempo de trabalho, de entrega, de reconstru\u00e7\u00e3o. Um tempo de esperan\u00e7a. E","magazineBlocksPostCategories":["pol\u00edtica"],"magazineBlocksPostViewCount":475,"magazineBlocksPostReadTime":17,"magazine_blocks_featured_image_url":{"full":["https:\/\/maranhaotv.com.br\/wp-content\/uploads\/2025\/04\/IMG-20250413-WA0227.jpg",1600,1066,false],"medium":["https:\/\/maranhaotv.com.br\/wp-content\/uploads\/2025\/04\/IMG-20250413-WA0227-300x200.jpg",300,200,true],"thumbnail":["https:\/\/maranhaotv.com.br\/wp-content\/uploads\/2025\/04\/IMG-20250413-WA0227-150x150.jpg",150,150,true]},"magazine_blocks_author":{"display_name":"maranhaotv","author_link":"https:\/\/maranhaotv.com.br\/index.php\/author\/maranhaotv\/"},"magazine_blocks_comment":0,"magazine_blocks_author_image":"https:\/\/secure.gravatar.com\/avatar\/8fadbca458d4cb68b1dd399ae9a40618d747bb1af65ac9fad21c89220a143eb4?s=96&d=mm&r=g","magazine_blocks_category":"<a href=\"#\" class=\"category-link category-link-6\">pol\u00edtica<\/a>","yoast_head":"<!-- This site is optimized with the Yoast SEO plugin v27.4 - https:\/\/yoast.com\/product\/yoast-seo-wordpress\/ -->\n<title>Fred Campos completa 100 dias de gest\u00e3o com mais de 130 a\u00e7\u00f5es e se consagra como o prefeito mais atuante do Maranh\u00e3o. - NOT\u00cdCIAS EM TEMPO REAL<\/title>\n<meta name=\"robots\" content=\"index, follow, max-snippet:-1, max-image-preview:large, max-video-preview:-1\" \/>\n<link rel=\"canonical\" href=\"https:\/\/maranhaotv.com.br\/index.php\/2025\/04\/13\/fred-campos-completa-100-dias-de-gestao-com-mais-de-130-acoes-e-se-consagra-como-o-prefeito-mais-atuante-do-maranhao\/\" \/>\n<meta property=\"og:locale\" content=\"pt_BR\" \/>\n<meta property=\"og:type\" content=\"article\" \/>\n<meta property=\"og:title\" content=\"Fred Campos completa 100 dias de gest\u00e3o com mais de 130 a\u00e7\u00f5es e se consagra como o prefeito mais atuante do Maranh\u00e3o. - NOT\u00cdCIAS EM TEMPO REAL\" \/>\n<meta property=\"og:description\" content=\"Pa\u00e7o do Lumiar vive um novo tempo. Um tempo de trabalho, de entrega, de reconstru\u00e7\u00e3o. Um tempo de esperan\u00e7a. E\" \/>\n<meta property=\"og:url\" content=\"https:\/\/maranhaotv.com.br\/index.php\/2025\/04\/13\/fred-campos-completa-100-dias-de-gestao-com-mais-de-130-acoes-e-se-consagra-como-o-prefeito-mais-atuante-do-maranhao\/\" \/>\n<meta property=\"og:site_name\" content=\"NOT\u00cdCIAS EM TEMPO REAL\" \/>\n<meta property=\"article:publisher\" content=\"https:\/\/www.facebook.com\/maiobaotv\" \/>\n<meta property=\"article:published_time\" content=\"2025-04-13T18:58:15+00:00\" \/>\n<meta property=\"article:modified_time\" content=\"2025-04-13T18:58:24+00:00\" \/>\n<meta property=\"og:image\" content=\"https:\/\/maranhaotv.com.br\/wp-content\/uploads\/2025\/04\/IMG-20250413-WA0227.jpg\" \/>\n\t<meta property=\"og:image:width\" content=\"1600\" \/>\n\t<meta property=\"og:image:height\" content=\"1066\" \/>\n\t<meta property=\"og:image:type\" content=\"image\/jpeg\" \/>\n<meta name=\"author\" content=\"maranhaotv\" \/>\n<meta name=\"twitter:card\" content=\"summary_large_image\" \/>\n<meta name=\"twitter:creator\" content=\"@sitemaranhaotv\" \/>\n<meta name=\"twitter:site\" content=\"@sitemaranhaotv\" \/>\n<meta name=\"twitter:label1\" content=\"Escrito por\" \/>\n\t<meta name=\"twitter:data1\" content=\"maranhaotv\" \/>\n\t<meta name=\"twitter:label2\" content=\"Est. tempo de leitura\" \/>\n\t<meta name=\"twitter:data2\" content=\"17 minutos\" \/>\n<script type=\"application\/ld+json\" class=\"yoast-schema-graph\">{\"@context\":\"https:\\\/\\\/schema.org\",\"@graph\":[{\"@type\":\"Article\",\"@id\":\"https:\\\/\\\/maranhaotv.com.br\\\/index.php\\\/2025\\\/04\\\/13\\\/fred-campos-completa-100-dias-de-gestao-com-mais-de-130-acoes-e-se-consagra-como-o-prefeito-mais-atuante-do-maranhao\\\/#article\",\"isPartOf\":{\"@id\":\"https:\\\/\\\/maranhaotv.com.br\\\/index.php\\\/2025\\\/04\\\/13\\\/fred-campos-completa-100-dias-de-gestao-com-mais-de-130-acoes-e-se-consagra-como-o-prefeito-mais-atuante-do-maranhao\\\/\"},\"author\":{\"name\":\"maranhaotv\",\"@id\":\"https:\\\/\\\/maranhaotv.com.br\\\/#\\\/schema\\\/person\\\/3d54238e86b20bb5c89ab2fdb8f8829a\"},\"headline\":\"Fred Campos completa 100 dias de gest\u00e3o com mais de 130 a\u00e7\u00f5es e se consagra como o prefeito mais atuante do Maranh\u00e3o.\",\"datePublished\":\"2025-04-13T18:58:15+00:00\",\"dateModified\":\"2025-04-13T18:58:24+00:00\",\"mainEntityOfPage\":{\"@id\":\"https:\\\/\\\/maranhaotv.com.br\\\/index.php\\\/2025\\\/04\\\/13\\\/fred-campos-completa-100-dias-de-gestao-com-mais-de-130-acoes-e-se-consagra-como-o-prefeito-mais-atuante-do-maranhao\\\/\"},\"wordCount\":3328,\"commentCount\":0,\"publisher\":{\"@id\":\"https:\\\/\\\/maranhaotv.com.br\\\/#organization\"},\"image\":{\"@id\":\"https:\\\/\\\/maranhaotv.com.br\\\/index.php\\\/2025\\\/04\\\/13\\\/fred-campos-completa-100-dias-de-gestao-com-mais-de-130-acoes-e-se-consagra-como-o-prefeito-mais-atuante-do-maranhao\\\/#primaryimage\"},\"thumbnailUrl\":\"https:\\\/\\\/maranhaotv.com.br\\\/wp-content\\\/uploads\\\/2025\\\/04\\\/IMG-20250413-WA0227.jpg\",\"articleSection\":[\"pol\u00edtica\"],\"inLanguage\":\"pt-BR\",\"potentialAction\":[{\"@type\":\"CommentAction\",\"name\":\"Comment\",\"target\":[\"https:\\\/\\\/maranhaotv.com.br\\\/index.php\\\/2025\\\/04\\\/13\\\/fred-campos-completa-100-dias-de-gestao-com-mais-de-130-acoes-e-se-consagra-como-o-prefeito-mais-atuante-do-maranhao\\\/#respond\"]}]},{\"@type\":\"WebPage\",\"@id\":\"https:\\\/\\\/maranhaotv.com.br\\\/index.php\\\/2025\\\/04\\\/13\\\/fred-campos-completa-100-dias-de-gestao-com-mais-de-130-acoes-e-se-consagra-como-o-prefeito-mais-atuante-do-maranhao\\\/\",\"url\":\"https:\\\/\\\/maranhaotv.com.br\\\/index.php\\\/2025\\\/04\\\/13\\\/fred-campos-completa-100-dias-de-gestao-com-mais-de-130-acoes-e-se-consagra-como-o-prefeito-mais-atuante-do-maranhao\\\/\",\"name\":\"Fred Campos completa 100 dias de gest\u00e3o com mais de 130 a\u00e7\u00f5es e se consagra como o prefeito mais atuante do Maranh\u00e3o. - NOT\u00cdCIAS EM TEMPO REAL\",\"isPartOf\":{\"@id\":\"https:\\\/\\\/maranhaotv.com.br\\\/#website\"},\"primaryImageOfPage\":{\"@id\":\"https:\\\/\\\/maranhaotv.com.br\\\/index.php\\\/2025\\\/04\\\/13\\\/fred-campos-completa-100-dias-de-gestao-com-mais-de-130-acoes-e-se-consagra-como-o-prefeito-mais-atuante-do-maranhao\\\/#primaryimage\"},\"image\":{\"@id\":\"https:\\\/\\\/maranhaotv.com.br\\\/index.php\\\/2025\\\/04\\\/13\\\/fred-campos-completa-100-dias-de-gestao-com-mais-de-130-acoes-e-se-consagra-como-o-prefeito-mais-atuante-do-maranhao\\\/#primaryimage\"},\"thumbnailUrl\":\"https:\\\/\\\/maranhaotv.com.br\\\/wp-content\\\/uploads\\\/2025\\\/04\\\/IMG-20250413-WA0227.jpg\",\"datePublished\":\"2025-04-13T18:58:15+00:00\",\"dateModified\":\"2025-04-13T18:58:24+00:00\",\"breadcrumb\":{\"@id\":\"https:\\\/\\\/maranhaotv.com.br\\\/index.php\\\/2025\\\/04\\\/13\\\/fred-campos-completa-100-dias-de-gestao-com-mais-de-130-acoes-e-se-consagra-como-o-prefeito-mais-atuante-do-maranhao\\\/#breadcrumb\"},\"inLanguage\":\"pt-BR\",\"potentialAction\":[{\"@type\":\"ReadAction\",\"target\":[\"https:\\\/\\\/maranhaotv.com.br\\\/index.php\\\/2025\\\/04\\\/13\\\/fred-campos-completa-100-dias-de-gestao-com-mais-de-130-acoes-e-se-consagra-como-o-prefeito-mais-atuante-do-maranhao\\\/\"]}]},{\"@type\":\"ImageObject\",\"inLanguage\":\"pt-BR\",\"@id\":\"https:\\\/\\\/maranhaotv.com.br\\\/index.php\\\/2025\\\/04\\\/13\\\/fred-campos-completa-100-dias-de-gestao-com-mais-de-130-acoes-e-se-consagra-como-o-prefeito-mais-atuante-do-maranhao\\\/#primaryimage\",\"url\":\"https:\\\/\\\/maranhaotv.com.br\\\/wp-content\\\/uploads\\\/2025\\\/04\\\/IMG-20250413-WA0227.jpg\",\"contentUrl\":\"https:\\\/\\\/maranhaotv.com.br\\\/wp-content\\\/uploads\\\/2025\\\/04\\\/IMG-20250413-WA0227.jpg\",\"width\":1600,\"height\":1066},{\"@type\":\"BreadcrumbList\",\"@id\":\"https:\\\/\\\/maranhaotv.com.br\\\/index.php\\\/2025\\\/04\\\/13\\\/fred-campos-completa-100-dias-de-gestao-com-mais-de-130-acoes-e-se-consagra-como-o-prefeito-mais-atuante-do-maranhao\\\/#breadcrumb\",\"itemListElement\":[{\"@type\":\"ListItem\",\"position\":1,\"name\":\"In\u00edcio\",\"item\":\"https:\\\/\\\/maranhaotv.com.br\\\/\"},{\"@type\":\"ListItem\",\"position\":2,\"name\":\"Fred Campos completa 100 dias de gest\u00e3o com mais de 130 a\u00e7\u00f5es e se consagra como o prefeito mais atuante do Maranh\u00e3o.\"}]},{\"@type\":\"WebSite\",\"@id\":\"https:\\\/\\\/maranhaotv.com.br\\\/#website\",\"url\":\"https:\\\/\\\/maranhaotv.com.br\\\/\",\"name\":\"Maranh\u00e3oTV\",\"description\":\"\",\"publisher\":{\"@id\":\"https:\\\/\\\/maranhaotv.com.br\\\/#organization\"},\"potentialAction\":[{\"@type\":\"SearchAction\",\"target\":{\"@type\":\"EntryPoint\",\"urlTemplate\":\"https:\\\/\\\/maranhaotv.com.br\\\/?s={search_term_string}\"},\"query-input\":{\"@type\":\"PropertyValueSpecification\",\"valueRequired\":true,\"valueName\":\"search_term_string\"}}],\"inLanguage\":\"pt-BR\"},{\"@type\":\"Organization\",\"@id\":\"https:\\\/\\\/maranhaotv.com.br\\\/#organization\",\"name\":\"Portal de Not\u00edcias\",\"url\":\"https:\\\/\\\/maranhaotv.com.br\\\/\",\"logo\":{\"@type\":\"ImageObject\",\"inLanguage\":\"pt-BR\",\"@id\":\"https:\\\/\\\/maranhaotv.com.br\\\/#\\\/schema\\\/logo\\\/image\\\/\",\"url\":\"https:\\\/\\\/maranhaotv.com.br\\\/wp-content\\\/uploads\\\/2024\\\/05\\\/cropped-cropped-avatar-1.png\",\"contentUrl\":\"https:\\\/\\\/maranhaotv.com.br\\\/wp-content\\\/uploads\\\/2024\\\/05\\\/cropped-cropped-avatar-1.png\",\"width\":792,\"height\":428,\"caption\":\"Portal de Not\u00edcias\"},\"image\":{\"@id\":\"https:\\\/\\\/maranhaotv.com.br\\\/#\\\/schema\\\/logo\\\/image\\\/\"},\"sameAs\":[\"https:\\\/\\\/www.facebook.com\\\/maiobaotv\",\"https:\\\/\\\/x.com\\\/sitemaranhaotv\",\"https:\\\/\\\/www.instagram.com\\\/maranhao.tv\",\"https:\\\/\\\/www.threads.net\\\/@maranhao.tv\"]},{\"@type\":\"Person\",\"@id\":\"https:\\\/\\\/maranhaotv.com.br\\\/#\\\/schema\\\/person\\\/3d54238e86b20bb5c89ab2fdb8f8829a\",\"name\":\"maranhaotv\",\"image\":{\"@type\":\"ImageObject\",\"inLanguage\":\"pt-BR\",\"@id\":\"https:\\\/\\\/secure.gravatar.com\\\/avatar\\\/8fadbca458d4cb68b1dd399ae9a40618d747bb1af65ac9fad21c89220a143eb4?s=96&d=mm&r=g\",\"url\":\"https:\\\/\\\/secure.gravatar.com\\\/avatar\\\/8fadbca458d4cb68b1dd399ae9a40618d747bb1af65ac9fad21c89220a143eb4?s=96&d=mm&r=g\",\"contentUrl\":\"https:\\\/\\\/secure.gravatar.com\\\/avatar\\\/8fadbca458d4cb68b1dd399ae9a40618d747bb1af65ac9fad21c89220a143eb4?s=96&d=mm&r=g\",\"caption\":\"maranhaotv\"},\"sameAs\":[\"https:\\\/\\\/maranhaotv.com.br\\\/\"],\"url\":\"https:\\\/\\\/maranhaotv.com.br\\\/index.php\\\/author\\\/maranhaotv\\\/\"}]}<\/script>\n<!-- \/ Yoast SEO plugin. -->","yoast_head_json":{"title":"Fred Campos completa 100 dias de gest\u00e3o com mais de 130 a\u00e7\u00f5es e se consagra como o prefeito mais atuante do Maranh\u00e3o. - NOT\u00cdCIAS EM TEMPO REAL","robots":{"index":"index","follow":"follow","max-snippet":"max-snippet:-1","max-image-preview":"max-image-preview:large","max-video-preview":"max-video-preview:-1"},"canonical":"https:\/\/maranhaotv.com.br\/index.php\/2025\/04\/13\/fred-campos-completa-100-dias-de-gestao-com-mais-de-130-acoes-e-se-consagra-como-o-prefeito-mais-atuante-do-maranhao\/","og_locale":"pt_BR","og_type":"article","og_title":"Fred Campos completa 100 dias de gest\u00e3o com mais de 130 a\u00e7\u00f5es e se consagra como o prefeito mais atuante do Maranh\u00e3o. - NOT\u00cdCIAS EM TEMPO REAL","og_description":"Pa\u00e7o do Lumiar vive um novo tempo. Um tempo de trabalho, de entrega, de reconstru\u00e7\u00e3o. Um tempo de esperan\u00e7a. E","og_url":"https:\/\/maranhaotv.com.br\/index.php\/2025\/04\/13\/fred-campos-completa-100-dias-de-gestao-com-mais-de-130-acoes-e-se-consagra-como-o-prefeito-mais-atuante-do-maranhao\/","og_site_name":"NOT\u00cdCIAS EM TEMPO REAL","article_publisher":"https:\/\/www.facebook.com\/maiobaotv","article_published_time":"2025-04-13T18:58:15+00:00","article_modified_time":"2025-04-13T18:58:24+00:00","og_image":[{"width":1600,"height":1066,"url":"https:\/\/maranhaotv.com.br\/wp-content\/uploads\/2025\/04\/IMG-20250413-WA0227.jpg","type":"image\/jpeg"}],"author":"maranhaotv","twitter_card":"summary_large_image","twitter_creator":"@sitemaranhaotv","twitter_site":"@sitemaranhaotv","twitter_misc":{"Escrito por":"maranhaotv","Est. tempo de leitura":"17 minutos"},"schema":{"@context":"https:\/\/schema.org","@graph":[{"@type":"Article","@id":"https:\/\/maranhaotv.com.br\/index.php\/2025\/04\/13\/fred-campos-completa-100-dias-de-gestao-com-mais-de-130-acoes-e-se-consagra-como-o-prefeito-mais-atuante-do-maranhao\/#article","isPartOf":{"@id":"https:\/\/maranhaotv.com.br\/index.php\/2025\/04\/13\/fred-campos-completa-100-dias-de-gestao-com-mais-de-130-acoes-e-se-consagra-como-o-prefeito-mais-atuante-do-maranhao\/"},"author":{"name":"maranhaotv","@id":"https:\/\/maranhaotv.com.br\/#\/schema\/person\/3d54238e86b20bb5c89ab2fdb8f8829a"},"headline":"Fred Campos completa 100 dias de gest\u00e3o com mais de 130 a\u00e7\u00f5es e se consagra como o prefeito mais atuante do Maranh\u00e3o.","datePublished":"2025-04-13T18:58:15+00:00","dateModified":"2025-04-13T18:58:24+00:00","mainEntityOfPage":{"@id":"https:\/\/maranhaotv.com.br\/index.php\/2025\/04\/13\/fred-campos-completa-100-dias-de-gestao-com-mais-de-130-acoes-e-se-consagra-como-o-prefeito-mais-atuante-do-maranhao\/"},"wordCount":3328,"commentCount":0,"publisher":{"@id":"https:\/\/maranhaotv.com.br\/#organization"},"image":{"@id":"https:\/\/maranhaotv.com.br\/index.php\/2025\/04\/13\/fred-campos-completa-100-dias-de-gestao-com-mais-de-130-acoes-e-se-consagra-como-o-prefeito-mais-atuante-do-maranhao\/#primaryimage"},"thumbnailUrl":"https:\/\/maranhaotv.com.br\/wp-content\/uploads\/2025\/04\/IMG-20250413-WA0227.jpg","articleSection":["pol\u00edtica"],"inLanguage":"pt-BR","potentialAction":[{"@type":"CommentAction","name":"Comment","target":["https:\/\/maranhaotv.com.br\/index.php\/2025\/04\/13\/fred-campos-completa-100-dias-de-gestao-com-mais-de-130-acoes-e-se-consagra-como-o-prefeito-mais-atuante-do-maranhao\/#respond"]}]},{"@type":"WebPage","@id":"https:\/\/maranhaotv.com.br\/index.php\/2025\/04\/13\/fred-campos-completa-100-dias-de-gestao-com-mais-de-130-acoes-e-se-consagra-como-o-prefeito-mais-atuante-do-maranhao\/","url":"https:\/\/maranhaotv.com.br\/index.php\/2025\/04\/13\/fred-campos-completa-100-dias-de-gestao-com-mais-de-130-acoes-e-se-consagra-como-o-prefeito-mais-atuante-do-maranhao\/","name":"Fred Campos completa 100 dias de gest\u00e3o com mais de 130 a\u00e7\u00f5es e se consagra como o prefeito mais atuante do Maranh\u00e3o. - NOT\u00cdCIAS EM TEMPO REAL","isPartOf":{"@id":"https:\/\/maranhaotv.com.br\/#website"},"primaryImageOfPage":{"@id":"https:\/\/maranhaotv.com.br\/index.php\/2025\/04\/13\/fred-campos-completa-100-dias-de-gestao-com-mais-de-130-acoes-e-se-consagra-como-o-prefeito-mais-atuante-do-maranhao\/#primaryimage"},"image":{"@id":"https:\/\/maranhaotv.com.br\/index.php\/2025\/04\/13\/fred-campos-completa-100-dias-de-gestao-com-mais-de-130-acoes-e-se-consagra-como-o-prefeito-mais-atuante-do-maranhao\/#primaryimage"},"thumbnailUrl":"https:\/\/maranhaotv.com.br\/wp-content\/uploads\/2025\/04\/IMG-20250413-WA0227.jpg","datePublished":"2025-04-13T18:58:15+00:00","dateModified":"2025-04-13T18:58:24+00:00","breadcrumb":{"@id":"https:\/\/maranhaotv.com.br\/index.php\/2025\/04\/13\/fred-campos-completa-100-dias-de-gestao-com-mais-de-130-acoes-e-se-consagra-como-o-prefeito-mais-atuante-do-maranhao\/#breadcrumb"},"inLanguage":"pt-BR","potentialAction":[{"@type":"ReadAction","target":["https:\/\/maranhaotv.com.br\/index.php\/2025\/04\/13\/fred-campos-completa-100-dias-de-gestao-com-mais-de-130-acoes-e-se-consagra-como-o-prefeito-mais-atuante-do-maranhao\/"]}]},{"@type":"ImageObject","inLanguage":"pt-BR","@id":"https:\/\/maranhaotv.com.br\/index.php\/2025\/04\/13\/fred-campos-completa-100-dias-de-gestao-com-mais-de-130-acoes-e-se-consagra-como-o-prefeito-mais-atuante-do-maranhao\/#primaryimage","url":"https:\/\/maranhaotv.com.br\/wp-content\/uploads\/2025\/04\/IMG-20250413-WA0227.jpg","contentUrl":"https:\/\/maranhaotv.com.br\/wp-content\/uploads\/2025\/04\/IMG-20250413-WA0227.jpg","width":1600,"height":1066},{"@type":"BreadcrumbList","@id":"https:\/\/maranhaotv.com.br\/index.php\/2025\/04\/13\/fred-campos-completa-100-dias-de-gestao-com-mais-de-130-acoes-e-se-consagra-como-o-prefeito-mais-atuante-do-maranhao\/#breadcrumb","itemListElement":[{"@type":"ListItem","position":1,"name":"In\u00edcio","item":"https:\/\/maranhaotv.com.br\/"},{"@type":"ListItem","position":2,"name":"Fred Campos completa 100 dias de gest\u00e3o com mais de 130 a\u00e7\u00f5es e se consagra como o prefeito mais atuante do Maranh\u00e3o."}]},{"@type":"WebSite","@id":"https:\/\/maranhaotv.com.br\/#website","url":"https:\/\/maranhaotv.com.br\/","name":"Maranh\u00e3oTV","description":"","publisher":{"@id":"https:\/\/maranhaotv.com.br\/#organization"},"potentialAction":[{"@type":"SearchAction","target":{"@type":"EntryPoint","urlTemplate":"https:\/\/maranhaotv.com.br\/?s={search_term_string}"},"query-input":{"@type":"PropertyValueSpecification","valueRequired":true,"valueName":"search_term_string"}}],"inLanguage":"pt-BR"},{"@type":"Organization","@id":"https:\/\/maranhaotv.com.br\/#organization","name":"Portal de Not\u00edcias","url":"https:\/\/maranhaotv.com.br\/","logo":{"@type":"ImageObject","inLanguage":"pt-BR","@id":"https:\/\/maranhaotv.com.br\/#\/schema\/logo\/image\/","url":"https:\/\/maranhaotv.com.br\/wp-content\/uploads\/2024\/05\/cropped-cropped-avatar-1.png","contentUrl":"https:\/\/maranhaotv.com.br\/wp-content\/uploads\/2024\/05\/cropped-cropped-avatar-1.png","width":792,"height":428,"caption":"Portal de Not\u00edcias"},"image":{"@id":"https:\/\/maranhaotv.com.br\/#\/schema\/logo\/image\/"},"sameAs":["https:\/\/www.facebook.com\/maiobaotv","https:\/\/x.com\/sitemaranhaotv","https:\/\/www.instagram.com\/maranhao.tv","https:\/\/www.threads.net\/@maranhao.tv"]},{"@type":"Person","@id":"https:\/\/maranhaotv.com.br\/#\/schema\/person\/3d54238e86b20bb5c89ab2fdb8f8829a","name":"maranhaotv","image":{"@type":"ImageObject","inLanguage":"pt-BR","@id":"https:\/\/secure.gravatar.com\/avatar\/8fadbca458d4cb68b1dd399ae9a40618d747bb1af65ac9fad21c89220a143eb4?s=96&d=mm&r=g","url":"https:\/\/secure.gravatar.com\/avatar\/8fadbca458d4cb68b1dd399ae9a40618d747bb1af65ac9fad21c89220a143eb4?s=96&d=mm&r=g","contentUrl":"https:\/\/secure.gravatar.com\/avatar\/8fadbca458d4cb68b1dd399ae9a40618d747bb1af65ac9fad21c89220a143eb4?s=96&d=mm&r=g","caption":"maranhaotv"},"sameAs":["https:\/\/maranhaotv.com.br\/"],"url":"https:\/\/maranhaotv.com.br\/index.php\/author\/maranhaotv\/"}]}},"jetpack_featured_media_url":"https:\/\/maranhaotv.com.br\/wp-content\/uploads\/2025\/04\/IMG-20250413-WA0227.jpg","jetpack_sharing_enabled":true,"_links":{"self":[{"href":"https:\/\/maranhaotv.com.br\/index.php\/wp-json\/wp\/v2\/posts\/41424","targetHints":{"allow":["GET"]}}],"collection":[{"href":"https:\/\/maranhaotv.com.br\/index.php\/wp-json\/wp\/v2\/posts"}],"about":[{"href":"https:\/\/maranhaotv.com.br\/index.php\/wp-json\/wp\/v2\/types\/post"}],"author":[{"embeddable":true,"href":"https:\/\/maranhaotv.com.br\/index.php\/wp-json\/wp\/v2\/users\/2"}],"replies":[{"embeddable":true,"href":"https:\/\/maranhaotv.com.br\/index.php\/wp-json\/wp\/v2\/comments?post=41424"}],"version-history":[{"count":1,"href":"https:\/\/maranhaotv.com.br\/index.php\/wp-json\/wp\/v2\/posts\/41424\/revisions"}],"predecessor-version":[{"id":41425,"href":"https:\/\/maranhaotv.com.br\/index.php\/wp-json\/wp\/v2\/posts\/41424\/revisions\/41425"}],"wp:featuredmedia":[{"embeddable":true,"href":"https:\/\/maranhaotv.com.br\/index.php\/wp-json\/wp\/v2\/media\/41423"}],"wp:attachment":[{"href":"https:\/\/maranhaotv.com.br\/index.php\/wp-json\/wp\/v2\/media?parent=41424"}],"wp:term":[{"taxonomy":"category","embeddable":true,"href":"https:\/\/maranhaotv.com.br\/index.php\/wp-json\/wp\/v2\/categories?post=41424"},{"taxonomy":"post_tag","embeddable":true,"href":"https:\/\/maranhaotv.com.br\/index.php\/wp-json\/wp\/v2\/tags?post=41424"}],"curies":[{"name":"wp","href":"https:\/\/api.w.org\/{rel}","templated":true}]}}