{"id":41803,"date":"2025-04-30T21:20:24","date_gmt":"2025-05-01T00:20:24","guid":{"rendered":"https:\/\/maranhaotv.com.br\/?p=41803"},"modified":"2025-04-30T21:21:54","modified_gmt":"2025-05-01T00:21:54","slug":"lucas-bessa-marca-presenca-na-arena-itaipava-na-abcz-2025","status":"publish","type":"post","link":"https:\/\/maranhaotv.com.br\/index.php\/2025\/04\/30\/lucas-bessa-marca-presenca-na-arena-itaipava-na-abcz-2025\/","title":{"rendered":"Lucas Bessa marca presen\u00e7a na Arena Itaipava na Abcz 2025"},"content":{"rendered":"\n<p><br>&nbsp; <br>Lucas bessa esteve na 90\u00aa edi\u00e7\u00e3o da ExpoZebu, realizada no tradicional Parque Fernando Costa, em Uberaba (MG) <br> O badalado e chique Lucas Bessa marcou presen\u00e7a na Arena Itaipava ABCZ 2025 onde curtiu com amigos!<br> Lucas Bessa segue marcando presen\u00e7a em v\u00e1rios eventos , Shows , leil\u00f5es , eventos d\u00ea agroneg\u00f3cios da Abcz 2025 !<br>Lucas decalcara \u201cA ExpoZebu 2025 se firma, mais uma vez, como um marco de inova\u00e7\u00e3o, tradi\u00e7\u00e3o e neg\u00f3cios de alto valor !<\/p>\n\n\n\n<figure class=\"wp-block-image size-large\"><img loading=\"lazy\" decoding=\"async\" width=\"824\" height=\"1024\" src=\"https:\/\/maranhaotv.com.br\/wp-content\/uploads\/2025\/04\/img-20250430-wa01856644244753346948609-824x1024.jpg\" alt=\"\" class=\"wp-image-41800\" srcset=\"https:\/\/maranhaotv.com.br\/wp-content\/uploads\/2025\/04\/img-20250430-wa01856644244753346948609-824x1024.jpg 824w, https:\/\/maranhaotv.com.br\/wp-content\/uploads\/2025\/04\/img-20250430-wa01856644244753346948609-241x300.jpg 241w, https:\/\/maranhaotv.com.br\/wp-content\/uploads\/2025\/04\/img-20250430-wa01856644244753346948609-768x954.jpg 768w, https:\/\/maranhaotv.com.br\/wp-content\/uploads\/2025\/04\/img-20250430-wa01856644244753346948609.jpg 1030w\" sizes=\"auto, (max-width: 824px) 100vw, 824px\" \/><\/figure>\n\n\n\n<figure class=\"wp-block-image\"><img loading=\"lazy\" decoding=\"async\" width=\"694\" height=\"1024\" src=\"https:\/\/maranhaotv.com.br\/wp-content\/uploads\/2025\/04\/img-20250430-wa01861629320446048545371-694x1024.jpg\" alt=\"\" class=\"wp-image-41801\" srcset=\"https:\/\/maranhaotv.com.br\/wp-content\/uploads\/2025\/04\/img-20250430-wa01861629320446048545371-694x1024.jpg 694w, https:\/\/maranhaotv.com.br\/wp-content\/uploads\/2025\/04\/img-20250430-wa01861629320446048545371-203x300.jpg 203w, https:\/\/maranhaotv.com.br\/wp-content\/uploads\/2025\/04\/img-20250430-wa01861629320446048545371-768x1134.jpg 768w, https:\/\/maranhaotv.com.br\/wp-content\/uploads\/2025\/04\/img-20250430-wa01861629320446048545371-1041x1536.jpg 1041w, https:\/\/maranhaotv.com.br\/wp-content\/uploads\/2025\/04\/img-20250430-wa01861629320446048545371.jpg 1084w\" sizes=\"auto, (max-width: 694px) 100vw, 694px\" \/><\/figure>\n","protected":false},"excerpt":{"rendered":"<p>&nbsp; Lucas bessa esteve na 90\u00aa edi\u00e7\u00e3o da ExpoZebu, realizada no tradicional Parque Fernando Costa, em Uberaba (MG) O badalado<\/p>\n","protected":false},"author":2,"featured_media":41802,"comment_status":"open","ping_status":"open","sticky":false,"template":"","format":"standard","meta":{"colormag_page_container_layout":"default_layout","colormag_page_sidebar_layout":"default_layout","_jetpack_memberships_contains_paid_content":false,"footnotes":""},"categories":[306],"tags":[540],"class_list":["post-41803","post","type-post","status-publish","format-standard","has-post-thumbnail","hentry","category-entretenimento","tag-lucas-bessa"],"magazineBlocksPostFeaturedMedia":{"thumbnail":"https:\/\/maranhaotv.com.br\/wp-content\/uploads\/2025\/04\/image_editor_output_image881098242-1746058825739-150x150.jpg","medium":"https:\/\/maranhaotv.com.br\/wp-content\/uploads\/2025\/04\/image_editor_output_image881098242-1746058825739-300x151.jpg","medium_large":"https:\/\/maranhaotv.com.br\/wp-content\/uploads\/2025\/04\/image_editor_output_image881098242-1746058825739-768x386.jpg","large":"https:\/\/maranhaotv.com.br\/wp-content\/uploads\/2025\/04\/image_editor_output_image881098242-1746058825739-1024x515.jpg","1536x1536":"https:\/\/maranhaotv.com.br\/wp-content\/uploads\/2025\/04\/image_editor_output_image881098242-1746058825739.jpg","2048x2048":"https:\/\/maranhaotv.com.br\/wp-content\/uploads\/2025\/04\/image_editor_output_image881098242-1746058825739.jpg","colormag-highlighted-post":"https:\/\/maranhaotv.com.br\/wp-content\/uploads\/2025\/04\/image_editor_output_image881098242-1746058825739-392x272.jpg","colormag-featured-post-medium":"https:\/\/maranhaotv.com.br\/wp-content\/uploads\/2025\/04\/image_editor_output_image881098242-1746058825739-390x205.jpg","colormag-featured-post-small":"https:\/\/maranhaotv.com.br\/wp-content\/uploads\/2025\/04\/image_editor_output_image881098242-1746058825739-130x90.jpg","colormag-featured-image":"https:\/\/maranhaotv.com.br\/wp-content\/uploads\/2025\/04\/image_editor_output_image881098242-1746058825739-800x445.jpg","colormag-default-news":"https:\/\/maranhaotv.com.br\/wp-content\/uploads\/2025\/04\/image_editor_output_image881098242-1746058825739-150x150.jpg","colormag-featured-image-large":"https:\/\/maranhaotv.com.br\/wp-content\/uploads\/2025\/04\/image_editor_output_image881098242-1746058825739.jpg"},"magazineBlocksPostAuthor":{"name":"maranhaotv","avatar":"https:\/\/secure.gravatar.com\/avatar\/8fadbca458d4cb68b1dd399ae9a40618d747bb1af65ac9fad21c89220a143eb4?s=96&d=mm&r=g"},"magazineBlocksPostCommentsNumber":"0","magazineBlocksPostExcerpt":"&nbsp; Lucas bessa esteve na 90\u00aa edi\u00e7\u00e3o da ExpoZebu, realizada no tradicional Parque Fernando Costa, em Uberaba (MG) O badalado","magazineBlocksPostCategories":["entretenimento"],"magazineBlocksPostViewCount":490,"magazineBlocksPostReadTime":1,"magazine_blocks_featured_image_url":{"full":["https:\/\/maranhaotv.com.br\/wp-content\/uploads\/2025\/04\/image_editor_output_image881098242-1746058825739.jpg",1136,571,false],"medium":["https:\/\/maranhaotv.com.br\/wp-content\/uploads\/2025\/04\/image_editor_output_image881098242-1746058825739-300x151.jpg",300,151,true],"thumbnail":["https:\/\/maranhaotv.com.br\/wp-content\/uploads\/2025\/04\/image_editor_output_image881098242-1746058825739-150x150.jpg",150,150,true]},"magazine_blocks_author":{"display_name":"maranhaotv","author_link":"https:\/\/maranhaotv.com.br\/index.php\/author\/maranhaotv\/"},"magazine_blocks_comment":0,"magazine_blocks_author_image":"https:\/\/secure.gravatar.com\/avatar\/8fadbca458d4cb68b1dd399ae9a40618d747bb1af65ac9fad21c89220a143eb4?s=96&d=mm&r=g","magazine_blocks_category":"<a href=\"#\" class=\"category-link category-link-306\">entretenimento<\/a>","yoast_head":"<!-- This site is optimized with the Yoast SEO plugin v27.4 - https:\/\/yoast.com\/product\/yoast-seo-wordpress\/ -->\n<title>Lucas Bessa marca presen\u00e7a na Arena Itaipava na Abcz 2025 - NOT\u00cdCIAS EM TEMPO REAL<\/title>\n<meta name=\"robots\" content=\"index, follow, max-snippet:-1, max-image-preview:large, max-video-preview:-1\" \/>\n<link rel=\"canonical\" href=\"https:\/\/maranhaotv.com.br\/index.php\/2025\/04\/30\/lucas-bessa-marca-presenca-na-arena-itaipava-na-abcz-2025\/\" \/>\n<meta property=\"og:locale\" content=\"pt_BR\" \/>\n<meta property=\"og:type\" content=\"article\" \/>\n<meta property=\"og:title\" content=\"Lucas Bessa marca presen\u00e7a na Arena Itaipava na Abcz 2025 - NOT\u00cdCIAS EM TEMPO REAL\" \/>\n<meta property=\"og:description\" content=\"&nbsp; Lucas bessa esteve na 90\u00aa edi\u00e7\u00e3o da ExpoZebu, realizada no tradicional Parque Fernando Costa, em Uberaba (MG) O badalado\" \/>\n<meta property=\"og:url\" content=\"https:\/\/maranhaotv.com.br\/index.php\/2025\/04\/30\/lucas-bessa-marca-presenca-na-arena-itaipava-na-abcz-2025\/\" \/>\n<meta property=\"og:site_name\" content=\"NOT\u00cdCIAS EM TEMPO REAL\" \/>\n<meta property=\"article:publisher\" content=\"https:\/\/www.facebook.com\/maiobaotv\" \/>\n<meta property=\"article:published_time\" content=\"2025-05-01T00:20:24+00:00\" \/>\n<meta property=\"article:modified_time\" content=\"2025-05-01T00:21:54+00:00\" \/>\n<meta property=\"og:image\" content=\"https:\/\/maranhaotv.com.br\/wp-content\/uploads\/2025\/04\/image_editor_output_image881098242-1746058825739.jpg\" \/>\n\t<meta property=\"og:image:width\" content=\"1136\" \/>\n\t<meta property=\"og:image:height\" content=\"571\" \/>\n\t<meta property=\"og:image:type\" content=\"image\/jpeg\" \/>\n<meta name=\"author\" content=\"maranhaotv\" \/>\n<meta name=\"twitter:card\" content=\"summary_large_image\" \/>\n<meta name=\"twitter:creator\" content=\"@sitemaranhaotv\" \/>\n<meta name=\"twitter:site\" content=\"@sitemaranhaotv\" \/>\n<meta name=\"twitter:label1\" content=\"Escrito por\" \/>\n\t<meta name=\"twitter:data1\" content=\"maranhaotv\" \/>\n<script type=\"application\/ld+json\" class=\"yoast-schema-graph\">{\"@context\":\"https:\\\/\\\/schema.org\",\"@graph\":[{\"@type\":\"Article\",\"@id\":\"https:\\\/\\\/maranhaotv.com.br\\\/index.php\\\/2025\\\/04\\\/30\\\/lucas-bessa-marca-presenca-na-arena-itaipava-na-abcz-2025\\\/#article\",\"isPartOf\":{\"@id\":\"https:\\\/\\\/maranhaotv.com.br\\\/index.php\\\/2025\\\/04\\\/30\\\/lucas-bessa-marca-presenca-na-arena-itaipava-na-abcz-2025\\\/\"},\"author\":{\"name\":\"maranhaotv\",\"@id\":\"https:\\\/\\\/maranhaotv.com.br\\\/#\\\/schema\\\/person\\\/3d54238e86b20bb5c89ab2fdb8f8829a\"},\"headline\":\"Lucas Bessa marca presen\u00e7a na Arena Itaipava na Abcz 2025\",\"datePublished\":\"2025-05-01T00:20:24+00:00\",\"dateModified\":\"2025-05-01T00:21:54+00:00\",\"mainEntityOfPage\":{\"@id\":\"https:\\\/\\\/maranhaotv.com.br\\\/index.php\\\/2025\\\/04\\\/30\\\/lucas-bessa-marca-presenca-na-arena-itaipava-na-abcz-2025\\\/\"},\"wordCount\":87,\"commentCount\":0,\"publisher\":{\"@id\":\"https:\\\/\\\/maranhaotv.com.br\\\/#organization\"},\"image\":{\"@id\":\"https:\\\/\\\/maranhaotv.com.br\\\/index.php\\\/2025\\\/04\\\/30\\\/lucas-bessa-marca-presenca-na-arena-itaipava-na-abcz-2025\\\/#primaryimage\"},\"thumbnailUrl\":\"https:\\\/\\\/maranhaotv.com.br\\\/wp-content\\\/uploads\\\/2025\\\/04\\\/image_editor_output_image881098242-1746058825739.jpg\",\"keywords\":[\"Lucas Bessa\"],\"articleSection\":[\"entretenimento\"],\"inLanguage\":\"pt-BR\",\"potentialAction\":[{\"@type\":\"CommentAction\",\"name\":\"Comment\",\"target\":[\"https:\\\/\\\/maranhaotv.com.br\\\/index.php\\\/2025\\\/04\\\/30\\\/lucas-bessa-marca-presenca-na-arena-itaipava-na-abcz-2025\\\/#respond\"]}]},{\"@type\":\"WebPage\",\"@id\":\"https:\\\/\\\/maranhaotv.com.br\\\/index.php\\\/2025\\\/04\\\/30\\\/lucas-bessa-marca-presenca-na-arena-itaipava-na-abcz-2025\\\/\",\"url\":\"https:\\\/\\\/maranhaotv.com.br\\\/index.php\\\/2025\\\/04\\\/30\\\/lucas-bessa-marca-presenca-na-arena-itaipava-na-abcz-2025\\\/\",\"name\":\"Lucas Bessa marca presen\u00e7a na Arena Itaipava na Abcz 2025 - NOT\u00cdCIAS EM TEMPO REAL\",\"isPartOf\":{\"@id\":\"https:\\\/\\\/maranhaotv.com.br\\\/#website\"},\"primaryImageOfPage\":{\"@id\":\"https:\\\/\\\/maranhaotv.com.br\\\/index.php\\\/2025\\\/04\\\/30\\\/lucas-bessa-marca-presenca-na-arena-itaipava-na-abcz-2025\\\/#primaryimage\"},\"image\":{\"@id\":\"https:\\\/\\\/maranhaotv.com.br\\\/index.php\\\/2025\\\/04\\\/30\\\/lucas-bessa-marca-presenca-na-arena-itaipava-na-abcz-2025\\\/#primaryimage\"},\"thumbnailUrl\":\"https:\\\/\\\/maranhaotv.com.br\\\/wp-content\\\/uploads\\\/2025\\\/04\\\/image_editor_output_image881098242-1746058825739.jpg\",\"datePublished\":\"2025-05-01T00:20:24+00:00\",\"dateModified\":\"2025-05-01T00:21:54+00:00\",\"breadcrumb\":{\"@id\":\"https:\\\/\\\/maranhaotv.com.br\\\/index.php\\\/2025\\\/04\\\/30\\\/lucas-bessa-marca-presenca-na-arena-itaipava-na-abcz-2025\\\/#breadcrumb\"},\"inLanguage\":\"pt-BR\",\"potentialAction\":[{\"@type\":\"ReadAction\",\"target\":[\"https:\\\/\\\/maranhaotv.com.br\\\/index.php\\\/2025\\\/04\\\/30\\\/lucas-bessa-marca-presenca-na-arena-itaipava-na-abcz-2025\\\/\"]}]},{\"@type\":\"ImageObject\",\"inLanguage\":\"pt-BR\",\"@id\":\"https:\\\/\\\/maranhaotv.com.br\\\/index.php\\\/2025\\\/04\\\/30\\\/lucas-bessa-marca-presenca-na-arena-itaipava-na-abcz-2025\\\/#primaryimage\",\"url\":\"https:\\\/\\\/maranhaotv.com.br\\\/wp-content\\\/uploads\\\/2025\\\/04\\\/image_editor_output_image881098242-1746058825739.jpg\",\"contentUrl\":\"https:\\\/\\\/maranhaotv.com.br\\\/wp-content\\\/uploads\\\/2025\\\/04\\\/image_editor_output_image881098242-1746058825739.jpg\",\"width\":1136,\"height\":571},{\"@type\":\"BreadcrumbList\",\"@id\":\"https:\\\/\\\/maranhaotv.com.br\\\/index.php\\\/2025\\\/04\\\/30\\\/lucas-bessa-marca-presenca-na-arena-itaipava-na-abcz-2025\\\/#breadcrumb\",\"itemListElement\":[{\"@type\":\"ListItem\",\"position\":1,\"name\":\"In\u00edcio\",\"item\":\"https:\\\/\\\/maranhaotv.com.br\\\/\"},{\"@type\":\"ListItem\",\"position\":2,\"name\":\"Lucas Bessa marca presen\u00e7a na Arena Itaipava na Abcz 2025\"}]},{\"@type\":\"WebSite\",\"@id\":\"https:\\\/\\\/maranhaotv.com.br\\\/#website\",\"url\":\"https:\\\/\\\/maranhaotv.com.br\\\/\",\"name\":\"Maranh\u00e3oTV\",\"description\":\"\",\"publisher\":{\"@id\":\"https:\\\/\\\/maranhaotv.com.br\\\/#organization\"},\"potentialAction\":[{\"@type\":\"SearchAction\",\"target\":{\"@type\":\"EntryPoint\",\"urlTemplate\":\"https:\\\/\\\/maranhaotv.com.br\\\/?s={search_term_string}\"},\"query-input\":{\"@type\":\"PropertyValueSpecification\",\"valueRequired\":true,\"valueName\":\"search_term_string\"}}],\"inLanguage\":\"pt-BR\"},{\"@type\":\"Organization\",\"@id\":\"https:\\\/\\\/maranhaotv.com.br\\\/#organization\",\"name\":\"Portal de Not\u00edcias\",\"url\":\"https:\\\/\\\/maranhaotv.com.br\\\/\",\"logo\":{\"@type\":\"ImageObject\",\"inLanguage\":\"pt-BR\",\"@id\":\"https:\\\/\\\/maranhaotv.com.br\\\/#\\\/schema\\\/logo\\\/image\\\/\",\"url\":\"https:\\\/\\\/maranhaotv.com.br\\\/wp-content\\\/uploads\\\/2024\\\/05\\\/cropped-cropped-avatar-1.png\",\"contentUrl\":\"https:\\\/\\\/maranhaotv.com.br\\\/wp-content\\\/uploads\\\/2024\\\/05\\\/cropped-cropped-avatar-1.png\",\"width\":792,\"height\":428,\"caption\":\"Portal de Not\u00edcias\"},\"image\":{\"@id\":\"https:\\\/\\\/maranhaotv.com.br\\\/#\\\/schema\\\/logo\\\/image\\\/\"},\"sameAs\":[\"https:\\\/\\\/www.facebook.com\\\/maiobaotv\",\"https:\\\/\\\/x.com\\\/sitemaranhaotv\",\"https:\\\/\\\/www.instagram.com\\\/maranhao.tv\",\"https:\\\/\\\/www.threads.net\\\/@maranhao.tv\"]},{\"@type\":\"Person\",\"@id\":\"https:\\\/\\\/maranhaotv.com.br\\\/#\\\/schema\\\/person\\\/3d54238e86b20bb5c89ab2fdb8f8829a\",\"name\":\"maranhaotv\",\"image\":{\"@type\":\"ImageObject\",\"inLanguage\":\"pt-BR\",\"@id\":\"https:\\\/\\\/secure.gravatar.com\\\/avatar\\\/8fadbca458d4cb68b1dd399ae9a40618d747bb1af65ac9fad21c89220a143eb4?s=96&d=mm&r=g\",\"url\":\"https:\\\/\\\/secure.gravatar.com\\\/avatar\\\/8fadbca458d4cb68b1dd399ae9a40618d747bb1af65ac9fad21c89220a143eb4?s=96&d=mm&r=g\",\"contentUrl\":\"https:\\\/\\\/secure.gravatar.com\\\/avatar\\\/8fadbca458d4cb68b1dd399ae9a40618d747bb1af65ac9fad21c89220a143eb4?s=96&d=mm&r=g\",\"caption\":\"maranhaotv\"},\"sameAs\":[\"https:\\\/\\\/maranhaotv.com.br\\\/\"],\"url\":\"https:\\\/\\\/maranhaotv.com.br\\\/index.php\\\/author\\\/maranhaotv\\\/\"}]}<\/script>\n<!-- \/ Yoast SEO plugin. -->","yoast_head_json":{"title":"Lucas Bessa marca presen\u00e7a na Arena Itaipava na Abcz 2025 - NOT\u00cdCIAS EM TEMPO REAL","robots":{"index":"index","follow":"follow","max-snippet":"max-snippet:-1","max-image-preview":"max-image-preview:large","max-video-preview":"max-video-preview:-1"},"canonical":"https:\/\/maranhaotv.com.br\/index.php\/2025\/04\/30\/lucas-bessa-marca-presenca-na-arena-itaipava-na-abcz-2025\/","og_locale":"pt_BR","og_type":"article","og_title":"Lucas Bessa marca presen\u00e7a na Arena Itaipava na Abcz 2025 - NOT\u00cdCIAS EM TEMPO REAL","og_description":"&nbsp; Lucas bessa esteve na 90\u00aa edi\u00e7\u00e3o da ExpoZebu, realizada no tradicional Parque Fernando Costa, em Uberaba (MG) O badalado","og_url":"https:\/\/maranhaotv.com.br\/index.php\/2025\/04\/30\/lucas-bessa-marca-presenca-na-arena-itaipava-na-abcz-2025\/","og_site_name":"NOT\u00cdCIAS EM TEMPO REAL","article_publisher":"https:\/\/www.facebook.com\/maiobaotv","article_published_time":"2025-05-01T00:20:24+00:00","article_modified_time":"2025-05-01T00:21:54+00:00","og_image":[{"width":1136,"height":571,"url":"https:\/\/maranhaotv.com.br\/wp-content\/uploads\/2025\/04\/image_editor_output_image881098242-1746058825739.jpg","type":"image\/jpeg"}],"author":"maranhaotv","twitter_card":"summary_large_image","twitter_creator":"@sitemaranhaotv","twitter_site":"@sitemaranhaotv","twitter_misc":{"Escrito por":"maranhaotv"},"schema":{"@context":"https:\/\/schema.org","@graph":[{"@type":"Article","@id":"https:\/\/maranhaotv.com.br\/index.php\/2025\/04\/30\/lucas-bessa-marca-presenca-na-arena-itaipava-na-abcz-2025\/#article","isPartOf":{"@id":"https:\/\/maranhaotv.com.br\/index.php\/2025\/04\/30\/lucas-bessa-marca-presenca-na-arena-itaipava-na-abcz-2025\/"},"author":{"name":"maranhaotv","@id":"https:\/\/maranhaotv.com.br\/#\/schema\/person\/3d54238e86b20bb5c89ab2fdb8f8829a"},"headline":"Lucas Bessa marca presen\u00e7a na Arena Itaipava na Abcz 2025","datePublished":"2025-05-01T00:20:24+00:00","dateModified":"2025-05-01T00:21:54+00:00","mainEntityOfPage":{"@id":"https:\/\/maranhaotv.com.br\/index.php\/2025\/04\/30\/lucas-bessa-marca-presenca-na-arena-itaipava-na-abcz-2025\/"},"wordCount":87,"commentCount":0,"publisher":{"@id":"https:\/\/maranhaotv.com.br\/#organization"},"image":{"@id":"https:\/\/maranhaotv.com.br\/index.php\/2025\/04\/30\/lucas-bessa-marca-presenca-na-arena-itaipava-na-abcz-2025\/#primaryimage"},"thumbnailUrl":"https:\/\/maranhaotv.com.br\/wp-content\/uploads\/2025\/04\/image_editor_output_image881098242-1746058825739.jpg","keywords":["Lucas Bessa"],"articleSection":["entretenimento"],"inLanguage":"pt-BR","potentialAction":[{"@type":"CommentAction","name":"Comment","target":["https:\/\/maranhaotv.com.br\/index.php\/2025\/04\/30\/lucas-bessa-marca-presenca-na-arena-itaipava-na-abcz-2025\/#respond"]}]},{"@type":"WebPage","@id":"https:\/\/maranhaotv.com.br\/index.php\/2025\/04\/30\/lucas-bessa-marca-presenca-na-arena-itaipava-na-abcz-2025\/","url":"https:\/\/maranhaotv.com.br\/index.php\/2025\/04\/30\/lucas-bessa-marca-presenca-na-arena-itaipava-na-abcz-2025\/","name":"Lucas Bessa marca presen\u00e7a na Arena Itaipava na Abcz 2025 - NOT\u00cdCIAS EM TEMPO REAL","isPartOf":{"@id":"https:\/\/maranhaotv.com.br\/#website"},"primaryImageOfPage":{"@id":"https:\/\/maranhaotv.com.br\/index.php\/2025\/04\/30\/lucas-bessa-marca-presenca-na-arena-itaipava-na-abcz-2025\/#primaryimage"},"image":{"@id":"https:\/\/maranhaotv.com.br\/index.php\/2025\/04\/30\/lucas-bessa-marca-presenca-na-arena-itaipava-na-abcz-2025\/#primaryimage"},"thumbnailUrl":"https:\/\/maranhaotv.com.br\/wp-content\/uploads\/2025\/04\/image_editor_output_image881098242-1746058825739.jpg","datePublished":"2025-05-01T00:20:24+00:00","dateModified":"2025-05-01T00:21:54+00:00","breadcrumb":{"@id":"https:\/\/maranhaotv.com.br\/index.php\/2025\/04\/30\/lucas-bessa-marca-presenca-na-arena-itaipava-na-abcz-2025\/#breadcrumb"},"inLanguage":"pt-BR","potentialAction":[{"@type":"ReadAction","target":["https:\/\/maranhaotv.com.br\/index.php\/2025\/04\/30\/lucas-bessa-marca-presenca-na-arena-itaipava-na-abcz-2025\/"]}]},{"@type":"ImageObject","inLanguage":"pt-BR","@id":"https:\/\/maranhaotv.com.br\/index.php\/2025\/04\/30\/lucas-bessa-marca-presenca-na-arena-itaipava-na-abcz-2025\/#primaryimage","url":"https:\/\/maranhaotv.com.br\/wp-content\/uploads\/2025\/04\/image_editor_output_image881098242-1746058825739.jpg","contentUrl":"https:\/\/maranhaotv.com.br\/wp-content\/uploads\/2025\/04\/image_editor_output_image881098242-1746058825739.jpg","width":1136,"height":571},{"@type":"BreadcrumbList","@id":"https:\/\/maranhaotv.com.br\/index.php\/2025\/04\/30\/lucas-bessa-marca-presenca-na-arena-itaipava-na-abcz-2025\/#breadcrumb","itemListElement":[{"@type":"ListItem","position":1,"name":"In\u00edcio","item":"https:\/\/maranhaotv.com.br\/"},{"@type":"ListItem","position":2,"name":"Lucas Bessa marca presen\u00e7a na Arena Itaipava na Abcz 2025"}]},{"@type":"WebSite","@id":"https:\/\/maranhaotv.com.br\/#website","url":"https:\/\/maranhaotv.com.br\/","name":"Maranh\u00e3oTV","description":"","publisher":{"@id":"https:\/\/maranhaotv.com.br\/#organization"},"potentialAction":[{"@type":"SearchAction","target":{"@type":"EntryPoint","urlTemplate":"https:\/\/maranhaotv.com.br\/?s={search_term_string}"},"query-input":{"@type":"PropertyValueSpecification","valueRequired":true,"valueName":"search_term_string"}}],"inLanguage":"pt-BR"},{"@type":"Organization","@id":"https:\/\/maranhaotv.com.br\/#organization","name":"Portal de Not\u00edcias","url":"https:\/\/maranhaotv.com.br\/","logo":{"@type":"ImageObject","inLanguage":"pt-BR","@id":"https:\/\/maranhaotv.com.br\/#\/schema\/logo\/image\/","url":"https:\/\/maranhaotv.com.br\/wp-content\/uploads\/2024\/05\/cropped-cropped-avatar-1.png","contentUrl":"https:\/\/maranhaotv.com.br\/wp-content\/uploads\/2024\/05\/cropped-cropped-avatar-1.png","width":792,"height":428,"caption":"Portal de Not\u00edcias"},"image":{"@id":"https:\/\/maranhaotv.com.br\/#\/schema\/logo\/image\/"},"sameAs":["https:\/\/www.facebook.com\/maiobaotv","https:\/\/x.com\/sitemaranhaotv","https:\/\/www.instagram.com\/maranhao.tv","https:\/\/www.threads.net\/@maranhao.tv"]},{"@type":"Person","@id":"https:\/\/maranhaotv.com.br\/#\/schema\/person\/3d54238e86b20bb5c89ab2fdb8f8829a","name":"maranhaotv","image":{"@type":"ImageObject","inLanguage":"pt-BR","@id":"https:\/\/secure.gravatar.com\/avatar\/8fadbca458d4cb68b1dd399ae9a40618d747bb1af65ac9fad21c89220a143eb4?s=96&d=mm&r=g","url":"https:\/\/secure.gravatar.com\/avatar\/8fadbca458d4cb68b1dd399ae9a40618d747bb1af65ac9fad21c89220a143eb4?s=96&d=mm&r=g","contentUrl":"https:\/\/secure.gravatar.com\/avatar\/8fadbca458d4cb68b1dd399ae9a40618d747bb1af65ac9fad21c89220a143eb4?s=96&d=mm&r=g","caption":"maranhaotv"},"sameAs":["https:\/\/maranhaotv.com.br\/"],"url":"https:\/\/maranhaotv.com.br\/index.php\/author\/maranhaotv\/"}]}},"jetpack_featured_media_url":"https:\/\/maranhaotv.com.br\/wp-content\/uploads\/2025\/04\/image_editor_output_image881098242-1746058825739.jpg","jetpack_sharing_enabled":true,"_links":{"self":[{"href":"https:\/\/maranhaotv.com.br\/index.php\/wp-json\/wp\/v2\/posts\/41803","targetHints":{"allow":["GET"]}}],"collection":[{"href":"https:\/\/maranhaotv.com.br\/index.php\/wp-json\/wp\/v2\/posts"}],"about":[{"href":"https:\/\/maranhaotv.com.br\/index.php\/wp-json\/wp\/v2\/types\/post"}],"author":[{"embeddable":true,"href":"https:\/\/maranhaotv.com.br\/index.php\/wp-json\/wp\/v2\/users\/2"}],"replies":[{"embeddable":true,"href":"https:\/\/maranhaotv.com.br\/index.php\/wp-json\/wp\/v2\/comments?post=41803"}],"version-history":[{"count":2,"href":"https:\/\/maranhaotv.com.br\/index.php\/wp-json\/wp\/v2\/posts\/41803\/revisions"}],"predecessor-version":[{"id":41806,"href":"https:\/\/maranhaotv.com.br\/index.php\/wp-json\/wp\/v2\/posts\/41803\/revisions\/41806"}],"wp:featuredmedia":[{"embeddable":true,"href":"https:\/\/maranhaotv.com.br\/index.php\/wp-json\/wp\/v2\/media\/41802"}],"wp:attachment":[{"href":"https:\/\/maranhaotv.com.br\/index.php\/wp-json\/wp\/v2\/media?parent=41803"}],"wp:term":[{"taxonomy":"category","embeddable":true,"href":"https:\/\/maranhaotv.com.br\/index.php\/wp-json\/wp\/v2\/categories?post=41803"},{"taxonomy":"post_tag","embeddable":true,"href":"https:\/\/maranhaotv.com.br\/index.php\/wp-json\/wp\/v2\/tags?post=41803"}],"curies":[{"name":"wp","href":"https:\/\/api.w.org\/{rel}","templated":true}]}}