{"id":41874,"date":"2025-05-04T08:58:13","date_gmt":"2025-05-04T11:58:13","guid":{"rendered":"https:\/\/maranhaotv.com.br\/?p=41874"},"modified":"2025-05-04T09:03:06","modified_gmt":"2025-05-04T12:03:06","slug":"apos-reuniao-com-lula-carlos-lupi-pede-demissao-do-ministerio-da-previdencia","status":"publish","type":"post","link":"https:\/\/maranhaotv.com.br\/index.php\/2025\/05\/04\/apos-reuniao-com-lula-carlos-lupi-pede-demissao-do-ministerio-da-previdencia\/","title":{"rendered":"Ap\u00f3s reuni\u00e3o com Lula, Carlos Lupi pede demiss\u00e3o do Minist\u00e9rio da Previd\u00eancia"},"content":{"rendered":"\n<p><br><br>Diante de crise no INSS, Lupi sai do Minist\u00e9rio da Previd\u00eancia, que fica aos cuidados de Wolney Queiroz.<br><br>Durante reuni\u00e3o com o presidente Lula, no Pal\u00e1cio do Planalto nesta sexta (2), o ministro da Previd\u00eancia, Carlos Lupi, pediu sua demiss\u00e3o da pasta. O pedetista enfrenta desgaste diante da revela\u00e7\u00e3o de fraudes no Instituto Nacional do Seguro Social (INSS), descoberta pela Pol\u00edcia Federal e pela Controladoria-Geral da Uni\u00e3o (CGU) na segunda quinzena de abril.<br><br>As fraudes consistiam na inclus\u00e3o de mensalidades associativas e servi\u00e7os fict\u00edcios nos contracheques dos segurados. Esses valores eram repassados a entidades conveniadas por meio de Acordos de Coopera\u00e7\u00e3o T\u00e9cnica (ACTs), firmados com o pr\u00f3prio INSS. <br><br>A CGU apurou que a maioria dessas entidades n\u00e3o possu\u00eda estrutura operacional para prestar os servi\u00e7os que alegavam oferecer. O preju\u00edzo estimado foi de R$ 6,3 bilh\u00f5es, e o governo ainda estuda formas de ressarcir as v\u00edtimas.<\/p>\n","protected":false},"excerpt":{"rendered":"<p>Diante de crise no INSS, Lupi sai do Minist\u00e9rio da Previd\u00eancia, que fica aos cuidados de Wolney Queiroz. Durante reuni\u00e3o<\/p>\n","protected":false},"author":2,"featured_media":41873,"comment_status":"open","ping_status":"open","sticky":false,"template":"","format":"standard","meta":{"colormag_page_container_layout":"default_layout","colormag_page_sidebar_layout":"default_layout","_jetpack_memberships_contains_paid_content":false,"footnotes":""},"categories":[2],"tags":[],"class_list":["post-41874","post","type-post","status-publish","format-standard","has-post-thumbnail","hentry","category-noticias"],"magazineBlocksPostFeaturedMedia":{"thumbnail":"https:\/\/maranhaotv.com.br\/wp-content\/uploads\/2025\/05\/image-1-150x150.png","medium":"https:\/\/maranhaotv.com.br\/wp-content\/uploads\/2025\/05\/image-1-300x175.png","medium_large":"https:\/\/maranhaotv.com.br\/wp-content\/uploads\/2025\/05\/image-1.png","large":"https:\/\/maranhaotv.com.br\/wp-content\/uploads\/2025\/05\/image-1.png","1536x1536":"https:\/\/maranhaotv.com.br\/wp-content\/uploads\/2025\/05\/image-1.png","2048x2048":"https:\/\/maranhaotv.com.br\/wp-content\/uploads\/2025\/05\/image-1.png","colormag-highlighted-post":"https:\/\/maranhaotv.com.br\/wp-content\/uploads\/2025\/05\/image-1-392x272.png","colormag-featured-post-medium":"https:\/\/maranhaotv.com.br\/wp-content\/uploads\/2025\/05\/image-1-390x205.png","colormag-featured-post-small":"https:\/\/maranhaotv.com.br\/wp-content\/uploads\/2025\/05\/image-1-130x90.png","colormag-featured-image":"https:\/\/maranhaotv.com.br\/wp-content\/uploads\/2025\/05\/image-1.png","colormag-default-news":"https:\/\/maranhaotv.com.br\/wp-content\/uploads\/2025\/05\/image-1-150x150.png","colormag-featured-image-large":"https:\/\/maranhaotv.com.br\/wp-content\/uploads\/2025\/05\/image-1.png"},"magazineBlocksPostAuthor":{"name":"maranhaotv","avatar":"https:\/\/secure.gravatar.com\/avatar\/8fadbca458d4cb68b1dd399ae9a40618d747bb1af65ac9fad21c89220a143eb4?s=96&d=mm&r=g"},"magazineBlocksPostCommentsNumber":"0","magazineBlocksPostExcerpt":"Diante de crise no INSS, Lupi sai do Minist\u00e9rio da Previd\u00eancia, que fica aos cuidados de Wolney Queiroz. Durante reuni\u00e3o","magazineBlocksPostCategories":["not\u00edcias"],"magazineBlocksPostViewCount":331,"magazineBlocksPostReadTime":1,"magazine_blocks_featured_image_url":{"full":["https:\/\/maranhaotv.com.br\/wp-content\/uploads\/2025\/05\/image-1.png",640,373,false],"medium":["https:\/\/maranhaotv.com.br\/wp-content\/uploads\/2025\/05\/image-1-300x175.png",300,175,true],"thumbnail":["https:\/\/maranhaotv.com.br\/wp-content\/uploads\/2025\/05\/image-1-150x150.png",150,150,true]},"magazine_blocks_author":{"display_name":"maranhaotv","author_link":"https:\/\/maranhaotv.com.br\/index.php\/author\/maranhaotv\/"},"magazine_blocks_comment":0,"magazine_blocks_author_image":"https:\/\/secure.gravatar.com\/avatar\/8fadbca458d4cb68b1dd399ae9a40618d747bb1af65ac9fad21c89220a143eb4?s=96&d=mm&r=g","magazine_blocks_category":"<a href=\"#\" class=\"category-link category-link-2\">not\u00edcias<\/a>","yoast_head":"<!-- This site is optimized with the Yoast SEO plugin v27.4 - https:\/\/yoast.com\/product\/yoast-seo-wordpress\/ -->\n<title>Ap\u00f3s reuni\u00e3o com Lula, Carlos Lupi pede demiss\u00e3o do Minist\u00e9rio da Previd\u00eancia - NOT\u00cdCIAS EM TEMPO REAL<\/title>\n<meta name=\"robots\" content=\"index, follow, max-snippet:-1, max-image-preview:large, max-video-preview:-1\" \/>\n<link rel=\"canonical\" href=\"https:\/\/maranhaotv.com.br\/index.php\/2025\/05\/04\/apos-reuniao-com-lula-carlos-lupi-pede-demissao-do-ministerio-da-previdencia\/\" \/>\n<meta property=\"og:locale\" content=\"pt_BR\" \/>\n<meta property=\"og:type\" content=\"article\" \/>\n<meta property=\"og:title\" content=\"Ap\u00f3s reuni\u00e3o com Lula, Carlos Lupi pede demiss\u00e3o do Minist\u00e9rio da Previd\u00eancia - NOT\u00cdCIAS EM TEMPO REAL\" \/>\n<meta property=\"og:description\" content=\"Diante de crise no INSS, Lupi sai do Minist\u00e9rio da Previd\u00eancia, que fica aos cuidados de Wolney Queiroz. Durante reuni\u00e3o\" \/>\n<meta property=\"og:url\" content=\"https:\/\/maranhaotv.com.br\/index.php\/2025\/05\/04\/apos-reuniao-com-lula-carlos-lupi-pede-demissao-do-ministerio-da-previdencia\/\" \/>\n<meta property=\"og:site_name\" content=\"NOT\u00cdCIAS EM TEMPO REAL\" \/>\n<meta property=\"article:publisher\" content=\"https:\/\/www.facebook.com\/maiobaotv\" \/>\n<meta property=\"article:published_time\" content=\"2025-05-04T11:58:13+00:00\" \/>\n<meta property=\"article:modified_time\" content=\"2025-05-04T12:03:06+00:00\" \/>\n<meta property=\"og:image\" content=\"https:\/\/maranhaotv.com.br\/wp-content\/uploads\/2025\/05\/image-1.png\" \/>\n\t<meta property=\"og:image:width\" content=\"640\" \/>\n\t<meta property=\"og:image:height\" content=\"373\" \/>\n\t<meta property=\"og:image:type\" content=\"image\/png\" \/>\n<meta name=\"author\" content=\"maranhaotv\" \/>\n<meta name=\"twitter:card\" content=\"summary_large_image\" \/>\n<meta name=\"twitter:creator\" content=\"@sitemaranhaotv\" \/>\n<meta name=\"twitter:site\" content=\"@sitemaranhaotv\" \/>\n<meta name=\"twitter:label1\" content=\"Escrito por\" \/>\n\t<meta name=\"twitter:data1\" content=\"maranhaotv\" \/>\n\t<meta name=\"twitter:label2\" content=\"Est. tempo de leitura\" \/>\n\t<meta name=\"twitter:data2\" content=\"1 minuto\" \/>\n<script type=\"application\/ld+json\" class=\"yoast-schema-graph\">{\"@context\":\"https:\\\/\\\/schema.org\",\"@graph\":[{\"@type\":\"Article\",\"@id\":\"https:\\\/\\\/maranhaotv.com.br\\\/index.php\\\/2025\\\/05\\\/04\\\/apos-reuniao-com-lula-carlos-lupi-pede-demissao-do-ministerio-da-previdencia\\\/#article\",\"isPartOf\":{\"@id\":\"https:\\\/\\\/maranhaotv.com.br\\\/index.php\\\/2025\\\/05\\\/04\\\/apos-reuniao-com-lula-carlos-lupi-pede-demissao-do-ministerio-da-previdencia\\\/\"},\"author\":{\"name\":\"maranhaotv\",\"@id\":\"https:\\\/\\\/maranhaotv.com.br\\\/#\\\/schema\\\/person\\\/3d54238e86b20bb5c89ab2fdb8f8829a\"},\"headline\":\"Ap\u00f3s reuni\u00e3o com Lula, Carlos Lupi pede demiss\u00e3o do Minist\u00e9rio da Previd\u00eancia\",\"datePublished\":\"2025-05-04T11:58:13+00:00\",\"dateModified\":\"2025-05-04T12:03:06+00:00\",\"mainEntityOfPage\":{\"@id\":\"https:\\\/\\\/maranhaotv.com.br\\\/index.php\\\/2025\\\/05\\\/04\\\/apos-reuniao-com-lula-carlos-lupi-pede-demissao-do-ministerio-da-previdencia\\\/\"},\"wordCount\":181,\"commentCount\":0,\"publisher\":{\"@id\":\"https:\\\/\\\/maranhaotv.com.br\\\/#organization\"},\"image\":{\"@id\":\"https:\\\/\\\/maranhaotv.com.br\\\/index.php\\\/2025\\\/05\\\/04\\\/apos-reuniao-com-lula-carlos-lupi-pede-demissao-do-ministerio-da-previdencia\\\/#primaryimage\"},\"thumbnailUrl\":\"https:\\\/\\\/maranhaotv.com.br\\\/wp-content\\\/uploads\\\/2025\\\/05\\\/image-1.png\",\"articleSection\":[\"not\u00edcias\"],\"inLanguage\":\"pt-BR\",\"potentialAction\":[{\"@type\":\"CommentAction\",\"name\":\"Comment\",\"target\":[\"https:\\\/\\\/maranhaotv.com.br\\\/index.php\\\/2025\\\/05\\\/04\\\/apos-reuniao-com-lula-carlos-lupi-pede-demissao-do-ministerio-da-previdencia\\\/#respond\"]}]},{\"@type\":\"WebPage\",\"@id\":\"https:\\\/\\\/maranhaotv.com.br\\\/index.php\\\/2025\\\/05\\\/04\\\/apos-reuniao-com-lula-carlos-lupi-pede-demissao-do-ministerio-da-previdencia\\\/\",\"url\":\"https:\\\/\\\/maranhaotv.com.br\\\/index.php\\\/2025\\\/05\\\/04\\\/apos-reuniao-com-lula-carlos-lupi-pede-demissao-do-ministerio-da-previdencia\\\/\",\"name\":\"Ap\u00f3s reuni\u00e3o com Lula, Carlos Lupi pede demiss\u00e3o do Minist\u00e9rio da Previd\u00eancia - NOT\u00cdCIAS EM TEMPO REAL\",\"isPartOf\":{\"@id\":\"https:\\\/\\\/maranhaotv.com.br\\\/#website\"},\"primaryImageOfPage\":{\"@id\":\"https:\\\/\\\/maranhaotv.com.br\\\/index.php\\\/2025\\\/05\\\/04\\\/apos-reuniao-com-lula-carlos-lupi-pede-demissao-do-ministerio-da-previdencia\\\/#primaryimage\"},\"image\":{\"@id\":\"https:\\\/\\\/maranhaotv.com.br\\\/index.php\\\/2025\\\/05\\\/04\\\/apos-reuniao-com-lula-carlos-lupi-pede-demissao-do-ministerio-da-previdencia\\\/#primaryimage\"},\"thumbnailUrl\":\"https:\\\/\\\/maranhaotv.com.br\\\/wp-content\\\/uploads\\\/2025\\\/05\\\/image-1.png\",\"datePublished\":\"2025-05-04T11:58:13+00:00\",\"dateModified\":\"2025-05-04T12:03:06+00:00\",\"breadcrumb\":{\"@id\":\"https:\\\/\\\/maranhaotv.com.br\\\/index.php\\\/2025\\\/05\\\/04\\\/apos-reuniao-com-lula-carlos-lupi-pede-demissao-do-ministerio-da-previdencia\\\/#breadcrumb\"},\"inLanguage\":\"pt-BR\",\"potentialAction\":[{\"@type\":\"ReadAction\",\"target\":[\"https:\\\/\\\/maranhaotv.com.br\\\/index.php\\\/2025\\\/05\\\/04\\\/apos-reuniao-com-lula-carlos-lupi-pede-demissao-do-ministerio-da-previdencia\\\/\"]}]},{\"@type\":\"ImageObject\",\"inLanguage\":\"pt-BR\",\"@id\":\"https:\\\/\\\/maranhaotv.com.br\\\/index.php\\\/2025\\\/05\\\/04\\\/apos-reuniao-com-lula-carlos-lupi-pede-demissao-do-ministerio-da-previdencia\\\/#primaryimage\",\"url\":\"https:\\\/\\\/maranhaotv.com.br\\\/wp-content\\\/uploads\\\/2025\\\/05\\\/image-1.png\",\"contentUrl\":\"https:\\\/\\\/maranhaotv.com.br\\\/wp-content\\\/uploads\\\/2025\\\/05\\\/image-1.png\",\"width\":640,\"height\":373},{\"@type\":\"BreadcrumbList\",\"@id\":\"https:\\\/\\\/maranhaotv.com.br\\\/index.php\\\/2025\\\/05\\\/04\\\/apos-reuniao-com-lula-carlos-lupi-pede-demissao-do-ministerio-da-previdencia\\\/#breadcrumb\",\"itemListElement\":[{\"@type\":\"ListItem\",\"position\":1,\"name\":\"In\u00edcio\",\"item\":\"https:\\\/\\\/maranhaotv.com.br\\\/\"},{\"@type\":\"ListItem\",\"position\":2,\"name\":\"Ap\u00f3s reuni\u00e3o com Lula, Carlos Lupi pede demiss\u00e3o do Minist\u00e9rio da Previd\u00eancia\"}]},{\"@type\":\"WebSite\",\"@id\":\"https:\\\/\\\/maranhaotv.com.br\\\/#website\",\"url\":\"https:\\\/\\\/maranhaotv.com.br\\\/\",\"name\":\"Maranh\u00e3oTV\",\"description\":\"\",\"publisher\":{\"@id\":\"https:\\\/\\\/maranhaotv.com.br\\\/#organization\"},\"potentialAction\":[{\"@type\":\"SearchAction\",\"target\":{\"@type\":\"EntryPoint\",\"urlTemplate\":\"https:\\\/\\\/maranhaotv.com.br\\\/?s={search_term_string}\"},\"query-input\":{\"@type\":\"PropertyValueSpecification\",\"valueRequired\":true,\"valueName\":\"search_term_string\"}}],\"inLanguage\":\"pt-BR\"},{\"@type\":\"Organization\",\"@id\":\"https:\\\/\\\/maranhaotv.com.br\\\/#organization\",\"name\":\"Portal de Not\u00edcias\",\"url\":\"https:\\\/\\\/maranhaotv.com.br\\\/\",\"logo\":{\"@type\":\"ImageObject\",\"inLanguage\":\"pt-BR\",\"@id\":\"https:\\\/\\\/maranhaotv.com.br\\\/#\\\/schema\\\/logo\\\/image\\\/\",\"url\":\"https:\\\/\\\/maranhaotv.com.br\\\/wp-content\\\/uploads\\\/2024\\\/05\\\/cropped-cropped-avatar-1.png\",\"contentUrl\":\"https:\\\/\\\/maranhaotv.com.br\\\/wp-content\\\/uploads\\\/2024\\\/05\\\/cropped-cropped-avatar-1.png\",\"width\":792,\"height\":428,\"caption\":\"Portal de Not\u00edcias\"},\"image\":{\"@id\":\"https:\\\/\\\/maranhaotv.com.br\\\/#\\\/schema\\\/logo\\\/image\\\/\"},\"sameAs\":[\"https:\\\/\\\/www.facebook.com\\\/maiobaotv\",\"https:\\\/\\\/x.com\\\/sitemaranhaotv\",\"https:\\\/\\\/www.instagram.com\\\/maranhao.tv\",\"https:\\\/\\\/www.threads.net\\\/@maranhao.tv\"]},{\"@type\":\"Person\",\"@id\":\"https:\\\/\\\/maranhaotv.com.br\\\/#\\\/schema\\\/person\\\/3d54238e86b20bb5c89ab2fdb8f8829a\",\"name\":\"maranhaotv\",\"image\":{\"@type\":\"ImageObject\",\"inLanguage\":\"pt-BR\",\"@id\":\"https:\\\/\\\/secure.gravatar.com\\\/avatar\\\/8fadbca458d4cb68b1dd399ae9a40618d747bb1af65ac9fad21c89220a143eb4?s=96&d=mm&r=g\",\"url\":\"https:\\\/\\\/secure.gravatar.com\\\/avatar\\\/8fadbca458d4cb68b1dd399ae9a40618d747bb1af65ac9fad21c89220a143eb4?s=96&d=mm&r=g\",\"contentUrl\":\"https:\\\/\\\/secure.gravatar.com\\\/avatar\\\/8fadbca458d4cb68b1dd399ae9a40618d747bb1af65ac9fad21c89220a143eb4?s=96&d=mm&r=g\",\"caption\":\"maranhaotv\"},\"sameAs\":[\"https:\\\/\\\/maranhaotv.com.br\\\/\"],\"url\":\"https:\\\/\\\/maranhaotv.com.br\\\/index.php\\\/author\\\/maranhaotv\\\/\"}]}<\/script>\n<!-- \/ Yoast SEO plugin. -->","yoast_head_json":{"title":"Ap\u00f3s reuni\u00e3o com Lula, Carlos Lupi pede demiss\u00e3o do Minist\u00e9rio da Previd\u00eancia - NOT\u00cdCIAS EM TEMPO REAL","robots":{"index":"index","follow":"follow","max-snippet":"max-snippet:-1","max-image-preview":"max-image-preview:large","max-video-preview":"max-video-preview:-1"},"canonical":"https:\/\/maranhaotv.com.br\/index.php\/2025\/05\/04\/apos-reuniao-com-lula-carlos-lupi-pede-demissao-do-ministerio-da-previdencia\/","og_locale":"pt_BR","og_type":"article","og_title":"Ap\u00f3s reuni\u00e3o com Lula, Carlos Lupi pede demiss\u00e3o do Minist\u00e9rio da Previd\u00eancia - NOT\u00cdCIAS EM TEMPO REAL","og_description":"Diante de crise no INSS, Lupi sai do Minist\u00e9rio da Previd\u00eancia, que fica aos cuidados de Wolney Queiroz. Durante reuni\u00e3o","og_url":"https:\/\/maranhaotv.com.br\/index.php\/2025\/05\/04\/apos-reuniao-com-lula-carlos-lupi-pede-demissao-do-ministerio-da-previdencia\/","og_site_name":"NOT\u00cdCIAS EM TEMPO REAL","article_publisher":"https:\/\/www.facebook.com\/maiobaotv","article_published_time":"2025-05-04T11:58:13+00:00","article_modified_time":"2025-05-04T12:03:06+00:00","og_image":[{"width":640,"height":373,"url":"https:\/\/maranhaotv.com.br\/wp-content\/uploads\/2025\/05\/image-1.png","type":"image\/png"}],"author":"maranhaotv","twitter_card":"summary_large_image","twitter_creator":"@sitemaranhaotv","twitter_site":"@sitemaranhaotv","twitter_misc":{"Escrito por":"maranhaotv","Est. tempo de leitura":"1 minuto"},"schema":{"@context":"https:\/\/schema.org","@graph":[{"@type":"Article","@id":"https:\/\/maranhaotv.com.br\/index.php\/2025\/05\/04\/apos-reuniao-com-lula-carlos-lupi-pede-demissao-do-ministerio-da-previdencia\/#article","isPartOf":{"@id":"https:\/\/maranhaotv.com.br\/index.php\/2025\/05\/04\/apos-reuniao-com-lula-carlos-lupi-pede-demissao-do-ministerio-da-previdencia\/"},"author":{"name":"maranhaotv","@id":"https:\/\/maranhaotv.com.br\/#\/schema\/person\/3d54238e86b20bb5c89ab2fdb8f8829a"},"headline":"Ap\u00f3s reuni\u00e3o com Lula, Carlos Lupi pede demiss\u00e3o do Minist\u00e9rio da Previd\u00eancia","datePublished":"2025-05-04T11:58:13+00:00","dateModified":"2025-05-04T12:03:06+00:00","mainEntityOfPage":{"@id":"https:\/\/maranhaotv.com.br\/index.php\/2025\/05\/04\/apos-reuniao-com-lula-carlos-lupi-pede-demissao-do-ministerio-da-previdencia\/"},"wordCount":181,"commentCount":0,"publisher":{"@id":"https:\/\/maranhaotv.com.br\/#organization"},"image":{"@id":"https:\/\/maranhaotv.com.br\/index.php\/2025\/05\/04\/apos-reuniao-com-lula-carlos-lupi-pede-demissao-do-ministerio-da-previdencia\/#primaryimage"},"thumbnailUrl":"https:\/\/maranhaotv.com.br\/wp-content\/uploads\/2025\/05\/image-1.png","articleSection":["not\u00edcias"],"inLanguage":"pt-BR","potentialAction":[{"@type":"CommentAction","name":"Comment","target":["https:\/\/maranhaotv.com.br\/index.php\/2025\/05\/04\/apos-reuniao-com-lula-carlos-lupi-pede-demissao-do-ministerio-da-previdencia\/#respond"]}]},{"@type":"WebPage","@id":"https:\/\/maranhaotv.com.br\/index.php\/2025\/05\/04\/apos-reuniao-com-lula-carlos-lupi-pede-demissao-do-ministerio-da-previdencia\/","url":"https:\/\/maranhaotv.com.br\/index.php\/2025\/05\/04\/apos-reuniao-com-lula-carlos-lupi-pede-demissao-do-ministerio-da-previdencia\/","name":"Ap\u00f3s reuni\u00e3o com Lula, Carlos Lupi pede demiss\u00e3o do Minist\u00e9rio da Previd\u00eancia - NOT\u00cdCIAS EM TEMPO REAL","isPartOf":{"@id":"https:\/\/maranhaotv.com.br\/#website"},"primaryImageOfPage":{"@id":"https:\/\/maranhaotv.com.br\/index.php\/2025\/05\/04\/apos-reuniao-com-lula-carlos-lupi-pede-demissao-do-ministerio-da-previdencia\/#primaryimage"},"image":{"@id":"https:\/\/maranhaotv.com.br\/index.php\/2025\/05\/04\/apos-reuniao-com-lula-carlos-lupi-pede-demissao-do-ministerio-da-previdencia\/#primaryimage"},"thumbnailUrl":"https:\/\/maranhaotv.com.br\/wp-content\/uploads\/2025\/05\/image-1.png","datePublished":"2025-05-04T11:58:13+00:00","dateModified":"2025-05-04T12:03:06+00:00","breadcrumb":{"@id":"https:\/\/maranhaotv.com.br\/index.php\/2025\/05\/04\/apos-reuniao-com-lula-carlos-lupi-pede-demissao-do-ministerio-da-previdencia\/#breadcrumb"},"inLanguage":"pt-BR","potentialAction":[{"@type":"ReadAction","target":["https:\/\/maranhaotv.com.br\/index.php\/2025\/05\/04\/apos-reuniao-com-lula-carlos-lupi-pede-demissao-do-ministerio-da-previdencia\/"]}]},{"@type":"ImageObject","inLanguage":"pt-BR","@id":"https:\/\/maranhaotv.com.br\/index.php\/2025\/05\/04\/apos-reuniao-com-lula-carlos-lupi-pede-demissao-do-ministerio-da-previdencia\/#primaryimage","url":"https:\/\/maranhaotv.com.br\/wp-content\/uploads\/2025\/05\/image-1.png","contentUrl":"https:\/\/maranhaotv.com.br\/wp-content\/uploads\/2025\/05\/image-1.png","width":640,"height":373},{"@type":"BreadcrumbList","@id":"https:\/\/maranhaotv.com.br\/index.php\/2025\/05\/04\/apos-reuniao-com-lula-carlos-lupi-pede-demissao-do-ministerio-da-previdencia\/#breadcrumb","itemListElement":[{"@type":"ListItem","position":1,"name":"In\u00edcio","item":"https:\/\/maranhaotv.com.br\/"},{"@type":"ListItem","position":2,"name":"Ap\u00f3s reuni\u00e3o com Lula, Carlos Lupi pede demiss\u00e3o do Minist\u00e9rio da Previd\u00eancia"}]},{"@type":"WebSite","@id":"https:\/\/maranhaotv.com.br\/#website","url":"https:\/\/maranhaotv.com.br\/","name":"Maranh\u00e3oTV","description":"","publisher":{"@id":"https:\/\/maranhaotv.com.br\/#organization"},"potentialAction":[{"@type":"SearchAction","target":{"@type":"EntryPoint","urlTemplate":"https:\/\/maranhaotv.com.br\/?s={search_term_string}"},"query-input":{"@type":"PropertyValueSpecification","valueRequired":true,"valueName":"search_term_string"}}],"inLanguage":"pt-BR"},{"@type":"Organization","@id":"https:\/\/maranhaotv.com.br\/#organization","name":"Portal de Not\u00edcias","url":"https:\/\/maranhaotv.com.br\/","logo":{"@type":"ImageObject","inLanguage":"pt-BR","@id":"https:\/\/maranhaotv.com.br\/#\/schema\/logo\/image\/","url":"https:\/\/maranhaotv.com.br\/wp-content\/uploads\/2024\/05\/cropped-cropped-avatar-1.png","contentUrl":"https:\/\/maranhaotv.com.br\/wp-content\/uploads\/2024\/05\/cropped-cropped-avatar-1.png","width":792,"height":428,"caption":"Portal de Not\u00edcias"},"image":{"@id":"https:\/\/maranhaotv.com.br\/#\/schema\/logo\/image\/"},"sameAs":["https:\/\/www.facebook.com\/maiobaotv","https:\/\/x.com\/sitemaranhaotv","https:\/\/www.instagram.com\/maranhao.tv","https:\/\/www.threads.net\/@maranhao.tv"]},{"@type":"Person","@id":"https:\/\/maranhaotv.com.br\/#\/schema\/person\/3d54238e86b20bb5c89ab2fdb8f8829a","name":"maranhaotv","image":{"@type":"ImageObject","inLanguage":"pt-BR","@id":"https:\/\/secure.gravatar.com\/avatar\/8fadbca458d4cb68b1dd399ae9a40618d747bb1af65ac9fad21c89220a143eb4?s=96&d=mm&r=g","url":"https:\/\/secure.gravatar.com\/avatar\/8fadbca458d4cb68b1dd399ae9a40618d747bb1af65ac9fad21c89220a143eb4?s=96&d=mm&r=g","contentUrl":"https:\/\/secure.gravatar.com\/avatar\/8fadbca458d4cb68b1dd399ae9a40618d747bb1af65ac9fad21c89220a143eb4?s=96&d=mm&r=g","caption":"maranhaotv"},"sameAs":["https:\/\/maranhaotv.com.br\/"],"url":"https:\/\/maranhaotv.com.br\/index.php\/author\/maranhaotv\/"}]}},"jetpack_featured_media_url":"https:\/\/maranhaotv.com.br\/wp-content\/uploads\/2025\/05\/image-1.png","jetpack_sharing_enabled":true,"_links":{"self":[{"href":"https:\/\/maranhaotv.com.br\/index.php\/wp-json\/wp\/v2\/posts\/41874","targetHints":{"allow":["GET"]}}],"collection":[{"href":"https:\/\/maranhaotv.com.br\/index.php\/wp-json\/wp\/v2\/posts"}],"about":[{"href":"https:\/\/maranhaotv.com.br\/index.php\/wp-json\/wp\/v2\/types\/post"}],"author":[{"embeddable":true,"href":"https:\/\/maranhaotv.com.br\/index.php\/wp-json\/wp\/v2\/users\/2"}],"replies":[{"embeddable":true,"href":"https:\/\/maranhaotv.com.br\/index.php\/wp-json\/wp\/v2\/comments?post=41874"}],"version-history":[{"count":2,"href":"https:\/\/maranhaotv.com.br\/index.php\/wp-json\/wp\/v2\/posts\/41874\/revisions"}],"predecessor-version":[{"id":41878,"href":"https:\/\/maranhaotv.com.br\/index.php\/wp-json\/wp\/v2\/posts\/41874\/revisions\/41878"}],"wp:featuredmedia":[{"embeddable":true,"href":"https:\/\/maranhaotv.com.br\/index.php\/wp-json\/wp\/v2\/media\/41873"}],"wp:attachment":[{"href":"https:\/\/maranhaotv.com.br\/index.php\/wp-json\/wp\/v2\/media?parent=41874"}],"wp:term":[{"taxonomy":"category","embeddable":true,"href":"https:\/\/maranhaotv.com.br\/index.php\/wp-json\/wp\/v2\/categories?post=41874"},{"taxonomy":"post_tag","embeddable":true,"href":"https:\/\/maranhaotv.com.br\/index.php\/wp-json\/wp\/v2\/tags?post=41874"}],"curies":[{"name":"wp","href":"https:\/\/api.w.org\/{rel}","templated":true}]}}