{"id":42028,"date":"2025-05-13T16:07:21","date_gmt":"2025-05-13T19:07:21","guid":{"rendered":"https:\/\/maranhaotv.com.br\/?p=42028"},"modified":"2025-05-13T16:08:06","modified_gmt":"2025-05-13T19:08:06","slug":"sao-jose-de-ribamar-e-destaque-na-feira-de-turismo-do-piaui","status":"publish","type":"post","link":"https:\/\/maranhaotv.com.br\/index.php\/2025\/05\/13\/sao-jose-de-ribamar-e-destaque-na-feira-de-turismo-do-piaui\/","title":{"rendered":"S\u00e3o Jos\u00e9 de Ribamar \u00e9 destaque na Feira de Turismo do Piau\u00ed"},"content":{"rendered":"\n<p><br>O munic\u00edpio de S\u00e3o Jos\u00e9 de Ribamar marcou presen\u00e7a na Feira de Turismo do Piau\u00ed, um dos maiores eventos do setor na regi\u00e3o Nordeste, realizada em Teresina. A participa\u00e7\u00e3o foi conduzida pela Secretaria Municipal de Turismo (SEMTUR), que apresentou ao p\u00fablico o potencial tur\u00edstico ribamarense e os principais atrativos que fazem da cidade um destino \u00fanico no Maranh\u00e3o.<br><br>Durante o evento, o estande de S\u00e3o Jos\u00e9 de Ribamar destacou o turismo religioso com a tradicional romaria de S\u00e3o Jos\u00e9 , o turismo n\u00e1utico e rural, al\u00e9m da rica cultura local e das belezas naturais que encantam visitantes de todo o Brasil. A feira reuniu representantes de diversos estados, ag\u00eancias de turismo, operadoras, investidores e profissionais do setor, criando um ambiente prop\u00edcio para a divulga\u00e7\u00e3o e promo\u00e7\u00e3o de novos destinos.<br><br>De acordo com a secret\u00e1ria adjunta da SEMTUR, Emanuelle Borralho, a presen\u00e7a de Ribamar na feira refor\u00e7a o compromisso da gest\u00e3o municipal com o fortalecimento do turismo como vetor de desenvolvimento econ\u00f4mico, gera\u00e7\u00e3o de emprego e valoriza\u00e7\u00e3o cultural. \u201cEssa \u00e9 uma oportunidade estrat\u00e9gica para mostrar o que temos de melhor, atrair parcerias e integrar nossa cidade ao roteiro tur\u00edstico regional e nacional\u201d, destacou a adjunta.<br><br>A Feira de Turismo do Piau\u00ed \u00e9 reconhecida por fomentar o interc\u00e2mbio entre destinos e promover a\u00e7\u00f5es concretas de promo\u00e7\u00e3o tur\u00edstica, ampliando a visibilidade de munic\u00edpios como S\u00e3o Jos\u00e9 de Ribamar, que t\u00eam grande potencial ainda a ser explorado.<\/p>\n","protected":false},"excerpt":{"rendered":"<p>O munic\u00edpio de S\u00e3o Jos\u00e9 de Ribamar marcou presen\u00e7a na Feira de Turismo do Piau\u00ed, um dos maiores eventos do<\/p>\n","protected":false},"author":2,"featured_media":42027,"comment_status":"open","ping_status":"open","sticky":false,"template":"","format":"standard","meta":{"colormag_page_container_layout":"default_layout","colormag_page_sidebar_layout":"default_layout","_jetpack_memberships_contains_paid_content":false,"footnotes":""},"categories":[30],"tags":[],"class_list":["post-42028","post","type-post","status-publish","format-standard","has-post-thumbnail","hentry","category-cultura"],"magazineBlocksPostFeaturedMedia":{"thumbnail":"https:\/\/maranhaotv.com.br\/wp-content\/uploads\/2025\/05\/image_editor_output_image-2086951472-1747163244267-150x150.jpg","medium":"https:\/\/maranhaotv.com.br\/wp-content\/uploads\/2025\/05\/image_editor_output_image-2086951472-1747163244267-300x206.jpg","medium_large":"https:\/\/maranhaotv.com.br\/wp-content\/uploads\/2025\/05\/image_editor_output_image-2086951472-1747163244267-768x528.jpg","large":"https:\/\/maranhaotv.com.br\/wp-content\/uploads\/2025\/05\/image_editor_output_image-2086951472-1747163244267.jpg","1536x1536":"https:\/\/maranhaotv.com.br\/wp-content\/uploads\/2025\/05\/image_editor_output_image-2086951472-1747163244267.jpg","2048x2048":"https:\/\/maranhaotv.com.br\/wp-content\/uploads\/2025\/05\/image_editor_output_image-2086951472-1747163244267.jpg","colormag-highlighted-post":"https:\/\/maranhaotv.com.br\/wp-content\/uploads\/2025\/05\/image_editor_output_image-2086951472-1747163244267-392x272.jpg","colormag-featured-post-medium":"https:\/\/maranhaotv.com.br\/wp-content\/uploads\/2025\/05\/image_editor_output_image-2086951472-1747163244267-390x205.jpg","colormag-featured-post-small":"https:\/\/maranhaotv.com.br\/wp-content\/uploads\/2025\/05\/image_editor_output_image-2086951472-1747163244267-130x90.jpg","colormag-featured-image":"https:\/\/maranhaotv.com.br\/wp-content\/uploads\/2025\/05\/image_editor_output_image-2086951472-1747163244267-800x445.jpg","colormag-default-news":"https:\/\/maranhaotv.com.br\/wp-content\/uploads\/2025\/05\/image_editor_output_image-2086951472-1747163244267-150x150.jpg","colormag-featured-image-large":"https:\/\/maranhaotv.com.br\/wp-content\/uploads\/2025\/05\/image_editor_output_image-2086951472-1747163244267-960x600.jpg"},"magazineBlocksPostAuthor":{"name":"maranhaotv","avatar":"https:\/\/secure.gravatar.com\/avatar\/8fadbca458d4cb68b1dd399ae9a40618d747bb1af65ac9fad21c89220a143eb4?s=96&d=mm&r=g"},"magazineBlocksPostCommentsNumber":"0","magazineBlocksPostExcerpt":"O munic\u00edpio de S\u00e3o Jos\u00e9 de Ribamar marcou presen\u00e7a na Feira de Turismo do Piau\u00ed, um dos maiores eventos do","magazineBlocksPostCategories":["cultura"],"magazineBlocksPostViewCount":230,"magazineBlocksPostReadTime":2,"magazine_blocks_featured_image_url":{"full":["https:\/\/maranhaotv.com.br\/wp-content\/uploads\/2025\/05\/image_editor_output_image-2086951472-1747163244267.jpg",960,660,false],"medium":["https:\/\/maranhaotv.com.br\/wp-content\/uploads\/2025\/05\/image_editor_output_image-2086951472-1747163244267-300x206.jpg",300,206,true],"thumbnail":["https:\/\/maranhaotv.com.br\/wp-content\/uploads\/2025\/05\/image_editor_output_image-2086951472-1747163244267-150x150.jpg",150,150,true]},"magazine_blocks_author":{"display_name":"maranhaotv","author_link":"https:\/\/maranhaotv.com.br\/index.php\/author\/maranhaotv\/"},"magazine_blocks_comment":0,"magazine_blocks_author_image":"https:\/\/secure.gravatar.com\/avatar\/8fadbca458d4cb68b1dd399ae9a40618d747bb1af65ac9fad21c89220a143eb4?s=96&d=mm&r=g","magazine_blocks_category":"<a href=\"#\" class=\"category-link category-link-30\">cultura<\/a>","yoast_head":"<!-- This site is optimized with the Yoast SEO plugin v27.4 - https:\/\/yoast.com\/product\/yoast-seo-wordpress\/ -->\n<title>S\u00e3o Jos\u00e9 de Ribamar \u00e9 destaque na Feira de Turismo do Piau\u00ed - NOT\u00cdCIAS EM TEMPO REAL<\/title>\n<meta name=\"robots\" content=\"index, follow, max-snippet:-1, max-image-preview:large, max-video-preview:-1\" \/>\n<link rel=\"canonical\" href=\"https:\/\/maranhaotv.com.br\/index.php\/2025\/05\/13\/sao-jose-de-ribamar-e-destaque-na-feira-de-turismo-do-piaui\/\" \/>\n<meta property=\"og:locale\" content=\"pt_BR\" \/>\n<meta property=\"og:type\" content=\"article\" \/>\n<meta property=\"og:title\" content=\"S\u00e3o Jos\u00e9 de Ribamar \u00e9 destaque na Feira de Turismo do Piau\u00ed - NOT\u00cdCIAS EM TEMPO REAL\" \/>\n<meta property=\"og:description\" content=\"O munic\u00edpio de S\u00e3o Jos\u00e9 de Ribamar marcou presen\u00e7a na Feira de Turismo do Piau\u00ed, um dos maiores eventos do\" \/>\n<meta property=\"og:url\" content=\"https:\/\/maranhaotv.com.br\/index.php\/2025\/05\/13\/sao-jose-de-ribamar-e-destaque-na-feira-de-turismo-do-piaui\/\" \/>\n<meta property=\"og:site_name\" content=\"NOT\u00cdCIAS EM TEMPO REAL\" \/>\n<meta property=\"article:publisher\" content=\"https:\/\/www.facebook.com\/maiobaotv\" \/>\n<meta property=\"article:published_time\" content=\"2025-05-13T19:07:21+00:00\" \/>\n<meta property=\"article:modified_time\" content=\"2025-05-13T19:08:06+00:00\" \/>\n<meta property=\"og:image\" content=\"https:\/\/maranhaotv.com.br\/wp-content\/uploads\/2025\/05\/image_editor_output_image-2086951472-1747163244267.jpg\" \/>\n\t<meta property=\"og:image:width\" content=\"960\" \/>\n\t<meta property=\"og:image:height\" content=\"660\" \/>\n\t<meta property=\"og:image:type\" content=\"image\/jpeg\" \/>\n<meta name=\"author\" content=\"maranhaotv\" \/>\n<meta name=\"twitter:card\" content=\"summary_large_image\" \/>\n<meta name=\"twitter:creator\" content=\"@sitemaranhaotv\" \/>\n<meta name=\"twitter:site\" content=\"@sitemaranhaotv\" \/>\n<meta name=\"twitter:label1\" content=\"Escrito por\" \/>\n\t<meta name=\"twitter:data1\" content=\"maranhaotv\" \/>\n\t<meta name=\"twitter:label2\" content=\"Est. tempo de leitura\" \/>\n\t<meta name=\"twitter:data2\" content=\"1 minuto\" \/>\n<script type=\"application\/ld+json\" class=\"yoast-schema-graph\">{\"@context\":\"https:\\\/\\\/schema.org\",\"@graph\":[{\"@type\":\"Article\",\"@id\":\"https:\\\/\\\/maranhaotv.com.br\\\/index.php\\\/2025\\\/05\\\/13\\\/sao-jose-de-ribamar-e-destaque-na-feira-de-turismo-do-piaui\\\/#article\",\"isPartOf\":{\"@id\":\"https:\\\/\\\/maranhaotv.com.br\\\/index.php\\\/2025\\\/05\\\/13\\\/sao-jose-de-ribamar-e-destaque-na-feira-de-turismo-do-piaui\\\/\"},\"author\":{\"name\":\"maranhaotv\",\"@id\":\"https:\\\/\\\/maranhaotv.com.br\\\/#\\\/schema\\\/person\\\/3d54238e86b20bb5c89ab2fdb8f8829a\"},\"headline\":\"S\u00e3o Jos\u00e9 de Ribamar \u00e9 destaque na Feira de Turismo do Piau\u00ed\",\"datePublished\":\"2025-05-13T19:07:21+00:00\",\"dateModified\":\"2025-05-13T19:08:06+00:00\",\"mainEntityOfPage\":{\"@id\":\"https:\\\/\\\/maranhaotv.com.br\\\/index.php\\\/2025\\\/05\\\/13\\\/sao-jose-de-ribamar-e-destaque-na-feira-de-turismo-do-piaui\\\/\"},\"wordCount\":274,\"commentCount\":0,\"publisher\":{\"@id\":\"https:\\\/\\\/maranhaotv.com.br\\\/#organization\"},\"image\":{\"@id\":\"https:\\\/\\\/maranhaotv.com.br\\\/index.php\\\/2025\\\/05\\\/13\\\/sao-jose-de-ribamar-e-destaque-na-feira-de-turismo-do-piaui\\\/#primaryimage\"},\"thumbnailUrl\":\"https:\\\/\\\/maranhaotv.com.br\\\/wp-content\\\/uploads\\\/2025\\\/05\\\/image_editor_output_image-2086951472-1747163244267.jpg\",\"articleSection\":[\"cultura\"],\"inLanguage\":\"pt-BR\",\"potentialAction\":[{\"@type\":\"CommentAction\",\"name\":\"Comment\",\"target\":[\"https:\\\/\\\/maranhaotv.com.br\\\/index.php\\\/2025\\\/05\\\/13\\\/sao-jose-de-ribamar-e-destaque-na-feira-de-turismo-do-piaui\\\/#respond\"]}]},{\"@type\":\"WebPage\",\"@id\":\"https:\\\/\\\/maranhaotv.com.br\\\/index.php\\\/2025\\\/05\\\/13\\\/sao-jose-de-ribamar-e-destaque-na-feira-de-turismo-do-piaui\\\/\",\"url\":\"https:\\\/\\\/maranhaotv.com.br\\\/index.php\\\/2025\\\/05\\\/13\\\/sao-jose-de-ribamar-e-destaque-na-feira-de-turismo-do-piaui\\\/\",\"name\":\"S\u00e3o Jos\u00e9 de Ribamar \u00e9 destaque na Feira de Turismo do Piau\u00ed - NOT\u00cdCIAS EM TEMPO REAL\",\"isPartOf\":{\"@id\":\"https:\\\/\\\/maranhaotv.com.br\\\/#website\"},\"primaryImageOfPage\":{\"@id\":\"https:\\\/\\\/maranhaotv.com.br\\\/index.php\\\/2025\\\/05\\\/13\\\/sao-jose-de-ribamar-e-destaque-na-feira-de-turismo-do-piaui\\\/#primaryimage\"},\"image\":{\"@id\":\"https:\\\/\\\/maranhaotv.com.br\\\/index.php\\\/2025\\\/05\\\/13\\\/sao-jose-de-ribamar-e-destaque-na-feira-de-turismo-do-piaui\\\/#primaryimage\"},\"thumbnailUrl\":\"https:\\\/\\\/maranhaotv.com.br\\\/wp-content\\\/uploads\\\/2025\\\/05\\\/image_editor_output_image-2086951472-1747163244267.jpg\",\"datePublished\":\"2025-05-13T19:07:21+00:00\",\"dateModified\":\"2025-05-13T19:08:06+00:00\",\"breadcrumb\":{\"@id\":\"https:\\\/\\\/maranhaotv.com.br\\\/index.php\\\/2025\\\/05\\\/13\\\/sao-jose-de-ribamar-e-destaque-na-feira-de-turismo-do-piaui\\\/#breadcrumb\"},\"inLanguage\":\"pt-BR\",\"potentialAction\":[{\"@type\":\"ReadAction\",\"target\":[\"https:\\\/\\\/maranhaotv.com.br\\\/index.php\\\/2025\\\/05\\\/13\\\/sao-jose-de-ribamar-e-destaque-na-feira-de-turismo-do-piaui\\\/\"]}]},{\"@type\":\"ImageObject\",\"inLanguage\":\"pt-BR\",\"@id\":\"https:\\\/\\\/maranhaotv.com.br\\\/index.php\\\/2025\\\/05\\\/13\\\/sao-jose-de-ribamar-e-destaque-na-feira-de-turismo-do-piaui\\\/#primaryimage\",\"url\":\"https:\\\/\\\/maranhaotv.com.br\\\/wp-content\\\/uploads\\\/2025\\\/05\\\/image_editor_output_image-2086951472-1747163244267.jpg\",\"contentUrl\":\"https:\\\/\\\/maranhaotv.com.br\\\/wp-content\\\/uploads\\\/2025\\\/05\\\/image_editor_output_image-2086951472-1747163244267.jpg\",\"width\":960,\"height\":660},{\"@type\":\"BreadcrumbList\",\"@id\":\"https:\\\/\\\/maranhaotv.com.br\\\/index.php\\\/2025\\\/05\\\/13\\\/sao-jose-de-ribamar-e-destaque-na-feira-de-turismo-do-piaui\\\/#breadcrumb\",\"itemListElement\":[{\"@type\":\"ListItem\",\"position\":1,\"name\":\"In\u00edcio\",\"item\":\"https:\\\/\\\/maranhaotv.com.br\\\/\"},{\"@type\":\"ListItem\",\"position\":2,\"name\":\"S\u00e3o Jos\u00e9 de Ribamar \u00e9 destaque na Feira de Turismo do Piau\u00ed\"}]},{\"@type\":\"WebSite\",\"@id\":\"https:\\\/\\\/maranhaotv.com.br\\\/#website\",\"url\":\"https:\\\/\\\/maranhaotv.com.br\\\/\",\"name\":\"Maranh\u00e3oTV\",\"description\":\"\",\"publisher\":{\"@id\":\"https:\\\/\\\/maranhaotv.com.br\\\/#organization\"},\"potentialAction\":[{\"@type\":\"SearchAction\",\"target\":{\"@type\":\"EntryPoint\",\"urlTemplate\":\"https:\\\/\\\/maranhaotv.com.br\\\/?s={search_term_string}\"},\"query-input\":{\"@type\":\"PropertyValueSpecification\",\"valueRequired\":true,\"valueName\":\"search_term_string\"}}],\"inLanguage\":\"pt-BR\"},{\"@type\":\"Organization\",\"@id\":\"https:\\\/\\\/maranhaotv.com.br\\\/#organization\",\"name\":\"Portal de Not\u00edcias\",\"url\":\"https:\\\/\\\/maranhaotv.com.br\\\/\",\"logo\":{\"@type\":\"ImageObject\",\"inLanguage\":\"pt-BR\",\"@id\":\"https:\\\/\\\/maranhaotv.com.br\\\/#\\\/schema\\\/logo\\\/image\\\/\",\"url\":\"https:\\\/\\\/maranhaotv.com.br\\\/wp-content\\\/uploads\\\/2024\\\/05\\\/cropped-cropped-avatar-1.png\",\"contentUrl\":\"https:\\\/\\\/maranhaotv.com.br\\\/wp-content\\\/uploads\\\/2024\\\/05\\\/cropped-cropped-avatar-1.png\",\"width\":792,\"height\":428,\"caption\":\"Portal de Not\u00edcias\"},\"image\":{\"@id\":\"https:\\\/\\\/maranhaotv.com.br\\\/#\\\/schema\\\/logo\\\/image\\\/\"},\"sameAs\":[\"https:\\\/\\\/www.facebook.com\\\/maiobaotv\",\"https:\\\/\\\/x.com\\\/sitemaranhaotv\",\"https:\\\/\\\/www.instagram.com\\\/maranhao.tv\",\"https:\\\/\\\/www.threads.net\\\/@maranhao.tv\"]},{\"@type\":\"Person\",\"@id\":\"https:\\\/\\\/maranhaotv.com.br\\\/#\\\/schema\\\/person\\\/3d54238e86b20bb5c89ab2fdb8f8829a\",\"name\":\"maranhaotv\",\"image\":{\"@type\":\"ImageObject\",\"inLanguage\":\"pt-BR\",\"@id\":\"https:\\\/\\\/secure.gravatar.com\\\/avatar\\\/8fadbca458d4cb68b1dd399ae9a40618d747bb1af65ac9fad21c89220a143eb4?s=96&d=mm&r=g\",\"url\":\"https:\\\/\\\/secure.gravatar.com\\\/avatar\\\/8fadbca458d4cb68b1dd399ae9a40618d747bb1af65ac9fad21c89220a143eb4?s=96&d=mm&r=g\",\"contentUrl\":\"https:\\\/\\\/secure.gravatar.com\\\/avatar\\\/8fadbca458d4cb68b1dd399ae9a40618d747bb1af65ac9fad21c89220a143eb4?s=96&d=mm&r=g\",\"caption\":\"maranhaotv\"},\"sameAs\":[\"https:\\\/\\\/maranhaotv.com.br\\\/\"],\"url\":\"https:\\\/\\\/maranhaotv.com.br\\\/index.php\\\/author\\\/maranhaotv\\\/\"}]}<\/script>\n<!-- \/ Yoast SEO plugin. -->","yoast_head_json":{"title":"S\u00e3o Jos\u00e9 de Ribamar \u00e9 destaque na Feira de Turismo do Piau\u00ed - NOT\u00cdCIAS EM TEMPO REAL","robots":{"index":"index","follow":"follow","max-snippet":"max-snippet:-1","max-image-preview":"max-image-preview:large","max-video-preview":"max-video-preview:-1"},"canonical":"https:\/\/maranhaotv.com.br\/index.php\/2025\/05\/13\/sao-jose-de-ribamar-e-destaque-na-feira-de-turismo-do-piaui\/","og_locale":"pt_BR","og_type":"article","og_title":"S\u00e3o Jos\u00e9 de Ribamar \u00e9 destaque na Feira de Turismo do Piau\u00ed - NOT\u00cdCIAS EM TEMPO REAL","og_description":"O munic\u00edpio de S\u00e3o Jos\u00e9 de Ribamar marcou presen\u00e7a na Feira de Turismo do Piau\u00ed, um dos maiores eventos do","og_url":"https:\/\/maranhaotv.com.br\/index.php\/2025\/05\/13\/sao-jose-de-ribamar-e-destaque-na-feira-de-turismo-do-piaui\/","og_site_name":"NOT\u00cdCIAS EM TEMPO REAL","article_publisher":"https:\/\/www.facebook.com\/maiobaotv","article_published_time":"2025-05-13T19:07:21+00:00","article_modified_time":"2025-05-13T19:08:06+00:00","og_image":[{"width":960,"height":660,"url":"https:\/\/maranhaotv.com.br\/wp-content\/uploads\/2025\/05\/image_editor_output_image-2086951472-1747163244267.jpg","type":"image\/jpeg"}],"author":"maranhaotv","twitter_card":"summary_large_image","twitter_creator":"@sitemaranhaotv","twitter_site":"@sitemaranhaotv","twitter_misc":{"Escrito por":"maranhaotv","Est. tempo de leitura":"1 minuto"},"schema":{"@context":"https:\/\/schema.org","@graph":[{"@type":"Article","@id":"https:\/\/maranhaotv.com.br\/index.php\/2025\/05\/13\/sao-jose-de-ribamar-e-destaque-na-feira-de-turismo-do-piaui\/#article","isPartOf":{"@id":"https:\/\/maranhaotv.com.br\/index.php\/2025\/05\/13\/sao-jose-de-ribamar-e-destaque-na-feira-de-turismo-do-piaui\/"},"author":{"name":"maranhaotv","@id":"https:\/\/maranhaotv.com.br\/#\/schema\/person\/3d54238e86b20bb5c89ab2fdb8f8829a"},"headline":"S\u00e3o Jos\u00e9 de Ribamar \u00e9 destaque na Feira de Turismo do Piau\u00ed","datePublished":"2025-05-13T19:07:21+00:00","dateModified":"2025-05-13T19:08:06+00:00","mainEntityOfPage":{"@id":"https:\/\/maranhaotv.com.br\/index.php\/2025\/05\/13\/sao-jose-de-ribamar-e-destaque-na-feira-de-turismo-do-piaui\/"},"wordCount":274,"commentCount":0,"publisher":{"@id":"https:\/\/maranhaotv.com.br\/#organization"},"image":{"@id":"https:\/\/maranhaotv.com.br\/index.php\/2025\/05\/13\/sao-jose-de-ribamar-e-destaque-na-feira-de-turismo-do-piaui\/#primaryimage"},"thumbnailUrl":"https:\/\/maranhaotv.com.br\/wp-content\/uploads\/2025\/05\/image_editor_output_image-2086951472-1747163244267.jpg","articleSection":["cultura"],"inLanguage":"pt-BR","potentialAction":[{"@type":"CommentAction","name":"Comment","target":["https:\/\/maranhaotv.com.br\/index.php\/2025\/05\/13\/sao-jose-de-ribamar-e-destaque-na-feira-de-turismo-do-piaui\/#respond"]}]},{"@type":"WebPage","@id":"https:\/\/maranhaotv.com.br\/index.php\/2025\/05\/13\/sao-jose-de-ribamar-e-destaque-na-feira-de-turismo-do-piaui\/","url":"https:\/\/maranhaotv.com.br\/index.php\/2025\/05\/13\/sao-jose-de-ribamar-e-destaque-na-feira-de-turismo-do-piaui\/","name":"S\u00e3o Jos\u00e9 de Ribamar \u00e9 destaque na Feira de Turismo do Piau\u00ed - NOT\u00cdCIAS EM TEMPO REAL","isPartOf":{"@id":"https:\/\/maranhaotv.com.br\/#website"},"primaryImageOfPage":{"@id":"https:\/\/maranhaotv.com.br\/index.php\/2025\/05\/13\/sao-jose-de-ribamar-e-destaque-na-feira-de-turismo-do-piaui\/#primaryimage"},"image":{"@id":"https:\/\/maranhaotv.com.br\/index.php\/2025\/05\/13\/sao-jose-de-ribamar-e-destaque-na-feira-de-turismo-do-piaui\/#primaryimage"},"thumbnailUrl":"https:\/\/maranhaotv.com.br\/wp-content\/uploads\/2025\/05\/image_editor_output_image-2086951472-1747163244267.jpg","datePublished":"2025-05-13T19:07:21+00:00","dateModified":"2025-05-13T19:08:06+00:00","breadcrumb":{"@id":"https:\/\/maranhaotv.com.br\/index.php\/2025\/05\/13\/sao-jose-de-ribamar-e-destaque-na-feira-de-turismo-do-piaui\/#breadcrumb"},"inLanguage":"pt-BR","potentialAction":[{"@type":"ReadAction","target":["https:\/\/maranhaotv.com.br\/index.php\/2025\/05\/13\/sao-jose-de-ribamar-e-destaque-na-feira-de-turismo-do-piaui\/"]}]},{"@type":"ImageObject","inLanguage":"pt-BR","@id":"https:\/\/maranhaotv.com.br\/index.php\/2025\/05\/13\/sao-jose-de-ribamar-e-destaque-na-feira-de-turismo-do-piaui\/#primaryimage","url":"https:\/\/maranhaotv.com.br\/wp-content\/uploads\/2025\/05\/image_editor_output_image-2086951472-1747163244267.jpg","contentUrl":"https:\/\/maranhaotv.com.br\/wp-content\/uploads\/2025\/05\/image_editor_output_image-2086951472-1747163244267.jpg","width":960,"height":660},{"@type":"BreadcrumbList","@id":"https:\/\/maranhaotv.com.br\/index.php\/2025\/05\/13\/sao-jose-de-ribamar-e-destaque-na-feira-de-turismo-do-piaui\/#breadcrumb","itemListElement":[{"@type":"ListItem","position":1,"name":"In\u00edcio","item":"https:\/\/maranhaotv.com.br\/"},{"@type":"ListItem","position":2,"name":"S\u00e3o Jos\u00e9 de Ribamar \u00e9 destaque na Feira de Turismo do Piau\u00ed"}]},{"@type":"WebSite","@id":"https:\/\/maranhaotv.com.br\/#website","url":"https:\/\/maranhaotv.com.br\/","name":"Maranh\u00e3oTV","description":"","publisher":{"@id":"https:\/\/maranhaotv.com.br\/#organization"},"potentialAction":[{"@type":"SearchAction","target":{"@type":"EntryPoint","urlTemplate":"https:\/\/maranhaotv.com.br\/?s={search_term_string}"},"query-input":{"@type":"PropertyValueSpecification","valueRequired":true,"valueName":"search_term_string"}}],"inLanguage":"pt-BR"},{"@type":"Organization","@id":"https:\/\/maranhaotv.com.br\/#organization","name":"Portal de Not\u00edcias","url":"https:\/\/maranhaotv.com.br\/","logo":{"@type":"ImageObject","inLanguage":"pt-BR","@id":"https:\/\/maranhaotv.com.br\/#\/schema\/logo\/image\/","url":"https:\/\/maranhaotv.com.br\/wp-content\/uploads\/2024\/05\/cropped-cropped-avatar-1.png","contentUrl":"https:\/\/maranhaotv.com.br\/wp-content\/uploads\/2024\/05\/cropped-cropped-avatar-1.png","width":792,"height":428,"caption":"Portal de Not\u00edcias"},"image":{"@id":"https:\/\/maranhaotv.com.br\/#\/schema\/logo\/image\/"},"sameAs":["https:\/\/www.facebook.com\/maiobaotv","https:\/\/x.com\/sitemaranhaotv","https:\/\/www.instagram.com\/maranhao.tv","https:\/\/www.threads.net\/@maranhao.tv"]},{"@type":"Person","@id":"https:\/\/maranhaotv.com.br\/#\/schema\/person\/3d54238e86b20bb5c89ab2fdb8f8829a","name":"maranhaotv","image":{"@type":"ImageObject","inLanguage":"pt-BR","@id":"https:\/\/secure.gravatar.com\/avatar\/8fadbca458d4cb68b1dd399ae9a40618d747bb1af65ac9fad21c89220a143eb4?s=96&d=mm&r=g","url":"https:\/\/secure.gravatar.com\/avatar\/8fadbca458d4cb68b1dd399ae9a40618d747bb1af65ac9fad21c89220a143eb4?s=96&d=mm&r=g","contentUrl":"https:\/\/secure.gravatar.com\/avatar\/8fadbca458d4cb68b1dd399ae9a40618d747bb1af65ac9fad21c89220a143eb4?s=96&d=mm&r=g","caption":"maranhaotv"},"sameAs":["https:\/\/maranhaotv.com.br\/"],"url":"https:\/\/maranhaotv.com.br\/index.php\/author\/maranhaotv\/"}]}},"jetpack_featured_media_url":"https:\/\/maranhaotv.com.br\/wp-content\/uploads\/2025\/05\/image_editor_output_image-2086951472-1747163244267.jpg","jetpack_sharing_enabled":true,"_links":{"self":[{"href":"https:\/\/maranhaotv.com.br\/index.php\/wp-json\/wp\/v2\/posts\/42028","targetHints":{"allow":["GET"]}}],"collection":[{"href":"https:\/\/maranhaotv.com.br\/index.php\/wp-json\/wp\/v2\/posts"}],"about":[{"href":"https:\/\/maranhaotv.com.br\/index.php\/wp-json\/wp\/v2\/types\/post"}],"author":[{"embeddable":true,"href":"https:\/\/maranhaotv.com.br\/index.php\/wp-json\/wp\/v2\/users\/2"}],"replies":[{"embeddable":true,"href":"https:\/\/maranhaotv.com.br\/index.php\/wp-json\/wp\/v2\/comments?post=42028"}],"version-history":[{"count":2,"href":"https:\/\/maranhaotv.com.br\/index.php\/wp-json\/wp\/v2\/posts\/42028\/revisions"}],"predecessor-version":[{"id":42030,"href":"https:\/\/maranhaotv.com.br\/index.php\/wp-json\/wp\/v2\/posts\/42028\/revisions\/42030"}],"wp:featuredmedia":[{"embeddable":true,"href":"https:\/\/maranhaotv.com.br\/index.php\/wp-json\/wp\/v2\/media\/42027"}],"wp:attachment":[{"href":"https:\/\/maranhaotv.com.br\/index.php\/wp-json\/wp\/v2\/media?parent=42028"}],"wp:term":[{"taxonomy":"category","embeddable":true,"href":"https:\/\/maranhaotv.com.br\/index.php\/wp-json\/wp\/v2\/categories?post=42028"},{"taxonomy":"post_tag","embeddable":true,"href":"https:\/\/maranhaotv.com.br\/index.php\/wp-json\/wp\/v2\/tags?post=42028"}],"curies":[{"name":"wp","href":"https:\/\/api.w.org\/{rel}","templated":true}]}}