{"id":42318,"date":"2025-05-26T19:41:36","date_gmt":"2025-05-26T22:41:36","guid":{"rendered":"https:\/\/maranhaotv.com.br\/?p=42318"},"modified":"2025-05-26T19:41:55","modified_gmt":"2025-05-26T22:41:55","slug":"deputada-iracema-e-wellington-do-curso-irao-homenagear-campanha-da-fraternidade-2025-em-sessao-especial-2","status":"publish","type":"post","link":"https:\/\/maranhaotv.com.br\/index.php\/2025\/05\/26\/deputada-iracema-e-wellington-do-curso-irao-homenagear-campanha-da-fraternidade-2025-em-sessao-especial-2\/","title":{"rendered":"Deputada Iracema e Wellington do Curso ir\u00e3o homenagear Campanha da Fraternidade 2025 em Sess\u00e3o Especial"},"content":{"rendered":"\n<p><br><br>A Assembleia Legislativa do Maranh\u00e3o realizar\u00e1, \u00e0s 11h da pr\u00f3xima ter\u00e7a-feira, 27 de maio, uma sess\u00e3o especial no Plen\u00e1rio Nagib Haickel para homenagear a Campanha da Fraternidade 2025, que traz como tema &#8220;Fraternidade e Ecologia Integral&#8221; e o lema &#8220;Deus viu que tudo era muito bom&#8221; (Gn 1,31). A solenidade foi requerida pela presidente da Casa, deputada Iracema Vale, e pelo deputado Wellington do Curso, por meio do Requerimento n\u00ba 041\/2025.<br><br>Para o deputado Wellington do Curso, a sess\u00e3o especial \u00e9 um momento de uni\u00e3o entre f\u00e9, pol\u00edtica e compromisso social.<br><br>\u201cA Campanha da Fraternidade \u00e9 uma a\u00e7\u00e3o que mobiliza consci\u00eancia e prop\u00f5e solu\u00e7\u00f5es concretas. Ao tratar da ecologia integral, ela nos desafia a repensar nossas pr\u00e1ticas e a defender a vida em todas as suas formas. \u00c9 uma honra poder homenagear essa iniciativa, junto com a presidente Iracema Vale, e fortalecer esse di\u00e1logo necess\u00e1rio com a sociedade.\u201d<\/p>\n","protected":false},"excerpt":{"rendered":"<p>A Assembleia Legislativa do Maranh\u00e3o realizar\u00e1, \u00e0s 11h da pr\u00f3xima ter\u00e7a-feira, 27 de maio, uma sess\u00e3o especial no Plen\u00e1rio Nagib<\/p>\n","protected":false},"author":2,"featured_media":42315,"comment_status":"open","ping_status":"open","sticky":false,"template":"","format":"standard","meta":{"colormag_page_container_layout":"default_layout","colormag_page_sidebar_layout":"default_layout","_jetpack_memberships_contains_paid_content":false,"footnotes":""},"categories":[2],"tags":[],"class_list":["post-42318","post","type-post","status-publish","format-standard","has-post-thumbnail","hentry","category-noticias"],"magazineBlocksPostFeaturedMedia":{"thumbnail":"https:\/\/maranhaotv.com.br\/wp-content\/uploads\/2025\/05\/IMG-20250526-WA0346-150x150.jpg","medium":"https:\/\/maranhaotv.com.br\/wp-content\/uploads\/2025\/05\/IMG-20250526-WA0346-300x169.jpg","medium_large":"https:\/\/maranhaotv.com.br\/wp-content\/uploads\/2025\/05\/IMG-20250526-WA0346-768x432.jpg","large":"https:\/\/maranhaotv.com.br\/wp-content\/uploads\/2025\/05\/IMG-20250526-WA0346-1024x576.jpg","1536x1536":"https:\/\/maranhaotv.com.br\/wp-content\/uploads\/2025\/05\/IMG-20250526-WA0346-1536x864.jpg","2048x2048":"https:\/\/maranhaotv.com.br\/wp-content\/uploads\/2025\/05\/IMG-20250526-WA0346.jpg","colormag-highlighted-post":"https:\/\/maranhaotv.com.br\/wp-content\/uploads\/2025\/05\/IMG-20250526-WA0346-392x272.jpg","colormag-featured-post-medium":"https:\/\/maranhaotv.com.br\/wp-content\/uploads\/2025\/05\/IMG-20250526-WA0346-390x205.jpg","colormag-featured-post-small":"https:\/\/maranhaotv.com.br\/wp-content\/uploads\/2025\/05\/IMG-20250526-WA0346-130x90.jpg","colormag-featured-image":"https:\/\/maranhaotv.com.br\/wp-content\/uploads\/2025\/05\/IMG-20250526-WA0346-800x445.jpg","colormag-default-news":"https:\/\/maranhaotv.com.br\/wp-content\/uploads\/2025\/05\/IMG-20250526-WA0346-150x150.jpg","colormag-featured-image-large":"https:\/\/maranhaotv.com.br\/wp-content\/uploads\/2025\/05\/IMG-20250526-WA0346-1400x600.jpg"},"magazineBlocksPostAuthor":{"name":"maranhaotv","avatar":"https:\/\/secure.gravatar.com\/avatar\/8fadbca458d4cb68b1dd399ae9a40618d747bb1af65ac9fad21c89220a143eb4?s=96&d=mm&r=g"},"magazineBlocksPostCommentsNumber":"0","magazineBlocksPostExcerpt":"A Assembleia Legislativa do Maranh\u00e3o realizar\u00e1, \u00e0s 11h da pr\u00f3xima ter\u00e7a-feira, 27 de maio, uma sess\u00e3o especial no Plen\u00e1rio Nagib","magazineBlocksPostCategories":["not\u00edcias"],"magazineBlocksPostViewCount":188,"magazineBlocksPostReadTime":1,"magazine_blocks_featured_image_url":{"full":["https:\/\/maranhaotv.com.br\/wp-content\/uploads\/2025\/05\/IMG-20250526-WA0346.jpg",1600,900,false],"medium":["https:\/\/maranhaotv.com.br\/wp-content\/uploads\/2025\/05\/IMG-20250526-WA0346-300x169.jpg",300,169,true],"thumbnail":["https:\/\/maranhaotv.com.br\/wp-content\/uploads\/2025\/05\/IMG-20250526-WA0346-150x150.jpg",150,150,true]},"magazine_blocks_author":{"display_name":"maranhaotv","author_link":"https:\/\/maranhaotv.com.br\/index.php\/author\/maranhaotv\/"},"magazine_blocks_comment":0,"magazine_blocks_author_image":"https:\/\/secure.gravatar.com\/avatar\/8fadbca458d4cb68b1dd399ae9a40618d747bb1af65ac9fad21c89220a143eb4?s=96&d=mm&r=g","magazine_blocks_category":"<a href=\"#\" class=\"category-link category-link-2\">not\u00edcias<\/a>","yoast_head":"<!-- This site is optimized with the Yoast SEO plugin v27.4 - https:\/\/yoast.com\/product\/yoast-seo-wordpress\/ -->\n<title>Deputada Iracema e Wellington do Curso ir\u00e3o homenagear Campanha da Fraternidade 2025 em Sess\u00e3o Especial - NOT\u00cdCIAS EM TEMPO REAL<\/title>\n<meta name=\"robots\" content=\"index, follow, max-snippet:-1, max-image-preview:large, max-video-preview:-1\" \/>\n<link rel=\"canonical\" href=\"https:\/\/maranhaotv.com.br\/index.php\/2025\/05\/26\/deputada-iracema-e-wellington-do-curso-irao-homenagear-campanha-da-fraternidade-2025-em-sessao-especial-2\/\" \/>\n<meta property=\"og:locale\" content=\"pt_BR\" \/>\n<meta property=\"og:type\" content=\"article\" \/>\n<meta property=\"og:title\" content=\"Deputada Iracema e Wellington do Curso ir\u00e3o homenagear Campanha da Fraternidade 2025 em Sess\u00e3o Especial - NOT\u00cdCIAS EM TEMPO REAL\" \/>\n<meta property=\"og:description\" content=\"A Assembleia Legislativa do Maranh\u00e3o realizar\u00e1, \u00e0s 11h da pr\u00f3xima ter\u00e7a-feira, 27 de maio, uma sess\u00e3o especial no Plen\u00e1rio Nagib\" \/>\n<meta property=\"og:url\" content=\"https:\/\/maranhaotv.com.br\/index.php\/2025\/05\/26\/deputada-iracema-e-wellington-do-curso-irao-homenagear-campanha-da-fraternidade-2025-em-sessao-especial-2\/\" \/>\n<meta property=\"og:site_name\" content=\"NOT\u00cdCIAS EM TEMPO REAL\" \/>\n<meta property=\"article:publisher\" content=\"https:\/\/www.facebook.com\/maiobaotv\" \/>\n<meta property=\"article:published_time\" content=\"2025-05-26T22:41:36+00:00\" \/>\n<meta property=\"article:modified_time\" content=\"2025-05-26T22:41:55+00:00\" \/>\n<meta property=\"og:image\" content=\"https:\/\/maranhaotv.com.br\/wp-content\/uploads\/2025\/05\/IMG-20250526-WA0346.jpg\" \/>\n\t<meta property=\"og:image:width\" content=\"1600\" \/>\n\t<meta property=\"og:image:height\" content=\"900\" \/>\n\t<meta property=\"og:image:type\" content=\"image\/jpeg\" \/>\n<meta name=\"author\" content=\"maranhaotv\" \/>\n<meta name=\"twitter:card\" content=\"summary_large_image\" \/>\n<meta name=\"twitter:creator\" content=\"@sitemaranhaotv\" \/>\n<meta name=\"twitter:site\" content=\"@sitemaranhaotv\" \/>\n<meta name=\"twitter:label1\" content=\"Escrito por\" \/>\n\t<meta name=\"twitter:data1\" content=\"maranhaotv\" \/>\n\t<meta name=\"twitter:label2\" content=\"Est. tempo de leitura\" \/>\n\t<meta name=\"twitter:data2\" content=\"1 minuto\" \/>\n<script type=\"application\/ld+json\" class=\"yoast-schema-graph\">{\"@context\":\"https:\\\/\\\/schema.org\",\"@graph\":[{\"@type\":\"Article\",\"@id\":\"https:\\\/\\\/maranhaotv.com.br\\\/index.php\\\/2025\\\/05\\\/26\\\/deputada-iracema-e-wellington-do-curso-irao-homenagear-campanha-da-fraternidade-2025-em-sessao-especial-2\\\/#article\",\"isPartOf\":{\"@id\":\"https:\\\/\\\/maranhaotv.com.br\\\/index.php\\\/2025\\\/05\\\/26\\\/deputada-iracema-e-wellington-do-curso-irao-homenagear-campanha-da-fraternidade-2025-em-sessao-especial-2\\\/\"},\"author\":{\"name\":\"maranhaotv\",\"@id\":\"https:\\\/\\\/maranhaotv.com.br\\\/#\\\/schema\\\/person\\\/3d54238e86b20bb5c89ab2fdb8f8829a\"},\"headline\":\"Deputada Iracema e Wellington do Curso ir\u00e3o homenagear Campanha da Fraternidade 2025 em Sess\u00e3o Especial\",\"datePublished\":\"2025-05-26T22:41:36+00:00\",\"dateModified\":\"2025-05-26T22:41:55+00:00\",\"mainEntityOfPage\":{\"@id\":\"https:\\\/\\\/maranhaotv.com.br\\\/index.php\\\/2025\\\/05\\\/26\\\/deputada-iracema-e-wellington-do-curso-irao-homenagear-campanha-da-fraternidade-2025-em-sessao-especial-2\\\/\"},\"wordCount\":172,\"commentCount\":0,\"publisher\":{\"@id\":\"https:\\\/\\\/maranhaotv.com.br\\\/#organization\"},\"image\":{\"@id\":\"https:\\\/\\\/maranhaotv.com.br\\\/index.php\\\/2025\\\/05\\\/26\\\/deputada-iracema-e-wellington-do-curso-irao-homenagear-campanha-da-fraternidade-2025-em-sessao-especial-2\\\/#primaryimage\"},\"thumbnailUrl\":\"https:\\\/\\\/maranhaotv.com.br\\\/wp-content\\\/uploads\\\/2025\\\/05\\\/IMG-20250526-WA0346.jpg\",\"articleSection\":[\"not\u00edcias\"],\"inLanguage\":\"pt-BR\",\"potentialAction\":[{\"@type\":\"CommentAction\",\"name\":\"Comment\",\"target\":[\"https:\\\/\\\/maranhaotv.com.br\\\/index.php\\\/2025\\\/05\\\/26\\\/deputada-iracema-e-wellington-do-curso-irao-homenagear-campanha-da-fraternidade-2025-em-sessao-especial-2\\\/#respond\"]}]},{\"@type\":\"WebPage\",\"@id\":\"https:\\\/\\\/maranhaotv.com.br\\\/index.php\\\/2025\\\/05\\\/26\\\/deputada-iracema-e-wellington-do-curso-irao-homenagear-campanha-da-fraternidade-2025-em-sessao-especial-2\\\/\",\"url\":\"https:\\\/\\\/maranhaotv.com.br\\\/index.php\\\/2025\\\/05\\\/26\\\/deputada-iracema-e-wellington-do-curso-irao-homenagear-campanha-da-fraternidade-2025-em-sessao-especial-2\\\/\",\"name\":\"Deputada Iracema e Wellington do Curso ir\u00e3o homenagear Campanha da Fraternidade 2025 em Sess\u00e3o Especial - NOT\u00cdCIAS EM TEMPO REAL\",\"isPartOf\":{\"@id\":\"https:\\\/\\\/maranhaotv.com.br\\\/#website\"},\"primaryImageOfPage\":{\"@id\":\"https:\\\/\\\/maranhaotv.com.br\\\/index.php\\\/2025\\\/05\\\/26\\\/deputada-iracema-e-wellington-do-curso-irao-homenagear-campanha-da-fraternidade-2025-em-sessao-especial-2\\\/#primaryimage\"},\"image\":{\"@id\":\"https:\\\/\\\/maranhaotv.com.br\\\/index.php\\\/2025\\\/05\\\/26\\\/deputada-iracema-e-wellington-do-curso-irao-homenagear-campanha-da-fraternidade-2025-em-sessao-especial-2\\\/#primaryimage\"},\"thumbnailUrl\":\"https:\\\/\\\/maranhaotv.com.br\\\/wp-content\\\/uploads\\\/2025\\\/05\\\/IMG-20250526-WA0346.jpg\",\"datePublished\":\"2025-05-26T22:41:36+00:00\",\"dateModified\":\"2025-05-26T22:41:55+00:00\",\"breadcrumb\":{\"@id\":\"https:\\\/\\\/maranhaotv.com.br\\\/index.php\\\/2025\\\/05\\\/26\\\/deputada-iracema-e-wellington-do-curso-irao-homenagear-campanha-da-fraternidade-2025-em-sessao-especial-2\\\/#breadcrumb\"},\"inLanguage\":\"pt-BR\",\"potentialAction\":[{\"@type\":\"ReadAction\",\"target\":[\"https:\\\/\\\/maranhaotv.com.br\\\/index.php\\\/2025\\\/05\\\/26\\\/deputada-iracema-e-wellington-do-curso-irao-homenagear-campanha-da-fraternidade-2025-em-sessao-especial-2\\\/\"]}]},{\"@type\":\"ImageObject\",\"inLanguage\":\"pt-BR\",\"@id\":\"https:\\\/\\\/maranhaotv.com.br\\\/index.php\\\/2025\\\/05\\\/26\\\/deputada-iracema-e-wellington-do-curso-irao-homenagear-campanha-da-fraternidade-2025-em-sessao-especial-2\\\/#primaryimage\",\"url\":\"https:\\\/\\\/maranhaotv.com.br\\\/wp-content\\\/uploads\\\/2025\\\/05\\\/IMG-20250526-WA0346.jpg\",\"contentUrl\":\"https:\\\/\\\/maranhaotv.com.br\\\/wp-content\\\/uploads\\\/2025\\\/05\\\/IMG-20250526-WA0346.jpg\",\"width\":1600,\"height\":900},{\"@type\":\"BreadcrumbList\",\"@id\":\"https:\\\/\\\/maranhaotv.com.br\\\/index.php\\\/2025\\\/05\\\/26\\\/deputada-iracema-e-wellington-do-curso-irao-homenagear-campanha-da-fraternidade-2025-em-sessao-especial-2\\\/#breadcrumb\",\"itemListElement\":[{\"@type\":\"ListItem\",\"position\":1,\"name\":\"In\u00edcio\",\"item\":\"https:\\\/\\\/maranhaotv.com.br\\\/\"},{\"@type\":\"ListItem\",\"position\":2,\"name\":\"Deputada Iracema e Wellington do Curso ir\u00e3o homenagear Campanha da Fraternidade 2025 em Sess\u00e3o Especial\"}]},{\"@type\":\"WebSite\",\"@id\":\"https:\\\/\\\/maranhaotv.com.br\\\/#website\",\"url\":\"https:\\\/\\\/maranhaotv.com.br\\\/\",\"name\":\"Maranh\u00e3oTV\",\"description\":\"\",\"publisher\":{\"@id\":\"https:\\\/\\\/maranhaotv.com.br\\\/#organization\"},\"potentialAction\":[{\"@type\":\"SearchAction\",\"target\":{\"@type\":\"EntryPoint\",\"urlTemplate\":\"https:\\\/\\\/maranhaotv.com.br\\\/?s={search_term_string}\"},\"query-input\":{\"@type\":\"PropertyValueSpecification\",\"valueRequired\":true,\"valueName\":\"search_term_string\"}}],\"inLanguage\":\"pt-BR\"},{\"@type\":\"Organization\",\"@id\":\"https:\\\/\\\/maranhaotv.com.br\\\/#organization\",\"name\":\"Portal de Not\u00edcias\",\"url\":\"https:\\\/\\\/maranhaotv.com.br\\\/\",\"logo\":{\"@type\":\"ImageObject\",\"inLanguage\":\"pt-BR\",\"@id\":\"https:\\\/\\\/maranhaotv.com.br\\\/#\\\/schema\\\/logo\\\/image\\\/\",\"url\":\"https:\\\/\\\/maranhaotv.com.br\\\/wp-content\\\/uploads\\\/2024\\\/05\\\/cropped-cropped-avatar-1.png\",\"contentUrl\":\"https:\\\/\\\/maranhaotv.com.br\\\/wp-content\\\/uploads\\\/2024\\\/05\\\/cropped-cropped-avatar-1.png\",\"width\":792,\"height\":428,\"caption\":\"Portal de Not\u00edcias\"},\"image\":{\"@id\":\"https:\\\/\\\/maranhaotv.com.br\\\/#\\\/schema\\\/logo\\\/image\\\/\"},\"sameAs\":[\"https:\\\/\\\/www.facebook.com\\\/maiobaotv\",\"https:\\\/\\\/x.com\\\/sitemaranhaotv\",\"https:\\\/\\\/www.instagram.com\\\/maranhao.tv\",\"https:\\\/\\\/www.threads.net\\\/@maranhao.tv\"]},{\"@type\":\"Person\",\"@id\":\"https:\\\/\\\/maranhaotv.com.br\\\/#\\\/schema\\\/person\\\/3d54238e86b20bb5c89ab2fdb8f8829a\",\"name\":\"maranhaotv\",\"image\":{\"@type\":\"ImageObject\",\"inLanguage\":\"pt-BR\",\"@id\":\"https:\\\/\\\/secure.gravatar.com\\\/avatar\\\/8fadbca458d4cb68b1dd399ae9a40618d747bb1af65ac9fad21c89220a143eb4?s=96&d=mm&r=g\",\"url\":\"https:\\\/\\\/secure.gravatar.com\\\/avatar\\\/8fadbca458d4cb68b1dd399ae9a40618d747bb1af65ac9fad21c89220a143eb4?s=96&d=mm&r=g\",\"contentUrl\":\"https:\\\/\\\/secure.gravatar.com\\\/avatar\\\/8fadbca458d4cb68b1dd399ae9a40618d747bb1af65ac9fad21c89220a143eb4?s=96&d=mm&r=g\",\"caption\":\"maranhaotv\"},\"sameAs\":[\"https:\\\/\\\/maranhaotv.com.br\\\/\"],\"url\":\"https:\\\/\\\/maranhaotv.com.br\\\/index.php\\\/author\\\/maranhaotv\\\/\"}]}<\/script>\n<!-- \/ Yoast SEO plugin. -->","yoast_head_json":{"title":"Deputada Iracema e Wellington do Curso ir\u00e3o homenagear Campanha da Fraternidade 2025 em Sess\u00e3o Especial - NOT\u00cdCIAS EM TEMPO REAL","robots":{"index":"index","follow":"follow","max-snippet":"max-snippet:-1","max-image-preview":"max-image-preview:large","max-video-preview":"max-video-preview:-1"},"canonical":"https:\/\/maranhaotv.com.br\/index.php\/2025\/05\/26\/deputada-iracema-e-wellington-do-curso-irao-homenagear-campanha-da-fraternidade-2025-em-sessao-especial-2\/","og_locale":"pt_BR","og_type":"article","og_title":"Deputada Iracema e Wellington do Curso ir\u00e3o homenagear Campanha da Fraternidade 2025 em Sess\u00e3o Especial - NOT\u00cdCIAS EM TEMPO REAL","og_description":"A Assembleia Legislativa do Maranh\u00e3o realizar\u00e1, \u00e0s 11h da pr\u00f3xima ter\u00e7a-feira, 27 de maio, uma sess\u00e3o especial no Plen\u00e1rio Nagib","og_url":"https:\/\/maranhaotv.com.br\/index.php\/2025\/05\/26\/deputada-iracema-e-wellington-do-curso-irao-homenagear-campanha-da-fraternidade-2025-em-sessao-especial-2\/","og_site_name":"NOT\u00cdCIAS EM TEMPO REAL","article_publisher":"https:\/\/www.facebook.com\/maiobaotv","article_published_time":"2025-05-26T22:41:36+00:00","article_modified_time":"2025-05-26T22:41:55+00:00","og_image":[{"width":1600,"height":900,"url":"https:\/\/maranhaotv.com.br\/wp-content\/uploads\/2025\/05\/IMG-20250526-WA0346.jpg","type":"image\/jpeg"}],"author":"maranhaotv","twitter_card":"summary_large_image","twitter_creator":"@sitemaranhaotv","twitter_site":"@sitemaranhaotv","twitter_misc":{"Escrito por":"maranhaotv","Est. tempo de leitura":"1 minuto"},"schema":{"@context":"https:\/\/schema.org","@graph":[{"@type":"Article","@id":"https:\/\/maranhaotv.com.br\/index.php\/2025\/05\/26\/deputada-iracema-e-wellington-do-curso-irao-homenagear-campanha-da-fraternidade-2025-em-sessao-especial-2\/#article","isPartOf":{"@id":"https:\/\/maranhaotv.com.br\/index.php\/2025\/05\/26\/deputada-iracema-e-wellington-do-curso-irao-homenagear-campanha-da-fraternidade-2025-em-sessao-especial-2\/"},"author":{"name":"maranhaotv","@id":"https:\/\/maranhaotv.com.br\/#\/schema\/person\/3d54238e86b20bb5c89ab2fdb8f8829a"},"headline":"Deputada Iracema e Wellington do Curso ir\u00e3o homenagear Campanha da Fraternidade 2025 em Sess\u00e3o Especial","datePublished":"2025-05-26T22:41:36+00:00","dateModified":"2025-05-26T22:41:55+00:00","mainEntityOfPage":{"@id":"https:\/\/maranhaotv.com.br\/index.php\/2025\/05\/26\/deputada-iracema-e-wellington-do-curso-irao-homenagear-campanha-da-fraternidade-2025-em-sessao-especial-2\/"},"wordCount":172,"commentCount":0,"publisher":{"@id":"https:\/\/maranhaotv.com.br\/#organization"},"image":{"@id":"https:\/\/maranhaotv.com.br\/index.php\/2025\/05\/26\/deputada-iracema-e-wellington-do-curso-irao-homenagear-campanha-da-fraternidade-2025-em-sessao-especial-2\/#primaryimage"},"thumbnailUrl":"https:\/\/maranhaotv.com.br\/wp-content\/uploads\/2025\/05\/IMG-20250526-WA0346.jpg","articleSection":["not\u00edcias"],"inLanguage":"pt-BR","potentialAction":[{"@type":"CommentAction","name":"Comment","target":["https:\/\/maranhaotv.com.br\/index.php\/2025\/05\/26\/deputada-iracema-e-wellington-do-curso-irao-homenagear-campanha-da-fraternidade-2025-em-sessao-especial-2\/#respond"]}]},{"@type":"WebPage","@id":"https:\/\/maranhaotv.com.br\/index.php\/2025\/05\/26\/deputada-iracema-e-wellington-do-curso-irao-homenagear-campanha-da-fraternidade-2025-em-sessao-especial-2\/","url":"https:\/\/maranhaotv.com.br\/index.php\/2025\/05\/26\/deputada-iracema-e-wellington-do-curso-irao-homenagear-campanha-da-fraternidade-2025-em-sessao-especial-2\/","name":"Deputada Iracema e Wellington do Curso ir\u00e3o homenagear Campanha da Fraternidade 2025 em Sess\u00e3o Especial - NOT\u00cdCIAS EM TEMPO REAL","isPartOf":{"@id":"https:\/\/maranhaotv.com.br\/#website"},"primaryImageOfPage":{"@id":"https:\/\/maranhaotv.com.br\/index.php\/2025\/05\/26\/deputada-iracema-e-wellington-do-curso-irao-homenagear-campanha-da-fraternidade-2025-em-sessao-especial-2\/#primaryimage"},"image":{"@id":"https:\/\/maranhaotv.com.br\/index.php\/2025\/05\/26\/deputada-iracema-e-wellington-do-curso-irao-homenagear-campanha-da-fraternidade-2025-em-sessao-especial-2\/#primaryimage"},"thumbnailUrl":"https:\/\/maranhaotv.com.br\/wp-content\/uploads\/2025\/05\/IMG-20250526-WA0346.jpg","datePublished":"2025-05-26T22:41:36+00:00","dateModified":"2025-05-26T22:41:55+00:00","breadcrumb":{"@id":"https:\/\/maranhaotv.com.br\/index.php\/2025\/05\/26\/deputada-iracema-e-wellington-do-curso-irao-homenagear-campanha-da-fraternidade-2025-em-sessao-especial-2\/#breadcrumb"},"inLanguage":"pt-BR","potentialAction":[{"@type":"ReadAction","target":["https:\/\/maranhaotv.com.br\/index.php\/2025\/05\/26\/deputada-iracema-e-wellington-do-curso-irao-homenagear-campanha-da-fraternidade-2025-em-sessao-especial-2\/"]}]},{"@type":"ImageObject","inLanguage":"pt-BR","@id":"https:\/\/maranhaotv.com.br\/index.php\/2025\/05\/26\/deputada-iracema-e-wellington-do-curso-irao-homenagear-campanha-da-fraternidade-2025-em-sessao-especial-2\/#primaryimage","url":"https:\/\/maranhaotv.com.br\/wp-content\/uploads\/2025\/05\/IMG-20250526-WA0346.jpg","contentUrl":"https:\/\/maranhaotv.com.br\/wp-content\/uploads\/2025\/05\/IMG-20250526-WA0346.jpg","width":1600,"height":900},{"@type":"BreadcrumbList","@id":"https:\/\/maranhaotv.com.br\/index.php\/2025\/05\/26\/deputada-iracema-e-wellington-do-curso-irao-homenagear-campanha-da-fraternidade-2025-em-sessao-especial-2\/#breadcrumb","itemListElement":[{"@type":"ListItem","position":1,"name":"In\u00edcio","item":"https:\/\/maranhaotv.com.br\/"},{"@type":"ListItem","position":2,"name":"Deputada Iracema e Wellington do Curso ir\u00e3o homenagear Campanha da Fraternidade 2025 em Sess\u00e3o Especial"}]},{"@type":"WebSite","@id":"https:\/\/maranhaotv.com.br\/#website","url":"https:\/\/maranhaotv.com.br\/","name":"Maranh\u00e3oTV","description":"","publisher":{"@id":"https:\/\/maranhaotv.com.br\/#organization"},"potentialAction":[{"@type":"SearchAction","target":{"@type":"EntryPoint","urlTemplate":"https:\/\/maranhaotv.com.br\/?s={search_term_string}"},"query-input":{"@type":"PropertyValueSpecification","valueRequired":true,"valueName":"search_term_string"}}],"inLanguage":"pt-BR"},{"@type":"Organization","@id":"https:\/\/maranhaotv.com.br\/#organization","name":"Portal de Not\u00edcias","url":"https:\/\/maranhaotv.com.br\/","logo":{"@type":"ImageObject","inLanguage":"pt-BR","@id":"https:\/\/maranhaotv.com.br\/#\/schema\/logo\/image\/","url":"https:\/\/maranhaotv.com.br\/wp-content\/uploads\/2024\/05\/cropped-cropped-avatar-1.png","contentUrl":"https:\/\/maranhaotv.com.br\/wp-content\/uploads\/2024\/05\/cropped-cropped-avatar-1.png","width":792,"height":428,"caption":"Portal de Not\u00edcias"},"image":{"@id":"https:\/\/maranhaotv.com.br\/#\/schema\/logo\/image\/"},"sameAs":["https:\/\/www.facebook.com\/maiobaotv","https:\/\/x.com\/sitemaranhaotv","https:\/\/www.instagram.com\/maranhao.tv","https:\/\/www.threads.net\/@maranhao.tv"]},{"@type":"Person","@id":"https:\/\/maranhaotv.com.br\/#\/schema\/person\/3d54238e86b20bb5c89ab2fdb8f8829a","name":"maranhaotv","image":{"@type":"ImageObject","inLanguage":"pt-BR","@id":"https:\/\/secure.gravatar.com\/avatar\/8fadbca458d4cb68b1dd399ae9a40618d747bb1af65ac9fad21c89220a143eb4?s=96&d=mm&r=g","url":"https:\/\/secure.gravatar.com\/avatar\/8fadbca458d4cb68b1dd399ae9a40618d747bb1af65ac9fad21c89220a143eb4?s=96&d=mm&r=g","contentUrl":"https:\/\/secure.gravatar.com\/avatar\/8fadbca458d4cb68b1dd399ae9a40618d747bb1af65ac9fad21c89220a143eb4?s=96&d=mm&r=g","caption":"maranhaotv"},"sameAs":["https:\/\/maranhaotv.com.br\/"],"url":"https:\/\/maranhaotv.com.br\/index.php\/author\/maranhaotv\/"}]}},"jetpack_featured_media_url":"https:\/\/maranhaotv.com.br\/wp-content\/uploads\/2025\/05\/IMG-20250526-WA0346.jpg","jetpack_sharing_enabled":true,"_links":{"self":[{"href":"https:\/\/maranhaotv.com.br\/index.php\/wp-json\/wp\/v2\/posts\/42318","targetHints":{"allow":["GET"]}}],"collection":[{"href":"https:\/\/maranhaotv.com.br\/index.php\/wp-json\/wp\/v2\/posts"}],"about":[{"href":"https:\/\/maranhaotv.com.br\/index.php\/wp-json\/wp\/v2\/types\/post"}],"author":[{"embeddable":true,"href":"https:\/\/maranhaotv.com.br\/index.php\/wp-json\/wp\/v2\/users\/2"}],"replies":[{"embeddable":true,"href":"https:\/\/maranhaotv.com.br\/index.php\/wp-json\/wp\/v2\/comments?post=42318"}],"version-history":[{"count":1,"href":"https:\/\/maranhaotv.com.br\/index.php\/wp-json\/wp\/v2\/posts\/42318\/revisions"}],"predecessor-version":[{"id":42319,"href":"https:\/\/maranhaotv.com.br\/index.php\/wp-json\/wp\/v2\/posts\/42318\/revisions\/42319"}],"wp:featuredmedia":[{"embeddable":true,"href":"https:\/\/maranhaotv.com.br\/index.php\/wp-json\/wp\/v2\/media\/42315"}],"wp:attachment":[{"href":"https:\/\/maranhaotv.com.br\/index.php\/wp-json\/wp\/v2\/media?parent=42318"}],"wp:term":[{"taxonomy":"category","embeddable":true,"href":"https:\/\/maranhaotv.com.br\/index.php\/wp-json\/wp\/v2\/categories?post=42318"},{"taxonomy":"post_tag","embeddable":true,"href":"https:\/\/maranhaotv.com.br\/index.php\/wp-json\/wp\/v2\/tags?post=42318"}],"curies":[{"name":"wp","href":"https:\/\/api.w.org\/{rel}","templated":true}]}}