{"id":42452,"date":"2025-05-29T21:09:46","date_gmt":"2025-05-30T00:09:46","guid":{"rendered":"https:\/\/maranhaotv.com.br\/?p=42452"},"modified":"2025-05-29T21:09:49","modified_gmt":"2025-05-30T00:09:49","slug":"mp-requer-afastamento-da-prefeita-de-sao-francisco-do-brejao","status":"publish","type":"post","link":"https:\/\/maranhaotv.com.br\/index.php\/2025\/05\/29\/mp-requer-afastamento-da-prefeita-de-sao-francisco-do-brejao\/","title":{"rendered":"MP requer afastamento da prefeita de S\u00e3o Francisco do Brej\u00e3o"},"content":{"rendered":"\n<p>O Minist\u00e9rio P\u00fablico do Maranh\u00e3o, por meio da Promotoria de Defesa do Patrim\u00f4nio P\u00fablico de A\u00e7ail\u00e2ndia, pediu, nesta quarta-feira, 28, em A\u00e7\u00e3o Civil P\u00fablica por ato de improbidade, o afastamento liminar da prefeita de S\u00e3o Francisco do Brej\u00e3o, Edinalva Brand\u00e3o Gon\u00e7alves, pelo prazo de 180 dias. O munic\u00edpio \u00e9 termo judici\u00e1rio da comarca de A\u00e7ail\u00e2ndia.<br><br>Formulado pelo promotor de justi\u00e7a Denys Lima R\u00eago, o pedido \u00e9 fundamentado em ilegalidades constatadas no munic\u00edpio, que incluem contrata\u00e7\u00e3o de servidores sem seletivo simplificado ou crit\u00e9rios t\u00e9cnicos e descumprimento de determina\u00e7\u00e3o judicial para realiza\u00e7\u00e3o de concurso p\u00fablico. Tamb\u00e9m foram constatadas a pr\u00e1tica de nepotismo, concess\u00f5es de uso de boxes e barracas p\u00fablicas sem sele\u00e7\u00e3o, al\u00e9m de montagem de processos licitat\u00f3rios para beneficiar empresas e com oferta de vantagem indevida.<br><br>SEM CONCURSO<br><br>O Munic\u00edpio mant\u00e9m n\u00famero elevado de servidores contratados de forma prec\u00e1ria, em detrimento dos concursados, inclusive em cargos que exigem concurso p\u00fablico.<br><br>O MPMA solicitou v\u00e1rias vezes que a gestora municipal evitasse realizar novas contrata\u00e7\u00f5es sem processo seletivo e abrisse um concurso. A prefeita ignorou as solicita\u00e7\u00f5es. Al\u00e9m da emiss\u00e3o de diversas Recomenda\u00e7\u00f5es e of\u00edcios, foi ajuizada A\u00e7\u00e3o Civil P\u00fablica, que resultou na determina\u00e7\u00e3o de que fosse lan\u00e7ado edital de certame e tomadas medidas para contrata\u00e7\u00e3o de empresa para organiz\u00e1-lo. Mesmo ap\u00f3s a ordem judicial, Edinalva Gon\u00e7alves deixou transcorrer o prazo sem qualquer provid\u00eancia.<br><br>A gestora n\u00e3o cumpriu a decis\u00e3o anterior e ainda elevou o n\u00famero de contrata\u00e7\u00f5es sem concurso de 337 para 369 contratados por tempo determinado. \u201cA prefeita desconsidera as solicita\u00e7\u00f5es do Minist\u00e9rio P\u00fablico e a decis\u00e3o judicial, demonstrando desrespeito ao \u00f3rg\u00e3o ministerial, ao Poder Judici\u00e1rio, \u00e0 Constitui\u00e7\u00e3o Federal e ao povo que a elegeu\u201d, enfatiza o promotor de justi\u00e7a, na A\u00e7\u00e3o.<br><br>A Promotoria recomendou novamente que n\u00e3o fossem realizadas novas nomea\u00e7\u00f5es de servidores contratados, sem processo simplificado de sele\u00e7\u00e3o. Tamb\u00e9m pediu a ado\u00e7\u00e3o de medidas para contrata\u00e7\u00e3o de empresa para realiza\u00e7\u00e3o de concurso p\u00fablico. Os pedidos nunca foram atendidos.<br><br>PROCURADORIA MUNICIPAL<br><br>De acordo com o Minist\u00e9rio P\u00fablico, Edinalva Gon\u00e7alves tamb\u00e9m desconsidera a necessidade da regulariza\u00e7\u00e3o da estrutura da Procuradoria Municipal, que n\u00e3o possui servidores efetivos. Em 2021, a Promotoria de Justi\u00e7a solicitou a realiza\u00e7\u00e3o de concurso p\u00fablico para os cargos de procurador, conforme determina a Constitui\u00e7\u00e3o.<br><br>A prefeita alegou impedimentos resultantes da lei que tratava do enfrentamento ao coronav\u00edrus, que imp\u00f4s restri\u00e7\u00f5es \u00e0 cria\u00e7\u00e3o de cargos e \u00e0 realiza\u00e7\u00e3o de concursos p\u00fablicos at\u00e9 31 de dezembro de 2021.<br><br>Em 2022, a gestora prometeu a realiza\u00e7\u00e3o de concurso, com edital previsto para janeiro do ano seguinte, mas o compromisso n\u00e3o foi cumprido. Posteriormente, ela adiou a medida, sob o argumento de incerteza quanto ao Fundo de Participa\u00e7\u00e3o dos Munic\u00edpios (FPM).<br><br>Mesmo com a determina\u00e7\u00e3o da Justi\u00e7a para realiza\u00e7\u00e3o do certame, Edinalva Gon\u00e7alves n\u00e3o cumpriu a senten\u00e7a, optando por manter estrutura jur\u00eddica prec\u00e1ria, composta unicamente por cargo comissionado de procurador-geral.<br><br>Em setembro de 2022, o Munic\u00edpio informou a designa\u00e7\u00e3o de equipe para planejar o concurso p\u00fablico para procurador municipal. Em janeiro de 2023, o prazo para conclus\u00e3o do certame seria de seis meses, com defini\u00e7\u00e3o da empresa organizadora. Contudo, um m\u00eas depois, o Munic\u00edpio comunicou o adiamento da realiza\u00e7\u00e3o do processo seletivo para o segundo semestre de 2023.<br><br>\u201cA cria\u00e7\u00e3o de cargos comissionados de procurador municipal \u00e9 uma forma de burlar a regra do concurso p\u00fablico, notadamente pelo fato de praticarem atos privativos e permanentes de servidores efetivos, afastando-se, assim, dos requisitos legais que autorizam a contrata\u00e7\u00e3o tempor\u00e1ria\u201d, avalia Denys R\u00eago.<\/p>\n","protected":false},"excerpt":{"rendered":"<p>O Minist\u00e9rio P\u00fablico do Maranh\u00e3o, por meio da Promotoria de Defesa do Patrim\u00f4nio P\u00fablico de A\u00e7ail\u00e2ndia, pediu, nesta quarta-feira, 28,<\/p>\n","protected":false},"author":2,"featured_media":42451,"comment_status":"open","ping_status":"open","sticky":false,"template":"","format":"standard","meta":{"colormag_page_container_layout":"default_layout","colormag_page_sidebar_layout":"default_layout","_jetpack_memberships_contains_paid_content":false,"footnotes":""},"categories":[6],"tags":[],"class_list":["post-42452","post","type-post","status-publish","format-standard","has-post-thumbnail","hentry","category-politica"],"magazineBlocksPostFeaturedMedia":{"thumbnail":"https:\/\/maranhaotv.com.br\/wp-content\/uploads\/2025\/05\/image_editor_output_image507870324-1748563768322-150x150.jpg","medium":"https:\/\/maranhaotv.com.br\/wp-content\/uploads\/2025\/05\/image_editor_output_image507870324-1748563768322-300x219.jpg","medium_large":"https:\/\/maranhaotv.com.br\/wp-content\/uploads\/2025\/05\/image_editor_output_image507870324-1748563768322-768x559.jpg","large":"https:\/\/maranhaotv.com.br\/wp-content\/uploads\/2025\/05\/image_editor_output_image507870324-1748563768322-1024x746.jpg","1536x1536":"https:\/\/maranhaotv.com.br\/wp-content\/uploads\/2025\/05\/image_editor_output_image507870324-1748563768322.jpg","2048x2048":"https:\/\/maranhaotv.com.br\/wp-content\/uploads\/2025\/05\/image_editor_output_image507870324-1748563768322.jpg","colormag-highlighted-post":"https:\/\/maranhaotv.com.br\/wp-content\/uploads\/2025\/05\/image_editor_output_image507870324-1748563768322-392x272.jpg","colormag-featured-post-medium":"https:\/\/maranhaotv.com.br\/wp-content\/uploads\/2025\/05\/image_editor_output_image507870324-1748563768322-390x205.jpg","colormag-featured-post-small":"https:\/\/maranhaotv.com.br\/wp-content\/uploads\/2025\/05\/image_editor_output_image507870324-1748563768322-130x90.jpg","colormag-featured-image":"https:\/\/maranhaotv.com.br\/wp-content\/uploads\/2025\/05\/image_editor_output_image507870324-1748563768322-800x445.jpg","colormag-default-news":"https:\/\/maranhaotv.com.br\/wp-content\/uploads\/2025\/05\/image_editor_output_image507870324-1748563768322-150x150.jpg","colormag-featured-image-large":"https:\/\/maranhaotv.com.br\/wp-content\/uploads\/2025\/05\/image_editor_output_image507870324-1748563768322-1200x600.jpg"},"magazineBlocksPostAuthor":{"name":"maranhaotv","avatar":"https:\/\/secure.gravatar.com\/avatar\/8fadbca458d4cb68b1dd399ae9a40618d747bb1af65ac9fad21c89220a143eb4?s=96&d=mm&r=g"},"magazineBlocksPostCommentsNumber":"0","magazineBlocksPostExcerpt":"O Minist\u00e9rio P\u00fablico do Maranh\u00e3o, por meio da Promotoria de Defesa do Patrim\u00f4nio P\u00fablico de A\u00e7ail\u00e2ndia, pediu, nesta quarta-feira, 28,","magazineBlocksPostCategories":["pol\u00edtica"],"magazineBlocksPostViewCount":249,"magazineBlocksPostReadTime":4,"magazine_blocks_featured_image_url":{"full":["https:\/\/maranhaotv.com.br\/wp-content\/uploads\/2025\/05\/image_editor_output_image507870324-1748563768322.jpg",1200,874,false],"medium":["https:\/\/maranhaotv.com.br\/wp-content\/uploads\/2025\/05\/image_editor_output_image507870324-1748563768322-300x219.jpg",300,219,true],"thumbnail":["https:\/\/maranhaotv.com.br\/wp-content\/uploads\/2025\/05\/image_editor_output_image507870324-1748563768322-150x150.jpg",150,150,true]},"magazine_blocks_author":{"display_name":"maranhaotv","author_link":"https:\/\/maranhaotv.com.br\/index.php\/author\/maranhaotv\/"},"magazine_blocks_comment":0,"magazine_blocks_author_image":"https:\/\/secure.gravatar.com\/avatar\/8fadbca458d4cb68b1dd399ae9a40618d747bb1af65ac9fad21c89220a143eb4?s=96&d=mm&r=g","magazine_blocks_category":"<a href=\"#\" class=\"category-link category-link-6\">pol\u00edtica<\/a>","yoast_head":"<!-- This site is optimized with the Yoast SEO plugin v27.4 - https:\/\/yoast.com\/product\/yoast-seo-wordpress\/ -->\n<title>MP requer afastamento da prefeita de S\u00e3o Francisco do Brej\u00e3o - NOT\u00cdCIAS EM TEMPO REAL<\/title>\n<meta name=\"robots\" content=\"index, follow, max-snippet:-1, max-image-preview:large, max-video-preview:-1\" \/>\n<link rel=\"canonical\" href=\"https:\/\/maranhaotv.com.br\/index.php\/2025\/05\/29\/mp-requer-afastamento-da-prefeita-de-sao-francisco-do-brejao\/\" \/>\n<meta property=\"og:locale\" content=\"pt_BR\" \/>\n<meta property=\"og:type\" content=\"article\" \/>\n<meta property=\"og:title\" content=\"MP requer afastamento da prefeita de S\u00e3o Francisco do Brej\u00e3o - NOT\u00cdCIAS EM TEMPO REAL\" \/>\n<meta property=\"og:description\" content=\"O Minist\u00e9rio P\u00fablico do Maranh\u00e3o, por meio da Promotoria de Defesa do Patrim\u00f4nio P\u00fablico de A\u00e7ail\u00e2ndia, pediu, nesta quarta-feira, 28,\" \/>\n<meta property=\"og:url\" content=\"https:\/\/maranhaotv.com.br\/index.php\/2025\/05\/29\/mp-requer-afastamento-da-prefeita-de-sao-francisco-do-brejao\/\" \/>\n<meta property=\"og:site_name\" content=\"NOT\u00cdCIAS EM TEMPO REAL\" \/>\n<meta property=\"article:publisher\" content=\"https:\/\/www.facebook.com\/maiobaotv\" \/>\n<meta property=\"article:published_time\" content=\"2025-05-30T00:09:46+00:00\" \/>\n<meta property=\"article:modified_time\" content=\"2025-05-30T00:09:49+00:00\" \/>\n<meta property=\"og:image\" content=\"https:\/\/maranhaotv.com.br\/wp-content\/uploads\/2025\/05\/image_editor_output_image507870324-1748563768322.jpg\" \/>\n\t<meta property=\"og:image:width\" content=\"1200\" \/>\n\t<meta property=\"og:image:height\" content=\"874\" \/>\n\t<meta property=\"og:image:type\" content=\"image\/jpeg\" \/>\n<meta name=\"author\" content=\"maranhaotv\" \/>\n<meta name=\"twitter:card\" content=\"summary_large_image\" \/>\n<meta name=\"twitter:creator\" content=\"@sitemaranhaotv\" \/>\n<meta name=\"twitter:site\" content=\"@sitemaranhaotv\" \/>\n<meta name=\"twitter:label1\" content=\"Escrito por\" \/>\n\t<meta name=\"twitter:data1\" content=\"maranhaotv\" \/>\n\t<meta name=\"twitter:label2\" content=\"Est. tempo de leitura\" \/>\n\t<meta name=\"twitter:data2\" content=\"3 minutos\" \/>\n<script type=\"application\/ld+json\" class=\"yoast-schema-graph\">{\"@context\":\"https:\\\/\\\/schema.org\",\"@graph\":[{\"@type\":\"Article\",\"@id\":\"https:\\\/\\\/maranhaotv.com.br\\\/index.php\\\/2025\\\/05\\\/29\\\/mp-requer-afastamento-da-prefeita-de-sao-francisco-do-brejao\\\/#article\",\"isPartOf\":{\"@id\":\"https:\\\/\\\/maranhaotv.com.br\\\/index.php\\\/2025\\\/05\\\/29\\\/mp-requer-afastamento-da-prefeita-de-sao-francisco-do-brejao\\\/\"},\"author\":{\"name\":\"maranhaotv\",\"@id\":\"https:\\\/\\\/maranhaotv.com.br\\\/#\\\/schema\\\/person\\\/3d54238e86b20bb5c89ab2fdb8f8829a\"},\"headline\":\"MP requer afastamento da prefeita de S\u00e3o Francisco do Brej\u00e3o\",\"datePublished\":\"2025-05-30T00:09:46+00:00\",\"dateModified\":\"2025-05-30T00:09:49+00:00\",\"mainEntityOfPage\":{\"@id\":\"https:\\\/\\\/maranhaotv.com.br\\\/index.php\\\/2025\\\/05\\\/29\\\/mp-requer-afastamento-da-prefeita-de-sao-francisco-do-brejao\\\/\"},\"wordCount\":680,\"commentCount\":0,\"publisher\":{\"@id\":\"https:\\\/\\\/maranhaotv.com.br\\\/#organization\"},\"image\":{\"@id\":\"https:\\\/\\\/maranhaotv.com.br\\\/index.php\\\/2025\\\/05\\\/29\\\/mp-requer-afastamento-da-prefeita-de-sao-francisco-do-brejao\\\/#primaryimage\"},\"thumbnailUrl\":\"https:\\\/\\\/maranhaotv.com.br\\\/wp-content\\\/uploads\\\/2025\\\/05\\\/image_editor_output_image507870324-1748563768322.jpg\",\"articleSection\":[\"pol\u00edtica\"],\"inLanguage\":\"pt-BR\",\"potentialAction\":[{\"@type\":\"CommentAction\",\"name\":\"Comment\",\"target\":[\"https:\\\/\\\/maranhaotv.com.br\\\/index.php\\\/2025\\\/05\\\/29\\\/mp-requer-afastamento-da-prefeita-de-sao-francisco-do-brejao\\\/#respond\"]}]},{\"@type\":\"WebPage\",\"@id\":\"https:\\\/\\\/maranhaotv.com.br\\\/index.php\\\/2025\\\/05\\\/29\\\/mp-requer-afastamento-da-prefeita-de-sao-francisco-do-brejao\\\/\",\"url\":\"https:\\\/\\\/maranhaotv.com.br\\\/index.php\\\/2025\\\/05\\\/29\\\/mp-requer-afastamento-da-prefeita-de-sao-francisco-do-brejao\\\/\",\"name\":\"MP requer afastamento da prefeita de S\u00e3o Francisco do Brej\u00e3o - NOT\u00cdCIAS EM TEMPO REAL\",\"isPartOf\":{\"@id\":\"https:\\\/\\\/maranhaotv.com.br\\\/#website\"},\"primaryImageOfPage\":{\"@id\":\"https:\\\/\\\/maranhaotv.com.br\\\/index.php\\\/2025\\\/05\\\/29\\\/mp-requer-afastamento-da-prefeita-de-sao-francisco-do-brejao\\\/#primaryimage\"},\"image\":{\"@id\":\"https:\\\/\\\/maranhaotv.com.br\\\/index.php\\\/2025\\\/05\\\/29\\\/mp-requer-afastamento-da-prefeita-de-sao-francisco-do-brejao\\\/#primaryimage\"},\"thumbnailUrl\":\"https:\\\/\\\/maranhaotv.com.br\\\/wp-content\\\/uploads\\\/2025\\\/05\\\/image_editor_output_image507870324-1748563768322.jpg\",\"datePublished\":\"2025-05-30T00:09:46+00:00\",\"dateModified\":\"2025-05-30T00:09:49+00:00\",\"breadcrumb\":{\"@id\":\"https:\\\/\\\/maranhaotv.com.br\\\/index.php\\\/2025\\\/05\\\/29\\\/mp-requer-afastamento-da-prefeita-de-sao-francisco-do-brejao\\\/#breadcrumb\"},\"inLanguage\":\"pt-BR\",\"potentialAction\":[{\"@type\":\"ReadAction\",\"target\":[\"https:\\\/\\\/maranhaotv.com.br\\\/index.php\\\/2025\\\/05\\\/29\\\/mp-requer-afastamento-da-prefeita-de-sao-francisco-do-brejao\\\/\"]}]},{\"@type\":\"ImageObject\",\"inLanguage\":\"pt-BR\",\"@id\":\"https:\\\/\\\/maranhaotv.com.br\\\/index.php\\\/2025\\\/05\\\/29\\\/mp-requer-afastamento-da-prefeita-de-sao-francisco-do-brejao\\\/#primaryimage\",\"url\":\"https:\\\/\\\/maranhaotv.com.br\\\/wp-content\\\/uploads\\\/2025\\\/05\\\/image_editor_output_image507870324-1748563768322.jpg\",\"contentUrl\":\"https:\\\/\\\/maranhaotv.com.br\\\/wp-content\\\/uploads\\\/2025\\\/05\\\/image_editor_output_image507870324-1748563768322.jpg\",\"width\":1200,\"height\":874},{\"@type\":\"BreadcrumbList\",\"@id\":\"https:\\\/\\\/maranhaotv.com.br\\\/index.php\\\/2025\\\/05\\\/29\\\/mp-requer-afastamento-da-prefeita-de-sao-francisco-do-brejao\\\/#breadcrumb\",\"itemListElement\":[{\"@type\":\"ListItem\",\"position\":1,\"name\":\"In\u00edcio\",\"item\":\"https:\\\/\\\/maranhaotv.com.br\\\/\"},{\"@type\":\"ListItem\",\"position\":2,\"name\":\"MP requer afastamento da prefeita de S\u00e3o Francisco do Brej\u00e3o\"}]},{\"@type\":\"WebSite\",\"@id\":\"https:\\\/\\\/maranhaotv.com.br\\\/#website\",\"url\":\"https:\\\/\\\/maranhaotv.com.br\\\/\",\"name\":\"Maranh\u00e3oTV\",\"description\":\"\",\"publisher\":{\"@id\":\"https:\\\/\\\/maranhaotv.com.br\\\/#organization\"},\"potentialAction\":[{\"@type\":\"SearchAction\",\"target\":{\"@type\":\"EntryPoint\",\"urlTemplate\":\"https:\\\/\\\/maranhaotv.com.br\\\/?s={search_term_string}\"},\"query-input\":{\"@type\":\"PropertyValueSpecification\",\"valueRequired\":true,\"valueName\":\"search_term_string\"}}],\"inLanguage\":\"pt-BR\"},{\"@type\":\"Organization\",\"@id\":\"https:\\\/\\\/maranhaotv.com.br\\\/#organization\",\"name\":\"Portal de Not\u00edcias\",\"url\":\"https:\\\/\\\/maranhaotv.com.br\\\/\",\"logo\":{\"@type\":\"ImageObject\",\"inLanguage\":\"pt-BR\",\"@id\":\"https:\\\/\\\/maranhaotv.com.br\\\/#\\\/schema\\\/logo\\\/image\\\/\",\"url\":\"https:\\\/\\\/maranhaotv.com.br\\\/wp-content\\\/uploads\\\/2024\\\/05\\\/cropped-cropped-avatar-1.png\",\"contentUrl\":\"https:\\\/\\\/maranhaotv.com.br\\\/wp-content\\\/uploads\\\/2024\\\/05\\\/cropped-cropped-avatar-1.png\",\"width\":792,\"height\":428,\"caption\":\"Portal de Not\u00edcias\"},\"image\":{\"@id\":\"https:\\\/\\\/maranhaotv.com.br\\\/#\\\/schema\\\/logo\\\/image\\\/\"},\"sameAs\":[\"https:\\\/\\\/www.facebook.com\\\/maiobaotv\",\"https:\\\/\\\/x.com\\\/sitemaranhaotv\",\"https:\\\/\\\/www.instagram.com\\\/maranhao.tv\",\"https:\\\/\\\/www.threads.net\\\/@maranhao.tv\"]},{\"@type\":\"Person\",\"@id\":\"https:\\\/\\\/maranhaotv.com.br\\\/#\\\/schema\\\/person\\\/3d54238e86b20bb5c89ab2fdb8f8829a\",\"name\":\"maranhaotv\",\"image\":{\"@type\":\"ImageObject\",\"inLanguage\":\"pt-BR\",\"@id\":\"https:\\\/\\\/secure.gravatar.com\\\/avatar\\\/8fadbca458d4cb68b1dd399ae9a40618d747bb1af65ac9fad21c89220a143eb4?s=96&d=mm&r=g\",\"url\":\"https:\\\/\\\/secure.gravatar.com\\\/avatar\\\/8fadbca458d4cb68b1dd399ae9a40618d747bb1af65ac9fad21c89220a143eb4?s=96&d=mm&r=g\",\"contentUrl\":\"https:\\\/\\\/secure.gravatar.com\\\/avatar\\\/8fadbca458d4cb68b1dd399ae9a40618d747bb1af65ac9fad21c89220a143eb4?s=96&d=mm&r=g\",\"caption\":\"maranhaotv\"},\"sameAs\":[\"https:\\\/\\\/maranhaotv.com.br\\\/\"],\"url\":\"https:\\\/\\\/maranhaotv.com.br\\\/index.php\\\/author\\\/maranhaotv\\\/\"}]}<\/script>\n<!-- \/ Yoast SEO plugin. -->","yoast_head_json":{"title":"MP requer afastamento da prefeita de S\u00e3o Francisco do Brej\u00e3o - NOT\u00cdCIAS EM TEMPO REAL","robots":{"index":"index","follow":"follow","max-snippet":"max-snippet:-1","max-image-preview":"max-image-preview:large","max-video-preview":"max-video-preview:-1"},"canonical":"https:\/\/maranhaotv.com.br\/index.php\/2025\/05\/29\/mp-requer-afastamento-da-prefeita-de-sao-francisco-do-brejao\/","og_locale":"pt_BR","og_type":"article","og_title":"MP requer afastamento da prefeita de S\u00e3o Francisco do Brej\u00e3o - NOT\u00cdCIAS EM TEMPO REAL","og_description":"O Minist\u00e9rio P\u00fablico do Maranh\u00e3o, por meio da Promotoria de Defesa do Patrim\u00f4nio P\u00fablico de A\u00e7ail\u00e2ndia, pediu, nesta quarta-feira, 28,","og_url":"https:\/\/maranhaotv.com.br\/index.php\/2025\/05\/29\/mp-requer-afastamento-da-prefeita-de-sao-francisco-do-brejao\/","og_site_name":"NOT\u00cdCIAS EM TEMPO REAL","article_publisher":"https:\/\/www.facebook.com\/maiobaotv","article_published_time":"2025-05-30T00:09:46+00:00","article_modified_time":"2025-05-30T00:09:49+00:00","og_image":[{"width":1200,"height":874,"url":"https:\/\/maranhaotv.com.br\/wp-content\/uploads\/2025\/05\/image_editor_output_image507870324-1748563768322.jpg","type":"image\/jpeg"}],"author":"maranhaotv","twitter_card":"summary_large_image","twitter_creator":"@sitemaranhaotv","twitter_site":"@sitemaranhaotv","twitter_misc":{"Escrito por":"maranhaotv","Est. tempo de leitura":"3 minutos"},"schema":{"@context":"https:\/\/schema.org","@graph":[{"@type":"Article","@id":"https:\/\/maranhaotv.com.br\/index.php\/2025\/05\/29\/mp-requer-afastamento-da-prefeita-de-sao-francisco-do-brejao\/#article","isPartOf":{"@id":"https:\/\/maranhaotv.com.br\/index.php\/2025\/05\/29\/mp-requer-afastamento-da-prefeita-de-sao-francisco-do-brejao\/"},"author":{"name":"maranhaotv","@id":"https:\/\/maranhaotv.com.br\/#\/schema\/person\/3d54238e86b20bb5c89ab2fdb8f8829a"},"headline":"MP requer afastamento da prefeita de S\u00e3o Francisco do Brej\u00e3o","datePublished":"2025-05-30T00:09:46+00:00","dateModified":"2025-05-30T00:09:49+00:00","mainEntityOfPage":{"@id":"https:\/\/maranhaotv.com.br\/index.php\/2025\/05\/29\/mp-requer-afastamento-da-prefeita-de-sao-francisco-do-brejao\/"},"wordCount":680,"commentCount":0,"publisher":{"@id":"https:\/\/maranhaotv.com.br\/#organization"},"image":{"@id":"https:\/\/maranhaotv.com.br\/index.php\/2025\/05\/29\/mp-requer-afastamento-da-prefeita-de-sao-francisco-do-brejao\/#primaryimage"},"thumbnailUrl":"https:\/\/maranhaotv.com.br\/wp-content\/uploads\/2025\/05\/image_editor_output_image507870324-1748563768322.jpg","articleSection":["pol\u00edtica"],"inLanguage":"pt-BR","potentialAction":[{"@type":"CommentAction","name":"Comment","target":["https:\/\/maranhaotv.com.br\/index.php\/2025\/05\/29\/mp-requer-afastamento-da-prefeita-de-sao-francisco-do-brejao\/#respond"]}]},{"@type":"WebPage","@id":"https:\/\/maranhaotv.com.br\/index.php\/2025\/05\/29\/mp-requer-afastamento-da-prefeita-de-sao-francisco-do-brejao\/","url":"https:\/\/maranhaotv.com.br\/index.php\/2025\/05\/29\/mp-requer-afastamento-da-prefeita-de-sao-francisco-do-brejao\/","name":"MP requer afastamento da prefeita de S\u00e3o Francisco do Brej\u00e3o - NOT\u00cdCIAS EM TEMPO REAL","isPartOf":{"@id":"https:\/\/maranhaotv.com.br\/#website"},"primaryImageOfPage":{"@id":"https:\/\/maranhaotv.com.br\/index.php\/2025\/05\/29\/mp-requer-afastamento-da-prefeita-de-sao-francisco-do-brejao\/#primaryimage"},"image":{"@id":"https:\/\/maranhaotv.com.br\/index.php\/2025\/05\/29\/mp-requer-afastamento-da-prefeita-de-sao-francisco-do-brejao\/#primaryimage"},"thumbnailUrl":"https:\/\/maranhaotv.com.br\/wp-content\/uploads\/2025\/05\/image_editor_output_image507870324-1748563768322.jpg","datePublished":"2025-05-30T00:09:46+00:00","dateModified":"2025-05-30T00:09:49+00:00","breadcrumb":{"@id":"https:\/\/maranhaotv.com.br\/index.php\/2025\/05\/29\/mp-requer-afastamento-da-prefeita-de-sao-francisco-do-brejao\/#breadcrumb"},"inLanguage":"pt-BR","potentialAction":[{"@type":"ReadAction","target":["https:\/\/maranhaotv.com.br\/index.php\/2025\/05\/29\/mp-requer-afastamento-da-prefeita-de-sao-francisco-do-brejao\/"]}]},{"@type":"ImageObject","inLanguage":"pt-BR","@id":"https:\/\/maranhaotv.com.br\/index.php\/2025\/05\/29\/mp-requer-afastamento-da-prefeita-de-sao-francisco-do-brejao\/#primaryimage","url":"https:\/\/maranhaotv.com.br\/wp-content\/uploads\/2025\/05\/image_editor_output_image507870324-1748563768322.jpg","contentUrl":"https:\/\/maranhaotv.com.br\/wp-content\/uploads\/2025\/05\/image_editor_output_image507870324-1748563768322.jpg","width":1200,"height":874},{"@type":"BreadcrumbList","@id":"https:\/\/maranhaotv.com.br\/index.php\/2025\/05\/29\/mp-requer-afastamento-da-prefeita-de-sao-francisco-do-brejao\/#breadcrumb","itemListElement":[{"@type":"ListItem","position":1,"name":"In\u00edcio","item":"https:\/\/maranhaotv.com.br\/"},{"@type":"ListItem","position":2,"name":"MP requer afastamento da prefeita de S\u00e3o Francisco do Brej\u00e3o"}]},{"@type":"WebSite","@id":"https:\/\/maranhaotv.com.br\/#website","url":"https:\/\/maranhaotv.com.br\/","name":"Maranh\u00e3oTV","description":"","publisher":{"@id":"https:\/\/maranhaotv.com.br\/#organization"},"potentialAction":[{"@type":"SearchAction","target":{"@type":"EntryPoint","urlTemplate":"https:\/\/maranhaotv.com.br\/?s={search_term_string}"},"query-input":{"@type":"PropertyValueSpecification","valueRequired":true,"valueName":"search_term_string"}}],"inLanguage":"pt-BR"},{"@type":"Organization","@id":"https:\/\/maranhaotv.com.br\/#organization","name":"Portal de Not\u00edcias","url":"https:\/\/maranhaotv.com.br\/","logo":{"@type":"ImageObject","inLanguage":"pt-BR","@id":"https:\/\/maranhaotv.com.br\/#\/schema\/logo\/image\/","url":"https:\/\/maranhaotv.com.br\/wp-content\/uploads\/2024\/05\/cropped-cropped-avatar-1.png","contentUrl":"https:\/\/maranhaotv.com.br\/wp-content\/uploads\/2024\/05\/cropped-cropped-avatar-1.png","width":792,"height":428,"caption":"Portal de Not\u00edcias"},"image":{"@id":"https:\/\/maranhaotv.com.br\/#\/schema\/logo\/image\/"},"sameAs":["https:\/\/www.facebook.com\/maiobaotv","https:\/\/x.com\/sitemaranhaotv","https:\/\/www.instagram.com\/maranhao.tv","https:\/\/www.threads.net\/@maranhao.tv"]},{"@type":"Person","@id":"https:\/\/maranhaotv.com.br\/#\/schema\/person\/3d54238e86b20bb5c89ab2fdb8f8829a","name":"maranhaotv","image":{"@type":"ImageObject","inLanguage":"pt-BR","@id":"https:\/\/secure.gravatar.com\/avatar\/8fadbca458d4cb68b1dd399ae9a40618d747bb1af65ac9fad21c89220a143eb4?s=96&d=mm&r=g","url":"https:\/\/secure.gravatar.com\/avatar\/8fadbca458d4cb68b1dd399ae9a40618d747bb1af65ac9fad21c89220a143eb4?s=96&d=mm&r=g","contentUrl":"https:\/\/secure.gravatar.com\/avatar\/8fadbca458d4cb68b1dd399ae9a40618d747bb1af65ac9fad21c89220a143eb4?s=96&d=mm&r=g","caption":"maranhaotv"},"sameAs":["https:\/\/maranhaotv.com.br\/"],"url":"https:\/\/maranhaotv.com.br\/index.php\/author\/maranhaotv\/"}]}},"jetpack_featured_media_url":"https:\/\/maranhaotv.com.br\/wp-content\/uploads\/2025\/05\/image_editor_output_image507870324-1748563768322.jpg","jetpack_sharing_enabled":true,"_links":{"self":[{"href":"https:\/\/maranhaotv.com.br\/index.php\/wp-json\/wp\/v2\/posts\/42452","targetHints":{"allow":["GET"]}}],"collection":[{"href":"https:\/\/maranhaotv.com.br\/index.php\/wp-json\/wp\/v2\/posts"}],"about":[{"href":"https:\/\/maranhaotv.com.br\/index.php\/wp-json\/wp\/v2\/types\/post"}],"author":[{"embeddable":true,"href":"https:\/\/maranhaotv.com.br\/index.php\/wp-json\/wp\/v2\/users\/2"}],"replies":[{"embeddable":true,"href":"https:\/\/maranhaotv.com.br\/index.php\/wp-json\/wp\/v2\/comments?post=42452"}],"version-history":[{"count":1,"href":"https:\/\/maranhaotv.com.br\/index.php\/wp-json\/wp\/v2\/posts\/42452\/revisions"}],"predecessor-version":[{"id":42453,"href":"https:\/\/maranhaotv.com.br\/index.php\/wp-json\/wp\/v2\/posts\/42452\/revisions\/42453"}],"wp:featuredmedia":[{"embeddable":true,"href":"https:\/\/maranhaotv.com.br\/index.php\/wp-json\/wp\/v2\/media\/42451"}],"wp:attachment":[{"href":"https:\/\/maranhaotv.com.br\/index.php\/wp-json\/wp\/v2\/media?parent=42452"}],"wp:term":[{"taxonomy":"category","embeddable":true,"href":"https:\/\/maranhaotv.com.br\/index.php\/wp-json\/wp\/v2\/categories?post=42452"},{"taxonomy":"post_tag","embeddable":true,"href":"https:\/\/maranhaotv.com.br\/index.php\/wp-json\/wp\/v2\/tags?post=42452"}],"curies":[{"name":"wp","href":"https:\/\/api.w.org\/{rel}","templated":true}]}}