{"id":42461,"date":"2025-05-30T10:42:50","date_gmt":"2025-05-30T13:42:50","guid":{"rendered":"https:\/\/maranhaotv.com.br\/?p=42461"},"modified":"2025-05-30T10:42:52","modified_gmt":"2025-05-30T13:42:52","slug":"eleicoes-2026-brandao-vai-para-o-mdb-orleans-disputara-pelo-uniao-brasil","status":"publish","type":"post","link":"https:\/\/maranhaotv.com.br\/index.php\/2025\/05\/30\/eleicoes-2026-brandao-vai-para-o-mdb-orleans-disputara-pelo-uniao-brasil\/","title":{"rendered":"Elei\u00e7\u00f5es 2026: Brand\u00e3o vai para o MDB; Orleans disputar\u00e1 pelo Uni\u00e3o Brasil"},"content":{"rendered":"\n<p><\/p>\n\n\n\n<p>O governador Carlos Brand\u00e3o (PSB) reuniu-se h\u00e1 quatro semanas com o presidente nacional do Uni\u00e3o Brasil, Antonio Rueda; foi agradecer o convite para entrar no partido, mas confirmou que ir\u00e1 se filiar ao MDB.<\/p>\n\n\n\n<blockquote class=\"wp-block-quote is-layout-flow wp-block-quote-is-layout-flow\">\n<p><em>\u201cBoa conversa com o presidente do Uni\u00e3o Brasil, Antonio Rueda, para fortalecer alian\u00e7as no presente e alinhar parcerias no futuro\u201d,<\/em>&nbsp;disse o governado, \u00e0 \u00e9poca.&nbsp;<a href=\"https:\/\/www.instagram.com\/p\/DJFMeZVpuXl\/\">(Leia aqui)<\/a><\/p>\n<\/blockquote>\n\n\n\n<p>Al\u00e9m do Uni\u00e3o Brasil e do MDB, o grupo do governador se aninhar\u00e1 no PRB \u2013 que deve formar federa\u00e7\u00e3o com o MDB -, no PP, hoje federado com o pr\u00f3prio Uni\u00e3o Brasil, e no Podemos, que vai englobar o PSDB.<\/p>\n\n\n\n<p>A articula\u00e7\u00e3o para esta movimenta\u00e7\u00e3o foi confirmada\u00a0por pelo menos tr\u00eas interlocutores do governador e por membros do dinismo, aos quais j\u00e1 havia sido comunicada a mudan\u00e7a.<\/p>\n\n\n\n<p>Partido de esquerda e do campo progressista, o PSB deve voltar as ra\u00edzes a partir de 2026, em alian\u00e7a com PT, PDT, PCdoB e outros partidos de centro-esquerda.<\/p>\n\n\n\n<p><\/p>\n","protected":false},"excerpt":{"rendered":"<p>O governador Carlos Brand\u00e3o (PSB) reuniu-se h\u00e1 quatro semanas com o presidente nacional do Uni\u00e3o Brasil, Antonio Rueda; foi agradecer<\/p>\n","protected":false},"author":2,"featured_media":42462,"comment_status":"open","ping_status":"open","sticky":false,"template":"","format":"standard","meta":{"colormag_page_container_layout":"default_layout","colormag_page_sidebar_layout":"default_layout","_jetpack_memberships_contains_paid_content":false,"footnotes":""},"categories":[1],"tags":[],"class_list":["post-42461","post","type-post","status-publish","format-standard","has-post-thumbnail","hentry","category-sem-categoria"],"magazineBlocksPostFeaturedMedia":{"thumbnail":"https:\/\/maranhaotv.com.br\/wp-content\/uploads\/2025\/05\/brandao-7-e1748612558538-150x150.jpg","medium":"https:\/\/maranhaotv.com.br\/wp-content\/uploads\/2025\/05\/brandao-7-e1748612558538-300x159.jpg","medium_large":"https:\/\/maranhaotv.com.br\/wp-content\/uploads\/2025\/05\/brandao-7-e1748612558538.jpg","large":"https:\/\/maranhaotv.com.br\/wp-content\/uploads\/2025\/05\/brandao-7-e1748612558538.jpg","1536x1536":"https:\/\/maranhaotv.com.br\/wp-content\/uploads\/2025\/05\/brandao-7-e1748612558538.jpg","2048x2048":"https:\/\/maranhaotv.com.br\/wp-content\/uploads\/2025\/05\/brandao-7-e1748612558538.jpg","colormag-highlighted-post":"https:\/\/maranhaotv.com.br\/wp-content\/uploads\/2025\/05\/brandao-7-e1748612558538-392x272.jpg","colormag-featured-post-medium":"https:\/\/maranhaotv.com.br\/wp-content\/uploads\/2025\/05\/brandao-7-e1748612558538-390x205.jpg","colormag-featured-post-small":"https:\/\/maranhaotv.com.br\/wp-content\/uploads\/2025\/05\/brandao-7-e1748612558538-130x90.jpg","colormag-featured-image":"https:\/\/maranhaotv.com.br\/wp-content\/uploads\/2025\/05\/brandao-7-687x445.jpg","colormag-default-news":"https:\/\/maranhaotv.com.br\/wp-content\/uploads\/2025\/05\/brandao-7-e1748612558538-150x150.jpg","colormag-featured-image-large":"https:\/\/maranhaotv.com.br\/wp-content\/uploads\/2025\/05\/brandao-7-e1748612558538.jpg"},"magazineBlocksPostAuthor":{"name":"maranhaotv","avatar":"https:\/\/secure.gravatar.com\/avatar\/8fadbca458d4cb68b1dd399ae9a40618d747bb1af65ac9fad21c89220a143eb4?s=96&d=mm&r=g"},"magazineBlocksPostCommentsNumber":"0","magazineBlocksPostExcerpt":"O governador Carlos Brand\u00e3o (PSB) reuniu-se h\u00e1 quatro semanas com o presidente nacional do Uni\u00e3o Brasil, Antonio Rueda; foi agradecer","magazineBlocksPostCategories":["Diversos"],"magazineBlocksPostViewCount":461,"magazineBlocksPostReadTime":1,"magazine_blocks_featured_image_url":{"full":["https:\/\/maranhaotv.com.br\/wp-content\/uploads\/2025\/05\/brandao-7-e1748612558538.jpg",686,364,false],"medium":["https:\/\/maranhaotv.com.br\/wp-content\/uploads\/2025\/05\/brandao-7-e1748612558538-300x159.jpg",300,159,true],"thumbnail":["https:\/\/maranhaotv.com.br\/wp-content\/uploads\/2025\/05\/brandao-7-e1748612558538-150x150.jpg",150,150,true]},"magazine_blocks_author":{"display_name":"maranhaotv","author_link":"https:\/\/maranhaotv.com.br\/index.php\/author\/maranhaotv\/"},"magazine_blocks_comment":0,"magazine_blocks_author_image":"https:\/\/secure.gravatar.com\/avatar\/8fadbca458d4cb68b1dd399ae9a40618d747bb1af65ac9fad21c89220a143eb4?s=96&d=mm&r=g","magazine_blocks_category":"<a href=\"#\" class=\"category-link category-link-1\">Diversos<\/a>","yoast_head":"<!-- This site is optimized with the Yoast SEO plugin v27.4 - https:\/\/yoast.com\/product\/yoast-seo-wordpress\/ -->\n<title>Elei\u00e7\u00f5es 2026: Brand\u00e3o vai para o MDB; Orleans disputar\u00e1 pelo Uni\u00e3o Brasil - NOT\u00cdCIAS EM TEMPO REAL<\/title>\n<meta name=\"robots\" content=\"index, follow, max-snippet:-1, max-image-preview:large, max-video-preview:-1\" \/>\n<link rel=\"canonical\" href=\"https:\/\/maranhaotv.com.br\/index.php\/2025\/05\/30\/eleicoes-2026-brandao-vai-para-o-mdb-orleans-disputara-pelo-uniao-brasil\/\" \/>\n<meta property=\"og:locale\" content=\"pt_BR\" \/>\n<meta property=\"og:type\" content=\"article\" \/>\n<meta property=\"og:title\" content=\"Elei\u00e7\u00f5es 2026: Brand\u00e3o vai para o MDB; Orleans disputar\u00e1 pelo Uni\u00e3o Brasil - NOT\u00cdCIAS EM TEMPO REAL\" \/>\n<meta property=\"og:description\" content=\"O governador Carlos Brand\u00e3o (PSB) reuniu-se h\u00e1 quatro semanas com o presidente nacional do Uni\u00e3o Brasil, Antonio Rueda; foi agradecer\" \/>\n<meta property=\"og:url\" content=\"https:\/\/maranhaotv.com.br\/index.php\/2025\/05\/30\/eleicoes-2026-brandao-vai-para-o-mdb-orleans-disputara-pelo-uniao-brasil\/\" \/>\n<meta property=\"og:site_name\" content=\"NOT\u00cdCIAS EM TEMPO REAL\" \/>\n<meta property=\"article:publisher\" content=\"https:\/\/www.facebook.com\/maiobaotv\" \/>\n<meta property=\"article:published_time\" content=\"2025-05-30T13:42:50+00:00\" \/>\n<meta property=\"article:modified_time\" content=\"2025-05-30T13:42:52+00:00\" \/>\n<meta property=\"og:image\" content=\"https:\/\/maranhaotv.com.br\/wp-content\/uploads\/2025\/05\/brandao-7-e1748612558538.jpg\" \/>\n\t<meta property=\"og:image:width\" content=\"686\" \/>\n\t<meta property=\"og:image:height\" content=\"364\" \/>\n\t<meta property=\"og:image:type\" content=\"image\/jpeg\" \/>\n<meta name=\"author\" content=\"maranhaotv\" \/>\n<meta name=\"twitter:card\" content=\"summary_large_image\" \/>\n<meta name=\"twitter:creator\" content=\"@sitemaranhaotv\" \/>\n<meta name=\"twitter:site\" content=\"@sitemaranhaotv\" \/>\n<meta name=\"twitter:label1\" content=\"Escrito por\" \/>\n\t<meta name=\"twitter:data1\" content=\"maranhaotv\" \/>\n\t<meta name=\"twitter:label2\" content=\"Est. tempo de leitura\" \/>\n\t<meta name=\"twitter:data2\" content=\"1 minuto\" \/>\n<script type=\"application\/ld+json\" class=\"yoast-schema-graph\">{\"@context\":\"https:\\\/\\\/schema.org\",\"@graph\":[{\"@type\":\"Article\",\"@id\":\"https:\\\/\\\/maranhaotv.com.br\\\/index.php\\\/2025\\\/05\\\/30\\\/eleicoes-2026-brandao-vai-para-o-mdb-orleans-disputara-pelo-uniao-brasil\\\/#article\",\"isPartOf\":{\"@id\":\"https:\\\/\\\/maranhaotv.com.br\\\/index.php\\\/2025\\\/05\\\/30\\\/eleicoes-2026-brandao-vai-para-o-mdb-orleans-disputara-pelo-uniao-brasil\\\/\"},\"author\":{\"name\":\"maranhaotv\",\"@id\":\"https:\\\/\\\/maranhaotv.com.br\\\/#\\\/schema\\\/person\\\/3d54238e86b20bb5c89ab2fdb8f8829a\"},\"headline\":\"Elei\u00e7\u00f5es 2026: Brand\u00e3o vai para o MDB; Orleans disputar\u00e1 pelo Uni\u00e3o Brasil\",\"datePublished\":\"2025-05-30T13:42:50+00:00\",\"dateModified\":\"2025-05-30T13:42:52+00:00\",\"mainEntityOfPage\":{\"@id\":\"https:\\\/\\\/maranhaotv.com.br\\\/index.php\\\/2025\\\/05\\\/30\\\/eleicoes-2026-brandao-vai-para-o-mdb-orleans-disputara-pelo-uniao-brasil\\\/\"},\"wordCount\":185,\"commentCount\":0,\"publisher\":{\"@id\":\"https:\\\/\\\/maranhaotv.com.br\\\/#organization\"},\"image\":{\"@id\":\"https:\\\/\\\/maranhaotv.com.br\\\/index.php\\\/2025\\\/05\\\/30\\\/eleicoes-2026-brandao-vai-para-o-mdb-orleans-disputara-pelo-uniao-brasil\\\/#primaryimage\"},\"thumbnailUrl\":\"https:\\\/\\\/maranhaotv.com.br\\\/wp-content\\\/uploads\\\/2025\\\/05\\\/brandao-7-e1748612558538.jpg\",\"articleSection\":[\"Diversos\"],\"inLanguage\":\"pt-BR\",\"potentialAction\":[{\"@type\":\"CommentAction\",\"name\":\"Comment\",\"target\":[\"https:\\\/\\\/maranhaotv.com.br\\\/index.php\\\/2025\\\/05\\\/30\\\/eleicoes-2026-brandao-vai-para-o-mdb-orleans-disputara-pelo-uniao-brasil\\\/#respond\"]}]},{\"@type\":\"WebPage\",\"@id\":\"https:\\\/\\\/maranhaotv.com.br\\\/index.php\\\/2025\\\/05\\\/30\\\/eleicoes-2026-brandao-vai-para-o-mdb-orleans-disputara-pelo-uniao-brasil\\\/\",\"url\":\"https:\\\/\\\/maranhaotv.com.br\\\/index.php\\\/2025\\\/05\\\/30\\\/eleicoes-2026-brandao-vai-para-o-mdb-orleans-disputara-pelo-uniao-brasil\\\/\",\"name\":\"Elei\u00e7\u00f5es 2026: Brand\u00e3o vai para o MDB; Orleans disputar\u00e1 pelo Uni\u00e3o Brasil - NOT\u00cdCIAS EM TEMPO REAL\",\"isPartOf\":{\"@id\":\"https:\\\/\\\/maranhaotv.com.br\\\/#website\"},\"primaryImageOfPage\":{\"@id\":\"https:\\\/\\\/maranhaotv.com.br\\\/index.php\\\/2025\\\/05\\\/30\\\/eleicoes-2026-brandao-vai-para-o-mdb-orleans-disputara-pelo-uniao-brasil\\\/#primaryimage\"},\"image\":{\"@id\":\"https:\\\/\\\/maranhaotv.com.br\\\/index.php\\\/2025\\\/05\\\/30\\\/eleicoes-2026-brandao-vai-para-o-mdb-orleans-disputara-pelo-uniao-brasil\\\/#primaryimage\"},\"thumbnailUrl\":\"https:\\\/\\\/maranhaotv.com.br\\\/wp-content\\\/uploads\\\/2025\\\/05\\\/brandao-7-e1748612558538.jpg\",\"datePublished\":\"2025-05-30T13:42:50+00:00\",\"dateModified\":\"2025-05-30T13:42:52+00:00\",\"breadcrumb\":{\"@id\":\"https:\\\/\\\/maranhaotv.com.br\\\/index.php\\\/2025\\\/05\\\/30\\\/eleicoes-2026-brandao-vai-para-o-mdb-orleans-disputara-pelo-uniao-brasil\\\/#breadcrumb\"},\"inLanguage\":\"pt-BR\",\"potentialAction\":[{\"@type\":\"ReadAction\",\"target\":[\"https:\\\/\\\/maranhaotv.com.br\\\/index.php\\\/2025\\\/05\\\/30\\\/eleicoes-2026-brandao-vai-para-o-mdb-orleans-disputara-pelo-uniao-brasil\\\/\"]}]},{\"@type\":\"ImageObject\",\"inLanguage\":\"pt-BR\",\"@id\":\"https:\\\/\\\/maranhaotv.com.br\\\/index.php\\\/2025\\\/05\\\/30\\\/eleicoes-2026-brandao-vai-para-o-mdb-orleans-disputara-pelo-uniao-brasil\\\/#primaryimage\",\"url\":\"https:\\\/\\\/maranhaotv.com.br\\\/wp-content\\\/uploads\\\/2025\\\/05\\\/brandao-7-e1748612558538.jpg\",\"contentUrl\":\"https:\\\/\\\/maranhaotv.com.br\\\/wp-content\\\/uploads\\\/2025\\\/05\\\/brandao-7-e1748612558538.jpg\",\"width\":686,\"height\":364},{\"@type\":\"BreadcrumbList\",\"@id\":\"https:\\\/\\\/maranhaotv.com.br\\\/index.php\\\/2025\\\/05\\\/30\\\/eleicoes-2026-brandao-vai-para-o-mdb-orleans-disputara-pelo-uniao-brasil\\\/#breadcrumb\",\"itemListElement\":[{\"@type\":\"ListItem\",\"position\":1,\"name\":\"In\u00edcio\",\"item\":\"https:\\\/\\\/maranhaotv.com.br\\\/\"},{\"@type\":\"ListItem\",\"position\":2,\"name\":\"Elei\u00e7\u00f5es 2026: Brand\u00e3o vai para o MDB; Orleans disputar\u00e1 pelo Uni\u00e3o Brasil\"}]},{\"@type\":\"WebSite\",\"@id\":\"https:\\\/\\\/maranhaotv.com.br\\\/#website\",\"url\":\"https:\\\/\\\/maranhaotv.com.br\\\/\",\"name\":\"Maranh\u00e3oTV\",\"description\":\"\",\"publisher\":{\"@id\":\"https:\\\/\\\/maranhaotv.com.br\\\/#organization\"},\"potentialAction\":[{\"@type\":\"SearchAction\",\"target\":{\"@type\":\"EntryPoint\",\"urlTemplate\":\"https:\\\/\\\/maranhaotv.com.br\\\/?s={search_term_string}\"},\"query-input\":{\"@type\":\"PropertyValueSpecification\",\"valueRequired\":true,\"valueName\":\"search_term_string\"}}],\"inLanguage\":\"pt-BR\"},{\"@type\":\"Organization\",\"@id\":\"https:\\\/\\\/maranhaotv.com.br\\\/#organization\",\"name\":\"Portal de Not\u00edcias\",\"url\":\"https:\\\/\\\/maranhaotv.com.br\\\/\",\"logo\":{\"@type\":\"ImageObject\",\"inLanguage\":\"pt-BR\",\"@id\":\"https:\\\/\\\/maranhaotv.com.br\\\/#\\\/schema\\\/logo\\\/image\\\/\",\"url\":\"https:\\\/\\\/maranhaotv.com.br\\\/wp-content\\\/uploads\\\/2024\\\/05\\\/cropped-cropped-avatar-1.png\",\"contentUrl\":\"https:\\\/\\\/maranhaotv.com.br\\\/wp-content\\\/uploads\\\/2024\\\/05\\\/cropped-cropped-avatar-1.png\",\"width\":792,\"height\":428,\"caption\":\"Portal de Not\u00edcias\"},\"image\":{\"@id\":\"https:\\\/\\\/maranhaotv.com.br\\\/#\\\/schema\\\/logo\\\/image\\\/\"},\"sameAs\":[\"https:\\\/\\\/www.facebook.com\\\/maiobaotv\",\"https:\\\/\\\/x.com\\\/sitemaranhaotv\",\"https:\\\/\\\/www.instagram.com\\\/maranhao.tv\",\"https:\\\/\\\/www.threads.net\\\/@maranhao.tv\"]},{\"@type\":\"Person\",\"@id\":\"https:\\\/\\\/maranhaotv.com.br\\\/#\\\/schema\\\/person\\\/3d54238e86b20bb5c89ab2fdb8f8829a\",\"name\":\"maranhaotv\",\"image\":{\"@type\":\"ImageObject\",\"inLanguage\":\"pt-BR\",\"@id\":\"https:\\\/\\\/secure.gravatar.com\\\/avatar\\\/8fadbca458d4cb68b1dd399ae9a40618d747bb1af65ac9fad21c89220a143eb4?s=96&d=mm&r=g\",\"url\":\"https:\\\/\\\/secure.gravatar.com\\\/avatar\\\/8fadbca458d4cb68b1dd399ae9a40618d747bb1af65ac9fad21c89220a143eb4?s=96&d=mm&r=g\",\"contentUrl\":\"https:\\\/\\\/secure.gravatar.com\\\/avatar\\\/8fadbca458d4cb68b1dd399ae9a40618d747bb1af65ac9fad21c89220a143eb4?s=96&d=mm&r=g\",\"caption\":\"maranhaotv\"},\"sameAs\":[\"https:\\\/\\\/maranhaotv.com.br\\\/\"],\"url\":\"https:\\\/\\\/maranhaotv.com.br\\\/index.php\\\/author\\\/maranhaotv\\\/\"}]}<\/script>\n<!-- \/ Yoast SEO plugin. -->","yoast_head_json":{"title":"Elei\u00e7\u00f5es 2026: Brand\u00e3o vai para o MDB; Orleans disputar\u00e1 pelo Uni\u00e3o Brasil - NOT\u00cdCIAS EM TEMPO REAL","robots":{"index":"index","follow":"follow","max-snippet":"max-snippet:-1","max-image-preview":"max-image-preview:large","max-video-preview":"max-video-preview:-1"},"canonical":"https:\/\/maranhaotv.com.br\/index.php\/2025\/05\/30\/eleicoes-2026-brandao-vai-para-o-mdb-orleans-disputara-pelo-uniao-brasil\/","og_locale":"pt_BR","og_type":"article","og_title":"Elei\u00e7\u00f5es 2026: Brand\u00e3o vai para o MDB; Orleans disputar\u00e1 pelo Uni\u00e3o Brasil - NOT\u00cdCIAS EM TEMPO REAL","og_description":"O governador Carlos Brand\u00e3o (PSB) reuniu-se h\u00e1 quatro semanas com o presidente nacional do Uni\u00e3o Brasil, Antonio Rueda; foi agradecer","og_url":"https:\/\/maranhaotv.com.br\/index.php\/2025\/05\/30\/eleicoes-2026-brandao-vai-para-o-mdb-orleans-disputara-pelo-uniao-brasil\/","og_site_name":"NOT\u00cdCIAS EM TEMPO REAL","article_publisher":"https:\/\/www.facebook.com\/maiobaotv","article_published_time":"2025-05-30T13:42:50+00:00","article_modified_time":"2025-05-30T13:42:52+00:00","og_image":[{"width":686,"height":364,"url":"https:\/\/maranhaotv.com.br\/wp-content\/uploads\/2025\/05\/brandao-7-e1748612558538.jpg","type":"image\/jpeg"}],"author":"maranhaotv","twitter_card":"summary_large_image","twitter_creator":"@sitemaranhaotv","twitter_site":"@sitemaranhaotv","twitter_misc":{"Escrito por":"maranhaotv","Est. tempo de leitura":"1 minuto"},"schema":{"@context":"https:\/\/schema.org","@graph":[{"@type":"Article","@id":"https:\/\/maranhaotv.com.br\/index.php\/2025\/05\/30\/eleicoes-2026-brandao-vai-para-o-mdb-orleans-disputara-pelo-uniao-brasil\/#article","isPartOf":{"@id":"https:\/\/maranhaotv.com.br\/index.php\/2025\/05\/30\/eleicoes-2026-brandao-vai-para-o-mdb-orleans-disputara-pelo-uniao-brasil\/"},"author":{"name":"maranhaotv","@id":"https:\/\/maranhaotv.com.br\/#\/schema\/person\/3d54238e86b20bb5c89ab2fdb8f8829a"},"headline":"Elei\u00e7\u00f5es 2026: Brand\u00e3o vai para o MDB; Orleans disputar\u00e1 pelo Uni\u00e3o Brasil","datePublished":"2025-05-30T13:42:50+00:00","dateModified":"2025-05-30T13:42:52+00:00","mainEntityOfPage":{"@id":"https:\/\/maranhaotv.com.br\/index.php\/2025\/05\/30\/eleicoes-2026-brandao-vai-para-o-mdb-orleans-disputara-pelo-uniao-brasil\/"},"wordCount":185,"commentCount":0,"publisher":{"@id":"https:\/\/maranhaotv.com.br\/#organization"},"image":{"@id":"https:\/\/maranhaotv.com.br\/index.php\/2025\/05\/30\/eleicoes-2026-brandao-vai-para-o-mdb-orleans-disputara-pelo-uniao-brasil\/#primaryimage"},"thumbnailUrl":"https:\/\/maranhaotv.com.br\/wp-content\/uploads\/2025\/05\/brandao-7-e1748612558538.jpg","articleSection":["Diversos"],"inLanguage":"pt-BR","potentialAction":[{"@type":"CommentAction","name":"Comment","target":["https:\/\/maranhaotv.com.br\/index.php\/2025\/05\/30\/eleicoes-2026-brandao-vai-para-o-mdb-orleans-disputara-pelo-uniao-brasil\/#respond"]}]},{"@type":"WebPage","@id":"https:\/\/maranhaotv.com.br\/index.php\/2025\/05\/30\/eleicoes-2026-brandao-vai-para-o-mdb-orleans-disputara-pelo-uniao-brasil\/","url":"https:\/\/maranhaotv.com.br\/index.php\/2025\/05\/30\/eleicoes-2026-brandao-vai-para-o-mdb-orleans-disputara-pelo-uniao-brasil\/","name":"Elei\u00e7\u00f5es 2026: Brand\u00e3o vai para o MDB; Orleans disputar\u00e1 pelo Uni\u00e3o Brasil - NOT\u00cdCIAS EM TEMPO REAL","isPartOf":{"@id":"https:\/\/maranhaotv.com.br\/#website"},"primaryImageOfPage":{"@id":"https:\/\/maranhaotv.com.br\/index.php\/2025\/05\/30\/eleicoes-2026-brandao-vai-para-o-mdb-orleans-disputara-pelo-uniao-brasil\/#primaryimage"},"image":{"@id":"https:\/\/maranhaotv.com.br\/index.php\/2025\/05\/30\/eleicoes-2026-brandao-vai-para-o-mdb-orleans-disputara-pelo-uniao-brasil\/#primaryimage"},"thumbnailUrl":"https:\/\/maranhaotv.com.br\/wp-content\/uploads\/2025\/05\/brandao-7-e1748612558538.jpg","datePublished":"2025-05-30T13:42:50+00:00","dateModified":"2025-05-30T13:42:52+00:00","breadcrumb":{"@id":"https:\/\/maranhaotv.com.br\/index.php\/2025\/05\/30\/eleicoes-2026-brandao-vai-para-o-mdb-orleans-disputara-pelo-uniao-brasil\/#breadcrumb"},"inLanguage":"pt-BR","potentialAction":[{"@type":"ReadAction","target":["https:\/\/maranhaotv.com.br\/index.php\/2025\/05\/30\/eleicoes-2026-brandao-vai-para-o-mdb-orleans-disputara-pelo-uniao-brasil\/"]}]},{"@type":"ImageObject","inLanguage":"pt-BR","@id":"https:\/\/maranhaotv.com.br\/index.php\/2025\/05\/30\/eleicoes-2026-brandao-vai-para-o-mdb-orleans-disputara-pelo-uniao-brasil\/#primaryimage","url":"https:\/\/maranhaotv.com.br\/wp-content\/uploads\/2025\/05\/brandao-7-e1748612558538.jpg","contentUrl":"https:\/\/maranhaotv.com.br\/wp-content\/uploads\/2025\/05\/brandao-7-e1748612558538.jpg","width":686,"height":364},{"@type":"BreadcrumbList","@id":"https:\/\/maranhaotv.com.br\/index.php\/2025\/05\/30\/eleicoes-2026-brandao-vai-para-o-mdb-orleans-disputara-pelo-uniao-brasil\/#breadcrumb","itemListElement":[{"@type":"ListItem","position":1,"name":"In\u00edcio","item":"https:\/\/maranhaotv.com.br\/"},{"@type":"ListItem","position":2,"name":"Elei\u00e7\u00f5es 2026: Brand\u00e3o vai para o MDB; Orleans disputar\u00e1 pelo Uni\u00e3o Brasil"}]},{"@type":"WebSite","@id":"https:\/\/maranhaotv.com.br\/#website","url":"https:\/\/maranhaotv.com.br\/","name":"Maranh\u00e3oTV","description":"","publisher":{"@id":"https:\/\/maranhaotv.com.br\/#organization"},"potentialAction":[{"@type":"SearchAction","target":{"@type":"EntryPoint","urlTemplate":"https:\/\/maranhaotv.com.br\/?s={search_term_string}"},"query-input":{"@type":"PropertyValueSpecification","valueRequired":true,"valueName":"search_term_string"}}],"inLanguage":"pt-BR"},{"@type":"Organization","@id":"https:\/\/maranhaotv.com.br\/#organization","name":"Portal de Not\u00edcias","url":"https:\/\/maranhaotv.com.br\/","logo":{"@type":"ImageObject","inLanguage":"pt-BR","@id":"https:\/\/maranhaotv.com.br\/#\/schema\/logo\/image\/","url":"https:\/\/maranhaotv.com.br\/wp-content\/uploads\/2024\/05\/cropped-cropped-avatar-1.png","contentUrl":"https:\/\/maranhaotv.com.br\/wp-content\/uploads\/2024\/05\/cropped-cropped-avatar-1.png","width":792,"height":428,"caption":"Portal de Not\u00edcias"},"image":{"@id":"https:\/\/maranhaotv.com.br\/#\/schema\/logo\/image\/"},"sameAs":["https:\/\/www.facebook.com\/maiobaotv","https:\/\/x.com\/sitemaranhaotv","https:\/\/www.instagram.com\/maranhao.tv","https:\/\/www.threads.net\/@maranhao.tv"]},{"@type":"Person","@id":"https:\/\/maranhaotv.com.br\/#\/schema\/person\/3d54238e86b20bb5c89ab2fdb8f8829a","name":"maranhaotv","image":{"@type":"ImageObject","inLanguage":"pt-BR","@id":"https:\/\/secure.gravatar.com\/avatar\/8fadbca458d4cb68b1dd399ae9a40618d747bb1af65ac9fad21c89220a143eb4?s=96&d=mm&r=g","url":"https:\/\/secure.gravatar.com\/avatar\/8fadbca458d4cb68b1dd399ae9a40618d747bb1af65ac9fad21c89220a143eb4?s=96&d=mm&r=g","contentUrl":"https:\/\/secure.gravatar.com\/avatar\/8fadbca458d4cb68b1dd399ae9a40618d747bb1af65ac9fad21c89220a143eb4?s=96&d=mm&r=g","caption":"maranhaotv"},"sameAs":["https:\/\/maranhaotv.com.br\/"],"url":"https:\/\/maranhaotv.com.br\/index.php\/author\/maranhaotv\/"}]}},"jetpack_featured_media_url":"https:\/\/maranhaotv.com.br\/wp-content\/uploads\/2025\/05\/brandao-7-e1748612558538.jpg","jetpack_sharing_enabled":true,"_links":{"self":[{"href":"https:\/\/maranhaotv.com.br\/index.php\/wp-json\/wp\/v2\/posts\/42461","targetHints":{"allow":["GET"]}}],"collection":[{"href":"https:\/\/maranhaotv.com.br\/index.php\/wp-json\/wp\/v2\/posts"}],"about":[{"href":"https:\/\/maranhaotv.com.br\/index.php\/wp-json\/wp\/v2\/types\/post"}],"author":[{"embeddable":true,"href":"https:\/\/maranhaotv.com.br\/index.php\/wp-json\/wp\/v2\/users\/2"}],"replies":[{"embeddable":true,"href":"https:\/\/maranhaotv.com.br\/index.php\/wp-json\/wp\/v2\/comments?post=42461"}],"version-history":[{"count":1,"href":"https:\/\/maranhaotv.com.br\/index.php\/wp-json\/wp\/v2\/posts\/42461\/revisions"}],"predecessor-version":[{"id":42463,"href":"https:\/\/maranhaotv.com.br\/index.php\/wp-json\/wp\/v2\/posts\/42461\/revisions\/42463"}],"wp:featuredmedia":[{"embeddable":true,"href":"https:\/\/maranhaotv.com.br\/index.php\/wp-json\/wp\/v2\/media\/42462"}],"wp:attachment":[{"href":"https:\/\/maranhaotv.com.br\/index.php\/wp-json\/wp\/v2\/media?parent=42461"}],"wp:term":[{"taxonomy":"category","embeddable":true,"href":"https:\/\/maranhaotv.com.br\/index.php\/wp-json\/wp\/v2\/categories?post=42461"},{"taxonomy":"post_tag","embeddable":true,"href":"https:\/\/maranhaotv.com.br\/index.php\/wp-json\/wp\/v2\/tags?post=42461"}],"curies":[{"name":"wp","href":"https:\/\/api.w.org\/{rel}","templated":true}]}}