{"id":42475,"date":"2025-05-30T18:45:46","date_gmt":"2025-05-30T21:45:46","guid":{"rendered":"https:\/\/maranhaotv.com.br\/?p=42475"},"modified":"2025-05-30T18:45:47","modified_gmt":"2025-05-30T21:45:47","slug":"brandao-diz-que-audiencias-para-orcamento-participativo-comecarao-dia-16-de-junho","status":"publish","type":"post","link":"https:\/\/maranhaotv.com.br\/index.php\/2025\/05\/30\/brandao-diz-que-audiencias-para-orcamento-participativo-comecarao-dia-16-de-junho\/","title":{"rendered":"Brand\u00e3o diz que audi\u00eancias para or\u00e7amento participativo come\u00e7ar\u00e3o dia 16 de junho"},"content":{"rendered":"\n<p><\/p>\n\n\n\n<p>O governador Carlos Brand\u00e3o (PSB) j\u00e1 confirmou que as audi\u00eancias p\u00fablicas para a elabora\u00e7\u00e3o do or\u00e7amento participativo no Maranh\u00e3o ser\u00e3o iniciadas no dia 16 de junho. <br><br>&#8220;Dia 16 de junho, vamos come\u00e7ar as escutas territoriais, para o nosso or\u00e7amento participativo. Vamos fazer 32 audi\u00eancias, em diversas regi\u00f5es do estado, para que a gente possa ouvir a popula\u00e7\u00e3o, como fazemos desde o in\u00edcio do nosso governo. Para governar, precisamos ouvir prefeitos e prefeitas, mas tamb\u00e9m a popula\u00e7\u00e3o, para que possamos melhorar a vida dos maranhenses&#8221;, ressaltou.<br><br>No decorrer desta semana, durante encontros com cerca de 100 gestores recebidos pessoalmente, o governador ouviu demandas priorit\u00e1rias dos munic\u00edpios, discutiu projetos em andamento e anunciou novos investimentos.<br><br>Os encontros contaram tamb\u00e9m com a presen\u00e7a de secret\u00e1rios estaduais, possibilitando o encaminhamento de medidas de forma mais \u00e1gil e eficaz, e refor\u00e7ando o compromisso com uma gest\u00e3o descentralizada e atenta \u00e0s realidades locais.<br><br>\u201cOuvir de perto as prefeitas e os prefeitos \u00e9 essencial para garantir que os investimentos do nosso governo estejam chegando na ponta com impacto direto na vida das pessoas. Estamos fortalecendo essa parceria com os munic\u00edpios porque acreditamos que \u00e9 l\u00e1 que tudo come\u00e7a\u201d, declarou Brand\u00e3o.<\/p>\n","protected":false},"excerpt":{"rendered":"<p>O governador Carlos Brand\u00e3o (PSB) j\u00e1 confirmou que as audi\u00eancias p\u00fablicas para a elabora\u00e7\u00e3o do or\u00e7amento participativo no Maranh\u00e3o ser\u00e3o<\/p>\n","protected":false},"author":2,"featured_media":42474,"comment_status":"open","ping_status":"open","sticky":false,"template":"","format":"standard","meta":{"colormag_page_container_layout":"default_layout","colormag_page_sidebar_layout":"default_layout","_jetpack_memberships_contains_paid_content":false,"footnotes":""},"categories":[6],"tags":[],"class_list":["post-42475","post","type-post","status-publish","format-standard","has-post-thumbnail","hentry","category-politica"],"magazineBlocksPostFeaturedMedia":{"thumbnail":"https:\/\/maranhaotv.com.br\/wp-content\/uploads\/2025\/05\/image-8-150x150.png","medium":"https:\/\/maranhaotv.com.br\/wp-content\/uploads\/2025\/05\/image-8-300x176.png","medium_large":"https:\/\/maranhaotv.com.br\/wp-content\/uploads\/2025\/05\/image-8.png","large":"https:\/\/maranhaotv.com.br\/wp-content\/uploads\/2025\/05\/image-8.png","1536x1536":"https:\/\/maranhaotv.com.br\/wp-content\/uploads\/2025\/05\/image-8.png","2048x2048":"https:\/\/maranhaotv.com.br\/wp-content\/uploads\/2025\/05\/image-8.png","colormag-highlighted-post":"https:\/\/maranhaotv.com.br\/wp-content\/uploads\/2025\/05\/image-8-392x272.png","colormag-featured-post-medium":"https:\/\/maranhaotv.com.br\/wp-content\/uploads\/2025\/05\/image-8-390x205.png","colormag-featured-post-small":"https:\/\/maranhaotv.com.br\/wp-content\/uploads\/2025\/05\/image-8-130x90.png","colormag-featured-image":"https:\/\/maranhaotv.com.br\/wp-content\/uploads\/2025\/05\/image-8.png","colormag-default-news":"https:\/\/maranhaotv.com.br\/wp-content\/uploads\/2025\/05\/image-8-150x150.png","colormag-featured-image-large":"https:\/\/maranhaotv.com.br\/wp-content\/uploads\/2025\/05\/image-8.png"},"magazineBlocksPostAuthor":{"name":"maranhaotv","avatar":"https:\/\/secure.gravatar.com\/avatar\/8fadbca458d4cb68b1dd399ae9a40618d747bb1af65ac9fad21c89220a143eb4?s=96&d=mm&r=g"},"magazineBlocksPostCommentsNumber":"0","magazineBlocksPostExcerpt":"O governador Carlos Brand\u00e3o (PSB) j\u00e1 confirmou que as audi\u00eancias p\u00fablicas para a elabora\u00e7\u00e3o do or\u00e7amento participativo no Maranh\u00e3o ser\u00e3o","magazineBlocksPostCategories":["pol\u00edtica"],"magazineBlocksPostViewCount":312,"magazineBlocksPostReadTime":2,"magazine_blocks_featured_image_url":{"full":["https:\/\/maranhaotv.com.br\/wp-content\/uploads\/2025\/05\/image-8.png",640,376,false],"medium":["https:\/\/maranhaotv.com.br\/wp-content\/uploads\/2025\/05\/image-8-300x176.png",300,176,true],"thumbnail":["https:\/\/maranhaotv.com.br\/wp-content\/uploads\/2025\/05\/image-8-150x150.png",150,150,true]},"magazine_blocks_author":{"display_name":"maranhaotv","author_link":"https:\/\/maranhaotv.com.br\/index.php\/author\/maranhaotv\/"},"magazine_blocks_comment":0,"magazine_blocks_author_image":"https:\/\/secure.gravatar.com\/avatar\/8fadbca458d4cb68b1dd399ae9a40618d747bb1af65ac9fad21c89220a143eb4?s=96&d=mm&r=g","magazine_blocks_category":"<a href=\"#\" class=\"category-link category-link-6\">pol\u00edtica<\/a>","yoast_head":"<!-- This site is optimized with the Yoast SEO plugin v27.4 - https:\/\/yoast.com\/product\/yoast-seo-wordpress\/ -->\n<title>Brand\u00e3o diz que audi\u00eancias para or\u00e7amento participativo come\u00e7ar\u00e3o dia 16 de junho - NOT\u00cdCIAS EM TEMPO REAL<\/title>\n<meta name=\"robots\" content=\"index, follow, max-snippet:-1, max-image-preview:large, max-video-preview:-1\" \/>\n<link rel=\"canonical\" href=\"https:\/\/maranhaotv.com.br\/index.php\/2025\/05\/30\/brandao-diz-que-audiencias-para-orcamento-participativo-comecarao-dia-16-de-junho\/\" \/>\n<meta property=\"og:locale\" content=\"pt_BR\" \/>\n<meta property=\"og:type\" content=\"article\" \/>\n<meta property=\"og:title\" content=\"Brand\u00e3o diz que audi\u00eancias para or\u00e7amento participativo come\u00e7ar\u00e3o dia 16 de junho - NOT\u00cdCIAS EM TEMPO REAL\" \/>\n<meta property=\"og:description\" content=\"O governador Carlos Brand\u00e3o (PSB) j\u00e1 confirmou que as audi\u00eancias p\u00fablicas para a elabora\u00e7\u00e3o do or\u00e7amento participativo no Maranh\u00e3o ser\u00e3o\" \/>\n<meta property=\"og:url\" content=\"https:\/\/maranhaotv.com.br\/index.php\/2025\/05\/30\/brandao-diz-que-audiencias-para-orcamento-participativo-comecarao-dia-16-de-junho\/\" \/>\n<meta property=\"og:site_name\" content=\"NOT\u00cdCIAS EM TEMPO REAL\" \/>\n<meta property=\"article:publisher\" content=\"https:\/\/www.facebook.com\/maiobaotv\" \/>\n<meta property=\"article:published_time\" content=\"2025-05-30T21:45:46+00:00\" \/>\n<meta property=\"article:modified_time\" content=\"2025-05-30T21:45:47+00:00\" \/>\n<meta property=\"og:image\" content=\"https:\/\/maranhaotv.com.br\/wp-content\/uploads\/2025\/05\/image-8.png\" \/>\n\t<meta property=\"og:image:width\" content=\"640\" \/>\n\t<meta property=\"og:image:height\" content=\"376\" \/>\n\t<meta property=\"og:image:type\" content=\"image\/png\" \/>\n<meta name=\"author\" content=\"maranhaotv\" \/>\n<meta name=\"twitter:card\" content=\"summary_large_image\" \/>\n<meta name=\"twitter:creator\" content=\"@sitemaranhaotv\" \/>\n<meta name=\"twitter:site\" content=\"@sitemaranhaotv\" \/>\n<meta name=\"twitter:label1\" content=\"Escrito por\" \/>\n\t<meta name=\"twitter:data1\" content=\"maranhaotv\" \/>\n\t<meta name=\"twitter:label2\" content=\"Est. tempo de leitura\" \/>\n\t<meta name=\"twitter:data2\" content=\"1 minuto\" \/>\n<script type=\"application\/ld+json\" class=\"yoast-schema-graph\">{\"@context\":\"https:\\\/\\\/schema.org\",\"@graph\":[{\"@type\":\"Article\",\"@id\":\"https:\\\/\\\/maranhaotv.com.br\\\/index.php\\\/2025\\\/05\\\/30\\\/brandao-diz-que-audiencias-para-orcamento-participativo-comecarao-dia-16-de-junho\\\/#article\",\"isPartOf\":{\"@id\":\"https:\\\/\\\/maranhaotv.com.br\\\/index.php\\\/2025\\\/05\\\/30\\\/brandao-diz-que-audiencias-para-orcamento-participativo-comecarao-dia-16-de-junho\\\/\"},\"author\":{\"name\":\"maranhaotv\",\"@id\":\"https:\\\/\\\/maranhaotv.com.br\\\/#\\\/schema\\\/person\\\/3d54238e86b20bb5c89ab2fdb8f8829a\"},\"headline\":\"Brand\u00e3o diz que audi\u00eancias para or\u00e7amento participativo come\u00e7ar\u00e3o dia 16 de junho\",\"datePublished\":\"2025-05-30T21:45:46+00:00\",\"dateModified\":\"2025-05-30T21:45:47+00:00\",\"mainEntityOfPage\":{\"@id\":\"https:\\\/\\\/maranhaotv.com.br\\\/index.php\\\/2025\\\/05\\\/30\\\/brandao-diz-que-audiencias-para-orcamento-participativo-comecarao-dia-16-de-junho\\\/\"},\"wordCount\":228,\"commentCount\":0,\"publisher\":{\"@id\":\"https:\\\/\\\/maranhaotv.com.br\\\/#organization\"},\"image\":{\"@id\":\"https:\\\/\\\/maranhaotv.com.br\\\/index.php\\\/2025\\\/05\\\/30\\\/brandao-diz-que-audiencias-para-orcamento-participativo-comecarao-dia-16-de-junho\\\/#primaryimage\"},\"thumbnailUrl\":\"https:\\\/\\\/maranhaotv.com.br\\\/wp-content\\\/uploads\\\/2025\\\/05\\\/image-8.png\",\"articleSection\":[\"pol\u00edtica\"],\"inLanguage\":\"pt-BR\",\"potentialAction\":[{\"@type\":\"CommentAction\",\"name\":\"Comment\",\"target\":[\"https:\\\/\\\/maranhaotv.com.br\\\/index.php\\\/2025\\\/05\\\/30\\\/brandao-diz-que-audiencias-para-orcamento-participativo-comecarao-dia-16-de-junho\\\/#respond\"]}]},{\"@type\":\"WebPage\",\"@id\":\"https:\\\/\\\/maranhaotv.com.br\\\/index.php\\\/2025\\\/05\\\/30\\\/brandao-diz-que-audiencias-para-orcamento-participativo-comecarao-dia-16-de-junho\\\/\",\"url\":\"https:\\\/\\\/maranhaotv.com.br\\\/index.php\\\/2025\\\/05\\\/30\\\/brandao-diz-que-audiencias-para-orcamento-participativo-comecarao-dia-16-de-junho\\\/\",\"name\":\"Brand\u00e3o diz que audi\u00eancias para or\u00e7amento participativo come\u00e7ar\u00e3o dia 16 de junho - NOT\u00cdCIAS EM TEMPO REAL\",\"isPartOf\":{\"@id\":\"https:\\\/\\\/maranhaotv.com.br\\\/#website\"},\"primaryImageOfPage\":{\"@id\":\"https:\\\/\\\/maranhaotv.com.br\\\/index.php\\\/2025\\\/05\\\/30\\\/brandao-diz-que-audiencias-para-orcamento-participativo-comecarao-dia-16-de-junho\\\/#primaryimage\"},\"image\":{\"@id\":\"https:\\\/\\\/maranhaotv.com.br\\\/index.php\\\/2025\\\/05\\\/30\\\/brandao-diz-que-audiencias-para-orcamento-participativo-comecarao-dia-16-de-junho\\\/#primaryimage\"},\"thumbnailUrl\":\"https:\\\/\\\/maranhaotv.com.br\\\/wp-content\\\/uploads\\\/2025\\\/05\\\/image-8.png\",\"datePublished\":\"2025-05-30T21:45:46+00:00\",\"dateModified\":\"2025-05-30T21:45:47+00:00\",\"breadcrumb\":{\"@id\":\"https:\\\/\\\/maranhaotv.com.br\\\/index.php\\\/2025\\\/05\\\/30\\\/brandao-diz-que-audiencias-para-orcamento-participativo-comecarao-dia-16-de-junho\\\/#breadcrumb\"},\"inLanguage\":\"pt-BR\",\"potentialAction\":[{\"@type\":\"ReadAction\",\"target\":[\"https:\\\/\\\/maranhaotv.com.br\\\/index.php\\\/2025\\\/05\\\/30\\\/brandao-diz-que-audiencias-para-orcamento-participativo-comecarao-dia-16-de-junho\\\/\"]}]},{\"@type\":\"ImageObject\",\"inLanguage\":\"pt-BR\",\"@id\":\"https:\\\/\\\/maranhaotv.com.br\\\/index.php\\\/2025\\\/05\\\/30\\\/brandao-diz-que-audiencias-para-orcamento-participativo-comecarao-dia-16-de-junho\\\/#primaryimage\",\"url\":\"https:\\\/\\\/maranhaotv.com.br\\\/wp-content\\\/uploads\\\/2025\\\/05\\\/image-8.png\",\"contentUrl\":\"https:\\\/\\\/maranhaotv.com.br\\\/wp-content\\\/uploads\\\/2025\\\/05\\\/image-8.png\",\"width\":640,\"height\":376},{\"@type\":\"BreadcrumbList\",\"@id\":\"https:\\\/\\\/maranhaotv.com.br\\\/index.php\\\/2025\\\/05\\\/30\\\/brandao-diz-que-audiencias-para-orcamento-participativo-comecarao-dia-16-de-junho\\\/#breadcrumb\",\"itemListElement\":[{\"@type\":\"ListItem\",\"position\":1,\"name\":\"In\u00edcio\",\"item\":\"https:\\\/\\\/maranhaotv.com.br\\\/\"},{\"@type\":\"ListItem\",\"position\":2,\"name\":\"Brand\u00e3o diz que audi\u00eancias para or\u00e7amento participativo come\u00e7ar\u00e3o dia 16 de junho\"}]},{\"@type\":\"WebSite\",\"@id\":\"https:\\\/\\\/maranhaotv.com.br\\\/#website\",\"url\":\"https:\\\/\\\/maranhaotv.com.br\\\/\",\"name\":\"Maranh\u00e3oTV\",\"description\":\"\",\"publisher\":{\"@id\":\"https:\\\/\\\/maranhaotv.com.br\\\/#organization\"},\"potentialAction\":[{\"@type\":\"SearchAction\",\"target\":{\"@type\":\"EntryPoint\",\"urlTemplate\":\"https:\\\/\\\/maranhaotv.com.br\\\/?s={search_term_string}\"},\"query-input\":{\"@type\":\"PropertyValueSpecification\",\"valueRequired\":true,\"valueName\":\"search_term_string\"}}],\"inLanguage\":\"pt-BR\"},{\"@type\":\"Organization\",\"@id\":\"https:\\\/\\\/maranhaotv.com.br\\\/#organization\",\"name\":\"Portal de Not\u00edcias\",\"url\":\"https:\\\/\\\/maranhaotv.com.br\\\/\",\"logo\":{\"@type\":\"ImageObject\",\"inLanguage\":\"pt-BR\",\"@id\":\"https:\\\/\\\/maranhaotv.com.br\\\/#\\\/schema\\\/logo\\\/image\\\/\",\"url\":\"https:\\\/\\\/maranhaotv.com.br\\\/wp-content\\\/uploads\\\/2024\\\/05\\\/cropped-cropped-avatar-1.png\",\"contentUrl\":\"https:\\\/\\\/maranhaotv.com.br\\\/wp-content\\\/uploads\\\/2024\\\/05\\\/cropped-cropped-avatar-1.png\",\"width\":792,\"height\":428,\"caption\":\"Portal de Not\u00edcias\"},\"image\":{\"@id\":\"https:\\\/\\\/maranhaotv.com.br\\\/#\\\/schema\\\/logo\\\/image\\\/\"},\"sameAs\":[\"https:\\\/\\\/www.facebook.com\\\/maiobaotv\",\"https:\\\/\\\/x.com\\\/sitemaranhaotv\",\"https:\\\/\\\/www.instagram.com\\\/maranhao.tv\",\"https:\\\/\\\/www.threads.net\\\/@maranhao.tv\"]},{\"@type\":\"Person\",\"@id\":\"https:\\\/\\\/maranhaotv.com.br\\\/#\\\/schema\\\/person\\\/3d54238e86b20bb5c89ab2fdb8f8829a\",\"name\":\"maranhaotv\",\"image\":{\"@type\":\"ImageObject\",\"inLanguage\":\"pt-BR\",\"@id\":\"https:\\\/\\\/secure.gravatar.com\\\/avatar\\\/8fadbca458d4cb68b1dd399ae9a40618d747bb1af65ac9fad21c89220a143eb4?s=96&d=mm&r=g\",\"url\":\"https:\\\/\\\/secure.gravatar.com\\\/avatar\\\/8fadbca458d4cb68b1dd399ae9a40618d747bb1af65ac9fad21c89220a143eb4?s=96&d=mm&r=g\",\"contentUrl\":\"https:\\\/\\\/secure.gravatar.com\\\/avatar\\\/8fadbca458d4cb68b1dd399ae9a40618d747bb1af65ac9fad21c89220a143eb4?s=96&d=mm&r=g\",\"caption\":\"maranhaotv\"},\"sameAs\":[\"https:\\\/\\\/maranhaotv.com.br\\\/\"],\"url\":\"https:\\\/\\\/maranhaotv.com.br\\\/index.php\\\/author\\\/maranhaotv\\\/\"}]}<\/script>\n<!-- \/ Yoast SEO plugin. -->","yoast_head_json":{"title":"Brand\u00e3o diz que audi\u00eancias para or\u00e7amento participativo come\u00e7ar\u00e3o dia 16 de junho - NOT\u00cdCIAS EM TEMPO REAL","robots":{"index":"index","follow":"follow","max-snippet":"max-snippet:-1","max-image-preview":"max-image-preview:large","max-video-preview":"max-video-preview:-1"},"canonical":"https:\/\/maranhaotv.com.br\/index.php\/2025\/05\/30\/brandao-diz-que-audiencias-para-orcamento-participativo-comecarao-dia-16-de-junho\/","og_locale":"pt_BR","og_type":"article","og_title":"Brand\u00e3o diz que audi\u00eancias para or\u00e7amento participativo come\u00e7ar\u00e3o dia 16 de junho - NOT\u00cdCIAS EM TEMPO REAL","og_description":"O governador Carlos Brand\u00e3o (PSB) j\u00e1 confirmou que as audi\u00eancias p\u00fablicas para a elabora\u00e7\u00e3o do or\u00e7amento participativo no Maranh\u00e3o ser\u00e3o","og_url":"https:\/\/maranhaotv.com.br\/index.php\/2025\/05\/30\/brandao-diz-que-audiencias-para-orcamento-participativo-comecarao-dia-16-de-junho\/","og_site_name":"NOT\u00cdCIAS EM TEMPO REAL","article_publisher":"https:\/\/www.facebook.com\/maiobaotv","article_published_time":"2025-05-30T21:45:46+00:00","article_modified_time":"2025-05-30T21:45:47+00:00","og_image":[{"width":640,"height":376,"url":"https:\/\/maranhaotv.com.br\/wp-content\/uploads\/2025\/05\/image-8.png","type":"image\/png"}],"author":"maranhaotv","twitter_card":"summary_large_image","twitter_creator":"@sitemaranhaotv","twitter_site":"@sitemaranhaotv","twitter_misc":{"Escrito por":"maranhaotv","Est. tempo de leitura":"1 minuto"},"schema":{"@context":"https:\/\/schema.org","@graph":[{"@type":"Article","@id":"https:\/\/maranhaotv.com.br\/index.php\/2025\/05\/30\/brandao-diz-que-audiencias-para-orcamento-participativo-comecarao-dia-16-de-junho\/#article","isPartOf":{"@id":"https:\/\/maranhaotv.com.br\/index.php\/2025\/05\/30\/brandao-diz-que-audiencias-para-orcamento-participativo-comecarao-dia-16-de-junho\/"},"author":{"name":"maranhaotv","@id":"https:\/\/maranhaotv.com.br\/#\/schema\/person\/3d54238e86b20bb5c89ab2fdb8f8829a"},"headline":"Brand\u00e3o diz que audi\u00eancias para or\u00e7amento participativo come\u00e7ar\u00e3o dia 16 de junho","datePublished":"2025-05-30T21:45:46+00:00","dateModified":"2025-05-30T21:45:47+00:00","mainEntityOfPage":{"@id":"https:\/\/maranhaotv.com.br\/index.php\/2025\/05\/30\/brandao-diz-que-audiencias-para-orcamento-participativo-comecarao-dia-16-de-junho\/"},"wordCount":228,"commentCount":0,"publisher":{"@id":"https:\/\/maranhaotv.com.br\/#organization"},"image":{"@id":"https:\/\/maranhaotv.com.br\/index.php\/2025\/05\/30\/brandao-diz-que-audiencias-para-orcamento-participativo-comecarao-dia-16-de-junho\/#primaryimage"},"thumbnailUrl":"https:\/\/maranhaotv.com.br\/wp-content\/uploads\/2025\/05\/image-8.png","articleSection":["pol\u00edtica"],"inLanguage":"pt-BR","potentialAction":[{"@type":"CommentAction","name":"Comment","target":["https:\/\/maranhaotv.com.br\/index.php\/2025\/05\/30\/brandao-diz-que-audiencias-para-orcamento-participativo-comecarao-dia-16-de-junho\/#respond"]}]},{"@type":"WebPage","@id":"https:\/\/maranhaotv.com.br\/index.php\/2025\/05\/30\/brandao-diz-que-audiencias-para-orcamento-participativo-comecarao-dia-16-de-junho\/","url":"https:\/\/maranhaotv.com.br\/index.php\/2025\/05\/30\/brandao-diz-que-audiencias-para-orcamento-participativo-comecarao-dia-16-de-junho\/","name":"Brand\u00e3o diz que audi\u00eancias para or\u00e7amento participativo come\u00e7ar\u00e3o dia 16 de junho - NOT\u00cdCIAS EM TEMPO REAL","isPartOf":{"@id":"https:\/\/maranhaotv.com.br\/#website"},"primaryImageOfPage":{"@id":"https:\/\/maranhaotv.com.br\/index.php\/2025\/05\/30\/brandao-diz-que-audiencias-para-orcamento-participativo-comecarao-dia-16-de-junho\/#primaryimage"},"image":{"@id":"https:\/\/maranhaotv.com.br\/index.php\/2025\/05\/30\/brandao-diz-que-audiencias-para-orcamento-participativo-comecarao-dia-16-de-junho\/#primaryimage"},"thumbnailUrl":"https:\/\/maranhaotv.com.br\/wp-content\/uploads\/2025\/05\/image-8.png","datePublished":"2025-05-30T21:45:46+00:00","dateModified":"2025-05-30T21:45:47+00:00","breadcrumb":{"@id":"https:\/\/maranhaotv.com.br\/index.php\/2025\/05\/30\/brandao-diz-que-audiencias-para-orcamento-participativo-comecarao-dia-16-de-junho\/#breadcrumb"},"inLanguage":"pt-BR","potentialAction":[{"@type":"ReadAction","target":["https:\/\/maranhaotv.com.br\/index.php\/2025\/05\/30\/brandao-diz-que-audiencias-para-orcamento-participativo-comecarao-dia-16-de-junho\/"]}]},{"@type":"ImageObject","inLanguage":"pt-BR","@id":"https:\/\/maranhaotv.com.br\/index.php\/2025\/05\/30\/brandao-diz-que-audiencias-para-orcamento-participativo-comecarao-dia-16-de-junho\/#primaryimage","url":"https:\/\/maranhaotv.com.br\/wp-content\/uploads\/2025\/05\/image-8.png","contentUrl":"https:\/\/maranhaotv.com.br\/wp-content\/uploads\/2025\/05\/image-8.png","width":640,"height":376},{"@type":"BreadcrumbList","@id":"https:\/\/maranhaotv.com.br\/index.php\/2025\/05\/30\/brandao-diz-que-audiencias-para-orcamento-participativo-comecarao-dia-16-de-junho\/#breadcrumb","itemListElement":[{"@type":"ListItem","position":1,"name":"In\u00edcio","item":"https:\/\/maranhaotv.com.br\/"},{"@type":"ListItem","position":2,"name":"Brand\u00e3o diz que audi\u00eancias para or\u00e7amento participativo come\u00e7ar\u00e3o dia 16 de junho"}]},{"@type":"WebSite","@id":"https:\/\/maranhaotv.com.br\/#website","url":"https:\/\/maranhaotv.com.br\/","name":"Maranh\u00e3oTV","description":"","publisher":{"@id":"https:\/\/maranhaotv.com.br\/#organization"},"potentialAction":[{"@type":"SearchAction","target":{"@type":"EntryPoint","urlTemplate":"https:\/\/maranhaotv.com.br\/?s={search_term_string}"},"query-input":{"@type":"PropertyValueSpecification","valueRequired":true,"valueName":"search_term_string"}}],"inLanguage":"pt-BR"},{"@type":"Organization","@id":"https:\/\/maranhaotv.com.br\/#organization","name":"Portal de Not\u00edcias","url":"https:\/\/maranhaotv.com.br\/","logo":{"@type":"ImageObject","inLanguage":"pt-BR","@id":"https:\/\/maranhaotv.com.br\/#\/schema\/logo\/image\/","url":"https:\/\/maranhaotv.com.br\/wp-content\/uploads\/2024\/05\/cropped-cropped-avatar-1.png","contentUrl":"https:\/\/maranhaotv.com.br\/wp-content\/uploads\/2024\/05\/cropped-cropped-avatar-1.png","width":792,"height":428,"caption":"Portal de Not\u00edcias"},"image":{"@id":"https:\/\/maranhaotv.com.br\/#\/schema\/logo\/image\/"},"sameAs":["https:\/\/www.facebook.com\/maiobaotv","https:\/\/x.com\/sitemaranhaotv","https:\/\/www.instagram.com\/maranhao.tv","https:\/\/www.threads.net\/@maranhao.tv"]},{"@type":"Person","@id":"https:\/\/maranhaotv.com.br\/#\/schema\/person\/3d54238e86b20bb5c89ab2fdb8f8829a","name":"maranhaotv","image":{"@type":"ImageObject","inLanguage":"pt-BR","@id":"https:\/\/secure.gravatar.com\/avatar\/8fadbca458d4cb68b1dd399ae9a40618d747bb1af65ac9fad21c89220a143eb4?s=96&d=mm&r=g","url":"https:\/\/secure.gravatar.com\/avatar\/8fadbca458d4cb68b1dd399ae9a40618d747bb1af65ac9fad21c89220a143eb4?s=96&d=mm&r=g","contentUrl":"https:\/\/secure.gravatar.com\/avatar\/8fadbca458d4cb68b1dd399ae9a40618d747bb1af65ac9fad21c89220a143eb4?s=96&d=mm&r=g","caption":"maranhaotv"},"sameAs":["https:\/\/maranhaotv.com.br\/"],"url":"https:\/\/maranhaotv.com.br\/index.php\/author\/maranhaotv\/"}]}},"jetpack_featured_media_url":"https:\/\/maranhaotv.com.br\/wp-content\/uploads\/2025\/05\/image-8.png","jetpack_sharing_enabled":true,"_links":{"self":[{"href":"https:\/\/maranhaotv.com.br\/index.php\/wp-json\/wp\/v2\/posts\/42475","targetHints":{"allow":["GET"]}}],"collection":[{"href":"https:\/\/maranhaotv.com.br\/index.php\/wp-json\/wp\/v2\/posts"}],"about":[{"href":"https:\/\/maranhaotv.com.br\/index.php\/wp-json\/wp\/v2\/types\/post"}],"author":[{"embeddable":true,"href":"https:\/\/maranhaotv.com.br\/index.php\/wp-json\/wp\/v2\/users\/2"}],"replies":[{"embeddable":true,"href":"https:\/\/maranhaotv.com.br\/index.php\/wp-json\/wp\/v2\/comments?post=42475"}],"version-history":[{"count":1,"href":"https:\/\/maranhaotv.com.br\/index.php\/wp-json\/wp\/v2\/posts\/42475\/revisions"}],"predecessor-version":[{"id":42476,"href":"https:\/\/maranhaotv.com.br\/index.php\/wp-json\/wp\/v2\/posts\/42475\/revisions\/42476"}],"wp:featuredmedia":[{"embeddable":true,"href":"https:\/\/maranhaotv.com.br\/index.php\/wp-json\/wp\/v2\/media\/42474"}],"wp:attachment":[{"href":"https:\/\/maranhaotv.com.br\/index.php\/wp-json\/wp\/v2\/media?parent=42475"}],"wp:term":[{"taxonomy":"category","embeddable":true,"href":"https:\/\/maranhaotv.com.br\/index.php\/wp-json\/wp\/v2\/categories?post=42475"},{"taxonomy":"post_tag","embeddable":true,"href":"https:\/\/maranhaotv.com.br\/index.php\/wp-json\/wp\/v2\/tags?post=42475"}],"curies":[{"name":"wp","href":"https:\/\/api.w.org\/{rel}","templated":true}]}}