{"id":42528,"date":"2025-06-03T10:46:49","date_gmt":"2025-06-03T13:46:49","guid":{"rendered":"https:\/\/maranhaotv.com.br\/?p=42528"},"modified":"2025-06-03T10:46:49","modified_gmt":"2025-06-03T13:46:49","slug":"doenca-respiratoria-mata-mais-de-80-pessoas-no-maranhao-e-demanda-cuidados-especiais-com-a-saude","status":"publish","type":"post","link":"https:\/\/maranhaotv.com.br\/index.php\/2025\/06\/03\/doenca-respiratoria-mata-mais-de-80-pessoas-no-maranhao-e-demanda-cuidados-especiais-com-a-saude\/","title":{"rendered":"Doen\u00e7a respirat\u00f3ria mata mais de 80 pessoas no Maranh\u00e3o e demanda cuidados especiais com a sa\u00fade"},"content":{"rendered":"\n<p><\/p>\n\n\n\n<p><\/p>\n\n\n\n<p><em>_Especialistas apontam os ch\u00e1s e alimentos regionais como aliados na recupera\u00e7\u00e3o da gripe.<\/em><\/p>\n\n\n\n<p>Febre alta, tosse persistente e dificuldade para respirar. Esses foram alguns dos sintomas que assustaram a fam\u00edlia Portela, moradora do bairro Cohatrac III, em S\u00e3o Lu\u00eds, que enfrentou recentemente um surto de s\u00edndrome gripal. Os cinco membros da casa \u2014 os pais, Marina Pinho e Roberto Cais, os filhos Ana Clara, de 12 anos, e Jo\u00e3o Lucas, de 9, al\u00e9m do av\u00f4, seu Ant\u00f4nio, de 69 anos \u2014 adoeceram quase ao mesmo tempo. O caso do idoso foi o mais grave, exigindo interna\u00e7\u00e3o hospitalar.<\/p>\n\n\n\n<p>Com o aumento dos casos de s\u00edndromes respirat\u00f3rias, como gripes e resfriados, no Maranh\u00e3o, os cuidados com a alimenta\u00e7\u00e3o e a hidrata\u00e7\u00e3o tornam-se ainda mais relevantes. Em meio ao clima quente e \u00famido do estado, pr\u00e1ticas simples como o consumo de ch\u00e1s naturais e alimentos regionais ricos em nutrientes podem contribuir para a recupera\u00e7\u00e3o mais r\u00e1pida e confort\u00e1vel.<\/p>\n\n\n\n<p>\u201cFoi muito assustador. Quando vimos que o v\u00f4 come\u00e7ou a piorar e teve que ser levado pro hospital, bateu o desespero\u201d, lembra Marina. A fam\u00edlia buscou atendimento m\u00e9dico e, ao longo da recupera\u00e7\u00e3o, adotou cuidados com a alimenta\u00e7\u00e3o para refor\u00e7ar a imunidade de todos. \u201cA gente come\u00e7ou a fazer mais ch\u00e1 de gengibre com lim\u00e3o, dar bastante \u00e1gua de coco para as crian\u00e7as e preparar comidas mais leves, com legumes e frutas\u201d, conta a m\u00e3e.<\/p>\n\n\n\n<p>A nutricionista do Grupo Mateus, La\u00eds Campos, refor\u00e7a a import\u00e2ncia de medidas como essa no processo de recupera\u00e7\u00e3o. \u201cA alimenta\u00e7\u00e3o desempenha um papel crucial no fortalecimento do sistema imunol\u00f3gico, especialmente em situa\u00e7\u00f5es como gripes e resfriados, que envolvem o trato respirat\u00f3rio\u201d, afirma. Ela destaca que alimentos ricos em vitaminas C, D e A, minerais como zinco e sel\u00eanio, al\u00e9m de op\u00e7\u00f5es com a\u00e7\u00e3o antioxidante, como frutas regionais e ch\u00e1s naturais, s\u00e3o grandes aliados.<\/p>\n\n\n\n<p>\u201cCh\u00e1s como os de gengibre, hortel\u00e3 e alho t\u00eam propriedades que aliviam os sintomas e contribuem para a melhora. J\u00e1 frutas como acerola, laranja e bacuri s\u00e3o ricas em vitamina C e fortalecem as defesas do organismo\u201d, explica La\u00eds.<\/p>\n\n\n\n<p><em>DADOS<\/em><\/p>\n\n\n\n<p>A preocupa\u00e7\u00e3o da fam\u00edlia Portela se reflete em dados divulgados pela Funda\u00e7\u00e3o Oswaldo Cruz (Fiocruz). Segundo o boletim semanal InfoGripe, os casos de S\u00edndrome Respirat\u00f3ria Aguda Grave (SRAG) por influenza A t\u00eam atingido n\u00edveis de incid\u00eancia de moderada a muito alta entre jovens, adultos e idosos. A an\u00e1lise mostra uma alta taxa de mortalidade entre idosos e crian\u00e7as de at\u00e9 dois anos, com 72,5% dos \u00f3bitos nas \u00faltimas quatro semanas relacionados \u00e0 influenza A.<\/p>\n\n\n\n<p>No Maranh\u00e3o, o avan\u00e7o das s\u00edndromes gripais j\u00e1 provocou a notifica\u00e7\u00e3o de 1.303 casos de SRAG em 2025, com 89 mortes. A press\u00e3o sobre o sistema de sa\u00fade motivou a Secretaria de Estado da Sa\u00fade (SES) a montar um Hospital de Campanha no estacionamento do Multicenter Sebrae, no bairro Cohafuma, para atender casos leves. A unidade contar\u00e1 com 20 poltronas para medica\u00e7\u00e3o e 10 leitos de observa\u00e7\u00e3o.<\/p>\n","protected":false},"excerpt":{"rendered":"<p>_Especialistas apontam os ch\u00e1s e alimentos regionais como aliados na recupera\u00e7\u00e3o da gripe. Febre alta, tosse persistente e dificuldade para<\/p>\n","protected":false},"author":2,"featured_media":42527,"comment_status":"closed","ping_status":"open","sticky":false,"template":"","format":"standard","meta":{"colormag_page_container_layout":"default_layout","colormag_page_sidebar_layout":"default_layout","_jetpack_memberships_contains_paid_content":false,"footnotes":""},"categories":[54],"tags":[],"class_list":["post-42528","post","type-post","status-publish","format-standard","has-post-thumbnail","hentry","category-saude"],"magazineBlocksPostFeaturedMedia":{"thumbnail":"https:\/\/maranhaotv.com.br\/wp-content\/uploads\/2025\/06\/39d1543a-d445-422d-bfed-69d6480e6641-1-150x150.jpg","medium":"https:\/\/maranhaotv.com.br\/wp-content\/uploads\/2025\/06\/39d1543a-d445-422d-bfed-69d6480e6641-1-300x173.jpg","medium_large":"https:\/\/maranhaotv.com.br\/wp-content\/uploads\/2025\/06\/39d1543a-d445-422d-bfed-69d6480e6641-1-768x443.jpg","large":"https:\/\/maranhaotv.com.br\/wp-content\/uploads\/2025\/06\/39d1543a-d445-422d-bfed-69d6480e6641-1.jpg","1536x1536":"https:\/\/maranhaotv.com.br\/wp-content\/uploads\/2025\/06\/39d1543a-d445-422d-bfed-69d6480e6641-1.jpg","2048x2048":"https:\/\/maranhaotv.com.br\/wp-content\/uploads\/2025\/06\/39d1543a-d445-422d-bfed-69d6480e6641-1.jpg","colormag-highlighted-post":"https:\/\/maranhaotv.com.br\/wp-content\/uploads\/2025\/06\/39d1543a-d445-422d-bfed-69d6480e6641-1-392x272.jpg","colormag-featured-post-medium":"https:\/\/maranhaotv.com.br\/wp-content\/uploads\/2025\/06\/39d1543a-d445-422d-bfed-69d6480e6641-1-390x205.jpg","colormag-featured-post-small":"https:\/\/maranhaotv.com.br\/wp-content\/uploads\/2025\/06\/39d1543a-d445-422d-bfed-69d6480e6641-1-130x90.jpg","colormag-featured-image":"https:\/\/maranhaotv.com.br\/wp-content\/uploads\/2025\/06\/39d1543a-d445-422d-bfed-69d6480e6641-1-780x445.jpg","colormag-default-news":"https:\/\/maranhaotv.com.br\/wp-content\/uploads\/2025\/06\/39d1543a-d445-422d-bfed-69d6480e6641-1-150x150.jpg","colormag-featured-image-large":"https:\/\/maranhaotv.com.br\/wp-content\/uploads\/2025\/06\/39d1543a-d445-422d-bfed-69d6480e6641-1.jpg"},"magazineBlocksPostAuthor":{"name":"maranhaotv","avatar":"https:\/\/secure.gravatar.com\/avatar\/8fadbca458d4cb68b1dd399ae9a40618d747bb1af65ac9fad21c89220a143eb4?s=96&d=mm&r=g"},"magazineBlocksPostCommentsNumber":false,"magazineBlocksPostExcerpt":"_Especialistas apontam os ch\u00e1s e alimentos regionais como aliados na recupera\u00e7\u00e3o da gripe. Febre alta, tosse persistente e dificuldade para","magazineBlocksPostCategories":["sa\u00fade"],"magazineBlocksPostViewCount":299,"magazineBlocksPostReadTime":3,"magazine_blocks_featured_image_url":{"full":["https:\/\/maranhaotv.com.br\/wp-content\/uploads\/2025\/06\/39d1543a-d445-422d-bfed-69d6480e6641-1.jpg",780,450,false],"medium":["https:\/\/maranhaotv.com.br\/wp-content\/uploads\/2025\/06\/39d1543a-d445-422d-bfed-69d6480e6641-1-300x173.jpg",300,173,true],"thumbnail":["https:\/\/maranhaotv.com.br\/wp-content\/uploads\/2025\/06\/39d1543a-d445-422d-bfed-69d6480e6641-1-150x150.jpg",150,150,true]},"magazine_blocks_author":{"display_name":"maranhaotv","author_link":"https:\/\/maranhaotv.com.br\/index.php\/author\/maranhaotv\/"},"magazine_blocks_comment":0,"magazine_blocks_author_image":"https:\/\/secure.gravatar.com\/avatar\/8fadbca458d4cb68b1dd399ae9a40618d747bb1af65ac9fad21c89220a143eb4?s=96&d=mm&r=g","magazine_blocks_category":"<a href=\"#\" class=\"category-link category-link-54\">sa\u00fade<\/a>","yoast_head":"<!-- This site is optimized with the Yoast SEO plugin v27.4 - https:\/\/yoast.com\/product\/yoast-seo-wordpress\/ -->\n<title>Doen\u00e7a respirat\u00f3ria mata mais de 80 pessoas no Maranh\u00e3o e demanda cuidados especiais com a sa\u00fade - NOT\u00cdCIAS EM TEMPO REAL<\/title>\n<meta name=\"robots\" content=\"index, follow, max-snippet:-1, max-image-preview:large, max-video-preview:-1\" \/>\n<link rel=\"canonical\" href=\"https:\/\/maranhaotv.com.br\/index.php\/2025\/06\/03\/doenca-respiratoria-mata-mais-de-80-pessoas-no-maranhao-e-demanda-cuidados-especiais-com-a-saude\/\" \/>\n<meta property=\"og:locale\" content=\"pt_BR\" \/>\n<meta property=\"og:type\" content=\"article\" \/>\n<meta property=\"og:title\" content=\"Doen\u00e7a respirat\u00f3ria mata mais de 80 pessoas no Maranh\u00e3o e demanda cuidados especiais com a sa\u00fade - NOT\u00cdCIAS EM TEMPO REAL\" \/>\n<meta property=\"og:description\" content=\"_Especialistas apontam os ch\u00e1s e alimentos regionais como aliados na recupera\u00e7\u00e3o da gripe. Febre alta, tosse persistente e dificuldade para\" \/>\n<meta property=\"og:url\" content=\"https:\/\/maranhaotv.com.br\/index.php\/2025\/06\/03\/doenca-respiratoria-mata-mais-de-80-pessoas-no-maranhao-e-demanda-cuidados-especiais-com-a-saude\/\" \/>\n<meta property=\"og:site_name\" content=\"NOT\u00cdCIAS EM TEMPO REAL\" \/>\n<meta property=\"article:publisher\" content=\"https:\/\/www.facebook.com\/maiobaotv\" \/>\n<meta property=\"article:published_time\" content=\"2025-06-03T13:46:49+00:00\" \/>\n<meta property=\"og:image\" content=\"https:\/\/maranhaotv.com.br\/wp-content\/uploads\/2025\/06\/39d1543a-d445-422d-bfed-69d6480e6641-1.jpg\" \/>\n\t<meta property=\"og:image:width\" content=\"780\" \/>\n\t<meta property=\"og:image:height\" content=\"450\" \/>\n\t<meta property=\"og:image:type\" content=\"image\/jpeg\" \/>\n<meta name=\"author\" content=\"maranhaotv\" \/>\n<meta name=\"twitter:card\" content=\"summary_large_image\" \/>\n<meta name=\"twitter:creator\" content=\"@sitemaranhaotv\" \/>\n<meta name=\"twitter:site\" content=\"@sitemaranhaotv\" \/>\n<meta name=\"twitter:label1\" content=\"Escrito por\" \/>\n\t<meta name=\"twitter:data1\" content=\"maranhaotv\" \/>\n\t<meta name=\"twitter:label2\" content=\"Est. tempo de leitura\" \/>\n\t<meta name=\"twitter:data2\" content=\"3 minutos\" \/>\n<script type=\"application\/ld+json\" class=\"yoast-schema-graph\">{\"@context\":\"https:\\\/\\\/schema.org\",\"@graph\":[{\"@type\":\"Article\",\"@id\":\"https:\\\/\\\/maranhaotv.com.br\\\/index.php\\\/2025\\\/06\\\/03\\\/doenca-respiratoria-mata-mais-de-80-pessoas-no-maranhao-e-demanda-cuidados-especiais-com-a-saude\\\/#article\",\"isPartOf\":{\"@id\":\"https:\\\/\\\/maranhaotv.com.br\\\/index.php\\\/2025\\\/06\\\/03\\\/doenca-respiratoria-mata-mais-de-80-pessoas-no-maranhao-e-demanda-cuidados-especiais-com-a-saude\\\/\"},\"author\":{\"name\":\"maranhaotv\",\"@id\":\"https:\\\/\\\/maranhaotv.com.br\\\/#\\\/schema\\\/person\\\/3d54238e86b20bb5c89ab2fdb8f8829a\"},\"headline\":\"Doen\u00e7a respirat\u00f3ria mata mais de 80 pessoas no Maranh\u00e3o e demanda cuidados especiais com a sa\u00fade\",\"datePublished\":\"2025-06-03T13:46:49+00:00\",\"mainEntityOfPage\":{\"@id\":\"https:\\\/\\\/maranhaotv.com.br\\\/index.php\\\/2025\\\/06\\\/03\\\/doenca-respiratoria-mata-mais-de-80-pessoas-no-maranhao-e-demanda-cuidados-especiais-com-a-saude\\\/\"},\"wordCount\":558,\"publisher\":{\"@id\":\"https:\\\/\\\/maranhaotv.com.br\\\/#organization\"},\"image\":{\"@id\":\"https:\\\/\\\/maranhaotv.com.br\\\/index.php\\\/2025\\\/06\\\/03\\\/doenca-respiratoria-mata-mais-de-80-pessoas-no-maranhao-e-demanda-cuidados-especiais-com-a-saude\\\/#primaryimage\"},\"thumbnailUrl\":\"https:\\\/\\\/maranhaotv.com.br\\\/wp-content\\\/uploads\\\/2025\\\/06\\\/39d1543a-d445-422d-bfed-69d6480e6641-1.jpg\",\"articleSection\":[\"sa\u00fade\"],\"inLanguage\":\"pt-BR\"},{\"@type\":\"WebPage\",\"@id\":\"https:\\\/\\\/maranhaotv.com.br\\\/index.php\\\/2025\\\/06\\\/03\\\/doenca-respiratoria-mata-mais-de-80-pessoas-no-maranhao-e-demanda-cuidados-especiais-com-a-saude\\\/\",\"url\":\"https:\\\/\\\/maranhaotv.com.br\\\/index.php\\\/2025\\\/06\\\/03\\\/doenca-respiratoria-mata-mais-de-80-pessoas-no-maranhao-e-demanda-cuidados-especiais-com-a-saude\\\/\",\"name\":\"Doen\u00e7a respirat\u00f3ria mata mais de 80 pessoas no Maranh\u00e3o e demanda cuidados especiais com a sa\u00fade - NOT\u00cdCIAS EM TEMPO REAL\",\"isPartOf\":{\"@id\":\"https:\\\/\\\/maranhaotv.com.br\\\/#website\"},\"primaryImageOfPage\":{\"@id\":\"https:\\\/\\\/maranhaotv.com.br\\\/index.php\\\/2025\\\/06\\\/03\\\/doenca-respiratoria-mata-mais-de-80-pessoas-no-maranhao-e-demanda-cuidados-especiais-com-a-saude\\\/#primaryimage\"},\"image\":{\"@id\":\"https:\\\/\\\/maranhaotv.com.br\\\/index.php\\\/2025\\\/06\\\/03\\\/doenca-respiratoria-mata-mais-de-80-pessoas-no-maranhao-e-demanda-cuidados-especiais-com-a-saude\\\/#primaryimage\"},\"thumbnailUrl\":\"https:\\\/\\\/maranhaotv.com.br\\\/wp-content\\\/uploads\\\/2025\\\/06\\\/39d1543a-d445-422d-bfed-69d6480e6641-1.jpg\",\"datePublished\":\"2025-06-03T13:46:49+00:00\",\"breadcrumb\":{\"@id\":\"https:\\\/\\\/maranhaotv.com.br\\\/index.php\\\/2025\\\/06\\\/03\\\/doenca-respiratoria-mata-mais-de-80-pessoas-no-maranhao-e-demanda-cuidados-especiais-com-a-saude\\\/#breadcrumb\"},\"inLanguage\":\"pt-BR\",\"potentialAction\":[{\"@type\":\"ReadAction\",\"target\":[\"https:\\\/\\\/maranhaotv.com.br\\\/index.php\\\/2025\\\/06\\\/03\\\/doenca-respiratoria-mata-mais-de-80-pessoas-no-maranhao-e-demanda-cuidados-especiais-com-a-saude\\\/\"]}]},{\"@type\":\"ImageObject\",\"inLanguage\":\"pt-BR\",\"@id\":\"https:\\\/\\\/maranhaotv.com.br\\\/index.php\\\/2025\\\/06\\\/03\\\/doenca-respiratoria-mata-mais-de-80-pessoas-no-maranhao-e-demanda-cuidados-especiais-com-a-saude\\\/#primaryimage\",\"url\":\"https:\\\/\\\/maranhaotv.com.br\\\/wp-content\\\/uploads\\\/2025\\\/06\\\/39d1543a-d445-422d-bfed-69d6480e6641-1.jpg\",\"contentUrl\":\"https:\\\/\\\/maranhaotv.com.br\\\/wp-content\\\/uploads\\\/2025\\\/06\\\/39d1543a-d445-422d-bfed-69d6480e6641-1.jpg\",\"width\":780,\"height\":450},{\"@type\":\"BreadcrumbList\",\"@id\":\"https:\\\/\\\/maranhaotv.com.br\\\/index.php\\\/2025\\\/06\\\/03\\\/doenca-respiratoria-mata-mais-de-80-pessoas-no-maranhao-e-demanda-cuidados-especiais-com-a-saude\\\/#breadcrumb\",\"itemListElement\":[{\"@type\":\"ListItem\",\"position\":1,\"name\":\"In\u00edcio\",\"item\":\"https:\\\/\\\/maranhaotv.com.br\\\/\"},{\"@type\":\"ListItem\",\"position\":2,\"name\":\"Doen\u00e7a respirat\u00f3ria mata mais de 80 pessoas no Maranh\u00e3o e demanda cuidados especiais com a sa\u00fade\"}]},{\"@type\":\"WebSite\",\"@id\":\"https:\\\/\\\/maranhaotv.com.br\\\/#website\",\"url\":\"https:\\\/\\\/maranhaotv.com.br\\\/\",\"name\":\"Maranh\u00e3oTV\",\"description\":\"\",\"publisher\":{\"@id\":\"https:\\\/\\\/maranhaotv.com.br\\\/#organization\"},\"potentialAction\":[{\"@type\":\"SearchAction\",\"target\":{\"@type\":\"EntryPoint\",\"urlTemplate\":\"https:\\\/\\\/maranhaotv.com.br\\\/?s={search_term_string}\"},\"query-input\":{\"@type\":\"PropertyValueSpecification\",\"valueRequired\":true,\"valueName\":\"search_term_string\"}}],\"inLanguage\":\"pt-BR\"},{\"@type\":\"Organization\",\"@id\":\"https:\\\/\\\/maranhaotv.com.br\\\/#organization\",\"name\":\"Portal de Not\u00edcias\",\"url\":\"https:\\\/\\\/maranhaotv.com.br\\\/\",\"logo\":{\"@type\":\"ImageObject\",\"inLanguage\":\"pt-BR\",\"@id\":\"https:\\\/\\\/maranhaotv.com.br\\\/#\\\/schema\\\/logo\\\/image\\\/\",\"url\":\"https:\\\/\\\/maranhaotv.com.br\\\/wp-content\\\/uploads\\\/2024\\\/05\\\/cropped-cropped-avatar-1.png\",\"contentUrl\":\"https:\\\/\\\/maranhaotv.com.br\\\/wp-content\\\/uploads\\\/2024\\\/05\\\/cropped-cropped-avatar-1.png\",\"width\":792,\"height\":428,\"caption\":\"Portal de Not\u00edcias\"},\"image\":{\"@id\":\"https:\\\/\\\/maranhaotv.com.br\\\/#\\\/schema\\\/logo\\\/image\\\/\"},\"sameAs\":[\"https:\\\/\\\/www.facebook.com\\\/maiobaotv\",\"https:\\\/\\\/x.com\\\/sitemaranhaotv\",\"https:\\\/\\\/www.instagram.com\\\/maranhao.tv\",\"https:\\\/\\\/www.threads.net\\\/@maranhao.tv\"]},{\"@type\":\"Person\",\"@id\":\"https:\\\/\\\/maranhaotv.com.br\\\/#\\\/schema\\\/person\\\/3d54238e86b20bb5c89ab2fdb8f8829a\",\"name\":\"maranhaotv\",\"image\":{\"@type\":\"ImageObject\",\"inLanguage\":\"pt-BR\",\"@id\":\"https:\\\/\\\/secure.gravatar.com\\\/avatar\\\/8fadbca458d4cb68b1dd399ae9a40618d747bb1af65ac9fad21c89220a143eb4?s=96&d=mm&r=g\",\"url\":\"https:\\\/\\\/secure.gravatar.com\\\/avatar\\\/8fadbca458d4cb68b1dd399ae9a40618d747bb1af65ac9fad21c89220a143eb4?s=96&d=mm&r=g\",\"contentUrl\":\"https:\\\/\\\/secure.gravatar.com\\\/avatar\\\/8fadbca458d4cb68b1dd399ae9a40618d747bb1af65ac9fad21c89220a143eb4?s=96&d=mm&r=g\",\"caption\":\"maranhaotv\"},\"sameAs\":[\"https:\\\/\\\/maranhaotv.com.br\\\/\"],\"url\":\"https:\\\/\\\/maranhaotv.com.br\\\/index.php\\\/author\\\/maranhaotv\\\/\"}]}<\/script>\n<!-- \/ Yoast SEO plugin. -->","yoast_head_json":{"title":"Doen\u00e7a respirat\u00f3ria mata mais de 80 pessoas no Maranh\u00e3o e demanda cuidados especiais com a sa\u00fade - NOT\u00cdCIAS EM TEMPO REAL","robots":{"index":"index","follow":"follow","max-snippet":"max-snippet:-1","max-image-preview":"max-image-preview:large","max-video-preview":"max-video-preview:-1"},"canonical":"https:\/\/maranhaotv.com.br\/index.php\/2025\/06\/03\/doenca-respiratoria-mata-mais-de-80-pessoas-no-maranhao-e-demanda-cuidados-especiais-com-a-saude\/","og_locale":"pt_BR","og_type":"article","og_title":"Doen\u00e7a respirat\u00f3ria mata mais de 80 pessoas no Maranh\u00e3o e demanda cuidados especiais com a sa\u00fade - NOT\u00cdCIAS EM TEMPO REAL","og_description":"_Especialistas apontam os ch\u00e1s e alimentos regionais como aliados na recupera\u00e7\u00e3o da gripe. Febre alta, tosse persistente e dificuldade para","og_url":"https:\/\/maranhaotv.com.br\/index.php\/2025\/06\/03\/doenca-respiratoria-mata-mais-de-80-pessoas-no-maranhao-e-demanda-cuidados-especiais-com-a-saude\/","og_site_name":"NOT\u00cdCIAS EM TEMPO REAL","article_publisher":"https:\/\/www.facebook.com\/maiobaotv","article_published_time":"2025-06-03T13:46:49+00:00","og_image":[{"width":780,"height":450,"url":"https:\/\/maranhaotv.com.br\/wp-content\/uploads\/2025\/06\/39d1543a-d445-422d-bfed-69d6480e6641-1.jpg","type":"image\/jpeg"}],"author":"maranhaotv","twitter_card":"summary_large_image","twitter_creator":"@sitemaranhaotv","twitter_site":"@sitemaranhaotv","twitter_misc":{"Escrito por":"maranhaotv","Est. tempo de leitura":"3 minutos"},"schema":{"@context":"https:\/\/schema.org","@graph":[{"@type":"Article","@id":"https:\/\/maranhaotv.com.br\/index.php\/2025\/06\/03\/doenca-respiratoria-mata-mais-de-80-pessoas-no-maranhao-e-demanda-cuidados-especiais-com-a-saude\/#article","isPartOf":{"@id":"https:\/\/maranhaotv.com.br\/index.php\/2025\/06\/03\/doenca-respiratoria-mata-mais-de-80-pessoas-no-maranhao-e-demanda-cuidados-especiais-com-a-saude\/"},"author":{"name":"maranhaotv","@id":"https:\/\/maranhaotv.com.br\/#\/schema\/person\/3d54238e86b20bb5c89ab2fdb8f8829a"},"headline":"Doen\u00e7a respirat\u00f3ria mata mais de 80 pessoas no Maranh\u00e3o e demanda cuidados especiais com a sa\u00fade","datePublished":"2025-06-03T13:46:49+00:00","mainEntityOfPage":{"@id":"https:\/\/maranhaotv.com.br\/index.php\/2025\/06\/03\/doenca-respiratoria-mata-mais-de-80-pessoas-no-maranhao-e-demanda-cuidados-especiais-com-a-saude\/"},"wordCount":558,"publisher":{"@id":"https:\/\/maranhaotv.com.br\/#organization"},"image":{"@id":"https:\/\/maranhaotv.com.br\/index.php\/2025\/06\/03\/doenca-respiratoria-mata-mais-de-80-pessoas-no-maranhao-e-demanda-cuidados-especiais-com-a-saude\/#primaryimage"},"thumbnailUrl":"https:\/\/maranhaotv.com.br\/wp-content\/uploads\/2025\/06\/39d1543a-d445-422d-bfed-69d6480e6641-1.jpg","articleSection":["sa\u00fade"],"inLanguage":"pt-BR"},{"@type":"WebPage","@id":"https:\/\/maranhaotv.com.br\/index.php\/2025\/06\/03\/doenca-respiratoria-mata-mais-de-80-pessoas-no-maranhao-e-demanda-cuidados-especiais-com-a-saude\/","url":"https:\/\/maranhaotv.com.br\/index.php\/2025\/06\/03\/doenca-respiratoria-mata-mais-de-80-pessoas-no-maranhao-e-demanda-cuidados-especiais-com-a-saude\/","name":"Doen\u00e7a respirat\u00f3ria mata mais de 80 pessoas no Maranh\u00e3o e demanda cuidados especiais com a sa\u00fade - NOT\u00cdCIAS EM TEMPO REAL","isPartOf":{"@id":"https:\/\/maranhaotv.com.br\/#website"},"primaryImageOfPage":{"@id":"https:\/\/maranhaotv.com.br\/index.php\/2025\/06\/03\/doenca-respiratoria-mata-mais-de-80-pessoas-no-maranhao-e-demanda-cuidados-especiais-com-a-saude\/#primaryimage"},"image":{"@id":"https:\/\/maranhaotv.com.br\/index.php\/2025\/06\/03\/doenca-respiratoria-mata-mais-de-80-pessoas-no-maranhao-e-demanda-cuidados-especiais-com-a-saude\/#primaryimage"},"thumbnailUrl":"https:\/\/maranhaotv.com.br\/wp-content\/uploads\/2025\/06\/39d1543a-d445-422d-bfed-69d6480e6641-1.jpg","datePublished":"2025-06-03T13:46:49+00:00","breadcrumb":{"@id":"https:\/\/maranhaotv.com.br\/index.php\/2025\/06\/03\/doenca-respiratoria-mata-mais-de-80-pessoas-no-maranhao-e-demanda-cuidados-especiais-com-a-saude\/#breadcrumb"},"inLanguage":"pt-BR","potentialAction":[{"@type":"ReadAction","target":["https:\/\/maranhaotv.com.br\/index.php\/2025\/06\/03\/doenca-respiratoria-mata-mais-de-80-pessoas-no-maranhao-e-demanda-cuidados-especiais-com-a-saude\/"]}]},{"@type":"ImageObject","inLanguage":"pt-BR","@id":"https:\/\/maranhaotv.com.br\/index.php\/2025\/06\/03\/doenca-respiratoria-mata-mais-de-80-pessoas-no-maranhao-e-demanda-cuidados-especiais-com-a-saude\/#primaryimage","url":"https:\/\/maranhaotv.com.br\/wp-content\/uploads\/2025\/06\/39d1543a-d445-422d-bfed-69d6480e6641-1.jpg","contentUrl":"https:\/\/maranhaotv.com.br\/wp-content\/uploads\/2025\/06\/39d1543a-d445-422d-bfed-69d6480e6641-1.jpg","width":780,"height":450},{"@type":"BreadcrumbList","@id":"https:\/\/maranhaotv.com.br\/index.php\/2025\/06\/03\/doenca-respiratoria-mata-mais-de-80-pessoas-no-maranhao-e-demanda-cuidados-especiais-com-a-saude\/#breadcrumb","itemListElement":[{"@type":"ListItem","position":1,"name":"In\u00edcio","item":"https:\/\/maranhaotv.com.br\/"},{"@type":"ListItem","position":2,"name":"Doen\u00e7a respirat\u00f3ria mata mais de 80 pessoas no Maranh\u00e3o e demanda cuidados especiais com a sa\u00fade"}]},{"@type":"WebSite","@id":"https:\/\/maranhaotv.com.br\/#website","url":"https:\/\/maranhaotv.com.br\/","name":"Maranh\u00e3oTV","description":"","publisher":{"@id":"https:\/\/maranhaotv.com.br\/#organization"},"potentialAction":[{"@type":"SearchAction","target":{"@type":"EntryPoint","urlTemplate":"https:\/\/maranhaotv.com.br\/?s={search_term_string}"},"query-input":{"@type":"PropertyValueSpecification","valueRequired":true,"valueName":"search_term_string"}}],"inLanguage":"pt-BR"},{"@type":"Organization","@id":"https:\/\/maranhaotv.com.br\/#organization","name":"Portal de Not\u00edcias","url":"https:\/\/maranhaotv.com.br\/","logo":{"@type":"ImageObject","inLanguage":"pt-BR","@id":"https:\/\/maranhaotv.com.br\/#\/schema\/logo\/image\/","url":"https:\/\/maranhaotv.com.br\/wp-content\/uploads\/2024\/05\/cropped-cropped-avatar-1.png","contentUrl":"https:\/\/maranhaotv.com.br\/wp-content\/uploads\/2024\/05\/cropped-cropped-avatar-1.png","width":792,"height":428,"caption":"Portal de Not\u00edcias"},"image":{"@id":"https:\/\/maranhaotv.com.br\/#\/schema\/logo\/image\/"},"sameAs":["https:\/\/www.facebook.com\/maiobaotv","https:\/\/x.com\/sitemaranhaotv","https:\/\/www.instagram.com\/maranhao.tv","https:\/\/www.threads.net\/@maranhao.tv"]},{"@type":"Person","@id":"https:\/\/maranhaotv.com.br\/#\/schema\/person\/3d54238e86b20bb5c89ab2fdb8f8829a","name":"maranhaotv","image":{"@type":"ImageObject","inLanguage":"pt-BR","@id":"https:\/\/secure.gravatar.com\/avatar\/8fadbca458d4cb68b1dd399ae9a40618d747bb1af65ac9fad21c89220a143eb4?s=96&d=mm&r=g","url":"https:\/\/secure.gravatar.com\/avatar\/8fadbca458d4cb68b1dd399ae9a40618d747bb1af65ac9fad21c89220a143eb4?s=96&d=mm&r=g","contentUrl":"https:\/\/secure.gravatar.com\/avatar\/8fadbca458d4cb68b1dd399ae9a40618d747bb1af65ac9fad21c89220a143eb4?s=96&d=mm&r=g","caption":"maranhaotv"},"sameAs":["https:\/\/maranhaotv.com.br\/"],"url":"https:\/\/maranhaotv.com.br\/index.php\/author\/maranhaotv\/"}]}},"jetpack_featured_media_url":"https:\/\/maranhaotv.com.br\/wp-content\/uploads\/2025\/06\/39d1543a-d445-422d-bfed-69d6480e6641-1.jpg","jetpack_sharing_enabled":true,"_links":{"self":[{"href":"https:\/\/maranhaotv.com.br\/index.php\/wp-json\/wp\/v2\/posts\/42528","targetHints":{"allow":["GET"]}}],"collection":[{"href":"https:\/\/maranhaotv.com.br\/index.php\/wp-json\/wp\/v2\/posts"}],"about":[{"href":"https:\/\/maranhaotv.com.br\/index.php\/wp-json\/wp\/v2\/types\/post"}],"author":[{"embeddable":true,"href":"https:\/\/maranhaotv.com.br\/index.php\/wp-json\/wp\/v2\/users\/2"}],"replies":[{"embeddable":true,"href":"https:\/\/maranhaotv.com.br\/index.php\/wp-json\/wp\/v2\/comments?post=42528"}],"version-history":[{"count":1,"href":"https:\/\/maranhaotv.com.br\/index.php\/wp-json\/wp\/v2\/posts\/42528\/revisions"}],"predecessor-version":[{"id":42529,"href":"https:\/\/maranhaotv.com.br\/index.php\/wp-json\/wp\/v2\/posts\/42528\/revisions\/42529"}],"wp:featuredmedia":[{"embeddable":true,"href":"https:\/\/maranhaotv.com.br\/index.php\/wp-json\/wp\/v2\/media\/42527"}],"wp:attachment":[{"href":"https:\/\/maranhaotv.com.br\/index.php\/wp-json\/wp\/v2\/media?parent=42528"}],"wp:term":[{"taxonomy":"category","embeddable":true,"href":"https:\/\/maranhaotv.com.br\/index.php\/wp-json\/wp\/v2\/categories?post=42528"},{"taxonomy":"post_tag","embeddable":true,"href":"https:\/\/maranhaotv.com.br\/index.php\/wp-json\/wp\/v2\/tags?post=42528"}],"curies":[{"name":"wp","href":"https:\/\/api.w.org\/{rel}","templated":true}]}}