{"id":42545,"date":"2025-06-03T18:59:13","date_gmt":"2025-06-03T21:59:13","guid":{"rendered":"https:\/\/maranhaotv.com.br\/?p=42545"},"modified":"2025-06-03T18:59:31","modified_gmt":"2025-06-03T21:59:31","slug":"fred-campos-entrega-novo-nucleo-do-educapaco-homenageia-o-vereador-jorge-maru-e-reforca-compromisso-com-a-educacao-em-paco-do-lumiar","status":"publish","type":"post","link":"https:\/\/maranhaotv.com.br\/index.php\/2025\/06\/03\/fred-campos-entrega-novo-nucleo-do-educapaco-homenageia-o-vereador-jorge-maru-e-reforca-compromisso-com-a-educacao-em-paco-do-lumiar\/","title":{"rendered":"Fred Campos entrega novo N\u00facleo do EducaPa\u00e7o, homenageia o Vereador Jorge Maru e refor\u00e7a compromisso com a educa\u00e7\u00e3o em Pa\u00e7o do Lumiar."},"content":{"rendered":"\n<p><br>O prefeito Fred Campos segue transformando a educa\u00e7\u00e3o em Pa\u00e7o do Lumiar. Nesta ter\u00e7a-feira (03), ele entregou \u00e0 popula\u00e7\u00e3o o N\u00facleo Pedag\u00f3gico Vereador Jorge Maru, localizado no bairro Vila Nazar\u00e9. O espa\u00e7o faz parte do programa EducaPa\u00e7o e vai atender at\u00e9 560 alunos por semana, com aulas de refor\u00e7o e atividades pedag\u00f3gicas complementares.<br>Constru\u00eddo com estrutura moderna e acolhedora, o n\u00facleo conta com cinco salas de aula, Cantinho de Leitura, cozinha, banheiros adaptados (masculino, feminino e PCD) e uma Sala de Gest\u00e3o. As aulas oferecidas incluem Portugu\u00eas, Matem\u00e1tica, M\u00fasica, Educa\u00e7\u00e3o Ambiental e Educa\u00e7\u00e3o Patrimonial, promovendo o desenvolvimento integral dos estudantes.<br>A entrega oficial contou com a presen\u00e7a de vereadores, do secret\u00e1rio de Educa\u00e7\u00e3o, professor F\u00e1bio Henrique, e da fam\u00edlia do saudoso vereador Jorge Maru, que d\u00e1 nome ao espa\u00e7o como forma de reconhecimento \u00e0 sua hist\u00f3ria de servi\u00e7o ao povo luminense.<br>\u201cCada entrega como essa \u00e9 uma afirma\u00e7\u00e3o do nosso compromisso com a educa\u00e7\u00e3o. Estamos investindo nas nossas crian\u00e7as, no presente e no futuro de Pa\u00e7o do Lumiar. O nome do vereador Jorge Maru eterniza aqui uma trajet\u00f3ria de amor pelo nosso povo,\u201d destacou o prefeito Fred Campos.<br>A coordenadora do n\u00facleo, professora Lucy Oliveira, iniciou as atividades no local desde o dia 29 de abril. Segundo ela, o espa\u00e7o j\u00e1 tem feito a diferen\u00e7a na vida dos alunos da regi\u00e3o.<br>A emo\u00e7\u00e3o tomou conta da senhora Josy Braga, esposa do vereador Jorge Maru:<br>\u201c\u00c9 um orgulho ver o nome do meu marido em um espa\u00e7o que vai ajudar tantas crian\u00e7as. Ele sempre acreditou no poder da educa\u00e7\u00e3o e da transforma\u00e7\u00e3o social,\u201d afirmou.<br>A pequena Tatiana, de 10 anos, que j\u00e1 participa das aulas, tamb\u00e9m falou com entusiasmo:<br>\u201cEu gosto muito de vir pra c\u00e1! A aula de m\u00fasica \u00e9 legal e o cantinho de leitura \u00e9 meu lugar favorito. Aqui \u00e9 divertido e eu aprendo muito!\u201d<br>Com mais essa entrega, a gest\u00e3o de Fred Campos reafirma que educa\u00e7\u00e3o \u00e9 prioridade em Pa\u00e7o do Lumiar \u2014 com investimentos que saem do papel e chegam diretamente \u00e0 vida das pessoas.<\/p>\n\n\n\n<figure class=\"wp-block-image size-large\"><img loading=\"lazy\" decoding=\"async\" width=\"1024\" height=\"682\" src=\"https:\/\/maranhaotv.com.br\/wp-content\/uploads\/2025\/06\/img-20250603-wa05127401003159149798516-1024x682.jpg\" alt=\"\" class=\"wp-image-42541\" srcset=\"https:\/\/maranhaotv.com.br\/wp-content\/uploads\/2025\/06\/img-20250603-wa05127401003159149798516-1024x682.jpg 1024w, https:\/\/maranhaotv.com.br\/wp-content\/uploads\/2025\/06\/img-20250603-wa05127401003159149798516-300x200.jpg 300w, https:\/\/maranhaotv.com.br\/wp-content\/uploads\/2025\/06\/img-20250603-wa05127401003159149798516-768x512.jpg 768w, https:\/\/maranhaotv.com.br\/wp-content\/uploads\/2025\/06\/img-20250603-wa05127401003159149798516-1536x1023.jpg 1536w, https:\/\/maranhaotv.com.br\/wp-content\/uploads\/2025\/06\/img-20250603-wa05127401003159149798516.jpg 1600w\" sizes=\"auto, (max-width: 1024px) 100vw, 1024px\" \/><\/figure>\n\n\n\n<figure class=\"wp-block-image\"><img loading=\"lazy\" decoding=\"async\" width=\"1024\" height=\"721\" src=\"https:\/\/maranhaotv.com.br\/wp-content\/uploads\/2025\/06\/img-20250603-wa05158026024123572154021-1024x721.jpg\" alt=\"\" class=\"wp-image-42540\" srcset=\"https:\/\/maranhaotv.com.br\/wp-content\/uploads\/2025\/06\/img-20250603-wa05158026024123572154021-1024x721.jpg 1024w, https:\/\/maranhaotv.com.br\/wp-content\/uploads\/2025\/06\/img-20250603-wa05158026024123572154021-300x211.jpg 300w, https:\/\/maranhaotv.com.br\/wp-content\/uploads\/2025\/06\/img-20250603-wa05158026024123572154021-768x540.jpg 768w, https:\/\/maranhaotv.com.br\/wp-content\/uploads\/2025\/06\/img-20250603-wa05158026024123572154021-1536x1081.jpg 1536w, https:\/\/maranhaotv.com.br\/wp-content\/uploads\/2025\/06\/img-20250603-wa05158026024123572154021.jpg 1600w\" sizes=\"auto, (max-width: 1024px) 100vw, 1024px\" \/><\/figure>\n\n\n\n<figure class=\"wp-block-image\"><img loading=\"lazy\" decoding=\"async\" width=\"1024\" height=\"682\" src=\"https:\/\/maranhaotv.com.br\/wp-content\/uploads\/2025\/06\/img-20250603-wa05146065443655576685211-1024x682.jpg\" alt=\"\" class=\"wp-image-42542\" srcset=\"https:\/\/maranhaotv.com.br\/wp-content\/uploads\/2025\/06\/img-20250603-wa05146065443655576685211-1024x682.jpg 1024w, https:\/\/maranhaotv.com.br\/wp-content\/uploads\/2025\/06\/img-20250603-wa05146065443655576685211-300x200.jpg 300w, https:\/\/maranhaotv.com.br\/wp-content\/uploads\/2025\/06\/img-20250603-wa05146065443655576685211-768x512.jpg 768w, https:\/\/maranhaotv.com.br\/wp-content\/uploads\/2025\/06\/img-20250603-wa05146065443655576685211-1536x1023.jpg 1536w, https:\/\/maranhaotv.com.br\/wp-content\/uploads\/2025\/06\/img-20250603-wa05146065443655576685211.jpg 1600w\" sizes=\"auto, (max-width: 1024px) 100vw, 1024px\" \/><\/figure>\n\n\n\n<figure class=\"wp-block-image\"><img loading=\"lazy\" decoding=\"async\" width=\"1024\" height=\"682\" src=\"https:\/\/maranhaotv.com.br\/wp-content\/uploads\/2025\/06\/img-20250603-wa0511201387080598509950-1024x682.jpg\" alt=\"\" class=\"wp-image-42539\" srcset=\"https:\/\/maranhaotv.com.br\/wp-content\/uploads\/2025\/06\/img-20250603-wa0511201387080598509950-1024x682.jpg 1024w, https:\/\/maranhaotv.com.br\/wp-content\/uploads\/2025\/06\/img-20250603-wa0511201387080598509950-300x200.jpg 300w, https:\/\/maranhaotv.com.br\/wp-content\/uploads\/2025\/06\/img-20250603-wa0511201387080598509950-768x512.jpg 768w, https:\/\/maranhaotv.com.br\/wp-content\/uploads\/2025\/06\/img-20250603-wa0511201387080598509950-1536x1023.jpg 1536w, https:\/\/maranhaotv.com.br\/wp-content\/uploads\/2025\/06\/img-20250603-wa0511201387080598509950.jpg 1600w\" sizes=\"auto, (max-width: 1024px) 100vw, 1024px\" \/><\/figure>\n\n\n\n<figure class=\"wp-block-image\"><img loading=\"lazy\" decoding=\"async\" width=\"1024\" height=\"682\" src=\"https:\/\/maranhaotv.com.br\/wp-content\/uploads\/2025\/06\/img-20250603-wa05104109413328204891066-1024x682.jpg\" alt=\"\" class=\"wp-image-42543\" srcset=\"https:\/\/maranhaotv.com.br\/wp-content\/uploads\/2025\/06\/img-20250603-wa05104109413328204891066-1024x682.jpg 1024w, https:\/\/maranhaotv.com.br\/wp-content\/uploads\/2025\/06\/img-20250603-wa05104109413328204891066-300x200.jpg 300w, https:\/\/maranhaotv.com.br\/wp-content\/uploads\/2025\/06\/img-20250603-wa05104109413328204891066-768x512.jpg 768w, https:\/\/maranhaotv.com.br\/wp-content\/uploads\/2025\/06\/img-20250603-wa05104109413328204891066-1536x1023.jpg 1536w, https:\/\/maranhaotv.com.br\/wp-content\/uploads\/2025\/06\/img-20250603-wa05104109413328204891066.jpg 1600w\" sizes=\"auto, (max-width: 1024px) 100vw, 1024px\" \/><\/figure>\n\n\n\n<p><\/p>\n","protected":false},"excerpt":{"rendered":"<p>O prefeito Fred Campos segue transformando a educa\u00e7\u00e3o em Pa\u00e7o do Lumiar. Nesta ter\u00e7a-feira (03), ele entregou \u00e0 popula\u00e7\u00e3o o<\/p>\n","protected":false},"author":2,"featured_media":42544,"comment_status":"open","ping_status":"open","sticky":false,"template":"","format":"standard","meta":{"colormag_page_container_layout":"default_layout","colormag_page_sidebar_layout":"default_layout","_jetpack_memberships_contains_paid_content":false,"footnotes":""},"categories":[11],"tags":[],"class_list":["post-42545","post","type-post","status-publish","format-standard","has-post-thumbnail","hentry","category-educacao"],"magazineBlocksPostFeaturedMedia":{"thumbnail":"https:\/\/maranhaotv.com.br\/wp-content\/uploads\/2025\/06\/IMG-20250603-WA0513-150x150.jpg","medium":"https:\/\/maranhaotv.com.br\/wp-content\/uploads\/2025\/06\/IMG-20250603-WA0513-300x200.jpg","medium_large":"https:\/\/maranhaotv.com.br\/wp-content\/uploads\/2025\/06\/IMG-20250603-WA0513-768x512.jpg","large":"https:\/\/maranhaotv.com.br\/wp-content\/uploads\/2025\/06\/IMG-20250603-WA0513-1024x682.jpg","1536x1536":"https:\/\/maranhaotv.com.br\/wp-content\/uploads\/2025\/06\/IMG-20250603-WA0513-1536x1023.jpg","2048x2048":"https:\/\/maranhaotv.com.br\/wp-content\/uploads\/2025\/06\/IMG-20250603-WA0513.jpg","colormag-highlighted-post":"https:\/\/maranhaotv.com.br\/wp-content\/uploads\/2025\/06\/IMG-20250603-WA0513-392x272.jpg","colormag-featured-post-medium":"https:\/\/maranhaotv.com.br\/wp-content\/uploads\/2025\/06\/IMG-20250603-WA0513-390x205.jpg","colormag-featured-post-small":"https:\/\/maranhaotv.com.br\/wp-content\/uploads\/2025\/06\/IMG-20250603-WA0513-130x90.jpg","colormag-featured-image":"https:\/\/maranhaotv.com.br\/wp-content\/uploads\/2025\/06\/IMG-20250603-WA0513-800x445.jpg","colormag-default-news":"https:\/\/maranhaotv.com.br\/wp-content\/uploads\/2025\/06\/IMG-20250603-WA0513-150x150.jpg","colormag-featured-image-large":"https:\/\/maranhaotv.com.br\/wp-content\/uploads\/2025\/06\/IMG-20250603-WA0513-1400x600.jpg"},"magazineBlocksPostAuthor":{"name":"maranhaotv","avatar":"https:\/\/secure.gravatar.com\/avatar\/8fadbca458d4cb68b1dd399ae9a40618d747bb1af65ac9fad21c89220a143eb4?s=96&d=mm&r=g"},"magazineBlocksPostCommentsNumber":"0","magazineBlocksPostExcerpt":"O prefeito Fred Campos segue transformando a educa\u00e7\u00e3o em Pa\u00e7o do Lumiar. Nesta ter\u00e7a-feira (03), ele entregou \u00e0 popula\u00e7\u00e3o o","magazineBlocksPostCategories":["educa\u00e7\u00e3o"],"magazineBlocksPostViewCount":367,"magazineBlocksPostReadTime":2,"magazine_blocks_featured_image_url":{"full":["https:\/\/maranhaotv.com.br\/wp-content\/uploads\/2025\/06\/IMG-20250603-WA0513.jpg",1600,1066,false],"medium":["https:\/\/maranhaotv.com.br\/wp-content\/uploads\/2025\/06\/IMG-20250603-WA0513-300x200.jpg",300,200,true],"thumbnail":["https:\/\/maranhaotv.com.br\/wp-content\/uploads\/2025\/06\/IMG-20250603-WA0513-150x150.jpg",150,150,true]},"magazine_blocks_author":{"display_name":"maranhaotv","author_link":"https:\/\/maranhaotv.com.br\/index.php\/author\/maranhaotv\/"},"magazine_blocks_comment":0,"magazine_blocks_author_image":"https:\/\/secure.gravatar.com\/avatar\/8fadbca458d4cb68b1dd399ae9a40618d747bb1af65ac9fad21c89220a143eb4?s=96&d=mm&r=g","magazine_blocks_category":"<a href=\"#\" class=\"category-link category-link-11\">educa\u00e7\u00e3o<\/a>","yoast_head":"<!-- This site is optimized with the Yoast SEO plugin v27.4 - https:\/\/yoast.com\/product\/yoast-seo-wordpress\/ -->\n<title>Fred Campos entrega novo N\u00facleo do EducaPa\u00e7o, homenageia o Vereador Jorge Maru e refor\u00e7a compromisso com a educa\u00e7\u00e3o em Pa\u00e7o do Lumiar. - NOT\u00cdCIAS EM TEMPO REAL<\/title>\n<meta name=\"robots\" content=\"index, follow, max-snippet:-1, max-image-preview:large, max-video-preview:-1\" \/>\n<link rel=\"canonical\" href=\"https:\/\/maranhaotv.com.br\/index.php\/2025\/06\/03\/fred-campos-entrega-novo-nucleo-do-educapaco-homenageia-o-vereador-jorge-maru-e-reforca-compromisso-com-a-educacao-em-paco-do-lumiar\/\" \/>\n<meta property=\"og:locale\" content=\"pt_BR\" \/>\n<meta property=\"og:type\" content=\"article\" \/>\n<meta property=\"og:title\" content=\"Fred Campos entrega novo N\u00facleo do EducaPa\u00e7o, homenageia o Vereador Jorge Maru e refor\u00e7a compromisso com a educa\u00e7\u00e3o em Pa\u00e7o do Lumiar. - NOT\u00cdCIAS EM TEMPO REAL\" \/>\n<meta property=\"og:description\" content=\"O prefeito Fred Campos segue transformando a educa\u00e7\u00e3o em Pa\u00e7o do Lumiar. Nesta ter\u00e7a-feira (03), ele entregou \u00e0 popula\u00e7\u00e3o o\" \/>\n<meta property=\"og:url\" content=\"https:\/\/maranhaotv.com.br\/index.php\/2025\/06\/03\/fred-campos-entrega-novo-nucleo-do-educapaco-homenageia-o-vereador-jorge-maru-e-reforca-compromisso-com-a-educacao-em-paco-do-lumiar\/\" \/>\n<meta property=\"og:site_name\" content=\"NOT\u00cdCIAS EM TEMPO REAL\" \/>\n<meta property=\"article:publisher\" content=\"https:\/\/www.facebook.com\/maiobaotv\" \/>\n<meta property=\"article:published_time\" content=\"2025-06-03T21:59:13+00:00\" \/>\n<meta property=\"article:modified_time\" content=\"2025-06-03T21:59:31+00:00\" \/>\n<meta property=\"og:image\" content=\"https:\/\/maranhaotv.com.br\/wp-content\/uploads\/2025\/06\/IMG-20250603-WA0513.jpg\" \/>\n\t<meta property=\"og:image:width\" content=\"1600\" \/>\n\t<meta property=\"og:image:height\" content=\"1066\" \/>\n\t<meta property=\"og:image:type\" content=\"image\/jpeg\" \/>\n<meta name=\"author\" content=\"maranhaotv\" \/>\n<meta name=\"twitter:card\" content=\"summary_large_image\" \/>\n<meta name=\"twitter:creator\" content=\"@sitemaranhaotv\" \/>\n<meta name=\"twitter:site\" content=\"@sitemaranhaotv\" \/>\n<meta name=\"twitter:label1\" content=\"Escrito por\" \/>\n\t<meta name=\"twitter:data1\" content=\"maranhaotv\" \/>\n\t<meta name=\"twitter:label2\" content=\"Est. tempo de leitura\" \/>\n\t<meta name=\"twitter:data2\" content=\"2 minutos\" \/>\n<script type=\"application\/ld+json\" class=\"yoast-schema-graph\">{\"@context\":\"https:\\\/\\\/schema.org\",\"@graph\":[{\"@type\":\"Article\",\"@id\":\"https:\\\/\\\/maranhaotv.com.br\\\/index.php\\\/2025\\\/06\\\/03\\\/fred-campos-entrega-novo-nucleo-do-educapaco-homenageia-o-vereador-jorge-maru-e-reforca-compromisso-com-a-educacao-em-paco-do-lumiar\\\/#article\",\"isPartOf\":{\"@id\":\"https:\\\/\\\/maranhaotv.com.br\\\/index.php\\\/2025\\\/06\\\/03\\\/fred-campos-entrega-novo-nucleo-do-educapaco-homenageia-o-vereador-jorge-maru-e-reforca-compromisso-com-a-educacao-em-paco-do-lumiar\\\/\"},\"author\":{\"name\":\"maranhaotv\",\"@id\":\"https:\\\/\\\/maranhaotv.com.br\\\/#\\\/schema\\\/person\\\/3d54238e86b20bb5c89ab2fdb8f8829a\"},\"headline\":\"Fred Campos entrega novo N\u00facleo do EducaPa\u00e7o, homenageia o Vereador Jorge Maru e refor\u00e7a compromisso com a educa\u00e7\u00e3o em Pa\u00e7o do Lumiar.\",\"datePublished\":\"2025-06-03T21:59:13+00:00\",\"dateModified\":\"2025-06-03T21:59:31+00:00\",\"mainEntityOfPage\":{\"@id\":\"https:\\\/\\\/maranhaotv.com.br\\\/index.php\\\/2025\\\/06\\\/03\\\/fred-campos-entrega-novo-nucleo-do-educapaco-homenageia-o-vereador-jorge-maru-e-reforca-compromisso-com-a-educacao-em-paco-do-lumiar\\\/\"},\"wordCount\":397,\"commentCount\":0,\"publisher\":{\"@id\":\"https:\\\/\\\/maranhaotv.com.br\\\/#organization\"},\"image\":{\"@id\":\"https:\\\/\\\/maranhaotv.com.br\\\/index.php\\\/2025\\\/06\\\/03\\\/fred-campos-entrega-novo-nucleo-do-educapaco-homenageia-o-vereador-jorge-maru-e-reforca-compromisso-com-a-educacao-em-paco-do-lumiar\\\/#primaryimage\"},\"thumbnailUrl\":\"https:\\\/\\\/maranhaotv.com.br\\\/wp-content\\\/uploads\\\/2025\\\/06\\\/IMG-20250603-WA0513.jpg\",\"articleSection\":[\"educa\u00e7\u00e3o\"],\"inLanguage\":\"pt-BR\",\"potentialAction\":[{\"@type\":\"CommentAction\",\"name\":\"Comment\",\"target\":[\"https:\\\/\\\/maranhaotv.com.br\\\/index.php\\\/2025\\\/06\\\/03\\\/fred-campos-entrega-novo-nucleo-do-educapaco-homenageia-o-vereador-jorge-maru-e-reforca-compromisso-com-a-educacao-em-paco-do-lumiar\\\/#respond\"]}]},{\"@type\":\"WebPage\",\"@id\":\"https:\\\/\\\/maranhaotv.com.br\\\/index.php\\\/2025\\\/06\\\/03\\\/fred-campos-entrega-novo-nucleo-do-educapaco-homenageia-o-vereador-jorge-maru-e-reforca-compromisso-com-a-educacao-em-paco-do-lumiar\\\/\",\"url\":\"https:\\\/\\\/maranhaotv.com.br\\\/index.php\\\/2025\\\/06\\\/03\\\/fred-campos-entrega-novo-nucleo-do-educapaco-homenageia-o-vereador-jorge-maru-e-reforca-compromisso-com-a-educacao-em-paco-do-lumiar\\\/\",\"name\":\"Fred Campos entrega novo N\u00facleo do EducaPa\u00e7o, homenageia o Vereador Jorge Maru e refor\u00e7a compromisso com a educa\u00e7\u00e3o em Pa\u00e7o do Lumiar. - NOT\u00cdCIAS EM TEMPO REAL\",\"isPartOf\":{\"@id\":\"https:\\\/\\\/maranhaotv.com.br\\\/#website\"},\"primaryImageOfPage\":{\"@id\":\"https:\\\/\\\/maranhaotv.com.br\\\/index.php\\\/2025\\\/06\\\/03\\\/fred-campos-entrega-novo-nucleo-do-educapaco-homenageia-o-vereador-jorge-maru-e-reforca-compromisso-com-a-educacao-em-paco-do-lumiar\\\/#primaryimage\"},\"image\":{\"@id\":\"https:\\\/\\\/maranhaotv.com.br\\\/index.php\\\/2025\\\/06\\\/03\\\/fred-campos-entrega-novo-nucleo-do-educapaco-homenageia-o-vereador-jorge-maru-e-reforca-compromisso-com-a-educacao-em-paco-do-lumiar\\\/#primaryimage\"},\"thumbnailUrl\":\"https:\\\/\\\/maranhaotv.com.br\\\/wp-content\\\/uploads\\\/2025\\\/06\\\/IMG-20250603-WA0513.jpg\",\"datePublished\":\"2025-06-03T21:59:13+00:00\",\"dateModified\":\"2025-06-03T21:59:31+00:00\",\"breadcrumb\":{\"@id\":\"https:\\\/\\\/maranhaotv.com.br\\\/index.php\\\/2025\\\/06\\\/03\\\/fred-campos-entrega-novo-nucleo-do-educapaco-homenageia-o-vereador-jorge-maru-e-reforca-compromisso-com-a-educacao-em-paco-do-lumiar\\\/#breadcrumb\"},\"inLanguage\":\"pt-BR\",\"potentialAction\":[{\"@type\":\"ReadAction\",\"target\":[\"https:\\\/\\\/maranhaotv.com.br\\\/index.php\\\/2025\\\/06\\\/03\\\/fred-campos-entrega-novo-nucleo-do-educapaco-homenageia-o-vereador-jorge-maru-e-reforca-compromisso-com-a-educacao-em-paco-do-lumiar\\\/\"]}]},{\"@type\":\"ImageObject\",\"inLanguage\":\"pt-BR\",\"@id\":\"https:\\\/\\\/maranhaotv.com.br\\\/index.php\\\/2025\\\/06\\\/03\\\/fred-campos-entrega-novo-nucleo-do-educapaco-homenageia-o-vereador-jorge-maru-e-reforca-compromisso-com-a-educacao-em-paco-do-lumiar\\\/#primaryimage\",\"url\":\"https:\\\/\\\/maranhaotv.com.br\\\/wp-content\\\/uploads\\\/2025\\\/06\\\/IMG-20250603-WA0513.jpg\",\"contentUrl\":\"https:\\\/\\\/maranhaotv.com.br\\\/wp-content\\\/uploads\\\/2025\\\/06\\\/IMG-20250603-WA0513.jpg\",\"width\":1600,\"height\":1066},{\"@type\":\"BreadcrumbList\",\"@id\":\"https:\\\/\\\/maranhaotv.com.br\\\/index.php\\\/2025\\\/06\\\/03\\\/fred-campos-entrega-novo-nucleo-do-educapaco-homenageia-o-vereador-jorge-maru-e-reforca-compromisso-com-a-educacao-em-paco-do-lumiar\\\/#breadcrumb\",\"itemListElement\":[{\"@type\":\"ListItem\",\"position\":1,\"name\":\"In\u00edcio\",\"item\":\"https:\\\/\\\/maranhaotv.com.br\\\/\"},{\"@type\":\"ListItem\",\"position\":2,\"name\":\"Fred Campos entrega novo N\u00facleo do EducaPa\u00e7o, homenageia o Vereador Jorge Maru e refor\u00e7a compromisso com a educa\u00e7\u00e3o em Pa\u00e7o do Lumiar.\"}]},{\"@type\":\"WebSite\",\"@id\":\"https:\\\/\\\/maranhaotv.com.br\\\/#website\",\"url\":\"https:\\\/\\\/maranhaotv.com.br\\\/\",\"name\":\"Maranh\u00e3oTV\",\"description\":\"\",\"publisher\":{\"@id\":\"https:\\\/\\\/maranhaotv.com.br\\\/#organization\"},\"potentialAction\":[{\"@type\":\"SearchAction\",\"target\":{\"@type\":\"EntryPoint\",\"urlTemplate\":\"https:\\\/\\\/maranhaotv.com.br\\\/?s={search_term_string}\"},\"query-input\":{\"@type\":\"PropertyValueSpecification\",\"valueRequired\":true,\"valueName\":\"search_term_string\"}}],\"inLanguage\":\"pt-BR\"},{\"@type\":\"Organization\",\"@id\":\"https:\\\/\\\/maranhaotv.com.br\\\/#organization\",\"name\":\"Portal de Not\u00edcias\",\"url\":\"https:\\\/\\\/maranhaotv.com.br\\\/\",\"logo\":{\"@type\":\"ImageObject\",\"inLanguage\":\"pt-BR\",\"@id\":\"https:\\\/\\\/maranhaotv.com.br\\\/#\\\/schema\\\/logo\\\/image\\\/\",\"url\":\"https:\\\/\\\/maranhaotv.com.br\\\/wp-content\\\/uploads\\\/2024\\\/05\\\/cropped-cropped-avatar-1.png\",\"contentUrl\":\"https:\\\/\\\/maranhaotv.com.br\\\/wp-content\\\/uploads\\\/2024\\\/05\\\/cropped-cropped-avatar-1.png\",\"width\":792,\"height\":428,\"caption\":\"Portal de Not\u00edcias\"},\"image\":{\"@id\":\"https:\\\/\\\/maranhaotv.com.br\\\/#\\\/schema\\\/logo\\\/image\\\/\"},\"sameAs\":[\"https:\\\/\\\/www.facebook.com\\\/maiobaotv\",\"https:\\\/\\\/x.com\\\/sitemaranhaotv\",\"https:\\\/\\\/www.instagram.com\\\/maranhao.tv\",\"https:\\\/\\\/www.threads.net\\\/@maranhao.tv\"]},{\"@type\":\"Person\",\"@id\":\"https:\\\/\\\/maranhaotv.com.br\\\/#\\\/schema\\\/person\\\/3d54238e86b20bb5c89ab2fdb8f8829a\",\"name\":\"maranhaotv\",\"image\":{\"@type\":\"ImageObject\",\"inLanguage\":\"pt-BR\",\"@id\":\"https:\\\/\\\/secure.gravatar.com\\\/avatar\\\/8fadbca458d4cb68b1dd399ae9a40618d747bb1af65ac9fad21c89220a143eb4?s=96&d=mm&r=g\",\"url\":\"https:\\\/\\\/secure.gravatar.com\\\/avatar\\\/8fadbca458d4cb68b1dd399ae9a40618d747bb1af65ac9fad21c89220a143eb4?s=96&d=mm&r=g\",\"contentUrl\":\"https:\\\/\\\/secure.gravatar.com\\\/avatar\\\/8fadbca458d4cb68b1dd399ae9a40618d747bb1af65ac9fad21c89220a143eb4?s=96&d=mm&r=g\",\"caption\":\"maranhaotv\"},\"sameAs\":[\"https:\\\/\\\/maranhaotv.com.br\\\/\"],\"url\":\"https:\\\/\\\/maranhaotv.com.br\\\/index.php\\\/author\\\/maranhaotv\\\/\"}]}<\/script>\n<!-- \/ Yoast SEO plugin. -->","yoast_head_json":{"title":"Fred Campos entrega novo N\u00facleo do EducaPa\u00e7o, homenageia o Vereador Jorge Maru e refor\u00e7a compromisso com a educa\u00e7\u00e3o em Pa\u00e7o do Lumiar. - NOT\u00cdCIAS EM TEMPO REAL","robots":{"index":"index","follow":"follow","max-snippet":"max-snippet:-1","max-image-preview":"max-image-preview:large","max-video-preview":"max-video-preview:-1"},"canonical":"https:\/\/maranhaotv.com.br\/index.php\/2025\/06\/03\/fred-campos-entrega-novo-nucleo-do-educapaco-homenageia-o-vereador-jorge-maru-e-reforca-compromisso-com-a-educacao-em-paco-do-lumiar\/","og_locale":"pt_BR","og_type":"article","og_title":"Fred Campos entrega novo N\u00facleo do EducaPa\u00e7o, homenageia o Vereador Jorge Maru e refor\u00e7a compromisso com a educa\u00e7\u00e3o em Pa\u00e7o do Lumiar. - NOT\u00cdCIAS EM TEMPO REAL","og_description":"O prefeito Fred Campos segue transformando a educa\u00e7\u00e3o em Pa\u00e7o do Lumiar. Nesta ter\u00e7a-feira (03), ele entregou \u00e0 popula\u00e7\u00e3o o","og_url":"https:\/\/maranhaotv.com.br\/index.php\/2025\/06\/03\/fred-campos-entrega-novo-nucleo-do-educapaco-homenageia-o-vereador-jorge-maru-e-reforca-compromisso-com-a-educacao-em-paco-do-lumiar\/","og_site_name":"NOT\u00cdCIAS EM TEMPO REAL","article_publisher":"https:\/\/www.facebook.com\/maiobaotv","article_published_time":"2025-06-03T21:59:13+00:00","article_modified_time":"2025-06-03T21:59:31+00:00","og_image":[{"width":1600,"height":1066,"url":"https:\/\/maranhaotv.com.br\/wp-content\/uploads\/2025\/06\/IMG-20250603-WA0513.jpg","type":"image\/jpeg"}],"author":"maranhaotv","twitter_card":"summary_large_image","twitter_creator":"@sitemaranhaotv","twitter_site":"@sitemaranhaotv","twitter_misc":{"Escrito por":"maranhaotv","Est. tempo de leitura":"2 minutos"},"schema":{"@context":"https:\/\/schema.org","@graph":[{"@type":"Article","@id":"https:\/\/maranhaotv.com.br\/index.php\/2025\/06\/03\/fred-campos-entrega-novo-nucleo-do-educapaco-homenageia-o-vereador-jorge-maru-e-reforca-compromisso-com-a-educacao-em-paco-do-lumiar\/#article","isPartOf":{"@id":"https:\/\/maranhaotv.com.br\/index.php\/2025\/06\/03\/fred-campos-entrega-novo-nucleo-do-educapaco-homenageia-o-vereador-jorge-maru-e-reforca-compromisso-com-a-educacao-em-paco-do-lumiar\/"},"author":{"name":"maranhaotv","@id":"https:\/\/maranhaotv.com.br\/#\/schema\/person\/3d54238e86b20bb5c89ab2fdb8f8829a"},"headline":"Fred Campos entrega novo N\u00facleo do EducaPa\u00e7o, homenageia o Vereador Jorge Maru e refor\u00e7a compromisso com a educa\u00e7\u00e3o em Pa\u00e7o do Lumiar.","datePublished":"2025-06-03T21:59:13+00:00","dateModified":"2025-06-03T21:59:31+00:00","mainEntityOfPage":{"@id":"https:\/\/maranhaotv.com.br\/index.php\/2025\/06\/03\/fred-campos-entrega-novo-nucleo-do-educapaco-homenageia-o-vereador-jorge-maru-e-reforca-compromisso-com-a-educacao-em-paco-do-lumiar\/"},"wordCount":397,"commentCount":0,"publisher":{"@id":"https:\/\/maranhaotv.com.br\/#organization"},"image":{"@id":"https:\/\/maranhaotv.com.br\/index.php\/2025\/06\/03\/fred-campos-entrega-novo-nucleo-do-educapaco-homenageia-o-vereador-jorge-maru-e-reforca-compromisso-com-a-educacao-em-paco-do-lumiar\/#primaryimage"},"thumbnailUrl":"https:\/\/maranhaotv.com.br\/wp-content\/uploads\/2025\/06\/IMG-20250603-WA0513.jpg","articleSection":["educa\u00e7\u00e3o"],"inLanguage":"pt-BR","potentialAction":[{"@type":"CommentAction","name":"Comment","target":["https:\/\/maranhaotv.com.br\/index.php\/2025\/06\/03\/fred-campos-entrega-novo-nucleo-do-educapaco-homenageia-o-vereador-jorge-maru-e-reforca-compromisso-com-a-educacao-em-paco-do-lumiar\/#respond"]}]},{"@type":"WebPage","@id":"https:\/\/maranhaotv.com.br\/index.php\/2025\/06\/03\/fred-campos-entrega-novo-nucleo-do-educapaco-homenageia-o-vereador-jorge-maru-e-reforca-compromisso-com-a-educacao-em-paco-do-lumiar\/","url":"https:\/\/maranhaotv.com.br\/index.php\/2025\/06\/03\/fred-campos-entrega-novo-nucleo-do-educapaco-homenageia-o-vereador-jorge-maru-e-reforca-compromisso-com-a-educacao-em-paco-do-lumiar\/","name":"Fred Campos entrega novo N\u00facleo do EducaPa\u00e7o, homenageia o Vereador Jorge Maru e refor\u00e7a compromisso com a educa\u00e7\u00e3o em Pa\u00e7o do Lumiar. - NOT\u00cdCIAS EM TEMPO REAL","isPartOf":{"@id":"https:\/\/maranhaotv.com.br\/#website"},"primaryImageOfPage":{"@id":"https:\/\/maranhaotv.com.br\/index.php\/2025\/06\/03\/fred-campos-entrega-novo-nucleo-do-educapaco-homenageia-o-vereador-jorge-maru-e-reforca-compromisso-com-a-educacao-em-paco-do-lumiar\/#primaryimage"},"image":{"@id":"https:\/\/maranhaotv.com.br\/index.php\/2025\/06\/03\/fred-campos-entrega-novo-nucleo-do-educapaco-homenageia-o-vereador-jorge-maru-e-reforca-compromisso-com-a-educacao-em-paco-do-lumiar\/#primaryimage"},"thumbnailUrl":"https:\/\/maranhaotv.com.br\/wp-content\/uploads\/2025\/06\/IMG-20250603-WA0513.jpg","datePublished":"2025-06-03T21:59:13+00:00","dateModified":"2025-06-03T21:59:31+00:00","breadcrumb":{"@id":"https:\/\/maranhaotv.com.br\/index.php\/2025\/06\/03\/fred-campos-entrega-novo-nucleo-do-educapaco-homenageia-o-vereador-jorge-maru-e-reforca-compromisso-com-a-educacao-em-paco-do-lumiar\/#breadcrumb"},"inLanguage":"pt-BR","potentialAction":[{"@type":"ReadAction","target":["https:\/\/maranhaotv.com.br\/index.php\/2025\/06\/03\/fred-campos-entrega-novo-nucleo-do-educapaco-homenageia-o-vereador-jorge-maru-e-reforca-compromisso-com-a-educacao-em-paco-do-lumiar\/"]}]},{"@type":"ImageObject","inLanguage":"pt-BR","@id":"https:\/\/maranhaotv.com.br\/index.php\/2025\/06\/03\/fred-campos-entrega-novo-nucleo-do-educapaco-homenageia-o-vereador-jorge-maru-e-reforca-compromisso-com-a-educacao-em-paco-do-lumiar\/#primaryimage","url":"https:\/\/maranhaotv.com.br\/wp-content\/uploads\/2025\/06\/IMG-20250603-WA0513.jpg","contentUrl":"https:\/\/maranhaotv.com.br\/wp-content\/uploads\/2025\/06\/IMG-20250603-WA0513.jpg","width":1600,"height":1066},{"@type":"BreadcrumbList","@id":"https:\/\/maranhaotv.com.br\/index.php\/2025\/06\/03\/fred-campos-entrega-novo-nucleo-do-educapaco-homenageia-o-vereador-jorge-maru-e-reforca-compromisso-com-a-educacao-em-paco-do-lumiar\/#breadcrumb","itemListElement":[{"@type":"ListItem","position":1,"name":"In\u00edcio","item":"https:\/\/maranhaotv.com.br\/"},{"@type":"ListItem","position":2,"name":"Fred Campos entrega novo N\u00facleo do EducaPa\u00e7o, homenageia o Vereador Jorge Maru e refor\u00e7a compromisso com a educa\u00e7\u00e3o em Pa\u00e7o do Lumiar."}]},{"@type":"WebSite","@id":"https:\/\/maranhaotv.com.br\/#website","url":"https:\/\/maranhaotv.com.br\/","name":"Maranh\u00e3oTV","description":"","publisher":{"@id":"https:\/\/maranhaotv.com.br\/#organization"},"potentialAction":[{"@type":"SearchAction","target":{"@type":"EntryPoint","urlTemplate":"https:\/\/maranhaotv.com.br\/?s={search_term_string}"},"query-input":{"@type":"PropertyValueSpecification","valueRequired":true,"valueName":"search_term_string"}}],"inLanguage":"pt-BR"},{"@type":"Organization","@id":"https:\/\/maranhaotv.com.br\/#organization","name":"Portal de Not\u00edcias","url":"https:\/\/maranhaotv.com.br\/","logo":{"@type":"ImageObject","inLanguage":"pt-BR","@id":"https:\/\/maranhaotv.com.br\/#\/schema\/logo\/image\/","url":"https:\/\/maranhaotv.com.br\/wp-content\/uploads\/2024\/05\/cropped-cropped-avatar-1.png","contentUrl":"https:\/\/maranhaotv.com.br\/wp-content\/uploads\/2024\/05\/cropped-cropped-avatar-1.png","width":792,"height":428,"caption":"Portal de Not\u00edcias"},"image":{"@id":"https:\/\/maranhaotv.com.br\/#\/schema\/logo\/image\/"},"sameAs":["https:\/\/www.facebook.com\/maiobaotv","https:\/\/x.com\/sitemaranhaotv","https:\/\/www.instagram.com\/maranhao.tv","https:\/\/www.threads.net\/@maranhao.tv"]},{"@type":"Person","@id":"https:\/\/maranhaotv.com.br\/#\/schema\/person\/3d54238e86b20bb5c89ab2fdb8f8829a","name":"maranhaotv","image":{"@type":"ImageObject","inLanguage":"pt-BR","@id":"https:\/\/secure.gravatar.com\/avatar\/8fadbca458d4cb68b1dd399ae9a40618d747bb1af65ac9fad21c89220a143eb4?s=96&d=mm&r=g","url":"https:\/\/secure.gravatar.com\/avatar\/8fadbca458d4cb68b1dd399ae9a40618d747bb1af65ac9fad21c89220a143eb4?s=96&d=mm&r=g","contentUrl":"https:\/\/secure.gravatar.com\/avatar\/8fadbca458d4cb68b1dd399ae9a40618d747bb1af65ac9fad21c89220a143eb4?s=96&d=mm&r=g","caption":"maranhaotv"},"sameAs":["https:\/\/maranhaotv.com.br\/"],"url":"https:\/\/maranhaotv.com.br\/index.php\/author\/maranhaotv\/"}]}},"jetpack_featured_media_url":"https:\/\/maranhaotv.com.br\/wp-content\/uploads\/2025\/06\/IMG-20250603-WA0513.jpg","jetpack_sharing_enabled":true,"_links":{"self":[{"href":"https:\/\/maranhaotv.com.br\/index.php\/wp-json\/wp\/v2\/posts\/42545","targetHints":{"allow":["GET"]}}],"collection":[{"href":"https:\/\/maranhaotv.com.br\/index.php\/wp-json\/wp\/v2\/posts"}],"about":[{"href":"https:\/\/maranhaotv.com.br\/index.php\/wp-json\/wp\/v2\/types\/post"}],"author":[{"embeddable":true,"href":"https:\/\/maranhaotv.com.br\/index.php\/wp-json\/wp\/v2\/users\/2"}],"replies":[{"embeddable":true,"href":"https:\/\/maranhaotv.com.br\/index.php\/wp-json\/wp\/v2\/comments?post=42545"}],"version-history":[{"count":1,"href":"https:\/\/maranhaotv.com.br\/index.php\/wp-json\/wp\/v2\/posts\/42545\/revisions"}],"predecessor-version":[{"id":42546,"href":"https:\/\/maranhaotv.com.br\/index.php\/wp-json\/wp\/v2\/posts\/42545\/revisions\/42546"}],"wp:featuredmedia":[{"embeddable":true,"href":"https:\/\/maranhaotv.com.br\/index.php\/wp-json\/wp\/v2\/media\/42544"}],"wp:attachment":[{"href":"https:\/\/maranhaotv.com.br\/index.php\/wp-json\/wp\/v2\/media?parent=42545"}],"wp:term":[{"taxonomy":"category","embeddable":true,"href":"https:\/\/maranhaotv.com.br\/index.php\/wp-json\/wp\/v2\/categories?post=42545"},{"taxonomy":"post_tag","embeddable":true,"href":"https:\/\/maranhaotv.com.br\/index.php\/wp-json\/wp\/v2\/tags?post=42545"}],"curies":[{"name":"wp","href":"https:\/\/api.w.org\/{rel}","templated":true}]}}