{"id":42803,"date":"2025-06-15T20:13:30","date_gmt":"2025-06-15T23:13:30","guid":{"rendered":"https:\/\/maranhaotv.com.br\/?p=42803"},"modified":"2025-06-15T20:13:30","modified_gmt":"2025-06-15T23:13:30","slug":"lucas-bessa-posa-para-a-capa-da-revista-fashion-day-prime-e-comemora-o-marco-de-10-milhoes-de-visualizacoes-no-instagram-em-um-mes","status":"publish","type":"post","link":"https:\/\/maranhaotv.com.br\/index.php\/2025\/06\/15\/lucas-bessa-posa-para-a-capa-da-revista-fashion-day-prime-e-comemora-o-marco-de-10-milhoes-de-visualizacoes-no-instagram-em-um-mes\/","title":{"rendered":"Lucas Bessa posa para a capa da Revista Fashion Day Prime e comemora o marco de 10 milh\u00f5es de visualiza\u00e7\u00f5es no Instagram em um m\u00eas"},"content":{"rendered":"\n<p><\/p>\n\n\n\n<p><\/p>\n\n\n\n<p>O influenciador digital Lucas Bessa comemora uma marca significativa em sua carreira nas redes sociais. Nos \u00faltimos 30 dias, o criador de conte\u00fado atingiu 10 milh\u00f5es de visualiza\u00e7\u00f5es em suas postagens no Instagram, consolidando-se como uma das personalidades mais promissoras do cen\u00e1rio digital atual.<\/p>\n\n\n\n<p>Com um conte\u00fado voltado para o p\u00fablico jovem, Bessa tem se destacado por sua capacidade de engajar seguidores por meio de v\u00eddeos e intera\u00e7\u00f5es aut\u00eanticas. Seu crescimento vertiginoso reflete uma tend\u00eancia crescente de criadores de conte\u00fado que conseguem atrair grandes audi\u00eancias com conte\u00fado diversificado e adaptado \u00e0s din\u00e2micas da plataforma.<\/p>\n\n\n\n<p>\u201cEstou extremamente feliz com o retorno do p\u00fablico e com o crescimento que temos alcan\u00e7ado. Cada visualiza\u00e7\u00e3o representa um passo importante na constru\u00e7\u00e3o da minha trajet\u00f3ria\u201d, afirmou Lucas, que tem utilizado suas redes sociais n\u00e3o apenas para entretenimento, mas tamb\u00e9m para promover mensagens de conscientiza\u00e7\u00e3o sobre temas relevantes para sua audi\u00eancia.<\/p>\n\n\n\n<p>O sucesso do influenciador \u00e9 um reflexo das transforma\u00e7\u00f5es pelas quais o mercado de cria\u00e7\u00e3o de conte\u00fado digital tem passado. Com a expans\u00e3o das redes sociais e o aumento da busca por entretenimento e informa\u00e7\u00e3o online, figuras como Lucas Bessa v\u00eam ganhando cada vez mais espa\u00e7o, sendo capazes de mobilizar grandes p\u00fablicos e gerar impacto nas plataformas.<\/p>\n\n\n\n<p>Em um cen\u00e1rio competitivo, Lucas Bessa desponta como um dos influenciadores mais em alta, com um futuro promissor no ambiente digital.<\/p>\n\n\n\n<figure class=\"wp-block-image size-large\"><img loading=\"lazy\" decoding=\"async\" width=\"707\" height=\"1000\" src=\"https:\/\/maranhaotv.com.br\/wp-content\/uploads\/2025\/06\/28b35991-ab9d-4932-975b-eb36bfd75602-1.jpg\" class=\"wp-image-42801\" srcset=\"https:\/\/maranhaotv.com.br\/wp-content\/uploads\/2025\/06\/28b35991-ab9d-4932-975b-eb36bfd75602-1.jpg 707w, https:\/\/maranhaotv.com.br\/wp-content\/uploads\/2025\/06\/28b35991-ab9d-4932-975b-eb36bfd75602-1-212x300.jpg 212w\" sizes=\"auto, (max-width: 707px) 100vw, 707px\" \/><\/figure>\n\n\n\n<figure class=\"wp-block-image size-large\"><img loading=\"lazy\" decoding=\"async\" width=\"576\" height=\"1024\" src=\"https:\/\/maranhaotv.com.br\/wp-content\/uploads\/2025\/06\/a7acad93-bcfc-4fe8-ab6c-49f53173db5f-1-576x1024.jpg\" class=\"wp-image-42802\" srcset=\"https:\/\/maranhaotv.com.br\/wp-content\/uploads\/2025\/06\/a7acad93-bcfc-4fe8-ab6c-49f53173db5f-1-576x1024.jpg 576w, https:\/\/maranhaotv.com.br\/wp-content\/uploads\/2025\/06\/a7acad93-bcfc-4fe8-ab6c-49f53173db5f-1-169x300.jpg 169w, https:\/\/maranhaotv.com.br\/wp-content\/uploads\/2025\/06\/a7acad93-bcfc-4fe8-ab6c-49f53173db5f-1-768x1365.jpg 768w, https:\/\/maranhaotv.com.br\/wp-content\/uploads\/2025\/06\/a7acad93-bcfc-4fe8-ab6c-49f53173db5f-1-864x1536.jpg 864w, https:\/\/maranhaotv.com.br\/wp-content\/uploads\/2025\/06\/a7acad93-bcfc-4fe8-ab6c-49f53173db5f-1.jpg 900w\" sizes=\"auto, (max-width: 576px) 100vw, 576px\" \/><\/figure>\n\n\n\n<figure class=\"wp-block-image size-large\"><img loading=\"lazy\" decoding=\"async\" width=\"707\" height=\"1000\" src=\"https:\/\/maranhaotv.com.br\/wp-content\/uploads\/2025\/06\/a9c53e25-f625-4238-ba3f-75dd53c6ea7d-1.jpg\" alt=\"\" class=\"wp-image-42768\" srcset=\"https:\/\/maranhaotv.com.br\/wp-content\/uploads\/2025\/06\/a9c53e25-f625-4238-ba3f-75dd53c6ea7d-1.jpg 707w, https:\/\/maranhaotv.com.br\/wp-content\/uploads\/2025\/06\/a9c53e25-f625-4238-ba3f-75dd53c6ea7d-1-212x300.jpg 212w\" sizes=\"auto, (max-width: 707px) 100vw, 707px\" \/><\/figure>\n","protected":false},"excerpt":{"rendered":"<p>O influenciador digital Lucas Bessa comemora uma marca significativa em sua carreira nas redes sociais. Nos \u00faltimos 30 dias, o<\/p>\n","protected":false},"author":2,"featured_media":42773,"comment_status":"closed","ping_status":"open","sticky":false,"template":"","format":"standard","meta":{"colormag_page_container_layout":"default_layout","colormag_page_sidebar_layout":"default_layout","_jetpack_memberships_contains_paid_content":false,"footnotes":""},"categories":[306],"tags":[544,540,554],"class_list":["post-42803","post","type-post","status-publish","format-standard","has-post-thumbnail","hentry","category-entretenimento","tag-influenciador-lucas-bessa","tag-lucas-bessa","tag-lucas-bessa-uberaba"],"magazineBlocksPostFeaturedMedia":{"thumbnail":"https:\/\/maranhaotv.com.br\/wp-content\/uploads\/2025\/06\/a9c53e25-f625-4238-ba3f-75dd53c6ea7d-3-1-150x150.jpg","medium":"https:\/\/maranhaotv.com.br\/wp-content\/uploads\/2025\/06\/a9c53e25-f625-4238-ba3f-75dd53c6ea7d-3-1-300x165.jpg","medium_large":"https:\/\/maranhaotv.com.br\/wp-content\/uploads\/2025\/06\/a9c53e25-f625-4238-ba3f-75dd53c6ea7d-3-1.jpg","large":"https:\/\/maranhaotv.com.br\/wp-content\/uploads\/2025\/06\/a9c53e25-f625-4238-ba3f-75dd53c6ea7d-3-1.jpg","1536x1536":"https:\/\/maranhaotv.com.br\/wp-content\/uploads\/2025\/06\/a9c53e25-f625-4238-ba3f-75dd53c6ea7d-3-1.jpg","2048x2048":"https:\/\/maranhaotv.com.br\/wp-content\/uploads\/2025\/06\/a9c53e25-f625-4238-ba3f-75dd53c6ea7d-3-1.jpg","colormag-highlighted-post":"https:\/\/maranhaotv.com.br\/wp-content\/uploads\/2025\/06\/a9c53e25-f625-4238-ba3f-75dd53c6ea7d-3-1-392x272.jpg","colormag-featured-post-medium":"https:\/\/maranhaotv.com.br\/wp-content\/uploads\/2025\/06\/a9c53e25-f625-4238-ba3f-75dd53c6ea7d-3-1-390x205.jpg","colormag-featured-post-small":"https:\/\/maranhaotv.com.br\/wp-content\/uploads\/2025\/06\/a9c53e25-f625-4238-ba3f-75dd53c6ea7d-3-1-130x90.jpg","colormag-featured-image":"https:\/\/maranhaotv.com.br\/wp-content\/uploads\/2025\/06\/a9c53e25-f625-4238-ba3f-75dd53c6ea7d-3-1.jpg","colormag-default-news":"https:\/\/maranhaotv.com.br\/wp-content\/uploads\/2025\/06\/a9c53e25-f625-4238-ba3f-75dd53c6ea7d-3-1-150x150.jpg","colormag-featured-image-large":"https:\/\/maranhaotv.com.br\/wp-content\/uploads\/2025\/06\/a9c53e25-f625-4238-ba3f-75dd53c6ea7d-3-1.jpg"},"magazineBlocksPostAuthor":{"name":"maranhaotv","avatar":"https:\/\/secure.gravatar.com\/avatar\/8fadbca458d4cb68b1dd399ae9a40618d747bb1af65ac9fad21c89220a143eb4?s=96&d=mm&r=g"},"magazineBlocksPostCommentsNumber":false,"magazineBlocksPostExcerpt":"O influenciador digital Lucas Bessa comemora uma marca significativa em sua carreira nas redes sociais. Nos \u00faltimos 30 dias, o","magazineBlocksPostCategories":["entretenimento"],"magazineBlocksPostViewCount":730,"magazineBlocksPostReadTime":2,"magazine_blocks_featured_image_url":{"full":["https:\/\/maranhaotv.com.br\/wp-content\/uploads\/2025\/06\/a9c53e25-f625-4238-ba3f-75dd53c6ea7d-3-1.jpg",707,388,false],"medium":["https:\/\/maranhaotv.com.br\/wp-content\/uploads\/2025\/06\/a9c53e25-f625-4238-ba3f-75dd53c6ea7d-3-1-300x165.jpg",300,165,true],"thumbnail":["https:\/\/maranhaotv.com.br\/wp-content\/uploads\/2025\/06\/a9c53e25-f625-4238-ba3f-75dd53c6ea7d-3-1-150x150.jpg",150,150,true]},"magazine_blocks_author":{"display_name":"maranhaotv","author_link":"https:\/\/maranhaotv.com.br\/index.php\/author\/maranhaotv\/"},"magazine_blocks_comment":0,"magazine_blocks_author_image":"https:\/\/secure.gravatar.com\/avatar\/8fadbca458d4cb68b1dd399ae9a40618d747bb1af65ac9fad21c89220a143eb4?s=96&d=mm&r=g","magazine_blocks_category":"<a href=\"#\" class=\"category-link category-link-306\">entretenimento<\/a>","yoast_head":"<!-- This site is optimized with the Yoast SEO plugin v27.4 - https:\/\/yoast.com\/product\/yoast-seo-wordpress\/ -->\n<title>Lucas Bessa posa para a capa da Revista Fashion Day Prime e comemora o marco de 10 milh\u00f5es de visualiza\u00e7\u00f5es no Instagram em um m\u00eas - NOT\u00cdCIAS EM TEMPO REAL<\/title>\n<meta name=\"robots\" content=\"index, follow, max-snippet:-1, max-image-preview:large, max-video-preview:-1\" \/>\n<link rel=\"canonical\" href=\"https:\/\/maranhaotv.com.br\/index.php\/2025\/06\/15\/lucas-bessa-posa-para-a-capa-da-revista-fashion-day-prime-e-comemora-o-marco-de-10-milhoes-de-visualizacoes-no-instagram-em-um-mes\/\" \/>\n<meta property=\"og:locale\" content=\"pt_BR\" \/>\n<meta property=\"og:type\" content=\"article\" \/>\n<meta property=\"og:title\" content=\"Lucas Bessa posa para a capa da Revista Fashion Day Prime e comemora o marco de 10 milh\u00f5es de visualiza\u00e7\u00f5es no Instagram em um m\u00eas - NOT\u00cdCIAS EM TEMPO REAL\" \/>\n<meta property=\"og:description\" content=\"O influenciador digital Lucas Bessa comemora uma marca significativa em sua carreira nas redes sociais. Nos \u00faltimos 30 dias, o\" \/>\n<meta property=\"og:url\" content=\"https:\/\/maranhaotv.com.br\/index.php\/2025\/06\/15\/lucas-bessa-posa-para-a-capa-da-revista-fashion-day-prime-e-comemora-o-marco-de-10-milhoes-de-visualizacoes-no-instagram-em-um-mes\/\" \/>\n<meta property=\"og:site_name\" content=\"NOT\u00cdCIAS EM TEMPO REAL\" \/>\n<meta property=\"article:publisher\" content=\"https:\/\/www.facebook.com\/maiobaotv\" \/>\n<meta property=\"article:published_time\" content=\"2025-06-15T23:13:30+00:00\" \/>\n<meta property=\"og:image\" content=\"https:\/\/maranhaotv.com.br\/wp-content\/uploads\/2025\/06\/a9c53e25-f625-4238-ba3f-75dd53c6ea7d-3-1.jpg\" \/>\n\t<meta property=\"og:image:width\" content=\"707\" \/>\n\t<meta property=\"og:image:height\" content=\"388\" \/>\n\t<meta property=\"og:image:type\" content=\"image\/jpeg\" \/>\n<meta name=\"author\" content=\"maranhaotv\" \/>\n<meta name=\"twitter:card\" content=\"summary_large_image\" \/>\n<meta name=\"twitter:creator\" content=\"@sitemaranhaotv\" \/>\n<meta name=\"twitter:site\" content=\"@sitemaranhaotv\" \/>\n<meta name=\"twitter:label1\" content=\"Escrito por\" \/>\n\t<meta name=\"twitter:data1\" content=\"maranhaotv\" \/>\n\t<meta name=\"twitter:label2\" content=\"Est. tempo de leitura\" \/>\n\t<meta name=\"twitter:data2\" content=\"1 minuto\" \/>\n<script type=\"application\/ld+json\" class=\"yoast-schema-graph\">{\"@context\":\"https:\\\/\\\/schema.org\",\"@graph\":[{\"@type\":\"Article\",\"@id\":\"https:\\\/\\\/maranhaotv.com.br\\\/index.php\\\/2025\\\/06\\\/15\\\/lucas-bessa-posa-para-a-capa-da-revista-fashion-day-prime-e-comemora-o-marco-de-10-milhoes-de-visualizacoes-no-instagram-em-um-mes\\\/#article\",\"isPartOf\":{\"@id\":\"https:\\\/\\\/maranhaotv.com.br\\\/index.php\\\/2025\\\/06\\\/15\\\/lucas-bessa-posa-para-a-capa-da-revista-fashion-day-prime-e-comemora-o-marco-de-10-milhoes-de-visualizacoes-no-instagram-em-um-mes\\\/\"},\"author\":{\"name\":\"maranhaotv\",\"@id\":\"https:\\\/\\\/maranhaotv.com.br\\\/#\\\/schema\\\/person\\\/3d54238e86b20bb5c89ab2fdb8f8829a\"},\"headline\":\"Lucas Bessa posa para a capa da Revista Fashion Day Prime e comemora o marco de 10 milh\u00f5es de visualiza\u00e7\u00f5es no Instagram em um m\u00eas\",\"datePublished\":\"2025-06-15T23:13:30+00:00\",\"mainEntityOfPage\":{\"@id\":\"https:\\\/\\\/maranhaotv.com.br\\\/index.php\\\/2025\\\/06\\\/15\\\/lucas-bessa-posa-para-a-capa-da-revista-fashion-day-prime-e-comemora-o-marco-de-10-milhoes-de-visualizacoes-no-instagram-em-um-mes\\\/\"},\"wordCount\":279,\"publisher\":{\"@id\":\"https:\\\/\\\/maranhaotv.com.br\\\/#organization\"},\"image\":{\"@id\":\"https:\\\/\\\/maranhaotv.com.br\\\/index.php\\\/2025\\\/06\\\/15\\\/lucas-bessa-posa-para-a-capa-da-revista-fashion-day-prime-e-comemora-o-marco-de-10-milhoes-de-visualizacoes-no-instagram-em-um-mes\\\/#primaryimage\"},\"thumbnailUrl\":\"https:\\\/\\\/maranhaotv.com.br\\\/wp-content\\\/uploads\\\/2025\\\/06\\\/a9c53e25-f625-4238-ba3f-75dd53c6ea7d-3-1.jpg\",\"keywords\":[\"Influenciador Lucas Bessa\",\"Lucas Bessa\",\"Lucas Bessa Uberaba\"],\"articleSection\":[\"entretenimento\"],\"inLanguage\":\"pt-BR\"},{\"@type\":\"WebPage\",\"@id\":\"https:\\\/\\\/maranhaotv.com.br\\\/index.php\\\/2025\\\/06\\\/15\\\/lucas-bessa-posa-para-a-capa-da-revista-fashion-day-prime-e-comemora-o-marco-de-10-milhoes-de-visualizacoes-no-instagram-em-um-mes\\\/\",\"url\":\"https:\\\/\\\/maranhaotv.com.br\\\/index.php\\\/2025\\\/06\\\/15\\\/lucas-bessa-posa-para-a-capa-da-revista-fashion-day-prime-e-comemora-o-marco-de-10-milhoes-de-visualizacoes-no-instagram-em-um-mes\\\/\",\"name\":\"Lucas Bessa posa para a capa da Revista Fashion Day Prime e comemora o marco de 10 milh\u00f5es de visualiza\u00e7\u00f5es no Instagram em um m\u00eas - NOT\u00cdCIAS EM TEMPO REAL\",\"isPartOf\":{\"@id\":\"https:\\\/\\\/maranhaotv.com.br\\\/#website\"},\"primaryImageOfPage\":{\"@id\":\"https:\\\/\\\/maranhaotv.com.br\\\/index.php\\\/2025\\\/06\\\/15\\\/lucas-bessa-posa-para-a-capa-da-revista-fashion-day-prime-e-comemora-o-marco-de-10-milhoes-de-visualizacoes-no-instagram-em-um-mes\\\/#primaryimage\"},\"image\":{\"@id\":\"https:\\\/\\\/maranhaotv.com.br\\\/index.php\\\/2025\\\/06\\\/15\\\/lucas-bessa-posa-para-a-capa-da-revista-fashion-day-prime-e-comemora-o-marco-de-10-milhoes-de-visualizacoes-no-instagram-em-um-mes\\\/#primaryimage\"},\"thumbnailUrl\":\"https:\\\/\\\/maranhaotv.com.br\\\/wp-content\\\/uploads\\\/2025\\\/06\\\/a9c53e25-f625-4238-ba3f-75dd53c6ea7d-3-1.jpg\",\"datePublished\":\"2025-06-15T23:13:30+00:00\",\"breadcrumb\":{\"@id\":\"https:\\\/\\\/maranhaotv.com.br\\\/index.php\\\/2025\\\/06\\\/15\\\/lucas-bessa-posa-para-a-capa-da-revista-fashion-day-prime-e-comemora-o-marco-de-10-milhoes-de-visualizacoes-no-instagram-em-um-mes\\\/#breadcrumb\"},\"inLanguage\":\"pt-BR\",\"potentialAction\":[{\"@type\":\"ReadAction\",\"target\":[\"https:\\\/\\\/maranhaotv.com.br\\\/index.php\\\/2025\\\/06\\\/15\\\/lucas-bessa-posa-para-a-capa-da-revista-fashion-day-prime-e-comemora-o-marco-de-10-milhoes-de-visualizacoes-no-instagram-em-um-mes\\\/\"]}]},{\"@type\":\"ImageObject\",\"inLanguage\":\"pt-BR\",\"@id\":\"https:\\\/\\\/maranhaotv.com.br\\\/index.php\\\/2025\\\/06\\\/15\\\/lucas-bessa-posa-para-a-capa-da-revista-fashion-day-prime-e-comemora-o-marco-de-10-milhoes-de-visualizacoes-no-instagram-em-um-mes\\\/#primaryimage\",\"url\":\"https:\\\/\\\/maranhaotv.com.br\\\/wp-content\\\/uploads\\\/2025\\\/06\\\/a9c53e25-f625-4238-ba3f-75dd53c6ea7d-3-1.jpg\",\"contentUrl\":\"https:\\\/\\\/maranhaotv.com.br\\\/wp-content\\\/uploads\\\/2025\\\/06\\\/a9c53e25-f625-4238-ba3f-75dd53c6ea7d-3-1.jpg\",\"width\":707,\"height\":388},{\"@type\":\"BreadcrumbList\",\"@id\":\"https:\\\/\\\/maranhaotv.com.br\\\/index.php\\\/2025\\\/06\\\/15\\\/lucas-bessa-posa-para-a-capa-da-revista-fashion-day-prime-e-comemora-o-marco-de-10-milhoes-de-visualizacoes-no-instagram-em-um-mes\\\/#breadcrumb\",\"itemListElement\":[{\"@type\":\"ListItem\",\"position\":1,\"name\":\"In\u00edcio\",\"item\":\"https:\\\/\\\/maranhaotv.com.br\\\/\"},{\"@type\":\"ListItem\",\"position\":2,\"name\":\"Lucas Bessa posa para a capa da Revista Fashion Day Prime e comemora o marco de 10 milh\u00f5es de visualiza\u00e7\u00f5es no Instagram em um m\u00eas\"}]},{\"@type\":\"WebSite\",\"@id\":\"https:\\\/\\\/maranhaotv.com.br\\\/#website\",\"url\":\"https:\\\/\\\/maranhaotv.com.br\\\/\",\"name\":\"Maranh\u00e3oTV\",\"description\":\"\",\"publisher\":{\"@id\":\"https:\\\/\\\/maranhaotv.com.br\\\/#organization\"},\"potentialAction\":[{\"@type\":\"SearchAction\",\"target\":{\"@type\":\"EntryPoint\",\"urlTemplate\":\"https:\\\/\\\/maranhaotv.com.br\\\/?s={search_term_string}\"},\"query-input\":{\"@type\":\"PropertyValueSpecification\",\"valueRequired\":true,\"valueName\":\"search_term_string\"}}],\"inLanguage\":\"pt-BR\"},{\"@type\":\"Organization\",\"@id\":\"https:\\\/\\\/maranhaotv.com.br\\\/#organization\",\"name\":\"Portal de Not\u00edcias\",\"url\":\"https:\\\/\\\/maranhaotv.com.br\\\/\",\"logo\":{\"@type\":\"ImageObject\",\"inLanguage\":\"pt-BR\",\"@id\":\"https:\\\/\\\/maranhaotv.com.br\\\/#\\\/schema\\\/logo\\\/image\\\/\",\"url\":\"https:\\\/\\\/maranhaotv.com.br\\\/wp-content\\\/uploads\\\/2024\\\/05\\\/cropped-cropped-avatar-1.png\",\"contentUrl\":\"https:\\\/\\\/maranhaotv.com.br\\\/wp-content\\\/uploads\\\/2024\\\/05\\\/cropped-cropped-avatar-1.png\",\"width\":792,\"height\":428,\"caption\":\"Portal de Not\u00edcias\"},\"image\":{\"@id\":\"https:\\\/\\\/maranhaotv.com.br\\\/#\\\/schema\\\/logo\\\/image\\\/\"},\"sameAs\":[\"https:\\\/\\\/www.facebook.com\\\/maiobaotv\",\"https:\\\/\\\/x.com\\\/sitemaranhaotv\",\"https:\\\/\\\/www.instagram.com\\\/maranhao.tv\",\"https:\\\/\\\/www.threads.net\\\/@maranhao.tv\"]},{\"@type\":\"Person\",\"@id\":\"https:\\\/\\\/maranhaotv.com.br\\\/#\\\/schema\\\/person\\\/3d54238e86b20bb5c89ab2fdb8f8829a\",\"name\":\"maranhaotv\",\"image\":{\"@type\":\"ImageObject\",\"inLanguage\":\"pt-BR\",\"@id\":\"https:\\\/\\\/secure.gravatar.com\\\/avatar\\\/8fadbca458d4cb68b1dd399ae9a40618d747bb1af65ac9fad21c89220a143eb4?s=96&d=mm&r=g\",\"url\":\"https:\\\/\\\/secure.gravatar.com\\\/avatar\\\/8fadbca458d4cb68b1dd399ae9a40618d747bb1af65ac9fad21c89220a143eb4?s=96&d=mm&r=g\",\"contentUrl\":\"https:\\\/\\\/secure.gravatar.com\\\/avatar\\\/8fadbca458d4cb68b1dd399ae9a40618d747bb1af65ac9fad21c89220a143eb4?s=96&d=mm&r=g\",\"caption\":\"maranhaotv\"},\"sameAs\":[\"https:\\\/\\\/maranhaotv.com.br\\\/\"],\"url\":\"https:\\\/\\\/maranhaotv.com.br\\\/index.php\\\/author\\\/maranhaotv\\\/\"}]}<\/script>\n<!-- \/ Yoast SEO plugin. -->","yoast_head_json":{"title":"Lucas Bessa posa para a capa da Revista Fashion Day Prime e comemora o marco de 10 milh\u00f5es de visualiza\u00e7\u00f5es no Instagram em um m\u00eas - NOT\u00cdCIAS EM TEMPO REAL","robots":{"index":"index","follow":"follow","max-snippet":"max-snippet:-1","max-image-preview":"max-image-preview:large","max-video-preview":"max-video-preview:-1"},"canonical":"https:\/\/maranhaotv.com.br\/index.php\/2025\/06\/15\/lucas-bessa-posa-para-a-capa-da-revista-fashion-day-prime-e-comemora-o-marco-de-10-milhoes-de-visualizacoes-no-instagram-em-um-mes\/","og_locale":"pt_BR","og_type":"article","og_title":"Lucas Bessa posa para a capa da Revista Fashion Day Prime e comemora o marco de 10 milh\u00f5es de visualiza\u00e7\u00f5es no Instagram em um m\u00eas - NOT\u00cdCIAS EM TEMPO REAL","og_description":"O influenciador digital Lucas Bessa comemora uma marca significativa em sua carreira nas redes sociais. Nos \u00faltimos 30 dias, o","og_url":"https:\/\/maranhaotv.com.br\/index.php\/2025\/06\/15\/lucas-bessa-posa-para-a-capa-da-revista-fashion-day-prime-e-comemora-o-marco-de-10-milhoes-de-visualizacoes-no-instagram-em-um-mes\/","og_site_name":"NOT\u00cdCIAS EM TEMPO REAL","article_publisher":"https:\/\/www.facebook.com\/maiobaotv","article_published_time":"2025-06-15T23:13:30+00:00","og_image":[{"width":707,"height":388,"url":"https:\/\/maranhaotv.com.br\/wp-content\/uploads\/2025\/06\/a9c53e25-f625-4238-ba3f-75dd53c6ea7d-3-1.jpg","type":"image\/jpeg"}],"author":"maranhaotv","twitter_card":"summary_large_image","twitter_creator":"@sitemaranhaotv","twitter_site":"@sitemaranhaotv","twitter_misc":{"Escrito por":"maranhaotv","Est. tempo de leitura":"1 minuto"},"schema":{"@context":"https:\/\/schema.org","@graph":[{"@type":"Article","@id":"https:\/\/maranhaotv.com.br\/index.php\/2025\/06\/15\/lucas-bessa-posa-para-a-capa-da-revista-fashion-day-prime-e-comemora-o-marco-de-10-milhoes-de-visualizacoes-no-instagram-em-um-mes\/#article","isPartOf":{"@id":"https:\/\/maranhaotv.com.br\/index.php\/2025\/06\/15\/lucas-bessa-posa-para-a-capa-da-revista-fashion-day-prime-e-comemora-o-marco-de-10-milhoes-de-visualizacoes-no-instagram-em-um-mes\/"},"author":{"name":"maranhaotv","@id":"https:\/\/maranhaotv.com.br\/#\/schema\/person\/3d54238e86b20bb5c89ab2fdb8f8829a"},"headline":"Lucas Bessa posa para a capa da Revista Fashion Day Prime e comemora o marco de 10 milh\u00f5es de visualiza\u00e7\u00f5es no Instagram em um m\u00eas","datePublished":"2025-06-15T23:13:30+00:00","mainEntityOfPage":{"@id":"https:\/\/maranhaotv.com.br\/index.php\/2025\/06\/15\/lucas-bessa-posa-para-a-capa-da-revista-fashion-day-prime-e-comemora-o-marco-de-10-milhoes-de-visualizacoes-no-instagram-em-um-mes\/"},"wordCount":279,"publisher":{"@id":"https:\/\/maranhaotv.com.br\/#organization"},"image":{"@id":"https:\/\/maranhaotv.com.br\/index.php\/2025\/06\/15\/lucas-bessa-posa-para-a-capa-da-revista-fashion-day-prime-e-comemora-o-marco-de-10-milhoes-de-visualizacoes-no-instagram-em-um-mes\/#primaryimage"},"thumbnailUrl":"https:\/\/maranhaotv.com.br\/wp-content\/uploads\/2025\/06\/a9c53e25-f625-4238-ba3f-75dd53c6ea7d-3-1.jpg","keywords":["Influenciador Lucas Bessa","Lucas Bessa","Lucas Bessa Uberaba"],"articleSection":["entretenimento"],"inLanguage":"pt-BR"},{"@type":"WebPage","@id":"https:\/\/maranhaotv.com.br\/index.php\/2025\/06\/15\/lucas-bessa-posa-para-a-capa-da-revista-fashion-day-prime-e-comemora-o-marco-de-10-milhoes-de-visualizacoes-no-instagram-em-um-mes\/","url":"https:\/\/maranhaotv.com.br\/index.php\/2025\/06\/15\/lucas-bessa-posa-para-a-capa-da-revista-fashion-day-prime-e-comemora-o-marco-de-10-milhoes-de-visualizacoes-no-instagram-em-um-mes\/","name":"Lucas Bessa posa para a capa da Revista Fashion Day Prime e comemora o marco de 10 milh\u00f5es de visualiza\u00e7\u00f5es no Instagram em um m\u00eas - NOT\u00cdCIAS EM TEMPO REAL","isPartOf":{"@id":"https:\/\/maranhaotv.com.br\/#website"},"primaryImageOfPage":{"@id":"https:\/\/maranhaotv.com.br\/index.php\/2025\/06\/15\/lucas-bessa-posa-para-a-capa-da-revista-fashion-day-prime-e-comemora-o-marco-de-10-milhoes-de-visualizacoes-no-instagram-em-um-mes\/#primaryimage"},"image":{"@id":"https:\/\/maranhaotv.com.br\/index.php\/2025\/06\/15\/lucas-bessa-posa-para-a-capa-da-revista-fashion-day-prime-e-comemora-o-marco-de-10-milhoes-de-visualizacoes-no-instagram-em-um-mes\/#primaryimage"},"thumbnailUrl":"https:\/\/maranhaotv.com.br\/wp-content\/uploads\/2025\/06\/a9c53e25-f625-4238-ba3f-75dd53c6ea7d-3-1.jpg","datePublished":"2025-06-15T23:13:30+00:00","breadcrumb":{"@id":"https:\/\/maranhaotv.com.br\/index.php\/2025\/06\/15\/lucas-bessa-posa-para-a-capa-da-revista-fashion-day-prime-e-comemora-o-marco-de-10-milhoes-de-visualizacoes-no-instagram-em-um-mes\/#breadcrumb"},"inLanguage":"pt-BR","potentialAction":[{"@type":"ReadAction","target":["https:\/\/maranhaotv.com.br\/index.php\/2025\/06\/15\/lucas-bessa-posa-para-a-capa-da-revista-fashion-day-prime-e-comemora-o-marco-de-10-milhoes-de-visualizacoes-no-instagram-em-um-mes\/"]}]},{"@type":"ImageObject","inLanguage":"pt-BR","@id":"https:\/\/maranhaotv.com.br\/index.php\/2025\/06\/15\/lucas-bessa-posa-para-a-capa-da-revista-fashion-day-prime-e-comemora-o-marco-de-10-milhoes-de-visualizacoes-no-instagram-em-um-mes\/#primaryimage","url":"https:\/\/maranhaotv.com.br\/wp-content\/uploads\/2025\/06\/a9c53e25-f625-4238-ba3f-75dd53c6ea7d-3-1.jpg","contentUrl":"https:\/\/maranhaotv.com.br\/wp-content\/uploads\/2025\/06\/a9c53e25-f625-4238-ba3f-75dd53c6ea7d-3-1.jpg","width":707,"height":388},{"@type":"BreadcrumbList","@id":"https:\/\/maranhaotv.com.br\/index.php\/2025\/06\/15\/lucas-bessa-posa-para-a-capa-da-revista-fashion-day-prime-e-comemora-o-marco-de-10-milhoes-de-visualizacoes-no-instagram-em-um-mes\/#breadcrumb","itemListElement":[{"@type":"ListItem","position":1,"name":"In\u00edcio","item":"https:\/\/maranhaotv.com.br\/"},{"@type":"ListItem","position":2,"name":"Lucas Bessa posa para a capa da Revista Fashion Day Prime e comemora o marco de 10 milh\u00f5es de visualiza\u00e7\u00f5es no Instagram em um m\u00eas"}]},{"@type":"WebSite","@id":"https:\/\/maranhaotv.com.br\/#website","url":"https:\/\/maranhaotv.com.br\/","name":"Maranh\u00e3oTV","description":"","publisher":{"@id":"https:\/\/maranhaotv.com.br\/#organization"},"potentialAction":[{"@type":"SearchAction","target":{"@type":"EntryPoint","urlTemplate":"https:\/\/maranhaotv.com.br\/?s={search_term_string}"},"query-input":{"@type":"PropertyValueSpecification","valueRequired":true,"valueName":"search_term_string"}}],"inLanguage":"pt-BR"},{"@type":"Organization","@id":"https:\/\/maranhaotv.com.br\/#organization","name":"Portal de Not\u00edcias","url":"https:\/\/maranhaotv.com.br\/","logo":{"@type":"ImageObject","inLanguage":"pt-BR","@id":"https:\/\/maranhaotv.com.br\/#\/schema\/logo\/image\/","url":"https:\/\/maranhaotv.com.br\/wp-content\/uploads\/2024\/05\/cropped-cropped-avatar-1.png","contentUrl":"https:\/\/maranhaotv.com.br\/wp-content\/uploads\/2024\/05\/cropped-cropped-avatar-1.png","width":792,"height":428,"caption":"Portal de Not\u00edcias"},"image":{"@id":"https:\/\/maranhaotv.com.br\/#\/schema\/logo\/image\/"},"sameAs":["https:\/\/www.facebook.com\/maiobaotv","https:\/\/x.com\/sitemaranhaotv","https:\/\/www.instagram.com\/maranhao.tv","https:\/\/www.threads.net\/@maranhao.tv"]},{"@type":"Person","@id":"https:\/\/maranhaotv.com.br\/#\/schema\/person\/3d54238e86b20bb5c89ab2fdb8f8829a","name":"maranhaotv","image":{"@type":"ImageObject","inLanguage":"pt-BR","@id":"https:\/\/secure.gravatar.com\/avatar\/8fadbca458d4cb68b1dd399ae9a40618d747bb1af65ac9fad21c89220a143eb4?s=96&d=mm&r=g","url":"https:\/\/secure.gravatar.com\/avatar\/8fadbca458d4cb68b1dd399ae9a40618d747bb1af65ac9fad21c89220a143eb4?s=96&d=mm&r=g","contentUrl":"https:\/\/secure.gravatar.com\/avatar\/8fadbca458d4cb68b1dd399ae9a40618d747bb1af65ac9fad21c89220a143eb4?s=96&d=mm&r=g","caption":"maranhaotv"},"sameAs":["https:\/\/maranhaotv.com.br\/"],"url":"https:\/\/maranhaotv.com.br\/index.php\/author\/maranhaotv\/"}]}},"jetpack_featured_media_url":"https:\/\/maranhaotv.com.br\/wp-content\/uploads\/2025\/06\/a9c53e25-f625-4238-ba3f-75dd53c6ea7d-3-1.jpg","jetpack_sharing_enabled":true,"_links":{"self":[{"href":"https:\/\/maranhaotv.com.br\/index.php\/wp-json\/wp\/v2\/posts\/42803","targetHints":{"allow":["GET"]}}],"collection":[{"href":"https:\/\/maranhaotv.com.br\/index.php\/wp-json\/wp\/v2\/posts"}],"about":[{"href":"https:\/\/maranhaotv.com.br\/index.php\/wp-json\/wp\/v2\/types\/post"}],"author":[{"embeddable":true,"href":"https:\/\/maranhaotv.com.br\/index.php\/wp-json\/wp\/v2\/users\/2"}],"replies":[{"embeddable":true,"href":"https:\/\/maranhaotv.com.br\/index.php\/wp-json\/wp\/v2\/comments?post=42803"}],"version-history":[{"count":1,"href":"https:\/\/maranhaotv.com.br\/index.php\/wp-json\/wp\/v2\/posts\/42803\/revisions"}],"predecessor-version":[{"id":42804,"href":"https:\/\/maranhaotv.com.br\/index.php\/wp-json\/wp\/v2\/posts\/42803\/revisions\/42804"}],"wp:featuredmedia":[{"embeddable":true,"href":"https:\/\/maranhaotv.com.br\/index.php\/wp-json\/wp\/v2\/media\/42773"}],"wp:attachment":[{"href":"https:\/\/maranhaotv.com.br\/index.php\/wp-json\/wp\/v2\/media?parent=42803"}],"wp:term":[{"taxonomy":"category","embeddable":true,"href":"https:\/\/maranhaotv.com.br\/index.php\/wp-json\/wp\/v2\/categories?post=42803"},{"taxonomy":"post_tag","embeddable":true,"href":"https:\/\/maranhaotv.com.br\/index.php\/wp-json\/wp\/v2\/tags?post=42803"}],"curies":[{"name":"wp","href":"https:\/\/api.w.org\/{rel}","templated":true}]}}