{"id":42908,"date":"2025-06-23T18:15:35","date_gmt":"2025-06-23T21:15:35","guid":{"rendered":"https:\/\/maranhaotv.com.br\/?p=42908"},"modified":"2025-06-23T18:15:54","modified_gmt":"2025-06-23T21:15:54","slug":"sob-gestao-do-prefeito-fred-campos-primeiro-final-de-semana-do-sao-joao-de-paco-do-lumiar-reune-mais-de-10-mil-pessoas","status":"publish","type":"post","link":"https:\/\/maranhaotv.com.br\/index.php\/2025\/06\/23\/sob-gestao-do-prefeito-fred-campos-primeiro-final-de-semana-do-sao-joao-de-paco-do-lumiar-reune-mais-de-10-mil-pessoas\/","title":{"rendered":"Sob gest\u00e3o do Prefeito Fred Campos, primeiro final de semana do S\u00e3o Jo\u00e3o de Pa\u00e7o do Lumiar re\u00fane mais de 10 mil pessoas"},"content":{"rendered":"\n<p><br>O S\u00e3o Jo\u00e3o de Pa\u00e7o do Lumiar come\u00e7ou fazendo hist\u00f3ria! Sob a lideran\u00e7a do prefeito Fred Campos, o primeiro final de semana da temporada junina foi um verdadeiro sucesso, reunindo mais de 10 mil pessoas s\u00f3 no Viva Maiob\u00e3o, sem contar com os arraiais na Sede do munic\u00edpio, al\u00e9m de outros pontos da cidade.<br>Gra\u00e7as \u00e0 parceria com o Governo do Estado do Maranh\u00e3o, com apoio do Governador Carlos Brand\u00e3o, do secret\u00e1rio de Assuntos Municipalistas Orleans Brand\u00e3o e da vice-prefeita Mariana Brand\u00e3o, a gest\u00e3o municipal garantiu uma estrutura de alto n\u00edvel, com seguran\u00e7a, conforto, diversidade cultural e uma programa\u00e7\u00e3o que valorizou as tradi\u00e7\u00f5es e a cultura popular luminense.<br>Abertura lota o Viva Maiob\u00e3o<br>Na sexta-feira (20), o Viva Maiob\u00e3o foi tomado por uma multid\u00e3o. A abertura oficial foi marcada por muita cor, alegria e tradi\u00e7\u00e3o. Subiram ao palco grandes atra\u00e7\u00f5es culturais, como Cacuri\u00e1 do Candinho, Dan\u00e7a Portuguesa Imp\u00e9rio de Lisboa, Boi de Sonhos, Boi de Ribamar, al\u00e9m dos shows vibrantes de Fernanda Furtado e Bruno Shinoda, que animaram o p\u00fablico at\u00e9 altas horas.<br>S\u00e1bado de tradi\u00e7\u00e3o, cultura e muita emo\u00e7\u00e3o<br>O s\u00e1bado (21) foi ainda mais especial. A noite come\u00e7ou com a energia contagiante do Tambor de Crioula Canto\u00e1 de S\u00e3o Benedito, seguido pelos bois Brilho do Amanhecer, Upaon A\u00e7u, Meu Tamarineiro e o sempre aguardado Boi da Maioba, que emocionou o p\u00fablico com sua tradi\u00e7\u00e3o centen\u00e1ria. E quem colocou todo mundo pra dan\u00e7ar foi o irreverente Cacuri\u00e1 100 Vergonha, que lotou a arena de alegria e descontra\u00e7\u00e3o.<br>No mesmo dia, a Prefeitura levou o Arraial Itinerante para a Avenida 10 do Maiob\u00e3o, fortalecendo as tradi\u00e7\u00f5es nos bairros e levando cultura para perto das fam\u00edlias.<br>A coordenadora do arraial, Lene Rose, celebrou o sucesso. \u201c\u00c9 uma emo\u00e7\u00e3o enorme ver nossa comunidade reunida, prestigiando e valorizando nossa cultura. Nosso grupo de dan\u00e7a country completando 19 anos se apresentando aqui, no nosso bairro, \u00e9 motivo de muito orgulho. Agrade\u00e7o muito ao prefeito Fred Campos, que acreditou na gente e segue apoiando a cultura local. Isso faz toda a diferen\u00e7a.\u201d<br>Domingo de festa dobrada: Sede e Maiob\u00e3o <br>O domingo (22) foi marcado por uma maratona de cultura em dois grandes palcos: a Pra\u00e7a Nossa Senhora da Luz, na Sede, e o Viva Maiob\u00e3o.<br>Na Sede, o p\u00fablico lotou a pra\u00e7a para acompanhar apresenta\u00e7\u00f5es de Cacuri\u00e1 do Candinho, a banda Os Sublimes, Boi Estrela Maior, Dan\u00e7a Portuguesa Imp\u00e9rio de Lisboa, al\u00e9m dos shows de TH, Balaio de Rosas e o encerramento memor\u00e1vel com o Boi Brilho da Ilha, que emocionou quem acompanhava.<br>No Viva Maiob\u00e3o, a programa\u00e7\u00e3o tamb\u00e9m n\u00e3o deixou ningu\u00e9m parado. O p\u00fablico curtiu o Tambor de Crioula Pungar da Ilha, Boi Brilho da Juventude, Banda Gargamel, Tha\u00eds Moreno e Banda, Boi de Igua\u00edba e Boi Lendas e Magias, encerrando o fim de semana com chave de ouro.<br>A retomada do Arraial da Sede foi um dos pontos altos desta edi\u00e7\u00e3o e foi celebrada como uma grande conquista para a cultura luminense.<br>\u201c\u00c9 uma alegria imensa ver o nosso S\u00e3o Jo\u00e3o reunindo mais de 10 mil pessoas nesse primeiro final de semana, com seguran\u00e7a, organiza\u00e7\u00e3o, tradi\u00e7\u00e3o e muita alegria. Agrade\u00e7o ao nosso governador Carlos Brand\u00e3o, ao nosso secret\u00e1rio Orleans Brand\u00e3o e \u00e0 nossa vice-prefeita Mariana Brand\u00e3o, que s\u00e3o grandes parceiros da nossa gest\u00e3o e acreditam no poder da cultura como transforma\u00e7\u00e3o social. Esse \u00e9 s\u00f3 o come\u00e7o! At\u00e9 julho, a festa continua, com o tradicional Arraial do Viva Maiob\u00e3o e com v\u00e1rios arraiais itinerantes nos bairros, levando cultura, divers\u00e3o e valorizando nosso povo. Isso \u00e9 mais qualidade de vida, mais alegria e mais amor por Pa\u00e7o\u201d, pontuou o Prefeito Fred.<br>A gest\u00e3o do prefeito Fred Campos mostra, mais uma vez, que quando h\u00e1 compromisso, responsabilidade e amor pela cidade, o resultado aparece. Pa\u00e7o do Lumiar vive um novo tempo, onde cultura, tradi\u00e7\u00e3o e desenvolvimento caminham de m\u00e3os dadas, fortalecendo a identidade luminense e levando alegria para todos os cantos do munic\u00edpio.<\/p>\n\n\n\n<figure class=\"wp-block-image size-large\"><img loading=\"lazy\" decoding=\"async\" width=\"573\" height=\"1024\" src=\"https:\/\/maranhaotv.com.br\/wp-content\/uploads\/2025\/06\/img-20250623-wa03674069078037172717771-573x1024.jpg\" alt=\"\" class=\"wp-image-42904\" srcset=\"https:\/\/maranhaotv.com.br\/wp-content\/uploads\/2025\/06\/img-20250623-wa03674069078037172717771-573x1024.jpg 573w, https:\/\/maranhaotv.com.br\/wp-content\/uploads\/2025\/06\/img-20250623-wa03674069078037172717771-168x300.jpg 168w, https:\/\/maranhaotv.com.br\/wp-content\/uploads\/2025\/06\/img-20250623-wa03674069078037172717771-768x1371.jpg 768w, https:\/\/maranhaotv.com.br\/wp-content\/uploads\/2025\/06\/img-20250623-wa03674069078037172717771-860x1536.jpg 860w, https:\/\/maranhaotv.com.br\/wp-content\/uploads\/2025\/06\/img-20250623-wa03674069078037172717771.jpg 896w\" sizes=\"auto, (max-width: 573px) 100vw, 573px\" \/><\/figure>\n\n\n\n<figure class=\"wp-block-image\"><img loading=\"lazy\" decoding=\"async\" width=\"1024\" height=\"682\" src=\"https:\/\/maranhaotv.com.br\/wp-content\/uploads\/2025\/06\/img-20250623-wa03612474795651514593121-1024x682.jpg\" alt=\"\" class=\"wp-image-42901\" srcset=\"https:\/\/maranhaotv.com.br\/wp-content\/uploads\/2025\/06\/img-20250623-wa03612474795651514593121-1024x682.jpg 1024w, https:\/\/maranhaotv.com.br\/wp-content\/uploads\/2025\/06\/img-20250623-wa03612474795651514593121-300x200.jpg 300w, https:\/\/maranhaotv.com.br\/wp-content\/uploads\/2025\/06\/img-20250623-wa03612474795651514593121-768x512.jpg 768w, https:\/\/maranhaotv.com.br\/wp-content\/uploads\/2025\/06\/img-20250623-wa03612474795651514593121-1536x1023.jpg 1536w, https:\/\/maranhaotv.com.br\/wp-content\/uploads\/2025\/06\/img-20250623-wa03612474795651514593121.jpg 1600w\" sizes=\"auto, (max-width: 1024px) 100vw, 1024px\" \/><\/figure>\n\n\n\n<figure class=\"wp-block-image\"><img loading=\"lazy\" decoding=\"async\" width=\"1024\" height=\"682\" src=\"https:\/\/maranhaotv.com.br\/wp-content\/uploads\/2025\/06\/img-20250623-wa03594195581035433839630-1024x682.jpg\" alt=\"\" class=\"wp-image-42903\" srcset=\"https:\/\/maranhaotv.com.br\/wp-content\/uploads\/2025\/06\/img-20250623-wa03594195581035433839630-1024x682.jpg 1024w, https:\/\/maranhaotv.com.br\/wp-content\/uploads\/2025\/06\/img-20250623-wa03594195581035433839630-300x200.jpg 300w, https:\/\/maranhaotv.com.br\/wp-content\/uploads\/2025\/06\/img-20250623-wa03594195581035433839630-768x512.jpg 768w, https:\/\/maranhaotv.com.br\/wp-content\/uploads\/2025\/06\/img-20250623-wa03594195581035433839630-1536x1023.jpg 1536w, https:\/\/maranhaotv.com.br\/wp-content\/uploads\/2025\/06\/img-20250623-wa03594195581035433839630.jpg 1600w\" sizes=\"auto, (max-width: 1024px) 100vw, 1024px\" \/><\/figure>\n\n\n\n<figure class=\"wp-block-image\"><img loading=\"lazy\" decoding=\"async\" width=\"1024\" height=\"682\" src=\"https:\/\/maranhaotv.com.br\/wp-content\/uploads\/2025\/06\/img-20250623-wa03625984666757586817528-1024x682.jpg\" alt=\"\" class=\"wp-image-42902\" srcset=\"https:\/\/maranhaotv.com.br\/wp-content\/uploads\/2025\/06\/img-20250623-wa03625984666757586817528-1024x682.jpg 1024w, https:\/\/maranhaotv.com.br\/wp-content\/uploads\/2025\/06\/img-20250623-wa03625984666757586817528-300x200.jpg 300w, https:\/\/maranhaotv.com.br\/wp-content\/uploads\/2025\/06\/img-20250623-wa03625984666757586817528-768x512.jpg 768w, https:\/\/maranhaotv.com.br\/wp-content\/uploads\/2025\/06\/img-20250623-wa03625984666757586817528-1536x1023.jpg 1536w, https:\/\/maranhaotv.com.br\/wp-content\/uploads\/2025\/06\/img-20250623-wa03625984666757586817528.jpg 1600w\" sizes=\"auto, (max-width: 1024px) 100vw, 1024px\" \/><\/figure>\n\n\n\n<figure class=\"wp-block-image\"><img loading=\"lazy\" decoding=\"async\" width=\"586\" height=\"1024\" src=\"https:\/\/maranhaotv.com.br\/wp-content\/uploads\/2025\/06\/img-20250623-wa0364413274169600939174-586x1024.jpg\" alt=\"\" class=\"wp-image-42905\" srcset=\"https:\/\/maranhaotv.com.br\/wp-content\/uploads\/2025\/06\/img-20250623-wa0364413274169600939174-586x1024.jpg 586w, https:\/\/maranhaotv.com.br\/wp-content\/uploads\/2025\/06\/img-20250623-wa0364413274169600939174-172x300.jpg 172w, https:\/\/maranhaotv.com.br\/wp-content\/uploads\/2025\/06\/img-20250623-wa0364413274169600939174-768x1341.jpg 768w, https:\/\/maranhaotv.com.br\/wp-content\/uploads\/2025\/06\/img-20250623-wa0364413274169600939174-879x1536.jpg 879w, https:\/\/maranhaotv.com.br\/wp-content\/uploads\/2025\/06\/img-20250623-wa0364413274169600939174.jpg 916w\" sizes=\"auto, (max-width: 586px) 100vw, 586px\" \/><\/figure>\n\n\n\n<figure class=\"wp-block-image\"><img loading=\"lazy\" decoding=\"async\" width=\"1024\" height=\"682\" src=\"https:\/\/maranhaotv.com.br\/wp-content\/uploads\/2025\/06\/img-20250623-wa03686547126092224624587-1024x682.jpg\" alt=\"\" class=\"wp-image-42906\" srcset=\"https:\/\/maranhaotv.com.br\/wp-content\/uploads\/2025\/06\/img-20250623-wa03686547126092224624587-1024x682.jpg 1024w, https:\/\/maranhaotv.com.br\/wp-content\/uploads\/2025\/06\/img-20250623-wa03686547126092224624587-300x200.jpg 300w, https:\/\/maranhaotv.com.br\/wp-content\/uploads\/2025\/06\/img-20250623-wa03686547126092224624587-768x512.jpg 768w, https:\/\/maranhaotv.com.br\/wp-content\/uploads\/2025\/06\/img-20250623-wa03686547126092224624587-1536x1023.jpg 1536w, https:\/\/maranhaotv.com.br\/wp-content\/uploads\/2025\/06\/img-20250623-wa03686547126092224624587.jpg 1600w\" sizes=\"auto, (max-width: 1024px) 100vw, 1024px\" \/><\/figure>\n","protected":false},"excerpt":{"rendered":"<p>O S\u00e3o Jo\u00e3o de Pa\u00e7o do Lumiar come\u00e7ou fazendo hist\u00f3ria! Sob a lideran\u00e7a do prefeito Fred Campos, o primeiro final<\/p>\n","protected":false},"author":2,"featured_media":42907,"comment_status":"open","ping_status":"open","sticky":false,"template":"","format":"standard","meta":{"colormag_page_container_layout":"default_layout","colormag_page_sidebar_layout":"default_layout","_jetpack_memberships_contains_paid_content":false,"footnotes":""},"categories":[30],"tags":[],"class_list":["post-42908","post","type-post","status-publish","format-standard","has-post-thumbnail","hentry","category-cultura"],"magazineBlocksPostFeaturedMedia":{"thumbnail":"https:\/\/maranhaotv.com.br\/wp-content\/uploads\/2025\/06\/IMG-20250623-WA0360-150x150.jpg","medium":"https:\/\/maranhaotv.com.br\/wp-content\/uploads\/2025\/06\/IMG-20250623-WA0360-300x200.jpg","medium_large":"https:\/\/maranhaotv.com.br\/wp-content\/uploads\/2025\/06\/IMG-20250623-WA0360-768x512.jpg","large":"https:\/\/maranhaotv.com.br\/wp-content\/uploads\/2025\/06\/IMG-20250623-WA0360-1024x683.jpg","1536x1536":"https:\/\/maranhaotv.com.br\/wp-content\/uploads\/2025\/06\/IMG-20250623-WA0360.jpg","2048x2048":"https:\/\/maranhaotv.com.br\/wp-content\/uploads\/2025\/06\/IMG-20250623-WA0360.jpg","colormag-highlighted-post":"https:\/\/maranhaotv.com.br\/wp-content\/uploads\/2025\/06\/IMG-20250623-WA0360-392x272.jpg","colormag-featured-post-medium":"https:\/\/maranhaotv.com.br\/wp-content\/uploads\/2025\/06\/IMG-20250623-WA0360-390x205.jpg","colormag-featured-post-small":"https:\/\/maranhaotv.com.br\/wp-content\/uploads\/2025\/06\/IMG-20250623-WA0360-130x90.jpg","colormag-featured-image":"https:\/\/maranhaotv.com.br\/wp-content\/uploads\/2025\/06\/IMG-20250623-WA0360-800x445.jpg","colormag-default-news":"https:\/\/maranhaotv.com.br\/wp-content\/uploads\/2025\/06\/IMG-20250623-WA0360-150x150.jpg","colormag-featured-image-large":"https:\/\/maranhaotv.com.br\/wp-content\/uploads\/2025\/06\/IMG-20250623-WA0360-1040x600.jpg"},"magazineBlocksPostAuthor":{"name":"maranhaotv","avatar":"https:\/\/secure.gravatar.com\/avatar\/8fadbca458d4cb68b1dd399ae9a40618d747bb1af65ac9fad21c89220a143eb4?s=96&d=mm&r=g"},"magazineBlocksPostCommentsNumber":"0","magazineBlocksPostExcerpt":"O S\u00e3o Jo\u00e3o de Pa\u00e7o do Lumiar come\u00e7ou fazendo hist\u00f3ria! Sob a lideran\u00e7a do prefeito Fred Campos, o primeiro final","magazineBlocksPostCategories":["cultura"],"magazineBlocksPostViewCount":337,"magazineBlocksPostReadTime":4,"magazine_blocks_featured_image_url":{"full":["https:\/\/maranhaotv.com.br\/wp-content\/uploads\/2025\/06\/IMG-20250623-WA0360.jpg",1040,694,false],"medium":["https:\/\/maranhaotv.com.br\/wp-content\/uploads\/2025\/06\/IMG-20250623-WA0360-300x200.jpg",300,200,true],"thumbnail":["https:\/\/maranhaotv.com.br\/wp-content\/uploads\/2025\/06\/IMG-20250623-WA0360-150x150.jpg",150,150,true]},"magazine_blocks_author":{"display_name":"maranhaotv","author_link":"https:\/\/maranhaotv.com.br\/index.php\/author\/maranhaotv\/"},"magazine_blocks_comment":0,"magazine_blocks_author_image":"https:\/\/secure.gravatar.com\/avatar\/8fadbca458d4cb68b1dd399ae9a40618d747bb1af65ac9fad21c89220a143eb4?s=96&d=mm&r=g","magazine_blocks_category":"<a href=\"#\" class=\"category-link category-link-30\">cultura<\/a>","yoast_head":"<!-- This site is optimized with the Yoast SEO plugin v27.4 - https:\/\/yoast.com\/product\/yoast-seo-wordpress\/ -->\n<title>Sob gest\u00e3o do Prefeito Fred Campos, primeiro final de semana do S\u00e3o Jo\u00e3o de Pa\u00e7o do Lumiar re\u00fane mais de 10 mil pessoas - NOT\u00cdCIAS EM TEMPO REAL<\/title>\n<meta name=\"robots\" content=\"index, follow, max-snippet:-1, max-image-preview:large, max-video-preview:-1\" \/>\n<link rel=\"canonical\" href=\"https:\/\/maranhaotv.com.br\/index.php\/2025\/06\/23\/sob-gestao-do-prefeito-fred-campos-primeiro-final-de-semana-do-sao-joao-de-paco-do-lumiar-reune-mais-de-10-mil-pessoas\/\" \/>\n<meta property=\"og:locale\" content=\"pt_BR\" \/>\n<meta property=\"og:type\" content=\"article\" \/>\n<meta property=\"og:title\" content=\"Sob gest\u00e3o do Prefeito Fred Campos, primeiro final de semana do S\u00e3o Jo\u00e3o de Pa\u00e7o do Lumiar re\u00fane mais de 10 mil pessoas - NOT\u00cdCIAS EM TEMPO REAL\" \/>\n<meta property=\"og:description\" content=\"O S\u00e3o Jo\u00e3o de Pa\u00e7o do Lumiar come\u00e7ou fazendo hist\u00f3ria! Sob a lideran\u00e7a do prefeito Fred Campos, o primeiro final\" \/>\n<meta property=\"og:url\" content=\"https:\/\/maranhaotv.com.br\/index.php\/2025\/06\/23\/sob-gestao-do-prefeito-fred-campos-primeiro-final-de-semana-do-sao-joao-de-paco-do-lumiar-reune-mais-de-10-mil-pessoas\/\" \/>\n<meta property=\"og:site_name\" content=\"NOT\u00cdCIAS EM TEMPO REAL\" \/>\n<meta property=\"article:publisher\" content=\"https:\/\/www.facebook.com\/maiobaotv\" \/>\n<meta property=\"article:published_time\" content=\"2025-06-23T21:15:35+00:00\" \/>\n<meta property=\"article:modified_time\" content=\"2025-06-23T21:15:54+00:00\" \/>\n<meta property=\"og:image\" content=\"https:\/\/maranhaotv.com.br\/wp-content\/uploads\/2025\/06\/IMG-20250623-WA0360.jpg\" \/>\n\t<meta property=\"og:image:width\" content=\"1040\" \/>\n\t<meta property=\"og:image:height\" content=\"694\" \/>\n\t<meta property=\"og:image:type\" content=\"image\/jpeg\" \/>\n<meta name=\"author\" content=\"maranhaotv\" \/>\n<meta name=\"twitter:card\" content=\"summary_large_image\" \/>\n<meta name=\"twitter:creator\" content=\"@sitemaranhaotv\" \/>\n<meta name=\"twitter:site\" content=\"@sitemaranhaotv\" \/>\n<meta name=\"twitter:label1\" content=\"Escrito por\" \/>\n\t<meta name=\"twitter:data1\" content=\"maranhaotv\" \/>\n\t<meta name=\"twitter:label2\" content=\"Est. tempo de leitura\" \/>\n\t<meta name=\"twitter:data2\" content=\"4 minutos\" \/>\n<script type=\"application\/ld+json\" class=\"yoast-schema-graph\">{\"@context\":\"https:\\\/\\\/schema.org\",\"@graph\":[{\"@type\":\"Article\",\"@id\":\"https:\\\/\\\/maranhaotv.com.br\\\/index.php\\\/2025\\\/06\\\/23\\\/sob-gestao-do-prefeito-fred-campos-primeiro-final-de-semana-do-sao-joao-de-paco-do-lumiar-reune-mais-de-10-mil-pessoas\\\/#article\",\"isPartOf\":{\"@id\":\"https:\\\/\\\/maranhaotv.com.br\\\/index.php\\\/2025\\\/06\\\/23\\\/sob-gestao-do-prefeito-fred-campos-primeiro-final-de-semana-do-sao-joao-de-paco-do-lumiar-reune-mais-de-10-mil-pessoas\\\/\"},\"author\":{\"name\":\"maranhaotv\",\"@id\":\"https:\\\/\\\/maranhaotv.com.br\\\/#\\\/schema\\\/person\\\/3d54238e86b20bb5c89ab2fdb8f8829a\"},\"headline\":\"Sob gest\u00e3o do Prefeito Fred Campos, primeiro final de semana do S\u00e3o Jo\u00e3o de Pa\u00e7o do Lumiar re\u00fane mais de 10 mil pessoas\",\"datePublished\":\"2025-06-23T21:15:35+00:00\",\"dateModified\":\"2025-06-23T21:15:54+00:00\",\"mainEntityOfPage\":{\"@id\":\"https:\\\/\\\/maranhaotv.com.br\\\/index.php\\\/2025\\\/06\\\/23\\\/sob-gestao-do-prefeito-fred-campos-primeiro-final-de-semana-do-sao-joao-de-paco-do-lumiar-reune-mais-de-10-mil-pessoas\\\/\"},\"wordCount\":748,\"commentCount\":0,\"publisher\":{\"@id\":\"https:\\\/\\\/maranhaotv.com.br\\\/#organization\"},\"image\":{\"@id\":\"https:\\\/\\\/maranhaotv.com.br\\\/index.php\\\/2025\\\/06\\\/23\\\/sob-gestao-do-prefeito-fred-campos-primeiro-final-de-semana-do-sao-joao-de-paco-do-lumiar-reune-mais-de-10-mil-pessoas\\\/#primaryimage\"},\"thumbnailUrl\":\"https:\\\/\\\/maranhaotv.com.br\\\/wp-content\\\/uploads\\\/2025\\\/06\\\/IMG-20250623-WA0360.jpg\",\"articleSection\":[\"cultura\"],\"inLanguage\":\"pt-BR\",\"potentialAction\":[{\"@type\":\"CommentAction\",\"name\":\"Comment\",\"target\":[\"https:\\\/\\\/maranhaotv.com.br\\\/index.php\\\/2025\\\/06\\\/23\\\/sob-gestao-do-prefeito-fred-campos-primeiro-final-de-semana-do-sao-joao-de-paco-do-lumiar-reune-mais-de-10-mil-pessoas\\\/#respond\"]}]},{\"@type\":\"WebPage\",\"@id\":\"https:\\\/\\\/maranhaotv.com.br\\\/index.php\\\/2025\\\/06\\\/23\\\/sob-gestao-do-prefeito-fred-campos-primeiro-final-de-semana-do-sao-joao-de-paco-do-lumiar-reune-mais-de-10-mil-pessoas\\\/\",\"url\":\"https:\\\/\\\/maranhaotv.com.br\\\/index.php\\\/2025\\\/06\\\/23\\\/sob-gestao-do-prefeito-fred-campos-primeiro-final-de-semana-do-sao-joao-de-paco-do-lumiar-reune-mais-de-10-mil-pessoas\\\/\",\"name\":\"Sob gest\u00e3o do Prefeito Fred Campos, primeiro final de semana do S\u00e3o Jo\u00e3o de Pa\u00e7o do Lumiar re\u00fane mais de 10 mil pessoas - NOT\u00cdCIAS EM TEMPO REAL\",\"isPartOf\":{\"@id\":\"https:\\\/\\\/maranhaotv.com.br\\\/#website\"},\"primaryImageOfPage\":{\"@id\":\"https:\\\/\\\/maranhaotv.com.br\\\/index.php\\\/2025\\\/06\\\/23\\\/sob-gestao-do-prefeito-fred-campos-primeiro-final-de-semana-do-sao-joao-de-paco-do-lumiar-reune-mais-de-10-mil-pessoas\\\/#primaryimage\"},\"image\":{\"@id\":\"https:\\\/\\\/maranhaotv.com.br\\\/index.php\\\/2025\\\/06\\\/23\\\/sob-gestao-do-prefeito-fred-campos-primeiro-final-de-semana-do-sao-joao-de-paco-do-lumiar-reune-mais-de-10-mil-pessoas\\\/#primaryimage\"},\"thumbnailUrl\":\"https:\\\/\\\/maranhaotv.com.br\\\/wp-content\\\/uploads\\\/2025\\\/06\\\/IMG-20250623-WA0360.jpg\",\"datePublished\":\"2025-06-23T21:15:35+00:00\",\"dateModified\":\"2025-06-23T21:15:54+00:00\",\"breadcrumb\":{\"@id\":\"https:\\\/\\\/maranhaotv.com.br\\\/index.php\\\/2025\\\/06\\\/23\\\/sob-gestao-do-prefeito-fred-campos-primeiro-final-de-semana-do-sao-joao-de-paco-do-lumiar-reune-mais-de-10-mil-pessoas\\\/#breadcrumb\"},\"inLanguage\":\"pt-BR\",\"potentialAction\":[{\"@type\":\"ReadAction\",\"target\":[\"https:\\\/\\\/maranhaotv.com.br\\\/index.php\\\/2025\\\/06\\\/23\\\/sob-gestao-do-prefeito-fred-campos-primeiro-final-de-semana-do-sao-joao-de-paco-do-lumiar-reune-mais-de-10-mil-pessoas\\\/\"]}]},{\"@type\":\"ImageObject\",\"inLanguage\":\"pt-BR\",\"@id\":\"https:\\\/\\\/maranhaotv.com.br\\\/index.php\\\/2025\\\/06\\\/23\\\/sob-gestao-do-prefeito-fred-campos-primeiro-final-de-semana-do-sao-joao-de-paco-do-lumiar-reune-mais-de-10-mil-pessoas\\\/#primaryimage\",\"url\":\"https:\\\/\\\/maranhaotv.com.br\\\/wp-content\\\/uploads\\\/2025\\\/06\\\/IMG-20250623-WA0360.jpg\",\"contentUrl\":\"https:\\\/\\\/maranhaotv.com.br\\\/wp-content\\\/uploads\\\/2025\\\/06\\\/IMG-20250623-WA0360.jpg\",\"width\":1040,\"height\":694},{\"@type\":\"BreadcrumbList\",\"@id\":\"https:\\\/\\\/maranhaotv.com.br\\\/index.php\\\/2025\\\/06\\\/23\\\/sob-gestao-do-prefeito-fred-campos-primeiro-final-de-semana-do-sao-joao-de-paco-do-lumiar-reune-mais-de-10-mil-pessoas\\\/#breadcrumb\",\"itemListElement\":[{\"@type\":\"ListItem\",\"position\":1,\"name\":\"In\u00edcio\",\"item\":\"https:\\\/\\\/maranhaotv.com.br\\\/\"},{\"@type\":\"ListItem\",\"position\":2,\"name\":\"Sob gest\u00e3o do Prefeito Fred Campos, primeiro final de semana do S\u00e3o Jo\u00e3o de Pa\u00e7o do Lumiar re\u00fane mais de 10 mil pessoas\"}]},{\"@type\":\"WebSite\",\"@id\":\"https:\\\/\\\/maranhaotv.com.br\\\/#website\",\"url\":\"https:\\\/\\\/maranhaotv.com.br\\\/\",\"name\":\"Maranh\u00e3oTV\",\"description\":\"\",\"publisher\":{\"@id\":\"https:\\\/\\\/maranhaotv.com.br\\\/#organization\"},\"potentialAction\":[{\"@type\":\"SearchAction\",\"target\":{\"@type\":\"EntryPoint\",\"urlTemplate\":\"https:\\\/\\\/maranhaotv.com.br\\\/?s={search_term_string}\"},\"query-input\":{\"@type\":\"PropertyValueSpecification\",\"valueRequired\":true,\"valueName\":\"search_term_string\"}}],\"inLanguage\":\"pt-BR\"},{\"@type\":\"Organization\",\"@id\":\"https:\\\/\\\/maranhaotv.com.br\\\/#organization\",\"name\":\"Portal de Not\u00edcias\",\"url\":\"https:\\\/\\\/maranhaotv.com.br\\\/\",\"logo\":{\"@type\":\"ImageObject\",\"inLanguage\":\"pt-BR\",\"@id\":\"https:\\\/\\\/maranhaotv.com.br\\\/#\\\/schema\\\/logo\\\/image\\\/\",\"url\":\"https:\\\/\\\/maranhaotv.com.br\\\/wp-content\\\/uploads\\\/2024\\\/05\\\/cropped-cropped-avatar-1.png\",\"contentUrl\":\"https:\\\/\\\/maranhaotv.com.br\\\/wp-content\\\/uploads\\\/2024\\\/05\\\/cropped-cropped-avatar-1.png\",\"width\":792,\"height\":428,\"caption\":\"Portal de Not\u00edcias\"},\"image\":{\"@id\":\"https:\\\/\\\/maranhaotv.com.br\\\/#\\\/schema\\\/logo\\\/image\\\/\"},\"sameAs\":[\"https:\\\/\\\/www.facebook.com\\\/maiobaotv\",\"https:\\\/\\\/x.com\\\/sitemaranhaotv\",\"https:\\\/\\\/www.instagram.com\\\/maranhao.tv\",\"https:\\\/\\\/www.threads.net\\\/@maranhao.tv\"]},{\"@type\":\"Person\",\"@id\":\"https:\\\/\\\/maranhaotv.com.br\\\/#\\\/schema\\\/person\\\/3d54238e86b20bb5c89ab2fdb8f8829a\",\"name\":\"maranhaotv\",\"image\":{\"@type\":\"ImageObject\",\"inLanguage\":\"pt-BR\",\"@id\":\"https:\\\/\\\/secure.gravatar.com\\\/avatar\\\/8fadbca458d4cb68b1dd399ae9a40618d747bb1af65ac9fad21c89220a143eb4?s=96&d=mm&r=g\",\"url\":\"https:\\\/\\\/secure.gravatar.com\\\/avatar\\\/8fadbca458d4cb68b1dd399ae9a40618d747bb1af65ac9fad21c89220a143eb4?s=96&d=mm&r=g\",\"contentUrl\":\"https:\\\/\\\/secure.gravatar.com\\\/avatar\\\/8fadbca458d4cb68b1dd399ae9a40618d747bb1af65ac9fad21c89220a143eb4?s=96&d=mm&r=g\",\"caption\":\"maranhaotv\"},\"sameAs\":[\"https:\\\/\\\/maranhaotv.com.br\\\/\"],\"url\":\"https:\\\/\\\/maranhaotv.com.br\\\/index.php\\\/author\\\/maranhaotv\\\/\"}]}<\/script>\n<!-- \/ Yoast SEO plugin. -->","yoast_head_json":{"title":"Sob gest\u00e3o do Prefeito Fred Campos, primeiro final de semana do S\u00e3o Jo\u00e3o de Pa\u00e7o do Lumiar re\u00fane mais de 10 mil pessoas - NOT\u00cdCIAS EM TEMPO REAL","robots":{"index":"index","follow":"follow","max-snippet":"max-snippet:-1","max-image-preview":"max-image-preview:large","max-video-preview":"max-video-preview:-1"},"canonical":"https:\/\/maranhaotv.com.br\/index.php\/2025\/06\/23\/sob-gestao-do-prefeito-fred-campos-primeiro-final-de-semana-do-sao-joao-de-paco-do-lumiar-reune-mais-de-10-mil-pessoas\/","og_locale":"pt_BR","og_type":"article","og_title":"Sob gest\u00e3o do Prefeito Fred Campos, primeiro final de semana do S\u00e3o Jo\u00e3o de Pa\u00e7o do Lumiar re\u00fane mais de 10 mil pessoas - NOT\u00cdCIAS EM TEMPO REAL","og_description":"O S\u00e3o Jo\u00e3o de Pa\u00e7o do Lumiar come\u00e7ou fazendo hist\u00f3ria! Sob a lideran\u00e7a do prefeito Fred Campos, o primeiro final","og_url":"https:\/\/maranhaotv.com.br\/index.php\/2025\/06\/23\/sob-gestao-do-prefeito-fred-campos-primeiro-final-de-semana-do-sao-joao-de-paco-do-lumiar-reune-mais-de-10-mil-pessoas\/","og_site_name":"NOT\u00cdCIAS EM TEMPO REAL","article_publisher":"https:\/\/www.facebook.com\/maiobaotv","article_published_time":"2025-06-23T21:15:35+00:00","article_modified_time":"2025-06-23T21:15:54+00:00","og_image":[{"width":1040,"height":694,"url":"https:\/\/maranhaotv.com.br\/wp-content\/uploads\/2025\/06\/IMG-20250623-WA0360.jpg","type":"image\/jpeg"}],"author":"maranhaotv","twitter_card":"summary_large_image","twitter_creator":"@sitemaranhaotv","twitter_site":"@sitemaranhaotv","twitter_misc":{"Escrito por":"maranhaotv","Est. tempo de leitura":"4 minutos"},"schema":{"@context":"https:\/\/schema.org","@graph":[{"@type":"Article","@id":"https:\/\/maranhaotv.com.br\/index.php\/2025\/06\/23\/sob-gestao-do-prefeito-fred-campos-primeiro-final-de-semana-do-sao-joao-de-paco-do-lumiar-reune-mais-de-10-mil-pessoas\/#article","isPartOf":{"@id":"https:\/\/maranhaotv.com.br\/index.php\/2025\/06\/23\/sob-gestao-do-prefeito-fred-campos-primeiro-final-de-semana-do-sao-joao-de-paco-do-lumiar-reune-mais-de-10-mil-pessoas\/"},"author":{"name":"maranhaotv","@id":"https:\/\/maranhaotv.com.br\/#\/schema\/person\/3d54238e86b20bb5c89ab2fdb8f8829a"},"headline":"Sob gest\u00e3o do Prefeito Fred Campos, primeiro final de semana do S\u00e3o Jo\u00e3o de Pa\u00e7o do Lumiar re\u00fane mais de 10 mil pessoas","datePublished":"2025-06-23T21:15:35+00:00","dateModified":"2025-06-23T21:15:54+00:00","mainEntityOfPage":{"@id":"https:\/\/maranhaotv.com.br\/index.php\/2025\/06\/23\/sob-gestao-do-prefeito-fred-campos-primeiro-final-de-semana-do-sao-joao-de-paco-do-lumiar-reune-mais-de-10-mil-pessoas\/"},"wordCount":748,"commentCount":0,"publisher":{"@id":"https:\/\/maranhaotv.com.br\/#organization"},"image":{"@id":"https:\/\/maranhaotv.com.br\/index.php\/2025\/06\/23\/sob-gestao-do-prefeito-fred-campos-primeiro-final-de-semana-do-sao-joao-de-paco-do-lumiar-reune-mais-de-10-mil-pessoas\/#primaryimage"},"thumbnailUrl":"https:\/\/maranhaotv.com.br\/wp-content\/uploads\/2025\/06\/IMG-20250623-WA0360.jpg","articleSection":["cultura"],"inLanguage":"pt-BR","potentialAction":[{"@type":"CommentAction","name":"Comment","target":["https:\/\/maranhaotv.com.br\/index.php\/2025\/06\/23\/sob-gestao-do-prefeito-fred-campos-primeiro-final-de-semana-do-sao-joao-de-paco-do-lumiar-reune-mais-de-10-mil-pessoas\/#respond"]}]},{"@type":"WebPage","@id":"https:\/\/maranhaotv.com.br\/index.php\/2025\/06\/23\/sob-gestao-do-prefeito-fred-campos-primeiro-final-de-semana-do-sao-joao-de-paco-do-lumiar-reune-mais-de-10-mil-pessoas\/","url":"https:\/\/maranhaotv.com.br\/index.php\/2025\/06\/23\/sob-gestao-do-prefeito-fred-campos-primeiro-final-de-semana-do-sao-joao-de-paco-do-lumiar-reune-mais-de-10-mil-pessoas\/","name":"Sob gest\u00e3o do Prefeito Fred Campos, primeiro final de semana do S\u00e3o Jo\u00e3o de Pa\u00e7o do Lumiar re\u00fane mais de 10 mil pessoas - NOT\u00cdCIAS EM TEMPO REAL","isPartOf":{"@id":"https:\/\/maranhaotv.com.br\/#website"},"primaryImageOfPage":{"@id":"https:\/\/maranhaotv.com.br\/index.php\/2025\/06\/23\/sob-gestao-do-prefeito-fred-campos-primeiro-final-de-semana-do-sao-joao-de-paco-do-lumiar-reune-mais-de-10-mil-pessoas\/#primaryimage"},"image":{"@id":"https:\/\/maranhaotv.com.br\/index.php\/2025\/06\/23\/sob-gestao-do-prefeito-fred-campos-primeiro-final-de-semana-do-sao-joao-de-paco-do-lumiar-reune-mais-de-10-mil-pessoas\/#primaryimage"},"thumbnailUrl":"https:\/\/maranhaotv.com.br\/wp-content\/uploads\/2025\/06\/IMG-20250623-WA0360.jpg","datePublished":"2025-06-23T21:15:35+00:00","dateModified":"2025-06-23T21:15:54+00:00","breadcrumb":{"@id":"https:\/\/maranhaotv.com.br\/index.php\/2025\/06\/23\/sob-gestao-do-prefeito-fred-campos-primeiro-final-de-semana-do-sao-joao-de-paco-do-lumiar-reune-mais-de-10-mil-pessoas\/#breadcrumb"},"inLanguage":"pt-BR","potentialAction":[{"@type":"ReadAction","target":["https:\/\/maranhaotv.com.br\/index.php\/2025\/06\/23\/sob-gestao-do-prefeito-fred-campos-primeiro-final-de-semana-do-sao-joao-de-paco-do-lumiar-reune-mais-de-10-mil-pessoas\/"]}]},{"@type":"ImageObject","inLanguage":"pt-BR","@id":"https:\/\/maranhaotv.com.br\/index.php\/2025\/06\/23\/sob-gestao-do-prefeito-fred-campos-primeiro-final-de-semana-do-sao-joao-de-paco-do-lumiar-reune-mais-de-10-mil-pessoas\/#primaryimage","url":"https:\/\/maranhaotv.com.br\/wp-content\/uploads\/2025\/06\/IMG-20250623-WA0360.jpg","contentUrl":"https:\/\/maranhaotv.com.br\/wp-content\/uploads\/2025\/06\/IMG-20250623-WA0360.jpg","width":1040,"height":694},{"@type":"BreadcrumbList","@id":"https:\/\/maranhaotv.com.br\/index.php\/2025\/06\/23\/sob-gestao-do-prefeito-fred-campos-primeiro-final-de-semana-do-sao-joao-de-paco-do-lumiar-reune-mais-de-10-mil-pessoas\/#breadcrumb","itemListElement":[{"@type":"ListItem","position":1,"name":"In\u00edcio","item":"https:\/\/maranhaotv.com.br\/"},{"@type":"ListItem","position":2,"name":"Sob gest\u00e3o do Prefeito Fred Campos, primeiro final de semana do S\u00e3o Jo\u00e3o de Pa\u00e7o do Lumiar re\u00fane mais de 10 mil pessoas"}]},{"@type":"WebSite","@id":"https:\/\/maranhaotv.com.br\/#website","url":"https:\/\/maranhaotv.com.br\/","name":"Maranh\u00e3oTV","description":"","publisher":{"@id":"https:\/\/maranhaotv.com.br\/#organization"},"potentialAction":[{"@type":"SearchAction","target":{"@type":"EntryPoint","urlTemplate":"https:\/\/maranhaotv.com.br\/?s={search_term_string}"},"query-input":{"@type":"PropertyValueSpecification","valueRequired":true,"valueName":"search_term_string"}}],"inLanguage":"pt-BR"},{"@type":"Organization","@id":"https:\/\/maranhaotv.com.br\/#organization","name":"Portal de Not\u00edcias","url":"https:\/\/maranhaotv.com.br\/","logo":{"@type":"ImageObject","inLanguage":"pt-BR","@id":"https:\/\/maranhaotv.com.br\/#\/schema\/logo\/image\/","url":"https:\/\/maranhaotv.com.br\/wp-content\/uploads\/2024\/05\/cropped-cropped-avatar-1.png","contentUrl":"https:\/\/maranhaotv.com.br\/wp-content\/uploads\/2024\/05\/cropped-cropped-avatar-1.png","width":792,"height":428,"caption":"Portal de Not\u00edcias"},"image":{"@id":"https:\/\/maranhaotv.com.br\/#\/schema\/logo\/image\/"},"sameAs":["https:\/\/www.facebook.com\/maiobaotv","https:\/\/x.com\/sitemaranhaotv","https:\/\/www.instagram.com\/maranhao.tv","https:\/\/www.threads.net\/@maranhao.tv"]},{"@type":"Person","@id":"https:\/\/maranhaotv.com.br\/#\/schema\/person\/3d54238e86b20bb5c89ab2fdb8f8829a","name":"maranhaotv","image":{"@type":"ImageObject","inLanguage":"pt-BR","@id":"https:\/\/secure.gravatar.com\/avatar\/8fadbca458d4cb68b1dd399ae9a40618d747bb1af65ac9fad21c89220a143eb4?s=96&d=mm&r=g","url":"https:\/\/secure.gravatar.com\/avatar\/8fadbca458d4cb68b1dd399ae9a40618d747bb1af65ac9fad21c89220a143eb4?s=96&d=mm&r=g","contentUrl":"https:\/\/secure.gravatar.com\/avatar\/8fadbca458d4cb68b1dd399ae9a40618d747bb1af65ac9fad21c89220a143eb4?s=96&d=mm&r=g","caption":"maranhaotv"},"sameAs":["https:\/\/maranhaotv.com.br\/"],"url":"https:\/\/maranhaotv.com.br\/index.php\/author\/maranhaotv\/"}]}},"jetpack_featured_media_url":"https:\/\/maranhaotv.com.br\/wp-content\/uploads\/2025\/06\/IMG-20250623-WA0360.jpg","jetpack_sharing_enabled":true,"_links":{"self":[{"href":"https:\/\/maranhaotv.com.br\/index.php\/wp-json\/wp\/v2\/posts\/42908","targetHints":{"allow":["GET"]}}],"collection":[{"href":"https:\/\/maranhaotv.com.br\/index.php\/wp-json\/wp\/v2\/posts"}],"about":[{"href":"https:\/\/maranhaotv.com.br\/index.php\/wp-json\/wp\/v2\/types\/post"}],"author":[{"embeddable":true,"href":"https:\/\/maranhaotv.com.br\/index.php\/wp-json\/wp\/v2\/users\/2"}],"replies":[{"embeddable":true,"href":"https:\/\/maranhaotv.com.br\/index.php\/wp-json\/wp\/v2\/comments?post=42908"}],"version-history":[{"count":1,"href":"https:\/\/maranhaotv.com.br\/index.php\/wp-json\/wp\/v2\/posts\/42908\/revisions"}],"predecessor-version":[{"id":42909,"href":"https:\/\/maranhaotv.com.br\/index.php\/wp-json\/wp\/v2\/posts\/42908\/revisions\/42909"}],"wp:featuredmedia":[{"embeddable":true,"href":"https:\/\/maranhaotv.com.br\/index.php\/wp-json\/wp\/v2\/media\/42907"}],"wp:attachment":[{"href":"https:\/\/maranhaotv.com.br\/index.php\/wp-json\/wp\/v2\/media?parent=42908"}],"wp:term":[{"taxonomy":"category","embeddable":true,"href":"https:\/\/maranhaotv.com.br\/index.php\/wp-json\/wp\/v2\/categories?post=42908"},{"taxonomy":"post_tag","embeddable":true,"href":"https:\/\/maranhaotv.com.br\/index.php\/wp-json\/wp\/v2\/tags?post=42908"}],"curies":[{"name":"wp","href":"https:\/\/api.w.org\/{rel}","templated":true}]}}