{"id":42956,"date":"2025-06-26T18:10:21","date_gmt":"2025-06-26T21:10:21","guid":{"rendered":"https:\/\/maranhaotv.com.br\/?p=42956"},"modified":"2025-06-26T18:11:12","modified_gmt":"2025-06-26T21:11:12","slug":"prefeito-fred-campos-da-posse-a-mais-de-40-servidores-concursados-e-reforca-compromisso-com-a-educacao-em-paco-do-lumiar","status":"publish","type":"post","link":"https:\/\/maranhaotv.com.br\/index.php\/2025\/06\/26\/prefeito-fred-campos-da-posse-a-mais-de-40-servidores-concursados-e-reforca-compromisso-com-a-educacao-em-paco-do-lumiar\/","title":{"rendered":"Prefeito Fred Campos d\u00e1 posse a mais de 40 servidores concursados e refor\u00e7a compromisso com a educa\u00e7\u00e3o em Pa\u00e7o do Lumiar"},"content":{"rendered":"\n<p><br>O prefeito de Pa\u00e7o do Lumiar, Fred Campos, deu posse nesta quinta-feira (26) a mais de 40 servidores aprovados no \u00faltimo concurso p\u00fablico realizado pelo munic\u00edpio na \u00e1rea da educa\u00e7\u00e3o. A cerim\u00f4nia aconteceu na sede da Prefeitura e contou com a presen\u00e7a do Secret\u00e1rio Municipal de Educa\u00e7\u00e3o, Professor F\u00e1bio Henrique, secret\u00e1rios municipais, familiares e amigos dos novos servidores. A primeira-dama do munic\u00edpio, Maedja Campos <br>Com emo\u00e7\u00e3o e sentimento de conquista, os novos profissionais passam a integrar o quadro efetivo da rede municipal de ensino e v\u00e3o atuar em diferentes escolas de Pa\u00e7o do Lumiar. A posse representa n\u00e3o apenas a realiza\u00e7\u00e3o de um sonho para os empossados, mas tamb\u00e9m o fortalecimento da educa\u00e7\u00e3o p\u00fablica luminense.<br>Durante o ato, o prefeito Fred Campos ressaltou que a nomea\u00e7\u00e3o dos concursados \u00e9 uma demonstra\u00e7\u00e3o clara de respeito \u00e0s leis, ao m\u00e9rito dos aprovados e ao compromisso da sua gest\u00e3o com a qualidade do ensino. \u201cA educa\u00e7\u00e3o \u00e9 uma prioridade do nosso governo. Estamos aqui nomeando profissionais concursados porque acreditamos na valoriza\u00e7\u00e3o da carreira p\u00fablica, na estabilidade e no investimento em uma educa\u00e7\u00e3o que transforma vidas\u201d, afirmou.<br>Para muitos dos professores, este \u00e9 o in\u00edcio de uma nova fase cheia de expectativas. \u201cFoi uma longa espera, mas hoje \u00e9 um dia de vit\u00f3ria. Estou muito feliz em fazer parte da rede de ensino e pronta para dar o meu melhor pelos nossos alunos\u201d, contou emocionada a professora Ana Cl\u00e1udia.<br>A atual gest\u00e3o tem investido fortemente no setor educacional com reformas de escolas, entrega de novos polos do programa EducaPa\u00e7o, melhorias no transporte escolar, climatiza\u00e7\u00e3o de salas de aula, capacita\u00e7\u00e3o de profissionais e valoriza\u00e7\u00e3o dos servidores. A nomea\u00e7\u00e3o dos professores concursados \u00e9 mais uma a\u00e7\u00e3o concreta que refor\u00e7a esse compromisso.<br>Fred Campos encerrou a cerim\u00f4nia destacando que o fortalecimento da educa\u00e7\u00e3o \u00e9 uma das principais ferramentas para promover a transforma\u00e7\u00e3o social que Pa\u00e7o do Lumiar precisa. \u201cCom profissionais capacitados, estrutura adequada e pol\u00edticas p\u00fablicas eficazes, vamos construir um futuro melhor para nossas crian\u00e7as e jovens.\u201d<\/p>\n\n\n\n<figure class=\"wp-block-image size-large\"><img loading=\"lazy\" decoding=\"async\" width=\"1024\" height=\"682\" src=\"https:\/\/maranhaotv.com.br\/wp-content\/uploads\/2025\/06\/img-20250626-wa04121797071465629154841-1024x682.jpg\" alt=\"\" class=\"wp-image-42951\" srcset=\"https:\/\/maranhaotv.com.br\/wp-content\/uploads\/2025\/06\/img-20250626-wa04121797071465629154841-1024x682.jpg 1024w, https:\/\/maranhaotv.com.br\/wp-content\/uploads\/2025\/06\/img-20250626-wa04121797071465629154841-300x200.jpg 300w, https:\/\/maranhaotv.com.br\/wp-content\/uploads\/2025\/06\/img-20250626-wa04121797071465629154841-768x512.jpg 768w, https:\/\/maranhaotv.com.br\/wp-content\/uploads\/2025\/06\/img-20250626-wa04121797071465629154841-1536x1023.jpg 1536w, https:\/\/maranhaotv.com.br\/wp-content\/uploads\/2025\/06\/img-20250626-wa04121797071465629154841.jpg 1600w\" sizes=\"auto, (max-width: 1024px) 100vw, 1024px\" \/><\/figure>\n\n\n\n<figure class=\"wp-block-image\"><img loading=\"lazy\" decoding=\"async\" width=\"1024\" height=\"682\" src=\"https:\/\/maranhaotv.com.br\/wp-content\/uploads\/2025\/06\/img-20250626-wa04116181613630111375819-1024x682.jpg\" alt=\"\" class=\"wp-image-42953\" srcset=\"https:\/\/maranhaotv.com.br\/wp-content\/uploads\/2025\/06\/img-20250626-wa04116181613630111375819-1024x682.jpg 1024w, https:\/\/maranhaotv.com.br\/wp-content\/uploads\/2025\/06\/img-20250626-wa04116181613630111375819-300x200.jpg 300w, https:\/\/maranhaotv.com.br\/wp-content\/uploads\/2025\/06\/img-20250626-wa04116181613630111375819-768x512.jpg 768w, https:\/\/maranhaotv.com.br\/wp-content\/uploads\/2025\/06\/img-20250626-wa04116181613630111375819-1536x1023.jpg 1536w, https:\/\/maranhaotv.com.br\/wp-content\/uploads\/2025\/06\/img-20250626-wa04116181613630111375819.jpg 1600w\" sizes=\"auto, (max-width: 1024px) 100vw, 1024px\" \/><\/figure>\n\n\n\n<figure class=\"wp-block-image\"><img loading=\"lazy\" decoding=\"async\" width=\"1024\" height=\"682\" src=\"https:\/\/maranhaotv.com.br\/wp-content\/uploads\/2025\/06\/img-20250626-wa0415678695326849539143-1024x682.jpg\" alt=\"\" class=\"wp-image-42952\" srcset=\"https:\/\/maranhaotv.com.br\/wp-content\/uploads\/2025\/06\/img-20250626-wa0415678695326849539143-1024x682.jpg 1024w, https:\/\/maranhaotv.com.br\/wp-content\/uploads\/2025\/06\/img-20250626-wa0415678695326849539143-300x200.jpg 300w, https:\/\/maranhaotv.com.br\/wp-content\/uploads\/2025\/06\/img-20250626-wa0415678695326849539143-768x512.jpg 768w, https:\/\/maranhaotv.com.br\/wp-content\/uploads\/2025\/06\/img-20250626-wa0415678695326849539143-1536x1023.jpg 1536w, https:\/\/maranhaotv.com.br\/wp-content\/uploads\/2025\/06\/img-20250626-wa0415678695326849539143.jpg 1600w\" sizes=\"auto, (max-width: 1024px) 100vw, 1024px\" \/><\/figure>\n\n\n\n<figure class=\"wp-block-image\"><img loading=\"lazy\" decoding=\"async\" width=\"1024\" height=\"682\" src=\"https:\/\/maranhaotv.com.br\/wp-content\/uploads\/2025\/06\/img-20250626-wa04133011951703377769343-1024x682.jpg\" alt=\"\" class=\"wp-image-42954\" srcset=\"https:\/\/maranhaotv.com.br\/wp-content\/uploads\/2025\/06\/img-20250626-wa04133011951703377769343-1024x682.jpg 1024w, https:\/\/maranhaotv.com.br\/wp-content\/uploads\/2025\/06\/img-20250626-wa04133011951703377769343-300x200.jpg 300w, https:\/\/maranhaotv.com.br\/wp-content\/uploads\/2025\/06\/img-20250626-wa04133011951703377769343-768x512.jpg 768w, https:\/\/maranhaotv.com.br\/wp-content\/uploads\/2025\/06\/img-20250626-wa04133011951703377769343-1536x1023.jpg 1536w, https:\/\/maranhaotv.com.br\/wp-content\/uploads\/2025\/06\/img-20250626-wa04133011951703377769343.jpg 1600w\" sizes=\"auto, (max-width: 1024px) 100vw, 1024px\" \/><\/figure>\n","protected":false},"excerpt":{"rendered":"<p>O prefeito de Pa\u00e7o do Lumiar, Fred Campos, deu posse nesta quinta-feira (26) a mais de 40 servidores aprovados no<\/p>\n","protected":false},"author":2,"featured_media":42955,"comment_status":"open","ping_status":"open","sticky":false,"template":"","format":"standard","meta":{"colormag_page_container_layout":"default_layout","colormag_page_sidebar_layout":"default_layout","_jetpack_memberships_contains_paid_content":false,"footnotes":""},"categories":[2],"tags":[],"class_list":["post-42956","post","type-post","status-publish","format-standard","has-post-thumbnail","hentry","category-noticias"],"magazineBlocksPostFeaturedMedia":{"thumbnail":"https:\/\/maranhaotv.com.br\/wp-content\/uploads\/2025\/06\/IMG-20250626-WA0414-150x150.jpg","medium":"https:\/\/maranhaotv.com.br\/wp-content\/uploads\/2025\/06\/IMG-20250626-WA0414-300x200.jpg","medium_large":"https:\/\/maranhaotv.com.br\/wp-content\/uploads\/2025\/06\/IMG-20250626-WA0414-768x512.jpg","large":"https:\/\/maranhaotv.com.br\/wp-content\/uploads\/2025\/06\/IMG-20250626-WA0414-1024x682.jpg","1536x1536":"https:\/\/maranhaotv.com.br\/wp-content\/uploads\/2025\/06\/IMG-20250626-WA0414-1536x1023.jpg","2048x2048":"https:\/\/maranhaotv.com.br\/wp-content\/uploads\/2025\/06\/IMG-20250626-WA0414.jpg","colormag-highlighted-post":"https:\/\/maranhaotv.com.br\/wp-content\/uploads\/2025\/06\/IMG-20250626-WA0414-392x272.jpg","colormag-featured-post-medium":"https:\/\/maranhaotv.com.br\/wp-content\/uploads\/2025\/06\/IMG-20250626-WA0414-390x205.jpg","colormag-featured-post-small":"https:\/\/maranhaotv.com.br\/wp-content\/uploads\/2025\/06\/IMG-20250626-WA0414-130x90.jpg","colormag-featured-image":"https:\/\/maranhaotv.com.br\/wp-content\/uploads\/2025\/06\/IMG-20250626-WA0414-800x445.jpg","colormag-default-news":"https:\/\/maranhaotv.com.br\/wp-content\/uploads\/2025\/06\/IMG-20250626-WA0414-150x150.jpg","colormag-featured-image-large":"https:\/\/maranhaotv.com.br\/wp-content\/uploads\/2025\/06\/IMG-20250626-WA0414-1400x600.jpg"},"magazineBlocksPostAuthor":{"name":"maranhaotv","avatar":"https:\/\/secure.gravatar.com\/avatar\/8fadbca458d4cb68b1dd399ae9a40618d747bb1af65ac9fad21c89220a143eb4?s=96&d=mm&r=g"},"magazineBlocksPostCommentsNumber":"0","magazineBlocksPostExcerpt":"O prefeito de Pa\u00e7o do Lumiar, Fred Campos, deu posse nesta quinta-feira (26) a mais de 40 servidores aprovados no","magazineBlocksPostCategories":["not\u00edcias"],"magazineBlocksPostViewCount":249,"magazineBlocksPostReadTime":2,"magazine_blocks_featured_image_url":{"full":["https:\/\/maranhaotv.com.br\/wp-content\/uploads\/2025\/06\/IMG-20250626-WA0414.jpg",1600,1066,false],"medium":["https:\/\/maranhaotv.com.br\/wp-content\/uploads\/2025\/06\/IMG-20250626-WA0414-300x200.jpg",300,200,true],"thumbnail":["https:\/\/maranhaotv.com.br\/wp-content\/uploads\/2025\/06\/IMG-20250626-WA0414-150x150.jpg",150,150,true]},"magazine_blocks_author":{"display_name":"maranhaotv","author_link":"https:\/\/maranhaotv.com.br\/index.php\/author\/maranhaotv\/"},"magazine_blocks_comment":0,"magazine_blocks_author_image":"https:\/\/secure.gravatar.com\/avatar\/8fadbca458d4cb68b1dd399ae9a40618d747bb1af65ac9fad21c89220a143eb4?s=96&d=mm&r=g","magazine_blocks_category":"<a href=\"#\" class=\"category-link category-link-2\">not\u00edcias<\/a>","yoast_head":"<!-- This site is optimized with the Yoast SEO plugin v27.4 - https:\/\/yoast.com\/product\/yoast-seo-wordpress\/ -->\n<title>Prefeito Fred Campos d\u00e1 posse a mais de 40 servidores concursados e refor\u00e7a compromisso com a educa\u00e7\u00e3o em Pa\u00e7o do Lumiar - NOT\u00cdCIAS EM TEMPO REAL<\/title>\n<meta name=\"robots\" content=\"index, follow, max-snippet:-1, max-image-preview:large, max-video-preview:-1\" \/>\n<link rel=\"canonical\" href=\"https:\/\/maranhaotv.com.br\/index.php\/2025\/06\/26\/prefeito-fred-campos-da-posse-a-mais-de-40-servidores-concursados-e-reforca-compromisso-com-a-educacao-em-paco-do-lumiar\/\" \/>\n<meta property=\"og:locale\" content=\"pt_BR\" \/>\n<meta property=\"og:type\" content=\"article\" \/>\n<meta property=\"og:title\" content=\"Prefeito Fred Campos d\u00e1 posse a mais de 40 servidores concursados e refor\u00e7a compromisso com a educa\u00e7\u00e3o em Pa\u00e7o do Lumiar - NOT\u00cdCIAS EM TEMPO REAL\" \/>\n<meta property=\"og:description\" content=\"O prefeito de Pa\u00e7o do Lumiar, Fred Campos, deu posse nesta quinta-feira (26) a mais de 40 servidores aprovados no\" \/>\n<meta property=\"og:url\" content=\"https:\/\/maranhaotv.com.br\/index.php\/2025\/06\/26\/prefeito-fred-campos-da-posse-a-mais-de-40-servidores-concursados-e-reforca-compromisso-com-a-educacao-em-paco-do-lumiar\/\" \/>\n<meta property=\"og:site_name\" content=\"NOT\u00cdCIAS EM TEMPO REAL\" \/>\n<meta property=\"article:publisher\" content=\"https:\/\/www.facebook.com\/maiobaotv\" \/>\n<meta property=\"article:published_time\" content=\"2025-06-26T21:10:21+00:00\" \/>\n<meta property=\"article:modified_time\" content=\"2025-06-26T21:11:12+00:00\" \/>\n<meta property=\"og:image\" content=\"https:\/\/maranhaotv.com.br\/wp-content\/uploads\/2025\/06\/IMG-20250626-WA0414.jpg\" \/>\n\t<meta property=\"og:image:width\" content=\"1600\" \/>\n\t<meta property=\"og:image:height\" content=\"1066\" \/>\n\t<meta property=\"og:image:type\" content=\"image\/jpeg\" \/>\n<meta name=\"author\" content=\"maranhaotv\" \/>\n<meta name=\"twitter:card\" content=\"summary_large_image\" \/>\n<meta name=\"twitter:creator\" content=\"@sitemaranhaotv\" \/>\n<meta name=\"twitter:site\" content=\"@sitemaranhaotv\" \/>\n<meta name=\"twitter:label1\" content=\"Escrito por\" \/>\n\t<meta name=\"twitter:data1\" content=\"maranhaotv\" \/>\n\t<meta name=\"twitter:label2\" content=\"Est. tempo de leitura\" \/>\n\t<meta name=\"twitter:data2\" content=\"2 minutos\" \/>\n<script type=\"application\/ld+json\" class=\"yoast-schema-graph\">{\"@context\":\"https:\\\/\\\/schema.org\",\"@graph\":[{\"@type\":\"Article\",\"@id\":\"https:\\\/\\\/maranhaotv.com.br\\\/index.php\\\/2025\\\/06\\\/26\\\/prefeito-fred-campos-da-posse-a-mais-de-40-servidores-concursados-e-reforca-compromisso-com-a-educacao-em-paco-do-lumiar\\\/#article\",\"isPartOf\":{\"@id\":\"https:\\\/\\\/maranhaotv.com.br\\\/index.php\\\/2025\\\/06\\\/26\\\/prefeito-fred-campos-da-posse-a-mais-de-40-servidores-concursados-e-reforca-compromisso-com-a-educacao-em-paco-do-lumiar\\\/\"},\"author\":{\"name\":\"maranhaotv\",\"@id\":\"https:\\\/\\\/maranhaotv.com.br\\\/#\\\/schema\\\/person\\\/3d54238e86b20bb5c89ab2fdb8f8829a\"},\"headline\":\"Prefeito Fred Campos d\u00e1 posse a mais de 40 servidores concursados e refor\u00e7a compromisso com a educa\u00e7\u00e3o em Pa\u00e7o do Lumiar\",\"datePublished\":\"2025-06-26T21:10:21+00:00\",\"dateModified\":\"2025-06-26T21:11:12+00:00\",\"mainEntityOfPage\":{\"@id\":\"https:\\\/\\\/maranhaotv.com.br\\\/index.php\\\/2025\\\/06\\\/26\\\/prefeito-fred-campos-da-posse-a-mais-de-40-servidores-concursados-e-reforca-compromisso-com-a-educacao-em-paco-do-lumiar\\\/\"},\"wordCount\":390,\"commentCount\":0,\"publisher\":{\"@id\":\"https:\\\/\\\/maranhaotv.com.br\\\/#organization\"},\"image\":{\"@id\":\"https:\\\/\\\/maranhaotv.com.br\\\/index.php\\\/2025\\\/06\\\/26\\\/prefeito-fred-campos-da-posse-a-mais-de-40-servidores-concursados-e-reforca-compromisso-com-a-educacao-em-paco-do-lumiar\\\/#primaryimage\"},\"thumbnailUrl\":\"https:\\\/\\\/maranhaotv.com.br\\\/wp-content\\\/uploads\\\/2025\\\/06\\\/IMG-20250626-WA0414.jpg\",\"articleSection\":[\"not\u00edcias\"],\"inLanguage\":\"pt-BR\",\"potentialAction\":[{\"@type\":\"CommentAction\",\"name\":\"Comment\",\"target\":[\"https:\\\/\\\/maranhaotv.com.br\\\/index.php\\\/2025\\\/06\\\/26\\\/prefeito-fred-campos-da-posse-a-mais-de-40-servidores-concursados-e-reforca-compromisso-com-a-educacao-em-paco-do-lumiar\\\/#respond\"]}]},{\"@type\":\"WebPage\",\"@id\":\"https:\\\/\\\/maranhaotv.com.br\\\/index.php\\\/2025\\\/06\\\/26\\\/prefeito-fred-campos-da-posse-a-mais-de-40-servidores-concursados-e-reforca-compromisso-com-a-educacao-em-paco-do-lumiar\\\/\",\"url\":\"https:\\\/\\\/maranhaotv.com.br\\\/index.php\\\/2025\\\/06\\\/26\\\/prefeito-fred-campos-da-posse-a-mais-de-40-servidores-concursados-e-reforca-compromisso-com-a-educacao-em-paco-do-lumiar\\\/\",\"name\":\"Prefeito Fred Campos d\u00e1 posse a mais de 40 servidores concursados e refor\u00e7a compromisso com a educa\u00e7\u00e3o em Pa\u00e7o do Lumiar - NOT\u00cdCIAS EM TEMPO REAL\",\"isPartOf\":{\"@id\":\"https:\\\/\\\/maranhaotv.com.br\\\/#website\"},\"primaryImageOfPage\":{\"@id\":\"https:\\\/\\\/maranhaotv.com.br\\\/index.php\\\/2025\\\/06\\\/26\\\/prefeito-fred-campos-da-posse-a-mais-de-40-servidores-concursados-e-reforca-compromisso-com-a-educacao-em-paco-do-lumiar\\\/#primaryimage\"},\"image\":{\"@id\":\"https:\\\/\\\/maranhaotv.com.br\\\/index.php\\\/2025\\\/06\\\/26\\\/prefeito-fred-campos-da-posse-a-mais-de-40-servidores-concursados-e-reforca-compromisso-com-a-educacao-em-paco-do-lumiar\\\/#primaryimage\"},\"thumbnailUrl\":\"https:\\\/\\\/maranhaotv.com.br\\\/wp-content\\\/uploads\\\/2025\\\/06\\\/IMG-20250626-WA0414.jpg\",\"datePublished\":\"2025-06-26T21:10:21+00:00\",\"dateModified\":\"2025-06-26T21:11:12+00:00\",\"breadcrumb\":{\"@id\":\"https:\\\/\\\/maranhaotv.com.br\\\/index.php\\\/2025\\\/06\\\/26\\\/prefeito-fred-campos-da-posse-a-mais-de-40-servidores-concursados-e-reforca-compromisso-com-a-educacao-em-paco-do-lumiar\\\/#breadcrumb\"},\"inLanguage\":\"pt-BR\",\"potentialAction\":[{\"@type\":\"ReadAction\",\"target\":[\"https:\\\/\\\/maranhaotv.com.br\\\/index.php\\\/2025\\\/06\\\/26\\\/prefeito-fred-campos-da-posse-a-mais-de-40-servidores-concursados-e-reforca-compromisso-com-a-educacao-em-paco-do-lumiar\\\/\"]}]},{\"@type\":\"ImageObject\",\"inLanguage\":\"pt-BR\",\"@id\":\"https:\\\/\\\/maranhaotv.com.br\\\/index.php\\\/2025\\\/06\\\/26\\\/prefeito-fred-campos-da-posse-a-mais-de-40-servidores-concursados-e-reforca-compromisso-com-a-educacao-em-paco-do-lumiar\\\/#primaryimage\",\"url\":\"https:\\\/\\\/maranhaotv.com.br\\\/wp-content\\\/uploads\\\/2025\\\/06\\\/IMG-20250626-WA0414.jpg\",\"contentUrl\":\"https:\\\/\\\/maranhaotv.com.br\\\/wp-content\\\/uploads\\\/2025\\\/06\\\/IMG-20250626-WA0414.jpg\",\"width\":1600,\"height\":1066},{\"@type\":\"BreadcrumbList\",\"@id\":\"https:\\\/\\\/maranhaotv.com.br\\\/index.php\\\/2025\\\/06\\\/26\\\/prefeito-fred-campos-da-posse-a-mais-de-40-servidores-concursados-e-reforca-compromisso-com-a-educacao-em-paco-do-lumiar\\\/#breadcrumb\",\"itemListElement\":[{\"@type\":\"ListItem\",\"position\":1,\"name\":\"In\u00edcio\",\"item\":\"https:\\\/\\\/maranhaotv.com.br\\\/\"},{\"@type\":\"ListItem\",\"position\":2,\"name\":\"Prefeito Fred Campos d\u00e1 posse a mais de 40 servidores concursados e refor\u00e7a compromisso com a educa\u00e7\u00e3o em Pa\u00e7o do Lumiar\"}]},{\"@type\":\"WebSite\",\"@id\":\"https:\\\/\\\/maranhaotv.com.br\\\/#website\",\"url\":\"https:\\\/\\\/maranhaotv.com.br\\\/\",\"name\":\"Maranh\u00e3oTV\",\"description\":\"\",\"publisher\":{\"@id\":\"https:\\\/\\\/maranhaotv.com.br\\\/#organization\"},\"potentialAction\":[{\"@type\":\"SearchAction\",\"target\":{\"@type\":\"EntryPoint\",\"urlTemplate\":\"https:\\\/\\\/maranhaotv.com.br\\\/?s={search_term_string}\"},\"query-input\":{\"@type\":\"PropertyValueSpecification\",\"valueRequired\":true,\"valueName\":\"search_term_string\"}}],\"inLanguage\":\"pt-BR\"},{\"@type\":\"Organization\",\"@id\":\"https:\\\/\\\/maranhaotv.com.br\\\/#organization\",\"name\":\"Portal de Not\u00edcias\",\"url\":\"https:\\\/\\\/maranhaotv.com.br\\\/\",\"logo\":{\"@type\":\"ImageObject\",\"inLanguage\":\"pt-BR\",\"@id\":\"https:\\\/\\\/maranhaotv.com.br\\\/#\\\/schema\\\/logo\\\/image\\\/\",\"url\":\"https:\\\/\\\/maranhaotv.com.br\\\/wp-content\\\/uploads\\\/2024\\\/05\\\/cropped-cropped-avatar-1.png\",\"contentUrl\":\"https:\\\/\\\/maranhaotv.com.br\\\/wp-content\\\/uploads\\\/2024\\\/05\\\/cropped-cropped-avatar-1.png\",\"width\":792,\"height\":428,\"caption\":\"Portal de Not\u00edcias\"},\"image\":{\"@id\":\"https:\\\/\\\/maranhaotv.com.br\\\/#\\\/schema\\\/logo\\\/image\\\/\"},\"sameAs\":[\"https:\\\/\\\/www.facebook.com\\\/maiobaotv\",\"https:\\\/\\\/x.com\\\/sitemaranhaotv\",\"https:\\\/\\\/www.instagram.com\\\/maranhao.tv\",\"https:\\\/\\\/www.threads.net\\\/@maranhao.tv\"]},{\"@type\":\"Person\",\"@id\":\"https:\\\/\\\/maranhaotv.com.br\\\/#\\\/schema\\\/person\\\/3d54238e86b20bb5c89ab2fdb8f8829a\",\"name\":\"maranhaotv\",\"image\":{\"@type\":\"ImageObject\",\"inLanguage\":\"pt-BR\",\"@id\":\"https:\\\/\\\/secure.gravatar.com\\\/avatar\\\/8fadbca458d4cb68b1dd399ae9a40618d747bb1af65ac9fad21c89220a143eb4?s=96&d=mm&r=g\",\"url\":\"https:\\\/\\\/secure.gravatar.com\\\/avatar\\\/8fadbca458d4cb68b1dd399ae9a40618d747bb1af65ac9fad21c89220a143eb4?s=96&d=mm&r=g\",\"contentUrl\":\"https:\\\/\\\/secure.gravatar.com\\\/avatar\\\/8fadbca458d4cb68b1dd399ae9a40618d747bb1af65ac9fad21c89220a143eb4?s=96&d=mm&r=g\",\"caption\":\"maranhaotv\"},\"sameAs\":[\"https:\\\/\\\/maranhaotv.com.br\\\/\"],\"url\":\"https:\\\/\\\/maranhaotv.com.br\\\/index.php\\\/author\\\/maranhaotv\\\/\"}]}<\/script>\n<!-- \/ Yoast SEO plugin. -->","yoast_head_json":{"title":"Prefeito Fred Campos d\u00e1 posse a mais de 40 servidores concursados e refor\u00e7a compromisso com a educa\u00e7\u00e3o em Pa\u00e7o do Lumiar - NOT\u00cdCIAS EM TEMPO REAL","robots":{"index":"index","follow":"follow","max-snippet":"max-snippet:-1","max-image-preview":"max-image-preview:large","max-video-preview":"max-video-preview:-1"},"canonical":"https:\/\/maranhaotv.com.br\/index.php\/2025\/06\/26\/prefeito-fred-campos-da-posse-a-mais-de-40-servidores-concursados-e-reforca-compromisso-com-a-educacao-em-paco-do-lumiar\/","og_locale":"pt_BR","og_type":"article","og_title":"Prefeito Fred Campos d\u00e1 posse a mais de 40 servidores concursados e refor\u00e7a compromisso com a educa\u00e7\u00e3o em Pa\u00e7o do Lumiar - NOT\u00cdCIAS EM TEMPO REAL","og_description":"O prefeito de Pa\u00e7o do Lumiar, Fred Campos, deu posse nesta quinta-feira (26) a mais de 40 servidores aprovados no","og_url":"https:\/\/maranhaotv.com.br\/index.php\/2025\/06\/26\/prefeito-fred-campos-da-posse-a-mais-de-40-servidores-concursados-e-reforca-compromisso-com-a-educacao-em-paco-do-lumiar\/","og_site_name":"NOT\u00cdCIAS EM TEMPO REAL","article_publisher":"https:\/\/www.facebook.com\/maiobaotv","article_published_time":"2025-06-26T21:10:21+00:00","article_modified_time":"2025-06-26T21:11:12+00:00","og_image":[{"width":1600,"height":1066,"url":"https:\/\/maranhaotv.com.br\/wp-content\/uploads\/2025\/06\/IMG-20250626-WA0414.jpg","type":"image\/jpeg"}],"author":"maranhaotv","twitter_card":"summary_large_image","twitter_creator":"@sitemaranhaotv","twitter_site":"@sitemaranhaotv","twitter_misc":{"Escrito por":"maranhaotv","Est. tempo de leitura":"2 minutos"},"schema":{"@context":"https:\/\/schema.org","@graph":[{"@type":"Article","@id":"https:\/\/maranhaotv.com.br\/index.php\/2025\/06\/26\/prefeito-fred-campos-da-posse-a-mais-de-40-servidores-concursados-e-reforca-compromisso-com-a-educacao-em-paco-do-lumiar\/#article","isPartOf":{"@id":"https:\/\/maranhaotv.com.br\/index.php\/2025\/06\/26\/prefeito-fred-campos-da-posse-a-mais-de-40-servidores-concursados-e-reforca-compromisso-com-a-educacao-em-paco-do-lumiar\/"},"author":{"name":"maranhaotv","@id":"https:\/\/maranhaotv.com.br\/#\/schema\/person\/3d54238e86b20bb5c89ab2fdb8f8829a"},"headline":"Prefeito Fred Campos d\u00e1 posse a mais de 40 servidores concursados e refor\u00e7a compromisso com a educa\u00e7\u00e3o em Pa\u00e7o do Lumiar","datePublished":"2025-06-26T21:10:21+00:00","dateModified":"2025-06-26T21:11:12+00:00","mainEntityOfPage":{"@id":"https:\/\/maranhaotv.com.br\/index.php\/2025\/06\/26\/prefeito-fred-campos-da-posse-a-mais-de-40-servidores-concursados-e-reforca-compromisso-com-a-educacao-em-paco-do-lumiar\/"},"wordCount":390,"commentCount":0,"publisher":{"@id":"https:\/\/maranhaotv.com.br\/#organization"},"image":{"@id":"https:\/\/maranhaotv.com.br\/index.php\/2025\/06\/26\/prefeito-fred-campos-da-posse-a-mais-de-40-servidores-concursados-e-reforca-compromisso-com-a-educacao-em-paco-do-lumiar\/#primaryimage"},"thumbnailUrl":"https:\/\/maranhaotv.com.br\/wp-content\/uploads\/2025\/06\/IMG-20250626-WA0414.jpg","articleSection":["not\u00edcias"],"inLanguage":"pt-BR","potentialAction":[{"@type":"CommentAction","name":"Comment","target":["https:\/\/maranhaotv.com.br\/index.php\/2025\/06\/26\/prefeito-fred-campos-da-posse-a-mais-de-40-servidores-concursados-e-reforca-compromisso-com-a-educacao-em-paco-do-lumiar\/#respond"]}]},{"@type":"WebPage","@id":"https:\/\/maranhaotv.com.br\/index.php\/2025\/06\/26\/prefeito-fred-campos-da-posse-a-mais-de-40-servidores-concursados-e-reforca-compromisso-com-a-educacao-em-paco-do-lumiar\/","url":"https:\/\/maranhaotv.com.br\/index.php\/2025\/06\/26\/prefeito-fred-campos-da-posse-a-mais-de-40-servidores-concursados-e-reforca-compromisso-com-a-educacao-em-paco-do-lumiar\/","name":"Prefeito Fred Campos d\u00e1 posse a mais de 40 servidores concursados e refor\u00e7a compromisso com a educa\u00e7\u00e3o em Pa\u00e7o do Lumiar - NOT\u00cdCIAS EM TEMPO REAL","isPartOf":{"@id":"https:\/\/maranhaotv.com.br\/#website"},"primaryImageOfPage":{"@id":"https:\/\/maranhaotv.com.br\/index.php\/2025\/06\/26\/prefeito-fred-campos-da-posse-a-mais-de-40-servidores-concursados-e-reforca-compromisso-com-a-educacao-em-paco-do-lumiar\/#primaryimage"},"image":{"@id":"https:\/\/maranhaotv.com.br\/index.php\/2025\/06\/26\/prefeito-fred-campos-da-posse-a-mais-de-40-servidores-concursados-e-reforca-compromisso-com-a-educacao-em-paco-do-lumiar\/#primaryimage"},"thumbnailUrl":"https:\/\/maranhaotv.com.br\/wp-content\/uploads\/2025\/06\/IMG-20250626-WA0414.jpg","datePublished":"2025-06-26T21:10:21+00:00","dateModified":"2025-06-26T21:11:12+00:00","breadcrumb":{"@id":"https:\/\/maranhaotv.com.br\/index.php\/2025\/06\/26\/prefeito-fred-campos-da-posse-a-mais-de-40-servidores-concursados-e-reforca-compromisso-com-a-educacao-em-paco-do-lumiar\/#breadcrumb"},"inLanguage":"pt-BR","potentialAction":[{"@type":"ReadAction","target":["https:\/\/maranhaotv.com.br\/index.php\/2025\/06\/26\/prefeito-fred-campos-da-posse-a-mais-de-40-servidores-concursados-e-reforca-compromisso-com-a-educacao-em-paco-do-lumiar\/"]}]},{"@type":"ImageObject","inLanguage":"pt-BR","@id":"https:\/\/maranhaotv.com.br\/index.php\/2025\/06\/26\/prefeito-fred-campos-da-posse-a-mais-de-40-servidores-concursados-e-reforca-compromisso-com-a-educacao-em-paco-do-lumiar\/#primaryimage","url":"https:\/\/maranhaotv.com.br\/wp-content\/uploads\/2025\/06\/IMG-20250626-WA0414.jpg","contentUrl":"https:\/\/maranhaotv.com.br\/wp-content\/uploads\/2025\/06\/IMG-20250626-WA0414.jpg","width":1600,"height":1066},{"@type":"BreadcrumbList","@id":"https:\/\/maranhaotv.com.br\/index.php\/2025\/06\/26\/prefeito-fred-campos-da-posse-a-mais-de-40-servidores-concursados-e-reforca-compromisso-com-a-educacao-em-paco-do-lumiar\/#breadcrumb","itemListElement":[{"@type":"ListItem","position":1,"name":"In\u00edcio","item":"https:\/\/maranhaotv.com.br\/"},{"@type":"ListItem","position":2,"name":"Prefeito Fred Campos d\u00e1 posse a mais de 40 servidores concursados e refor\u00e7a compromisso com a educa\u00e7\u00e3o em Pa\u00e7o do Lumiar"}]},{"@type":"WebSite","@id":"https:\/\/maranhaotv.com.br\/#website","url":"https:\/\/maranhaotv.com.br\/","name":"Maranh\u00e3oTV","description":"","publisher":{"@id":"https:\/\/maranhaotv.com.br\/#organization"},"potentialAction":[{"@type":"SearchAction","target":{"@type":"EntryPoint","urlTemplate":"https:\/\/maranhaotv.com.br\/?s={search_term_string}"},"query-input":{"@type":"PropertyValueSpecification","valueRequired":true,"valueName":"search_term_string"}}],"inLanguage":"pt-BR"},{"@type":"Organization","@id":"https:\/\/maranhaotv.com.br\/#organization","name":"Portal de Not\u00edcias","url":"https:\/\/maranhaotv.com.br\/","logo":{"@type":"ImageObject","inLanguage":"pt-BR","@id":"https:\/\/maranhaotv.com.br\/#\/schema\/logo\/image\/","url":"https:\/\/maranhaotv.com.br\/wp-content\/uploads\/2024\/05\/cropped-cropped-avatar-1.png","contentUrl":"https:\/\/maranhaotv.com.br\/wp-content\/uploads\/2024\/05\/cropped-cropped-avatar-1.png","width":792,"height":428,"caption":"Portal de Not\u00edcias"},"image":{"@id":"https:\/\/maranhaotv.com.br\/#\/schema\/logo\/image\/"},"sameAs":["https:\/\/www.facebook.com\/maiobaotv","https:\/\/x.com\/sitemaranhaotv","https:\/\/www.instagram.com\/maranhao.tv","https:\/\/www.threads.net\/@maranhao.tv"]},{"@type":"Person","@id":"https:\/\/maranhaotv.com.br\/#\/schema\/person\/3d54238e86b20bb5c89ab2fdb8f8829a","name":"maranhaotv","image":{"@type":"ImageObject","inLanguage":"pt-BR","@id":"https:\/\/secure.gravatar.com\/avatar\/8fadbca458d4cb68b1dd399ae9a40618d747bb1af65ac9fad21c89220a143eb4?s=96&d=mm&r=g","url":"https:\/\/secure.gravatar.com\/avatar\/8fadbca458d4cb68b1dd399ae9a40618d747bb1af65ac9fad21c89220a143eb4?s=96&d=mm&r=g","contentUrl":"https:\/\/secure.gravatar.com\/avatar\/8fadbca458d4cb68b1dd399ae9a40618d747bb1af65ac9fad21c89220a143eb4?s=96&d=mm&r=g","caption":"maranhaotv"},"sameAs":["https:\/\/maranhaotv.com.br\/"],"url":"https:\/\/maranhaotv.com.br\/index.php\/author\/maranhaotv\/"}]}},"jetpack_featured_media_url":"https:\/\/maranhaotv.com.br\/wp-content\/uploads\/2025\/06\/IMG-20250626-WA0414.jpg","jetpack_sharing_enabled":true,"_links":{"self":[{"href":"https:\/\/maranhaotv.com.br\/index.php\/wp-json\/wp\/v2\/posts\/42956","targetHints":{"allow":["GET"]}}],"collection":[{"href":"https:\/\/maranhaotv.com.br\/index.php\/wp-json\/wp\/v2\/posts"}],"about":[{"href":"https:\/\/maranhaotv.com.br\/index.php\/wp-json\/wp\/v2\/types\/post"}],"author":[{"embeddable":true,"href":"https:\/\/maranhaotv.com.br\/index.php\/wp-json\/wp\/v2\/users\/2"}],"replies":[{"embeddable":true,"href":"https:\/\/maranhaotv.com.br\/index.php\/wp-json\/wp\/v2\/comments?post=42956"}],"version-history":[{"count":2,"href":"https:\/\/maranhaotv.com.br\/index.php\/wp-json\/wp\/v2\/posts\/42956\/revisions"}],"predecessor-version":[{"id":42958,"href":"https:\/\/maranhaotv.com.br\/index.php\/wp-json\/wp\/v2\/posts\/42956\/revisions\/42958"}],"wp:featuredmedia":[{"embeddable":true,"href":"https:\/\/maranhaotv.com.br\/index.php\/wp-json\/wp\/v2\/media\/42955"}],"wp:attachment":[{"href":"https:\/\/maranhaotv.com.br\/index.php\/wp-json\/wp\/v2\/media?parent=42956"}],"wp:term":[{"taxonomy":"category","embeddable":true,"href":"https:\/\/maranhaotv.com.br\/index.php\/wp-json\/wp\/v2\/categories?post=42956"},{"taxonomy":"post_tag","embeddable":true,"href":"https:\/\/maranhaotv.com.br\/index.php\/wp-json\/wp\/v2\/tags?post=42956"}],"curies":[{"name":"wp","href":"https:\/\/api.w.org\/{rel}","templated":true}]}}