{"id":42963,"date":"2025-06-27T15:18:34","date_gmt":"2025-06-27T18:18:34","guid":{"rendered":"https:\/\/maranhaotv.com.br\/?p=42963"},"modified":"2025-06-27T15:18:47","modified_gmt":"2025-06-27T18:18:47","slug":"brandao-reassume-nesta-sexta-feira-o-comando-do-palacio-dos-leoes","status":"publish","type":"post","link":"https:\/\/maranhaotv.com.br\/index.php\/2025\/06\/27\/brandao-reassume-nesta-sexta-feira-o-comando-do-palacio-dos-leoes\/","title":{"rendered":"Brand\u00e3o reassume nesta sexta-feira o comando do Pal\u00e1cio dos Le\u00f5es"},"content":{"rendered":"\n<p>Depois de uma viagem de cerca de dez dias, onde cumpriu compromissos oficiais em dois pa\u00edses na Europa \u2013 It\u00e1lia e Inglaterra, o governador do Maranh\u00e3o, Carlos Brand\u00e3o (PSB), retorna nesta sexta-feira (27) ao comando do Pal\u00e1cio dos Le\u00f5es.<br><br>Brand\u00e3o retorna com algumas not\u00edcias importantes para o Maranh\u00e3o, como a formaliza\u00e7\u00e3o uma parceria que garantir\u00e1 mais de US$ 100 milh\u00f5es em investimentos para a recupera\u00e7\u00e3o de \u00e1reas de floresta, regulariza\u00e7\u00e3o fundi\u00e1ria e combate \u00e0s queimadas no estado.<br><br>O governador tamb\u00e9m destacou a boa recep\u00e7\u00e3o a programas maranhenses, como o Floresta Viva, Maranh\u00e3o Sem Queimadas e Paz no Campo. \u201cA rela\u00e7\u00e3o que fizemos aqui, com v\u00e1rias empresas internacionais na \u00e1rea ambiental foi muito produtiva. Eu saio daqui otimista com essa quest\u00e3o ambiental\u201d, afirmou.<br><br>Brand\u00e3o retorna ao Maranh\u00e3o com uma vit\u00f3ria pol\u00edtica na Assembleia Legislativa, j\u00e1 que a elei\u00e7\u00e3o do deputado Catul\u00e9 J\u00fanior (PP) para a 3\u00ba vice-presid\u00eancia da Mesa Diretora, por 31 votos contra nove, para muitos demonstrou a for\u00e7a pol\u00edtica e unidade do grupo comandado pelo governador.<br><br>Al\u00e9m disso, Brand\u00e3o fez quest\u00e3o de retornar em tempo para acompanhar os festejos juninos no \u00faltimo fim de semana de junho, aproveitando ainda as festas de S\u00e3o Pedro e S\u00e3o Mar\u00e7al.<\/p>\n","protected":false},"excerpt":{"rendered":"<p>Depois de uma viagem de cerca de dez dias, onde cumpriu compromissos oficiais em dois pa\u00edses na Europa \u2013 It\u00e1lia<\/p>\n","protected":false},"author":2,"featured_media":42962,"comment_status":"open","ping_status":"open","sticky":false,"template":"","format":"standard","meta":{"colormag_page_container_layout":"default_layout","colormag_page_sidebar_layout":"default_layout","_jetpack_memberships_contains_paid_content":false,"footnotes":""},"categories":[6],"tags":[],"class_list":["post-42963","post","type-post","status-publish","format-standard","has-post-thumbnail","hentry","category-politica"],"magazineBlocksPostFeaturedMedia":{"thumbnail":"https:\/\/maranhaotv.com.br\/wp-content\/uploads\/2025\/06\/Captura-de-Tela-2025-06-26-as-20.43.23-150x150.png","medium":"https:\/\/maranhaotv.com.br\/wp-content\/uploads\/2025\/06\/Captura-de-Tela-2025-06-26-as-20.43.23-300x196.png","medium_large":"https:\/\/maranhaotv.com.br\/wp-content\/uploads\/2025\/06\/Captura-de-Tela-2025-06-26-as-20.43.23.png","large":"https:\/\/maranhaotv.com.br\/wp-content\/uploads\/2025\/06\/Captura-de-Tela-2025-06-26-as-20.43.23.png","1536x1536":"https:\/\/maranhaotv.com.br\/wp-content\/uploads\/2025\/06\/Captura-de-Tela-2025-06-26-as-20.43.23.png","2048x2048":"https:\/\/maranhaotv.com.br\/wp-content\/uploads\/2025\/06\/Captura-de-Tela-2025-06-26-as-20.43.23.png","colormag-highlighted-post":"https:\/\/maranhaotv.com.br\/wp-content\/uploads\/2025\/06\/Captura-de-Tela-2025-06-26-as-20.43.23-392x272.png","colormag-featured-post-medium":"https:\/\/maranhaotv.com.br\/wp-content\/uploads\/2025\/06\/Captura-de-Tela-2025-06-26-as-20.43.23-390x205.png","colormag-featured-post-small":"https:\/\/maranhaotv.com.br\/wp-content\/uploads\/2025\/06\/Captura-de-Tela-2025-06-26-as-20.43.23-130x90.png","colormag-featured-image":"https:\/\/maranhaotv.com.br\/wp-content\/uploads\/2025\/06\/Captura-de-Tela-2025-06-26-as-20.43.23.png","colormag-default-news":"https:\/\/maranhaotv.com.br\/wp-content\/uploads\/2025\/06\/Captura-de-Tela-2025-06-26-as-20.43.23-150x150.png","colormag-featured-image-large":"https:\/\/maranhaotv.com.br\/wp-content\/uploads\/2025\/06\/Captura-de-Tela-2025-06-26-as-20.43.23.png"},"magazineBlocksPostAuthor":{"name":"maranhaotv","avatar":"https:\/\/secure.gravatar.com\/avatar\/8fadbca458d4cb68b1dd399ae9a40618d747bb1af65ac9fad21c89220a143eb4?s=96&d=mm&r=g"},"magazineBlocksPostCommentsNumber":"0","magazineBlocksPostExcerpt":"Depois de uma viagem de cerca de dez dias, onde cumpriu compromissos oficiais em dois pa\u00edses na Europa \u2013 It\u00e1lia","magazineBlocksPostCategories":["pol\u00edtica"],"magazineBlocksPostViewCount":347,"magazineBlocksPostReadTime":2,"magazine_blocks_featured_image_url":{"full":["https:\/\/maranhaotv.com.br\/wp-content\/uploads\/2025\/06\/Captura-de-Tela-2025-06-26-as-20.43.23.png",616,402,false],"medium":["https:\/\/maranhaotv.com.br\/wp-content\/uploads\/2025\/06\/Captura-de-Tela-2025-06-26-as-20.43.23-300x196.png",300,196,true],"thumbnail":["https:\/\/maranhaotv.com.br\/wp-content\/uploads\/2025\/06\/Captura-de-Tela-2025-06-26-as-20.43.23-150x150.png",150,150,true]},"magazine_blocks_author":{"display_name":"maranhaotv","author_link":"https:\/\/maranhaotv.com.br\/index.php\/author\/maranhaotv\/"},"magazine_blocks_comment":0,"magazine_blocks_author_image":"https:\/\/secure.gravatar.com\/avatar\/8fadbca458d4cb68b1dd399ae9a40618d747bb1af65ac9fad21c89220a143eb4?s=96&d=mm&r=g","magazine_blocks_category":"<a href=\"#\" class=\"category-link category-link-6\">pol\u00edtica<\/a>","jetpack_featured_media_url":"https:\/\/maranhaotv.com.br\/wp-content\/uploads\/2025\/06\/Captura-de-Tela-2025-06-26-as-20.43.23.png","jetpack_sharing_enabled":true,"_links":{"self":[{"href":"https:\/\/maranhaotv.com.br\/index.php\/wp-json\/wp\/v2\/posts\/42963","targetHints":{"allow":["GET"]}}],"collection":[{"href":"https:\/\/maranhaotv.com.br\/index.php\/wp-json\/wp\/v2\/posts"}],"about":[{"href":"https:\/\/maranhaotv.com.br\/index.php\/wp-json\/wp\/v2\/types\/post"}],"author":[{"embeddable":true,"href":"https:\/\/maranhaotv.com.br\/index.php\/wp-json\/wp\/v2\/users\/2"}],"replies":[{"embeddable":true,"href":"https:\/\/maranhaotv.com.br\/index.php\/wp-json\/wp\/v2\/comments?post=42963"}],"version-history":[{"count":1,"href":"https:\/\/maranhaotv.com.br\/index.php\/wp-json\/wp\/v2\/posts\/42963\/revisions"}],"predecessor-version":[{"id":42964,"href":"https:\/\/maranhaotv.com.br\/index.php\/wp-json\/wp\/v2\/posts\/42963\/revisions\/42964"}],"wp:featuredmedia":[{"embeddable":true,"href":"https:\/\/maranhaotv.com.br\/index.php\/wp-json\/wp\/v2\/media\/42962"}],"wp:attachment":[{"href":"https:\/\/maranhaotv.com.br\/index.php\/wp-json\/wp\/v2\/media?parent=42963"}],"wp:term":[{"taxonomy":"category","embeddable":true,"href":"https:\/\/maranhaotv.com.br\/index.php\/wp-json\/wp\/v2\/categories?post=42963"},{"taxonomy":"post_tag","embeddable":true,"href":"https:\/\/maranhaotv.com.br\/index.php\/wp-json\/wp\/v2\/tags?post=42963"}],"curies":[{"name":"wp","href":"https:\/\/api.w.org\/{rel}","templated":true}]}}