{"id":43022,"date":"2025-07-02T09:23:22","date_gmt":"2025-07-02T12:23:22","guid":{"rendered":"https:\/\/maranhaotv.com.br\/?p=43022"},"modified":"2025-07-02T09:23:23","modified_gmt":"2025-07-02T12:23:23","slug":"bolsonaro-cancela-agendas-e-orientacao-medica-e-de-1-mes-em-repouso-absoluto","status":"publish","type":"post","link":"https:\/\/maranhaotv.com.br\/index.php\/2025\/07\/02\/bolsonaro-cancela-agendas-e-orientacao-medica-e-de-1-mes-em-repouso-absoluto\/","title":{"rendered":"Bolsonaro cancela agendas, e orienta\u00e7\u00e3o m\u00e9dica \u00e9 de 1 m\u00eas em repouso absoluto"},"content":{"rendered":"\n<p>O ex-presidente\u00a0Jair Bolsonaro\u00a0(PL) cancelou todas as agendas p\u00fablicas e ficar\u00e1 em \u201crepouso absoluto\u201d durante o m\u00eas de julho, segundo comunicado divulgado nesta ter\u00e7a-feira (1\u00ba).<\/p>\n\n\n\n<p>\u201cAp\u00f3s consulta m\u00e9dica de urg\u00eancia, foi-me determinado ficar de repouso absoluto durante o m\u00eas de julho. Do exposto, ficam suspensas agendas de Santa Catarina e Rond\u00f4nia. Crises de solu\u00e7os e v\u00f4mitos tornaram-se constantes, fatos que me impedem at\u00e9 de falar\u201d, diz o comunicado postado por Bolsonaro. A nota da&nbsp;ex-primeira-dama&nbsp; Michelle tamb\u00e9m informa que \u201cdurante esse per\u00edodo, ele ficar\u00e1 afastado de suas atividades habituais, incluindo agendas p\u00fablicas e atividade pol\u00edtico-partid\u00e1ria, retornando t\u00e3o logo esteja plenamente restabelecido\u201d.<\/p>\n\n\n\n<p>A decis\u00e3o foi tomada ap\u00f3s consulta m\u00e9dica de urg\u00eancia. Bolsonaro, 70, apresenta crises constantes de solu\u00e7os e v\u00f4mitos, que o impedem inclusive de falar, conforme nota assinada pelo pr\u00f3prio ex-presidente e&nbsp;divulgada pelo senador&nbsp;Fl\u00e1vio Bolsonaro&nbsp;(PL-RJ) em rede social.<\/p>\n\n\n\n<p>\u201cFicam suspensas as agendas de Santa Catarina e Rond\u00f4nia\u201d, disse o ex-presidente na nota. Mais cedo, Bolsonaro j\u00e1 havia&nbsp;cancelado sua participa\u00e7\u00e3o no evento de lan\u00e7amento do PL60+&nbsp;no Distrito Federal, na&nbsp;C\u00e2mara dos Deputados.<\/p>\n\n\n\n<p>Nota assinada pelos m\u00e9dicos&nbsp;Claudio Birolini e Leandro Echenique afirma que o objetivo \u00e9 \u201cgarantir a completa recupera\u00e7\u00e3o de sua sa\u00fade ap\u00f3s a cirurgia extensa e interna\u00e7\u00e3o prolongada, epis\u00f3dio de pneumonia e crises recorrentes de solu\u00e7os\u201d.<\/p>\n\n\n\n<p>\u201cDurante esse per\u00edodo, ele ficar\u00e1 afastado de suas atividades habituais, incluindo agendas p\u00fablicas e atividade pol\u00edtico-partid\u00e1ria, retornando t\u00e3o logo esteja plenamente restabelecido.\u201d<\/p>\n\n\n\n<p>Os dois m\u00e9dicos participaram do tratamento ap\u00f3s a interna\u00e7\u00e3o em abril, quando o ex-mandat\u00e1rio passou&nbsp;21 dias internado depois&nbsp;de se sentir mal em uma agenda no interior do Rio Grande do Norte.<\/p>\n\n\n\n<p>Na \u00e9poca, ele&nbsp;passou pela sua sexta e mais longa cirurgia abdominal&nbsp;desde a facada que sofreu na campanha eleitoral de 2018. O procedimento de 12 horas consistiu em uma \u201claparotomia exploradora, para libera\u00e7\u00e3o de ader\u00eancias intestinais e reconstru\u00e7\u00e3o da parede abdominal\u201d, segundo comunicado do hospital DF Star.<\/p>\n\n\n\n<p>Ader\u00eancias intestinais s\u00e3o uma esp\u00e9cie de \u201ccola\u201d biol\u00f3gica resultante do processo de cicatriza\u00e7\u00e3o seja do trauma original, como a facada, seja de cirurgias posteriores. Ao endurecer, essa estrutura forma cord\u00f5es que podem grudar ou juntar partes do corpo.<\/p>\n\n\n\n<p>Dependendo da posi\u00e7\u00e3o, pode juntar duas partes da al\u00e7a do \u00f3rg\u00e3o, obstruindo a passagem do alimento pelo intestino.<\/p>\n\n\n\n<p>A laparotomia exploradora consiste na abertura da parede abdominal. Identificado o ponto de obstru\u00e7\u00e3o, \u00e9 feito o corte das ader\u00eancias e desobstru\u00e7\u00e3o do intestino para, por fim, reconstruir-se a parede abdominal.<\/p>\n\n\n\n<p>Dias depois da alta, Bolsonaro participou de uma manifesta\u00e7\u00e3o em Bras\u00edlia, no dia 7 de maio. Ele tem epis\u00f3dios de mal-estar abdominal e solu\u00e7os, como ocorreu durante uma entrevista a uma r\u00e1dio bolsonarista na semana passada.<\/p>\n\n\n\n<p>No dia 20 de junho,&nbsp;passou mal durante uma agenda em Goi\u00e1s&nbsp;e retornou a Bras\u00edlia para exames. Um dia antes, participou de uma agenda na C\u00e2mara Municipal de Aparecida de Goi\u00e2nia, pediu desculpas e disse que vomita \u201cdez vezes por dia\u201d.<\/p>\n\n\n\n<p>A ex-primeira-dama&nbsp;Michelle Bolsonaro, em rede social, afirmou que o marido \u201cprecisa deste tempo para se recuperar completamente\u201d e que logo \u201cele estar\u00e1 100% para retomar suas agendas de trabalho\u201d.<\/p>\n\n\n\n<p>A decis\u00e3o dos m\u00e9dicos atrapalha os planos de Bolsonaro de manter sua base mobilizada diante da proximidade do julgamento no&nbsp;STF&nbsp;(Supremo Tribunal Federal) do processo da trama golpista. O caso entrou na fase decisiva,&nbsp;de alega\u00e7\u00f5es finais,&nbsp;e a expectativa na corte \u00e9 que esteja pronto para ser julgado em setembro.<\/p>\n\n\n\n<p>O quadro de sa\u00fade do ex-presidente piorou depois de participar no \u00faltimo domingo (29) de&nbsp;manifesta\u00e7\u00e3o na avenida Paulista. O ato, em protesto contra o STF, tinha o mote \u201cjusti\u00e7a j\u00e1\u201d e, na ocasi\u00e3o, ele discursou por cerca de 30 minutos em um trio el\u00e9trico, sob sol. O evento durou mais de duas horas.<\/p>\n\n\n\n<p>O ex-mandat\u00e1rio tem insistido que ser\u00e1 candidato a presidente em 2026, apesar de estar ineleg\u00edvel at\u00e9 2030 por decis\u00e3o da Justi\u00e7a Eleitoral. Na mais recente manifesta\u00e7\u00e3o, por\u00e9m, citou a hip\u00f3tese de n\u00e3o voltar ao cargo. \u201cNem eu preciso ser presidente.\u201d<\/p>\n\n\n\n<p>Com Bolsonaro fora da disputa, o campo da direita vive uma indefini\u00e7\u00e3o sobre quem ser\u00e1 o candidato que enfrentar\u00e1 o presidente Lula na campanha eleitoral do pr\u00f3ximo ano. Entre os cotados, est\u00e1 o governador de&nbsp;S\u00e3o Paulo,&nbsp;Tarc\u00edsio de Freitas&nbsp;(Republicanos).<\/p>\n","protected":false},"excerpt":{"rendered":"<p>O ex-presidente\u00a0Jair Bolsonaro\u00a0(PL) cancelou todas as agendas p\u00fablicas e ficar\u00e1 em \u201crepouso absoluto\u201d durante o m\u00eas de julho, segundo comunicado<\/p>\n","protected":false},"author":2,"featured_media":43023,"comment_status":"open","ping_status":"open","sticky":false,"template":"","format":"standard","meta":{"colormag_page_container_layout":"default_layout","colormag_page_sidebar_layout":"default_layout","_jetpack_memberships_contains_paid_content":false,"footnotes":""},"categories":[6],"tags":[],"class_list":["post-43022","post","type-post","status-publish","format-standard","has-post-thumbnail","hentry","category-politica"],"magazineBlocksPostFeaturedMedia":{"thumbnail":"https:\/\/maranhaotv.com.br\/wp-content\/uploads\/2025\/07\/ato-bolsonaro-av-paulista-150x150.webp","medium":"https:\/\/maranhaotv.com.br\/wp-content\/uploads\/2025\/07\/ato-bolsonaro-av-paulista-300x169.webp","medium_large":"https:\/\/maranhaotv.com.br\/wp-content\/uploads\/2025\/07\/ato-bolsonaro-av-paulista-768x432.webp","large":"https:\/\/maranhaotv.com.br\/wp-content\/uploads\/2025\/07\/ato-bolsonaro-av-paulista.webp","1536x1536":"https:\/\/maranhaotv.com.br\/wp-content\/uploads\/2025\/07\/ato-bolsonaro-av-paulista.webp","2048x2048":"https:\/\/maranhaotv.com.br\/wp-content\/uploads\/2025\/07\/ato-bolsonaro-av-paulista.webp","colormag-highlighted-post":"https:\/\/maranhaotv.com.br\/wp-content\/uploads\/2025\/07\/ato-bolsonaro-av-paulista-392x272.webp","colormag-featured-post-medium":"https:\/\/maranhaotv.com.br\/wp-content\/uploads\/2025\/07\/ato-bolsonaro-av-paulista-390x205.webp","colormag-featured-post-small":"https:\/\/maranhaotv.com.br\/wp-content\/uploads\/2025\/07\/ato-bolsonaro-av-paulista-130x90.webp","colormag-featured-image":"https:\/\/maranhaotv.com.br\/wp-content\/uploads\/2025\/07\/ato-bolsonaro-av-paulista-800x445.webp","colormag-default-news":"https:\/\/maranhaotv.com.br\/wp-content\/uploads\/2025\/07\/ato-bolsonaro-av-paulista-150x150.webp","colormag-featured-image-large":"https:\/\/maranhaotv.com.br\/wp-content\/uploads\/2025\/07\/ato-bolsonaro-av-paulista.webp"},"magazineBlocksPostAuthor":{"name":"maranhaotv","avatar":"https:\/\/secure.gravatar.com\/avatar\/8fadbca458d4cb68b1dd399ae9a40618d747bb1af65ac9fad21c89220a143eb4?s=96&d=mm&r=g"},"magazineBlocksPostCommentsNumber":"0","magazineBlocksPostExcerpt":"O ex-presidente\u00a0Jair Bolsonaro\u00a0(PL) cancelou todas as agendas p\u00fablicas e ficar\u00e1 em \u201crepouso absoluto\u201d durante o m\u00eas de julho, segundo comunicado","magazineBlocksPostCategories":["pol\u00edtica"],"magazineBlocksPostViewCount":315,"magazineBlocksPostReadTime":4,"magazine_blocks_featured_image_url":{"full":["https:\/\/maranhaotv.com.br\/wp-content\/uploads\/2025\/07\/ato-bolsonaro-av-paulista.webp",848,477,false],"medium":["https:\/\/maranhaotv.com.br\/wp-content\/uploads\/2025\/07\/ato-bolsonaro-av-paulista-300x169.webp",300,169,true],"thumbnail":["https:\/\/maranhaotv.com.br\/wp-content\/uploads\/2025\/07\/ato-bolsonaro-av-paulista-150x150.webp",150,150,true]},"magazine_blocks_author":{"display_name":"maranhaotv","author_link":"https:\/\/maranhaotv.com.br\/index.php\/author\/maranhaotv\/"},"magazine_blocks_comment":0,"magazine_blocks_author_image":"https:\/\/secure.gravatar.com\/avatar\/8fadbca458d4cb68b1dd399ae9a40618d747bb1af65ac9fad21c89220a143eb4?s=96&d=mm&r=g","magazine_blocks_category":"<a href=\"#\" class=\"category-link category-link-6\">pol\u00edtica<\/a>","yoast_head":"<!-- This site is optimized with the Yoast SEO plugin v27.4 - https:\/\/yoast.com\/product\/yoast-seo-wordpress\/ -->\n<title>Bolsonaro cancela agendas, e orienta\u00e7\u00e3o m\u00e9dica \u00e9 de 1 m\u00eas em repouso absoluto - NOT\u00cdCIAS EM TEMPO REAL<\/title>\n<meta name=\"robots\" content=\"index, follow, max-snippet:-1, max-image-preview:large, max-video-preview:-1\" \/>\n<link rel=\"canonical\" href=\"https:\/\/maranhaotv.com.br\/index.php\/2025\/07\/02\/bolsonaro-cancela-agendas-e-orientacao-medica-e-de-1-mes-em-repouso-absoluto\/\" \/>\n<meta property=\"og:locale\" content=\"pt_BR\" \/>\n<meta property=\"og:type\" content=\"article\" \/>\n<meta property=\"og:title\" content=\"Bolsonaro cancela agendas, e orienta\u00e7\u00e3o m\u00e9dica \u00e9 de 1 m\u00eas em repouso absoluto - NOT\u00cdCIAS EM TEMPO REAL\" \/>\n<meta property=\"og:description\" content=\"O ex-presidente\u00a0Jair Bolsonaro\u00a0(PL) cancelou todas as agendas p\u00fablicas e ficar\u00e1 em \u201crepouso absoluto\u201d durante o m\u00eas de julho, segundo comunicado\" \/>\n<meta property=\"og:url\" content=\"https:\/\/maranhaotv.com.br\/index.php\/2025\/07\/02\/bolsonaro-cancela-agendas-e-orientacao-medica-e-de-1-mes-em-repouso-absoluto\/\" \/>\n<meta property=\"og:site_name\" content=\"NOT\u00cdCIAS EM TEMPO REAL\" \/>\n<meta property=\"article:publisher\" content=\"https:\/\/www.facebook.com\/maiobaotv\" \/>\n<meta property=\"article:published_time\" content=\"2025-07-02T12:23:22+00:00\" \/>\n<meta property=\"article:modified_time\" content=\"2025-07-02T12:23:23+00:00\" \/>\n<meta property=\"og:image\" content=\"https:\/\/maranhaotv.com.br\/wp-content\/uploads\/2025\/07\/ato-bolsonaro-av-paulista.webp\" \/>\n\t<meta property=\"og:image:width\" content=\"848\" \/>\n\t<meta property=\"og:image:height\" content=\"477\" \/>\n\t<meta property=\"og:image:type\" content=\"image\/webp\" \/>\n<meta name=\"author\" content=\"maranhaotv\" \/>\n<meta name=\"twitter:card\" content=\"summary_large_image\" \/>\n<meta name=\"twitter:creator\" content=\"@sitemaranhaotv\" \/>\n<meta name=\"twitter:site\" content=\"@sitemaranhaotv\" \/>\n<meta name=\"twitter:label1\" content=\"Escrito por\" \/>\n\t<meta name=\"twitter:data1\" content=\"maranhaotv\" \/>\n\t<meta name=\"twitter:label2\" content=\"Est. tempo de leitura\" \/>\n\t<meta name=\"twitter:data2\" content=\"5 minutos\" \/>\n<script type=\"application\/ld+json\" class=\"yoast-schema-graph\">{\"@context\":\"https:\\\/\\\/schema.org\",\"@graph\":[{\"@type\":\"Article\",\"@id\":\"https:\\\/\\\/maranhaotv.com.br\\\/index.php\\\/2025\\\/07\\\/02\\\/bolsonaro-cancela-agendas-e-orientacao-medica-e-de-1-mes-em-repouso-absoluto\\\/#article\",\"isPartOf\":{\"@id\":\"https:\\\/\\\/maranhaotv.com.br\\\/index.php\\\/2025\\\/07\\\/02\\\/bolsonaro-cancela-agendas-e-orientacao-medica-e-de-1-mes-em-repouso-absoluto\\\/\"},\"author\":{\"name\":\"maranhaotv\",\"@id\":\"https:\\\/\\\/maranhaotv.com.br\\\/#\\\/schema\\\/person\\\/3d54238e86b20bb5c89ab2fdb8f8829a\"},\"headline\":\"Bolsonaro cancela agendas, e orienta\u00e7\u00e3o m\u00e9dica \u00e9 de 1 m\u00eas em repouso absoluto\",\"datePublished\":\"2025-07-02T12:23:22+00:00\",\"dateModified\":\"2025-07-02T12:23:23+00:00\",\"mainEntityOfPage\":{\"@id\":\"https:\\\/\\\/maranhaotv.com.br\\\/index.php\\\/2025\\\/07\\\/02\\\/bolsonaro-cancela-agendas-e-orientacao-medica-e-de-1-mes-em-repouso-absoluto\\\/\"},\"wordCount\":809,\"commentCount\":0,\"publisher\":{\"@id\":\"https:\\\/\\\/maranhaotv.com.br\\\/#organization\"},\"image\":{\"@id\":\"https:\\\/\\\/maranhaotv.com.br\\\/index.php\\\/2025\\\/07\\\/02\\\/bolsonaro-cancela-agendas-e-orientacao-medica-e-de-1-mes-em-repouso-absoluto\\\/#primaryimage\"},\"thumbnailUrl\":\"https:\\\/\\\/maranhaotv.com.br\\\/wp-content\\\/uploads\\\/2025\\\/07\\\/ato-bolsonaro-av-paulista.webp\",\"articleSection\":[\"pol\u00edtica\"],\"inLanguage\":\"pt-BR\",\"potentialAction\":[{\"@type\":\"CommentAction\",\"name\":\"Comment\",\"target\":[\"https:\\\/\\\/maranhaotv.com.br\\\/index.php\\\/2025\\\/07\\\/02\\\/bolsonaro-cancela-agendas-e-orientacao-medica-e-de-1-mes-em-repouso-absoluto\\\/#respond\"]}]},{\"@type\":\"WebPage\",\"@id\":\"https:\\\/\\\/maranhaotv.com.br\\\/index.php\\\/2025\\\/07\\\/02\\\/bolsonaro-cancela-agendas-e-orientacao-medica-e-de-1-mes-em-repouso-absoluto\\\/\",\"url\":\"https:\\\/\\\/maranhaotv.com.br\\\/index.php\\\/2025\\\/07\\\/02\\\/bolsonaro-cancela-agendas-e-orientacao-medica-e-de-1-mes-em-repouso-absoluto\\\/\",\"name\":\"Bolsonaro cancela agendas, e orienta\u00e7\u00e3o m\u00e9dica \u00e9 de 1 m\u00eas em repouso absoluto - NOT\u00cdCIAS EM TEMPO REAL\",\"isPartOf\":{\"@id\":\"https:\\\/\\\/maranhaotv.com.br\\\/#website\"},\"primaryImageOfPage\":{\"@id\":\"https:\\\/\\\/maranhaotv.com.br\\\/index.php\\\/2025\\\/07\\\/02\\\/bolsonaro-cancela-agendas-e-orientacao-medica-e-de-1-mes-em-repouso-absoluto\\\/#primaryimage\"},\"image\":{\"@id\":\"https:\\\/\\\/maranhaotv.com.br\\\/index.php\\\/2025\\\/07\\\/02\\\/bolsonaro-cancela-agendas-e-orientacao-medica-e-de-1-mes-em-repouso-absoluto\\\/#primaryimage\"},\"thumbnailUrl\":\"https:\\\/\\\/maranhaotv.com.br\\\/wp-content\\\/uploads\\\/2025\\\/07\\\/ato-bolsonaro-av-paulista.webp\",\"datePublished\":\"2025-07-02T12:23:22+00:00\",\"dateModified\":\"2025-07-02T12:23:23+00:00\",\"breadcrumb\":{\"@id\":\"https:\\\/\\\/maranhaotv.com.br\\\/index.php\\\/2025\\\/07\\\/02\\\/bolsonaro-cancela-agendas-e-orientacao-medica-e-de-1-mes-em-repouso-absoluto\\\/#breadcrumb\"},\"inLanguage\":\"pt-BR\",\"potentialAction\":[{\"@type\":\"ReadAction\",\"target\":[\"https:\\\/\\\/maranhaotv.com.br\\\/index.php\\\/2025\\\/07\\\/02\\\/bolsonaro-cancela-agendas-e-orientacao-medica-e-de-1-mes-em-repouso-absoluto\\\/\"]}]},{\"@type\":\"ImageObject\",\"inLanguage\":\"pt-BR\",\"@id\":\"https:\\\/\\\/maranhaotv.com.br\\\/index.php\\\/2025\\\/07\\\/02\\\/bolsonaro-cancela-agendas-e-orientacao-medica-e-de-1-mes-em-repouso-absoluto\\\/#primaryimage\",\"url\":\"https:\\\/\\\/maranhaotv.com.br\\\/wp-content\\\/uploads\\\/2025\\\/07\\\/ato-bolsonaro-av-paulista.webp\",\"contentUrl\":\"https:\\\/\\\/maranhaotv.com.br\\\/wp-content\\\/uploads\\\/2025\\\/07\\\/ato-bolsonaro-av-paulista.webp\",\"width\":848,\"height\":477},{\"@type\":\"BreadcrumbList\",\"@id\":\"https:\\\/\\\/maranhaotv.com.br\\\/index.php\\\/2025\\\/07\\\/02\\\/bolsonaro-cancela-agendas-e-orientacao-medica-e-de-1-mes-em-repouso-absoluto\\\/#breadcrumb\",\"itemListElement\":[{\"@type\":\"ListItem\",\"position\":1,\"name\":\"In\u00edcio\",\"item\":\"https:\\\/\\\/maranhaotv.com.br\\\/\"},{\"@type\":\"ListItem\",\"position\":2,\"name\":\"Bolsonaro cancela agendas, e orienta\u00e7\u00e3o m\u00e9dica \u00e9 de 1 m\u00eas em repouso absoluto\"}]},{\"@type\":\"WebSite\",\"@id\":\"https:\\\/\\\/maranhaotv.com.br\\\/#website\",\"url\":\"https:\\\/\\\/maranhaotv.com.br\\\/\",\"name\":\"Maranh\u00e3oTV\",\"description\":\"\",\"publisher\":{\"@id\":\"https:\\\/\\\/maranhaotv.com.br\\\/#organization\"},\"potentialAction\":[{\"@type\":\"SearchAction\",\"target\":{\"@type\":\"EntryPoint\",\"urlTemplate\":\"https:\\\/\\\/maranhaotv.com.br\\\/?s={search_term_string}\"},\"query-input\":{\"@type\":\"PropertyValueSpecification\",\"valueRequired\":true,\"valueName\":\"search_term_string\"}}],\"inLanguage\":\"pt-BR\"},{\"@type\":\"Organization\",\"@id\":\"https:\\\/\\\/maranhaotv.com.br\\\/#organization\",\"name\":\"Portal de Not\u00edcias\",\"url\":\"https:\\\/\\\/maranhaotv.com.br\\\/\",\"logo\":{\"@type\":\"ImageObject\",\"inLanguage\":\"pt-BR\",\"@id\":\"https:\\\/\\\/maranhaotv.com.br\\\/#\\\/schema\\\/logo\\\/image\\\/\",\"url\":\"https:\\\/\\\/maranhaotv.com.br\\\/wp-content\\\/uploads\\\/2024\\\/05\\\/cropped-cropped-avatar-1.png\",\"contentUrl\":\"https:\\\/\\\/maranhaotv.com.br\\\/wp-content\\\/uploads\\\/2024\\\/05\\\/cropped-cropped-avatar-1.png\",\"width\":792,\"height\":428,\"caption\":\"Portal de Not\u00edcias\"},\"image\":{\"@id\":\"https:\\\/\\\/maranhaotv.com.br\\\/#\\\/schema\\\/logo\\\/image\\\/\"},\"sameAs\":[\"https:\\\/\\\/www.facebook.com\\\/maiobaotv\",\"https:\\\/\\\/x.com\\\/sitemaranhaotv\",\"https:\\\/\\\/www.instagram.com\\\/maranhao.tv\",\"https:\\\/\\\/www.threads.net\\\/@maranhao.tv\"]},{\"@type\":\"Person\",\"@id\":\"https:\\\/\\\/maranhaotv.com.br\\\/#\\\/schema\\\/person\\\/3d54238e86b20bb5c89ab2fdb8f8829a\",\"name\":\"maranhaotv\",\"image\":{\"@type\":\"ImageObject\",\"inLanguage\":\"pt-BR\",\"@id\":\"https:\\\/\\\/secure.gravatar.com\\\/avatar\\\/8fadbca458d4cb68b1dd399ae9a40618d747bb1af65ac9fad21c89220a143eb4?s=96&d=mm&r=g\",\"url\":\"https:\\\/\\\/secure.gravatar.com\\\/avatar\\\/8fadbca458d4cb68b1dd399ae9a40618d747bb1af65ac9fad21c89220a143eb4?s=96&d=mm&r=g\",\"contentUrl\":\"https:\\\/\\\/secure.gravatar.com\\\/avatar\\\/8fadbca458d4cb68b1dd399ae9a40618d747bb1af65ac9fad21c89220a143eb4?s=96&d=mm&r=g\",\"caption\":\"maranhaotv\"},\"sameAs\":[\"https:\\\/\\\/maranhaotv.com.br\\\/\"],\"url\":\"https:\\\/\\\/maranhaotv.com.br\\\/index.php\\\/author\\\/maranhaotv\\\/\"}]}<\/script>\n<!-- \/ Yoast SEO plugin. -->","yoast_head_json":{"title":"Bolsonaro cancela agendas, e orienta\u00e7\u00e3o m\u00e9dica \u00e9 de 1 m\u00eas em repouso absoluto - NOT\u00cdCIAS EM TEMPO REAL","robots":{"index":"index","follow":"follow","max-snippet":"max-snippet:-1","max-image-preview":"max-image-preview:large","max-video-preview":"max-video-preview:-1"},"canonical":"https:\/\/maranhaotv.com.br\/index.php\/2025\/07\/02\/bolsonaro-cancela-agendas-e-orientacao-medica-e-de-1-mes-em-repouso-absoluto\/","og_locale":"pt_BR","og_type":"article","og_title":"Bolsonaro cancela agendas, e orienta\u00e7\u00e3o m\u00e9dica \u00e9 de 1 m\u00eas em repouso absoluto - NOT\u00cdCIAS EM TEMPO REAL","og_description":"O ex-presidente\u00a0Jair Bolsonaro\u00a0(PL) cancelou todas as agendas p\u00fablicas e ficar\u00e1 em \u201crepouso absoluto\u201d durante o m\u00eas de julho, segundo comunicado","og_url":"https:\/\/maranhaotv.com.br\/index.php\/2025\/07\/02\/bolsonaro-cancela-agendas-e-orientacao-medica-e-de-1-mes-em-repouso-absoluto\/","og_site_name":"NOT\u00cdCIAS EM TEMPO REAL","article_publisher":"https:\/\/www.facebook.com\/maiobaotv","article_published_time":"2025-07-02T12:23:22+00:00","article_modified_time":"2025-07-02T12:23:23+00:00","og_image":[{"width":848,"height":477,"url":"https:\/\/maranhaotv.com.br\/wp-content\/uploads\/2025\/07\/ato-bolsonaro-av-paulista.webp","type":"image\/webp"}],"author":"maranhaotv","twitter_card":"summary_large_image","twitter_creator":"@sitemaranhaotv","twitter_site":"@sitemaranhaotv","twitter_misc":{"Escrito por":"maranhaotv","Est. tempo de leitura":"5 minutos"},"schema":{"@context":"https:\/\/schema.org","@graph":[{"@type":"Article","@id":"https:\/\/maranhaotv.com.br\/index.php\/2025\/07\/02\/bolsonaro-cancela-agendas-e-orientacao-medica-e-de-1-mes-em-repouso-absoluto\/#article","isPartOf":{"@id":"https:\/\/maranhaotv.com.br\/index.php\/2025\/07\/02\/bolsonaro-cancela-agendas-e-orientacao-medica-e-de-1-mes-em-repouso-absoluto\/"},"author":{"name":"maranhaotv","@id":"https:\/\/maranhaotv.com.br\/#\/schema\/person\/3d54238e86b20bb5c89ab2fdb8f8829a"},"headline":"Bolsonaro cancela agendas, e orienta\u00e7\u00e3o m\u00e9dica \u00e9 de 1 m\u00eas em repouso absoluto","datePublished":"2025-07-02T12:23:22+00:00","dateModified":"2025-07-02T12:23:23+00:00","mainEntityOfPage":{"@id":"https:\/\/maranhaotv.com.br\/index.php\/2025\/07\/02\/bolsonaro-cancela-agendas-e-orientacao-medica-e-de-1-mes-em-repouso-absoluto\/"},"wordCount":809,"commentCount":0,"publisher":{"@id":"https:\/\/maranhaotv.com.br\/#organization"},"image":{"@id":"https:\/\/maranhaotv.com.br\/index.php\/2025\/07\/02\/bolsonaro-cancela-agendas-e-orientacao-medica-e-de-1-mes-em-repouso-absoluto\/#primaryimage"},"thumbnailUrl":"https:\/\/maranhaotv.com.br\/wp-content\/uploads\/2025\/07\/ato-bolsonaro-av-paulista.webp","articleSection":["pol\u00edtica"],"inLanguage":"pt-BR","potentialAction":[{"@type":"CommentAction","name":"Comment","target":["https:\/\/maranhaotv.com.br\/index.php\/2025\/07\/02\/bolsonaro-cancela-agendas-e-orientacao-medica-e-de-1-mes-em-repouso-absoluto\/#respond"]}]},{"@type":"WebPage","@id":"https:\/\/maranhaotv.com.br\/index.php\/2025\/07\/02\/bolsonaro-cancela-agendas-e-orientacao-medica-e-de-1-mes-em-repouso-absoluto\/","url":"https:\/\/maranhaotv.com.br\/index.php\/2025\/07\/02\/bolsonaro-cancela-agendas-e-orientacao-medica-e-de-1-mes-em-repouso-absoluto\/","name":"Bolsonaro cancela agendas, e orienta\u00e7\u00e3o m\u00e9dica \u00e9 de 1 m\u00eas em repouso absoluto - NOT\u00cdCIAS EM TEMPO REAL","isPartOf":{"@id":"https:\/\/maranhaotv.com.br\/#website"},"primaryImageOfPage":{"@id":"https:\/\/maranhaotv.com.br\/index.php\/2025\/07\/02\/bolsonaro-cancela-agendas-e-orientacao-medica-e-de-1-mes-em-repouso-absoluto\/#primaryimage"},"image":{"@id":"https:\/\/maranhaotv.com.br\/index.php\/2025\/07\/02\/bolsonaro-cancela-agendas-e-orientacao-medica-e-de-1-mes-em-repouso-absoluto\/#primaryimage"},"thumbnailUrl":"https:\/\/maranhaotv.com.br\/wp-content\/uploads\/2025\/07\/ato-bolsonaro-av-paulista.webp","datePublished":"2025-07-02T12:23:22+00:00","dateModified":"2025-07-02T12:23:23+00:00","breadcrumb":{"@id":"https:\/\/maranhaotv.com.br\/index.php\/2025\/07\/02\/bolsonaro-cancela-agendas-e-orientacao-medica-e-de-1-mes-em-repouso-absoluto\/#breadcrumb"},"inLanguage":"pt-BR","potentialAction":[{"@type":"ReadAction","target":["https:\/\/maranhaotv.com.br\/index.php\/2025\/07\/02\/bolsonaro-cancela-agendas-e-orientacao-medica-e-de-1-mes-em-repouso-absoluto\/"]}]},{"@type":"ImageObject","inLanguage":"pt-BR","@id":"https:\/\/maranhaotv.com.br\/index.php\/2025\/07\/02\/bolsonaro-cancela-agendas-e-orientacao-medica-e-de-1-mes-em-repouso-absoluto\/#primaryimage","url":"https:\/\/maranhaotv.com.br\/wp-content\/uploads\/2025\/07\/ato-bolsonaro-av-paulista.webp","contentUrl":"https:\/\/maranhaotv.com.br\/wp-content\/uploads\/2025\/07\/ato-bolsonaro-av-paulista.webp","width":848,"height":477},{"@type":"BreadcrumbList","@id":"https:\/\/maranhaotv.com.br\/index.php\/2025\/07\/02\/bolsonaro-cancela-agendas-e-orientacao-medica-e-de-1-mes-em-repouso-absoluto\/#breadcrumb","itemListElement":[{"@type":"ListItem","position":1,"name":"In\u00edcio","item":"https:\/\/maranhaotv.com.br\/"},{"@type":"ListItem","position":2,"name":"Bolsonaro cancela agendas, e orienta\u00e7\u00e3o m\u00e9dica \u00e9 de 1 m\u00eas em repouso absoluto"}]},{"@type":"WebSite","@id":"https:\/\/maranhaotv.com.br\/#website","url":"https:\/\/maranhaotv.com.br\/","name":"Maranh\u00e3oTV","description":"","publisher":{"@id":"https:\/\/maranhaotv.com.br\/#organization"},"potentialAction":[{"@type":"SearchAction","target":{"@type":"EntryPoint","urlTemplate":"https:\/\/maranhaotv.com.br\/?s={search_term_string}"},"query-input":{"@type":"PropertyValueSpecification","valueRequired":true,"valueName":"search_term_string"}}],"inLanguage":"pt-BR"},{"@type":"Organization","@id":"https:\/\/maranhaotv.com.br\/#organization","name":"Portal de Not\u00edcias","url":"https:\/\/maranhaotv.com.br\/","logo":{"@type":"ImageObject","inLanguage":"pt-BR","@id":"https:\/\/maranhaotv.com.br\/#\/schema\/logo\/image\/","url":"https:\/\/maranhaotv.com.br\/wp-content\/uploads\/2024\/05\/cropped-cropped-avatar-1.png","contentUrl":"https:\/\/maranhaotv.com.br\/wp-content\/uploads\/2024\/05\/cropped-cropped-avatar-1.png","width":792,"height":428,"caption":"Portal de Not\u00edcias"},"image":{"@id":"https:\/\/maranhaotv.com.br\/#\/schema\/logo\/image\/"},"sameAs":["https:\/\/www.facebook.com\/maiobaotv","https:\/\/x.com\/sitemaranhaotv","https:\/\/www.instagram.com\/maranhao.tv","https:\/\/www.threads.net\/@maranhao.tv"]},{"@type":"Person","@id":"https:\/\/maranhaotv.com.br\/#\/schema\/person\/3d54238e86b20bb5c89ab2fdb8f8829a","name":"maranhaotv","image":{"@type":"ImageObject","inLanguage":"pt-BR","@id":"https:\/\/secure.gravatar.com\/avatar\/8fadbca458d4cb68b1dd399ae9a40618d747bb1af65ac9fad21c89220a143eb4?s=96&d=mm&r=g","url":"https:\/\/secure.gravatar.com\/avatar\/8fadbca458d4cb68b1dd399ae9a40618d747bb1af65ac9fad21c89220a143eb4?s=96&d=mm&r=g","contentUrl":"https:\/\/secure.gravatar.com\/avatar\/8fadbca458d4cb68b1dd399ae9a40618d747bb1af65ac9fad21c89220a143eb4?s=96&d=mm&r=g","caption":"maranhaotv"},"sameAs":["https:\/\/maranhaotv.com.br\/"],"url":"https:\/\/maranhaotv.com.br\/index.php\/author\/maranhaotv\/"}]}},"jetpack_featured_media_url":"https:\/\/maranhaotv.com.br\/wp-content\/uploads\/2025\/07\/ato-bolsonaro-av-paulista.webp","jetpack_sharing_enabled":true,"_links":{"self":[{"href":"https:\/\/maranhaotv.com.br\/index.php\/wp-json\/wp\/v2\/posts\/43022","targetHints":{"allow":["GET"]}}],"collection":[{"href":"https:\/\/maranhaotv.com.br\/index.php\/wp-json\/wp\/v2\/posts"}],"about":[{"href":"https:\/\/maranhaotv.com.br\/index.php\/wp-json\/wp\/v2\/types\/post"}],"author":[{"embeddable":true,"href":"https:\/\/maranhaotv.com.br\/index.php\/wp-json\/wp\/v2\/users\/2"}],"replies":[{"embeddable":true,"href":"https:\/\/maranhaotv.com.br\/index.php\/wp-json\/wp\/v2\/comments?post=43022"}],"version-history":[{"count":1,"href":"https:\/\/maranhaotv.com.br\/index.php\/wp-json\/wp\/v2\/posts\/43022\/revisions"}],"predecessor-version":[{"id":43024,"href":"https:\/\/maranhaotv.com.br\/index.php\/wp-json\/wp\/v2\/posts\/43022\/revisions\/43024"}],"wp:featuredmedia":[{"embeddable":true,"href":"https:\/\/maranhaotv.com.br\/index.php\/wp-json\/wp\/v2\/media\/43023"}],"wp:attachment":[{"href":"https:\/\/maranhaotv.com.br\/index.php\/wp-json\/wp\/v2\/media?parent=43022"}],"wp:term":[{"taxonomy":"category","embeddable":true,"href":"https:\/\/maranhaotv.com.br\/index.php\/wp-json\/wp\/v2\/categories?post=43022"},{"taxonomy":"post_tag","embeddable":true,"href":"https:\/\/maranhaotv.com.br\/index.php\/wp-json\/wp\/v2\/tags?post=43022"}],"curies":[{"name":"wp","href":"https:\/\/api.w.org\/{rel}","templated":true}]}}