{"id":43081,"date":"2025-07-07T16:33:33","date_gmt":"2025-07-07T19:33:33","guid":{"rendered":"https:\/\/maranhaotv.com.br\/?p=43081"},"modified":"2025-07-07T16:34:13","modified_gmt":"2025-07-07T19:34:13","slug":"prefeito-do-ma-que-assassinou-policial-se-entrega-a-policia","status":"publish","type":"post","link":"https:\/\/maranhaotv.com.br\/index.php\/2025\/07\/07\/prefeito-do-ma-que-assassinou-policial-se-entrega-a-policia\/","title":{"rendered":"Prefeito do MA que assassinou policial se entrega \u00e0 pol\u00edcia"},"content":{"rendered":"\n<p><\/p>\n\n\n\n<p>O prefeito de Igarap\u00e9 Grande, Jo\u00e3o Vitor Xavier (PDT), de 27 anos, acusado de assassinar o policial militar Geidson Thiago da Silva dos Santos, conhecido como \u201cDos Santos\u201d, se entregou na delegacia regional de Presidente Dutra. A informa\u00e7\u00e3o \u00e9 da TV Difusora de Pedreiras.<br><br>Segundo testemunhas ouvidas pela Pol\u00edcia Civil, a discuss\u00e3o entre os dois teria come\u00e7ado ap\u00f3s o policial, que estava de folga, reclamar com o prefeito sobre o farol alto do carro, que estaria iluminando diretamente o rosto das pessoas presentes no local.<br><br>Relatos indicam que o prefeito n\u00e3o gostou da abordagem e, momentos depois, teria ido at\u00e9 um ve\u00edculo preto, de onde pegou uma arma. Em seguida, ele teria retornado ao local da confus\u00e3o e atirado contra o policial pelas costas, efetuando ao menos cinco disparos. O PM caiu no ch\u00e3o antes que pudesse reagir. Testemunhas tamb\u00e9m acrescentaram que um dos envolvidos teria feito um gesto de que iria sacar a arma durante a confus\u00e3o.<br><br>Imagens de c\u00e2meras de seguran\u00e7a analisadas pela Pol\u00edcia Civil confirmam parte da din\u00e2mica relatada. As grava\u00e7\u00f5es mostram o suspeito se dirigindo ao carro e, logo depois, indo em dire\u00e7\u00e3o ao grupo onde estava Geidson. Ap\u00f3s o epis\u00f3dio, o homem corre de volta ao ve\u00edculo e deixa o local. O v\u00eddeo n\u00e3o mostra o exato momento dos disparos, mas refor\u00e7a a linha investigativa.<br><br>Geidson chegou a ser socorrido e encaminhado ao hospital de Pedreiras. Devido \u00e0 gravidade dos ferimentos, foi transferido para uma unidade de maior complexidade em Peritor\u00f3, mas n\u00e3o resistiu. Ele era lotado no 19\u00ba Batalh\u00e3o da Pol\u00edcia Militar e ser\u00e1 velado nesta segunda-feira (7).<br><br>A defesa de Jo\u00e3o Vitor Xavier afirmou que os fatos ainda est\u00e3o em fase preliminar de apura\u00e7\u00e3o e deve adotar a tese de leg\u00edtima defesa.<\/p>\n\n\n\n<figure class=\"wp-block-image size-large\"><img loading=\"lazy\" decoding=\"async\" width=\"768\" height=\"792\" src=\"https:\/\/maranhaotv.com.br\/wp-content\/uploads\/2025\/07\/img_8699-768x792-16780567607089277204.webp\" alt=\"\" class=\"wp-image-43080\" srcset=\"https:\/\/maranhaotv.com.br\/wp-content\/uploads\/2025\/07\/img_8699-768x792-16780567607089277204.webp 768w, https:\/\/maranhaotv.com.br\/wp-content\/uploads\/2025\/07\/img_8699-768x792-16780567607089277204-291x300.webp 291w\" sizes=\"auto, (max-width: 768px) 100vw, 768px\" \/><\/figure>\n","protected":false},"excerpt":{"rendered":"<p>O prefeito de Igarap\u00e9 Grande, Jo\u00e3o Vitor Xavier (PDT), de 27 anos, acusado de assassinar o policial militar Geidson Thiago<\/p>\n","protected":false},"author":2,"featured_media":43051,"comment_status":"open","ping_status":"open","sticky":false,"template":"","format":"standard","meta":{"colormag_page_container_layout":"default_layout","colormag_page_sidebar_layout":"default_layout","_jetpack_memberships_contains_paid_content":false,"footnotes":""},"categories":[3],"tags":[],"class_list":["post-43081","post","type-post","status-publish","format-standard","has-post-thumbnail","hentry","category-policial"],"magazineBlocksPostFeaturedMedia":{"thumbnail":"https:\/\/maranhaotv.com.br\/wp-content\/uploads\/2025\/07\/image_editor_output_image2083895540-1751879315998-150x150.jpg","medium":"https:\/\/maranhaotv.com.br\/wp-content\/uploads\/2025\/07\/image_editor_output_image2083895540-1751879315998-300x176.jpg","medium_large":"https:\/\/maranhaotv.com.br\/wp-content\/uploads\/2025\/07\/image_editor_output_image2083895540-1751879315998.jpg","large":"https:\/\/maranhaotv.com.br\/wp-content\/uploads\/2025\/07\/image_editor_output_image2083895540-1751879315998.jpg","1536x1536":"https:\/\/maranhaotv.com.br\/wp-content\/uploads\/2025\/07\/image_editor_output_image2083895540-1751879315998.jpg","2048x2048":"https:\/\/maranhaotv.com.br\/wp-content\/uploads\/2025\/07\/image_editor_output_image2083895540-1751879315998.jpg","colormag-highlighted-post":"https:\/\/maranhaotv.com.br\/wp-content\/uploads\/2025\/07\/image_editor_output_image2083895540-1751879315998-392x272.jpg","colormag-featured-post-medium":"https:\/\/maranhaotv.com.br\/wp-content\/uploads\/2025\/07\/image_editor_output_image2083895540-1751879315998-390x205.jpg","colormag-featured-post-small":"https:\/\/maranhaotv.com.br\/wp-content\/uploads\/2025\/07\/image_editor_output_image2083895540-1751879315998-130x90.jpg","colormag-featured-image":"https:\/\/maranhaotv.com.br\/wp-content\/uploads\/2025\/07\/image_editor_output_image2083895540-1751879315998.jpg","colormag-default-news":"https:\/\/maranhaotv.com.br\/wp-content\/uploads\/2025\/07\/image_editor_output_image2083895540-1751879315998-150x150.jpg","colormag-featured-image-large":"https:\/\/maranhaotv.com.br\/wp-content\/uploads\/2025\/07\/image_editor_output_image2083895540-1751879315998.jpg"},"magazineBlocksPostAuthor":{"name":"maranhaotv","avatar":"https:\/\/secure.gravatar.com\/avatar\/8fadbca458d4cb68b1dd399ae9a40618d747bb1af65ac9fad21c89220a143eb4?s=96&d=mm&r=g"},"magazineBlocksPostCommentsNumber":"0","magazineBlocksPostExcerpt":"O prefeito de Igarap\u00e9 Grande, Jo\u00e3o Vitor Xavier (PDT), de 27 anos, acusado de assassinar o policial militar Geidson Thiago","magazineBlocksPostCategories":["policial"],"magazineBlocksPostViewCount":793,"magazineBlocksPostReadTime":2,"magazine_blocks_featured_image_url":{"full":["https:\/\/maranhaotv.com.br\/wp-content\/uploads\/2025\/07\/image_editor_output_image2083895540-1751879315998.jpg",650,381,false],"medium":["https:\/\/maranhaotv.com.br\/wp-content\/uploads\/2025\/07\/image_editor_output_image2083895540-1751879315998-300x176.jpg",300,176,true],"thumbnail":["https:\/\/maranhaotv.com.br\/wp-content\/uploads\/2025\/07\/image_editor_output_image2083895540-1751879315998-150x150.jpg",150,150,true]},"magazine_blocks_author":{"display_name":"maranhaotv","author_link":"https:\/\/maranhaotv.com.br\/index.php\/author\/maranhaotv\/"},"magazine_blocks_comment":0,"magazine_blocks_author_image":"https:\/\/secure.gravatar.com\/avatar\/8fadbca458d4cb68b1dd399ae9a40618d747bb1af65ac9fad21c89220a143eb4?s=96&d=mm&r=g","magazine_blocks_category":"<a href=\"#\" class=\"category-link category-link-3\">policial<\/a>","yoast_head":"<!-- This site is optimized with the Yoast SEO plugin v27.4 - https:\/\/yoast.com\/product\/yoast-seo-wordpress\/ -->\n<title>Prefeito do MA que assassinou policial se entrega \u00e0 pol\u00edcia - NOT\u00cdCIAS EM TEMPO REAL<\/title>\n<meta name=\"robots\" content=\"index, follow, max-snippet:-1, max-image-preview:large, max-video-preview:-1\" \/>\n<link rel=\"canonical\" href=\"https:\/\/maranhaotv.com.br\/index.php\/2025\/07\/07\/prefeito-do-ma-que-assassinou-policial-se-entrega-a-policia\/\" \/>\n<meta property=\"og:locale\" content=\"pt_BR\" \/>\n<meta property=\"og:type\" content=\"article\" \/>\n<meta property=\"og:title\" content=\"Prefeito do MA que assassinou policial se entrega \u00e0 pol\u00edcia - NOT\u00cdCIAS EM TEMPO REAL\" \/>\n<meta property=\"og:description\" content=\"O prefeito de Igarap\u00e9 Grande, Jo\u00e3o Vitor Xavier (PDT), de 27 anos, acusado de assassinar o policial militar Geidson Thiago\" \/>\n<meta property=\"og:url\" content=\"https:\/\/maranhaotv.com.br\/index.php\/2025\/07\/07\/prefeito-do-ma-que-assassinou-policial-se-entrega-a-policia\/\" \/>\n<meta property=\"og:site_name\" content=\"NOT\u00cdCIAS EM TEMPO REAL\" \/>\n<meta property=\"article:publisher\" content=\"https:\/\/www.facebook.com\/maiobaotv\" \/>\n<meta property=\"article:published_time\" content=\"2025-07-07T19:33:33+00:00\" \/>\n<meta property=\"article:modified_time\" content=\"2025-07-07T19:34:13+00:00\" \/>\n<meta property=\"og:image\" content=\"https:\/\/maranhaotv.com.br\/wp-content\/uploads\/2025\/07\/image_editor_output_image2083895540-1751879315998.jpg\" \/>\n\t<meta property=\"og:image:width\" content=\"650\" \/>\n\t<meta property=\"og:image:height\" content=\"381\" \/>\n\t<meta property=\"og:image:type\" content=\"image\/jpeg\" \/>\n<meta name=\"author\" content=\"maranhaotv\" \/>\n<meta name=\"twitter:card\" content=\"summary_large_image\" \/>\n<meta name=\"twitter:creator\" content=\"@sitemaranhaotv\" \/>\n<meta name=\"twitter:site\" content=\"@sitemaranhaotv\" \/>\n<meta name=\"twitter:label1\" content=\"Escrito por\" \/>\n\t<meta name=\"twitter:data1\" content=\"maranhaotv\" \/>\n\t<meta name=\"twitter:label2\" content=\"Est. tempo de leitura\" \/>\n\t<meta name=\"twitter:data2\" content=\"2 minutos\" \/>\n<script type=\"application\/ld+json\" class=\"yoast-schema-graph\">{\"@context\":\"https:\\\/\\\/schema.org\",\"@graph\":[{\"@type\":\"Article\",\"@id\":\"https:\\\/\\\/maranhaotv.com.br\\\/index.php\\\/2025\\\/07\\\/07\\\/prefeito-do-ma-que-assassinou-policial-se-entrega-a-policia\\\/#article\",\"isPartOf\":{\"@id\":\"https:\\\/\\\/maranhaotv.com.br\\\/index.php\\\/2025\\\/07\\\/07\\\/prefeito-do-ma-que-assassinou-policial-se-entrega-a-policia\\\/\"},\"author\":{\"name\":\"maranhaotv\",\"@id\":\"https:\\\/\\\/maranhaotv.com.br\\\/#\\\/schema\\\/person\\\/3d54238e86b20bb5c89ab2fdb8f8829a\"},\"headline\":\"Prefeito do MA que assassinou policial se entrega \u00e0 pol\u00edcia\",\"datePublished\":\"2025-07-07T19:33:33+00:00\",\"dateModified\":\"2025-07-07T19:34:13+00:00\",\"mainEntityOfPage\":{\"@id\":\"https:\\\/\\\/maranhaotv.com.br\\\/index.php\\\/2025\\\/07\\\/07\\\/prefeito-do-ma-que-assassinou-policial-se-entrega-a-policia\\\/\"},\"wordCount\":325,\"commentCount\":0,\"publisher\":{\"@id\":\"https:\\\/\\\/maranhaotv.com.br\\\/#organization\"},\"image\":{\"@id\":\"https:\\\/\\\/maranhaotv.com.br\\\/index.php\\\/2025\\\/07\\\/07\\\/prefeito-do-ma-que-assassinou-policial-se-entrega-a-policia\\\/#primaryimage\"},\"thumbnailUrl\":\"https:\\\/\\\/maranhaotv.com.br\\\/wp-content\\\/uploads\\\/2025\\\/07\\\/image_editor_output_image2083895540-1751879315998.jpg\",\"articleSection\":[\"policial\"],\"inLanguage\":\"pt-BR\",\"potentialAction\":[{\"@type\":\"CommentAction\",\"name\":\"Comment\",\"target\":[\"https:\\\/\\\/maranhaotv.com.br\\\/index.php\\\/2025\\\/07\\\/07\\\/prefeito-do-ma-que-assassinou-policial-se-entrega-a-policia\\\/#respond\"]}]},{\"@type\":\"WebPage\",\"@id\":\"https:\\\/\\\/maranhaotv.com.br\\\/index.php\\\/2025\\\/07\\\/07\\\/prefeito-do-ma-que-assassinou-policial-se-entrega-a-policia\\\/\",\"url\":\"https:\\\/\\\/maranhaotv.com.br\\\/index.php\\\/2025\\\/07\\\/07\\\/prefeito-do-ma-que-assassinou-policial-se-entrega-a-policia\\\/\",\"name\":\"Prefeito do MA que assassinou policial se entrega \u00e0 pol\u00edcia - NOT\u00cdCIAS EM TEMPO REAL\",\"isPartOf\":{\"@id\":\"https:\\\/\\\/maranhaotv.com.br\\\/#website\"},\"primaryImageOfPage\":{\"@id\":\"https:\\\/\\\/maranhaotv.com.br\\\/index.php\\\/2025\\\/07\\\/07\\\/prefeito-do-ma-que-assassinou-policial-se-entrega-a-policia\\\/#primaryimage\"},\"image\":{\"@id\":\"https:\\\/\\\/maranhaotv.com.br\\\/index.php\\\/2025\\\/07\\\/07\\\/prefeito-do-ma-que-assassinou-policial-se-entrega-a-policia\\\/#primaryimage\"},\"thumbnailUrl\":\"https:\\\/\\\/maranhaotv.com.br\\\/wp-content\\\/uploads\\\/2025\\\/07\\\/image_editor_output_image2083895540-1751879315998.jpg\",\"datePublished\":\"2025-07-07T19:33:33+00:00\",\"dateModified\":\"2025-07-07T19:34:13+00:00\",\"breadcrumb\":{\"@id\":\"https:\\\/\\\/maranhaotv.com.br\\\/index.php\\\/2025\\\/07\\\/07\\\/prefeito-do-ma-que-assassinou-policial-se-entrega-a-policia\\\/#breadcrumb\"},\"inLanguage\":\"pt-BR\",\"potentialAction\":[{\"@type\":\"ReadAction\",\"target\":[\"https:\\\/\\\/maranhaotv.com.br\\\/index.php\\\/2025\\\/07\\\/07\\\/prefeito-do-ma-que-assassinou-policial-se-entrega-a-policia\\\/\"]}]},{\"@type\":\"ImageObject\",\"inLanguage\":\"pt-BR\",\"@id\":\"https:\\\/\\\/maranhaotv.com.br\\\/index.php\\\/2025\\\/07\\\/07\\\/prefeito-do-ma-que-assassinou-policial-se-entrega-a-policia\\\/#primaryimage\",\"url\":\"https:\\\/\\\/maranhaotv.com.br\\\/wp-content\\\/uploads\\\/2025\\\/07\\\/image_editor_output_image2083895540-1751879315998.jpg\",\"contentUrl\":\"https:\\\/\\\/maranhaotv.com.br\\\/wp-content\\\/uploads\\\/2025\\\/07\\\/image_editor_output_image2083895540-1751879315998.jpg\",\"width\":650,\"height\":381},{\"@type\":\"BreadcrumbList\",\"@id\":\"https:\\\/\\\/maranhaotv.com.br\\\/index.php\\\/2025\\\/07\\\/07\\\/prefeito-do-ma-que-assassinou-policial-se-entrega-a-policia\\\/#breadcrumb\",\"itemListElement\":[{\"@type\":\"ListItem\",\"position\":1,\"name\":\"In\u00edcio\",\"item\":\"https:\\\/\\\/maranhaotv.com.br\\\/\"},{\"@type\":\"ListItem\",\"position\":2,\"name\":\"Prefeito do MA que assassinou policial se entrega \u00e0 pol\u00edcia\"}]},{\"@type\":\"WebSite\",\"@id\":\"https:\\\/\\\/maranhaotv.com.br\\\/#website\",\"url\":\"https:\\\/\\\/maranhaotv.com.br\\\/\",\"name\":\"Maranh\u00e3oTV\",\"description\":\"\",\"publisher\":{\"@id\":\"https:\\\/\\\/maranhaotv.com.br\\\/#organization\"},\"potentialAction\":[{\"@type\":\"SearchAction\",\"target\":{\"@type\":\"EntryPoint\",\"urlTemplate\":\"https:\\\/\\\/maranhaotv.com.br\\\/?s={search_term_string}\"},\"query-input\":{\"@type\":\"PropertyValueSpecification\",\"valueRequired\":true,\"valueName\":\"search_term_string\"}}],\"inLanguage\":\"pt-BR\"},{\"@type\":\"Organization\",\"@id\":\"https:\\\/\\\/maranhaotv.com.br\\\/#organization\",\"name\":\"Portal de Not\u00edcias\",\"url\":\"https:\\\/\\\/maranhaotv.com.br\\\/\",\"logo\":{\"@type\":\"ImageObject\",\"inLanguage\":\"pt-BR\",\"@id\":\"https:\\\/\\\/maranhaotv.com.br\\\/#\\\/schema\\\/logo\\\/image\\\/\",\"url\":\"https:\\\/\\\/maranhaotv.com.br\\\/wp-content\\\/uploads\\\/2024\\\/05\\\/cropped-cropped-avatar-1.png\",\"contentUrl\":\"https:\\\/\\\/maranhaotv.com.br\\\/wp-content\\\/uploads\\\/2024\\\/05\\\/cropped-cropped-avatar-1.png\",\"width\":792,\"height\":428,\"caption\":\"Portal de Not\u00edcias\"},\"image\":{\"@id\":\"https:\\\/\\\/maranhaotv.com.br\\\/#\\\/schema\\\/logo\\\/image\\\/\"},\"sameAs\":[\"https:\\\/\\\/www.facebook.com\\\/maiobaotv\",\"https:\\\/\\\/x.com\\\/sitemaranhaotv\",\"https:\\\/\\\/www.instagram.com\\\/maranhao.tv\",\"https:\\\/\\\/www.threads.net\\\/@maranhao.tv\"]},{\"@type\":\"Person\",\"@id\":\"https:\\\/\\\/maranhaotv.com.br\\\/#\\\/schema\\\/person\\\/3d54238e86b20bb5c89ab2fdb8f8829a\",\"name\":\"maranhaotv\",\"image\":{\"@type\":\"ImageObject\",\"inLanguage\":\"pt-BR\",\"@id\":\"https:\\\/\\\/secure.gravatar.com\\\/avatar\\\/8fadbca458d4cb68b1dd399ae9a40618d747bb1af65ac9fad21c89220a143eb4?s=96&d=mm&r=g\",\"url\":\"https:\\\/\\\/secure.gravatar.com\\\/avatar\\\/8fadbca458d4cb68b1dd399ae9a40618d747bb1af65ac9fad21c89220a143eb4?s=96&d=mm&r=g\",\"contentUrl\":\"https:\\\/\\\/secure.gravatar.com\\\/avatar\\\/8fadbca458d4cb68b1dd399ae9a40618d747bb1af65ac9fad21c89220a143eb4?s=96&d=mm&r=g\",\"caption\":\"maranhaotv\"},\"sameAs\":[\"https:\\\/\\\/maranhaotv.com.br\\\/\"],\"url\":\"https:\\\/\\\/maranhaotv.com.br\\\/index.php\\\/author\\\/maranhaotv\\\/\"}]}<\/script>\n<!-- \/ Yoast SEO plugin. -->","yoast_head_json":{"title":"Prefeito do MA que assassinou policial se entrega \u00e0 pol\u00edcia - NOT\u00cdCIAS EM TEMPO REAL","robots":{"index":"index","follow":"follow","max-snippet":"max-snippet:-1","max-image-preview":"max-image-preview:large","max-video-preview":"max-video-preview:-1"},"canonical":"https:\/\/maranhaotv.com.br\/index.php\/2025\/07\/07\/prefeito-do-ma-que-assassinou-policial-se-entrega-a-policia\/","og_locale":"pt_BR","og_type":"article","og_title":"Prefeito do MA que assassinou policial se entrega \u00e0 pol\u00edcia - NOT\u00cdCIAS EM TEMPO REAL","og_description":"O prefeito de Igarap\u00e9 Grande, Jo\u00e3o Vitor Xavier (PDT), de 27 anos, acusado de assassinar o policial militar Geidson Thiago","og_url":"https:\/\/maranhaotv.com.br\/index.php\/2025\/07\/07\/prefeito-do-ma-que-assassinou-policial-se-entrega-a-policia\/","og_site_name":"NOT\u00cdCIAS EM TEMPO REAL","article_publisher":"https:\/\/www.facebook.com\/maiobaotv","article_published_time":"2025-07-07T19:33:33+00:00","article_modified_time":"2025-07-07T19:34:13+00:00","og_image":[{"width":650,"height":381,"url":"https:\/\/maranhaotv.com.br\/wp-content\/uploads\/2025\/07\/image_editor_output_image2083895540-1751879315998.jpg","type":"image\/jpeg"}],"author":"maranhaotv","twitter_card":"summary_large_image","twitter_creator":"@sitemaranhaotv","twitter_site":"@sitemaranhaotv","twitter_misc":{"Escrito por":"maranhaotv","Est. tempo de leitura":"2 minutos"},"schema":{"@context":"https:\/\/schema.org","@graph":[{"@type":"Article","@id":"https:\/\/maranhaotv.com.br\/index.php\/2025\/07\/07\/prefeito-do-ma-que-assassinou-policial-se-entrega-a-policia\/#article","isPartOf":{"@id":"https:\/\/maranhaotv.com.br\/index.php\/2025\/07\/07\/prefeito-do-ma-que-assassinou-policial-se-entrega-a-policia\/"},"author":{"name":"maranhaotv","@id":"https:\/\/maranhaotv.com.br\/#\/schema\/person\/3d54238e86b20bb5c89ab2fdb8f8829a"},"headline":"Prefeito do MA que assassinou policial se entrega \u00e0 pol\u00edcia","datePublished":"2025-07-07T19:33:33+00:00","dateModified":"2025-07-07T19:34:13+00:00","mainEntityOfPage":{"@id":"https:\/\/maranhaotv.com.br\/index.php\/2025\/07\/07\/prefeito-do-ma-que-assassinou-policial-se-entrega-a-policia\/"},"wordCount":325,"commentCount":0,"publisher":{"@id":"https:\/\/maranhaotv.com.br\/#organization"},"image":{"@id":"https:\/\/maranhaotv.com.br\/index.php\/2025\/07\/07\/prefeito-do-ma-que-assassinou-policial-se-entrega-a-policia\/#primaryimage"},"thumbnailUrl":"https:\/\/maranhaotv.com.br\/wp-content\/uploads\/2025\/07\/image_editor_output_image2083895540-1751879315998.jpg","articleSection":["policial"],"inLanguage":"pt-BR","potentialAction":[{"@type":"CommentAction","name":"Comment","target":["https:\/\/maranhaotv.com.br\/index.php\/2025\/07\/07\/prefeito-do-ma-que-assassinou-policial-se-entrega-a-policia\/#respond"]}]},{"@type":"WebPage","@id":"https:\/\/maranhaotv.com.br\/index.php\/2025\/07\/07\/prefeito-do-ma-que-assassinou-policial-se-entrega-a-policia\/","url":"https:\/\/maranhaotv.com.br\/index.php\/2025\/07\/07\/prefeito-do-ma-que-assassinou-policial-se-entrega-a-policia\/","name":"Prefeito do MA que assassinou policial se entrega \u00e0 pol\u00edcia - NOT\u00cdCIAS EM TEMPO REAL","isPartOf":{"@id":"https:\/\/maranhaotv.com.br\/#website"},"primaryImageOfPage":{"@id":"https:\/\/maranhaotv.com.br\/index.php\/2025\/07\/07\/prefeito-do-ma-que-assassinou-policial-se-entrega-a-policia\/#primaryimage"},"image":{"@id":"https:\/\/maranhaotv.com.br\/index.php\/2025\/07\/07\/prefeito-do-ma-que-assassinou-policial-se-entrega-a-policia\/#primaryimage"},"thumbnailUrl":"https:\/\/maranhaotv.com.br\/wp-content\/uploads\/2025\/07\/image_editor_output_image2083895540-1751879315998.jpg","datePublished":"2025-07-07T19:33:33+00:00","dateModified":"2025-07-07T19:34:13+00:00","breadcrumb":{"@id":"https:\/\/maranhaotv.com.br\/index.php\/2025\/07\/07\/prefeito-do-ma-que-assassinou-policial-se-entrega-a-policia\/#breadcrumb"},"inLanguage":"pt-BR","potentialAction":[{"@type":"ReadAction","target":["https:\/\/maranhaotv.com.br\/index.php\/2025\/07\/07\/prefeito-do-ma-que-assassinou-policial-se-entrega-a-policia\/"]}]},{"@type":"ImageObject","inLanguage":"pt-BR","@id":"https:\/\/maranhaotv.com.br\/index.php\/2025\/07\/07\/prefeito-do-ma-que-assassinou-policial-se-entrega-a-policia\/#primaryimage","url":"https:\/\/maranhaotv.com.br\/wp-content\/uploads\/2025\/07\/image_editor_output_image2083895540-1751879315998.jpg","contentUrl":"https:\/\/maranhaotv.com.br\/wp-content\/uploads\/2025\/07\/image_editor_output_image2083895540-1751879315998.jpg","width":650,"height":381},{"@type":"BreadcrumbList","@id":"https:\/\/maranhaotv.com.br\/index.php\/2025\/07\/07\/prefeito-do-ma-que-assassinou-policial-se-entrega-a-policia\/#breadcrumb","itemListElement":[{"@type":"ListItem","position":1,"name":"In\u00edcio","item":"https:\/\/maranhaotv.com.br\/"},{"@type":"ListItem","position":2,"name":"Prefeito do MA que assassinou policial se entrega \u00e0 pol\u00edcia"}]},{"@type":"WebSite","@id":"https:\/\/maranhaotv.com.br\/#website","url":"https:\/\/maranhaotv.com.br\/","name":"Maranh\u00e3oTV","description":"","publisher":{"@id":"https:\/\/maranhaotv.com.br\/#organization"},"potentialAction":[{"@type":"SearchAction","target":{"@type":"EntryPoint","urlTemplate":"https:\/\/maranhaotv.com.br\/?s={search_term_string}"},"query-input":{"@type":"PropertyValueSpecification","valueRequired":true,"valueName":"search_term_string"}}],"inLanguage":"pt-BR"},{"@type":"Organization","@id":"https:\/\/maranhaotv.com.br\/#organization","name":"Portal de Not\u00edcias","url":"https:\/\/maranhaotv.com.br\/","logo":{"@type":"ImageObject","inLanguage":"pt-BR","@id":"https:\/\/maranhaotv.com.br\/#\/schema\/logo\/image\/","url":"https:\/\/maranhaotv.com.br\/wp-content\/uploads\/2024\/05\/cropped-cropped-avatar-1.png","contentUrl":"https:\/\/maranhaotv.com.br\/wp-content\/uploads\/2024\/05\/cropped-cropped-avatar-1.png","width":792,"height":428,"caption":"Portal de Not\u00edcias"},"image":{"@id":"https:\/\/maranhaotv.com.br\/#\/schema\/logo\/image\/"},"sameAs":["https:\/\/www.facebook.com\/maiobaotv","https:\/\/x.com\/sitemaranhaotv","https:\/\/www.instagram.com\/maranhao.tv","https:\/\/www.threads.net\/@maranhao.tv"]},{"@type":"Person","@id":"https:\/\/maranhaotv.com.br\/#\/schema\/person\/3d54238e86b20bb5c89ab2fdb8f8829a","name":"maranhaotv","image":{"@type":"ImageObject","inLanguage":"pt-BR","@id":"https:\/\/secure.gravatar.com\/avatar\/8fadbca458d4cb68b1dd399ae9a40618d747bb1af65ac9fad21c89220a143eb4?s=96&d=mm&r=g","url":"https:\/\/secure.gravatar.com\/avatar\/8fadbca458d4cb68b1dd399ae9a40618d747bb1af65ac9fad21c89220a143eb4?s=96&d=mm&r=g","contentUrl":"https:\/\/secure.gravatar.com\/avatar\/8fadbca458d4cb68b1dd399ae9a40618d747bb1af65ac9fad21c89220a143eb4?s=96&d=mm&r=g","caption":"maranhaotv"},"sameAs":["https:\/\/maranhaotv.com.br\/"],"url":"https:\/\/maranhaotv.com.br\/index.php\/author\/maranhaotv\/"}]}},"jetpack_featured_media_url":"https:\/\/maranhaotv.com.br\/wp-content\/uploads\/2025\/07\/image_editor_output_image2083895540-1751879315998.jpg","jetpack_sharing_enabled":true,"_links":{"self":[{"href":"https:\/\/maranhaotv.com.br\/index.php\/wp-json\/wp\/v2\/posts\/43081","targetHints":{"allow":["GET"]}}],"collection":[{"href":"https:\/\/maranhaotv.com.br\/index.php\/wp-json\/wp\/v2\/posts"}],"about":[{"href":"https:\/\/maranhaotv.com.br\/index.php\/wp-json\/wp\/v2\/types\/post"}],"author":[{"embeddable":true,"href":"https:\/\/maranhaotv.com.br\/index.php\/wp-json\/wp\/v2\/users\/2"}],"replies":[{"embeddable":true,"href":"https:\/\/maranhaotv.com.br\/index.php\/wp-json\/wp\/v2\/comments?post=43081"}],"version-history":[{"count":1,"href":"https:\/\/maranhaotv.com.br\/index.php\/wp-json\/wp\/v2\/posts\/43081\/revisions"}],"predecessor-version":[{"id":43082,"href":"https:\/\/maranhaotv.com.br\/index.php\/wp-json\/wp\/v2\/posts\/43081\/revisions\/43082"}],"wp:featuredmedia":[{"embeddable":true,"href":"https:\/\/maranhaotv.com.br\/index.php\/wp-json\/wp\/v2\/media\/43051"}],"wp:attachment":[{"href":"https:\/\/maranhaotv.com.br\/index.php\/wp-json\/wp\/v2\/media?parent=43081"}],"wp:term":[{"taxonomy":"category","embeddable":true,"href":"https:\/\/maranhaotv.com.br\/index.php\/wp-json\/wp\/v2\/categories?post=43081"},{"taxonomy":"post_tag","embeddable":true,"href":"https:\/\/maranhaotv.com.br\/index.php\/wp-json\/wp\/v2\/tags?post=43081"}],"curies":[{"name":"wp","href":"https:\/\/api.w.org\/{rel}","templated":true}]}}