{"id":43181,"date":"2025-07-14T09:51:41","date_gmt":"2025-07-14T12:51:41","guid":{"rendered":"https:\/\/maranhaotv.com.br\/?p=43181"},"modified":"2025-07-14T09:51:41","modified_gmt":"2025-07-14T12:51:41","slug":"maranhao-tem-85-mil-criancas-e-adolescentes-em-situacao-de-trabalho-infantil","status":"publish","type":"post","link":"https:\/\/maranhaotv.com.br\/index.php\/2025\/07\/14\/maranhao-tem-85-mil-criancas-e-adolescentes-em-situacao-de-trabalho-infantil\/","title":{"rendered":"Maranh\u00e3o tem 85 mil crian\u00e7as e adolescentes em situa\u00e7\u00e3o de trabalho infantil"},"content":{"rendered":"\n<p><\/p>\n\n\n\n<p>Estado \u00e9 o terceiro do Nordeste em n\u00famero de crian\u00e7as nessa condi\u00e7\u00e3o<\/p>\n\n\n\n<p>Justina Maria da Concei\u00e7\u00e3o, 37 anos, sabe bem o que \u00e9 lutar diariamente para alimentar os filhos. M\u00e3e solo de seis crian\u00e7as, todas em idade escolar, ela passa as noites vendendo bombons caseiros no retorno da Forquilha, em S\u00e3o Lu\u00eds. O filho mais velho, de apenas 13 anos, tamb\u00e9m ajuda: percorre o Centro Hist\u00f3rico, no bairro da Praia Grande, vendendo brigadeiros.<br \/>\u201cN\u00e3o \u00e9 por querer, \u00e9 por necessidade. Se eu tivesse algu\u00e9m pra ficar com eles ou um sal\u00e1rio certo, meu menino estaria em casa, descansando, n\u00e3o na rua tentando ajudar\u201d, desabafa Justina. \u201cEle me v\u00ea saindo todo dia pra tentar trazer comida pra dentro de casa. Acaba querendo ajudar tamb\u00e9m. Mas \u00e9 s\u00f3 um menino\u201d, conta.<\/p>\n\n\n\n<p>A hist\u00f3ria da fam\u00edlia de Justina n\u00e3o \u00e9 exce\u00e7\u00e3o. De acordo com o Mapa do Trabalho Infantil (PNAD Cont\u00ednua + FNPETI), divulgado em junho de 2024, cerca de 85 mil crian\u00e7as e adolescentes entre 5 e 17 anos trabalham no Maranh\u00e3o, o que corresponde a aproximadamente 5% da popula\u00e7\u00e3o dessa faixa et\u00e1ria no estado. Com isso, o Maranh\u00e3o ocupa a terceira posi\u00e7\u00e3o no Nordeste em percentual de trabalho infantil, atr\u00e1s apenas do Piau\u00ed (7,93%) e da Bahia (6,23%).<\/p>\n\n\n\n<p>Apesar dos esfor\u00e7os concentrados em datas e campanhas espec\u00edficas,especialistas alertam que o tema n\u00e3o pode desaparecer da agenda p\u00fablica no restante do ano. A professora Maysa Moreira, do curso de Servi\u00e7o Social da Est\u00e1cio, explica que o trabalho infantil no estado \u00e9 muitas vezes invisibilizado e tratado com naturalidade.<br \/>\u201cPara crian\u00e7as e adolescentes em idade escolar, o essencial \u00e9 cumprir a jornada de estudos, brincar, conviver com a fam\u00edlia e os amigos, participar de atividades recreativas e ter tempo para descansar. Tudo isso contribui de forma saud\u00e1vel para a forma\u00e7\u00e3o do car\u00e1ter\u201d, afirma.<\/p>\n\n\n\n<p>Maysa alerta que situa\u00e7\u00f5es como a do filho de Justina configuram trabalho infantil urbano, o que \u00e9 proibido por lei para menores de 14 anos. Al\u00e9m disso, a atividade acontece em local p\u00fablico, \u00e0 noite, e sem prote\u00e7\u00e3o social, todos estes fatores que agravam a exposi\u00e7\u00e3o a riscos.<br \/>\u201cCaracteriza uma viola\u00e7\u00e3o de direitos fundamentais, que impede o pleno desenvolvimento dessa crian\u00e7a\u201d, explica a professora.<\/p>\n\n\n\n<p><em>Realidade nacional<\/em><\/p>\n\n\n\n<p>Dados do Minist\u00e9rio do Trabalho e Emprego (MTE) mostram que, entre 2023 e abril de 2025, 6.372 crian\u00e7as e adolescentes foram retirados de situa\u00e7\u00f5es de trabalho infantil no Brasil, sendo 2.564 em 2923; 2.741 casos em 2024; e, at\u00e9 abril deste ano, as estat\u00edsticas j\u00e1 apontam para 1.067 ocor\u00eancias. Desses, 86% dos casos est\u00e3o considerados entre as piores formas de explora\u00e7\u00e3o, com atividades com graves riscos ocupacionais ou danos f\u00edsicos e emocionais.<\/p>\n\n\n\n<p>Do total, 74% s\u00e3o meninos e 26% meninas. As maiores incid\u00eancias foram entre os adolescentes de 16 e 17 anos (4.130 casos), mas at\u00e9 mesmo crian\u00e7as com menos de 13 anos \u2014 faixa et\u00e1ria em que qualquer tipo de trabalho \u00e9 ilegal \u2014 somaram 791 casos.<\/p>\n\n\n\n<p>As principais atividades envolviam com\u00e9rcio varejista, alimenta\u00e7\u00e3o, oficinas de manuten\u00e7\u00e3o de ve\u00edculos, agricultura e pecu\u00e1ria. Todos setores comuns em diversas cidades maranhenses, principalmente nas zonas rurais.<\/p>\n\n\n\n<p><em>Trabalho infantil na capital<\/em><\/p>\n\n\n\n<p>Cinquenta e nove crian\u00e7as e adolescentes foram identificados em situa\u00e7\u00e3o de trabalho infantil em S\u00e3o Lu\u00eds, durante o primeiro semestre de 2025. Desse total, 17 delas tinham 11 anos de idade ou menos. Outro caso foi de um venezuelano, de 14 anos, em situa\u00e7\u00e3o de mendic\u00e2ncia e fora da escola.<br \/>As informa\u00e7\u00f5es foram divulgadas pelo Minist\u00e9rio do Trabalho e Emprego, por meio da Auditoria Fiscal do Trabalho, que reuniu os dados de afastamentos desses menores em atividades como venda de hortifrutis e produtos de a\u00e7ougue em mercados p\u00fablicos, com\u00e9rcio ambulante em vias p\u00fablicas e praias, ou simplesmente pedindo dinheiro nas ruas.<\/p>\n\n\n\n<p><em>Romantiza\u00e7\u00e3o e desigualdade social<\/em><\/p>\n\n\n\n<p>Segundo a professora Maysa Moreira, um dos maiores desafios \u00e9 a romantiza\u00e7\u00e3o do trabalho infantil, muitas vezes visto como forma de \u201cforma\u00e7\u00e3o de car\u00e1ter\u201d ou \u201cevitar a criminalidade\u201d.<\/p>\n\n\n\n<p>\u201cPesquisas mostram que o trabalho precoce n\u00e3o previne o crime. Muitos adolescentes envolvidos com o tr\u00e1fico ou em medidas socioeducativas j\u00e1 exerciam atividades laborais antes das infra\u00e7\u00f5es. A falsa ideia de que o trabalho protege, na verdade, aprofunda a vulnerabilidade, empurrando os jovens ainda mais para ambientes de risco\u201d, afirma.<\/p>\n\n\n\n<p>Outro fator preocupante \u00e9 o trabalho dom\u00e9stico infantil, especialmente de meninas pobres acolhidas em casas de fam\u00edlia, com promessa de moradia e comida em troca do servi\u00e7o. \u201cEssas meninas ficam isoladas, longe da escola, dos amigos, e muitas vezes em situa\u00e7\u00e3o de abuso. Essa \u00e9 uma das piores formas de trabalho infantil e \u00e9 proibida para menores de 18 anos\u201d, refor\u00e7a.<br \/>A especialista pontua, ainda, que o impacto do trabalho infantil \u00e9 direto na evas\u00e3o escolar e na limita\u00e7\u00e3o de oportunidades na vida adulta. Segundo ela, crian\u00e7as que trabalham cedo tendem a ocupar postos informais e mal remunerados, refor\u00e7ando o ciclo da pobreza. Enquanto isso, jovens de classes mais altas t\u00eam tempo e apoio para investir em forma\u00e7\u00e3o acad\u00eamica e profissional.<\/p>\n\n\n\n<p>\u201cCombater o trabalho infantil n\u00e3o \u00e9 tarefa exclusiva das campanhas anuais. \u00c9 um compromisso cont\u00ednuo da sociedade, do poder p\u00fablico, das escolas e das fam\u00edlias. N\u00e3o basta tirar a crian\u00e7a da rua, \u00e9 preciso garantir educa\u00e7\u00e3o, prote\u00e7\u00e3o e oportunidades reais de futuro\u201d, conclui.<\/p>\n","protected":false},"excerpt":{"rendered":"<p>Estado \u00e9 o terceiro do Nordeste em n\u00famero de crian\u00e7as nessa condi\u00e7\u00e3o Justina Maria da Concei\u00e7\u00e3o, 37 anos, sabe bem<\/p>\n","protected":false},"author":2,"featured_media":43180,"comment_status":"closed","ping_status":"open","sticky":false,"template":"","format":"standard","meta":{"colormag_page_container_layout":"default_layout","colormag_page_sidebar_layout":"default_layout","_jetpack_memberships_contains_paid_content":false,"footnotes":""},"categories":[2],"tags":[],"class_list":["post-43181","post","type-post","status-publish","format-standard","has-post-thumbnail","hentry","category-noticias"],"magazineBlocksPostFeaturedMedia":{"thumbnail":"https:\/\/maranhaotv.com.br\/wp-content\/uploads\/2025\/07\/7f9a4b7f-0be4-4340-87f3-48c6f3619388-1-150x150.jpg","medium":"https:\/\/maranhaotv.com.br\/wp-content\/uploads\/2025\/07\/7f9a4b7f-0be4-4340-87f3-48c6f3619388-1-300x202.jpg","medium_large":"https:\/\/maranhaotv.com.br\/wp-content\/uploads\/2025\/07\/7f9a4b7f-0be4-4340-87f3-48c6f3619388-1.jpg","large":"https:\/\/maranhaotv.com.br\/wp-content\/uploads\/2025\/07\/7f9a4b7f-0be4-4340-87f3-48c6f3619388-1.jpg","1536x1536":"https:\/\/maranhaotv.com.br\/wp-content\/uploads\/2025\/07\/7f9a4b7f-0be4-4340-87f3-48c6f3619388-1.jpg","2048x2048":"https:\/\/maranhaotv.com.br\/wp-content\/uploads\/2025\/07\/7f9a4b7f-0be4-4340-87f3-48c6f3619388-1.jpg","colormag-highlighted-post":"https:\/\/maranhaotv.com.br\/wp-content\/uploads\/2025\/07\/7f9a4b7f-0be4-4340-87f3-48c6f3619388-1-392x272.jpg","colormag-featured-post-medium":"https:\/\/maranhaotv.com.br\/wp-content\/uploads\/2025\/07\/7f9a4b7f-0be4-4340-87f3-48c6f3619388-1-390x205.jpg","colormag-featured-post-small":"https:\/\/maranhaotv.com.br\/wp-content\/uploads\/2025\/07\/7f9a4b7f-0be4-4340-87f3-48c6f3619388-1-130x90.jpg","colormag-featured-image":"https:\/\/maranhaotv.com.br\/wp-content\/uploads\/2025\/07\/7f9a4b7f-0be4-4340-87f3-48c6f3619388-1.jpg","colormag-default-news":"https:\/\/maranhaotv.com.br\/wp-content\/uploads\/2025\/07\/7f9a4b7f-0be4-4340-87f3-48c6f3619388-1-150x150.jpg","colormag-featured-image-large":"https:\/\/maranhaotv.com.br\/wp-content\/uploads\/2025\/07\/7f9a4b7f-0be4-4340-87f3-48c6f3619388-1.jpg"},"magazineBlocksPostAuthor":{"name":"maranhaotv","avatar":"https:\/\/secure.gravatar.com\/avatar\/8fadbca458d4cb68b1dd399ae9a40618d747bb1af65ac9fad21c89220a143eb4?s=96&d=mm&r=g"},"magazineBlocksPostCommentsNumber":false,"magazineBlocksPostExcerpt":"Estado \u00e9 o terceiro do Nordeste em n\u00famero de crian\u00e7as nessa condi\u00e7\u00e3o Justina Maria da Concei\u00e7\u00e3o, 37 anos, sabe bem","magazineBlocksPostCategories":["not\u00edcias"],"magazineBlocksPostViewCount":293,"magazineBlocksPostReadTime":5,"magazine_blocks_featured_image_url":{"full":["https:\/\/maranhaotv.com.br\/wp-content\/uploads\/2025\/07\/7f9a4b7f-0be4-4340-87f3-48c6f3619388-1.jpg",600,403,false],"medium":["https:\/\/maranhaotv.com.br\/wp-content\/uploads\/2025\/07\/7f9a4b7f-0be4-4340-87f3-48c6f3619388-1-300x202.jpg",300,202,true],"thumbnail":["https:\/\/maranhaotv.com.br\/wp-content\/uploads\/2025\/07\/7f9a4b7f-0be4-4340-87f3-48c6f3619388-1-150x150.jpg",150,150,true]},"magazine_blocks_author":{"display_name":"maranhaotv","author_link":"https:\/\/maranhaotv.com.br\/index.php\/author\/maranhaotv\/"},"magazine_blocks_comment":0,"magazine_blocks_author_image":"https:\/\/secure.gravatar.com\/avatar\/8fadbca458d4cb68b1dd399ae9a40618d747bb1af65ac9fad21c89220a143eb4?s=96&d=mm&r=g","magazine_blocks_category":"<a href=\"#\" class=\"category-link category-link-2\">not\u00edcias<\/a>","yoast_head":"<!-- This site is optimized with the Yoast SEO plugin v27.4 - https:\/\/yoast.com\/product\/yoast-seo-wordpress\/ -->\n<title>Maranh\u00e3o tem 85 mil crian\u00e7as e adolescentes em situa\u00e7\u00e3o de trabalho infantil - NOT\u00cdCIAS EM TEMPO REAL<\/title>\n<meta name=\"robots\" content=\"index, follow, max-snippet:-1, max-image-preview:large, max-video-preview:-1\" \/>\n<link rel=\"canonical\" href=\"https:\/\/maranhaotv.com.br\/index.php\/2025\/07\/14\/maranhao-tem-85-mil-criancas-e-adolescentes-em-situacao-de-trabalho-infantil\/\" \/>\n<meta property=\"og:locale\" content=\"pt_BR\" \/>\n<meta property=\"og:type\" content=\"article\" \/>\n<meta property=\"og:title\" content=\"Maranh\u00e3o tem 85 mil crian\u00e7as e adolescentes em situa\u00e7\u00e3o de trabalho infantil - NOT\u00cdCIAS EM TEMPO REAL\" \/>\n<meta property=\"og:description\" content=\"Estado \u00e9 o terceiro do Nordeste em n\u00famero de crian\u00e7as nessa condi\u00e7\u00e3o Justina Maria da Concei\u00e7\u00e3o, 37 anos, sabe bem\" \/>\n<meta property=\"og:url\" content=\"https:\/\/maranhaotv.com.br\/index.php\/2025\/07\/14\/maranhao-tem-85-mil-criancas-e-adolescentes-em-situacao-de-trabalho-infantil\/\" \/>\n<meta property=\"og:site_name\" content=\"NOT\u00cdCIAS EM TEMPO REAL\" \/>\n<meta property=\"article:publisher\" content=\"https:\/\/www.facebook.com\/maiobaotv\" \/>\n<meta property=\"article:published_time\" content=\"2025-07-14T12:51:41+00:00\" \/>\n<meta property=\"og:image\" content=\"https:\/\/maranhaotv.com.br\/wp-content\/uploads\/2025\/07\/7f9a4b7f-0be4-4340-87f3-48c6f3619388-1.jpg\" \/>\n\t<meta property=\"og:image:width\" content=\"600\" \/>\n\t<meta property=\"og:image:height\" content=\"403\" \/>\n\t<meta property=\"og:image:type\" content=\"image\/jpeg\" \/>\n<meta name=\"author\" content=\"maranhaotv\" \/>\n<meta name=\"twitter:card\" content=\"summary_large_image\" \/>\n<meta name=\"twitter:creator\" content=\"@sitemaranhaotv\" \/>\n<meta name=\"twitter:site\" content=\"@sitemaranhaotv\" \/>\n<meta name=\"twitter:label1\" content=\"Escrito por\" \/>\n\t<meta name=\"twitter:data1\" content=\"maranhaotv\" \/>\n\t<meta name=\"twitter:label2\" content=\"Est. tempo de leitura\" \/>\n\t<meta name=\"twitter:data2\" content=\"5 minutos\" \/>\n<script type=\"application\/ld+json\" class=\"yoast-schema-graph\">{\"@context\":\"https:\\\/\\\/schema.org\",\"@graph\":[{\"@type\":\"Article\",\"@id\":\"https:\\\/\\\/maranhaotv.com.br\\\/index.php\\\/2025\\\/07\\\/14\\\/maranhao-tem-85-mil-criancas-e-adolescentes-em-situacao-de-trabalho-infantil\\\/#article\",\"isPartOf\":{\"@id\":\"https:\\\/\\\/maranhaotv.com.br\\\/index.php\\\/2025\\\/07\\\/14\\\/maranhao-tem-85-mil-criancas-e-adolescentes-em-situacao-de-trabalho-infantil\\\/\"},\"author\":{\"name\":\"maranhaotv\",\"@id\":\"https:\\\/\\\/maranhaotv.com.br\\\/#\\\/schema\\\/person\\\/3d54238e86b20bb5c89ab2fdb8f8829a\"},\"headline\":\"Maranh\u00e3o tem 85 mil crian\u00e7as e adolescentes em situa\u00e7\u00e3o de trabalho infantil\",\"datePublished\":\"2025-07-14T12:51:41+00:00\",\"mainEntityOfPage\":{\"@id\":\"https:\\\/\\\/maranhaotv.com.br\\\/index.php\\\/2025\\\/07\\\/14\\\/maranhao-tem-85-mil-criancas-e-adolescentes-em-situacao-de-trabalho-infantil\\\/\"},\"wordCount\":924,\"publisher\":{\"@id\":\"https:\\\/\\\/maranhaotv.com.br\\\/#organization\"},\"image\":{\"@id\":\"https:\\\/\\\/maranhaotv.com.br\\\/index.php\\\/2025\\\/07\\\/14\\\/maranhao-tem-85-mil-criancas-e-adolescentes-em-situacao-de-trabalho-infantil\\\/#primaryimage\"},\"thumbnailUrl\":\"https:\\\/\\\/maranhaotv.com.br\\\/wp-content\\\/uploads\\\/2025\\\/07\\\/7f9a4b7f-0be4-4340-87f3-48c6f3619388-1.jpg\",\"articleSection\":[\"not\u00edcias\"],\"inLanguage\":\"pt-BR\"},{\"@type\":\"WebPage\",\"@id\":\"https:\\\/\\\/maranhaotv.com.br\\\/index.php\\\/2025\\\/07\\\/14\\\/maranhao-tem-85-mil-criancas-e-adolescentes-em-situacao-de-trabalho-infantil\\\/\",\"url\":\"https:\\\/\\\/maranhaotv.com.br\\\/index.php\\\/2025\\\/07\\\/14\\\/maranhao-tem-85-mil-criancas-e-adolescentes-em-situacao-de-trabalho-infantil\\\/\",\"name\":\"Maranh\u00e3o tem 85 mil crian\u00e7as e adolescentes em situa\u00e7\u00e3o de trabalho infantil - NOT\u00cdCIAS EM TEMPO REAL\",\"isPartOf\":{\"@id\":\"https:\\\/\\\/maranhaotv.com.br\\\/#website\"},\"primaryImageOfPage\":{\"@id\":\"https:\\\/\\\/maranhaotv.com.br\\\/index.php\\\/2025\\\/07\\\/14\\\/maranhao-tem-85-mil-criancas-e-adolescentes-em-situacao-de-trabalho-infantil\\\/#primaryimage\"},\"image\":{\"@id\":\"https:\\\/\\\/maranhaotv.com.br\\\/index.php\\\/2025\\\/07\\\/14\\\/maranhao-tem-85-mil-criancas-e-adolescentes-em-situacao-de-trabalho-infantil\\\/#primaryimage\"},\"thumbnailUrl\":\"https:\\\/\\\/maranhaotv.com.br\\\/wp-content\\\/uploads\\\/2025\\\/07\\\/7f9a4b7f-0be4-4340-87f3-48c6f3619388-1.jpg\",\"datePublished\":\"2025-07-14T12:51:41+00:00\",\"breadcrumb\":{\"@id\":\"https:\\\/\\\/maranhaotv.com.br\\\/index.php\\\/2025\\\/07\\\/14\\\/maranhao-tem-85-mil-criancas-e-adolescentes-em-situacao-de-trabalho-infantil\\\/#breadcrumb\"},\"inLanguage\":\"pt-BR\",\"potentialAction\":[{\"@type\":\"ReadAction\",\"target\":[\"https:\\\/\\\/maranhaotv.com.br\\\/index.php\\\/2025\\\/07\\\/14\\\/maranhao-tem-85-mil-criancas-e-adolescentes-em-situacao-de-trabalho-infantil\\\/\"]}]},{\"@type\":\"ImageObject\",\"inLanguage\":\"pt-BR\",\"@id\":\"https:\\\/\\\/maranhaotv.com.br\\\/index.php\\\/2025\\\/07\\\/14\\\/maranhao-tem-85-mil-criancas-e-adolescentes-em-situacao-de-trabalho-infantil\\\/#primaryimage\",\"url\":\"https:\\\/\\\/maranhaotv.com.br\\\/wp-content\\\/uploads\\\/2025\\\/07\\\/7f9a4b7f-0be4-4340-87f3-48c6f3619388-1.jpg\",\"contentUrl\":\"https:\\\/\\\/maranhaotv.com.br\\\/wp-content\\\/uploads\\\/2025\\\/07\\\/7f9a4b7f-0be4-4340-87f3-48c6f3619388-1.jpg\",\"width\":600,\"height\":403},{\"@type\":\"BreadcrumbList\",\"@id\":\"https:\\\/\\\/maranhaotv.com.br\\\/index.php\\\/2025\\\/07\\\/14\\\/maranhao-tem-85-mil-criancas-e-adolescentes-em-situacao-de-trabalho-infantil\\\/#breadcrumb\",\"itemListElement\":[{\"@type\":\"ListItem\",\"position\":1,\"name\":\"In\u00edcio\",\"item\":\"https:\\\/\\\/maranhaotv.com.br\\\/\"},{\"@type\":\"ListItem\",\"position\":2,\"name\":\"Maranh\u00e3o tem 85 mil crian\u00e7as e adolescentes em situa\u00e7\u00e3o de trabalho infantil\"}]},{\"@type\":\"WebSite\",\"@id\":\"https:\\\/\\\/maranhaotv.com.br\\\/#website\",\"url\":\"https:\\\/\\\/maranhaotv.com.br\\\/\",\"name\":\"Maranh\u00e3oTV\",\"description\":\"\",\"publisher\":{\"@id\":\"https:\\\/\\\/maranhaotv.com.br\\\/#organization\"},\"potentialAction\":[{\"@type\":\"SearchAction\",\"target\":{\"@type\":\"EntryPoint\",\"urlTemplate\":\"https:\\\/\\\/maranhaotv.com.br\\\/?s={search_term_string}\"},\"query-input\":{\"@type\":\"PropertyValueSpecification\",\"valueRequired\":true,\"valueName\":\"search_term_string\"}}],\"inLanguage\":\"pt-BR\"},{\"@type\":\"Organization\",\"@id\":\"https:\\\/\\\/maranhaotv.com.br\\\/#organization\",\"name\":\"Portal de Not\u00edcias\",\"url\":\"https:\\\/\\\/maranhaotv.com.br\\\/\",\"logo\":{\"@type\":\"ImageObject\",\"inLanguage\":\"pt-BR\",\"@id\":\"https:\\\/\\\/maranhaotv.com.br\\\/#\\\/schema\\\/logo\\\/image\\\/\",\"url\":\"https:\\\/\\\/maranhaotv.com.br\\\/wp-content\\\/uploads\\\/2024\\\/05\\\/cropped-cropped-avatar-1.png\",\"contentUrl\":\"https:\\\/\\\/maranhaotv.com.br\\\/wp-content\\\/uploads\\\/2024\\\/05\\\/cropped-cropped-avatar-1.png\",\"width\":792,\"height\":428,\"caption\":\"Portal de Not\u00edcias\"},\"image\":{\"@id\":\"https:\\\/\\\/maranhaotv.com.br\\\/#\\\/schema\\\/logo\\\/image\\\/\"},\"sameAs\":[\"https:\\\/\\\/www.facebook.com\\\/maiobaotv\",\"https:\\\/\\\/x.com\\\/sitemaranhaotv\",\"https:\\\/\\\/www.instagram.com\\\/maranhao.tv\",\"https:\\\/\\\/www.threads.net\\\/@maranhao.tv\"]},{\"@type\":\"Person\",\"@id\":\"https:\\\/\\\/maranhaotv.com.br\\\/#\\\/schema\\\/person\\\/3d54238e86b20bb5c89ab2fdb8f8829a\",\"name\":\"maranhaotv\",\"image\":{\"@type\":\"ImageObject\",\"inLanguage\":\"pt-BR\",\"@id\":\"https:\\\/\\\/secure.gravatar.com\\\/avatar\\\/8fadbca458d4cb68b1dd399ae9a40618d747bb1af65ac9fad21c89220a143eb4?s=96&d=mm&r=g\",\"url\":\"https:\\\/\\\/secure.gravatar.com\\\/avatar\\\/8fadbca458d4cb68b1dd399ae9a40618d747bb1af65ac9fad21c89220a143eb4?s=96&d=mm&r=g\",\"contentUrl\":\"https:\\\/\\\/secure.gravatar.com\\\/avatar\\\/8fadbca458d4cb68b1dd399ae9a40618d747bb1af65ac9fad21c89220a143eb4?s=96&d=mm&r=g\",\"caption\":\"maranhaotv\"},\"sameAs\":[\"https:\\\/\\\/maranhaotv.com.br\\\/\"],\"url\":\"https:\\\/\\\/maranhaotv.com.br\\\/index.php\\\/author\\\/maranhaotv\\\/\"}]}<\/script>\n<!-- \/ Yoast SEO plugin. -->","yoast_head_json":{"title":"Maranh\u00e3o tem 85 mil crian\u00e7as e adolescentes em situa\u00e7\u00e3o de trabalho infantil - NOT\u00cdCIAS EM TEMPO REAL","robots":{"index":"index","follow":"follow","max-snippet":"max-snippet:-1","max-image-preview":"max-image-preview:large","max-video-preview":"max-video-preview:-1"},"canonical":"https:\/\/maranhaotv.com.br\/index.php\/2025\/07\/14\/maranhao-tem-85-mil-criancas-e-adolescentes-em-situacao-de-trabalho-infantil\/","og_locale":"pt_BR","og_type":"article","og_title":"Maranh\u00e3o tem 85 mil crian\u00e7as e adolescentes em situa\u00e7\u00e3o de trabalho infantil - NOT\u00cdCIAS EM TEMPO REAL","og_description":"Estado \u00e9 o terceiro do Nordeste em n\u00famero de crian\u00e7as nessa condi\u00e7\u00e3o Justina Maria da Concei\u00e7\u00e3o, 37 anos, sabe bem","og_url":"https:\/\/maranhaotv.com.br\/index.php\/2025\/07\/14\/maranhao-tem-85-mil-criancas-e-adolescentes-em-situacao-de-trabalho-infantil\/","og_site_name":"NOT\u00cdCIAS EM TEMPO REAL","article_publisher":"https:\/\/www.facebook.com\/maiobaotv","article_published_time":"2025-07-14T12:51:41+00:00","og_image":[{"width":600,"height":403,"url":"https:\/\/maranhaotv.com.br\/wp-content\/uploads\/2025\/07\/7f9a4b7f-0be4-4340-87f3-48c6f3619388-1.jpg","type":"image\/jpeg"}],"author":"maranhaotv","twitter_card":"summary_large_image","twitter_creator":"@sitemaranhaotv","twitter_site":"@sitemaranhaotv","twitter_misc":{"Escrito por":"maranhaotv","Est. tempo de leitura":"5 minutos"},"schema":{"@context":"https:\/\/schema.org","@graph":[{"@type":"Article","@id":"https:\/\/maranhaotv.com.br\/index.php\/2025\/07\/14\/maranhao-tem-85-mil-criancas-e-adolescentes-em-situacao-de-trabalho-infantil\/#article","isPartOf":{"@id":"https:\/\/maranhaotv.com.br\/index.php\/2025\/07\/14\/maranhao-tem-85-mil-criancas-e-adolescentes-em-situacao-de-trabalho-infantil\/"},"author":{"name":"maranhaotv","@id":"https:\/\/maranhaotv.com.br\/#\/schema\/person\/3d54238e86b20bb5c89ab2fdb8f8829a"},"headline":"Maranh\u00e3o tem 85 mil crian\u00e7as e adolescentes em situa\u00e7\u00e3o de trabalho infantil","datePublished":"2025-07-14T12:51:41+00:00","mainEntityOfPage":{"@id":"https:\/\/maranhaotv.com.br\/index.php\/2025\/07\/14\/maranhao-tem-85-mil-criancas-e-adolescentes-em-situacao-de-trabalho-infantil\/"},"wordCount":924,"publisher":{"@id":"https:\/\/maranhaotv.com.br\/#organization"},"image":{"@id":"https:\/\/maranhaotv.com.br\/index.php\/2025\/07\/14\/maranhao-tem-85-mil-criancas-e-adolescentes-em-situacao-de-trabalho-infantil\/#primaryimage"},"thumbnailUrl":"https:\/\/maranhaotv.com.br\/wp-content\/uploads\/2025\/07\/7f9a4b7f-0be4-4340-87f3-48c6f3619388-1.jpg","articleSection":["not\u00edcias"],"inLanguage":"pt-BR"},{"@type":"WebPage","@id":"https:\/\/maranhaotv.com.br\/index.php\/2025\/07\/14\/maranhao-tem-85-mil-criancas-e-adolescentes-em-situacao-de-trabalho-infantil\/","url":"https:\/\/maranhaotv.com.br\/index.php\/2025\/07\/14\/maranhao-tem-85-mil-criancas-e-adolescentes-em-situacao-de-trabalho-infantil\/","name":"Maranh\u00e3o tem 85 mil crian\u00e7as e adolescentes em situa\u00e7\u00e3o de trabalho infantil - NOT\u00cdCIAS EM TEMPO REAL","isPartOf":{"@id":"https:\/\/maranhaotv.com.br\/#website"},"primaryImageOfPage":{"@id":"https:\/\/maranhaotv.com.br\/index.php\/2025\/07\/14\/maranhao-tem-85-mil-criancas-e-adolescentes-em-situacao-de-trabalho-infantil\/#primaryimage"},"image":{"@id":"https:\/\/maranhaotv.com.br\/index.php\/2025\/07\/14\/maranhao-tem-85-mil-criancas-e-adolescentes-em-situacao-de-trabalho-infantil\/#primaryimage"},"thumbnailUrl":"https:\/\/maranhaotv.com.br\/wp-content\/uploads\/2025\/07\/7f9a4b7f-0be4-4340-87f3-48c6f3619388-1.jpg","datePublished":"2025-07-14T12:51:41+00:00","breadcrumb":{"@id":"https:\/\/maranhaotv.com.br\/index.php\/2025\/07\/14\/maranhao-tem-85-mil-criancas-e-adolescentes-em-situacao-de-trabalho-infantil\/#breadcrumb"},"inLanguage":"pt-BR","potentialAction":[{"@type":"ReadAction","target":["https:\/\/maranhaotv.com.br\/index.php\/2025\/07\/14\/maranhao-tem-85-mil-criancas-e-adolescentes-em-situacao-de-trabalho-infantil\/"]}]},{"@type":"ImageObject","inLanguage":"pt-BR","@id":"https:\/\/maranhaotv.com.br\/index.php\/2025\/07\/14\/maranhao-tem-85-mil-criancas-e-adolescentes-em-situacao-de-trabalho-infantil\/#primaryimage","url":"https:\/\/maranhaotv.com.br\/wp-content\/uploads\/2025\/07\/7f9a4b7f-0be4-4340-87f3-48c6f3619388-1.jpg","contentUrl":"https:\/\/maranhaotv.com.br\/wp-content\/uploads\/2025\/07\/7f9a4b7f-0be4-4340-87f3-48c6f3619388-1.jpg","width":600,"height":403},{"@type":"BreadcrumbList","@id":"https:\/\/maranhaotv.com.br\/index.php\/2025\/07\/14\/maranhao-tem-85-mil-criancas-e-adolescentes-em-situacao-de-trabalho-infantil\/#breadcrumb","itemListElement":[{"@type":"ListItem","position":1,"name":"In\u00edcio","item":"https:\/\/maranhaotv.com.br\/"},{"@type":"ListItem","position":2,"name":"Maranh\u00e3o tem 85 mil crian\u00e7as e adolescentes em situa\u00e7\u00e3o de trabalho infantil"}]},{"@type":"WebSite","@id":"https:\/\/maranhaotv.com.br\/#website","url":"https:\/\/maranhaotv.com.br\/","name":"Maranh\u00e3oTV","description":"","publisher":{"@id":"https:\/\/maranhaotv.com.br\/#organization"},"potentialAction":[{"@type":"SearchAction","target":{"@type":"EntryPoint","urlTemplate":"https:\/\/maranhaotv.com.br\/?s={search_term_string}"},"query-input":{"@type":"PropertyValueSpecification","valueRequired":true,"valueName":"search_term_string"}}],"inLanguage":"pt-BR"},{"@type":"Organization","@id":"https:\/\/maranhaotv.com.br\/#organization","name":"Portal de Not\u00edcias","url":"https:\/\/maranhaotv.com.br\/","logo":{"@type":"ImageObject","inLanguage":"pt-BR","@id":"https:\/\/maranhaotv.com.br\/#\/schema\/logo\/image\/","url":"https:\/\/maranhaotv.com.br\/wp-content\/uploads\/2024\/05\/cropped-cropped-avatar-1.png","contentUrl":"https:\/\/maranhaotv.com.br\/wp-content\/uploads\/2024\/05\/cropped-cropped-avatar-1.png","width":792,"height":428,"caption":"Portal de Not\u00edcias"},"image":{"@id":"https:\/\/maranhaotv.com.br\/#\/schema\/logo\/image\/"},"sameAs":["https:\/\/www.facebook.com\/maiobaotv","https:\/\/x.com\/sitemaranhaotv","https:\/\/www.instagram.com\/maranhao.tv","https:\/\/www.threads.net\/@maranhao.tv"]},{"@type":"Person","@id":"https:\/\/maranhaotv.com.br\/#\/schema\/person\/3d54238e86b20bb5c89ab2fdb8f8829a","name":"maranhaotv","image":{"@type":"ImageObject","inLanguage":"pt-BR","@id":"https:\/\/secure.gravatar.com\/avatar\/8fadbca458d4cb68b1dd399ae9a40618d747bb1af65ac9fad21c89220a143eb4?s=96&d=mm&r=g","url":"https:\/\/secure.gravatar.com\/avatar\/8fadbca458d4cb68b1dd399ae9a40618d747bb1af65ac9fad21c89220a143eb4?s=96&d=mm&r=g","contentUrl":"https:\/\/secure.gravatar.com\/avatar\/8fadbca458d4cb68b1dd399ae9a40618d747bb1af65ac9fad21c89220a143eb4?s=96&d=mm&r=g","caption":"maranhaotv"},"sameAs":["https:\/\/maranhaotv.com.br\/"],"url":"https:\/\/maranhaotv.com.br\/index.php\/author\/maranhaotv\/"}]}},"jetpack_featured_media_url":"https:\/\/maranhaotv.com.br\/wp-content\/uploads\/2025\/07\/7f9a4b7f-0be4-4340-87f3-48c6f3619388-1.jpg","jetpack_sharing_enabled":true,"_links":{"self":[{"href":"https:\/\/maranhaotv.com.br\/index.php\/wp-json\/wp\/v2\/posts\/43181","targetHints":{"allow":["GET"]}}],"collection":[{"href":"https:\/\/maranhaotv.com.br\/index.php\/wp-json\/wp\/v2\/posts"}],"about":[{"href":"https:\/\/maranhaotv.com.br\/index.php\/wp-json\/wp\/v2\/types\/post"}],"author":[{"embeddable":true,"href":"https:\/\/maranhaotv.com.br\/index.php\/wp-json\/wp\/v2\/users\/2"}],"replies":[{"embeddable":true,"href":"https:\/\/maranhaotv.com.br\/index.php\/wp-json\/wp\/v2\/comments?post=43181"}],"version-history":[{"count":1,"href":"https:\/\/maranhaotv.com.br\/index.php\/wp-json\/wp\/v2\/posts\/43181\/revisions"}],"predecessor-version":[{"id":43182,"href":"https:\/\/maranhaotv.com.br\/index.php\/wp-json\/wp\/v2\/posts\/43181\/revisions\/43182"}],"wp:featuredmedia":[{"embeddable":true,"href":"https:\/\/maranhaotv.com.br\/index.php\/wp-json\/wp\/v2\/media\/43180"}],"wp:attachment":[{"href":"https:\/\/maranhaotv.com.br\/index.php\/wp-json\/wp\/v2\/media?parent=43181"}],"wp:term":[{"taxonomy":"category","embeddable":true,"href":"https:\/\/maranhaotv.com.br\/index.php\/wp-json\/wp\/v2\/categories?post=43181"},{"taxonomy":"post_tag","embeddable":true,"href":"https:\/\/maranhaotv.com.br\/index.php\/wp-json\/wp\/v2\/tags?post=43181"}],"curies":[{"name":"wp","href":"https:\/\/api.w.org\/{rel}","templated":true}]}}