{"id":43266,"date":"2025-07-21T09:14:05","date_gmt":"2025-07-21T12:14:05","guid":{"rendered":"https:\/\/maranhaotv.com.br\/?p=43266"},"modified":"2025-07-21T09:14:08","modified_gmt":"2025-07-21T12:14:08","slug":"preta-gil-morre-aos-50-anos-nos-estados-unidos","status":"publish","type":"post","link":"https:\/\/maranhaotv.com.br\/index.php\/2025\/07\/21\/preta-gil-morre-aos-50-anos-nos-estados-unidos\/","title":{"rendered":"Preta Gil morre aos 50 anos nos Estados Unidos"},"content":{"rendered":"\n<p><\/p>\n\n\n\n<p>A cantora Preta Gil morreu neste domingo (20), aos 50 anos, em Nova York, nos Estados Unidos. Ela enfrentava um c\u00e2ncer no intestino desde janeiro de 2023. A informa\u00e7\u00e3o foi confirmada pela equipe da artista ao portal Terra.<br><br>Em maio deste ano, Preta viajou aos Estados Unidos para iniciar um novo tratamento, ap\u00f3s esgotar as op\u00e7\u00f5es dispon\u00edveis no Brasil. Mesmo durante as interna\u00e7\u00f5es, manteve uma postura otimista. \u201cVou voltar curada, se Deus quiser\u201d, declarou antes de embarcar.<br><br>Filha do cantor Gilberto Gil com a empres\u00e1ria Sandra Gadelha, Preta deixa o filho Francisco Gil, de 30 anos, fruto de seu relacionamento com o ator Ot\u00e1vio Muller. Francisco integra o grupo musical Gilsons, dando continuidade ao legado art\u00edstico da fam\u00edlia.<\/p>\n","protected":false},"excerpt":{"rendered":"<p>A cantora Preta Gil morreu neste domingo (20), aos 50 anos, em Nova York, nos Estados Unidos. Ela enfrentava um<\/p>\n","protected":false},"author":2,"featured_media":43265,"comment_status":"open","ping_status":"open","sticky":false,"template":"","format":"standard","meta":{"colormag_page_container_layout":"default_layout","colormag_page_sidebar_layout":"default_layout","_jetpack_memberships_contains_paid_content":false,"footnotes":""},"categories":[30],"tags":[],"class_list":["post-43266","post","type-post","status-publish","format-standard","has-post-thumbnail","hentry","category-cultura"],"magazineBlocksPostFeaturedMedia":{"thumbnail":"https:\/\/maranhaotv.com.br\/wp-content\/uploads\/2025\/07\/image_editor_output_image-1352866609-1753100023446-150x150.jpg","medium":"https:\/\/maranhaotv.com.br\/wp-content\/uploads\/2025\/07\/image_editor_output_image-1352866609-1753100023446-300x191.jpg","medium_large":"https:\/\/maranhaotv.com.br\/wp-content\/uploads\/2025\/07\/image_editor_output_image-1352866609-1753100023446-768x489.jpg","large":"https:\/\/maranhaotv.com.br\/wp-content\/uploads\/2025\/07\/image_editor_output_image-1352866609-1753100023446.jpg","1536x1536":"https:\/\/maranhaotv.com.br\/wp-content\/uploads\/2025\/07\/image_editor_output_image-1352866609-1753100023446.jpg","2048x2048":"https:\/\/maranhaotv.com.br\/wp-content\/uploads\/2025\/07\/image_editor_output_image-1352866609-1753100023446.jpg","colormag-highlighted-post":"https:\/\/maranhaotv.com.br\/wp-content\/uploads\/2025\/07\/image_editor_output_image-1352866609-1753100023446-392x272.jpg","colormag-featured-post-medium":"https:\/\/maranhaotv.com.br\/wp-content\/uploads\/2025\/07\/image_editor_output_image-1352866609-1753100023446-390x205.jpg","colormag-featured-post-small":"https:\/\/maranhaotv.com.br\/wp-content\/uploads\/2025\/07\/image_editor_output_image-1352866609-1753100023446-130x90.jpg","colormag-featured-image":"https:\/\/maranhaotv.com.br\/wp-content\/uploads\/2025\/07\/image_editor_output_image-1352866609-1753100023446-800x445.jpg","colormag-default-news":"https:\/\/maranhaotv.com.br\/wp-content\/uploads\/2025\/07\/image_editor_output_image-1352866609-1753100023446-150x150.jpg","colormag-featured-image-large":"https:\/\/maranhaotv.com.br\/wp-content\/uploads\/2025\/07\/image_editor_output_image-1352866609-1753100023446.jpg"},"magazineBlocksPostAuthor":{"name":"maranhaotv","avatar":"https:\/\/secure.gravatar.com\/avatar\/8fadbca458d4cb68b1dd399ae9a40618d747bb1af65ac9fad21c89220a143eb4?s=96&d=mm&r=g"},"magazineBlocksPostCommentsNumber":"0","magazineBlocksPostExcerpt":"A cantora Preta Gil morreu neste domingo (20), aos 50 anos, em Nova York, nos Estados Unidos. Ela enfrentava um","magazineBlocksPostCategories":["cultura"],"magazineBlocksPostViewCount":291,"magazineBlocksPostReadTime":1,"magazine_blocks_featured_image_url":{"full":["https:\/\/maranhaotv.com.br\/wp-content\/uploads\/2025\/07\/image_editor_output_image-1352866609-1753100023446.jpg",819,521,false],"medium":["https:\/\/maranhaotv.com.br\/wp-content\/uploads\/2025\/07\/image_editor_output_image-1352866609-1753100023446-300x191.jpg",300,191,true],"thumbnail":["https:\/\/maranhaotv.com.br\/wp-content\/uploads\/2025\/07\/image_editor_output_image-1352866609-1753100023446-150x150.jpg",150,150,true]},"magazine_blocks_author":{"display_name":"maranhaotv","author_link":"https:\/\/maranhaotv.com.br\/index.php\/author\/maranhaotv\/"},"magazine_blocks_comment":0,"magazine_blocks_author_image":"https:\/\/secure.gravatar.com\/avatar\/8fadbca458d4cb68b1dd399ae9a40618d747bb1af65ac9fad21c89220a143eb4?s=96&d=mm&r=g","magazine_blocks_category":"<a href=\"#\" class=\"category-link category-link-30\">cultura<\/a>","yoast_head":"<!-- This site is optimized with the Yoast SEO plugin v27.4 - https:\/\/yoast.com\/product\/yoast-seo-wordpress\/ -->\n<title>Preta Gil morre aos 50 anos nos Estados Unidos - NOT\u00cdCIAS EM TEMPO REAL<\/title>\n<meta name=\"robots\" content=\"index, follow, max-snippet:-1, max-image-preview:large, max-video-preview:-1\" \/>\n<link rel=\"canonical\" href=\"https:\/\/maranhaotv.com.br\/index.php\/2025\/07\/21\/preta-gil-morre-aos-50-anos-nos-estados-unidos\/\" \/>\n<meta property=\"og:locale\" content=\"pt_BR\" \/>\n<meta property=\"og:type\" content=\"article\" \/>\n<meta property=\"og:title\" content=\"Preta Gil morre aos 50 anos nos Estados Unidos - NOT\u00cdCIAS EM TEMPO REAL\" \/>\n<meta property=\"og:description\" content=\"A cantora Preta Gil morreu neste domingo (20), aos 50 anos, em Nova York, nos Estados Unidos. Ela enfrentava um\" \/>\n<meta property=\"og:url\" content=\"https:\/\/maranhaotv.com.br\/index.php\/2025\/07\/21\/preta-gil-morre-aos-50-anos-nos-estados-unidos\/\" \/>\n<meta property=\"og:site_name\" content=\"NOT\u00cdCIAS EM TEMPO REAL\" \/>\n<meta property=\"article:publisher\" content=\"https:\/\/www.facebook.com\/maiobaotv\" \/>\n<meta property=\"article:published_time\" content=\"2025-07-21T12:14:05+00:00\" \/>\n<meta property=\"article:modified_time\" content=\"2025-07-21T12:14:08+00:00\" \/>\n<meta property=\"og:image\" content=\"https:\/\/maranhaotv.com.br\/wp-content\/uploads\/2025\/07\/image_editor_output_image-1352866609-1753100023446.jpg\" \/>\n\t<meta property=\"og:image:width\" content=\"819\" \/>\n\t<meta property=\"og:image:height\" content=\"521\" \/>\n\t<meta property=\"og:image:type\" content=\"image\/jpeg\" \/>\n<meta name=\"author\" content=\"maranhaotv\" \/>\n<meta name=\"twitter:card\" content=\"summary_large_image\" \/>\n<meta name=\"twitter:creator\" content=\"@sitemaranhaotv\" \/>\n<meta name=\"twitter:site\" content=\"@sitemaranhaotv\" \/>\n<meta name=\"twitter:label1\" content=\"Escrito por\" \/>\n\t<meta name=\"twitter:data1\" content=\"maranhaotv\" \/>\n\t<meta name=\"twitter:label2\" content=\"Est. tempo de leitura\" \/>\n\t<meta name=\"twitter:data2\" content=\"1 minuto\" \/>\n<script type=\"application\/ld+json\" class=\"yoast-schema-graph\">{\"@context\":\"https:\\\/\\\/schema.org\",\"@graph\":[{\"@type\":\"Article\",\"@id\":\"https:\\\/\\\/maranhaotv.com.br\\\/index.php\\\/2025\\\/07\\\/21\\\/preta-gil-morre-aos-50-anos-nos-estados-unidos\\\/#article\",\"isPartOf\":{\"@id\":\"https:\\\/\\\/maranhaotv.com.br\\\/index.php\\\/2025\\\/07\\\/21\\\/preta-gil-morre-aos-50-anos-nos-estados-unidos\\\/\"},\"author\":{\"name\":\"maranhaotv\",\"@id\":\"https:\\\/\\\/maranhaotv.com.br\\\/#\\\/schema\\\/person\\\/3d54238e86b20bb5c89ab2fdb8f8829a\"},\"headline\":\"Preta Gil morre aos 50 anos nos Estados Unidos\",\"datePublished\":\"2025-07-21T12:14:05+00:00\",\"dateModified\":\"2025-07-21T12:14:08+00:00\",\"mainEntityOfPage\":{\"@id\":\"https:\\\/\\\/maranhaotv.com.br\\\/index.php\\\/2025\\\/07\\\/21\\\/preta-gil-morre-aos-50-anos-nos-estados-unidos\\\/\"},\"wordCount\":132,\"commentCount\":0,\"publisher\":{\"@id\":\"https:\\\/\\\/maranhaotv.com.br\\\/#organization\"},\"image\":{\"@id\":\"https:\\\/\\\/maranhaotv.com.br\\\/index.php\\\/2025\\\/07\\\/21\\\/preta-gil-morre-aos-50-anos-nos-estados-unidos\\\/#primaryimage\"},\"thumbnailUrl\":\"https:\\\/\\\/maranhaotv.com.br\\\/wp-content\\\/uploads\\\/2025\\\/07\\\/image_editor_output_image-1352866609-1753100023446.jpg\",\"articleSection\":[\"cultura\"],\"inLanguage\":\"pt-BR\",\"potentialAction\":[{\"@type\":\"CommentAction\",\"name\":\"Comment\",\"target\":[\"https:\\\/\\\/maranhaotv.com.br\\\/index.php\\\/2025\\\/07\\\/21\\\/preta-gil-morre-aos-50-anos-nos-estados-unidos\\\/#respond\"]}]},{\"@type\":\"WebPage\",\"@id\":\"https:\\\/\\\/maranhaotv.com.br\\\/index.php\\\/2025\\\/07\\\/21\\\/preta-gil-morre-aos-50-anos-nos-estados-unidos\\\/\",\"url\":\"https:\\\/\\\/maranhaotv.com.br\\\/index.php\\\/2025\\\/07\\\/21\\\/preta-gil-morre-aos-50-anos-nos-estados-unidos\\\/\",\"name\":\"Preta Gil morre aos 50 anos nos Estados Unidos - NOT\u00cdCIAS EM TEMPO REAL\",\"isPartOf\":{\"@id\":\"https:\\\/\\\/maranhaotv.com.br\\\/#website\"},\"primaryImageOfPage\":{\"@id\":\"https:\\\/\\\/maranhaotv.com.br\\\/index.php\\\/2025\\\/07\\\/21\\\/preta-gil-morre-aos-50-anos-nos-estados-unidos\\\/#primaryimage\"},\"image\":{\"@id\":\"https:\\\/\\\/maranhaotv.com.br\\\/index.php\\\/2025\\\/07\\\/21\\\/preta-gil-morre-aos-50-anos-nos-estados-unidos\\\/#primaryimage\"},\"thumbnailUrl\":\"https:\\\/\\\/maranhaotv.com.br\\\/wp-content\\\/uploads\\\/2025\\\/07\\\/image_editor_output_image-1352866609-1753100023446.jpg\",\"datePublished\":\"2025-07-21T12:14:05+00:00\",\"dateModified\":\"2025-07-21T12:14:08+00:00\",\"breadcrumb\":{\"@id\":\"https:\\\/\\\/maranhaotv.com.br\\\/index.php\\\/2025\\\/07\\\/21\\\/preta-gil-morre-aos-50-anos-nos-estados-unidos\\\/#breadcrumb\"},\"inLanguage\":\"pt-BR\",\"potentialAction\":[{\"@type\":\"ReadAction\",\"target\":[\"https:\\\/\\\/maranhaotv.com.br\\\/index.php\\\/2025\\\/07\\\/21\\\/preta-gil-morre-aos-50-anos-nos-estados-unidos\\\/\"]}]},{\"@type\":\"ImageObject\",\"inLanguage\":\"pt-BR\",\"@id\":\"https:\\\/\\\/maranhaotv.com.br\\\/index.php\\\/2025\\\/07\\\/21\\\/preta-gil-morre-aos-50-anos-nos-estados-unidos\\\/#primaryimage\",\"url\":\"https:\\\/\\\/maranhaotv.com.br\\\/wp-content\\\/uploads\\\/2025\\\/07\\\/image_editor_output_image-1352866609-1753100023446.jpg\",\"contentUrl\":\"https:\\\/\\\/maranhaotv.com.br\\\/wp-content\\\/uploads\\\/2025\\\/07\\\/image_editor_output_image-1352866609-1753100023446.jpg\",\"width\":819,\"height\":521},{\"@type\":\"BreadcrumbList\",\"@id\":\"https:\\\/\\\/maranhaotv.com.br\\\/index.php\\\/2025\\\/07\\\/21\\\/preta-gil-morre-aos-50-anos-nos-estados-unidos\\\/#breadcrumb\",\"itemListElement\":[{\"@type\":\"ListItem\",\"position\":1,\"name\":\"In\u00edcio\",\"item\":\"https:\\\/\\\/maranhaotv.com.br\\\/\"},{\"@type\":\"ListItem\",\"position\":2,\"name\":\"Preta Gil morre aos 50 anos nos Estados Unidos\"}]},{\"@type\":\"WebSite\",\"@id\":\"https:\\\/\\\/maranhaotv.com.br\\\/#website\",\"url\":\"https:\\\/\\\/maranhaotv.com.br\\\/\",\"name\":\"Maranh\u00e3oTV\",\"description\":\"\",\"publisher\":{\"@id\":\"https:\\\/\\\/maranhaotv.com.br\\\/#organization\"},\"potentialAction\":[{\"@type\":\"SearchAction\",\"target\":{\"@type\":\"EntryPoint\",\"urlTemplate\":\"https:\\\/\\\/maranhaotv.com.br\\\/?s={search_term_string}\"},\"query-input\":{\"@type\":\"PropertyValueSpecification\",\"valueRequired\":true,\"valueName\":\"search_term_string\"}}],\"inLanguage\":\"pt-BR\"},{\"@type\":\"Organization\",\"@id\":\"https:\\\/\\\/maranhaotv.com.br\\\/#organization\",\"name\":\"Portal de Not\u00edcias\",\"url\":\"https:\\\/\\\/maranhaotv.com.br\\\/\",\"logo\":{\"@type\":\"ImageObject\",\"inLanguage\":\"pt-BR\",\"@id\":\"https:\\\/\\\/maranhaotv.com.br\\\/#\\\/schema\\\/logo\\\/image\\\/\",\"url\":\"https:\\\/\\\/maranhaotv.com.br\\\/wp-content\\\/uploads\\\/2024\\\/05\\\/cropped-cropped-avatar-1.png\",\"contentUrl\":\"https:\\\/\\\/maranhaotv.com.br\\\/wp-content\\\/uploads\\\/2024\\\/05\\\/cropped-cropped-avatar-1.png\",\"width\":792,\"height\":428,\"caption\":\"Portal de Not\u00edcias\"},\"image\":{\"@id\":\"https:\\\/\\\/maranhaotv.com.br\\\/#\\\/schema\\\/logo\\\/image\\\/\"},\"sameAs\":[\"https:\\\/\\\/www.facebook.com\\\/maiobaotv\",\"https:\\\/\\\/x.com\\\/sitemaranhaotv\",\"https:\\\/\\\/www.instagram.com\\\/maranhao.tv\",\"https:\\\/\\\/www.threads.net\\\/@maranhao.tv\"]},{\"@type\":\"Person\",\"@id\":\"https:\\\/\\\/maranhaotv.com.br\\\/#\\\/schema\\\/person\\\/3d54238e86b20bb5c89ab2fdb8f8829a\",\"name\":\"maranhaotv\",\"image\":{\"@type\":\"ImageObject\",\"inLanguage\":\"pt-BR\",\"@id\":\"https:\\\/\\\/secure.gravatar.com\\\/avatar\\\/8fadbca458d4cb68b1dd399ae9a40618d747bb1af65ac9fad21c89220a143eb4?s=96&d=mm&r=g\",\"url\":\"https:\\\/\\\/secure.gravatar.com\\\/avatar\\\/8fadbca458d4cb68b1dd399ae9a40618d747bb1af65ac9fad21c89220a143eb4?s=96&d=mm&r=g\",\"contentUrl\":\"https:\\\/\\\/secure.gravatar.com\\\/avatar\\\/8fadbca458d4cb68b1dd399ae9a40618d747bb1af65ac9fad21c89220a143eb4?s=96&d=mm&r=g\",\"caption\":\"maranhaotv\"},\"sameAs\":[\"https:\\\/\\\/maranhaotv.com.br\\\/\"],\"url\":\"https:\\\/\\\/maranhaotv.com.br\\\/index.php\\\/author\\\/maranhaotv\\\/\"}]}<\/script>\n<!-- \/ Yoast SEO plugin. -->","yoast_head_json":{"title":"Preta Gil morre aos 50 anos nos Estados Unidos - NOT\u00cdCIAS EM TEMPO REAL","robots":{"index":"index","follow":"follow","max-snippet":"max-snippet:-1","max-image-preview":"max-image-preview:large","max-video-preview":"max-video-preview:-1"},"canonical":"https:\/\/maranhaotv.com.br\/index.php\/2025\/07\/21\/preta-gil-morre-aos-50-anos-nos-estados-unidos\/","og_locale":"pt_BR","og_type":"article","og_title":"Preta Gil morre aos 50 anos nos Estados Unidos - NOT\u00cdCIAS EM TEMPO REAL","og_description":"A cantora Preta Gil morreu neste domingo (20), aos 50 anos, em Nova York, nos Estados Unidos. Ela enfrentava um","og_url":"https:\/\/maranhaotv.com.br\/index.php\/2025\/07\/21\/preta-gil-morre-aos-50-anos-nos-estados-unidos\/","og_site_name":"NOT\u00cdCIAS EM TEMPO REAL","article_publisher":"https:\/\/www.facebook.com\/maiobaotv","article_published_time":"2025-07-21T12:14:05+00:00","article_modified_time":"2025-07-21T12:14:08+00:00","og_image":[{"width":819,"height":521,"url":"https:\/\/maranhaotv.com.br\/wp-content\/uploads\/2025\/07\/image_editor_output_image-1352866609-1753100023446.jpg","type":"image\/jpeg"}],"author":"maranhaotv","twitter_card":"summary_large_image","twitter_creator":"@sitemaranhaotv","twitter_site":"@sitemaranhaotv","twitter_misc":{"Escrito por":"maranhaotv","Est. tempo de leitura":"1 minuto"},"schema":{"@context":"https:\/\/schema.org","@graph":[{"@type":"Article","@id":"https:\/\/maranhaotv.com.br\/index.php\/2025\/07\/21\/preta-gil-morre-aos-50-anos-nos-estados-unidos\/#article","isPartOf":{"@id":"https:\/\/maranhaotv.com.br\/index.php\/2025\/07\/21\/preta-gil-morre-aos-50-anos-nos-estados-unidos\/"},"author":{"name":"maranhaotv","@id":"https:\/\/maranhaotv.com.br\/#\/schema\/person\/3d54238e86b20bb5c89ab2fdb8f8829a"},"headline":"Preta Gil morre aos 50 anos nos Estados Unidos","datePublished":"2025-07-21T12:14:05+00:00","dateModified":"2025-07-21T12:14:08+00:00","mainEntityOfPage":{"@id":"https:\/\/maranhaotv.com.br\/index.php\/2025\/07\/21\/preta-gil-morre-aos-50-anos-nos-estados-unidos\/"},"wordCount":132,"commentCount":0,"publisher":{"@id":"https:\/\/maranhaotv.com.br\/#organization"},"image":{"@id":"https:\/\/maranhaotv.com.br\/index.php\/2025\/07\/21\/preta-gil-morre-aos-50-anos-nos-estados-unidos\/#primaryimage"},"thumbnailUrl":"https:\/\/maranhaotv.com.br\/wp-content\/uploads\/2025\/07\/image_editor_output_image-1352866609-1753100023446.jpg","articleSection":["cultura"],"inLanguage":"pt-BR","potentialAction":[{"@type":"CommentAction","name":"Comment","target":["https:\/\/maranhaotv.com.br\/index.php\/2025\/07\/21\/preta-gil-morre-aos-50-anos-nos-estados-unidos\/#respond"]}]},{"@type":"WebPage","@id":"https:\/\/maranhaotv.com.br\/index.php\/2025\/07\/21\/preta-gil-morre-aos-50-anos-nos-estados-unidos\/","url":"https:\/\/maranhaotv.com.br\/index.php\/2025\/07\/21\/preta-gil-morre-aos-50-anos-nos-estados-unidos\/","name":"Preta Gil morre aos 50 anos nos Estados Unidos - NOT\u00cdCIAS EM TEMPO REAL","isPartOf":{"@id":"https:\/\/maranhaotv.com.br\/#website"},"primaryImageOfPage":{"@id":"https:\/\/maranhaotv.com.br\/index.php\/2025\/07\/21\/preta-gil-morre-aos-50-anos-nos-estados-unidos\/#primaryimage"},"image":{"@id":"https:\/\/maranhaotv.com.br\/index.php\/2025\/07\/21\/preta-gil-morre-aos-50-anos-nos-estados-unidos\/#primaryimage"},"thumbnailUrl":"https:\/\/maranhaotv.com.br\/wp-content\/uploads\/2025\/07\/image_editor_output_image-1352866609-1753100023446.jpg","datePublished":"2025-07-21T12:14:05+00:00","dateModified":"2025-07-21T12:14:08+00:00","breadcrumb":{"@id":"https:\/\/maranhaotv.com.br\/index.php\/2025\/07\/21\/preta-gil-morre-aos-50-anos-nos-estados-unidos\/#breadcrumb"},"inLanguage":"pt-BR","potentialAction":[{"@type":"ReadAction","target":["https:\/\/maranhaotv.com.br\/index.php\/2025\/07\/21\/preta-gil-morre-aos-50-anos-nos-estados-unidos\/"]}]},{"@type":"ImageObject","inLanguage":"pt-BR","@id":"https:\/\/maranhaotv.com.br\/index.php\/2025\/07\/21\/preta-gil-morre-aos-50-anos-nos-estados-unidos\/#primaryimage","url":"https:\/\/maranhaotv.com.br\/wp-content\/uploads\/2025\/07\/image_editor_output_image-1352866609-1753100023446.jpg","contentUrl":"https:\/\/maranhaotv.com.br\/wp-content\/uploads\/2025\/07\/image_editor_output_image-1352866609-1753100023446.jpg","width":819,"height":521},{"@type":"BreadcrumbList","@id":"https:\/\/maranhaotv.com.br\/index.php\/2025\/07\/21\/preta-gil-morre-aos-50-anos-nos-estados-unidos\/#breadcrumb","itemListElement":[{"@type":"ListItem","position":1,"name":"In\u00edcio","item":"https:\/\/maranhaotv.com.br\/"},{"@type":"ListItem","position":2,"name":"Preta Gil morre aos 50 anos nos Estados Unidos"}]},{"@type":"WebSite","@id":"https:\/\/maranhaotv.com.br\/#website","url":"https:\/\/maranhaotv.com.br\/","name":"Maranh\u00e3oTV","description":"","publisher":{"@id":"https:\/\/maranhaotv.com.br\/#organization"},"potentialAction":[{"@type":"SearchAction","target":{"@type":"EntryPoint","urlTemplate":"https:\/\/maranhaotv.com.br\/?s={search_term_string}"},"query-input":{"@type":"PropertyValueSpecification","valueRequired":true,"valueName":"search_term_string"}}],"inLanguage":"pt-BR"},{"@type":"Organization","@id":"https:\/\/maranhaotv.com.br\/#organization","name":"Portal de Not\u00edcias","url":"https:\/\/maranhaotv.com.br\/","logo":{"@type":"ImageObject","inLanguage":"pt-BR","@id":"https:\/\/maranhaotv.com.br\/#\/schema\/logo\/image\/","url":"https:\/\/maranhaotv.com.br\/wp-content\/uploads\/2024\/05\/cropped-cropped-avatar-1.png","contentUrl":"https:\/\/maranhaotv.com.br\/wp-content\/uploads\/2024\/05\/cropped-cropped-avatar-1.png","width":792,"height":428,"caption":"Portal de Not\u00edcias"},"image":{"@id":"https:\/\/maranhaotv.com.br\/#\/schema\/logo\/image\/"},"sameAs":["https:\/\/www.facebook.com\/maiobaotv","https:\/\/x.com\/sitemaranhaotv","https:\/\/www.instagram.com\/maranhao.tv","https:\/\/www.threads.net\/@maranhao.tv"]},{"@type":"Person","@id":"https:\/\/maranhaotv.com.br\/#\/schema\/person\/3d54238e86b20bb5c89ab2fdb8f8829a","name":"maranhaotv","image":{"@type":"ImageObject","inLanguage":"pt-BR","@id":"https:\/\/secure.gravatar.com\/avatar\/8fadbca458d4cb68b1dd399ae9a40618d747bb1af65ac9fad21c89220a143eb4?s=96&d=mm&r=g","url":"https:\/\/secure.gravatar.com\/avatar\/8fadbca458d4cb68b1dd399ae9a40618d747bb1af65ac9fad21c89220a143eb4?s=96&d=mm&r=g","contentUrl":"https:\/\/secure.gravatar.com\/avatar\/8fadbca458d4cb68b1dd399ae9a40618d747bb1af65ac9fad21c89220a143eb4?s=96&d=mm&r=g","caption":"maranhaotv"},"sameAs":["https:\/\/maranhaotv.com.br\/"],"url":"https:\/\/maranhaotv.com.br\/index.php\/author\/maranhaotv\/"}]}},"jetpack_featured_media_url":"https:\/\/maranhaotv.com.br\/wp-content\/uploads\/2025\/07\/image_editor_output_image-1352866609-1753100023446.jpg","jetpack_sharing_enabled":true,"_links":{"self":[{"href":"https:\/\/maranhaotv.com.br\/index.php\/wp-json\/wp\/v2\/posts\/43266","targetHints":{"allow":["GET"]}}],"collection":[{"href":"https:\/\/maranhaotv.com.br\/index.php\/wp-json\/wp\/v2\/posts"}],"about":[{"href":"https:\/\/maranhaotv.com.br\/index.php\/wp-json\/wp\/v2\/types\/post"}],"author":[{"embeddable":true,"href":"https:\/\/maranhaotv.com.br\/index.php\/wp-json\/wp\/v2\/users\/2"}],"replies":[{"embeddable":true,"href":"https:\/\/maranhaotv.com.br\/index.php\/wp-json\/wp\/v2\/comments?post=43266"}],"version-history":[{"count":1,"href":"https:\/\/maranhaotv.com.br\/index.php\/wp-json\/wp\/v2\/posts\/43266\/revisions"}],"predecessor-version":[{"id":43267,"href":"https:\/\/maranhaotv.com.br\/index.php\/wp-json\/wp\/v2\/posts\/43266\/revisions\/43267"}],"wp:featuredmedia":[{"embeddable":true,"href":"https:\/\/maranhaotv.com.br\/index.php\/wp-json\/wp\/v2\/media\/43265"}],"wp:attachment":[{"href":"https:\/\/maranhaotv.com.br\/index.php\/wp-json\/wp\/v2\/media?parent=43266"}],"wp:term":[{"taxonomy":"category","embeddable":true,"href":"https:\/\/maranhaotv.com.br\/index.php\/wp-json\/wp\/v2\/categories?post=43266"},{"taxonomy":"post_tag","embeddable":true,"href":"https:\/\/maranhaotv.com.br\/index.php\/wp-json\/wp\/v2\/tags?post=43266"}],"curies":[{"name":"wp","href":"https:\/\/api.w.org\/{rel}","templated":true}]}}