{"id":43269,"date":"2025-07-21T09:15:01","date_gmt":"2025-07-21T12:15:01","guid":{"rendered":"https:\/\/maranhaotv.com.br\/?p=43269"},"modified":"2025-07-21T09:15:04","modified_gmt":"2025-07-21T12:15:04","slug":"iracema-reafirma-apoio-a-orleans-para-o-governo-e-weverton-rocha-para-o-senado","status":"publish","type":"post","link":"https:\/\/maranhaotv.com.br\/index.php\/2025\/07\/21\/iracema-reafirma-apoio-a-orleans-para-o-governo-e-weverton-rocha-para-o-senado\/","title":{"rendered":"Iracema reafirma apoio a Orleans para o governo e Weverton Rocha para o Senado"},"content":{"rendered":"\n<p><\/p>\n\n\n\n<p>A deputada estadual Iracema Vale (PSB), presidente da Assembleia Legislativa do Maranh\u00e3o, utilizou suas redes sociais para manifestar novamente suas prefer\u00eancias pol\u00edticas visando \u00e0s elei\u00e7\u00f5es de 2026. Em publica\u00e7\u00e3o no Instagram, ela reafirmou seu apoio ao nome de Orleans Brand\u00e3o para o Governo do Estado e ao senador Weverton Rocha (PDT) para a disputa de reelei\u00e7\u00e3o ao Senado.<br><br>\u201cPol\u00edtica se faz com di\u00e1logo, lealdade e respeito \u00e0s constru\u00e7\u00f5es coletivas. Tenho deixado claro que, para 2026, minhas prefer\u00eancias s\u00e3o: Orleans Brand\u00e3o para o Governo do Estado e Weverton Rocha para o Senado\u201d, escreveu Iracema.<br><br>Ela tamb\u00e9m defendeu que a Federa\u00e7\u00e3o Uni\u00e3o Progressista tenha espa\u00e7o na chapa majorit\u00e1ria, destacando o peso pol\u00edtico da alian\u00e7a. \u201cAcredito em composi\u00e7\u00e3o, e n\u00e3o em imposi\u00e7\u00e3o\u201d, afirmou.<br><br>A manifesta\u00e7\u00e3o de Iracema ocorre em meio \u00e0s articula\u00e7\u00f5es que envolvem o grupo do governador Carlos Brand\u00e3o (PSB), que tem intensificado o apoio ao seu sobrinho Orleans como pr\u00e9-candidato ao Executivo estadual. Ao mesmo tempo, Weverton Rocha tem buscado consolidar alian\u00e7as para garantir sua perman\u00eancia no Senado, num contexto em que os deputados federais Andr\u00e9 Fufuca e Pedro Lucas, da Federa\u00e7\u00e3o Uni\u00e3o Progressista, tamb\u00e9m tem llntam se viabilizar.<\/p>\n","protected":false},"excerpt":{"rendered":"<p>A deputada estadual Iracema Vale (PSB), presidente da Assembleia Legislativa do Maranh\u00e3o, utilizou suas redes sociais para manifestar novamente suas<\/p>\n","protected":false},"author":2,"featured_media":43268,"comment_status":"open","ping_status":"open","sticky":false,"template":"","format":"standard","meta":{"colormag_page_container_layout":"default_layout","colormag_page_sidebar_layout":"default_layout","_jetpack_memberships_contains_paid_content":false,"footnotes":""},"categories":[2],"tags":[],"class_list":["post-43269","post","type-post","status-publish","format-standard","has-post-thumbnail","hentry","category-noticias"],"magazineBlocksPostFeaturedMedia":{"thumbnail":"https:\/\/maranhaotv.com.br\/wp-content\/uploads\/2025\/07\/17530112644248248195909930619313-150x150.jpg","medium":"https:\/\/maranhaotv.com.br\/wp-content\/uploads\/2025\/07\/17530112644248248195909930619313-300x200.jpg","medium_large":"https:\/\/maranhaotv.com.br\/wp-content\/uploads\/2025\/07\/17530112644248248195909930619313.jpg","large":"https:\/\/maranhaotv.com.br\/wp-content\/uploads\/2025\/07\/17530112644248248195909930619313.jpg","1536x1536":"https:\/\/maranhaotv.com.br\/wp-content\/uploads\/2025\/07\/17530112644248248195909930619313.jpg","2048x2048":"https:\/\/maranhaotv.com.br\/wp-content\/uploads\/2025\/07\/17530112644248248195909930619313.jpg","colormag-highlighted-post":"https:\/\/maranhaotv.com.br\/wp-content\/uploads\/2025\/07\/17530112644248248195909930619313-392x272.jpg","colormag-featured-post-medium":"https:\/\/maranhaotv.com.br\/wp-content\/uploads\/2025\/07\/17530112644248248195909930619313-390x205.jpg","colormag-featured-post-small":"https:\/\/maranhaotv.com.br\/wp-content\/uploads\/2025\/07\/17530112644248248195909930619313-130x90.jpg","colormag-featured-image":"https:\/\/maranhaotv.com.br\/wp-content\/uploads\/2025\/07\/17530112644248248195909930619313-679x445.jpg","colormag-default-news":"https:\/\/maranhaotv.com.br\/wp-content\/uploads\/2025\/07\/17530112644248248195909930619313-150x150.jpg","colormag-featured-image-large":"https:\/\/maranhaotv.com.br\/wp-content\/uploads\/2025\/07\/17530112644248248195909930619313.jpg"},"magazineBlocksPostAuthor":{"name":"maranhaotv","avatar":"https:\/\/secure.gravatar.com\/avatar\/8fadbca458d4cb68b1dd399ae9a40618d747bb1af65ac9fad21c89220a143eb4?s=96&d=mm&r=g"},"magazineBlocksPostCommentsNumber":"0","magazineBlocksPostExcerpt":"A deputada estadual Iracema Vale (PSB), presidente da Assembleia Legislativa do Maranh\u00e3o, utilizou suas redes sociais para manifestar novamente suas","magazineBlocksPostCategories":["not\u00edcias"],"magazineBlocksPostViewCount":278,"magazineBlocksPostReadTime":2,"magazine_blocks_featured_image_url":{"full":["https:\/\/maranhaotv.com.br\/wp-content\/uploads\/2025\/07\/17530112644248248195909930619313.jpg",679,452,false],"medium":["https:\/\/maranhaotv.com.br\/wp-content\/uploads\/2025\/07\/17530112644248248195909930619313-300x200.jpg",300,200,true],"thumbnail":["https:\/\/maranhaotv.com.br\/wp-content\/uploads\/2025\/07\/17530112644248248195909930619313-150x150.jpg",150,150,true]},"magazine_blocks_author":{"display_name":"maranhaotv","author_link":"https:\/\/maranhaotv.com.br\/index.php\/author\/maranhaotv\/"},"magazine_blocks_comment":0,"magazine_blocks_author_image":"https:\/\/secure.gravatar.com\/avatar\/8fadbca458d4cb68b1dd399ae9a40618d747bb1af65ac9fad21c89220a143eb4?s=96&d=mm&r=g","magazine_blocks_category":"<a href=\"#\" class=\"category-link category-link-2\">not\u00edcias<\/a>","yoast_head":"<!-- This site is optimized with the Yoast SEO plugin v27.4 - https:\/\/yoast.com\/product\/yoast-seo-wordpress\/ -->\n<title>Iracema reafirma apoio a Orleans para o governo e Weverton Rocha para o Senado - NOT\u00cdCIAS EM TEMPO REAL<\/title>\n<meta name=\"robots\" content=\"index, follow, max-snippet:-1, max-image-preview:large, max-video-preview:-1\" \/>\n<link rel=\"canonical\" href=\"https:\/\/maranhaotv.com.br\/index.php\/2025\/07\/21\/iracema-reafirma-apoio-a-orleans-para-o-governo-e-weverton-rocha-para-o-senado\/\" \/>\n<meta property=\"og:locale\" content=\"pt_BR\" \/>\n<meta property=\"og:type\" content=\"article\" \/>\n<meta property=\"og:title\" content=\"Iracema reafirma apoio a Orleans para o governo e Weverton Rocha para o Senado - NOT\u00cdCIAS EM TEMPO REAL\" \/>\n<meta property=\"og:description\" content=\"A deputada estadual Iracema Vale (PSB), presidente da Assembleia Legislativa do Maranh\u00e3o, utilizou suas redes sociais para manifestar novamente suas\" \/>\n<meta property=\"og:url\" content=\"https:\/\/maranhaotv.com.br\/index.php\/2025\/07\/21\/iracema-reafirma-apoio-a-orleans-para-o-governo-e-weverton-rocha-para-o-senado\/\" \/>\n<meta property=\"og:site_name\" content=\"NOT\u00cdCIAS EM TEMPO REAL\" \/>\n<meta property=\"article:publisher\" content=\"https:\/\/www.facebook.com\/maiobaotv\" \/>\n<meta property=\"article:published_time\" content=\"2025-07-21T12:15:01+00:00\" \/>\n<meta property=\"article:modified_time\" content=\"2025-07-21T12:15:04+00:00\" \/>\n<meta property=\"og:image\" content=\"https:\/\/maranhaotv.com.br\/wp-content\/uploads\/2025\/07\/17530112644248248195909930619313.jpg\" \/>\n\t<meta property=\"og:image:width\" content=\"679\" \/>\n\t<meta property=\"og:image:height\" content=\"452\" \/>\n\t<meta property=\"og:image:type\" content=\"image\/jpeg\" \/>\n<meta name=\"author\" content=\"maranhaotv\" \/>\n<meta name=\"twitter:card\" content=\"summary_large_image\" \/>\n<meta name=\"twitter:creator\" content=\"@sitemaranhaotv\" \/>\n<meta name=\"twitter:site\" content=\"@sitemaranhaotv\" \/>\n<meta name=\"twitter:label1\" content=\"Escrito por\" \/>\n\t<meta name=\"twitter:data1\" content=\"maranhaotv\" \/>\n\t<meta name=\"twitter:label2\" content=\"Est. tempo de leitura\" \/>\n\t<meta name=\"twitter:data2\" content=\"1 minuto\" \/>\n<script type=\"application\/ld+json\" class=\"yoast-schema-graph\">{\"@context\":\"https:\\\/\\\/schema.org\",\"@graph\":[{\"@type\":\"Article\",\"@id\":\"https:\\\/\\\/maranhaotv.com.br\\\/index.php\\\/2025\\\/07\\\/21\\\/iracema-reafirma-apoio-a-orleans-para-o-governo-e-weverton-rocha-para-o-senado\\\/#article\",\"isPartOf\":{\"@id\":\"https:\\\/\\\/maranhaotv.com.br\\\/index.php\\\/2025\\\/07\\\/21\\\/iracema-reafirma-apoio-a-orleans-para-o-governo-e-weverton-rocha-para-o-senado\\\/\"},\"author\":{\"name\":\"maranhaotv\",\"@id\":\"https:\\\/\\\/maranhaotv.com.br\\\/#\\\/schema\\\/person\\\/3d54238e86b20bb5c89ab2fdb8f8829a\"},\"headline\":\"Iracema reafirma apoio a Orleans para o governo e Weverton Rocha para o Senado\",\"datePublished\":\"2025-07-21T12:15:01+00:00\",\"dateModified\":\"2025-07-21T12:15:04+00:00\",\"mainEntityOfPage\":{\"@id\":\"https:\\\/\\\/maranhaotv.com.br\\\/index.php\\\/2025\\\/07\\\/21\\\/iracema-reafirma-apoio-a-orleans-para-o-governo-e-weverton-rocha-para-o-senado\\\/\"},\"wordCount\":232,\"commentCount\":0,\"publisher\":{\"@id\":\"https:\\\/\\\/maranhaotv.com.br\\\/#organization\"},\"image\":{\"@id\":\"https:\\\/\\\/maranhaotv.com.br\\\/index.php\\\/2025\\\/07\\\/21\\\/iracema-reafirma-apoio-a-orleans-para-o-governo-e-weverton-rocha-para-o-senado\\\/#primaryimage\"},\"thumbnailUrl\":\"https:\\\/\\\/maranhaotv.com.br\\\/wp-content\\\/uploads\\\/2025\\\/07\\\/17530112644248248195909930619313.jpg\",\"articleSection\":[\"not\u00edcias\"],\"inLanguage\":\"pt-BR\",\"potentialAction\":[{\"@type\":\"CommentAction\",\"name\":\"Comment\",\"target\":[\"https:\\\/\\\/maranhaotv.com.br\\\/index.php\\\/2025\\\/07\\\/21\\\/iracema-reafirma-apoio-a-orleans-para-o-governo-e-weverton-rocha-para-o-senado\\\/#respond\"]}]},{\"@type\":\"WebPage\",\"@id\":\"https:\\\/\\\/maranhaotv.com.br\\\/index.php\\\/2025\\\/07\\\/21\\\/iracema-reafirma-apoio-a-orleans-para-o-governo-e-weverton-rocha-para-o-senado\\\/\",\"url\":\"https:\\\/\\\/maranhaotv.com.br\\\/index.php\\\/2025\\\/07\\\/21\\\/iracema-reafirma-apoio-a-orleans-para-o-governo-e-weverton-rocha-para-o-senado\\\/\",\"name\":\"Iracema reafirma apoio a Orleans para o governo e Weverton Rocha para o Senado - NOT\u00cdCIAS EM TEMPO REAL\",\"isPartOf\":{\"@id\":\"https:\\\/\\\/maranhaotv.com.br\\\/#website\"},\"primaryImageOfPage\":{\"@id\":\"https:\\\/\\\/maranhaotv.com.br\\\/index.php\\\/2025\\\/07\\\/21\\\/iracema-reafirma-apoio-a-orleans-para-o-governo-e-weverton-rocha-para-o-senado\\\/#primaryimage\"},\"image\":{\"@id\":\"https:\\\/\\\/maranhaotv.com.br\\\/index.php\\\/2025\\\/07\\\/21\\\/iracema-reafirma-apoio-a-orleans-para-o-governo-e-weverton-rocha-para-o-senado\\\/#primaryimage\"},\"thumbnailUrl\":\"https:\\\/\\\/maranhaotv.com.br\\\/wp-content\\\/uploads\\\/2025\\\/07\\\/17530112644248248195909930619313.jpg\",\"datePublished\":\"2025-07-21T12:15:01+00:00\",\"dateModified\":\"2025-07-21T12:15:04+00:00\",\"breadcrumb\":{\"@id\":\"https:\\\/\\\/maranhaotv.com.br\\\/index.php\\\/2025\\\/07\\\/21\\\/iracema-reafirma-apoio-a-orleans-para-o-governo-e-weverton-rocha-para-o-senado\\\/#breadcrumb\"},\"inLanguage\":\"pt-BR\",\"potentialAction\":[{\"@type\":\"ReadAction\",\"target\":[\"https:\\\/\\\/maranhaotv.com.br\\\/index.php\\\/2025\\\/07\\\/21\\\/iracema-reafirma-apoio-a-orleans-para-o-governo-e-weverton-rocha-para-o-senado\\\/\"]}]},{\"@type\":\"ImageObject\",\"inLanguage\":\"pt-BR\",\"@id\":\"https:\\\/\\\/maranhaotv.com.br\\\/index.php\\\/2025\\\/07\\\/21\\\/iracema-reafirma-apoio-a-orleans-para-o-governo-e-weverton-rocha-para-o-senado\\\/#primaryimage\",\"url\":\"https:\\\/\\\/maranhaotv.com.br\\\/wp-content\\\/uploads\\\/2025\\\/07\\\/17530112644248248195909930619313.jpg\",\"contentUrl\":\"https:\\\/\\\/maranhaotv.com.br\\\/wp-content\\\/uploads\\\/2025\\\/07\\\/17530112644248248195909930619313.jpg\",\"width\":679,\"height\":452},{\"@type\":\"BreadcrumbList\",\"@id\":\"https:\\\/\\\/maranhaotv.com.br\\\/index.php\\\/2025\\\/07\\\/21\\\/iracema-reafirma-apoio-a-orleans-para-o-governo-e-weverton-rocha-para-o-senado\\\/#breadcrumb\",\"itemListElement\":[{\"@type\":\"ListItem\",\"position\":1,\"name\":\"In\u00edcio\",\"item\":\"https:\\\/\\\/maranhaotv.com.br\\\/\"},{\"@type\":\"ListItem\",\"position\":2,\"name\":\"Iracema reafirma apoio a Orleans para o governo e Weverton Rocha para o Senado\"}]},{\"@type\":\"WebSite\",\"@id\":\"https:\\\/\\\/maranhaotv.com.br\\\/#website\",\"url\":\"https:\\\/\\\/maranhaotv.com.br\\\/\",\"name\":\"Maranh\u00e3oTV\",\"description\":\"\",\"publisher\":{\"@id\":\"https:\\\/\\\/maranhaotv.com.br\\\/#organization\"},\"potentialAction\":[{\"@type\":\"SearchAction\",\"target\":{\"@type\":\"EntryPoint\",\"urlTemplate\":\"https:\\\/\\\/maranhaotv.com.br\\\/?s={search_term_string}\"},\"query-input\":{\"@type\":\"PropertyValueSpecification\",\"valueRequired\":true,\"valueName\":\"search_term_string\"}}],\"inLanguage\":\"pt-BR\"},{\"@type\":\"Organization\",\"@id\":\"https:\\\/\\\/maranhaotv.com.br\\\/#organization\",\"name\":\"Portal de Not\u00edcias\",\"url\":\"https:\\\/\\\/maranhaotv.com.br\\\/\",\"logo\":{\"@type\":\"ImageObject\",\"inLanguage\":\"pt-BR\",\"@id\":\"https:\\\/\\\/maranhaotv.com.br\\\/#\\\/schema\\\/logo\\\/image\\\/\",\"url\":\"https:\\\/\\\/maranhaotv.com.br\\\/wp-content\\\/uploads\\\/2024\\\/05\\\/cropped-cropped-avatar-1.png\",\"contentUrl\":\"https:\\\/\\\/maranhaotv.com.br\\\/wp-content\\\/uploads\\\/2024\\\/05\\\/cropped-cropped-avatar-1.png\",\"width\":792,\"height\":428,\"caption\":\"Portal de Not\u00edcias\"},\"image\":{\"@id\":\"https:\\\/\\\/maranhaotv.com.br\\\/#\\\/schema\\\/logo\\\/image\\\/\"},\"sameAs\":[\"https:\\\/\\\/www.facebook.com\\\/maiobaotv\",\"https:\\\/\\\/x.com\\\/sitemaranhaotv\",\"https:\\\/\\\/www.instagram.com\\\/maranhao.tv\",\"https:\\\/\\\/www.threads.net\\\/@maranhao.tv\"]},{\"@type\":\"Person\",\"@id\":\"https:\\\/\\\/maranhaotv.com.br\\\/#\\\/schema\\\/person\\\/3d54238e86b20bb5c89ab2fdb8f8829a\",\"name\":\"maranhaotv\",\"image\":{\"@type\":\"ImageObject\",\"inLanguage\":\"pt-BR\",\"@id\":\"https:\\\/\\\/secure.gravatar.com\\\/avatar\\\/8fadbca458d4cb68b1dd399ae9a40618d747bb1af65ac9fad21c89220a143eb4?s=96&d=mm&r=g\",\"url\":\"https:\\\/\\\/secure.gravatar.com\\\/avatar\\\/8fadbca458d4cb68b1dd399ae9a40618d747bb1af65ac9fad21c89220a143eb4?s=96&d=mm&r=g\",\"contentUrl\":\"https:\\\/\\\/secure.gravatar.com\\\/avatar\\\/8fadbca458d4cb68b1dd399ae9a40618d747bb1af65ac9fad21c89220a143eb4?s=96&d=mm&r=g\",\"caption\":\"maranhaotv\"},\"sameAs\":[\"https:\\\/\\\/maranhaotv.com.br\\\/\"],\"url\":\"https:\\\/\\\/maranhaotv.com.br\\\/index.php\\\/author\\\/maranhaotv\\\/\"}]}<\/script>\n<!-- \/ Yoast SEO plugin. -->","yoast_head_json":{"title":"Iracema reafirma apoio a Orleans para o governo e Weverton Rocha para o Senado - NOT\u00cdCIAS EM TEMPO REAL","robots":{"index":"index","follow":"follow","max-snippet":"max-snippet:-1","max-image-preview":"max-image-preview:large","max-video-preview":"max-video-preview:-1"},"canonical":"https:\/\/maranhaotv.com.br\/index.php\/2025\/07\/21\/iracema-reafirma-apoio-a-orleans-para-o-governo-e-weverton-rocha-para-o-senado\/","og_locale":"pt_BR","og_type":"article","og_title":"Iracema reafirma apoio a Orleans para o governo e Weverton Rocha para o Senado - NOT\u00cdCIAS EM TEMPO REAL","og_description":"A deputada estadual Iracema Vale (PSB), presidente da Assembleia Legislativa do Maranh\u00e3o, utilizou suas redes sociais para manifestar novamente suas","og_url":"https:\/\/maranhaotv.com.br\/index.php\/2025\/07\/21\/iracema-reafirma-apoio-a-orleans-para-o-governo-e-weverton-rocha-para-o-senado\/","og_site_name":"NOT\u00cdCIAS EM TEMPO REAL","article_publisher":"https:\/\/www.facebook.com\/maiobaotv","article_published_time":"2025-07-21T12:15:01+00:00","article_modified_time":"2025-07-21T12:15:04+00:00","og_image":[{"width":679,"height":452,"url":"https:\/\/maranhaotv.com.br\/wp-content\/uploads\/2025\/07\/17530112644248248195909930619313.jpg","type":"image\/jpeg"}],"author":"maranhaotv","twitter_card":"summary_large_image","twitter_creator":"@sitemaranhaotv","twitter_site":"@sitemaranhaotv","twitter_misc":{"Escrito por":"maranhaotv","Est. tempo de leitura":"1 minuto"},"schema":{"@context":"https:\/\/schema.org","@graph":[{"@type":"Article","@id":"https:\/\/maranhaotv.com.br\/index.php\/2025\/07\/21\/iracema-reafirma-apoio-a-orleans-para-o-governo-e-weverton-rocha-para-o-senado\/#article","isPartOf":{"@id":"https:\/\/maranhaotv.com.br\/index.php\/2025\/07\/21\/iracema-reafirma-apoio-a-orleans-para-o-governo-e-weverton-rocha-para-o-senado\/"},"author":{"name":"maranhaotv","@id":"https:\/\/maranhaotv.com.br\/#\/schema\/person\/3d54238e86b20bb5c89ab2fdb8f8829a"},"headline":"Iracema reafirma apoio a Orleans para o governo e Weverton Rocha para o Senado","datePublished":"2025-07-21T12:15:01+00:00","dateModified":"2025-07-21T12:15:04+00:00","mainEntityOfPage":{"@id":"https:\/\/maranhaotv.com.br\/index.php\/2025\/07\/21\/iracema-reafirma-apoio-a-orleans-para-o-governo-e-weverton-rocha-para-o-senado\/"},"wordCount":232,"commentCount":0,"publisher":{"@id":"https:\/\/maranhaotv.com.br\/#organization"},"image":{"@id":"https:\/\/maranhaotv.com.br\/index.php\/2025\/07\/21\/iracema-reafirma-apoio-a-orleans-para-o-governo-e-weverton-rocha-para-o-senado\/#primaryimage"},"thumbnailUrl":"https:\/\/maranhaotv.com.br\/wp-content\/uploads\/2025\/07\/17530112644248248195909930619313.jpg","articleSection":["not\u00edcias"],"inLanguage":"pt-BR","potentialAction":[{"@type":"CommentAction","name":"Comment","target":["https:\/\/maranhaotv.com.br\/index.php\/2025\/07\/21\/iracema-reafirma-apoio-a-orleans-para-o-governo-e-weverton-rocha-para-o-senado\/#respond"]}]},{"@type":"WebPage","@id":"https:\/\/maranhaotv.com.br\/index.php\/2025\/07\/21\/iracema-reafirma-apoio-a-orleans-para-o-governo-e-weverton-rocha-para-o-senado\/","url":"https:\/\/maranhaotv.com.br\/index.php\/2025\/07\/21\/iracema-reafirma-apoio-a-orleans-para-o-governo-e-weverton-rocha-para-o-senado\/","name":"Iracema reafirma apoio a Orleans para o governo e Weverton Rocha para o Senado - NOT\u00cdCIAS EM TEMPO REAL","isPartOf":{"@id":"https:\/\/maranhaotv.com.br\/#website"},"primaryImageOfPage":{"@id":"https:\/\/maranhaotv.com.br\/index.php\/2025\/07\/21\/iracema-reafirma-apoio-a-orleans-para-o-governo-e-weverton-rocha-para-o-senado\/#primaryimage"},"image":{"@id":"https:\/\/maranhaotv.com.br\/index.php\/2025\/07\/21\/iracema-reafirma-apoio-a-orleans-para-o-governo-e-weverton-rocha-para-o-senado\/#primaryimage"},"thumbnailUrl":"https:\/\/maranhaotv.com.br\/wp-content\/uploads\/2025\/07\/17530112644248248195909930619313.jpg","datePublished":"2025-07-21T12:15:01+00:00","dateModified":"2025-07-21T12:15:04+00:00","breadcrumb":{"@id":"https:\/\/maranhaotv.com.br\/index.php\/2025\/07\/21\/iracema-reafirma-apoio-a-orleans-para-o-governo-e-weverton-rocha-para-o-senado\/#breadcrumb"},"inLanguage":"pt-BR","potentialAction":[{"@type":"ReadAction","target":["https:\/\/maranhaotv.com.br\/index.php\/2025\/07\/21\/iracema-reafirma-apoio-a-orleans-para-o-governo-e-weverton-rocha-para-o-senado\/"]}]},{"@type":"ImageObject","inLanguage":"pt-BR","@id":"https:\/\/maranhaotv.com.br\/index.php\/2025\/07\/21\/iracema-reafirma-apoio-a-orleans-para-o-governo-e-weverton-rocha-para-o-senado\/#primaryimage","url":"https:\/\/maranhaotv.com.br\/wp-content\/uploads\/2025\/07\/17530112644248248195909930619313.jpg","contentUrl":"https:\/\/maranhaotv.com.br\/wp-content\/uploads\/2025\/07\/17530112644248248195909930619313.jpg","width":679,"height":452},{"@type":"BreadcrumbList","@id":"https:\/\/maranhaotv.com.br\/index.php\/2025\/07\/21\/iracema-reafirma-apoio-a-orleans-para-o-governo-e-weverton-rocha-para-o-senado\/#breadcrumb","itemListElement":[{"@type":"ListItem","position":1,"name":"In\u00edcio","item":"https:\/\/maranhaotv.com.br\/"},{"@type":"ListItem","position":2,"name":"Iracema reafirma apoio a Orleans para o governo e Weverton Rocha para o Senado"}]},{"@type":"WebSite","@id":"https:\/\/maranhaotv.com.br\/#website","url":"https:\/\/maranhaotv.com.br\/","name":"Maranh\u00e3oTV","description":"","publisher":{"@id":"https:\/\/maranhaotv.com.br\/#organization"},"potentialAction":[{"@type":"SearchAction","target":{"@type":"EntryPoint","urlTemplate":"https:\/\/maranhaotv.com.br\/?s={search_term_string}"},"query-input":{"@type":"PropertyValueSpecification","valueRequired":true,"valueName":"search_term_string"}}],"inLanguage":"pt-BR"},{"@type":"Organization","@id":"https:\/\/maranhaotv.com.br\/#organization","name":"Portal de Not\u00edcias","url":"https:\/\/maranhaotv.com.br\/","logo":{"@type":"ImageObject","inLanguage":"pt-BR","@id":"https:\/\/maranhaotv.com.br\/#\/schema\/logo\/image\/","url":"https:\/\/maranhaotv.com.br\/wp-content\/uploads\/2024\/05\/cropped-cropped-avatar-1.png","contentUrl":"https:\/\/maranhaotv.com.br\/wp-content\/uploads\/2024\/05\/cropped-cropped-avatar-1.png","width":792,"height":428,"caption":"Portal de Not\u00edcias"},"image":{"@id":"https:\/\/maranhaotv.com.br\/#\/schema\/logo\/image\/"},"sameAs":["https:\/\/www.facebook.com\/maiobaotv","https:\/\/x.com\/sitemaranhaotv","https:\/\/www.instagram.com\/maranhao.tv","https:\/\/www.threads.net\/@maranhao.tv"]},{"@type":"Person","@id":"https:\/\/maranhaotv.com.br\/#\/schema\/person\/3d54238e86b20bb5c89ab2fdb8f8829a","name":"maranhaotv","image":{"@type":"ImageObject","inLanguage":"pt-BR","@id":"https:\/\/secure.gravatar.com\/avatar\/8fadbca458d4cb68b1dd399ae9a40618d747bb1af65ac9fad21c89220a143eb4?s=96&d=mm&r=g","url":"https:\/\/secure.gravatar.com\/avatar\/8fadbca458d4cb68b1dd399ae9a40618d747bb1af65ac9fad21c89220a143eb4?s=96&d=mm&r=g","contentUrl":"https:\/\/secure.gravatar.com\/avatar\/8fadbca458d4cb68b1dd399ae9a40618d747bb1af65ac9fad21c89220a143eb4?s=96&d=mm&r=g","caption":"maranhaotv"},"sameAs":["https:\/\/maranhaotv.com.br\/"],"url":"https:\/\/maranhaotv.com.br\/index.php\/author\/maranhaotv\/"}]}},"jetpack_featured_media_url":"https:\/\/maranhaotv.com.br\/wp-content\/uploads\/2025\/07\/17530112644248248195909930619313.jpg","jetpack_sharing_enabled":true,"_links":{"self":[{"href":"https:\/\/maranhaotv.com.br\/index.php\/wp-json\/wp\/v2\/posts\/43269","targetHints":{"allow":["GET"]}}],"collection":[{"href":"https:\/\/maranhaotv.com.br\/index.php\/wp-json\/wp\/v2\/posts"}],"about":[{"href":"https:\/\/maranhaotv.com.br\/index.php\/wp-json\/wp\/v2\/types\/post"}],"author":[{"embeddable":true,"href":"https:\/\/maranhaotv.com.br\/index.php\/wp-json\/wp\/v2\/users\/2"}],"replies":[{"embeddable":true,"href":"https:\/\/maranhaotv.com.br\/index.php\/wp-json\/wp\/v2\/comments?post=43269"}],"version-history":[{"count":1,"href":"https:\/\/maranhaotv.com.br\/index.php\/wp-json\/wp\/v2\/posts\/43269\/revisions"}],"predecessor-version":[{"id":43270,"href":"https:\/\/maranhaotv.com.br\/index.php\/wp-json\/wp\/v2\/posts\/43269\/revisions\/43270"}],"wp:featuredmedia":[{"embeddable":true,"href":"https:\/\/maranhaotv.com.br\/index.php\/wp-json\/wp\/v2\/media\/43268"}],"wp:attachment":[{"href":"https:\/\/maranhaotv.com.br\/index.php\/wp-json\/wp\/v2\/media?parent=43269"}],"wp:term":[{"taxonomy":"category","embeddable":true,"href":"https:\/\/maranhaotv.com.br\/index.php\/wp-json\/wp\/v2\/categories?post=43269"},{"taxonomy":"post_tag","embeddable":true,"href":"https:\/\/maranhaotv.com.br\/index.php\/wp-json\/wp\/v2\/tags?post=43269"}],"curies":[{"name":"wp","href":"https:\/\/api.w.org\/{rel}","templated":true}]}}