{"id":43287,"date":"2025-07-22T07:27:16","date_gmt":"2025-07-22T10:27:16","guid":{"rendered":"https:\/\/maranhaotv.com.br\/?p=43287"},"modified":"2025-07-23T00:47:44","modified_gmt":"2025-07-23T03:47:44","slug":"o-badalado-lucas-bessa-marca-presenca-no-palacio-mandarim","status":"publish","type":"post","link":"https:\/\/maranhaotv.com.br\/index.php\/2025\/07\/22\/o-badalado-lucas-bessa-marca-presenca-no-palacio-mandarim\/","title":{"rendered":"O badalado Lucas Bessa marca presen\u00e7a no Pal\u00e1cio Mandarim"},"content":{"rendered":"\n<p><\/p>\n\n\n\n<p><\/p>\n\n\n\n<p>O badalado influencer Lucas Bessa marcou presen\u00e7a e curtiu em grande estilo ao lado dos amigos a Balada Pal\u00e1cio Mandarim!<br \/>Lucas Bessa Influenciador digital divulgou os momentos de divers\u00e3o com os amigos em sua rede social com milh\u00f5es de seguidores!<br \/>Lucas Bessa fez sucesso ao marcar presen\u00e7a na Balada Pal\u00e1cio Mandarim e o influencer est\u00e1 sempre marcando presen\u00e7a nos melhores eventos de Uberaba e grandes festas e baladas pelo Brasil!<br \/>Lucas Bessa esbanjou eleg\u00e2ncia, estilo, sofistica\u00e7\u00e3o e carisma no Evento!<br \/>O Evento contou com atra\u00e7\u00f5es como DJ Girla ,<br \/>Bandas Entre amigos e a Banda Man\u00e9 Galinha !<br \/>Lucas Bessa Reconhecido por sua presen\u00e7a marcante nas baladas mais exclusivas do Brasil como a Balada Pal\u00e1cio Mandarim que ele esteve presente , Lucas n\u00e3o \u00e9 apenas um frequentador ass\u00edduo das casas noturnas, mas tamb\u00e9m um verdadeiro conhecedor do entretenimento noturno.<br \/>Lucas se consolidou como refer\u00eancia quando o assunto \u00e9 divers\u00e3o e boas companhias.<br \/>Lucas Bessa Al\u00e9m de mostrar os bastidores das festas mais cobi\u00e7adas, Lucas Bessa utiliza suas plataformas para divulgar novidades do mundo das baladas, criando uma conex\u00e3o direta com seus seguidores, que buscam por dicas e informa\u00e7\u00f5es sobre os melhores lugares para curtir a noite. Essa intera\u00e7\u00e3o cont\u00ednua, aliada ao seu carisma e estilo de vida agitado, solidificou sua imagem como um dos baladeiros mais influentes do Brasil.<br \/>Lucas Bessa vem se consolidando sua posi\u00e7\u00e3o como um dos nomes mais fortes no segmento das baladas em todo o territ\u00f3rio nacional.<br \/>Lucas Bessa roubou a cena ao marcar presen\u00e7a na<br \/>Balada Pal\u00e1cio Mandarim e atraiu todos os olhares ,<br \/>recebeu o carinho dos seguidores que o acompanham no Instagram !<br \/>Lucas Bessa esbanjou seu carisma, luxo, eleg\u00e2ncia sofistica\u00e7\u00e3o, alegria, espontaneidade e curtiu muito com os amigos a noite!<\/p>\n\n\n\n<figure class=\"wp-block-image size-large\"><img loading=\"lazy\" decoding=\"async\" width=\"819\" height=\"1024\" src=\"https:\/\/maranhaotv.com.br\/wp-content\/uploads\/2025\/07\/5c8ac40b-5f27-4dd2-b124-2390f63a467b-1-819x1024.jpg\" alt=\"\" class=\"wp-image-43279\" srcset=\"https:\/\/maranhaotv.com.br\/wp-content\/uploads\/2025\/07\/5c8ac40b-5f27-4dd2-b124-2390f63a467b-1-819x1024.jpg 819w, https:\/\/maranhaotv.com.br\/wp-content\/uploads\/2025\/07\/5c8ac40b-5f27-4dd2-b124-2390f63a467b-1-240x300.jpg 240w, https:\/\/maranhaotv.com.br\/wp-content\/uploads\/2025\/07\/5c8ac40b-5f27-4dd2-b124-2390f63a467b-1-768x960.jpg 768w, https:\/\/maranhaotv.com.br\/wp-content\/uploads\/2025\/07\/5c8ac40b-5f27-4dd2-b124-2390f63a467b-1-1228x1536.jpg 1228w, https:\/\/maranhaotv.com.br\/wp-content\/uploads\/2025\/07\/5c8ac40b-5f27-4dd2-b124-2390f63a467b-1.jpg 1242w\" sizes=\"auto, (max-width: 819px) 100vw, 819px\" \/><\/figure>\n\n\n\n<figure class=\"wp-block-image size-large\"><img loading=\"lazy\" decoding=\"async\" width=\"768\" height=\"1024\" src=\"https:\/\/maranhaotv.com.br\/wp-content\/uploads\/2025\/07\/3c360845-1ee2-4236-93ee-b9936531b608-1-768x1024.jpg\" alt=\"\" class=\"wp-image-43280\" srcset=\"https:\/\/maranhaotv.com.br\/wp-content\/uploads\/2025\/07\/3c360845-1ee2-4236-93ee-b9936531b608-1-768x1024.jpg 768w, https:\/\/maranhaotv.com.br\/wp-content\/uploads\/2025\/07\/3c360845-1ee2-4236-93ee-b9936531b608-1-225x300.jpg 225w, https:\/\/maranhaotv.com.br\/wp-content\/uploads\/2025\/07\/3c360845-1ee2-4236-93ee-b9936531b608-1-1152x1536.jpg 1152w, https:\/\/maranhaotv.com.br\/wp-content\/uploads\/2025\/07\/3c360845-1ee2-4236-93ee-b9936531b608-1.jpg 1200w\" sizes=\"auto, (max-width: 768px) 100vw, 768px\" \/><\/figure>\n\n\n\n<figure class=\"wp-block-image size-large\"><img loading=\"lazy\" decoding=\"async\" width=\"743\" height=\"1024\" src=\"https:\/\/maranhaotv.com.br\/wp-content\/uploads\/2025\/07\/772a925f-39c1-41cd-8b73-d6a1e0546089-1-743x1024.jpg\" alt=\"\" class=\"wp-image-43281\" srcset=\"https:\/\/maranhaotv.com.br\/wp-content\/uploads\/2025\/07\/772a925f-39c1-41cd-8b73-d6a1e0546089-1-743x1024.jpg 743w, https:\/\/maranhaotv.com.br\/wp-content\/uploads\/2025\/07\/772a925f-39c1-41cd-8b73-d6a1e0546089-1-218x300.jpg 218w, https:\/\/maranhaotv.com.br\/wp-content\/uploads\/2025\/07\/772a925f-39c1-41cd-8b73-d6a1e0546089-1-768x1059.jpg 768w, https:\/\/maranhaotv.com.br\/wp-content\/uploads\/2025\/07\/772a925f-39c1-41cd-8b73-d6a1e0546089-1.jpg 834w\" sizes=\"auto, (max-width: 743px) 100vw, 743px\" \/><\/figure>\n\n\n\n<figure class=\"wp-block-image size-large\"><img loading=\"lazy\" decoding=\"async\" width=\"652\" height=\"1024\" src=\"https:\/\/maranhaotv.com.br\/wp-content\/uploads\/2025\/07\/a8cf2e62-6611-4d64-af53-a81fc8d20f01-1-652x1024.jpg\" alt=\"\" class=\"wp-image-43282\" srcset=\"https:\/\/maranhaotv.com.br\/wp-content\/uploads\/2025\/07\/a8cf2e62-6611-4d64-af53-a81fc8d20f01-1-652x1024.jpg 652w, https:\/\/maranhaotv.com.br\/wp-content\/uploads\/2025\/07\/a8cf2e62-6611-4d64-af53-a81fc8d20f01-1-191x300.jpg 191w, https:\/\/maranhaotv.com.br\/wp-content\/uploads\/2025\/07\/a8cf2e62-6611-4d64-af53-a81fc8d20f01-1-768x1207.jpg 768w, https:\/\/maranhaotv.com.br\/wp-content\/uploads\/2025\/07\/a8cf2e62-6611-4d64-af53-a81fc8d20f01-1-977x1536.jpg 977w, https:\/\/maranhaotv.com.br\/wp-content\/uploads\/2025\/07\/a8cf2e62-6611-4d64-af53-a81fc8d20f01-1.jpg 1018w\" sizes=\"auto, (max-width: 652px) 100vw, 652px\" \/><\/figure>\n\n\n\n<figure class=\"wp-block-image size-large\"><img loading=\"lazy\" decoding=\"async\" width=\"689\" height=\"1024\" src=\"https:\/\/maranhaotv.com.br\/wp-content\/uploads\/2025\/07\/1751ce97-7484-49e0-8a82-e8101e056158-1-689x1024.jpg\" alt=\"\" class=\"wp-image-43283\" srcset=\"https:\/\/maranhaotv.com.br\/wp-content\/uploads\/2025\/07\/1751ce97-7484-49e0-8a82-e8101e056158-1-689x1024.jpg 689w, https:\/\/maranhaotv.com.br\/wp-content\/uploads\/2025\/07\/1751ce97-7484-49e0-8a82-e8101e056158-1-202x300.jpg 202w, https:\/\/maranhaotv.com.br\/wp-content\/uploads\/2025\/07\/1751ce97-7484-49e0-8a82-e8101e056158-1-768x1142.jpg 768w, https:\/\/maranhaotv.com.br\/wp-content\/uploads\/2025\/07\/1751ce97-7484-49e0-8a82-e8101e056158-1-1033x1536.jpg 1033w, https:\/\/maranhaotv.com.br\/wp-content\/uploads\/2025\/07\/1751ce97-7484-49e0-8a82-e8101e056158-1.jpg 1076w\" sizes=\"auto, (max-width: 689px) 100vw, 689px\" \/><\/figure>\n\n\n\n<figure class=\"wp-block-image size-large\"><img loading=\"lazy\" decoding=\"async\" width=\"576\" height=\"1024\" src=\"https:\/\/maranhaotv.com.br\/wp-content\/uploads\/2025\/07\/cbce4251-6162-4985-8969-bb932a46a257-1-576x1024.jpg\" alt=\"\" class=\"wp-image-43284\" srcset=\"https:\/\/maranhaotv.com.br\/wp-content\/uploads\/2025\/07\/cbce4251-6162-4985-8969-bb932a46a257-1-576x1024.jpg 576w, https:\/\/maranhaotv.com.br\/wp-content\/uploads\/2025\/07\/cbce4251-6162-4985-8969-bb932a46a257-1-169x300.jpg 169w, https:\/\/maranhaotv.com.br\/wp-content\/uploads\/2025\/07\/cbce4251-6162-4985-8969-bb932a46a257-1-768x1365.jpg 768w, https:\/\/maranhaotv.com.br\/wp-content\/uploads\/2025\/07\/cbce4251-6162-4985-8969-bb932a46a257-1-864x1536.jpg 864w, https:\/\/maranhaotv.com.br\/wp-content\/uploads\/2025\/07\/cbce4251-6162-4985-8969-bb932a46a257-1.jpg 900w\" sizes=\"auto, (max-width: 576px) 100vw, 576px\" \/><\/figure>\n\n\n\n<figure class=\"wp-block-image size-large\"><img loading=\"lazy\" decoding=\"async\" width=\"576\" height=\"1024\" src=\"https:\/\/maranhaotv.com.br\/wp-content\/uploads\/2025\/07\/2cfe6e32-59a6-4c77-9829-73b11fde5d1c-1-576x1024.jpg\" alt=\"\" class=\"wp-image-43285\" srcset=\"https:\/\/maranhaotv.com.br\/wp-content\/uploads\/2025\/07\/2cfe6e32-59a6-4c77-9829-73b11fde5d1c-1-576x1024.jpg 576w, https:\/\/maranhaotv.com.br\/wp-content\/uploads\/2025\/07\/2cfe6e32-59a6-4c77-9829-73b11fde5d1c-1-169x300.jpg 169w, https:\/\/maranhaotv.com.br\/wp-content\/uploads\/2025\/07\/2cfe6e32-59a6-4c77-9829-73b11fde5d1c-1-768x1365.jpg 768w, https:\/\/maranhaotv.com.br\/wp-content\/uploads\/2025\/07\/2cfe6e32-59a6-4c77-9829-73b11fde5d1c-1-864x1536.jpg 864w, https:\/\/maranhaotv.com.br\/wp-content\/uploads\/2025\/07\/2cfe6e32-59a6-4c77-9829-73b11fde5d1c-1.jpg 900w\" sizes=\"auto, (max-width: 576px) 100vw, 576px\" \/><\/figure>\n","protected":false},"excerpt":{"rendered":"<p>O badalado influencer Lucas Bessa marcou presen\u00e7a e curtiu em grande estilo ao lado dos amigos a Balada Pal\u00e1cio Mandarim!Lucas<\/p>\n","protected":false},"author":2,"featured_media":43289,"comment_status":"closed","ping_status":"open","sticky":false,"template":"","format":"standard","meta":{"colormag_page_container_layout":"default_layout","colormag_page_sidebar_layout":"default_layout","_jetpack_memberships_contains_paid_content":false,"footnotes":""},"categories":[306],"tags":[544,540],"class_list":["post-43287","post","type-post","status-publish","format-standard","has-post-thumbnail","hentry","category-entretenimento","tag-influenciador-lucas-bessa","tag-lucas-bessa"],"magazineBlocksPostFeaturedMedia":{"thumbnail":"https:\/\/maranhaotv.com.br\/wp-content\/uploads\/2025\/07\/IMG-20250722-WA0024-150x150.jpg","medium":"https:\/\/maranhaotv.com.br\/wp-content\/uploads\/2025\/07\/IMG-20250722-WA0024-300x238.jpg","medium_large":"https:\/\/maranhaotv.com.br\/wp-content\/uploads\/2025\/07\/IMG-20250722-WA0024.jpg","large":"https:\/\/maranhaotv.com.br\/wp-content\/uploads\/2025\/07\/IMG-20250722-WA0024.jpg","1536x1536":"https:\/\/maranhaotv.com.br\/wp-content\/uploads\/2025\/07\/IMG-20250722-WA0024.jpg","2048x2048":"https:\/\/maranhaotv.com.br\/wp-content\/uploads\/2025\/07\/IMG-20250722-WA0024.jpg","colormag-highlighted-post":"https:\/\/maranhaotv.com.br\/wp-content\/uploads\/2025\/07\/IMG-20250722-WA0024-392x272.jpg","colormag-featured-post-medium":"https:\/\/maranhaotv.com.br\/wp-content\/uploads\/2025\/07\/IMG-20250722-WA0024-390x205.jpg","colormag-featured-post-small":"https:\/\/maranhaotv.com.br\/wp-content\/uploads\/2025\/07\/IMG-20250722-WA0024-130x90.jpg","colormag-featured-image":"https:\/\/maranhaotv.com.br\/wp-content\/uploads\/2025\/07\/IMG-20250722-WA0024-716x445.jpg","colormag-default-news":"https:\/\/maranhaotv.com.br\/wp-content\/uploads\/2025\/07\/IMG-20250722-WA0024-150x150.jpg","colormag-featured-image-large":"https:\/\/maranhaotv.com.br\/wp-content\/uploads\/2025\/07\/IMG-20250722-WA0024.jpg"},"magazineBlocksPostAuthor":{"name":"maranhaotv","avatar":"https:\/\/secure.gravatar.com\/avatar\/8fadbca458d4cb68b1dd399ae9a40618d747bb1af65ac9fad21c89220a143eb4?s=96&d=mm&r=g"},"magazineBlocksPostCommentsNumber":false,"magazineBlocksPostExcerpt":"O badalado influencer Lucas Bessa marcou presen\u00e7a e curtiu em grande estilo ao lado dos amigos a Balada Pal\u00e1cio Mandarim!Lucas","magazineBlocksPostCategories":["entretenimento"],"magazineBlocksPostViewCount":681,"magazineBlocksPostReadTime":2,"magazine_blocks_featured_image_url":{"full":["https:\/\/maranhaotv.com.br\/wp-content\/uploads\/2025\/07\/IMG-20250722-WA0024.jpg",716,569,false],"medium":["https:\/\/maranhaotv.com.br\/wp-content\/uploads\/2025\/07\/IMG-20250722-WA0024-300x238.jpg",300,238,true],"thumbnail":["https:\/\/maranhaotv.com.br\/wp-content\/uploads\/2025\/07\/IMG-20250722-WA0024-150x150.jpg",150,150,true]},"magazine_blocks_author":{"display_name":"maranhaotv","author_link":"https:\/\/maranhaotv.com.br\/index.php\/author\/maranhaotv\/"},"magazine_blocks_comment":0,"magazine_blocks_author_image":"https:\/\/secure.gravatar.com\/avatar\/8fadbca458d4cb68b1dd399ae9a40618d747bb1af65ac9fad21c89220a143eb4?s=96&d=mm&r=g","magazine_blocks_category":"<a href=\"#\" class=\"category-link category-link-306\">entretenimento<\/a>","yoast_head":"<!-- This site is optimized with the Yoast SEO plugin v27.4 - https:\/\/yoast.com\/product\/yoast-seo-wordpress\/ -->\n<title>O badalado Lucas Bessa marca presen\u00e7a no Pal\u00e1cio Mandarim - NOT\u00cdCIAS EM TEMPO REAL<\/title>\n<meta name=\"robots\" content=\"index, follow, max-snippet:-1, max-image-preview:large, max-video-preview:-1\" \/>\n<link rel=\"canonical\" href=\"https:\/\/maranhaotv.com.br\/index.php\/2025\/07\/22\/o-badalado-lucas-bessa-marca-presenca-no-palacio-mandarim\/\" \/>\n<meta property=\"og:locale\" content=\"pt_BR\" \/>\n<meta property=\"og:type\" content=\"article\" \/>\n<meta property=\"og:title\" content=\"O badalado Lucas Bessa marca presen\u00e7a no Pal\u00e1cio Mandarim - NOT\u00cdCIAS EM TEMPO REAL\" \/>\n<meta property=\"og:description\" content=\"O badalado influencer Lucas Bessa marcou presen\u00e7a e curtiu em grande estilo ao lado dos amigos a Balada Pal\u00e1cio Mandarim!Lucas\" \/>\n<meta property=\"og:url\" content=\"https:\/\/maranhaotv.com.br\/index.php\/2025\/07\/22\/o-badalado-lucas-bessa-marca-presenca-no-palacio-mandarim\/\" \/>\n<meta property=\"og:site_name\" content=\"NOT\u00cdCIAS EM TEMPO REAL\" \/>\n<meta property=\"article:publisher\" content=\"https:\/\/www.facebook.com\/maiobaotv\" \/>\n<meta property=\"article:published_time\" content=\"2025-07-22T10:27:16+00:00\" \/>\n<meta property=\"article:modified_time\" content=\"2025-07-23T03:47:44+00:00\" \/>\n<meta property=\"og:image\" content=\"https:\/\/maranhaotv.com.br\/wp-content\/uploads\/2025\/07\/IMG-20250722-WA0024.jpg\" \/>\n\t<meta property=\"og:image:width\" content=\"716\" \/>\n\t<meta property=\"og:image:height\" content=\"569\" \/>\n\t<meta property=\"og:image:type\" content=\"image\/jpeg\" \/>\n<meta name=\"author\" content=\"maranhaotv\" \/>\n<meta name=\"twitter:card\" content=\"summary_large_image\" \/>\n<meta name=\"twitter:creator\" content=\"@sitemaranhaotv\" \/>\n<meta name=\"twitter:site\" content=\"@sitemaranhaotv\" \/>\n<meta name=\"twitter:label1\" content=\"Escrito por\" \/>\n\t<meta name=\"twitter:data1\" content=\"maranhaotv\" \/>\n\t<meta name=\"twitter:label2\" content=\"Est. tempo de leitura\" \/>\n\t<meta name=\"twitter:data2\" content=\"2 minutos\" \/>\n<script type=\"application\/ld+json\" class=\"yoast-schema-graph\">{\"@context\":\"https:\\\/\\\/schema.org\",\"@graph\":[{\"@type\":\"Article\",\"@id\":\"https:\\\/\\\/maranhaotv.com.br\\\/index.php\\\/2025\\\/07\\\/22\\\/o-badalado-lucas-bessa-marca-presenca-no-palacio-mandarim\\\/#article\",\"isPartOf\":{\"@id\":\"https:\\\/\\\/maranhaotv.com.br\\\/index.php\\\/2025\\\/07\\\/22\\\/o-badalado-lucas-bessa-marca-presenca-no-palacio-mandarim\\\/\"},\"author\":{\"name\":\"maranhaotv\",\"@id\":\"https:\\\/\\\/maranhaotv.com.br\\\/#\\\/schema\\\/person\\\/3d54238e86b20bb5c89ab2fdb8f8829a\"},\"headline\":\"O badalado Lucas Bessa marca presen\u00e7a no Pal\u00e1cio Mandarim\",\"datePublished\":\"2025-07-22T10:27:16+00:00\",\"dateModified\":\"2025-07-23T03:47:44+00:00\",\"mainEntityOfPage\":{\"@id\":\"https:\\\/\\\/maranhaotv.com.br\\\/index.php\\\/2025\\\/07\\\/22\\\/o-badalado-lucas-bessa-marca-presenca-no-palacio-mandarim\\\/\"},\"wordCount\":320,\"publisher\":{\"@id\":\"https:\\\/\\\/maranhaotv.com.br\\\/#organization\"},\"image\":{\"@id\":\"https:\\\/\\\/maranhaotv.com.br\\\/index.php\\\/2025\\\/07\\\/22\\\/o-badalado-lucas-bessa-marca-presenca-no-palacio-mandarim\\\/#primaryimage\"},\"thumbnailUrl\":\"https:\\\/\\\/maranhaotv.com.br\\\/wp-content\\\/uploads\\\/2025\\\/07\\\/IMG-20250722-WA0024.jpg\",\"keywords\":[\"Influenciador Lucas Bessa\",\"Lucas Bessa\"],\"articleSection\":[\"entretenimento\"],\"inLanguage\":\"pt-BR\"},{\"@type\":\"WebPage\",\"@id\":\"https:\\\/\\\/maranhaotv.com.br\\\/index.php\\\/2025\\\/07\\\/22\\\/o-badalado-lucas-bessa-marca-presenca-no-palacio-mandarim\\\/\",\"url\":\"https:\\\/\\\/maranhaotv.com.br\\\/index.php\\\/2025\\\/07\\\/22\\\/o-badalado-lucas-bessa-marca-presenca-no-palacio-mandarim\\\/\",\"name\":\"O badalado Lucas Bessa marca presen\u00e7a no Pal\u00e1cio Mandarim - NOT\u00cdCIAS EM TEMPO REAL\",\"isPartOf\":{\"@id\":\"https:\\\/\\\/maranhaotv.com.br\\\/#website\"},\"primaryImageOfPage\":{\"@id\":\"https:\\\/\\\/maranhaotv.com.br\\\/index.php\\\/2025\\\/07\\\/22\\\/o-badalado-lucas-bessa-marca-presenca-no-palacio-mandarim\\\/#primaryimage\"},\"image\":{\"@id\":\"https:\\\/\\\/maranhaotv.com.br\\\/index.php\\\/2025\\\/07\\\/22\\\/o-badalado-lucas-bessa-marca-presenca-no-palacio-mandarim\\\/#primaryimage\"},\"thumbnailUrl\":\"https:\\\/\\\/maranhaotv.com.br\\\/wp-content\\\/uploads\\\/2025\\\/07\\\/IMG-20250722-WA0024.jpg\",\"datePublished\":\"2025-07-22T10:27:16+00:00\",\"dateModified\":\"2025-07-23T03:47:44+00:00\",\"breadcrumb\":{\"@id\":\"https:\\\/\\\/maranhaotv.com.br\\\/index.php\\\/2025\\\/07\\\/22\\\/o-badalado-lucas-bessa-marca-presenca-no-palacio-mandarim\\\/#breadcrumb\"},\"inLanguage\":\"pt-BR\",\"potentialAction\":[{\"@type\":\"ReadAction\",\"target\":[\"https:\\\/\\\/maranhaotv.com.br\\\/index.php\\\/2025\\\/07\\\/22\\\/o-badalado-lucas-bessa-marca-presenca-no-palacio-mandarim\\\/\"]}]},{\"@type\":\"ImageObject\",\"inLanguage\":\"pt-BR\",\"@id\":\"https:\\\/\\\/maranhaotv.com.br\\\/index.php\\\/2025\\\/07\\\/22\\\/o-badalado-lucas-bessa-marca-presenca-no-palacio-mandarim\\\/#primaryimage\",\"url\":\"https:\\\/\\\/maranhaotv.com.br\\\/wp-content\\\/uploads\\\/2025\\\/07\\\/IMG-20250722-WA0024.jpg\",\"contentUrl\":\"https:\\\/\\\/maranhaotv.com.br\\\/wp-content\\\/uploads\\\/2025\\\/07\\\/IMG-20250722-WA0024.jpg\",\"width\":716,\"height\":569},{\"@type\":\"BreadcrumbList\",\"@id\":\"https:\\\/\\\/maranhaotv.com.br\\\/index.php\\\/2025\\\/07\\\/22\\\/o-badalado-lucas-bessa-marca-presenca-no-palacio-mandarim\\\/#breadcrumb\",\"itemListElement\":[{\"@type\":\"ListItem\",\"position\":1,\"name\":\"In\u00edcio\",\"item\":\"https:\\\/\\\/maranhaotv.com.br\\\/\"},{\"@type\":\"ListItem\",\"position\":2,\"name\":\"O badalado Lucas Bessa marca presen\u00e7a no Pal\u00e1cio Mandarim\"}]},{\"@type\":\"WebSite\",\"@id\":\"https:\\\/\\\/maranhaotv.com.br\\\/#website\",\"url\":\"https:\\\/\\\/maranhaotv.com.br\\\/\",\"name\":\"Maranh\u00e3oTV\",\"description\":\"\",\"publisher\":{\"@id\":\"https:\\\/\\\/maranhaotv.com.br\\\/#organization\"},\"potentialAction\":[{\"@type\":\"SearchAction\",\"target\":{\"@type\":\"EntryPoint\",\"urlTemplate\":\"https:\\\/\\\/maranhaotv.com.br\\\/?s={search_term_string}\"},\"query-input\":{\"@type\":\"PropertyValueSpecification\",\"valueRequired\":true,\"valueName\":\"search_term_string\"}}],\"inLanguage\":\"pt-BR\"},{\"@type\":\"Organization\",\"@id\":\"https:\\\/\\\/maranhaotv.com.br\\\/#organization\",\"name\":\"Portal de Not\u00edcias\",\"url\":\"https:\\\/\\\/maranhaotv.com.br\\\/\",\"logo\":{\"@type\":\"ImageObject\",\"inLanguage\":\"pt-BR\",\"@id\":\"https:\\\/\\\/maranhaotv.com.br\\\/#\\\/schema\\\/logo\\\/image\\\/\",\"url\":\"https:\\\/\\\/maranhaotv.com.br\\\/wp-content\\\/uploads\\\/2024\\\/05\\\/cropped-cropped-avatar-1.png\",\"contentUrl\":\"https:\\\/\\\/maranhaotv.com.br\\\/wp-content\\\/uploads\\\/2024\\\/05\\\/cropped-cropped-avatar-1.png\",\"width\":792,\"height\":428,\"caption\":\"Portal de Not\u00edcias\"},\"image\":{\"@id\":\"https:\\\/\\\/maranhaotv.com.br\\\/#\\\/schema\\\/logo\\\/image\\\/\"},\"sameAs\":[\"https:\\\/\\\/www.facebook.com\\\/maiobaotv\",\"https:\\\/\\\/x.com\\\/sitemaranhaotv\",\"https:\\\/\\\/www.instagram.com\\\/maranhao.tv\",\"https:\\\/\\\/www.threads.net\\\/@maranhao.tv\"]},{\"@type\":\"Person\",\"@id\":\"https:\\\/\\\/maranhaotv.com.br\\\/#\\\/schema\\\/person\\\/3d54238e86b20bb5c89ab2fdb8f8829a\",\"name\":\"maranhaotv\",\"image\":{\"@type\":\"ImageObject\",\"inLanguage\":\"pt-BR\",\"@id\":\"https:\\\/\\\/secure.gravatar.com\\\/avatar\\\/8fadbca458d4cb68b1dd399ae9a40618d747bb1af65ac9fad21c89220a143eb4?s=96&d=mm&r=g\",\"url\":\"https:\\\/\\\/secure.gravatar.com\\\/avatar\\\/8fadbca458d4cb68b1dd399ae9a40618d747bb1af65ac9fad21c89220a143eb4?s=96&d=mm&r=g\",\"contentUrl\":\"https:\\\/\\\/secure.gravatar.com\\\/avatar\\\/8fadbca458d4cb68b1dd399ae9a40618d747bb1af65ac9fad21c89220a143eb4?s=96&d=mm&r=g\",\"caption\":\"maranhaotv\"},\"sameAs\":[\"https:\\\/\\\/maranhaotv.com.br\\\/\"],\"url\":\"https:\\\/\\\/maranhaotv.com.br\\\/index.php\\\/author\\\/maranhaotv\\\/\"}]}<\/script>\n<!-- \/ Yoast SEO plugin. -->","yoast_head_json":{"title":"O badalado Lucas Bessa marca presen\u00e7a no Pal\u00e1cio Mandarim - NOT\u00cdCIAS EM TEMPO REAL","robots":{"index":"index","follow":"follow","max-snippet":"max-snippet:-1","max-image-preview":"max-image-preview:large","max-video-preview":"max-video-preview:-1"},"canonical":"https:\/\/maranhaotv.com.br\/index.php\/2025\/07\/22\/o-badalado-lucas-bessa-marca-presenca-no-palacio-mandarim\/","og_locale":"pt_BR","og_type":"article","og_title":"O badalado Lucas Bessa marca presen\u00e7a no Pal\u00e1cio Mandarim - NOT\u00cdCIAS EM TEMPO REAL","og_description":"O badalado influencer Lucas Bessa marcou presen\u00e7a e curtiu em grande estilo ao lado dos amigos a Balada Pal\u00e1cio Mandarim!Lucas","og_url":"https:\/\/maranhaotv.com.br\/index.php\/2025\/07\/22\/o-badalado-lucas-bessa-marca-presenca-no-palacio-mandarim\/","og_site_name":"NOT\u00cdCIAS EM TEMPO REAL","article_publisher":"https:\/\/www.facebook.com\/maiobaotv","article_published_time":"2025-07-22T10:27:16+00:00","article_modified_time":"2025-07-23T03:47:44+00:00","og_image":[{"width":716,"height":569,"url":"https:\/\/maranhaotv.com.br\/wp-content\/uploads\/2025\/07\/IMG-20250722-WA0024.jpg","type":"image\/jpeg"}],"author":"maranhaotv","twitter_card":"summary_large_image","twitter_creator":"@sitemaranhaotv","twitter_site":"@sitemaranhaotv","twitter_misc":{"Escrito por":"maranhaotv","Est. tempo de leitura":"2 minutos"},"schema":{"@context":"https:\/\/schema.org","@graph":[{"@type":"Article","@id":"https:\/\/maranhaotv.com.br\/index.php\/2025\/07\/22\/o-badalado-lucas-bessa-marca-presenca-no-palacio-mandarim\/#article","isPartOf":{"@id":"https:\/\/maranhaotv.com.br\/index.php\/2025\/07\/22\/o-badalado-lucas-bessa-marca-presenca-no-palacio-mandarim\/"},"author":{"name":"maranhaotv","@id":"https:\/\/maranhaotv.com.br\/#\/schema\/person\/3d54238e86b20bb5c89ab2fdb8f8829a"},"headline":"O badalado Lucas Bessa marca presen\u00e7a no Pal\u00e1cio Mandarim","datePublished":"2025-07-22T10:27:16+00:00","dateModified":"2025-07-23T03:47:44+00:00","mainEntityOfPage":{"@id":"https:\/\/maranhaotv.com.br\/index.php\/2025\/07\/22\/o-badalado-lucas-bessa-marca-presenca-no-palacio-mandarim\/"},"wordCount":320,"publisher":{"@id":"https:\/\/maranhaotv.com.br\/#organization"},"image":{"@id":"https:\/\/maranhaotv.com.br\/index.php\/2025\/07\/22\/o-badalado-lucas-bessa-marca-presenca-no-palacio-mandarim\/#primaryimage"},"thumbnailUrl":"https:\/\/maranhaotv.com.br\/wp-content\/uploads\/2025\/07\/IMG-20250722-WA0024.jpg","keywords":["Influenciador Lucas Bessa","Lucas Bessa"],"articleSection":["entretenimento"],"inLanguage":"pt-BR"},{"@type":"WebPage","@id":"https:\/\/maranhaotv.com.br\/index.php\/2025\/07\/22\/o-badalado-lucas-bessa-marca-presenca-no-palacio-mandarim\/","url":"https:\/\/maranhaotv.com.br\/index.php\/2025\/07\/22\/o-badalado-lucas-bessa-marca-presenca-no-palacio-mandarim\/","name":"O badalado Lucas Bessa marca presen\u00e7a no Pal\u00e1cio Mandarim - NOT\u00cdCIAS EM TEMPO REAL","isPartOf":{"@id":"https:\/\/maranhaotv.com.br\/#website"},"primaryImageOfPage":{"@id":"https:\/\/maranhaotv.com.br\/index.php\/2025\/07\/22\/o-badalado-lucas-bessa-marca-presenca-no-palacio-mandarim\/#primaryimage"},"image":{"@id":"https:\/\/maranhaotv.com.br\/index.php\/2025\/07\/22\/o-badalado-lucas-bessa-marca-presenca-no-palacio-mandarim\/#primaryimage"},"thumbnailUrl":"https:\/\/maranhaotv.com.br\/wp-content\/uploads\/2025\/07\/IMG-20250722-WA0024.jpg","datePublished":"2025-07-22T10:27:16+00:00","dateModified":"2025-07-23T03:47:44+00:00","breadcrumb":{"@id":"https:\/\/maranhaotv.com.br\/index.php\/2025\/07\/22\/o-badalado-lucas-bessa-marca-presenca-no-palacio-mandarim\/#breadcrumb"},"inLanguage":"pt-BR","potentialAction":[{"@type":"ReadAction","target":["https:\/\/maranhaotv.com.br\/index.php\/2025\/07\/22\/o-badalado-lucas-bessa-marca-presenca-no-palacio-mandarim\/"]}]},{"@type":"ImageObject","inLanguage":"pt-BR","@id":"https:\/\/maranhaotv.com.br\/index.php\/2025\/07\/22\/o-badalado-lucas-bessa-marca-presenca-no-palacio-mandarim\/#primaryimage","url":"https:\/\/maranhaotv.com.br\/wp-content\/uploads\/2025\/07\/IMG-20250722-WA0024.jpg","contentUrl":"https:\/\/maranhaotv.com.br\/wp-content\/uploads\/2025\/07\/IMG-20250722-WA0024.jpg","width":716,"height":569},{"@type":"BreadcrumbList","@id":"https:\/\/maranhaotv.com.br\/index.php\/2025\/07\/22\/o-badalado-lucas-bessa-marca-presenca-no-palacio-mandarim\/#breadcrumb","itemListElement":[{"@type":"ListItem","position":1,"name":"In\u00edcio","item":"https:\/\/maranhaotv.com.br\/"},{"@type":"ListItem","position":2,"name":"O badalado Lucas Bessa marca presen\u00e7a no Pal\u00e1cio Mandarim"}]},{"@type":"WebSite","@id":"https:\/\/maranhaotv.com.br\/#website","url":"https:\/\/maranhaotv.com.br\/","name":"Maranh\u00e3oTV","description":"","publisher":{"@id":"https:\/\/maranhaotv.com.br\/#organization"},"potentialAction":[{"@type":"SearchAction","target":{"@type":"EntryPoint","urlTemplate":"https:\/\/maranhaotv.com.br\/?s={search_term_string}"},"query-input":{"@type":"PropertyValueSpecification","valueRequired":true,"valueName":"search_term_string"}}],"inLanguage":"pt-BR"},{"@type":"Organization","@id":"https:\/\/maranhaotv.com.br\/#organization","name":"Portal de Not\u00edcias","url":"https:\/\/maranhaotv.com.br\/","logo":{"@type":"ImageObject","inLanguage":"pt-BR","@id":"https:\/\/maranhaotv.com.br\/#\/schema\/logo\/image\/","url":"https:\/\/maranhaotv.com.br\/wp-content\/uploads\/2024\/05\/cropped-cropped-avatar-1.png","contentUrl":"https:\/\/maranhaotv.com.br\/wp-content\/uploads\/2024\/05\/cropped-cropped-avatar-1.png","width":792,"height":428,"caption":"Portal de Not\u00edcias"},"image":{"@id":"https:\/\/maranhaotv.com.br\/#\/schema\/logo\/image\/"},"sameAs":["https:\/\/www.facebook.com\/maiobaotv","https:\/\/x.com\/sitemaranhaotv","https:\/\/www.instagram.com\/maranhao.tv","https:\/\/www.threads.net\/@maranhao.tv"]},{"@type":"Person","@id":"https:\/\/maranhaotv.com.br\/#\/schema\/person\/3d54238e86b20bb5c89ab2fdb8f8829a","name":"maranhaotv","image":{"@type":"ImageObject","inLanguage":"pt-BR","@id":"https:\/\/secure.gravatar.com\/avatar\/8fadbca458d4cb68b1dd399ae9a40618d747bb1af65ac9fad21c89220a143eb4?s=96&d=mm&r=g","url":"https:\/\/secure.gravatar.com\/avatar\/8fadbca458d4cb68b1dd399ae9a40618d747bb1af65ac9fad21c89220a143eb4?s=96&d=mm&r=g","contentUrl":"https:\/\/secure.gravatar.com\/avatar\/8fadbca458d4cb68b1dd399ae9a40618d747bb1af65ac9fad21c89220a143eb4?s=96&d=mm&r=g","caption":"maranhaotv"},"sameAs":["https:\/\/maranhaotv.com.br\/"],"url":"https:\/\/maranhaotv.com.br\/index.php\/author\/maranhaotv\/"}]}},"jetpack_featured_media_url":"https:\/\/maranhaotv.com.br\/wp-content\/uploads\/2025\/07\/IMG-20250722-WA0024.jpg","jetpack_sharing_enabled":true,"_links":{"self":[{"href":"https:\/\/maranhaotv.com.br\/index.php\/wp-json\/wp\/v2\/posts\/43287","targetHints":{"allow":["GET"]}}],"collection":[{"href":"https:\/\/maranhaotv.com.br\/index.php\/wp-json\/wp\/v2\/posts"}],"about":[{"href":"https:\/\/maranhaotv.com.br\/index.php\/wp-json\/wp\/v2\/types\/post"}],"author":[{"embeddable":true,"href":"https:\/\/maranhaotv.com.br\/index.php\/wp-json\/wp\/v2\/users\/2"}],"replies":[{"embeddable":true,"href":"https:\/\/maranhaotv.com.br\/index.php\/wp-json\/wp\/v2\/comments?post=43287"}],"version-history":[{"count":3,"href":"https:\/\/maranhaotv.com.br\/index.php\/wp-json\/wp\/v2\/posts\/43287\/revisions"}],"predecessor-version":[{"id":43301,"href":"https:\/\/maranhaotv.com.br\/index.php\/wp-json\/wp\/v2\/posts\/43287\/revisions\/43301"}],"wp:featuredmedia":[{"embeddable":true,"href":"https:\/\/maranhaotv.com.br\/index.php\/wp-json\/wp\/v2\/media\/43289"}],"wp:attachment":[{"href":"https:\/\/maranhaotv.com.br\/index.php\/wp-json\/wp\/v2\/media?parent=43287"}],"wp:term":[{"taxonomy":"category","embeddable":true,"href":"https:\/\/maranhaotv.com.br\/index.php\/wp-json\/wp\/v2\/categories?post=43287"},{"taxonomy":"post_tag","embeddable":true,"href":"https:\/\/maranhaotv.com.br\/index.php\/wp-json\/wp\/v2\/tags?post=43287"}],"curies":[{"name":"wp","href":"https:\/\/api.w.org\/{rel}","templated":true}]}}