{"id":43306,"date":"2025-07-23T13:57:12","date_gmt":"2025-07-23T16:57:12","guid":{"rendered":"https:\/\/maranhaotv.com.br\/?p=43306"},"modified":"2025-07-23T13:57:12","modified_gmt":"2025-07-23T16:57:12","slug":"julho-amarelo-hepatites-virais-podem-apresentar-sintomas-inespecificos-e-demandam-atencao-redobrada","status":"publish","type":"post","link":"https:\/\/maranhaotv.com.br\/index.php\/2025\/07\/23\/julho-amarelo-hepatites-virais-podem-apresentar-sintomas-inespecificos-e-demandam-atencao-redobrada\/","title":{"rendered":"Julho amarelo: hepatites virais podem apresentar sintomas inespec\u00edficos e demandam aten\u00e7\u00e3o redobrada"},"content":{"rendered":"\n<p><br><em>Especialista aponta cuidados preventivos e refor\u00e7a import\u00e2ncia do diagn\u00f3stico precoce<\/em><\/p>\n\n\n\n<p>Com a chegada de julho, m\u00eas dedicado \u00e0 conscientiza\u00e7\u00e3o sobre hepatites virais, \u00e9 essencial destacar a import\u00e2ncia da preven\u00e7\u00e3o, da testagem, da vacina\u00e7\u00e3o e do tratamento adequado. Silenciosas e, algumas vezes, assintom\u00e1ticas, as hepatites atingem milhares de pessoas todos os anos, muitas sem saber que est\u00e3o contaminadas. Por isso, manter-se atento e informado \u00e9 imprescind\u00edvel.\u202f\u202f\u202f<\/p>\n\n\n\n<p>Segundo o hepatologista da Hapvida, Allan R\u00eago, os sintomas iniciais podem ser confundidos com viroses comuns. \u201cMuitos casos apresentam sinais inespec\u00edficos, como febre, dores no corpo e mal-estar. Mas icter\u00edcia (olho amarelo), col\u00faria (urina escura), hipocolia fecal (fezes claras), al\u00e9m de dor abdominal, principalmente no lado direito do abd\u00f4men, que corresponde \u00e0 regi\u00e3o do f\u00edgado, s\u00e3o t\u00edpicas das hepatites e devem ser levadas a s\u00e9rio\u201d, alerta.\u202f\u202f\u202f<\/p>\n\n\n\n<p>Entre os tipos de hepatite, a C desperta aten\u00e7\u00e3o pelas suas formas de transmiss\u00e3o, que ocorrem pelo contato com sangue contaminado, especialmente por meio do compartilhamento de instrumentos contratantes e perfurantes, como agulhas, seringas, alicates de unha e materiais para tatuagem. \u202f<\/p>\n\n\n\n<p>Em paralelo, a hepatite A, associada \u00e0 transmiss\u00e3o fecal-oral, afeta principalmente popula\u00e7\u00f5es com acesso prec\u00e1rio a saneamento b\u00e1sico. \u201c\u00c9 essencial manter os cuidados com a higiene das m\u00e3os e dos alimentos, especialmente em locais compartilhados\u201d, orienta o hepatologista. J\u00e1 a hepatite B \u00e9 sexualmente transmiss\u00edvel e, tamb\u00e9m, passada de m\u00e3e para filho durante o parto, pelo contato com sangue infectado.\u202f\u202f<\/p>\n\n\n\n<p>\u201cA hepatite A \u00e9 transmitida principalmente pelas fezes, e a transmiss\u00e3o pela saliva \u00e9 pouco documentada. J\u00e1 as hepatites B e C t\u00eam vias de cont\u00e1gio mais bem definidas, como a sexual e a sangu\u00ednea\u201d, resume.\u202f<\/p>\n\n\n\n<p>A vacina\u00e7\u00e3o tamb\u00e9m \u00e9 ponto de aten\u00e7\u00e3o. \u00c9 importante, nesse sentido, consultar as informa\u00e7\u00f5es disponibilizadas pelo Minist\u00e9rio da Sa\u00fade. \u201c\u00c9 preciso cumprir os protocolos vacinais de forma adequada para garantir a imunidade\u201d, destaca.<\/p>\n\n\n\n<p>Para pessoas que j\u00e1 tiveram contato com \u00e1gua potencialmente contaminada, especialmente em situa\u00e7\u00f5es de enchentes ou alagamentos, \u00e9 essencial verificar a imunidade contra a hepatite A. Segundo Allan R\u00eago, hepatologista da Hapvida, em muitos casos, a infec\u00e7\u00e3o pode ocorrer de forma assintom\u00e1tica, deixando o organismo naturalmente imune. No entanto, quem n\u00e3o possui essa prote\u00e7\u00e3o deve procurar a vacina\u00e7\u00e3o o quanto antes. \u201cOutros eventos clim\u00e1ticos extremos podem ocorrer, aumentando o risco de exposi\u00e7\u00e3o. A imuniza\u00e7\u00e3o \u00e9 uma medida eficaz e preventiva que protege contra futuras contamina\u00e7\u00f5es\u201d, refor\u00e7a o especialista.\u202f<\/p>\n\n\n\n<p>Assim, ampliar o acesso \u00e0 informa\u00e7\u00e3o, incentivar a testagem e refor\u00e7ar a import\u00e2ncia da vacina\u00e7\u00e3o s\u00e3o passos essenciais no enfrentamento \u00e0s hepatites virais. \u201cO Julho Amarelo precisa ir al\u00e9m da simbologia: deve ser um ponto de virada na conscientiza\u00e7\u00e3o e no cuidado com a sa\u00fade da popula\u00e7\u00e3o\u201d, conclui.<\/p>\n","protected":false},"excerpt":{"rendered":"<p>Especialista aponta cuidados preventivos e refor\u00e7a import\u00e2ncia do diagn\u00f3stico precoce Com a chegada de julho, m\u00eas dedicado \u00e0 conscientiza\u00e7\u00e3o sobre<\/p>\n","protected":false},"author":2,"featured_media":43305,"comment_status":"closed","ping_status":"open","sticky":false,"template":"","format":"standard","meta":{"colormag_page_container_layout":"default_layout","colormag_page_sidebar_layout":"default_layout","_jetpack_memberships_contains_paid_content":false,"footnotes":""},"categories":[1],"tags":[],"class_list":["post-43306","post","type-post","status-publish","format-standard","has-post-thumbnail","hentry","category-sem-categoria"],"magazineBlocksPostFeaturedMedia":{"thumbnail":"https:\/\/maranhaotv.com.br\/wp-content\/uploads\/2025\/07\/eeba9c5c-3114-4123-8af2-93d79557faf0-1-150x150.jpg","medium":"https:\/\/maranhaotv.com.br\/wp-content\/uploads\/2025\/07\/eeba9c5c-3114-4123-8af2-93d79557faf0-1-300x207.jpg","medium_large":"https:\/\/maranhaotv.com.br\/wp-content\/uploads\/2025\/07\/eeba9c5c-3114-4123-8af2-93d79557faf0-1-768x530.jpg","large":"https:\/\/maranhaotv.com.br\/wp-content\/uploads\/2025\/07\/eeba9c5c-3114-4123-8af2-93d79557faf0-1-1024x707.jpg","1536x1536":"https:\/\/maranhaotv.com.br\/wp-content\/uploads\/2025\/07\/eeba9c5c-3114-4123-8af2-93d79557faf0-1-1536x1061.jpg","2048x2048":"https:\/\/maranhaotv.com.br\/wp-content\/uploads\/2025\/07\/eeba9c5c-3114-4123-8af2-93d79557faf0-1.jpg","colormag-highlighted-post":"https:\/\/maranhaotv.com.br\/wp-content\/uploads\/2025\/07\/eeba9c5c-3114-4123-8af2-93d79557faf0-1-392x272.jpg","colormag-featured-post-medium":"https:\/\/maranhaotv.com.br\/wp-content\/uploads\/2025\/07\/eeba9c5c-3114-4123-8af2-93d79557faf0-1-390x205.jpg","colormag-featured-post-small":"https:\/\/maranhaotv.com.br\/wp-content\/uploads\/2025\/07\/eeba9c5c-3114-4123-8af2-93d79557faf0-1-130x90.jpg","colormag-featured-image":"https:\/\/maranhaotv.com.br\/wp-content\/uploads\/2025\/07\/eeba9c5c-3114-4123-8af2-93d79557faf0-1-800x445.jpg","colormag-default-news":"https:\/\/maranhaotv.com.br\/wp-content\/uploads\/2025\/07\/eeba9c5c-3114-4123-8af2-93d79557faf0-1-150x150.jpg","colormag-featured-image-large":"https:\/\/maranhaotv.com.br\/wp-content\/uploads\/2025\/07\/eeba9c5c-3114-4123-8af2-93d79557faf0-1-1400x600.jpg"},"magazineBlocksPostAuthor":{"name":"maranhaotv","avatar":"https:\/\/secure.gravatar.com\/avatar\/8fadbca458d4cb68b1dd399ae9a40618d747bb1af65ac9fad21c89220a143eb4?s=96&d=mm&r=g"},"magazineBlocksPostCommentsNumber":false,"magazineBlocksPostExcerpt":"Especialista aponta cuidados preventivos e refor\u00e7a import\u00e2ncia do diagn\u00f3stico precoce Com a chegada de julho, m\u00eas dedicado \u00e0 conscientiza\u00e7\u00e3o sobre","magazineBlocksPostCategories":["Diversos"],"magazineBlocksPostViewCount":404,"magazineBlocksPostReadTime":3,"magazine_blocks_featured_image_url":{"full":["https:\/\/maranhaotv.com.br\/wp-content\/uploads\/2025\/07\/eeba9c5c-3114-4123-8af2-93d79557faf0-1.jpg",1600,1105,false],"medium":["https:\/\/maranhaotv.com.br\/wp-content\/uploads\/2025\/07\/eeba9c5c-3114-4123-8af2-93d79557faf0-1-300x207.jpg",300,207,true],"thumbnail":["https:\/\/maranhaotv.com.br\/wp-content\/uploads\/2025\/07\/eeba9c5c-3114-4123-8af2-93d79557faf0-1-150x150.jpg",150,150,true]},"magazine_blocks_author":{"display_name":"maranhaotv","author_link":"https:\/\/maranhaotv.com.br\/index.php\/author\/maranhaotv\/"},"magazine_blocks_comment":0,"magazine_blocks_author_image":"https:\/\/secure.gravatar.com\/avatar\/8fadbca458d4cb68b1dd399ae9a40618d747bb1af65ac9fad21c89220a143eb4?s=96&d=mm&r=g","magazine_blocks_category":"<a href=\"#\" class=\"category-link category-link-1\">Diversos<\/a>","yoast_head":"<!-- This site is optimized with the Yoast SEO plugin v27.4 - https:\/\/yoast.com\/product\/yoast-seo-wordpress\/ -->\n<title>Julho amarelo: hepatites virais podem apresentar sintomas inespec\u00edficos e demandam aten\u00e7\u00e3o redobrada - NOT\u00cdCIAS EM TEMPO REAL<\/title>\n<meta name=\"robots\" content=\"index, follow, max-snippet:-1, max-image-preview:large, max-video-preview:-1\" \/>\n<link rel=\"canonical\" href=\"https:\/\/maranhaotv.com.br\/index.php\/2025\/07\/23\/julho-amarelo-hepatites-virais-podem-apresentar-sintomas-inespecificos-e-demandam-atencao-redobrada\/\" \/>\n<meta property=\"og:locale\" content=\"pt_BR\" \/>\n<meta property=\"og:type\" content=\"article\" \/>\n<meta property=\"og:title\" content=\"Julho amarelo: hepatites virais podem apresentar sintomas inespec\u00edficos e demandam aten\u00e7\u00e3o redobrada - NOT\u00cdCIAS EM TEMPO REAL\" \/>\n<meta property=\"og:description\" content=\"Especialista aponta cuidados preventivos e refor\u00e7a import\u00e2ncia do diagn\u00f3stico precoce Com a chegada de julho, m\u00eas dedicado \u00e0 conscientiza\u00e7\u00e3o sobre\" \/>\n<meta property=\"og:url\" content=\"https:\/\/maranhaotv.com.br\/index.php\/2025\/07\/23\/julho-amarelo-hepatites-virais-podem-apresentar-sintomas-inespecificos-e-demandam-atencao-redobrada\/\" \/>\n<meta property=\"og:site_name\" content=\"NOT\u00cdCIAS EM TEMPO REAL\" \/>\n<meta property=\"article:publisher\" content=\"https:\/\/www.facebook.com\/maiobaotv\" \/>\n<meta property=\"article:published_time\" content=\"2025-07-23T16:57:12+00:00\" \/>\n<meta property=\"og:image\" content=\"https:\/\/maranhaotv.com.br\/wp-content\/uploads\/2025\/07\/eeba9c5c-3114-4123-8af2-93d79557faf0-1.jpg\" \/>\n\t<meta property=\"og:image:width\" content=\"1600\" \/>\n\t<meta property=\"og:image:height\" content=\"1105\" \/>\n\t<meta property=\"og:image:type\" content=\"image\/jpeg\" \/>\n<meta name=\"author\" content=\"maranhaotv\" \/>\n<meta name=\"twitter:card\" content=\"summary_large_image\" \/>\n<meta name=\"twitter:creator\" content=\"@sitemaranhaotv\" \/>\n<meta name=\"twitter:site\" content=\"@sitemaranhaotv\" \/>\n<meta name=\"twitter:label1\" content=\"Escrito por\" \/>\n\t<meta name=\"twitter:data1\" content=\"maranhaotv\" \/>\n\t<meta name=\"twitter:label2\" content=\"Est. tempo de leitura\" \/>\n\t<meta name=\"twitter:data2\" content=\"2 minutos\" \/>\n<script type=\"application\/ld+json\" class=\"yoast-schema-graph\">{\"@context\":\"https:\\\/\\\/schema.org\",\"@graph\":[{\"@type\":\"Article\",\"@id\":\"https:\\\/\\\/maranhaotv.com.br\\\/index.php\\\/2025\\\/07\\\/23\\\/julho-amarelo-hepatites-virais-podem-apresentar-sintomas-inespecificos-e-demandam-atencao-redobrada\\\/#article\",\"isPartOf\":{\"@id\":\"https:\\\/\\\/maranhaotv.com.br\\\/index.php\\\/2025\\\/07\\\/23\\\/julho-amarelo-hepatites-virais-podem-apresentar-sintomas-inespecificos-e-demandam-atencao-redobrada\\\/\"},\"author\":{\"name\":\"maranhaotv\",\"@id\":\"https:\\\/\\\/maranhaotv.com.br\\\/#\\\/schema\\\/person\\\/3d54238e86b20bb5c89ab2fdb8f8829a\"},\"headline\":\"Julho amarelo: hepatites virais podem apresentar sintomas inespec\u00edficos e demandam aten\u00e7\u00e3o redobrada\",\"datePublished\":\"2025-07-23T16:57:12+00:00\",\"mainEntityOfPage\":{\"@id\":\"https:\\\/\\\/maranhaotv.com.br\\\/index.php\\\/2025\\\/07\\\/23\\\/julho-amarelo-hepatites-virais-podem-apresentar-sintomas-inespecificos-e-demandam-atencao-redobrada\\\/\"},\"wordCount\":499,\"publisher\":{\"@id\":\"https:\\\/\\\/maranhaotv.com.br\\\/#organization\"},\"image\":{\"@id\":\"https:\\\/\\\/maranhaotv.com.br\\\/index.php\\\/2025\\\/07\\\/23\\\/julho-amarelo-hepatites-virais-podem-apresentar-sintomas-inespecificos-e-demandam-atencao-redobrada\\\/#primaryimage\"},\"thumbnailUrl\":\"https:\\\/\\\/maranhaotv.com.br\\\/wp-content\\\/uploads\\\/2025\\\/07\\\/eeba9c5c-3114-4123-8af2-93d79557faf0-1.jpg\",\"articleSection\":[\"Diversos\"],\"inLanguage\":\"pt-BR\"},{\"@type\":\"WebPage\",\"@id\":\"https:\\\/\\\/maranhaotv.com.br\\\/index.php\\\/2025\\\/07\\\/23\\\/julho-amarelo-hepatites-virais-podem-apresentar-sintomas-inespecificos-e-demandam-atencao-redobrada\\\/\",\"url\":\"https:\\\/\\\/maranhaotv.com.br\\\/index.php\\\/2025\\\/07\\\/23\\\/julho-amarelo-hepatites-virais-podem-apresentar-sintomas-inespecificos-e-demandam-atencao-redobrada\\\/\",\"name\":\"Julho amarelo: hepatites virais podem apresentar sintomas inespec\u00edficos e demandam aten\u00e7\u00e3o redobrada - NOT\u00cdCIAS EM TEMPO REAL\",\"isPartOf\":{\"@id\":\"https:\\\/\\\/maranhaotv.com.br\\\/#website\"},\"primaryImageOfPage\":{\"@id\":\"https:\\\/\\\/maranhaotv.com.br\\\/index.php\\\/2025\\\/07\\\/23\\\/julho-amarelo-hepatites-virais-podem-apresentar-sintomas-inespecificos-e-demandam-atencao-redobrada\\\/#primaryimage\"},\"image\":{\"@id\":\"https:\\\/\\\/maranhaotv.com.br\\\/index.php\\\/2025\\\/07\\\/23\\\/julho-amarelo-hepatites-virais-podem-apresentar-sintomas-inespecificos-e-demandam-atencao-redobrada\\\/#primaryimage\"},\"thumbnailUrl\":\"https:\\\/\\\/maranhaotv.com.br\\\/wp-content\\\/uploads\\\/2025\\\/07\\\/eeba9c5c-3114-4123-8af2-93d79557faf0-1.jpg\",\"datePublished\":\"2025-07-23T16:57:12+00:00\",\"breadcrumb\":{\"@id\":\"https:\\\/\\\/maranhaotv.com.br\\\/index.php\\\/2025\\\/07\\\/23\\\/julho-amarelo-hepatites-virais-podem-apresentar-sintomas-inespecificos-e-demandam-atencao-redobrada\\\/#breadcrumb\"},\"inLanguage\":\"pt-BR\",\"potentialAction\":[{\"@type\":\"ReadAction\",\"target\":[\"https:\\\/\\\/maranhaotv.com.br\\\/index.php\\\/2025\\\/07\\\/23\\\/julho-amarelo-hepatites-virais-podem-apresentar-sintomas-inespecificos-e-demandam-atencao-redobrada\\\/\"]}]},{\"@type\":\"ImageObject\",\"inLanguage\":\"pt-BR\",\"@id\":\"https:\\\/\\\/maranhaotv.com.br\\\/index.php\\\/2025\\\/07\\\/23\\\/julho-amarelo-hepatites-virais-podem-apresentar-sintomas-inespecificos-e-demandam-atencao-redobrada\\\/#primaryimage\",\"url\":\"https:\\\/\\\/maranhaotv.com.br\\\/wp-content\\\/uploads\\\/2025\\\/07\\\/eeba9c5c-3114-4123-8af2-93d79557faf0-1.jpg\",\"contentUrl\":\"https:\\\/\\\/maranhaotv.com.br\\\/wp-content\\\/uploads\\\/2025\\\/07\\\/eeba9c5c-3114-4123-8af2-93d79557faf0-1.jpg\",\"width\":1600,\"height\":1105},{\"@type\":\"BreadcrumbList\",\"@id\":\"https:\\\/\\\/maranhaotv.com.br\\\/index.php\\\/2025\\\/07\\\/23\\\/julho-amarelo-hepatites-virais-podem-apresentar-sintomas-inespecificos-e-demandam-atencao-redobrada\\\/#breadcrumb\",\"itemListElement\":[{\"@type\":\"ListItem\",\"position\":1,\"name\":\"In\u00edcio\",\"item\":\"https:\\\/\\\/maranhaotv.com.br\\\/\"},{\"@type\":\"ListItem\",\"position\":2,\"name\":\"Julho amarelo: hepatites virais podem apresentar sintomas inespec\u00edficos e demandam aten\u00e7\u00e3o redobrada\"}]},{\"@type\":\"WebSite\",\"@id\":\"https:\\\/\\\/maranhaotv.com.br\\\/#website\",\"url\":\"https:\\\/\\\/maranhaotv.com.br\\\/\",\"name\":\"Maranh\u00e3oTV\",\"description\":\"\",\"publisher\":{\"@id\":\"https:\\\/\\\/maranhaotv.com.br\\\/#organization\"},\"potentialAction\":[{\"@type\":\"SearchAction\",\"target\":{\"@type\":\"EntryPoint\",\"urlTemplate\":\"https:\\\/\\\/maranhaotv.com.br\\\/?s={search_term_string}\"},\"query-input\":{\"@type\":\"PropertyValueSpecification\",\"valueRequired\":true,\"valueName\":\"search_term_string\"}}],\"inLanguage\":\"pt-BR\"},{\"@type\":\"Organization\",\"@id\":\"https:\\\/\\\/maranhaotv.com.br\\\/#organization\",\"name\":\"Portal de Not\u00edcias\",\"url\":\"https:\\\/\\\/maranhaotv.com.br\\\/\",\"logo\":{\"@type\":\"ImageObject\",\"inLanguage\":\"pt-BR\",\"@id\":\"https:\\\/\\\/maranhaotv.com.br\\\/#\\\/schema\\\/logo\\\/image\\\/\",\"url\":\"https:\\\/\\\/maranhaotv.com.br\\\/wp-content\\\/uploads\\\/2024\\\/05\\\/cropped-cropped-avatar-1.png\",\"contentUrl\":\"https:\\\/\\\/maranhaotv.com.br\\\/wp-content\\\/uploads\\\/2024\\\/05\\\/cropped-cropped-avatar-1.png\",\"width\":792,\"height\":428,\"caption\":\"Portal de Not\u00edcias\"},\"image\":{\"@id\":\"https:\\\/\\\/maranhaotv.com.br\\\/#\\\/schema\\\/logo\\\/image\\\/\"},\"sameAs\":[\"https:\\\/\\\/www.facebook.com\\\/maiobaotv\",\"https:\\\/\\\/x.com\\\/sitemaranhaotv\",\"https:\\\/\\\/www.instagram.com\\\/maranhao.tv\",\"https:\\\/\\\/www.threads.net\\\/@maranhao.tv\"]},{\"@type\":\"Person\",\"@id\":\"https:\\\/\\\/maranhaotv.com.br\\\/#\\\/schema\\\/person\\\/3d54238e86b20bb5c89ab2fdb8f8829a\",\"name\":\"maranhaotv\",\"image\":{\"@type\":\"ImageObject\",\"inLanguage\":\"pt-BR\",\"@id\":\"https:\\\/\\\/secure.gravatar.com\\\/avatar\\\/8fadbca458d4cb68b1dd399ae9a40618d747bb1af65ac9fad21c89220a143eb4?s=96&d=mm&r=g\",\"url\":\"https:\\\/\\\/secure.gravatar.com\\\/avatar\\\/8fadbca458d4cb68b1dd399ae9a40618d747bb1af65ac9fad21c89220a143eb4?s=96&d=mm&r=g\",\"contentUrl\":\"https:\\\/\\\/secure.gravatar.com\\\/avatar\\\/8fadbca458d4cb68b1dd399ae9a40618d747bb1af65ac9fad21c89220a143eb4?s=96&d=mm&r=g\",\"caption\":\"maranhaotv\"},\"sameAs\":[\"https:\\\/\\\/maranhaotv.com.br\\\/\"],\"url\":\"https:\\\/\\\/maranhaotv.com.br\\\/index.php\\\/author\\\/maranhaotv\\\/\"}]}<\/script>\n<!-- \/ Yoast SEO plugin. -->","yoast_head_json":{"title":"Julho amarelo: hepatites virais podem apresentar sintomas inespec\u00edficos e demandam aten\u00e7\u00e3o redobrada - NOT\u00cdCIAS EM TEMPO REAL","robots":{"index":"index","follow":"follow","max-snippet":"max-snippet:-1","max-image-preview":"max-image-preview:large","max-video-preview":"max-video-preview:-1"},"canonical":"https:\/\/maranhaotv.com.br\/index.php\/2025\/07\/23\/julho-amarelo-hepatites-virais-podem-apresentar-sintomas-inespecificos-e-demandam-atencao-redobrada\/","og_locale":"pt_BR","og_type":"article","og_title":"Julho amarelo: hepatites virais podem apresentar sintomas inespec\u00edficos e demandam aten\u00e7\u00e3o redobrada - NOT\u00cdCIAS EM TEMPO REAL","og_description":"Especialista aponta cuidados preventivos e refor\u00e7a import\u00e2ncia do diagn\u00f3stico precoce Com a chegada de julho, m\u00eas dedicado \u00e0 conscientiza\u00e7\u00e3o sobre","og_url":"https:\/\/maranhaotv.com.br\/index.php\/2025\/07\/23\/julho-amarelo-hepatites-virais-podem-apresentar-sintomas-inespecificos-e-demandam-atencao-redobrada\/","og_site_name":"NOT\u00cdCIAS EM TEMPO REAL","article_publisher":"https:\/\/www.facebook.com\/maiobaotv","article_published_time":"2025-07-23T16:57:12+00:00","og_image":[{"width":1600,"height":1105,"url":"https:\/\/maranhaotv.com.br\/wp-content\/uploads\/2025\/07\/eeba9c5c-3114-4123-8af2-93d79557faf0-1.jpg","type":"image\/jpeg"}],"author":"maranhaotv","twitter_card":"summary_large_image","twitter_creator":"@sitemaranhaotv","twitter_site":"@sitemaranhaotv","twitter_misc":{"Escrito por":"maranhaotv","Est. tempo de leitura":"2 minutos"},"schema":{"@context":"https:\/\/schema.org","@graph":[{"@type":"Article","@id":"https:\/\/maranhaotv.com.br\/index.php\/2025\/07\/23\/julho-amarelo-hepatites-virais-podem-apresentar-sintomas-inespecificos-e-demandam-atencao-redobrada\/#article","isPartOf":{"@id":"https:\/\/maranhaotv.com.br\/index.php\/2025\/07\/23\/julho-amarelo-hepatites-virais-podem-apresentar-sintomas-inespecificos-e-demandam-atencao-redobrada\/"},"author":{"name":"maranhaotv","@id":"https:\/\/maranhaotv.com.br\/#\/schema\/person\/3d54238e86b20bb5c89ab2fdb8f8829a"},"headline":"Julho amarelo: hepatites virais podem apresentar sintomas inespec\u00edficos e demandam aten\u00e7\u00e3o redobrada","datePublished":"2025-07-23T16:57:12+00:00","mainEntityOfPage":{"@id":"https:\/\/maranhaotv.com.br\/index.php\/2025\/07\/23\/julho-amarelo-hepatites-virais-podem-apresentar-sintomas-inespecificos-e-demandam-atencao-redobrada\/"},"wordCount":499,"publisher":{"@id":"https:\/\/maranhaotv.com.br\/#organization"},"image":{"@id":"https:\/\/maranhaotv.com.br\/index.php\/2025\/07\/23\/julho-amarelo-hepatites-virais-podem-apresentar-sintomas-inespecificos-e-demandam-atencao-redobrada\/#primaryimage"},"thumbnailUrl":"https:\/\/maranhaotv.com.br\/wp-content\/uploads\/2025\/07\/eeba9c5c-3114-4123-8af2-93d79557faf0-1.jpg","articleSection":["Diversos"],"inLanguage":"pt-BR"},{"@type":"WebPage","@id":"https:\/\/maranhaotv.com.br\/index.php\/2025\/07\/23\/julho-amarelo-hepatites-virais-podem-apresentar-sintomas-inespecificos-e-demandam-atencao-redobrada\/","url":"https:\/\/maranhaotv.com.br\/index.php\/2025\/07\/23\/julho-amarelo-hepatites-virais-podem-apresentar-sintomas-inespecificos-e-demandam-atencao-redobrada\/","name":"Julho amarelo: hepatites virais podem apresentar sintomas inespec\u00edficos e demandam aten\u00e7\u00e3o redobrada - NOT\u00cdCIAS EM TEMPO REAL","isPartOf":{"@id":"https:\/\/maranhaotv.com.br\/#website"},"primaryImageOfPage":{"@id":"https:\/\/maranhaotv.com.br\/index.php\/2025\/07\/23\/julho-amarelo-hepatites-virais-podem-apresentar-sintomas-inespecificos-e-demandam-atencao-redobrada\/#primaryimage"},"image":{"@id":"https:\/\/maranhaotv.com.br\/index.php\/2025\/07\/23\/julho-amarelo-hepatites-virais-podem-apresentar-sintomas-inespecificos-e-demandam-atencao-redobrada\/#primaryimage"},"thumbnailUrl":"https:\/\/maranhaotv.com.br\/wp-content\/uploads\/2025\/07\/eeba9c5c-3114-4123-8af2-93d79557faf0-1.jpg","datePublished":"2025-07-23T16:57:12+00:00","breadcrumb":{"@id":"https:\/\/maranhaotv.com.br\/index.php\/2025\/07\/23\/julho-amarelo-hepatites-virais-podem-apresentar-sintomas-inespecificos-e-demandam-atencao-redobrada\/#breadcrumb"},"inLanguage":"pt-BR","potentialAction":[{"@type":"ReadAction","target":["https:\/\/maranhaotv.com.br\/index.php\/2025\/07\/23\/julho-amarelo-hepatites-virais-podem-apresentar-sintomas-inespecificos-e-demandam-atencao-redobrada\/"]}]},{"@type":"ImageObject","inLanguage":"pt-BR","@id":"https:\/\/maranhaotv.com.br\/index.php\/2025\/07\/23\/julho-amarelo-hepatites-virais-podem-apresentar-sintomas-inespecificos-e-demandam-atencao-redobrada\/#primaryimage","url":"https:\/\/maranhaotv.com.br\/wp-content\/uploads\/2025\/07\/eeba9c5c-3114-4123-8af2-93d79557faf0-1.jpg","contentUrl":"https:\/\/maranhaotv.com.br\/wp-content\/uploads\/2025\/07\/eeba9c5c-3114-4123-8af2-93d79557faf0-1.jpg","width":1600,"height":1105},{"@type":"BreadcrumbList","@id":"https:\/\/maranhaotv.com.br\/index.php\/2025\/07\/23\/julho-amarelo-hepatites-virais-podem-apresentar-sintomas-inespecificos-e-demandam-atencao-redobrada\/#breadcrumb","itemListElement":[{"@type":"ListItem","position":1,"name":"In\u00edcio","item":"https:\/\/maranhaotv.com.br\/"},{"@type":"ListItem","position":2,"name":"Julho amarelo: hepatites virais podem apresentar sintomas inespec\u00edficos e demandam aten\u00e7\u00e3o redobrada"}]},{"@type":"WebSite","@id":"https:\/\/maranhaotv.com.br\/#website","url":"https:\/\/maranhaotv.com.br\/","name":"Maranh\u00e3oTV","description":"","publisher":{"@id":"https:\/\/maranhaotv.com.br\/#organization"},"potentialAction":[{"@type":"SearchAction","target":{"@type":"EntryPoint","urlTemplate":"https:\/\/maranhaotv.com.br\/?s={search_term_string}"},"query-input":{"@type":"PropertyValueSpecification","valueRequired":true,"valueName":"search_term_string"}}],"inLanguage":"pt-BR"},{"@type":"Organization","@id":"https:\/\/maranhaotv.com.br\/#organization","name":"Portal de Not\u00edcias","url":"https:\/\/maranhaotv.com.br\/","logo":{"@type":"ImageObject","inLanguage":"pt-BR","@id":"https:\/\/maranhaotv.com.br\/#\/schema\/logo\/image\/","url":"https:\/\/maranhaotv.com.br\/wp-content\/uploads\/2024\/05\/cropped-cropped-avatar-1.png","contentUrl":"https:\/\/maranhaotv.com.br\/wp-content\/uploads\/2024\/05\/cropped-cropped-avatar-1.png","width":792,"height":428,"caption":"Portal de Not\u00edcias"},"image":{"@id":"https:\/\/maranhaotv.com.br\/#\/schema\/logo\/image\/"},"sameAs":["https:\/\/www.facebook.com\/maiobaotv","https:\/\/x.com\/sitemaranhaotv","https:\/\/www.instagram.com\/maranhao.tv","https:\/\/www.threads.net\/@maranhao.tv"]},{"@type":"Person","@id":"https:\/\/maranhaotv.com.br\/#\/schema\/person\/3d54238e86b20bb5c89ab2fdb8f8829a","name":"maranhaotv","image":{"@type":"ImageObject","inLanguage":"pt-BR","@id":"https:\/\/secure.gravatar.com\/avatar\/8fadbca458d4cb68b1dd399ae9a40618d747bb1af65ac9fad21c89220a143eb4?s=96&d=mm&r=g","url":"https:\/\/secure.gravatar.com\/avatar\/8fadbca458d4cb68b1dd399ae9a40618d747bb1af65ac9fad21c89220a143eb4?s=96&d=mm&r=g","contentUrl":"https:\/\/secure.gravatar.com\/avatar\/8fadbca458d4cb68b1dd399ae9a40618d747bb1af65ac9fad21c89220a143eb4?s=96&d=mm&r=g","caption":"maranhaotv"},"sameAs":["https:\/\/maranhaotv.com.br\/"],"url":"https:\/\/maranhaotv.com.br\/index.php\/author\/maranhaotv\/"}]}},"jetpack_featured_media_url":"https:\/\/maranhaotv.com.br\/wp-content\/uploads\/2025\/07\/eeba9c5c-3114-4123-8af2-93d79557faf0-1.jpg","jetpack_sharing_enabled":true,"_links":{"self":[{"href":"https:\/\/maranhaotv.com.br\/index.php\/wp-json\/wp\/v2\/posts\/43306","targetHints":{"allow":["GET"]}}],"collection":[{"href":"https:\/\/maranhaotv.com.br\/index.php\/wp-json\/wp\/v2\/posts"}],"about":[{"href":"https:\/\/maranhaotv.com.br\/index.php\/wp-json\/wp\/v2\/types\/post"}],"author":[{"embeddable":true,"href":"https:\/\/maranhaotv.com.br\/index.php\/wp-json\/wp\/v2\/users\/2"}],"replies":[{"embeddable":true,"href":"https:\/\/maranhaotv.com.br\/index.php\/wp-json\/wp\/v2\/comments?post=43306"}],"version-history":[{"count":1,"href":"https:\/\/maranhaotv.com.br\/index.php\/wp-json\/wp\/v2\/posts\/43306\/revisions"}],"predecessor-version":[{"id":43307,"href":"https:\/\/maranhaotv.com.br\/index.php\/wp-json\/wp\/v2\/posts\/43306\/revisions\/43307"}],"wp:featuredmedia":[{"embeddable":true,"href":"https:\/\/maranhaotv.com.br\/index.php\/wp-json\/wp\/v2\/media\/43305"}],"wp:attachment":[{"href":"https:\/\/maranhaotv.com.br\/index.php\/wp-json\/wp\/v2\/media?parent=43306"}],"wp:term":[{"taxonomy":"category","embeddable":true,"href":"https:\/\/maranhaotv.com.br\/index.php\/wp-json\/wp\/v2\/categories?post=43306"},{"taxonomy":"post_tag","embeddable":true,"href":"https:\/\/maranhaotv.com.br\/index.php\/wp-json\/wp\/v2\/tags?post=43306"}],"curies":[{"name":"wp","href":"https:\/\/api.w.org\/{rel}","templated":true}]}}