{"id":43333,"date":"2025-07-25T21:29:43","date_gmt":"2025-07-26T00:29:43","guid":{"rendered":"https:\/\/maranhaotv.com.br\/?p=43333"},"modified":"2025-07-25T21:30:24","modified_gmt":"2025-07-26T00:30:24","slug":"ubs-da-pindoba-renasce-e-marca-8a-entrega-de-unidade-basica-de-saude-em-7-meses-de-gestao-de-fred-campos-em-paco-do-lumiar","status":"publish","type":"post","link":"https:\/\/maranhaotv.com.br\/index.php\/2025\/07\/25\/ubs-da-pindoba-renasce-e-marca-8a-entrega-de-unidade-basica-de-saude-em-7-meses-de-gestao-de-fred-campos-em-paco-do-lumiar\/","title":{"rendered":"UBS da Pindoba renasce e marca 8\u00aa entrega de unidade b\u00e1sica de sa\u00fade em 7 meses de gest\u00e3o de Fred Campos em Pa\u00e7o do Lumiar"},"content":{"rendered":"\n<p><br>Nesta sexta-feira (25), a comunidade da Pindoba ganhou um presente especial: a nova UBS do bairro, completamente reformada, climatizada e equipada para oferecer um atendimento muito mais digno e humano. A entrega foi realizada pelo prefeito Fred Campos, que em apenas sete meses de gest\u00e3o j\u00e1 transformou oito unidades de sa\u00fade em Pa\u00e7o do Lumiar, criando uma nova realidade para milhares de luminenses.<br><br>Localizada na Avenida Principal da Pindoba, a UBS agora conta com consult\u00f3rios modernos, sala de vacina\u00e7\u00e3o, consult\u00f3rio odontol\u00f3gico, farm\u00e1cia e muito mais. O espa\u00e7o, que antes era simples e limitado, hoje se tornou um ponto de cuidado e esperan\u00e7a para a popula\u00e7\u00e3o.<br><br>A cerim\u00f4nia reuniu a vice-prefeita Mariana Brand\u00e3o, a secret\u00e1ria de sa\u00fade Ana L\u00facia, vereadores, secret\u00e1rios municipais e dezenas de moradores que celebraram emocionados a conquista.<br><br>\u201cNunca pensei que veria nossa UBS desse jeito. Agora a gente vai ter um atendimento muito melhor e um espa\u00e7o de verdade pra cuidar da sa\u00fade da fam\u00edlia\u201d, disse emocionada Maria do Amparo, moradora da Pindoba h\u00e1 mais de 20 anos.<br><br>Com a reforma, a UBS passa a dispor de: Consult\u00f3rios m\u00e9dicos ampliados e modernizados; Consult\u00f3rio odontol\u00f3gico equipado; Sala de vacina\u00e7\u00e3o; Farm\u00e1cia; Sala de procedimentos; Audit\u00f3rio para palestras e capacita\u00e7\u00f5es; Salas administrativas reformadas.<br><br>Com esta obra, j\u00e1 s\u00e3o oito unidades de sa\u00fade entregues \u00e0 popula\u00e7\u00e3o em apenas sete meses de gest\u00e3o: Merc\u00eas, Copacabana, Vila S\u00e3o Jos\u00e9, Igua\u00edba, S\u00e3o Pedro (Pau Deitado), Tamba\u00fa, Itapera e agora Pindoba.<br><br>Ainda nesta sexta-feira, o prefeito tamb\u00e9m realizou a entrega de kits de fardamento para os Agentes Comunit\u00e1rios de Sa\u00fade e Agentes de Endemias, valorizando o trabalho di\u00e1rio desses profissionais junto \u00e0 comunidade.<br><br>Fred Campos destacou que a reestrutura\u00e7\u00e3o da UBS da Pindoba \u00e9 parte de um plano maior de investimentos em sa\u00fade, que j\u00e1 vem transformando o atendimento em diversas regi\u00f5es do munic\u00edpio.<br><br>&#8220;Entregar a nova UBS da Pindoba, que agora est\u00e1 toda reformada e climatizada, \u00e9 uma grande conquista para o nosso munic\u00edpio. Essa \u00e9 a oitava unidade de sa\u00fade que entregamos s\u00f3 este ano, mostrando que investir na sa\u00fade de Pa\u00e7o do Lumiar \u00e9 prioridade da nossa gest\u00e3o. Queremos garantir que cada luminense seja atendido com dignidade, conforto e qualidade\u201d, pontuou Fred.<\/p>\n\n\n\n<figure class=\"wp-block-image size-large\"><img loading=\"lazy\" decoding=\"async\" width=\"682\" height=\"1024\" src=\"https:\/\/maranhaotv.com.br\/wp-content\/uploads\/2025\/07\/img-20250725-wa0660406598664931630271-682x1024.jpg\" alt=\"\" class=\"wp-image-43327\" srcset=\"https:\/\/maranhaotv.com.br\/wp-content\/uploads\/2025\/07\/img-20250725-wa0660406598664931630271-682x1024.jpg 682w, https:\/\/maranhaotv.com.br\/wp-content\/uploads\/2025\/07\/img-20250725-wa0660406598664931630271-200x300.jpg 200w, https:\/\/maranhaotv.com.br\/wp-content\/uploads\/2025\/07\/img-20250725-wa0660406598664931630271-768x1153.jpg 768w, https:\/\/maranhaotv.com.br\/wp-content\/uploads\/2025\/07\/img-20250725-wa0660406598664931630271-1023x1536.jpg 1023w, https:\/\/maranhaotv.com.br\/wp-content\/uploads\/2025\/07\/img-20250725-wa0660406598664931630271.jpg 1066w\" sizes=\"auto, (max-width: 682px) 100vw, 682px\" \/><\/figure>\n\n\n\n<figure class=\"wp-block-image\"><img loading=\"lazy\" decoding=\"async\" width=\"1024\" height=\"682\" src=\"https:\/\/maranhaotv.com.br\/wp-content\/uploads\/2025\/07\/img-20250725-wa06577596993753490864888-1024x682.jpg\" alt=\"\" class=\"wp-image-43326\" srcset=\"https:\/\/maranhaotv.com.br\/wp-content\/uploads\/2025\/07\/img-20250725-wa06577596993753490864888-1024x682.jpg 1024w, https:\/\/maranhaotv.com.br\/wp-content\/uploads\/2025\/07\/img-20250725-wa06577596993753490864888-300x200.jpg 300w, https:\/\/maranhaotv.com.br\/wp-content\/uploads\/2025\/07\/img-20250725-wa06577596993753490864888-768x512.jpg 768w, https:\/\/maranhaotv.com.br\/wp-content\/uploads\/2025\/07\/img-20250725-wa06577596993753490864888-1536x1023.jpg 1536w, https:\/\/maranhaotv.com.br\/wp-content\/uploads\/2025\/07\/img-20250725-wa06577596993753490864888.jpg 1600w\" sizes=\"auto, (max-width: 1024px) 100vw, 1024px\" \/><\/figure>\n\n\n\n<figure class=\"wp-block-image\"><img loading=\"lazy\" decoding=\"async\" width=\"682\" height=\"1024\" src=\"https:\/\/maranhaotv.com.br\/wp-content\/uploads\/2025\/07\/img-20250725-wa06538809360935161040403-682x1024.jpg\" alt=\"\" class=\"wp-image-43325\" srcset=\"https:\/\/maranhaotv.com.br\/wp-content\/uploads\/2025\/07\/img-20250725-wa06538809360935161040403-682x1024.jpg 682w, https:\/\/maranhaotv.com.br\/wp-content\/uploads\/2025\/07\/img-20250725-wa06538809360935161040403-200x300.jpg 200w, https:\/\/maranhaotv.com.br\/wp-content\/uploads\/2025\/07\/img-20250725-wa06538809360935161040403-768x1153.jpg 768w, https:\/\/maranhaotv.com.br\/wp-content\/uploads\/2025\/07\/img-20250725-wa06538809360935161040403-1023x1536.jpg 1023w, https:\/\/maranhaotv.com.br\/wp-content\/uploads\/2025\/07\/img-20250725-wa06538809360935161040403.jpg 1066w\" sizes=\"auto, (max-width: 682px) 100vw, 682px\" \/><\/figure>\n\n\n\n<figure class=\"wp-block-image\"><img loading=\"lazy\" decoding=\"async\" width=\"1024\" height=\"682\" src=\"https:\/\/maranhaotv.com.br\/wp-content\/uploads\/2025\/07\/img-20250725-wa06596710289686314685384-1024x682.jpg\" alt=\"\" class=\"wp-image-43328\" srcset=\"https:\/\/maranhaotv.com.br\/wp-content\/uploads\/2025\/07\/img-20250725-wa06596710289686314685384-1024x682.jpg 1024w, https:\/\/maranhaotv.com.br\/wp-content\/uploads\/2025\/07\/img-20250725-wa06596710289686314685384-300x200.jpg 300w, https:\/\/maranhaotv.com.br\/wp-content\/uploads\/2025\/07\/img-20250725-wa06596710289686314685384-768x512.jpg 768w, https:\/\/maranhaotv.com.br\/wp-content\/uploads\/2025\/07\/img-20250725-wa06596710289686314685384-1536x1023.jpg 1536w, https:\/\/maranhaotv.com.br\/wp-content\/uploads\/2025\/07\/img-20250725-wa06596710289686314685384.jpg 1600w\" sizes=\"auto, (max-width: 1024px) 100vw, 1024px\" \/><\/figure>\n\n\n\n<figure class=\"wp-block-image\"><img loading=\"lazy\" decoding=\"async\" width=\"1024\" height=\"682\" src=\"https:\/\/maranhaotv.com.br\/wp-content\/uploads\/2025\/07\/img-20250725-wa065423854774068951891-1024x682.jpg\" alt=\"\" class=\"wp-image-43329\" srcset=\"https:\/\/maranhaotv.com.br\/wp-content\/uploads\/2025\/07\/img-20250725-wa065423854774068951891-1024x682.jpg 1024w, https:\/\/maranhaotv.com.br\/wp-content\/uploads\/2025\/07\/img-20250725-wa065423854774068951891-300x200.jpg 300w, https:\/\/maranhaotv.com.br\/wp-content\/uploads\/2025\/07\/img-20250725-wa065423854774068951891-768x512.jpg 768w, https:\/\/maranhaotv.com.br\/wp-content\/uploads\/2025\/07\/img-20250725-wa065423854774068951891-1536x1023.jpg 1536w, https:\/\/maranhaotv.com.br\/wp-content\/uploads\/2025\/07\/img-20250725-wa065423854774068951891.jpg 1600w\" sizes=\"auto, (max-width: 1024px) 100vw, 1024px\" \/><\/figure>\n\n\n\n<figure class=\"wp-block-image\"><img loading=\"lazy\" decoding=\"async\" width=\"1024\" height=\"682\" src=\"https:\/\/maranhaotv.com.br\/wp-content\/uploads\/2025\/07\/img-20250725-wa06615778314769131938587-1024x682.jpg\" alt=\"\" class=\"wp-image-43331\" srcset=\"https:\/\/maranhaotv.com.br\/wp-content\/uploads\/2025\/07\/img-20250725-wa06615778314769131938587-1024x682.jpg 1024w, https:\/\/maranhaotv.com.br\/wp-content\/uploads\/2025\/07\/img-20250725-wa06615778314769131938587-300x200.jpg 300w, https:\/\/maranhaotv.com.br\/wp-content\/uploads\/2025\/07\/img-20250725-wa06615778314769131938587-768x512.jpg 768w, https:\/\/maranhaotv.com.br\/wp-content\/uploads\/2025\/07\/img-20250725-wa06615778314769131938587-1536x1023.jpg 1536w, https:\/\/maranhaotv.com.br\/wp-content\/uploads\/2025\/07\/img-20250725-wa06615778314769131938587.jpg 1600w\" sizes=\"auto, (max-width: 1024px) 100vw, 1024px\" \/><\/figure>\n\n\n\n<figure class=\"wp-block-image\"><img loading=\"lazy\" decoding=\"async\" width=\"1024\" height=\"682\" src=\"https:\/\/maranhaotv.com.br\/wp-content\/uploads\/2025\/07\/img-20250725-wa06557582230367516539094-1024x682.jpg\" alt=\"\" class=\"wp-image-43330\" srcset=\"https:\/\/maranhaotv.com.br\/wp-content\/uploads\/2025\/07\/img-20250725-wa06557582230367516539094-1024x682.jpg 1024w, https:\/\/maranhaotv.com.br\/wp-content\/uploads\/2025\/07\/img-20250725-wa06557582230367516539094-300x200.jpg 300w, https:\/\/maranhaotv.com.br\/wp-content\/uploads\/2025\/07\/img-20250725-wa06557582230367516539094-768x512.jpg 768w, https:\/\/maranhaotv.com.br\/wp-content\/uploads\/2025\/07\/img-20250725-wa06557582230367516539094-1536x1023.jpg 1536w, https:\/\/maranhaotv.com.br\/wp-content\/uploads\/2025\/07\/img-20250725-wa06557582230367516539094.jpg 1600w\" sizes=\"auto, (max-width: 1024px) 100vw, 1024px\" \/><\/figure>\n","protected":false},"excerpt":{"rendered":"<p>Nesta sexta-feira (25), a comunidade da Pindoba ganhou um presente especial: a nova UBS do bairro, completamente reformada, climatizada e<\/p>\n","protected":false},"author":2,"featured_media":43332,"comment_status":"open","ping_status":"open","sticky":false,"template":"","format":"standard","meta":{"colormag_page_container_layout":"default_layout","colormag_page_sidebar_layout":"default_layout","_jetpack_memberships_contains_paid_content":false,"footnotes":""},"categories":[6],"tags":[],"class_list":["post-43333","post","type-post","status-publish","format-standard","has-post-thumbnail","hentry","category-politica"],"magazineBlocksPostFeaturedMedia":{"thumbnail":"https:\/\/maranhaotv.com.br\/wp-content\/uploads\/2025\/07\/image_editor_output_image182424502-1753489775257-150x150.jpg","medium":"https:\/\/maranhaotv.com.br\/wp-content\/uploads\/2025\/07\/image_editor_output_image182424502-1753489775257-300x200.jpg","medium_large":"https:\/\/maranhaotv.com.br\/wp-content\/uploads\/2025\/07\/image_editor_output_image182424502-1753489775257-768x512.jpg","large":"https:\/\/maranhaotv.com.br\/wp-content\/uploads\/2025\/07\/image_editor_output_image182424502-1753489775257-1024x682.jpg","1536x1536":"https:\/\/maranhaotv.com.br\/wp-content\/uploads\/2025\/07\/image_editor_output_image182424502-1753489775257-1536x1023.jpg","2048x2048":"https:\/\/maranhaotv.com.br\/wp-content\/uploads\/2025\/07\/image_editor_output_image182424502-1753489775257.jpg","colormag-highlighted-post":"https:\/\/maranhaotv.com.br\/wp-content\/uploads\/2025\/07\/image_editor_output_image182424502-1753489775257-392x272.jpg","colormag-featured-post-medium":"https:\/\/maranhaotv.com.br\/wp-content\/uploads\/2025\/07\/image_editor_output_image182424502-1753489775257-390x205.jpg","colormag-featured-post-small":"https:\/\/maranhaotv.com.br\/wp-content\/uploads\/2025\/07\/image_editor_output_image182424502-1753489775257-130x90.jpg","colormag-featured-image":"https:\/\/maranhaotv.com.br\/wp-content\/uploads\/2025\/07\/image_editor_output_image182424502-1753489775257-800x445.jpg","colormag-default-news":"https:\/\/maranhaotv.com.br\/wp-content\/uploads\/2025\/07\/image_editor_output_image182424502-1753489775257-150x150.jpg","colormag-featured-image-large":"https:\/\/maranhaotv.com.br\/wp-content\/uploads\/2025\/07\/image_editor_output_image182424502-1753489775257-1400x600.jpg"},"magazineBlocksPostAuthor":{"name":"maranhaotv","avatar":"https:\/\/secure.gravatar.com\/avatar\/8fadbca458d4cb68b1dd399ae9a40618d747bb1af65ac9fad21c89220a143eb4?s=96&d=mm&r=g"},"magazineBlocksPostCommentsNumber":"0","magazineBlocksPostExcerpt":"Nesta sexta-feira (25), a comunidade da Pindoba ganhou um presente especial: a nova UBS do bairro, completamente reformada, climatizada e","magazineBlocksPostCategories":["pol\u00edtica"],"magazineBlocksPostViewCount":312,"magazineBlocksPostReadTime":3,"magazine_blocks_featured_image_url":{"full":["https:\/\/maranhaotv.com.br\/wp-content\/uploads\/2025\/07\/image_editor_output_image182424502-1753489775257.jpg",1600,1066,false],"medium":["https:\/\/maranhaotv.com.br\/wp-content\/uploads\/2025\/07\/image_editor_output_image182424502-1753489775257-300x200.jpg",300,200,true],"thumbnail":["https:\/\/maranhaotv.com.br\/wp-content\/uploads\/2025\/07\/image_editor_output_image182424502-1753489775257-150x150.jpg",150,150,true]},"magazine_blocks_author":{"display_name":"maranhaotv","author_link":"https:\/\/maranhaotv.com.br\/index.php\/author\/maranhaotv\/"},"magazine_blocks_comment":0,"magazine_blocks_author_image":"https:\/\/secure.gravatar.com\/avatar\/8fadbca458d4cb68b1dd399ae9a40618d747bb1af65ac9fad21c89220a143eb4?s=96&d=mm&r=g","magazine_blocks_category":"<a href=\"#\" class=\"category-link category-link-6\">pol\u00edtica<\/a>","yoast_head":"<!-- This site is optimized with the Yoast SEO plugin v27.4 - https:\/\/yoast.com\/product\/yoast-seo-wordpress\/ -->\n<title>UBS da Pindoba renasce e marca 8\u00aa entrega de unidade b\u00e1sica de sa\u00fade em 7 meses de gest\u00e3o de Fred Campos em Pa\u00e7o do Lumiar - NOT\u00cdCIAS EM TEMPO REAL<\/title>\n<meta name=\"robots\" content=\"index, follow, max-snippet:-1, max-image-preview:large, max-video-preview:-1\" \/>\n<link rel=\"canonical\" href=\"https:\/\/maranhaotv.com.br\/index.php\/2025\/07\/25\/ubs-da-pindoba-renasce-e-marca-8a-entrega-de-unidade-basica-de-saude-em-7-meses-de-gestao-de-fred-campos-em-paco-do-lumiar\/\" \/>\n<meta property=\"og:locale\" content=\"pt_BR\" \/>\n<meta property=\"og:type\" content=\"article\" \/>\n<meta property=\"og:title\" content=\"UBS da Pindoba renasce e marca 8\u00aa entrega de unidade b\u00e1sica de sa\u00fade em 7 meses de gest\u00e3o de Fred Campos em Pa\u00e7o do Lumiar - NOT\u00cdCIAS EM TEMPO REAL\" \/>\n<meta property=\"og:description\" content=\"Nesta sexta-feira (25), a comunidade da Pindoba ganhou um presente especial: a nova UBS do bairro, completamente reformada, climatizada e\" \/>\n<meta property=\"og:url\" content=\"https:\/\/maranhaotv.com.br\/index.php\/2025\/07\/25\/ubs-da-pindoba-renasce-e-marca-8a-entrega-de-unidade-basica-de-saude-em-7-meses-de-gestao-de-fred-campos-em-paco-do-lumiar\/\" \/>\n<meta property=\"og:site_name\" content=\"NOT\u00cdCIAS EM TEMPO REAL\" \/>\n<meta property=\"article:publisher\" content=\"https:\/\/www.facebook.com\/maiobaotv\" \/>\n<meta property=\"article:published_time\" content=\"2025-07-26T00:29:43+00:00\" \/>\n<meta property=\"article:modified_time\" content=\"2025-07-26T00:30:24+00:00\" \/>\n<meta property=\"og:image\" content=\"https:\/\/maranhaotv.com.br\/wp-content\/uploads\/2025\/07\/image_editor_output_image182424502-1753489775257.jpg\" \/>\n\t<meta property=\"og:image:width\" content=\"1600\" \/>\n\t<meta property=\"og:image:height\" content=\"1066\" \/>\n\t<meta property=\"og:image:type\" content=\"image\/jpeg\" \/>\n<meta name=\"author\" content=\"maranhaotv\" \/>\n<meta name=\"twitter:card\" content=\"summary_large_image\" \/>\n<meta name=\"twitter:creator\" content=\"@sitemaranhaotv\" \/>\n<meta name=\"twitter:site\" content=\"@sitemaranhaotv\" \/>\n<meta name=\"twitter:label1\" content=\"Escrito por\" \/>\n\t<meta name=\"twitter:data1\" content=\"maranhaotv\" \/>\n\t<meta name=\"twitter:label2\" content=\"Est. tempo de leitura\" \/>\n\t<meta name=\"twitter:data2\" content=\"2 minutos\" \/>\n<script type=\"application\/ld+json\" class=\"yoast-schema-graph\">{\"@context\":\"https:\\\/\\\/schema.org\",\"@graph\":[{\"@type\":\"Article\",\"@id\":\"https:\\\/\\\/maranhaotv.com.br\\\/index.php\\\/2025\\\/07\\\/25\\\/ubs-da-pindoba-renasce-e-marca-8a-entrega-de-unidade-basica-de-saude-em-7-meses-de-gestao-de-fred-campos-em-paco-do-lumiar\\\/#article\",\"isPartOf\":{\"@id\":\"https:\\\/\\\/maranhaotv.com.br\\\/index.php\\\/2025\\\/07\\\/25\\\/ubs-da-pindoba-renasce-e-marca-8a-entrega-de-unidade-basica-de-saude-em-7-meses-de-gestao-de-fred-campos-em-paco-do-lumiar\\\/\"},\"author\":{\"name\":\"maranhaotv\",\"@id\":\"https:\\\/\\\/maranhaotv.com.br\\\/#\\\/schema\\\/person\\\/3d54238e86b20bb5c89ab2fdb8f8829a\"},\"headline\":\"UBS da Pindoba renasce e marca 8\u00aa entrega de unidade b\u00e1sica de sa\u00fade em 7 meses de gest\u00e3o de Fred Campos em Pa\u00e7o do Lumiar\",\"datePublished\":\"2025-07-26T00:29:43+00:00\",\"dateModified\":\"2025-07-26T00:30:24+00:00\",\"mainEntityOfPage\":{\"@id\":\"https:\\\/\\\/maranhaotv.com.br\\\/index.php\\\/2025\\\/07\\\/25\\\/ubs-da-pindoba-renasce-e-marca-8a-entrega-de-unidade-basica-de-saude-em-7-meses-de-gestao-de-fred-campos-em-paco-do-lumiar\\\/\"},\"wordCount\":428,\"commentCount\":0,\"publisher\":{\"@id\":\"https:\\\/\\\/maranhaotv.com.br\\\/#organization\"},\"image\":{\"@id\":\"https:\\\/\\\/maranhaotv.com.br\\\/index.php\\\/2025\\\/07\\\/25\\\/ubs-da-pindoba-renasce-e-marca-8a-entrega-de-unidade-basica-de-saude-em-7-meses-de-gestao-de-fred-campos-em-paco-do-lumiar\\\/#primaryimage\"},\"thumbnailUrl\":\"https:\\\/\\\/maranhaotv.com.br\\\/wp-content\\\/uploads\\\/2025\\\/07\\\/image_editor_output_image182424502-1753489775257.jpg\",\"articleSection\":[\"pol\u00edtica\"],\"inLanguage\":\"pt-BR\",\"potentialAction\":[{\"@type\":\"CommentAction\",\"name\":\"Comment\",\"target\":[\"https:\\\/\\\/maranhaotv.com.br\\\/index.php\\\/2025\\\/07\\\/25\\\/ubs-da-pindoba-renasce-e-marca-8a-entrega-de-unidade-basica-de-saude-em-7-meses-de-gestao-de-fred-campos-em-paco-do-lumiar\\\/#respond\"]}]},{\"@type\":\"WebPage\",\"@id\":\"https:\\\/\\\/maranhaotv.com.br\\\/index.php\\\/2025\\\/07\\\/25\\\/ubs-da-pindoba-renasce-e-marca-8a-entrega-de-unidade-basica-de-saude-em-7-meses-de-gestao-de-fred-campos-em-paco-do-lumiar\\\/\",\"url\":\"https:\\\/\\\/maranhaotv.com.br\\\/index.php\\\/2025\\\/07\\\/25\\\/ubs-da-pindoba-renasce-e-marca-8a-entrega-de-unidade-basica-de-saude-em-7-meses-de-gestao-de-fred-campos-em-paco-do-lumiar\\\/\",\"name\":\"UBS da Pindoba renasce e marca 8\u00aa entrega de unidade b\u00e1sica de sa\u00fade em 7 meses de gest\u00e3o de Fred Campos em Pa\u00e7o do Lumiar - NOT\u00cdCIAS EM TEMPO REAL\",\"isPartOf\":{\"@id\":\"https:\\\/\\\/maranhaotv.com.br\\\/#website\"},\"primaryImageOfPage\":{\"@id\":\"https:\\\/\\\/maranhaotv.com.br\\\/index.php\\\/2025\\\/07\\\/25\\\/ubs-da-pindoba-renasce-e-marca-8a-entrega-de-unidade-basica-de-saude-em-7-meses-de-gestao-de-fred-campos-em-paco-do-lumiar\\\/#primaryimage\"},\"image\":{\"@id\":\"https:\\\/\\\/maranhaotv.com.br\\\/index.php\\\/2025\\\/07\\\/25\\\/ubs-da-pindoba-renasce-e-marca-8a-entrega-de-unidade-basica-de-saude-em-7-meses-de-gestao-de-fred-campos-em-paco-do-lumiar\\\/#primaryimage\"},\"thumbnailUrl\":\"https:\\\/\\\/maranhaotv.com.br\\\/wp-content\\\/uploads\\\/2025\\\/07\\\/image_editor_output_image182424502-1753489775257.jpg\",\"datePublished\":\"2025-07-26T00:29:43+00:00\",\"dateModified\":\"2025-07-26T00:30:24+00:00\",\"breadcrumb\":{\"@id\":\"https:\\\/\\\/maranhaotv.com.br\\\/index.php\\\/2025\\\/07\\\/25\\\/ubs-da-pindoba-renasce-e-marca-8a-entrega-de-unidade-basica-de-saude-em-7-meses-de-gestao-de-fred-campos-em-paco-do-lumiar\\\/#breadcrumb\"},\"inLanguage\":\"pt-BR\",\"potentialAction\":[{\"@type\":\"ReadAction\",\"target\":[\"https:\\\/\\\/maranhaotv.com.br\\\/index.php\\\/2025\\\/07\\\/25\\\/ubs-da-pindoba-renasce-e-marca-8a-entrega-de-unidade-basica-de-saude-em-7-meses-de-gestao-de-fred-campos-em-paco-do-lumiar\\\/\"]}]},{\"@type\":\"ImageObject\",\"inLanguage\":\"pt-BR\",\"@id\":\"https:\\\/\\\/maranhaotv.com.br\\\/index.php\\\/2025\\\/07\\\/25\\\/ubs-da-pindoba-renasce-e-marca-8a-entrega-de-unidade-basica-de-saude-em-7-meses-de-gestao-de-fred-campos-em-paco-do-lumiar\\\/#primaryimage\",\"url\":\"https:\\\/\\\/maranhaotv.com.br\\\/wp-content\\\/uploads\\\/2025\\\/07\\\/image_editor_output_image182424502-1753489775257.jpg\",\"contentUrl\":\"https:\\\/\\\/maranhaotv.com.br\\\/wp-content\\\/uploads\\\/2025\\\/07\\\/image_editor_output_image182424502-1753489775257.jpg\",\"width\":1600,\"height\":1066},{\"@type\":\"BreadcrumbList\",\"@id\":\"https:\\\/\\\/maranhaotv.com.br\\\/index.php\\\/2025\\\/07\\\/25\\\/ubs-da-pindoba-renasce-e-marca-8a-entrega-de-unidade-basica-de-saude-em-7-meses-de-gestao-de-fred-campos-em-paco-do-lumiar\\\/#breadcrumb\",\"itemListElement\":[{\"@type\":\"ListItem\",\"position\":1,\"name\":\"In\u00edcio\",\"item\":\"https:\\\/\\\/maranhaotv.com.br\\\/\"},{\"@type\":\"ListItem\",\"position\":2,\"name\":\"UBS da Pindoba renasce e marca 8\u00aa entrega de unidade b\u00e1sica de sa\u00fade em 7 meses de gest\u00e3o de Fred Campos em Pa\u00e7o do Lumiar\"}]},{\"@type\":\"WebSite\",\"@id\":\"https:\\\/\\\/maranhaotv.com.br\\\/#website\",\"url\":\"https:\\\/\\\/maranhaotv.com.br\\\/\",\"name\":\"Maranh\u00e3oTV\",\"description\":\"\",\"publisher\":{\"@id\":\"https:\\\/\\\/maranhaotv.com.br\\\/#organization\"},\"potentialAction\":[{\"@type\":\"SearchAction\",\"target\":{\"@type\":\"EntryPoint\",\"urlTemplate\":\"https:\\\/\\\/maranhaotv.com.br\\\/?s={search_term_string}\"},\"query-input\":{\"@type\":\"PropertyValueSpecification\",\"valueRequired\":true,\"valueName\":\"search_term_string\"}}],\"inLanguage\":\"pt-BR\"},{\"@type\":\"Organization\",\"@id\":\"https:\\\/\\\/maranhaotv.com.br\\\/#organization\",\"name\":\"Portal de Not\u00edcias\",\"url\":\"https:\\\/\\\/maranhaotv.com.br\\\/\",\"logo\":{\"@type\":\"ImageObject\",\"inLanguage\":\"pt-BR\",\"@id\":\"https:\\\/\\\/maranhaotv.com.br\\\/#\\\/schema\\\/logo\\\/image\\\/\",\"url\":\"https:\\\/\\\/maranhaotv.com.br\\\/wp-content\\\/uploads\\\/2024\\\/05\\\/cropped-cropped-avatar-1.png\",\"contentUrl\":\"https:\\\/\\\/maranhaotv.com.br\\\/wp-content\\\/uploads\\\/2024\\\/05\\\/cropped-cropped-avatar-1.png\",\"width\":792,\"height\":428,\"caption\":\"Portal de Not\u00edcias\"},\"image\":{\"@id\":\"https:\\\/\\\/maranhaotv.com.br\\\/#\\\/schema\\\/logo\\\/image\\\/\"},\"sameAs\":[\"https:\\\/\\\/www.facebook.com\\\/maiobaotv\",\"https:\\\/\\\/x.com\\\/sitemaranhaotv\",\"https:\\\/\\\/www.instagram.com\\\/maranhao.tv\",\"https:\\\/\\\/www.threads.net\\\/@maranhao.tv\"]},{\"@type\":\"Person\",\"@id\":\"https:\\\/\\\/maranhaotv.com.br\\\/#\\\/schema\\\/person\\\/3d54238e86b20bb5c89ab2fdb8f8829a\",\"name\":\"maranhaotv\",\"image\":{\"@type\":\"ImageObject\",\"inLanguage\":\"pt-BR\",\"@id\":\"https:\\\/\\\/secure.gravatar.com\\\/avatar\\\/8fadbca458d4cb68b1dd399ae9a40618d747bb1af65ac9fad21c89220a143eb4?s=96&d=mm&r=g\",\"url\":\"https:\\\/\\\/secure.gravatar.com\\\/avatar\\\/8fadbca458d4cb68b1dd399ae9a40618d747bb1af65ac9fad21c89220a143eb4?s=96&d=mm&r=g\",\"contentUrl\":\"https:\\\/\\\/secure.gravatar.com\\\/avatar\\\/8fadbca458d4cb68b1dd399ae9a40618d747bb1af65ac9fad21c89220a143eb4?s=96&d=mm&r=g\",\"caption\":\"maranhaotv\"},\"sameAs\":[\"https:\\\/\\\/maranhaotv.com.br\\\/\"],\"url\":\"https:\\\/\\\/maranhaotv.com.br\\\/index.php\\\/author\\\/maranhaotv\\\/\"}]}<\/script>\n<!-- \/ Yoast SEO plugin. -->","yoast_head_json":{"title":"UBS da Pindoba renasce e marca 8\u00aa entrega de unidade b\u00e1sica de sa\u00fade em 7 meses de gest\u00e3o de Fred Campos em Pa\u00e7o do Lumiar - NOT\u00cdCIAS EM TEMPO REAL","robots":{"index":"index","follow":"follow","max-snippet":"max-snippet:-1","max-image-preview":"max-image-preview:large","max-video-preview":"max-video-preview:-1"},"canonical":"https:\/\/maranhaotv.com.br\/index.php\/2025\/07\/25\/ubs-da-pindoba-renasce-e-marca-8a-entrega-de-unidade-basica-de-saude-em-7-meses-de-gestao-de-fred-campos-em-paco-do-lumiar\/","og_locale":"pt_BR","og_type":"article","og_title":"UBS da Pindoba renasce e marca 8\u00aa entrega de unidade b\u00e1sica de sa\u00fade em 7 meses de gest\u00e3o de Fred Campos em Pa\u00e7o do Lumiar - NOT\u00cdCIAS EM TEMPO REAL","og_description":"Nesta sexta-feira (25), a comunidade da Pindoba ganhou um presente especial: a nova UBS do bairro, completamente reformada, climatizada e","og_url":"https:\/\/maranhaotv.com.br\/index.php\/2025\/07\/25\/ubs-da-pindoba-renasce-e-marca-8a-entrega-de-unidade-basica-de-saude-em-7-meses-de-gestao-de-fred-campos-em-paco-do-lumiar\/","og_site_name":"NOT\u00cdCIAS EM TEMPO REAL","article_publisher":"https:\/\/www.facebook.com\/maiobaotv","article_published_time":"2025-07-26T00:29:43+00:00","article_modified_time":"2025-07-26T00:30:24+00:00","og_image":[{"width":1600,"height":1066,"url":"https:\/\/maranhaotv.com.br\/wp-content\/uploads\/2025\/07\/image_editor_output_image182424502-1753489775257.jpg","type":"image\/jpeg"}],"author":"maranhaotv","twitter_card":"summary_large_image","twitter_creator":"@sitemaranhaotv","twitter_site":"@sitemaranhaotv","twitter_misc":{"Escrito por":"maranhaotv","Est. tempo de leitura":"2 minutos"},"schema":{"@context":"https:\/\/schema.org","@graph":[{"@type":"Article","@id":"https:\/\/maranhaotv.com.br\/index.php\/2025\/07\/25\/ubs-da-pindoba-renasce-e-marca-8a-entrega-de-unidade-basica-de-saude-em-7-meses-de-gestao-de-fred-campos-em-paco-do-lumiar\/#article","isPartOf":{"@id":"https:\/\/maranhaotv.com.br\/index.php\/2025\/07\/25\/ubs-da-pindoba-renasce-e-marca-8a-entrega-de-unidade-basica-de-saude-em-7-meses-de-gestao-de-fred-campos-em-paco-do-lumiar\/"},"author":{"name":"maranhaotv","@id":"https:\/\/maranhaotv.com.br\/#\/schema\/person\/3d54238e86b20bb5c89ab2fdb8f8829a"},"headline":"UBS da Pindoba renasce e marca 8\u00aa entrega de unidade b\u00e1sica de sa\u00fade em 7 meses de gest\u00e3o de Fred Campos em Pa\u00e7o do Lumiar","datePublished":"2025-07-26T00:29:43+00:00","dateModified":"2025-07-26T00:30:24+00:00","mainEntityOfPage":{"@id":"https:\/\/maranhaotv.com.br\/index.php\/2025\/07\/25\/ubs-da-pindoba-renasce-e-marca-8a-entrega-de-unidade-basica-de-saude-em-7-meses-de-gestao-de-fred-campos-em-paco-do-lumiar\/"},"wordCount":428,"commentCount":0,"publisher":{"@id":"https:\/\/maranhaotv.com.br\/#organization"},"image":{"@id":"https:\/\/maranhaotv.com.br\/index.php\/2025\/07\/25\/ubs-da-pindoba-renasce-e-marca-8a-entrega-de-unidade-basica-de-saude-em-7-meses-de-gestao-de-fred-campos-em-paco-do-lumiar\/#primaryimage"},"thumbnailUrl":"https:\/\/maranhaotv.com.br\/wp-content\/uploads\/2025\/07\/image_editor_output_image182424502-1753489775257.jpg","articleSection":["pol\u00edtica"],"inLanguage":"pt-BR","potentialAction":[{"@type":"CommentAction","name":"Comment","target":["https:\/\/maranhaotv.com.br\/index.php\/2025\/07\/25\/ubs-da-pindoba-renasce-e-marca-8a-entrega-de-unidade-basica-de-saude-em-7-meses-de-gestao-de-fred-campos-em-paco-do-lumiar\/#respond"]}]},{"@type":"WebPage","@id":"https:\/\/maranhaotv.com.br\/index.php\/2025\/07\/25\/ubs-da-pindoba-renasce-e-marca-8a-entrega-de-unidade-basica-de-saude-em-7-meses-de-gestao-de-fred-campos-em-paco-do-lumiar\/","url":"https:\/\/maranhaotv.com.br\/index.php\/2025\/07\/25\/ubs-da-pindoba-renasce-e-marca-8a-entrega-de-unidade-basica-de-saude-em-7-meses-de-gestao-de-fred-campos-em-paco-do-lumiar\/","name":"UBS da Pindoba renasce e marca 8\u00aa entrega de unidade b\u00e1sica de sa\u00fade em 7 meses de gest\u00e3o de Fred Campos em Pa\u00e7o do Lumiar - NOT\u00cdCIAS EM TEMPO REAL","isPartOf":{"@id":"https:\/\/maranhaotv.com.br\/#website"},"primaryImageOfPage":{"@id":"https:\/\/maranhaotv.com.br\/index.php\/2025\/07\/25\/ubs-da-pindoba-renasce-e-marca-8a-entrega-de-unidade-basica-de-saude-em-7-meses-de-gestao-de-fred-campos-em-paco-do-lumiar\/#primaryimage"},"image":{"@id":"https:\/\/maranhaotv.com.br\/index.php\/2025\/07\/25\/ubs-da-pindoba-renasce-e-marca-8a-entrega-de-unidade-basica-de-saude-em-7-meses-de-gestao-de-fred-campos-em-paco-do-lumiar\/#primaryimage"},"thumbnailUrl":"https:\/\/maranhaotv.com.br\/wp-content\/uploads\/2025\/07\/image_editor_output_image182424502-1753489775257.jpg","datePublished":"2025-07-26T00:29:43+00:00","dateModified":"2025-07-26T00:30:24+00:00","breadcrumb":{"@id":"https:\/\/maranhaotv.com.br\/index.php\/2025\/07\/25\/ubs-da-pindoba-renasce-e-marca-8a-entrega-de-unidade-basica-de-saude-em-7-meses-de-gestao-de-fred-campos-em-paco-do-lumiar\/#breadcrumb"},"inLanguage":"pt-BR","potentialAction":[{"@type":"ReadAction","target":["https:\/\/maranhaotv.com.br\/index.php\/2025\/07\/25\/ubs-da-pindoba-renasce-e-marca-8a-entrega-de-unidade-basica-de-saude-em-7-meses-de-gestao-de-fred-campos-em-paco-do-lumiar\/"]}]},{"@type":"ImageObject","inLanguage":"pt-BR","@id":"https:\/\/maranhaotv.com.br\/index.php\/2025\/07\/25\/ubs-da-pindoba-renasce-e-marca-8a-entrega-de-unidade-basica-de-saude-em-7-meses-de-gestao-de-fred-campos-em-paco-do-lumiar\/#primaryimage","url":"https:\/\/maranhaotv.com.br\/wp-content\/uploads\/2025\/07\/image_editor_output_image182424502-1753489775257.jpg","contentUrl":"https:\/\/maranhaotv.com.br\/wp-content\/uploads\/2025\/07\/image_editor_output_image182424502-1753489775257.jpg","width":1600,"height":1066},{"@type":"BreadcrumbList","@id":"https:\/\/maranhaotv.com.br\/index.php\/2025\/07\/25\/ubs-da-pindoba-renasce-e-marca-8a-entrega-de-unidade-basica-de-saude-em-7-meses-de-gestao-de-fred-campos-em-paco-do-lumiar\/#breadcrumb","itemListElement":[{"@type":"ListItem","position":1,"name":"In\u00edcio","item":"https:\/\/maranhaotv.com.br\/"},{"@type":"ListItem","position":2,"name":"UBS da Pindoba renasce e marca 8\u00aa entrega de unidade b\u00e1sica de sa\u00fade em 7 meses de gest\u00e3o de Fred Campos em Pa\u00e7o do Lumiar"}]},{"@type":"WebSite","@id":"https:\/\/maranhaotv.com.br\/#website","url":"https:\/\/maranhaotv.com.br\/","name":"Maranh\u00e3oTV","description":"","publisher":{"@id":"https:\/\/maranhaotv.com.br\/#organization"},"potentialAction":[{"@type":"SearchAction","target":{"@type":"EntryPoint","urlTemplate":"https:\/\/maranhaotv.com.br\/?s={search_term_string}"},"query-input":{"@type":"PropertyValueSpecification","valueRequired":true,"valueName":"search_term_string"}}],"inLanguage":"pt-BR"},{"@type":"Organization","@id":"https:\/\/maranhaotv.com.br\/#organization","name":"Portal de Not\u00edcias","url":"https:\/\/maranhaotv.com.br\/","logo":{"@type":"ImageObject","inLanguage":"pt-BR","@id":"https:\/\/maranhaotv.com.br\/#\/schema\/logo\/image\/","url":"https:\/\/maranhaotv.com.br\/wp-content\/uploads\/2024\/05\/cropped-cropped-avatar-1.png","contentUrl":"https:\/\/maranhaotv.com.br\/wp-content\/uploads\/2024\/05\/cropped-cropped-avatar-1.png","width":792,"height":428,"caption":"Portal de Not\u00edcias"},"image":{"@id":"https:\/\/maranhaotv.com.br\/#\/schema\/logo\/image\/"},"sameAs":["https:\/\/www.facebook.com\/maiobaotv","https:\/\/x.com\/sitemaranhaotv","https:\/\/www.instagram.com\/maranhao.tv","https:\/\/www.threads.net\/@maranhao.tv"]},{"@type":"Person","@id":"https:\/\/maranhaotv.com.br\/#\/schema\/person\/3d54238e86b20bb5c89ab2fdb8f8829a","name":"maranhaotv","image":{"@type":"ImageObject","inLanguage":"pt-BR","@id":"https:\/\/secure.gravatar.com\/avatar\/8fadbca458d4cb68b1dd399ae9a40618d747bb1af65ac9fad21c89220a143eb4?s=96&d=mm&r=g","url":"https:\/\/secure.gravatar.com\/avatar\/8fadbca458d4cb68b1dd399ae9a40618d747bb1af65ac9fad21c89220a143eb4?s=96&d=mm&r=g","contentUrl":"https:\/\/secure.gravatar.com\/avatar\/8fadbca458d4cb68b1dd399ae9a40618d747bb1af65ac9fad21c89220a143eb4?s=96&d=mm&r=g","caption":"maranhaotv"},"sameAs":["https:\/\/maranhaotv.com.br\/"],"url":"https:\/\/maranhaotv.com.br\/index.php\/author\/maranhaotv\/"}]}},"jetpack_featured_media_url":"https:\/\/maranhaotv.com.br\/wp-content\/uploads\/2025\/07\/image_editor_output_image182424502-1753489775257.jpg","jetpack_sharing_enabled":true,"_links":{"self":[{"href":"https:\/\/maranhaotv.com.br\/index.php\/wp-json\/wp\/v2\/posts\/43333","targetHints":{"allow":["GET"]}}],"collection":[{"href":"https:\/\/maranhaotv.com.br\/index.php\/wp-json\/wp\/v2\/posts"}],"about":[{"href":"https:\/\/maranhaotv.com.br\/index.php\/wp-json\/wp\/v2\/types\/post"}],"author":[{"embeddable":true,"href":"https:\/\/maranhaotv.com.br\/index.php\/wp-json\/wp\/v2\/users\/2"}],"replies":[{"embeddable":true,"href":"https:\/\/maranhaotv.com.br\/index.php\/wp-json\/wp\/v2\/comments?post=43333"}],"version-history":[{"count":2,"href":"https:\/\/maranhaotv.com.br\/index.php\/wp-json\/wp\/v2\/posts\/43333\/revisions"}],"predecessor-version":[{"id":43335,"href":"https:\/\/maranhaotv.com.br\/index.php\/wp-json\/wp\/v2\/posts\/43333\/revisions\/43335"}],"wp:featuredmedia":[{"embeddable":true,"href":"https:\/\/maranhaotv.com.br\/index.php\/wp-json\/wp\/v2\/media\/43332"}],"wp:attachment":[{"href":"https:\/\/maranhaotv.com.br\/index.php\/wp-json\/wp\/v2\/media?parent=43333"}],"wp:term":[{"taxonomy":"category","embeddable":true,"href":"https:\/\/maranhaotv.com.br\/index.php\/wp-json\/wp\/v2\/categories?post=43333"},{"taxonomy":"post_tag","embeddable":true,"href":"https:\/\/maranhaotv.com.br\/index.php\/wp-json\/wp\/v2\/tags?post=43333"}],"curies":[{"name":"wp","href":"https:\/\/api.w.org\/{rel}","templated":true}]}}