{"id":43444,"date":"2025-08-01T07:11:42","date_gmt":"2025-08-01T10:11:42","guid":{"rendered":"https:\/\/maranhaotv.com.br\/?p=43444"},"modified":"2025-08-01T07:11:42","modified_gmt":"2025-08-01T10:11:42","slug":"iracema-vale-e-homenageada-pelo-poder-judiciario-com-medalha-de-merito-do-consepre","status":"publish","type":"post","link":"https:\/\/maranhaotv.com.br\/index.php\/2025\/08\/01\/iracema-vale-e-homenageada-pelo-poder-judiciario-com-medalha-de-merito-do-consepre\/","title":{"rendered":"Iracema Vale \u00e9 homenageada pelo Poder Judici\u00e1rio com Medalha de M\u00e9rito do Consepre"},"content":{"rendered":"\n<p><\/p>\n\n\n\n<p>A presidente da Assembleia Legislativa do Maranh\u00e3o, deputada Iracema Vale (PSB), participou, nesta quarta-feira (30), da solenidade de abertura do XVI Encontro do Conselho dos Presidentes dos Tribunais de Justi\u00e7a do Brasil (Consepre).<\/p>\n\n\n\n<p>Durante o evento, Iracema Vale foi homenageada com a Medalha de M\u00e9rito do Consepre, em reconhecimento \u00e0 sua contribui\u00e7\u00e3o institucional e apoio ao fortalecimento do Poder Judici\u00e1rio.<\/p>\n\n\n\n<p>O encontro, que acontece at\u00e9 o dia 2 de agosto, re\u00fane presidentes de Tribunais de Justi\u00e7a de todo o pa\u00eds para discutir temas relevantes do Judici\u00e1rio, com foco na moderniza\u00e7\u00e3o, efici\u00eancia e amplia\u00e7\u00e3o do acesso \u00e0 Justi\u00e7a.<\/p>\n\n\n\n<p>A deputada destacou a emo\u00e7\u00e3o ao receber a medalha e refor\u00e7ou a import\u00e2ncia do compromisso com a democracia e o equil\u00edbrio entre os Poderes. \u201cReceber a Medalha Consepre \u00e9 uma honra, que me emociona profundamente. Essa homenagem celebra o compromisso com a democracia, com o equil\u00edbrio entre os poderes e com a constru\u00e7\u00e3o de um Brasil justo \u2014 valores que compartilho em cada passo da minha trajet\u00f3ria p\u00fablica\u201d, afirmou.<\/p>\n\n\n\n<p>A homenagem simboliza o respeito e a parceria entre os Poderes na constru\u00e7\u00e3o de uma Justi\u00e7a mais acess\u00edvel e eficiente.<\/p>\n\n\n\n<p>O presidente do Tribunal de Justi\u00e7a do Maranh\u00e3o (TJ-MA), desembargador Jos\u00e9 de Ribamar Froz Sobrinho, anfitri\u00e3o do encontro, destacou, em seu discurso, as belezas e riquezas culturais do Maranh\u00e3o, estado-sede do encontro.<\/p>\n\n\n\n<p>\u201cEstamos aqui reunidos com presidentes de tribunais de todo o Brasil. O povo maranhense construiu sua riqueza a partir das suas pr\u00f3prias ra\u00edzes: da cultura vibrante, do calor humano, do povo cativante e do nosso folclore, que \u00e9 verdadeiramente \u00fanico\u201d, afirmou.<\/p>\n\n\n\n<p>Ele ressaltou que o XVI Consepre tem in\u00edcio em S\u00e3o Lu\u00eds, cidade reconhecida como Patrim\u00f4nio Cultural Mundial, e ser\u00e1 encerrado em Atins, na regi\u00e3o dos Len\u00e7\u00f3is Maranhenses, reconhecidos Patrim\u00f4nio Natural da Humanidade pela Unesco. \u201cNosso Tribunal de Justi\u00e7a \u00e9 o terceiro mais antigo do Brasil e, em novembro, celebrar\u00e1 212 anos de dedica\u00e7\u00e3o, trabalho e compromisso com a Justi\u00e7a\u201d, completou.<\/p>\n\n\n\n<p>A participa\u00e7\u00e3o da presidente da Assembleia Legislativa do Maranh\u00e3o refor\u00e7a o compromisso com o di\u00e1logo entre os Poderes e a constru\u00e7\u00e3o de solu\u00e7\u00f5es conjuntas em prol da popula\u00e7\u00e3o.<\/p>\n\n\n\n<p>Tamb\u00e9m estiveram presentes ao evento, o presidente do Consepre, Francisco Oliveira Neto; o ex-presidente, Jos\u00e9 Sarney; o prefeito de S\u00e3o Lu\u00eds, Eduardo Braide; o ministro do Supremo Tribunal Federal, Fl\u00e1vio Dino; al\u00e9m de presidentes dos Tribunais de Justi\u00e7a de todo o Brasil.<\/p>\n","protected":false},"excerpt":{"rendered":"<p>A presidente da Assembleia Legislativa do Maranh\u00e3o, deputada Iracema Vale (PSB), participou, nesta quarta-feira (30), da solenidade de abertura do<\/p>\n","protected":false},"author":2,"featured_media":43443,"comment_status":"closed","ping_status":"open","sticky":false,"template":"","format":"standard","meta":{"colormag_page_container_layout":"default_layout","colormag_page_sidebar_layout":"default_layout","_jetpack_memberships_contains_paid_content":false,"footnotes":""},"categories":[6],"tags":[559,393],"class_list":["post-43444","post","type-post","status-publish","format-standard","has-post-thumbnail","hentry","category-politica","tag-iracema","tag-iracema-do-vale"],"magazineBlocksPostFeaturedMedia":{"thumbnail":"https:\/\/maranhaotv.com.br\/wp-content\/uploads\/2025\/08\/img_1866-150x150.jpg","medium":"https:\/\/maranhaotv.com.br\/wp-content\/uploads\/2025\/08\/img_1866-300x116.jpg","medium_large":"https:\/\/maranhaotv.com.br\/wp-content\/uploads\/2025\/08\/img_1866-768x297.jpg","large":"https:\/\/maranhaotv.com.br\/wp-content\/uploads\/2025\/08\/img_1866-1024x397.jpg","1536x1536":"https:\/\/maranhaotv.com.br\/wp-content\/uploads\/2025\/08\/img_1866.jpg","2048x2048":"https:\/\/maranhaotv.com.br\/wp-content\/uploads\/2025\/08\/img_1866.jpg","colormag-highlighted-post":"https:\/\/maranhaotv.com.br\/wp-content\/uploads\/2025\/08\/img_1866-392x272.jpg","colormag-featured-post-medium":"https:\/\/maranhaotv.com.br\/wp-content\/uploads\/2025\/08\/img_1866-390x205.jpg","colormag-featured-post-small":"https:\/\/maranhaotv.com.br\/wp-content\/uploads\/2025\/08\/img_1866-130x90.jpg","colormag-featured-image":"https:\/\/maranhaotv.com.br\/wp-content\/uploads\/2025\/08\/img_1866-800x445.jpg","colormag-default-news":"https:\/\/maranhaotv.com.br\/wp-content\/uploads\/2025\/08\/img_1866-150x150.jpg","colormag-featured-image-large":"https:\/\/maranhaotv.com.br\/wp-content\/uploads\/2025\/08\/img_1866-1400x550.jpg"},"magazineBlocksPostAuthor":{"name":"maranhaotv","avatar":"https:\/\/secure.gravatar.com\/avatar\/8fadbca458d4cb68b1dd399ae9a40618d747bb1af65ac9fad21c89220a143eb4?s=96&d=mm&r=g"},"magazineBlocksPostCommentsNumber":false,"magazineBlocksPostExcerpt":"A presidente da Assembleia Legislativa do Maranh\u00e3o, deputada Iracema Vale (PSB), participou, nesta quarta-feira (30), da solenidade de abertura do","magazineBlocksPostCategories":["pol\u00edtica"],"magazineBlocksPostViewCount":292,"magazineBlocksPostReadTime":3,"magazine_blocks_featured_image_url":{"full":["https:\/\/maranhaotv.com.br\/wp-content\/uploads\/2025\/08\/img_1866.jpg",1420,550,false],"medium":["https:\/\/maranhaotv.com.br\/wp-content\/uploads\/2025\/08\/img_1866-300x116.jpg",300,116,true],"thumbnail":["https:\/\/maranhaotv.com.br\/wp-content\/uploads\/2025\/08\/img_1866-150x150.jpg",150,150,true]},"magazine_blocks_author":{"display_name":"maranhaotv","author_link":"https:\/\/maranhaotv.com.br\/index.php\/author\/maranhaotv\/"},"magazine_blocks_comment":0,"magazine_blocks_author_image":"https:\/\/secure.gravatar.com\/avatar\/8fadbca458d4cb68b1dd399ae9a40618d747bb1af65ac9fad21c89220a143eb4?s=96&d=mm&r=g","magazine_blocks_category":"<a href=\"#\" class=\"category-link category-link-6\">pol\u00edtica<\/a>","yoast_head":"<!-- This site is optimized with the Yoast SEO plugin v27.4 - https:\/\/yoast.com\/product\/yoast-seo-wordpress\/ -->\n<title>Iracema Vale \u00e9 homenageada pelo Poder Judici\u00e1rio com Medalha de M\u00e9rito do Consepre - NOT\u00cdCIAS EM TEMPO REAL<\/title>\n<meta name=\"robots\" content=\"index, follow, max-snippet:-1, max-image-preview:large, max-video-preview:-1\" \/>\n<link rel=\"canonical\" href=\"https:\/\/maranhaotv.com.br\/index.php\/2025\/08\/01\/iracema-vale-e-homenageada-pelo-poder-judiciario-com-medalha-de-merito-do-consepre\/\" \/>\n<meta property=\"og:locale\" content=\"pt_BR\" \/>\n<meta property=\"og:type\" content=\"article\" \/>\n<meta property=\"og:title\" content=\"Iracema Vale \u00e9 homenageada pelo Poder Judici\u00e1rio com Medalha de M\u00e9rito do Consepre - NOT\u00cdCIAS EM TEMPO REAL\" \/>\n<meta property=\"og:description\" content=\"A presidente da Assembleia Legislativa do Maranh\u00e3o, deputada Iracema Vale (PSB), participou, nesta quarta-feira (30), da solenidade de abertura do\" \/>\n<meta property=\"og:url\" content=\"https:\/\/maranhaotv.com.br\/index.php\/2025\/08\/01\/iracema-vale-e-homenageada-pelo-poder-judiciario-com-medalha-de-merito-do-consepre\/\" \/>\n<meta property=\"og:site_name\" content=\"NOT\u00cdCIAS EM TEMPO REAL\" \/>\n<meta property=\"article:publisher\" content=\"https:\/\/www.facebook.com\/maiobaotv\" \/>\n<meta property=\"article:published_time\" content=\"2025-08-01T10:11:42+00:00\" \/>\n<meta property=\"og:image\" content=\"https:\/\/maranhaotv.com.br\/wp-content\/uploads\/2025\/08\/img_1866.jpg\" \/>\n\t<meta property=\"og:image:width\" content=\"1420\" \/>\n\t<meta property=\"og:image:height\" content=\"550\" \/>\n\t<meta property=\"og:image:type\" content=\"image\/jpeg\" \/>\n<meta name=\"author\" content=\"maranhaotv\" \/>\n<meta name=\"twitter:card\" content=\"summary_large_image\" \/>\n<meta name=\"twitter:creator\" content=\"@sitemaranhaotv\" \/>\n<meta name=\"twitter:site\" content=\"@sitemaranhaotv\" \/>\n<meta name=\"twitter:label1\" content=\"Escrito por\" \/>\n\t<meta name=\"twitter:data1\" content=\"maranhaotv\" \/>\n\t<meta name=\"twitter:label2\" content=\"Est. tempo de leitura\" \/>\n\t<meta name=\"twitter:data2\" content=\"2 minutos\" \/>\n<script type=\"application\/ld+json\" class=\"yoast-schema-graph\">{\"@context\":\"https:\\\/\\\/schema.org\",\"@graph\":[{\"@type\":\"Article\",\"@id\":\"https:\\\/\\\/maranhaotv.com.br\\\/index.php\\\/2025\\\/08\\\/01\\\/iracema-vale-e-homenageada-pelo-poder-judiciario-com-medalha-de-merito-do-consepre\\\/#article\",\"isPartOf\":{\"@id\":\"https:\\\/\\\/maranhaotv.com.br\\\/index.php\\\/2025\\\/08\\\/01\\\/iracema-vale-e-homenageada-pelo-poder-judiciario-com-medalha-de-merito-do-consepre\\\/\"},\"author\":{\"name\":\"maranhaotv\",\"@id\":\"https:\\\/\\\/maranhaotv.com.br\\\/#\\\/schema\\\/person\\\/3d54238e86b20bb5c89ab2fdb8f8829a\"},\"headline\":\"Iracema Vale \u00e9 homenageada pelo Poder Judici\u00e1rio com Medalha de M\u00e9rito do Consepre\",\"datePublished\":\"2025-08-01T10:11:42+00:00\",\"mainEntityOfPage\":{\"@id\":\"https:\\\/\\\/maranhaotv.com.br\\\/index.php\\\/2025\\\/08\\\/01\\\/iracema-vale-e-homenageada-pelo-poder-judiciario-com-medalha-de-merito-do-consepre\\\/\"},\"wordCount\":447,\"publisher\":{\"@id\":\"https:\\\/\\\/maranhaotv.com.br\\\/#organization\"},\"image\":{\"@id\":\"https:\\\/\\\/maranhaotv.com.br\\\/index.php\\\/2025\\\/08\\\/01\\\/iracema-vale-e-homenageada-pelo-poder-judiciario-com-medalha-de-merito-do-consepre\\\/#primaryimage\"},\"thumbnailUrl\":\"https:\\\/\\\/maranhaotv.com.br\\\/wp-content\\\/uploads\\\/2025\\\/08\\\/img_1866.jpg\",\"keywords\":[\"Iracema\",\"Iracema do Vale\"],\"articleSection\":[\"pol\u00edtica\"],\"inLanguage\":\"pt-BR\"},{\"@type\":\"WebPage\",\"@id\":\"https:\\\/\\\/maranhaotv.com.br\\\/index.php\\\/2025\\\/08\\\/01\\\/iracema-vale-e-homenageada-pelo-poder-judiciario-com-medalha-de-merito-do-consepre\\\/\",\"url\":\"https:\\\/\\\/maranhaotv.com.br\\\/index.php\\\/2025\\\/08\\\/01\\\/iracema-vale-e-homenageada-pelo-poder-judiciario-com-medalha-de-merito-do-consepre\\\/\",\"name\":\"Iracema Vale \u00e9 homenageada pelo Poder Judici\u00e1rio com Medalha de M\u00e9rito do Consepre - NOT\u00cdCIAS EM TEMPO REAL\",\"isPartOf\":{\"@id\":\"https:\\\/\\\/maranhaotv.com.br\\\/#website\"},\"primaryImageOfPage\":{\"@id\":\"https:\\\/\\\/maranhaotv.com.br\\\/index.php\\\/2025\\\/08\\\/01\\\/iracema-vale-e-homenageada-pelo-poder-judiciario-com-medalha-de-merito-do-consepre\\\/#primaryimage\"},\"image\":{\"@id\":\"https:\\\/\\\/maranhaotv.com.br\\\/index.php\\\/2025\\\/08\\\/01\\\/iracema-vale-e-homenageada-pelo-poder-judiciario-com-medalha-de-merito-do-consepre\\\/#primaryimage\"},\"thumbnailUrl\":\"https:\\\/\\\/maranhaotv.com.br\\\/wp-content\\\/uploads\\\/2025\\\/08\\\/img_1866.jpg\",\"datePublished\":\"2025-08-01T10:11:42+00:00\",\"breadcrumb\":{\"@id\":\"https:\\\/\\\/maranhaotv.com.br\\\/index.php\\\/2025\\\/08\\\/01\\\/iracema-vale-e-homenageada-pelo-poder-judiciario-com-medalha-de-merito-do-consepre\\\/#breadcrumb\"},\"inLanguage\":\"pt-BR\",\"potentialAction\":[{\"@type\":\"ReadAction\",\"target\":[\"https:\\\/\\\/maranhaotv.com.br\\\/index.php\\\/2025\\\/08\\\/01\\\/iracema-vale-e-homenageada-pelo-poder-judiciario-com-medalha-de-merito-do-consepre\\\/\"]}]},{\"@type\":\"ImageObject\",\"inLanguage\":\"pt-BR\",\"@id\":\"https:\\\/\\\/maranhaotv.com.br\\\/index.php\\\/2025\\\/08\\\/01\\\/iracema-vale-e-homenageada-pelo-poder-judiciario-com-medalha-de-merito-do-consepre\\\/#primaryimage\",\"url\":\"https:\\\/\\\/maranhaotv.com.br\\\/wp-content\\\/uploads\\\/2025\\\/08\\\/img_1866.jpg\",\"contentUrl\":\"https:\\\/\\\/maranhaotv.com.br\\\/wp-content\\\/uploads\\\/2025\\\/08\\\/img_1866.jpg\",\"width\":1420,\"height\":550},{\"@type\":\"BreadcrumbList\",\"@id\":\"https:\\\/\\\/maranhaotv.com.br\\\/index.php\\\/2025\\\/08\\\/01\\\/iracema-vale-e-homenageada-pelo-poder-judiciario-com-medalha-de-merito-do-consepre\\\/#breadcrumb\",\"itemListElement\":[{\"@type\":\"ListItem\",\"position\":1,\"name\":\"In\u00edcio\",\"item\":\"https:\\\/\\\/maranhaotv.com.br\\\/\"},{\"@type\":\"ListItem\",\"position\":2,\"name\":\"Iracema Vale \u00e9 homenageada pelo Poder Judici\u00e1rio com Medalha de M\u00e9rito do Consepre\"}]},{\"@type\":\"WebSite\",\"@id\":\"https:\\\/\\\/maranhaotv.com.br\\\/#website\",\"url\":\"https:\\\/\\\/maranhaotv.com.br\\\/\",\"name\":\"Maranh\u00e3oTV\",\"description\":\"\",\"publisher\":{\"@id\":\"https:\\\/\\\/maranhaotv.com.br\\\/#organization\"},\"potentialAction\":[{\"@type\":\"SearchAction\",\"target\":{\"@type\":\"EntryPoint\",\"urlTemplate\":\"https:\\\/\\\/maranhaotv.com.br\\\/?s={search_term_string}\"},\"query-input\":{\"@type\":\"PropertyValueSpecification\",\"valueRequired\":true,\"valueName\":\"search_term_string\"}}],\"inLanguage\":\"pt-BR\"},{\"@type\":\"Organization\",\"@id\":\"https:\\\/\\\/maranhaotv.com.br\\\/#organization\",\"name\":\"Portal de Not\u00edcias\",\"url\":\"https:\\\/\\\/maranhaotv.com.br\\\/\",\"logo\":{\"@type\":\"ImageObject\",\"inLanguage\":\"pt-BR\",\"@id\":\"https:\\\/\\\/maranhaotv.com.br\\\/#\\\/schema\\\/logo\\\/image\\\/\",\"url\":\"https:\\\/\\\/maranhaotv.com.br\\\/wp-content\\\/uploads\\\/2024\\\/05\\\/cropped-cropped-avatar-1.png\",\"contentUrl\":\"https:\\\/\\\/maranhaotv.com.br\\\/wp-content\\\/uploads\\\/2024\\\/05\\\/cropped-cropped-avatar-1.png\",\"width\":792,\"height\":428,\"caption\":\"Portal de Not\u00edcias\"},\"image\":{\"@id\":\"https:\\\/\\\/maranhaotv.com.br\\\/#\\\/schema\\\/logo\\\/image\\\/\"},\"sameAs\":[\"https:\\\/\\\/www.facebook.com\\\/maiobaotv\",\"https:\\\/\\\/x.com\\\/sitemaranhaotv\",\"https:\\\/\\\/www.instagram.com\\\/maranhao.tv\",\"https:\\\/\\\/www.threads.net\\\/@maranhao.tv\"]},{\"@type\":\"Person\",\"@id\":\"https:\\\/\\\/maranhaotv.com.br\\\/#\\\/schema\\\/person\\\/3d54238e86b20bb5c89ab2fdb8f8829a\",\"name\":\"maranhaotv\",\"image\":{\"@type\":\"ImageObject\",\"inLanguage\":\"pt-BR\",\"@id\":\"https:\\\/\\\/secure.gravatar.com\\\/avatar\\\/8fadbca458d4cb68b1dd399ae9a40618d747bb1af65ac9fad21c89220a143eb4?s=96&d=mm&r=g\",\"url\":\"https:\\\/\\\/secure.gravatar.com\\\/avatar\\\/8fadbca458d4cb68b1dd399ae9a40618d747bb1af65ac9fad21c89220a143eb4?s=96&d=mm&r=g\",\"contentUrl\":\"https:\\\/\\\/secure.gravatar.com\\\/avatar\\\/8fadbca458d4cb68b1dd399ae9a40618d747bb1af65ac9fad21c89220a143eb4?s=96&d=mm&r=g\",\"caption\":\"maranhaotv\"},\"sameAs\":[\"https:\\\/\\\/maranhaotv.com.br\\\/\"],\"url\":\"https:\\\/\\\/maranhaotv.com.br\\\/index.php\\\/author\\\/maranhaotv\\\/\"}]}<\/script>\n<!-- \/ Yoast SEO plugin. -->","yoast_head_json":{"title":"Iracema Vale \u00e9 homenageada pelo Poder Judici\u00e1rio com Medalha de M\u00e9rito do Consepre - NOT\u00cdCIAS EM TEMPO REAL","robots":{"index":"index","follow":"follow","max-snippet":"max-snippet:-1","max-image-preview":"max-image-preview:large","max-video-preview":"max-video-preview:-1"},"canonical":"https:\/\/maranhaotv.com.br\/index.php\/2025\/08\/01\/iracema-vale-e-homenageada-pelo-poder-judiciario-com-medalha-de-merito-do-consepre\/","og_locale":"pt_BR","og_type":"article","og_title":"Iracema Vale \u00e9 homenageada pelo Poder Judici\u00e1rio com Medalha de M\u00e9rito do Consepre - NOT\u00cdCIAS EM TEMPO REAL","og_description":"A presidente da Assembleia Legislativa do Maranh\u00e3o, deputada Iracema Vale (PSB), participou, nesta quarta-feira (30), da solenidade de abertura do","og_url":"https:\/\/maranhaotv.com.br\/index.php\/2025\/08\/01\/iracema-vale-e-homenageada-pelo-poder-judiciario-com-medalha-de-merito-do-consepre\/","og_site_name":"NOT\u00cdCIAS EM TEMPO REAL","article_publisher":"https:\/\/www.facebook.com\/maiobaotv","article_published_time":"2025-08-01T10:11:42+00:00","og_image":[{"width":1420,"height":550,"url":"https:\/\/maranhaotv.com.br\/wp-content\/uploads\/2025\/08\/img_1866.jpg","type":"image\/jpeg"}],"author":"maranhaotv","twitter_card":"summary_large_image","twitter_creator":"@sitemaranhaotv","twitter_site":"@sitemaranhaotv","twitter_misc":{"Escrito por":"maranhaotv","Est. tempo de leitura":"2 minutos"},"schema":{"@context":"https:\/\/schema.org","@graph":[{"@type":"Article","@id":"https:\/\/maranhaotv.com.br\/index.php\/2025\/08\/01\/iracema-vale-e-homenageada-pelo-poder-judiciario-com-medalha-de-merito-do-consepre\/#article","isPartOf":{"@id":"https:\/\/maranhaotv.com.br\/index.php\/2025\/08\/01\/iracema-vale-e-homenageada-pelo-poder-judiciario-com-medalha-de-merito-do-consepre\/"},"author":{"name":"maranhaotv","@id":"https:\/\/maranhaotv.com.br\/#\/schema\/person\/3d54238e86b20bb5c89ab2fdb8f8829a"},"headline":"Iracema Vale \u00e9 homenageada pelo Poder Judici\u00e1rio com Medalha de M\u00e9rito do Consepre","datePublished":"2025-08-01T10:11:42+00:00","mainEntityOfPage":{"@id":"https:\/\/maranhaotv.com.br\/index.php\/2025\/08\/01\/iracema-vale-e-homenageada-pelo-poder-judiciario-com-medalha-de-merito-do-consepre\/"},"wordCount":447,"publisher":{"@id":"https:\/\/maranhaotv.com.br\/#organization"},"image":{"@id":"https:\/\/maranhaotv.com.br\/index.php\/2025\/08\/01\/iracema-vale-e-homenageada-pelo-poder-judiciario-com-medalha-de-merito-do-consepre\/#primaryimage"},"thumbnailUrl":"https:\/\/maranhaotv.com.br\/wp-content\/uploads\/2025\/08\/img_1866.jpg","keywords":["Iracema","Iracema do Vale"],"articleSection":["pol\u00edtica"],"inLanguage":"pt-BR"},{"@type":"WebPage","@id":"https:\/\/maranhaotv.com.br\/index.php\/2025\/08\/01\/iracema-vale-e-homenageada-pelo-poder-judiciario-com-medalha-de-merito-do-consepre\/","url":"https:\/\/maranhaotv.com.br\/index.php\/2025\/08\/01\/iracema-vale-e-homenageada-pelo-poder-judiciario-com-medalha-de-merito-do-consepre\/","name":"Iracema Vale \u00e9 homenageada pelo Poder Judici\u00e1rio com Medalha de M\u00e9rito do Consepre - NOT\u00cdCIAS EM TEMPO REAL","isPartOf":{"@id":"https:\/\/maranhaotv.com.br\/#website"},"primaryImageOfPage":{"@id":"https:\/\/maranhaotv.com.br\/index.php\/2025\/08\/01\/iracema-vale-e-homenageada-pelo-poder-judiciario-com-medalha-de-merito-do-consepre\/#primaryimage"},"image":{"@id":"https:\/\/maranhaotv.com.br\/index.php\/2025\/08\/01\/iracema-vale-e-homenageada-pelo-poder-judiciario-com-medalha-de-merito-do-consepre\/#primaryimage"},"thumbnailUrl":"https:\/\/maranhaotv.com.br\/wp-content\/uploads\/2025\/08\/img_1866.jpg","datePublished":"2025-08-01T10:11:42+00:00","breadcrumb":{"@id":"https:\/\/maranhaotv.com.br\/index.php\/2025\/08\/01\/iracema-vale-e-homenageada-pelo-poder-judiciario-com-medalha-de-merito-do-consepre\/#breadcrumb"},"inLanguage":"pt-BR","potentialAction":[{"@type":"ReadAction","target":["https:\/\/maranhaotv.com.br\/index.php\/2025\/08\/01\/iracema-vale-e-homenageada-pelo-poder-judiciario-com-medalha-de-merito-do-consepre\/"]}]},{"@type":"ImageObject","inLanguage":"pt-BR","@id":"https:\/\/maranhaotv.com.br\/index.php\/2025\/08\/01\/iracema-vale-e-homenageada-pelo-poder-judiciario-com-medalha-de-merito-do-consepre\/#primaryimage","url":"https:\/\/maranhaotv.com.br\/wp-content\/uploads\/2025\/08\/img_1866.jpg","contentUrl":"https:\/\/maranhaotv.com.br\/wp-content\/uploads\/2025\/08\/img_1866.jpg","width":1420,"height":550},{"@type":"BreadcrumbList","@id":"https:\/\/maranhaotv.com.br\/index.php\/2025\/08\/01\/iracema-vale-e-homenageada-pelo-poder-judiciario-com-medalha-de-merito-do-consepre\/#breadcrumb","itemListElement":[{"@type":"ListItem","position":1,"name":"In\u00edcio","item":"https:\/\/maranhaotv.com.br\/"},{"@type":"ListItem","position":2,"name":"Iracema Vale \u00e9 homenageada pelo Poder Judici\u00e1rio com Medalha de M\u00e9rito do Consepre"}]},{"@type":"WebSite","@id":"https:\/\/maranhaotv.com.br\/#website","url":"https:\/\/maranhaotv.com.br\/","name":"Maranh\u00e3oTV","description":"","publisher":{"@id":"https:\/\/maranhaotv.com.br\/#organization"},"potentialAction":[{"@type":"SearchAction","target":{"@type":"EntryPoint","urlTemplate":"https:\/\/maranhaotv.com.br\/?s={search_term_string}"},"query-input":{"@type":"PropertyValueSpecification","valueRequired":true,"valueName":"search_term_string"}}],"inLanguage":"pt-BR"},{"@type":"Organization","@id":"https:\/\/maranhaotv.com.br\/#organization","name":"Portal de Not\u00edcias","url":"https:\/\/maranhaotv.com.br\/","logo":{"@type":"ImageObject","inLanguage":"pt-BR","@id":"https:\/\/maranhaotv.com.br\/#\/schema\/logo\/image\/","url":"https:\/\/maranhaotv.com.br\/wp-content\/uploads\/2024\/05\/cropped-cropped-avatar-1.png","contentUrl":"https:\/\/maranhaotv.com.br\/wp-content\/uploads\/2024\/05\/cropped-cropped-avatar-1.png","width":792,"height":428,"caption":"Portal de Not\u00edcias"},"image":{"@id":"https:\/\/maranhaotv.com.br\/#\/schema\/logo\/image\/"},"sameAs":["https:\/\/www.facebook.com\/maiobaotv","https:\/\/x.com\/sitemaranhaotv","https:\/\/www.instagram.com\/maranhao.tv","https:\/\/www.threads.net\/@maranhao.tv"]},{"@type":"Person","@id":"https:\/\/maranhaotv.com.br\/#\/schema\/person\/3d54238e86b20bb5c89ab2fdb8f8829a","name":"maranhaotv","image":{"@type":"ImageObject","inLanguage":"pt-BR","@id":"https:\/\/secure.gravatar.com\/avatar\/8fadbca458d4cb68b1dd399ae9a40618d747bb1af65ac9fad21c89220a143eb4?s=96&d=mm&r=g","url":"https:\/\/secure.gravatar.com\/avatar\/8fadbca458d4cb68b1dd399ae9a40618d747bb1af65ac9fad21c89220a143eb4?s=96&d=mm&r=g","contentUrl":"https:\/\/secure.gravatar.com\/avatar\/8fadbca458d4cb68b1dd399ae9a40618d747bb1af65ac9fad21c89220a143eb4?s=96&d=mm&r=g","caption":"maranhaotv"},"sameAs":["https:\/\/maranhaotv.com.br\/"],"url":"https:\/\/maranhaotv.com.br\/index.php\/author\/maranhaotv\/"}]}},"jetpack_featured_media_url":"https:\/\/maranhaotv.com.br\/wp-content\/uploads\/2025\/08\/img_1866.jpg","jetpack_sharing_enabled":true,"_links":{"self":[{"href":"https:\/\/maranhaotv.com.br\/index.php\/wp-json\/wp\/v2\/posts\/43444","targetHints":{"allow":["GET"]}}],"collection":[{"href":"https:\/\/maranhaotv.com.br\/index.php\/wp-json\/wp\/v2\/posts"}],"about":[{"href":"https:\/\/maranhaotv.com.br\/index.php\/wp-json\/wp\/v2\/types\/post"}],"author":[{"embeddable":true,"href":"https:\/\/maranhaotv.com.br\/index.php\/wp-json\/wp\/v2\/users\/2"}],"replies":[{"embeddable":true,"href":"https:\/\/maranhaotv.com.br\/index.php\/wp-json\/wp\/v2\/comments?post=43444"}],"version-history":[{"count":1,"href":"https:\/\/maranhaotv.com.br\/index.php\/wp-json\/wp\/v2\/posts\/43444\/revisions"}],"predecessor-version":[{"id":43445,"href":"https:\/\/maranhaotv.com.br\/index.php\/wp-json\/wp\/v2\/posts\/43444\/revisions\/43445"}],"wp:featuredmedia":[{"embeddable":true,"href":"https:\/\/maranhaotv.com.br\/index.php\/wp-json\/wp\/v2\/media\/43443"}],"wp:attachment":[{"href":"https:\/\/maranhaotv.com.br\/index.php\/wp-json\/wp\/v2\/media?parent=43444"}],"wp:term":[{"taxonomy":"category","embeddable":true,"href":"https:\/\/maranhaotv.com.br\/index.php\/wp-json\/wp\/v2\/categories?post=43444"},{"taxonomy":"post_tag","embeddable":true,"href":"https:\/\/maranhaotv.com.br\/index.php\/wp-json\/wp\/v2\/tags?post=43444"}],"curies":[{"name":"wp","href":"https:\/\/api.w.org\/{rel}","templated":true}]}}