{"id":43556,"date":"2025-08-06T18:12:19","date_gmt":"2025-08-06T21:12:19","guid":{"rendered":"https:\/\/maranhaotv.com.br\/?p=43556"},"modified":"2025-08-06T18:13:54","modified_gmt":"2025-08-06T21:13:54","slug":"prefeito-fred-campos-entrega-a-5a-escola-implantada-do-zero-em-menos-de-7-meses-em-paco-do-lumiar","status":"publish","type":"post","link":"https:\/\/maranhaotv.com.br\/index.php\/2025\/08\/06\/prefeito-fred-campos-entrega-a-5a-escola-implantada-do-zero-em-menos-de-7-meses-em-paco-do-lumiar\/","title":{"rendered":"Prefeito Fred Campos entrega a 5\u00aa escola implantada do zero em menos de 7 meses em Pa\u00e7o do Lumiar."},"content":{"rendered":"\n<p><br>Nesta quarta-feira (06), o prefeito de Pa\u00e7o do Lumiar, Fred Campos, entregou oficialmente a Creche Municipal Poeta Gon\u00e7alves Dias, localizada no Residencial Lu\u00eds Fernando. A unidade \u00e9 a 5\u00aa escola implantada do zero em menos de 7 meses de gest\u00e3o e representa mais um passo firme no avan\u00e7o da educa\u00e7\u00e3o luminense.<br>A creche foi constru\u00edda com estrutura moderna e pensada para atender com qualidade e conforto as crian\u00e7as do munic\u00edpio. O espa\u00e7o conta com salas de aula amplas e climatizadas, banheiros adaptados, refeit\u00f3rio e todos os ambientes necess\u00e1rios para garantir um ambiente acolhedor e funcional tanto para alunos quanto para profissionais da educa\u00e7\u00e3o.<br>Al\u00e9m do prefeito Fred Campos, a solenidade contou com a presen\u00e7a do secret\u00e1rio municipal de Educa\u00e7\u00e3o, professor F\u00e1bio Henrique, vereadores, lideran\u00e7as locais e dezenas de moradores da comunidade, que celebraram a nova conquista.<br>Durante a entrega, Fred Campos destacou o compromisso da sua gest\u00e3o com a transforma\u00e7\u00e3o da educa\u00e7\u00e3o no munic\u00edpio. \u201cEduca\u00e7\u00e3o de verdade se faz com a\u00e7\u00e3o, e \u00e9 isso que estamos fazendo. J\u00e1 s\u00e3o 5 escolas constru\u00eddas do zero e mais de 50 unidades reformadas e climatizadas em apenas 7 meses. Esse \u00e9 o nosso compromisso com as fam\u00edlias luminenses: oferecer ensino de qualidade desde a inf\u00e2ncia, em ambientes dignos, confort\u00e1veis e preparados para o futuro. Vamos seguir trabalhando para que a educa\u00e7\u00e3o de Pa\u00e7o do Lumiar continue sendo refer\u00eancia em todo o Maranh\u00e3o\u201d, afirmou o prefeito.<br>A entrega da Creche Municipal Poeta Gon\u00e7alves Dias refor\u00e7a o compromisso da atual gest\u00e3o com a primeira inf\u00e2ncia e com a valoriza\u00e7\u00e3o da rede municipal de ensino, investindo na base para garantir um futuro melhor para toda a cidade.<\/p>\n\n\n\n<figure class=\"wp-block-image size-large\"><img loading=\"lazy\" decoding=\"async\" width=\"1024\" height=\"682\" src=\"https:\/\/maranhaotv.com.br\/wp-content\/uploads\/2025\/08\/img-20250806-wa06304542613625048245927-1024x682.jpg\" alt=\"\" class=\"wp-image-43552\" srcset=\"https:\/\/maranhaotv.com.br\/wp-content\/uploads\/2025\/08\/img-20250806-wa06304542613625048245927-1024x682.jpg 1024w, https:\/\/maranhaotv.com.br\/wp-content\/uploads\/2025\/08\/img-20250806-wa06304542613625048245927-300x200.jpg 300w, https:\/\/maranhaotv.com.br\/wp-content\/uploads\/2025\/08\/img-20250806-wa06304542613625048245927-768x512.jpg 768w, https:\/\/maranhaotv.com.br\/wp-content\/uploads\/2025\/08\/img-20250806-wa06304542613625048245927-1536x1023.jpg 1536w, https:\/\/maranhaotv.com.br\/wp-content\/uploads\/2025\/08\/img-20250806-wa06304542613625048245927.jpg 1600w\" sizes=\"auto, (max-width: 1024px) 100vw, 1024px\" \/><\/figure>\n\n\n\n<figure class=\"wp-block-image\"><img loading=\"lazy\" decoding=\"async\" width=\"1024\" height=\"682\" src=\"https:\/\/maranhaotv.com.br\/wp-content\/uploads\/2025\/08\/img-20250806-wa06264957117829867223327-1024x682.jpg\" alt=\"\" class=\"wp-image-43551\" srcset=\"https:\/\/maranhaotv.com.br\/wp-content\/uploads\/2025\/08\/img-20250806-wa06264957117829867223327-1024x682.jpg 1024w, https:\/\/maranhaotv.com.br\/wp-content\/uploads\/2025\/08\/img-20250806-wa06264957117829867223327-300x200.jpg 300w, https:\/\/maranhaotv.com.br\/wp-content\/uploads\/2025\/08\/img-20250806-wa06264957117829867223327-768x512.jpg 768w, https:\/\/maranhaotv.com.br\/wp-content\/uploads\/2025\/08\/img-20250806-wa06264957117829867223327-1536x1023.jpg 1536w, https:\/\/maranhaotv.com.br\/wp-content\/uploads\/2025\/08\/img-20250806-wa06264957117829867223327.jpg 1600w\" sizes=\"auto, (max-width: 1024px) 100vw, 1024px\" \/><\/figure>\n\n\n\n<figure class=\"wp-block-image\"><img loading=\"lazy\" decoding=\"async\" width=\"1024\" height=\"682\" src=\"https:\/\/maranhaotv.com.br\/wp-content\/uploads\/2025\/08\/img-20250806-wa06243377407889067696219-1024x682.jpg\" alt=\"\" class=\"wp-image-43553\" srcset=\"https:\/\/maranhaotv.com.br\/wp-content\/uploads\/2025\/08\/img-20250806-wa06243377407889067696219-1024x682.jpg 1024w, https:\/\/maranhaotv.com.br\/wp-content\/uploads\/2025\/08\/img-20250806-wa06243377407889067696219-300x200.jpg 300w, https:\/\/maranhaotv.com.br\/wp-content\/uploads\/2025\/08\/img-20250806-wa06243377407889067696219-768x512.jpg 768w, https:\/\/maranhaotv.com.br\/wp-content\/uploads\/2025\/08\/img-20250806-wa06243377407889067696219-1536x1023.jpg 1536w, https:\/\/maranhaotv.com.br\/wp-content\/uploads\/2025\/08\/img-20250806-wa06243377407889067696219.jpg 1600w\" sizes=\"auto, (max-width: 1024px) 100vw, 1024px\" \/><\/figure>\n\n\n\n<figure class=\"wp-block-image\"><img loading=\"lazy\" decoding=\"async\" width=\"1024\" height=\"682\" src=\"https:\/\/maranhaotv.com.br\/wp-content\/uploads\/2025\/08\/img-20250806-wa06256283259158168838537-1024x682.jpg\" alt=\"\" class=\"wp-image-43554\" srcset=\"https:\/\/maranhaotv.com.br\/wp-content\/uploads\/2025\/08\/img-20250806-wa06256283259158168838537-1024x682.jpg 1024w, https:\/\/maranhaotv.com.br\/wp-content\/uploads\/2025\/08\/img-20250806-wa06256283259158168838537-300x200.jpg 300w, https:\/\/maranhaotv.com.br\/wp-content\/uploads\/2025\/08\/img-20250806-wa06256283259158168838537-768x512.jpg 768w, https:\/\/maranhaotv.com.br\/wp-content\/uploads\/2025\/08\/img-20250806-wa06256283259158168838537-1536x1023.jpg 1536w, https:\/\/maranhaotv.com.br\/wp-content\/uploads\/2025\/08\/img-20250806-wa06256283259158168838537.jpg 1600w\" sizes=\"auto, (max-width: 1024px) 100vw, 1024px\" \/><\/figure>\n","protected":false},"excerpt":{"rendered":"<p>Nesta quarta-feira (06), o prefeito de Pa\u00e7o do Lumiar, Fred Campos, entregou oficialmente a Creche Municipal Poeta Gon\u00e7alves Dias, localizada<\/p>\n","protected":false},"author":2,"featured_media":43555,"comment_status":"open","ping_status":"open","sticky":false,"template":"","format":"standard","meta":{"colormag_page_container_layout":"default_layout","colormag_page_sidebar_layout":"default_layout","_jetpack_memberships_contains_paid_content":false,"footnotes":""},"categories":[2],"tags":[],"class_list":["post-43556","post","type-post","status-publish","format-standard","has-post-thumbnail","hentry","category-noticias"],"magazineBlocksPostFeaturedMedia":{"thumbnail":"https:\/\/maranhaotv.com.br\/wp-content\/uploads\/2025\/08\/image_editor_output_image308714199-1754514759927-150x150.jpg","medium":"https:\/\/maranhaotv.com.br\/wp-content\/uploads\/2025\/08\/image_editor_output_image308714199-1754514759927-300x176.jpg","medium_large":"https:\/\/maranhaotv.com.br\/wp-content\/uploads\/2025\/08\/image_editor_output_image308714199-1754514759927-768x450.jpg","large":"https:\/\/maranhaotv.com.br\/wp-content\/uploads\/2025\/08\/image_editor_output_image308714199-1754514759927-1024x600.jpg","1536x1536":"https:\/\/maranhaotv.com.br\/wp-content\/uploads\/2025\/08\/image_editor_output_image308714199-1754514759927-1536x900.jpg","2048x2048":"https:\/\/maranhaotv.com.br\/wp-content\/uploads\/2025\/08\/image_editor_output_image308714199-1754514759927.jpg","colormag-highlighted-post":"https:\/\/maranhaotv.com.br\/wp-content\/uploads\/2025\/08\/image_editor_output_image308714199-1754514759927-392x272.jpg","colormag-featured-post-medium":"https:\/\/maranhaotv.com.br\/wp-content\/uploads\/2025\/08\/image_editor_output_image308714199-1754514759927-390x205.jpg","colormag-featured-post-small":"https:\/\/maranhaotv.com.br\/wp-content\/uploads\/2025\/08\/image_editor_output_image308714199-1754514759927-130x90.jpg","colormag-featured-image":"https:\/\/maranhaotv.com.br\/wp-content\/uploads\/2025\/08\/image_editor_output_image308714199-1754514759927-800x445.jpg","colormag-default-news":"https:\/\/maranhaotv.com.br\/wp-content\/uploads\/2025\/08\/image_editor_output_image308714199-1754514759927-150x150.jpg","colormag-featured-image-large":"https:\/\/maranhaotv.com.br\/wp-content\/uploads\/2025\/08\/image_editor_output_image308714199-1754514759927-1400x600.jpg"},"magazineBlocksPostAuthor":{"name":"maranhaotv","avatar":"https:\/\/secure.gravatar.com\/avatar\/8fadbca458d4cb68b1dd399ae9a40618d747bb1af65ac9fad21c89220a143eb4?s=96&d=mm&r=g"},"magazineBlocksPostCommentsNumber":"0","magazineBlocksPostExcerpt":"Nesta quarta-feira (06), o prefeito de Pa\u00e7o do Lumiar, Fred Campos, entregou oficialmente a Creche Municipal Poeta Gon\u00e7alves Dias, localizada","magazineBlocksPostCategories":["not\u00edcias"],"magazineBlocksPostViewCount":253,"magazineBlocksPostReadTime":2,"magazine_blocks_featured_image_url":{"full":["https:\/\/maranhaotv.com.br\/wp-content\/uploads\/2025\/08\/image_editor_output_image308714199-1754514759927.jpg",1600,937,false],"medium":["https:\/\/maranhaotv.com.br\/wp-content\/uploads\/2025\/08\/image_editor_output_image308714199-1754514759927-300x176.jpg",300,176,true],"thumbnail":["https:\/\/maranhaotv.com.br\/wp-content\/uploads\/2025\/08\/image_editor_output_image308714199-1754514759927-150x150.jpg",150,150,true]},"magazine_blocks_author":{"display_name":"maranhaotv","author_link":"https:\/\/maranhaotv.com.br\/index.php\/author\/maranhaotv\/"},"magazine_blocks_comment":0,"magazine_blocks_author_image":"https:\/\/secure.gravatar.com\/avatar\/8fadbca458d4cb68b1dd399ae9a40618d747bb1af65ac9fad21c89220a143eb4?s=96&d=mm&r=g","magazine_blocks_category":"<a href=\"#\" class=\"category-link category-link-2\">not\u00edcias<\/a>","yoast_head":"<!-- This site is optimized with the Yoast SEO plugin v27.4 - https:\/\/yoast.com\/product\/yoast-seo-wordpress\/ -->\n<title>Prefeito Fred Campos entrega a 5\u00aa escola implantada do zero em menos de 7 meses em Pa\u00e7o do Lumiar. - NOT\u00cdCIAS EM TEMPO REAL<\/title>\n<meta name=\"robots\" content=\"index, follow, max-snippet:-1, max-image-preview:large, max-video-preview:-1\" \/>\n<link rel=\"canonical\" href=\"https:\/\/maranhaotv.com.br\/index.php\/2025\/08\/06\/prefeito-fred-campos-entrega-a-5a-escola-implantada-do-zero-em-menos-de-7-meses-em-paco-do-lumiar\/\" \/>\n<meta property=\"og:locale\" content=\"pt_BR\" \/>\n<meta property=\"og:type\" content=\"article\" \/>\n<meta property=\"og:title\" content=\"Prefeito Fred Campos entrega a 5\u00aa escola implantada do zero em menos de 7 meses em Pa\u00e7o do Lumiar. - NOT\u00cdCIAS EM TEMPO REAL\" \/>\n<meta property=\"og:description\" content=\"Nesta quarta-feira (06), o prefeito de Pa\u00e7o do Lumiar, Fred Campos, entregou oficialmente a Creche Municipal Poeta Gon\u00e7alves Dias, localizada\" \/>\n<meta property=\"og:url\" content=\"https:\/\/maranhaotv.com.br\/index.php\/2025\/08\/06\/prefeito-fred-campos-entrega-a-5a-escola-implantada-do-zero-em-menos-de-7-meses-em-paco-do-lumiar\/\" \/>\n<meta property=\"og:site_name\" content=\"NOT\u00cdCIAS EM TEMPO REAL\" \/>\n<meta property=\"article:publisher\" content=\"https:\/\/www.facebook.com\/maiobaotv\" \/>\n<meta property=\"article:published_time\" content=\"2025-08-06T21:12:19+00:00\" \/>\n<meta property=\"article:modified_time\" content=\"2025-08-06T21:13:54+00:00\" \/>\n<meta property=\"og:image\" content=\"https:\/\/maranhaotv.com.br\/wp-content\/uploads\/2025\/08\/image_editor_output_image308714199-1754514759927.jpg\" \/>\n\t<meta property=\"og:image:width\" content=\"1600\" \/>\n\t<meta property=\"og:image:height\" content=\"937\" \/>\n\t<meta property=\"og:image:type\" content=\"image\/jpeg\" \/>\n<meta name=\"author\" content=\"maranhaotv\" \/>\n<meta name=\"twitter:card\" content=\"summary_large_image\" \/>\n<meta name=\"twitter:creator\" content=\"@sitemaranhaotv\" \/>\n<meta name=\"twitter:site\" content=\"@sitemaranhaotv\" \/>\n<meta name=\"twitter:label1\" content=\"Escrito por\" \/>\n\t<meta name=\"twitter:data1\" content=\"maranhaotv\" \/>\n\t<meta name=\"twitter:label2\" content=\"Est. tempo de leitura\" \/>\n\t<meta name=\"twitter:data2\" content=\"2 minutos\" \/>\n<script type=\"application\/ld+json\" class=\"yoast-schema-graph\">{\"@context\":\"https:\\\/\\\/schema.org\",\"@graph\":[{\"@type\":\"Article\",\"@id\":\"https:\\\/\\\/maranhaotv.com.br\\\/index.php\\\/2025\\\/08\\\/06\\\/prefeito-fred-campos-entrega-a-5a-escola-implantada-do-zero-em-menos-de-7-meses-em-paco-do-lumiar\\\/#article\",\"isPartOf\":{\"@id\":\"https:\\\/\\\/maranhaotv.com.br\\\/index.php\\\/2025\\\/08\\\/06\\\/prefeito-fred-campos-entrega-a-5a-escola-implantada-do-zero-em-menos-de-7-meses-em-paco-do-lumiar\\\/\"},\"author\":{\"name\":\"maranhaotv\",\"@id\":\"https:\\\/\\\/maranhaotv.com.br\\\/#\\\/schema\\\/person\\\/3d54238e86b20bb5c89ab2fdb8f8829a\"},\"headline\":\"Prefeito Fred Campos entrega a 5\u00aa escola implantada do zero em menos de 7 meses em Pa\u00e7o do Lumiar.\",\"datePublished\":\"2025-08-06T21:12:19+00:00\",\"dateModified\":\"2025-08-06T21:13:54+00:00\",\"mainEntityOfPage\":{\"@id\":\"https:\\\/\\\/maranhaotv.com.br\\\/index.php\\\/2025\\\/08\\\/06\\\/prefeito-fred-campos-entrega-a-5a-escola-implantada-do-zero-em-menos-de-7-meses-em-paco-do-lumiar\\\/\"},\"wordCount\":319,\"commentCount\":0,\"publisher\":{\"@id\":\"https:\\\/\\\/maranhaotv.com.br\\\/#organization\"},\"image\":{\"@id\":\"https:\\\/\\\/maranhaotv.com.br\\\/index.php\\\/2025\\\/08\\\/06\\\/prefeito-fred-campos-entrega-a-5a-escola-implantada-do-zero-em-menos-de-7-meses-em-paco-do-lumiar\\\/#primaryimage\"},\"thumbnailUrl\":\"https:\\\/\\\/maranhaotv.com.br\\\/wp-content\\\/uploads\\\/2025\\\/08\\\/image_editor_output_image308714199-1754514759927.jpg\",\"articleSection\":[\"not\u00edcias\"],\"inLanguage\":\"pt-BR\",\"potentialAction\":[{\"@type\":\"CommentAction\",\"name\":\"Comment\",\"target\":[\"https:\\\/\\\/maranhaotv.com.br\\\/index.php\\\/2025\\\/08\\\/06\\\/prefeito-fred-campos-entrega-a-5a-escola-implantada-do-zero-em-menos-de-7-meses-em-paco-do-lumiar\\\/#respond\"]}]},{\"@type\":\"WebPage\",\"@id\":\"https:\\\/\\\/maranhaotv.com.br\\\/index.php\\\/2025\\\/08\\\/06\\\/prefeito-fred-campos-entrega-a-5a-escola-implantada-do-zero-em-menos-de-7-meses-em-paco-do-lumiar\\\/\",\"url\":\"https:\\\/\\\/maranhaotv.com.br\\\/index.php\\\/2025\\\/08\\\/06\\\/prefeito-fred-campos-entrega-a-5a-escola-implantada-do-zero-em-menos-de-7-meses-em-paco-do-lumiar\\\/\",\"name\":\"Prefeito Fred Campos entrega a 5\u00aa escola implantada do zero em menos de 7 meses em Pa\u00e7o do Lumiar. - NOT\u00cdCIAS EM TEMPO REAL\",\"isPartOf\":{\"@id\":\"https:\\\/\\\/maranhaotv.com.br\\\/#website\"},\"primaryImageOfPage\":{\"@id\":\"https:\\\/\\\/maranhaotv.com.br\\\/index.php\\\/2025\\\/08\\\/06\\\/prefeito-fred-campos-entrega-a-5a-escola-implantada-do-zero-em-menos-de-7-meses-em-paco-do-lumiar\\\/#primaryimage\"},\"image\":{\"@id\":\"https:\\\/\\\/maranhaotv.com.br\\\/index.php\\\/2025\\\/08\\\/06\\\/prefeito-fred-campos-entrega-a-5a-escola-implantada-do-zero-em-menos-de-7-meses-em-paco-do-lumiar\\\/#primaryimage\"},\"thumbnailUrl\":\"https:\\\/\\\/maranhaotv.com.br\\\/wp-content\\\/uploads\\\/2025\\\/08\\\/image_editor_output_image308714199-1754514759927.jpg\",\"datePublished\":\"2025-08-06T21:12:19+00:00\",\"dateModified\":\"2025-08-06T21:13:54+00:00\",\"breadcrumb\":{\"@id\":\"https:\\\/\\\/maranhaotv.com.br\\\/index.php\\\/2025\\\/08\\\/06\\\/prefeito-fred-campos-entrega-a-5a-escola-implantada-do-zero-em-menos-de-7-meses-em-paco-do-lumiar\\\/#breadcrumb\"},\"inLanguage\":\"pt-BR\",\"potentialAction\":[{\"@type\":\"ReadAction\",\"target\":[\"https:\\\/\\\/maranhaotv.com.br\\\/index.php\\\/2025\\\/08\\\/06\\\/prefeito-fred-campos-entrega-a-5a-escola-implantada-do-zero-em-menos-de-7-meses-em-paco-do-lumiar\\\/\"]}]},{\"@type\":\"ImageObject\",\"inLanguage\":\"pt-BR\",\"@id\":\"https:\\\/\\\/maranhaotv.com.br\\\/index.php\\\/2025\\\/08\\\/06\\\/prefeito-fred-campos-entrega-a-5a-escola-implantada-do-zero-em-menos-de-7-meses-em-paco-do-lumiar\\\/#primaryimage\",\"url\":\"https:\\\/\\\/maranhaotv.com.br\\\/wp-content\\\/uploads\\\/2025\\\/08\\\/image_editor_output_image308714199-1754514759927.jpg\",\"contentUrl\":\"https:\\\/\\\/maranhaotv.com.br\\\/wp-content\\\/uploads\\\/2025\\\/08\\\/image_editor_output_image308714199-1754514759927.jpg\",\"width\":1600,\"height\":937},{\"@type\":\"BreadcrumbList\",\"@id\":\"https:\\\/\\\/maranhaotv.com.br\\\/index.php\\\/2025\\\/08\\\/06\\\/prefeito-fred-campos-entrega-a-5a-escola-implantada-do-zero-em-menos-de-7-meses-em-paco-do-lumiar\\\/#breadcrumb\",\"itemListElement\":[{\"@type\":\"ListItem\",\"position\":1,\"name\":\"In\u00edcio\",\"item\":\"https:\\\/\\\/maranhaotv.com.br\\\/\"},{\"@type\":\"ListItem\",\"position\":2,\"name\":\"Prefeito Fred Campos entrega a 5\u00aa escola implantada do zero em menos de 7 meses em Pa\u00e7o do Lumiar.\"}]},{\"@type\":\"WebSite\",\"@id\":\"https:\\\/\\\/maranhaotv.com.br\\\/#website\",\"url\":\"https:\\\/\\\/maranhaotv.com.br\\\/\",\"name\":\"Maranh\u00e3oTV\",\"description\":\"\",\"publisher\":{\"@id\":\"https:\\\/\\\/maranhaotv.com.br\\\/#organization\"},\"potentialAction\":[{\"@type\":\"SearchAction\",\"target\":{\"@type\":\"EntryPoint\",\"urlTemplate\":\"https:\\\/\\\/maranhaotv.com.br\\\/?s={search_term_string}\"},\"query-input\":{\"@type\":\"PropertyValueSpecification\",\"valueRequired\":true,\"valueName\":\"search_term_string\"}}],\"inLanguage\":\"pt-BR\"},{\"@type\":\"Organization\",\"@id\":\"https:\\\/\\\/maranhaotv.com.br\\\/#organization\",\"name\":\"Portal de Not\u00edcias\",\"url\":\"https:\\\/\\\/maranhaotv.com.br\\\/\",\"logo\":{\"@type\":\"ImageObject\",\"inLanguage\":\"pt-BR\",\"@id\":\"https:\\\/\\\/maranhaotv.com.br\\\/#\\\/schema\\\/logo\\\/image\\\/\",\"url\":\"https:\\\/\\\/maranhaotv.com.br\\\/wp-content\\\/uploads\\\/2024\\\/05\\\/cropped-cropped-avatar-1.png\",\"contentUrl\":\"https:\\\/\\\/maranhaotv.com.br\\\/wp-content\\\/uploads\\\/2024\\\/05\\\/cropped-cropped-avatar-1.png\",\"width\":792,\"height\":428,\"caption\":\"Portal de Not\u00edcias\"},\"image\":{\"@id\":\"https:\\\/\\\/maranhaotv.com.br\\\/#\\\/schema\\\/logo\\\/image\\\/\"},\"sameAs\":[\"https:\\\/\\\/www.facebook.com\\\/maiobaotv\",\"https:\\\/\\\/x.com\\\/sitemaranhaotv\",\"https:\\\/\\\/www.instagram.com\\\/maranhao.tv\",\"https:\\\/\\\/www.threads.net\\\/@maranhao.tv\"]},{\"@type\":\"Person\",\"@id\":\"https:\\\/\\\/maranhaotv.com.br\\\/#\\\/schema\\\/person\\\/3d54238e86b20bb5c89ab2fdb8f8829a\",\"name\":\"maranhaotv\",\"image\":{\"@type\":\"ImageObject\",\"inLanguage\":\"pt-BR\",\"@id\":\"https:\\\/\\\/secure.gravatar.com\\\/avatar\\\/8fadbca458d4cb68b1dd399ae9a40618d747bb1af65ac9fad21c89220a143eb4?s=96&d=mm&r=g\",\"url\":\"https:\\\/\\\/secure.gravatar.com\\\/avatar\\\/8fadbca458d4cb68b1dd399ae9a40618d747bb1af65ac9fad21c89220a143eb4?s=96&d=mm&r=g\",\"contentUrl\":\"https:\\\/\\\/secure.gravatar.com\\\/avatar\\\/8fadbca458d4cb68b1dd399ae9a40618d747bb1af65ac9fad21c89220a143eb4?s=96&d=mm&r=g\",\"caption\":\"maranhaotv\"},\"sameAs\":[\"https:\\\/\\\/maranhaotv.com.br\\\/\"],\"url\":\"https:\\\/\\\/maranhaotv.com.br\\\/index.php\\\/author\\\/maranhaotv\\\/\"}]}<\/script>\n<!-- \/ Yoast SEO plugin. -->","yoast_head_json":{"title":"Prefeito Fred Campos entrega a 5\u00aa escola implantada do zero em menos de 7 meses em Pa\u00e7o do Lumiar. - NOT\u00cdCIAS EM TEMPO REAL","robots":{"index":"index","follow":"follow","max-snippet":"max-snippet:-1","max-image-preview":"max-image-preview:large","max-video-preview":"max-video-preview:-1"},"canonical":"https:\/\/maranhaotv.com.br\/index.php\/2025\/08\/06\/prefeito-fred-campos-entrega-a-5a-escola-implantada-do-zero-em-menos-de-7-meses-em-paco-do-lumiar\/","og_locale":"pt_BR","og_type":"article","og_title":"Prefeito Fred Campos entrega a 5\u00aa escola implantada do zero em menos de 7 meses em Pa\u00e7o do Lumiar. - NOT\u00cdCIAS EM TEMPO REAL","og_description":"Nesta quarta-feira (06), o prefeito de Pa\u00e7o do Lumiar, Fred Campos, entregou oficialmente a Creche Municipal Poeta Gon\u00e7alves Dias, localizada","og_url":"https:\/\/maranhaotv.com.br\/index.php\/2025\/08\/06\/prefeito-fred-campos-entrega-a-5a-escola-implantada-do-zero-em-menos-de-7-meses-em-paco-do-lumiar\/","og_site_name":"NOT\u00cdCIAS EM TEMPO REAL","article_publisher":"https:\/\/www.facebook.com\/maiobaotv","article_published_time":"2025-08-06T21:12:19+00:00","article_modified_time":"2025-08-06T21:13:54+00:00","og_image":[{"width":1600,"height":937,"url":"https:\/\/maranhaotv.com.br\/wp-content\/uploads\/2025\/08\/image_editor_output_image308714199-1754514759927.jpg","type":"image\/jpeg"}],"author":"maranhaotv","twitter_card":"summary_large_image","twitter_creator":"@sitemaranhaotv","twitter_site":"@sitemaranhaotv","twitter_misc":{"Escrito por":"maranhaotv","Est. tempo de leitura":"2 minutos"},"schema":{"@context":"https:\/\/schema.org","@graph":[{"@type":"Article","@id":"https:\/\/maranhaotv.com.br\/index.php\/2025\/08\/06\/prefeito-fred-campos-entrega-a-5a-escola-implantada-do-zero-em-menos-de-7-meses-em-paco-do-lumiar\/#article","isPartOf":{"@id":"https:\/\/maranhaotv.com.br\/index.php\/2025\/08\/06\/prefeito-fred-campos-entrega-a-5a-escola-implantada-do-zero-em-menos-de-7-meses-em-paco-do-lumiar\/"},"author":{"name":"maranhaotv","@id":"https:\/\/maranhaotv.com.br\/#\/schema\/person\/3d54238e86b20bb5c89ab2fdb8f8829a"},"headline":"Prefeito Fred Campos entrega a 5\u00aa escola implantada do zero em menos de 7 meses em Pa\u00e7o do Lumiar.","datePublished":"2025-08-06T21:12:19+00:00","dateModified":"2025-08-06T21:13:54+00:00","mainEntityOfPage":{"@id":"https:\/\/maranhaotv.com.br\/index.php\/2025\/08\/06\/prefeito-fred-campos-entrega-a-5a-escola-implantada-do-zero-em-menos-de-7-meses-em-paco-do-lumiar\/"},"wordCount":319,"commentCount":0,"publisher":{"@id":"https:\/\/maranhaotv.com.br\/#organization"},"image":{"@id":"https:\/\/maranhaotv.com.br\/index.php\/2025\/08\/06\/prefeito-fred-campos-entrega-a-5a-escola-implantada-do-zero-em-menos-de-7-meses-em-paco-do-lumiar\/#primaryimage"},"thumbnailUrl":"https:\/\/maranhaotv.com.br\/wp-content\/uploads\/2025\/08\/image_editor_output_image308714199-1754514759927.jpg","articleSection":["not\u00edcias"],"inLanguage":"pt-BR","potentialAction":[{"@type":"CommentAction","name":"Comment","target":["https:\/\/maranhaotv.com.br\/index.php\/2025\/08\/06\/prefeito-fred-campos-entrega-a-5a-escola-implantada-do-zero-em-menos-de-7-meses-em-paco-do-lumiar\/#respond"]}]},{"@type":"WebPage","@id":"https:\/\/maranhaotv.com.br\/index.php\/2025\/08\/06\/prefeito-fred-campos-entrega-a-5a-escola-implantada-do-zero-em-menos-de-7-meses-em-paco-do-lumiar\/","url":"https:\/\/maranhaotv.com.br\/index.php\/2025\/08\/06\/prefeito-fred-campos-entrega-a-5a-escola-implantada-do-zero-em-menos-de-7-meses-em-paco-do-lumiar\/","name":"Prefeito Fred Campos entrega a 5\u00aa escola implantada do zero em menos de 7 meses em Pa\u00e7o do Lumiar. - NOT\u00cdCIAS EM TEMPO REAL","isPartOf":{"@id":"https:\/\/maranhaotv.com.br\/#website"},"primaryImageOfPage":{"@id":"https:\/\/maranhaotv.com.br\/index.php\/2025\/08\/06\/prefeito-fred-campos-entrega-a-5a-escola-implantada-do-zero-em-menos-de-7-meses-em-paco-do-lumiar\/#primaryimage"},"image":{"@id":"https:\/\/maranhaotv.com.br\/index.php\/2025\/08\/06\/prefeito-fred-campos-entrega-a-5a-escola-implantada-do-zero-em-menos-de-7-meses-em-paco-do-lumiar\/#primaryimage"},"thumbnailUrl":"https:\/\/maranhaotv.com.br\/wp-content\/uploads\/2025\/08\/image_editor_output_image308714199-1754514759927.jpg","datePublished":"2025-08-06T21:12:19+00:00","dateModified":"2025-08-06T21:13:54+00:00","breadcrumb":{"@id":"https:\/\/maranhaotv.com.br\/index.php\/2025\/08\/06\/prefeito-fred-campos-entrega-a-5a-escola-implantada-do-zero-em-menos-de-7-meses-em-paco-do-lumiar\/#breadcrumb"},"inLanguage":"pt-BR","potentialAction":[{"@type":"ReadAction","target":["https:\/\/maranhaotv.com.br\/index.php\/2025\/08\/06\/prefeito-fred-campos-entrega-a-5a-escola-implantada-do-zero-em-menos-de-7-meses-em-paco-do-lumiar\/"]}]},{"@type":"ImageObject","inLanguage":"pt-BR","@id":"https:\/\/maranhaotv.com.br\/index.php\/2025\/08\/06\/prefeito-fred-campos-entrega-a-5a-escola-implantada-do-zero-em-menos-de-7-meses-em-paco-do-lumiar\/#primaryimage","url":"https:\/\/maranhaotv.com.br\/wp-content\/uploads\/2025\/08\/image_editor_output_image308714199-1754514759927.jpg","contentUrl":"https:\/\/maranhaotv.com.br\/wp-content\/uploads\/2025\/08\/image_editor_output_image308714199-1754514759927.jpg","width":1600,"height":937},{"@type":"BreadcrumbList","@id":"https:\/\/maranhaotv.com.br\/index.php\/2025\/08\/06\/prefeito-fred-campos-entrega-a-5a-escola-implantada-do-zero-em-menos-de-7-meses-em-paco-do-lumiar\/#breadcrumb","itemListElement":[{"@type":"ListItem","position":1,"name":"In\u00edcio","item":"https:\/\/maranhaotv.com.br\/"},{"@type":"ListItem","position":2,"name":"Prefeito Fred Campos entrega a 5\u00aa escola implantada do zero em menos de 7 meses em Pa\u00e7o do Lumiar."}]},{"@type":"WebSite","@id":"https:\/\/maranhaotv.com.br\/#website","url":"https:\/\/maranhaotv.com.br\/","name":"Maranh\u00e3oTV","description":"","publisher":{"@id":"https:\/\/maranhaotv.com.br\/#organization"},"potentialAction":[{"@type":"SearchAction","target":{"@type":"EntryPoint","urlTemplate":"https:\/\/maranhaotv.com.br\/?s={search_term_string}"},"query-input":{"@type":"PropertyValueSpecification","valueRequired":true,"valueName":"search_term_string"}}],"inLanguage":"pt-BR"},{"@type":"Organization","@id":"https:\/\/maranhaotv.com.br\/#organization","name":"Portal de Not\u00edcias","url":"https:\/\/maranhaotv.com.br\/","logo":{"@type":"ImageObject","inLanguage":"pt-BR","@id":"https:\/\/maranhaotv.com.br\/#\/schema\/logo\/image\/","url":"https:\/\/maranhaotv.com.br\/wp-content\/uploads\/2024\/05\/cropped-cropped-avatar-1.png","contentUrl":"https:\/\/maranhaotv.com.br\/wp-content\/uploads\/2024\/05\/cropped-cropped-avatar-1.png","width":792,"height":428,"caption":"Portal de Not\u00edcias"},"image":{"@id":"https:\/\/maranhaotv.com.br\/#\/schema\/logo\/image\/"},"sameAs":["https:\/\/www.facebook.com\/maiobaotv","https:\/\/x.com\/sitemaranhaotv","https:\/\/www.instagram.com\/maranhao.tv","https:\/\/www.threads.net\/@maranhao.tv"]},{"@type":"Person","@id":"https:\/\/maranhaotv.com.br\/#\/schema\/person\/3d54238e86b20bb5c89ab2fdb8f8829a","name":"maranhaotv","image":{"@type":"ImageObject","inLanguage":"pt-BR","@id":"https:\/\/secure.gravatar.com\/avatar\/8fadbca458d4cb68b1dd399ae9a40618d747bb1af65ac9fad21c89220a143eb4?s=96&d=mm&r=g","url":"https:\/\/secure.gravatar.com\/avatar\/8fadbca458d4cb68b1dd399ae9a40618d747bb1af65ac9fad21c89220a143eb4?s=96&d=mm&r=g","contentUrl":"https:\/\/secure.gravatar.com\/avatar\/8fadbca458d4cb68b1dd399ae9a40618d747bb1af65ac9fad21c89220a143eb4?s=96&d=mm&r=g","caption":"maranhaotv"},"sameAs":["https:\/\/maranhaotv.com.br\/"],"url":"https:\/\/maranhaotv.com.br\/index.php\/author\/maranhaotv\/"}]}},"jetpack_featured_media_url":"https:\/\/maranhaotv.com.br\/wp-content\/uploads\/2025\/08\/image_editor_output_image308714199-1754514759927.jpg","jetpack_sharing_enabled":true,"_links":{"self":[{"href":"https:\/\/maranhaotv.com.br\/index.php\/wp-json\/wp\/v2\/posts\/43556","targetHints":{"allow":["GET"]}}],"collection":[{"href":"https:\/\/maranhaotv.com.br\/index.php\/wp-json\/wp\/v2\/posts"}],"about":[{"href":"https:\/\/maranhaotv.com.br\/index.php\/wp-json\/wp\/v2\/types\/post"}],"author":[{"embeddable":true,"href":"https:\/\/maranhaotv.com.br\/index.php\/wp-json\/wp\/v2\/users\/2"}],"replies":[{"embeddable":true,"href":"https:\/\/maranhaotv.com.br\/index.php\/wp-json\/wp\/v2\/comments?post=43556"}],"version-history":[{"count":2,"href":"https:\/\/maranhaotv.com.br\/index.php\/wp-json\/wp\/v2\/posts\/43556\/revisions"}],"predecessor-version":[{"id":43558,"href":"https:\/\/maranhaotv.com.br\/index.php\/wp-json\/wp\/v2\/posts\/43556\/revisions\/43558"}],"wp:featuredmedia":[{"embeddable":true,"href":"https:\/\/maranhaotv.com.br\/index.php\/wp-json\/wp\/v2\/media\/43555"}],"wp:attachment":[{"href":"https:\/\/maranhaotv.com.br\/index.php\/wp-json\/wp\/v2\/media?parent=43556"}],"wp:term":[{"taxonomy":"category","embeddable":true,"href":"https:\/\/maranhaotv.com.br\/index.php\/wp-json\/wp\/v2\/categories?post=43556"},{"taxonomy":"post_tag","embeddable":true,"href":"https:\/\/maranhaotv.com.br\/index.php\/wp-json\/wp\/v2\/tags?post=43556"}],"curies":[{"name":"wp","href":"https:\/\/api.w.org\/{rel}","templated":true}]}}