{"id":43629,"date":"2025-08-09T12:25:26","date_gmt":"2025-08-09T15:25:26","guid":{"rendered":"https:\/\/maranhaotv.com.br\/?p=43629"},"modified":"2025-08-09T12:26:28","modified_gmt":"2025-08-09T15:26:28","slug":"brandao-lanca-programa-educacao-de-verdade-para-reforcar-alimentacao-transporte-e-tecnologia-nas-escolas-estaduais","status":"publish","type":"post","link":"https:\/\/maranhaotv.com.br\/index.php\/2025\/08\/09\/brandao-lanca-programa-educacao-de-verdade-para-reforcar-alimentacao-transporte-e-tecnologia-nas-escolas-estaduais\/","title":{"rendered":"Brand\u00e3o lan\u00e7a programa \u201cEduca\u00e7\u00e3o de Verdade\u201d para refor\u00e7ar alimenta\u00e7\u00e3o, transporte e tecnologia nas escolas estaduais"},"content":{"rendered":"\n<p><br>O governador do Maranh\u00e3o, Carlos Brand\u00e3o, lan\u00e7ou nesta sexta-feira (8), no Pal\u00e1cio Henrique de La Rocque, em S\u00e3o Lu\u00eds, o macroprograma Educa\u00e7\u00e3o de Verdade, que vai beneficiar mais de 247 mil alunos da rede estadual. A iniciativa re\u00fane tr\u00eas eixos: Refei\u00e7\u00e3o de Verdade, para Mentes Brilhantes, Transporte de Verdade e a entrega de tablets para todos os estudantes e notebooks para todos os professores.<br><br>O programa atender\u00e1 alunos da educa\u00e7\u00e3o b\u00e1sica nas modalidades regular, Atendimento Educacional Especializado (AEE), Educa\u00e7\u00e3o de Jovens e Adultos (EJA), quilombola e anexos. Segundo Brand\u00e3o, a medida vai melhorar indicadores educacionais, ampliar a seguran\u00e7a alimentar e garantir acesso \u00e0 tecnologia.<br><br>\u201cVamos oferecer refei\u00e7\u00f5es de qualidade, aumentar o repasse para o transporte escolar e entregar equipamentos para apoiar o aprendizado dentro e fora da sala de aula\u201d, afirmou o governador.<br><br>A secret\u00e1ria de Estado da Educa\u00e7\u00e3o, Jandira Dias, destacou que o programa refor\u00e7a a perman\u00eancia dos estudantes na escola e fortalece a parceria com as prefeituras. \u201cNo Refei\u00e7\u00e3o de Verdade, os alunos ter\u00e3o direito a almo\u00e7o e\/ou jantar. J\u00e1 no Transporte de Verdade, vamos atualizar o repasse de recursos para os munic\u00edpios\u201d, disse.<br><br>O eixo da alimenta\u00e7\u00e3o ter\u00e1 investimento de R$ 61,7 milh\u00f5es do Tesouro Estadual, garantindo refei\u00e7\u00f5es balanceadas durante os 200 dias letivos. A a\u00e7\u00e3o come\u00e7a no segundo semestre deste ano e, al\u00e9m de combater a evas\u00e3o escolar, busca promover h\u00e1bitos alimentares mais saud\u00e1veis.<br><br>Estudantes que participaram da solenidade comemoraram o lan\u00e7amento. \u201cVai melhorar muito o nosso desempenho\u201d, disse Adrianny Maria Silva, aluna do Centro de Ensino Pedro \u00c1lvares Cabral.<\/p>\n\n\n\n<figure class=\"wp-block-image size-large\"><img loading=\"lazy\" decoding=\"async\" width=\"1024\" height=\"682\" src=\"https:\/\/maranhaotv.com.br\/wp-content\/uploads\/2025\/08\/img-20250809-wa01582724832304787356746-1024x682.jpg\" alt=\"\" class=\"wp-image-43627\" srcset=\"https:\/\/maranhaotv.com.br\/wp-content\/uploads\/2025\/08\/img-20250809-wa01582724832304787356746-1024x682.jpg 1024w, https:\/\/maranhaotv.com.br\/wp-content\/uploads\/2025\/08\/img-20250809-wa01582724832304787356746-300x200.jpg 300w, https:\/\/maranhaotv.com.br\/wp-content\/uploads\/2025\/08\/img-20250809-wa01582724832304787356746-768x512.jpg 768w, https:\/\/maranhaotv.com.br\/wp-content\/uploads\/2025\/08\/img-20250809-wa01582724832304787356746-1536x1023.jpg 1536w, https:\/\/maranhaotv.com.br\/wp-content\/uploads\/2025\/08\/img-20250809-wa01582724832304787356746.jpg 1600w\" sizes=\"auto, (max-width: 1024px) 100vw, 1024px\" \/><\/figure>\n","protected":false},"excerpt":{"rendered":"<p>O governador do Maranh\u00e3o, Carlos Brand\u00e3o, lan\u00e7ou nesta sexta-feira (8), no Pal\u00e1cio Henrique de La Rocque, em S\u00e3o Lu\u00eds, o<\/p>\n","protected":false},"author":2,"featured_media":43628,"comment_status":"open","ping_status":"open","sticky":false,"template":"","format":"standard","meta":{"colormag_page_container_layout":"default_layout","colormag_page_sidebar_layout":"default_layout","_jetpack_memberships_contains_paid_content":false,"footnotes":""},"categories":[11],"tags":[],"class_list":["post-43629","post","type-post","status-publish","format-standard","has-post-thumbnail","hentry","category-educacao"],"magazineBlocksPostFeaturedMedia":{"thumbnail":"https:\/\/maranhaotv.com.br\/wp-content\/uploads\/2025\/08\/IMG-20250809-WA0157-150x150.jpg","medium":"https:\/\/maranhaotv.com.br\/wp-content\/uploads\/2025\/08\/IMG-20250809-WA0157-300x200.jpg","medium_large":"https:\/\/maranhaotv.com.br\/wp-content\/uploads\/2025\/08\/IMG-20250809-WA0157-768x512.jpg","large":"https:\/\/maranhaotv.com.br\/wp-content\/uploads\/2025\/08\/IMG-20250809-WA0157-1024x682.jpg","1536x1536":"https:\/\/maranhaotv.com.br\/wp-content\/uploads\/2025\/08\/IMG-20250809-WA0157-1536x1023.jpg","2048x2048":"https:\/\/maranhaotv.com.br\/wp-content\/uploads\/2025\/08\/IMG-20250809-WA0157.jpg","colormag-highlighted-post":"https:\/\/maranhaotv.com.br\/wp-content\/uploads\/2025\/08\/IMG-20250809-WA0157-392x272.jpg","colormag-featured-post-medium":"https:\/\/maranhaotv.com.br\/wp-content\/uploads\/2025\/08\/IMG-20250809-WA0157-390x205.jpg","colormag-featured-post-small":"https:\/\/maranhaotv.com.br\/wp-content\/uploads\/2025\/08\/IMG-20250809-WA0157-130x90.jpg","colormag-featured-image":"https:\/\/maranhaotv.com.br\/wp-content\/uploads\/2025\/08\/IMG-20250809-WA0157-800x445.jpg","colormag-default-news":"https:\/\/maranhaotv.com.br\/wp-content\/uploads\/2025\/08\/IMG-20250809-WA0157-150x150.jpg","colormag-featured-image-large":"https:\/\/maranhaotv.com.br\/wp-content\/uploads\/2025\/08\/IMG-20250809-WA0157-1400x600.jpg"},"magazineBlocksPostAuthor":{"name":"maranhaotv","avatar":"https:\/\/secure.gravatar.com\/avatar\/8fadbca458d4cb68b1dd399ae9a40618d747bb1af65ac9fad21c89220a143eb4?s=96&d=mm&r=g"},"magazineBlocksPostCommentsNumber":"0","magazineBlocksPostExcerpt":"O governador do Maranh\u00e3o, Carlos Brand\u00e3o, lan\u00e7ou nesta sexta-feira (8), no Pal\u00e1cio Henrique de La Rocque, em S\u00e3o Lu\u00eds, o","magazineBlocksPostCategories":["educa\u00e7\u00e3o"],"magazineBlocksPostViewCount":322,"magazineBlocksPostReadTime":2,"magazine_blocks_featured_image_url":{"full":["https:\/\/maranhaotv.com.br\/wp-content\/uploads\/2025\/08\/IMG-20250809-WA0157.jpg",1600,1066,false],"medium":["https:\/\/maranhaotv.com.br\/wp-content\/uploads\/2025\/08\/IMG-20250809-WA0157-300x200.jpg",300,200,true],"thumbnail":["https:\/\/maranhaotv.com.br\/wp-content\/uploads\/2025\/08\/IMG-20250809-WA0157-150x150.jpg",150,150,true]},"magazine_blocks_author":{"display_name":"maranhaotv","author_link":"https:\/\/maranhaotv.com.br\/index.php\/author\/maranhaotv\/"},"magazine_blocks_comment":0,"magazine_blocks_author_image":"https:\/\/secure.gravatar.com\/avatar\/8fadbca458d4cb68b1dd399ae9a40618d747bb1af65ac9fad21c89220a143eb4?s=96&d=mm&r=g","magazine_blocks_category":"<a href=\"#\" class=\"category-link category-link-11\">educa\u00e7\u00e3o<\/a>","yoast_head":"<!-- This site is optimized with the Yoast SEO plugin v27.4 - https:\/\/yoast.com\/product\/yoast-seo-wordpress\/ -->\n<title>Brand\u00e3o lan\u00e7a programa \u201cEduca\u00e7\u00e3o de Verdade\u201d para refor\u00e7ar alimenta\u00e7\u00e3o, transporte e tecnologia nas escolas estaduais - NOT\u00cdCIAS EM TEMPO REAL<\/title>\n<meta name=\"robots\" content=\"index, follow, max-snippet:-1, max-image-preview:large, max-video-preview:-1\" \/>\n<link rel=\"canonical\" href=\"https:\/\/maranhaotv.com.br\/index.php\/2025\/08\/09\/brandao-lanca-programa-educacao-de-verdade-para-reforcar-alimentacao-transporte-e-tecnologia-nas-escolas-estaduais\/\" \/>\n<meta property=\"og:locale\" content=\"pt_BR\" \/>\n<meta property=\"og:type\" content=\"article\" \/>\n<meta property=\"og:title\" content=\"Brand\u00e3o lan\u00e7a programa \u201cEduca\u00e7\u00e3o de Verdade\u201d para refor\u00e7ar alimenta\u00e7\u00e3o, transporte e tecnologia nas escolas estaduais - NOT\u00cdCIAS EM TEMPO REAL\" \/>\n<meta property=\"og:description\" content=\"O governador do Maranh\u00e3o, Carlos Brand\u00e3o, lan\u00e7ou nesta sexta-feira (8), no Pal\u00e1cio Henrique de La Rocque, em S\u00e3o Lu\u00eds, o\" \/>\n<meta property=\"og:url\" content=\"https:\/\/maranhaotv.com.br\/index.php\/2025\/08\/09\/brandao-lanca-programa-educacao-de-verdade-para-reforcar-alimentacao-transporte-e-tecnologia-nas-escolas-estaduais\/\" \/>\n<meta property=\"og:site_name\" content=\"NOT\u00cdCIAS EM TEMPO REAL\" \/>\n<meta property=\"article:publisher\" content=\"https:\/\/www.facebook.com\/maiobaotv\" \/>\n<meta property=\"article:published_time\" content=\"2025-08-09T15:25:26+00:00\" \/>\n<meta property=\"article:modified_time\" content=\"2025-08-09T15:26:28+00:00\" \/>\n<meta property=\"og:image\" content=\"https:\/\/maranhaotv.com.br\/wp-content\/uploads\/2025\/08\/IMG-20250809-WA0157.jpg\" \/>\n\t<meta property=\"og:image:width\" content=\"1600\" \/>\n\t<meta property=\"og:image:height\" content=\"1066\" \/>\n\t<meta property=\"og:image:type\" content=\"image\/jpeg\" \/>\n<meta name=\"author\" content=\"maranhaotv\" \/>\n<meta name=\"twitter:card\" content=\"summary_large_image\" \/>\n<meta name=\"twitter:creator\" content=\"@sitemaranhaotv\" \/>\n<meta name=\"twitter:site\" content=\"@sitemaranhaotv\" \/>\n<meta name=\"twitter:label1\" content=\"Escrito por\" \/>\n\t<meta name=\"twitter:data1\" content=\"maranhaotv\" \/>\n\t<meta name=\"twitter:label2\" content=\"Est. tempo de leitura\" \/>\n\t<meta name=\"twitter:data2\" content=\"1 minuto\" \/>\n<script type=\"application\/ld+json\" class=\"yoast-schema-graph\">{\"@context\":\"https:\\\/\\\/schema.org\",\"@graph\":[{\"@type\":\"Article\",\"@id\":\"https:\\\/\\\/maranhaotv.com.br\\\/index.php\\\/2025\\\/08\\\/09\\\/brandao-lanca-programa-educacao-de-verdade-para-reforcar-alimentacao-transporte-e-tecnologia-nas-escolas-estaduais\\\/#article\",\"isPartOf\":{\"@id\":\"https:\\\/\\\/maranhaotv.com.br\\\/index.php\\\/2025\\\/08\\\/09\\\/brandao-lanca-programa-educacao-de-verdade-para-reforcar-alimentacao-transporte-e-tecnologia-nas-escolas-estaduais\\\/\"},\"author\":{\"name\":\"maranhaotv\",\"@id\":\"https:\\\/\\\/maranhaotv.com.br\\\/#\\\/schema\\\/person\\\/3d54238e86b20bb5c89ab2fdb8f8829a\"},\"headline\":\"Brand\u00e3o lan\u00e7a programa \u201cEduca\u00e7\u00e3o de Verdade\u201d para refor\u00e7ar alimenta\u00e7\u00e3o, transporte e tecnologia nas escolas estaduais\",\"datePublished\":\"2025-08-09T15:25:26+00:00\",\"dateModified\":\"2025-08-09T15:26:28+00:00\",\"mainEntityOfPage\":{\"@id\":\"https:\\\/\\\/maranhaotv.com.br\\\/index.php\\\/2025\\\/08\\\/09\\\/brandao-lanca-programa-educacao-de-verdade-para-reforcar-alimentacao-transporte-e-tecnologia-nas-escolas-estaduais\\\/\"},\"wordCount\":304,\"commentCount\":0,\"publisher\":{\"@id\":\"https:\\\/\\\/maranhaotv.com.br\\\/#organization\"},\"image\":{\"@id\":\"https:\\\/\\\/maranhaotv.com.br\\\/index.php\\\/2025\\\/08\\\/09\\\/brandao-lanca-programa-educacao-de-verdade-para-reforcar-alimentacao-transporte-e-tecnologia-nas-escolas-estaduais\\\/#primaryimage\"},\"thumbnailUrl\":\"https:\\\/\\\/maranhaotv.com.br\\\/wp-content\\\/uploads\\\/2025\\\/08\\\/IMG-20250809-WA0157.jpg\",\"articleSection\":[\"educa\u00e7\u00e3o\"],\"inLanguage\":\"pt-BR\",\"potentialAction\":[{\"@type\":\"CommentAction\",\"name\":\"Comment\",\"target\":[\"https:\\\/\\\/maranhaotv.com.br\\\/index.php\\\/2025\\\/08\\\/09\\\/brandao-lanca-programa-educacao-de-verdade-para-reforcar-alimentacao-transporte-e-tecnologia-nas-escolas-estaduais\\\/#respond\"]}]},{\"@type\":\"WebPage\",\"@id\":\"https:\\\/\\\/maranhaotv.com.br\\\/index.php\\\/2025\\\/08\\\/09\\\/brandao-lanca-programa-educacao-de-verdade-para-reforcar-alimentacao-transporte-e-tecnologia-nas-escolas-estaduais\\\/\",\"url\":\"https:\\\/\\\/maranhaotv.com.br\\\/index.php\\\/2025\\\/08\\\/09\\\/brandao-lanca-programa-educacao-de-verdade-para-reforcar-alimentacao-transporte-e-tecnologia-nas-escolas-estaduais\\\/\",\"name\":\"Brand\u00e3o lan\u00e7a programa \u201cEduca\u00e7\u00e3o de Verdade\u201d para refor\u00e7ar alimenta\u00e7\u00e3o, transporte e tecnologia nas escolas estaduais - NOT\u00cdCIAS EM TEMPO REAL\",\"isPartOf\":{\"@id\":\"https:\\\/\\\/maranhaotv.com.br\\\/#website\"},\"primaryImageOfPage\":{\"@id\":\"https:\\\/\\\/maranhaotv.com.br\\\/index.php\\\/2025\\\/08\\\/09\\\/brandao-lanca-programa-educacao-de-verdade-para-reforcar-alimentacao-transporte-e-tecnologia-nas-escolas-estaduais\\\/#primaryimage\"},\"image\":{\"@id\":\"https:\\\/\\\/maranhaotv.com.br\\\/index.php\\\/2025\\\/08\\\/09\\\/brandao-lanca-programa-educacao-de-verdade-para-reforcar-alimentacao-transporte-e-tecnologia-nas-escolas-estaduais\\\/#primaryimage\"},\"thumbnailUrl\":\"https:\\\/\\\/maranhaotv.com.br\\\/wp-content\\\/uploads\\\/2025\\\/08\\\/IMG-20250809-WA0157.jpg\",\"datePublished\":\"2025-08-09T15:25:26+00:00\",\"dateModified\":\"2025-08-09T15:26:28+00:00\",\"breadcrumb\":{\"@id\":\"https:\\\/\\\/maranhaotv.com.br\\\/index.php\\\/2025\\\/08\\\/09\\\/brandao-lanca-programa-educacao-de-verdade-para-reforcar-alimentacao-transporte-e-tecnologia-nas-escolas-estaduais\\\/#breadcrumb\"},\"inLanguage\":\"pt-BR\",\"potentialAction\":[{\"@type\":\"ReadAction\",\"target\":[\"https:\\\/\\\/maranhaotv.com.br\\\/index.php\\\/2025\\\/08\\\/09\\\/brandao-lanca-programa-educacao-de-verdade-para-reforcar-alimentacao-transporte-e-tecnologia-nas-escolas-estaduais\\\/\"]}]},{\"@type\":\"ImageObject\",\"inLanguage\":\"pt-BR\",\"@id\":\"https:\\\/\\\/maranhaotv.com.br\\\/index.php\\\/2025\\\/08\\\/09\\\/brandao-lanca-programa-educacao-de-verdade-para-reforcar-alimentacao-transporte-e-tecnologia-nas-escolas-estaduais\\\/#primaryimage\",\"url\":\"https:\\\/\\\/maranhaotv.com.br\\\/wp-content\\\/uploads\\\/2025\\\/08\\\/IMG-20250809-WA0157.jpg\",\"contentUrl\":\"https:\\\/\\\/maranhaotv.com.br\\\/wp-content\\\/uploads\\\/2025\\\/08\\\/IMG-20250809-WA0157.jpg\",\"width\":1600,\"height\":1066},{\"@type\":\"BreadcrumbList\",\"@id\":\"https:\\\/\\\/maranhaotv.com.br\\\/index.php\\\/2025\\\/08\\\/09\\\/brandao-lanca-programa-educacao-de-verdade-para-reforcar-alimentacao-transporte-e-tecnologia-nas-escolas-estaduais\\\/#breadcrumb\",\"itemListElement\":[{\"@type\":\"ListItem\",\"position\":1,\"name\":\"In\u00edcio\",\"item\":\"https:\\\/\\\/maranhaotv.com.br\\\/\"},{\"@type\":\"ListItem\",\"position\":2,\"name\":\"Brand\u00e3o lan\u00e7a programa \u201cEduca\u00e7\u00e3o de Verdade\u201d para refor\u00e7ar alimenta\u00e7\u00e3o, transporte e tecnologia nas escolas estaduais\"}]},{\"@type\":\"WebSite\",\"@id\":\"https:\\\/\\\/maranhaotv.com.br\\\/#website\",\"url\":\"https:\\\/\\\/maranhaotv.com.br\\\/\",\"name\":\"Maranh\u00e3oTV\",\"description\":\"\",\"publisher\":{\"@id\":\"https:\\\/\\\/maranhaotv.com.br\\\/#organization\"},\"potentialAction\":[{\"@type\":\"SearchAction\",\"target\":{\"@type\":\"EntryPoint\",\"urlTemplate\":\"https:\\\/\\\/maranhaotv.com.br\\\/?s={search_term_string}\"},\"query-input\":{\"@type\":\"PropertyValueSpecification\",\"valueRequired\":true,\"valueName\":\"search_term_string\"}}],\"inLanguage\":\"pt-BR\"},{\"@type\":\"Organization\",\"@id\":\"https:\\\/\\\/maranhaotv.com.br\\\/#organization\",\"name\":\"Portal de Not\u00edcias\",\"url\":\"https:\\\/\\\/maranhaotv.com.br\\\/\",\"logo\":{\"@type\":\"ImageObject\",\"inLanguage\":\"pt-BR\",\"@id\":\"https:\\\/\\\/maranhaotv.com.br\\\/#\\\/schema\\\/logo\\\/image\\\/\",\"url\":\"https:\\\/\\\/maranhaotv.com.br\\\/wp-content\\\/uploads\\\/2024\\\/05\\\/cropped-cropped-avatar-1.png\",\"contentUrl\":\"https:\\\/\\\/maranhaotv.com.br\\\/wp-content\\\/uploads\\\/2024\\\/05\\\/cropped-cropped-avatar-1.png\",\"width\":792,\"height\":428,\"caption\":\"Portal de Not\u00edcias\"},\"image\":{\"@id\":\"https:\\\/\\\/maranhaotv.com.br\\\/#\\\/schema\\\/logo\\\/image\\\/\"},\"sameAs\":[\"https:\\\/\\\/www.facebook.com\\\/maiobaotv\",\"https:\\\/\\\/x.com\\\/sitemaranhaotv\",\"https:\\\/\\\/www.instagram.com\\\/maranhao.tv\",\"https:\\\/\\\/www.threads.net\\\/@maranhao.tv\"]},{\"@type\":\"Person\",\"@id\":\"https:\\\/\\\/maranhaotv.com.br\\\/#\\\/schema\\\/person\\\/3d54238e86b20bb5c89ab2fdb8f8829a\",\"name\":\"maranhaotv\",\"image\":{\"@type\":\"ImageObject\",\"inLanguage\":\"pt-BR\",\"@id\":\"https:\\\/\\\/secure.gravatar.com\\\/avatar\\\/8fadbca458d4cb68b1dd399ae9a40618d747bb1af65ac9fad21c89220a143eb4?s=96&d=mm&r=g\",\"url\":\"https:\\\/\\\/secure.gravatar.com\\\/avatar\\\/8fadbca458d4cb68b1dd399ae9a40618d747bb1af65ac9fad21c89220a143eb4?s=96&d=mm&r=g\",\"contentUrl\":\"https:\\\/\\\/secure.gravatar.com\\\/avatar\\\/8fadbca458d4cb68b1dd399ae9a40618d747bb1af65ac9fad21c89220a143eb4?s=96&d=mm&r=g\",\"caption\":\"maranhaotv\"},\"sameAs\":[\"https:\\\/\\\/maranhaotv.com.br\\\/\"],\"url\":\"https:\\\/\\\/maranhaotv.com.br\\\/index.php\\\/author\\\/maranhaotv\\\/\"}]}<\/script>\n<!-- \/ Yoast SEO plugin. -->","yoast_head_json":{"title":"Brand\u00e3o lan\u00e7a programa \u201cEduca\u00e7\u00e3o de Verdade\u201d para refor\u00e7ar alimenta\u00e7\u00e3o, transporte e tecnologia nas escolas estaduais - NOT\u00cdCIAS EM TEMPO REAL","robots":{"index":"index","follow":"follow","max-snippet":"max-snippet:-1","max-image-preview":"max-image-preview:large","max-video-preview":"max-video-preview:-1"},"canonical":"https:\/\/maranhaotv.com.br\/index.php\/2025\/08\/09\/brandao-lanca-programa-educacao-de-verdade-para-reforcar-alimentacao-transporte-e-tecnologia-nas-escolas-estaduais\/","og_locale":"pt_BR","og_type":"article","og_title":"Brand\u00e3o lan\u00e7a programa \u201cEduca\u00e7\u00e3o de Verdade\u201d para refor\u00e7ar alimenta\u00e7\u00e3o, transporte e tecnologia nas escolas estaduais - NOT\u00cdCIAS EM TEMPO REAL","og_description":"O governador do Maranh\u00e3o, Carlos Brand\u00e3o, lan\u00e7ou nesta sexta-feira (8), no Pal\u00e1cio Henrique de La Rocque, em S\u00e3o Lu\u00eds, o","og_url":"https:\/\/maranhaotv.com.br\/index.php\/2025\/08\/09\/brandao-lanca-programa-educacao-de-verdade-para-reforcar-alimentacao-transporte-e-tecnologia-nas-escolas-estaduais\/","og_site_name":"NOT\u00cdCIAS EM TEMPO REAL","article_publisher":"https:\/\/www.facebook.com\/maiobaotv","article_published_time":"2025-08-09T15:25:26+00:00","article_modified_time":"2025-08-09T15:26:28+00:00","og_image":[{"width":1600,"height":1066,"url":"https:\/\/maranhaotv.com.br\/wp-content\/uploads\/2025\/08\/IMG-20250809-WA0157.jpg","type":"image\/jpeg"}],"author":"maranhaotv","twitter_card":"summary_large_image","twitter_creator":"@sitemaranhaotv","twitter_site":"@sitemaranhaotv","twitter_misc":{"Escrito por":"maranhaotv","Est. tempo de leitura":"1 minuto"},"schema":{"@context":"https:\/\/schema.org","@graph":[{"@type":"Article","@id":"https:\/\/maranhaotv.com.br\/index.php\/2025\/08\/09\/brandao-lanca-programa-educacao-de-verdade-para-reforcar-alimentacao-transporte-e-tecnologia-nas-escolas-estaduais\/#article","isPartOf":{"@id":"https:\/\/maranhaotv.com.br\/index.php\/2025\/08\/09\/brandao-lanca-programa-educacao-de-verdade-para-reforcar-alimentacao-transporte-e-tecnologia-nas-escolas-estaduais\/"},"author":{"name":"maranhaotv","@id":"https:\/\/maranhaotv.com.br\/#\/schema\/person\/3d54238e86b20bb5c89ab2fdb8f8829a"},"headline":"Brand\u00e3o lan\u00e7a programa \u201cEduca\u00e7\u00e3o de Verdade\u201d para refor\u00e7ar alimenta\u00e7\u00e3o, transporte e tecnologia nas escolas estaduais","datePublished":"2025-08-09T15:25:26+00:00","dateModified":"2025-08-09T15:26:28+00:00","mainEntityOfPage":{"@id":"https:\/\/maranhaotv.com.br\/index.php\/2025\/08\/09\/brandao-lanca-programa-educacao-de-verdade-para-reforcar-alimentacao-transporte-e-tecnologia-nas-escolas-estaduais\/"},"wordCount":304,"commentCount":0,"publisher":{"@id":"https:\/\/maranhaotv.com.br\/#organization"},"image":{"@id":"https:\/\/maranhaotv.com.br\/index.php\/2025\/08\/09\/brandao-lanca-programa-educacao-de-verdade-para-reforcar-alimentacao-transporte-e-tecnologia-nas-escolas-estaduais\/#primaryimage"},"thumbnailUrl":"https:\/\/maranhaotv.com.br\/wp-content\/uploads\/2025\/08\/IMG-20250809-WA0157.jpg","articleSection":["educa\u00e7\u00e3o"],"inLanguage":"pt-BR","potentialAction":[{"@type":"CommentAction","name":"Comment","target":["https:\/\/maranhaotv.com.br\/index.php\/2025\/08\/09\/brandao-lanca-programa-educacao-de-verdade-para-reforcar-alimentacao-transporte-e-tecnologia-nas-escolas-estaduais\/#respond"]}]},{"@type":"WebPage","@id":"https:\/\/maranhaotv.com.br\/index.php\/2025\/08\/09\/brandao-lanca-programa-educacao-de-verdade-para-reforcar-alimentacao-transporte-e-tecnologia-nas-escolas-estaduais\/","url":"https:\/\/maranhaotv.com.br\/index.php\/2025\/08\/09\/brandao-lanca-programa-educacao-de-verdade-para-reforcar-alimentacao-transporte-e-tecnologia-nas-escolas-estaduais\/","name":"Brand\u00e3o lan\u00e7a programa \u201cEduca\u00e7\u00e3o de Verdade\u201d para refor\u00e7ar alimenta\u00e7\u00e3o, transporte e tecnologia nas escolas estaduais - NOT\u00cdCIAS EM TEMPO REAL","isPartOf":{"@id":"https:\/\/maranhaotv.com.br\/#website"},"primaryImageOfPage":{"@id":"https:\/\/maranhaotv.com.br\/index.php\/2025\/08\/09\/brandao-lanca-programa-educacao-de-verdade-para-reforcar-alimentacao-transporte-e-tecnologia-nas-escolas-estaduais\/#primaryimage"},"image":{"@id":"https:\/\/maranhaotv.com.br\/index.php\/2025\/08\/09\/brandao-lanca-programa-educacao-de-verdade-para-reforcar-alimentacao-transporte-e-tecnologia-nas-escolas-estaduais\/#primaryimage"},"thumbnailUrl":"https:\/\/maranhaotv.com.br\/wp-content\/uploads\/2025\/08\/IMG-20250809-WA0157.jpg","datePublished":"2025-08-09T15:25:26+00:00","dateModified":"2025-08-09T15:26:28+00:00","breadcrumb":{"@id":"https:\/\/maranhaotv.com.br\/index.php\/2025\/08\/09\/brandao-lanca-programa-educacao-de-verdade-para-reforcar-alimentacao-transporte-e-tecnologia-nas-escolas-estaduais\/#breadcrumb"},"inLanguage":"pt-BR","potentialAction":[{"@type":"ReadAction","target":["https:\/\/maranhaotv.com.br\/index.php\/2025\/08\/09\/brandao-lanca-programa-educacao-de-verdade-para-reforcar-alimentacao-transporte-e-tecnologia-nas-escolas-estaduais\/"]}]},{"@type":"ImageObject","inLanguage":"pt-BR","@id":"https:\/\/maranhaotv.com.br\/index.php\/2025\/08\/09\/brandao-lanca-programa-educacao-de-verdade-para-reforcar-alimentacao-transporte-e-tecnologia-nas-escolas-estaduais\/#primaryimage","url":"https:\/\/maranhaotv.com.br\/wp-content\/uploads\/2025\/08\/IMG-20250809-WA0157.jpg","contentUrl":"https:\/\/maranhaotv.com.br\/wp-content\/uploads\/2025\/08\/IMG-20250809-WA0157.jpg","width":1600,"height":1066},{"@type":"BreadcrumbList","@id":"https:\/\/maranhaotv.com.br\/index.php\/2025\/08\/09\/brandao-lanca-programa-educacao-de-verdade-para-reforcar-alimentacao-transporte-e-tecnologia-nas-escolas-estaduais\/#breadcrumb","itemListElement":[{"@type":"ListItem","position":1,"name":"In\u00edcio","item":"https:\/\/maranhaotv.com.br\/"},{"@type":"ListItem","position":2,"name":"Brand\u00e3o lan\u00e7a programa \u201cEduca\u00e7\u00e3o de Verdade\u201d para refor\u00e7ar alimenta\u00e7\u00e3o, transporte e tecnologia nas escolas estaduais"}]},{"@type":"WebSite","@id":"https:\/\/maranhaotv.com.br\/#website","url":"https:\/\/maranhaotv.com.br\/","name":"Maranh\u00e3oTV","description":"","publisher":{"@id":"https:\/\/maranhaotv.com.br\/#organization"},"potentialAction":[{"@type":"SearchAction","target":{"@type":"EntryPoint","urlTemplate":"https:\/\/maranhaotv.com.br\/?s={search_term_string}"},"query-input":{"@type":"PropertyValueSpecification","valueRequired":true,"valueName":"search_term_string"}}],"inLanguage":"pt-BR"},{"@type":"Organization","@id":"https:\/\/maranhaotv.com.br\/#organization","name":"Portal de Not\u00edcias","url":"https:\/\/maranhaotv.com.br\/","logo":{"@type":"ImageObject","inLanguage":"pt-BR","@id":"https:\/\/maranhaotv.com.br\/#\/schema\/logo\/image\/","url":"https:\/\/maranhaotv.com.br\/wp-content\/uploads\/2024\/05\/cropped-cropped-avatar-1.png","contentUrl":"https:\/\/maranhaotv.com.br\/wp-content\/uploads\/2024\/05\/cropped-cropped-avatar-1.png","width":792,"height":428,"caption":"Portal de Not\u00edcias"},"image":{"@id":"https:\/\/maranhaotv.com.br\/#\/schema\/logo\/image\/"},"sameAs":["https:\/\/www.facebook.com\/maiobaotv","https:\/\/x.com\/sitemaranhaotv","https:\/\/www.instagram.com\/maranhao.tv","https:\/\/www.threads.net\/@maranhao.tv"]},{"@type":"Person","@id":"https:\/\/maranhaotv.com.br\/#\/schema\/person\/3d54238e86b20bb5c89ab2fdb8f8829a","name":"maranhaotv","image":{"@type":"ImageObject","inLanguage":"pt-BR","@id":"https:\/\/secure.gravatar.com\/avatar\/8fadbca458d4cb68b1dd399ae9a40618d747bb1af65ac9fad21c89220a143eb4?s=96&d=mm&r=g","url":"https:\/\/secure.gravatar.com\/avatar\/8fadbca458d4cb68b1dd399ae9a40618d747bb1af65ac9fad21c89220a143eb4?s=96&d=mm&r=g","contentUrl":"https:\/\/secure.gravatar.com\/avatar\/8fadbca458d4cb68b1dd399ae9a40618d747bb1af65ac9fad21c89220a143eb4?s=96&d=mm&r=g","caption":"maranhaotv"},"sameAs":["https:\/\/maranhaotv.com.br\/"],"url":"https:\/\/maranhaotv.com.br\/index.php\/author\/maranhaotv\/"}]}},"jetpack_featured_media_url":"https:\/\/maranhaotv.com.br\/wp-content\/uploads\/2025\/08\/IMG-20250809-WA0157.jpg","jetpack_sharing_enabled":true,"_links":{"self":[{"href":"https:\/\/maranhaotv.com.br\/index.php\/wp-json\/wp\/v2\/posts\/43629","targetHints":{"allow":["GET"]}}],"collection":[{"href":"https:\/\/maranhaotv.com.br\/index.php\/wp-json\/wp\/v2\/posts"}],"about":[{"href":"https:\/\/maranhaotv.com.br\/index.php\/wp-json\/wp\/v2\/types\/post"}],"author":[{"embeddable":true,"href":"https:\/\/maranhaotv.com.br\/index.php\/wp-json\/wp\/v2\/users\/2"}],"replies":[{"embeddable":true,"href":"https:\/\/maranhaotv.com.br\/index.php\/wp-json\/wp\/v2\/comments?post=43629"}],"version-history":[{"count":2,"href":"https:\/\/maranhaotv.com.br\/index.php\/wp-json\/wp\/v2\/posts\/43629\/revisions"}],"predecessor-version":[{"id":43631,"href":"https:\/\/maranhaotv.com.br\/index.php\/wp-json\/wp\/v2\/posts\/43629\/revisions\/43631"}],"wp:featuredmedia":[{"embeddable":true,"href":"https:\/\/maranhaotv.com.br\/index.php\/wp-json\/wp\/v2\/media\/43628"}],"wp:attachment":[{"href":"https:\/\/maranhaotv.com.br\/index.php\/wp-json\/wp\/v2\/media?parent=43629"}],"wp:term":[{"taxonomy":"category","embeddable":true,"href":"https:\/\/maranhaotv.com.br\/index.php\/wp-json\/wp\/v2\/categories?post=43629"},{"taxonomy":"post_tag","embeddable":true,"href":"https:\/\/maranhaotv.com.br\/index.php\/wp-json\/wp\/v2\/tags?post=43629"}],"curies":[{"name":"wp","href":"https:\/\/api.w.org\/{rel}","templated":true}]}}