{"id":43637,"date":"2025-08-11T12:14:21","date_gmt":"2025-08-11T15:14:21","guid":{"rendered":"https:\/\/maranhaotv.com.br\/?p=43637"},"modified":"2025-08-11T12:14:43","modified_gmt":"2025-08-11T15:14:43","slug":"ex-subprefeito-da-gestao-edivaldo-holanda-e-encontrado-morto-em-sao-luis","status":"publish","type":"post","link":"https:\/\/maranhaotv.com.br\/index.php\/2025\/08\/11\/ex-subprefeito-da-gestao-edivaldo-holanda-e-encontrado-morto-em-sao-luis\/","title":{"rendered":"Ex-subprefeito da gest\u00e3o Edivaldo Holanda \u00e9 encontrado morto em S\u00e3o Lu\u00eds"},"content":{"rendered":"\n<h1 class=\"wp-block-heading\"><\/h1>\n\n\n\n<p>Jefferson Viegas Costa, de 46 anos, conhecido carinhosamente pelos amigos como \u201cZacarias\u201d, foi encontrado sem vida neste domingo (10) dentro da casa da m\u00e3e onde morava no bairro do S\u00e3o Francisco, por detr\u00e1s do Supermercado Bom Pre\u00e7o, em S\u00e3o Lu\u00eds.<br><br>Ele foi subprefeito do Centro Hist\u00f3rico na gest\u00e3o do prefeito da capital, Edivaldo Holanda J\u00fanior, como mostra uma reportagem que cita seu nome em 15 de junho de 2019.<br><br>Um amigo de Jefferson que pediu reservas em rela\u00e7\u00e3o \u00e0 sua identidade contou como o ex-funcion\u00e1rio p\u00fablico municipal&nbsp; foi encontrado.<br><br>\u201cEle sumiu e ficou uma das 16 horas sem falar em nosso grupo de WhatsApp que era um participante muito ativo, a\u00ed como a m\u00e3e dele estava viajando para o interior, a gente ficou preocupado e fomos at\u00e9 l\u00e1, encontramos ele todo sujo de sujo de fezes e com sangue, ningu\u00e9m entendeu nada\u201d, explicou.<br><br>Jefferson continuou funcion\u00e1rio da prefeitura de S\u00e3o Lu\u00eds at\u00e9 outubro de 2024, quando o prefeito Eduardo Braide mandou exoner\u00e1-lo, conforme edi\u00e7\u00e3o do di\u00e1rio oficial do dia 09 de outubro de 2024, do cargo de cargo de Coordenador de Programas, simbologia DAS-5, da Secretaria Municipal de Governo \u2013 SEMGOV.<br><br>Ainda n\u00e3o se sabe a causa da morte de Jefferson Viegas Costa<\/p>\n\n\n\n<figure class=\"wp-block-image size-large\"><img loading=\"lazy\" decoding=\"async\" width=\"415\" height=\"1024\" src=\"https:\/\/maranhaotv.com.br\/wp-content\/uploads\/2025\/08\/808050b6-6422-4af3-b6f7-049e6f25c521-1484636864928302830.jpg\" alt=\"\" class=\"wp-image-43635\" srcset=\"https:\/\/maranhaotv.com.br\/wp-content\/uploads\/2025\/08\/808050b6-6422-4af3-b6f7-049e6f25c521-1484636864928302830.jpg 415w, https:\/\/maranhaotv.com.br\/wp-content\/uploads\/2025\/08\/808050b6-6422-4af3-b6f7-049e6f25c521-1484636864928302830-122x300.jpg 122w\" sizes=\"auto, (max-width: 415px) 100vw, 415px\" \/><\/figure>\n\n\n\n<p>Via Domingos Costa<\/p>\n","protected":false},"excerpt":{"rendered":"<p>Jefferson Viegas Costa, de 46 anos, conhecido carinhosamente pelos amigos como \u201cZacarias\u201d, foi encontrado sem vida neste domingo (10) dentro<\/p>\n","protected":false},"author":2,"featured_media":43636,"comment_status":"open","ping_status":"open","sticky":false,"template":"","format":"standard","meta":{"colormag_page_container_layout":"default_layout","colormag_page_sidebar_layout":"default_layout","_jetpack_memberships_contains_paid_content":false,"footnotes":""},"categories":[2],"tags":[],"class_list":["post-43637","post","type-post","status-publish","format-standard","has-post-thumbnail","hentry","category-noticias"],"magazineBlocksPostFeaturedMedia":{"thumbnail":"https:\/\/maranhaotv.com.br\/wp-content\/uploads\/2025\/08\/image_editor_output_image-1461243378-1754925265526-150x150.jpg","medium":"https:\/\/maranhaotv.com.br\/wp-content\/uploads\/2025\/08\/image_editor_output_image-1461243378-1754925265526-300x218.jpg","medium_large":"https:\/\/maranhaotv.com.br\/wp-content\/uploads\/2025\/08\/image_editor_output_image-1461243378-1754925265526.jpg","large":"https:\/\/maranhaotv.com.br\/wp-content\/uploads\/2025\/08\/image_editor_output_image-1461243378-1754925265526.jpg","1536x1536":"https:\/\/maranhaotv.com.br\/wp-content\/uploads\/2025\/08\/image_editor_output_image-1461243378-1754925265526.jpg","2048x2048":"https:\/\/maranhaotv.com.br\/wp-content\/uploads\/2025\/08\/image_editor_output_image-1461243378-1754925265526.jpg","colormag-highlighted-post":"https:\/\/maranhaotv.com.br\/wp-content\/uploads\/2025\/08\/image_editor_output_image-1461243378-1754925265526-392x272.jpg","colormag-featured-post-medium":"https:\/\/maranhaotv.com.br\/wp-content\/uploads\/2025\/08\/image_editor_output_image-1461243378-1754925265526-390x205.jpg","colormag-featured-post-small":"https:\/\/maranhaotv.com.br\/wp-content\/uploads\/2025\/08\/image_editor_output_image-1461243378-1754925265526-130x90.jpg","colormag-featured-image":"https:\/\/maranhaotv.com.br\/wp-content\/uploads\/2025\/08\/image_editor_output_image-1461243378-1754925265526.jpg","colormag-default-news":"https:\/\/maranhaotv.com.br\/wp-content\/uploads\/2025\/08\/image_editor_output_image-1461243378-1754925265526-150x150.jpg","colormag-featured-image-large":"https:\/\/maranhaotv.com.br\/wp-content\/uploads\/2025\/08\/image_editor_output_image-1461243378-1754925265526.jpg"},"magazineBlocksPostAuthor":{"name":"maranhaotv","avatar":"https:\/\/secure.gravatar.com\/avatar\/8fadbca458d4cb68b1dd399ae9a40618d747bb1af65ac9fad21c89220a143eb4?s=96&d=mm&r=g"},"magazineBlocksPostCommentsNumber":"0","magazineBlocksPostExcerpt":"Jefferson Viegas Costa, de 46 anos, conhecido carinhosamente pelos amigos como \u201cZacarias\u201d, foi encontrado sem vida neste domingo (10) dentro","magazineBlocksPostCategories":["not\u00edcias"],"magazineBlocksPostViewCount":268,"magazineBlocksPostReadTime":2,"magazine_blocks_featured_image_url":{"full":["https:\/\/maranhaotv.com.br\/wp-content\/uploads\/2025\/08\/image_editor_output_image-1461243378-1754925265526.jpg",415,301,false],"medium":["https:\/\/maranhaotv.com.br\/wp-content\/uploads\/2025\/08\/image_editor_output_image-1461243378-1754925265526-300x218.jpg",300,218,true],"thumbnail":["https:\/\/maranhaotv.com.br\/wp-content\/uploads\/2025\/08\/image_editor_output_image-1461243378-1754925265526-150x150.jpg",150,150,true]},"magazine_blocks_author":{"display_name":"maranhaotv","author_link":"https:\/\/maranhaotv.com.br\/index.php\/author\/maranhaotv\/"},"magazine_blocks_comment":0,"magazine_blocks_author_image":"https:\/\/secure.gravatar.com\/avatar\/8fadbca458d4cb68b1dd399ae9a40618d747bb1af65ac9fad21c89220a143eb4?s=96&d=mm&r=g","magazine_blocks_category":"<a href=\"#\" class=\"category-link category-link-2\">not\u00edcias<\/a>","yoast_head":"<!-- This site is optimized with the Yoast SEO plugin v27.4 - https:\/\/yoast.com\/product\/yoast-seo-wordpress\/ -->\n<title>Ex-subprefeito da gest\u00e3o Edivaldo Holanda \u00e9 encontrado morto em S\u00e3o Lu\u00eds - NOT\u00cdCIAS EM TEMPO REAL<\/title>\n<meta name=\"robots\" content=\"index, follow, max-snippet:-1, max-image-preview:large, max-video-preview:-1\" \/>\n<link rel=\"canonical\" href=\"https:\/\/maranhaotv.com.br\/index.php\/2025\/08\/11\/ex-subprefeito-da-gestao-edivaldo-holanda-e-encontrado-morto-em-sao-luis\/\" \/>\n<meta property=\"og:locale\" content=\"pt_BR\" \/>\n<meta property=\"og:type\" content=\"article\" \/>\n<meta property=\"og:title\" content=\"Ex-subprefeito da gest\u00e3o Edivaldo Holanda \u00e9 encontrado morto em S\u00e3o Lu\u00eds - NOT\u00cdCIAS EM TEMPO REAL\" \/>\n<meta property=\"og:description\" content=\"Jefferson Viegas Costa, de 46 anos, conhecido carinhosamente pelos amigos como \u201cZacarias\u201d, foi encontrado sem vida neste domingo (10) dentro\" \/>\n<meta property=\"og:url\" content=\"https:\/\/maranhaotv.com.br\/index.php\/2025\/08\/11\/ex-subprefeito-da-gestao-edivaldo-holanda-e-encontrado-morto-em-sao-luis\/\" \/>\n<meta property=\"og:site_name\" content=\"NOT\u00cdCIAS EM TEMPO REAL\" \/>\n<meta property=\"article:publisher\" content=\"https:\/\/www.facebook.com\/maiobaotv\" \/>\n<meta property=\"article:published_time\" content=\"2025-08-11T15:14:21+00:00\" \/>\n<meta property=\"article:modified_time\" content=\"2025-08-11T15:14:43+00:00\" \/>\n<meta property=\"og:image\" content=\"https:\/\/maranhaotv.com.br\/wp-content\/uploads\/2025\/08\/image_editor_output_image-1461243378-1754925265526.jpg\" \/>\n\t<meta property=\"og:image:width\" content=\"415\" \/>\n\t<meta property=\"og:image:height\" content=\"301\" \/>\n\t<meta property=\"og:image:type\" content=\"image\/jpeg\" \/>\n<meta name=\"author\" content=\"maranhaotv\" \/>\n<meta name=\"twitter:card\" content=\"summary_large_image\" \/>\n<meta name=\"twitter:creator\" content=\"@sitemaranhaotv\" \/>\n<meta name=\"twitter:site\" content=\"@sitemaranhaotv\" \/>\n<meta name=\"twitter:label1\" content=\"Escrito por\" \/>\n\t<meta name=\"twitter:data1\" content=\"maranhaotv\" \/>\n\t<meta name=\"twitter:label2\" content=\"Est. tempo de leitura\" \/>\n\t<meta name=\"twitter:data2\" content=\"1 minuto\" \/>\n<script type=\"application\/ld+json\" class=\"yoast-schema-graph\">{\"@context\":\"https:\\\/\\\/schema.org\",\"@graph\":[{\"@type\":\"Article\",\"@id\":\"https:\\\/\\\/maranhaotv.com.br\\\/index.php\\\/2025\\\/08\\\/11\\\/ex-subprefeito-da-gestao-edivaldo-holanda-e-encontrado-morto-em-sao-luis\\\/#article\",\"isPartOf\":{\"@id\":\"https:\\\/\\\/maranhaotv.com.br\\\/index.php\\\/2025\\\/08\\\/11\\\/ex-subprefeito-da-gestao-edivaldo-holanda-e-encontrado-morto-em-sao-luis\\\/\"},\"author\":{\"name\":\"maranhaotv\",\"@id\":\"https:\\\/\\\/maranhaotv.com.br\\\/#\\\/schema\\\/person\\\/3d54238e86b20bb5c89ab2fdb8f8829a\"},\"headline\":\"Ex-subprefeito da gest\u00e3o Edivaldo Holanda \u00e9 encontrado morto em S\u00e3o Lu\u00eds\",\"datePublished\":\"2025-08-11T15:14:21+00:00\",\"dateModified\":\"2025-08-11T15:14:43+00:00\",\"mainEntityOfPage\":{\"@id\":\"https:\\\/\\\/maranhaotv.com.br\\\/index.php\\\/2025\\\/08\\\/11\\\/ex-subprefeito-da-gestao-edivaldo-holanda-e-encontrado-morto-em-sao-luis\\\/\"},\"wordCount\":231,\"commentCount\":0,\"publisher\":{\"@id\":\"https:\\\/\\\/maranhaotv.com.br\\\/#organization\"},\"image\":{\"@id\":\"https:\\\/\\\/maranhaotv.com.br\\\/index.php\\\/2025\\\/08\\\/11\\\/ex-subprefeito-da-gestao-edivaldo-holanda-e-encontrado-morto-em-sao-luis\\\/#primaryimage\"},\"thumbnailUrl\":\"https:\\\/\\\/maranhaotv.com.br\\\/wp-content\\\/uploads\\\/2025\\\/08\\\/image_editor_output_image-1461243378-1754925265526.jpg\",\"articleSection\":[\"not\u00edcias\"],\"inLanguage\":\"pt-BR\",\"potentialAction\":[{\"@type\":\"CommentAction\",\"name\":\"Comment\",\"target\":[\"https:\\\/\\\/maranhaotv.com.br\\\/index.php\\\/2025\\\/08\\\/11\\\/ex-subprefeito-da-gestao-edivaldo-holanda-e-encontrado-morto-em-sao-luis\\\/#respond\"]}]},{\"@type\":\"WebPage\",\"@id\":\"https:\\\/\\\/maranhaotv.com.br\\\/index.php\\\/2025\\\/08\\\/11\\\/ex-subprefeito-da-gestao-edivaldo-holanda-e-encontrado-morto-em-sao-luis\\\/\",\"url\":\"https:\\\/\\\/maranhaotv.com.br\\\/index.php\\\/2025\\\/08\\\/11\\\/ex-subprefeito-da-gestao-edivaldo-holanda-e-encontrado-morto-em-sao-luis\\\/\",\"name\":\"Ex-subprefeito da gest\u00e3o Edivaldo Holanda \u00e9 encontrado morto em S\u00e3o Lu\u00eds - NOT\u00cdCIAS EM TEMPO REAL\",\"isPartOf\":{\"@id\":\"https:\\\/\\\/maranhaotv.com.br\\\/#website\"},\"primaryImageOfPage\":{\"@id\":\"https:\\\/\\\/maranhaotv.com.br\\\/index.php\\\/2025\\\/08\\\/11\\\/ex-subprefeito-da-gestao-edivaldo-holanda-e-encontrado-morto-em-sao-luis\\\/#primaryimage\"},\"image\":{\"@id\":\"https:\\\/\\\/maranhaotv.com.br\\\/index.php\\\/2025\\\/08\\\/11\\\/ex-subprefeito-da-gestao-edivaldo-holanda-e-encontrado-morto-em-sao-luis\\\/#primaryimage\"},\"thumbnailUrl\":\"https:\\\/\\\/maranhaotv.com.br\\\/wp-content\\\/uploads\\\/2025\\\/08\\\/image_editor_output_image-1461243378-1754925265526.jpg\",\"datePublished\":\"2025-08-11T15:14:21+00:00\",\"dateModified\":\"2025-08-11T15:14:43+00:00\",\"breadcrumb\":{\"@id\":\"https:\\\/\\\/maranhaotv.com.br\\\/index.php\\\/2025\\\/08\\\/11\\\/ex-subprefeito-da-gestao-edivaldo-holanda-e-encontrado-morto-em-sao-luis\\\/#breadcrumb\"},\"inLanguage\":\"pt-BR\",\"potentialAction\":[{\"@type\":\"ReadAction\",\"target\":[\"https:\\\/\\\/maranhaotv.com.br\\\/index.php\\\/2025\\\/08\\\/11\\\/ex-subprefeito-da-gestao-edivaldo-holanda-e-encontrado-morto-em-sao-luis\\\/\"]}]},{\"@type\":\"ImageObject\",\"inLanguage\":\"pt-BR\",\"@id\":\"https:\\\/\\\/maranhaotv.com.br\\\/index.php\\\/2025\\\/08\\\/11\\\/ex-subprefeito-da-gestao-edivaldo-holanda-e-encontrado-morto-em-sao-luis\\\/#primaryimage\",\"url\":\"https:\\\/\\\/maranhaotv.com.br\\\/wp-content\\\/uploads\\\/2025\\\/08\\\/image_editor_output_image-1461243378-1754925265526.jpg\",\"contentUrl\":\"https:\\\/\\\/maranhaotv.com.br\\\/wp-content\\\/uploads\\\/2025\\\/08\\\/image_editor_output_image-1461243378-1754925265526.jpg\",\"width\":415,\"height\":301},{\"@type\":\"BreadcrumbList\",\"@id\":\"https:\\\/\\\/maranhaotv.com.br\\\/index.php\\\/2025\\\/08\\\/11\\\/ex-subprefeito-da-gestao-edivaldo-holanda-e-encontrado-morto-em-sao-luis\\\/#breadcrumb\",\"itemListElement\":[{\"@type\":\"ListItem\",\"position\":1,\"name\":\"In\u00edcio\",\"item\":\"https:\\\/\\\/maranhaotv.com.br\\\/\"},{\"@type\":\"ListItem\",\"position\":2,\"name\":\"Ex-subprefeito da gest\u00e3o Edivaldo Holanda \u00e9 encontrado morto em S\u00e3o Lu\u00eds\"}]},{\"@type\":\"WebSite\",\"@id\":\"https:\\\/\\\/maranhaotv.com.br\\\/#website\",\"url\":\"https:\\\/\\\/maranhaotv.com.br\\\/\",\"name\":\"Maranh\u00e3oTV\",\"description\":\"\",\"publisher\":{\"@id\":\"https:\\\/\\\/maranhaotv.com.br\\\/#organization\"},\"potentialAction\":[{\"@type\":\"SearchAction\",\"target\":{\"@type\":\"EntryPoint\",\"urlTemplate\":\"https:\\\/\\\/maranhaotv.com.br\\\/?s={search_term_string}\"},\"query-input\":{\"@type\":\"PropertyValueSpecification\",\"valueRequired\":true,\"valueName\":\"search_term_string\"}}],\"inLanguage\":\"pt-BR\"},{\"@type\":\"Organization\",\"@id\":\"https:\\\/\\\/maranhaotv.com.br\\\/#organization\",\"name\":\"Portal de Not\u00edcias\",\"url\":\"https:\\\/\\\/maranhaotv.com.br\\\/\",\"logo\":{\"@type\":\"ImageObject\",\"inLanguage\":\"pt-BR\",\"@id\":\"https:\\\/\\\/maranhaotv.com.br\\\/#\\\/schema\\\/logo\\\/image\\\/\",\"url\":\"https:\\\/\\\/maranhaotv.com.br\\\/wp-content\\\/uploads\\\/2024\\\/05\\\/cropped-cropped-avatar-1.png\",\"contentUrl\":\"https:\\\/\\\/maranhaotv.com.br\\\/wp-content\\\/uploads\\\/2024\\\/05\\\/cropped-cropped-avatar-1.png\",\"width\":792,\"height\":428,\"caption\":\"Portal de Not\u00edcias\"},\"image\":{\"@id\":\"https:\\\/\\\/maranhaotv.com.br\\\/#\\\/schema\\\/logo\\\/image\\\/\"},\"sameAs\":[\"https:\\\/\\\/www.facebook.com\\\/maiobaotv\",\"https:\\\/\\\/x.com\\\/sitemaranhaotv\",\"https:\\\/\\\/www.instagram.com\\\/maranhao.tv\",\"https:\\\/\\\/www.threads.net\\\/@maranhao.tv\"]},{\"@type\":\"Person\",\"@id\":\"https:\\\/\\\/maranhaotv.com.br\\\/#\\\/schema\\\/person\\\/3d54238e86b20bb5c89ab2fdb8f8829a\",\"name\":\"maranhaotv\",\"image\":{\"@type\":\"ImageObject\",\"inLanguage\":\"pt-BR\",\"@id\":\"https:\\\/\\\/secure.gravatar.com\\\/avatar\\\/8fadbca458d4cb68b1dd399ae9a40618d747bb1af65ac9fad21c89220a143eb4?s=96&d=mm&r=g\",\"url\":\"https:\\\/\\\/secure.gravatar.com\\\/avatar\\\/8fadbca458d4cb68b1dd399ae9a40618d747bb1af65ac9fad21c89220a143eb4?s=96&d=mm&r=g\",\"contentUrl\":\"https:\\\/\\\/secure.gravatar.com\\\/avatar\\\/8fadbca458d4cb68b1dd399ae9a40618d747bb1af65ac9fad21c89220a143eb4?s=96&d=mm&r=g\",\"caption\":\"maranhaotv\"},\"sameAs\":[\"https:\\\/\\\/maranhaotv.com.br\\\/\"],\"url\":\"https:\\\/\\\/maranhaotv.com.br\\\/index.php\\\/author\\\/maranhaotv\\\/\"}]}<\/script>\n<!-- \/ Yoast SEO plugin. -->","yoast_head_json":{"title":"Ex-subprefeito da gest\u00e3o Edivaldo Holanda \u00e9 encontrado morto em S\u00e3o Lu\u00eds - NOT\u00cdCIAS EM TEMPO REAL","robots":{"index":"index","follow":"follow","max-snippet":"max-snippet:-1","max-image-preview":"max-image-preview:large","max-video-preview":"max-video-preview:-1"},"canonical":"https:\/\/maranhaotv.com.br\/index.php\/2025\/08\/11\/ex-subprefeito-da-gestao-edivaldo-holanda-e-encontrado-morto-em-sao-luis\/","og_locale":"pt_BR","og_type":"article","og_title":"Ex-subprefeito da gest\u00e3o Edivaldo Holanda \u00e9 encontrado morto em S\u00e3o Lu\u00eds - NOT\u00cdCIAS EM TEMPO REAL","og_description":"Jefferson Viegas Costa, de 46 anos, conhecido carinhosamente pelos amigos como \u201cZacarias\u201d, foi encontrado sem vida neste domingo (10) dentro","og_url":"https:\/\/maranhaotv.com.br\/index.php\/2025\/08\/11\/ex-subprefeito-da-gestao-edivaldo-holanda-e-encontrado-morto-em-sao-luis\/","og_site_name":"NOT\u00cdCIAS EM TEMPO REAL","article_publisher":"https:\/\/www.facebook.com\/maiobaotv","article_published_time":"2025-08-11T15:14:21+00:00","article_modified_time":"2025-08-11T15:14:43+00:00","og_image":[{"width":415,"height":301,"url":"https:\/\/maranhaotv.com.br\/wp-content\/uploads\/2025\/08\/image_editor_output_image-1461243378-1754925265526.jpg","type":"image\/jpeg"}],"author":"maranhaotv","twitter_card":"summary_large_image","twitter_creator":"@sitemaranhaotv","twitter_site":"@sitemaranhaotv","twitter_misc":{"Escrito por":"maranhaotv","Est. tempo de leitura":"1 minuto"},"schema":{"@context":"https:\/\/schema.org","@graph":[{"@type":"Article","@id":"https:\/\/maranhaotv.com.br\/index.php\/2025\/08\/11\/ex-subprefeito-da-gestao-edivaldo-holanda-e-encontrado-morto-em-sao-luis\/#article","isPartOf":{"@id":"https:\/\/maranhaotv.com.br\/index.php\/2025\/08\/11\/ex-subprefeito-da-gestao-edivaldo-holanda-e-encontrado-morto-em-sao-luis\/"},"author":{"name":"maranhaotv","@id":"https:\/\/maranhaotv.com.br\/#\/schema\/person\/3d54238e86b20bb5c89ab2fdb8f8829a"},"headline":"Ex-subprefeito da gest\u00e3o Edivaldo Holanda \u00e9 encontrado morto em S\u00e3o Lu\u00eds","datePublished":"2025-08-11T15:14:21+00:00","dateModified":"2025-08-11T15:14:43+00:00","mainEntityOfPage":{"@id":"https:\/\/maranhaotv.com.br\/index.php\/2025\/08\/11\/ex-subprefeito-da-gestao-edivaldo-holanda-e-encontrado-morto-em-sao-luis\/"},"wordCount":231,"commentCount":0,"publisher":{"@id":"https:\/\/maranhaotv.com.br\/#organization"},"image":{"@id":"https:\/\/maranhaotv.com.br\/index.php\/2025\/08\/11\/ex-subprefeito-da-gestao-edivaldo-holanda-e-encontrado-morto-em-sao-luis\/#primaryimage"},"thumbnailUrl":"https:\/\/maranhaotv.com.br\/wp-content\/uploads\/2025\/08\/image_editor_output_image-1461243378-1754925265526.jpg","articleSection":["not\u00edcias"],"inLanguage":"pt-BR","potentialAction":[{"@type":"CommentAction","name":"Comment","target":["https:\/\/maranhaotv.com.br\/index.php\/2025\/08\/11\/ex-subprefeito-da-gestao-edivaldo-holanda-e-encontrado-morto-em-sao-luis\/#respond"]}]},{"@type":"WebPage","@id":"https:\/\/maranhaotv.com.br\/index.php\/2025\/08\/11\/ex-subprefeito-da-gestao-edivaldo-holanda-e-encontrado-morto-em-sao-luis\/","url":"https:\/\/maranhaotv.com.br\/index.php\/2025\/08\/11\/ex-subprefeito-da-gestao-edivaldo-holanda-e-encontrado-morto-em-sao-luis\/","name":"Ex-subprefeito da gest\u00e3o Edivaldo Holanda \u00e9 encontrado morto em S\u00e3o Lu\u00eds - NOT\u00cdCIAS EM TEMPO REAL","isPartOf":{"@id":"https:\/\/maranhaotv.com.br\/#website"},"primaryImageOfPage":{"@id":"https:\/\/maranhaotv.com.br\/index.php\/2025\/08\/11\/ex-subprefeito-da-gestao-edivaldo-holanda-e-encontrado-morto-em-sao-luis\/#primaryimage"},"image":{"@id":"https:\/\/maranhaotv.com.br\/index.php\/2025\/08\/11\/ex-subprefeito-da-gestao-edivaldo-holanda-e-encontrado-morto-em-sao-luis\/#primaryimage"},"thumbnailUrl":"https:\/\/maranhaotv.com.br\/wp-content\/uploads\/2025\/08\/image_editor_output_image-1461243378-1754925265526.jpg","datePublished":"2025-08-11T15:14:21+00:00","dateModified":"2025-08-11T15:14:43+00:00","breadcrumb":{"@id":"https:\/\/maranhaotv.com.br\/index.php\/2025\/08\/11\/ex-subprefeito-da-gestao-edivaldo-holanda-e-encontrado-morto-em-sao-luis\/#breadcrumb"},"inLanguage":"pt-BR","potentialAction":[{"@type":"ReadAction","target":["https:\/\/maranhaotv.com.br\/index.php\/2025\/08\/11\/ex-subprefeito-da-gestao-edivaldo-holanda-e-encontrado-morto-em-sao-luis\/"]}]},{"@type":"ImageObject","inLanguage":"pt-BR","@id":"https:\/\/maranhaotv.com.br\/index.php\/2025\/08\/11\/ex-subprefeito-da-gestao-edivaldo-holanda-e-encontrado-morto-em-sao-luis\/#primaryimage","url":"https:\/\/maranhaotv.com.br\/wp-content\/uploads\/2025\/08\/image_editor_output_image-1461243378-1754925265526.jpg","contentUrl":"https:\/\/maranhaotv.com.br\/wp-content\/uploads\/2025\/08\/image_editor_output_image-1461243378-1754925265526.jpg","width":415,"height":301},{"@type":"BreadcrumbList","@id":"https:\/\/maranhaotv.com.br\/index.php\/2025\/08\/11\/ex-subprefeito-da-gestao-edivaldo-holanda-e-encontrado-morto-em-sao-luis\/#breadcrumb","itemListElement":[{"@type":"ListItem","position":1,"name":"In\u00edcio","item":"https:\/\/maranhaotv.com.br\/"},{"@type":"ListItem","position":2,"name":"Ex-subprefeito da gest\u00e3o Edivaldo Holanda \u00e9 encontrado morto em S\u00e3o Lu\u00eds"}]},{"@type":"WebSite","@id":"https:\/\/maranhaotv.com.br\/#website","url":"https:\/\/maranhaotv.com.br\/","name":"Maranh\u00e3oTV","description":"","publisher":{"@id":"https:\/\/maranhaotv.com.br\/#organization"},"potentialAction":[{"@type":"SearchAction","target":{"@type":"EntryPoint","urlTemplate":"https:\/\/maranhaotv.com.br\/?s={search_term_string}"},"query-input":{"@type":"PropertyValueSpecification","valueRequired":true,"valueName":"search_term_string"}}],"inLanguage":"pt-BR"},{"@type":"Organization","@id":"https:\/\/maranhaotv.com.br\/#organization","name":"Portal de Not\u00edcias","url":"https:\/\/maranhaotv.com.br\/","logo":{"@type":"ImageObject","inLanguage":"pt-BR","@id":"https:\/\/maranhaotv.com.br\/#\/schema\/logo\/image\/","url":"https:\/\/maranhaotv.com.br\/wp-content\/uploads\/2024\/05\/cropped-cropped-avatar-1.png","contentUrl":"https:\/\/maranhaotv.com.br\/wp-content\/uploads\/2024\/05\/cropped-cropped-avatar-1.png","width":792,"height":428,"caption":"Portal de Not\u00edcias"},"image":{"@id":"https:\/\/maranhaotv.com.br\/#\/schema\/logo\/image\/"},"sameAs":["https:\/\/www.facebook.com\/maiobaotv","https:\/\/x.com\/sitemaranhaotv","https:\/\/www.instagram.com\/maranhao.tv","https:\/\/www.threads.net\/@maranhao.tv"]},{"@type":"Person","@id":"https:\/\/maranhaotv.com.br\/#\/schema\/person\/3d54238e86b20bb5c89ab2fdb8f8829a","name":"maranhaotv","image":{"@type":"ImageObject","inLanguage":"pt-BR","@id":"https:\/\/secure.gravatar.com\/avatar\/8fadbca458d4cb68b1dd399ae9a40618d747bb1af65ac9fad21c89220a143eb4?s=96&d=mm&r=g","url":"https:\/\/secure.gravatar.com\/avatar\/8fadbca458d4cb68b1dd399ae9a40618d747bb1af65ac9fad21c89220a143eb4?s=96&d=mm&r=g","contentUrl":"https:\/\/secure.gravatar.com\/avatar\/8fadbca458d4cb68b1dd399ae9a40618d747bb1af65ac9fad21c89220a143eb4?s=96&d=mm&r=g","caption":"maranhaotv"},"sameAs":["https:\/\/maranhaotv.com.br\/"],"url":"https:\/\/maranhaotv.com.br\/index.php\/author\/maranhaotv\/"}]}},"jetpack_featured_media_url":"https:\/\/maranhaotv.com.br\/wp-content\/uploads\/2025\/08\/image_editor_output_image-1461243378-1754925265526.jpg","jetpack_sharing_enabled":true,"_links":{"self":[{"href":"https:\/\/maranhaotv.com.br\/index.php\/wp-json\/wp\/v2\/posts\/43637","targetHints":{"allow":["GET"]}}],"collection":[{"href":"https:\/\/maranhaotv.com.br\/index.php\/wp-json\/wp\/v2\/posts"}],"about":[{"href":"https:\/\/maranhaotv.com.br\/index.php\/wp-json\/wp\/v2\/types\/post"}],"author":[{"embeddable":true,"href":"https:\/\/maranhaotv.com.br\/index.php\/wp-json\/wp\/v2\/users\/2"}],"replies":[{"embeddable":true,"href":"https:\/\/maranhaotv.com.br\/index.php\/wp-json\/wp\/v2\/comments?post=43637"}],"version-history":[{"count":1,"href":"https:\/\/maranhaotv.com.br\/index.php\/wp-json\/wp\/v2\/posts\/43637\/revisions"}],"predecessor-version":[{"id":43638,"href":"https:\/\/maranhaotv.com.br\/index.php\/wp-json\/wp\/v2\/posts\/43637\/revisions\/43638"}],"wp:featuredmedia":[{"embeddable":true,"href":"https:\/\/maranhaotv.com.br\/index.php\/wp-json\/wp\/v2\/media\/43636"}],"wp:attachment":[{"href":"https:\/\/maranhaotv.com.br\/index.php\/wp-json\/wp\/v2\/media?parent=43637"}],"wp:term":[{"taxonomy":"category","embeddable":true,"href":"https:\/\/maranhaotv.com.br\/index.php\/wp-json\/wp\/v2\/categories?post=43637"},{"taxonomy":"post_tag","embeddable":true,"href":"https:\/\/maranhaotv.com.br\/index.php\/wp-json\/wp\/v2\/tags?post=43637"}],"curies":[{"name":"wp","href":"https:\/\/api.w.org\/{rel}","templated":true}]}}