{"id":43769,"date":"2025-08-19T08:56:57","date_gmt":"2025-08-19T11:56:57","guid":{"rendered":"https:\/\/maranhaotv.com.br\/?p=43769"},"modified":"2025-08-19T08:57:48","modified_gmt":"2025-08-19T11:57:48","slug":"agentes-da-pf-cumprem-mandado-de-busca-e-apreensao-no-gabinete-da-deputada-daniella","status":"publish","type":"post","link":"https:\/\/maranhaotv.com.br\/index.php\/2025\/08\/19\/agentes-da-pf-cumprem-mandado-de-busca-e-apreensao-no-gabinete-da-deputada-daniella\/","title":{"rendered":"Agentes da PF cumprem mandado de busca e apreens\u00e3o no gabinete da Deputada Daniella"},"content":{"rendered":"\n<p><br>Agentes da Pol\u00edcia Federal (PF) cumprem mandados de busca e apreens\u00e3o na manh\u00e3 desta ter\u00e7a-feira (19), na Assembleia Legislativa do Maranh\u00e3o. Trata-se de uma a\u00e7\u00e3o no bojo de uma opera\u00e7\u00e3o desencadeada em seis munic\u00edpios do estado, e que tem por objetivo alcan\u00e7ar suspeitos de desvios de mais de R$ 50 milh\u00f5es de recursos do Fundo de Manuten\u00e7\u00e3o e Desenvolvimento da Educa\u00e7\u00e3o B\u00e1sica (Fundeb).<br>A informa\u00e7\u00e3o preliminar \u00e9 de que o gabinete da deputada Daniella (PF) \u00e9 alvo dos agentes da PF, na Assembleia. Eles buscam documentos e eletr\u00f4nicos.<br>O site Maranh\u00e3o TV tenta contato com a parlamentar para obter um posicionamento. A deputada, contudo, ainda n\u00e3o se pronunciou. Daniella \u00e9 casada com o ex-prefeito de Caxias, F\u00e1bio Gentil.<br>A opera\u00e7\u00e3o desencadeada na manh\u00e3 de hoje j\u00e1 resultou na apreens\u00e3o de carros, joias, R$ 54 mil em esp\u00e9cie e um cheque de R$ 300 mil.<\/p>\n","protected":false},"excerpt":{"rendered":"<p>Agentes da Pol\u00edcia Federal (PF) cumprem mandados de busca e apreens\u00e3o na manh\u00e3 desta ter\u00e7a-feira (19), na Assembleia Legislativa do<\/p>\n","protected":false},"author":2,"featured_media":43768,"comment_status":"open","ping_status":"open","sticky":false,"template":"","format":"standard","meta":{"colormag_page_container_layout":"default_layout","colormag_page_sidebar_layout":"default_layout","_jetpack_memberships_contains_paid_content":false,"footnotes":""},"categories":[3],"tags":[],"class_list":["post-43769","post","type-post","status-publish","format-standard","has-post-thumbnail","hentry","category-policial"],"magazineBlocksPostFeaturedMedia":{"thumbnail":"https:\/\/maranhaotv.com.br\/wp-content\/uploads\/2025\/08\/images-2-150x150.jpeg","medium":"https:\/\/maranhaotv.com.br\/wp-content\/uploads\/2025\/08\/images-2-300x200.jpeg","medium_large":"https:\/\/maranhaotv.com.br\/wp-content\/uploads\/2025\/08\/images-2.jpeg","large":"https:\/\/maranhaotv.com.br\/wp-content\/uploads\/2025\/08\/images-2.jpeg","1536x1536":"https:\/\/maranhaotv.com.br\/wp-content\/uploads\/2025\/08\/images-2.jpeg","2048x2048":"https:\/\/maranhaotv.com.br\/wp-content\/uploads\/2025\/08\/images-2.jpeg","colormag-highlighted-post":"https:\/\/maranhaotv.com.br\/wp-content\/uploads\/2025\/08\/images-2-392x272.jpeg","colormag-featured-post-medium":"https:\/\/maranhaotv.com.br\/wp-content\/uploads\/2025\/08\/images-2-390x205.jpeg","colormag-featured-post-small":"https:\/\/maranhaotv.com.br\/wp-content\/uploads\/2025\/08\/images-2-130x90.jpeg","colormag-featured-image":"https:\/\/maranhaotv.com.br\/wp-content\/uploads\/2025\/08\/images-2-678x445.jpeg","colormag-default-news":"https:\/\/maranhaotv.com.br\/wp-content\/uploads\/2025\/08\/images-2-150x150.jpeg","colormag-featured-image-large":"https:\/\/maranhaotv.com.br\/wp-content\/uploads\/2025\/08\/images-2.jpeg"},"magazineBlocksPostAuthor":{"name":"maranhaotv","avatar":"https:\/\/secure.gravatar.com\/avatar\/8fadbca458d4cb68b1dd399ae9a40618d747bb1af65ac9fad21c89220a143eb4?s=96&d=mm&r=g"},"magazineBlocksPostCommentsNumber":"0","magazineBlocksPostExcerpt":"Agentes da Pol\u00edcia Federal (PF) cumprem mandados de busca e apreens\u00e3o na manh\u00e3 desta ter\u00e7a-feira (19), na Assembleia Legislativa do","magazineBlocksPostCategories":["policial"],"magazineBlocksPostViewCount":350,"magazineBlocksPostReadTime":1,"magazine_blocks_featured_image_url":{"full":["https:\/\/maranhaotv.com.br\/wp-content\/uploads\/2025\/08\/images-2.jpeg",678,452,false],"medium":["https:\/\/maranhaotv.com.br\/wp-content\/uploads\/2025\/08\/images-2-300x200.jpeg",300,200,true],"thumbnail":["https:\/\/maranhaotv.com.br\/wp-content\/uploads\/2025\/08\/images-2-150x150.jpeg",150,150,true]},"magazine_blocks_author":{"display_name":"maranhaotv","author_link":"https:\/\/maranhaotv.com.br\/index.php\/author\/maranhaotv\/"},"magazine_blocks_comment":0,"magazine_blocks_author_image":"https:\/\/secure.gravatar.com\/avatar\/8fadbca458d4cb68b1dd399ae9a40618d747bb1af65ac9fad21c89220a143eb4?s=96&d=mm&r=g","magazine_blocks_category":"<a href=\"#\" class=\"category-link category-link-3\">policial<\/a>","yoast_head":"<!-- This site is optimized with the Yoast SEO plugin v27.4 - https:\/\/yoast.com\/product\/yoast-seo-wordpress\/ -->\n<title>Agentes da PF cumprem mandado de busca e apreens\u00e3o no gabinete da Deputada Daniella - NOT\u00cdCIAS EM TEMPO REAL<\/title>\n<meta name=\"robots\" content=\"index, follow, max-snippet:-1, max-image-preview:large, max-video-preview:-1\" \/>\n<link rel=\"canonical\" href=\"https:\/\/maranhaotv.com.br\/index.php\/2025\/08\/19\/agentes-da-pf-cumprem-mandado-de-busca-e-apreensao-no-gabinete-da-deputada-daniella\/\" \/>\n<meta property=\"og:locale\" content=\"pt_BR\" \/>\n<meta property=\"og:type\" content=\"article\" \/>\n<meta property=\"og:title\" content=\"Agentes da PF cumprem mandado de busca e apreens\u00e3o no gabinete da Deputada Daniella - NOT\u00cdCIAS EM TEMPO REAL\" \/>\n<meta property=\"og:description\" content=\"Agentes da Pol\u00edcia Federal (PF) cumprem mandados de busca e apreens\u00e3o na manh\u00e3 desta ter\u00e7a-feira (19), na Assembleia Legislativa do\" \/>\n<meta property=\"og:url\" content=\"https:\/\/maranhaotv.com.br\/index.php\/2025\/08\/19\/agentes-da-pf-cumprem-mandado-de-busca-e-apreensao-no-gabinete-da-deputada-daniella\/\" \/>\n<meta property=\"og:site_name\" content=\"NOT\u00cdCIAS EM TEMPO REAL\" \/>\n<meta property=\"article:publisher\" content=\"https:\/\/www.facebook.com\/maiobaotv\" \/>\n<meta property=\"article:published_time\" content=\"2025-08-19T11:56:57+00:00\" \/>\n<meta property=\"article:modified_time\" content=\"2025-08-19T11:57:48+00:00\" \/>\n<meta property=\"og:image\" content=\"https:\/\/maranhaotv.com.br\/wp-content\/uploads\/2025\/08\/images-2.jpeg\" \/>\n\t<meta property=\"og:image:width\" content=\"678\" \/>\n\t<meta property=\"og:image:height\" content=\"452\" \/>\n\t<meta property=\"og:image:type\" content=\"image\/jpeg\" \/>\n<meta name=\"author\" content=\"maranhaotv\" \/>\n<meta name=\"twitter:card\" content=\"summary_large_image\" \/>\n<meta name=\"twitter:creator\" content=\"@sitemaranhaotv\" \/>\n<meta name=\"twitter:site\" content=\"@sitemaranhaotv\" \/>\n<meta name=\"twitter:label1\" content=\"Escrito por\" \/>\n\t<meta name=\"twitter:data1\" content=\"maranhaotv\" \/>\n\t<meta name=\"twitter:label2\" content=\"Est. tempo de leitura\" \/>\n\t<meta name=\"twitter:data2\" content=\"1 minuto\" \/>\n<script type=\"application\/ld+json\" class=\"yoast-schema-graph\">{\"@context\":\"https:\\\/\\\/schema.org\",\"@graph\":[{\"@type\":\"Article\",\"@id\":\"https:\\\/\\\/maranhaotv.com.br\\\/index.php\\\/2025\\\/08\\\/19\\\/agentes-da-pf-cumprem-mandado-de-busca-e-apreensao-no-gabinete-da-deputada-daniella\\\/#article\",\"isPartOf\":{\"@id\":\"https:\\\/\\\/maranhaotv.com.br\\\/index.php\\\/2025\\\/08\\\/19\\\/agentes-da-pf-cumprem-mandado-de-busca-e-apreensao-no-gabinete-da-deputada-daniella\\\/\"},\"author\":{\"name\":\"maranhaotv\",\"@id\":\"https:\\\/\\\/maranhaotv.com.br\\\/#\\\/schema\\\/person\\\/3d54238e86b20bb5c89ab2fdb8f8829a\"},\"headline\":\"Agentes da PF cumprem mandado de busca e apreens\u00e3o no gabinete da Deputada Daniella\",\"datePublished\":\"2025-08-19T11:56:57+00:00\",\"dateModified\":\"2025-08-19T11:57:48+00:00\",\"mainEntityOfPage\":{\"@id\":\"https:\\\/\\\/maranhaotv.com.br\\\/index.php\\\/2025\\\/08\\\/19\\\/agentes-da-pf-cumprem-mandado-de-busca-e-apreensao-no-gabinete-da-deputada-daniella\\\/\"},\"wordCount\":172,\"commentCount\":0,\"publisher\":{\"@id\":\"https:\\\/\\\/maranhaotv.com.br\\\/#organization\"},\"image\":{\"@id\":\"https:\\\/\\\/maranhaotv.com.br\\\/index.php\\\/2025\\\/08\\\/19\\\/agentes-da-pf-cumprem-mandado-de-busca-e-apreensao-no-gabinete-da-deputada-daniella\\\/#primaryimage\"},\"thumbnailUrl\":\"https:\\\/\\\/maranhaotv.com.br\\\/wp-content\\\/uploads\\\/2025\\\/08\\\/images-2.jpeg\",\"articleSection\":[\"policial\"],\"inLanguage\":\"pt-BR\",\"potentialAction\":[{\"@type\":\"CommentAction\",\"name\":\"Comment\",\"target\":[\"https:\\\/\\\/maranhaotv.com.br\\\/index.php\\\/2025\\\/08\\\/19\\\/agentes-da-pf-cumprem-mandado-de-busca-e-apreensao-no-gabinete-da-deputada-daniella\\\/#respond\"]}]},{\"@type\":\"WebPage\",\"@id\":\"https:\\\/\\\/maranhaotv.com.br\\\/index.php\\\/2025\\\/08\\\/19\\\/agentes-da-pf-cumprem-mandado-de-busca-e-apreensao-no-gabinete-da-deputada-daniella\\\/\",\"url\":\"https:\\\/\\\/maranhaotv.com.br\\\/index.php\\\/2025\\\/08\\\/19\\\/agentes-da-pf-cumprem-mandado-de-busca-e-apreensao-no-gabinete-da-deputada-daniella\\\/\",\"name\":\"Agentes da PF cumprem mandado de busca e apreens\u00e3o no gabinete da Deputada Daniella - NOT\u00cdCIAS EM TEMPO REAL\",\"isPartOf\":{\"@id\":\"https:\\\/\\\/maranhaotv.com.br\\\/#website\"},\"primaryImageOfPage\":{\"@id\":\"https:\\\/\\\/maranhaotv.com.br\\\/index.php\\\/2025\\\/08\\\/19\\\/agentes-da-pf-cumprem-mandado-de-busca-e-apreensao-no-gabinete-da-deputada-daniella\\\/#primaryimage\"},\"image\":{\"@id\":\"https:\\\/\\\/maranhaotv.com.br\\\/index.php\\\/2025\\\/08\\\/19\\\/agentes-da-pf-cumprem-mandado-de-busca-e-apreensao-no-gabinete-da-deputada-daniella\\\/#primaryimage\"},\"thumbnailUrl\":\"https:\\\/\\\/maranhaotv.com.br\\\/wp-content\\\/uploads\\\/2025\\\/08\\\/images-2.jpeg\",\"datePublished\":\"2025-08-19T11:56:57+00:00\",\"dateModified\":\"2025-08-19T11:57:48+00:00\",\"breadcrumb\":{\"@id\":\"https:\\\/\\\/maranhaotv.com.br\\\/index.php\\\/2025\\\/08\\\/19\\\/agentes-da-pf-cumprem-mandado-de-busca-e-apreensao-no-gabinete-da-deputada-daniella\\\/#breadcrumb\"},\"inLanguage\":\"pt-BR\",\"potentialAction\":[{\"@type\":\"ReadAction\",\"target\":[\"https:\\\/\\\/maranhaotv.com.br\\\/index.php\\\/2025\\\/08\\\/19\\\/agentes-da-pf-cumprem-mandado-de-busca-e-apreensao-no-gabinete-da-deputada-daniella\\\/\"]}]},{\"@type\":\"ImageObject\",\"inLanguage\":\"pt-BR\",\"@id\":\"https:\\\/\\\/maranhaotv.com.br\\\/index.php\\\/2025\\\/08\\\/19\\\/agentes-da-pf-cumprem-mandado-de-busca-e-apreensao-no-gabinete-da-deputada-daniella\\\/#primaryimage\",\"url\":\"https:\\\/\\\/maranhaotv.com.br\\\/wp-content\\\/uploads\\\/2025\\\/08\\\/images-2.jpeg\",\"contentUrl\":\"https:\\\/\\\/maranhaotv.com.br\\\/wp-content\\\/uploads\\\/2025\\\/08\\\/images-2.jpeg\",\"width\":678,\"height\":452},{\"@type\":\"BreadcrumbList\",\"@id\":\"https:\\\/\\\/maranhaotv.com.br\\\/index.php\\\/2025\\\/08\\\/19\\\/agentes-da-pf-cumprem-mandado-de-busca-e-apreensao-no-gabinete-da-deputada-daniella\\\/#breadcrumb\",\"itemListElement\":[{\"@type\":\"ListItem\",\"position\":1,\"name\":\"In\u00edcio\",\"item\":\"https:\\\/\\\/maranhaotv.com.br\\\/\"},{\"@type\":\"ListItem\",\"position\":2,\"name\":\"Agentes da PF cumprem mandado de busca e apreens\u00e3o no gabinete da Deputada Daniella\"}]},{\"@type\":\"WebSite\",\"@id\":\"https:\\\/\\\/maranhaotv.com.br\\\/#website\",\"url\":\"https:\\\/\\\/maranhaotv.com.br\\\/\",\"name\":\"Maranh\u00e3oTV\",\"description\":\"\",\"publisher\":{\"@id\":\"https:\\\/\\\/maranhaotv.com.br\\\/#organization\"},\"potentialAction\":[{\"@type\":\"SearchAction\",\"target\":{\"@type\":\"EntryPoint\",\"urlTemplate\":\"https:\\\/\\\/maranhaotv.com.br\\\/?s={search_term_string}\"},\"query-input\":{\"@type\":\"PropertyValueSpecification\",\"valueRequired\":true,\"valueName\":\"search_term_string\"}}],\"inLanguage\":\"pt-BR\"},{\"@type\":\"Organization\",\"@id\":\"https:\\\/\\\/maranhaotv.com.br\\\/#organization\",\"name\":\"Portal de Not\u00edcias\",\"url\":\"https:\\\/\\\/maranhaotv.com.br\\\/\",\"logo\":{\"@type\":\"ImageObject\",\"inLanguage\":\"pt-BR\",\"@id\":\"https:\\\/\\\/maranhaotv.com.br\\\/#\\\/schema\\\/logo\\\/image\\\/\",\"url\":\"https:\\\/\\\/maranhaotv.com.br\\\/wp-content\\\/uploads\\\/2024\\\/05\\\/cropped-cropped-avatar-1.png\",\"contentUrl\":\"https:\\\/\\\/maranhaotv.com.br\\\/wp-content\\\/uploads\\\/2024\\\/05\\\/cropped-cropped-avatar-1.png\",\"width\":792,\"height\":428,\"caption\":\"Portal de Not\u00edcias\"},\"image\":{\"@id\":\"https:\\\/\\\/maranhaotv.com.br\\\/#\\\/schema\\\/logo\\\/image\\\/\"},\"sameAs\":[\"https:\\\/\\\/www.facebook.com\\\/maiobaotv\",\"https:\\\/\\\/x.com\\\/sitemaranhaotv\",\"https:\\\/\\\/www.instagram.com\\\/maranhao.tv\",\"https:\\\/\\\/www.threads.net\\\/@maranhao.tv\"]},{\"@type\":\"Person\",\"@id\":\"https:\\\/\\\/maranhaotv.com.br\\\/#\\\/schema\\\/person\\\/3d54238e86b20bb5c89ab2fdb8f8829a\",\"name\":\"maranhaotv\",\"image\":{\"@type\":\"ImageObject\",\"inLanguage\":\"pt-BR\",\"@id\":\"https:\\\/\\\/secure.gravatar.com\\\/avatar\\\/8fadbca458d4cb68b1dd399ae9a40618d747bb1af65ac9fad21c89220a143eb4?s=96&d=mm&r=g\",\"url\":\"https:\\\/\\\/secure.gravatar.com\\\/avatar\\\/8fadbca458d4cb68b1dd399ae9a40618d747bb1af65ac9fad21c89220a143eb4?s=96&d=mm&r=g\",\"contentUrl\":\"https:\\\/\\\/secure.gravatar.com\\\/avatar\\\/8fadbca458d4cb68b1dd399ae9a40618d747bb1af65ac9fad21c89220a143eb4?s=96&d=mm&r=g\",\"caption\":\"maranhaotv\"},\"sameAs\":[\"https:\\\/\\\/maranhaotv.com.br\\\/\"],\"url\":\"https:\\\/\\\/maranhaotv.com.br\\\/index.php\\\/author\\\/maranhaotv\\\/\"}]}<\/script>\n<!-- \/ Yoast SEO plugin. -->","yoast_head_json":{"title":"Agentes da PF cumprem mandado de busca e apreens\u00e3o no gabinete da Deputada Daniella - NOT\u00cdCIAS EM TEMPO REAL","robots":{"index":"index","follow":"follow","max-snippet":"max-snippet:-1","max-image-preview":"max-image-preview:large","max-video-preview":"max-video-preview:-1"},"canonical":"https:\/\/maranhaotv.com.br\/index.php\/2025\/08\/19\/agentes-da-pf-cumprem-mandado-de-busca-e-apreensao-no-gabinete-da-deputada-daniella\/","og_locale":"pt_BR","og_type":"article","og_title":"Agentes da PF cumprem mandado de busca e apreens\u00e3o no gabinete da Deputada Daniella - NOT\u00cdCIAS EM TEMPO REAL","og_description":"Agentes da Pol\u00edcia Federal (PF) cumprem mandados de busca e apreens\u00e3o na manh\u00e3 desta ter\u00e7a-feira (19), na Assembleia Legislativa do","og_url":"https:\/\/maranhaotv.com.br\/index.php\/2025\/08\/19\/agentes-da-pf-cumprem-mandado-de-busca-e-apreensao-no-gabinete-da-deputada-daniella\/","og_site_name":"NOT\u00cdCIAS EM TEMPO REAL","article_publisher":"https:\/\/www.facebook.com\/maiobaotv","article_published_time":"2025-08-19T11:56:57+00:00","article_modified_time":"2025-08-19T11:57:48+00:00","og_image":[{"width":678,"height":452,"url":"https:\/\/maranhaotv.com.br\/wp-content\/uploads\/2025\/08\/images-2.jpeg","type":"image\/jpeg"}],"author":"maranhaotv","twitter_card":"summary_large_image","twitter_creator":"@sitemaranhaotv","twitter_site":"@sitemaranhaotv","twitter_misc":{"Escrito por":"maranhaotv","Est. tempo de leitura":"1 minuto"},"schema":{"@context":"https:\/\/schema.org","@graph":[{"@type":"Article","@id":"https:\/\/maranhaotv.com.br\/index.php\/2025\/08\/19\/agentes-da-pf-cumprem-mandado-de-busca-e-apreensao-no-gabinete-da-deputada-daniella\/#article","isPartOf":{"@id":"https:\/\/maranhaotv.com.br\/index.php\/2025\/08\/19\/agentes-da-pf-cumprem-mandado-de-busca-e-apreensao-no-gabinete-da-deputada-daniella\/"},"author":{"name":"maranhaotv","@id":"https:\/\/maranhaotv.com.br\/#\/schema\/person\/3d54238e86b20bb5c89ab2fdb8f8829a"},"headline":"Agentes da PF cumprem mandado de busca e apreens\u00e3o no gabinete da Deputada Daniella","datePublished":"2025-08-19T11:56:57+00:00","dateModified":"2025-08-19T11:57:48+00:00","mainEntityOfPage":{"@id":"https:\/\/maranhaotv.com.br\/index.php\/2025\/08\/19\/agentes-da-pf-cumprem-mandado-de-busca-e-apreensao-no-gabinete-da-deputada-daniella\/"},"wordCount":172,"commentCount":0,"publisher":{"@id":"https:\/\/maranhaotv.com.br\/#organization"},"image":{"@id":"https:\/\/maranhaotv.com.br\/index.php\/2025\/08\/19\/agentes-da-pf-cumprem-mandado-de-busca-e-apreensao-no-gabinete-da-deputada-daniella\/#primaryimage"},"thumbnailUrl":"https:\/\/maranhaotv.com.br\/wp-content\/uploads\/2025\/08\/images-2.jpeg","articleSection":["policial"],"inLanguage":"pt-BR","potentialAction":[{"@type":"CommentAction","name":"Comment","target":["https:\/\/maranhaotv.com.br\/index.php\/2025\/08\/19\/agentes-da-pf-cumprem-mandado-de-busca-e-apreensao-no-gabinete-da-deputada-daniella\/#respond"]}]},{"@type":"WebPage","@id":"https:\/\/maranhaotv.com.br\/index.php\/2025\/08\/19\/agentes-da-pf-cumprem-mandado-de-busca-e-apreensao-no-gabinete-da-deputada-daniella\/","url":"https:\/\/maranhaotv.com.br\/index.php\/2025\/08\/19\/agentes-da-pf-cumprem-mandado-de-busca-e-apreensao-no-gabinete-da-deputada-daniella\/","name":"Agentes da PF cumprem mandado de busca e apreens\u00e3o no gabinete da Deputada Daniella - NOT\u00cdCIAS EM TEMPO REAL","isPartOf":{"@id":"https:\/\/maranhaotv.com.br\/#website"},"primaryImageOfPage":{"@id":"https:\/\/maranhaotv.com.br\/index.php\/2025\/08\/19\/agentes-da-pf-cumprem-mandado-de-busca-e-apreensao-no-gabinete-da-deputada-daniella\/#primaryimage"},"image":{"@id":"https:\/\/maranhaotv.com.br\/index.php\/2025\/08\/19\/agentes-da-pf-cumprem-mandado-de-busca-e-apreensao-no-gabinete-da-deputada-daniella\/#primaryimage"},"thumbnailUrl":"https:\/\/maranhaotv.com.br\/wp-content\/uploads\/2025\/08\/images-2.jpeg","datePublished":"2025-08-19T11:56:57+00:00","dateModified":"2025-08-19T11:57:48+00:00","breadcrumb":{"@id":"https:\/\/maranhaotv.com.br\/index.php\/2025\/08\/19\/agentes-da-pf-cumprem-mandado-de-busca-e-apreensao-no-gabinete-da-deputada-daniella\/#breadcrumb"},"inLanguage":"pt-BR","potentialAction":[{"@type":"ReadAction","target":["https:\/\/maranhaotv.com.br\/index.php\/2025\/08\/19\/agentes-da-pf-cumprem-mandado-de-busca-e-apreensao-no-gabinete-da-deputada-daniella\/"]}]},{"@type":"ImageObject","inLanguage":"pt-BR","@id":"https:\/\/maranhaotv.com.br\/index.php\/2025\/08\/19\/agentes-da-pf-cumprem-mandado-de-busca-e-apreensao-no-gabinete-da-deputada-daniella\/#primaryimage","url":"https:\/\/maranhaotv.com.br\/wp-content\/uploads\/2025\/08\/images-2.jpeg","contentUrl":"https:\/\/maranhaotv.com.br\/wp-content\/uploads\/2025\/08\/images-2.jpeg","width":678,"height":452},{"@type":"BreadcrumbList","@id":"https:\/\/maranhaotv.com.br\/index.php\/2025\/08\/19\/agentes-da-pf-cumprem-mandado-de-busca-e-apreensao-no-gabinete-da-deputada-daniella\/#breadcrumb","itemListElement":[{"@type":"ListItem","position":1,"name":"In\u00edcio","item":"https:\/\/maranhaotv.com.br\/"},{"@type":"ListItem","position":2,"name":"Agentes da PF cumprem mandado de busca e apreens\u00e3o no gabinete da Deputada Daniella"}]},{"@type":"WebSite","@id":"https:\/\/maranhaotv.com.br\/#website","url":"https:\/\/maranhaotv.com.br\/","name":"Maranh\u00e3oTV","description":"","publisher":{"@id":"https:\/\/maranhaotv.com.br\/#organization"},"potentialAction":[{"@type":"SearchAction","target":{"@type":"EntryPoint","urlTemplate":"https:\/\/maranhaotv.com.br\/?s={search_term_string}"},"query-input":{"@type":"PropertyValueSpecification","valueRequired":true,"valueName":"search_term_string"}}],"inLanguage":"pt-BR"},{"@type":"Organization","@id":"https:\/\/maranhaotv.com.br\/#organization","name":"Portal de Not\u00edcias","url":"https:\/\/maranhaotv.com.br\/","logo":{"@type":"ImageObject","inLanguage":"pt-BR","@id":"https:\/\/maranhaotv.com.br\/#\/schema\/logo\/image\/","url":"https:\/\/maranhaotv.com.br\/wp-content\/uploads\/2024\/05\/cropped-cropped-avatar-1.png","contentUrl":"https:\/\/maranhaotv.com.br\/wp-content\/uploads\/2024\/05\/cropped-cropped-avatar-1.png","width":792,"height":428,"caption":"Portal de Not\u00edcias"},"image":{"@id":"https:\/\/maranhaotv.com.br\/#\/schema\/logo\/image\/"},"sameAs":["https:\/\/www.facebook.com\/maiobaotv","https:\/\/x.com\/sitemaranhaotv","https:\/\/www.instagram.com\/maranhao.tv","https:\/\/www.threads.net\/@maranhao.tv"]},{"@type":"Person","@id":"https:\/\/maranhaotv.com.br\/#\/schema\/person\/3d54238e86b20bb5c89ab2fdb8f8829a","name":"maranhaotv","image":{"@type":"ImageObject","inLanguage":"pt-BR","@id":"https:\/\/secure.gravatar.com\/avatar\/8fadbca458d4cb68b1dd399ae9a40618d747bb1af65ac9fad21c89220a143eb4?s=96&d=mm&r=g","url":"https:\/\/secure.gravatar.com\/avatar\/8fadbca458d4cb68b1dd399ae9a40618d747bb1af65ac9fad21c89220a143eb4?s=96&d=mm&r=g","contentUrl":"https:\/\/secure.gravatar.com\/avatar\/8fadbca458d4cb68b1dd399ae9a40618d747bb1af65ac9fad21c89220a143eb4?s=96&d=mm&r=g","caption":"maranhaotv"},"sameAs":["https:\/\/maranhaotv.com.br\/"],"url":"https:\/\/maranhaotv.com.br\/index.php\/author\/maranhaotv\/"}]}},"jetpack_featured_media_url":"https:\/\/maranhaotv.com.br\/wp-content\/uploads\/2025\/08\/images-2.jpeg","jetpack_sharing_enabled":true,"_links":{"self":[{"href":"https:\/\/maranhaotv.com.br\/index.php\/wp-json\/wp\/v2\/posts\/43769","targetHints":{"allow":["GET"]}}],"collection":[{"href":"https:\/\/maranhaotv.com.br\/index.php\/wp-json\/wp\/v2\/posts"}],"about":[{"href":"https:\/\/maranhaotv.com.br\/index.php\/wp-json\/wp\/v2\/types\/post"}],"author":[{"embeddable":true,"href":"https:\/\/maranhaotv.com.br\/index.php\/wp-json\/wp\/v2\/users\/2"}],"replies":[{"embeddable":true,"href":"https:\/\/maranhaotv.com.br\/index.php\/wp-json\/wp\/v2\/comments?post=43769"}],"version-history":[{"count":2,"href":"https:\/\/maranhaotv.com.br\/index.php\/wp-json\/wp\/v2\/posts\/43769\/revisions"}],"predecessor-version":[{"id":43771,"href":"https:\/\/maranhaotv.com.br\/index.php\/wp-json\/wp\/v2\/posts\/43769\/revisions\/43771"}],"wp:featuredmedia":[{"embeddable":true,"href":"https:\/\/maranhaotv.com.br\/index.php\/wp-json\/wp\/v2\/media\/43768"}],"wp:attachment":[{"href":"https:\/\/maranhaotv.com.br\/index.php\/wp-json\/wp\/v2\/media?parent=43769"}],"wp:term":[{"taxonomy":"category","embeddable":true,"href":"https:\/\/maranhaotv.com.br\/index.php\/wp-json\/wp\/v2\/categories?post=43769"},{"taxonomy":"post_tag","embeddable":true,"href":"https:\/\/maranhaotv.com.br\/index.php\/wp-json\/wp\/v2\/tags?post=43769"}],"curies":[{"name":"wp","href":"https:\/\/api.w.org\/{rel}","templated":true}]}}