{"id":43799,"date":"2025-08-20T11:06:40","date_gmt":"2025-08-20T14:06:40","guid":{"rendered":"https:\/\/maranhaotv.com.br\/?p=43799"},"modified":"2025-08-20T11:07:00","modified_gmt":"2025-08-20T14:07:00","slug":"uniao-progressista-e-oficializada-e-garante-as-maiores-bancadas-no-congresso","status":"publish","type":"post","link":"https:\/\/maranhaotv.com.br\/index.php\/2025\/08\/20\/uniao-progressista-e-oficializada-e-garante-as-maiores-bancadas-no-congresso\/","title":{"rendered":"Uni\u00e3o Progressista \u00e9 oficializada e garante as maiores bancadas no Congresso"},"content":{"rendered":"\n<p>Na tarde desta ter\u00e7a-feira, 19\/8, Uni\u00e3o Brasil e Progressistas firmaram a federa\u00e7\u00e3o partid\u00e1ria Uni\u00e3o Progressista (UPb), em cerim\u00f4nia com a presen\u00e7a de integrantes dos dois partidos, no Centro de Conven\u00e7\u00f5es Ulysses Guimar\u00e3es, em Bras\u00edlia.<br><br>A conven\u00e7\u00e3o instalou a Federa\u00e7\u00e3o Uni\u00e3o Progressista com a ratifica\u00e7\u00e3o do seu Estatuto, do programa e a composi\u00e7\u00e3o do \u00f3rg\u00e3o nacional por aclama\u00e7\u00e3o.<br><br>A UPb soma 109 deputados federais e 15 senadores. \u00c9 a maior bancada da C\u00e2mara dos Deputados e, a partir desta semana, tamb\u00e9m a maior do Senado Federal.<br><br>Compondo a mesa com o Deputado Arthur Lira (Progressistas); Ant\u00f4nio Carlos Magalh\u00e3es Neto, presidente da Funda\u00e7\u00e3o \u00cdndigo e vice-presidente do Partido Uni\u00e3o Brasil; Senador Ciro Gomes, presidente do Progressistas, e o presidente do Uni\u00e3o Braisl, Antonio Rueda, participaram da cerim\u00f4nia: Senador Davi Alcolumbre, presidente do Senado Federal (Uni\u00e3o Brasil); Ministro do Esporte, Andr\u00e9 Fufuca (Progressistas); Ministro do Turismo Celso Sabino (Uni\u00e3o Brasil); Senador Efraim Filho, l\u00edder do Partido Uni\u00e3o Brasil no Senado Federal; Senadora Professora Dorinha (Uni\u00e3o Brasil), l\u00edder da Bancada Feminina no Senado Federal; Senadora Tereza Cristina, l\u00edder do Partido Progressistas no Senado Federal; Deputado Pedro Lucas Fernandes, l\u00edder do Uni\u00e3o Brasil na C\u00e2mara dos Deputados; Deputado Doutor Luizinho, l\u00edder do Partido Progressistas na C\u00e2mara dos Deputados; Governador do Distrito Federal Ibaneis Rocha (Movimento Democr\u00e1tico Brasileiro); Governador do Estado de S\u00e3o Paulo Tarc\u00edsio de Freitas (Republicanos); Governador do Estado de Goi\u00e1s Ronaldo\u2060 Caiado (Uni\u00e3o Brasil); Governador do Estado de Mato Grosso Mauro Mendes (Uni\u00e3o Brasil); Governador do Estado do Amazonas Wilson Lima (Uni\u00e3o Brasil); Prefeito da Cidade de Belo Horizonte \u00c1lvaro Dami\u00e3o (Uni\u00e3o Brasil); Governador do Estado de Santa Catarina Jorginho Mello (Liberal): Governador do Estado do Acre Gladson Cameli (Progressistas); Governador do Estado de Mato Grosso do Sul Eduardo Riedel, agora pelo Partido Progressistas; Governador do Estado de Rond\u00f4nia Coronel Marcos Rocha (Uni\u00e3o Brasil); Governador do Estado de Roraima Antonio Denarium (Progressistas); Vice-Governadora do Distrito Federal, Celina Le\u00e3o (Progressistas); Vice-Governadora da Para\u00edba Lucas Ribeiro (Progressistas); Prefeito de Salvador, Bruno Reis (Uni\u00e3o Brasil); Prefeito de Belford Roxo M\u00e1rcio Canella (Uni\u00e3o Brasil); Ciro Gomes, ex-ministro de Estado; e Milton Leite, ex-presidente da C\u00e2mara Municipal de S\u00e3o Paulo.<br><br>A Federa\u00e7\u00e3o representa uma alternativa para o cen\u00e1rio pol\u00edtico atual, que busca converg\u00eancia, di\u00e1logo em torno de objetivos comuns \u2013 tudo em prol do povo brasileiro e da democracia. \u201cHoje a Federa\u00e7\u00e3o Uni\u00e3o Progressista entrega ao pa\u00eds aquilo que eu chamo de b\u00fassola da pol\u00edtica brasileira\u201d, destacou Ciro Nogueira.<br>O co-presidente da UPb ainda que o Brasil tem pressa e \u00e9 preciso mudar: \u201cNingu\u00e9m aguenta mais n\u00e3o aguentar mais.\u201d<br><br>As lideran\u00e7as, representantes de diversas siglas, manifestaram apoio ao projeto. Tarc\u00edsio de Freitas ressaltou que a Federa\u00e7\u00e3o representa \u201cuma for\u00e7a pol\u00edtica que emerge para enfrentar os verdadeiros problemas deste pa\u00eds\u201d. Para Ciro Gomes, a Federa\u00e7\u00e3o \u201cproporcionar\u00e1 um generoso debate pol\u00edtico que o \u00f3dio desta polariza\u00e7\u00e3o n\u00e3o deixa progredir\u201d. \u201cA maior estrutura partid\u00e1ria est\u00e1 sendo constru\u00edda nesse momento. Meus parab\u00e9ns a todos que trabalharam juntos na lideran\u00e7a e constru\u00edam isso aqui, que era dito por muitos ser imposs\u00edvel de construir\u201d, destacou Ronaldo Caiado.<br><br>Para o presidente nacional do Uni\u00e3o Brasil e co-presidente da federa\u00e7\u00e3o, Antonio Rueda, n\u00e3o se trata de uma mera soma de n\u00fameros: \u201c\u00c9 uma multiplica\u00e7\u00e3o de for\u00e7as, uma sinergia que nos posiciona como a maior pot\u00eancia pol\u00edtica do Brasil\u201d. Ele ainda destaca a expectativa para 2026: \u201cNas pr\u00f3ximas elei\u00e7\u00f5es, seremos invenc\u00edveis. Poderemos eleger mais representantes comprometidos com o progresso, influenciar pol\u00edticas que gerem empregos, invistam em educa\u00e7\u00e3o e sa\u00fade de qualidade, e fortale\u00e7am nossa economia\u201d. No discurso final, Rueda falou em respeito e equil\u00edbrio: \u201cEstamos dizendo n\u00e3o ao extremismo e sim ao di\u00e1logo construtivo\u201d.<br><br>Via: Blog do Ligeiro<\/p>\n","protected":false},"excerpt":{"rendered":"<p>Na tarde desta ter\u00e7a-feira, 19\/8, Uni\u00e3o Brasil e Progressistas firmaram a federa\u00e7\u00e3o partid\u00e1ria Uni\u00e3o Progressista (UPb), em cerim\u00f4nia com a<\/p>\n","protected":false},"author":2,"featured_media":43798,"comment_status":"open","ping_status":"open","sticky":false,"template":"","format":"standard","meta":{"colormag_page_container_layout":"default_layout","colormag_page_sidebar_layout":"default_layout","_jetpack_memberships_contains_paid_content":false,"footnotes":""},"categories":[6],"tags":[],"class_list":["post-43799","post","type-post","status-publish","format-standard","has-post-thumbnail","hentry","category-politica"],"magazineBlocksPostFeaturedMedia":{"thumbnail":"https:\/\/maranhaotv.com.br\/wp-content\/uploads\/2025\/08\/IMG_2032-150x150.jpeg","medium":"https:\/\/maranhaotv.com.br\/wp-content\/uploads\/2025\/08\/IMG_2032-300x200.jpeg","medium_large":"https:\/\/maranhaotv.com.br\/wp-content\/uploads\/2025\/08\/IMG_2032-768x512.jpeg","large":"https:\/\/maranhaotv.com.br\/wp-content\/uploads\/2025\/08\/IMG_2032.jpeg","1536x1536":"https:\/\/maranhaotv.com.br\/wp-content\/uploads\/2025\/08\/IMG_2032.jpeg","2048x2048":"https:\/\/maranhaotv.com.br\/wp-content\/uploads\/2025\/08\/IMG_2032.jpeg","colormag-highlighted-post":"https:\/\/maranhaotv.com.br\/wp-content\/uploads\/2025\/08\/IMG_2032-392x272.jpeg","colormag-featured-post-medium":"https:\/\/maranhaotv.com.br\/wp-content\/uploads\/2025\/08\/IMG_2032-390x205.jpeg","colormag-featured-post-small":"https:\/\/maranhaotv.com.br\/wp-content\/uploads\/2025\/08\/IMG_2032-130x90.jpeg","colormag-featured-image":"https:\/\/maranhaotv.com.br\/wp-content\/uploads\/2025\/08\/IMG_2032-800x445.jpeg","colormag-default-news":"https:\/\/maranhaotv.com.br\/wp-content\/uploads\/2025\/08\/IMG_2032-150x150.jpeg","colormag-featured-image-large":"https:\/\/maranhaotv.com.br\/wp-content\/uploads\/2025\/08\/IMG_2032-1024x600.jpeg"},"magazineBlocksPostAuthor":{"name":"maranhaotv","avatar":"https:\/\/secure.gravatar.com\/avatar\/8fadbca458d4cb68b1dd399ae9a40618d747bb1af65ac9fad21c89220a143eb4?s=96&d=mm&r=g"},"magazineBlocksPostCommentsNumber":"0","magazineBlocksPostExcerpt":"Na tarde desta ter\u00e7a-feira, 19\/8, Uni\u00e3o Brasil e Progressistas firmaram a federa\u00e7\u00e3o partid\u00e1ria Uni\u00e3o Progressista (UPb), em cerim\u00f4nia com a","magazineBlocksPostCategories":["pol\u00edtica"],"magazineBlocksPostViewCount":260,"magazineBlocksPostReadTime":4,"magazine_blocks_featured_image_url":{"full":["https:\/\/maranhaotv.com.br\/wp-content\/uploads\/2025\/08\/IMG_2032.jpeg",1024,683,false],"medium":["https:\/\/maranhaotv.com.br\/wp-content\/uploads\/2025\/08\/IMG_2032-300x200.jpeg",300,200,true],"thumbnail":["https:\/\/maranhaotv.com.br\/wp-content\/uploads\/2025\/08\/IMG_2032-150x150.jpeg",150,150,true]},"magazine_blocks_author":{"display_name":"maranhaotv","author_link":"https:\/\/maranhaotv.com.br\/index.php\/author\/maranhaotv\/"},"magazine_blocks_comment":0,"magazine_blocks_author_image":"https:\/\/secure.gravatar.com\/avatar\/8fadbca458d4cb68b1dd399ae9a40618d747bb1af65ac9fad21c89220a143eb4?s=96&d=mm&r=g","magazine_blocks_category":"<a href=\"#\" class=\"category-link category-link-6\">pol\u00edtica<\/a>","yoast_head":"<!-- This site is optimized with the Yoast SEO plugin v27.4 - https:\/\/yoast.com\/product\/yoast-seo-wordpress\/ -->\n<title>Uni\u00e3o Progressista \u00e9 oficializada e garante as maiores bancadas no Congresso - NOT\u00cdCIAS EM TEMPO REAL<\/title>\n<meta name=\"robots\" content=\"index, follow, max-snippet:-1, max-image-preview:large, max-video-preview:-1\" \/>\n<link rel=\"canonical\" href=\"https:\/\/maranhaotv.com.br\/index.php\/2025\/08\/20\/uniao-progressista-e-oficializada-e-garante-as-maiores-bancadas-no-congresso\/\" \/>\n<meta property=\"og:locale\" content=\"pt_BR\" \/>\n<meta property=\"og:type\" content=\"article\" \/>\n<meta property=\"og:title\" content=\"Uni\u00e3o Progressista \u00e9 oficializada e garante as maiores bancadas no Congresso - NOT\u00cdCIAS EM TEMPO REAL\" \/>\n<meta property=\"og:description\" content=\"Na tarde desta ter\u00e7a-feira, 19\/8, Uni\u00e3o Brasil e Progressistas firmaram a federa\u00e7\u00e3o partid\u00e1ria Uni\u00e3o Progressista (UPb), em cerim\u00f4nia com a\" \/>\n<meta property=\"og:url\" content=\"https:\/\/maranhaotv.com.br\/index.php\/2025\/08\/20\/uniao-progressista-e-oficializada-e-garante-as-maiores-bancadas-no-congresso\/\" \/>\n<meta property=\"og:site_name\" content=\"NOT\u00cdCIAS EM TEMPO REAL\" \/>\n<meta property=\"article:publisher\" content=\"https:\/\/www.facebook.com\/maiobaotv\" \/>\n<meta property=\"article:published_time\" content=\"2025-08-20T14:06:40+00:00\" \/>\n<meta property=\"article:modified_time\" content=\"2025-08-20T14:07:00+00:00\" \/>\n<meta property=\"og:image\" content=\"https:\/\/maranhaotv.com.br\/wp-content\/uploads\/2025\/08\/IMG_2032.jpeg\" \/>\n\t<meta property=\"og:image:width\" content=\"1024\" \/>\n\t<meta property=\"og:image:height\" content=\"683\" \/>\n\t<meta property=\"og:image:type\" content=\"image\/jpeg\" \/>\n<meta name=\"author\" content=\"maranhaotv\" \/>\n<meta name=\"twitter:card\" content=\"summary_large_image\" \/>\n<meta name=\"twitter:creator\" content=\"@sitemaranhaotv\" \/>\n<meta name=\"twitter:site\" content=\"@sitemaranhaotv\" \/>\n<meta name=\"twitter:label1\" content=\"Escrito por\" \/>\n\t<meta name=\"twitter:data1\" content=\"maranhaotv\" \/>\n\t<meta name=\"twitter:label2\" content=\"Est. tempo de leitura\" \/>\n\t<meta name=\"twitter:data2\" content=\"3 minutos\" \/>\n<script type=\"application\/ld+json\" class=\"yoast-schema-graph\">{\"@context\":\"https:\\\/\\\/schema.org\",\"@graph\":[{\"@type\":\"Article\",\"@id\":\"https:\\\/\\\/maranhaotv.com.br\\\/index.php\\\/2025\\\/08\\\/20\\\/uniao-progressista-e-oficializada-e-garante-as-maiores-bancadas-no-congresso\\\/#article\",\"isPartOf\":{\"@id\":\"https:\\\/\\\/maranhaotv.com.br\\\/index.php\\\/2025\\\/08\\\/20\\\/uniao-progressista-e-oficializada-e-garante-as-maiores-bancadas-no-congresso\\\/\"},\"author\":{\"name\":\"maranhaotv\",\"@id\":\"https:\\\/\\\/maranhaotv.com.br\\\/#\\\/schema\\\/person\\\/3d54238e86b20bb5c89ab2fdb8f8829a\"},\"headline\":\"Uni\u00e3o Progressista \u00e9 oficializada e garante as maiores bancadas no Congresso\",\"datePublished\":\"2025-08-20T14:06:40+00:00\",\"dateModified\":\"2025-08-20T14:07:00+00:00\",\"mainEntityOfPage\":{\"@id\":\"https:\\\/\\\/maranhaotv.com.br\\\/index.php\\\/2025\\\/08\\\/20\\\/uniao-progressista-e-oficializada-e-garante-as-maiores-bancadas-no-congresso\\\/\"},\"wordCount\":705,\"commentCount\":0,\"publisher\":{\"@id\":\"https:\\\/\\\/maranhaotv.com.br\\\/#organization\"},\"image\":{\"@id\":\"https:\\\/\\\/maranhaotv.com.br\\\/index.php\\\/2025\\\/08\\\/20\\\/uniao-progressista-e-oficializada-e-garante-as-maiores-bancadas-no-congresso\\\/#primaryimage\"},\"thumbnailUrl\":\"https:\\\/\\\/maranhaotv.com.br\\\/wp-content\\\/uploads\\\/2025\\\/08\\\/IMG_2032.jpeg\",\"articleSection\":[\"pol\u00edtica\"],\"inLanguage\":\"pt-BR\",\"potentialAction\":[{\"@type\":\"CommentAction\",\"name\":\"Comment\",\"target\":[\"https:\\\/\\\/maranhaotv.com.br\\\/index.php\\\/2025\\\/08\\\/20\\\/uniao-progressista-e-oficializada-e-garante-as-maiores-bancadas-no-congresso\\\/#respond\"]}]},{\"@type\":\"WebPage\",\"@id\":\"https:\\\/\\\/maranhaotv.com.br\\\/index.php\\\/2025\\\/08\\\/20\\\/uniao-progressista-e-oficializada-e-garante-as-maiores-bancadas-no-congresso\\\/\",\"url\":\"https:\\\/\\\/maranhaotv.com.br\\\/index.php\\\/2025\\\/08\\\/20\\\/uniao-progressista-e-oficializada-e-garante-as-maiores-bancadas-no-congresso\\\/\",\"name\":\"Uni\u00e3o Progressista \u00e9 oficializada e garante as maiores bancadas no Congresso - NOT\u00cdCIAS EM TEMPO REAL\",\"isPartOf\":{\"@id\":\"https:\\\/\\\/maranhaotv.com.br\\\/#website\"},\"primaryImageOfPage\":{\"@id\":\"https:\\\/\\\/maranhaotv.com.br\\\/index.php\\\/2025\\\/08\\\/20\\\/uniao-progressista-e-oficializada-e-garante-as-maiores-bancadas-no-congresso\\\/#primaryimage\"},\"image\":{\"@id\":\"https:\\\/\\\/maranhaotv.com.br\\\/index.php\\\/2025\\\/08\\\/20\\\/uniao-progressista-e-oficializada-e-garante-as-maiores-bancadas-no-congresso\\\/#primaryimage\"},\"thumbnailUrl\":\"https:\\\/\\\/maranhaotv.com.br\\\/wp-content\\\/uploads\\\/2025\\\/08\\\/IMG_2032.jpeg\",\"datePublished\":\"2025-08-20T14:06:40+00:00\",\"dateModified\":\"2025-08-20T14:07:00+00:00\",\"breadcrumb\":{\"@id\":\"https:\\\/\\\/maranhaotv.com.br\\\/index.php\\\/2025\\\/08\\\/20\\\/uniao-progressista-e-oficializada-e-garante-as-maiores-bancadas-no-congresso\\\/#breadcrumb\"},\"inLanguage\":\"pt-BR\",\"potentialAction\":[{\"@type\":\"ReadAction\",\"target\":[\"https:\\\/\\\/maranhaotv.com.br\\\/index.php\\\/2025\\\/08\\\/20\\\/uniao-progressista-e-oficializada-e-garante-as-maiores-bancadas-no-congresso\\\/\"]}]},{\"@type\":\"ImageObject\",\"inLanguage\":\"pt-BR\",\"@id\":\"https:\\\/\\\/maranhaotv.com.br\\\/index.php\\\/2025\\\/08\\\/20\\\/uniao-progressista-e-oficializada-e-garante-as-maiores-bancadas-no-congresso\\\/#primaryimage\",\"url\":\"https:\\\/\\\/maranhaotv.com.br\\\/wp-content\\\/uploads\\\/2025\\\/08\\\/IMG_2032.jpeg\",\"contentUrl\":\"https:\\\/\\\/maranhaotv.com.br\\\/wp-content\\\/uploads\\\/2025\\\/08\\\/IMG_2032.jpeg\",\"width\":1024,\"height\":683},{\"@type\":\"BreadcrumbList\",\"@id\":\"https:\\\/\\\/maranhaotv.com.br\\\/index.php\\\/2025\\\/08\\\/20\\\/uniao-progressista-e-oficializada-e-garante-as-maiores-bancadas-no-congresso\\\/#breadcrumb\",\"itemListElement\":[{\"@type\":\"ListItem\",\"position\":1,\"name\":\"In\u00edcio\",\"item\":\"https:\\\/\\\/maranhaotv.com.br\\\/\"},{\"@type\":\"ListItem\",\"position\":2,\"name\":\"Uni\u00e3o Progressista \u00e9 oficializada e garante as maiores bancadas no Congresso\"}]},{\"@type\":\"WebSite\",\"@id\":\"https:\\\/\\\/maranhaotv.com.br\\\/#website\",\"url\":\"https:\\\/\\\/maranhaotv.com.br\\\/\",\"name\":\"Maranh\u00e3oTV\",\"description\":\"\",\"publisher\":{\"@id\":\"https:\\\/\\\/maranhaotv.com.br\\\/#organization\"},\"potentialAction\":[{\"@type\":\"SearchAction\",\"target\":{\"@type\":\"EntryPoint\",\"urlTemplate\":\"https:\\\/\\\/maranhaotv.com.br\\\/?s={search_term_string}\"},\"query-input\":{\"@type\":\"PropertyValueSpecification\",\"valueRequired\":true,\"valueName\":\"search_term_string\"}}],\"inLanguage\":\"pt-BR\"},{\"@type\":\"Organization\",\"@id\":\"https:\\\/\\\/maranhaotv.com.br\\\/#organization\",\"name\":\"Portal de Not\u00edcias\",\"url\":\"https:\\\/\\\/maranhaotv.com.br\\\/\",\"logo\":{\"@type\":\"ImageObject\",\"inLanguage\":\"pt-BR\",\"@id\":\"https:\\\/\\\/maranhaotv.com.br\\\/#\\\/schema\\\/logo\\\/image\\\/\",\"url\":\"https:\\\/\\\/maranhaotv.com.br\\\/wp-content\\\/uploads\\\/2024\\\/05\\\/cropped-cropped-avatar-1.png\",\"contentUrl\":\"https:\\\/\\\/maranhaotv.com.br\\\/wp-content\\\/uploads\\\/2024\\\/05\\\/cropped-cropped-avatar-1.png\",\"width\":792,\"height\":428,\"caption\":\"Portal de Not\u00edcias\"},\"image\":{\"@id\":\"https:\\\/\\\/maranhaotv.com.br\\\/#\\\/schema\\\/logo\\\/image\\\/\"},\"sameAs\":[\"https:\\\/\\\/www.facebook.com\\\/maiobaotv\",\"https:\\\/\\\/x.com\\\/sitemaranhaotv\",\"https:\\\/\\\/www.instagram.com\\\/maranhao.tv\",\"https:\\\/\\\/www.threads.net\\\/@maranhao.tv\"]},{\"@type\":\"Person\",\"@id\":\"https:\\\/\\\/maranhaotv.com.br\\\/#\\\/schema\\\/person\\\/3d54238e86b20bb5c89ab2fdb8f8829a\",\"name\":\"maranhaotv\",\"image\":{\"@type\":\"ImageObject\",\"inLanguage\":\"pt-BR\",\"@id\":\"https:\\\/\\\/secure.gravatar.com\\\/avatar\\\/8fadbca458d4cb68b1dd399ae9a40618d747bb1af65ac9fad21c89220a143eb4?s=96&d=mm&r=g\",\"url\":\"https:\\\/\\\/secure.gravatar.com\\\/avatar\\\/8fadbca458d4cb68b1dd399ae9a40618d747bb1af65ac9fad21c89220a143eb4?s=96&d=mm&r=g\",\"contentUrl\":\"https:\\\/\\\/secure.gravatar.com\\\/avatar\\\/8fadbca458d4cb68b1dd399ae9a40618d747bb1af65ac9fad21c89220a143eb4?s=96&d=mm&r=g\",\"caption\":\"maranhaotv\"},\"sameAs\":[\"https:\\\/\\\/maranhaotv.com.br\\\/\"],\"url\":\"https:\\\/\\\/maranhaotv.com.br\\\/index.php\\\/author\\\/maranhaotv\\\/\"}]}<\/script>\n<!-- \/ Yoast SEO plugin. -->","yoast_head_json":{"title":"Uni\u00e3o Progressista \u00e9 oficializada e garante as maiores bancadas no Congresso - NOT\u00cdCIAS EM TEMPO REAL","robots":{"index":"index","follow":"follow","max-snippet":"max-snippet:-1","max-image-preview":"max-image-preview:large","max-video-preview":"max-video-preview:-1"},"canonical":"https:\/\/maranhaotv.com.br\/index.php\/2025\/08\/20\/uniao-progressista-e-oficializada-e-garante-as-maiores-bancadas-no-congresso\/","og_locale":"pt_BR","og_type":"article","og_title":"Uni\u00e3o Progressista \u00e9 oficializada e garante as maiores bancadas no Congresso - NOT\u00cdCIAS EM TEMPO REAL","og_description":"Na tarde desta ter\u00e7a-feira, 19\/8, Uni\u00e3o Brasil e Progressistas firmaram a federa\u00e7\u00e3o partid\u00e1ria Uni\u00e3o Progressista (UPb), em cerim\u00f4nia com a","og_url":"https:\/\/maranhaotv.com.br\/index.php\/2025\/08\/20\/uniao-progressista-e-oficializada-e-garante-as-maiores-bancadas-no-congresso\/","og_site_name":"NOT\u00cdCIAS EM TEMPO REAL","article_publisher":"https:\/\/www.facebook.com\/maiobaotv","article_published_time":"2025-08-20T14:06:40+00:00","article_modified_time":"2025-08-20T14:07:00+00:00","og_image":[{"width":1024,"height":683,"url":"https:\/\/maranhaotv.com.br\/wp-content\/uploads\/2025\/08\/IMG_2032.jpeg","type":"image\/jpeg"}],"author":"maranhaotv","twitter_card":"summary_large_image","twitter_creator":"@sitemaranhaotv","twitter_site":"@sitemaranhaotv","twitter_misc":{"Escrito por":"maranhaotv","Est. tempo de leitura":"3 minutos"},"schema":{"@context":"https:\/\/schema.org","@graph":[{"@type":"Article","@id":"https:\/\/maranhaotv.com.br\/index.php\/2025\/08\/20\/uniao-progressista-e-oficializada-e-garante-as-maiores-bancadas-no-congresso\/#article","isPartOf":{"@id":"https:\/\/maranhaotv.com.br\/index.php\/2025\/08\/20\/uniao-progressista-e-oficializada-e-garante-as-maiores-bancadas-no-congresso\/"},"author":{"name":"maranhaotv","@id":"https:\/\/maranhaotv.com.br\/#\/schema\/person\/3d54238e86b20bb5c89ab2fdb8f8829a"},"headline":"Uni\u00e3o Progressista \u00e9 oficializada e garante as maiores bancadas no Congresso","datePublished":"2025-08-20T14:06:40+00:00","dateModified":"2025-08-20T14:07:00+00:00","mainEntityOfPage":{"@id":"https:\/\/maranhaotv.com.br\/index.php\/2025\/08\/20\/uniao-progressista-e-oficializada-e-garante-as-maiores-bancadas-no-congresso\/"},"wordCount":705,"commentCount":0,"publisher":{"@id":"https:\/\/maranhaotv.com.br\/#organization"},"image":{"@id":"https:\/\/maranhaotv.com.br\/index.php\/2025\/08\/20\/uniao-progressista-e-oficializada-e-garante-as-maiores-bancadas-no-congresso\/#primaryimage"},"thumbnailUrl":"https:\/\/maranhaotv.com.br\/wp-content\/uploads\/2025\/08\/IMG_2032.jpeg","articleSection":["pol\u00edtica"],"inLanguage":"pt-BR","potentialAction":[{"@type":"CommentAction","name":"Comment","target":["https:\/\/maranhaotv.com.br\/index.php\/2025\/08\/20\/uniao-progressista-e-oficializada-e-garante-as-maiores-bancadas-no-congresso\/#respond"]}]},{"@type":"WebPage","@id":"https:\/\/maranhaotv.com.br\/index.php\/2025\/08\/20\/uniao-progressista-e-oficializada-e-garante-as-maiores-bancadas-no-congresso\/","url":"https:\/\/maranhaotv.com.br\/index.php\/2025\/08\/20\/uniao-progressista-e-oficializada-e-garante-as-maiores-bancadas-no-congresso\/","name":"Uni\u00e3o Progressista \u00e9 oficializada e garante as maiores bancadas no Congresso - NOT\u00cdCIAS EM TEMPO REAL","isPartOf":{"@id":"https:\/\/maranhaotv.com.br\/#website"},"primaryImageOfPage":{"@id":"https:\/\/maranhaotv.com.br\/index.php\/2025\/08\/20\/uniao-progressista-e-oficializada-e-garante-as-maiores-bancadas-no-congresso\/#primaryimage"},"image":{"@id":"https:\/\/maranhaotv.com.br\/index.php\/2025\/08\/20\/uniao-progressista-e-oficializada-e-garante-as-maiores-bancadas-no-congresso\/#primaryimage"},"thumbnailUrl":"https:\/\/maranhaotv.com.br\/wp-content\/uploads\/2025\/08\/IMG_2032.jpeg","datePublished":"2025-08-20T14:06:40+00:00","dateModified":"2025-08-20T14:07:00+00:00","breadcrumb":{"@id":"https:\/\/maranhaotv.com.br\/index.php\/2025\/08\/20\/uniao-progressista-e-oficializada-e-garante-as-maiores-bancadas-no-congresso\/#breadcrumb"},"inLanguage":"pt-BR","potentialAction":[{"@type":"ReadAction","target":["https:\/\/maranhaotv.com.br\/index.php\/2025\/08\/20\/uniao-progressista-e-oficializada-e-garante-as-maiores-bancadas-no-congresso\/"]}]},{"@type":"ImageObject","inLanguage":"pt-BR","@id":"https:\/\/maranhaotv.com.br\/index.php\/2025\/08\/20\/uniao-progressista-e-oficializada-e-garante-as-maiores-bancadas-no-congresso\/#primaryimage","url":"https:\/\/maranhaotv.com.br\/wp-content\/uploads\/2025\/08\/IMG_2032.jpeg","contentUrl":"https:\/\/maranhaotv.com.br\/wp-content\/uploads\/2025\/08\/IMG_2032.jpeg","width":1024,"height":683},{"@type":"BreadcrumbList","@id":"https:\/\/maranhaotv.com.br\/index.php\/2025\/08\/20\/uniao-progressista-e-oficializada-e-garante-as-maiores-bancadas-no-congresso\/#breadcrumb","itemListElement":[{"@type":"ListItem","position":1,"name":"In\u00edcio","item":"https:\/\/maranhaotv.com.br\/"},{"@type":"ListItem","position":2,"name":"Uni\u00e3o Progressista \u00e9 oficializada e garante as maiores bancadas no Congresso"}]},{"@type":"WebSite","@id":"https:\/\/maranhaotv.com.br\/#website","url":"https:\/\/maranhaotv.com.br\/","name":"Maranh\u00e3oTV","description":"","publisher":{"@id":"https:\/\/maranhaotv.com.br\/#organization"},"potentialAction":[{"@type":"SearchAction","target":{"@type":"EntryPoint","urlTemplate":"https:\/\/maranhaotv.com.br\/?s={search_term_string}"},"query-input":{"@type":"PropertyValueSpecification","valueRequired":true,"valueName":"search_term_string"}}],"inLanguage":"pt-BR"},{"@type":"Organization","@id":"https:\/\/maranhaotv.com.br\/#organization","name":"Portal de Not\u00edcias","url":"https:\/\/maranhaotv.com.br\/","logo":{"@type":"ImageObject","inLanguage":"pt-BR","@id":"https:\/\/maranhaotv.com.br\/#\/schema\/logo\/image\/","url":"https:\/\/maranhaotv.com.br\/wp-content\/uploads\/2024\/05\/cropped-cropped-avatar-1.png","contentUrl":"https:\/\/maranhaotv.com.br\/wp-content\/uploads\/2024\/05\/cropped-cropped-avatar-1.png","width":792,"height":428,"caption":"Portal de Not\u00edcias"},"image":{"@id":"https:\/\/maranhaotv.com.br\/#\/schema\/logo\/image\/"},"sameAs":["https:\/\/www.facebook.com\/maiobaotv","https:\/\/x.com\/sitemaranhaotv","https:\/\/www.instagram.com\/maranhao.tv","https:\/\/www.threads.net\/@maranhao.tv"]},{"@type":"Person","@id":"https:\/\/maranhaotv.com.br\/#\/schema\/person\/3d54238e86b20bb5c89ab2fdb8f8829a","name":"maranhaotv","image":{"@type":"ImageObject","inLanguage":"pt-BR","@id":"https:\/\/secure.gravatar.com\/avatar\/8fadbca458d4cb68b1dd399ae9a40618d747bb1af65ac9fad21c89220a143eb4?s=96&d=mm&r=g","url":"https:\/\/secure.gravatar.com\/avatar\/8fadbca458d4cb68b1dd399ae9a40618d747bb1af65ac9fad21c89220a143eb4?s=96&d=mm&r=g","contentUrl":"https:\/\/secure.gravatar.com\/avatar\/8fadbca458d4cb68b1dd399ae9a40618d747bb1af65ac9fad21c89220a143eb4?s=96&d=mm&r=g","caption":"maranhaotv"},"sameAs":["https:\/\/maranhaotv.com.br\/"],"url":"https:\/\/maranhaotv.com.br\/index.php\/author\/maranhaotv\/"}]}},"jetpack_featured_media_url":"https:\/\/maranhaotv.com.br\/wp-content\/uploads\/2025\/08\/IMG_2032.jpeg","jetpack_sharing_enabled":true,"_links":{"self":[{"href":"https:\/\/maranhaotv.com.br\/index.php\/wp-json\/wp\/v2\/posts\/43799","targetHints":{"allow":["GET"]}}],"collection":[{"href":"https:\/\/maranhaotv.com.br\/index.php\/wp-json\/wp\/v2\/posts"}],"about":[{"href":"https:\/\/maranhaotv.com.br\/index.php\/wp-json\/wp\/v2\/types\/post"}],"author":[{"embeddable":true,"href":"https:\/\/maranhaotv.com.br\/index.php\/wp-json\/wp\/v2\/users\/2"}],"replies":[{"embeddable":true,"href":"https:\/\/maranhaotv.com.br\/index.php\/wp-json\/wp\/v2\/comments?post=43799"}],"version-history":[{"count":1,"href":"https:\/\/maranhaotv.com.br\/index.php\/wp-json\/wp\/v2\/posts\/43799\/revisions"}],"predecessor-version":[{"id":43800,"href":"https:\/\/maranhaotv.com.br\/index.php\/wp-json\/wp\/v2\/posts\/43799\/revisions\/43800"}],"wp:featuredmedia":[{"embeddable":true,"href":"https:\/\/maranhaotv.com.br\/index.php\/wp-json\/wp\/v2\/media\/43798"}],"wp:attachment":[{"href":"https:\/\/maranhaotv.com.br\/index.php\/wp-json\/wp\/v2\/media?parent=43799"}],"wp:term":[{"taxonomy":"category","embeddable":true,"href":"https:\/\/maranhaotv.com.br\/index.php\/wp-json\/wp\/v2\/categories?post=43799"},{"taxonomy":"post_tag","embeddable":true,"href":"https:\/\/maranhaotv.com.br\/index.php\/wp-json\/wp\/v2\/tags?post=43799"}],"curies":[{"name":"wp","href":"https:\/\/api.w.org\/{rel}","templated":true}]}}