{"id":43813,"date":"2025-08-20T16:05:36","date_gmt":"2025-08-20T19:05:36","guid":{"rendered":"https:\/\/maranhaotv.com.br\/?p=43813"},"modified":"2025-08-20T16:05:36","modified_gmt":"2025-08-20T19:05:36","slug":"corrida-do-aeroporto-de-sao-luis-ja-reune-mais-de-2-700-inscritos-e-expectativa-e-alcancar-3-mil-participantes","status":"publish","type":"post","link":"https:\/\/maranhaotv.com.br\/index.php\/2025\/08\/20\/corrida-do-aeroporto-de-sao-luis-ja-reune-mais-de-2-700-inscritos-e-expectativa-e-alcancar-3-mil-participantes\/","title":{"rendered":"Corrida do Aeroporto de S\u00e3o Lu\u00eds j\u00e1 re\u00fane mais de 2.700 inscritos e expectativa \u00e9 alcan\u00e7ar 3 mil participantes"},"content":{"rendered":"\n<p><\/p>\n\n\n\n<p>A corrida do Aeroporto de S\u00e3o Lu\u00eds chega \u00e0 sua segunda edi\u00e7\u00e3o, j\u00e1 consolidada como um dos eventos esportivos mais aguardados da capital maranhense. Programada para o dia 30 de agosto, com a realiza\u00e7\u00e3o da Santander Track&amp;Field Run Series, em parceria com a Motiva Aeroportos, administradora do terminal, a prova j\u00e1 soma 2.778 inscritos e a expectativa \u00e9 ultrapassar a marca de 3 mil participantes at\u00e9 o dia da corrida.<\/p>\n\n\n\n<p>No ano passado, a corrida estreou com grande sucesso, reunindo mais de 2 mil corredores que viveram a experi\u00eancia in\u00e9dita de disputar uma prova dentro da pista de pousos e decolagens do aeroporto.<\/p>\n\n\n\n<p>Este ano, os atletas poder\u00e3o escolher entre os percursos de 4 km e 8 km, novamente em um cen\u00e1rio exclusivo: a pista do Aeroporto de S\u00e3o Lu\u00eds, que ser\u00e1 liberada durante a noite, per\u00edodo em que n\u00e3o h\u00e1 fluxo a\u00e9reo.<\/p>\n\n\n\n<p>Segundo o gerente do Aeroporto de S\u00e3o Lu\u00eds, Marcelo Angelim, o crescimento do evento reflete a receptividade do p\u00fablico. \u201cNosso objetivo \u00e9 aproximar cada vez mais o aeroporto da comunidade, mostrando que este espa\u00e7o vai al\u00e9m da fun\u00e7\u00e3o de embarque e desembarque. A corrida j\u00e1 entrou para o calend\u00e1rio esportivo da cidade porque une sa\u00fade, lazer e uma experi\u00eancia \u00fanica: correr dentro de uma pista de avia\u00e7\u00e3o\u201d, ressalta.<\/p>\n\n\n\n<p>A prova reunir\u00e1 desde atletas profissionais at\u00e9 corredores amadores e fam\u00edlias que desejam viver esse momento hist\u00f3rico para a cidade.<\/p>\n\n\n\n<p><em>Planejamento operacional rigoroso<\/em><\/p>\n\n\n\n<p>Para garantir a seguran\u00e7a dos participantes, o Aeroporto de S\u00e3o Lu\u00eds contar\u00e1 com um planejamento operacional detalhado, seguindo todas as normas de seguran\u00e7a aeroportu\u00e1ria.<\/p>\n\n\n\n<p>\u201cO sucesso da primeira edi\u00e7\u00e3o da corrida no Aeroporto de S\u00e3o Lu\u00eds no ano passado mostrou o grande potencial desse evento, e estamos trabalhando para tornar esta nova edi\u00e7\u00e3o ainda mais especial. Estamos cuidando de cada detalhe da opera\u00e7\u00e3o para garantir que a corrida aconte\u00e7a com total seguran\u00e7a. A pista ser\u00e1 liberada exclusivamente para os corredores dentro de um per\u00edodo previamente estabelecido, proporcionando uma experi\u00eancia \u00fanica e totalmente alinhada aos mais altos padr\u00f5es aeroportu\u00e1rios\u201d, explica Marcelo Angelim, Gerente do Aeroporto de S\u00e3o Lu\u00eds.<\/p>\n\n\n\n<p>As inscri\u00e7\u00f5es continuam abertas pelo app TFSports, onde os corredores podem acessar todas as informa\u00e7\u00f5es sobre a prova, kit do participante, hor\u00e1rios e programa\u00e7\u00e3o.<\/p>\n\n\n\n<p><em>Corridas em aeroportos Motiva<\/em><\/p>\n\n\n\n<p>Al\u00e9m de S\u00e3o Lu\u00eds, outros aeroportos administrados pela Motiva Aeroportos tamb\u00e9m receber\u00e3o etapas da Santander Track&amp;Field Run Series em 2025:<\/p>\n\n\n\n<p>21 de setembro: Aeroporto de Londrina (PR)<\/p>\n\n\n\n<p>30 de novembro: Aeroporto de Curitiba (PR)<\/p>\n\n\n\n<p><em>Sobre o Aeroporto de S\u00e3o Lu\u00eds:<\/em> Atende a capital maranhense com voos para os principais centros urbanos do pa\u00eds, sendo um elo essencial para o turismo e o desenvolvimento econ\u00f4mico do Maranh\u00e3o. Est\u00e1 sob administra\u00e7\u00e3o da Motiva desde mar\u00e7o de 2022.<\/p>\n\n\n\n<p>Sobre a Motiva: Maior empresa de infraestrutura de mobilidade do Brasil, a Motiva atua nas plataformas de Rodovias, Trilhos e Aeroportos. S\u00e3o 39 ativos, em 13 estados brasileiros e mais de 16 mil colaboradores. A Companhia \u00e9 respons\u00e1vel pela gest\u00e3o e manuten\u00e7\u00e3o de 4.475 quil\u00f4metros de rodovias, realizando cerca de 3,6 mil atendimentos diariamente. Em sua plataforma de trilhos, por meio da gest\u00e3o de metr\u00f4s, trens e VLT, transporta anualmente 750 milh\u00f5es de passageiros. Em aeroportos, com 17 unidades no Brasil e tr\u00eas no exterior, atende aproximadamente 45 milh\u00f5es de clientes anualmente. Primeira empresa do Brasil a integrar o Novo Mercado, a Companhia est\u00e1 listada h\u00e1 14 anos no hall de sustentabilidade da B3.<\/p>\n\n\n\n<p>Mais informa\u00e7\u00f5es \u00e0 imprensa: imprensa.slz@motiva.com.br<\/p>\n\n\n\n<figure class=\"wp-block-image size-large\"><img loading=\"lazy\" decoding=\"async\" width=\"768\" height=\"512\" src=\"https:\/\/maranhaotv.com.br\/wp-content\/uploads\/2025\/08\/9af7f4db-8945-4b58-910a-be42dfb2a9d7.jpg\" class=\"wp-image-43811\" srcset=\"https:\/\/maranhaotv.com.br\/wp-content\/uploads\/2025\/08\/9af7f4db-8945-4b58-910a-be42dfb2a9d7.jpg 768w, https:\/\/maranhaotv.com.br\/wp-content\/uploads\/2025\/08\/9af7f4db-8945-4b58-910a-be42dfb2a9d7-300x200.jpg 300w\" sizes=\"auto, (max-width: 768px) 100vw, 768px\" \/><\/figure>\n","protected":false},"excerpt":{"rendered":"<p>A corrida do Aeroporto de S\u00e3o Lu\u00eds chega \u00e0 sua segunda edi\u00e7\u00e3o, j\u00e1 consolidada como um dos eventos esportivos mais<\/p>\n","protected":false},"author":2,"featured_media":43812,"comment_status":"closed","ping_status":"open","sticky":false,"template":"","format":"standard","meta":{"colormag_page_container_layout":"default_layout","colormag_page_sidebar_layout":"default_layout","_jetpack_memberships_contains_paid_content":false,"footnotes":""},"categories":[14],"tags":[],"class_list":["post-43813","post","type-post","status-publish","format-standard","has-post-thumbnail","hentry","category-esportes"],"magazineBlocksPostFeaturedMedia":{"thumbnail":"https:\/\/maranhaotv.com.br\/wp-content\/uploads\/2025\/08\/a8aec977-f89d-43e2-823e-6a46157c2be9-150x150.jpg","medium":"https:\/\/maranhaotv.com.br\/wp-content\/uploads\/2025\/08\/a8aec977-f89d-43e2-823e-6a46157c2be9-300x200.jpg","medium_large":"https:\/\/maranhaotv.com.br\/wp-content\/uploads\/2025\/08\/a8aec977-f89d-43e2-823e-6a46157c2be9-768x512.jpg","large":"https:\/\/maranhaotv.com.br\/wp-content\/uploads\/2025\/08\/a8aec977-f89d-43e2-823e-6a46157c2be9.jpg","1536x1536":"https:\/\/maranhaotv.com.br\/wp-content\/uploads\/2025\/08\/a8aec977-f89d-43e2-823e-6a46157c2be9.jpg","2048x2048":"https:\/\/maranhaotv.com.br\/wp-content\/uploads\/2025\/08\/a8aec977-f89d-43e2-823e-6a46157c2be9.jpg","colormag-highlighted-post":"https:\/\/maranhaotv.com.br\/wp-content\/uploads\/2025\/08\/a8aec977-f89d-43e2-823e-6a46157c2be9-392x272.jpg","colormag-featured-post-medium":"https:\/\/maranhaotv.com.br\/wp-content\/uploads\/2025\/08\/a8aec977-f89d-43e2-823e-6a46157c2be9-390x205.jpg","colormag-featured-post-small":"https:\/\/maranhaotv.com.br\/wp-content\/uploads\/2025\/08\/a8aec977-f89d-43e2-823e-6a46157c2be9-130x90.jpg","colormag-featured-image":"https:\/\/maranhaotv.com.br\/wp-content\/uploads\/2025\/08\/a8aec977-f89d-43e2-823e-6a46157c2be9-800x445.jpg","colormag-default-news":"https:\/\/maranhaotv.com.br\/wp-content\/uploads\/2025\/08\/a8aec977-f89d-43e2-823e-6a46157c2be9-150x150.jpg","colormag-featured-image-large":"https:\/\/maranhaotv.com.br\/wp-content\/uploads\/2025\/08\/a8aec977-f89d-43e2-823e-6a46157c2be9-1024x600.jpg"},"magazineBlocksPostAuthor":{"name":"maranhaotv","avatar":"https:\/\/secure.gravatar.com\/avatar\/8fadbca458d4cb68b1dd399ae9a40618d747bb1af65ac9fad21c89220a143eb4?s=96&d=mm&r=g"},"magazineBlocksPostCommentsNumber":false,"magazineBlocksPostExcerpt":"A corrida do Aeroporto de S\u00e3o Lu\u00eds chega \u00e0 sua segunda edi\u00e7\u00e3o, j\u00e1 consolidada como um dos eventos esportivos mais","magazineBlocksPostCategories":["esportes"],"magazineBlocksPostViewCount":316,"magazineBlocksPostReadTime":4,"magazine_blocks_featured_image_url":{"full":["https:\/\/maranhaotv.com.br\/wp-content\/uploads\/2025\/08\/a8aec977-f89d-43e2-823e-6a46157c2be9.jpg",1024,682,false],"medium":["https:\/\/maranhaotv.com.br\/wp-content\/uploads\/2025\/08\/a8aec977-f89d-43e2-823e-6a46157c2be9-300x200.jpg",300,200,true],"thumbnail":["https:\/\/maranhaotv.com.br\/wp-content\/uploads\/2025\/08\/a8aec977-f89d-43e2-823e-6a46157c2be9-150x150.jpg",150,150,true]},"magazine_blocks_author":{"display_name":"maranhaotv","author_link":"https:\/\/maranhaotv.com.br\/index.php\/author\/maranhaotv\/"},"magazine_blocks_comment":0,"magazine_blocks_author_image":"https:\/\/secure.gravatar.com\/avatar\/8fadbca458d4cb68b1dd399ae9a40618d747bb1af65ac9fad21c89220a143eb4?s=96&d=mm&r=g","magazine_blocks_category":"<a href=\"#\" class=\"category-link category-link-14\">esportes<\/a>","yoast_head":"<!-- This site is optimized with the Yoast SEO plugin v27.4 - https:\/\/yoast.com\/product\/yoast-seo-wordpress\/ -->\n<title>Corrida do Aeroporto de S\u00e3o Lu\u00eds j\u00e1 re\u00fane mais de 2.700 inscritos e expectativa \u00e9 alcan\u00e7ar 3 mil participantes - NOT\u00cdCIAS EM TEMPO REAL<\/title>\n<meta name=\"robots\" content=\"index, follow, max-snippet:-1, max-image-preview:large, max-video-preview:-1\" \/>\n<link rel=\"canonical\" href=\"https:\/\/maranhaotv.com.br\/index.php\/2025\/08\/20\/corrida-do-aeroporto-de-sao-luis-ja-reune-mais-de-2-700-inscritos-e-expectativa-e-alcancar-3-mil-participantes\/\" \/>\n<meta property=\"og:locale\" content=\"pt_BR\" \/>\n<meta property=\"og:type\" content=\"article\" \/>\n<meta property=\"og:title\" content=\"Corrida do Aeroporto de S\u00e3o Lu\u00eds j\u00e1 re\u00fane mais de 2.700 inscritos e expectativa \u00e9 alcan\u00e7ar 3 mil participantes - NOT\u00cdCIAS EM TEMPO REAL\" \/>\n<meta property=\"og:description\" content=\"A corrida do Aeroporto de S\u00e3o Lu\u00eds chega \u00e0 sua segunda edi\u00e7\u00e3o, j\u00e1 consolidada como um dos eventos esportivos mais\" \/>\n<meta property=\"og:url\" content=\"https:\/\/maranhaotv.com.br\/index.php\/2025\/08\/20\/corrida-do-aeroporto-de-sao-luis-ja-reune-mais-de-2-700-inscritos-e-expectativa-e-alcancar-3-mil-participantes\/\" \/>\n<meta property=\"og:site_name\" content=\"NOT\u00cdCIAS EM TEMPO REAL\" \/>\n<meta property=\"article:publisher\" content=\"https:\/\/www.facebook.com\/maiobaotv\" \/>\n<meta property=\"article:published_time\" content=\"2025-08-20T19:05:36+00:00\" \/>\n<meta property=\"og:image\" content=\"https:\/\/maranhaotv.com.br\/wp-content\/uploads\/2025\/08\/a8aec977-f89d-43e2-823e-6a46157c2be9.jpg\" \/>\n\t<meta property=\"og:image:width\" content=\"1024\" \/>\n\t<meta property=\"og:image:height\" content=\"682\" \/>\n\t<meta property=\"og:image:type\" content=\"image\/jpeg\" \/>\n<meta name=\"author\" content=\"maranhaotv\" \/>\n<meta name=\"twitter:card\" content=\"summary_large_image\" \/>\n<meta name=\"twitter:creator\" content=\"@sitemaranhaotv\" \/>\n<meta name=\"twitter:site\" content=\"@sitemaranhaotv\" \/>\n<meta name=\"twitter:label1\" content=\"Escrito por\" \/>\n\t<meta name=\"twitter:data1\" content=\"maranhaotv\" \/>\n\t<meta name=\"twitter:label2\" content=\"Est. tempo de leitura\" \/>\n\t<meta name=\"twitter:data2\" content=\"3 minutos\" \/>\n<script type=\"application\/ld+json\" class=\"yoast-schema-graph\">{\"@context\":\"https:\\\/\\\/schema.org\",\"@graph\":[{\"@type\":\"Article\",\"@id\":\"https:\\\/\\\/maranhaotv.com.br\\\/index.php\\\/2025\\\/08\\\/20\\\/corrida-do-aeroporto-de-sao-luis-ja-reune-mais-de-2-700-inscritos-e-expectativa-e-alcancar-3-mil-participantes\\\/#article\",\"isPartOf\":{\"@id\":\"https:\\\/\\\/maranhaotv.com.br\\\/index.php\\\/2025\\\/08\\\/20\\\/corrida-do-aeroporto-de-sao-luis-ja-reune-mais-de-2-700-inscritos-e-expectativa-e-alcancar-3-mil-participantes\\\/\"},\"author\":{\"name\":\"maranhaotv\",\"@id\":\"https:\\\/\\\/maranhaotv.com.br\\\/#\\\/schema\\\/person\\\/3d54238e86b20bb5c89ab2fdb8f8829a\"},\"headline\":\"Corrida do Aeroporto de S\u00e3o Lu\u00eds j\u00e1 re\u00fane mais de 2.700 inscritos e expectativa \u00e9 alcan\u00e7ar 3 mil participantes\",\"datePublished\":\"2025-08-20T19:05:36+00:00\",\"mainEntityOfPage\":{\"@id\":\"https:\\\/\\\/maranhaotv.com.br\\\/index.php\\\/2025\\\/08\\\/20\\\/corrida-do-aeroporto-de-sao-luis-ja-reune-mais-de-2-700-inscritos-e-expectativa-e-alcancar-3-mil-participantes\\\/\"},\"wordCount\":637,\"publisher\":{\"@id\":\"https:\\\/\\\/maranhaotv.com.br\\\/#organization\"},\"image\":{\"@id\":\"https:\\\/\\\/maranhaotv.com.br\\\/index.php\\\/2025\\\/08\\\/20\\\/corrida-do-aeroporto-de-sao-luis-ja-reune-mais-de-2-700-inscritos-e-expectativa-e-alcancar-3-mil-participantes\\\/#primaryimage\"},\"thumbnailUrl\":\"https:\\\/\\\/maranhaotv.com.br\\\/wp-content\\\/uploads\\\/2025\\\/08\\\/a8aec977-f89d-43e2-823e-6a46157c2be9.jpg\",\"articleSection\":[\"esportes\"],\"inLanguage\":\"pt-BR\"},{\"@type\":\"WebPage\",\"@id\":\"https:\\\/\\\/maranhaotv.com.br\\\/index.php\\\/2025\\\/08\\\/20\\\/corrida-do-aeroporto-de-sao-luis-ja-reune-mais-de-2-700-inscritos-e-expectativa-e-alcancar-3-mil-participantes\\\/\",\"url\":\"https:\\\/\\\/maranhaotv.com.br\\\/index.php\\\/2025\\\/08\\\/20\\\/corrida-do-aeroporto-de-sao-luis-ja-reune-mais-de-2-700-inscritos-e-expectativa-e-alcancar-3-mil-participantes\\\/\",\"name\":\"Corrida do Aeroporto de S\u00e3o Lu\u00eds j\u00e1 re\u00fane mais de 2.700 inscritos e expectativa \u00e9 alcan\u00e7ar 3 mil participantes - NOT\u00cdCIAS EM TEMPO REAL\",\"isPartOf\":{\"@id\":\"https:\\\/\\\/maranhaotv.com.br\\\/#website\"},\"primaryImageOfPage\":{\"@id\":\"https:\\\/\\\/maranhaotv.com.br\\\/index.php\\\/2025\\\/08\\\/20\\\/corrida-do-aeroporto-de-sao-luis-ja-reune-mais-de-2-700-inscritos-e-expectativa-e-alcancar-3-mil-participantes\\\/#primaryimage\"},\"image\":{\"@id\":\"https:\\\/\\\/maranhaotv.com.br\\\/index.php\\\/2025\\\/08\\\/20\\\/corrida-do-aeroporto-de-sao-luis-ja-reune-mais-de-2-700-inscritos-e-expectativa-e-alcancar-3-mil-participantes\\\/#primaryimage\"},\"thumbnailUrl\":\"https:\\\/\\\/maranhaotv.com.br\\\/wp-content\\\/uploads\\\/2025\\\/08\\\/a8aec977-f89d-43e2-823e-6a46157c2be9.jpg\",\"datePublished\":\"2025-08-20T19:05:36+00:00\",\"breadcrumb\":{\"@id\":\"https:\\\/\\\/maranhaotv.com.br\\\/index.php\\\/2025\\\/08\\\/20\\\/corrida-do-aeroporto-de-sao-luis-ja-reune-mais-de-2-700-inscritos-e-expectativa-e-alcancar-3-mil-participantes\\\/#breadcrumb\"},\"inLanguage\":\"pt-BR\",\"potentialAction\":[{\"@type\":\"ReadAction\",\"target\":[\"https:\\\/\\\/maranhaotv.com.br\\\/index.php\\\/2025\\\/08\\\/20\\\/corrida-do-aeroporto-de-sao-luis-ja-reune-mais-de-2-700-inscritos-e-expectativa-e-alcancar-3-mil-participantes\\\/\"]}]},{\"@type\":\"ImageObject\",\"inLanguage\":\"pt-BR\",\"@id\":\"https:\\\/\\\/maranhaotv.com.br\\\/index.php\\\/2025\\\/08\\\/20\\\/corrida-do-aeroporto-de-sao-luis-ja-reune-mais-de-2-700-inscritos-e-expectativa-e-alcancar-3-mil-participantes\\\/#primaryimage\",\"url\":\"https:\\\/\\\/maranhaotv.com.br\\\/wp-content\\\/uploads\\\/2025\\\/08\\\/a8aec977-f89d-43e2-823e-6a46157c2be9.jpg\",\"contentUrl\":\"https:\\\/\\\/maranhaotv.com.br\\\/wp-content\\\/uploads\\\/2025\\\/08\\\/a8aec977-f89d-43e2-823e-6a46157c2be9.jpg\",\"width\":1024,\"height\":682},{\"@type\":\"BreadcrumbList\",\"@id\":\"https:\\\/\\\/maranhaotv.com.br\\\/index.php\\\/2025\\\/08\\\/20\\\/corrida-do-aeroporto-de-sao-luis-ja-reune-mais-de-2-700-inscritos-e-expectativa-e-alcancar-3-mil-participantes\\\/#breadcrumb\",\"itemListElement\":[{\"@type\":\"ListItem\",\"position\":1,\"name\":\"In\u00edcio\",\"item\":\"https:\\\/\\\/maranhaotv.com.br\\\/\"},{\"@type\":\"ListItem\",\"position\":2,\"name\":\"Corrida do Aeroporto de S\u00e3o Lu\u00eds j\u00e1 re\u00fane mais de 2.700 inscritos e expectativa \u00e9 alcan\u00e7ar 3 mil participantes\"}]},{\"@type\":\"WebSite\",\"@id\":\"https:\\\/\\\/maranhaotv.com.br\\\/#website\",\"url\":\"https:\\\/\\\/maranhaotv.com.br\\\/\",\"name\":\"Maranh\u00e3oTV\",\"description\":\"\",\"publisher\":{\"@id\":\"https:\\\/\\\/maranhaotv.com.br\\\/#organization\"},\"potentialAction\":[{\"@type\":\"SearchAction\",\"target\":{\"@type\":\"EntryPoint\",\"urlTemplate\":\"https:\\\/\\\/maranhaotv.com.br\\\/?s={search_term_string}\"},\"query-input\":{\"@type\":\"PropertyValueSpecification\",\"valueRequired\":true,\"valueName\":\"search_term_string\"}}],\"inLanguage\":\"pt-BR\"},{\"@type\":\"Organization\",\"@id\":\"https:\\\/\\\/maranhaotv.com.br\\\/#organization\",\"name\":\"Portal de Not\u00edcias\",\"url\":\"https:\\\/\\\/maranhaotv.com.br\\\/\",\"logo\":{\"@type\":\"ImageObject\",\"inLanguage\":\"pt-BR\",\"@id\":\"https:\\\/\\\/maranhaotv.com.br\\\/#\\\/schema\\\/logo\\\/image\\\/\",\"url\":\"https:\\\/\\\/maranhaotv.com.br\\\/wp-content\\\/uploads\\\/2024\\\/05\\\/cropped-cropped-avatar-1.png\",\"contentUrl\":\"https:\\\/\\\/maranhaotv.com.br\\\/wp-content\\\/uploads\\\/2024\\\/05\\\/cropped-cropped-avatar-1.png\",\"width\":792,\"height\":428,\"caption\":\"Portal de Not\u00edcias\"},\"image\":{\"@id\":\"https:\\\/\\\/maranhaotv.com.br\\\/#\\\/schema\\\/logo\\\/image\\\/\"},\"sameAs\":[\"https:\\\/\\\/www.facebook.com\\\/maiobaotv\",\"https:\\\/\\\/x.com\\\/sitemaranhaotv\",\"https:\\\/\\\/www.instagram.com\\\/maranhao.tv\",\"https:\\\/\\\/www.threads.net\\\/@maranhao.tv\"]},{\"@type\":\"Person\",\"@id\":\"https:\\\/\\\/maranhaotv.com.br\\\/#\\\/schema\\\/person\\\/3d54238e86b20bb5c89ab2fdb8f8829a\",\"name\":\"maranhaotv\",\"image\":{\"@type\":\"ImageObject\",\"inLanguage\":\"pt-BR\",\"@id\":\"https:\\\/\\\/secure.gravatar.com\\\/avatar\\\/8fadbca458d4cb68b1dd399ae9a40618d747bb1af65ac9fad21c89220a143eb4?s=96&d=mm&r=g\",\"url\":\"https:\\\/\\\/secure.gravatar.com\\\/avatar\\\/8fadbca458d4cb68b1dd399ae9a40618d747bb1af65ac9fad21c89220a143eb4?s=96&d=mm&r=g\",\"contentUrl\":\"https:\\\/\\\/secure.gravatar.com\\\/avatar\\\/8fadbca458d4cb68b1dd399ae9a40618d747bb1af65ac9fad21c89220a143eb4?s=96&d=mm&r=g\",\"caption\":\"maranhaotv\"},\"sameAs\":[\"https:\\\/\\\/maranhaotv.com.br\\\/\"],\"url\":\"https:\\\/\\\/maranhaotv.com.br\\\/index.php\\\/author\\\/maranhaotv\\\/\"}]}<\/script>\n<!-- \/ Yoast SEO plugin. -->","yoast_head_json":{"title":"Corrida do Aeroporto de S\u00e3o Lu\u00eds j\u00e1 re\u00fane mais de 2.700 inscritos e expectativa \u00e9 alcan\u00e7ar 3 mil participantes - NOT\u00cdCIAS EM TEMPO REAL","robots":{"index":"index","follow":"follow","max-snippet":"max-snippet:-1","max-image-preview":"max-image-preview:large","max-video-preview":"max-video-preview:-1"},"canonical":"https:\/\/maranhaotv.com.br\/index.php\/2025\/08\/20\/corrida-do-aeroporto-de-sao-luis-ja-reune-mais-de-2-700-inscritos-e-expectativa-e-alcancar-3-mil-participantes\/","og_locale":"pt_BR","og_type":"article","og_title":"Corrida do Aeroporto de S\u00e3o Lu\u00eds j\u00e1 re\u00fane mais de 2.700 inscritos e expectativa \u00e9 alcan\u00e7ar 3 mil participantes - NOT\u00cdCIAS EM TEMPO REAL","og_description":"A corrida do Aeroporto de S\u00e3o Lu\u00eds chega \u00e0 sua segunda edi\u00e7\u00e3o, j\u00e1 consolidada como um dos eventos esportivos mais","og_url":"https:\/\/maranhaotv.com.br\/index.php\/2025\/08\/20\/corrida-do-aeroporto-de-sao-luis-ja-reune-mais-de-2-700-inscritos-e-expectativa-e-alcancar-3-mil-participantes\/","og_site_name":"NOT\u00cdCIAS EM TEMPO REAL","article_publisher":"https:\/\/www.facebook.com\/maiobaotv","article_published_time":"2025-08-20T19:05:36+00:00","og_image":[{"width":1024,"height":682,"url":"https:\/\/maranhaotv.com.br\/wp-content\/uploads\/2025\/08\/a8aec977-f89d-43e2-823e-6a46157c2be9.jpg","type":"image\/jpeg"}],"author":"maranhaotv","twitter_card":"summary_large_image","twitter_creator":"@sitemaranhaotv","twitter_site":"@sitemaranhaotv","twitter_misc":{"Escrito por":"maranhaotv","Est. tempo de leitura":"3 minutos"},"schema":{"@context":"https:\/\/schema.org","@graph":[{"@type":"Article","@id":"https:\/\/maranhaotv.com.br\/index.php\/2025\/08\/20\/corrida-do-aeroporto-de-sao-luis-ja-reune-mais-de-2-700-inscritos-e-expectativa-e-alcancar-3-mil-participantes\/#article","isPartOf":{"@id":"https:\/\/maranhaotv.com.br\/index.php\/2025\/08\/20\/corrida-do-aeroporto-de-sao-luis-ja-reune-mais-de-2-700-inscritos-e-expectativa-e-alcancar-3-mil-participantes\/"},"author":{"name":"maranhaotv","@id":"https:\/\/maranhaotv.com.br\/#\/schema\/person\/3d54238e86b20bb5c89ab2fdb8f8829a"},"headline":"Corrida do Aeroporto de S\u00e3o Lu\u00eds j\u00e1 re\u00fane mais de 2.700 inscritos e expectativa \u00e9 alcan\u00e7ar 3 mil participantes","datePublished":"2025-08-20T19:05:36+00:00","mainEntityOfPage":{"@id":"https:\/\/maranhaotv.com.br\/index.php\/2025\/08\/20\/corrida-do-aeroporto-de-sao-luis-ja-reune-mais-de-2-700-inscritos-e-expectativa-e-alcancar-3-mil-participantes\/"},"wordCount":637,"publisher":{"@id":"https:\/\/maranhaotv.com.br\/#organization"},"image":{"@id":"https:\/\/maranhaotv.com.br\/index.php\/2025\/08\/20\/corrida-do-aeroporto-de-sao-luis-ja-reune-mais-de-2-700-inscritos-e-expectativa-e-alcancar-3-mil-participantes\/#primaryimage"},"thumbnailUrl":"https:\/\/maranhaotv.com.br\/wp-content\/uploads\/2025\/08\/a8aec977-f89d-43e2-823e-6a46157c2be9.jpg","articleSection":["esportes"],"inLanguage":"pt-BR"},{"@type":"WebPage","@id":"https:\/\/maranhaotv.com.br\/index.php\/2025\/08\/20\/corrida-do-aeroporto-de-sao-luis-ja-reune-mais-de-2-700-inscritos-e-expectativa-e-alcancar-3-mil-participantes\/","url":"https:\/\/maranhaotv.com.br\/index.php\/2025\/08\/20\/corrida-do-aeroporto-de-sao-luis-ja-reune-mais-de-2-700-inscritos-e-expectativa-e-alcancar-3-mil-participantes\/","name":"Corrida do Aeroporto de S\u00e3o Lu\u00eds j\u00e1 re\u00fane mais de 2.700 inscritos e expectativa \u00e9 alcan\u00e7ar 3 mil participantes - NOT\u00cdCIAS EM TEMPO REAL","isPartOf":{"@id":"https:\/\/maranhaotv.com.br\/#website"},"primaryImageOfPage":{"@id":"https:\/\/maranhaotv.com.br\/index.php\/2025\/08\/20\/corrida-do-aeroporto-de-sao-luis-ja-reune-mais-de-2-700-inscritos-e-expectativa-e-alcancar-3-mil-participantes\/#primaryimage"},"image":{"@id":"https:\/\/maranhaotv.com.br\/index.php\/2025\/08\/20\/corrida-do-aeroporto-de-sao-luis-ja-reune-mais-de-2-700-inscritos-e-expectativa-e-alcancar-3-mil-participantes\/#primaryimage"},"thumbnailUrl":"https:\/\/maranhaotv.com.br\/wp-content\/uploads\/2025\/08\/a8aec977-f89d-43e2-823e-6a46157c2be9.jpg","datePublished":"2025-08-20T19:05:36+00:00","breadcrumb":{"@id":"https:\/\/maranhaotv.com.br\/index.php\/2025\/08\/20\/corrida-do-aeroporto-de-sao-luis-ja-reune-mais-de-2-700-inscritos-e-expectativa-e-alcancar-3-mil-participantes\/#breadcrumb"},"inLanguage":"pt-BR","potentialAction":[{"@type":"ReadAction","target":["https:\/\/maranhaotv.com.br\/index.php\/2025\/08\/20\/corrida-do-aeroporto-de-sao-luis-ja-reune-mais-de-2-700-inscritos-e-expectativa-e-alcancar-3-mil-participantes\/"]}]},{"@type":"ImageObject","inLanguage":"pt-BR","@id":"https:\/\/maranhaotv.com.br\/index.php\/2025\/08\/20\/corrida-do-aeroporto-de-sao-luis-ja-reune-mais-de-2-700-inscritos-e-expectativa-e-alcancar-3-mil-participantes\/#primaryimage","url":"https:\/\/maranhaotv.com.br\/wp-content\/uploads\/2025\/08\/a8aec977-f89d-43e2-823e-6a46157c2be9.jpg","contentUrl":"https:\/\/maranhaotv.com.br\/wp-content\/uploads\/2025\/08\/a8aec977-f89d-43e2-823e-6a46157c2be9.jpg","width":1024,"height":682},{"@type":"BreadcrumbList","@id":"https:\/\/maranhaotv.com.br\/index.php\/2025\/08\/20\/corrida-do-aeroporto-de-sao-luis-ja-reune-mais-de-2-700-inscritos-e-expectativa-e-alcancar-3-mil-participantes\/#breadcrumb","itemListElement":[{"@type":"ListItem","position":1,"name":"In\u00edcio","item":"https:\/\/maranhaotv.com.br\/"},{"@type":"ListItem","position":2,"name":"Corrida do Aeroporto de S\u00e3o Lu\u00eds j\u00e1 re\u00fane mais de 2.700 inscritos e expectativa \u00e9 alcan\u00e7ar 3 mil participantes"}]},{"@type":"WebSite","@id":"https:\/\/maranhaotv.com.br\/#website","url":"https:\/\/maranhaotv.com.br\/","name":"Maranh\u00e3oTV","description":"","publisher":{"@id":"https:\/\/maranhaotv.com.br\/#organization"},"potentialAction":[{"@type":"SearchAction","target":{"@type":"EntryPoint","urlTemplate":"https:\/\/maranhaotv.com.br\/?s={search_term_string}"},"query-input":{"@type":"PropertyValueSpecification","valueRequired":true,"valueName":"search_term_string"}}],"inLanguage":"pt-BR"},{"@type":"Organization","@id":"https:\/\/maranhaotv.com.br\/#organization","name":"Portal de Not\u00edcias","url":"https:\/\/maranhaotv.com.br\/","logo":{"@type":"ImageObject","inLanguage":"pt-BR","@id":"https:\/\/maranhaotv.com.br\/#\/schema\/logo\/image\/","url":"https:\/\/maranhaotv.com.br\/wp-content\/uploads\/2024\/05\/cropped-cropped-avatar-1.png","contentUrl":"https:\/\/maranhaotv.com.br\/wp-content\/uploads\/2024\/05\/cropped-cropped-avatar-1.png","width":792,"height":428,"caption":"Portal de Not\u00edcias"},"image":{"@id":"https:\/\/maranhaotv.com.br\/#\/schema\/logo\/image\/"},"sameAs":["https:\/\/www.facebook.com\/maiobaotv","https:\/\/x.com\/sitemaranhaotv","https:\/\/www.instagram.com\/maranhao.tv","https:\/\/www.threads.net\/@maranhao.tv"]},{"@type":"Person","@id":"https:\/\/maranhaotv.com.br\/#\/schema\/person\/3d54238e86b20bb5c89ab2fdb8f8829a","name":"maranhaotv","image":{"@type":"ImageObject","inLanguage":"pt-BR","@id":"https:\/\/secure.gravatar.com\/avatar\/8fadbca458d4cb68b1dd399ae9a40618d747bb1af65ac9fad21c89220a143eb4?s=96&d=mm&r=g","url":"https:\/\/secure.gravatar.com\/avatar\/8fadbca458d4cb68b1dd399ae9a40618d747bb1af65ac9fad21c89220a143eb4?s=96&d=mm&r=g","contentUrl":"https:\/\/secure.gravatar.com\/avatar\/8fadbca458d4cb68b1dd399ae9a40618d747bb1af65ac9fad21c89220a143eb4?s=96&d=mm&r=g","caption":"maranhaotv"},"sameAs":["https:\/\/maranhaotv.com.br\/"],"url":"https:\/\/maranhaotv.com.br\/index.php\/author\/maranhaotv\/"}]}},"jetpack_featured_media_url":"https:\/\/maranhaotv.com.br\/wp-content\/uploads\/2025\/08\/a8aec977-f89d-43e2-823e-6a46157c2be9.jpg","jetpack_sharing_enabled":true,"_links":{"self":[{"href":"https:\/\/maranhaotv.com.br\/index.php\/wp-json\/wp\/v2\/posts\/43813","targetHints":{"allow":["GET"]}}],"collection":[{"href":"https:\/\/maranhaotv.com.br\/index.php\/wp-json\/wp\/v2\/posts"}],"about":[{"href":"https:\/\/maranhaotv.com.br\/index.php\/wp-json\/wp\/v2\/types\/post"}],"author":[{"embeddable":true,"href":"https:\/\/maranhaotv.com.br\/index.php\/wp-json\/wp\/v2\/users\/2"}],"replies":[{"embeddable":true,"href":"https:\/\/maranhaotv.com.br\/index.php\/wp-json\/wp\/v2\/comments?post=43813"}],"version-history":[{"count":1,"href":"https:\/\/maranhaotv.com.br\/index.php\/wp-json\/wp\/v2\/posts\/43813\/revisions"}],"predecessor-version":[{"id":43814,"href":"https:\/\/maranhaotv.com.br\/index.php\/wp-json\/wp\/v2\/posts\/43813\/revisions\/43814"}],"wp:featuredmedia":[{"embeddable":true,"href":"https:\/\/maranhaotv.com.br\/index.php\/wp-json\/wp\/v2\/media\/43812"}],"wp:attachment":[{"href":"https:\/\/maranhaotv.com.br\/index.php\/wp-json\/wp\/v2\/media?parent=43813"}],"wp:term":[{"taxonomy":"category","embeddable":true,"href":"https:\/\/maranhaotv.com.br\/index.php\/wp-json\/wp\/v2\/categories?post=43813"},{"taxonomy":"post_tag","embeddable":true,"href":"https:\/\/maranhaotv.com.br\/index.php\/wp-json\/wp\/v2\/tags?post=43813"}],"curies":[{"name":"wp","href":"https:\/\/api.w.org\/{rel}","templated":true}]}}