{"id":43852,"date":"2025-08-22T11:10:28","date_gmt":"2025-08-22T14:10:28","guid":{"rendered":"https:\/\/maranhaotv.com.br\/?p=43852"},"modified":"2025-08-22T11:13:47","modified_gmt":"2025-08-22T14:13:47","slug":"protecao-animal-requerimento-de-pedro-lucas-para-votacao-de-projeto-sobre-atuacao-ilegal-da-medicina-veterinaria-e-aprovado-na-camara","status":"publish","type":"post","link":"https:\/\/maranhaotv.com.br\/index.php\/2025\/08\/22\/protecao-animal-requerimento-de-pedro-lucas-para-votacao-de-projeto-sobre-atuacao-ilegal-da-medicina-veterinaria-e-aprovado-na-camara\/","title":{"rendered":"Prote\u00e7\u00e3o animal: requerimento de Pedro Lucas para vota\u00e7\u00e3o de projeto sobre atua\u00e7\u00e3o ilegal da medicina veterin\u00e1ria \u00e9 aprovado na C\u00e2mara"},"content":{"rendered":"\n<p><br>O deputado federal Pedro Lucas Fernandes prop\u00f4s em julho deste ano o requerimento de urg\u00eancia para aprecia\u00e7\u00e3o, no plen\u00e1rio da C\u00e2mara dos Deputados, do PL 7323\/2014 que prop\u00f5e a inclus\u00e3o do exerc\u00edcio ilegal da profiss\u00e3o de m\u00e9dico veterin\u00e1rio dentre as hip\u00f3teses de crime tipificadas no C\u00f3digo Penal. Ap\u00f3s apoio no Col\u00e9gio de L\u00edderes, nessa quinta-feira (21) o requerimento de urg\u00eancia foi aprovado e a proposta deve ser analisada diretamente no plen\u00e1rio.<br><br>O projeto altera o artigo 282 do C\u00f3digo Penal para enquadrar como crime o exerc\u00edcio ilegal da medicina veterin\u00e1ria, estabelecendo pena de deten\u00e7\u00e3o de seis meses a dois anos, al\u00e9m de multa nos casos em que houver finalidade de lucro. Atualmente, essa pr\u00e1tica \u00e9 considerada apenas uma contraven\u00e7\u00e3o penal, o que, segundo especialistas, n\u00e3o tem sido suficiente para coibir a atua\u00e7\u00e3o de pessoas n\u00e3o habilitadas que colocam em risco a sa\u00fade dos animais.<br><br>Na justificativa da proposta, o autor destaca que a administra\u00e7\u00e3o de medicamentos e a realiza\u00e7\u00e3o de procedimentos cir\u00fargicos por pessoas sem forma\u00e7\u00e3o adequada configuram maus-tratos e podem trazer consequ\u00eancias graves tanto para os animais quanto para a sa\u00fade p\u00fablica. O m\u00e9dico veterin\u00e1rio \u00e9 o profissional respons\u00e1vel n\u00e3o s\u00f3 pelo cuidado direto dos animais, mas tamb\u00e9m pelo controle de zoonoses, como raiva, leishmaniose, leptospirose e toxoplasmose, doen\u00e7as que podem afetar diretamente a popula\u00e7\u00e3o.<br><br>A relev\u00e2ncia da categoria tamb\u00e9m foi reconhecida pelo Minist\u00e9rio da Sa\u00fade, que autorizou a inclus\u00e3o do m\u00e9dico veterin\u00e1rio no N\u00facleo de Apoio \u00e0 Sa\u00fade da Fam\u00edlia (NASF), refor\u00e7ando sua atua\u00e7\u00e3o em a\u00e7\u00f5es preventivas e no controle de produtos de origem animal. Com a urg\u00eancia aprovada, a expectativa \u00e9 que o projeto avance rapidamente na pauta da C\u00e2mara, fortalecendo a prote\u00e7\u00e3o dos animais e ampliando a seguran\u00e7a sanit\u00e1ria da popula\u00e7\u00e3o<\/p>\n","protected":false},"excerpt":{"rendered":"<p>O deputado federal Pedro Lucas Fernandes prop\u00f4s em julho deste ano o requerimento de urg\u00eancia para aprecia\u00e7\u00e3o, no plen\u00e1rio da<\/p>\n","protected":false},"author":2,"featured_media":43851,"comment_status":"open","ping_status":"open","sticky":false,"template":"","format":"standard","meta":{"colormag_page_container_layout":"default_layout","colormag_page_sidebar_layout":"default_layout","_jetpack_memberships_contains_paid_content":false,"footnotes":""},"categories":[6],"tags":[],"class_list":["post-43852","post","type-post","status-publish","format-standard","has-post-thumbnail","hentry","category-politica"],"magazineBlocksPostFeaturedMedia":{"thumbnail":"https:\/\/maranhaotv.com.br\/wp-content\/uploads\/2025\/08\/IMG-20250822-WA0163-150x150.jpg","medium":"https:\/\/maranhaotv.com.br\/wp-content\/uploads\/2025\/08\/IMG-20250822-WA0163-300x200.jpg","medium_large":"https:\/\/maranhaotv.com.br\/wp-content\/uploads\/2025\/08\/IMG-20250822-WA0163-768x513.jpg","large":"https:\/\/maranhaotv.com.br\/wp-content\/uploads\/2025\/08\/IMG-20250822-WA0163-1024x684.jpg","1536x1536":"https:\/\/maranhaotv.com.br\/wp-content\/uploads\/2025\/08\/IMG-20250822-WA0163-1536x1025.jpg","2048x2048":"https:\/\/maranhaotv.com.br\/wp-content\/uploads\/2025\/08\/IMG-20250822-WA0163.jpg","colormag-highlighted-post":"https:\/\/maranhaotv.com.br\/wp-content\/uploads\/2025\/08\/IMG-20250822-WA0163-392x272.jpg","colormag-featured-post-medium":"https:\/\/maranhaotv.com.br\/wp-content\/uploads\/2025\/08\/IMG-20250822-WA0163-390x205.jpg","colormag-featured-post-small":"https:\/\/maranhaotv.com.br\/wp-content\/uploads\/2025\/08\/IMG-20250822-WA0163-130x90.jpg","colormag-featured-image":"https:\/\/maranhaotv.com.br\/wp-content\/uploads\/2025\/08\/IMG-20250822-WA0163-800x445.jpg","colormag-default-news":"https:\/\/maranhaotv.com.br\/wp-content\/uploads\/2025\/08\/IMG-20250822-WA0163-150x150.jpg","colormag-featured-image-large":"https:\/\/maranhaotv.com.br\/wp-content\/uploads\/2025\/08\/IMG-20250822-WA0163-1400x600.jpg"},"magazineBlocksPostAuthor":{"name":"maranhaotv","avatar":"https:\/\/secure.gravatar.com\/avatar\/8fadbca458d4cb68b1dd399ae9a40618d747bb1af65ac9fad21c89220a143eb4?s=96&d=mm&r=g"},"magazineBlocksPostCommentsNumber":"0","magazineBlocksPostExcerpt":"O deputado federal Pedro Lucas Fernandes prop\u00f4s em julho deste ano o requerimento de urg\u00eancia para aprecia\u00e7\u00e3o, no plen\u00e1rio da","magazineBlocksPostCategories":["pol\u00edtica"],"magazineBlocksPostViewCount":278,"magazineBlocksPostReadTime":2,"magazine_blocks_featured_image_url":{"full":["https:\/\/maranhaotv.com.br\/wp-content\/uploads\/2025\/08\/IMG-20250822-WA0163.jpg",1600,1068,false],"medium":["https:\/\/maranhaotv.com.br\/wp-content\/uploads\/2025\/08\/IMG-20250822-WA0163-300x200.jpg",300,200,true],"thumbnail":["https:\/\/maranhaotv.com.br\/wp-content\/uploads\/2025\/08\/IMG-20250822-WA0163-150x150.jpg",150,150,true]},"magazine_blocks_author":{"display_name":"maranhaotv","author_link":"https:\/\/maranhaotv.com.br\/index.php\/author\/maranhaotv\/"},"magazine_blocks_comment":0,"magazine_blocks_author_image":"https:\/\/secure.gravatar.com\/avatar\/8fadbca458d4cb68b1dd399ae9a40618d747bb1af65ac9fad21c89220a143eb4?s=96&d=mm&r=g","magazine_blocks_category":"<a href=\"#\" class=\"category-link category-link-6\">pol\u00edtica<\/a>","jetpack_featured_media_url":"https:\/\/maranhaotv.com.br\/wp-content\/uploads\/2025\/08\/IMG-20250822-WA0163.jpg","jetpack_sharing_enabled":true,"_links":{"self":[{"href":"https:\/\/maranhaotv.com.br\/index.php\/wp-json\/wp\/v2\/posts\/43852","targetHints":{"allow":["GET"]}}],"collection":[{"href":"https:\/\/maranhaotv.com.br\/index.php\/wp-json\/wp\/v2\/posts"}],"about":[{"href":"https:\/\/maranhaotv.com.br\/index.php\/wp-json\/wp\/v2\/types\/post"}],"author":[{"embeddable":true,"href":"https:\/\/maranhaotv.com.br\/index.php\/wp-json\/wp\/v2\/users\/2"}],"replies":[{"embeddable":true,"href":"https:\/\/maranhaotv.com.br\/index.php\/wp-json\/wp\/v2\/comments?post=43852"}],"version-history":[{"count":2,"href":"https:\/\/maranhaotv.com.br\/index.php\/wp-json\/wp\/v2\/posts\/43852\/revisions"}],"predecessor-version":[{"id":43857,"href":"https:\/\/maranhaotv.com.br\/index.php\/wp-json\/wp\/v2\/posts\/43852\/revisions\/43857"}],"wp:featuredmedia":[{"embeddable":true,"href":"https:\/\/maranhaotv.com.br\/index.php\/wp-json\/wp\/v2\/media\/43851"}],"wp:attachment":[{"href":"https:\/\/maranhaotv.com.br\/index.php\/wp-json\/wp\/v2\/media?parent=43852"}],"wp:term":[{"taxonomy":"category","embeddable":true,"href":"https:\/\/maranhaotv.com.br\/index.php\/wp-json\/wp\/v2\/categories?post=43852"},{"taxonomy":"post_tag","embeddable":true,"href":"https:\/\/maranhaotv.com.br\/index.php\/wp-json\/wp\/v2\/tags?post=43852"}],"curies":[{"name":"wp","href":"https:\/\/api.w.org\/{rel}","templated":true}]}}