{"id":43859,"date":"2025-08-22T13:00:35","date_gmt":"2025-08-22T16:00:35","guid":{"rendered":"https:\/\/maranhaotv.com.br\/?p=43859"},"modified":"2025-08-22T13:01:20","modified_gmt":"2025-08-22T16:01:20","slug":"pf-identifica-maranhenses-que-recebiam-mensagens-de-bolsonaro-yglesio-roberto-rocha-estao-entre-eles","status":"publish","type":"post","link":"https:\/\/maranhaotv.com.br\/index.php\/2025\/08\/22\/pf-identifica-maranhenses-que-recebiam-mensagens-de-bolsonaro-yglesio-roberto-rocha-estao-entre-eles\/","title":{"rendered":"PF identifica maranhenses que recebiam mensagens de Bolsonaro: Ygl\u00e9sio, Roberto Rocha est\u00e3o entre eles."},"content":{"rendered":"\n<p><\/p>\n\n\n\n<p>A Pol\u00edcia Federal identificou nomes de pol\u00edticos e aliados do Maranh\u00e3o entre os contatos inclu\u00eddos nas listas de transmiss\u00e3o usadas pelo ex-presidente Jair Bolsonaro (PL) para enviar mensagens em massa, mesmo ap\u00f3s ter sido proibido pelo Supremo Tribunal Federal (STF) de usar redes sociais.<br><br>De acordo com o relat\u00f3rio final do inqu\u00e9rito, entre os maranhenses que receberam mensagens de Bolsonaro est\u00e3o o ex-senador Roberto Rocha, o deputado estadual Dr. Ygl\u00e9sio, o vice-presidente do PL em S\u00e3o Lu\u00eds, Filipe Arnon (identificado como Tch\u00ea Churrasco), al\u00e9m do blogueiro Francisco Mello.<br><br>Ao todo, foram mapeados 396 contatos em quatro listas de transmiss\u00e3o nomeadas por Bolsonaro como \u201cDeputados\u201d, \u201cSenadores\u201d, \u201cOutros\u201d e \u201cOutros 2\u201d. Os investigadores ressaltam que esse mecanismo permite o disparo de mensagens para v\u00e1rios destinat\u00e1rios ao mesmo tempo, mas com entrega individual, dificultando o rastreamento coletivo das conversas.<br><br>A PF concluiu que, por meio dessas transmiss\u00f5es, Bolsonaro burlou as medidas cautelares impostas pelo ministro Alexandre de Moraes, em 18 de julho, que vedavam o uso de redes sociais, direta ou indiretamente. Mensagens enviadas por ele foram compartilhadas em perfis de aliados, ampliando o alcance do conte\u00fado.<br><br>Entre os contatos listados tamb\u00e9m aparecem nomes de peso da pol\u00edtica e do entorno bolsonarista, como os filhos Fl\u00e1vio Bolsonaro (PL-RJ) e Eduardo Bolsonaro (PL-SP), ex-ministros como Paulo Guedes e Onyx Lorenzoni, al\u00e9m de figuras como o pastor Silas Malafaia, o prefeito de S\u00e3o Paulo, Ricardo Nunes (MDB), e o vice-prefeito Ricardo Mello Ara\u00fajo (PL).<br><br>O relat\u00f3rio ainda cita v\u00eddeos de manifesta\u00e7\u00f5es e mensagens de mobiliza\u00e7\u00e3o que foram encontrados 338 vezes no celular de Bolsonaro, indicando disparos em massa. Com base nessas evid\u00eancias, a PF indiciou o ex-presidente por coa\u00e7\u00e3o no curso do processo e tentativa de aboli\u00e7\u00e3o do Estado Democr\u00e1tico de Direito.<br><br>Em resposta, a defesa de Bolsonaro afirmou ter sido surpreendida com o indiciamento e negou qualquer irregularidade. Moraes concedeu prazo de 48 horas para que os advogados do ex-presidente se manifestem sobre os descumprimentos das medidas cautelares e o risco de fuga.<\/p>\n","protected":false},"excerpt":{"rendered":"<p>A Pol\u00edcia Federal identificou nomes de pol\u00edticos e aliados do Maranh\u00e3o entre os contatos inclu\u00eddos nas listas de transmiss\u00e3o usadas<\/p>\n","protected":false},"author":2,"featured_media":43858,"comment_status":"open","ping_status":"open","sticky":false,"template":"","format":"standard","meta":{"colormag_page_container_layout":"default_layout","colormag_page_sidebar_layout":"default_layout","_jetpack_memberships_contains_paid_content":false,"footnotes":""},"categories":[2],"tags":[],"class_list":["post-43859","post","type-post","status-publish","format-standard","has-post-thumbnail","hentry","category-noticias"],"magazineBlocksPostFeaturedMedia":{"thumbnail":"https:\/\/maranhaotv.com.br\/wp-content\/uploads\/2025\/08\/images-3-150x150.jpeg","medium":"https:\/\/maranhaotv.com.br\/wp-content\/uploads\/2025\/08\/images-3-300x200.jpeg","medium_large":"https:\/\/maranhaotv.com.br\/wp-content\/uploads\/2025\/08\/images-3.jpeg","large":"https:\/\/maranhaotv.com.br\/wp-content\/uploads\/2025\/08\/images-3.jpeg","1536x1536":"https:\/\/maranhaotv.com.br\/wp-content\/uploads\/2025\/08\/images-3.jpeg","2048x2048":"https:\/\/maranhaotv.com.br\/wp-content\/uploads\/2025\/08\/images-3.jpeg","colormag-highlighted-post":"https:\/\/maranhaotv.com.br\/wp-content\/uploads\/2025\/08\/images-3-392x272.jpeg","colormag-featured-post-medium":"https:\/\/maranhaotv.com.br\/wp-content\/uploads\/2025\/08\/images-3-390x205.jpeg","colormag-featured-post-small":"https:\/\/maranhaotv.com.br\/wp-content\/uploads\/2025\/08\/images-3-130x90.jpeg","colormag-featured-image":"https:\/\/maranhaotv.com.br\/wp-content\/uploads\/2025\/08\/images-3-678x445.jpeg","colormag-default-news":"https:\/\/maranhaotv.com.br\/wp-content\/uploads\/2025\/08\/images-3-150x150.jpeg","colormag-featured-image-large":"https:\/\/maranhaotv.com.br\/wp-content\/uploads\/2025\/08\/images-3.jpeg"},"magazineBlocksPostAuthor":{"name":"maranhaotv","avatar":"https:\/\/secure.gravatar.com\/avatar\/8fadbca458d4cb68b1dd399ae9a40618d747bb1af65ac9fad21c89220a143eb4?s=96&d=mm&r=g"},"magazineBlocksPostCommentsNumber":"0","magazineBlocksPostExcerpt":"A Pol\u00edcia Federal identificou nomes de pol\u00edticos e aliados do Maranh\u00e3o entre os contatos inclu\u00eddos nas listas de transmiss\u00e3o usadas","magazineBlocksPostCategories":["not\u00edcias"],"magazineBlocksPostViewCount":272,"magazineBlocksPostReadTime":2,"magazine_blocks_featured_image_url":{"full":["https:\/\/maranhaotv.com.br\/wp-content\/uploads\/2025\/08\/images-3.jpeg",678,452,false],"medium":["https:\/\/maranhaotv.com.br\/wp-content\/uploads\/2025\/08\/images-3-300x200.jpeg",300,200,true],"thumbnail":["https:\/\/maranhaotv.com.br\/wp-content\/uploads\/2025\/08\/images-3-150x150.jpeg",150,150,true]},"magazine_blocks_author":{"display_name":"maranhaotv","author_link":"https:\/\/maranhaotv.com.br\/index.php\/author\/maranhaotv\/"},"magazine_blocks_comment":0,"magazine_blocks_author_image":"https:\/\/secure.gravatar.com\/avatar\/8fadbca458d4cb68b1dd399ae9a40618d747bb1af65ac9fad21c89220a143eb4?s=96&d=mm&r=g","magazine_blocks_category":"<a href=\"#\" class=\"category-link category-link-2\">not\u00edcias<\/a>","yoast_head":"<!-- This site is optimized with the Yoast SEO plugin v27.4 - https:\/\/yoast.com\/product\/yoast-seo-wordpress\/ -->\n<title>PF identifica maranhenses que recebiam mensagens de Bolsonaro: Ygl\u00e9sio, Roberto Rocha est\u00e3o entre eles. - NOT\u00cdCIAS EM TEMPO REAL<\/title>\n<meta name=\"robots\" content=\"index, follow, max-snippet:-1, max-image-preview:large, max-video-preview:-1\" \/>\n<link rel=\"canonical\" href=\"https:\/\/maranhaotv.com.br\/index.php\/2025\/08\/22\/pf-identifica-maranhenses-que-recebiam-mensagens-de-bolsonaro-yglesio-roberto-rocha-estao-entre-eles\/\" \/>\n<meta property=\"og:locale\" content=\"pt_BR\" \/>\n<meta property=\"og:type\" content=\"article\" \/>\n<meta property=\"og:title\" content=\"PF identifica maranhenses que recebiam mensagens de Bolsonaro: Ygl\u00e9sio, Roberto Rocha est\u00e3o entre eles. - NOT\u00cdCIAS EM TEMPO REAL\" \/>\n<meta property=\"og:description\" content=\"A Pol\u00edcia Federal identificou nomes de pol\u00edticos e aliados do Maranh\u00e3o entre os contatos inclu\u00eddos nas listas de transmiss\u00e3o usadas\" \/>\n<meta property=\"og:url\" content=\"https:\/\/maranhaotv.com.br\/index.php\/2025\/08\/22\/pf-identifica-maranhenses-que-recebiam-mensagens-de-bolsonaro-yglesio-roberto-rocha-estao-entre-eles\/\" \/>\n<meta property=\"og:site_name\" content=\"NOT\u00cdCIAS EM TEMPO REAL\" \/>\n<meta property=\"article:publisher\" content=\"https:\/\/www.facebook.com\/maiobaotv\" \/>\n<meta property=\"article:published_time\" content=\"2025-08-22T16:00:35+00:00\" \/>\n<meta property=\"article:modified_time\" content=\"2025-08-22T16:01:20+00:00\" \/>\n<meta property=\"og:image\" content=\"https:\/\/maranhaotv.com.br\/wp-content\/uploads\/2025\/08\/images-3.jpeg\" \/>\n\t<meta property=\"og:image:width\" content=\"678\" \/>\n\t<meta property=\"og:image:height\" content=\"452\" \/>\n\t<meta property=\"og:image:type\" content=\"image\/jpeg\" \/>\n<meta name=\"author\" content=\"maranhaotv\" \/>\n<meta name=\"twitter:card\" content=\"summary_large_image\" \/>\n<meta name=\"twitter:creator\" content=\"@sitemaranhaotv\" \/>\n<meta name=\"twitter:site\" content=\"@sitemaranhaotv\" \/>\n<meta name=\"twitter:label1\" content=\"Escrito por\" \/>\n\t<meta name=\"twitter:data1\" content=\"maranhaotv\" \/>\n\t<meta name=\"twitter:label2\" content=\"Est. tempo de leitura\" \/>\n\t<meta name=\"twitter:data2\" content=\"2 minutos\" \/>\n<script type=\"application\/ld+json\" class=\"yoast-schema-graph\">{\"@context\":\"https:\\\/\\\/schema.org\",\"@graph\":[{\"@type\":\"Article\",\"@id\":\"https:\\\/\\\/maranhaotv.com.br\\\/index.php\\\/2025\\\/08\\\/22\\\/pf-identifica-maranhenses-que-recebiam-mensagens-de-bolsonaro-yglesio-roberto-rocha-estao-entre-eles\\\/#article\",\"isPartOf\":{\"@id\":\"https:\\\/\\\/maranhaotv.com.br\\\/index.php\\\/2025\\\/08\\\/22\\\/pf-identifica-maranhenses-que-recebiam-mensagens-de-bolsonaro-yglesio-roberto-rocha-estao-entre-eles\\\/\"},\"author\":{\"name\":\"maranhaotv\",\"@id\":\"https:\\\/\\\/maranhaotv.com.br\\\/#\\\/schema\\\/person\\\/3d54238e86b20bb5c89ab2fdb8f8829a\"},\"headline\":\"PF identifica maranhenses que recebiam mensagens de Bolsonaro: Ygl\u00e9sio, Roberto Rocha est\u00e3o entre eles.\",\"datePublished\":\"2025-08-22T16:00:35+00:00\",\"dateModified\":\"2025-08-22T16:01:20+00:00\",\"mainEntityOfPage\":{\"@id\":\"https:\\\/\\\/maranhaotv.com.br\\\/index.php\\\/2025\\\/08\\\/22\\\/pf-identifica-maranhenses-que-recebiam-mensagens-de-bolsonaro-yglesio-roberto-rocha-estao-entre-eles\\\/\"},\"wordCount\":372,\"commentCount\":0,\"publisher\":{\"@id\":\"https:\\\/\\\/maranhaotv.com.br\\\/#organization\"},\"image\":{\"@id\":\"https:\\\/\\\/maranhaotv.com.br\\\/index.php\\\/2025\\\/08\\\/22\\\/pf-identifica-maranhenses-que-recebiam-mensagens-de-bolsonaro-yglesio-roberto-rocha-estao-entre-eles\\\/#primaryimage\"},\"thumbnailUrl\":\"https:\\\/\\\/maranhaotv.com.br\\\/wp-content\\\/uploads\\\/2025\\\/08\\\/images-3.jpeg\",\"articleSection\":[\"not\u00edcias\"],\"inLanguage\":\"pt-BR\",\"potentialAction\":[{\"@type\":\"CommentAction\",\"name\":\"Comment\",\"target\":[\"https:\\\/\\\/maranhaotv.com.br\\\/index.php\\\/2025\\\/08\\\/22\\\/pf-identifica-maranhenses-que-recebiam-mensagens-de-bolsonaro-yglesio-roberto-rocha-estao-entre-eles\\\/#respond\"]}]},{\"@type\":\"WebPage\",\"@id\":\"https:\\\/\\\/maranhaotv.com.br\\\/index.php\\\/2025\\\/08\\\/22\\\/pf-identifica-maranhenses-que-recebiam-mensagens-de-bolsonaro-yglesio-roberto-rocha-estao-entre-eles\\\/\",\"url\":\"https:\\\/\\\/maranhaotv.com.br\\\/index.php\\\/2025\\\/08\\\/22\\\/pf-identifica-maranhenses-que-recebiam-mensagens-de-bolsonaro-yglesio-roberto-rocha-estao-entre-eles\\\/\",\"name\":\"PF identifica maranhenses que recebiam mensagens de Bolsonaro: Ygl\u00e9sio, Roberto Rocha est\u00e3o entre eles. - NOT\u00cdCIAS EM TEMPO REAL\",\"isPartOf\":{\"@id\":\"https:\\\/\\\/maranhaotv.com.br\\\/#website\"},\"primaryImageOfPage\":{\"@id\":\"https:\\\/\\\/maranhaotv.com.br\\\/index.php\\\/2025\\\/08\\\/22\\\/pf-identifica-maranhenses-que-recebiam-mensagens-de-bolsonaro-yglesio-roberto-rocha-estao-entre-eles\\\/#primaryimage\"},\"image\":{\"@id\":\"https:\\\/\\\/maranhaotv.com.br\\\/index.php\\\/2025\\\/08\\\/22\\\/pf-identifica-maranhenses-que-recebiam-mensagens-de-bolsonaro-yglesio-roberto-rocha-estao-entre-eles\\\/#primaryimage\"},\"thumbnailUrl\":\"https:\\\/\\\/maranhaotv.com.br\\\/wp-content\\\/uploads\\\/2025\\\/08\\\/images-3.jpeg\",\"datePublished\":\"2025-08-22T16:00:35+00:00\",\"dateModified\":\"2025-08-22T16:01:20+00:00\",\"breadcrumb\":{\"@id\":\"https:\\\/\\\/maranhaotv.com.br\\\/index.php\\\/2025\\\/08\\\/22\\\/pf-identifica-maranhenses-que-recebiam-mensagens-de-bolsonaro-yglesio-roberto-rocha-estao-entre-eles\\\/#breadcrumb\"},\"inLanguage\":\"pt-BR\",\"potentialAction\":[{\"@type\":\"ReadAction\",\"target\":[\"https:\\\/\\\/maranhaotv.com.br\\\/index.php\\\/2025\\\/08\\\/22\\\/pf-identifica-maranhenses-que-recebiam-mensagens-de-bolsonaro-yglesio-roberto-rocha-estao-entre-eles\\\/\"]}]},{\"@type\":\"ImageObject\",\"inLanguage\":\"pt-BR\",\"@id\":\"https:\\\/\\\/maranhaotv.com.br\\\/index.php\\\/2025\\\/08\\\/22\\\/pf-identifica-maranhenses-que-recebiam-mensagens-de-bolsonaro-yglesio-roberto-rocha-estao-entre-eles\\\/#primaryimage\",\"url\":\"https:\\\/\\\/maranhaotv.com.br\\\/wp-content\\\/uploads\\\/2025\\\/08\\\/images-3.jpeg\",\"contentUrl\":\"https:\\\/\\\/maranhaotv.com.br\\\/wp-content\\\/uploads\\\/2025\\\/08\\\/images-3.jpeg\",\"width\":678,\"height\":452},{\"@type\":\"BreadcrumbList\",\"@id\":\"https:\\\/\\\/maranhaotv.com.br\\\/index.php\\\/2025\\\/08\\\/22\\\/pf-identifica-maranhenses-que-recebiam-mensagens-de-bolsonaro-yglesio-roberto-rocha-estao-entre-eles\\\/#breadcrumb\",\"itemListElement\":[{\"@type\":\"ListItem\",\"position\":1,\"name\":\"In\u00edcio\",\"item\":\"https:\\\/\\\/maranhaotv.com.br\\\/\"},{\"@type\":\"ListItem\",\"position\":2,\"name\":\"PF identifica maranhenses que recebiam mensagens de Bolsonaro: Ygl\u00e9sio, Roberto Rocha est\u00e3o entre eles.\"}]},{\"@type\":\"WebSite\",\"@id\":\"https:\\\/\\\/maranhaotv.com.br\\\/#website\",\"url\":\"https:\\\/\\\/maranhaotv.com.br\\\/\",\"name\":\"Maranh\u00e3oTV\",\"description\":\"\",\"publisher\":{\"@id\":\"https:\\\/\\\/maranhaotv.com.br\\\/#organization\"},\"potentialAction\":[{\"@type\":\"SearchAction\",\"target\":{\"@type\":\"EntryPoint\",\"urlTemplate\":\"https:\\\/\\\/maranhaotv.com.br\\\/?s={search_term_string}\"},\"query-input\":{\"@type\":\"PropertyValueSpecification\",\"valueRequired\":true,\"valueName\":\"search_term_string\"}}],\"inLanguage\":\"pt-BR\"},{\"@type\":\"Organization\",\"@id\":\"https:\\\/\\\/maranhaotv.com.br\\\/#organization\",\"name\":\"Portal de Not\u00edcias\",\"url\":\"https:\\\/\\\/maranhaotv.com.br\\\/\",\"logo\":{\"@type\":\"ImageObject\",\"inLanguage\":\"pt-BR\",\"@id\":\"https:\\\/\\\/maranhaotv.com.br\\\/#\\\/schema\\\/logo\\\/image\\\/\",\"url\":\"https:\\\/\\\/maranhaotv.com.br\\\/wp-content\\\/uploads\\\/2024\\\/05\\\/cropped-cropped-avatar-1.png\",\"contentUrl\":\"https:\\\/\\\/maranhaotv.com.br\\\/wp-content\\\/uploads\\\/2024\\\/05\\\/cropped-cropped-avatar-1.png\",\"width\":792,\"height\":428,\"caption\":\"Portal de Not\u00edcias\"},\"image\":{\"@id\":\"https:\\\/\\\/maranhaotv.com.br\\\/#\\\/schema\\\/logo\\\/image\\\/\"},\"sameAs\":[\"https:\\\/\\\/www.facebook.com\\\/maiobaotv\",\"https:\\\/\\\/x.com\\\/sitemaranhaotv\",\"https:\\\/\\\/www.instagram.com\\\/maranhao.tv\",\"https:\\\/\\\/www.threads.net\\\/@maranhao.tv\"]},{\"@type\":\"Person\",\"@id\":\"https:\\\/\\\/maranhaotv.com.br\\\/#\\\/schema\\\/person\\\/3d54238e86b20bb5c89ab2fdb8f8829a\",\"name\":\"maranhaotv\",\"image\":{\"@type\":\"ImageObject\",\"inLanguage\":\"pt-BR\",\"@id\":\"https:\\\/\\\/secure.gravatar.com\\\/avatar\\\/8fadbca458d4cb68b1dd399ae9a40618d747bb1af65ac9fad21c89220a143eb4?s=96&d=mm&r=g\",\"url\":\"https:\\\/\\\/secure.gravatar.com\\\/avatar\\\/8fadbca458d4cb68b1dd399ae9a40618d747bb1af65ac9fad21c89220a143eb4?s=96&d=mm&r=g\",\"contentUrl\":\"https:\\\/\\\/secure.gravatar.com\\\/avatar\\\/8fadbca458d4cb68b1dd399ae9a40618d747bb1af65ac9fad21c89220a143eb4?s=96&d=mm&r=g\",\"caption\":\"maranhaotv\"},\"sameAs\":[\"https:\\\/\\\/maranhaotv.com.br\\\/\"],\"url\":\"https:\\\/\\\/maranhaotv.com.br\\\/index.php\\\/author\\\/maranhaotv\\\/\"}]}<\/script>\n<!-- \/ Yoast SEO plugin. -->","yoast_head_json":{"title":"PF identifica maranhenses que recebiam mensagens de Bolsonaro: Ygl\u00e9sio, Roberto Rocha est\u00e3o entre eles. - NOT\u00cdCIAS EM TEMPO REAL","robots":{"index":"index","follow":"follow","max-snippet":"max-snippet:-1","max-image-preview":"max-image-preview:large","max-video-preview":"max-video-preview:-1"},"canonical":"https:\/\/maranhaotv.com.br\/index.php\/2025\/08\/22\/pf-identifica-maranhenses-que-recebiam-mensagens-de-bolsonaro-yglesio-roberto-rocha-estao-entre-eles\/","og_locale":"pt_BR","og_type":"article","og_title":"PF identifica maranhenses que recebiam mensagens de Bolsonaro: Ygl\u00e9sio, Roberto Rocha est\u00e3o entre eles. - NOT\u00cdCIAS EM TEMPO REAL","og_description":"A Pol\u00edcia Federal identificou nomes de pol\u00edticos e aliados do Maranh\u00e3o entre os contatos inclu\u00eddos nas listas de transmiss\u00e3o usadas","og_url":"https:\/\/maranhaotv.com.br\/index.php\/2025\/08\/22\/pf-identifica-maranhenses-que-recebiam-mensagens-de-bolsonaro-yglesio-roberto-rocha-estao-entre-eles\/","og_site_name":"NOT\u00cdCIAS EM TEMPO REAL","article_publisher":"https:\/\/www.facebook.com\/maiobaotv","article_published_time":"2025-08-22T16:00:35+00:00","article_modified_time":"2025-08-22T16:01:20+00:00","og_image":[{"width":678,"height":452,"url":"https:\/\/maranhaotv.com.br\/wp-content\/uploads\/2025\/08\/images-3.jpeg","type":"image\/jpeg"}],"author":"maranhaotv","twitter_card":"summary_large_image","twitter_creator":"@sitemaranhaotv","twitter_site":"@sitemaranhaotv","twitter_misc":{"Escrito por":"maranhaotv","Est. tempo de leitura":"2 minutos"},"schema":{"@context":"https:\/\/schema.org","@graph":[{"@type":"Article","@id":"https:\/\/maranhaotv.com.br\/index.php\/2025\/08\/22\/pf-identifica-maranhenses-que-recebiam-mensagens-de-bolsonaro-yglesio-roberto-rocha-estao-entre-eles\/#article","isPartOf":{"@id":"https:\/\/maranhaotv.com.br\/index.php\/2025\/08\/22\/pf-identifica-maranhenses-que-recebiam-mensagens-de-bolsonaro-yglesio-roberto-rocha-estao-entre-eles\/"},"author":{"name":"maranhaotv","@id":"https:\/\/maranhaotv.com.br\/#\/schema\/person\/3d54238e86b20bb5c89ab2fdb8f8829a"},"headline":"PF identifica maranhenses que recebiam mensagens de Bolsonaro: Ygl\u00e9sio, Roberto Rocha est\u00e3o entre eles.","datePublished":"2025-08-22T16:00:35+00:00","dateModified":"2025-08-22T16:01:20+00:00","mainEntityOfPage":{"@id":"https:\/\/maranhaotv.com.br\/index.php\/2025\/08\/22\/pf-identifica-maranhenses-que-recebiam-mensagens-de-bolsonaro-yglesio-roberto-rocha-estao-entre-eles\/"},"wordCount":372,"commentCount":0,"publisher":{"@id":"https:\/\/maranhaotv.com.br\/#organization"},"image":{"@id":"https:\/\/maranhaotv.com.br\/index.php\/2025\/08\/22\/pf-identifica-maranhenses-que-recebiam-mensagens-de-bolsonaro-yglesio-roberto-rocha-estao-entre-eles\/#primaryimage"},"thumbnailUrl":"https:\/\/maranhaotv.com.br\/wp-content\/uploads\/2025\/08\/images-3.jpeg","articleSection":["not\u00edcias"],"inLanguage":"pt-BR","potentialAction":[{"@type":"CommentAction","name":"Comment","target":["https:\/\/maranhaotv.com.br\/index.php\/2025\/08\/22\/pf-identifica-maranhenses-que-recebiam-mensagens-de-bolsonaro-yglesio-roberto-rocha-estao-entre-eles\/#respond"]}]},{"@type":"WebPage","@id":"https:\/\/maranhaotv.com.br\/index.php\/2025\/08\/22\/pf-identifica-maranhenses-que-recebiam-mensagens-de-bolsonaro-yglesio-roberto-rocha-estao-entre-eles\/","url":"https:\/\/maranhaotv.com.br\/index.php\/2025\/08\/22\/pf-identifica-maranhenses-que-recebiam-mensagens-de-bolsonaro-yglesio-roberto-rocha-estao-entre-eles\/","name":"PF identifica maranhenses que recebiam mensagens de Bolsonaro: Ygl\u00e9sio, Roberto Rocha est\u00e3o entre eles. - NOT\u00cdCIAS EM TEMPO REAL","isPartOf":{"@id":"https:\/\/maranhaotv.com.br\/#website"},"primaryImageOfPage":{"@id":"https:\/\/maranhaotv.com.br\/index.php\/2025\/08\/22\/pf-identifica-maranhenses-que-recebiam-mensagens-de-bolsonaro-yglesio-roberto-rocha-estao-entre-eles\/#primaryimage"},"image":{"@id":"https:\/\/maranhaotv.com.br\/index.php\/2025\/08\/22\/pf-identifica-maranhenses-que-recebiam-mensagens-de-bolsonaro-yglesio-roberto-rocha-estao-entre-eles\/#primaryimage"},"thumbnailUrl":"https:\/\/maranhaotv.com.br\/wp-content\/uploads\/2025\/08\/images-3.jpeg","datePublished":"2025-08-22T16:00:35+00:00","dateModified":"2025-08-22T16:01:20+00:00","breadcrumb":{"@id":"https:\/\/maranhaotv.com.br\/index.php\/2025\/08\/22\/pf-identifica-maranhenses-que-recebiam-mensagens-de-bolsonaro-yglesio-roberto-rocha-estao-entre-eles\/#breadcrumb"},"inLanguage":"pt-BR","potentialAction":[{"@type":"ReadAction","target":["https:\/\/maranhaotv.com.br\/index.php\/2025\/08\/22\/pf-identifica-maranhenses-que-recebiam-mensagens-de-bolsonaro-yglesio-roberto-rocha-estao-entre-eles\/"]}]},{"@type":"ImageObject","inLanguage":"pt-BR","@id":"https:\/\/maranhaotv.com.br\/index.php\/2025\/08\/22\/pf-identifica-maranhenses-que-recebiam-mensagens-de-bolsonaro-yglesio-roberto-rocha-estao-entre-eles\/#primaryimage","url":"https:\/\/maranhaotv.com.br\/wp-content\/uploads\/2025\/08\/images-3.jpeg","contentUrl":"https:\/\/maranhaotv.com.br\/wp-content\/uploads\/2025\/08\/images-3.jpeg","width":678,"height":452},{"@type":"BreadcrumbList","@id":"https:\/\/maranhaotv.com.br\/index.php\/2025\/08\/22\/pf-identifica-maranhenses-que-recebiam-mensagens-de-bolsonaro-yglesio-roberto-rocha-estao-entre-eles\/#breadcrumb","itemListElement":[{"@type":"ListItem","position":1,"name":"In\u00edcio","item":"https:\/\/maranhaotv.com.br\/"},{"@type":"ListItem","position":2,"name":"PF identifica maranhenses que recebiam mensagens de Bolsonaro: Ygl\u00e9sio, Roberto Rocha est\u00e3o entre eles."}]},{"@type":"WebSite","@id":"https:\/\/maranhaotv.com.br\/#website","url":"https:\/\/maranhaotv.com.br\/","name":"Maranh\u00e3oTV","description":"","publisher":{"@id":"https:\/\/maranhaotv.com.br\/#organization"},"potentialAction":[{"@type":"SearchAction","target":{"@type":"EntryPoint","urlTemplate":"https:\/\/maranhaotv.com.br\/?s={search_term_string}"},"query-input":{"@type":"PropertyValueSpecification","valueRequired":true,"valueName":"search_term_string"}}],"inLanguage":"pt-BR"},{"@type":"Organization","@id":"https:\/\/maranhaotv.com.br\/#organization","name":"Portal de Not\u00edcias","url":"https:\/\/maranhaotv.com.br\/","logo":{"@type":"ImageObject","inLanguage":"pt-BR","@id":"https:\/\/maranhaotv.com.br\/#\/schema\/logo\/image\/","url":"https:\/\/maranhaotv.com.br\/wp-content\/uploads\/2024\/05\/cropped-cropped-avatar-1.png","contentUrl":"https:\/\/maranhaotv.com.br\/wp-content\/uploads\/2024\/05\/cropped-cropped-avatar-1.png","width":792,"height":428,"caption":"Portal de Not\u00edcias"},"image":{"@id":"https:\/\/maranhaotv.com.br\/#\/schema\/logo\/image\/"},"sameAs":["https:\/\/www.facebook.com\/maiobaotv","https:\/\/x.com\/sitemaranhaotv","https:\/\/www.instagram.com\/maranhao.tv","https:\/\/www.threads.net\/@maranhao.tv"]},{"@type":"Person","@id":"https:\/\/maranhaotv.com.br\/#\/schema\/person\/3d54238e86b20bb5c89ab2fdb8f8829a","name":"maranhaotv","image":{"@type":"ImageObject","inLanguage":"pt-BR","@id":"https:\/\/secure.gravatar.com\/avatar\/8fadbca458d4cb68b1dd399ae9a40618d747bb1af65ac9fad21c89220a143eb4?s=96&d=mm&r=g","url":"https:\/\/secure.gravatar.com\/avatar\/8fadbca458d4cb68b1dd399ae9a40618d747bb1af65ac9fad21c89220a143eb4?s=96&d=mm&r=g","contentUrl":"https:\/\/secure.gravatar.com\/avatar\/8fadbca458d4cb68b1dd399ae9a40618d747bb1af65ac9fad21c89220a143eb4?s=96&d=mm&r=g","caption":"maranhaotv"},"sameAs":["https:\/\/maranhaotv.com.br\/"],"url":"https:\/\/maranhaotv.com.br\/index.php\/author\/maranhaotv\/"}]}},"jetpack_featured_media_url":"https:\/\/maranhaotv.com.br\/wp-content\/uploads\/2025\/08\/images-3.jpeg","jetpack_sharing_enabled":true,"_links":{"self":[{"href":"https:\/\/maranhaotv.com.br\/index.php\/wp-json\/wp\/v2\/posts\/43859","targetHints":{"allow":["GET"]}}],"collection":[{"href":"https:\/\/maranhaotv.com.br\/index.php\/wp-json\/wp\/v2\/posts"}],"about":[{"href":"https:\/\/maranhaotv.com.br\/index.php\/wp-json\/wp\/v2\/types\/post"}],"author":[{"embeddable":true,"href":"https:\/\/maranhaotv.com.br\/index.php\/wp-json\/wp\/v2\/users\/2"}],"replies":[{"embeddable":true,"href":"https:\/\/maranhaotv.com.br\/index.php\/wp-json\/wp\/v2\/comments?post=43859"}],"version-history":[{"count":1,"href":"https:\/\/maranhaotv.com.br\/index.php\/wp-json\/wp\/v2\/posts\/43859\/revisions"}],"predecessor-version":[{"id":43860,"href":"https:\/\/maranhaotv.com.br\/index.php\/wp-json\/wp\/v2\/posts\/43859\/revisions\/43860"}],"wp:featuredmedia":[{"embeddable":true,"href":"https:\/\/maranhaotv.com.br\/index.php\/wp-json\/wp\/v2\/media\/43858"}],"wp:attachment":[{"href":"https:\/\/maranhaotv.com.br\/index.php\/wp-json\/wp\/v2\/media?parent=43859"}],"wp:term":[{"taxonomy":"category","embeddable":true,"href":"https:\/\/maranhaotv.com.br\/index.php\/wp-json\/wp\/v2\/categories?post=43859"},{"taxonomy":"post_tag","embeddable":true,"href":"https:\/\/maranhaotv.com.br\/index.php\/wp-json\/wp\/v2\/tags?post=43859"}],"curies":[{"name":"wp","href":"https:\/\/api.w.org\/{rel}","templated":true}]}}