{"id":43868,"date":"2025-08-22T23:12:28","date_gmt":"2025-08-23T02:12:28","guid":{"rendered":"https:\/\/maranhaotv.com.br\/?p=43868"},"modified":"2025-08-22T23:14:16","modified_gmt":"2025-08-23T02:14:16","slug":"lucas-bessa-influenciador-digital-e-o-cantor-tico-santa-cruz-sao-vistos-juntos-em-after-apos-o-show-no-palacio-mandarim-em-uberaba","status":"publish","type":"post","link":"https:\/\/maranhaotv.com.br\/index.php\/2025\/08\/22\/lucas-bessa-influenciador-digital-e-o-cantor-tico-santa-cruz-sao-vistos-juntos-em-after-apos-o-show-no-palacio-mandarim-em-uberaba\/","title":{"rendered":"Lucas Bessa, influenciador digital e o cantor Tico Santa Cruz s\u00e3o vistos juntos em after ap\u00f3s o show no Pal\u00e1cio Mandarim, em Uberaba"},"content":{"rendered":"\n<p><\/p>\n\n\n\n<p><\/p>\n\n\n\n<p>Lucas Bessa influenciador digital e o cantor Tico Santa Cruz s\u00e3o vistos juntos em after particular ap\u00f3s o show no Pal\u00e1cio Mandarim em Uberaba!<br>A reportagem recebeu as fotos dos dois juntos em um after particular ap\u00f3s o show no Pal\u00e1cio Mandarim!<br><\/p>\n\n\n\n<figure class=\"wp-block-image size-large\"><img loading=\"lazy\" decoding=\"async\" width=\"829\" height=\"1024\" src=\"https:\/\/maranhaotv.com.br\/wp-content\/uploads\/2025\/08\/a8cd3948-aefb-4d9a-95fe-0c0b4dec20f1-829x1024.jpg\" class=\"wp-image-43864\" srcset=\"https:\/\/maranhaotv.com.br\/wp-content\/uploads\/2025\/08\/a8cd3948-aefb-4d9a-95fe-0c0b4dec20f1-829x1024.jpg 829w, https:\/\/maranhaotv.com.br\/wp-content\/uploads\/2025\/08\/a8cd3948-aefb-4d9a-95fe-0c0b4dec20f1-243x300.jpg 243w, https:\/\/maranhaotv.com.br\/wp-content\/uploads\/2025\/08\/a8cd3948-aefb-4d9a-95fe-0c0b4dec20f1-768x949.jpg 768w, https:\/\/maranhaotv.com.br\/wp-content\/uploads\/2025\/08\/a8cd3948-aefb-4d9a-95fe-0c0b4dec20f1.jpg 1242w\" sizes=\"auto, (max-width: 829px) 100vw, 829px\" \/><figcaption class=\"wp-element-caption\">Lucas bessa e o cantor Tico Santa Cruz ap\u00f3s o after trocaram contatos<\/figcaption><\/figure>\n\n\n\n<figure class=\"wp-block-image size-large\"><img loading=\"lazy\" decoding=\"async\" width=\"576\" height=\"1024\" src=\"https:\/\/maranhaotv.com.br\/wp-content\/uploads\/2025\/08\/e90da32c-c854-4d0b-85fe-120a18c4b313-576x1024.jpg\" class=\"wp-image-43865\" srcset=\"https:\/\/maranhaotv.com.br\/wp-content\/uploads\/2025\/08\/e90da32c-c854-4d0b-85fe-120a18c4b313-576x1024.jpg 576w, https:\/\/maranhaotv.com.br\/wp-content\/uploads\/2025\/08\/e90da32c-c854-4d0b-85fe-120a18c4b313-169x300.jpg 169w, https:\/\/maranhaotv.com.br\/wp-content\/uploads\/2025\/08\/e90da32c-c854-4d0b-85fe-120a18c4b313-768x1365.jpg 768w, https:\/\/maranhaotv.com.br\/wp-content\/uploads\/2025\/08\/e90da32c-c854-4d0b-85fe-120a18c4b313-864x1536.jpg 864w, https:\/\/maranhaotv.com.br\/wp-content\/uploads\/2025\/08\/e90da32c-c854-4d0b-85fe-120a18c4b313.jpg 900w\" sizes=\"auto, (max-width: 576px) 100vw, 576px\" \/><\/figure>\n\n\n\n<figure class=\"wp-block-image size-large\"><img loading=\"lazy\" decoding=\"async\" width=\"829\" height=\"1024\" src=\"https:\/\/maranhaotv.com.br\/wp-content\/uploads\/2025\/08\/a8cd3948-aefb-4d9a-95fe-0c0b4dec20f1-1-829x1024.jpg\" class=\"wp-image-43866\" srcset=\"https:\/\/maranhaotv.com.br\/wp-content\/uploads\/2025\/08\/a8cd3948-aefb-4d9a-95fe-0c0b4dec20f1-1-829x1024.jpg 829w, https:\/\/maranhaotv.com.br\/wp-content\/uploads\/2025\/08\/a8cd3948-aefb-4d9a-95fe-0c0b4dec20f1-1-243x300.jpg 243w, https:\/\/maranhaotv.com.br\/wp-content\/uploads\/2025\/08\/a8cd3948-aefb-4d9a-95fe-0c0b4dec20f1-1-768x949.jpg 768w, https:\/\/maranhaotv.com.br\/wp-content\/uploads\/2025\/08\/a8cd3948-aefb-4d9a-95fe-0c0b4dec20f1-1.jpg 1242w\" sizes=\"auto, (max-width: 829px) 100vw, 829px\" \/><\/figure>\n","protected":false},"excerpt":{"rendered":"<p>Lucas Bessa influenciador digital e o cantor Tico Santa Cruz s\u00e3o vistos juntos em after particular ap\u00f3s o show no<\/p>\n","protected":false},"author":2,"featured_media":43870,"comment_status":"closed","ping_status":"open","sticky":false,"template":"","format":"standard","meta":{"colormag_page_container_layout":"default_layout","colormag_page_sidebar_layout":"default_layout","_jetpack_memberships_contains_paid_content":false,"footnotes":""},"categories":[306],"tags":[544,540,563],"class_list":["post-43868","post","type-post","status-publish","format-standard","has-post-thumbnail","hentry","category-entretenimento","tag-influenciador-lucas-bessa","tag-lucas-bessa","tag-palacio-mandarim"],"magazineBlocksPostFeaturedMedia":{"thumbnail":"https:\/\/maranhaotv.com.br\/wp-content\/uploads\/2025\/08\/image_editor_output_image-1603427087-1755915235594-150x150.jpg","medium":"https:\/\/maranhaotv.com.br\/wp-content\/uploads\/2025\/08\/image_editor_output_image-1603427087-1755915235594-300x173.jpg","medium_large":"https:\/\/maranhaotv.com.br\/wp-content\/uploads\/2025\/08\/image_editor_output_image-1603427087-1755915235594-768x442.jpg","large":"https:\/\/maranhaotv.com.br\/wp-content\/uploads\/2025\/08\/image_editor_output_image-1603427087-1755915235594-1024x590.jpg","1536x1536":"https:\/\/maranhaotv.com.br\/wp-content\/uploads\/2025\/08\/image_editor_output_image-1603427087-1755915235594.jpg","2048x2048":"https:\/\/maranhaotv.com.br\/wp-content\/uploads\/2025\/08\/image_editor_output_image-1603427087-1755915235594.jpg","colormag-highlighted-post":"https:\/\/maranhaotv.com.br\/wp-content\/uploads\/2025\/08\/image_editor_output_image-1603427087-1755915235594-392x272.jpg","colormag-featured-post-medium":"https:\/\/maranhaotv.com.br\/wp-content\/uploads\/2025\/08\/image_editor_output_image-1603427087-1755915235594-390x205.jpg","colormag-featured-post-small":"https:\/\/maranhaotv.com.br\/wp-content\/uploads\/2025\/08\/image_editor_output_image-1603427087-1755915235594-130x90.jpg","colormag-featured-image":"https:\/\/maranhaotv.com.br\/wp-content\/uploads\/2025\/08\/image_editor_output_image-1603427087-1755915235594-800x445.jpg","colormag-default-news":"https:\/\/maranhaotv.com.br\/wp-content\/uploads\/2025\/08\/image_editor_output_image-1603427087-1755915235594-150x150.jpg","colormag-featured-image-large":"https:\/\/maranhaotv.com.br\/wp-content\/uploads\/2025\/08\/image_editor_output_image-1603427087-1755915235594-1242x600.jpg"},"magazineBlocksPostAuthor":{"name":"maranhaotv","avatar":"https:\/\/secure.gravatar.com\/avatar\/8fadbca458d4cb68b1dd399ae9a40618d747bb1af65ac9fad21c89220a143eb4?s=96&d=mm&r=g"},"magazineBlocksPostCommentsNumber":false,"magazineBlocksPostExcerpt":"Lucas Bessa influenciador digital e o cantor Tico Santa Cruz s\u00e3o vistos juntos em after particular ap\u00f3s o show no","magazineBlocksPostCategories":["entretenimento"],"magazineBlocksPostViewCount":347,"magazineBlocksPostReadTime":1,"magazine_blocks_featured_image_url":{"full":["https:\/\/maranhaotv.com.br\/wp-content\/uploads\/2025\/08\/image_editor_output_image-1603427087-1755915235594.jpg",1242,715,false],"medium":["https:\/\/maranhaotv.com.br\/wp-content\/uploads\/2025\/08\/image_editor_output_image-1603427087-1755915235594-300x173.jpg",300,173,true],"thumbnail":["https:\/\/maranhaotv.com.br\/wp-content\/uploads\/2025\/08\/image_editor_output_image-1603427087-1755915235594-150x150.jpg",150,150,true]},"magazine_blocks_author":{"display_name":"maranhaotv","author_link":"https:\/\/maranhaotv.com.br\/index.php\/author\/maranhaotv\/"},"magazine_blocks_comment":0,"magazine_blocks_author_image":"https:\/\/secure.gravatar.com\/avatar\/8fadbca458d4cb68b1dd399ae9a40618d747bb1af65ac9fad21c89220a143eb4?s=96&d=mm&r=g","magazine_blocks_category":"<a href=\"#\" class=\"category-link category-link-306\">entretenimento<\/a>","yoast_head":"<!-- This site is optimized with the Yoast SEO plugin v27.4 - https:\/\/yoast.com\/product\/yoast-seo-wordpress\/ -->\n<title>Lucas Bessa, influenciador digital e o cantor Tico Santa Cruz s\u00e3o vistos juntos em after ap\u00f3s o show no Pal\u00e1cio Mandarim, em Uberaba - NOT\u00cdCIAS EM TEMPO REAL<\/title>\n<meta name=\"robots\" content=\"index, follow, max-snippet:-1, max-image-preview:large, max-video-preview:-1\" \/>\n<link rel=\"canonical\" href=\"https:\/\/maranhaotv.com.br\/index.php\/2025\/08\/22\/lucas-bessa-influenciador-digital-e-o-cantor-tico-santa-cruz-sao-vistos-juntos-em-after-apos-o-show-no-palacio-mandarim-em-uberaba\/\" \/>\n<meta property=\"og:locale\" content=\"pt_BR\" \/>\n<meta property=\"og:type\" content=\"article\" \/>\n<meta property=\"og:title\" content=\"Lucas Bessa, influenciador digital e o cantor Tico Santa Cruz s\u00e3o vistos juntos em after ap\u00f3s o show no Pal\u00e1cio Mandarim, em Uberaba - NOT\u00cdCIAS EM TEMPO REAL\" \/>\n<meta property=\"og:description\" content=\"Lucas Bessa influenciador digital e o cantor Tico Santa Cruz s\u00e3o vistos juntos em after particular ap\u00f3s o show no\" \/>\n<meta property=\"og:url\" content=\"https:\/\/maranhaotv.com.br\/index.php\/2025\/08\/22\/lucas-bessa-influenciador-digital-e-o-cantor-tico-santa-cruz-sao-vistos-juntos-em-after-apos-o-show-no-palacio-mandarim-em-uberaba\/\" \/>\n<meta property=\"og:site_name\" content=\"NOT\u00cdCIAS EM TEMPO REAL\" \/>\n<meta property=\"article:publisher\" content=\"https:\/\/www.facebook.com\/maiobaotv\" \/>\n<meta property=\"article:published_time\" content=\"2025-08-23T02:12:28+00:00\" \/>\n<meta property=\"article:modified_time\" content=\"2025-08-23T02:14:16+00:00\" \/>\n<meta property=\"og:image\" content=\"https:\/\/maranhaotv.com.br\/wp-content\/uploads\/2025\/08\/image_editor_output_image-1603427087-1755915235594.jpg\" \/>\n\t<meta property=\"og:image:width\" content=\"1242\" \/>\n\t<meta property=\"og:image:height\" content=\"715\" \/>\n\t<meta property=\"og:image:type\" content=\"image\/jpeg\" \/>\n<meta name=\"author\" content=\"maranhaotv\" \/>\n<meta name=\"twitter:card\" content=\"summary_large_image\" \/>\n<meta name=\"twitter:creator\" content=\"@sitemaranhaotv\" \/>\n<meta name=\"twitter:site\" content=\"@sitemaranhaotv\" \/>\n<meta name=\"twitter:label1\" content=\"Escrito por\" \/>\n\t<meta name=\"twitter:data1\" content=\"maranhaotv\" \/>\n<script type=\"application\/ld+json\" class=\"yoast-schema-graph\">{\"@context\":\"https:\\\/\\\/schema.org\",\"@graph\":[{\"@type\":\"Article\",\"@id\":\"https:\\\/\\\/maranhaotv.com.br\\\/index.php\\\/2025\\\/08\\\/22\\\/lucas-bessa-influenciador-digital-e-o-cantor-tico-santa-cruz-sao-vistos-juntos-em-after-apos-o-show-no-palacio-mandarim-em-uberaba\\\/#article\",\"isPartOf\":{\"@id\":\"https:\\\/\\\/maranhaotv.com.br\\\/index.php\\\/2025\\\/08\\\/22\\\/lucas-bessa-influenciador-digital-e-o-cantor-tico-santa-cruz-sao-vistos-juntos-em-after-apos-o-show-no-palacio-mandarim-em-uberaba\\\/\"},\"author\":{\"name\":\"maranhaotv\",\"@id\":\"https:\\\/\\\/maranhaotv.com.br\\\/#\\\/schema\\\/person\\\/3d54238e86b20bb5c89ab2fdb8f8829a\"},\"headline\":\"Lucas Bessa, influenciador digital e o cantor Tico Santa Cruz s\u00e3o vistos juntos em after ap\u00f3s o show no Pal\u00e1cio Mandarim, em Uberaba\",\"datePublished\":\"2025-08-23T02:12:28+00:00\",\"dateModified\":\"2025-08-23T02:14:16+00:00\",\"mainEntityOfPage\":{\"@id\":\"https:\\\/\\\/maranhaotv.com.br\\\/index.php\\\/2025\\\/08\\\/22\\\/lucas-bessa-influenciador-digital-e-o-cantor-tico-santa-cruz-sao-vistos-juntos-em-after-apos-o-show-no-palacio-mandarim-em-uberaba\\\/\"},\"wordCount\":87,\"publisher\":{\"@id\":\"https:\\\/\\\/maranhaotv.com.br\\\/#organization\"},\"image\":{\"@id\":\"https:\\\/\\\/maranhaotv.com.br\\\/index.php\\\/2025\\\/08\\\/22\\\/lucas-bessa-influenciador-digital-e-o-cantor-tico-santa-cruz-sao-vistos-juntos-em-after-apos-o-show-no-palacio-mandarim-em-uberaba\\\/#primaryimage\"},\"thumbnailUrl\":\"https:\\\/\\\/maranhaotv.com.br\\\/wp-content\\\/uploads\\\/2025\\\/08\\\/image_editor_output_image-1603427087-1755915235594.jpg\",\"keywords\":[\"Influenciador Lucas Bessa\",\"Lucas Bessa\",\"Pal\u00e1cio Mandarim\"],\"articleSection\":[\"entretenimento\"],\"inLanguage\":\"pt-BR\"},{\"@type\":\"WebPage\",\"@id\":\"https:\\\/\\\/maranhaotv.com.br\\\/index.php\\\/2025\\\/08\\\/22\\\/lucas-bessa-influenciador-digital-e-o-cantor-tico-santa-cruz-sao-vistos-juntos-em-after-apos-o-show-no-palacio-mandarim-em-uberaba\\\/\",\"url\":\"https:\\\/\\\/maranhaotv.com.br\\\/index.php\\\/2025\\\/08\\\/22\\\/lucas-bessa-influenciador-digital-e-o-cantor-tico-santa-cruz-sao-vistos-juntos-em-after-apos-o-show-no-palacio-mandarim-em-uberaba\\\/\",\"name\":\"Lucas Bessa, influenciador digital e o cantor Tico Santa Cruz s\u00e3o vistos juntos em after ap\u00f3s o show no Pal\u00e1cio Mandarim, em Uberaba - NOT\u00cdCIAS EM TEMPO REAL\",\"isPartOf\":{\"@id\":\"https:\\\/\\\/maranhaotv.com.br\\\/#website\"},\"primaryImageOfPage\":{\"@id\":\"https:\\\/\\\/maranhaotv.com.br\\\/index.php\\\/2025\\\/08\\\/22\\\/lucas-bessa-influenciador-digital-e-o-cantor-tico-santa-cruz-sao-vistos-juntos-em-after-apos-o-show-no-palacio-mandarim-em-uberaba\\\/#primaryimage\"},\"image\":{\"@id\":\"https:\\\/\\\/maranhaotv.com.br\\\/index.php\\\/2025\\\/08\\\/22\\\/lucas-bessa-influenciador-digital-e-o-cantor-tico-santa-cruz-sao-vistos-juntos-em-after-apos-o-show-no-palacio-mandarim-em-uberaba\\\/#primaryimage\"},\"thumbnailUrl\":\"https:\\\/\\\/maranhaotv.com.br\\\/wp-content\\\/uploads\\\/2025\\\/08\\\/image_editor_output_image-1603427087-1755915235594.jpg\",\"datePublished\":\"2025-08-23T02:12:28+00:00\",\"dateModified\":\"2025-08-23T02:14:16+00:00\",\"breadcrumb\":{\"@id\":\"https:\\\/\\\/maranhaotv.com.br\\\/index.php\\\/2025\\\/08\\\/22\\\/lucas-bessa-influenciador-digital-e-o-cantor-tico-santa-cruz-sao-vistos-juntos-em-after-apos-o-show-no-palacio-mandarim-em-uberaba\\\/#breadcrumb\"},\"inLanguage\":\"pt-BR\",\"potentialAction\":[{\"@type\":\"ReadAction\",\"target\":[\"https:\\\/\\\/maranhaotv.com.br\\\/index.php\\\/2025\\\/08\\\/22\\\/lucas-bessa-influenciador-digital-e-o-cantor-tico-santa-cruz-sao-vistos-juntos-em-after-apos-o-show-no-palacio-mandarim-em-uberaba\\\/\"]}]},{\"@type\":\"ImageObject\",\"inLanguage\":\"pt-BR\",\"@id\":\"https:\\\/\\\/maranhaotv.com.br\\\/index.php\\\/2025\\\/08\\\/22\\\/lucas-bessa-influenciador-digital-e-o-cantor-tico-santa-cruz-sao-vistos-juntos-em-after-apos-o-show-no-palacio-mandarim-em-uberaba\\\/#primaryimage\",\"url\":\"https:\\\/\\\/maranhaotv.com.br\\\/wp-content\\\/uploads\\\/2025\\\/08\\\/image_editor_output_image-1603427087-1755915235594.jpg\",\"contentUrl\":\"https:\\\/\\\/maranhaotv.com.br\\\/wp-content\\\/uploads\\\/2025\\\/08\\\/image_editor_output_image-1603427087-1755915235594.jpg\",\"width\":1242,\"height\":715},{\"@type\":\"BreadcrumbList\",\"@id\":\"https:\\\/\\\/maranhaotv.com.br\\\/index.php\\\/2025\\\/08\\\/22\\\/lucas-bessa-influenciador-digital-e-o-cantor-tico-santa-cruz-sao-vistos-juntos-em-after-apos-o-show-no-palacio-mandarim-em-uberaba\\\/#breadcrumb\",\"itemListElement\":[{\"@type\":\"ListItem\",\"position\":1,\"name\":\"In\u00edcio\",\"item\":\"https:\\\/\\\/maranhaotv.com.br\\\/\"},{\"@type\":\"ListItem\",\"position\":2,\"name\":\"Lucas Bessa, influenciador digital e o cantor Tico Santa Cruz s\u00e3o vistos juntos em after ap\u00f3s o show no Pal\u00e1cio Mandarim, em Uberaba\"}]},{\"@type\":\"WebSite\",\"@id\":\"https:\\\/\\\/maranhaotv.com.br\\\/#website\",\"url\":\"https:\\\/\\\/maranhaotv.com.br\\\/\",\"name\":\"Maranh\u00e3oTV\",\"description\":\"\",\"publisher\":{\"@id\":\"https:\\\/\\\/maranhaotv.com.br\\\/#organization\"},\"potentialAction\":[{\"@type\":\"SearchAction\",\"target\":{\"@type\":\"EntryPoint\",\"urlTemplate\":\"https:\\\/\\\/maranhaotv.com.br\\\/?s={search_term_string}\"},\"query-input\":{\"@type\":\"PropertyValueSpecification\",\"valueRequired\":true,\"valueName\":\"search_term_string\"}}],\"inLanguage\":\"pt-BR\"},{\"@type\":\"Organization\",\"@id\":\"https:\\\/\\\/maranhaotv.com.br\\\/#organization\",\"name\":\"Portal de Not\u00edcias\",\"url\":\"https:\\\/\\\/maranhaotv.com.br\\\/\",\"logo\":{\"@type\":\"ImageObject\",\"inLanguage\":\"pt-BR\",\"@id\":\"https:\\\/\\\/maranhaotv.com.br\\\/#\\\/schema\\\/logo\\\/image\\\/\",\"url\":\"https:\\\/\\\/maranhaotv.com.br\\\/wp-content\\\/uploads\\\/2024\\\/05\\\/cropped-cropped-avatar-1.png\",\"contentUrl\":\"https:\\\/\\\/maranhaotv.com.br\\\/wp-content\\\/uploads\\\/2024\\\/05\\\/cropped-cropped-avatar-1.png\",\"width\":792,\"height\":428,\"caption\":\"Portal de Not\u00edcias\"},\"image\":{\"@id\":\"https:\\\/\\\/maranhaotv.com.br\\\/#\\\/schema\\\/logo\\\/image\\\/\"},\"sameAs\":[\"https:\\\/\\\/www.facebook.com\\\/maiobaotv\",\"https:\\\/\\\/x.com\\\/sitemaranhaotv\",\"https:\\\/\\\/www.instagram.com\\\/maranhao.tv\",\"https:\\\/\\\/www.threads.net\\\/@maranhao.tv\"]},{\"@type\":\"Person\",\"@id\":\"https:\\\/\\\/maranhaotv.com.br\\\/#\\\/schema\\\/person\\\/3d54238e86b20bb5c89ab2fdb8f8829a\",\"name\":\"maranhaotv\",\"image\":{\"@type\":\"ImageObject\",\"inLanguage\":\"pt-BR\",\"@id\":\"https:\\\/\\\/secure.gravatar.com\\\/avatar\\\/8fadbca458d4cb68b1dd399ae9a40618d747bb1af65ac9fad21c89220a143eb4?s=96&d=mm&r=g\",\"url\":\"https:\\\/\\\/secure.gravatar.com\\\/avatar\\\/8fadbca458d4cb68b1dd399ae9a40618d747bb1af65ac9fad21c89220a143eb4?s=96&d=mm&r=g\",\"contentUrl\":\"https:\\\/\\\/secure.gravatar.com\\\/avatar\\\/8fadbca458d4cb68b1dd399ae9a40618d747bb1af65ac9fad21c89220a143eb4?s=96&d=mm&r=g\",\"caption\":\"maranhaotv\"},\"sameAs\":[\"https:\\\/\\\/maranhaotv.com.br\\\/\"],\"url\":\"https:\\\/\\\/maranhaotv.com.br\\\/index.php\\\/author\\\/maranhaotv\\\/\"}]}<\/script>\n<!-- \/ Yoast SEO plugin. -->","yoast_head_json":{"title":"Lucas Bessa, influenciador digital e o cantor Tico Santa Cruz s\u00e3o vistos juntos em after ap\u00f3s o show no Pal\u00e1cio Mandarim, em Uberaba - NOT\u00cdCIAS EM TEMPO REAL","robots":{"index":"index","follow":"follow","max-snippet":"max-snippet:-1","max-image-preview":"max-image-preview:large","max-video-preview":"max-video-preview:-1"},"canonical":"https:\/\/maranhaotv.com.br\/index.php\/2025\/08\/22\/lucas-bessa-influenciador-digital-e-o-cantor-tico-santa-cruz-sao-vistos-juntos-em-after-apos-o-show-no-palacio-mandarim-em-uberaba\/","og_locale":"pt_BR","og_type":"article","og_title":"Lucas Bessa, influenciador digital e o cantor Tico Santa Cruz s\u00e3o vistos juntos em after ap\u00f3s o show no Pal\u00e1cio Mandarim, em Uberaba - NOT\u00cdCIAS EM TEMPO REAL","og_description":"Lucas Bessa influenciador digital e o cantor Tico Santa Cruz s\u00e3o vistos juntos em after particular ap\u00f3s o show no","og_url":"https:\/\/maranhaotv.com.br\/index.php\/2025\/08\/22\/lucas-bessa-influenciador-digital-e-o-cantor-tico-santa-cruz-sao-vistos-juntos-em-after-apos-o-show-no-palacio-mandarim-em-uberaba\/","og_site_name":"NOT\u00cdCIAS EM TEMPO REAL","article_publisher":"https:\/\/www.facebook.com\/maiobaotv","article_published_time":"2025-08-23T02:12:28+00:00","article_modified_time":"2025-08-23T02:14:16+00:00","og_image":[{"width":1242,"height":715,"url":"https:\/\/maranhaotv.com.br\/wp-content\/uploads\/2025\/08\/image_editor_output_image-1603427087-1755915235594.jpg","type":"image\/jpeg"}],"author":"maranhaotv","twitter_card":"summary_large_image","twitter_creator":"@sitemaranhaotv","twitter_site":"@sitemaranhaotv","twitter_misc":{"Escrito por":"maranhaotv"},"schema":{"@context":"https:\/\/schema.org","@graph":[{"@type":"Article","@id":"https:\/\/maranhaotv.com.br\/index.php\/2025\/08\/22\/lucas-bessa-influenciador-digital-e-o-cantor-tico-santa-cruz-sao-vistos-juntos-em-after-apos-o-show-no-palacio-mandarim-em-uberaba\/#article","isPartOf":{"@id":"https:\/\/maranhaotv.com.br\/index.php\/2025\/08\/22\/lucas-bessa-influenciador-digital-e-o-cantor-tico-santa-cruz-sao-vistos-juntos-em-after-apos-o-show-no-palacio-mandarim-em-uberaba\/"},"author":{"name":"maranhaotv","@id":"https:\/\/maranhaotv.com.br\/#\/schema\/person\/3d54238e86b20bb5c89ab2fdb8f8829a"},"headline":"Lucas Bessa, influenciador digital e o cantor Tico Santa Cruz s\u00e3o vistos juntos em after ap\u00f3s o show no Pal\u00e1cio Mandarim, em Uberaba","datePublished":"2025-08-23T02:12:28+00:00","dateModified":"2025-08-23T02:14:16+00:00","mainEntityOfPage":{"@id":"https:\/\/maranhaotv.com.br\/index.php\/2025\/08\/22\/lucas-bessa-influenciador-digital-e-o-cantor-tico-santa-cruz-sao-vistos-juntos-em-after-apos-o-show-no-palacio-mandarim-em-uberaba\/"},"wordCount":87,"publisher":{"@id":"https:\/\/maranhaotv.com.br\/#organization"},"image":{"@id":"https:\/\/maranhaotv.com.br\/index.php\/2025\/08\/22\/lucas-bessa-influenciador-digital-e-o-cantor-tico-santa-cruz-sao-vistos-juntos-em-after-apos-o-show-no-palacio-mandarim-em-uberaba\/#primaryimage"},"thumbnailUrl":"https:\/\/maranhaotv.com.br\/wp-content\/uploads\/2025\/08\/image_editor_output_image-1603427087-1755915235594.jpg","keywords":["Influenciador Lucas Bessa","Lucas Bessa","Pal\u00e1cio Mandarim"],"articleSection":["entretenimento"],"inLanguage":"pt-BR"},{"@type":"WebPage","@id":"https:\/\/maranhaotv.com.br\/index.php\/2025\/08\/22\/lucas-bessa-influenciador-digital-e-o-cantor-tico-santa-cruz-sao-vistos-juntos-em-after-apos-o-show-no-palacio-mandarim-em-uberaba\/","url":"https:\/\/maranhaotv.com.br\/index.php\/2025\/08\/22\/lucas-bessa-influenciador-digital-e-o-cantor-tico-santa-cruz-sao-vistos-juntos-em-after-apos-o-show-no-palacio-mandarim-em-uberaba\/","name":"Lucas Bessa, influenciador digital e o cantor Tico Santa Cruz s\u00e3o vistos juntos em after ap\u00f3s o show no Pal\u00e1cio Mandarim, em Uberaba - NOT\u00cdCIAS EM TEMPO REAL","isPartOf":{"@id":"https:\/\/maranhaotv.com.br\/#website"},"primaryImageOfPage":{"@id":"https:\/\/maranhaotv.com.br\/index.php\/2025\/08\/22\/lucas-bessa-influenciador-digital-e-o-cantor-tico-santa-cruz-sao-vistos-juntos-em-after-apos-o-show-no-palacio-mandarim-em-uberaba\/#primaryimage"},"image":{"@id":"https:\/\/maranhaotv.com.br\/index.php\/2025\/08\/22\/lucas-bessa-influenciador-digital-e-o-cantor-tico-santa-cruz-sao-vistos-juntos-em-after-apos-o-show-no-palacio-mandarim-em-uberaba\/#primaryimage"},"thumbnailUrl":"https:\/\/maranhaotv.com.br\/wp-content\/uploads\/2025\/08\/image_editor_output_image-1603427087-1755915235594.jpg","datePublished":"2025-08-23T02:12:28+00:00","dateModified":"2025-08-23T02:14:16+00:00","breadcrumb":{"@id":"https:\/\/maranhaotv.com.br\/index.php\/2025\/08\/22\/lucas-bessa-influenciador-digital-e-o-cantor-tico-santa-cruz-sao-vistos-juntos-em-after-apos-o-show-no-palacio-mandarim-em-uberaba\/#breadcrumb"},"inLanguage":"pt-BR","potentialAction":[{"@type":"ReadAction","target":["https:\/\/maranhaotv.com.br\/index.php\/2025\/08\/22\/lucas-bessa-influenciador-digital-e-o-cantor-tico-santa-cruz-sao-vistos-juntos-em-after-apos-o-show-no-palacio-mandarim-em-uberaba\/"]}]},{"@type":"ImageObject","inLanguage":"pt-BR","@id":"https:\/\/maranhaotv.com.br\/index.php\/2025\/08\/22\/lucas-bessa-influenciador-digital-e-o-cantor-tico-santa-cruz-sao-vistos-juntos-em-after-apos-o-show-no-palacio-mandarim-em-uberaba\/#primaryimage","url":"https:\/\/maranhaotv.com.br\/wp-content\/uploads\/2025\/08\/image_editor_output_image-1603427087-1755915235594.jpg","contentUrl":"https:\/\/maranhaotv.com.br\/wp-content\/uploads\/2025\/08\/image_editor_output_image-1603427087-1755915235594.jpg","width":1242,"height":715},{"@type":"BreadcrumbList","@id":"https:\/\/maranhaotv.com.br\/index.php\/2025\/08\/22\/lucas-bessa-influenciador-digital-e-o-cantor-tico-santa-cruz-sao-vistos-juntos-em-after-apos-o-show-no-palacio-mandarim-em-uberaba\/#breadcrumb","itemListElement":[{"@type":"ListItem","position":1,"name":"In\u00edcio","item":"https:\/\/maranhaotv.com.br\/"},{"@type":"ListItem","position":2,"name":"Lucas Bessa, influenciador digital e o cantor Tico Santa Cruz s\u00e3o vistos juntos em after ap\u00f3s o show no Pal\u00e1cio Mandarim, em Uberaba"}]},{"@type":"WebSite","@id":"https:\/\/maranhaotv.com.br\/#website","url":"https:\/\/maranhaotv.com.br\/","name":"Maranh\u00e3oTV","description":"","publisher":{"@id":"https:\/\/maranhaotv.com.br\/#organization"},"potentialAction":[{"@type":"SearchAction","target":{"@type":"EntryPoint","urlTemplate":"https:\/\/maranhaotv.com.br\/?s={search_term_string}"},"query-input":{"@type":"PropertyValueSpecification","valueRequired":true,"valueName":"search_term_string"}}],"inLanguage":"pt-BR"},{"@type":"Organization","@id":"https:\/\/maranhaotv.com.br\/#organization","name":"Portal de Not\u00edcias","url":"https:\/\/maranhaotv.com.br\/","logo":{"@type":"ImageObject","inLanguage":"pt-BR","@id":"https:\/\/maranhaotv.com.br\/#\/schema\/logo\/image\/","url":"https:\/\/maranhaotv.com.br\/wp-content\/uploads\/2024\/05\/cropped-cropped-avatar-1.png","contentUrl":"https:\/\/maranhaotv.com.br\/wp-content\/uploads\/2024\/05\/cropped-cropped-avatar-1.png","width":792,"height":428,"caption":"Portal de Not\u00edcias"},"image":{"@id":"https:\/\/maranhaotv.com.br\/#\/schema\/logo\/image\/"},"sameAs":["https:\/\/www.facebook.com\/maiobaotv","https:\/\/x.com\/sitemaranhaotv","https:\/\/www.instagram.com\/maranhao.tv","https:\/\/www.threads.net\/@maranhao.tv"]},{"@type":"Person","@id":"https:\/\/maranhaotv.com.br\/#\/schema\/person\/3d54238e86b20bb5c89ab2fdb8f8829a","name":"maranhaotv","image":{"@type":"ImageObject","inLanguage":"pt-BR","@id":"https:\/\/secure.gravatar.com\/avatar\/8fadbca458d4cb68b1dd399ae9a40618d747bb1af65ac9fad21c89220a143eb4?s=96&d=mm&r=g","url":"https:\/\/secure.gravatar.com\/avatar\/8fadbca458d4cb68b1dd399ae9a40618d747bb1af65ac9fad21c89220a143eb4?s=96&d=mm&r=g","contentUrl":"https:\/\/secure.gravatar.com\/avatar\/8fadbca458d4cb68b1dd399ae9a40618d747bb1af65ac9fad21c89220a143eb4?s=96&d=mm&r=g","caption":"maranhaotv"},"sameAs":["https:\/\/maranhaotv.com.br\/"],"url":"https:\/\/maranhaotv.com.br\/index.php\/author\/maranhaotv\/"}]}},"jetpack_featured_media_url":"https:\/\/maranhaotv.com.br\/wp-content\/uploads\/2025\/08\/image_editor_output_image-1603427087-1755915235594.jpg","jetpack_sharing_enabled":true,"_links":{"self":[{"href":"https:\/\/maranhaotv.com.br\/index.php\/wp-json\/wp\/v2\/posts\/43868","targetHints":{"allow":["GET"]}}],"collection":[{"href":"https:\/\/maranhaotv.com.br\/index.php\/wp-json\/wp\/v2\/posts"}],"about":[{"href":"https:\/\/maranhaotv.com.br\/index.php\/wp-json\/wp\/v2\/types\/post"}],"author":[{"embeddable":true,"href":"https:\/\/maranhaotv.com.br\/index.php\/wp-json\/wp\/v2\/users\/2"}],"replies":[{"embeddable":true,"href":"https:\/\/maranhaotv.com.br\/index.php\/wp-json\/wp\/v2\/comments?post=43868"}],"version-history":[{"count":1,"href":"https:\/\/maranhaotv.com.br\/index.php\/wp-json\/wp\/v2\/posts\/43868\/revisions"}],"predecessor-version":[{"id":43869,"href":"https:\/\/maranhaotv.com.br\/index.php\/wp-json\/wp\/v2\/posts\/43868\/revisions\/43869"}],"wp:featuredmedia":[{"embeddable":true,"href":"https:\/\/maranhaotv.com.br\/index.php\/wp-json\/wp\/v2\/media\/43870"}],"wp:attachment":[{"href":"https:\/\/maranhaotv.com.br\/index.php\/wp-json\/wp\/v2\/media?parent=43868"}],"wp:term":[{"taxonomy":"category","embeddable":true,"href":"https:\/\/maranhaotv.com.br\/index.php\/wp-json\/wp\/v2\/categories?post=43868"},{"taxonomy":"post_tag","embeddable":true,"href":"https:\/\/maranhaotv.com.br\/index.php\/wp-json\/wp\/v2\/tags?post=43868"}],"curies":[{"name":"wp","href":"https:\/\/api.w.org\/{rel}","templated":true}]}}