{"id":43872,"date":"2025-08-22T23:17:14","date_gmt":"2025-08-23T02:17:14","guid":{"rendered":"https:\/\/maranhaotv.com.br\/?p=43872"},"modified":"2025-08-22T23:17:19","modified_gmt":"2025-08-23T02:17:19","slug":"o-silencio-cumplice-das-igrejas-diante-de-silas-malafaia","status":"publish","type":"post","link":"https:\/\/maranhaotv.com.br\/index.php\/2025\/08\/22\/o-silencio-cumplice-das-igrejas-diante-de-silas-malafaia\/","title":{"rendered":"O Sil\u00eancio c\u00famplice das Igrejas diante de Silas Malafaia"},"content":{"rendered":"\n<p><\/p>\n\n\n\n<p>O Brasil inteiro acompanha mais um esc\u00e2ndalo envolvendo Jair Bolsonaro e sua tropa de fi\u00e9is aliados. Entre eles, um nome se repete: o do pastor Silas Malafaia. Suas atitudes arrogantes, suas palavras carregadas de \u00f3dio e seu comportamento nada crist\u00e3o se tornaram rotina no debate p\u00fablico. Mas o que mais assusta n\u00e3o \u00e9 apenas a postura de Malafaia \u2014 e sim o sil\u00eancio covarde das igrejas evang\u00e9licas diante de tudo isso.<br><br>Onde est\u00e3o as vozes prof\u00e9ticas que deveriam denunciar a injusti\u00e7a, o abuso de poder e a corrup\u00e7\u00e3o? Onde est\u00e3o as lideran\u00e7as que, em vez de se curvar diante do poder pol\u00edtico, deveriam defender os princ\u00edpios do Evangelho? O sil\u00eancio \u00e9 ensurdecedor. E pior: passa a impress\u00e3o de coniv\u00eancia.<br><br>As igrejas evang\u00e9licas n\u00e3o podem fingir que n\u00e3o veem. O comportamento de Malafaia \u00e9 um esc\u00e2ndalo p\u00fablico. Ele age como militante pol\u00edtico travestido de pastor, utilizando a f\u00e9 como escudo para justificar ataques, agress\u00f5es verbais e alian\u00e7as com um projeto de poder que j\u00e1 mostrou ao pa\u00eds suas fragilidades \u00e9ticas e morais.<br><br>Quando a Igreja cala diante do erro, ela se torna c\u00famplice. Quando aceita que um de seus l\u00edderes se transforme em caricatura do pr\u00f3prio Evangelho que prega, ela trai os fi\u00e9is que acreditam em sua miss\u00e3o. \u00c9 inadmiss\u00edvel que, em nome da pol\u00edtica, se abandone a ess\u00eancia da f\u00e9: amor, humildade, servi\u00e7o e justi\u00e7a.<br><br>O sil\u00eancio das igrejas evang\u00e9licas sobre o p\u00e9ssimo comportamento de Silas Malafaia \u00e9 vergonhoso. A cada dia que passam sem se manifestar, mais se afundam na lama da coniv\u00eancia. E n\u00e3o adianta depois reclamar da imagem negativa que a sociedade constr\u00f3i sobre o meio evang\u00e9lico.<br><br>Quem cala diante da injusti\u00e7a, consente. Quem se omite diante do esc\u00e2ndalo, participa dele. \u00c9 hora das igrejas tomarem uma posi\u00e7\u00e3o clara: ou est\u00e3o do lado do Evangelho, ou est\u00e3o do lado do poder<\/p>\n","protected":false},"excerpt":{"rendered":"<p>O Brasil inteiro acompanha mais um esc\u00e2ndalo envolvendo Jair Bolsonaro e sua tropa de fi\u00e9is aliados. Entre eles, um nome<\/p>\n","protected":false},"author":2,"featured_media":43871,"comment_status":"open","ping_status":"open","sticky":false,"template":"","format":"standard","meta":{"colormag_page_container_layout":"default_layout","colormag_page_sidebar_layout":"default_layout","_jetpack_memberships_contains_paid_content":false,"footnotes":""},"categories":[2],"tags":[],"class_list":["post-43872","post","type-post","status-publish","format-standard","has-post-thumbnail","hentry","category-noticias"],"magazineBlocksPostFeaturedMedia":{"thumbnail":"https:\/\/maranhaotv.com.br\/wp-content\/uploads\/2025\/08\/image_editor_output_image-835362322-1755915398009-150x150.jpg","medium":"https:\/\/maranhaotv.com.br\/wp-content\/uploads\/2025\/08\/image_editor_output_image-835362322-1755915398009-300x211.jpg","medium_large":"https:\/\/maranhaotv.com.br\/wp-content\/uploads\/2025\/08\/image_editor_output_image-835362322-1755915398009.jpg","large":"https:\/\/maranhaotv.com.br\/wp-content\/uploads\/2025\/08\/image_editor_output_image-835362322-1755915398009.jpg","1536x1536":"https:\/\/maranhaotv.com.br\/wp-content\/uploads\/2025\/08\/image_editor_output_image-835362322-1755915398009.jpg","2048x2048":"https:\/\/maranhaotv.com.br\/wp-content\/uploads\/2025\/08\/image_editor_output_image-835362322-1755915398009.jpg","colormag-highlighted-post":"https:\/\/maranhaotv.com.br\/wp-content\/uploads\/2025\/08\/image_editor_output_image-835362322-1755915398009-392x272.jpg","colormag-featured-post-medium":"https:\/\/maranhaotv.com.br\/wp-content\/uploads\/2025\/08\/image_editor_output_image-835362322-1755915398009-390x205.jpg","colormag-featured-post-small":"https:\/\/maranhaotv.com.br\/wp-content\/uploads\/2025\/08\/image_editor_output_image-835362322-1755915398009-130x90.jpg","colormag-featured-image":"https:\/\/maranhaotv.com.br\/wp-content\/uploads\/2025\/08\/image_editor_output_image-835362322-1755915398009-640x445.jpg","colormag-default-news":"https:\/\/maranhaotv.com.br\/wp-content\/uploads\/2025\/08\/image_editor_output_image-835362322-1755915398009-150x150.jpg","colormag-featured-image-large":"https:\/\/maranhaotv.com.br\/wp-content\/uploads\/2025\/08\/image_editor_output_image-835362322-1755915398009.jpg"},"magazineBlocksPostAuthor":{"name":"maranhaotv","avatar":"https:\/\/secure.gravatar.com\/avatar\/8fadbca458d4cb68b1dd399ae9a40618d747bb1af65ac9fad21c89220a143eb4?s=96&d=mm&r=g"},"magazineBlocksPostCommentsNumber":"0","magazineBlocksPostExcerpt":"O Brasil inteiro acompanha mais um esc\u00e2ndalo envolvendo Jair Bolsonaro e sua tropa de fi\u00e9is aliados. Entre eles, um nome","magazineBlocksPostCategories":["not\u00edcias"],"magazineBlocksPostViewCount":341,"magazineBlocksPostReadTime":2,"magazine_blocks_featured_image_url":{"full":["https:\/\/maranhaotv.com.br\/wp-content\/uploads\/2025\/08\/image_editor_output_image-835362322-1755915398009.jpg",640,451,false],"medium":["https:\/\/maranhaotv.com.br\/wp-content\/uploads\/2025\/08\/image_editor_output_image-835362322-1755915398009-300x211.jpg",300,211,true],"thumbnail":["https:\/\/maranhaotv.com.br\/wp-content\/uploads\/2025\/08\/image_editor_output_image-835362322-1755915398009-150x150.jpg",150,150,true]},"magazine_blocks_author":{"display_name":"maranhaotv","author_link":"https:\/\/maranhaotv.com.br\/index.php\/author\/maranhaotv\/"},"magazine_blocks_comment":0,"magazine_blocks_author_image":"https:\/\/secure.gravatar.com\/avatar\/8fadbca458d4cb68b1dd399ae9a40618d747bb1af65ac9fad21c89220a143eb4?s=96&d=mm&r=g","magazine_blocks_category":"<a href=\"#\" class=\"category-link category-link-2\">not\u00edcias<\/a>","yoast_head":"<!-- This site is optimized with the Yoast SEO plugin v27.4 - https:\/\/yoast.com\/product\/yoast-seo-wordpress\/ -->\n<title>O Sil\u00eancio c\u00famplice das Igrejas diante de Silas Malafaia - NOT\u00cdCIAS EM TEMPO REAL<\/title>\n<meta name=\"robots\" content=\"index, follow, max-snippet:-1, max-image-preview:large, max-video-preview:-1\" \/>\n<link rel=\"canonical\" href=\"https:\/\/maranhaotv.com.br\/index.php\/2025\/08\/22\/o-silencio-cumplice-das-igrejas-diante-de-silas-malafaia\/\" \/>\n<meta property=\"og:locale\" content=\"pt_BR\" \/>\n<meta property=\"og:type\" content=\"article\" \/>\n<meta property=\"og:title\" content=\"O Sil\u00eancio c\u00famplice das Igrejas diante de Silas Malafaia - NOT\u00cdCIAS EM TEMPO REAL\" \/>\n<meta property=\"og:description\" content=\"O Brasil inteiro acompanha mais um esc\u00e2ndalo envolvendo Jair Bolsonaro e sua tropa de fi\u00e9is aliados. Entre eles, um nome\" \/>\n<meta property=\"og:url\" content=\"https:\/\/maranhaotv.com.br\/index.php\/2025\/08\/22\/o-silencio-cumplice-das-igrejas-diante-de-silas-malafaia\/\" \/>\n<meta property=\"og:site_name\" content=\"NOT\u00cdCIAS EM TEMPO REAL\" \/>\n<meta property=\"article:publisher\" content=\"https:\/\/www.facebook.com\/maiobaotv\" \/>\n<meta property=\"article:published_time\" content=\"2025-08-23T02:17:14+00:00\" \/>\n<meta property=\"article:modified_time\" content=\"2025-08-23T02:17:19+00:00\" \/>\n<meta property=\"og:image\" content=\"https:\/\/maranhaotv.com.br\/wp-content\/uploads\/2025\/08\/image_editor_output_image-835362322-1755915398009.jpg\" \/>\n\t<meta property=\"og:image:width\" content=\"640\" \/>\n\t<meta property=\"og:image:height\" content=\"451\" \/>\n\t<meta property=\"og:image:type\" content=\"image\/jpeg\" \/>\n<meta name=\"author\" content=\"maranhaotv\" \/>\n<meta name=\"twitter:card\" content=\"summary_large_image\" \/>\n<meta name=\"twitter:creator\" content=\"@sitemaranhaotv\" \/>\n<meta name=\"twitter:site\" content=\"@sitemaranhaotv\" \/>\n<meta name=\"twitter:label1\" content=\"Escrito por\" \/>\n\t<meta name=\"twitter:data1\" content=\"maranhaotv\" \/>\n\t<meta name=\"twitter:label2\" content=\"Est. tempo de leitura\" \/>\n\t<meta name=\"twitter:data2\" content=\"2 minutos\" \/>\n<script type=\"application\/ld+json\" class=\"yoast-schema-graph\">{\"@context\":\"https:\\\/\\\/schema.org\",\"@graph\":[{\"@type\":\"Article\",\"@id\":\"https:\\\/\\\/maranhaotv.com.br\\\/index.php\\\/2025\\\/08\\\/22\\\/o-silencio-cumplice-das-igrejas-diante-de-silas-malafaia\\\/#article\",\"isPartOf\":{\"@id\":\"https:\\\/\\\/maranhaotv.com.br\\\/index.php\\\/2025\\\/08\\\/22\\\/o-silencio-cumplice-das-igrejas-diante-de-silas-malafaia\\\/\"},\"author\":{\"name\":\"maranhaotv\",\"@id\":\"https:\\\/\\\/maranhaotv.com.br\\\/#\\\/schema\\\/person\\\/3d54238e86b20bb5c89ab2fdb8f8829a\"},\"headline\":\"O Sil\u00eancio c\u00famplice das Igrejas diante de Silas Malafaia\",\"datePublished\":\"2025-08-23T02:17:14+00:00\",\"dateModified\":\"2025-08-23T02:17:19+00:00\",\"mainEntityOfPage\":{\"@id\":\"https:\\\/\\\/maranhaotv.com.br\\\/index.php\\\/2025\\\/08\\\/22\\\/o-silencio-cumplice-das-igrejas-diante-de-silas-malafaia\\\/\"},\"wordCount\":357,\"commentCount\":0,\"publisher\":{\"@id\":\"https:\\\/\\\/maranhaotv.com.br\\\/#organization\"},\"image\":{\"@id\":\"https:\\\/\\\/maranhaotv.com.br\\\/index.php\\\/2025\\\/08\\\/22\\\/o-silencio-cumplice-das-igrejas-diante-de-silas-malafaia\\\/#primaryimage\"},\"thumbnailUrl\":\"https:\\\/\\\/maranhaotv.com.br\\\/wp-content\\\/uploads\\\/2025\\\/08\\\/image_editor_output_image-835362322-1755915398009.jpg\",\"articleSection\":[\"not\u00edcias\"],\"inLanguage\":\"pt-BR\",\"potentialAction\":[{\"@type\":\"CommentAction\",\"name\":\"Comment\",\"target\":[\"https:\\\/\\\/maranhaotv.com.br\\\/index.php\\\/2025\\\/08\\\/22\\\/o-silencio-cumplice-das-igrejas-diante-de-silas-malafaia\\\/#respond\"]}]},{\"@type\":\"WebPage\",\"@id\":\"https:\\\/\\\/maranhaotv.com.br\\\/index.php\\\/2025\\\/08\\\/22\\\/o-silencio-cumplice-das-igrejas-diante-de-silas-malafaia\\\/\",\"url\":\"https:\\\/\\\/maranhaotv.com.br\\\/index.php\\\/2025\\\/08\\\/22\\\/o-silencio-cumplice-das-igrejas-diante-de-silas-malafaia\\\/\",\"name\":\"O Sil\u00eancio c\u00famplice das Igrejas diante de Silas Malafaia - NOT\u00cdCIAS EM TEMPO REAL\",\"isPartOf\":{\"@id\":\"https:\\\/\\\/maranhaotv.com.br\\\/#website\"},\"primaryImageOfPage\":{\"@id\":\"https:\\\/\\\/maranhaotv.com.br\\\/index.php\\\/2025\\\/08\\\/22\\\/o-silencio-cumplice-das-igrejas-diante-de-silas-malafaia\\\/#primaryimage\"},\"image\":{\"@id\":\"https:\\\/\\\/maranhaotv.com.br\\\/index.php\\\/2025\\\/08\\\/22\\\/o-silencio-cumplice-das-igrejas-diante-de-silas-malafaia\\\/#primaryimage\"},\"thumbnailUrl\":\"https:\\\/\\\/maranhaotv.com.br\\\/wp-content\\\/uploads\\\/2025\\\/08\\\/image_editor_output_image-835362322-1755915398009.jpg\",\"datePublished\":\"2025-08-23T02:17:14+00:00\",\"dateModified\":\"2025-08-23T02:17:19+00:00\",\"breadcrumb\":{\"@id\":\"https:\\\/\\\/maranhaotv.com.br\\\/index.php\\\/2025\\\/08\\\/22\\\/o-silencio-cumplice-das-igrejas-diante-de-silas-malafaia\\\/#breadcrumb\"},\"inLanguage\":\"pt-BR\",\"potentialAction\":[{\"@type\":\"ReadAction\",\"target\":[\"https:\\\/\\\/maranhaotv.com.br\\\/index.php\\\/2025\\\/08\\\/22\\\/o-silencio-cumplice-das-igrejas-diante-de-silas-malafaia\\\/\"]}]},{\"@type\":\"ImageObject\",\"inLanguage\":\"pt-BR\",\"@id\":\"https:\\\/\\\/maranhaotv.com.br\\\/index.php\\\/2025\\\/08\\\/22\\\/o-silencio-cumplice-das-igrejas-diante-de-silas-malafaia\\\/#primaryimage\",\"url\":\"https:\\\/\\\/maranhaotv.com.br\\\/wp-content\\\/uploads\\\/2025\\\/08\\\/image_editor_output_image-835362322-1755915398009.jpg\",\"contentUrl\":\"https:\\\/\\\/maranhaotv.com.br\\\/wp-content\\\/uploads\\\/2025\\\/08\\\/image_editor_output_image-835362322-1755915398009.jpg\",\"width\":640,\"height\":451},{\"@type\":\"BreadcrumbList\",\"@id\":\"https:\\\/\\\/maranhaotv.com.br\\\/index.php\\\/2025\\\/08\\\/22\\\/o-silencio-cumplice-das-igrejas-diante-de-silas-malafaia\\\/#breadcrumb\",\"itemListElement\":[{\"@type\":\"ListItem\",\"position\":1,\"name\":\"In\u00edcio\",\"item\":\"https:\\\/\\\/maranhaotv.com.br\\\/\"},{\"@type\":\"ListItem\",\"position\":2,\"name\":\"O Sil\u00eancio c\u00famplice das Igrejas diante de Silas Malafaia\"}]},{\"@type\":\"WebSite\",\"@id\":\"https:\\\/\\\/maranhaotv.com.br\\\/#website\",\"url\":\"https:\\\/\\\/maranhaotv.com.br\\\/\",\"name\":\"Maranh\u00e3oTV\",\"description\":\"\",\"publisher\":{\"@id\":\"https:\\\/\\\/maranhaotv.com.br\\\/#organization\"},\"potentialAction\":[{\"@type\":\"SearchAction\",\"target\":{\"@type\":\"EntryPoint\",\"urlTemplate\":\"https:\\\/\\\/maranhaotv.com.br\\\/?s={search_term_string}\"},\"query-input\":{\"@type\":\"PropertyValueSpecification\",\"valueRequired\":true,\"valueName\":\"search_term_string\"}}],\"inLanguage\":\"pt-BR\"},{\"@type\":\"Organization\",\"@id\":\"https:\\\/\\\/maranhaotv.com.br\\\/#organization\",\"name\":\"Portal de Not\u00edcias\",\"url\":\"https:\\\/\\\/maranhaotv.com.br\\\/\",\"logo\":{\"@type\":\"ImageObject\",\"inLanguage\":\"pt-BR\",\"@id\":\"https:\\\/\\\/maranhaotv.com.br\\\/#\\\/schema\\\/logo\\\/image\\\/\",\"url\":\"https:\\\/\\\/maranhaotv.com.br\\\/wp-content\\\/uploads\\\/2024\\\/05\\\/cropped-cropped-avatar-1.png\",\"contentUrl\":\"https:\\\/\\\/maranhaotv.com.br\\\/wp-content\\\/uploads\\\/2024\\\/05\\\/cropped-cropped-avatar-1.png\",\"width\":792,\"height\":428,\"caption\":\"Portal de Not\u00edcias\"},\"image\":{\"@id\":\"https:\\\/\\\/maranhaotv.com.br\\\/#\\\/schema\\\/logo\\\/image\\\/\"},\"sameAs\":[\"https:\\\/\\\/www.facebook.com\\\/maiobaotv\",\"https:\\\/\\\/x.com\\\/sitemaranhaotv\",\"https:\\\/\\\/www.instagram.com\\\/maranhao.tv\",\"https:\\\/\\\/www.threads.net\\\/@maranhao.tv\"]},{\"@type\":\"Person\",\"@id\":\"https:\\\/\\\/maranhaotv.com.br\\\/#\\\/schema\\\/person\\\/3d54238e86b20bb5c89ab2fdb8f8829a\",\"name\":\"maranhaotv\",\"image\":{\"@type\":\"ImageObject\",\"inLanguage\":\"pt-BR\",\"@id\":\"https:\\\/\\\/secure.gravatar.com\\\/avatar\\\/8fadbca458d4cb68b1dd399ae9a40618d747bb1af65ac9fad21c89220a143eb4?s=96&d=mm&r=g\",\"url\":\"https:\\\/\\\/secure.gravatar.com\\\/avatar\\\/8fadbca458d4cb68b1dd399ae9a40618d747bb1af65ac9fad21c89220a143eb4?s=96&d=mm&r=g\",\"contentUrl\":\"https:\\\/\\\/secure.gravatar.com\\\/avatar\\\/8fadbca458d4cb68b1dd399ae9a40618d747bb1af65ac9fad21c89220a143eb4?s=96&d=mm&r=g\",\"caption\":\"maranhaotv\"},\"sameAs\":[\"https:\\\/\\\/maranhaotv.com.br\\\/\"],\"url\":\"https:\\\/\\\/maranhaotv.com.br\\\/index.php\\\/author\\\/maranhaotv\\\/\"}]}<\/script>\n<!-- \/ Yoast SEO plugin. -->","yoast_head_json":{"title":"O Sil\u00eancio c\u00famplice das Igrejas diante de Silas Malafaia - NOT\u00cdCIAS EM TEMPO REAL","robots":{"index":"index","follow":"follow","max-snippet":"max-snippet:-1","max-image-preview":"max-image-preview:large","max-video-preview":"max-video-preview:-1"},"canonical":"https:\/\/maranhaotv.com.br\/index.php\/2025\/08\/22\/o-silencio-cumplice-das-igrejas-diante-de-silas-malafaia\/","og_locale":"pt_BR","og_type":"article","og_title":"O Sil\u00eancio c\u00famplice das Igrejas diante de Silas Malafaia - NOT\u00cdCIAS EM TEMPO REAL","og_description":"O Brasil inteiro acompanha mais um esc\u00e2ndalo envolvendo Jair Bolsonaro e sua tropa de fi\u00e9is aliados. Entre eles, um nome","og_url":"https:\/\/maranhaotv.com.br\/index.php\/2025\/08\/22\/o-silencio-cumplice-das-igrejas-diante-de-silas-malafaia\/","og_site_name":"NOT\u00cdCIAS EM TEMPO REAL","article_publisher":"https:\/\/www.facebook.com\/maiobaotv","article_published_time":"2025-08-23T02:17:14+00:00","article_modified_time":"2025-08-23T02:17:19+00:00","og_image":[{"width":640,"height":451,"url":"https:\/\/maranhaotv.com.br\/wp-content\/uploads\/2025\/08\/image_editor_output_image-835362322-1755915398009.jpg","type":"image\/jpeg"}],"author":"maranhaotv","twitter_card":"summary_large_image","twitter_creator":"@sitemaranhaotv","twitter_site":"@sitemaranhaotv","twitter_misc":{"Escrito por":"maranhaotv","Est. tempo de leitura":"2 minutos"},"schema":{"@context":"https:\/\/schema.org","@graph":[{"@type":"Article","@id":"https:\/\/maranhaotv.com.br\/index.php\/2025\/08\/22\/o-silencio-cumplice-das-igrejas-diante-de-silas-malafaia\/#article","isPartOf":{"@id":"https:\/\/maranhaotv.com.br\/index.php\/2025\/08\/22\/o-silencio-cumplice-das-igrejas-diante-de-silas-malafaia\/"},"author":{"name":"maranhaotv","@id":"https:\/\/maranhaotv.com.br\/#\/schema\/person\/3d54238e86b20bb5c89ab2fdb8f8829a"},"headline":"O Sil\u00eancio c\u00famplice das Igrejas diante de Silas Malafaia","datePublished":"2025-08-23T02:17:14+00:00","dateModified":"2025-08-23T02:17:19+00:00","mainEntityOfPage":{"@id":"https:\/\/maranhaotv.com.br\/index.php\/2025\/08\/22\/o-silencio-cumplice-das-igrejas-diante-de-silas-malafaia\/"},"wordCount":357,"commentCount":0,"publisher":{"@id":"https:\/\/maranhaotv.com.br\/#organization"},"image":{"@id":"https:\/\/maranhaotv.com.br\/index.php\/2025\/08\/22\/o-silencio-cumplice-das-igrejas-diante-de-silas-malafaia\/#primaryimage"},"thumbnailUrl":"https:\/\/maranhaotv.com.br\/wp-content\/uploads\/2025\/08\/image_editor_output_image-835362322-1755915398009.jpg","articleSection":["not\u00edcias"],"inLanguage":"pt-BR","potentialAction":[{"@type":"CommentAction","name":"Comment","target":["https:\/\/maranhaotv.com.br\/index.php\/2025\/08\/22\/o-silencio-cumplice-das-igrejas-diante-de-silas-malafaia\/#respond"]}]},{"@type":"WebPage","@id":"https:\/\/maranhaotv.com.br\/index.php\/2025\/08\/22\/o-silencio-cumplice-das-igrejas-diante-de-silas-malafaia\/","url":"https:\/\/maranhaotv.com.br\/index.php\/2025\/08\/22\/o-silencio-cumplice-das-igrejas-diante-de-silas-malafaia\/","name":"O Sil\u00eancio c\u00famplice das Igrejas diante de Silas Malafaia - NOT\u00cdCIAS EM TEMPO REAL","isPartOf":{"@id":"https:\/\/maranhaotv.com.br\/#website"},"primaryImageOfPage":{"@id":"https:\/\/maranhaotv.com.br\/index.php\/2025\/08\/22\/o-silencio-cumplice-das-igrejas-diante-de-silas-malafaia\/#primaryimage"},"image":{"@id":"https:\/\/maranhaotv.com.br\/index.php\/2025\/08\/22\/o-silencio-cumplice-das-igrejas-diante-de-silas-malafaia\/#primaryimage"},"thumbnailUrl":"https:\/\/maranhaotv.com.br\/wp-content\/uploads\/2025\/08\/image_editor_output_image-835362322-1755915398009.jpg","datePublished":"2025-08-23T02:17:14+00:00","dateModified":"2025-08-23T02:17:19+00:00","breadcrumb":{"@id":"https:\/\/maranhaotv.com.br\/index.php\/2025\/08\/22\/o-silencio-cumplice-das-igrejas-diante-de-silas-malafaia\/#breadcrumb"},"inLanguage":"pt-BR","potentialAction":[{"@type":"ReadAction","target":["https:\/\/maranhaotv.com.br\/index.php\/2025\/08\/22\/o-silencio-cumplice-das-igrejas-diante-de-silas-malafaia\/"]}]},{"@type":"ImageObject","inLanguage":"pt-BR","@id":"https:\/\/maranhaotv.com.br\/index.php\/2025\/08\/22\/o-silencio-cumplice-das-igrejas-diante-de-silas-malafaia\/#primaryimage","url":"https:\/\/maranhaotv.com.br\/wp-content\/uploads\/2025\/08\/image_editor_output_image-835362322-1755915398009.jpg","contentUrl":"https:\/\/maranhaotv.com.br\/wp-content\/uploads\/2025\/08\/image_editor_output_image-835362322-1755915398009.jpg","width":640,"height":451},{"@type":"BreadcrumbList","@id":"https:\/\/maranhaotv.com.br\/index.php\/2025\/08\/22\/o-silencio-cumplice-das-igrejas-diante-de-silas-malafaia\/#breadcrumb","itemListElement":[{"@type":"ListItem","position":1,"name":"In\u00edcio","item":"https:\/\/maranhaotv.com.br\/"},{"@type":"ListItem","position":2,"name":"O Sil\u00eancio c\u00famplice das Igrejas diante de Silas Malafaia"}]},{"@type":"WebSite","@id":"https:\/\/maranhaotv.com.br\/#website","url":"https:\/\/maranhaotv.com.br\/","name":"Maranh\u00e3oTV","description":"","publisher":{"@id":"https:\/\/maranhaotv.com.br\/#organization"},"potentialAction":[{"@type":"SearchAction","target":{"@type":"EntryPoint","urlTemplate":"https:\/\/maranhaotv.com.br\/?s={search_term_string}"},"query-input":{"@type":"PropertyValueSpecification","valueRequired":true,"valueName":"search_term_string"}}],"inLanguage":"pt-BR"},{"@type":"Organization","@id":"https:\/\/maranhaotv.com.br\/#organization","name":"Portal de Not\u00edcias","url":"https:\/\/maranhaotv.com.br\/","logo":{"@type":"ImageObject","inLanguage":"pt-BR","@id":"https:\/\/maranhaotv.com.br\/#\/schema\/logo\/image\/","url":"https:\/\/maranhaotv.com.br\/wp-content\/uploads\/2024\/05\/cropped-cropped-avatar-1.png","contentUrl":"https:\/\/maranhaotv.com.br\/wp-content\/uploads\/2024\/05\/cropped-cropped-avatar-1.png","width":792,"height":428,"caption":"Portal de Not\u00edcias"},"image":{"@id":"https:\/\/maranhaotv.com.br\/#\/schema\/logo\/image\/"},"sameAs":["https:\/\/www.facebook.com\/maiobaotv","https:\/\/x.com\/sitemaranhaotv","https:\/\/www.instagram.com\/maranhao.tv","https:\/\/www.threads.net\/@maranhao.tv"]},{"@type":"Person","@id":"https:\/\/maranhaotv.com.br\/#\/schema\/person\/3d54238e86b20bb5c89ab2fdb8f8829a","name":"maranhaotv","image":{"@type":"ImageObject","inLanguage":"pt-BR","@id":"https:\/\/secure.gravatar.com\/avatar\/8fadbca458d4cb68b1dd399ae9a40618d747bb1af65ac9fad21c89220a143eb4?s=96&d=mm&r=g","url":"https:\/\/secure.gravatar.com\/avatar\/8fadbca458d4cb68b1dd399ae9a40618d747bb1af65ac9fad21c89220a143eb4?s=96&d=mm&r=g","contentUrl":"https:\/\/secure.gravatar.com\/avatar\/8fadbca458d4cb68b1dd399ae9a40618d747bb1af65ac9fad21c89220a143eb4?s=96&d=mm&r=g","caption":"maranhaotv"},"sameAs":["https:\/\/maranhaotv.com.br\/"],"url":"https:\/\/maranhaotv.com.br\/index.php\/author\/maranhaotv\/"}]}},"jetpack_featured_media_url":"https:\/\/maranhaotv.com.br\/wp-content\/uploads\/2025\/08\/image_editor_output_image-835362322-1755915398009.jpg","jetpack_sharing_enabled":true,"_links":{"self":[{"href":"https:\/\/maranhaotv.com.br\/index.php\/wp-json\/wp\/v2\/posts\/43872","targetHints":{"allow":["GET"]}}],"collection":[{"href":"https:\/\/maranhaotv.com.br\/index.php\/wp-json\/wp\/v2\/posts"}],"about":[{"href":"https:\/\/maranhaotv.com.br\/index.php\/wp-json\/wp\/v2\/types\/post"}],"author":[{"embeddable":true,"href":"https:\/\/maranhaotv.com.br\/index.php\/wp-json\/wp\/v2\/users\/2"}],"replies":[{"embeddable":true,"href":"https:\/\/maranhaotv.com.br\/index.php\/wp-json\/wp\/v2\/comments?post=43872"}],"version-history":[{"count":1,"href":"https:\/\/maranhaotv.com.br\/index.php\/wp-json\/wp\/v2\/posts\/43872\/revisions"}],"predecessor-version":[{"id":43873,"href":"https:\/\/maranhaotv.com.br\/index.php\/wp-json\/wp\/v2\/posts\/43872\/revisions\/43873"}],"wp:featuredmedia":[{"embeddable":true,"href":"https:\/\/maranhaotv.com.br\/index.php\/wp-json\/wp\/v2\/media\/43871"}],"wp:attachment":[{"href":"https:\/\/maranhaotv.com.br\/index.php\/wp-json\/wp\/v2\/media?parent=43872"}],"wp:term":[{"taxonomy":"category","embeddable":true,"href":"https:\/\/maranhaotv.com.br\/index.php\/wp-json\/wp\/v2\/categories?post=43872"},{"taxonomy":"post_tag","embeddable":true,"href":"https:\/\/maranhaotv.com.br\/index.php\/wp-json\/wp\/v2\/tags?post=43872"}],"curies":[{"name":"wp","href":"https:\/\/api.w.org\/{rel}","templated":true}]}}