{"id":43928,"date":"2025-08-28T15:08:05","date_gmt":"2025-08-28T18:08:05","guid":{"rendered":"https:\/\/maranhaotv.com.br\/?p=43928"},"modified":"2025-08-28T15:23:25","modified_gmt":"2025-08-28T18:23:25","slug":"2a-edicao-do-dialogos-pelo-maranhao-chega-a-viana-nesta-sexta-feira-29","status":"publish","type":"post","link":"https:\/\/maranhaotv.com.br\/index.php\/2025\/08\/28\/2a-edicao-do-dialogos-pelo-maranhao-chega-a-viana-nesta-sexta-feira-29\/","title":{"rendered":"2\u00aa Edi\u00e7\u00e3o do Di\u00e1logos pelo Maranh\u00e3o chega a Viana, nesta sexta-feira (29)"},"content":{"rendered":"\n<p><\/p>\n\n\n\n<p>\u00c9 hora de Viana e munic\u00edpios da regi\u00e3o debaterem propostas e solu\u00e7\u00f5es coletivas para o desenvolvimento do Maranh\u00e3o, na 2\u00aa Edi\u00e7\u00e3o do Di\u00e1logos pelo Maranh\u00e3o, com o vice-governador e pr\u00e9-candidato, Felipe Camar\u00e3o.<\/p>\n\n\n\n<p>O encontro ser\u00e1 realizado no munic\u00edpio de Viana, ocorrer\u00e1 nesta sexta-feira (29), \u00e0s 18h, no Prime Deluxe. O evento, que reunir\u00e1 diversas lideran\u00e7as pol\u00edticas, movimentos sociais e sociedade civil, \u00e9 aberto ao p\u00fablico, que poder\u00e1 apresentar suas propostas e demandas.<\/p>\n\n\n\n<p><em>Servi\u00e7o<\/em><br><em>O que?<\/em> Di\u00e1logos pelo Maranh\u00e3o em Viana.<br><em>Onde?<\/em> Prime Deluxe -Rodovia MA 014, KM 37, N\u00b0 30, bairro Subesta\u00e7\u00e3o.<br><em>Quando?<\/em> Sexta-feira (29), 18h.<\/p>\n\n\n\n<figure class=\"wp-block-image size-large\"><img loading=\"lazy\" decoding=\"async\" width=\"576\" height=\"1024\" src=\"https:\/\/maranhaotv.com.br\/wp-content\/uploads\/2025\/08\/a5df54ef-3576-417d-9ac5-f1567c12dc8e-576x1024.jpg\" class=\"wp-image-43926\" srcset=\"https:\/\/maranhaotv.com.br\/wp-content\/uploads\/2025\/08\/a5df54ef-3576-417d-9ac5-f1567c12dc8e-576x1024.jpg 576w, https:\/\/maranhaotv.com.br\/wp-content\/uploads\/2025\/08\/a5df54ef-3576-417d-9ac5-f1567c12dc8e-169x300.jpg 169w, https:\/\/maranhaotv.com.br\/wp-content\/uploads\/2025\/08\/a5df54ef-3576-417d-9ac5-f1567c12dc8e-768x1365.jpg 768w, https:\/\/maranhaotv.com.br\/wp-content\/uploads\/2025\/08\/a5df54ef-3576-417d-9ac5-f1567c12dc8e-864x1536.jpg 864w, https:\/\/maranhaotv.com.br\/wp-content\/uploads\/2025\/08\/a5df54ef-3576-417d-9ac5-f1567c12dc8e.jpg 900w\" sizes=\"auto, (max-width: 576px) 100vw, 576px\" \/><\/figure>\n","protected":false},"excerpt":{"rendered":"<p>\u00c9 hora de Viana e munic\u00edpios da regi\u00e3o debaterem propostas e solu\u00e7\u00f5es coletivas para o desenvolvimento do Maranh\u00e3o, na 2\u00aa<\/p>\n","protected":false},"author":2,"featured_media":43930,"comment_status":"closed","ping_status":"open","sticky":false,"template":"","format":"standard","meta":{"colormag_page_container_layout":"default_layout","colormag_page_sidebar_layout":"default_layout","_jetpack_memberships_contains_paid_content":false,"footnotes":""},"categories":[6],"tags":[],"class_list":["post-43928","post","type-post","status-publish","format-standard","has-post-thumbnail","hentry","category-politica"],"magazineBlocksPostFeaturedMedia":{"thumbnail":"https:\/\/maranhaotv.com.br\/wp-content\/uploads\/2025\/08\/image_editor_output_image-1771845714-1756405383025-150x150.jpg","medium":"https:\/\/maranhaotv.com.br\/wp-content\/uploads\/2025\/08\/image_editor_output_image-1771845714-1756405383025-300x171.jpg","medium_large":"https:\/\/maranhaotv.com.br\/wp-content\/uploads\/2025\/08\/image_editor_output_image-1771845714-1756405383025-768x437.jpg","large":"https:\/\/maranhaotv.com.br\/wp-content\/uploads\/2025\/08\/image_editor_output_image-1771845714-1756405383025.jpg","1536x1536":"https:\/\/maranhaotv.com.br\/wp-content\/uploads\/2025\/08\/image_editor_output_image-1771845714-1756405383025.jpg","2048x2048":"https:\/\/maranhaotv.com.br\/wp-content\/uploads\/2025\/08\/image_editor_output_image-1771845714-1756405383025.jpg","colormag-highlighted-post":"https:\/\/maranhaotv.com.br\/wp-content\/uploads\/2025\/08\/image_editor_output_image-1771845714-1756405383025-392x272.jpg","colormag-featured-post-medium":"https:\/\/maranhaotv.com.br\/wp-content\/uploads\/2025\/08\/image_editor_output_image-1771845714-1756405383025-390x205.jpg","colormag-featured-post-small":"https:\/\/maranhaotv.com.br\/wp-content\/uploads\/2025\/08\/image_editor_output_image-1771845714-1756405383025-130x90.jpg","colormag-featured-image":"https:\/\/maranhaotv.com.br\/wp-content\/uploads\/2025\/08\/image_editor_output_image-1771845714-1756405383025-800x445.jpg","colormag-default-news":"https:\/\/maranhaotv.com.br\/wp-content\/uploads\/2025\/08\/image_editor_output_image-1771845714-1756405383025-150x150.jpg","colormag-featured-image-large":"https:\/\/maranhaotv.com.br\/wp-content\/uploads\/2025\/08\/image_editor_output_image-1771845714-1756405383025.jpg"},"magazineBlocksPostAuthor":{"name":"maranhaotv","avatar":"https:\/\/secure.gravatar.com\/avatar\/8fadbca458d4cb68b1dd399ae9a40618d747bb1af65ac9fad21c89220a143eb4?s=96&d=mm&r=g"},"magazineBlocksPostCommentsNumber":false,"magazineBlocksPostExcerpt":"\u00c9 hora de Viana e munic\u00edpios da regi\u00e3o debaterem propostas e solu\u00e7\u00f5es coletivas para o desenvolvimento do Maranh\u00e3o, na 2\u00aa","magazineBlocksPostCategories":["pol\u00edtica"],"magazineBlocksPostViewCount":237,"magazineBlocksPostReadTime":1,"magazine_blocks_featured_image_url":{"full":["https:\/\/maranhaotv.com.br\/wp-content\/uploads\/2025\/08\/image_editor_output_image-1771845714-1756405383025.jpg",900,512,false],"medium":["https:\/\/maranhaotv.com.br\/wp-content\/uploads\/2025\/08\/image_editor_output_image-1771845714-1756405383025-300x171.jpg",300,171,true],"thumbnail":["https:\/\/maranhaotv.com.br\/wp-content\/uploads\/2025\/08\/image_editor_output_image-1771845714-1756405383025-150x150.jpg",150,150,true]},"magazine_blocks_author":{"display_name":"maranhaotv","author_link":"https:\/\/maranhaotv.com.br\/index.php\/author\/maranhaotv\/"},"magazine_blocks_comment":0,"magazine_blocks_author_image":"https:\/\/secure.gravatar.com\/avatar\/8fadbca458d4cb68b1dd399ae9a40618d747bb1af65ac9fad21c89220a143eb4?s=96&d=mm&r=g","magazine_blocks_category":"<a href=\"#\" class=\"category-link category-link-6\">pol\u00edtica<\/a>","yoast_head":"<!-- This site is optimized with the Yoast SEO plugin v27.4 - https:\/\/yoast.com\/product\/yoast-seo-wordpress\/ -->\n<title>2\u00aa Edi\u00e7\u00e3o do Di\u00e1logos pelo Maranh\u00e3o chega a Viana, nesta sexta-feira (29) - NOT\u00cdCIAS EM TEMPO REAL<\/title>\n<meta name=\"robots\" content=\"index, follow, max-snippet:-1, max-image-preview:large, max-video-preview:-1\" \/>\n<link rel=\"canonical\" href=\"https:\/\/maranhaotv.com.br\/index.php\/2025\/08\/28\/2a-edicao-do-dialogos-pelo-maranhao-chega-a-viana-nesta-sexta-feira-29\/\" \/>\n<meta property=\"og:locale\" content=\"pt_BR\" \/>\n<meta property=\"og:type\" content=\"article\" \/>\n<meta property=\"og:title\" content=\"2\u00aa Edi\u00e7\u00e3o do Di\u00e1logos pelo Maranh\u00e3o chega a Viana, nesta sexta-feira (29) - NOT\u00cdCIAS EM TEMPO REAL\" \/>\n<meta property=\"og:description\" content=\"\u00c9 hora de Viana e munic\u00edpios da regi\u00e3o debaterem propostas e solu\u00e7\u00f5es coletivas para o desenvolvimento do Maranh\u00e3o, na 2\u00aa\" \/>\n<meta property=\"og:url\" content=\"https:\/\/maranhaotv.com.br\/index.php\/2025\/08\/28\/2a-edicao-do-dialogos-pelo-maranhao-chega-a-viana-nesta-sexta-feira-29\/\" \/>\n<meta property=\"og:site_name\" content=\"NOT\u00cdCIAS EM TEMPO REAL\" \/>\n<meta property=\"article:publisher\" content=\"https:\/\/www.facebook.com\/maiobaotv\" \/>\n<meta property=\"article:published_time\" content=\"2025-08-28T18:08:05+00:00\" \/>\n<meta property=\"article:modified_time\" content=\"2025-08-28T18:23:25+00:00\" \/>\n<meta property=\"og:image\" content=\"https:\/\/maranhaotv.com.br\/wp-content\/uploads\/2025\/08\/image_editor_output_image-1771845714-1756405383025.jpg\" \/>\n\t<meta property=\"og:image:width\" content=\"900\" \/>\n\t<meta property=\"og:image:height\" content=\"512\" \/>\n\t<meta property=\"og:image:type\" content=\"image\/jpeg\" \/>\n<meta name=\"author\" content=\"maranhaotv\" \/>\n<meta name=\"twitter:card\" content=\"summary_large_image\" \/>\n<meta name=\"twitter:creator\" content=\"@sitemaranhaotv\" \/>\n<meta name=\"twitter:site\" content=\"@sitemaranhaotv\" \/>\n<meta name=\"twitter:label1\" content=\"Escrito por\" \/>\n\t<meta name=\"twitter:data1\" content=\"maranhaotv\" \/>\n\t<meta name=\"twitter:label2\" content=\"Est. tempo de leitura\" \/>\n\t<meta name=\"twitter:data2\" content=\"1 minuto\" \/>\n<script type=\"application\/ld+json\" class=\"yoast-schema-graph\">{\"@context\":\"https:\\\/\\\/schema.org\",\"@graph\":[{\"@type\":\"Article\",\"@id\":\"https:\\\/\\\/maranhaotv.com.br\\\/index.php\\\/2025\\\/08\\\/28\\\/2a-edicao-do-dialogos-pelo-maranhao-chega-a-viana-nesta-sexta-feira-29\\\/#article\",\"isPartOf\":{\"@id\":\"https:\\\/\\\/maranhaotv.com.br\\\/index.php\\\/2025\\\/08\\\/28\\\/2a-edicao-do-dialogos-pelo-maranhao-chega-a-viana-nesta-sexta-feira-29\\\/\"},\"author\":{\"name\":\"maranhaotv\",\"@id\":\"https:\\\/\\\/maranhaotv.com.br\\\/#\\\/schema\\\/person\\\/3d54238e86b20bb5c89ab2fdb8f8829a\"},\"headline\":\"2\u00aa Edi\u00e7\u00e3o do Di\u00e1logos pelo Maranh\u00e3o chega a Viana, nesta sexta-feira (29)\",\"datePublished\":\"2025-08-28T18:08:05+00:00\",\"dateModified\":\"2025-08-28T18:23:25+00:00\",\"mainEntityOfPage\":{\"@id\":\"https:\\\/\\\/maranhaotv.com.br\\\/index.php\\\/2025\\\/08\\\/28\\\/2a-edicao-do-dialogos-pelo-maranhao-chega-a-viana-nesta-sexta-feira-29\\\/\"},\"wordCount\":118,\"publisher\":{\"@id\":\"https:\\\/\\\/maranhaotv.com.br\\\/#organization\"},\"image\":{\"@id\":\"https:\\\/\\\/maranhaotv.com.br\\\/index.php\\\/2025\\\/08\\\/28\\\/2a-edicao-do-dialogos-pelo-maranhao-chega-a-viana-nesta-sexta-feira-29\\\/#primaryimage\"},\"thumbnailUrl\":\"https:\\\/\\\/maranhaotv.com.br\\\/wp-content\\\/uploads\\\/2025\\\/08\\\/image_editor_output_image-1771845714-1756405383025.jpg\",\"articleSection\":[\"pol\u00edtica\"],\"inLanguage\":\"pt-BR\"},{\"@type\":\"WebPage\",\"@id\":\"https:\\\/\\\/maranhaotv.com.br\\\/index.php\\\/2025\\\/08\\\/28\\\/2a-edicao-do-dialogos-pelo-maranhao-chega-a-viana-nesta-sexta-feira-29\\\/\",\"url\":\"https:\\\/\\\/maranhaotv.com.br\\\/index.php\\\/2025\\\/08\\\/28\\\/2a-edicao-do-dialogos-pelo-maranhao-chega-a-viana-nesta-sexta-feira-29\\\/\",\"name\":\"2\u00aa Edi\u00e7\u00e3o do Di\u00e1logos pelo Maranh\u00e3o chega a Viana, nesta sexta-feira (29) - NOT\u00cdCIAS EM TEMPO REAL\",\"isPartOf\":{\"@id\":\"https:\\\/\\\/maranhaotv.com.br\\\/#website\"},\"primaryImageOfPage\":{\"@id\":\"https:\\\/\\\/maranhaotv.com.br\\\/index.php\\\/2025\\\/08\\\/28\\\/2a-edicao-do-dialogos-pelo-maranhao-chega-a-viana-nesta-sexta-feira-29\\\/#primaryimage\"},\"image\":{\"@id\":\"https:\\\/\\\/maranhaotv.com.br\\\/index.php\\\/2025\\\/08\\\/28\\\/2a-edicao-do-dialogos-pelo-maranhao-chega-a-viana-nesta-sexta-feira-29\\\/#primaryimage\"},\"thumbnailUrl\":\"https:\\\/\\\/maranhaotv.com.br\\\/wp-content\\\/uploads\\\/2025\\\/08\\\/image_editor_output_image-1771845714-1756405383025.jpg\",\"datePublished\":\"2025-08-28T18:08:05+00:00\",\"dateModified\":\"2025-08-28T18:23:25+00:00\",\"breadcrumb\":{\"@id\":\"https:\\\/\\\/maranhaotv.com.br\\\/index.php\\\/2025\\\/08\\\/28\\\/2a-edicao-do-dialogos-pelo-maranhao-chega-a-viana-nesta-sexta-feira-29\\\/#breadcrumb\"},\"inLanguage\":\"pt-BR\",\"potentialAction\":[{\"@type\":\"ReadAction\",\"target\":[\"https:\\\/\\\/maranhaotv.com.br\\\/index.php\\\/2025\\\/08\\\/28\\\/2a-edicao-do-dialogos-pelo-maranhao-chega-a-viana-nesta-sexta-feira-29\\\/\"]}]},{\"@type\":\"ImageObject\",\"inLanguage\":\"pt-BR\",\"@id\":\"https:\\\/\\\/maranhaotv.com.br\\\/index.php\\\/2025\\\/08\\\/28\\\/2a-edicao-do-dialogos-pelo-maranhao-chega-a-viana-nesta-sexta-feira-29\\\/#primaryimage\",\"url\":\"https:\\\/\\\/maranhaotv.com.br\\\/wp-content\\\/uploads\\\/2025\\\/08\\\/image_editor_output_image-1771845714-1756405383025.jpg\",\"contentUrl\":\"https:\\\/\\\/maranhaotv.com.br\\\/wp-content\\\/uploads\\\/2025\\\/08\\\/image_editor_output_image-1771845714-1756405383025.jpg\",\"width\":900,\"height\":512},{\"@type\":\"BreadcrumbList\",\"@id\":\"https:\\\/\\\/maranhaotv.com.br\\\/index.php\\\/2025\\\/08\\\/28\\\/2a-edicao-do-dialogos-pelo-maranhao-chega-a-viana-nesta-sexta-feira-29\\\/#breadcrumb\",\"itemListElement\":[{\"@type\":\"ListItem\",\"position\":1,\"name\":\"In\u00edcio\",\"item\":\"https:\\\/\\\/maranhaotv.com.br\\\/\"},{\"@type\":\"ListItem\",\"position\":2,\"name\":\"2\u00aa Edi\u00e7\u00e3o do Di\u00e1logos pelo Maranh\u00e3o chega a Viana, nesta sexta-feira (29)\"}]},{\"@type\":\"WebSite\",\"@id\":\"https:\\\/\\\/maranhaotv.com.br\\\/#website\",\"url\":\"https:\\\/\\\/maranhaotv.com.br\\\/\",\"name\":\"Maranh\u00e3oTV\",\"description\":\"\",\"publisher\":{\"@id\":\"https:\\\/\\\/maranhaotv.com.br\\\/#organization\"},\"potentialAction\":[{\"@type\":\"SearchAction\",\"target\":{\"@type\":\"EntryPoint\",\"urlTemplate\":\"https:\\\/\\\/maranhaotv.com.br\\\/?s={search_term_string}\"},\"query-input\":{\"@type\":\"PropertyValueSpecification\",\"valueRequired\":true,\"valueName\":\"search_term_string\"}}],\"inLanguage\":\"pt-BR\"},{\"@type\":\"Organization\",\"@id\":\"https:\\\/\\\/maranhaotv.com.br\\\/#organization\",\"name\":\"Portal de Not\u00edcias\",\"url\":\"https:\\\/\\\/maranhaotv.com.br\\\/\",\"logo\":{\"@type\":\"ImageObject\",\"inLanguage\":\"pt-BR\",\"@id\":\"https:\\\/\\\/maranhaotv.com.br\\\/#\\\/schema\\\/logo\\\/image\\\/\",\"url\":\"https:\\\/\\\/maranhaotv.com.br\\\/wp-content\\\/uploads\\\/2024\\\/05\\\/cropped-cropped-avatar-1.png\",\"contentUrl\":\"https:\\\/\\\/maranhaotv.com.br\\\/wp-content\\\/uploads\\\/2024\\\/05\\\/cropped-cropped-avatar-1.png\",\"width\":792,\"height\":428,\"caption\":\"Portal de Not\u00edcias\"},\"image\":{\"@id\":\"https:\\\/\\\/maranhaotv.com.br\\\/#\\\/schema\\\/logo\\\/image\\\/\"},\"sameAs\":[\"https:\\\/\\\/www.facebook.com\\\/maiobaotv\",\"https:\\\/\\\/x.com\\\/sitemaranhaotv\",\"https:\\\/\\\/www.instagram.com\\\/maranhao.tv\",\"https:\\\/\\\/www.threads.net\\\/@maranhao.tv\"]},{\"@type\":\"Person\",\"@id\":\"https:\\\/\\\/maranhaotv.com.br\\\/#\\\/schema\\\/person\\\/3d54238e86b20bb5c89ab2fdb8f8829a\",\"name\":\"maranhaotv\",\"image\":{\"@type\":\"ImageObject\",\"inLanguage\":\"pt-BR\",\"@id\":\"https:\\\/\\\/secure.gravatar.com\\\/avatar\\\/8fadbca458d4cb68b1dd399ae9a40618d747bb1af65ac9fad21c89220a143eb4?s=96&d=mm&r=g\",\"url\":\"https:\\\/\\\/secure.gravatar.com\\\/avatar\\\/8fadbca458d4cb68b1dd399ae9a40618d747bb1af65ac9fad21c89220a143eb4?s=96&d=mm&r=g\",\"contentUrl\":\"https:\\\/\\\/secure.gravatar.com\\\/avatar\\\/8fadbca458d4cb68b1dd399ae9a40618d747bb1af65ac9fad21c89220a143eb4?s=96&d=mm&r=g\",\"caption\":\"maranhaotv\"},\"sameAs\":[\"https:\\\/\\\/maranhaotv.com.br\\\/\"],\"url\":\"https:\\\/\\\/maranhaotv.com.br\\\/index.php\\\/author\\\/maranhaotv\\\/\"}]}<\/script>\n<!-- \/ Yoast SEO plugin. -->","yoast_head_json":{"title":"2\u00aa Edi\u00e7\u00e3o do Di\u00e1logos pelo Maranh\u00e3o chega a Viana, nesta sexta-feira (29) - NOT\u00cdCIAS EM TEMPO REAL","robots":{"index":"index","follow":"follow","max-snippet":"max-snippet:-1","max-image-preview":"max-image-preview:large","max-video-preview":"max-video-preview:-1"},"canonical":"https:\/\/maranhaotv.com.br\/index.php\/2025\/08\/28\/2a-edicao-do-dialogos-pelo-maranhao-chega-a-viana-nesta-sexta-feira-29\/","og_locale":"pt_BR","og_type":"article","og_title":"2\u00aa Edi\u00e7\u00e3o do Di\u00e1logos pelo Maranh\u00e3o chega a Viana, nesta sexta-feira (29) - NOT\u00cdCIAS EM TEMPO REAL","og_description":"\u00c9 hora de Viana e munic\u00edpios da regi\u00e3o debaterem propostas e solu\u00e7\u00f5es coletivas para o desenvolvimento do Maranh\u00e3o, na 2\u00aa","og_url":"https:\/\/maranhaotv.com.br\/index.php\/2025\/08\/28\/2a-edicao-do-dialogos-pelo-maranhao-chega-a-viana-nesta-sexta-feira-29\/","og_site_name":"NOT\u00cdCIAS EM TEMPO REAL","article_publisher":"https:\/\/www.facebook.com\/maiobaotv","article_published_time":"2025-08-28T18:08:05+00:00","article_modified_time":"2025-08-28T18:23:25+00:00","og_image":[{"width":900,"height":512,"url":"https:\/\/maranhaotv.com.br\/wp-content\/uploads\/2025\/08\/image_editor_output_image-1771845714-1756405383025.jpg","type":"image\/jpeg"}],"author":"maranhaotv","twitter_card":"summary_large_image","twitter_creator":"@sitemaranhaotv","twitter_site":"@sitemaranhaotv","twitter_misc":{"Escrito por":"maranhaotv","Est. tempo de leitura":"1 minuto"},"schema":{"@context":"https:\/\/schema.org","@graph":[{"@type":"Article","@id":"https:\/\/maranhaotv.com.br\/index.php\/2025\/08\/28\/2a-edicao-do-dialogos-pelo-maranhao-chega-a-viana-nesta-sexta-feira-29\/#article","isPartOf":{"@id":"https:\/\/maranhaotv.com.br\/index.php\/2025\/08\/28\/2a-edicao-do-dialogos-pelo-maranhao-chega-a-viana-nesta-sexta-feira-29\/"},"author":{"name":"maranhaotv","@id":"https:\/\/maranhaotv.com.br\/#\/schema\/person\/3d54238e86b20bb5c89ab2fdb8f8829a"},"headline":"2\u00aa Edi\u00e7\u00e3o do Di\u00e1logos pelo Maranh\u00e3o chega a Viana, nesta sexta-feira (29)","datePublished":"2025-08-28T18:08:05+00:00","dateModified":"2025-08-28T18:23:25+00:00","mainEntityOfPage":{"@id":"https:\/\/maranhaotv.com.br\/index.php\/2025\/08\/28\/2a-edicao-do-dialogos-pelo-maranhao-chega-a-viana-nesta-sexta-feira-29\/"},"wordCount":118,"publisher":{"@id":"https:\/\/maranhaotv.com.br\/#organization"},"image":{"@id":"https:\/\/maranhaotv.com.br\/index.php\/2025\/08\/28\/2a-edicao-do-dialogos-pelo-maranhao-chega-a-viana-nesta-sexta-feira-29\/#primaryimage"},"thumbnailUrl":"https:\/\/maranhaotv.com.br\/wp-content\/uploads\/2025\/08\/image_editor_output_image-1771845714-1756405383025.jpg","articleSection":["pol\u00edtica"],"inLanguage":"pt-BR"},{"@type":"WebPage","@id":"https:\/\/maranhaotv.com.br\/index.php\/2025\/08\/28\/2a-edicao-do-dialogos-pelo-maranhao-chega-a-viana-nesta-sexta-feira-29\/","url":"https:\/\/maranhaotv.com.br\/index.php\/2025\/08\/28\/2a-edicao-do-dialogos-pelo-maranhao-chega-a-viana-nesta-sexta-feira-29\/","name":"2\u00aa Edi\u00e7\u00e3o do Di\u00e1logos pelo Maranh\u00e3o chega a Viana, nesta sexta-feira (29) - NOT\u00cdCIAS EM TEMPO REAL","isPartOf":{"@id":"https:\/\/maranhaotv.com.br\/#website"},"primaryImageOfPage":{"@id":"https:\/\/maranhaotv.com.br\/index.php\/2025\/08\/28\/2a-edicao-do-dialogos-pelo-maranhao-chega-a-viana-nesta-sexta-feira-29\/#primaryimage"},"image":{"@id":"https:\/\/maranhaotv.com.br\/index.php\/2025\/08\/28\/2a-edicao-do-dialogos-pelo-maranhao-chega-a-viana-nesta-sexta-feira-29\/#primaryimage"},"thumbnailUrl":"https:\/\/maranhaotv.com.br\/wp-content\/uploads\/2025\/08\/image_editor_output_image-1771845714-1756405383025.jpg","datePublished":"2025-08-28T18:08:05+00:00","dateModified":"2025-08-28T18:23:25+00:00","breadcrumb":{"@id":"https:\/\/maranhaotv.com.br\/index.php\/2025\/08\/28\/2a-edicao-do-dialogos-pelo-maranhao-chega-a-viana-nesta-sexta-feira-29\/#breadcrumb"},"inLanguage":"pt-BR","potentialAction":[{"@type":"ReadAction","target":["https:\/\/maranhaotv.com.br\/index.php\/2025\/08\/28\/2a-edicao-do-dialogos-pelo-maranhao-chega-a-viana-nesta-sexta-feira-29\/"]}]},{"@type":"ImageObject","inLanguage":"pt-BR","@id":"https:\/\/maranhaotv.com.br\/index.php\/2025\/08\/28\/2a-edicao-do-dialogos-pelo-maranhao-chega-a-viana-nesta-sexta-feira-29\/#primaryimage","url":"https:\/\/maranhaotv.com.br\/wp-content\/uploads\/2025\/08\/image_editor_output_image-1771845714-1756405383025.jpg","contentUrl":"https:\/\/maranhaotv.com.br\/wp-content\/uploads\/2025\/08\/image_editor_output_image-1771845714-1756405383025.jpg","width":900,"height":512},{"@type":"BreadcrumbList","@id":"https:\/\/maranhaotv.com.br\/index.php\/2025\/08\/28\/2a-edicao-do-dialogos-pelo-maranhao-chega-a-viana-nesta-sexta-feira-29\/#breadcrumb","itemListElement":[{"@type":"ListItem","position":1,"name":"In\u00edcio","item":"https:\/\/maranhaotv.com.br\/"},{"@type":"ListItem","position":2,"name":"2\u00aa Edi\u00e7\u00e3o do Di\u00e1logos pelo Maranh\u00e3o chega a Viana, nesta sexta-feira (29)"}]},{"@type":"WebSite","@id":"https:\/\/maranhaotv.com.br\/#website","url":"https:\/\/maranhaotv.com.br\/","name":"Maranh\u00e3oTV","description":"","publisher":{"@id":"https:\/\/maranhaotv.com.br\/#organization"},"potentialAction":[{"@type":"SearchAction","target":{"@type":"EntryPoint","urlTemplate":"https:\/\/maranhaotv.com.br\/?s={search_term_string}"},"query-input":{"@type":"PropertyValueSpecification","valueRequired":true,"valueName":"search_term_string"}}],"inLanguage":"pt-BR"},{"@type":"Organization","@id":"https:\/\/maranhaotv.com.br\/#organization","name":"Portal de Not\u00edcias","url":"https:\/\/maranhaotv.com.br\/","logo":{"@type":"ImageObject","inLanguage":"pt-BR","@id":"https:\/\/maranhaotv.com.br\/#\/schema\/logo\/image\/","url":"https:\/\/maranhaotv.com.br\/wp-content\/uploads\/2024\/05\/cropped-cropped-avatar-1.png","contentUrl":"https:\/\/maranhaotv.com.br\/wp-content\/uploads\/2024\/05\/cropped-cropped-avatar-1.png","width":792,"height":428,"caption":"Portal de Not\u00edcias"},"image":{"@id":"https:\/\/maranhaotv.com.br\/#\/schema\/logo\/image\/"},"sameAs":["https:\/\/www.facebook.com\/maiobaotv","https:\/\/x.com\/sitemaranhaotv","https:\/\/www.instagram.com\/maranhao.tv","https:\/\/www.threads.net\/@maranhao.tv"]},{"@type":"Person","@id":"https:\/\/maranhaotv.com.br\/#\/schema\/person\/3d54238e86b20bb5c89ab2fdb8f8829a","name":"maranhaotv","image":{"@type":"ImageObject","inLanguage":"pt-BR","@id":"https:\/\/secure.gravatar.com\/avatar\/8fadbca458d4cb68b1dd399ae9a40618d747bb1af65ac9fad21c89220a143eb4?s=96&d=mm&r=g","url":"https:\/\/secure.gravatar.com\/avatar\/8fadbca458d4cb68b1dd399ae9a40618d747bb1af65ac9fad21c89220a143eb4?s=96&d=mm&r=g","contentUrl":"https:\/\/secure.gravatar.com\/avatar\/8fadbca458d4cb68b1dd399ae9a40618d747bb1af65ac9fad21c89220a143eb4?s=96&d=mm&r=g","caption":"maranhaotv"},"sameAs":["https:\/\/maranhaotv.com.br\/"],"url":"https:\/\/maranhaotv.com.br\/index.php\/author\/maranhaotv\/"}]}},"jetpack_featured_media_url":"https:\/\/maranhaotv.com.br\/wp-content\/uploads\/2025\/08\/image_editor_output_image-1771845714-1756405383025.jpg","jetpack_sharing_enabled":true,"_links":{"self":[{"href":"https:\/\/maranhaotv.com.br\/index.php\/wp-json\/wp\/v2\/posts\/43928","targetHints":{"allow":["GET"]}}],"collection":[{"href":"https:\/\/maranhaotv.com.br\/index.php\/wp-json\/wp\/v2\/posts"}],"about":[{"href":"https:\/\/maranhaotv.com.br\/index.php\/wp-json\/wp\/v2\/types\/post"}],"author":[{"embeddable":true,"href":"https:\/\/maranhaotv.com.br\/index.php\/wp-json\/wp\/v2\/users\/2"}],"replies":[{"embeddable":true,"href":"https:\/\/maranhaotv.com.br\/index.php\/wp-json\/wp\/v2\/comments?post=43928"}],"version-history":[{"count":1,"href":"https:\/\/maranhaotv.com.br\/index.php\/wp-json\/wp\/v2\/posts\/43928\/revisions"}],"predecessor-version":[{"id":43929,"href":"https:\/\/maranhaotv.com.br\/index.php\/wp-json\/wp\/v2\/posts\/43928\/revisions\/43929"}],"wp:featuredmedia":[{"embeddable":true,"href":"https:\/\/maranhaotv.com.br\/index.php\/wp-json\/wp\/v2\/media\/43930"}],"wp:attachment":[{"href":"https:\/\/maranhaotv.com.br\/index.php\/wp-json\/wp\/v2\/media?parent=43928"}],"wp:term":[{"taxonomy":"category","embeddable":true,"href":"https:\/\/maranhaotv.com.br\/index.php\/wp-json\/wp\/v2\/categories?post=43928"},{"taxonomy":"post_tag","embeddable":true,"href":"https:\/\/maranhaotv.com.br\/index.php\/wp-json\/wp\/v2\/tags?post=43928"}],"curies":[{"name":"wp","href":"https:\/\/api.w.org\/{rel}","templated":true}]}}