{"id":43953,"date":"2025-08-30T07:48:53","date_gmt":"2025-08-30T10:48:53","guid":{"rendered":"https:\/\/maranhaotv.com.br\/?p=43953"},"modified":"2025-08-30T07:49:11","modified_gmt":"2025-08-30T10:49:11","slug":"aos-88-anos-morre-o-escritor-luis-fernando-verissimo","status":"publish","type":"post","link":"https:\/\/maranhaotv.com.br\/index.php\/2025\/08\/30\/aos-88-anos-morre-o-escritor-luis-fernando-verissimo\/","title":{"rendered":"Aos 88 anos, morre o escritor Luis Fernando Ver\u00edssimo"},"content":{"rendered":"\n<p><\/p>\n\n\n\n<p>O escritor Luis Fernando Ver\u00edssimo morreu na manh\u00e3 deste s\u00e1bado (30), em Porto Alegre (RS), aos 88 anos. Ele estava internado h\u00e1 tr\u00eas semanas no Hospital Moinhos de Vento, com quadro de pneumonia.<\/p>\n\n\n\n<p>Com doen\u00e7a de&nbsp;<a href=\"https:\/\/iclnoticias.com.br\/conhecimento\/maryum-ali\/\">Parkinson<\/a>, em 2021, Verissimo teve um Acidente Vascular Cerebral (AVC). Ele tamb\u00e9m tem problemas card\u00edacos. Com as sequelas do AVC, parou de escrever e teve a fala afetada.<\/p>\n\n\n\n<p>O escritor vivia com a esposa, L\u00facia, e com o filho ca\u00e7ula do casal, Pedro, na hist\u00f3rica casa da fam\u00edlia no bairro Petr\u00f3polis, em Porto Alegre, a mesma onde viveram o pai dele, o escritor Erico Verissimo, e a esposa Mafalda.<\/p>\n\n\n\n<p>Nos \u00faltimos tempos estava sempre acompanhado pelos olhos vigilantes, carinhosos e sorridentes da sua mulher, a carioca L\u00facia Helena Massa, com quem estava casado desde 1963. Foi de tudo na vida das comunica\u00e7\u00f5es, mas ironicamente com suas maiores caracter\u00edsticas \u2014 o sil\u00eancio, a timidez e as poucas palavras que ousava proferir. Era lac\u00f4nico.<\/p>\n\n\n\n<p>\u201cNunca fui muito \u00edntimo de mim mesmo, nunca examinei o que eu fiz, o que eu deixo de fazer\u201d, disse quando completou 80 anos. L\u00facia nos \u00faltimos tempos era sua voz, a sua raz\u00e3o de fazer a sua vida andar com calma e amor e, com sa\u00fade, com as dificuldades habituais e naturais das sequelas que enfrentou da doen\u00e7a de Parkinson e do AVC.<\/p>\n","protected":false},"excerpt":{"rendered":"<p>O escritor Luis Fernando Ver\u00edssimo morreu na manh\u00e3 deste s\u00e1bado (30), em Porto Alegre (RS), aos 88 anos. Ele estava<\/p>\n","protected":false},"author":2,"featured_media":43952,"comment_status":"open","ping_status":"open","sticky":false,"template":"","format":"standard","meta":{"colormag_page_container_layout":"default_layout","colormag_page_sidebar_layout":"default_layout","_jetpack_memberships_contains_paid_content":false,"footnotes":""},"categories":[2],"tags":[],"class_list":["post-43953","post","type-post","status-publish","format-standard","has-post-thumbnail","hentry","category-noticias"],"magazineBlocksPostFeaturedMedia":{"thumbnail":"https:\/\/maranhaotv.com.br\/wp-content\/uploads\/2025\/08\/luis-fernando-verissimo-960x540-1-150x150.webp","medium":"https:\/\/maranhaotv.com.br\/wp-content\/uploads\/2025\/08\/luis-fernando-verissimo-960x540-1-300x169.webp","medium_large":"https:\/\/maranhaotv.com.br\/wp-content\/uploads\/2025\/08\/luis-fernando-verissimo-960x540-1-768x432.webp","large":"https:\/\/maranhaotv.com.br\/wp-content\/uploads\/2025\/08\/luis-fernando-verissimo-960x540-1.webp","1536x1536":"https:\/\/maranhaotv.com.br\/wp-content\/uploads\/2025\/08\/luis-fernando-verissimo-960x540-1.webp","2048x2048":"https:\/\/maranhaotv.com.br\/wp-content\/uploads\/2025\/08\/luis-fernando-verissimo-960x540-1.webp","colormag-highlighted-post":"https:\/\/maranhaotv.com.br\/wp-content\/uploads\/2025\/08\/luis-fernando-verissimo-960x540-1-392x272.webp","colormag-featured-post-medium":"https:\/\/maranhaotv.com.br\/wp-content\/uploads\/2025\/08\/luis-fernando-verissimo-960x540-1-390x205.webp","colormag-featured-post-small":"https:\/\/maranhaotv.com.br\/wp-content\/uploads\/2025\/08\/luis-fernando-verissimo-960x540-1-130x90.webp","colormag-featured-image":"https:\/\/maranhaotv.com.br\/wp-content\/uploads\/2025\/08\/luis-fernando-verissimo-960x540-1-800x445.webp","colormag-default-news":"https:\/\/maranhaotv.com.br\/wp-content\/uploads\/2025\/08\/luis-fernando-verissimo-960x540-1-150x150.webp","colormag-featured-image-large":"https:\/\/maranhaotv.com.br\/wp-content\/uploads\/2025\/08\/luis-fernando-verissimo-960x540-1.webp"},"magazineBlocksPostAuthor":{"name":"maranhaotv","avatar":"https:\/\/secure.gravatar.com\/avatar\/8fadbca458d4cb68b1dd399ae9a40618d747bb1af65ac9fad21c89220a143eb4?s=96&d=mm&r=g"},"magazineBlocksPostCommentsNumber":"0","magazineBlocksPostExcerpt":"O escritor Luis Fernando Ver\u00edssimo morreu na manh\u00e3 deste s\u00e1bado (30), em Porto Alegre (RS), aos 88 anos. Ele estava","magazineBlocksPostCategories":["not\u00edcias"],"magazineBlocksPostViewCount":267,"magazineBlocksPostReadTime":2,"magazine_blocks_featured_image_url":{"full":["https:\/\/maranhaotv.com.br\/wp-content\/uploads\/2025\/08\/luis-fernando-verissimo-960x540-1.webp",960,540,false],"medium":["https:\/\/maranhaotv.com.br\/wp-content\/uploads\/2025\/08\/luis-fernando-verissimo-960x540-1-300x169.webp",300,169,true],"thumbnail":["https:\/\/maranhaotv.com.br\/wp-content\/uploads\/2025\/08\/luis-fernando-verissimo-960x540-1-150x150.webp",150,150,true]},"magazine_blocks_author":{"display_name":"maranhaotv","author_link":"https:\/\/maranhaotv.com.br\/index.php\/author\/maranhaotv\/"},"magazine_blocks_comment":0,"magazine_blocks_author_image":"https:\/\/secure.gravatar.com\/avatar\/8fadbca458d4cb68b1dd399ae9a40618d747bb1af65ac9fad21c89220a143eb4?s=96&d=mm&r=g","magazine_blocks_category":"<a href=\"#\" class=\"category-link category-link-2\">not\u00edcias<\/a>","yoast_head":"<!-- This site is optimized with the Yoast SEO plugin v27.4 - https:\/\/yoast.com\/product\/yoast-seo-wordpress\/ -->\n<title>Aos 88 anos, morre o escritor Luis Fernando Ver\u00edssimo - NOT\u00cdCIAS EM TEMPO REAL<\/title>\n<meta name=\"robots\" content=\"index, follow, max-snippet:-1, max-image-preview:large, max-video-preview:-1\" \/>\n<link rel=\"canonical\" href=\"https:\/\/maranhaotv.com.br\/index.php\/2025\/08\/30\/aos-88-anos-morre-o-escritor-luis-fernando-verissimo\/\" \/>\n<meta property=\"og:locale\" content=\"pt_BR\" \/>\n<meta property=\"og:type\" content=\"article\" \/>\n<meta property=\"og:title\" content=\"Aos 88 anos, morre o escritor Luis Fernando Ver\u00edssimo - NOT\u00cdCIAS EM TEMPO REAL\" \/>\n<meta property=\"og:description\" content=\"O escritor Luis Fernando Ver\u00edssimo morreu na manh\u00e3 deste s\u00e1bado (30), em Porto Alegre (RS), aos 88 anos. Ele estava\" \/>\n<meta property=\"og:url\" content=\"https:\/\/maranhaotv.com.br\/index.php\/2025\/08\/30\/aos-88-anos-morre-o-escritor-luis-fernando-verissimo\/\" \/>\n<meta property=\"og:site_name\" content=\"NOT\u00cdCIAS EM TEMPO REAL\" \/>\n<meta property=\"article:publisher\" content=\"https:\/\/www.facebook.com\/maiobaotv\" \/>\n<meta property=\"article:published_time\" content=\"2025-08-30T10:48:53+00:00\" \/>\n<meta property=\"article:modified_time\" content=\"2025-08-30T10:49:11+00:00\" \/>\n<meta property=\"og:image\" content=\"https:\/\/maranhaotv.com.br\/wp-content\/uploads\/2025\/08\/luis-fernando-verissimo-960x540-1.webp\" \/>\n\t<meta property=\"og:image:width\" content=\"960\" \/>\n\t<meta property=\"og:image:height\" content=\"540\" \/>\n\t<meta property=\"og:image:type\" content=\"image\/webp\" \/>\n<meta name=\"author\" content=\"maranhaotv\" \/>\n<meta name=\"twitter:card\" content=\"summary_large_image\" \/>\n<meta name=\"twitter:creator\" content=\"@sitemaranhaotv\" \/>\n<meta name=\"twitter:site\" content=\"@sitemaranhaotv\" \/>\n<meta name=\"twitter:label1\" content=\"Escrito por\" \/>\n\t<meta name=\"twitter:data1\" content=\"maranhaotv\" \/>\n\t<meta name=\"twitter:label2\" content=\"Est. tempo de leitura\" \/>\n\t<meta name=\"twitter:data2\" content=\"1 minuto\" \/>\n<script type=\"application\/ld+json\" class=\"yoast-schema-graph\">{\"@context\":\"https:\\\/\\\/schema.org\",\"@graph\":[{\"@type\":\"Article\",\"@id\":\"https:\\\/\\\/maranhaotv.com.br\\\/index.php\\\/2025\\\/08\\\/30\\\/aos-88-anos-morre-o-escritor-luis-fernando-verissimo\\\/#article\",\"isPartOf\":{\"@id\":\"https:\\\/\\\/maranhaotv.com.br\\\/index.php\\\/2025\\\/08\\\/30\\\/aos-88-anos-morre-o-escritor-luis-fernando-verissimo\\\/\"},\"author\":{\"name\":\"maranhaotv\",\"@id\":\"https:\\\/\\\/maranhaotv.com.br\\\/#\\\/schema\\\/person\\\/3d54238e86b20bb5c89ab2fdb8f8829a\"},\"headline\":\"Aos 88 anos, morre o escritor Luis Fernando Ver\u00edssimo\",\"datePublished\":\"2025-08-30T10:48:53+00:00\",\"dateModified\":\"2025-08-30T10:49:11+00:00\",\"mainEntityOfPage\":{\"@id\":\"https:\\\/\\\/maranhaotv.com.br\\\/index.php\\\/2025\\\/08\\\/30\\\/aos-88-anos-morre-o-escritor-luis-fernando-verissimo\\\/\"},\"wordCount\":246,\"commentCount\":0,\"publisher\":{\"@id\":\"https:\\\/\\\/maranhaotv.com.br\\\/#organization\"},\"image\":{\"@id\":\"https:\\\/\\\/maranhaotv.com.br\\\/index.php\\\/2025\\\/08\\\/30\\\/aos-88-anos-morre-o-escritor-luis-fernando-verissimo\\\/#primaryimage\"},\"thumbnailUrl\":\"https:\\\/\\\/maranhaotv.com.br\\\/wp-content\\\/uploads\\\/2025\\\/08\\\/luis-fernando-verissimo-960x540-1.webp\",\"articleSection\":[\"not\u00edcias\"],\"inLanguage\":\"pt-BR\",\"potentialAction\":[{\"@type\":\"CommentAction\",\"name\":\"Comment\",\"target\":[\"https:\\\/\\\/maranhaotv.com.br\\\/index.php\\\/2025\\\/08\\\/30\\\/aos-88-anos-morre-o-escritor-luis-fernando-verissimo\\\/#respond\"]}]},{\"@type\":\"WebPage\",\"@id\":\"https:\\\/\\\/maranhaotv.com.br\\\/index.php\\\/2025\\\/08\\\/30\\\/aos-88-anos-morre-o-escritor-luis-fernando-verissimo\\\/\",\"url\":\"https:\\\/\\\/maranhaotv.com.br\\\/index.php\\\/2025\\\/08\\\/30\\\/aos-88-anos-morre-o-escritor-luis-fernando-verissimo\\\/\",\"name\":\"Aos 88 anos, morre o escritor Luis Fernando Ver\u00edssimo - NOT\u00cdCIAS EM TEMPO REAL\",\"isPartOf\":{\"@id\":\"https:\\\/\\\/maranhaotv.com.br\\\/#website\"},\"primaryImageOfPage\":{\"@id\":\"https:\\\/\\\/maranhaotv.com.br\\\/index.php\\\/2025\\\/08\\\/30\\\/aos-88-anos-morre-o-escritor-luis-fernando-verissimo\\\/#primaryimage\"},\"image\":{\"@id\":\"https:\\\/\\\/maranhaotv.com.br\\\/index.php\\\/2025\\\/08\\\/30\\\/aos-88-anos-morre-o-escritor-luis-fernando-verissimo\\\/#primaryimage\"},\"thumbnailUrl\":\"https:\\\/\\\/maranhaotv.com.br\\\/wp-content\\\/uploads\\\/2025\\\/08\\\/luis-fernando-verissimo-960x540-1.webp\",\"datePublished\":\"2025-08-30T10:48:53+00:00\",\"dateModified\":\"2025-08-30T10:49:11+00:00\",\"breadcrumb\":{\"@id\":\"https:\\\/\\\/maranhaotv.com.br\\\/index.php\\\/2025\\\/08\\\/30\\\/aos-88-anos-morre-o-escritor-luis-fernando-verissimo\\\/#breadcrumb\"},\"inLanguage\":\"pt-BR\",\"potentialAction\":[{\"@type\":\"ReadAction\",\"target\":[\"https:\\\/\\\/maranhaotv.com.br\\\/index.php\\\/2025\\\/08\\\/30\\\/aos-88-anos-morre-o-escritor-luis-fernando-verissimo\\\/\"]}]},{\"@type\":\"ImageObject\",\"inLanguage\":\"pt-BR\",\"@id\":\"https:\\\/\\\/maranhaotv.com.br\\\/index.php\\\/2025\\\/08\\\/30\\\/aos-88-anos-morre-o-escritor-luis-fernando-verissimo\\\/#primaryimage\",\"url\":\"https:\\\/\\\/maranhaotv.com.br\\\/wp-content\\\/uploads\\\/2025\\\/08\\\/luis-fernando-verissimo-960x540-1.webp\",\"contentUrl\":\"https:\\\/\\\/maranhaotv.com.br\\\/wp-content\\\/uploads\\\/2025\\\/08\\\/luis-fernando-verissimo-960x540-1.webp\",\"width\":960,\"height\":540},{\"@type\":\"BreadcrumbList\",\"@id\":\"https:\\\/\\\/maranhaotv.com.br\\\/index.php\\\/2025\\\/08\\\/30\\\/aos-88-anos-morre-o-escritor-luis-fernando-verissimo\\\/#breadcrumb\",\"itemListElement\":[{\"@type\":\"ListItem\",\"position\":1,\"name\":\"In\u00edcio\",\"item\":\"https:\\\/\\\/maranhaotv.com.br\\\/\"},{\"@type\":\"ListItem\",\"position\":2,\"name\":\"Aos 88 anos, morre o escritor Luis Fernando Ver\u00edssimo\"}]},{\"@type\":\"WebSite\",\"@id\":\"https:\\\/\\\/maranhaotv.com.br\\\/#website\",\"url\":\"https:\\\/\\\/maranhaotv.com.br\\\/\",\"name\":\"Maranh\u00e3oTV\",\"description\":\"\",\"publisher\":{\"@id\":\"https:\\\/\\\/maranhaotv.com.br\\\/#organization\"},\"potentialAction\":[{\"@type\":\"SearchAction\",\"target\":{\"@type\":\"EntryPoint\",\"urlTemplate\":\"https:\\\/\\\/maranhaotv.com.br\\\/?s={search_term_string}\"},\"query-input\":{\"@type\":\"PropertyValueSpecification\",\"valueRequired\":true,\"valueName\":\"search_term_string\"}}],\"inLanguage\":\"pt-BR\"},{\"@type\":\"Organization\",\"@id\":\"https:\\\/\\\/maranhaotv.com.br\\\/#organization\",\"name\":\"Portal de Not\u00edcias\",\"url\":\"https:\\\/\\\/maranhaotv.com.br\\\/\",\"logo\":{\"@type\":\"ImageObject\",\"inLanguage\":\"pt-BR\",\"@id\":\"https:\\\/\\\/maranhaotv.com.br\\\/#\\\/schema\\\/logo\\\/image\\\/\",\"url\":\"https:\\\/\\\/maranhaotv.com.br\\\/wp-content\\\/uploads\\\/2024\\\/05\\\/cropped-cropped-avatar-1.png\",\"contentUrl\":\"https:\\\/\\\/maranhaotv.com.br\\\/wp-content\\\/uploads\\\/2024\\\/05\\\/cropped-cropped-avatar-1.png\",\"width\":792,\"height\":428,\"caption\":\"Portal de Not\u00edcias\"},\"image\":{\"@id\":\"https:\\\/\\\/maranhaotv.com.br\\\/#\\\/schema\\\/logo\\\/image\\\/\"},\"sameAs\":[\"https:\\\/\\\/www.facebook.com\\\/maiobaotv\",\"https:\\\/\\\/x.com\\\/sitemaranhaotv\",\"https:\\\/\\\/www.instagram.com\\\/maranhao.tv\",\"https:\\\/\\\/www.threads.net\\\/@maranhao.tv\"]},{\"@type\":\"Person\",\"@id\":\"https:\\\/\\\/maranhaotv.com.br\\\/#\\\/schema\\\/person\\\/3d54238e86b20bb5c89ab2fdb8f8829a\",\"name\":\"maranhaotv\",\"image\":{\"@type\":\"ImageObject\",\"inLanguage\":\"pt-BR\",\"@id\":\"https:\\\/\\\/secure.gravatar.com\\\/avatar\\\/8fadbca458d4cb68b1dd399ae9a40618d747bb1af65ac9fad21c89220a143eb4?s=96&d=mm&r=g\",\"url\":\"https:\\\/\\\/secure.gravatar.com\\\/avatar\\\/8fadbca458d4cb68b1dd399ae9a40618d747bb1af65ac9fad21c89220a143eb4?s=96&d=mm&r=g\",\"contentUrl\":\"https:\\\/\\\/secure.gravatar.com\\\/avatar\\\/8fadbca458d4cb68b1dd399ae9a40618d747bb1af65ac9fad21c89220a143eb4?s=96&d=mm&r=g\",\"caption\":\"maranhaotv\"},\"sameAs\":[\"https:\\\/\\\/maranhaotv.com.br\\\/\"],\"url\":\"https:\\\/\\\/maranhaotv.com.br\\\/index.php\\\/author\\\/maranhaotv\\\/\"}]}<\/script>\n<!-- \/ Yoast SEO plugin. -->","yoast_head_json":{"title":"Aos 88 anos, morre o escritor Luis Fernando Ver\u00edssimo - NOT\u00cdCIAS EM TEMPO REAL","robots":{"index":"index","follow":"follow","max-snippet":"max-snippet:-1","max-image-preview":"max-image-preview:large","max-video-preview":"max-video-preview:-1"},"canonical":"https:\/\/maranhaotv.com.br\/index.php\/2025\/08\/30\/aos-88-anos-morre-o-escritor-luis-fernando-verissimo\/","og_locale":"pt_BR","og_type":"article","og_title":"Aos 88 anos, morre o escritor Luis Fernando Ver\u00edssimo - NOT\u00cdCIAS EM TEMPO REAL","og_description":"O escritor Luis Fernando Ver\u00edssimo morreu na manh\u00e3 deste s\u00e1bado (30), em Porto Alegre (RS), aos 88 anos. Ele estava","og_url":"https:\/\/maranhaotv.com.br\/index.php\/2025\/08\/30\/aos-88-anos-morre-o-escritor-luis-fernando-verissimo\/","og_site_name":"NOT\u00cdCIAS EM TEMPO REAL","article_publisher":"https:\/\/www.facebook.com\/maiobaotv","article_published_time":"2025-08-30T10:48:53+00:00","article_modified_time":"2025-08-30T10:49:11+00:00","og_image":[{"width":960,"height":540,"url":"https:\/\/maranhaotv.com.br\/wp-content\/uploads\/2025\/08\/luis-fernando-verissimo-960x540-1.webp","type":"image\/webp"}],"author":"maranhaotv","twitter_card":"summary_large_image","twitter_creator":"@sitemaranhaotv","twitter_site":"@sitemaranhaotv","twitter_misc":{"Escrito por":"maranhaotv","Est. tempo de leitura":"1 minuto"},"schema":{"@context":"https:\/\/schema.org","@graph":[{"@type":"Article","@id":"https:\/\/maranhaotv.com.br\/index.php\/2025\/08\/30\/aos-88-anos-morre-o-escritor-luis-fernando-verissimo\/#article","isPartOf":{"@id":"https:\/\/maranhaotv.com.br\/index.php\/2025\/08\/30\/aos-88-anos-morre-o-escritor-luis-fernando-verissimo\/"},"author":{"name":"maranhaotv","@id":"https:\/\/maranhaotv.com.br\/#\/schema\/person\/3d54238e86b20bb5c89ab2fdb8f8829a"},"headline":"Aos 88 anos, morre o escritor Luis Fernando Ver\u00edssimo","datePublished":"2025-08-30T10:48:53+00:00","dateModified":"2025-08-30T10:49:11+00:00","mainEntityOfPage":{"@id":"https:\/\/maranhaotv.com.br\/index.php\/2025\/08\/30\/aos-88-anos-morre-o-escritor-luis-fernando-verissimo\/"},"wordCount":246,"commentCount":0,"publisher":{"@id":"https:\/\/maranhaotv.com.br\/#organization"},"image":{"@id":"https:\/\/maranhaotv.com.br\/index.php\/2025\/08\/30\/aos-88-anos-morre-o-escritor-luis-fernando-verissimo\/#primaryimage"},"thumbnailUrl":"https:\/\/maranhaotv.com.br\/wp-content\/uploads\/2025\/08\/luis-fernando-verissimo-960x540-1.webp","articleSection":["not\u00edcias"],"inLanguage":"pt-BR","potentialAction":[{"@type":"CommentAction","name":"Comment","target":["https:\/\/maranhaotv.com.br\/index.php\/2025\/08\/30\/aos-88-anos-morre-o-escritor-luis-fernando-verissimo\/#respond"]}]},{"@type":"WebPage","@id":"https:\/\/maranhaotv.com.br\/index.php\/2025\/08\/30\/aos-88-anos-morre-o-escritor-luis-fernando-verissimo\/","url":"https:\/\/maranhaotv.com.br\/index.php\/2025\/08\/30\/aos-88-anos-morre-o-escritor-luis-fernando-verissimo\/","name":"Aos 88 anos, morre o escritor Luis Fernando Ver\u00edssimo - NOT\u00cdCIAS EM TEMPO REAL","isPartOf":{"@id":"https:\/\/maranhaotv.com.br\/#website"},"primaryImageOfPage":{"@id":"https:\/\/maranhaotv.com.br\/index.php\/2025\/08\/30\/aos-88-anos-morre-o-escritor-luis-fernando-verissimo\/#primaryimage"},"image":{"@id":"https:\/\/maranhaotv.com.br\/index.php\/2025\/08\/30\/aos-88-anos-morre-o-escritor-luis-fernando-verissimo\/#primaryimage"},"thumbnailUrl":"https:\/\/maranhaotv.com.br\/wp-content\/uploads\/2025\/08\/luis-fernando-verissimo-960x540-1.webp","datePublished":"2025-08-30T10:48:53+00:00","dateModified":"2025-08-30T10:49:11+00:00","breadcrumb":{"@id":"https:\/\/maranhaotv.com.br\/index.php\/2025\/08\/30\/aos-88-anos-morre-o-escritor-luis-fernando-verissimo\/#breadcrumb"},"inLanguage":"pt-BR","potentialAction":[{"@type":"ReadAction","target":["https:\/\/maranhaotv.com.br\/index.php\/2025\/08\/30\/aos-88-anos-morre-o-escritor-luis-fernando-verissimo\/"]}]},{"@type":"ImageObject","inLanguage":"pt-BR","@id":"https:\/\/maranhaotv.com.br\/index.php\/2025\/08\/30\/aos-88-anos-morre-o-escritor-luis-fernando-verissimo\/#primaryimage","url":"https:\/\/maranhaotv.com.br\/wp-content\/uploads\/2025\/08\/luis-fernando-verissimo-960x540-1.webp","contentUrl":"https:\/\/maranhaotv.com.br\/wp-content\/uploads\/2025\/08\/luis-fernando-verissimo-960x540-1.webp","width":960,"height":540},{"@type":"BreadcrumbList","@id":"https:\/\/maranhaotv.com.br\/index.php\/2025\/08\/30\/aos-88-anos-morre-o-escritor-luis-fernando-verissimo\/#breadcrumb","itemListElement":[{"@type":"ListItem","position":1,"name":"In\u00edcio","item":"https:\/\/maranhaotv.com.br\/"},{"@type":"ListItem","position":2,"name":"Aos 88 anos, morre o escritor Luis Fernando Ver\u00edssimo"}]},{"@type":"WebSite","@id":"https:\/\/maranhaotv.com.br\/#website","url":"https:\/\/maranhaotv.com.br\/","name":"Maranh\u00e3oTV","description":"","publisher":{"@id":"https:\/\/maranhaotv.com.br\/#organization"},"potentialAction":[{"@type":"SearchAction","target":{"@type":"EntryPoint","urlTemplate":"https:\/\/maranhaotv.com.br\/?s={search_term_string}"},"query-input":{"@type":"PropertyValueSpecification","valueRequired":true,"valueName":"search_term_string"}}],"inLanguage":"pt-BR"},{"@type":"Organization","@id":"https:\/\/maranhaotv.com.br\/#organization","name":"Portal de Not\u00edcias","url":"https:\/\/maranhaotv.com.br\/","logo":{"@type":"ImageObject","inLanguage":"pt-BR","@id":"https:\/\/maranhaotv.com.br\/#\/schema\/logo\/image\/","url":"https:\/\/maranhaotv.com.br\/wp-content\/uploads\/2024\/05\/cropped-cropped-avatar-1.png","contentUrl":"https:\/\/maranhaotv.com.br\/wp-content\/uploads\/2024\/05\/cropped-cropped-avatar-1.png","width":792,"height":428,"caption":"Portal de Not\u00edcias"},"image":{"@id":"https:\/\/maranhaotv.com.br\/#\/schema\/logo\/image\/"},"sameAs":["https:\/\/www.facebook.com\/maiobaotv","https:\/\/x.com\/sitemaranhaotv","https:\/\/www.instagram.com\/maranhao.tv","https:\/\/www.threads.net\/@maranhao.tv"]},{"@type":"Person","@id":"https:\/\/maranhaotv.com.br\/#\/schema\/person\/3d54238e86b20bb5c89ab2fdb8f8829a","name":"maranhaotv","image":{"@type":"ImageObject","inLanguage":"pt-BR","@id":"https:\/\/secure.gravatar.com\/avatar\/8fadbca458d4cb68b1dd399ae9a40618d747bb1af65ac9fad21c89220a143eb4?s=96&d=mm&r=g","url":"https:\/\/secure.gravatar.com\/avatar\/8fadbca458d4cb68b1dd399ae9a40618d747bb1af65ac9fad21c89220a143eb4?s=96&d=mm&r=g","contentUrl":"https:\/\/secure.gravatar.com\/avatar\/8fadbca458d4cb68b1dd399ae9a40618d747bb1af65ac9fad21c89220a143eb4?s=96&d=mm&r=g","caption":"maranhaotv"},"sameAs":["https:\/\/maranhaotv.com.br\/"],"url":"https:\/\/maranhaotv.com.br\/index.php\/author\/maranhaotv\/"}]}},"jetpack_featured_media_url":"https:\/\/maranhaotv.com.br\/wp-content\/uploads\/2025\/08\/luis-fernando-verissimo-960x540-1.webp","jetpack_sharing_enabled":true,"_links":{"self":[{"href":"https:\/\/maranhaotv.com.br\/index.php\/wp-json\/wp\/v2\/posts\/43953","targetHints":{"allow":["GET"]}}],"collection":[{"href":"https:\/\/maranhaotv.com.br\/index.php\/wp-json\/wp\/v2\/posts"}],"about":[{"href":"https:\/\/maranhaotv.com.br\/index.php\/wp-json\/wp\/v2\/types\/post"}],"author":[{"embeddable":true,"href":"https:\/\/maranhaotv.com.br\/index.php\/wp-json\/wp\/v2\/users\/2"}],"replies":[{"embeddable":true,"href":"https:\/\/maranhaotv.com.br\/index.php\/wp-json\/wp\/v2\/comments?post=43953"}],"version-history":[{"count":1,"href":"https:\/\/maranhaotv.com.br\/index.php\/wp-json\/wp\/v2\/posts\/43953\/revisions"}],"predecessor-version":[{"id":43954,"href":"https:\/\/maranhaotv.com.br\/index.php\/wp-json\/wp\/v2\/posts\/43953\/revisions\/43954"}],"wp:featuredmedia":[{"embeddable":true,"href":"https:\/\/maranhaotv.com.br\/index.php\/wp-json\/wp\/v2\/media\/43952"}],"wp:attachment":[{"href":"https:\/\/maranhaotv.com.br\/index.php\/wp-json\/wp\/v2\/media?parent=43953"}],"wp:term":[{"taxonomy":"category","embeddable":true,"href":"https:\/\/maranhaotv.com.br\/index.php\/wp-json\/wp\/v2\/categories?post=43953"},{"taxonomy":"post_tag","embeddable":true,"href":"https:\/\/maranhaotv.com.br\/index.php\/wp-json\/wp\/v2\/tags?post=43953"}],"curies":[{"name":"wp","href":"https:\/\/api.w.org\/{rel}","templated":true}]}}