{"id":44122,"date":"2025-09-14T14:08:58","date_gmt":"2025-09-14T17:08:58","guid":{"rendered":"https:\/\/maranhaotv.com.br\/?p=44122"},"modified":"2025-09-14T17:12:59","modified_gmt":"2025-09-14T20:12:59","slug":"o-badalado-elegante-e-vip-influencer-lucas-bessa-marcou-presenca-na-festa-do-zebu-em-uberaba-com-um-look-avaliado-em-10-mil-atraindo-todos-os-os-olhares","status":"publish","type":"post","link":"https:\/\/maranhaotv.com.br\/index.php\/2025\/09\/14\/o-badalado-elegante-e-vip-influencer-lucas-bessa-marcou-presenca-na-festa-do-zebu-em-uberaba-com-um-look-avaliado-em-10-mil-atraindo-todos-os-os-olhares\/","title":{"rendered":"O badalado, elegante e vip Influencer Lucas Bessa marcou presen\u00e7a na Festa do zebu em Uberaba com um look avaliado em 10 mil atraindo todos os olhares"},"content":{"rendered":"\n<p><\/p>\n\n\n\n<p><\/p>\n\n\n\n<p><\/p>\n\n\n\n<p>A Festa do Zebu, realizada no \u00faltimo fim de semana no Paineiras Hotel Fazenda, em Uberaba, contou com a presen\u00e7a de diversas personalidades, mas quem realmente atraiu os holofotes foi o influencer de sucesso Lucas Bessa. Com mais de 300 mil seguidores no Instagram, Bessa, conhecido por seu estilo elegante e carisma, foi um dos nomes mais comentados do evento.<br \/>Atraindo todos os olhares com um look de 10 mil Lucas Bessa foi o destaque da Festa do zebu!<\/p>\n\n\n\n<p>Lucas exibiu seu estilo refinado, que j\u00e1 \u00e9 sua marca registrada nas redes sociais. Vestido com eleg\u00e2ncia e sempre demonstrando simpatia, ele rapidamente se tornou o centro das aten\u00e7\u00f5es, sendo abordado por f\u00e3s e admiradores que o reconheciam n\u00e3o apenas por seu trabalho digital, mas tamb\u00e9m por sua forte presen\u00e7a pessoal.<\/p>\n\n\n\n<p>O sucesso de Lucas Bessa na Festa do Zebu \u00e9 mais uma prova de sua relev\u00e2ncia na cena digital e sua habilidade em conquistar espa\u00e7os importantes com sua presen\u00e7a marcante e acess\u00edvel. Em meio a outros influencers, Bessa destacou-se, reafirmando sua posi\u00e7\u00e3o como uma das principais figuras p\u00fablicas de Uberaba e das festas mais badaladas do pa\u00eds.<\/p>\n\n\n\n<figure class=\"wp-block-image size-large\"><img loading=\"lazy\" decoding=\"async\" width=\"576\" height=\"1024\" src=\"https:\/\/maranhaotv.com.br\/wp-content\/uploads\/2025\/09\/3448aa4c-4315-4295-9473-eac0047ea395-576x1024.jpg\" alt=\"\" class=\"wp-image-44116\" srcset=\"https:\/\/maranhaotv.com.br\/wp-content\/uploads\/2025\/09\/3448aa4c-4315-4295-9473-eac0047ea395-576x1024.jpg 576w, https:\/\/maranhaotv.com.br\/wp-content\/uploads\/2025\/09\/3448aa4c-4315-4295-9473-eac0047ea395-169x300.jpg 169w, https:\/\/maranhaotv.com.br\/wp-content\/uploads\/2025\/09\/3448aa4c-4315-4295-9473-eac0047ea395.jpg 720w\" sizes=\"auto, (max-width: 576px) 100vw, 576px\" \/><\/figure>\n\n\n\n<figure class=\"wp-block-image size-large\"><img loading=\"lazy\" decoding=\"async\" width=\"734\" height=\"1024\" src=\"https:\/\/maranhaotv.com.br\/wp-content\/uploads\/2025\/09\/b04e71bb-0845-464c-8d04-f5c70f1673b7-734x1024.jpg\" alt=\"\" class=\"wp-image-44117\" srcset=\"https:\/\/maranhaotv.com.br\/wp-content\/uploads\/2025\/09\/b04e71bb-0845-464c-8d04-f5c70f1673b7-734x1024.jpg 734w, https:\/\/maranhaotv.com.br\/wp-content\/uploads\/2025\/09\/b04e71bb-0845-464c-8d04-f5c70f1673b7-215x300.jpg 215w, https:\/\/maranhaotv.com.br\/wp-content\/uploads\/2025\/09\/b04e71bb-0845-464c-8d04-f5c70f1673b7-768x1071.jpg 768w, https:\/\/maranhaotv.com.br\/wp-content\/uploads\/2025\/09\/b04e71bb-0845-464c-8d04-f5c70f1673b7.jpg 918w\" sizes=\"auto, (max-width: 734px) 100vw, 734px\" \/><\/figure>\n\n\n\n<figure class=\"wp-block-video\"><video height=\"736\" style=\"aspect-ratio: 480 \/ 736;\" width=\"480\" controls src=\"https:\/\/maranhaotv.com.br\/wp-content\/uploads\/2025\/09\/ab96d66a-161e-4a30-a057-e3a111013feb.mp4\"><\/video><\/figure>\n\n\n\n<figure class=\"wp-block-image size-large\"><img loading=\"lazy\" decoding=\"async\" width=\"576\" height=\"1024\" src=\"https:\/\/maranhaotv.com.br\/wp-content\/uploads\/2025\/09\/3448aa4c-4315-4295-9473-eac0047ea395-1-576x1024.jpg\" alt=\"\" class=\"wp-image-44119\" srcset=\"https:\/\/maranhaotv.com.br\/wp-content\/uploads\/2025\/09\/3448aa4c-4315-4295-9473-eac0047ea395-1-576x1024.jpg 576w, https:\/\/maranhaotv.com.br\/wp-content\/uploads\/2025\/09\/3448aa4c-4315-4295-9473-eac0047ea395-1-169x300.jpg 169w, https:\/\/maranhaotv.com.br\/wp-content\/uploads\/2025\/09\/3448aa4c-4315-4295-9473-eac0047ea395-1.jpg 720w\" sizes=\"auto, (max-width: 576px) 100vw, 576px\" \/><\/figure>\n\n\n\n<figure class=\"wp-block-video\"><video height=\"752\" style=\"aspect-ratio: 480 \/ 752;\" width=\"480\" controls src=\"https:\/\/maranhaotv.com.br\/wp-content\/uploads\/2025\/09\/173866d0-50dc-40eb-8a32-457db5d2ad6e.mp4\"><\/video><\/figure>\n","protected":false},"excerpt":{"rendered":"<p>A Festa do Zebu, realizada no \u00faltimo fim de semana no Paineiras Hotel Fazenda, em Uberaba, contou com a presen\u00e7a<\/p>\n","protected":false},"author":2,"featured_media":44124,"comment_status":"closed","ping_status":"open","sticky":false,"template":"","format":"standard","meta":{"colormag_page_container_layout":"default_layout","colormag_page_sidebar_layout":"default_layout","_jetpack_memberships_contains_paid_content":false,"footnotes":""},"categories":[8],"tags":[544,540,554],"class_list":["post-44122","post","type-post","status-publish","format-standard","has-post-thumbnail","hentry","category-servicos","tag-influenciador-lucas-bessa","tag-lucas-bessa","tag-lucas-bessa-uberaba"],"magazineBlocksPostFeaturedMedia":{"thumbnail":"https:\/\/maranhaotv.com.br\/wp-content\/uploads\/2025\/09\/IMG-20250914-WA0179-150x150.jpg","medium":"https:\/\/maranhaotv.com.br\/wp-content\/uploads\/2025\/09\/IMG-20250914-WA0179-300x160.jpg","medium_large":"https:\/\/maranhaotv.com.br\/wp-content\/uploads\/2025\/09\/IMG-20250914-WA0179.jpg","large":"https:\/\/maranhaotv.com.br\/wp-content\/uploads\/2025\/09\/IMG-20250914-WA0179.jpg","1536x1536":"https:\/\/maranhaotv.com.br\/wp-content\/uploads\/2025\/09\/IMG-20250914-WA0179.jpg","2048x2048":"https:\/\/maranhaotv.com.br\/wp-content\/uploads\/2025\/09\/IMG-20250914-WA0179.jpg","colormag-highlighted-post":"https:\/\/maranhaotv.com.br\/wp-content\/uploads\/2025\/09\/IMG-20250914-WA0179-392x272.jpg","colormag-featured-post-medium":"https:\/\/maranhaotv.com.br\/wp-content\/uploads\/2025\/09\/IMG-20250914-WA0179-390x205.jpg","colormag-featured-post-small":"https:\/\/maranhaotv.com.br\/wp-content\/uploads\/2025\/09\/IMG-20250914-WA0179-130x90.jpg","colormag-featured-image":"https:\/\/maranhaotv.com.br\/wp-content\/uploads\/2025\/09\/IMG-20250914-WA0179.jpg","colormag-default-news":"https:\/\/maranhaotv.com.br\/wp-content\/uploads\/2025\/09\/IMG-20250914-WA0179-150x150.jpg","colormag-featured-image-large":"https:\/\/maranhaotv.com.br\/wp-content\/uploads\/2025\/09\/IMG-20250914-WA0179.jpg"},"magazineBlocksPostAuthor":{"name":"maranhaotv","avatar":"https:\/\/secure.gravatar.com\/avatar\/8fadbca458d4cb68b1dd399ae9a40618d747bb1af65ac9fad21c89220a143eb4?s=96&d=mm&r=g"},"magazineBlocksPostCommentsNumber":false,"magazineBlocksPostExcerpt":"A Festa do Zebu, realizada no \u00faltimo fim de semana no Paineiras Hotel Fazenda, em Uberaba, contou com a presen\u00e7a","magazineBlocksPostCategories":["servi\u00e7os"],"magazineBlocksPostViewCount":454,"magazineBlocksPostReadTime":1,"magazine_blocks_featured_image_url":{"full":["https:\/\/maranhaotv.com.br\/wp-content\/uploads\/2025\/09\/IMG-20250914-WA0179.jpg",720,384,false],"medium":["https:\/\/maranhaotv.com.br\/wp-content\/uploads\/2025\/09\/IMG-20250914-WA0179-300x160.jpg",300,160,true],"thumbnail":["https:\/\/maranhaotv.com.br\/wp-content\/uploads\/2025\/09\/IMG-20250914-WA0179-150x150.jpg",150,150,true]},"magazine_blocks_author":{"display_name":"maranhaotv","author_link":"https:\/\/maranhaotv.com.br\/index.php\/author\/maranhaotv\/"},"magazine_blocks_comment":0,"magazine_blocks_author_image":"https:\/\/secure.gravatar.com\/avatar\/8fadbca458d4cb68b1dd399ae9a40618d747bb1af65ac9fad21c89220a143eb4?s=96&d=mm&r=g","magazine_blocks_category":"<a href=\"#\" class=\"category-link category-link-8\">servi\u00e7os<\/a>","yoast_head":"<!-- This site is optimized with the Yoast SEO plugin v27.4 - https:\/\/yoast.com\/product\/yoast-seo-wordpress\/ -->\n<title>O badalado, elegante e vip Influencer Lucas Bessa marcou presen\u00e7a na Festa do zebu em Uberaba com um look avaliado em 10 mil atraindo todos os olhares - NOT\u00cdCIAS EM TEMPO REAL<\/title>\n<meta name=\"robots\" content=\"index, follow, max-snippet:-1, max-image-preview:large, max-video-preview:-1\" \/>\n<link rel=\"canonical\" href=\"https:\/\/maranhaotv.com.br\/index.php\/2025\/09\/14\/o-badalado-elegante-e-vip-influencer-lucas-bessa-marcou-presenca-na-festa-do-zebu-em-uberaba-com-um-look-avaliado-em-10-mil-atraindo-todos-os-os-olhares\/\" \/>\n<meta property=\"og:locale\" content=\"pt_BR\" \/>\n<meta property=\"og:type\" content=\"article\" \/>\n<meta property=\"og:title\" content=\"O badalado, elegante e vip Influencer Lucas Bessa marcou presen\u00e7a na Festa do zebu em Uberaba com um look avaliado em 10 mil atraindo todos os olhares - NOT\u00cdCIAS EM TEMPO REAL\" \/>\n<meta property=\"og:description\" content=\"A Festa do Zebu, realizada no \u00faltimo fim de semana no Paineiras Hotel Fazenda, em Uberaba, contou com a presen\u00e7a\" \/>\n<meta property=\"og:url\" content=\"https:\/\/maranhaotv.com.br\/index.php\/2025\/09\/14\/o-badalado-elegante-e-vip-influencer-lucas-bessa-marcou-presenca-na-festa-do-zebu-em-uberaba-com-um-look-avaliado-em-10-mil-atraindo-todos-os-os-olhares\/\" \/>\n<meta property=\"og:site_name\" content=\"NOT\u00cdCIAS EM TEMPO REAL\" \/>\n<meta property=\"article:publisher\" content=\"https:\/\/www.facebook.com\/maiobaotv\" \/>\n<meta property=\"article:published_time\" content=\"2025-09-14T17:08:58+00:00\" \/>\n<meta property=\"article:modified_time\" content=\"2025-09-14T20:12:59+00:00\" \/>\n<meta property=\"og:image\" content=\"https:\/\/maranhaotv.com.br\/wp-content\/uploads\/2025\/09\/IMG-20250914-WA0179.jpg\" \/>\n\t<meta property=\"og:image:width\" content=\"720\" \/>\n\t<meta property=\"og:image:height\" content=\"384\" \/>\n\t<meta property=\"og:image:type\" content=\"image\/jpeg\" \/>\n<meta name=\"author\" content=\"maranhaotv\" \/>\n<meta name=\"twitter:card\" content=\"summary_large_image\" \/>\n<meta name=\"twitter:creator\" content=\"@sitemaranhaotv\" \/>\n<meta name=\"twitter:site\" content=\"@sitemaranhaotv\" \/>\n<meta name=\"twitter:label1\" content=\"Escrito por\" \/>\n\t<meta name=\"twitter:data1\" content=\"maranhaotv\" \/>\n\t<meta name=\"twitter:label2\" content=\"Est. tempo de leitura\" \/>\n\t<meta name=\"twitter:data2\" content=\"1 minuto\" \/>\n<script type=\"application\/ld+json\" class=\"yoast-schema-graph\">{\"@context\":\"https:\\\/\\\/schema.org\",\"@graph\":[{\"@type\":\"Article\",\"@id\":\"https:\\\/\\\/maranhaotv.com.br\\\/index.php\\\/2025\\\/09\\\/14\\\/o-badalado-elegante-e-vip-influencer-lucas-bessa-marcou-presenca-na-festa-do-zebu-em-uberaba-com-um-look-avaliado-em-10-mil-atraindo-todos-os-os-olhares\\\/#article\",\"isPartOf\":{\"@id\":\"https:\\\/\\\/maranhaotv.com.br\\\/index.php\\\/2025\\\/09\\\/14\\\/o-badalado-elegante-e-vip-influencer-lucas-bessa-marcou-presenca-na-festa-do-zebu-em-uberaba-com-um-look-avaliado-em-10-mil-atraindo-todos-os-os-olhares\\\/\"},\"author\":{\"name\":\"maranhaotv\",\"@id\":\"https:\\\/\\\/maranhaotv.com.br\\\/#\\\/schema\\\/person\\\/3d54238e86b20bb5c89ab2fdb8f8829a\"},\"headline\":\"O badalado, elegante e vip Influencer Lucas Bessa marcou presen\u00e7a na Festa do zebu em Uberaba com um look avaliado em 10 mil atraindo todos os olhares\",\"datePublished\":\"2025-09-14T17:08:58+00:00\",\"dateModified\":\"2025-09-14T20:12:59+00:00\",\"mainEntityOfPage\":{\"@id\":\"https:\\\/\\\/maranhaotv.com.br\\\/index.php\\\/2025\\\/09\\\/14\\\/o-badalado-elegante-e-vip-influencer-lucas-bessa-marcou-presenca-na-festa-do-zebu-em-uberaba-com-um-look-avaliado-em-10-mil-atraindo-todos-os-os-olhares\\\/\"},\"wordCount\":224,\"publisher\":{\"@id\":\"https:\\\/\\\/maranhaotv.com.br\\\/#organization\"},\"image\":{\"@id\":\"https:\\\/\\\/maranhaotv.com.br\\\/index.php\\\/2025\\\/09\\\/14\\\/o-badalado-elegante-e-vip-influencer-lucas-bessa-marcou-presenca-na-festa-do-zebu-em-uberaba-com-um-look-avaliado-em-10-mil-atraindo-todos-os-os-olhares\\\/#primaryimage\"},\"thumbnailUrl\":\"https:\\\/\\\/maranhaotv.com.br\\\/wp-content\\\/uploads\\\/2025\\\/09\\\/IMG-20250914-WA0179.jpg\",\"keywords\":[\"Influenciador Lucas Bessa\",\"Lucas Bessa\",\"Lucas Bessa Uberaba\"],\"articleSection\":[\"servi\u00e7os\"],\"inLanguage\":\"pt-BR\"},{\"@type\":\"WebPage\",\"@id\":\"https:\\\/\\\/maranhaotv.com.br\\\/index.php\\\/2025\\\/09\\\/14\\\/o-badalado-elegante-e-vip-influencer-lucas-bessa-marcou-presenca-na-festa-do-zebu-em-uberaba-com-um-look-avaliado-em-10-mil-atraindo-todos-os-os-olhares\\\/\",\"url\":\"https:\\\/\\\/maranhaotv.com.br\\\/index.php\\\/2025\\\/09\\\/14\\\/o-badalado-elegante-e-vip-influencer-lucas-bessa-marcou-presenca-na-festa-do-zebu-em-uberaba-com-um-look-avaliado-em-10-mil-atraindo-todos-os-os-olhares\\\/\",\"name\":\"O badalado, elegante e vip Influencer Lucas Bessa marcou presen\u00e7a na Festa do zebu em Uberaba com um look avaliado em 10 mil atraindo todos os olhares - NOT\u00cdCIAS EM TEMPO REAL\",\"isPartOf\":{\"@id\":\"https:\\\/\\\/maranhaotv.com.br\\\/#website\"},\"primaryImageOfPage\":{\"@id\":\"https:\\\/\\\/maranhaotv.com.br\\\/index.php\\\/2025\\\/09\\\/14\\\/o-badalado-elegante-e-vip-influencer-lucas-bessa-marcou-presenca-na-festa-do-zebu-em-uberaba-com-um-look-avaliado-em-10-mil-atraindo-todos-os-os-olhares\\\/#primaryimage\"},\"image\":{\"@id\":\"https:\\\/\\\/maranhaotv.com.br\\\/index.php\\\/2025\\\/09\\\/14\\\/o-badalado-elegante-e-vip-influencer-lucas-bessa-marcou-presenca-na-festa-do-zebu-em-uberaba-com-um-look-avaliado-em-10-mil-atraindo-todos-os-os-olhares\\\/#primaryimage\"},\"thumbnailUrl\":\"https:\\\/\\\/maranhaotv.com.br\\\/wp-content\\\/uploads\\\/2025\\\/09\\\/IMG-20250914-WA0179.jpg\",\"datePublished\":\"2025-09-14T17:08:58+00:00\",\"dateModified\":\"2025-09-14T20:12:59+00:00\",\"breadcrumb\":{\"@id\":\"https:\\\/\\\/maranhaotv.com.br\\\/index.php\\\/2025\\\/09\\\/14\\\/o-badalado-elegante-e-vip-influencer-lucas-bessa-marcou-presenca-na-festa-do-zebu-em-uberaba-com-um-look-avaliado-em-10-mil-atraindo-todos-os-os-olhares\\\/#breadcrumb\"},\"inLanguage\":\"pt-BR\",\"potentialAction\":[{\"@type\":\"ReadAction\",\"target\":[\"https:\\\/\\\/maranhaotv.com.br\\\/index.php\\\/2025\\\/09\\\/14\\\/o-badalado-elegante-e-vip-influencer-lucas-bessa-marcou-presenca-na-festa-do-zebu-em-uberaba-com-um-look-avaliado-em-10-mil-atraindo-todos-os-os-olhares\\\/\"]}]},{\"@type\":\"ImageObject\",\"inLanguage\":\"pt-BR\",\"@id\":\"https:\\\/\\\/maranhaotv.com.br\\\/index.php\\\/2025\\\/09\\\/14\\\/o-badalado-elegante-e-vip-influencer-lucas-bessa-marcou-presenca-na-festa-do-zebu-em-uberaba-com-um-look-avaliado-em-10-mil-atraindo-todos-os-os-olhares\\\/#primaryimage\",\"url\":\"https:\\\/\\\/maranhaotv.com.br\\\/wp-content\\\/uploads\\\/2025\\\/09\\\/IMG-20250914-WA0179.jpg\",\"contentUrl\":\"https:\\\/\\\/maranhaotv.com.br\\\/wp-content\\\/uploads\\\/2025\\\/09\\\/IMG-20250914-WA0179.jpg\",\"width\":720,\"height\":384},{\"@type\":\"BreadcrumbList\",\"@id\":\"https:\\\/\\\/maranhaotv.com.br\\\/index.php\\\/2025\\\/09\\\/14\\\/o-badalado-elegante-e-vip-influencer-lucas-bessa-marcou-presenca-na-festa-do-zebu-em-uberaba-com-um-look-avaliado-em-10-mil-atraindo-todos-os-os-olhares\\\/#breadcrumb\",\"itemListElement\":[{\"@type\":\"ListItem\",\"position\":1,\"name\":\"In\u00edcio\",\"item\":\"https:\\\/\\\/maranhaotv.com.br\\\/\"},{\"@type\":\"ListItem\",\"position\":2,\"name\":\"O badalado, elegante e vip Influencer Lucas Bessa marcou presen\u00e7a na Festa do zebu em Uberaba com um look avaliado em 10 mil atraindo todos os olhares\"}]},{\"@type\":\"WebSite\",\"@id\":\"https:\\\/\\\/maranhaotv.com.br\\\/#website\",\"url\":\"https:\\\/\\\/maranhaotv.com.br\\\/\",\"name\":\"Maranh\u00e3oTV\",\"description\":\"\",\"publisher\":{\"@id\":\"https:\\\/\\\/maranhaotv.com.br\\\/#organization\"},\"potentialAction\":[{\"@type\":\"SearchAction\",\"target\":{\"@type\":\"EntryPoint\",\"urlTemplate\":\"https:\\\/\\\/maranhaotv.com.br\\\/?s={search_term_string}\"},\"query-input\":{\"@type\":\"PropertyValueSpecification\",\"valueRequired\":true,\"valueName\":\"search_term_string\"}}],\"inLanguage\":\"pt-BR\"},{\"@type\":\"Organization\",\"@id\":\"https:\\\/\\\/maranhaotv.com.br\\\/#organization\",\"name\":\"Portal de Not\u00edcias\",\"url\":\"https:\\\/\\\/maranhaotv.com.br\\\/\",\"logo\":{\"@type\":\"ImageObject\",\"inLanguage\":\"pt-BR\",\"@id\":\"https:\\\/\\\/maranhaotv.com.br\\\/#\\\/schema\\\/logo\\\/image\\\/\",\"url\":\"https:\\\/\\\/maranhaotv.com.br\\\/wp-content\\\/uploads\\\/2024\\\/05\\\/cropped-cropped-avatar-1.png\",\"contentUrl\":\"https:\\\/\\\/maranhaotv.com.br\\\/wp-content\\\/uploads\\\/2024\\\/05\\\/cropped-cropped-avatar-1.png\",\"width\":792,\"height\":428,\"caption\":\"Portal de Not\u00edcias\"},\"image\":{\"@id\":\"https:\\\/\\\/maranhaotv.com.br\\\/#\\\/schema\\\/logo\\\/image\\\/\"},\"sameAs\":[\"https:\\\/\\\/www.facebook.com\\\/maiobaotv\",\"https:\\\/\\\/x.com\\\/sitemaranhaotv\",\"https:\\\/\\\/www.instagram.com\\\/maranhao.tv\",\"https:\\\/\\\/www.threads.net\\\/@maranhao.tv\"]},{\"@type\":\"Person\",\"@id\":\"https:\\\/\\\/maranhaotv.com.br\\\/#\\\/schema\\\/person\\\/3d54238e86b20bb5c89ab2fdb8f8829a\",\"name\":\"maranhaotv\",\"image\":{\"@type\":\"ImageObject\",\"inLanguage\":\"pt-BR\",\"@id\":\"https:\\\/\\\/secure.gravatar.com\\\/avatar\\\/8fadbca458d4cb68b1dd399ae9a40618d747bb1af65ac9fad21c89220a143eb4?s=96&d=mm&r=g\",\"url\":\"https:\\\/\\\/secure.gravatar.com\\\/avatar\\\/8fadbca458d4cb68b1dd399ae9a40618d747bb1af65ac9fad21c89220a143eb4?s=96&d=mm&r=g\",\"contentUrl\":\"https:\\\/\\\/secure.gravatar.com\\\/avatar\\\/8fadbca458d4cb68b1dd399ae9a40618d747bb1af65ac9fad21c89220a143eb4?s=96&d=mm&r=g\",\"caption\":\"maranhaotv\"},\"sameAs\":[\"https:\\\/\\\/maranhaotv.com.br\\\/\"],\"url\":\"https:\\\/\\\/maranhaotv.com.br\\\/index.php\\\/author\\\/maranhaotv\\\/\"}]}<\/script>\n<!-- \/ Yoast SEO plugin. -->","yoast_head_json":{"title":"O badalado, elegante e vip Influencer Lucas Bessa marcou presen\u00e7a na Festa do zebu em Uberaba com um look avaliado em 10 mil atraindo todos os olhares - NOT\u00cdCIAS EM TEMPO REAL","robots":{"index":"index","follow":"follow","max-snippet":"max-snippet:-1","max-image-preview":"max-image-preview:large","max-video-preview":"max-video-preview:-1"},"canonical":"https:\/\/maranhaotv.com.br\/index.php\/2025\/09\/14\/o-badalado-elegante-e-vip-influencer-lucas-bessa-marcou-presenca-na-festa-do-zebu-em-uberaba-com-um-look-avaliado-em-10-mil-atraindo-todos-os-os-olhares\/","og_locale":"pt_BR","og_type":"article","og_title":"O badalado, elegante e vip Influencer Lucas Bessa marcou presen\u00e7a na Festa do zebu em Uberaba com um look avaliado em 10 mil atraindo todos os olhares - NOT\u00cdCIAS EM TEMPO REAL","og_description":"A Festa do Zebu, realizada no \u00faltimo fim de semana no Paineiras Hotel Fazenda, em Uberaba, contou com a presen\u00e7a","og_url":"https:\/\/maranhaotv.com.br\/index.php\/2025\/09\/14\/o-badalado-elegante-e-vip-influencer-lucas-bessa-marcou-presenca-na-festa-do-zebu-em-uberaba-com-um-look-avaliado-em-10-mil-atraindo-todos-os-os-olhares\/","og_site_name":"NOT\u00cdCIAS EM TEMPO REAL","article_publisher":"https:\/\/www.facebook.com\/maiobaotv","article_published_time":"2025-09-14T17:08:58+00:00","article_modified_time":"2025-09-14T20:12:59+00:00","og_image":[{"width":720,"height":384,"url":"https:\/\/maranhaotv.com.br\/wp-content\/uploads\/2025\/09\/IMG-20250914-WA0179.jpg","type":"image\/jpeg"}],"author":"maranhaotv","twitter_card":"summary_large_image","twitter_creator":"@sitemaranhaotv","twitter_site":"@sitemaranhaotv","twitter_misc":{"Escrito por":"maranhaotv","Est. tempo de leitura":"1 minuto"},"schema":{"@context":"https:\/\/schema.org","@graph":[{"@type":"Article","@id":"https:\/\/maranhaotv.com.br\/index.php\/2025\/09\/14\/o-badalado-elegante-e-vip-influencer-lucas-bessa-marcou-presenca-na-festa-do-zebu-em-uberaba-com-um-look-avaliado-em-10-mil-atraindo-todos-os-os-olhares\/#article","isPartOf":{"@id":"https:\/\/maranhaotv.com.br\/index.php\/2025\/09\/14\/o-badalado-elegante-e-vip-influencer-lucas-bessa-marcou-presenca-na-festa-do-zebu-em-uberaba-com-um-look-avaliado-em-10-mil-atraindo-todos-os-os-olhares\/"},"author":{"name":"maranhaotv","@id":"https:\/\/maranhaotv.com.br\/#\/schema\/person\/3d54238e86b20bb5c89ab2fdb8f8829a"},"headline":"O badalado, elegante e vip Influencer Lucas Bessa marcou presen\u00e7a na Festa do zebu em Uberaba com um look avaliado em 10 mil atraindo todos os olhares","datePublished":"2025-09-14T17:08:58+00:00","dateModified":"2025-09-14T20:12:59+00:00","mainEntityOfPage":{"@id":"https:\/\/maranhaotv.com.br\/index.php\/2025\/09\/14\/o-badalado-elegante-e-vip-influencer-lucas-bessa-marcou-presenca-na-festa-do-zebu-em-uberaba-com-um-look-avaliado-em-10-mil-atraindo-todos-os-os-olhares\/"},"wordCount":224,"publisher":{"@id":"https:\/\/maranhaotv.com.br\/#organization"},"image":{"@id":"https:\/\/maranhaotv.com.br\/index.php\/2025\/09\/14\/o-badalado-elegante-e-vip-influencer-lucas-bessa-marcou-presenca-na-festa-do-zebu-em-uberaba-com-um-look-avaliado-em-10-mil-atraindo-todos-os-os-olhares\/#primaryimage"},"thumbnailUrl":"https:\/\/maranhaotv.com.br\/wp-content\/uploads\/2025\/09\/IMG-20250914-WA0179.jpg","keywords":["Influenciador Lucas Bessa","Lucas Bessa","Lucas Bessa Uberaba"],"articleSection":["servi\u00e7os"],"inLanguage":"pt-BR"},{"@type":"WebPage","@id":"https:\/\/maranhaotv.com.br\/index.php\/2025\/09\/14\/o-badalado-elegante-e-vip-influencer-lucas-bessa-marcou-presenca-na-festa-do-zebu-em-uberaba-com-um-look-avaliado-em-10-mil-atraindo-todos-os-os-olhares\/","url":"https:\/\/maranhaotv.com.br\/index.php\/2025\/09\/14\/o-badalado-elegante-e-vip-influencer-lucas-bessa-marcou-presenca-na-festa-do-zebu-em-uberaba-com-um-look-avaliado-em-10-mil-atraindo-todos-os-os-olhares\/","name":"O badalado, elegante e vip Influencer Lucas Bessa marcou presen\u00e7a na Festa do zebu em Uberaba com um look avaliado em 10 mil atraindo todos os olhares - NOT\u00cdCIAS EM TEMPO REAL","isPartOf":{"@id":"https:\/\/maranhaotv.com.br\/#website"},"primaryImageOfPage":{"@id":"https:\/\/maranhaotv.com.br\/index.php\/2025\/09\/14\/o-badalado-elegante-e-vip-influencer-lucas-bessa-marcou-presenca-na-festa-do-zebu-em-uberaba-com-um-look-avaliado-em-10-mil-atraindo-todos-os-os-olhares\/#primaryimage"},"image":{"@id":"https:\/\/maranhaotv.com.br\/index.php\/2025\/09\/14\/o-badalado-elegante-e-vip-influencer-lucas-bessa-marcou-presenca-na-festa-do-zebu-em-uberaba-com-um-look-avaliado-em-10-mil-atraindo-todos-os-os-olhares\/#primaryimage"},"thumbnailUrl":"https:\/\/maranhaotv.com.br\/wp-content\/uploads\/2025\/09\/IMG-20250914-WA0179.jpg","datePublished":"2025-09-14T17:08:58+00:00","dateModified":"2025-09-14T20:12:59+00:00","breadcrumb":{"@id":"https:\/\/maranhaotv.com.br\/index.php\/2025\/09\/14\/o-badalado-elegante-e-vip-influencer-lucas-bessa-marcou-presenca-na-festa-do-zebu-em-uberaba-com-um-look-avaliado-em-10-mil-atraindo-todos-os-os-olhares\/#breadcrumb"},"inLanguage":"pt-BR","potentialAction":[{"@type":"ReadAction","target":["https:\/\/maranhaotv.com.br\/index.php\/2025\/09\/14\/o-badalado-elegante-e-vip-influencer-lucas-bessa-marcou-presenca-na-festa-do-zebu-em-uberaba-com-um-look-avaliado-em-10-mil-atraindo-todos-os-os-olhares\/"]}]},{"@type":"ImageObject","inLanguage":"pt-BR","@id":"https:\/\/maranhaotv.com.br\/index.php\/2025\/09\/14\/o-badalado-elegante-e-vip-influencer-lucas-bessa-marcou-presenca-na-festa-do-zebu-em-uberaba-com-um-look-avaliado-em-10-mil-atraindo-todos-os-os-olhares\/#primaryimage","url":"https:\/\/maranhaotv.com.br\/wp-content\/uploads\/2025\/09\/IMG-20250914-WA0179.jpg","contentUrl":"https:\/\/maranhaotv.com.br\/wp-content\/uploads\/2025\/09\/IMG-20250914-WA0179.jpg","width":720,"height":384},{"@type":"BreadcrumbList","@id":"https:\/\/maranhaotv.com.br\/index.php\/2025\/09\/14\/o-badalado-elegante-e-vip-influencer-lucas-bessa-marcou-presenca-na-festa-do-zebu-em-uberaba-com-um-look-avaliado-em-10-mil-atraindo-todos-os-os-olhares\/#breadcrumb","itemListElement":[{"@type":"ListItem","position":1,"name":"In\u00edcio","item":"https:\/\/maranhaotv.com.br\/"},{"@type":"ListItem","position":2,"name":"O badalado, elegante e vip Influencer Lucas Bessa marcou presen\u00e7a na Festa do zebu em Uberaba com um look avaliado em 10 mil atraindo todos os olhares"}]},{"@type":"WebSite","@id":"https:\/\/maranhaotv.com.br\/#website","url":"https:\/\/maranhaotv.com.br\/","name":"Maranh\u00e3oTV","description":"","publisher":{"@id":"https:\/\/maranhaotv.com.br\/#organization"},"potentialAction":[{"@type":"SearchAction","target":{"@type":"EntryPoint","urlTemplate":"https:\/\/maranhaotv.com.br\/?s={search_term_string}"},"query-input":{"@type":"PropertyValueSpecification","valueRequired":true,"valueName":"search_term_string"}}],"inLanguage":"pt-BR"},{"@type":"Organization","@id":"https:\/\/maranhaotv.com.br\/#organization","name":"Portal de Not\u00edcias","url":"https:\/\/maranhaotv.com.br\/","logo":{"@type":"ImageObject","inLanguage":"pt-BR","@id":"https:\/\/maranhaotv.com.br\/#\/schema\/logo\/image\/","url":"https:\/\/maranhaotv.com.br\/wp-content\/uploads\/2024\/05\/cropped-cropped-avatar-1.png","contentUrl":"https:\/\/maranhaotv.com.br\/wp-content\/uploads\/2024\/05\/cropped-cropped-avatar-1.png","width":792,"height":428,"caption":"Portal de Not\u00edcias"},"image":{"@id":"https:\/\/maranhaotv.com.br\/#\/schema\/logo\/image\/"},"sameAs":["https:\/\/www.facebook.com\/maiobaotv","https:\/\/x.com\/sitemaranhaotv","https:\/\/www.instagram.com\/maranhao.tv","https:\/\/www.threads.net\/@maranhao.tv"]},{"@type":"Person","@id":"https:\/\/maranhaotv.com.br\/#\/schema\/person\/3d54238e86b20bb5c89ab2fdb8f8829a","name":"maranhaotv","image":{"@type":"ImageObject","inLanguage":"pt-BR","@id":"https:\/\/secure.gravatar.com\/avatar\/8fadbca458d4cb68b1dd399ae9a40618d747bb1af65ac9fad21c89220a143eb4?s=96&d=mm&r=g","url":"https:\/\/secure.gravatar.com\/avatar\/8fadbca458d4cb68b1dd399ae9a40618d747bb1af65ac9fad21c89220a143eb4?s=96&d=mm&r=g","contentUrl":"https:\/\/secure.gravatar.com\/avatar\/8fadbca458d4cb68b1dd399ae9a40618d747bb1af65ac9fad21c89220a143eb4?s=96&d=mm&r=g","caption":"maranhaotv"},"sameAs":["https:\/\/maranhaotv.com.br\/"],"url":"https:\/\/maranhaotv.com.br\/index.php\/author\/maranhaotv\/"}]}},"jetpack_featured_media_url":"https:\/\/maranhaotv.com.br\/wp-content\/uploads\/2025\/09\/IMG-20250914-WA0179.jpg","jetpack_sharing_enabled":true,"_links":{"self":[{"href":"https:\/\/maranhaotv.com.br\/index.php\/wp-json\/wp\/v2\/posts\/44122","targetHints":{"allow":["GET"]}}],"collection":[{"href":"https:\/\/maranhaotv.com.br\/index.php\/wp-json\/wp\/v2\/posts"}],"about":[{"href":"https:\/\/maranhaotv.com.br\/index.php\/wp-json\/wp\/v2\/types\/post"}],"author":[{"embeddable":true,"href":"https:\/\/maranhaotv.com.br\/index.php\/wp-json\/wp\/v2\/users\/2"}],"replies":[{"embeddable":true,"href":"https:\/\/maranhaotv.com.br\/index.php\/wp-json\/wp\/v2\/comments?post=44122"}],"version-history":[{"count":4,"href":"https:\/\/maranhaotv.com.br\/index.php\/wp-json\/wp\/v2\/posts\/44122\/revisions"}],"predecessor-version":[{"id":44133,"href":"https:\/\/maranhaotv.com.br\/index.php\/wp-json\/wp\/v2\/posts\/44122\/revisions\/44133"}],"wp:featuredmedia":[{"embeddable":true,"href":"https:\/\/maranhaotv.com.br\/index.php\/wp-json\/wp\/v2\/media\/44124"}],"wp:attachment":[{"href":"https:\/\/maranhaotv.com.br\/index.php\/wp-json\/wp\/v2\/media?parent=44122"}],"wp:term":[{"taxonomy":"category","embeddable":true,"href":"https:\/\/maranhaotv.com.br\/index.php\/wp-json\/wp\/v2\/categories?post=44122"},{"taxonomy":"post_tag","embeddable":true,"href":"https:\/\/maranhaotv.com.br\/index.php\/wp-json\/wp\/v2\/tags?post=44122"}],"curies":[{"name":"wp","href":"https:\/\/api.w.org\/{rel}","templated":true}]}}