{"id":44138,"date":"2025-09-15T11:31:00","date_gmt":"2025-09-15T14:31:00","guid":{"rendered":"https:\/\/maranhaotv.com.br\/?p=44138"},"modified":"2025-09-15T11:31:13","modified_gmt":"2025-09-15T14:31:13","slug":"guilherme-mulato-propoe-debate-sobre-fim-das-carrocas-em-sao-jose-de-ribamar-sem-prejuizos-aos-carroceiros","status":"publish","type":"post","link":"https:\/\/maranhaotv.com.br\/index.php\/2025\/09\/15\/guilherme-mulato-propoe-debate-sobre-fim-das-carrocas-em-sao-jose-de-ribamar-sem-prejuizos-aos-carroceiros\/","title":{"rendered":"Guilherme Mulato prop\u00f5e debate sobre fim das carro\u00e7as em S\u00e3o Jos\u00e9 de Ribamar sem preju\u00edzos aos carro\u00e7eiros\u00a0"},"content":{"rendered":"\n<p><\/p>\n\n\n\n<p>O ex-candidato a prefeito de S\u00e3o Jos\u00e9 de Ribamar, Guilherme Mulato (sem partido), usou suas redes sociais, para propor que a C\u00e2mara de Vereadores e a Prefeitura Municipal, promova uma amplo debate sobre a proibi\u00e7\u00e3o do uso de carro\u00e7as e tra\u00e7\u00e3o animal na zona urbana da cidade.<\/p>\n\n\n\n<p>O tema veio \u00e0 tona, ap\u00f3s mais um epis\u00f3dio de maus tratos, onde internautas flagraram um animal ca\u00eddo ap\u00f3s n\u00e3o suportar o peso carregado na carro\u00e7a.<\/p>\n\n\n\n<p>Para Mulato, \u00e9 importante que seja promovida audi\u00eancia p\u00fablica, cadastro de todos os carroceiros residentes na cidade, prazo para o fim das carro\u00e7as e o mais importante, a condu\u00e7\u00e3o do Poder P\u00fablico neste processo para garantir a migra\u00e7\u00e3o laboral desses pais de fam\u00edlias \u00e0 outras profiss\u00f5es, evitando preju\u00edzos aos carroceiros.<\/p>\n\n\n\n<p>&#8220;Encaminhei sugest\u00e3o para alguns vereadores, falando sobre a import\u00e2ncia do levantamento e cadastramento obrigat\u00f3rio de todos os carroceiros, para que al\u00e9m do raio-x social, encontremos solu\u00e7\u00f5es vocacionais para a migra\u00e7\u00e3o laboral desses pais de fam\u00edlias, afim de acabar com o uso de carro\u00e7as em um prazo de quatro anos, garantindo a esses homens, novas profiss\u00f5es, e aos animais, o fim dos maus tratos&#8221;, disse Mulato.<\/p>\n\n\n\n<p>No Maranh\u00e3o, at\u00e9 o momento, n\u00e3o existe lei que pro\u00edba o uso de tra\u00e7\u00e3o animal nos centros urbanos, apesar de S\u00e3o Lu\u00eds ter prazo at\u00e9 o ano que vem, para acabar com esse transporte, por determina\u00e7\u00e3o judicial.<\/p>\n\n\n\n<p>Mulato, que \u00e9 pr\u00e9-candidato a deputado federal, lembrou que na C\u00e2mara Federal foi aprovado na semana passada, texto sobre o tema em comiss\u00e3o especial, por isso a urg\u00eancia para incluir esse debate municipal, e lembrou da import\u00e2ncia de incluir a sociedade nessa discuss\u00e3o&nbsp;<\/p>\n\n\n\n<p>&#8220;Essa discuss\u00e3o \u00e9 complexa, precisa ser feita ouvindo a sociedade, os carroceiros e acompanhado por profissionais de secretarias como a da Assist\u00eancia Social. Tenho certeza absoluta que com esfor\u00e7o, mudaremos o destino de animais que sofrem, al\u00e9m de garantir mais dignidade para pais de fam\u00edlias que poder\u00e3o ter novas profiss\u00f5es.&#8221;, postou Mulato.<\/p>\n","protected":false},"excerpt":{"rendered":"<p>O ex-candidato a prefeito de S\u00e3o Jos\u00e9 de Ribamar, Guilherme Mulato (sem partido), usou suas redes sociais, para propor que<\/p>\n","protected":false},"author":2,"featured_media":44137,"comment_status":"open","ping_status":"open","sticky":false,"template":"","format":"standard","meta":{"colormag_page_container_layout":"default_layout","colormag_page_sidebar_layout":"default_layout","_jetpack_memberships_contains_paid_content":false,"footnotes":""},"categories":[6],"tags":[],"class_list":["post-44138","post","type-post","status-publish","format-standard","has-post-thumbnail","hentry","category-politica"],"magazineBlocksPostFeaturedMedia":{"thumbnail":"https:\/\/maranhaotv.com.br\/wp-content\/uploads\/2025\/09\/IMG-20250915-WA0088-150x150.jpg","medium":"https:\/\/maranhaotv.com.br\/wp-content\/uploads\/2025\/09\/IMG-20250915-WA0088-300x174.jpg","medium_large":"https:\/\/maranhaotv.com.br\/wp-content\/uploads\/2025\/09\/IMG-20250915-WA0088-768x444.jpg","large":"https:\/\/maranhaotv.com.br\/wp-content\/uploads\/2025\/09\/IMG-20250915-WA0088.jpg","1536x1536":"https:\/\/maranhaotv.com.br\/wp-content\/uploads\/2025\/09\/IMG-20250915-WA0088.jpg","2048x2048":"https:\/\/maranhaotv.com.br\/wp-content\/uploads\/2025\/09\/IMG-20250915-WA0088.jpg","colormag-highlighted-post":"https:\/\/maranhaotv.com.br\/wp-content\/uploads\/2025\/09\/IMG-20250915-WA0088-392x272.jpg","colormag-featured-post-medium":"https:\/\/maranhaotv.com.br\/wp-content\/uploads\/2025\/09\/IMG-20250915-WA0088-390x205.jpg","colormag-featured-post-small":"https:\/\/maranhaotv.com.br\/wp-content\/uploads\/2025\/09\/IMG-20250915-WA0088-130x90.jpg","colormag-featured-image":"https:\/\/maranhaotv.com.br\/wp-content\/uploads\/2025\/09\/IMG-20250915-WA0088-800x445.jpg","colormag-default-news":"https:\/\/maranhaotv.com.br\/wp-content\/uploads\/2025\/09\/IMG-20250915-WA0088-150x150.jpg","colormag-featured-image-large":"https:\/\/maranhaotv.com.br\/wp-content\/uploads\/2025\/09\/IMG-20250915-WA0088.jpg"},"magazineBlocksPostAuthor":{"name":"maranhaotv","avatar":"https:\/\/secure.gravatar.com\/avatar\/8fadbca458d4cb68b1dd399ae9a40618d747bb1af65ac9fad21c89220a143eb4?s=96&d=mm&r=g"},"magazineBlocksPostCommentsNumber":"0","magazineBlocksPostExcerpt":"O ex-candidato a prefeito de S\u00e3o Jos\u00e9 de Ribamar, Guilherme Mulato (sem partido), usou suas redes sociais, para propor que","magazineBlocksPostCategories":["pol\u00edtica"],"magazineBlocksPostViewCount":228,"magazineBlocksPostReadTime":2,"magazine_blocks_featured_image_url":{"full":["https:\/\/maranhaotv.com.br\/wp-content\/uploads\/2025\/09\/IMG-20250915-WA0088.jpg",1020,590,false],"medium":["https:\/\/maranhaotv.com.br\/wp-content\/uploads\/2025\/09\/IMG-20250915-WA0088-300x174.jpg",300,174,true],"thumbnail":["https:\/\/maranhaotv.com.br\/wp-content\/uploads\/2025\/09\/IMG-20250915-WA0088-150x150.jpg",150,150,true]},"magazine_blocks_author":{"display_name":"maranhaotv","author_link":"https:\/\/maranhaotv.com.br\/index.php\/author\/maranhaotv\/"},"magazine_blocks_comment":0,"magazine_blocks_author_image":"https:\/\/secure.gravatar.com\/avatar\/8fadbca458d4cb68b1dd399ae9a40618d747bb1af65ac9fad21c89220a143eb4?s=96&d=mm&r=g","magazine_blocks_category":"<a href=\"#\" class=\"category-link category-link-6\">pol\u00edtica<\/a>","yoast_head":"<!-- This site is optimized with the Yoast SEO plugin v27.4 - https:\/\/yoast.com\/product\/yoast-seo-wordpress\/ -->\n<title>Guilherme Mulato prop\u00f5e debate sobre fim das carro\u00e7as em S\u00e3o Jos\u00e9 de Ribamar sem preju\u00edzos aos carro\u00e7eiros\u00a0 - NOT\u00cdCIAS EM TEMPO REAL<\/title>\n<meta name=\"robots\" content=\"index, follow, max-snippet:-1, max-image-preview:large, max-video-preview:-1\" \/>\n<link rel=\"canonical\" href=\"https:\/\/maranhaotv.com.br\/index.php\/2025\/09\/15\/guilherme-mulato-propoe-debate-sobre-fim-das-carrocas-em-sao-jose-de-ribamar-sem-prejuizos-aos-carroceiros\/\" \/>\n<meta property=\"og:locale\" content=\"pt_BR\" \/>\n<meta property=\"og:type\" content=\"article\" \/>\n<meta property=\"og:title\" content=\"Guilherme Mulato prop\u00f5e debate sobre fim das carro\u00e7as em S\u00e3o Jos\u00e9 de Ribamar sem preju\u00edzos aos carro\u00e7eiros\u00a0 - NOT\u00cdCIAS EM TEMPO REAL\" \/>\n<meta property=\"og:description\" content=\"O ex-candidato a prefeito de S\u00e3o Jos\u00e9 de Ribamar, Guilherme Mulato (sem partido), usou suas redes sociais, para propor que\" \/>\n<meta property=\"og:url\" content=\"https:\/\/maranhaotv.com.br\/index.php\/2025\/09\/15\/guilherme-mulato-propoe-debate-sobre-fim-das-carrocas-em-sao-jose-de-ribamar-sem-prejuizos-aos-carroceiros\/\" \/>\n<meta property=\"og:site_name\" content=\"NOT\u00cdCIAS EM TEMPO REAL\" \/>\n<meta property=\"article:publisher\" content=\"https:\/\/www.facebook.com\/maiobaotv\" \/>\n<meta property=\"article:published_time\" content=\"2025-09-15T14:31:00+00:00\" \/>\n<meta property=\"article:modified_time\" content=\"2025-09-15T14:31:13+00:00\" \/>\n<meta property=\"og:image\" content=\"https:\/\/maranhaotv.com.br\/wp-content\/uploads\/2025\/09\/IMG-20250915-WA0088.jpg\" \/>\n\t<meta property=\"og:image:width\" content=\"1020\" \/>\n\t<meta property=\"og:image:height\" content=\"590\" \/>\n\t<meta property=\"og:image:type\" content=\"image\/jpeg\" \/>\n<meta name=\"author\" content=\"maranhaotv\" \/>\n<meta name=\"twitter:card\" content=\"summary_large_image\" \/>\n<meta name=\"twitter:creator\" content=\"@sitemaranhaotv\" \/>\n<meta name=\"twitter:site\" content=\"@sitemaranhaotv\" \/>\n<meta name=\"twitter:label1\" content=\"Escrito por\" \/>\n\t<meta name=\"twitter:data1\" content=\"maranhaotv\" \/>\n\t<meta name=\"twitter:label2\" content=\"Est. tempo de leitura\" \/>\n\t<meta name=\"twitter:data2\" content=\"2 minutos\" \/>\n<script type=\"application\/ld+json\" class=\"yoast-schema-graph\">{\"@context\":\"https:\\\/\\\/schema.org\",\"@graph\":[{\"@type\":\"Article\",\"@id\":\"https:\\\/\\\/maranhaotv.com.br\\\/index.php\\\/2025\\\/09\\\/15\\\/guilherme-mulato-propoe-debate-sobre-fim-das-carrocas-em-sao-jose-de-ribamar-sem-prejuizos-aos-carroceiros\\\/#article\",\"isPartOf\":{\"@id\":\"https:\\\/\\\/maranhaotv.com.br\\\/index.php\\\/2025\\\/09\\\/15\\\/guilherme-mulato-propoe-debate-sobre-fim-das-carrocas-em-sao-jose-de-ribamar-sem-prejuizos-aos-carroceiros\\\/\"},\"author\":{\"name\":\"maranhaotv\",\"@id\":\"https:\\\/\\\/maranhaotv.com.br\\\/#\\\/schema\\\/person\\\/3d54238e86b20bb5c89ab2fdb8f8829a\"},\"headline\":\"Guilherme Mulato prop\u00f5e debate sobre fim das carro\u00e7as em S\u00e3o Jos\u00e9 de Ribamar sem preju\u00edzos aos carro\u00e7eiros\u00a0\",\"datePublished\":\"2025-09-15T14:31:00+00:00\",\"dateModified\":\"2025-09-15T14:31:13+00:00\",\"mainEntityOfPage\":{\"@id\":\"https:\\\/\\\/maranhaotv.com.br\\\/index.php\\\/2025\\\/09\\\/15\\\/guilherme-mulato-propoe-debate-sobre-fim-das-carrocas-em-sao-jose-de-ribamar-sem-prejuizos-aos-carroceiros\\\/\"},\"wordCount\":387,\"commentCount\":0,\"publisher\":{\"@id\":\"https:\\\/\\\/maranhaotv.com.br\\\/#organization\"},\"image\":{\"@id\":\"https:\\\/\\\/maranhaotv.com.br\\\/index.php\\\/2025\\\/09\\\/15\\\/guilherme-mulato-propoe-debate-sobre-fim-das-carrocas-em-sao-jose-de-ribamar-sem-prejuizos-aos-carroceiros\\\/#primaryimage\"},\"thumbnailUrl\":\"https:\\\/\\\/maranhaotv.com.br\\\/wp-content\\\/uploads\\\/2025\\\/09\\\/IMG-20250915-WA0088.jpg\",\"articleSection\":[\"pol\u00edtica\"],\"inLanguage\":\"pt-BR\",\"potentialAction\":[{\"@type\":\"CommentAction\",\"name\":\"Comment\",\"target\":[\"https:\\\/\\\/maranhaotv.com.br\\\/index.php\\\/2025\\\/09\\\/15\\\/guilherme-mulato-propoe-debate-sobre-fim-das-carrocas-em-sao-jose-de-ribamar-sem-prejuizos-aos-carroceiros\\\/#respond\"]}]},{\"@type\":\"WebPage\",\"@id\":\"https:\\\/\\\/maranhaotv.com.br\\\/index.php\\\/2025\\\/09\\\/15\\\/guilherme-mulato-propoe-debate-sobre-fim-das-carrocas-em-sao-jose-de-ribamar-sem-prejuizos-aos-carroceiros\\\/\",\"url\":\"https:\\\/\\\/maranhaotv.com.br\\\/index.php\\\/2025\\\/09\\\/15\\\/guilherme-mulato-propoe-debate-sobre-fim-das-carrocas-em-sao-jose-de-ribamar-sem-prejuizos-aos-carroceiros\\\/\",\"name\":\"Guilherme Mulato prop\u00f5e debate sobre fim das carro\u00e7as em S\u00e3o Jos\u00e9 de Ribamar sem preju\u00edzos aos carro\u00e7eiros\u00a0 - NOT\u00cdCIAS EM TEMPO REAL\",\"isPartOf\":{\"@id\":\"https:\\\/\\\/maranhaotv.com.br\\\/#website\"},\"primaryImageOfPage\":{\"@id\":\"https:\\\/\\\/maranhaotv.com.br\\\/index.php\\\/2025\\\/09\\\/15\\\/guilherme-mulato-propoe-debate-sobre-fim-das-carrocas-em-sao-jose-de-ribamar-sem-prejuizos-aos-carroceiros\\\/#primaryimage\"},\"image\":{\"@id\":\"https:\\\/\\\/maranhaotv.com.br\\\/index.php\\\/2025\\\/09\\\/15\\\/guilherme-mulato-propoe-debate-sobre-fim-das-carrocas-em-sao-jose-de-ribamar-sem-prejuizos-aos-carroceiros\\\/#primaryimage\"},\"thumbnailUrl\":\"https:\\\/\\\/maranhaotv.com.br\\\/wp-content\\\/uploads\\\/2025\\\/09\\\/IMG-20250915-WA0088.jpg\",\"datePublished\":\"2025-09-15T14:31:00+00:00\",\"dateModified\":\"2025-09-15T14:31:13+00:00\",\"breadcrumb\":{\"@id\":\"https:\\\/\\\/maranhaotv.com.br\\\/index.php\\\/2025\\\/09\\\/15\\\/guilherme-mulato-propoe-debate-sobre-fim-das-carrocas-em-sao-jose-de-ribamar-sem-prejuizos-aos-carroceiros\\\/#breadcrumb\"},\"inLanguage\":\"pt-BR\",\"potentialAction\":[{\"@type\":\"ReadAction\",\"target\":[\"https:\\\/\\\/maranhaotv.com.br\\\/index.php\\\/2025\\\/09\\\/15\\\/guilherme-mulato-propoe-debate-sobre-fim-das-carrocas-em-sao-jose-de-ribamar-sem-prejuizos-aos-carroceiros\\\/\"]}]},{\"@type\":\"ImageObject\",\"inLanguage\":\"pt-BR\",\"@id\":\"https:\\\/\\\/maranhaotv.com.br\\\/index.php\\\/2025\\\/09\\\/15\\\/guilherme-mulato-propoe-debate-sobre-fim-das-carrocas-em-sao-jose-de-ribamar-sem-prejuizos-aos-carroceiros\\\/#primaryimage\",\"url\":\"https:\\\/\\\/maranhaotv.com.br\\\/wp-content\\\/uploads\\\/2025\\\/09\\\/IMG-20250915-WA0088.jpg\",\"contentUrl\":\"https:\\\/\\\/maranhaotv.com.br\\\/wp-content\\\/uploads\\\/2025\\\/09\\\/IMG-20250915-WA0088.jpg\",\"width\":1020,\"height\":590},{\"@type\":\"BreadcrumbList\",\"@id\":\"https:\\\/\\\/maranhaotv.com.br\\\/index.php\\\/2025\\\/09\\\/15\\\/guilherme-mulato-propoe-debate-sobre-fim-das-carrocas-em-sao-jose-de-ribamar-sem-prejuizos-aos-carroceiros\\\/#breadcrumb\",\"itemListElement\":[{\"@type\":\"ListItem\",\"position\":1,\"name\":\"In\u00edcio\",\"item\":\"https:\\\/\\\/maranhaotv.com.br\\\/\"},{\"@type\":\"ListItem\",\"position\":2,\"name\":\"Guilherme Mulato prop\u00f5e debate sobre fim das carro\u00e7as em S\u00e3o Jos\u00e9 de Ribamar sem preju\u00edzos aos carro\u00e7eiros\u00a0\"}]},{\"@type\":\"WebSite\",\"@id\":\"https:\\\/\\\/maranhaotv.com.br\\\/#website\",\"url\":\"https:\\\/\\\/maranhaotv.com.br\\\/\",\"name\":\"Maranh\u00e3oTV\",\"description\":\"\",\"publisher\":{\"@id\":\"https:\\\/\\\/maranhaotv.com.br\\\/#organization\"},\"potentialAction\":[{\"@type\":\"SearchAction\",\"target\":{\"@type\":\"EntryPoint\",\"urlTemplate\":\"https:\\\/\\\/maranhaotv.com.br\\\/?s={search_term_string}\"},\"query-input\":{\"@type\":\"PropertyValueSpecification\",\"valueRequired\":true,\"valueName\":\"search_term_string\"}}],\"inLanguage\":\"pt-BR\"},{\"@type\":\"Organization\",\"@id\":\"https:\\\/\\\/maranhaotv.com.br\\\/#organization\",\"name\":\"Portal de Not\u00edcias\",\"url\":\"https:\\\/\\\/maranhaotv.com.br\\\/\",\"logo\":{\"@type\":\"ImageObject\",\"inLanguage\":\"pt-BR\",\"@id\":\"https:\\\/\\\/maranhaotv.com.br\\\/#\\\/schema\\\/logo\\\/image\\\/\",\"url\":\"https:\\\/\\\/maranhaotv.com.br\\\/wp-content\\\/uploads\\\/2024\\\/05\\\/cropped-cropped-avatar-1.png\",\"contentUrl\":\"https:\\\/\\\/maranhaotv.com.br\\\/wp-content\\\/uploads\\\/2024\\\/05\\\/cropped-cropped-avatar-1.png\",\"width\":792,\"height\":428,\"caption\":\"Portal de Not\u00edcias\"},\"image\":{\"@id\":\"https:\\\/\\\/maranhaotv.com.br\\\/#\\\/schema\\\/logo\\\/image\\\/\"},\"sameAs\":[\"https:\\\/\\\/www.facebook.com\\\/maiobaotv\",\"https:\\\/\\\/x.com\\\/sitemaranhaotv\",\"https:\\\/\\\/www.instagram.com\\\/maranhao.tv\",\"https:\\\/\\\/www.threads.net\\\/@maranhao.tv\"]},{\"@type\":\"Person\",\"@id\":\"https:\\\/\\\/maranhaotv.com.br\\\/#\\\/schema\\\/person\\\/3d54238e86b20bb5c89ab2fdb8f8829a\",\"name\":\"maranhaotv\",\"image\":{\"@type\":\"ImageObject\",\"inLanguage\":\"pt-BR\",\"@id\":\"https:\\\/\\\/secure.gravatar.com\\\/avatar\\\/8fadbca458d4cb68b1dd399ae9a40618d747bb1af65ac9fad21c89220a143eb4?s=96&d=mm&r=g\",\"url\":\"https:\\\/\\\/secure.gravatar.com\\\/avatar\\\/8fadbca458d4cb68b1dd399ae9a40618d747bb1af65ac9fad21c89220a143eb4?s=96&d=mm&r=g\",\"contentUrl\":\"https:\\\/\\\/secure.gravatar.com\\\/avatar\\\/8fadbca458d4cb68b1dd399ae9a40618d747bb1af65ac9fad21c89220a143eb4?s=96&d=mm&r=g\",\"caption\":\"maranhaotv\"},\"sameAs\":[\"https:\\\/\\\/maranhaotv.com.br\\\/\"],\"url\":\"https:\\\/\\\/maranhaotv.com.br\\\/index.php\\\/author\\\/maranhaotv\\\/\"}]}<\/script>\n<!-- \/ Yoast SEO plugin. -->","yoast_head_json":{"title":"Guilherme Mulato prop\u00f5e debate sobre fim das carro\u00e7as em S\u00e3o Jos\u00e9 de Ribamar sem preju\u00edzos aos carro\u00e7eiros\u00a0 - NOT\u00cdCIAS EM TEMPO REAL","robots":{"index":"index","follow":"follow","max-snippet":"max-snippet:-1","max-image-preview":"max-image-preview:large","max-video-preview":"max-video-preview:-1"},"canonical":"https:\/\/maranhaotv.com.br\/index.php\/2025\/09\/15\/guilherme-mulato-propoe-debate-sobre-fim-das-carrocas-em-sao-jose-de-ribamar-sem-prejuizos-aos-carroceiros\/","og_locale":"pt_BR","og_type":"article","og_title":"Guilherme Mulato prop\u00f5e debate sobre fim das carro\u00e7as em S\u00e3o Jos\u00e9 de Ribamar sem preju\u00edzos aos carro\u00e7eiros\u00a0 - NOT\u00cdCIAS EM TEMPO REAL","og_description":"O ex-candidato a prefeito de S\u00e3o Jos\u00e9 de Ribamar, Guilherme Mulato (sem partido), usou suas redes sociais, para propor que","og_url":"https:\/\/maranhaotv.com.br\/index.php\/2025\/09\/15\/guilherme-mulato-propoe-debate-sobre-fim-das-carrocas-em-sao-jose-de-ribamar-sem-prejuizos-aos-carroceiros\/","og_site_name":"NOT\u00cdCIAS EM TEMPO REAL","article_publisher":"https:\/\/www.facebook.com\/maiobaotv","article_published_time":"2025-09-15T14:31:00+00:00","article_modified_time":"2025-09-15T14:31:13+00:00","og_image":[{"width":1020,"height":590,"url":"https:\/\/maranhaotv.com.br\/wp-content\/uploads\/2025\/09\/IMG-20250915-WA0088.jpg","type":"image\/jpeg"}],"author":"maranhaotv","twitter_card":"summary_large_image","twitter_creator":"@sitemaranhaotv","twitter_site":"@sitemaranhaotv","twitter_misc":{"Escrito por":"maranhaotv","Est. tempo de leitura":"2 minutos"},"schema":{"@context":"https:\/\/schema.org","@graph":[{"@type":"Article","@id":"https:\/\/maranhaotv.com.br\/index.php\/2025\/09\/15\/guilherme-mulato-propoe-debate-sobre-fim-das-carrocas-em-sao-jose-de-ribamar-sem-prejuizos-aos-carroceiros\/#article","isPartOf":{"@id":"https:\/\/maranhaotv.com.br\/index.php\/2025\/09\/15\/guilherme-mulato-propoe-debate-sobre-fim-das-carrocas-em-sao-jose-de-ribamar-sem-prejuizos-aos-carroceiros\/"},"author":{"name":"maranhaotv","@id":"https:\/\/maranhaotv.com.br\/#\/schema\/person\/3d54238e86b20bb5c89ab2fdb8f8829a"},"headline":"Guilherme Mulato prop\u00f5e debate sobre fim das carro\u00e7as em S\u00e3o Jos\u00e9 de Ribamar sem preju\u00edzos aos carro\u00e7eiros\u00a0","datePublished":"2025-09-15T14:31:00+00:00","dateModified":"2025-09-15T14:31:13+00:00","mainEntityOfPage":{"@id":"https:\/\/maranhaotv.com.br\/index.php\/2025\/09\/15\/guilherme-mulato-propoe-debate-sobre-fim-das-carrocas-em-sao-jose-de-ribamar-sem-prejuizos-aos-carroceiros\/"},"wordCount":387,"commentCount":0,"publisher":{"@id":"https:\/\/maranhaotv.com.br\/#organization"},"image":{"@id":"https:\/\/maranhaotv.com.br\/index.php\/2025\/09\/15\/guilherme-mulato-propoe-debate-sobre-fim-das-carrocas-em-sao-jose-de-ribamar-sem-prejuizos-aos-carroceiros\/#primaryimage"},"thumbnailUrl":"https:\/\/maranhaotv.com.br\/wp-content\/uploads\/2025\/09\/IMG-20250915-WA0088.jpg","articleSection":["pol\u00edtica"],"inLanguage":"pt-BR","potentialAction":[{"@type":"CommentAction","name":"Comment","target":["https:\/\/maranhaotv.com.br\/index.php\/2025\/09\/15\/guilherme-mulato-propoe-debate-sobre-fim-das-carrocas-em-sao-jose-de-ribamar-sem-prejuizos-aos-carroceiros\/#respond"]}]},{"@type":"WebPage","@id":"https:\/\/maranhaotv.com.br\/index.php\/2025\/09\/15\/guilherme-mulato-propoe-debate-sobre-fim-das-carrocas-em-sao-jose-de-ribamar-sem-prejuizos-aos-carroceiros\/","url":"https:\/\/maranhaotv.com.br\/index.php\/2025\/09\/15\/guilherme-mulato-propoe-debate-sobre-fim-das-carrocas-em-sao-jose-de-ribamar-sem-prejuizos-aos-carroceiros\/","name":"Guilherme Mulato prop\u00f5e debate sobre fim das carro\u00e7as em S\u00e3o Jos\u00e9 de Ribamar sem preju\u00edzos aos carro\u00e7eiros\u00a0 - NOT\u00cdCIAS EM TEMPO REAL","isPartOf":{"@id":"https:\/\/maranhaotv.com.br\/#website"},"primaryImageOfPage":{"@id":"https:\/\/maranhaotv.com.br\/index.php\/2025\/09\/15\/guilherme-mulato-propoe-debate-sobre-fim-das-carrocas-em-sao-jose-de-ribamar-sem-prejuizos-aos-carroceiros\/#primaryimage"},"image":{"@id":"https:\/\/maranhaotv.com.br\/index.php\/2025\/09\/15\/guilherme-mulato-propoe-debate-sobre-fim-das-carrocas-em-sao-jose-de-ribamar-sem-prejuizos-aos-carroceiros\/#primaryimage"},"thumbnailUrl":"https:\/\/maranhaotv.com.br\/wp-content\/uploads\/2025\/09\/IMG-20250915-WA0088.jpg","datePublished":"2025-09-15T14:31:00+00:00","dateModified":"2025-09-15T14:31:13+00:00","breadcrumb":{"@id":"https:\/\/maranhaotv.com.br\/index.php\/2025\/09\/15\/guilherme-mulato-propoe-debate-sobre-fim-das-carrocas-em-sao-jose-de-ribamar-sem-prejuizos-aos-carroceiros\/#breadcrumb"},"inLanguage":"pt-BR","potentialAction":[{"@type":"ReadAction","target":["https:\/\/maranhaotv.com.br\/index.php\/2025\/09\/15\/guilherme-mulato-propoe-debate-sobre-fim-das-carrocas-em-sao-jose-de-ribamar-sem-prejuizos-aos-carroceiros\/"]}]},{"@type":"ImageObject","inLanguage":"pt-BR","@id":"https:\/\/maranhaotv.com.br\/index.php\/2025\/09\/15\/guilherme-mulato-propoe-debate-sobre-fim-das-carrocas-em-sao-jose-de-ribamar-sem-prejuizos-aos-carroceiros\/#primaryimage","url":"https:\/\/maranhaotv.com.br\/wp-content\/uploads\/2025\/09\/IMG-20250915-WA0088.jpg","contentUrl":"https:\/\/maranhaotv.com.br\/wp-content\/uploads\/2025\/09\/IMG-20250915-WA0088.jpg","width":1020,"height":590},{"@type":"BreadcrumbList","@id":"https:\/\/maranhaotv.com.br\/index.php\/2025\/09\/15\/guilherme-mulato-propoe-debate-sobre-fim-das-carrocas-em-sao-jose-de-ribamar-sem-prejuizos-aos-carroceiros\/#breadcrumb","itemListElement":[{"@type":"ListItem","position":1,"name":"In\u00edcio","item":"https:\/\/maranhaotv.com.br\/"},{"@type":"ListItem","position":2,"name":"Guilherme Mulato prop\u00f5e debate sobre fim das carro\u00e7as em S\u00e3o Jos\u00e9 de Ribamar sem preju\u00edzos aos carro\u00e7eiros\u00a0"}]},{"@type":"WebSite","@id":"https:\/\/maranhaotv.com.br\/#website","url":"https:\/\/maranhaotv.com.br\/","name":"Maranh\u00e3oTV","description":"","publisher":{"@id":"https:\/\/maranhaotv.com.br\/#organization"},"potentialAction":[{"@type":"SearchAction","target":{"@type":"EntryPoint","urlTemplate":"https:\/\/maranhaotv.com.br\/?s={search_term_string}"},"query-input":{"@type":"PropertyValueSpecification","valueRequired":true,"valueName":"search_term_string"}}],"inLanguage":"pt-BR"},{"@type":"Organization","@id":"https:\/\/maranhaotv.com.br\/#organization","name":"Portal de Not\u00edcias","url":"https:\/\/maranhaotv.com.br\/","logo":{"@type":"ImageObject","inLanguage":"pt-BR","@id":"https:\/\/maranhaotv.com.br\/#\/schema\/logo\/image\/","url":"https:\/\/maranhaotv.com.br\/wp-content\/uploads\/2024\/05\/cropped-cropped-avatar-1.png","contentUrl":"https:\/\/maranhaotv.com.br\/wp-content\/uploads\/2024\/05\/cropped-cropped-avatar-1.png","width":792,"height":428,"caption":"Portal de Not\u00edcias"},"image":{"@id":"https:\/\/maranhaotv.com.br\/#\/schema\/logo\/image\/"},"sameAs":["https:\/\/www.facebook.com\/maiobaotv","https:\/\/x.com\/sitemaranhaotv","https:\/\/www.instagram.com\/maranhao.tv","https:\/\/www.threads.net\/@maranhao.tv"]},{"@type":"Person","@id":"https:\/\/maranhaotv.com.br\/#\/schema\/person\/3d54238e86b20bb5c89ab2fdb8f8829a","name":"maranhaotv","image":{"@type":"ImageObject","inLanguage":"pt-BR","@id":"https:\/\/secure.gravatar.com\/avatar\/8fadbca458d4cb68b1dd399ae9a40618d747bb1af65ac9fad21c89220a143eb4?s=96&d=mm&r=g","url":"https:\/\/secure.gravatar.com\/avatar\/8fadbca458d4cb68b1dd399ae9a40618d747bb1af65ac9fad21c89220a143eb4?s=96&d=mm&r=g","contentUrl":"https:\/\/secure.gravatar.com\/avatar\/8fadbca458d4cb68b1dd399ae9a40618d747bb1af65ac9fad21c89220a143eb4?s=96&d=mm&r=g","caption":"maranhaotv"},"sameAs":["https:\/\/maranhaotv.com.br\/"],"url":"https:\/\/maranhaotv.com.br\/index.php\/author\/maranhaotv\/"}]}},"jetpack_featured_media_url":"https:\/\/maranhaotv.com.br\/wp-content\/uploads\/2025\/09\/IMG-20250915-WA0088.jpg","jetpack_sharing_enabled":true,"_links":{"self":[{"href":"https:\/\/maranhaotv.com.br\/index.php\/wp-json\/wp\/v2\/posts\/44138","targetHints":{"allow":["GET"]}}],"collection":[{"href":"https:\/\/maranhaotv.com.br\/index.php\/wp-json\/wp\/v2\/posts"}],"about":[{"href":"https:\/\/maranhaotv.com.br\/index.php\/wp-json\/wp\/v2\/types\/post"}],"author":[{"embeddable":true,"href":"https:\/\/maranhaotv.com.br\/index.php\/wp-json\/wp\/v2\/users\/2"}],"replies":[{"embeddable":true,"href":"https:\/\/maranhaotv.com.br\/index.php\/wp-json\/wp\/v2\/comments?post=44138"}],"version-history":[{"count":1,"href":"https:\/\/maranhaotv.com.br\/index.php\/wp-json\/wp\/v2\/posts\/44138\/revisions"}],"predecessor-version":[{"id":44139,"href":"https:\/\/maranhaotv.com.br\/index.php\/wp-json\/wp\/v2\/posts\/44138\/revisions\/44139"}],"wp:featuredmedia":[{"embeddable":true,"href":"https:\/\/maranhaotv.com.br\/index.php\/wp-json\/wp\/v2\/media\/44137"}],"wp:attachment":[{"href":"https:\/\/maranhaotv.com.br\/index.php\/wp-json\/wp\/v2\/media?parent=44138"}],"wp:term":[{"taxonomy":"category","embeddable":true,"href":"https:\/\/maranhaotv.com.br\/index.php\/wp-json\/wp\/v2\/categories?post=44138"},{"taxonomy":"post_tag","embeddable":true,"href":"https:\/\/maranhaotv.com.br\/index.php\/wp-json\/wp\/v2\/tags?post=44138"}],"curies":[{"name":"wp","href":"https:\/\/api.w.org\/{rel}","templated":true}]}}