{"id":44215,"date":"2025-09-23T10:57:52","date_gmt":"2025-09-23T13:57:52","guid":{"rendered":"https:\/\/maranhaotv.com.br\/?p=44215"},"modified":"2025-09-23T10:57:57","modified_gmt":"2025-09-23T13:57:57","slug":"hugo-motta-recusa-eduardo-bolsonaro-como-lider-da-minoria-e-deputado-pode-perder-mandato-por-faltas","status":"publish","type":"post","link":"https:\/\/maranhaotv.com.br\/index.php\/2025\/09\/23\/hugo-motta-recusa-eduardo-bolsonaro-como-lider-da-minoria-e-deputado-pode-perder-mandato-por-faltas\/","title":{"rendered":"Hugo Motta recusa Eduardo Bolsonaro como l\u00edder da minoria e deputado pode perder mandato por faltas"},"content":{"rendered":"\n<p><\/p>\n\n\n\n<p>O presidente da C\u00e2mara dos Deputados, Hugo Motta (Republicanos-PB), rejeitou a indica\u00e7\u00e3o do PL para que Eduardo Bolsonaro (PL-SP) assumisse a lideran\u00e7a da minoria. A decis\u00e3o mant\u00e9m o deputado sujeito \u00e0 contagem de faltas, o que pode resultar na perda de mandato.<br><br>O partido tentou emplacar Eduardo no cargo para livr\u00e1-lo da obriga\u00e7\u00e3o de registrar presen\u00e7a nas sess\u00f5es. Mas, segundo parecer usado por Motta, a fun\u00e7\u00e3o exige dedica\u00e7\u00e3o presencial, e o parlamentar n\u00e3o comunicou oficialmente \u00e0 Casa sua aus\u00eancia do Brasil. Ele soma 18 faltas em 32 sess\u00f5es deliberativas, mais da metade do total, ultrapassando o limite de um ter\u00e7o de aus\u00eancias permitido pelo regimento.<br><br>O documento destaca que o registro remoto de presen\u00e7a s\u00f3 pode ser feito por deputados em miss\u00e3o autorizada pela C\u00e2mara, o que n\u00e3o se aplica ao \u201cautoex\u00edlio\u201d declarado por Eduardo nos EUA. O texto tamb\u00e9m afirma que a falta de comunica\u00e7\u00e3o pr\u00e9via j\u00e1 configura viola\u00e7\u00e3o das obriga\u00e7\u00f5es parlamentares.<br><br>Al\u00e9m do risco de cassa\u00e7\u00e3o, o filho do ex-presidente Jair Bolsonaro enfrenta den\u00fancia apresentada pela PGR na segunda-feira (22), por suposta tentativa de coa\u00e7\u00e3o ao Supremo Tribunal Federal (STF). O epis\u00f3dio ocorre em meio \u00e0 crise entre o Congresso e a Corte, ap\u00f3s os EUA ampliarem san\u00e7\u00f5es contra o ministro Alexandre de Moraes e sua fam\u00edlia.<\/p>\n","protected":false},"excerpt":{"rendered":"<p>O presidente da C\u00e2mara dos Deputados, Hugo Motta (Republicanos-PB), rejeitou a indica\u00e7\u00e3o do PL para que Eduardo Bolsonaro (PL-SP) assumisse<\/p>\n","protected":false},"author":2,"featured_media":44214,"comment_status":"open","ping_status":"open","sticky":false,"template":"","format":"standard","meta":{"colormag_page_container_layout":"default_layout","colormag_page_sidebar_layout":"default_layout","_jetpack_memberships_contains_paid_content":false,"footnotes":""},"categories":[2],"tags":[],"class_list":["post-44215","post","type-post","status-publish","format-standard","has-post-thumbnail","hentry","category-noticias"],"magazineBlocksPostFeaturedMedia":{"thumbnail":"https:\/\/maranhaotv.com.br\/wp-content\/uploads\/2025\/09\/IMG_1586-150x150.webp","medium":"https:\/\/maranhaotv.com.br\/wp-content\/uploads\/2025\/09\/IMG_1586-300x169.webp","medium_large":"https:\/\/maranhaotv.com.br\/wp-content\/uploads\/2025\/09\/IMG_1586.webp","large":"https:\/\/maranhaotv.com.br\/wp-content\/uploads\/2025\/09\/IMG_1586.webp","1536x1536":"https:\/\/maranhaotv.com.br\/wp-content\/uploads\/2025\/09\/IMG_1586.webp","2048x2048":"https:\/\/maranhaotv.com.br\/wp-content\/uploads\/2025\/09\/IMG_1586.webp","colormag-highlighted-post":"https:\/\/maranhaotv.com.br\/wp-content\/uploads\/2025\/09\/IMG_1586.webp","colormag-featured-post-medium":"https:\/\/maranhaotv.com.br\/wp-content\/uploads\/2025\/09\/IMG_1586-382x205.webp","colormag-featured-post-small":"https:\/\/maranhaotv.com.br\/wp-content\/uploads\/2025\/09\/IMG_1586-130x90.webp","colormag-featured-image":"https:\/\/maranhaotv.com.br\/wp-content\/uploads\/2025\/09\/IMG_1586.webp","colormag-default-news":"https:\/\/maranhaotv.com.br\/wp-content\/uploads\/2025\/09\/IMG_1586-150x150.webp","colormag-featured-image-large":"https:\/\/maranhaotv.com.br\/wp-content\/uploads\/2025\/09\/IMG_1586.webp"},"magazineBlocksPostAuthor":{"name":"maranhaotv","avatar":"https:\/\/secure.gravatar.com\/avatar\/8fadbca458d4cb68b1dd399ae9a40618d747bb1af65ac9fad21c89220a143eb4?s=96&d=mm&r=g"},"magazineBlocksPostCommentsNumber":"0","magazineBlocksPostExcerpt":"O presidente da C\u00e2mara dos Deputados, Hugo Motta (Republicanos-PB), rejeitou a indica\u00e7\u00e3o do PL para que Eduardo Bolsonaro (PL-SP) assumisse","magazineBlocksPostCategories":["not\u00edcias"],"magazineBlocksPostViewCount":174,"magazineBlocksPostReadTime":2,"magazine_blocks_featured_image_url":{"full":["https:\/\/maranhaotv.com.br\/wp-content\/uploads\/2025\/09\/IMG_1586.webp",382,215,false],"medium":["https:\/\/maranhaotv.com.br\/wp-content\/uploads\/2025\/09\/IMG_1586-300x169.webp",300,169,true],"thumbnail":["https:\/\/maranhaotv.com.br\/wp-content\/uploads\/2025\/09\/IMG_1586-150x150.webp",150,150,true]},"magazine_blocks_author":{"display_name":"maranhaotv","author_link":"https:\/\/maranhaotv.com.br\/index.php\/author\/maranhaotv\/"},"magazine_blocks_comment":0,"magazine_blocks_author_image":"https:\/\/secure.gravatar.com\/avatar\/8fadbca458d4cb68b1dd399ae9a40618d747bb1af65ac9fad21c89220a143eb4?s=96&d=mm&r=g","magazine_blocks_category":"<a href=\"#\" class=\"category-link category-link-2\">not\u00edcias<\/a>","jetpack_featured_media_url":"https:\/\/maranhaotv.com.br\/wp-content\/uploads\/2025\/09\/IMG_1586.webp","jetpack_sharing_enabled":true,"_links":{"self":[{"href":"https:\/\/maranhaotv.com.br\/index.php\/wp-json\/wp\/v2\/posts\/44215","targetHints":{"allow":["GET"]}}],"collection":[{"href":"https:\/\/maranhaotv.com.br\/index.php\/wp-json\/wp\/v2\/posts"}],"about":[{"href":"https:\/\/maranhaotv.com.br\/index.php\/wp-json\/wp\/v2\/types\/post"}],"author":[{"embeddable":true,"href":"https:\/\/maranhaotv.com.br\/index.php\/wp-json\/wp\/v2\/users\/2"}],"replies":[{"embeddable":true,"href":"https:\/\/maranhaotv.com.br\/index.php\/wp-json\/wp\/v2\/comments?post=44215"}],"version-history":[{"count":1,"href":"https:\/\/maranhaotv.com.br\/index.php\/wp-json\/wp\/v2\/posts\/44215\/revisions"}],"predecessor-version":[{"id":44216,"href":"https:\/\/maranhaotv.com.br\/index.php\/wp-json\/wp\/v2\/posts\/44215\/revisions\/44216"}],"wp:featuredmedia":[{"embeddable":true,"href":"https:\/\/maranhaotv.com.br\/index.php\/wp-json\/wp\/v2\/media\/44214"}],"wp:attachment":[{"href":"https:\/\/maranhaotv.com.br\/index.php\/wp-json\/wp\/v2\/media?parent=44215"}],"wp:term":[{"taxonomy":"category","embeddable":true,"href":"https:\/\/maranhaotv.com.br\/index.php\/wp-json\/wp\/v2\/categories?post=44215"},{"taxonomy":"post_tag","embeddable":true,"href":"https:\/\/maranhaotv.com.br\/index.php\/wp-json\/wp\/v2\/tags?post=44215"}],"curies":[{"name":"wp","href":"https:\/\/api.w.org\/{rel}","templated":true}]}}