{"id":44222,"date":"2025-09-24T09:38:01","date_gmt":"2025-09-24T12:38:01","guid":{"rendered":"https:\/\/maranhaotv.com.br\/?p=44222"},"modified":"2025-09-24T09:38:06","modified_gmt":"2025-09-24T12:38:06","slug":"onu-divulga-foto-de-trump-assistindo-ao-discurso-de-lula","status":"publish","type":"post","link":"https:\/\/maranhaotv.com.br\/index.php\/2025\/09\/24\/onu-divulga-foto-de-trump-assistindo-ao-discurso-de-lula\/","title":{"rendered":"ONU divulga foto de Trump assistindo ao discurso de Lula"},"content":{"rendered":"\n<p><\/p>\n\n\n\n<p>A Organiza\u00e7\u00e3o das Na\u00e7\u00f5es Unidas (ONU) divulgou na ter\u00e7a-feira (23\/9) uma foto na qual o mandat\u00e1rio americano Donald Trump assiste ao discurso do presidente Luiz In\u00e1cio Lula da Silva (PT), na abertura da Assembleia Geral, em Nova York (Estados Unidos).<br><br>Na ocasi\u00e3o, Lula refor\u00e7ou a defesa da soberania do Brasil ao criticar \u201csan\u00e7\u00f5es arbitr\u00e1rias\u201d, em refer\u00eancia direta ao governo de Trump.<br><br>\u201cDiante dos olhos do mundo, o Brasil deu recado a todos os candidatos autocratas e \u00e0queles que os apoiam: nossa democracia e nossa soberania s\u00e3o inegoci\u00e1veis. Seguiremos como na\u00e7\u00e3o independente e como povo livre de qualquer tipo de tutela. Democracias s\u00f3lidas v\u00e3o al\u00e9m do ritual eleitoral\u201d, disse.<br><br>O chefe de Estado brasileiro criticou a ONU em sua manifesta\u00e7\u00e3o. Ele afirmou que a organiza\u00e7\u00e3o est\u00e1 em xeque:<br><br>\u201cAssistimos \u00e0 consolida\u00e7\u00e3o de uma desordem internacional marcada por seguidas concess\u00f5es \u00e0 pol\u00edtica do poder. Atentados \u00e0 soberania, san\u00e7\u00f5es arbitr\u00e1rias e interven\u00e7\u00f5es unilaterais est\u00e3o se tornando a regra. Existe um evidente paralelo entre a crise do multilateralismo e o enfraquecimento da democracia.\u201d<\/p>\n","protected":false},"excerpt":{"rendered":"<p>A Organiza\u00e7\u00e3o das Na\u00e7\u00f5es Unidas (ONU) divulgou na ter\u00e7a-feira (23\/9) uma foto na qual o mandat\u00e1rio americano Donald Trump assiste<\/p>\n","protected":false},"author":2,"featured_media":44221,"comment_status":"open","ping_status":"open","sticky":false,"template":"","format":"standard","meta":{"colormag_page_container_layout":"default_layout","colormag_page_sidebar_layout":"default_layout","_jetpack_memberships_contains_paid_content":false,"footnotes":""},"categories":[210],"tags":[],"class_list":["post-44222","post","type-post","status-publish","format-standard","has-post-thumbnail","hentry","category-internacional"],"magazineBlocksPostFeaturedMedia":{"thumbnail":"https:\/\/maranhaotv.com.br\/wp-content\/uploads\/2025\/09\/image_editor_output_image-1558410515-1758717435080-150x150.jpg","medium":"https:\/\/maranhaotv.com.br\/wp-content\/uploads\/2025\/09\/image_editor_output_image-1558410515-1758717435080-300x199.jpg","medium_large":"https:\/\/maranhaotv.com.br\/wp-content\/uploads\/2025\/09\/image_editor_output_image-1558410515-1758717435080-768x509.jpg","large":"https:\/\/maranhaotv.com.br\/wp-content\/uploads\/2025\/09\/image_editor_output_image-1558410515-1758717435080-1024x679.jpg","1536x1536":"https:\/\/maranhaotv.com.br\/wp-content\/uploads\/2025\/09\/image_editor_output_image-1558410515-1758717435080.jpg","2048x2048":"https:\/\/maranhaotv.com.br\/wp-content\/uploads\/2025\/09\/image_editor_output_image-1558410515-1758717435080.jpg","colormag-highlighted-post":"https:\/\/maranhaotv.com.br\/wp-content\/uploads\/2025\/09\/image_editor_output_image-1558410515-1758717435080-392x272.jpg","colormag-featured-post-medium":"https:\/\/maranhaotv.com.br\/wp-content\/uploads\/2025\/09\/image_editor_output_image-1558410515-1758717435080-390x205.jpg","colormag-featured-post-small":"https:\/\/maranhaotv.com.br\/wp-content\/uploads\/2025\/09\/image_editor_output_image-1558410515-1758717435080-130x90.jpg","colormag-featured-image":"https:\/\/maranhaotv.com.br\/wp-content\/uploads\/2025\/09\/image_editor_output_image-1558410515-1758717435080-800x445.jpg","colormag-default-news":"https:\/\/maranhaotv.com.br\/wp-content\/uploads\/2025\/09\/image_editor_output_image-1558410515-1758717435080-150x150.jpg","colormag-featured-image-large":"https:\/\/maranhaotv.com.br\/wp-content\/uploads\/2025\/09\/image_editor_output_image-1558410515-1758717435080-1080x600.jpg"},"magazineBlocksPostAuthor":{"name":"maranhaotv","avatar":"https:\/\/secure.gravatar.com\/avatar\/8fadbca458d4cb68b1dd399ae9a40618d747bb1af65ac9fad21c89220a143eb4?s=96&d=mm&r=g"},"magazineBlocksPostCommentsNumber":"0","magazineBlocksPostExcerpt":"A Organiza\u00e7\u00e3o das Na\u00e7\u00f5es Unidas (ONU) divulgou na ter\u00e7a-feira (23\/9) uma foto na qual o mandat\u00e1rio americano Donald Trump assiste","magazineBlocksPostCategories":["internacional"],"magazineBlocksPostViewCount":170,"magazineBlocksPostReadTime":1,"magazine_blocks_featured_image_url":{"full":["https:\/\/maranhaotv.com.br\/wp-content\/uploads\/2025\/09\/image_editor_output_image-1558410515-1758717435080.jpg",1080,716,false],"medium":["https:\/\/maranhaotv.com.br\/wp-content\/uploads\/2025\/09\/image_editor_output_image-1558410515-1758717435080-300x199.jpg",300,199,true],"thumbnail":["https:\/\/maranhaotv.com.br\/wp-content\/uploads\/2025\/09\/image_editor_output_image-1558410515-1758717435080-150x150.jpg",150,150,true]},"magazine_blocks_author":{"display_name":"maranhaotv","author_link":"https:\/\/maranhaotv.com.br\/index.php\/author\/maranhaotv\/"},"magazine_blocks_comment":0,"magazine_blocks_author_image":"https:\/\/secure.gravatar.com\/avatar\/8fadbca458d4cb68b1dd399ae9a40618d747bb1af65ac9fad21c89220a143eb4?s=96&d=mm&r=g","magazine_blocks_category":"<a href=\"#\" class=\"category-link category-link-210\">internacional<\/a>","jetpack_featured_media_url":"https:\/\/maranhaotv.com.br\/wp-content\/uploads\/2025\/09\/image_editor_output_image-1558410515-1758717435080.jpg","jetpack_sharing_enabled":true,"_links":{"self":[{"href":"https:\/\/maranhaotv.com.br\/index.php\/wp-json\/wp\/v2\/posts\/44222","targetHints":{"allow":["GET"]}}],"collection":[{"href":"https:\/\/maranhaotv.com.br\/index.php\/wp-json\/wp\/v2\/posts"}],"about":[{"href":"https:\/\/maranhaotv.com.br\/index.php\/wp-json\/wp\/v2\/types\/post"}],"author":[{"embeddable":true,"href":"https:\/\/maranhaotv.com.br\/index.php\/wp-json\/wp\/v2\/users\/2"}],"replies":[{"embeddable":true,"href":"https:\/\/maranhaotv.com.br\/index.php\/wp-json\/wp\/v2\/comments?post=44222"}],"version-history":[{"count":1,"href":"https:\/\/maranhaotv.com.br\/index.php\/wp-json\/wp\/v2\/posts\/44222\/revisions"}],"predecessor-version":[{"id":44223,"href":"https:\/\/maranhaotv.com.br\/index.php\/wp-json\/wp\/v2\/posts\/44222\/revisions\/44223"}],"wp:featuredmedia":[{"embeddable":true,"href":"https:\/\/maranhaotv.com.br\/index.php\/wp-json\/wp\/v2\/media\/44221"}],"wp:attachment":[{"href":"https:\/\/maranhaotv.com.br\/index.php\/wp-json\/wp\/v2\/media?parent=44222"}],"wp:term":[{"taxonomy":"category","embeddable":true,"href":"https:\/\/maranhaotv.com.br\/index.php\/wp-json\/wp\/v2\/categories?post=44222"},{"taxonomy":"post_tag","embeddable":true,"href":"https:\/\/maranhaotv.com.br\/index.php\/wp-json\/wp\/v2\/tags?post=44222"}],"curies":[{"name":"wp","href":"https:\/\/api.w.org\/{rel}","templated":true}]}}